{"id":122183,"date":"2024-11-17T08:51:18","date_gmt":"2024-11-17T13:51:18","guid":{"rendered":"https:\/\/interamerica.org\/?p=122183"},"modified":"2024-11-18T09:49:04","modified_gmt":"2024-11-18T14:49:04","slug":"medico-adventista-de-jamaica-recibe-premio-nacional-por-vida-de-servicio","status":"publish","type":"post","link":"https:\/\/interamerica.org\/es\/2024\/11\/medico-adventista-de-jamaica-recibe-premio-nacional-por-vida-de-servicio\/","title":{"rendered":"M\u00e9dico adventista de Jamaica recibe premio nacional por vida de servicio"},"content":{"rendered":"<p><em>Directivo m\u00e9dico ya jubilado en el Hospital Andrews Memorial es reconocido durante el D\u00eda Nacional de los H\u00e9roes.<\/em><\/p>\n<p>17 de noviembre de 2024 | Kingston, Jamaica | Dyhann Buddoo-Fletcher y Noticias de la DIA<\/p>\n<p>El doctor Jerome Stern, un directivo m\u00e9dico ya jubilado del Hospital Andrews Memorial, recibi\u00f3 la Distinci\u00f3n de Honor por su Largo y Fiel Servicio, durante una ceremonia de investidura y presentaci\u00f3n de condecoraciones y premios nacionales en el Complejo Deportivo Nacional Bajo Techo en el D\u00eda de los H\u00e9roes, el pasado 21 de octubre de 2024.<\/p>\n<p>El Gobernador General de Jamaica, Su Excelencia Sir Patrick Allen, present\u00f3 la condecoraci\u00f3n al doctor Stern, quien prest\u00f3 servicios al pa\u00eds durante 46 a\u00f1os tanto en la atenci\u00f3n p\u00fablica como privada de la salud. Stern fue uno de 232 jamaiquinos reconocidos oficialmente por sus contribuciones a la edificaci\u00f3n de la naci\u00f3n.<\/p>\n<p><div id=\"attachment_122161\" style=\"width: 851px\" class=\"wp-caption aligncenter\"><img fetchpriority=\"high\" decoding=\"async\" aria-describedby=\"caption-attachment-122161\" class=\" wp-image-122159\" src=\"https:\/\/interamerica.org\/wp-content\/uploads\/2024\/11\/amh-heroesday-dr-jerome-stern.jpg\" alt=\"\" width=\"841\" height=\"561\" srcset=\"https:\/\/interamerica.org\/wp-content\/uploads\/2024\/11\/amh-heroesday-dr-jerome-stern.jpg 1000w, https:\/\/interamerica.org\/wp-content\/uploads\/2024\/11\/amh-heroesday-dr-jerome-stern-300x200.jpg 300w, https:\/\/interamerica.org\/wp-content\/uploads\/2024\/11\/amh-heroesday-dr-jerome-stern-768x512.jpg 768w\" sizes=\"(max-width: 841px) 100vw, 841px\" \/><p id=\"caption-attachment-122161\" class=\"wp-caption-text\">El Gobernador General Sir Patrick Allen entrega al doctor Jerome Stern la Distinci\u00f3n de Honor por su Largo y Fiel Servicio, durante la Ceremonia Nacional de Condecoraciones y Premios, llevada a cabo en el Complejo Deportivo Nacional Bajo Techo en el D\u00eda de los H\u00e9roes el pasado 21 de octubre de 2024. [Fotograf\u00eda: Leonard Thomas]<\/p><\/div>\u201cEste premio es m\u00e1s de lo que esperaba, dado que me veo a m\u00ed mismo trabajando bajo la conducci\u00f3n del Gran M\u00e9dico, y honr\u00e1ndolo a \u00e9l\u201d, dijo el doctor Stern. \u201cDoy lo mejor de m\u00ed. Por ello, doy a Dios la gloria por todo lo que \u00e9l ha hecho\u201d. Tambi\u00e9n agradeci\u00f3 al Gobierno de Jamaica por el reconocimiento, junto con el Hospital Andrews Memorial, su iglesia y su familia por su apoyo inquebrantable y sus oraciones.<\/p>\n<p>El doctor Stern, quien actualmente se dedica a la pr\u00e1ctica privada en la Secretar\u00eda M\u00e9dica del Hospital Andrews Memorial, reflexion\u00f3 sobre su experiencia.<\/p>\n<p>Su experiencia educacional comenz\u00f3 en la Escuela Preparatoria St. Margaret, y continu\u00f3 en una escuela preparatoria adventista en Claremont, St. Ann. En 1962, aprob\u00f3 el Examen de Ingreso a la Escuela Secundaria Fern Court, donde complet\u00f3 cinco a\u00f1os, aprobando los ex\u00e1menes de Nivel Com\u00fan. Despu\u00e9s de regresar a Kingston, complet\u00f3 con \u00e9xito sus ex\u00e1menes de Nivel Avanzado (Niveles A) en la Escuela Secundaria Wolmer para Varones. Alcanz\u00f3 un hito significativo cuando complet\u00f3 su carrera de premedicina y asignaturas m\u00e9dicas en la Universidad de las Indias Occidentales en 1972.<\/p>\n<p><strong>El comienzo de su carrera m\u00e9dica<\/strong><\/p>\n<p>El doctor Stern complet\u00f3 su pasant\u00eda en el Hospital P\u00fablico de Kingston y el Hospital Bustamante para Ni\u00f1os de Jamaica, a lo que le sigui\u00f3 una residencia en el Hospital de St. Ann\u2019s Bay en St. Ann.<\/p>\n<p>\u201cRecuerdo que no hab\u00eda suficientes m\u00e9dicos, por lo que prest\u00e9 servicios como asistente del Jefe M\u00e9dico, el doctor Warren Wilson, un cirujano renombrado\u201d, dijo Stern. \u201c\u00c9ramos los \u00fanicos dos m\u00e9dicos del personal que atend\u00edamos a todos los pacientes del hospital que por entonces ten\u00eda 40 camas, haciendo cirug\u00edas, curando heridas, atendiendo en la maternidad, a los pacientes ambulatorio y en emergencias\u201d.<\/p>\n<p>Una noche, recibi\u00f3 un llamado de emergencia porque el conductor de la ambulancia estaba borracho y no pod\u00eda llevar a la v\u00edctima de un accidente de autom\u00f3vil. Stern condujo la ambulancia, carg\u00f3 al paciente herido de gravedad, y llev\u00f3 a cabo la cirug\u00eda que le salv\u00f3 la vida.<\/p>\n<p><strong>El sue\u00f1o de ser m\u00e9dico misionero hecho realidad<\/strong><\/p>\n<p>Entre 1975 y 1977, el doctor Stern fue transferido al Hospital Ulster Spring, que ahora es una cl\u00ednica de salud en la rural Trelawny. Fue el principal m\u00e9dico y el \u00fanico para atender la instituci\u00f3n de treinta camas.<\/p>\n<p><div id=\"attachment_122155\" style=\"width: 858px\" class=\"wp-caption aligncenter\"><img decoding=\"async\" aria-describedby=\"caption-attachment-122155\" class=\" wp-image-122153\" src=\"https:\/\/interamerica.org\/wp-content\/uploads\/2024\/11\/amh-stern-family.jpg\" alt=\"\" width=\"848\" height=\"557\" srcset=\"https:\/\/interamerica.org\/wp-content\/uploads\/2024\/11\/amh-stern-family.jpg 1000w, https:\/\/interamerica.org\/wp-content\/uploads\/2024\/11\/amh-stern-family-300x197.jpg 300w, https:\/\/interamerica.org\/wp-content\/uploads\/2024\/11\/amh-stern-family-768x505.jpg 768w\" sizes=\"(max-width: 848px) 100vw, 848px\" \/><p id=\"caption-attachment-122155\" class=\"wp-caption-text\">El Condecorado Nacional doctor Jerome Stern aparece flanqueado por los l\u00edderes de la iglesia, su familia y amigos que llegaron para apoyar su premio en el Complejo Deportivo Nacional Bajo Techo, en el D\u00eda de los H\u00e9roes, el 21 de octubre de 2024. [Fotograf\u00eda: Leonard Thomas].<\/p><\/div>Stern cont\u00f3: \u201cVe\u00eda a sesenta pacientes por d\u00eda, y hac\u00eda visitas y cirug\u00eda, lo que inclu\u00eda ser anestesista, debido a la atenci\u00f3n urgente que se necesitaba y a lo remoto del hospital\u201d. El hospital m\u00e1s cercano era el Hospital Falmouth, a 40 kil\u00f3metros de distancia.<\/p>\n<p>A pesar de su exigente cronograma, el doctor Stern a\u00fan hall\u00f3 tiempo para compartir mensajes de esperanza y consuelo con sus pacientes y los miembros de la comunidad. Su sue\u00f1o como m\u00e9dico misionero sigui\u00f3 muy cerca de su coraz\u00f3n.<\/p>\n<p>\u201cComenc\u00e9 una Escuela Sab\u00e1tica filial en el departamento de pacientes ambulatorios del Hospital Ulster Spring. Conduc\u00eda estudios b\u00edblicos los domingos por la noche, y esto creci\u00f3 hasta alcanzar otros cinco lugares, uno de los cuales se llev\u00f3 a cabo en Balmyard, donde se practican rituales espirituales afrocaribe\u00f1os. Como resultado de las clases b\u00edblicas, se inici\u00f3 la iglesia adventista Alps en Trelawny\u201d.<\/p>\n<p>Despu\u00e9s de pasar casi cincuenta a\u00f1os como m\u00e9dico, Stern record\u00f3 llevar a cabo cirug\u00edas a cientos de pacientes sin perder siquiera uno. Record\u00f3 una ocasi\u00f3n all\u00ed en el Hospital Ulster Spring: \u201cMientras estaba en cirug\u00eda, surgieron complicaciones con un paciente, y no pod\u00eda detener la hemorragia. De manera intuitiva, coloqu\u00e9 la mano sobre la zona afectada y or\u00e9. La hemorragia se detuvo inmediatamente\u201d.<\/p>\n<p><strong>Centro de tratamiento para el c\u00e1ncer<\/strong><\/p>\n<p>Marco Brown, exministro de turismo de Jamaica, fue fundamental para la apertura del Centro M\u00e9dico Fairfield, que atrajo pacientes de los Estados Unidos y partes de Europa. Despu\u00e9s de cinco a\u00f1os de servicio dedicado, la s\u00f3lida \u00e9tica laboral de Stern y la atenci\u00f3n fina a los detalles le ganaron una beca para el Hospital Janker Klinik de Alemania, donde sigui\u00f3 una capacitaci\u00f3n de un a\u00f1o en tratamientos oncol\u00f3gicos utilizando megadosis vitam\u00ednicas, enzimas y otros remedios naturales para tratar a los pacientes con \u00e9xito.<\/p>\n<p>Stern se convirti\u00f3 en m\u00e9dico residente del Centro M\u00e9dico Fairfield de Montego Bay, donde durante tres a\u00f1os trat\u00f3 a pacientes oncol\u00f3gicos y a los que sufr\u00edan enfermedades degenerativas. Despu\u00e9s de que la inestabilidad pol\u00edtica llev\u00f3 al cierre del Centro M\u00e9dico Fairfield, Stern fue incorporado al Hospital Andrews Memorial en 1983 para ayudar a satisfacer la necesidad creciente de profesionales m\u00e9dicos. En cierto punto, lleg\u00f3 a ser el \u00fanico m\u00e9dico de la instituci\u00f3n. Fue promovido a Jefe M\u00e9dico en 1990, y jug\u00f3 un papel fundamental en el crecimiento y el desarrollo del hospital. Stern tambi\u00e9n fue designado Secretario Honorario de la Asociaci\u00f3n de M\u00e9dicos Cl\u00ednicos de Jamaica.<\/p>\n<p><div id=\"attachment_122152\" style=\"width: 860px\" class=\"wp-caption aligncenter\"><img decoding=\"async\" aria-describedby=\"caption-attachment-122152\" class=\"size-full wp-image-122150\" src=\"https:\/\/interamerica.org\/wp-content\/uploads\/2024\/11\/ahm-cmo-congratulates-dr-stern.jpg\" alt=\"\" width=\"850\" height=\"567\" srcset=\"https:\/\/interamerica.org\/wp-content\/uploads\/2024\/11\/ahm-cmo-congratulates-dr-stern.jpg 850w, https:\/\/interamerica.org\/wp-content\/uploads\/2024\/11\/ahm-cmo-congratulates-dr-stern-300x200.jpg 300w, https:\/\/interamerica.org\/wp-content\/uploads\/2024\/11\/ahm-cmo-congratulates-dr-stern-768x512.jpg 768w\" sizes=\"(max-width: 850px) 100vw, 850px\" \/><p id=\"caption-attachment-122152\" class=\"wp-caption-text\">El doctor Jerome Stern (izquierda) recibe felicitaciones por su servicio dedicado a Jamaica, de parte de la doctora Francene Gayle (derecha), jefa m\u00e9dica del Hospital Andrews Memorial, durante el D\u00eda Nacional de Premios y Distinciones. [Fotograf\u00eda: Leonard Thomas].<\/p><\/div><strong>Impacto nacional<\/strong><\/p>\n<p>La pasi\u00f3n del doctor Stern por promover la salud \u00f3ptima lo llev\u00f3 a dirigir seminarios para dejar de fumar, incluido el \u201cPlan de cinco d\u00edas para dejar de fumar\u201d (Respire libremente) y el \u201cPrograma para dejar de fumar nuevo comienzo\u201d. Su obra en la educaci\u00f3n para la salud tambi\u00e9n incluy\u00f3 programas de radio y televisi\u00f3n, lo que lo llev\u00f3 al lanzamiento del Control de Salud en la televisi\u00f3n de Jamaica. Durante siete a\u00f1os, el doctor Stern fue testigo de c\u00f3mo individuos lograron liberarse de la adicci\u00f3n al tabaco, lo que mejor\u00f3 su calidad de vida.<\/p>\n<p>\u201cDoctor Stern, usted realmente se merece este reconocimiento y premio nacional de parte del gobierno y el pueblo de Jamaica\u201d, dijo el pastor Everett Brown, presidente de la Junta del Hospital Andrews Memorial. \u201cSu compromiso y dedicaci\u00f3n al Hospital Andrews Memorial, la comunidad m\u00e9dica local, y el sector de salud de Jamaica son ejemplares\u201d.<\/p>\n<p>Brown pas\u00f3 a agradecer a Stern por su servicio extenso y distinguido, a\u00f1adiendo que \u201cno tiene igual\u201d. Sigui\u00f3 diciendo: \u201cEl reconocimiento de parte del gobierno es un testamento de su humildad, altruismo a la hora de servir a los dem\u00e1s, y sus d\u00e9cadas de inquebrantable servicio cristiano\u201d.<\/p>\n<p>Donmayne Gyles, director del Hospital Andrews Memorial, expres\u00f3 la satisfacci\u00f3n del hospital con el doctor Stern. \u201cLa familia del Hospital Andrews Memorial est\u00e1 orgullosa de usted, doctor Stern. Usted realmente se merece este honor. Vemos en usted un m\u00e9dico fiel, comprometido y astuto que ejemplifica la humildad a la hora de extender el ministerio sanador de Cristo\u201d.<\/p>\n<p>Gyles sigui\u00f3 diciendo: \u201c<br \/>\n\u201cYou have served your church, the hospital, and the country with distinction. We wish you and your family abundant blessings.\u201d<\/p>\n<p>La esposa del doctor Stern, B\u00e1rbara, sus hijas Brittany y Jamie, y Paul McNeil, novio de Jamie, y sus dos hermanas Elsa Stern Kong y Marigold Naar, estuvieron all\u00ed presentes para apoyarlo.<\/p>\n<p>\u00abJerome me llena de admiraci\u00f3n y satisfacci\u00f3n\u201d, cont\u00f3 B\u00e1rbara. \u201cSu bondad, amor y firme disposici\u00f3n, combinados con su destacado intelecto, lo han llevado por muchos caminos milagrosos y de aventuras. Es un honor estar junto a \u00e9l mientras logra tantas cosas\u201d.<\/p>\n<p>Traducci\u00f3n de Marcos Paseggi<\/p>\n","protected":false},"excerpt":{"rendered":"<p>Directivo m\u00e9dico ya jubilado en el Hospital Andrews Memorial es reconocido durante el D\u00eda Nacional de los H\u00e9roes. 17 de noviembre de 2024 | Kingston, Jamaica | Dyhann Buddoo-Fletcher y&#8230;<\/p>\n","protected":false},"author":3,"featured_media":122161,"comment_status":"closed","ping_status":"closed","sticky":false,"template":"","format":"standard","meta":{"_acf_changed":false,"footnotes":""},"categories":[14,15],"tags":[],"class_list":["post-122183","post","type-post","status-publish","format-standard","has-post-thumbnail","hentry","category-de-la-iglesia-mundial","category-rss-espanol"],"acf":[],"yoast_head":"<!-- This site is optimized with the Yoast SEO plugin v27.3 - https:\/\/yoast.com\/product\/yoast-seo-wordpress\/ -->\n<title>M\u00e9dico adventista de Jamaica recibe premio nacional por vida de servicio - Iglesia Adventista del S\u00e9ptimo D\u00eda - Divisi\u00f3n Interamericana<\/title>\n<meta name=\"robots\" content=\"index, follow, max-snippet:-1, max-image-preview:large, max-video-preview:-1\" \/>\n<link rel=\"canonical\" href=\"https:\/\/interamerica.org\/es\/2024\/11\/medico-adventista-de-jamaica-recibe-premio-nacional-por-vida-de-servicio\/\" \/>\n<meta property=\"og:locale\" content=\"es_ES\" \/>\n<meta property=\"og:type\" content=\"article\" \/>\n<meta property=\"og:title\" content=\"M\u00e9dico adventista de Jamaica recibe premio nacional por vida de servicio - Iglesia Adventista del S\u00e9ptimo D\u00eda - Divisi\u00f3n Interamericana\" \/>\n<meta property=\"og:description\" content=\"Directivo m\u00e9dico ya jubilado en el Hospital Andrews Memorial es reconocido durante el D\u00eda Nacional de los H\u00e9roes. 17 de noviembre de 2024 | Kingston, Jamaica | Dyhann Buddoo-Fletcher y...\" \/>\n<meta property=\"og:url\" content=\"https:\/\/interamerica.org\/es\/2024\/11\/medico-adventista-de-jamaica-recibe-premio-nacional-por-vida-de-servicio\/\" \/>\n<meta property=\"og:site_name\" content=\"Iglesia Adventista del S\u00e9ptimo D\u00eda - Divisi\u00f3n Interamericana\" \/>\n<meta property=\"article:published_time\" content=\"2024-11-17T13:51:18+00:00\" \/>\n<meta property=\"article:modified_time\" content=\"2024-11-18T14:49:04+00:00\" \/>\n<meta property=\"og:image\" content=\"https:\/\/interamerica.org\/wp-content\/uploads\/2024\/11\/amh-heroesday-dr-jerome-stern.jpg\" \/>\n\t<meta property=\"og:image:width\" content=\"1000\" \/>\n\t<meta property=\"og:image:height\" content=\"667\" \/>\n\t<meta property=\"og:image:type\" content=\"image\/jpeg\" \/>\n<meta name=\"author\" content=\"libna\" \/>\n<meta name=\"twitter:card\" content=\"summary_large_image\" \/>\n<meta name=\"twitter:label1\" content=\"Escrito por\" \/>\n\t<meta name=\"twitter:data1\" content=\"libna\" \/>\n\t<meta name=\"twitter:label2\" content=\"Tiempo de lectura\" \/>\n\t<meta name=\"twitter:data2\" content=\"8 minutos\" \/>\n<script type=\"application\/ld+json\" class=\"yoast-schema-graph\">{\"@context\":\"https:\\\/\\\/schema.org\",\"@graph\":[{\"@type\":\"Article\",\"@id\":\"https:\\\/\\\/interamerica.org\\\/es\\\/2024\\\/11\\\/medico-adventista-de-jamaica-recibe-premio-nacional-por-vida-de-servicio\\\/#article\",\"isPartOf\":{\"@id\":\"https:\\\/\\\/interamerica.org\\\/es\\\/2024\\\/11\\\/medico-adventista-de-jamaica-recibe-premio-nacional-por-vida-de-servicio\\\/\"},\"author\":{\"name\":\"libna\",\"@id\":\"https:\\\/\\\/interamerica.org\\\/es\\\/#\\\/schema\\\/person\\\/29998f2bc2d8bd0d38662909289b54f1\"},\"headline\":\"M\u00e9dico adventista de Jamaica recibe premio nacional por vida de servicio\",\"datePublished\":\"2024-11-17T13:51:18+00:00\",\"dateModified\":\"2024-11-18T14:49:04+00:00\",\"mainEntityOfPage\":{\"@id\":\"https:\\\/\\\/interamerica.org\\\/es\\\/2024\\\/11\\\/medico-adventista-de-jamaica-recibe-premio-nacional-por-vida-de-servicio\\\/\"},\"wordCount\":1569,\"image\":{\"@id\":\"https:\\\/\\\/interamerica.org\\\/es\\\/2024\\\/11\\\/medico-adventista-de-jamaica-recibe-premio-nacional-por-vida-de-servicio\\\/#primaryimage\"},\"thumbnailUrl\":\"https:\\\/\\\/interamerica.org\\\/wp-content\\\/uploads\\\/2024\\\/11\\\/amh-heroesday-dr-jerome-stern.jpg\",\"articleSection\":[\"Desde la iglesia mundial\",\"RSS Espa\u00f1ol\"],\"inLanguage\":\"es\"},{\"@type\":\"WebPage\",\"@id\":\"https:\\\/\\\/interamerica.org\\\/es\\\/2024\\\/11\\\/medico-adventista-de-jamaica-recibe-premio-nacional-por-vida-de-servicio\\\/\",\"url\":\"https:\\\/\\\/interamerica.org\\\/es\\\/2024\\\/11\\\/medico-adventista-de-jamaica-recibe-premio-nacional-por-vida-de-servicio\\\/\",\"name\":\"M\u00e9dico adventista de Jamaica recibe premio nacional por vida de servicio - Iglesia Adventista del S\u00e9ptimo D\u00eda - Divisi\u00f3n Interamericana\",\"isPartOf\":{\"@id\":\"https:\\\/\\\/interamerica.org\\\/es\\\/#website\"},\"primaryImageOfPage\":{\"@id\":\"https:\\\/\\\/interamerica.org\\\/es\\\/2024\\\/11\\\/medico-adventista-de-jamaica-recibe-premio-nacional-por-vida-de-servicio\\\/#primaryimage\"},\"image\":{\"@id\":\"https:\\\/\\\/interamerica.org\\\/es\\\/2024\\\/11\\\/medico-adventista-de-jamaica-recibe-premio-nacional-por-vida-de-servicio\\\/#primaryimage\"},\"thumbnailUrl\":\"https:\\\/\\\/interamerica.org\\\/wp-content\\\/uploads\\\/2024\\\/11\\\/amh-heroesday-dr-jerome-stern.jpg\",\"datePublished\":\"2024-11-17T13:51:18+00:00\",\"dateModified\":\"2024-11-18T14:49:04+00:00\",\"author\":{\"@id\":\"https:\\\/\\\/interamerica.org\\\/es\\\/#\\\/schema\\\/person\\\/29998f2bc2d8bd0d38662909289b54f1\"},\"breadcrumb\":{\"@id\":\"https:\\\/\\\/interamerica.org\\\/es\\\/2024\\\/11\\\/medico-adventista-de-jamaica-recibe-premio-nacional-por-vida-de-servicio\\\/#breadcrumb\"},\"inLanguage\":\"es\",\"potentialAction\":[{\"@type\":\"ReadAction\",\"target\":[\"https:\\\/\\\/interamerica.org\\\/es\\\/2024\\\/11\\\/medico-adventista-de-jamaica-recibe-premio-nacional-por-vida-de-servicio\\\/\"]}]},{\"@type\":\"ImageObject\",\"inLanguage\":\"es\",\"@id\":\"https:\\\/\\\/interamerica.org\\\/es\\\/2024\\\/11\\\/medico-adventista-de-jamaica-recibe-premio-nacional-por-vida-de-servicio\\\/#primaryimage\",\"url\":\"https:\\\/\\\/interamerica.org\\\/wp-content\\\/uploads\\\/2024\\\/11\\\/amh-heroesday-dr-jerome-stern.jpg\",\"contentUrl\":\"https:\\\/\\\/interamerica.org\\\/wp-content\\\/uploads\\\/2024\\\/11\\\/amh-heroesday-dr-jerome-stern.jpg\",\"width\":1000,\"height\":667,\"caption\":\"Governor-General Sir Patrick Allen confers Dr. Jerome Stern with the Badge of Honor for Long and Faithful Service during the National Honors and Awards Ceremony held at the National Indoor Sports Complex on Heroes' Day, October 21 [Photo: Leonard Thomas]\"},{\"@type\":\"BreadcrumbList\",\"@id\":\"https:\\\/\\\/interamerica.org\\\/es\\\/2024\\\/11\\\/medico-adventista-de-jamaica-recibe-premio-nacional-por-vida-de-servicio\\\/#breadcrumb\",\"itemListElement\":[{\"@type\":\"ListItem\",\"position\":1,\"name\":\"Home\",\"item\":\"https:\\\/\\\/interamerica.org\\\/es\\\/\"},{\"@type\":\"ListItem\",\"position\":2,\"name\":\"M\u00e9dico adventista de Jamaica recibe premio nacional por vida de servicio\"}]},{\"@type\":\"WebSite\",\"@id\":\"https:\\\/\\\/interamerica.org\\\/es\\\/#website\",\"url\":\"https:\\\/\\\/interamerica.org\\\/es\\\/\",\"name\":\"Iglesia Adventista del S\u00e9ptimo D\u00eda - Divisi\u00f3n Interamericana\",\"description\":\"\",\"potentialAction\":[{\"@type\":\"SearchAction\",\"target\":{\"@type\":\"EntryPoint\",\"urlTemplate\":\"https:\\\/\\\/interamerica.org\\\/es\\\/?s={search_term_string}\"},\"query-input\":{\"@type\":\"PropertyValueSpecification\",\"valueRequired\":true,\"valueName\":\"search_term_string\"}}],\"inLanguage\":\"es\"},{\"@type\":\"Person\",\"@id\":\"https:\\\/\\\/interamerica.org\\\/es\\\/#\\\/schema\\\/person\\\/29998f2bc2d8bd0d38662909289b54f1\",\"name\":\"libna\",\"image\":{\"@type\":\"ImageObject\",\"inLanguage\":\"es\",\"@id\":\"https:\\\/\\\/secure.gravatar.com\\\/avatar\\\/7c5bd30ae4b47a9ba3c856590957fd1d96dc588bf3ac05719d247e126840331f?s=96&d=mm&r=g\",\"url\":\"https:\\\/\\\/secure.gravatar.com\\\/avatar\\\/7c5bd30ae4b47a9ba3c856590957fd1d96dc588bf3ac05719d247e126840331f?s=96&d=mm&r=g\",\"contentUrl\":\"https:\\\/\\\/secure.gravatar.com\\\/avatar\\\/7c5bd30ae4b47a9ba3c856590957fd1d96dc588bf3ac05719d247e126840331f?s=96&d=mm&r=g\",\"caption\":\"libna\"}}]}<\/script>\n<!-- \/ Yoast SEO plugin. -->","yoast_head_json":{"title":"M\u00e9dico adventista de Jamaica recibe premio nacional por vida de servicio - Iglesia Adventista del S\u00e9ptimo D\u00eda - Divisi\u00f3n Interamericana","robots":{"index":"index","follow":"follow","max-snippet":"max-snippet:-1","max-image-preview":"max-image-preview:large","max-video-preview":"max-video-preview:-1"},"canonical":"https:\/\/interamerica.org\/es\/2024\/11\/medico-adventista-de-jamaica-recibe-premio-nacional-por-vida-de-servicio\/","og_locale":"es_ES","og_type":"article","og_title":"M\u00e9dico adventista de Jamaica recibe premio nacional por vida de servicio - Iglesia Adventista del S\u00e9ptimo D\u00eda - Divisi\u00f3n Interamericana","og_description":"Directivo m\u00e9dico ya jubilado en el Hospital Andrews Memorial es reconocido durante el D\u00eda Nacional de los H\u00e9roes. 17 de noviembre de 2024 | Kingston, Jamaica | Dyhann Buddoo-Fletcher y...","og_url":"https:\/\/interamerica.org\/es\/2024\/11\/medico-adventista-de-jamaica-recibe-premio-nacional-por-vida-de-servicio\/","og_site_name":"Iglesia Adventista del S\u00e9ptimo D\u00eda - Divisi\u00f3n Interamericana","article_published_time":"2024-11-17T13:51:18+00:00","article_modified_time":"2024-11-18T14:49:04+00:00","og_image":[{"width":1000,"height":667,"url":"https:\/\/interamerica.org\/wp-content\/uploads\/2024\/11\/amh-heroesday-dr-jerome-stern.jpg","type":"image\/jpeg"}],"author":"libna","twitter_card":"summary_large_image","twitter_misc":{"Escrito por":"libna","Tiempo de lectura":"8 minutos"},"schema":{"@context":"https:\/\/schema.org","@graph":[{"@type":"Article","@id":"https:\/\/interamerica.org\/es\/2024\/11\/medico-adventista-de-jamaica-recibe-premio-nacional-por-vida-de-servicio\/#article","isPartOf":{"@id":"https:\/\/interamerica.org\/es\/2024\/11\/medico-adventista-de-jamaica-recibe-premio-nacional-por-vida-de-servicio\/"},"author":{"name":"libna","@id":"https:\/\/interamerica.org\/es\/#\/schema\/person\/29998f2bc2d8bd0d38662909289b54f1"},"headline":"M\u00e9dico adventista de Jamaica recibe premio nacional por vida de servicio","datePublished":"2024-11-17T13:51:18+00:00","dateModified":"2024-11-18T14:49:04+00:00","mainEntityOfPage":{"@id":"https:\/\/interamerica.org\/es\/2024\/11\/medico-adventista-de-jamaica-recibe-premio-nacional-por-vida-de-servicio\/"},"wordCount":1569,"image":{"@id":"https:\/\/interamerica.org\/es\/2024\/11\/medico-adventista-de-jamaica-recibe-premio-nacional-por-vida-de-servicio\/#primaryimage"},"thumbnailUrl":"https:\/\/interamerica.org\/wp-content\/uploads\/2024\/11\/amh-heroesday-dr-jerome-stern.jpg","articleSection":["Desde la iglesia mundial","RSS Espa\u00f1ol"],"inLanguage":"es"},{"@type":"WebPage","@id":"https:\/\/interamerica.org\/es\/2024\/11\/medico-adventista-de-jamaica-recibe-premio-nacional-por-vida-de-servicio\/","url":"https:\/\/interamerica.org\/es\/2024\/11\/medico-adventista-de-jamaica-recibe-premio-nacional-por-vida-de-servicio\/","name":"M\u00e9dico adventista de Jamaica recibe premio nacional por vida de servicio - Iglesia Adventista del S\u00e9ptimo D\u00eda - Divisi\u00f3n Interamericana","isPartOf":{"@id":"https:\/\/interamerica.org\/es\/#website"},"primaryImageOfPage":{"@id":"https:\/\/interamerica.org\/es\/2024\/11\/medico-adventista-de-jamaica-recibe-premio-nacional-por-vida-de-servicio\/#primaryimage"},"image":{"@id":"https:\/\/interamerica.org\/es\/2024\/11\/medico-adventista-de-jamaica-recibe-premio-nacional-por-vida-de-servicio\/#primaryimage"},"thumbnailUrl":"https:\/\/interamerica.org\/wp-content\/uploads\/2024\/11\/amh-heroesday-dr-jerome-stern.jpg","datePublished":"2024-11-17T13:51:18+00:00","dateModified":"2024-11-18T14:49:04+00:00","author":{"@id":"https:\/\/interamerica.org\/es\/#\/schema\/person\/29998f2bc2d8bd0d38662909289b54f1"},"breadcrumb":{"@id":"https:\/\/interamerica.org\/es\/2024\/11\/medico-adventista-de-jamaica-recibe-premio-nacional-por-vida-de-servicio\/#breadcrumb"},"inLanguage":"es","potentialAction":[{"@type":"ReadAction","target":["https:\/\/interamerica.org\/es\/2024\/11\/medico-adventista-de-jamaica-recibe-premio-nacional-por-vida-de-servicio\/"]}]},{"@type":"ImageObject","inLanguage":"es","@id":"https:\/\/interamerica.org\/es\/2024\/11\/medico-adventista-de-jamaica-recibe-premio-nacional-por-vida-de-servicio\/#primaryimage","url":"https:\/\/interamerica.org\/wp-content\/uploads\/2024\/11\/amh-heroesday-dr-jerome-stern.jpg","contentUrl":"https:\/\/interamerica.org\/wp-content\/uploads\/2024\/11\/amh-heroesday-dr-jerome-stern.jpg","width":1000,"height":667,"caption":"Governor-General Sir Patrick Allen confers Dr. Jerome Stern with the Badge of Honor for Long and Faithful Service during the National Honors and Awards Ceremony held at the National Indoor Sports Complex on Heroes' Day, October 21 [Photo: Leonard Thomas]"},{"@type":"BreadcrumbList","@id":"https:\/\/interamerica.org\/es\/2024\/11\/medico-adventista-de-jamaica-recibe-premio-nacional-por-vida-de-servicio\/#breadcrumb","itemListElement":[{"@type":"ListItem","position":1,"name":"Home","item":"https:\/\/interamerica.org\/es\/"},{"@type":"ListItem","position":2,"name":"M\u00e9dico adventista de Jamaica recibe premio nacional por vida de servicio"}]},{"@type":"WebSite","@id":"https:\/\/interamerica.org\/es\/#website","url":"https:\/\/interamerica.org\/es\/","name":"Iglesia Adventista del S\u00e9ptimo D\u00eda - Divisi\u00f3n Interamericana","description":"","potentialAction":[{"@type":"SearchAction","target":{"@type":"EntryPoint","urlTemplate":"https:\/\/interamerica.org\/es\/?s={search_term_string}"},"query-input":{"@type":"PropertyValueSpecification","valueRequired":true,"valueName":"search_term_string"}}],"inLanguage":"es"},{"@type":"Person","@id":"https:\/\/interamerica.org\/es\/#\/schema\/person\/29998f2bc2d8bd0d38662909289b54f1","name":"libna","image":{"@type":"ImageObject","inLanguage":"es","@id":"https:\/\/secure.gravatar.com\/avatar\/7c5bd30ae4b47a9ba3c856590957fd1d96dc588bf3ac05719d247e126840331f?s=96&d=mm&r=g","url":"https:\/\/secure.gravatar.com\/avatar\/7c5bd30ae4b47a9ba3c856590957fd1d96dc588bf3ac05719d247e126840331f?s=96&d=mm&r=g","contentUrl":"https:\/\/secure.gravatar.com\/avatar\/7c5bd30ae4b47a9ba3c856590957fd1d96dc588bf3ac05719d247e126840331f?s=96&d=mm&r=g","caption":"libna"}}]}},"_links":{"self":[{"href":"https:\/\/interamerica.org\/es\/wp-json\/wp\/v2\/posts\/122183","targetHints":{"allow":["GET"]}}],"collection":[{"href":"https:\/\/interamerica.org\/es\/wp-json\/wp\/v2\/posts"}],"about":[{"href":"https:\/\/interamerica.org\/es\/wp-json\/wp\/v2\/types\/post"}],"author":[{"embeddable":true,"href":"https:\/\/interamerica.org\/es\/wp-json\/wp\/v2\/users\/3"}],"replies":[{"embeddable":true,"href":"https:\/\/interamerica.org\/es\/wp-json\/wp\/v2\/comments?post=122183"}],"version-history":[{"count":0,"href":"https:\/\/interamerica.org\/es\/wp-json\/wp\/v2\/posts\/122183\/revisions"}],"wp:featuredmedia":[{"embeddable":true,"href":"https:\/\/interamerica.org\/es\/wp-json\/wp\/v2\/media\/122161"}],"wp:attachment":[{"href":"https:\/\/interamerica.org\/es\/wp-json\/wp\/v2\/media?parent=122183"}],"wp:term":[{"taxonomy":"category","embeddable":true,"href":"https:\/\/interamerica.org\/es\/wp-json\/wp\/v2\/categories?post=122183"},{"taxonomy":"post_tag","embeddable":true,"href":"https:\/\/interamerica.org\/es\/wp-json\/wp\/v2\/tags?post=122183"}],"curies":[{"name":"wp","href":"https:\/\/api.w.org\/{rel}","templated":true}]}}