{"id":122912,"date":"2024-12-02T11:16:22","date_gmt":"2024-12-02T16:16:22","guid":{"rendered":"https:\/\/interamerica.org\/?p=122912"},"modified":"2024-12-02T14:29:27","modified_gmt":"2024-12-02T19:29:27","slug":"dirigentes-se-reunen-a-explorar-el-sagrado-descanso-del-sabado-e-integracion-de-fe-en-el-lugar-de-trabajo","status":"publish","type":"post","link":"https:\/\/interamerica.org\/es\/2024\/12\/dirigentes-se-reunen-a-explorar-el-sagrado-descanso-del-sabado-e-integracion-de-fe-en-el-lugar-de-trabajo\/","title":{"rendered":"Dirigentes se re\u00fanen a explorar el sagrado descanso del s\u00e1bado e integraci\u00f3n de fe en el lugar de trabajo"},"content":{"rendered":"<p class=\"c-post-header__subtitle\"><em>La Conferencia sobre Misi\u00f3n, de AdventHealth, anima a los participantes a continuar apoy\u00e1ndose en Jes\u00fas.<\/em><\/p>\n<p>2 de diciembre de 2024 | AdventHealth, para la publicaci\u00f3n de la Uni\u00f3n Asociaci\u00f3n Mid-America, <em>Outlook<\/em><\/p>\n<p>Los dirigentes ejecutivos de la Iglesia Adventista del S\u00e9ptimo D\u00eda y de AdventHealth se reunieron recientemente durante tres d\u00edas para celebrar la Conferencia sobre Misi\u00f3n AdventHealth anual, en Orlando, Florida, Estados Unidos, a fin de explorar dos t\u00f3picos de importancia vital: el descanso sagrado y la integraci\u00f3n de la fe en el lugar de trabajo.<\/p>\n<p>Durante el discurso de apertura del primer d\u00eda de reuni\u00f3n, David Miller, director de la Iniciativa Fe y Trabajo, de la Universidad Princeton, inspir\u00f3 a los asistentes a ver su lugar de trabajo como una arena de oportunidades sacras. Desafi\u00f3 a la audiencia a pensar en formas innovadoras de incorporar su fe en su vida profesional.<\/p>\n<p><div id=\"attachment_122895\" style=\"width: 868px\" class=\"wp-caption aligncenter\"><img fetchpriority=\"high\" decoding=\"async\" aria-describedby=\"caption-attachment-122895\" class=\" wp-image-122893\" src=\"https:\/\/interamerica.org\/wp-content\/uploads\/2024\/12\/adventhealth-screen-shot-2024-11-26-at-71128-pm.png\" alt=\"\" width=\"858\" height=\"544\" srcset=\"https:\/\/interamerica.org\/wp-content\/uploads\/2024\/12\/adventhealth-screen-shot-2024-11-26-at-71128-pm.png 1000w, https:\/\/interamerica.org\/wp-content\/uploads\/2024\/12\/adventhealth-screen-shot-2024-11-26-at-71128-pm-300x190.png 300w, https:\/\/interamerica.org\/wp-content\/uploads\/2024\/12\/adventhealth-screen-shot-2024-11-26-at-71128-pm-768x487.png 768w\" sizes=\"(max-width: 858px) 100vw, 858px\" \/><p id=\"caption-attachment-122895\" class=\"wp-caption-text\">Take 6, el aclamado grupo vocal ganador diez veces del Grammy en lo que es hoy la Universidad Oakwood, hace su presentaci\u00f3n en la Conferencia sobre Misi\u00f3n de AdventHealth celebrada anualmente. [Imagen: AdventHealth]<\/p><\/div>\u201cSomos llamados por Dios, de la misma manera que aquellos que han recibido la ordenaci\u00f3n. Los sitios seculares en los que trabajamos constituyen la arena para lo sagrado\u201d.<\/p>\n<p>Con esta base en mente, Jeffrey Bromme, vicepresidente ejecutivo y principal asesor jur\u00eddico de AdventHealth, abri\u00f3 una conversaci\u00f3n reflexiva en cuanto a la santidad del descanso sab\u00e1tico. Dentro de esta conversaci\u00f3n identific\u00f3 tres componentes clave del s\u00e1bado: relaci\u00f3n, remembranza y reflexi\u00f3n.<\/p>\n<p>Al reflexionar sobre la relaci\u00f3n, el directivo Bromme enfatiz\u00f3 el concepto de que el s\u00e1bado es fundamentalmente un d\u00eda de fiesta \u2014lleno de m\u00fasica, adoraci\u00f3n, comida, amor y amistad. Sugiri\u00f3 que este fest\u00edn es algo que muchos en el mundo ni siquiera se dan cuenta que lo anhelan. \u201cSi saboreamos aunque sea una sola migaja del s\u00e1bado, \u00bfgustar\u00edamos de m\u00e1s?\u201d, pregunt\u00f3.<\/p>\n<p>Respecto al acto de recordaci\u00f3n, el directivo Bromme enfatiz\u00f3 que el s\u00e1bado nos invita a celebrar el don de la recordaci\u00f3n. \u201cRecordamos que Dios nos ha dado todos nuestros d\u00edas. Nos ha redimido\u201d, dijo.<\/p>\n<p>En cuanto a la reflexi\u00f3n, el orador Bromme hizo notar que el descanso del s\u00e1bado nos anima a la introspecci\u00f3n. \u201cEl coraz\u00f3n del ministerio sanador de Cristo era la sanidad del alma\u201d, explic\u00f3. \u201cSus actos de sanidad f\u00edsica validaron sus audaces aseveraciones respecto a su poder para salvar las almas\u201d.<\/p>\n<div class=\"wp-block-jetpack-slideshow aligncenter\" data-effect=\"slide\" data-jetpack-block-initialized=\"true\">\n<div class=\"wp-block-jetpack-slideshow_container swiper-container swiper-container-initialized swiper-container-horizontal swiper-container-pointer-events wp-swiper-initialized\"><div id=\"attachment_122898\" style=\"width: 831px\" class=\"wp-caption aligncenter\"><img decoding=\"async\" aria-describedby=\"caption-attachment-122898\" class=\" wp-image-122896\" src=\"https:\/\/interamerica.org\/wp-content\/uploads\/2024\/12\/adventi-health-screen-shot-2024-11-26-at-71135-pm.png\" alt=\"\" width=\"821\" height=\"547\" srcset=\"https:\/\/interamerica.org\/wp-content\/uploads\/2024\/12\/adventi-health-screen-shot-2024-11-26-at-71135-pm.png 504w, https:\/\/interamerica.org\/wp-content\/uploads\/2024\/12\/adventi-health-screen-shot-2024-11-26-at-71135-pm-300x200.png 300w\" sizes=\"(max-width: 821px) 100vw, 821px\" \/><p id=\"caption-attachment-122898\" class=\"wp-caption-text\">Centenares de personas se reunieron en Orlando, Florida para la celebraci\u00f3n del Congreso sobre Misi\u00f3n AdventHealth 2024. [Imagen: AdventHealth]<\/p><\/div>\u201c\u00bfQu\u00e9 sugiere lo anterior acerca de la obra de AdventHealth?\u201d, pregunt\u00f3. \u201c\u00bfPuede nuestra labor ser m\u00e1s que sanidad f\u00edsica? \u00bfPueden nuestras instalaciones ser imbuidas de la emocionante posibilidad de sanidad del alma? \u00bfSe podr\u00eda argumentar que la experiencia del s\u00e1bado es indispensable para la sanidad del alma? Y, si lo es, debemos de alguna manera conectar el s\u00e1bado a nuestro santo trabajo, si es que deseamos que ese trabajo llegue a estar completo\u201d. Olesea Azevedo, vicepresidenta ejecutiva y principal funcionaria administrativa de AdventHealth, guio al grupo en un mensaje que invit\u00f3 a la reflexi\u00f3n, centrado en la esencia de la mayordom\u00eda. \u201cAl mayordomo cristiano se le encomienda aquello que le pertenece a Dios. \u00c9l asume la obra de Dios\u201d, dijo la vicepresidenta Azevedo. Nosotros, en AdventHealth, explic\u00f3, somos mayordomos del ministerio de salud.<\/p>\n<p>Reconoci\u00f3 tambi\u00e9n que las necesidades del mundo pueden ser con frecuencia abrumadoras, Sin embargo, dijo, no tenemos que resolverlas todas. \u201cJes\u00fas no trat\u00f3 de estar en todo y en todas partes\u201d, dijo. Jes\u00fas enfoc\u00f3 su atenci\u00f3n en ser exactamente lo que su Padre deseaba que fuese\u201d.<\/p>\n<p>\u201cEn AdventHealth, somos mayordomos por designio. Permanecemos en pie en el coraz\u00f3n de Cristo y, por su gracia, nuestra imperfecci\u00f3n es suficiente. Le pedimos a Cristo cada d\u00eda que obre en nuestro coraz\u00f3n al ayudar a la gente a sentirse completa. Con frecuencia nos quedamos cortos; pero por la gracia de Dios tambi\u00e9n tenemos \u00e9xito. Fuimos hechos para esto\u201d.<\/p>\n<p><div id=\"attachment_122901\" style=\"width: 857px\" class=\"wp-caption aligncenter\"><img decoding=\"async\" aria-describedby=\"caption-attachment-122901\" class=\" wp-image-122899\" src=\"https:\/\/interamerica.org\/wp-content\/uploads\/2024\/12\/adventihealth-screen-shot-2024-11-26-at-71148-pmb.jpg\" alt=\"\" width=\"847\" height=\"574\" srcset=\"https:\/\/interamerica.org\/wp-content\/uploads\/2024\/12\/adventihealth-screen-shot-2024-11-26-at-71148-pmb.jpg 508w, https:\/\/interamerica.org\/wp-content\/uploads\/2024\/12\/adventihealth-screen-shot-2024-11-26-at-71148-pmb-300x203.jpg 300w\" sizes=\"(max-width: 847px) 100vw, 847px\" \/><p id=\"caption-attachment-122901\" class=\"wp-caption-text\">El presidente y director general de AdventHealth, Terry Shaw, se dirige a los asistentes a la Conferencia sobre Misi\u00f3n 2024, de AdventHealth. [Imagen: AdventHealth]<\/p><\/div>.La vicepresidenta Azevedo invit\u00f3 a los asistentes a pensar en lo siguiente: \u00bfEn qu\u00e9 forma una vislumbre del perfecto coraz\u00f3n de Cristo te llama hoy a hacer lo que no est\u00e1s haciendo actualmente? Y, \u00bfqu\u00e9 riesgos est\u00e1s dispuesto a tomar en favor del mundo y las personas en \u00e9l al adoptar la mentalidad de buscar constantemente la mayordom\u00eda de los momentos? En respuesta a las percepciones de los directivos Azevedo y Bromme, Terry Shaw, presidente y director general de AdventHealth, se\u00f1al\u00f3: \u201cSi permitimos que el s\u00e1bado y la mayordom\u00eda sean los lentes a trav\u00e9s de los cuales comprendemos y practicamos el liderazgo, estamos en posici\u00f3n de ayudar a las personas a sentirse completas\u201d.<\/p>\n<p>La conferencia lleg\u00f3 a su t\u00e9rmino el s\u00e1bado de ma\u00f1ana con un servicio de adoraci\u00f3n que incluy\u00f3 m\u00fasica elevadora, historias inspiradoras procedentes de todo el sistema de AdventHealth y un mensaje por parte de Ron Smith, presidente de la Uni\u00f3n Asociaci\u00f3n Southern de los adventistas del s\u00e9ptimo d\u00eda.<\/p>\n<p>En la adoraci\u00f3n musical estuvieron al frente la Orquesta AdventHealth, compuesta por miembros del equipo AdventHealth, as\u00ed como Take 6, el aclamado grupo vocal ganador Grammy en 10 ocasiones, el cual se form\u00f3 en 1980 en lo que es hoy la Universidad Oakwood. Adem\u00e1s de m\u00fasica de adoraci\u00f3n bien conocida por la audiencia, ambos grupos interpretaron piezas originales que aparecen en el recientemente lanzado \u00e1lbum AdventHealth.<\/p>\n<p>En su mensaje, el presidente Smith se\u00f1al\u00f3 cuatro pilares de restauraci\u00f3n basados en la historia de Sans\u00f3n, del libro de Jueces. Enfatiz\u00f3 que, de la misma manera como los pilares son de importancia fundamental en arquitectura, esos cuatro principios pueden ayudarnos a permanecer enfocados apropiadamente durante tiempos desafiantes.<\/p>\n<p>El primer pilar afirma que la existencia de la persona es intencional, no accidental. El segundo pilar enfatiza que Dos tiene una misi\u00f3n para su pueblo. El tercer pilar explica la forma como Dios desea que funcione su pueblo, mientras que el cuarto pilar asegura que Dios est\u00e1 siempre presente con su pueblo.<\/p>\n<p>Concluy\u00f3 con la declaraci\u00f3n de que el ministerio de sanidad de Cristo es fundamentalmente de restauraci\u00f3n. \u201cDios puede utilizar a cualquier l\u00edder dispuesto en la restauraci\u00f3n de personas destrozadas\u201d, dijo el presidente Smith. \u201cCuando pierdes tu entrega a la misi\u00f3n, tu coraz\u00f3n se duele por experimentar esos pilares una vez m\u00e1s. No te apoyes en los pilares err\u00f3neos. Recl\u00ednate en Jes\u00fas. \u00c9l es el supremo pilar de restauraci\u00f3n\u201d.<\/p>\n<p><em>La <\/em><a href=\"https:\/\/www.outlookmag.org\/adventhealthleaders-gather-to-explore-sabbathfaithwork\/\" target=\"_blank\" rel=\"noopener\"><em>versi\u00f3n original <\/em><\/a><em> de esta noticia apareci\u00f3 en la publicaci\u00f3n de la Uni\u00f3n Asociaci\u00f3n Mid-America, <\/em> <a href=\"https:\/\/www.outlookmag.org\/\" target=\"_blank\" rel=\"noopener\">Outlook<\/a>.<\/p>\n<\/div>\n<\/div>\n<p>Traducci\u00f3n \u2013 Gloria A. Castrej\u00f3n<\/p>\n","protected":false},"excerpt":{"rendered":"<p>La Conferencia sobre Misi\u00f3n, de AdventHealth, anima a los participantes a continuar apoy\u00e1ndose en Jes\u00fas. 2 de diciembre de 2024 | AdventHealth, para la publicaci\u00f3n de la Uni\u00f3n Asociaci\u00f3n Mid-America,&#8230;<\/p>\n","protected":false},"author":3,"featured_media":122895,"comment_status":"closed","ping_status":"closed","sticky":false,"template":"","format":"standard","meta":{"_acf_changed":false,"footnotes":""},"categories":[14,15],"tags":[],"class_list":["post-122912","post","type-post","status-publish","format-standard","has-post-thumbnail","hentry","category-de-la-iglesia-mundial","category-rss-espanol"],"acf":[],"yoast_head":"<!-- This site is optimized with the Yoast SEO plugin v27.3 - https:\/\/yoast.com\/product\/yoast-seo-wordpress\/ -->\n<title>Dirigentes se re\u00fanen a explorar el sagrado descanso del s\u00e1bado e integraci\u00f3n de fe en el lugar de trabajo - Iglesia Adventista del S\u00e9ptimo D\u00eda - Divisi\u00f3n Interamericana<\/title>\n<meta name=\"robots\" content=\"index, follow, max-snippet:-1, max-image-preview:large, max-video-preview:-1\" \/>\n<link rel=\"canonical\" href=\"https:\/\/interamerica.org\/es\/2024\/12\/dirigentes-se-reunen-a-explorar-el-sagrado-descanso-del-sabado-e-integracion-de-fe-en-el-lugar-de-trabajo\/\" \/>\n<meta property=\"og:locale\" content=\"es_ES\" \/>\n<meta property=\"og:type\" content=\"article\" \/>\n<meta property=\"og:title\" content=\"Dirigentes se re\u00fanen a explorar el sagrado descanso del s\u00e1bado e integraci\u00f3n de fe en el lugar de trabajo - Iglesia Adventista del S\u00e9ptimo D\u00eda - Divisi\u00f3n Interamericana\" \/>\n<meta property=\"og:description\" content=\"La Conferencia sobre Misi\u00f3n, de AdventHealth, anima a los participantes a continuar apoy\u00e1ndose en Jes\u00fas. 2 de diciembre de 2024 | AdventHealth, para la publicaci\u00f3n de la Uni\u00f3n Asociaci\u00f3n Mid-America,...\" \/>\n<meta property=\"og:url\" content=\"https:\/\/interamerica.org\/es\/2024\/12\/dirigentes-se-reunen-a-explorar-el-sagrado-descanso-del-sabado-e-integracion-de-fe-en-el-lugar-de-trabajo\/\" \/>\n<meta property=\"og:site_name\" content=\"Iglesia Adventista del S\u00e9ptimo D\u00eda - Divisi\u00f3n Interamericana\" \/>\n<meta property=\"article:published_time\" content=\"2024-12-02T16:16:22+00:00\" \/>\n<meta property=\"article:modified_time\" content=\"2024-12-02T19:29:27+00:00\" \/>\n<meta property=\"og:image\" content=\"https:\/\/interamerica.org\/wp-content\/uploads\/2024\/12\/adventhealth-screen-shot-2024-11-26-at-71128-pm.png\" \/>\n\t<meta property=\"og:image:width\" content=\"1000\" \/>\n\t<meta property=\"og:image:height\" content=\"634\" \/>\n\t<meta property=\"og:image:type\" content=\"image\/png\" \/>\n<meta name=\"author\" content=\"libna\" \/>\n<meta name=\"twitter:card\" content=\"summary_large_image\" \/>\n<meta name=\"twitter:label1\" content=\"Escrito por\" \/>\n\t<meta name=\"twitter:data1\" content=\"libna\" \/>\n\t<meta name=\"twitter:label2\" content=\"Tiempo de lectura\" \/>\n\t<meta name=\"twitter:data2\" content=\"6 minutos\" \/>\n<script type=\"application\/ld+json\" class=\"yoast-schema-graph\">{\"@context\":\"https:\\\/\\\/schema.org\",\"@graph\":[{\"@type\":\"Article\",\"@id\":\"https:\\\/\\\/interamerica.org\\\/es\\\/2024\\\/12\\\/dirigentes-se-reunen-a-explorar-el-sagrado-descanso-del-sabado-e-integracion-de-fe-en-el-lugar-de-trabajo\\\/#article\",\"isPartOf\":{\"@id\":\"https:\\\/\\\/interamerica.org\\\/es\\\/2024\\\/12\\\/dirigentes-se-reunen-a-explorar-el-sagrado-descanso-del-sabado-e-integracion-de-fe-en-el-lugar-de-trabajo\\\/\"},\"author\":{\"name\":\"libna\",\"@id\":\"https:\\\/\\\/interamerica.org\\\/es\\\/#\\\/schema\\\/person\\\/29998f2bc2d8bd0d38662909289b54f1\"},\"headline\":\"Dirigentes se re\u00fanen a explorar el sagrado descanso del s\u00e1bado e integraci\u00f3n de fe en el lugar de trabajo\",\"datePublished\":\"2024-12-02T16:16:22+00:00\",\"dateModified\":\"2024-12-02T19:29:27+00:00\",\"mainEntityOfPage\":{\"@id\":\"https:\\\/\\\/interamerica.org\\\/es\\\/2024\\\/12\\\/dirigentes-se-reunen-a-explorar-el-sagrado-descanso-del-sabado-e-integracion-de-fe-en-el-lugar-de-trabajo\\\/\"},\"wordCount\":1224,\"image\":{\"@id\":\"https:\\\/\\\/interamerica.org\\\/es\\\/2024\\\/12\\\/dirigentes-se-reunen-a-explorar-el-sagrado-descanso-del-sabado-e-integracion-de-fe-en-el-lugar-de-trabajo\\\/#primaryimage\"},\"thumbnailUrl\":\"https:\\\/\\\/interamerica.org\\\/wp-content\\\/uploads\\\/2024\\\/12\\\/adventhealth-screen-shot-2024-11-26-at-71128-pm.png\",\"articleSection\":[\"Desde la iglesia mundial\",\"RSS Espa\u00f1ol\"],\"inLanguage\":\"es\"},{\"@type\":\"WebPage\",\"@id\":\"https:\\\/\\\/interamerica.org\\\/es\\\/2024\\\/12\\\/dirigentes-se-reunen-a-explorar-el-sagrado-descanso-del-sabado-e-integracion-de-fe-en-el-lugar-de-trabajo\\\/\",\"url\":\"https:\\\/\\\/interamerica.org\\\/es\\\/2024\\\/12\\\/dirigentes-se-reunen-a-explorar-el-sagrado-descanso-del-sabado-e-integracion-de-fe-en-el-lugar-de-trabajo\\\/\",\"name\":\"Dirigentes se re\u00fanen a explorar el sagrado descanso del s\u00e1bado e integraci\u00f3n de fe en el lugar de trabajo - Iglesia Adventista del S\u00e9ptimo D\u00eda - Divisi\u00f3n Interamericana\",\"isPartOf\":{\"@id\":\"https:\\\/\\\/interamerica.org\\\/es\\\/#website\"},\"primaryImageOfPage\":{\"@id\":\"https:\\\/\\\/interamerica.org\\\/es\\\/2024\\\/12\\\/dirigentes-se-reunen-a-explorar-el-sagrado-descanso-del-sabado-e-integracion-de-fe-en-el-lugar-de-trabajo\\\/#primaryimage\"},\"image\":{\"@id\":\"https:\\\/\\\/interamerica.org\\\/es\\\/2024\\\/12\\\/dirigentes-se-reunen-a-explorar-el-sagrado-descanso-del-sabado-e-integracion-de-fe-en-el-lugar-de-trabajo\\\/#primaryimage\"},\"thumbnailUrl\":\"https:\\\/\\\/interamerica.org\\\/wp-content\\\/uploads\\\/2024\\\/12\\\/adventhealth-screen-shot-2024-11-26-at-71128-pm.png\",\"datePublished\":\"2024-12-02T16:16:22+00:00\",\"dateModified\":\"2024-12-02T19:29:27+00:00\",\"author\":{\"@id\":\"https:\\\/\\\/interamerica.org\\\/es\\\/#\\\/schema\\\/person\\\/29998f2bc2d8bd0d38662909289b54f1\"},\"breadcrumb\":{\"@id\":\"https:\\\/\\\/interamerica.org\\\/es\\\/2024\\\/12\\\/dirigentes-se-reunen-a-explorar-el-sagrado-descanso-del-sabado-e-integracion-de-fe-en-el-lugar-de-trabajo\\\/#breadcrumb\"},\"inLanguage\":\"es\",\"potentialAction\":[{\"@type\":\"ReadAction\",\"target\":[\"https:\\\/\\\/interamerica.org\\\/es\\\/2024\\\/12\\\/dirigentes-se-reunen-a-explorar-el-sagrado-descanso-del-sabado-e-integracion-de-fe-en-el-lugar-de-trabajo\\\/\"]}]},{\"@type\":\"ImageObject\",\"inLanguage\":\"es\",\"@id\":\"https:\\\/\\\/interamerica.org\\\/es\\\/2024\\\/12\\\/dirigentes-se-reunen-a-explorar-el-sagrado-descanso-del-sabado-e-integracion-de-fe-en-el-lugar-de-trabajo\\\/#primaryimage\",\"url\":\"https:\\\/\\\/interamerica.org\\\/wp-content\\\/uploads\\\/2024\\\/12\\\/adventhealth-screen-shot-2024-11-26-at-71128-pm.png\",\"contentUrl\":\"https:\\\/\\\/interamerica.org\\\/wp-content\\\/uploads\\\/2024\\\/12\\\/adventhealth-screen-shot-2024-11-26-at-71128-pm.png\",\"width\":1000,\"height\":634,\"caption\":\"Take 6, the acclaimed 10-time Grammy-winning vocal group formed in 1980 in what is now Oakwood University, performs at the annual AdventHealth Conference on Mission. [Photo: AdventHealth]\"},{\"@type\":\"BreadcrumbList\",\"@id\":\"https:\\\/\\\/interamerica.org\\\/es\\\/2024\\\/12\\\/dirigentes-se-reunen-a-explorar-el-sagrado-descanso-del-sabado-e-integracion-de-fe-en-el-lugar-de-trabajo\\\/#breadcrumb\",\"itemListElement\":[{\"@type\":\"ListItem\",\"position\":1,\"name\":\"Home\",\"item\":\"https:\\\/\\\/interamerica.org\\\/es\\\/\"},{\"@type\":\"ListItem\",\"position\":2,\"name\":\"Dirigentes se re\u00fanen a explorar el sagrado descanso del s\u00e1bado e integraci\u00f3n de fe en el lugar de trabajo\"}]},{\"@type\":\"WebSite\",\"@id\":\"https:\\\/\\\/interamerica.org\\\/es\\\/#website\",\"url\":\"https:\\\/\\\/interamerica.org\\\/es\\\/\",\"name\":\"Iglesia Adventista del S\u00e9ptimo D\u00eda - Divisi\u00f3n Interamericana\",\"description\":\"\",\"potentialAction\":[{\"@type\":\"SearchAction\",\"target\":{\"@type\":\"EntryPoint\",\"urlTemplate\":\"https:\\\/\\\/interamerica.org\\\/es\\\/?s={search_term_string}\"},\"query-input\":{\"@type\":\"PropertyValueSpecification\",\"valueRequired\":true,\"valueName\":\"search_term_string\"}}],\"inLanguage\":\"es\"},{\"@type\":\"Person\",\"@id\":\"https:\\\/\\\/interamerica.org\\\/es\\\/#\\\/schema\\\/person\\\/29998f2bc2d8bd0d38662909289b54f1\",\"name\":\"libna\",\"image\":{\"@type\":\"ImageObject\",\"inLanguage\":\"es\",\"@id\":\"https:\\\/\\\/secure.gravatar.com\\\/avatar\\\/7c5bd30ae4b47a9ba3c856590957fd1d96dc588bf3ac05719d247e126840331f?s=96&d=mm&r=g\",\"url\":\"https:\\\/\\\/secure.gravatar.com\\\/avatar\\\/7c5bd30ae4b47a9ba3c856590957fd1d96dc588bf3ac05719d247e126840331f?s=96&d=mm&r=g\",\"contentUrl\":\"https:\\\/\\\/secure.gravatar.com\\\/avatar\\\/7c5bd30ae4b47a9ba3c856590957fd1d96dc588bf3ac05719d247e126840331f?s=96&d=mm&r=g\",\"caption\":\"libna\"}}]}<\/script>\n<!-- \/ Yoast SEO plugin. -->","yoast_head_json":{"title":"Dirigentes se re\u00fanen a explorar el sagrado descanso del s\u00e1bado e integraci\u00f3n de fe en el lugar de trabajo - Iglesia Adventista del S\u00e9ptimo D\u00eda - Divisi\u00f3n Interamericana","robots":{"index":"index","follow":"follow","max-snippet":"max-snippet:-1","max-image-preview":"max-image-preview:large","max-video-preview":"max-video-preview:-1"},"canonical":"https:\/\/interamerica.org\/es\/2024\/12\/dirigentes-se-reunen-a-explorar-el-sagrado-descanso-del-sabado-e-integracion-de-fe-en-el-lugar-de-trabajo\/","og_locale":"es_ES","og_type":"article","og_title":"Dirigentes se re\u00fanen a explorar el sagrado descanso del s\u00e1bado e integraci\u00f3n de fe en el lugar de trabajo - Iglesia Adventista del S\u00e9ptimo D\u00eda - Divisi\u00f3n Interamericana","og_description":"La Conferencia sobre Misi\u00f3n, de AdventHealth, anima a los participantes a continuar apoy\u00e1ndose en Jes\u00fas. 2 de diciembre de 2024 | AdventHealth, para la publicaci\u00f3n de la Uni\u00f3n Asociaci\u00f3n Mid-America,...","og_url":"https:\/\/interamerica.org\/es\/2024\/12\/dirigentes-se-reunen-a-explorar-el-sagrado-descanso-del-sabado-e-integracion-de-fe-en-el-lugar-de-trabajo\/","og_site_name":"Iglesia Adventista del S\u00e9ptimo D\u00eda - Divisi\u00f3n Interamericana","article_published_time":"2024-12-02T16:16:22+00:00","article_modified_time":"2024-12-02T19:29:27+00:00","og_image":[{"width":1000,"height":634,"url":"https:\/\/interamerica.org\/wp-content\/uploads\/2024\/12\/adventhealth-screen-shot-2024-11-26-at-71128-pm.png","type":"image\/png"}],"author":"libna","twitter_card":"summary_large_image","twitter_misc":{"Escrito por":"libna","Tiempo de lectura":"6 minutos"},"schema":{"@context":"https:\/\/schema.org","@graph":[{"@type":"Article","@id":"https:\/\/interamerica.org\/es\/2024\/12\/dirigentes-se-reunen-a-explorar-el-sagrado-descanso-del-sabado-e-integracion-de-fe-en-el-lugar-de-trabajo\/#article","isPartOf":{"@id":"https:\/\/interamerica.org\/es\/2024\/12\/dirigentes-se-reunen-a-explorar-el-sagrado-descanso-del-sabado-e-integracion-de-fe-en-el-lugar-de-trabajo\/"},"author":{"name":"libna","@id":"https:\/\/interamerica.org\/es\/#\/schema\/person\/29998f2bc2d8bd0d38662909289b54f1"},"headline":"Dirigentes se re\u00fanen a explorar el sagrado descanso del s\u00e1bado e integraci\u00f3n de fe en el lugar de trabajo","datePublished":"2024-12-02T16:16:22+00:00","dateModified":"2024-12-02T19:29:27+00:00","mainEntityOfPage":{"@id":"https:\/\/interamerica.org\/es\/2024\/12\/dirigentes-se-reunen-a-explorar-el-sagrado-descanso-del-sabado-e-integracion-de-fe-en-el-lugar-de-trabajo\/"},"wordCount":1224,"image":{"@id":"https:\/\/interamerica.org\/es\/2024\/12\/dirigentes-se-reunen-a-explorar-el-sagrado-descanso-del-sabado-e-integracion-de-fe-en-el-lugar-de-trabajo\/#primaryimage"},"thumbnailUrl":"https:\/\/interamerica.org\/wp-content\/uploads\/2024\/12\/adventhealth-screen-shot-2024-11-26-at-71128-pm.png","articleSection":["Desde la iglesia mundial","RSS Espa\u00f1ol"],"inLanguage":"es"},{"@type":"WebPage","@id":"https:\/\/interamerica.org\/es\/2024\/12\/dirigentes-se-reunen-a-explorar-el-sagrado-descanso-del-sabado-e-integracion-de-fe-en-el-lugar-de-trabajo\/","url":"https:\/\/interamerica.org\/es\/2024\/12\/dirigentes-se-reunen-a-explorar-el-sagrado-descanso-del-sabado-e-integracion-de-fe-en-el-lugar-de-trabajo\/","name":"Dirigentes se re\u00fanen a explorar el sagrado descanso del s\u00e1bado e integraci\u00f3n de fe en el lugar de trabajo - Iglesia Adventista del S\u00e9ptimo D\u00eda - Divisi\u00f3n Interamericana","isPartOf":{"@id":"https:\/\/interamerica.org\/es\/#website"},"primaryImageOfPage":{"@id":"https:\/\/interamerica.org\/es\/2024\/12\/dirigentes-se-reunen-a-explorar-el-sagrado-descanso-del-sabado-e-integracion-de-fe-en-el-lugar-de-trabajo\/#primaryimage"},"image":{"@id":"https:\/\/interamerica.org\/es\/2024\/12\/dirigentes-se-reunen-a-explorar-el-sagrado-descanso-del-sabado-e-integracion-de-fe-en-el-lugar-de-trabajo\/#primaryimage"},"thumbnailUrl":"https:\/\/interamerica.org\/wp-content\/uploads\/2024\/12\/adventhealth-screen-shot-2024-11-26-at-71128-pm.png","datePublished":"2024-12-02T16:16:22+00:00","dateModified":"2024-12-02T19:29:27+00:00","author":{"@id":"https:\/\/interamerica.org\/es\/#\/schema\/person\/29998f2bc2d8bd0d38662909289b54f1"},"breadcrumb":{"@id":"https:\/\/interamerica.org\/es\/2024\/12\/dirigentes-se-reunen-a-explorar-el-sagrado-descanso-del-sabado-e-integracion-de-fe-en-el-lugar-de-trabajo\/#breadcrumb"},"inLanguage":"es","potentialAction":[{"@type":"ReadAction","target":["https:\/\/interamerica.org\/es\/2024\/12\/dirigentes-se-reunen-a-explorar-el-sagrado-descanso-del-sabado-e-integracion-de-fe-en-el-lugar-de-trabajo\/"]}]},{"@type":"ImageObject","inLanguage":"es","@id":"https:\/\/interamerica.org\/es\/2024\/12\/dirigentes-se-reunen-a-explorar-el-sagrado-descanso-del-sabado-e-integracion-de-fe-en-el-lugar-de-trabajo\/#primaryimage","url":"https:\/\/interamerica.org\/wp-content\/uploads\/2024\/12\/adventhealth-screen-shot-2024-11-26-at-71128-pm.png","contentUrl":"https:\/\/interamerica.org\/wp-content\/uploads\/2024\/12\/adventhealth-screen-shot-2024-11-26-at-71128-pm.png","width":1000,"height":634,"caption":"Take 6, the acclaimed 10-time Grammy-winning vocal group formed in 1980 in what is now Oakwood University, performs at the annual AdventHealth Conference on Mission. [Photo: AdventHealth]"},{"@type":"BreadcrumbList","@id":"https:\/\/interamerica.org\/es\/2024\/12\/dirigentes-se-reunen-a-explorar-el-sagrado-descanso-del-sabado-e-integracion-de-fe-en-el-lugar-de-trabajo\/#breadcrumb","itemListElement":[{"@type":"ListItem","position":1,"name":"Home","item":"https:\/\/interamerica.org\/es\/"},{"@type":"ListItem","position":2,"name":"Dirigentes se re\u00fanen a explorar el sagrado descanso del s\u00e1bado e integraci\u00f3n de fe en el lugar de trabajo"}]},{"@type":"WebSite","@id":"https:\/\/interamerica.org\/es\/#website","url":"https:\/\/interamerica.org\/es\/","name":"Iglesia Adventista del S\u00e9ptimo D\u00eda - Divisi\u00f3n Interamericana","description":"","potentialAction":[{"@type":"SearchAction","target":{"@type":"EntryPoint","urlTemplate":"https:\/\/interamerica.org\/es\/?s={search_term_string}"},"query-input":{"@type":"PropertyValueSpecification","valueRequired":true,"valueName":"search_term_string"}}],"inLanguage":"es"},{"@type":"Person","@id":"https:\/\/interamerica.org\/es\/#\/schema\/person\/29998f2bc2d8bd0d38662909289b54f1","name":"libna","image":{"@type":"ImageObject","inLanguage":"es","@id":"https:\/\/secure.gravatar.com\/avatar\/7c5bd30ae4b47a9ba3c856590957fd1d96dc588bf3ac05719d247e126840331f?s=96&d=mm&r=g","url":"https:\/\/secure.gravatar.com\/avatar\/7c5bd30ae4b47a9ba3c856590957fd1d96dc588bf3ac05719d247e126840331f?s=96&d=mm&r=g","contentUrl":"https:\/\/secure.gravatar.com\/avatar\/7c5bd30ae4b47a9ba3c856590957fd1d96dc588bf3ac05719d247e126840331f?s=96&d=mm&r=g","caption":"libna"}}]}},"_links":{"self":[{"href":"https:\/\/interamerica.org\/es\/wp-json\/wp\/v2\/posts\/122912","targetHints":{"allow":["GET"]}}],"collection":[{"href":"https:\/\/interamerica.org\/es\/wp-json\/wp\/v2\/posts"}],"about":[{"href":"https:\/\/interamerica.org\/es\/wp-json\/wp\/v2\/types\/post"}],"author":[{"embeddable":true,"href":"https:\/\/interamerica.org\/es\/wp-json\/wp\/v2\/users\/3"}],"replies":[{"embeddable":true,"href":"https:\/\/interamerica.org\/es\/wp-json\/wp\/v2\/comments?post=122912"}],"version-history":[{"count":0,"href":"https:\/\/interamerica.org\/es\/wp-json\/wp\/v2\/posts\/122912\/revisions"}],"wp:featuredmedia":[{"embeddable":true,"href":"https:\/\/interamerica.org\/es\/wp-json\/wp\/v2\/media\/122895"}],"wp:attachment":[{"href":"https:\/\/interamerica.org\/es\/wp-json\/wp\/v2\/media?parent=122912"}],"wp:term":[{"taxonomy":"category","embeddable":true,"href":"https:\/\/interamerica.org\/es\/wp-json\/wp\/v2\/categories?post=122912"},{"taxonomy":"post_tag","embeddable":true,"href":"https:\/\/interamerica.org\/es\/wp-json\/wp\/v2\/tags?post=122912"}],"curies":[{"name":"wp","href":"https:\/\/api.w.org\/{rel}","templated":true}]}}