{"id":123431,"date":"2024-12-18T18:21:17","date_gmt":"2024-12-18T23:21:17","guid":{"rendered":"https:\/\/interamerica.org\/?p=123431"},"modified":"2024-12-19T21:48:02","modified_gmt":"2024-12-20T02:48:02","slug":"barry-black-capellan-adventista-del-senado-de-los-estados-unidos-se-recupera-despues-de-derrame","status":"publish","type":"post","link":"https:\/\/interamerica.org\/es\/2024\/12\/barry-black-capellan-adventista-del-senado-de-los-estados-unidos-se-recupera-despues-de-derrame\/","title":{"rendered":"Barry Black, capell\u00e1n adventista del Senado de los Estados Unidos, se recupera despu\u00e9s de derrame"},"content":{"rendered":"<p class=\"c-post-header__subtitle\"><em>Un hematoma subdural lo envi\u00f3 al hospital, pero est\u00e1 mejorando, afirman.<\/em><\/p>\n<p>18 de diciembre de 2024 | Silver Spring, Maryland, Estados Unidos | Marcos Paseggi, <em>Adventist Review<\/em><\/p>\n<p>Barry Black, capell\u00e1n del Senado de los Estados Unidos, pastor adventista y contraalmirante retirado de la Armada de los Estados Unidos, fue hospitalizado hace poco despu\u00e9s de sufrir un derrame, reportaron las agencias de noticias el pasado jueves 12 de diciembre.<\/p>\n<p>Seg\u00fan Associated Press, Black, de 76 a\u00f1os, hab\u00eda sufrido un hematoma subdural unos d\u00edas antes y fue enviado a un hospital local en Washington, D.C. Fuentes de su oficina en el Senado informaron que se espera que tenga una \u201crecuperaci\u00f3n sin sobresaltos\u201d.<\/p>\n<p><div id=\"attachment_123422\" style=\"width: 868px\" class=\"wp-caption aligncenter\"><img fetchpriority=\"high\" decoding=\"async\" aria-describedby=\"caption-attachment-123422\" class=\" wp-image-123420\" src=\"https:\/\/interamerica.org\/wp-content\/uploads\/2024\/12\/chaplainblack-32-1024x683-becket-pic.jpg\" alt=\"\" width=\"858\" height=\"572\" srcset=\"https:\/\/interamerica.org\/wp-content\/uploads\/2024\/12\/chaplainblack-32-1024x683-becket-pic.jpg 1024w, https:\/\/interamerica.org\/wp-content\/uploads\/2024\/12\/chaplainblack-32-1024x683-becket-pic-300x200.jpg 300w, https:\/\/interamerica.org\/wp-content\/uploads\/2024\/12\/chaplainblack-32-1024x683-becket-pic-768x512.jpg 768w\" sizes=\"(max-width: 858px) 100vw, 858px\" \/><p id=\"caption-attachment-123422\" class=\"wp-caption-text\">Barry Black, capell\u00e1n del Senado de los Estados Unidos, pastor adventista y contraalmirante retirado de la Marina de los Estados Unidos. [Fotograf\u00eda: Fundaci\u00f3n Becket Fund]<\/p><\/div>Seg\u00fan expertos m\u00e9dicos, un hematoma subdural se produce cuando un vaso sangu\u00edneo en el espacio entre el cr\u00e1neo y el cerebro sufre lesiones. La sangre escapa entonces, lo que lleva a la formaci\u00f3n de un co\u00e1gulo sangu\u00edneo que pone presi\u00f3n sobre el cerebro y puede lesionarlo.<\/p>\n<p>El viernes por la noche, el 13 de diciembre, Ted N. C. Wilson, presidente de la Asociaci\u00f3n General, cont\u00f3 sobre su interacci\u00f3n con Black. En su p\u00e1gina de Facebook, Wilson inform\u00f3 que llam\u00f3 a Black y le dej\u00f3 un mensaje, dici\u00e9ndole que hab\u00eda orado por su r\u00e1pida recuperaci\u00f3n. Wilson entonces a\u00f1adi\u00f3 que se vio sorprendido de recibir una llamada del mismo Black desde el hospital.<\/p>\n<p>Black \u201ccont\u00f3 de qu\u00e9 manera Dios hab\u00eda intervenido milagrosamente en su vida para salvarlo de una situaci\u00f3n en potencia mucho m\u00e1s complicada de salud\u201d, escribi\u00f3 Wilson. \u201cSu m\u00e9dico, el doctor Brian Monahan, que es el m\u00e9dico responsable del Congreso de los Estados Unidos, sinti\u00f3 la impresi\u00f3n de llamar al capell\u00e1n Black para decirle que llame a un n\u00famero de emergencia y se dirija al hospital, donde el doctor Monahan se encontrar\u00eda con \u00e9l. Al llegar, se hab\u00edan hecho los arreglos para atender al capell\u00e1n Black, y ahora se encuentra en proceso de recuperaci\u00f3n\u201d.<\/p>\n<p>Wilson explic\u00f3 que el llamado de Monahan puede haber salvado a Black de una situaci\u00f3n mucho peor. \u201cAlabado sea Dios por su poder de salvaci\u00f3n y protecci\u00f3n al usar al doctor Monahan\u201d, escribi\u00f3 Wilson, a\u00f1adiendo que Black probablemente pueda sumarse a su familia para la Navidad en pocos d\u00edas.<\/p>\n<p>Black ha prestado servicios como capell\u00e1n del Senado desde 2003. Como primer capell\u00e1n adventista y afroamericano del Senado de los Estados Unidos, es el consejero espiritual para no solo cien de los legisladores m\u00e1s poderosos de la naci\u00f3n sino tambi\u00e9n para el personal y las familias de ellos, un grupo combinado de m\u00e1s de siete mil personas. Cada ma\u00f1ana, al inaugurar la sesi\u00f3n del Senado con una oraci\u00f3n, Black marca el tono del discurso del d\u00eda en una de las c\u00e1maras m\u00e1s elevadas de la naci\u00f3n, marcando as\u00ed a su vez el tono espiritual del pa\u00eds.<\/p>\n<p>Antes de prestar servicios en el Senado, Black prest\u00f3 servicios en la Armada de los Estados Unidos durante m\u00e1s de 27 a\u00f1os, culminando su carrera como Jefe de los Capellanes de la Armada. Conocido afectuosamente por usar su tradicional mo\u00f1o en la C\u00e1mara del Senado, Black es un muy requerido gu\u00eda espiritual y fuente de palabras alentadoras de fe y unidad. Sus libros sobre esos temas incluyen <em>The Blessing of Adversity<\/em> [La bendici\u00f3n de la adversidad], <em>Nothing to Fear<\/em> [Nada que temer], <em>Make Your Voice Heard in Heaven<\/em> [Que tu voz se oiga en el cielo], y su autobiograf\u00eda sobre c\u00f3mo super\u00f3 la adversidad personal, <a href=\"https:\/\/www.publishersweekly.com\/9780785218814\" target=\"_blank\" rel=\"noopener\"><em>From the Hood to the Hill<\/em> [Del barrio al Senado]<\/a>.<\/p>\n<p>Traducci\u00f3n de Marcos Paseggi<\/p>\n","protected":false},"excerpt":{"rendered":"<p>Un hematoma subdural lo envi\u00f3 al hospital, pero est\u00e1 mejorando, afirman. 18 de diciembre de 2024 | Silver Spring, Maryland, Estados Unidos | Marcos Paseggi, Adventist Review Barry Black, capell\u00e1n&#8230;<\/p>\n","protected":false},"author":3,"featured_media":123422,"comment_status":"closed","ping_status":"closed","sticky":false,"template":"","format":"standard","meta":{"_acf_changed":false,"footnotes":""},"categories":[14,15],"tags":[],"class_list":["post-123431","post","type-post","status-publish","format-standard","has-post-thumbnail","hentry","category-de-la-iglesia-mundial","category-rss-espanol"],"acf":[],"yoast_head":"<!-- This site is optimized with the Yoast SEO plugin v27.3 - https:\/\/yoast.com\/product\/yoast-seo-wordpress\/ -->\n<title>Barry Black, capell\u00e1n adventista del Senado de los Estados Unidos, se recupera despu\u00e9s de derrame - Iglesia Adventista del S\u00e9ptimo D\u00eda - Divisi\u00f3n Interamericana<\/title>\n<meta name=\"robots\" content=\"index, follow, max-snippet:-1, max-image-preview:large, max-video-preview:-1\" \/>\n<link rel=\"canonical\" href=\"https:\/\/interamerica.org\/es\/2024\/12\/barry-black-capellan-adventista-del-senado-de-los-estados-unidos-se-recupera-despues-de-derrame\/\" \/>\n<meta property=\"og:locale\" content=\"es_ES\" \/>\n<meta property=\"og:type\" content=\"article\" \/>\n<meta property=\"og:title\" content=\"Barry Black, capell\u00e1n adventista del Senado de los Estados Unidos, se recupera despu\u00e9s de derrame - Iglesia Adventista del S\u00e9ptimo D\u00eda - Divisi\u00f3n Interamericana\" \/>\n<meta property=\"og:description\" content=\"Un hematoma subdural lo envi\u00f3 al hospital, pero est\u00e1 mejorando, afirman. 18 de diciembre de 2024 | Silver Spring, Maryland, Estados Unidos | Marcos Paseggi, Adventist Review Barry Black, capell\u00e1n...\" \/>\n<meta property=\"og:url\" content=\"https:\/\/interamerica.org\/es\/2024\/12\/barry-black-capellan-adventista-del-senado-de-los-estados-unidos-se-recupera-despues-de-derrame\/\" \/>\n<meta property=\"og:site_name\" content=\"Iglesia Adventista del S\u00e9ptimo D\u00eda - Divisi\u00f3n Interamericana\" \/>\n<meta property=\"article:published_time\" content=\"2024-12-18T23:21:17+00:00\" \/>\n<meta property=\"article:modified_time\" content=\"2024-12-20T02:48:02+00:00\" \/>\n<meta property=\"og:image\" content=\"https:\/\/interamerica.org\/wp-content\/uploads\/2024\/12\/chaplainblack-32-1024x683-becket-pic.jpg\" \/>\n\t<meta property=\"og:image:width\" content=\"1024\" \/>\n\t<meta property=\"og:image:height\" content=\"683\" \/>\n\t<meta property=\"og:image:type\" content=\"image\/jpeg\" \/>\n<meta name=\"author\" content=\"libna\" \/>\n<meta name=\"twitter:card\" content=\"summary_large_image\" \/>\n<meta name=\"twitter:label1\" content=\"Escrito por\" \/>\n\t<meta name=\"twitter:data1\" content=\"libna\" \/>\n\t<meta name=\"twitter:label2\" content=\"Tiempo de lectura\" \/>\n\t<meta name=\"twitter:data2\" content=\"4 minutos\" \/>\n<script type=\"application\/ld+json\" class=\"yoast-schema-graph\">{\"@context\":\"https:\\\/\\\/schema.org\",\"@graph\":[{\"@type\":\"Article\",\"@id\":\"https:\\\/\\\/interamerica.org\\\/es\\\/2024\\\/12\\\/barry-black-capellan-adventista-del-senado-de-los-estados-unidos-se-recupera-despues-de-derrame\\\/#article\",\"isPartOf\":{\"@id\":\"https:\\\/\\\/interamerica.org\\\/es\\\/2024\\\/12\\\/barry-black-capellan-adventista-del-senado-de-los-estados-unidos-se-recupera-despues-de-derrame\\\/\"},\"author\":{\"name\":\"libna\",\"@id\":\"https:\\\/\\\/interamerica.org\\\/es\\\/#\\\/schema\\\/person\\\/29998f2bc2d8bd0d38662909289b54f1\"},\"headline\":\"Barry Black, capell\u00e1n adventista del Senado de los Estados Unidos, se recupera despu\u00e9s de derrame\",\"datePublished\":\"2024-12-18T23:21:17+00:00\",\"dateModified\":\"2024-12-20T02:48:02+00:00\",\"mainEntityOfPage\":{\"@id\":\"https:\\\/\\\/interamerica.org\\\/es\\\/2024\\\/12\\\/barry-black-capellan-adventista-del-senado-de-los-estados-unidos-se-recupera-despues-de-derrame\\\/\"},\"wordCount\":685,\"image\":{\"@id\":\"https:\\\/\\\/interamerica.org\\\/es\\\/2024\\\/12\\\/barry-black-capellan-adventista-del-senado-de-los-estados-unidos-se-recupera-despues-de-derrame\\\/#primaryimage\"},\"thumbnailUrl\":\"https:\\\/\\\/interamerica.org\\\/wp-content\\\/uploads\\\/2024\\\/12\\\/chaplainblack-32-1024x683-becket-pic.jpg\",\"articleSection\":[\"Desde la iglesia mundial\",\"RSS Espa\u00f1ol\"],\"inLanguage\":\"es\"},{\"@type\":\"WebPage\",\"@id\":\"https:\\\/\\\/interamerica.org\\\/es\\\/2024\\\/12\\\/barry-black-capellan-adventista-del-senado-de-los-estados-unidos-se-recupera-despues-de-derrame\\\/\",\"url\":\"https:\\\/\\\/interamerica.org\\\/es\\\/2024\\\/12\\\/barry-black-capellan-adventista-del-senado-de-los-estados-unidos-se-recupera-despues-de-derrame\\\/\",\"name\":\"Barry Black, capell\u00e1n adventista del Senado de los Estados Unidos, se recupera despu\u00e9s de derrame - Iglesia Adventista del S\u00e9ptimo D\u00eda - Divisi\u00f3n Interamericana\",\"isPartOf\":{\"@id\":\"https:\\\/\\\/interamerica.org\\\/es\\\/#website\"},\"primaryImageOfPage\":{\"@id\":\"https:\\\/\\\/interamerica.org\\\/es\\\/2024\\\/12\\\/barry-black-capellan-adventista-del-senado-de-los-estados-unidos-se-recupera-despues-de-derrame\\\/#primaryimage\"},\"image\":{\"@id\":\"https:\\\/\\\/interamerica.org\\\/es\\\/2024\\\/12\\\/barry-black-capellan-adventista-del-senado-de-los-estados-unidos-se-recupera-despues-de-derrame\\\/#primaryimage\"},\"thumbnailUrl\":\"https:\\\/\\\/interamerica.org\\\/wp-content\\\/uploads\\\/2024\\\/12\\\/chaplainblack-32-1024x683-becket-pic.jpg\",\"datePublished\":\"2024-12-18T23:21:17+00:00\",\"dateModified\":\"2024-12-20T02:48:02+00:00\",\"author\":{\"@id\":\"https:\\\/\\\/interamerica.org\\\/es\\\/#\\\/schema\\\/person\\\/29998f2bc2d8bd0d38662909289b54f1\"},\"breadcrumb\":{\"@id\":\"https:\\\/\\\/interamerica.org\\\/es\\\/2024\\\/12\\\/barry-black-capellan-adventista-del-senado-de-los-estados-unidos-se-recupera-despues-de-derrame\\\/#breadcrumb\"},\"inLanguage\":\"es\",\"potentialAction\":[{\"@type\":\"ReadAction\",\"target\":[\"https:\\\/\\\/interamerica.org\\\/es\\\/2024\\\/12\\\/barry-black-capellan-adventista-del-senado-de-los-estados-unidos-se-recupera-despues-de-derrame\\\/\"]}]},{\"@type\":\"ImageObject\",\"inLanguage\":\"es\",\"@id\":\"https:\\\/\\\/interamerica.org\\\/es\\\/2024\\\/12\\\/barry-black-capellan-adventista-del-senado-de-los-estados-unidos-se-recupera-despues-de-derrame\\\/#primaryimage\",\"url\":\"https:\\\/\\\/interamerica.org\\\/wp-content\\\/uploads\\\/2024\\\/12\\\/chaplainblack-32-1024x683-becket-pic.jpg\",\"contentUrl\":\"https:\\\/\\\/interamerica.org\\\/wp-content\\\/uploads\\\/2024\\\/12\\\/chaplainblack-32-1024x683-becket-pic.jpg\",\"width\":1024,\"height\":683,\"caption\":\"US Senate Chaplain Barry Black, a Seventh-day Adventist pastor and retired US Navy rear admiral. [Photo: Becket Fund Foundation]\"},{\"@type\":\"BreadcrumbList\",\"@id\":\"https:\\\/\\\/interamerica.org\\\/es\\\/2024\\\/12\\\/barry-black-capellan-adventista-del-senado-de-los-estados-unidos-se-recupera-despues-de-derrame\\\/#breadcrumb\",\"itemListElement\":[{\"@type\":\"ListItem\",\"position\":1,\"name\":\"Home\",\"item\":\"https:\\\/\\\/interamerica.org\\\/es\\\/\"},{\"@type\":\"ListItem\",\"position\":2,\"name\":\"Barry Black, capell\u00e1n adventista del Senado de los Estados Unidos, se recupera despu\u00e9s de derrame\"}]},{\"@type\":\"WebSite\",\"@id\":\"https:\\\/\\\/interamerica.org\\\/es\\\/#website\",\"url\":\"https:\\\/\\\/interamerica.org\\\/es\\\/\",\"name\":\"Iglesia Adventista del S\u00e9ptimo D\u00eda - Divisi\u00f3n Interamericana\",\"description\":\"\",\"potentialAction\":[{\"@type\":\"SearchAction\",\"target\":{\"@type\":\"EntryPoint\",\"urlTemplate\":\"https:\\\/\\\/interamerica.org\\\/es\\\/?s={search_term_string}\"},\"query-input\":{\"@type\":\"PropertyValueSpecification\",\"valueRequired\":true,\"valueName\":\"search_term_string\"}}],\"inLanguage\":\"es\"},{\"@type\":\"Person\",\"@id\":\"https:\\\/\\\/interamerica.org\\\/es\\\/#\\\/schema\\\/person\\\/29998f2bc2d8bd0d38662909289b54f1\",\"name\":\"libna\",\"image\":{\"@type\":\"ImageObject\",\"inLanguage\":\"es\",\"@id\":\"https:\\\/\\\/secure.gravatar.com\\\/avatar\\\/7c5bd30ae4b47a9ba3c856590957fd1d96dc588bf3ac05719d247e126840331f?s=96&d=mm&r=g\",\"url\":\"https:\\\/\\\/secure.gravatar.com\\\/avatar\\\/7c5bd30ae4b47a9ba3c856590957fd1d96dc588bf3ac05719d247e126840331f?s=96&d=mm&r=g\",\"contentUrl\":\"https:\\\/\\\/secure.gravatar.com\\\/avatar\\\/7c5bd30ae4b47a9ba3c856590957fd1d96dc588bf3ac05719d247e126840331f?s=96&d=mm&r=g\",\"caption\":\"libna\"}}]}<\/script>\n<!-- \/ Yoast SEO plugin. -->","yoast_head_json":{"title":"Barry Black, capell\u00e1n adventista del Senado de los Estados Unidos, se recupera despu\u00e9s de derrame - Iglesia Adventista del S\u00e9ptimo D\u00eda - Divisi\u00f3n Interamericana","robots":{"index":"index","follow":"follow","max-snippet":"max-snippet:-1","max-image-preview":"max-image-preview:large","max-video-preview":"max-video-preview:-1"},"canonical":"https:\/\/interamerica.org\/es\/2024\/12\/barry-black-capellan-adventista-del-senado-de-los-estados-unidos-se-recupera-despues-de-derrame\/","og_locale":"es_ES","og_type":"article","og_title":"Barry Black, capell\u00e1n adventista del Senado de los Estados Unidos, se recupera despu\u00e9s de derrame - Iglesia Adventista del S\u00e9ptimo D\u00eda - Divisi\u00f3n Interamericana","og_description":"Un hematoma subdural lo envi\u00f3 al hospital, pero est\u00e1 mejorando, afirman. 18 de diciembre de 2024 | Silver Spring, Maryland, Estados Unidos | Marcos Paseggi, Adventist Review Barry Black, capell\u00e1n...","og_url":"https:\/\/interamerica.org\/es\/2024\/12\/barry-black-capellan-adventista-del-senado-de-los-estados-unidos-se-recupera-despues-de-derrame\/","og_site_name":"Iglesia Adventista del S\u00e9ptimo D\u00eda - Divisi\u00f3n Interamericana","article_published_time":"2024-12-18T23:21:17+00:00","article_modified_time":"2024-12-20T02:48:02+00:00","og_image":[{"width":1024,"height":683,"url":"https:\/\/interamerica.org\/wp-content\/uploads\/2024\/12\/chaplainblack-32-1024x683-becket-pic.jpg","type":"image\/jpeg"}],"author":"libna","twitter_card":"summary_large_image","twitter_misc":{"Escrito por":"libna","Tiempo de lectura":"4 minutos"},"schema":{"@context":"https:\/\/schema.org","@graph":[{"@type":"Article","@id":"https:\/\/interamerica.org\/es\/2024\/12\/barry-black-capellan-adventista-del-senado-de-los-estados-unidos-se-recupera-despues-de-derrame\/#article","isPartOf":{"@id":"https:\/\/interamerica.org\/es\/2024\/12\/barry-black-capellan-adventista-del-senado-de-los-estados-unidos-se-recupera-despues-de-derrame\/"},"author":{"name":"libna","@id":"https:\/\/interamerica.org\/es\/#\/schema\/person\/29998f2bc2d8bd0d38662909289b54f1"},"headline":"Barry Black, capell\u00e1n adventista del Senado de los Estados Unidos, se recupera despu\u00e9s de derrame","datePublished":"2024-12-18T23:21:17+00:00","dateModified":"2024-12-20T02:48:02+00:00","mainEntityOfPage":{"@id":"https:\/\/interamerica.org\/es\/2024\/12\/barry-black-capellan-adventista-del-senado-de-los-estados-unidos-se-recupera-despues-de-derrame\/"},"wordCount":685,"image":{"@id":"https:\/\/interamerica.org\/es\/2024\/12\/barry-black-capellan-adventista-del-senado-de-los-estados-unidos-se-recupera-despues-de-derrame\/#primaryimage"},"thumbnailUrl":"https:\/\/interamerica.org\/wp-content\/uploads\/2024\/12\/chaplainblack-32-1024x683-becket-pic.jpg","articleSection":["Desde la iglesia mundial","RSS Espa\u00f1ol"],"inLanguage":"es"},{"@type":"WebPage","@id":"https:\/\/interamerica.org\/es\/2024\/12\/barry-black-capellan-adventista-del-senado-de-los-estados-unidos-se-recupera-despues-de-derrame\/","url":"https:\/\/interamerica.org\/es\/2024\/12\/barry-black-capellan-adventista-del-senado-de-los-estados-unidos-se-recupera-despues-de-derrame\/","name":"Barry Black, capell\u00e1n adventista del Senado de los Estados Unidos, se recupera despu\u00e9s de derrame - Iglesia Adventista del S\u00e9ptimo D\u00eda - Divisi\u00f3n Interamericana","isPartOf":{"@id":"https:\/\/interamerica.org\/es\/#website"},"primaryImageOfPage":{"@id":"https:\/\/interamerica.org\/es\/2024\/12\/barry-black-capellan-adventista-del-senado-de-los-estados-unidos-se-recupera-despues-de-derrame\/#primaryimage"},"image":{"@id":"https:\/\/interamerica.org\/es\/2024\/12\/barry-black-capellan-adventista-del-senado-de-los-estados-unidos-se-recupera-despues-de-derrame\/#primaryimage"},"thumbnailUrl":"https:\/\/interamerica.org\/wp-content\/uploads\/2024\/12\/chaplainblack-32-1024x683-becket-pic.jpg","datePublished":"2024-12-18T23:21:17+00:00","dateModified":"2024-12-20T02:48:02+00:00","author":{"@id":"https:\/\/interamerica.org\/es\/#\/schema\/person\/29998f2bc2d8bd0d38662909289b54f1"},"breadcrumb":{"@id":"https:\/\/interamerica.org\/es\/2024\/12\/barry-black-capellan-adventista-del-senado-de-los-estados-unidos-se-recupera-despues-de-derrame\/#breadcrumb"},"inLanguage":"es","potentialAction":[{"@type":"ReadAction","target":["https:\/\/interamerica.org\/es\/2024\/12\/barry-black-capellan-adventista-del-senado-de-los-estados-unidos-se-recupera-despues-de-derrame\/"]}]},{"@type":"ImageObject","inLanguage":"es","@id":"https:\/\/interamerica.org\/es\/2024\/12\/barry-black-capellan-adventista-del-senado-de-los-estados-unidos-se-recupera-despues-de-derrame\/#primaryimage","url":"https:\/\/interamerica.org\/wp-content\/uploads\/2024\/12\/chaplainblack-32-1024x683-becket-pic.jpg","contentUrl":"https:\/\/interamerica.org\/wp-content\/uploads\/2024\/12\/chaplainblack-32-1024x683-becket-pic.jpg","width":1024,"height":683,"caption":"US Senate Chaplain Barry Black, a Seventh-day Adventist pastor and retired US Navy rear admiral. [Photo: Becket Fund Foundation]"},{"@type":"BreadcrumbList","@id":"https:\/\/interamerica.org\/es\/2024\/12\/barry-black-capellan-adventista-del-senado-de-los-estados-unidos-se-recupera-despues-de-derrame\/#breadcrumb","itemListElement":[{"@type":"ListItem","position":1,"name":"Home","item":"https:\/\/interamerica.org\/es\/"},{"@type":"ListItem","position":2,"name":"Barry Black, capell\u00e1n adventista del Senado de los Estados Unidos, se recupera despu\u00e9s de derrame"}]},{"@type":"WebSite","@id":"https:\/\/interamerica.org\/es\/#website","url":"https:\/\/interamerica.org\/es\/","name":"Iglesia Adventista del S\u00e9ptimo D\u00eda - Divisi\u00f3n Interamericana","description":"","potentialAction":[{"@type":"SearchAction","target":{"@type":"EntryPoint","urlTemplate":"https:\/\/interamerica.org\/es\/?s={search_term_string}"},"query-input":{"@type":"PropertyValueSpecification","valueRequired":true,"valueName":"search_term_string"}}],"inLanguage":"es"},{"@type":"Person","@id":"https:\/\/interamerica.org\/es\/#\/schema\/person\/29998f2bc2d8bd0d38662909289b54f1","name":"libna","image":{"@type":"ImageObject","inLanguage":"es","@id":"https:\/\/secure.gravatar.com\/avatar\/7c5bd30ae4b47a9ba3c856590957fd1d96dc588bf3ac05719d247e126840331f?s=96&d=mm&r=g","url":"https:\/\/secure.gravatar.com\/avatar\/7c5bd30ae4b47a9ba3c856590957fd1d96dc588bf3ac05719d247e126840331f?s=96&d=mm&r=g","contentUrl":"https:\/\/secure.gravatar.com\/avatar\/7c5bd30ae4b47a9ba3c856590957fd1d96dc588bf3ac05719d247e126840331f?s=96&d=mm&r=g","caption":"libna"}}]}},"_links":{"self":[{"href":"https:\/\/interamerica.org\/es\/wp-json\/wp\/v2\/posts\/123431","targetHints":{"allow":["GET"]}}],"collection":[{"href":"https:\/\/interamerica.org\/es\/wp-json\/wp\/v2\/posts"}],"about":[{"href":"https:\/\/interamerica.org\/es\/wp-json\/wp\/v2\/types\/post"}],"author":[{"embeddable":true,"href":"https:\/\/interamerica.org\/es\/wp-json\/wp\/v2\/users\/3"}],"replies":[{"embeddable":true,"href":"https:\/\/interamerica.org\/es\/wp-json\/wp\/v2\/comments?post=123431"}],"version-history":[{"count":0,"href":"https:\/\/interamerica.org\/es\/wp-json\/wp\/v2\/posts\/123431\/revisions"}],"wp:featuredmedia":[{"embeddable":true,"href":"https:\/\/interamerica.org\/es\/wp-json\/wp\/v2\/media\/123422"}],"wp:attachment":[{"href":"https:\/\/interamerica.org\/es\/wp-json\/wp\/v2\/media?parent=123431"}],"wp:term":[{"taxonomy":"category","embeddable":true,"href":"https:\/\/interamerica.org\/es\/wp-json\/wp\/v2\/categories?post=123431"},{"taxonomy":"post_tag","embeddable":true,"href":"https:\/\/interamerica.org\/es\/wp-json\/wp\/v2\/tags?post=123431"}],"curies":[{"name":"wp","href":"https:\/\/api.w.org\/{rel}","templated":true}]}}