{"id":123525,"date":"2024-12-22T13:30:42","date_gmt":"2024-12-22T18:30:42","guid":{"rendered":"https:\/\/interamerica.org\/?p=123525"},"modified":"2025-01-01T10:09:05","modified_gmt":"2025-01-01T15:09:05","slug":"adra-aumenta-la-respuesta-humanitaria-en-oriente-medio-en-medios-de-continuos-conflictos","status":"publish","type":"post","link":"https:\/\/interamerica.org\/es\/2024\/12\/adra-aumenta-la-respuesta-humanitaria-en-oriente-medio-en-medios-de-continuos-conflictos\/","title":{"rendered":"ADRA aumenta la respuesta humanitaria en Oriente Medio en medios de continuos conflictos"},"content":{"rendered":"<p class=\"c-post-header__subtitle\"><em>Iniciativas en m\u00faltiples frentes est\u00e1n salvando vidas, afirman los l\u00edderes de la agencia.<\/em><\/p>\n<p>22 de diciembre de 2024 | Silver Spring, Maryland, Estados Unidos | Agencia Adventista de Desarrollo y Recursos Asistenciales, y <em>Adventist Review<\/em><\/p>\n<p>La Agencia Adventista de Desarrollo y Recursos Asistenciales (ADRA) contin\u00faa incrementando su respuesta a emergencias en el L\u00edbano y otros pa\u00edses de Oriente Medio en los que los cambios pol\u00edticos en curso y los fr\u00e1giles esfuerzos de un cese de hostilidades est\u00e1n afectando a las comunidades vulnerables. La regi\u00f3n contin\u00faa haciendo frente a profundas crisis humanitarias, y se han perdido miles de vidas, mientras que otras se han visto sumamente afectadas, como es el caso de las mujeres y los ni\u00f1os.<\/p>\n<p>Desde que se produjo una escalada del conflicto, las Naciones Unidas y las autoridades locales estiman que m\u00e1s de doce millones de personas se han visto desplazadas en la regi\u00f3n, y se espera que ese n\u00famero se incremente en los pr\u00f3ximos meses. En respuesta, ADRA est\u00e1 al frente de esfuerzos de brindar ayuda humanitaria urgente, lo que incluye alimentos, refugio, educaci\u00f3n y apoyo psicosocial.<\/p>\n<p><div id=\"attachment_123512\" style=\"width: 866px\" class=\"wp-caption aligncenter\"><img fetchpriority=\"high\" decoding=\"async\" aria-describedby=\"caption-attachment-123512\" class=\" wp-image-123510\" src=\"https:\/\/interamerica.org\/wp-content\/uploads\/2024\/12\/adrai-dsc05428.jpg\" alt=\"\" width=\"856\" height=\"571\" srcset=\"https:\/\/interamerica.org\/wp-content\/uploads\/2024\/12\/adrai-dsc05428.jpg 1000w, https:\/\/interamerica.org\/wp-content\/uploads\/2024\/12\/adrai-dsc05428-300x200.jpg 300w, https:\/\/interamerica.org\/wp-content\/uploads\/2024\/12\/adrai-dsc05428-768x512.jpg 768w\" sizes=\"(max-width: 856px) 100vw, 856px\" \/><p id=\"caption-attachment-123512\" class=\"wp-caption-text\">Los esfuerzos de asistencia de ADRA en Oriente Medio incluye la provisi\u00f3n y distribuci\u00f3n de productos b\u00e1sicos de higiene personal a muchos de los internamente desplazados de la regi\u00f3n. [Fotograf\u00eda: ADRA Internacional]<\/p><\/div>\u201cADRA est\u00e1 trabajando de cerca con socios nacionales e internacionales para garantizar una respuesta efectiva y coordinada a la creciente crisis humanitaria en Oriente Medio. El conflicto, que se ha complicado a\u00fan m\u00e1s como resultado de la continuada crisis econ\u00f3mica de la regi\u00f3n, est\u00e1 afectamente severamente los servicios b\u00e1sicos y profundizando las necesidades de las familias vulnerables, los ni\u00f1os y los individuos. Al acercarnos a los pr\u00f3ximos meses de invierno, ADRA sigue comprometida para ofrecer tanto alivio inmediato como recuperaci\u00f3n a largo plazo, ayudando a que las comunidades sobrevivan y reconstruyan sus vidas\u201d, dice Nagi Khalil, director de ADRA en Oriente Medio. \u201cNuestro \u00e9nfasis se encuentra en la rehabilitaci\u00f3n de los refugios, distribuci\u00f3n esencial de agua y alimentos, y de servicios de protecci\u00f3n, mientras permanecemos flexibles para adaptar nuestra respuesta a medida que la situaci\u00f3n evoluciona\u201d.<\/p>\n<h3 class=\"wp-block-heading\"><strong>Visi\u00f3n general de la crisis humanitaria<\/strong><\/h3>\n<p>Seg\u00fan la oficina del Alto Comisionado de las Naciones Unidas para los Refugiados (UNHCR), m\u00e1s de 16 millones de personas en toda la regi\u00f3n tienen necesidades urgentes de ayuda y protecci\u00f3n humanitaria. La combinaci\u00f3n de los conflictos continuados y las recientes cat\u00e1strofes naturales han quebrantado a\u00fan m\u00e1s las comunidades que ya est\u00e1n fr\u00e1giles, empuj\u00e1ndolos hasta el l\u00edmite. La crisis es especialmente grave en sectores cr\u00edticos tales como la educaci\u00f3n, la salud, y la infraestructura del agua que han sufrido da\u00f1os severos, exacerbando as\u00ed la vulnerabilidad de las poblaciones afectadas.<\/p>\n<p>Los datos muestran que hay un mill\u00f3n y medio de desplazados, y que unos 95 mil refugiados buscaron seguridad en el L\u00edbano despu\u00e9s de huir de otras regiones. Al mismo tiempo, m\u00e1s de siete mil escuelas han sido destruidas o han sufrido da\u00f1os, y m\u00e1s de 1300 escuelas han estado cerradas como resultado de la inseguridad y la destrucci\u00f3n, dejando a millones de ni\u00f1os sin acceso a la educaci\u00f3n.<\/p>\n<p><div id=\"attachment_123509\" style=\"width: 846px\" class=\"wp-caption aligncenter\"><img decoding=\"async\" aria-describedby=\"caption-attachment-123509\" class=\" wp-image-123507\" src=\"https:\/\/interamerica.org\/wp-content\/uploads\/2024\/12\/adra1-4-1.jpg\" alt=\"\" width=\"836\" height=\"627\" srcset=\"https:\/\/interamerica.org\/wp-content\/uploads\/2024\/12\/adra1-4-1.jpg 900w, https:\/\/interamerica.org\/wp-content\/uploads\/2024\/12\/adra1-4-1-300x225.jpg 300w, https:\/\/interamerica.org\/wp-content\/uploads\/2024\/12\/adra1-4-1-768x576.jpg 768w\" sizes=\"(max-width: 836px) 100vw, 836px\" \/><p id=\"caption-attachment-123509\" class=\"wp-caption-text\">Las actividades recreativas con los ni\u00f1os y sus familias organizadas por ADRA est\u00e1n ayudando a apoyar la salud mental de los afectados por el conflicto de Oriente Medio. [Fotograf\u00eda: ADRA Internacional]<\/p><\/div>En lo que respecta a la atenci\u00f3n de salud, m\u00e1s de 133 cl\u00ednicas y hospitales han sufrido da\u00f1os o han sido destruidos, y m\u00e1s del cuarenta por ciento de las instalaciones de salud de la regi\u00f3n no est\u00e1n en funcionamiento, por lo que millones carecen de atenci\u00f3n m\u00e9dica. Asimismo, 36 plantas de agua potable se han visto da\u00f1adas, lo que ha afectado a casi medio mill\u00f3n de residentes, mientras que 13 millones de personas necesitan con urgencia acceso al agua, los servicios sanitarios y productos higi\u00e9nicos.<\/p>\n<p>Tambi\u00e9n se report\u00f3 que cerca de doscientas mil personas est\u00e1n viviendo en 1173 refugios superpoblados, muchos a capacitad plena. Adem\u00e1s de ello, 473 mil personas que han cruzado a los territorios afectados requieren refugio urgente, alimentos y servicios higi\u00e9nicos. En total, m\u00e1s de cinco millones de refugiados de algunas regiones de Oriente Medio est\u00e1n residiendo actualmente en los pa\u00edses vecinos, lo que incluye a L\u00edbano, Turqu\u00eda y Jordania, poniendo a\u00fan m\u00e1s presi\u00f3n sobre los recursos regionales.<\/p>\n<p>Se espera que esas cifras aumenten a medida que se profundiza la crisis, lo que destaca la necesidad urgente de esfuerzos humanitarios coordinados para responder a las necesidades cada vez m\u00e1s mayores de las poblaciones desplazadas y las comunidades afectadas.<\/p>\n<h3 class=\"wp-block-heading\"><strong>La respuesta de ADRA en Oriente Medio<\/strong><\/h3>\n<p>ADRA ha tenido una presencia fundamental en Oriente Medio, brindando asistencia esencial a poblaciones vulnerables durante m\u00e1s de veinte a\u00f1os, y despu\u00e9s de la devastaci\u00f3n que causaron los terremotos de 2023. A pesar de recientes preocupaciones de seguridad y una suspensi\u00f3n temporaria de las operaciones en algunas regiones debido a transiciones pol\u00edticas, ADRA est\u00e1 expandiendo sus esfuerzos.<\/p>\n<p><div id=\"attachment_123521\" style=\"width: 627px\" class=\"wp-caption aligncenter\"><img decoding=\"async\" aria-describedby=\"caption-attachment-123521\" class=\" wp-image-123519\" src=\"https:\/\/interamerica.org\/wp-content\/uploads\/2024\/12\/adra-i-2-3-906x1024.jpeg\" alt=\"\" width=\"617\" height=\"697\" srcset=\"https:\/\/interamerica.org\/wp-content\/uploads\/2024\/12\/adra-i-2-3-906x1024.jpeg 906w, https:\/\/interamerica.org\/wp-content\/uploads\/2024\/12\/adra-i-2-3-265x300.jpeg 265w, https:\/\/interamerica.org\/wp-content\/uploads\/2024\/12\/adra-i-2-3-768x868.jpeg 768w, https:\/\/interamerica.org\/wp-content\/uploads\/2024\/12\/adra-i-2-3-1359x1536.jpeg 1359w, https:\/\/interamerica.org\/wp-content\/uploads\/2024\/12\/adra-i-2-3-1812x2048.jpeg 1812w\" sizes=\"(max-width: 617px) 100vw, 617px\" \/><p id=\"caption-attachment-123521\" class=\"wp-caption-text\">Dado que miles han sido desplazados y enfrentan inseguridad alimentaria en Oriente Medio, ADRA se ha hecho presente para proveer de art\u00edculos b\u00e1sicos de alimentaci\u00f3n y comidas calientes a miles de personas. [Fotograf\u00eda: ADRA Internacional]<\/p><\/div>La agencia global contin\u00faa colaborando con socios humanitarios para satisfacer las necesidades m\u00e1s urgentes de los desplazados internos (IDP) y las comunidades afectadas, enfoc\u00e1ndose en la seguridad alimentaria, el refugio, la atenci\u00f3n de salud, la educaci\u00f3n, el agua y el apoyo psicol\u00f3gico.<\/p>\n<p>Las actividades claves de la agencia en la regi\u00f3n incluyen la distribuci\u00f3n de alimento a los refugios, tales como lugares de culto y escuelas que albergan a familias desplazadas; y tarjetas que permiten que individuos vulnerables como por ejemplo los ancianos, las embarazadas, los ni\u00f1os menores de cinco a\u00f1os, y los que sufren discapacidades adquieran alimentos destinados a suplir sus necesidades espec\u00edficas. Tambi\u00e9n incluye la distribuci\u00f3n de alimentos y materiales para comidas calientes en las cocinas locales para las familias necesitadas.<\/p>\n<p>ADRA tambi\u00e9n est\u00e1 trabajando en reparaciones esenciales en refugios, mejorando las condiciones de vida y previniendo los brotes de enfermedades; brindando asistencia en efectivo a las familias para que reparen los hogares da\u00f1ados y apoy\u00e1ndolos en su recuperaci\u00f3n; y ayudando a restaurar los comedores comunitarios.<\/p>\n<p>Los l\u00edderes de la agencia en la regi\u00f3n tambi\u00e9n reportaron que ADRA est\u00e1 ofreciendo educaci\u00f3n y apoyo psicol\u00f3gico, lo que incluye la distribuci\u00f3n de libros de texto, uniformes y conjuntos educativos. Tambi\u00e9n est\u00e1 organizando actividades recreativas para los ni\u00f1os y sesiones de bienestar mental para los padres.<\/p>\n<img loading=\"lazy\" decoding=\"async\" class=\"aligncenter wp-image-123516\" src=\"https:\/\/interamerica.org\/wp-content\/uploads\/2024\/12\/adrai-3-1-1024x830.png\" alt=\"\" width=\"852\" height=\"690\" srcset=\"https:\/\/interamerica.org\/wp-content\/uploads\/2024\/12\/adrai-3-1-1024x830.png 1024w, https:\/\/interamerica.org\/wp-content\/uploads\/2024\/12\/adrai-3-1-300x243.png 300w, https:\/\/interamerica.org\/wp-content\/uploads\/2024\/12\/adrai-3-1-768x622.png 768w, https:\/\/interamerica.org\/wp-content\/uploads\/2024\/12\/adrai-3-1-1536x1244.png 1536w, https:\/\/interamerica.org\/wp-content\/uploads\/2024\/12\/adrai-3-1.png 1938w\" sizes=\"(max-width: 852px) 100vw, 852px\" \/>\n<p>Otras actividades incluyen ayudar a las personas a que se preparen para el invierno al distribuir mantas y ropa abrigada y al apoyar la iniciativas de rehabilitaci\u00f3n de la red de agua.<\/p>\n<p>Los l\u00edderes de ADRA dijeron que las necesidades humanitarias en Oriente Medio son abrumadoras. \u201cA pesar de ello, ante tales inmensos desaf\u00edos, ADRA sigue sin duda dedicada a su cometido de ayudar. Con justicia, compasi\u00f3n y amor, ADRA sigue firme junto a las comunidades que est\u00e1n luchando por vencer el impacto devastador de la crisis actual\u201d, expresaron.<\/p>\n<p>\u201cADRA est\u00e1 dedicada a ayudar a los que se han visto m\u00e1s afectados por las circunstancias actuales\u201d, dijo Kelly Dowling, gerenta de programas de respuesta a emergencias de ADRA Internacional. \u201cNos sentimos profundamente agradecidos por el apoyo de los donantes, quienes nos permiten distribuir la ayuda vital a las comunidades que pasan por necesidades desesperantes. Por favor sigan teniendo las comunidades de Oriente Medio en sus pensamientos y oraciones, mientras continuamos caminando junto a ellos en su traves\u00eda hacia la recuperaci\u00f3n\u201d.<\/p>\n<p><em>La <\/em><a href=\"https:\/\/adra.org\/middle-east-adras-lifesaving-humanitarian-response-amid-ongoing-conflict\" target=\"_blank\" rel=\"noopener\"><em>versi\u00f3n original <\/em><\/a><em> de este comunicado fue publicado por <\/em><a href=\"https:\/\/adra.org\/\" target=\"_blank\" rel=\"noopener\"><em>ADRA Internacional<\/em><\/a><em>.<\/em><\/p>\n<p>Traducci\u00f3n de Marcos Paseggi<\/p>\n","protected":false},"excerpt":{"rendered":"<p>Iniciativas en m\u00faltiples frentes est\u00e1n salvando vidas, afirman los l\u00edderes de la agencia. 22 de diciembre de 2024 | Silver Spring, Maryland, Estados Unidos | Agencia Adventista de Desarrollo y&#8230;<\/p>\n","protected":false},"author":3,"featured_media":123512,"comment_status":"closed","ping_status":"closed","sticky":false,"template":"","format":"standard","meta":{"_acf_changed":false,"footnotes":""},"categories":[14,15],"tags":[],"class_list":["post-123525","post","type-post","status-publish","format-standard","has-post-thumbnail","hentry","category-de-la-iglesia-mundial","category-rss-espanol"],"acf":[],"yoast_head":"<!-- This site is optimized with the Yoast SEO plugin v27.3 - https:\/\/yoast.com\/product\/yoast-seo-wordpress\/ -->\n<title>ADRA aumenta la respuesta humanitaria en Oriente Medio en medios de continuos conflictos - Iglesia Adventista del S\u00e9ptimo D\u00eda - Divisi\u00f3n Interamericana<\/title>\n<meta name=\"robots\" content=\"index, follow, max-snippet:-1, max-image-preview:large, max-video-preview:-1\" \/>\n<link rel=\"canonical\" href=\"https:\/\/interamerica.org\/es\/2024\/12\/adra-aumenta-la-respuesta-humanitaria-en-oriente-medio-en-medios-de-continuos-conflictos\/\" \/>\n<meta property=\"og:locale\" content=\"es_ES\" \/>\n<meta property=\"og:type\" content=\"article\" \/>\n<meta property=\"og:title\" content=\"ADRA aumenta la respuesta humanitaria en Oriente Medio en medios de continuos conflictos - Iglesia Adventista del S\u00e9ptimo D\u00eda - Divisi\u00f3n Interamericana\" \/>\n<meta property=\"og:description\" content=\"Iniciativas en m\u00faltiples frentes est\u00e1n salvando vidas, afirman los l\u00edderes de la agencia. 22 de diciembre de 2024 | Silver Spring, Maryland, Estados Unidos | Agencia Adventista de Desarrollo y...\" \/>\n<meta property=\"og:url\" content=\"https:\/\/interamerica.org\/es\/2024\/12\/adra-aumenta-la-respuesta-humanitaria-en-oriente-medio-en-medios-de-continuos-conflictos\/\" \/>\n<meta property=\"og:site_name\" content=\"Iglesia Adventista del S\u00e9ptimo D\u00eda - Divisi\u00f3n Interamericana\" \/>\n<meta property=\"article:published_time\" content=\"2024-12-22T18:30:42+00:00\" \/>\n<meta property=\"article:modified_time\" content=\"2025-01-01T15:09:05+00:00\" \/>\n<meta property=\"og:image\" content=\"https:\/\/interamerica.org\/wp-content\/uploads\/2024\/12\/adrai-dsc05428.jpg\" \/>\n\t<meta property=\"og:image:width\" content=\"1000\" \/>\n\t<meta property=\"og:image:height\" content=\"667\" \/>\n\t<meta property=\"og:image:type\" content=\"image\/jpeg\" \/>\n<meta name=\"author\" content=\"libna\" \/>\n<meta name=\"twitter:card\" content=\"summary_large_image\" \/>\n<meta name=\"twitter:label1\" content=\"Escrito por\" \/>\n\t<meta name=\"twitter:data1\" content=\"libna\" \/>\n\t<meta name=\"twitter:label2\" content=\"Tiempo de lectura\" \/>\n\t<meta name=\"twitter:data2\" content=\"7 minutos\" \/>\n<script type=\"application\/ld+json\" class=\"yoast-schema-graph\">{\"@context\":\"https:\\\/\\\/schema.org\",\"@graph\":[{\"@type\":\"Article\",\"@id\":\"https:\\\/\\\/interamerica.org\\\/es\\\/2024\\\/12\\\/adra-aumenta-la-respuesta-humanitaria-en-oriente-medio-en-medios-de-continuos-conflictos\\\/#article\",\"isPartOf\":{\"@id\":\"https:\\\/\\\/interamerica.org\\\/es\\\/2024\\\/12\\\/adra-aumenta-la-respuesta-humanitaria-en-oriente-medio-en-medios-de-continuos-conflictos\\\/\"},\"author\":{\"name\":\"libna\",\"@id\":\"https:\\\/\\\/interamerica.org\\\/es\\\/#\\\/schema\\\/person\\\/29998f2bc2d8bd0d38662909289b54f1\"},\"headline\":\"ADRA aumenta la respuesta humanitaria en Oriente Medio en medios de continuos conflictos\",\"datePublished\":\"2024-12-22T18:30:42+00:00\",\"dateModified\":\"2025-01-01T15:09:05+00:00\",\"mainEntityOfPage\":{\"@id\":\"https:\\\/\\\/interamerica.org\\\/es\\\/2024\\\/12\\\/adra-aumenta-la-respuesta-humanitaria-en-oriente-medio-en-medios-de-continuos-conflictos\\\/\"},\"wordCount\":1397,\"image\":{\"@id\":\"https:\\\/\\\/interamerica.org\\\/es\\\/2024\\\/12\\\/adra-aumenta-la-respuesta-humanitaria-en-oriente-medio-en-medios-de-continuos-conflictos\\\/#primaryimage\"},\"thumbnailUrl\":\"https:\\\/\\\/interamerica.org\\\/wp-content\\\/uploads\\\/2024\\\/12\\\/adrai-dsc05428.jpg\",\"articleSection\":[\"Desde la iglesia mundial\",\"RSS Espa\u00f1ol\"],\"inLanguage\":\"es\"},{\"@type\":\"WebPage\",\"@id\":\"https:\\\/\\\/interamerica.org\\\/es\\\/2024\\\/12\\\/adra-aumenta-la-respuesta-humanitaria-en-oriente-medio-en-medios-de-continuos-conflictos\\\/\",\"url\":\"https:\\\/\\\/interamerica.org\\\/es\\\/2024\\\/12\\\/adra-aumenta-la-respuesta-humanitaria-en-oriente-medio-en-medios-de-continuos-conflictos\\\/\",\"name\":\"ADRA aumenta la respuesta humanitaria en Oriente Medio en medios de continuos conflictos - Iglesia Adventista del S\u00e9ptimo D\u00eda - Divisi\u00f3n Interamericana\",\"isPartOf\":{\"@id\":\"https:\\\/\\\/interamerica.org\\\/es\\\/#website\"},\"primaryImageOfPage\":{\"@id\":\"https:\\\/\\\/interamerica.org\\\/es\\\/2024\\\/12\\\/adra-aumenta-la-respuesta-humanitaria-en-oriente-medio-en-medios-de-continuos-conflictos\\\/#primaryimage\"},\"image\":{\"@id\":\"https:\\\/\\\/interamerica.org\\\/es\\\/2024\\\/12\\\/adra-aumenta-la-respuesta-humanitaria-en-oriente-medio-en-medios-de-continuos-conflictos\\\/#primaryimage\"},\"thumbnailUrl\":\"https:\\\/\\\/interamerica.org\\\/wp-content\\\/uploads\\\/2024\\\/12\\\/adrai-dsc05428.jpg\",\"datePublished\":\"2024-12-22T18:30:42+00:00\",\"dateModified\":\"2025-01-01T15:09:05+00:00\",\"author\":{\"@id\":\"https:\\\/\\\/interamerica.org\\\/es\\\/#\\\/schema\\\/person\\\/29998f2bc2d8bd0d38662909289b54f1\"},\"breadcrumb\":{\"@id\":\"https:\\\/\\\/interamerica.org\\\/es\\\/2024\\\/12\\\/adra-aumenta-la-respuesta-humanitaria-en-oriente-medio-en-medios-de-continuos-conflictos\\\/#breadcrumb\"},\"inLanguage\":\"es\",\"potentialAction\":[{\"@type\":\"ReadAction\",\"target\":[\"https:\\\/\\\/interamerica.org\\\/es\\\/2024\\\/12\\\/adra-aumenta-la-respuesta-humanitaria-en-oriente-medio-en-medios-de-continuos-conflictos\\\/\"]}]},{\"@type\":\"ImageObject\",\"inLanguage\":\"es\",\"@id\":\"https:\\\/\\\/interamerica.org\\\/es\\\/2024\\\/12\\\/adra-aumenta-la-respuesta-humanitaria-en-oriente-medio-en-medios-de-continuos-conflictos\\\/#primaryimage\",\"url\":\"https:\\\/\\\/interamerica.org\\\/wp-content\\\/uploads\\\/2024\\\/12\\\/adrai-dsc05428.jpg\",\"contentUrl\":\"https:\\\/\\\/interamerica.org\\\/wp-content\\\/uploads\\\/2024\\\/12\\\/adrai-dsc05428.jpg\",\"width\":1000,\"height\":667,\"caption\":\"ADRA assistance efforts in the Middle East include providing and distributing basic hygiene products to many of the internally displaced people across the region. [Photo: ADRA International]\"},{\"@type\":\"BreadcrumbList\",\"@id\":\"https:\\\/\\\/interamerica.org\\\/es\\\/2024\\\/12\\\/adra-aumenta-la-respuesta-humanitaria-en-oriente-medio-en-medios-de-continuos-conflictos\\\/#breadcrumb\",\"itemListElement\":[{\"@type\":\"ListItem\",\"position\":1,\"name\":\"Home\",\"item\":\"https:\\\/\\\/interamerica.org\\\/es\\\/\"},{\"@type\":\"ListItem\",\"position\":2,\"name\":\"ADRA aumenta la respuesta humanitaria en Oriente Medio en medios de continuos conflictos\"}]},{\"@type\":\"WebSite\",\"@id\":\"https:\\\/\\\/interamerica.org\\\/es\\\/#website\",\"url\":\"https:\\\/\\\/interamerica.org\\\/es\\\/\",\"name\":\"Iglesia Adventista del S\u00e9ptimo D\u00eda - Divisi\u00f3n Interamericana\",\"description\":\"\",\"potentialAction\":[{\"@type\":\"SearchAction\",\"target\":{\"@type\":\"EntryPoint\",\"urlTemplate\":\"https:\\\/\\\/interamerica.org\\\/es\\\/?s={search_term_string}\"},\"query-input\":{\"@type\":\"PropertyValueSpecification\",\"valueRequired\":true,\"valueName\":\"search_term_string\"}}],\"inLanguage\":\"es\"},{\"@type\":\"Person\",\"@id\":\"https:\\\/\\\/interamerica.org\\\/es\\\/#\\\/schema\\\/person\\\/29998f2bc2d8bd0d38662909289b54f1\",\"name\":\"libna\",\"image\":{\"@type\":\"ImageObject\",\"inLanguage\":\"es\",\"@id\":\"https:\\\/\\\/secure.gravatar.com\\\/avatar\\\/7c5bd30ae4b47a9ba3c856590957fd1d96dc588bf3ac05719d247e126840331f?s=96&d=mm&r=g\",\"url\":\"https:\\\/\\\/secure.gravatar.com\\\/avatar\\\/7c5bd30ae4b47a9ba3c856590957fd1d96dc588bf3ac05719d247e126840331f?s=96&d=mm&r=g\",\"contentUrl\":\"https:\\\/\\\/secure.gravatar.com\\\/avatar\\\/7c5bd30ae4b47a9ba3c856590957fd1d96dc588bf3ac05719d247e126840331f?s=96&d=mm&r=g\",\"caption\":\"libna\"}}]}<\/script>\n<!-- \/ Yoast SEO plugin. -->","yoast_head_json":{"title":"ADRA aumenta la respuesta humanitaria en Oriente Medio en medios de continuos conflictos - Iglesia Adventista del S\u00e9ptimo D\u00eda - Divisi\u00f3n Interamericana","robots":{"index":"index","follow":"follow","max-snippet":"max-snippet:-1","max-image-preview":"max-image-preview:large","max-video-preview":"max-video-preview:-1"},"canonical":"https:\/\/interamerica.org\/es\/2024\/12\/adra-aumenta-la-respuesta-humanitaria-en-oriente-medio-en-medios-de-continuos-conflictos\/","og_locale":"es_ES","og_type":"article","og_title":"ADRA aumenta la respuesta humanitaria en Oriente Medio en medios de continuos conflictos - Iglesia Adventista del S\u00e9ptimo D\u00eda - Divisi\u00f3n Interamericana","og_description":"Iniciativas en m\u00faltiples frentes est\u00e1n salvando vidas, afirman los l\u00edderes de la agencia. 22 de diciembre de 2024 | Silver Spring, Maryland, Estados Unidos | Agencia Adventista de Desarrollo y...","og_url":"https:\/\/interamerica.org\/es\/2024\/12\/adra-aumenta-la-respuesta-humanitaria-en-oriente-medio-en-medios-de-continuos-conflictos\/","og_site_name":"Iglesia Adventista del S\u00e9ptimo D\u00eda - Divisi\u00f3n Interamericana","article_published_time":"2024-12-22T18:30:42+00:00","article_modified_time":"2025-01-01T15:09:05+00:00","og_image":[{"width":1000,"height":667,"url":"https:\/\/interamerica.org\/wp-content\/uploads\/2024\/12\/adrai-dsc05428.jpg","type":"image\/jpeg"}],"author":"libna","twitter_card":"summary_large_image","twitter_misc":{"Escrito por":"libna","Tiempo de lectura":"7 minutos"},"schema":{"@context":"https:\/\/schema.org","@graph":[{"@type":"Article","@id":"https:\/\/interamerica.org\/es\/2024\/12\/adra-aumenta-la-respuesta-humanitaria-en-oriente-medio-en-medios-de-continuos-conflictos\/#article","isPartOf":{"@id":"https:\/\/interamerica.org\/es\/2024\/12\/adra-aumenta-la-respuesta-humanitaria-en-oriente-medio-en-medios-de-continuos-conflictos\/"},"author":{"name":"libna","@id":"https:\/\/interamerica.org\/es\/#\/schema\/person\/29998f2bc2d8bd0d38662909289b54f1"},"headline":"ADRA aumenta la respuesta humanitaria en Oriente Medio en medios de continuos conflictos","datePublished":"2024-12-22T18:30:42+00:00","dateModified":"2025-01-01T15:09:05+00:00","mainEntityOfPage":{"@id":"https:\/\/interamerica.org\/es\/2024\/12\/adra-aumenta-la-respuesta-humanitaria-en-oriente-medio-en-medios-de-continuos-conflictos\/"},"wordCount":1397,"image":{"@id":"https:\/\/interamerica.org\/es\/2024\/12\/adra-aumenta-la-respuesta-humanitaria-en-oriente-medio-en-medios-de-continuos-conflictos\/#primaryimage"},"thumbnailUrl":"https:\/\/interamerica.org\/wp-content\/uploads\/2024\/12\/adrai-dsc05428.jpg","articleSection":["Desde la iglesia mundial","RSS Espa\u00f1ol"],"inLanguage":"es"},{"@type":"WebPage","@id":"https:\/\/interamerica.org\/es\/2024\/12\/adra-aumenta-la-respuesta-humanitaria-en-oriente-medio-en-medios-de-continuos-conflictos\/","url":"https:\/\/interamerica.org\/es\/2024\/12\/adra-aumenta-la-respuesta-humanitaria-en-oriente-medio-en-medios-de-continuos-conflictos\/","name":"ADRA aumenta la respuesta humanitaria en Oriente Medio en medios de continuos conflictos - Iglesia Adventista del S\u00e9ptimo D\u00eda - Divisi\u00f3n Interamericana","isPartOf":{"@id":"https:\/\/interamerica.org\/es\/#website"},"primaryImageOfPage":{"@id":"https:\/\/interamerica.org\/es\/2024\/12\/adra-aumenta-la-respuesta-humanitaria-en-oriente-medio-en-medios-de-continuos-conflictos\/#primaryimage"},"image":{"@id":"https:\/\/interamerica.org\/es\/2024\/12\/adra-aumenta-la-respuesta-humanitaria-en-oriente-medio-en-medios-de-continuos-conflictos\/#primaryimage"},"thumbnailUrl":"https:\/\/interamerica.org\/wp-content\/uploads\/2024\/12\/adrai-dsc05428.jpg","datePublished":"2024-12-22T18:30:42+00:00","dateModified":"2025-01-01T15:09:05+00:00","author":{"@id":"https:\/\/interamerica.org\/es\/#\/schema\/person\/29998f2bc2d8bd0d38662909289b54f1"},"breadcrumb":{"@id":"https:\/\/interamerica.org\/es\/2024\/12\/adra-aumenta-la-respuesta-humanitaria-en-oriente-medio-en-medios-de-continuos-conflictos\/#breadcrumb"},"inLanguage":"es","potentialAction":[{"@type":"ReadAction","target":["https:\/\/interamerica.org\/es\/2024\/12\/adra-aumenta-la-respuesta-humanitaria-en-oriente-medio-en-medios-de-continuos-conflictos\/"]}]},{"@type":"ImageObject","inLanguage":"es","@id":"https:\/\/interamerica.org\/es\/2024\/12\/adra-aumenta-la-respuesta-humanitaria-en-oriente-medio-en-medios-de-continuos-conflictos\/#primaryimage","url":"https:\/\/interamerica.org\/wp-content\/uploads\/2024\/12\/adrai-dsc05428.jpg","contentUrl":"https:\/\/interamerica.org\/wp-content\/uploads\/2024\/12\/adrai-dsc05428.jpg","width":1000,"height":667,"caption":"ADRA assistance efforts in the Middle East include providing and distributing basic hygiene products to many of the internally displaced people across the region. [Photo: ADRA International]"},{"@type":"BreadcrumbList","@id":"https:\/\/interamerica.org\/es\/2024\/12\/adra-aumenta-la-respuesta-humanitaria-en-oriente-medio-en-medios-de-continuos-conflictos\/#breadcrumb","itemListElement":[{"@type":"ListItem","position":1,"name":"Home","item":"https:\/\/interamerica.org\/es\/"},{"@type":"ListItem","position":2,"name":"ADRA aumenta la respuesta humanitaria en Oriente Medio en medios de continuos conflictos"}]},{"@type":"WebSite","@id":"https:\/\/interamerica.org\/es\/#website","url":"https:\/\/interamerica.org\/es\/","name":"Iglesia Adventista del S\u00e9ptimo D\u00eda - Divisi\u00f3n Interamericana","description":"","potentialAction":[{"@type":"SearchAction","target":{"@type":"EntryPoint","urlTemplate":"https:\/\/interamerica.org\/es\/?s={search_term_string}"},"query-input":{"@type":"PropertyValueSpecification","valueRequired":true,"valueName":"search_term_string"}}],"inLanguage":"es"},{"@type":"Person","@id":"https:\/\/interamerica.org\/es\/#\/schema\/person\/29998f2bc2d8bd0d38662909289b54f1","name":"libna","image":{"@type":"ImageObject","inLanguage":"es","@id":"https:\/\/secure.gravatar.com\/avatar\/7c5bd30ae4b47a9ba3c856590957fd1d96dc588bf3ac05719d247e126840331f?s=96&d=mm&r=g","url":"https:\/\/secure.gravatar.com\/avatar\/7c5bd30ae4b47a9ba3c856590957fd1d96dc588bf3ac05719d247e126840331f?s=96&d=mm&r=g","contentUrl":"https:\/\/secure.gravatar.com\/avatar\/7c5bd30ae4b47a9ba3c856590957fd1d96dc588bf3ac05719d247e126840331f?s=96&d=mm&r=g","caption":"libna"}}]}},"_links":{"self":[{"href":"https:\/\/interamerica.org\/es\/wp-json\/wp\/v2\/posts\/123525","targetHints":{"allow":["GET"]}}],"collection":[{"href":"https:\/\/interamerica.org\/es\/wp-json\/wp\/v2\/posts"}],"about":[{"href":"https:\/\/interamerica.org\/es\/wp-json\/wp\/v2\/types\/post"}],"author":[{"embeddable":true,"href":"https:\/\/interamerica.org\/es\/wp-json\/wp\/v2\/users\/3"}],"replies":[{"embeddable":true,"href":"https:\/\/interamerica.org\/es\/wp-json\/wp\/v2\/comments?post=123525"}],"version-history":[{"count":0,"href":"https:\/\/interamerica.org\/es\/wp-json\/wp\/v2\/posts\/123525\/revisions"}],"wp:featuredmedia":[{"embeddable":true,"href":"https:\/\/interamerica.org\/es\/wp-json\/wp\/v2\/media\/123512"}],"wp:attachment":[{"href":"https:\/\/interamerica.org\/es\/wp-json\/wp\/v2\/media?parent=123525"}],"wp:term":[{"taxonomy":"category","embeddable":true,"href":"https:\/\/interamerica.org\/es\/wp-json\/wp\/v2\/categories?post=123525"},{"taxonomy":"post_tag","embeddable":true,"href":"https:\/\/interamerica.org\/es\/wp-json\/wp\/v2\/tags?post=123525"}],"curies":[{"name":"wp","href":"https:\/\/api.w.org\/{rel}","templated":true}]}}