{"id":123564,"date":"2024-12-31T10:04:07","date_gmt":"2024-12-31T15:04:07","guid":{"rendered":"https:\/\/interamerica.org\/?p=123564"},"modified":"2025-01-01T15:33:07","modified_gmt":"2025-01-01T20:33:07","slug":"hay-adventistas-estan-entre-los-fallecidos-por-el-accidente-de-avion-en-corea-del-sur","status":"publish","type":"post","link":"https:\/\/interamerica.org\/es\/2024\/12\/hay-adventistas-estan-entre-los-fallecidos-por-el-accidente-de-avion-en-corea-del-sur\/","title":{"rendered":"Hay adventistas est\u00e1n entre los fallecidos por el accidente de avi\u00f3n en Corea del Sur"},"content":{"rendered":"<p class=\"c-post-header__subtitle\"><em>Los l\u00edderes regionales de la iglesia piden orar por los que perdieron a un familiar.<\/em><\/p>\n<p>31 de diciembre de 2024 | Se\u00fal, Corea del Sur | Uni\u00f3n Asociaci\u00f3n Coreana; y <em>Adventist Review<\/em><\/p>\n<p>Varios miembros de la Iglesia Adventista del S\u00e9ptimo D\u00eda se encuentran entre los fallecidos en el accidente de avi\u00f3n que se produjo en el Aeropuerto Internacional de Muan en la Provincia de Jeolla Sur, Corea del Sur, el 29 de diciembre. Los l\u00edderes de la Uni\u00f3n Asociaci\u00f3n Coreana (KUC) emitieron un comunicado para expresar sus condolencias y pedir a los miembros de iglesia de todo el mundo para que oren por los que han perdido familiares.<\/p>\n<p>Entre las 179 personas que se inform\u00f3 perdieron la vida, \u201cel avi\u00f3n que se estrell\u00f3 estaba llevando a un l\u00edder adventista y su esposa; su hijo; dos estudiantes de una escuela adventista y sus padres; y un adventista en viaje de negocios\u201d, informaron los l\u00edderes adventistas en la regi\u00f3n\u201d.<\/p>\n<p>El comunicado del 30 de diciembre tambi\u00e9n pidi\u00f3 a los miembros de iglesia que oren por los que est\u00e1n trabajando en conexi\u00f3n con la cat\u00e1strofe. \u201cPedimos a Dios que otorgue un consuelo especial y paz a los corazones de los familiares en esta tr\u00e1gica situaci\u00f3n, y esperamos la sabidur\u00eda y el poder de Dios con los que est\u00e1n participando de los esfuerzos de recuperaci\u00f3n y asistencia despu\u00e9s del accidente\u201d, expres\u00f3 el comunicado. \u201cTambi\u00e9n oro para que todos los que est\u00e1n profundamente tristes por este accidente reciban el consuelo del amor de Dios, y para que sus heridas sean sanadas mediante la esperanza del cielo\u201d.<\/p>\n<p>Los l\u00edderes de la Uni\u00f3n Asociaci\u00f3n Coreana solicitaron oraciones intercesoras urgentes en todas las iglesias y entre todos los creyentes dentro de su territorio y a\u00fan m\u00e1s all\u00e1. Los l\u00edderes tambi\u00e9n solicitaron que se investigue a fondo la causa del accidente, para que no se repita la misma tragedia, y para que el gobierno y las autoridades pertinentes fortalezcan la seguridad p\u00fablica despu\u00e9s de este accidente. \u201cQue el consuelo y la paz de Dios est\u00e9 con los corazones de todos los que sufren\u201d, expresaron.<\/p>\n<p>Los medios de comunicaci\u00f3n reportaron que el avi\u00f3n, que hab\u00eda salido de Bangkok, Tailandia, choc\u00f3 con algunos p\u00e1jaros mientras se aproximaba al aeropuerto. Por razones que a\u00fan est\u00e1n siendo investigadas, los pilotos no pudieron desplegar a tiempo el tren de aterrizaje del avi\u00f3n o bajar las aletas conocidas como \u201cflaps\u201d. Despu\u00e9s de aterrizar de panza, la aeronave, que llevaba 175 pasajeros y seis tripulantes, sigui\u00f3 rodando al final de la pista, choc\u00f3 contra un muro de concreto y explot\u00f3 en llamas. Solo dos personas fueron rescatadas con vida y llevadas a hospitales de la zona.<\/p>\n<p>Seg\u00fan estad\u00edsticas oficiales de la iglesia, para el 30 de junio de 2023, la Uni\u00f3n Asociaci\u00f3n Coreana contaba con 263.237 miembros bautizados, que se reun\u00edan en 699 iglesias pertenecientes a cinco asociaciones y el territorio de la Regi\u00f3n de Jeju. La regi\u00f3n eclesi\u00e1stica tambi\u00e9n incluye instituciones de importancia, como por ejemplo la <a href=\"https:\/\/www.syu.ac.kr\/eng\/\" target=\"_blank\" rel=\"noopener\">Universidad Sahmyook<\/a> y <a href=\"https:\/\/www.sahmyook.co.kr\/\" target=\"_blank\" rel=\"noopener\">Alimentos Sahmyook<\/a>.<\/p>\n<p>Traducci\u00f3n de Marcos Paseggi<\/p>\n","protected":false},"excerpt":{"rendered":"<p>Los l\u00edderes regionales de la iglesia piden orar por los que perdieron a un familiar. 31 de diciembre de 2024 | Se\u00fal, Corea del Sur | Uni\u00f3n Asociaci\u00f3n Coreana; y&#8230;<\/p>\n","protected":false},"author":3,"featured_media":123536,"comment_status":"closed","ping_status":"closed","sticky":false,"template":"","format":"standard","meta":{"_acf_changed":false,"footnotes":""},"categories":[14,15],"tags":[],"class_list":["post-123564","post","type-post","status-publish","format-standard","has-post-thumbnail","hentry","category-de-la-iglesia-mundial","category-rss-espanol"],"acf":[],"yoast_head":"<!-- This site is optimized with the Yoast SEO plugin v27.3 - https:\/\/yoast.com\/product\/yoast-seo-wordpress\/ -->\n<title>Hay adventistas est\u00e1n entre los fallecidos por el accidente de avi\u00f3n en Corea del Sur - Iglesia Adventista del S\u00e9ptimo D\u00eda - Divisi\u00f3n Interamericana<\/title>\n<meta name=\"robots\" content=\"index, follow, max-snippet:-1, max-image-preview:large, max-video-preview:-1\" \/>\n<link rel=\"canonical\" href=\"https:\/\/interamerica.org\/es\/2024\/12\/hay-adventistas-estan-entre-los-fallecidos-por-el-accidente-de-avion-en-corea-del-sur\/\" \/>\n<meta property=\"og:locale\" content=\"es_ES\" \/>\n<meta property=\"og:type\" content=\"article\" \/>\n<meta property=\"og:title\" content=\"Hay adventistas est\u00e1n entre los fallecidos por el accidente de avi\u00f3n en Corea del Sur - Iglesia Adventista del S\u00e9ptimo D\u00eda - Divisi\u00f3n Interamericana\" \/>\n<meta property=\"og:description\" content=\"Los l\u00edderes regionales de la iglesia piden orar por los que perdieron a un familiar. 31 de diciembre de 2024 | Se\u00fal, Corea del Sur | Uni\u00f3n Asociaci\u00f3n Coreana; y...\" \/>\n<meta property=\"og:url\" content=\"https:\/\/interamerica.org\/es\/2024\/12\/hay-adventistas-estan-entre-los-fallecidos-por-el-accidente-de-avion-en-corea-del-sur\/\" \/>\n<meta property=\"og:site_name\" content=\"Iglesia Adventista del S\u00e9ptimo D\u00eda - Divisi\u00f3n Interamericana\" \/>\n<meta property=\"article:published_time\" content=\"2024-12-31T15:04:07+00:00\" \/>\n<meta property=\"article:modified_time\" content=\"2025-01-01T20:33:07+00:00\" \/>\n<meta property=\"og:image\" content=\"https:\/\/interamerica.org\/wp-content\/uploads\/2025\/01\/seungmin-yoon-k8df9vqehuo-unsplash.jpg\" \/>\n\t<meta property=\"og:image:width\" content=\"1000\" \/>\n\t<meta property=\"og:image:height\" content=\"667\" \/>\n\t<meta property=\"og:image:type\" content=\"image\/jpeg\" \/>\n<meta name=\"author\" content=\"libna\" \/>\n<meta name=\"twitter:card\" content=\"summary_large_image\" \/>\n<meta name=\"twitter:label1\" content=\"Escrito por\" \/>\n\t<meta name=\"twitter:data1\" content=\"libna\" \/>\n\t<meta name=\"twitter:label2\" content=\"Tiempo de lectura\" \/>\n\t<meta name=\"twitter:data2\" content=\"3 minutos\" \/>\n<script type=\"application\/ld+json\" class=\"yoast-schema-graph\">{\"@context\":\"https:\\\/\\\/schema.org\",\"@graph\":[{\"@type\":\"Article\",\"@id\":\"https:\\\/\\\/interamerica.org\\\/es\\\/2024\\\/12\\\/hay-adventistas-estan-entre-los-fallecidos-por-el-accidente-de-avion-en-corea-del-sur\\\/#article\",\"isPartOf\":{\"@id\":\"https:\\\/\\\/interamerica.org\\\/es\\\/2024\\\/12\\\/hay-adventistas-estan-entre-los-fallecidos-por-el-accidente-de-avion-en-corea-del-sur\\\/\"},\"author\":{\"name\":\"libna\",\"@id\":\"https:\\\/\\\/interamerica.org\\\/es\\\/#\\\/schema\\\/person\\\/29998f2bc2d8bd0d38662909289b54f1\"},\"headline\":\"Hay adventistas est\u00e1n entre los fallecidos por el accidente de avi\u00f3n en Corea del Sur\",\"datePublished\":\"2024-12-31T15:04:07+00:00\",\"dateModified\":\"2025-01-01T20:33:07+00:00\",\"mainEntityOfPage\":{\"@id\":\"https:\\\/\\\/interamerica.org\\\/es\\\/2024\\\/12\\\/hay-adventistas-estan-entre-los-fallecidos-por-el-accidente-de-avion-en-corea-del-sur\\\/\"},\"wordCount\":559,\"image\":{\"@id\":\"https:\\\/\\\/interamerica.org\\\/es\\\/2024\\\/12\\\/hay-adventistas-estan-entre-los-fallecidos-por-el-accidente-de-avion-en-corea-del-sur\\\/#primaryimage\"},\"thumbnailUrl\":\"https:\\\/\\\/interamerica.org\\\/wp-content\\\/uploads\\\/2025\\\/01\\\/seungmin-yoon-k8df9vqehuo-unsplash.jpg\",\"articleSection\":[\"Desde la iglesia mundial\",\"RSS Espa\u00f1ol\"],\"inLanguage\":\"es\"},{\"@type\":\"WebPage\",\"@id\":\"https:\\\/\\\/interamerica.org\\\/es\\\/2024\\\/12\\\/hay-adventistas-estan-entre-los-fallecidos-por-el-accidente-de-avion-en-corea-del-sur\\\/\",\"url\":\"https:\\\/\\\/interamerica.org\\\/es\\\/2024\\\/12\\\/hay-adventistas-estan-entre-los-fallecidos-por-el-accidente-de-avion-en-corea-del-sur\\\/\",\"name\":\"Hay adventistas est\u00e1n entre los fallecidos por el accidente de avi\u00f3n en Corea del Sur - Iglesia Adventista del S\u00e9ptimo D\u00eda - Divisi\u00f3n Interamericana\",\"isPartOf\":{\"@id\":\"https:\\\/\\\/interamerica.org\\\/es\\\/#website\"},\"primaryImageOfPage\":{\"@id\":\"https:\\\/\\\/interamerica.org\\\/es\\\/2024\\\/12\\\/hay-adventistas-estan-entre-los-fallecidos-por-el-accidente-de-avion-en-corea-del-sur\\\/#primaryimage\"},\"image\":{\"@id\":\"https:\\\/\\\/interamerica.org\\\/es\\\/2024\\\/12\\\/hay-adventistas-estan-entre-los-fallecidos-por-el-accidente-de-avion-en-corea-del-sur\\\/#primaryimage\"},\"thumbnailUrl\":\"https:\\\/\\\/interamerica.org\\\/wp-content\\\/uploads\\\/2025\\\/01\\\/seungmin-yoon-k8df9vqehuo-unsplash.jpg\",\"datePublished\":\"2024-12-31T15:04:07+00:00\",\"dateModified\":\"2025-01-01T20:33:07+00:00\",\"author\":{\"@id\":\"https:\\\/\\\/interamerica.org\\\/es\\\/#\\\/schema\\\/person\\\/29998f2bc2d8bd0d38662909289b54f1\"},\"breadcrumb\":{\"@id\":\"https:\\\/\\\/interamerica.org\\\/es\\\/2024\\\/12\\\/hay-adventistas-estan-entre-los-fallecidos-por-el-accidente-de-avion-en-corea-del-sur\\\/#breadcrumb\"},\"inLanguage\":\"es\",\"potentialAction\":[{\"@type\":\"ReadAction\",\"target\":[\"https:\\\/\\\/interamerica.org\\\/es\\\/2024\\\/12\\\/hay-adventistas-estan-entre-los-fallecidos-por-el-accidente-de-avion-en-corea-del-sur\\\/\"]}]},{\"@type\":\"ImageObject\",\"inLanguage\":\"es\",\"@id\":\"https:\\\/\\\/interamerica.org\\\/es\\\/2024\\\/12\\\/hay-adventistas-estan-entre-los-fallecidos-por-el-accidente-de-avion-en-corea-del-sur\\\/#primaryimage\",\"url\":\"https:\\\/\\\/interamerica.org\\\/wp-content\\\/uploads\\\/2025\\\/01\\\/seungmin-yoon-k8df9vqehuo-unsplash.jpg\",\"contentUrl\":\"https:\\\/\\\/interamerica.org\\\/wp-content\\\/uploads\\\/2025\\\/01\\\/seungmin-yoon-k8df9vqehuo-unsplash.jpg\",\"width\":1000,\"height\":667,\"caption\":\"[Photo: Seungmin Yoon \\\/ Unsplash]\"},{\"@type\":\"BreadcrumbList\",\"@id\":\"https:\\\/\\\/interamerica.org\\\/es\\\/2024\\\/12\\\/hay-adventistas-estan-entre-los-fallecidos-por-el-accidente-de-avion-en-corea-del-sur\\\/#breadcrumb\",\"itemListElement\":[{\"@type\":\"ListItem\",\"position\":1,\"name\":\"Home\",\"item\":\"https:\\\/\\\/interamerica.org\\\/es\\\/\"},{\"@type\":\"ListItem\",\"position\":2,\"name\":\"Hay adventistas est\u00e1n entre los fallecidos por el accidente de avi\u00f3n en Corea del Sur\"}]},{\"@type\":\"WebSite\",\"@id\":\"https:\\\/\\\/interamerica.org\\\/es\\\/#website\",\"url\":\"https:\\\/\\\/interamerica.org\\\/es\\\/\",\"name\":\"Iglesia Adventista del S\u00e9ptimo D\u00eda - Divisi\u00f3n Interamericana\",\"description\":\"\",\"potentialAction\":[{\"@type\":\"SearchAction\",\"target\":{\"@type\":\"EntryPoint\",\"urlTemplate\":\"https:\\\/\\\/interamerica.org\\\/es\\\/?s={search_term_string}\"},\"query-input\":{\"@type\":\"PropertyValueSpecification\",\"valueRequired\":true,\"valueName\":\"search_term_string\"}}],\"inLanguage\":\"es\"},{\"@type\":\"Person\",\"@id\":\"https:\\\/\\\/interamerica.org\\\/es\\\/#\\\/schema\\\/person\\\/29998f2bc2d8bd0d38662909289b54f1\",\"name\":\"libna\",\"image\":{\"@type\":\"ImageObject\",\"inLanguage\":\"es\",\"@id\":\"https:\\\/\\\/secure.gravatar.com\\\/avatar\\\/7c5bd30ae4b47a9ba3c856590957fd1d96dc588bf3ac05719d247e126840331f?s=96&d=mm&r=g\",\"url\":\"https:\\\/\\\/secure.gravatar.com\\\/avatar\\\/7c5bd30ae4b47a9ba3c856590957fd1d96dc588bf3ac05719d247e126840331f?s=96&d=mm&r=g\",\"contentUrl\":\"https:\\\/\\\/secure.gravatar.com\\\/avatar\\\/7c5bd30ae4b47a9ba3c856590957fd1d96dc588bf3ac05719d247e126840331f?s=96&d=mm&r=g\",\"caption\":\"libna\"}}]}<\/script>\n<!-- \/ Yoast SEO plugin. -->","yoast_head_json":{"title":"Hay adventistas est\u00e1n entre los fallecidos por el accidente de avi\u00f3n en Corea del Sur - Iglesia Adventista del S\u00e9ptimo D\u00eda - Divisi\u00f3n Interamericana","robots":{"index":"index","follow":"follow","max-snippet":"max-snippet:-1","max-image-preview":"max-image-preview:large","max-video-preview":"max-video-preview:-1"},"canonical":"https:\/\/interamerica.org\/es\/2024\/12\/hay-adventistas-estan-entre-los-fallecidos-por-el-accidente-de-avion-en-corea-del-sur\/","og_locale":"es_ES","og_type":"article","og_title":"Hay adventistas est\u00e1n entre los fallecidos por el accidente de avi\u00f3n en Corea del Sur - Iglesia Adventista del S\u00e9ptimo D\u00eda - Divisi\u00f3n Interamericana","og_description":"Los l\u00edderes regionales de la iglesia piden orar por los que perdieron a un familiar. 31 de diciembre de 2024 | Se\u00fal, Corea del Sur | Uni\u00f3n Asociaci\u00f3n Coreana; y...","og_url":"https:\/\/interamerica.org\/es\/2024\/12\/hay-adventistas-estan-entre-los-fallecidos-por-el-accidente-de-avion-en-corea-del-sur\/","og_site_name":"Iglesia Adventista del S\u00e9ptimo D\u00eda - Divisi\u00f3n Interamericana","article_published_time":"2024-12-31T15:04:07+00:00","article_modified_time":"2025-01-01T20:33:07+00:00","og_image":[{"width":1000,"height":667,"url":"https:\/\/interamerica.org\/wp-content\/uploads\/2025\/01\/seungmin-yoon-k8df9vqehuo-unsplash.jpg","type":"image\/jpeg"}],"author":"libna","twitter_card":"summary_large_image","twitter_misc":{"Escrito por":"libna","Tiempo de lectura":"3 minutos"},"schema":{"@context":"https:\/\/schema.org","@graph":[{"@type":"Article","@id":"https:\/\/interamerica.org\/es\/2024\/12\/hay-adventistas-estan-entre-los-fallecidos-por-el-accidente-de-avion-en-corea-del-sur\/#article","isPartOf":{"@id":"https:\/\/interamerica.org\/es\/2024\/12\/hay-adventistas-estan-entre-los-fallecidos-por-el-accidente-de-avion-en-corea-del-sur\/"},"author":{"name":"libna","@id":"https:\/\/interamerica.org\/es\/#\/schema\/person\/29998f2bc2d8bd0d38662909289b54f1"},"headline":"Hay adventistas est\u00e1n entre los fallecidos por el accidente de avi\u00f3n en Corea del Sur","datePublished":"2024-12-31T15:04:07+00:00","dateModified":"2025-01-01T20:33:07+00:00","mainEntityOfPage":{"@id":"https:\/\/interamerica.org\/es\/2024\/12\/hay-adventistas-estan-entre-los-fallecidos-por-el-accidente-de-avion-en-corea-del-sur\/"},"wordCount":559,"image":{"@id":"https:\/\/interamerica.org\/es\/2024\/12\/hay-adventistas-estan-entre-los-fallecidos-por-el-accidente-de-avion-en-corea-del-sur\/#primaryimage"},"thumbnailUrl":"https:\/\/interamerica.org\/wp-content\/uploads\/2025\/01\/seungmin-yoon-k8df9vqehuo-unsplash.jpg","articleSection":["Desde la iglesia mundial","RSS Espa\u00f1ol"],"inLanguage":"es"},{"@type":"WebPage","@id":"https:\/\/interamerica.org\/es\/2024\/12\/hay-adventistas-estan-entre-los-fallecidos-por-el-accidente-de-avion-en-corea-del-sur\/","url":"https:\/\/interamerica.org\/es\/2024\/12\/hay-adventistas-estan-entre-los-fallecidos-por-el-accidente-de-avion-en-corea-del-sur\/","name":"Hay adventistas est\u00e1n entre los fallecidos por el accidente de avi\u00f3n en Corea del Sur - Iglesia Adventista del S\u00e9ptimo D\u00eda - Divisi\u00f3n Interamericana","isPartOf":{"@id":"https:\/\/interamerica.org\/es\/#website"},"primaryImageOfPage":{"@id":"https:\/\/interamerica.org\/es\/2024\/12\/hay-adventistas-estan-entre-los-fallecidos-por-el-accidente-de-avion-en-corea-del-sur\/#primaryimage"},"image":{"@id":"https:\/\/interamerica.org\/es\/2024\/12\/hay-adventistas-estan-entre-los-fallecidos-por-el-accidente-de-avion-en-corea-del-sur\/#primaryimage"},"thumbnailUrl":"https:\/\/interamerica.org\/wp-content\/uploads\/2025\/01\/seungmin-yoon-k8df9vqehuo-unsplash.jpg","datePublished":"2024-12-31T15:04:07+00:00","dateModified":"2025-01-01T20:33:07+00:00","author":{"@id":"https:\/\/interamerica.org\/es\/#\/schema\/person\/29998f2bc2d8bd0d38662909289b54f1"},"breadcrumb":{"@id":"https:\/\/interamerica.org\/es\/2024\/12\/hay-adventistas-estan-entre-los-fallecidos-por-el-accidente-de-avion-en-corea-del-sur\/#breadcrumb"},"inLanguage":"es","potentialAction":[{"@type":"ReadAction","target":["https:\/\/interamerica.org\/es\/2024\/12\/hay-adventistas-estan-entre-los-fallecidos-por-el-accidente-de-avion-en-corea-del-sur\/"]}]},{"@type":"ImageObject","inLanguage":"es","@id":"https:\/\/interamerica.org\/es\/2024\/12\/hay-adventistas-estan-entre-los-fallecidos-por-el-accidente-de-avion-en-corea-del-sur\/#primaryimage","url":"https:\/\/interamerica.org\/wp-content\/uploads\/2025\/01\/seungmin-yoon-k8df9vqehuo-unsplash.jpg","contentUrl":"https:\/\/interamerica.org\/wp-content\/uploads\/2025\/01\/seungmin-yoon-k8df9vqehuo-unsplash.jpg","width":1000,"height":667,"caption":"[Photo: Seungmin Yoon \/ Unsplash]"},{"@type":"BreadcrumbList","@id":"https:\/\/interamerica.org\/es\/2024\/12\/hay-adventistas-estan-entre-los-fallecidos-por-el-accidente-de-avion-en-corea-del-sur\/#breadcrumb","itemListElement":[{"@type":"ListItem","position":1,"name":"Home","item":"https:\/\/interamerica.org\/es\/"},{"@type":"ListItem","position":2,"name":"Hay adventistas est\u00e1n entre los fallecidos por el accidente de avi\u00f3n en Corea del Sur"}]},{"@type":"WebSite","@id":"https:\/\/interamerica.org\/es\/#website","url":"https:\/\/interamerica.org\/es\/","name":"Iglesia Adventista del S\u00e9ptimo D\u00eda - Divisi\u00f3n Interamericana","description":"","potentialAction":[{"@type":"SearchAction","target":{"@type":"EntryPoint","urlTemplate":"https:\/\/interamerica.org\/es\/?s={search_term_string}"},"query-input":{"@type":"PropertyValueSpecification","valueRequired":true,"valueName":"search_term_string"}}],"inLanguage":"es"},{"@type":"Person","@id":"https:\/\/interamerica.org\/es\/#\/schema\/person\/29998f2bc2d8bd0d38662909289b54f1","name":"libna","image":{"@type":"ImageObject","inLanguage":"es","@id":"https:\/\/secure.gravatar.com\/avatar\/7c5bd30ae4b47a9ba3c856590957fd1d96dc588bf3ac05719d247e126840331f?s=96&d=mm&r=g","url":"https:\/\/secure.gravatar.com\/avatar\/7c5bd30ae4b47a9ba3c856590957fd1d96dc588bf3ac05719d247e126840331f?s=96&d=mm&r=g","contentUrl":"https:\/\/secure.gravatar.com\/avatar\/7c5bd30ae4b47a9ba3c856590957fd1d96dc588bf3ac05719d247e126840331f?s=96&d=mm&r=g","caption":"libna"}}]}},"_links":{"self":[{"href":"https:\/\/interamerica.org\/es\/wp-json\/wp\/v2\/posts\/123564","targetHints":{"allow":["GET"]}}],"collection":[{"href":"https:\/\/interamerica.org\/es\/wp-json\/wp\/v2\/posts"}],"about":[{"href":"https:\/\/interamerica.org\/es\/wp-json\/wp\/v2\/types\/post"}],"author":[{"embeddable":true,"href":"https:\/\/interamerica.org\/es\/wp-json\/wp\/v2\/users\/3"}],"replies":[{"embeddable":true,"href":"https:\/\/interamerica.org\/es\/wp-json\/wp\/v2\/comments?post=123564"}],"version-history":[{"count":0,"href":"https:\/\/interamerica.org\/es\/wp-json\/wp\/v2\/posts\/123564\/revisions"}],"wp:featuredmedia":[{"embeddable":true,"href":"https:\/\/interamerica.org\/es\/wp-json\/wp\/v2\/media\/123536"}],"wp:attachment":[{"href":"https:\/\/interamerica.org\/es\/wp-json\/wp\/v2\/media?parent=123564"}],"wp:term":[{"taxonomy":"category","embeddable":true,"href":"https:\/\/interamerica.org\/es\/wp-json\/wp\/v2\/categories?post=123564"},{"taxonomy":"post_tag","embeddable":true,"href":"https:\/\/interamerica.org\/es\/wp-json\/wp\/v2\/tags?post=123564"}],"curies":[{"name":"wp","href":"https:\/\/api.w.org\/{rel}","templated":true}]}}