{"id":123566,"date":"2025-01-01T10:21:16","date_gmt":"2025-01-01T15:21:16","guid":{"rendered":"https:\/\/interamerica.org\/?p=123566"},"modified":"2025-01-01T15:32:32","modified_gmt":"2025-01-01T20:32:32","slug":"la-sucursal-local-de-adra-asiste-en-el-aeropuerto-despues-de-accidente-de-avion-en-corea-del-sur","status":"publish","type":"post","link":"https:\/\/interamerica.org\/es\/2025\/01\/la-sucursal-local-de-adra-asiste-en-el-aeropuerto-despues-de-accidente-de-avion-en-corea-del-sur\/","title":{"rendered":"La sucursal local de ADRA asiste en el aeropuerto despu\u00e9s de accidente de avi\u00f3n en Corea del Sur"},"content":{"rendered":"<p class=\"c-post-header__subtitle\"><em>Voluntarios distribuyen comidas a los parientes de los fallecidos y a los periodistas que trabajan en el lugar.<\/em><\/p>\n<p>1 de enero de 2024 | Se\u00fal, Corea del Sur | Kim Beom-tae, Uni\u00f3n Asociaci\u00f3n Coreana; y <em>Adventist Review<\/em><\/p>\n<p>Mientras el dolor de la naci\u00f3n se hace m\u00e1s agudo despu\u00e9s del accidente de avi\u00f3n en el Aeropuerto Internacional de Muan en Corea del Sur el pasado 29 de diciembre, la filial de Honam de la Agencia Adventista de Desarrollo y Recursos Asistenciales (ADRA) en Corea del Sur est\u00e1 ayudando a las familias y los amigos de los fallecidos.<\/p>\n<p>No mucho despu\u00e9s del accidente, la filial de ADRA en Honam arm\u00f3 un puesto en la terminal de pasajeros del Aeropuerto Internacional de Muan y comenz\u00f3 a distribuir alimentos y otros art\u00edculos b\u00e1sicos.<\/p>\n<p><div id=\"attachment_123548\" style=\"width: 859px\" class=\"wp-caption aligncenter\"><img fetchpriority=\"high\" decoding=\"async\" aria-describedby=\"caption-attachment-123548\" class=\" wp-image-123546\" src=\"https:\/\/interamerica.org\/wp-content\/uploads\/2025\/01\/adra-korea-dsc-9656.jpg\" alt=\"\" width=\"849\" height=\"524\" srcset=\"https:\/\/interamerica.org\/wp-content\/uploads\/2025\/01\/adra-korea-dsc-9656.jpg 1000w, https:\/\/interamerica.org\/wp-content\/uploads\/2025\/01\/adra-korea-dsc-9656-300x185.jpg 300w, https:\/\/interamerica.org\/wp-content\/uploads\/2025\/01\/adra-korea-dsc-9656-768x474.jpg 768w\" sizes=\"(max-width: 849px) 100vw, 849px\" \/><p id=\"caption-attachment-123548\" class=\"wp-caption-text\">Choi Gyu-sik (al centro), que est\u00e1 de voluntario en el lugar del accidente de avi\u00f3n en el Aeropuerto Internacional de Muan, y otros directivos de la filial de ADRA en Honam, discuten los planes de apoyo el pasado 30 de diciembre. [Fotograf\u00eda: Uni\u00f3n Asociaci\u00f3n Coreana]<\/p><\/div>En el lugar, m\u00e1s de doscientos miembros de la iglesia adventista de Muan-eup consolaron a las familias y los amigos de las v\u00edctimas. Al enterarse de las noticias, voluntarios llegaron incluso desde Jeonju, y los docentes y el personal de la escuela adventista de Sahmyook Honam, que perdieron a un par de sus estudiantes en el accidente, tambi\u00e9n participaron.<\/p>\n<p>En la tarde del 30 de diciembre, Jang Won Kwan, presidente de la Asociaci\u00f3n Coreana del Suroeste, y los directores del distrito de Honam, visitaron el lugar para reunirse y consolar a las familias de los fallecidos y alentar a los voluntarios.<\/p>\n<p>La filial de ADRA en Honam ha estado brindando asistencia diaria desde el d\u00eda del accidente. Los voluntarios visten chalecos de ADRA Corea y de la Asociaci\u00f3n de Servicios Comunitarios Sahmyook y han distribuido alimentos tales como mandarinas, bananas, pan y leche de soya. Tambi\u00e9n han distribuido art\u00edculos para el fr\u00edo y de primera necesidad como elementos de higiene personal, mascarillas, toallitas h\u00famedas, medicamentos y calcetines. El 31 de diciembre, prepararon y sirvieron quinientos almuerzos.<\/p>\n<p>ADRA tambi\u00e9n ha armado un puesto frente a la tienda de asistencia, donde se encuentran los familiares de las v\u00edctimas, para brindar ayuda a las familias de los fallecidos y a los directivos que buscan los art\u00edculos que necesitan con urgencia. Mediante su distribuidor en la regi\u00f3n de Jeonnam, Alimentos Sahmyook, de Gwangju, ha distribuido art\u00edculos como por ejemplo leche de soya. Sin embargo, se necesita ayuda adicional. En situaciones de estr\u00e9s extremo, las personas necesitan medicamentos tales como analg\u00e9sicos, digestivos y otros elementos de farmacia, informaron los l\u00edderes de ADRA. Tambi\u00e9n hay una insuficiencia de fondos.<\/p>\n<p><div id=\"attachment_123554\" style=\"width: 860px\" class=\"wp-caption aligncenter\"><img decoding=\"async\" aria-describedby=\"caption-attachment-123554\" class=\" wp-image-123552\" src=\"https:\/\/interamerica.org\/wp-content\/uploads\/2025\/01\/adra-korea3.webp\" alt=\"\" width=\"850\" height=\"560\" srcset=\"https:\/\/interamerica.org\/wp-content\/uploads\/2025\/01\/adra-korea3.webp 1000w, https:\/\/interamerica.org\/wp-content\/uploads\/2025\/01\/adra-korea3-300x198.webp 300w, https:\/\/interamerica.org\/wp-content\/uploads\/2025\/01\/adra-korea3-768x506.webp 768w\" sizes=\"(max-width: 850px) 100vw, 850px\" \/><p id=\"caption-attachment-123554\" class=\"wp-caption-text\">ADRA Corea, los miembros de iglesia, y los Conquistadores distribuyen alimentos y otros art\u00edculos b\u00e1sicos poco despu\u00e9s del accidente de avi\u00f3n en el Aeropuerto Internacional de Muan el 29 de diciembre. [Fotograf\u00eda: Uni\u00f3n Asociaci\u00f3n Coreana]<\/p><\/div>Los l\u00edderes y miembros de las iglesias locales quedaron at\u00f3nitos ante la situaci\u00f3n. \u201cQued\u00e9 conmocionado cuando me enter\u00e9 de la noticia\u201d, dijo Jung Hae-po, de la iglesia adventista de Muan-eup. \u201cQued\u00e9 a\u00fan m\u00e1s sorprendido de que haya sucedido algo as\u00ed en la zona donde vivo. Es desgarrador, como si mi familia propia hubiera sufrido un gran golpe. En momentos como este, necesitamos compartir el amor de Cristo. Solo espero ayudar con mi peque\u00f1a contribuci\u00f3n\u201d.<\/p>\n<p>La esposa de Jung, Oh Geum-hee, agreg\u00f3: \u201cPuedo ver el lugar del accidente desde el techo de mi casa. A\u00fan no puedo creerlo, y se me hace dif\u00edcil calmarme. Pero la angustia se reduce si se comparte, por lo que espero que los adventistas de todo el pa\u00eds se unan para compartir esta gran tristeza. Aun si no puede venir hasta aqu\u00ed para prestar sus servicios en persona, espero que oren, no importa d\u00f3nde est\u00e9n\u201d.<\/p>\n<p>Un hombre de m\u00e1s de 70 a\u00f1os tambi\u00e9n extendi\u00f3 una mano de ayuda. Jung Young-boon, de la iglesia adventista de Naju, dijo: \u201cPens\u00e9 que ten\u00eda que hacer algo, porque no pod\u00eda estar c\u00f3modo all\u00ed en mi casa. Siento como si las v\u00edctimas fueran mis hijos, mis padres y mis hermanos. A\u00fan estoy tan triste que no puedo expresarlo en palabras. No s\u00e9 por cu\u00e1nto tiempo har\u00e9 esto, pero mi plan es seguir participando en estos esfuerzos asistenciales\u201d.<\/p>\n<p>Na Yoo-jung, de la iglesia adventista de Mokpo Hadang, explic\u00f3 que en un momento en que la naci\u00f3n est\u00e1 conmocionada y sufriendo, \u201che estado pensando en que si puedo compartir al menos algo de ayuda, deber\u00eda hacerlo. En estos momentos dif\u00edciles, necesitamos dar y compartir con nuestros pr\u00f3jimos que sufren con el esp\u00edritu de Jes\u00fas\u201d.<\/p>\n<p><div id=\"attachment_123557\" style=\"width: 820px\" class=\"wp-caption aligncenter\"><img decoding=\"async\" aria-describedby=\"caption-attachment-123557\" class=\" wp-image-123555\" src=\"https:\/\/interamerica.org\/wp-content\/uploads\/2025\/01\/adar-korea-2-1.jpg\" alt=\"\" width=\"810\" height=\"534\" srcset=\"https:\/\/interamerica.org\/wp-content\/uploads\/2025\/01\/adar-korea-2-1.jpg 1000w, https:\/\/interamerica.org\/wp-content\/uploads\/2025\/01\/adar-korea-2-1-300x198.jpg 300w, https:\/\/interamerica.org\/wp-content\/uploads\/2025\/01\/adar-korea-2-1-768x506.jpg 768w\" sizes=\"(max-width: 810px) 100vw, 810px\" \/><p id=\"caption-attachment-123557\" class=\"wp-caption-text\">No mucho despu\u00e9s del accidente de avi\u00f3n, la filial de ADRA Honam estableci\u00f3 un puesto frente a la Salida 1 del primer piso de la terminal de pasajeros del Aeropuerto Internacional de Muan en Corea del Sur. [Fotograf\u00eda: Uni\u00f3n Asociaci\u00f3n Coreana]<\/p><\/div>Los l\u00edderes de Conquistadores tambi\u00e9n se arremangaron para ayudar. Cha Sung-min, l\u00edder del Consejo de Conquistadores de Honam y de la iglesia adventista de Sahmyang, dijo que sinti\u00f3 que ten\u00eda que hace algo. \u201cMe puse con contacto con los l\u00edderes de Conquistadores, y analic\u00e9 con ellos la idea de que la asociaci\u00f3n enviara voluntarios. En dos d\u00edas, m\u00e1s de cuarenta Conquistadores prestaron sus servicios. Es devastador y sombr\u00edo, pero espero que de alguna manera eso d\u00e9 fuerzas a los que est\u00e1n sufriendo\u201d.<\/p>\n<p>Woo Eun-hye, de la iglesia adventista Mokpo Hadang, dijo: \u201cSi hay algo que puedo hacer para ayudar, estoy dispuesto a hacerlo. Es a\u00fan m\u00e1s desgarrador cuando las familias de los fallecidos nos agradecen por detalles que no son grandes cosas. Hay muchas personas que pueden trabajar con ADRA, la Asociaci\u00f3n de Servicios Comunitarios, y el Consejo de Conquistadores, lo que me da \u00e1nimo y consuelo\u201d. Y a\u00f1adi\u00f3: \u201cParticipar en la asistencia en situaciones como esta es algo natural y necesario para los adventistas, y espero que las familias de los fallecidos puedan consolarse en la esperanza de la resurrecci\u00f3n\u201d.<\/p>\n<p>El director de la filial de ADRA en Honam, Choi Gyu-sik, dijo que si sinti\u00f3 agradecido a los que han donado art\u00edculos y dinero. Se est\u00e1n haciendo consultas adicionales sobre la labor de los voluntarios, dijo. Expres\u00f3 asimismo su gratitude por la participaci\u00f3n de las iglesias y los miembros de iglesia en todo el pa\u00eds, y pidi\u00f3 un \u201ccontinuo inter\u00e9s y oraciones\u201d durante los arreglos de los funerales.<\/p>\n<p>\u201cEstamos revisando la situaci\u00f3n de tanto en tanto, pero hay faltante de algunos art\u00edculos\u201d, dijo Choi. \u201cEstamos teniendo discusiones extensas sobre futuras medidas y contramedidas de apoyo. Haremos lo mejor posible por adaptarnos a la asignaci\u00f3n de voluntarios y el cronograma seg\u00fan la situaci\u00f3n cambiante en el lugar, para que no falte la provisi\u00f3n del amor de Cristo a las familias de los fallecidos y las partes relacionadas con ellas\u201d.<\/p>\n<p><em>La <\/em><a href=\"https:\/\/www.adventist.or.kr\/news\/bbs\/board.php?bo_table=news&amp;wr_id=15082&amp;sca=%EA%B5%90%ED%9A%8C\" target=\"_blank\" rel=\"noreferrer noopener\"><em>versi\u00f3n original<\/em><\/a><em> de esta noticia fue publicada en el <\/em><a href=\"https:\/\/www.adventist.or.kr\/news\" target=\"_blank\" rel=\"noreferrer noopener\"><em>sitio de noticias<\/em><\/a> de la Uni\u00f3n Asociaci\u00f3n Coreana<em>.<\/em><\/p>\n<p>Traducci\u00f3n de Marcos Paseggi<\/p>\n","protected":false},"excerpt":{"rendered":"<p>Voluntarios distribuyen comidas a los parientes de los fallecidos y a los periodistas que trabajan en el lugar. 1 de enero de 2024 | Se\u00fal, Corea del Sur | Kim&#8230;<\/p>\n","protected":false},"author":3,"featured_media":123548,"comment_status":"closed","ping_status":"closed","sticky":false,"template":"","format":"standard","meta":{"_acf_changed":false,"footnotes":""},"categories":[14,15],"tags":[],"class_list":["post-123566","post","type-post","status-publish","format-standard","has-post-thumbnail","hentry","category-de-la-iglesia-mundial","category-rss-espanol"],"acf":[],"yoast_head":"<!-- This site is optimized with the Yoast SEO plugin v27.3 - https:\/\/yoast.com\/product\/yoast-seo-wordpress\/ -->\n<title>La sucursal local de ADRA asiste en el aeropuerto despu\u00e9s de accidente de avi\u00f3n en Corea del Sur - Iglesia Adventista del S\u00e9ptimo D\u00eda - Divisi\u00f3n Interamericana<\/title>\n<meta name=\"robots\" content=\"index, follow, max-snippet:-1, max-image-preview:large, max-video-preview:-1\" \/>\n<link rel=\"canonical\" href=\"https:\/\/interamerica.org\/es\/2025\/01\/la-sucursal-local-de-adra-asiste-en-el-aeropuerto-despues-de-accidente-de-avion-en-corea-del-sur\/\" \/>\n<meta property=\"og:locale\" content=\"es_ES\" \/>\n<meta property=\"og:type\" content=\"article\" \/>\n<meta property=\"og:title\" content=\"La sucursal local de ADRA asiste en el aeropuerto despu\u00e9s de accidente de avi\u00f3n en Corea del Sur - Iglesia Adventista del S\u00e9ptimo D\u00eda - Divisi\u00f3n Interamericana\" \/>\n<meta property=\"og:description\" content=\"Voluntarios distribuyen comidas a los parientes de los fallecidos y a los periodistas que trabajan en el lugar. 1 de enero de 2024 | Se\u00fal, Corea del Sur | Kim...\" \/>\n<meta property=\"og:url\" content=\"https:\/\/interamerica.org\/es\/2025\/01\/la-sucursal-local-de-adra-asiste-en-el-aeropuerto-despues-de-accidente-de-avion-en-corea-del-sur\/\" \/>\n<meta property=\"og:site_name\" content=\"Iglesia Adventista del S\u00e9ptimo D\u00eda - Divisi\u00f3n Interamericana\" \/>\n<meta property=\"article:published_time\" content=\"2025-01-01T15:21:16+00:00\" \/>\n<meta property=\"article:modified_time\" content=\"2025-01-01T20:32:32+00:00\" \/>\n<meta property=\"og:image\" content=\"https:\/\/interamerica.org\/wp-content\/uploads\/2025\/01\/adra-korea-dsc-9656.jpg\" \/>\n\t<meta property=\"og:image:width\" content=\"1000\" \/>\n\t<meta property=\"og:image:height\" content=\"617\" \/>\n\t<meta property=\"og:image:type\" content=\"image\/jpeg\" \/>\n<meta name=\"author\" content=\"libna\" \/>\n<meta name=\"twitter:card\" content=\"summary_large_image\" \/>\n<meta name=\"twitter:label1\" content=\"Escrito por\" \/>\n\t<meta name=\"twitter:data1\" content=\"libna\" \/>\n\t<meta name=\"twitter:label2\" content=\"Tiempo de lectura\" \/>\n\t<meta name=\"twitter:data2\" content=\"6 minutos\" \/>\n<script type=\"application\/ld+json\" class=\"yoast-schema-graph\">{\"@context\":\"https:\\\/\\\/schema.org\",\"@graph\":[{\"@type\":\"Article\",\"@id\":\"https:\\\/\\\/interamerica.org\\\/es\\\/2025\\\/01\\\/la-sucursal-local-de-adra-asiste-en-el-aeropuerto-despues-de-accidente-de-avion-en-corea-del-sur\\\/#article\",\"isPartOf\":{\"@id\":\"https:\\\/\\\/interamerica.org\\\/es\\\/2025\\\/01\\\/la-sucursal-local-de-adra-asiste-en-el-aeropuerto-despues-de-accidente-de-avion-en-corea-del-sur\\\/\"},\"author\":{\"name\":\"libna\",\"@id\":\"https:\\\/\\\/interamerica.org\\\/es\\\/#\\\/schema\\\/person\\\/29998f2bc2d8bd0d38662909289b54f1\"},\"headline\":\"La sucursal local de ADRA asiste en el aeropuerto despu\u00e9s de accidente de avi\u00f3n en Corea del Sur\",\"datePublished\":\"2025-01-01T15:21:16+00:00\",\"dateModified\":\"2025-01-01T20:32:32+00:00\",\"mainEntityOfPage\":{\"@id\":\"https:\\\/\\\/interamerica.org\\\/es\\\/2025\\\/01\\\/la-sucursal-local-de-adra-asiste-en-el-aeropuerto-despues-de-accidente-de-avion-en-corea-del-sur\\\/\"},\"wordCount\":1277,\"image\":{\"@id\":\"https:\\\/\\\/interamerica.org\\\/es\\\/2025\\\/01\\\/la-sucursal-local-de-adra-asiste-en-el-aeropuerto-despues-de-accidente-de-avion-en-corea-del-sur\\\/#primaryimage\"},\"thumbnailUrl\":\"https:\\\/\\\/interamerica.org\\\/wp-content\\\/uploads\\\/2025\\\/01\\\/adra-korea-dsc-9656.jpg\",\"articleSection\":[\"Desde la iglesia mundial\",\"RSS Espa\u00f1ol\"],\"inLanguage\":\"es\"},{\"@type\":\"WebPage\",\"@id\":\"https:\\\/\\\/interamerica.org\\\/es\\\/2025\\\/01\\\/la-sucursal-local-de-adra-asiste-en-el-aeropuerto-despues-de-accidente-de-avion-en-corea-del-sur\\\/\",\"url\":\"https:\\\/\\\/interamerica.org\\\/es\\\/2025\\\/01\\\/la-sucursal-local-de-adra-asiste-en-el-aeropuerto-despues-de-accidente-de-avion-en-corea-del-sur\\\/\",\"name\":\"La sucursal local de ADRA asiste en el aeropuerto despu\u00e9s de accidente de avi\u00f3n en Corea del Sur - Iglesia Adventista del S\u00e9ptimo D\u00eda - Divisi\u00f3n Interamericana\",\"isPartOf\":{\"@id\":\"https:\\\/\\\/interamerica.org\\\/es\\\/#website\"},\"primaryImageOfPage\":{\"@id\":\"https:\\\/\\\/interamerica.org\\\/es\\\/2025\\\/01\\\/la-sucursal-local-de-adra-asiste-en-el-aeropuerto-despues-de-accidente-de-avion-en-corea-del-sur\\\/#primaryimage\"},\"image\":{\"@id\":\"https:\\\/\\\/interamerica.org\\\/es\\\/2025\\\/01\\\/la-sucursal-local-de-adra-asiste-en-el-aeropuerto-despues-de-accidente-de-avion-en-corea-del-sur\\\/#primaryimage\"},\"thumbnailUrl\":\"https:\\\/\\\/interamerica.org\\\/wp-content\\\/uploads\\\/2025\\\/01\\\/adra-korea-dsc-9656.jpg\",\"datePublished\":\"2025-01-01T15:21:16+00:00\",\"dateModified\":\"2025-01-01T20:32:32+00:00\",\"author\":{\"@id\":\"https:\\\/\\\/interamerica.org\\\/es\\\/#\\\/schema\\\/person\\\/29998f2bc2d8bd0d38662909289b54f1\"},\"breadcrumb\":{\"@id\":\"https:\\\/\\\/interamerica.org\\\/es\\\/2025\\\/01\\\/la-sucursal-local-de-adra-asiste-en-el-aeropuerto-despues-de-accidente-de-avion-en-corea-del-sur\\\/#breadcrumb\"},\"inLanguage\":\"es\",\"potentialAction\":[{\"@type\":\"ReadAction\",\"target\":[\"https:\\\/\\\/interamerica.org\\\/es\\\/2025\\\/01\\\/la-sucursal-local-de-adra-asiste-en-el-aeropuerto-despues-de-accidente-de-avion-en-corea-del-sur\\\/\"]}]},{\"@type\":\"ImageObject\",\"inLanguage\":\"es\",\"@id\":\"https:\\\/\\\/interamerica.org\\\/es\\\/2025\\\/01\\\/la-sucursal-local-de-adra-asiste-en-el-aeropuerto-despues-de-accidente-de-avion-en-corea-del-sur\\\/#primaryimage\",\"url\":\"https:\\\/\\\/interamerica.org\\\/wp-content\\\/uploads\\\/2025\\\/01\\\/adra-korea-dsc-9656.jpg\",\"contentUrl\":\"https:\\\/\\\/interamerica.org\\\/wp-content\\\/uploads\\\/2025\\\/01\\\/adra-korea-dsc-9656.jpg\",\"width\":1000,\"height\":617,\"caption\":\"Choi Gyu-sik (center), who is volunteering at the site of the Muan International Airport passenger plane disaster, and other officials from the ADRA Honam branch discuss support plans on December 30. [Photo: Korean Union Conference]\"},{\"@type\":\"BreadcrumbList\",\"@id\":\"https:\\\/\\\/interamerica.org\\\/es\\\/2025\\\/01\\\/la-sucursal-local-de-adra-asiste-en-el-aeropuerto-despues-de-accidente-de-avion-en-corea-del-sur\\\/#breadcrumb\",\"itemListElement\":[{\"@type\":\"ListItem\",\"position\":1,\"name\":\"Home\",\"item\":\"https:\\\/\\\/interamerica.org\\\/es\\\/\"},{\"@type\":\"ListItem\",\"position\":2,\"name\":\"La sucursal local de ADRA asiste en el aeropuerto despu\u00e9s de accidente de avi\u00f3n en Corea del Sur\"}]},{\"@type\":\"WebSite\",\"@id\":\"https:\\\/\\\/interamerica.org\\\/es\\\/#website\",\"url\":\"https:\\\/\\\/interamerica.org\\\/es\\\/\",\"name\":\"Iglesia Adventista del S\u00e9ptimo D\u00eda - Divisi\u00f3n Interamericana\",\"description\":\"\",\"potentialAction\":[{\"@type\":\"SearchAction\",\"target\":{\"@type\":\"EntryPoint\",\"urlTemplate\":\"https:\\\/\\\/interamerica.org\\\/es\\\/?s={search_term_string}\"},\"query-input\":{\"@type\":\"PropertyValueSpecification\",\"valueRequired\":true,\"valueName\":\"search_term_string\"}}],\"inLanguage\":\"es\"},{\"@type\":\"Person\",\"@id\":\"https:\\\/\\\/interamerica.org\\\/es\\\/#\\\/schema\\\/person\\\/29998f2bc2d8bd0d38662909289b54f1\",\"name\":\"libna\",\"image\":{\"@type\":\"ImageObject\",\"inLanguage\":\"es\",\"@id\":\"https:\\\/\\\/secure.gravatar.com\\\/avatar\\\/7c5bd30ae4b47a9ba3c856590957fd1d96dc588bf3ac05719d247e126840331f?s=96&d=mm&r=g\",\"url\":\"https:\\\/\\\/secure.gravatar.com\\\/avatar\\\/7c5bd30ae4b47a9ba3c856590957fd1d96dc588bf3ac05719d247e126840331f?s=96&d=mm&r=g\",\"contentUrl\":\"https:\\\/\\\/secure.gravatar.com\\\/avatar\\\/7c5bd30ae4b47a9ba3c856590957fd1d96dc588bf3ac05719d247e126840331f?s=96&d=mm&r=g\",\"caption\":\"libna\"}}]}<\/script>\n<!-- \/ Yoast SEO plugin. -->","yoast_head_json":{"title":"La sucursal local de ADRA asiste en el aeropuerto despu\u00e9s de accidente de avi\u00f3n en Corea del Sur - Iglesia Adventista del S\u00e9ptimo D\u00eda - Divisi\u00f3n Interamericana","robots":{"index":"index","follow":"follow","max-snippet":"max-snippet:-1","max-image-preview":"max-image-preview:large","max-video-preview":"max-video-preview:-1"},"canonical":"https:\/\/interamerica.org\/es\/2025\/01\/la-sucursal-local-de-adra-asiste-en-el-aeropuerto-despues-de-accidente-de-avion-en-corea-del-sur\/","og_locale":"es_ES","og_type":"article","og_title":"La sucursal local de ADRA asiste en el aeropuerto despu\u00e9s de accidente de avi\u00f3n en Corea del Sur - Iglesia Adventista del S\u00e9ptimo D\u00eda - Divisi\u00f3n Interamericana","og_description":"Voluntarios distribuyen comidas a los parientes de los fallecidos y a los periodistas que trabajan en el lugar. 1 de enero de 2024 | Se\u00fal, Corea del Sur | Kim...","og_url":"https:\/\/interamerica.org\/es\/2025\/01\/la-sucursal-local-de-adra-asiste-en-el-aeropuerto-despues-de-accidente-de-avion-en-corea-del-sur\/","og_site_name":"Iglesia Adventista del S\u00e9ptimo D\u00eda - Divisi\u00f3n Interamericana","article_published_time":"2025-01-01T15:21:16+00:00","article_modified_time":"2025-01-01T20:32:32+00:00","og_image":[{"width":1000,"height":617,"url":"https:\/\/interamerica.org\/wp-content\/uploads\/2025\/01\/adra-korea-dsc-9656.jpg","type":"image\/jpeg"}],"author":"libna","twitter_card":"summary_large_image","twitter_misc":{"Escrito por":"libna","Tiempo de lectura":"6 minutos"},"schema":{"@context":"https:\/\/schema.org","@graph":[{"@type":"Article","@id":"https:\/\/interamerica.org\/es\/2025\/01\/la-sucursal-local-de-adra-asiste-en-el-aeropuerto-despues-de-accidente-de-avion-en-corea-del-sur\/#article","isPartOf":{"@id":"https:\/\/interamerica.org\/es\/2025\/01\/la-sucursal-local-de-adra-asiste-en-el-aeropuerto-despues-de-accidente-de-avion-en-corea-del-sur\/"},"author":{"name":"libna","@id":"https:\/\/interamerica.org\/es\/#\/schema\/person\/29998f2bc2d8bd0d38662909289b54f1"},"headline":"La sucursal local de ADRA asiste en el aeropuerto despu\u00e9s de accidente de avi\u00f3n en Corea del Sur","datePublished":"2025-01-01T15:21:16+00:00","dateModified":"2025-01-01T20:32:32+00:00","mainEntityOfPage":{"@id":"https:\/\/interamerica.org\/es\/2025\/01\/la-sucursal-local-de-adra-asiste-en-el-aeropuerto-despues-de-accidente-de-avion-en-corea-del-sur\/"},"wordCount":1277,"image":{"@id":"https:\/\/interamerica.org\/es\/2025\/01\/la-sucursal-local-de-adra-asiste-en-el-aeropuerto-despues-de-accidente-de-avion-en-corea-del-sur\/#primaryimage"},"thumbnailUrl":"https:\/\/interamerica.org\/wp-content\/uploads\/2025\/01\/adra-korea-dsc-9656.jpg","articleSection":["Desde la iglesia mundial","RSS Espa\u00f1ol"],"inLanguage":"es"},{"@type":"WebPage","@id":"https:\/\/interamerica.org\/es\/2025\/01\/la-sucursal-local-de-adra-asiste-en-el-aeropuerto-despues-de-accidente-de-avion-en-corea-del-sur\/","url":"https:\/\/interamerica.org\/es\/2025\/01\/la-sucursal-local-de-adra-asiste-en-el-aeropuerto-despues-de-accidente-de-avion-en-corea-del-sur\/","name":"La sucursal local de ADRA asiste en el aeropuerto despu\u00e9s de accidente de avi\u00f3n en Corea del Sur - Iglesia Adventista del S\u00e9ptimo D\u00eda - Divisi\u00f3n Interamericana","isPartOf":{"@id":"https:\/\/interamerica.org\/es\/#website"},"primaryImageOfPage":{"@id":"https:\/\/interamerica.org\/es\/2025\/01\/la-sucursal-local-de-adra-asiste-en-el-aeropuerto-despues-de-accidente-de-avion-en-corea-del-sur\/#primaryimage"},"image":{"@id":"https:\/\/interamerica.org\/es\/2025\/01\/la-sucursal-local-de-adra-asiste-en-el-aeropuerto-despues-de-accidente-de-avion-en-corea-del-sur\/#primaryimage"},"thumbnailUrl":"https:\/\/interamerica.org\/wp-content\/uploads\/2025\/01\/adra-korea-dsc-9656.jpg","datePublished":"2025-01-01T15:21:16+00:00","dateModified":"2025-01-01T20:32:32+00:00","author":{"@id":"https:\/\/interamerica.org\/es\/#\/schema\/person\/29998f2bc2d8bd0d38662909289b54f1"},"breadcrumb":{"@id":"https:\/\/interamerica.org\/es\/2025\/01\/la-sucursal-local-de-adra-asiste-en-el-aeropuerto-despues-de-accidente-de-avion-en-corea-del-sur\/#breadcrumb"},"inLanguage":"es","potentialAction":[{"@type":"ReadAction","target":["https:\/\/interamerica.org\/es\/2025\/01\/la-sucursal-local-de-adra-asiste-en-el-aeropuerto-despues-de-accidente-de-avion-en-corea-del-sur\/"]}]},{"@type":"ImageObject","inLanguage":"es","@id":"https:\/\/interamerica.org\/es\/2025\/01\/la-sucursal-local-de-adra-asiste-en-el-aeropuerto-despues-de-accidente-de-avion-en-corea-del-sur\/#primaryimage","url":"https:\/\/interamerica.org\/wp-content\/uploads\/2025\/01\/adra-korea-dsc-9656.jpg","contentUrl":"https:\/\/interamerica.org\/wp-content\/uploads\/2025\/01\/adra-korea-dsc-9656.jpg","width":1000,"height":617,"caption":"Choi Gyu-sik (center), who is volunteering at the site of the Muan International Airport passenger plane disaster, and other officials from the ADRA Honam branch discuss support plans on December 30. [Photo: Korean Union Conference]"},{"@type":"BreadcrumbList","@id":"https:\/\/interamerica.org\/es\/2025\/01\/la-sucursal-local-de-adra-asiste-en-el-aeropuerto-despues-de-accidente-de-avion-en-corea-del-sur\/#breadcrumb","itemListElement":[{"@type":"ListItem","position":1,"name":"Home","item":"https:\/\/interamerica.org\/es\/"},{"@type":"ListItem","position":2,"name":"La sucursal local de ADRA asiste en el aeropuerto despu\u00e9s de accidente de avi\u00f3n en Corea del Sur"}]},{"@type":"WebSite","@id":"https:\/\/interamerica.org\/es\/#website","url":"https:\/\/interamerica.org\/es\/","name":"Iglesia Adventista del S\u00e9ptimo D\u00eda - Divisi\u00f3n Interamericana","description":"","potentialAction":[{"@type":"SearchAction","target":{"@type":"EntryPoint","urlTemplate":"https:\/\/interamerica.org\/es\/?s={search_term_string}"},"query-input":{"@type":"PropertyValueSpecification","valueRequired":true,"valueName":"search_term_string"}}],"inLanguage":"es"},{"@type":"Person","@id":"https:\/\/interamerica.org\/es\/#\/schema\/person\/29998f2bc2d8bd0d38662909289b54f1","name":"libna","image":{"@type":"ImageObject","inLanguage":"es","@id":"https:\/\/secure.gravatar.com\/avatar\/7c5bd30ae4b47a9ba3c856590957fd1d96dc588bf3ac05719d247e126840331f?s=96&d=mm&r=g","url":"https:\/\/secure.gravatar.com\/avatar\/7c5bd30ae4b47a9ba3c856590957fd1d96dc588bf3ac05719d247e126840331f?s=96&d=mm&r=g","contentUrl":"https:\/\/secure.gravatar.com\/avatar\/7c5bd30ae4b47a9ba3c856590957fd1d96dc588bf3ac05719d247e126840331f?s=96&d=mm&r=g","caption":"libna"}}]}},"_links":{"self":[{"href":"https:\/\/interamerica.org\/es\/wp-json\/wp\/v2\/posts\/123566","targetHints":{"allow":["GET"]}}],"collection":[{"href":"https:\/\/interamerica.org\/es\/wp-json\/wp\/v2\/posts"}],"about":[{"href":"https:\/\/interamerica.org\/es\/wp-json\/wp\/v2\/types\/post"}],"author":[{"embeddable":true,"href":"https:\/\/interamerica.org\/es\/wp-json\/wp\/v2\/users\/3"}],"replies":[{"embeddable":true,"href":"https:\/\/interamerica.org\/es\/wp-json\/wp\/v2\/comments?post=123566"}],"version-history":[{"count":0,"href":"https:\/\/interamerica.org\/es\/wp-json\/wp\/v2\/posts\/123566\/revisions"}],"wp:featuredmedia":[{"embeddable":true,"href":"https:\/\/interamerica.org\/es\/wp-json\/wp\/v2\/media\/123548"}],"wp:attachment":[{"href":"https:\/\/interamerica.org\/es\/wp-json\/wp\/v2\/media?parent=123566"}],"wp:term":[{"taxonomy":"category","embeddable":true,"href":"https:\/\/interamerica.org\/es\/wp-json\/wp\/v2\/categories?post=123566"},{"taxonomy":"post_tag","embeddable":true,"href":"https:\/\/interamerica.org\/es\/wp-json\/wp\/v2\/tags?post=123566"}],"curies":[{"name":"wp","href":"https:\/\/api.w.org\/{rel}","templated":true}]}}