{"id":123628,"date":"2025-01-07T20:08:29","date_gmt":"2025-01-08T01:08:29","guid":{"rendered":"https:\/\/interamerica.org\/?p=123628"},"modified":"2025-01-08T08:44:47","modified_gmt":"2025-01-08T13:44:47","slug":"ha-estado-en-un-congreso-de-la-asociacion-general","status":"publish","type":"post","link":"https:\/\/interamerica.org\/es\/2025\/01\/ha-estado-en-un-congreso-de-la-asociacion-general\/","title":{"rendered":"\u00bfHa estado en un Congreso de la Asociaci\u00f3n General?"},"content":{"rendered":"<p class=\"c-post-header__subtitle\"><em> Una vez m\u00e1s, nos reunimos para proseguir en la misi\u00f3n divina.<\/em><\/p>\n<p>7 de enero de 2024 | Silver Spring, Maryland, Estados Unidos | Jonathan Walter, Adventist Review<\/p>\n<p>Es muy emocionante cuando las personas se congregan desde todos los confines del planeta con un prop\u00f3sito com\u00fan. Ya sea para los Juegos Ol\u00edmpicos, la Asamblea de las Naciones Unidas, una conferencia global sobre el clima o, como es el caso de la Iglesia Adventista, un Congreso de la Asociaci\u00f3n General. Cuando personas de todas las naciones, culturas, etnias e idiomas se re\u00fanen para colaborar, trabajando juntas en uni\u00f3n para hacer realidad un proyecto, eso brinda una conciencia particular de lo que nos conecta, lo que podemos lograr juntos, y de cu\u00e1n similar somos, a pesar de nuestras diferencias culturales y \u00e9tnicas.<\/p>\n<p>La unidad en la diversidad m\u00e1s all\u00e1 de las fronteras resulta inspiradora para los seres humanos. Por supuesto, los encuentros seculares y un Congreso de la Asociaci\u00f3n General no podr\u00edan ser m\u00e1s dis\u00edmiles en su naturaleza y prop\u00f3sito. Lo que obviamente los diferencia es la causa detr\u00e1s de esos encuentros de representantes de la humanidad. Hay sin duda muchas conferencias y reuniones internacionales con buenas intenciones y objetivos. Por m\u00e1s emocionante que resulte asistir a los Juegos Ol\u00edmpicos o a cualquier otro evento deportivo, pol\u00edtico o ideol\u00f3gico global, ese sentido de unidad es limitado y a\u00fan no ha logrado producir una paz, mejoras o transformaciones duraderas de la condici\u00f3n humana.<\/p>\n<p>Por el contrario, nosotros, como iglesia, nos unimos para un Congreso de la Asociaci\u00f3n General en amor, verdad y humildad para ensalzar a Dios, nuestro Creador, y el prop\u00f3sito de la misi\u00f3n, porque sabemos que Jes\u00fas es la \u00fanica soluci\u00f3n para la humanidad ca\u00edda, y que queda poco tiempo.<\/p>\n<p><strong>Un encuentro crucial<\/strong><\/p>\n<p>Un Congreso de la Asociaci\u00f3n General es acaso el encuentro m\u00e1s inspirador, importante y multicultural de esta era. La Iglesia Adventista es la m\u00e1s grande organizaci\u00f3n misional de creyentes del remanente de Dios para el tiempo del fin. Y aunque ninguna organizaci\u00f3n humana es perfecta, impresiona. Es un cuerpo de personas guiadas por el Esp\u00edritu que no solo guarda la verdad de Dios a flote, sino que la ensalza y proclama. No olvidemos tampoco el legado prof\u00e9tico que Dios encomend\u00f3 a la Iglesia Adventista para que lo siga compartiendo. Ser adventista significa ser un cristiano enfocado en la misi\u00f3n, creyente de la Biblia, consciente del tiempo del fin en el que vivimos, dedicado a hacer lo que tiene a mano, y consciente de su necesidad diaria de Jes\u00fas y del bautismo del Esp\u00edritu Santo. Significa unirse a otros hermanos a nivel local y global para apoyar los esfuerzos de Dios por preparar corazones para su regreso. Es por ello que la Iglesia est\u00e1 estructurada as\u00ed, y es por ello crucial que nos reunamos peri\u00f3dicamente, tanto local como globalmente.<\/p>\n<p>Ser un cuerpo organizado en forma representativa significa que cada miembro, no importa si vive en Nueva York, los suburbios de Manila, los campos de Kenia, o las tierras altas de Pap\u00faa Nueva Guinea, ejerce una influencia sobre la direcci\u00f3n de la iglesia mundial. A nivel global, un Congreso de la Asociaci\u00f3n General, con sus 2804 delegados que representan a al menos 150 pa\u00edses, es el lugar donde ser testigo de la iglesia remanente global de Dios en acci\u00f3n y participar en sus planes misioneros. Del 3 al 12 de julio de 2025, tenemos la bendita oportunidad de ser parte, una vez m\u00e1s, de ese encuentro hist\u00f3rico.<\/p>\n<p><strong>Un evento a toda escala<\/strong><\/p>\n<p>Debido a la pandemia del COVID-19, el Congreso de la Asociaci\u00f3n General 2020 fue pospuesto para 2022, y se redujeron las actividades al margen del evento. Sin embargo, en 2025, el Congreso en San Luis (Missouri, Estados Unidos), brindar\u00e1 una vez m\u00e1s la experiencia plena y presencial que los participantes han esperado con ansias. Los asistentes pueden esperar exposiciones, programas inspiradores, informes y presentaciones, reuniones administrativas y auxiliares, encuentros de mujeres y la presencia significativa de invitados especiales. En otras palabras, el Congreso volver\u00e1 a ser lo que era.<\/p>\n<p>Las reuniones principales podr\u00e1n ser vistas mediante transmisi\u00f3n en vivo. Aunque esto brinda acceso a los que no pueden asistir, no alcanza a captar toda la experiencia que implica asistir al Congreso de la Asociaci\u00f3n General en persona.<\/p>\n<p>Adem\u00e1s de en\u00e9rgicas reuniones y esclarecedoras reuniones administrativas, los asistentes tendr\u00e1n mucho que explorar, lo que incluye una amplia sala de exposiciones. All\u00ed, diversos ministerios, instituciones, departamentos y organizaciones adventistas mostrar\u00e1n su trabajo y ofrecer\u00e1n materiales y recursos de evangelizaci\u00f3n, adem\u00e1s de oportunidades de establecer nuevos contactos. Gracias a los m\u00e1s de cincuenta mil asistentes que se espera recibir de cada extremo del campo misionero, la sala de exposiciones promete ser un lugar destacado para develar nuevas ideas e innovaciones para alcanzar el mundo para Cristo. Si quiere aprender m\u00e1s sobre lo que la iglesia y los ministerios en el mundo est\u00e1n haciendo y sobre c\u00f3mo participar, \u00a1este es el lugar para usted!<\/p>\n<p>Las herramientas digitales mejorar\u00e1n y ampliar\u00e1n la experiencia, poni\u00e9ndola a disposici\u00f3n de una audiencia m\u00e1s amplia. Durante diez d\u00edas, la sala de exposiciones funcionar\u00e1 como centro de interacciones personales, de manera muy similar a una gran reuni\u00f3n familiar, en la que amigos y exalumnos de muchas instituciones educacionales de la iglesia mundial se reconectar\u00e1n en persona.<\/p>\n<p>El pr\u00f3ximo congreso tambi\u00e9n destacar\u00e1 los planes estrat\u00e9gicos Reenfoque misionero y I Will Go, junto con otras iniciativas claves. Estas prioridades est\u00e1n dise\u00f1adas para motivar y guiar a la iglesia a una nueva etapa de trabajo misionero integral, abarcador y de vanguardia.<\/p>\n<p>Por \u00faltimo, durante el Congreso de la Asociaci\u00f3n General, se nomina, elige y encomienda con oraci\u00f3n a los l\u00edderes mundiales y de las divisiones, con la sagrada tarea de ser siervos l\u00edderes de la iglesia mundial para el pr\u00f3ximo quinquenio.<\/p>\n<p><strong>\u00bfEstar\u00e1 usted all\u00ed?<\/strong><\/p>\n<p>En tan solo unos meses, los adventistas llegar\u00e1n desde todos los extremos del planeta para reunirse en St. Louis, sabiendo que Dios ama a su iglesia y ha estado con nosotros en medio de nuestros altibajos. Por su gracia, nos uniremos para buscar, hacer y cumplir su voluntad, esperando un derramamiento del Esp\u00edritu Santo que nos lleve m\u00e1s cerca de su prop\u00f3sito \u00faltimo: ver terminado pronto su proyecto de un reino victorioso, redentor y glorioso.<\/p>\n<div class=\"c-content-single__author\">\n<div class=\"c-content-single__author-wrap\">\n<div class=\"c-content-single__bio\">\n<p><em>Jonathan Walter es editor asistente de Adventist World y Adventist Review<\/em><\/p>\n<\/div>\n<\/div>\n<\/div>\n<p>Traducci\u00f3n de Marcos Paseggi<\/p>\n","protected":false},"excerpt":{"rendered":"<p>Una vez m\u00e1s, nos reunimos para proseguir en la misi\u00f3n divina. 7 de enero de 2024 | Silver Spring, Maryland, Estados Unidos | Jonathan Walter, Adventist Review Es muy emocionante&#8230;<\/p>\n","protected":false},"author":3,"featured_media":123624,"comment_status":"closed","ping_status":"closed","sticky":false,"template":"","format":"standard","meta":{"_acf_changed":false,"footnotes":""},"categories":[14,15],"tags":[],"class_list":["post-123628","post","type-post","status-publish","format-standard","has-post-thumbnail","hentry","category-de-la-iglesia-mundial","category-rss-espanol"],"acf":[],"yoast_head":"<!-- This site is optimized with the Yoast SEO plugin v27.3 - https:\/\/yoast.com\/product\/yoast-seo-wordpress\/ -->\n<title>\u00bfHa estado en un Congreso de la Asociaci\u00f3n General? - Iglesia Adventista del S\u00e9ptimo D\u00eda - Divisi\u00f3n Interamericana<\/title>\n<meta name=\"robots\" content=\"index, follow, max-snippet:-1, max-image-preview:large, max-video-preview:-1\" \/>\n<link rel=\"canonical\" href=\"https:\/\/interamerica.org\/es\/2025\/01\/ha-estado-en-un-congreso-de-la-asociacion-general\/\" \/>\n<meta property=\"og:locale\" content=\"es_ES\" \/>\n<meta property=\"og:type\" content=\"article\" \/>\n<meta property=\"og:title\" content=\"\u00bfHa estado en un Congreso de la Asociaci\u00f3n General? - Iglesia Adventista del S\u00e9ptimo D\u00eda - Divisi\u00f3n Interamericana\" \/>\n<meta property=\"og:description\" content=\"Una vez m\u00e1s, nos reunimos para proseguir en la misi\u00f3n divina. 7 de enero de 2024 | Silver Spring, Maryland, Estados Unidos | Jonathan Walter, Adventist Review Es muy emocionante...\" \/>\n<meta property=\"og:url\" content=\"https:\/\/interamerica.org\/es\/2025\/01\/ha-estado-en-un-congreso-de-la-asociacion-general\/\" \/>\n<meta property=\"og:site_name\" content=\"Iglesia Adventista del S\u00e9ptimo D\u00eda - Divisi\u00f3n Interamericana\" \/>\n<meta property=\"article:published_time\" content=\"2025-01-08T01:08:29+00:00\" \/>\n<meta property=\"article:modified_time\" content=\"2025-01-08T13:44:47+00:00\" \/>\n<meta property=\"og:image\" content=\"https:\/\/interamerica.org\/wp-content\/uploads\/2025\/01\/mlf288rgd5-scaled.jpeg\" \/>\n\t<meta property=\"og:image:width\" content=\"2560\" \/>\n\t<meta property=\"og:image:height\" content=\"1768\" \/>\n\t<meta property=\"og:image:type\" content=\"image\/jpeg\" \/>\n<meta name=\"author\" content=\"libna\" \/>\n<meta name=\"twitter:card\" content=\"summary_large_image\" \/>\n<meta name=\"twitter:label1\" content=\"Escrito por\" \/>\n\t<meta name=\"twitter:data1\" content=\"libna\" \/>\n\t<meta name=\"twitter:label2\" content=\"Tiempo de lectura\" \/>\n\t<meta name=\"twitter:data2\" content=\"5 minutos\" \/>\n<script type=\"application\/ld+json\" class=\"yoast-schema-graph\">{\"@context\":\"https:\\\/\\\/schema.org\",\"@graph\":[{\"@type\":\"Article\",\"@id\":\"https:\\\/\\\/interamerica.org\\\/es\\\/2025\\\/01\\\/ha-estado-en-un-congreso-de-la-asociacion-general\\\/#article\",\"isPartOf\":{\"@id\":\"https:\\\/\\\/interamerica.org\\\/es\\\/2025\\\/01\\\/ha-estado-en-un-congreso-de-la-asociacion-general\\\/\"},\"author\":{\"name\":\"libna\",\"@id\":\"https:\\\/\\\/interamerica.org\\\/es\\\/#\\\/schema\\\/person\\\/29998f2bc2d8bd0d38662909289b54f1\"},\"headline\":\"\u00bfHa estado en un Congreso de la Asociaci\u00f3n General?\",\"datePublished\":\"2025-01-08T01:08:29+00:00\",\"dateModified\":\"2025-01-08T13:44:47+00:00\",\"mainEntityOfPage\":{\"@id\":\"https:\\\/\\\/interamerica.org\\\/es\\\/2025\\\/01\\\/ha-estado-en-un-congreso-de-la-asociacion-general\\\/\"},\"wordCount\":1135,\"image\":{\"@id\":\"https:\\\/\\\/interamerica.org\\\/es\\\/2025\\\/01\\\/ha-estado-en-un-congreso-de-la-asociacion-general\\\/#primaryimage\"},\"thumbnailUrl\":\"https:\\\/\\\/interamerica.org\\\/wp-content\\\/uploads\\\/2025\\\/01\\\/mlf288rgd5-scaled.jpeg\",\"articleSection\":[\"Desde la iglesia mundial\",\"RSS Espa\u00f1ol\"],\"inLanguage\":\"es\"},{\"@type\":\"WebPage\",\"@id\":\"https:\\\/\\\/interamerica.org\\\/es\\\/2025\\\/01\\\/ha-estado-en-un-congreso-de-la-asociacion-general\\\/\",\"url\":\"https:\\\/\\\/interamerica.org\\\/es\\\/2025\\\/01\\\/ha-estado-en-un-congreso-de-la-asociacion-general\\\/\",\"name\":\"\u00bfHa estado en un Congreso de la Asociaci\u00f3n General? - Iglesia Adventista del S\u00e9ptimo D\u00eda - Divisi\u00f3n Interamericana\",\"isPartOf\":{\"@id\":\"https:\\\/\\\/interamerica.org\\\/es\\\/#website\"},\"primaryImageOfPage\":{\"@id\":\"https:\\\/\\\/interamerica.org\\\/es\\\/2025\\\/01\\\/ha-estado-en-un-congreso-de-la-asociacion-general\\\/#primaryimage\"},\"image\":{\"@id\":\"https:\\\/\\\/interamerica.org\\\/es\\\/2025\\\/01\\\/ha-estado-en-un-congreso-de-la-asociacion-general\\\/#primaryimage\"},\"thumbnailUrl\":\"https:\\\/\\\/interamerica.org\\\/wp-content\\\/uploads\\\/2025\\\/01\\\/mlf288rgd5-scaled.jpeg\",\"datePublished\":\"2025-01-08T01:08:29+00:00\",\"dateModified\":\"2025-01-08T13:44:47+00:00\",\"author\":{\"@id\":\"https:\\\/\\\/interamerica.org\\\/es\\\/#\\\/schema\\\/person\\\/29998f2bc2d8bd0d38662909289b54f1\"},\"breadcrumb\":{\"@id\":\"https:\\\/\\\/interamerica.org\\\/es\\\/2025\\\/01\\\/ha-estado-en-un-congreso-de-la-asociacion-general\\\/#breadcrumb\"},\"inLanguage\":\"es\",\"potentialAction\":[{\"@type\":\"ReadAction\",\"target\":[\"https:\\\/\\\/interamerica.org\\\/es\\\/2025\\\/01\\\/ha-estado-en-un-congreso-de-la-asociacion-general\\\/\"]}]},{\"@type\":\"ImageObject\",\"inLanguage\":\"es\",\"@id\":\"https:\\\/\\\/interamerica.org\\\/es\\\/2025\\\/01\\\/ha-estado-en-un-congreso-de-la-asociacion-general\\\/#primaryimage\",\"url\":\"https:\\\/\\\/interamerica.org\\\/wp-content\\\/uploads\\\/2025\\\/01\\\/mlf288rgd5-scaled.jpeg\",\"contentUrl\":\"https:\\\/\\\/interamerica.org\\\/wp-content\\\/uploads\\\/2025\\\/01\\\/mlf288rgd5-scaled.jpeg\",\"width\":2560,\"height\":1768,\"caption\":\"[Photo: Adventist Review]\"},{\"@type\":\"BreadcrumbList\",\"@id\":\"https:\\\/\\\/interamerica.org\\\/es\\\/2025\\\/01\\\/ha-estado-en-un-congreso-de-la-asociacion-general\\\/#breadcrumb\",\"itemListElement\":[{\"@type\":\"ListItem\",\"position\":1,\"name\":\"Home\",\"item\":\"https:\\\/\\\/interamerica.org\\\/es\\\/\"},{\"@type\":\"ListItem\",\"position\":2,\"name\":\"\u00bfHa estado en un Congreso de la Asociaci\u00f3n General?\"}]},{\"@type\":\"WebSite\",\"@id\":\"https:\\\/\\\/interamerica.org\\\/es\\\/#website\",\"url\":\"https:\\\/\\\/interamerica.org\\\/es\\\/\",\"name\":\"Iglesia Adventista del S\u00e9ptimo D\u00eda - Divisi\u00f3n Interamericana\",\"description\":\"\",\"potentialAction\":[{\"@type\":\"SearchAction\",\"target\":{\"@type\":\"EntryPoint\",\"urlTemplate\":\"https:\\\/\\\/interamerica.org\\\/es\\\/?s={search_term_string}\"},\"query-input\":{\"@type\":\"PropertyValueSpecification\",\"valueRequired\":true,\"valueName\":\"search_term_string\"}}],\"inLanguage\":\"es\"},{\"@type\":\"Person\",\"@id\":\"https:\\\/\\\/interamerica.org\\\/es\\\/#\\\/schema\\\/person\\\/29998f2bc2d8bd0d38662909289b54f1\",\"name\":\"libna\",\"image\":{\"@type\":\"ImageObject\",\"inLanguage\":\"es\",\"@id\":\"https:\\\/\\\/secure.gravatar.com\\\/avatar\\\/7c5bd30ae4b47a9ba3c856590957fd1d96dc588bf3ac05719d247e126840331f?s=96&d=mm&r=g\",\"url\":\"https:\\\/\\\/secure.gravatar.com\\\/avatar\\\/7c5bd30ae4b47a9ba3c856590957fd1d96dc588bf3ac05719d247e126840331f?s=96&d=mm&r=g\",\"contentUrl\":\"https:\\\/\\\/secure.gravatar.com\\\/avatar\\\/7c5bd30ae4b47a9ba3c856590957fd1d96dc588bf3ac05719d247e126840331f?s=96&d=mm&r=g\",\"caption\":\"libna\"}}]}<\/script>\n<!-- \/ Yoast SEO plugin. -->","yoast_head_json":{"title":"\u00bfHa estado en un Congreso de la Asociaci\u00f3n General? - Iglesia Adventista del S\u00e9ptimo D\u00eda - Divisi\u00f3n Interamericana","robots":{"index":"index","follow":"follow","max-snippet":"max-snippet:-1","max-image-preview":"max-image-preview:large","max-video-preview":"max-video-preview:-1"},"canonical":"https:\/\/interamerica.org\/es\/2025\/01\/ha-estado-en-un-congreso-de-la-asociacion-general\/","og_locale":"es_ES","og_type":"article","og_title":"\u00bfHa estado en un Congreso de la Asociaci\u00f3n General? - Iglesia Adventista del S\u00e9ptimo D\u00eda - Divisi\u00f3n Interamericana","og_description":"Una vez m\u00e1s, nos reunimos para proseguir en la misi\u00f3n divina. 7 de enero de 2024 | Silver Spring, Maryland, Estados Unidos | Jonathan Walter, Adventist Review Es muy emocionante...","og_url":"https:\/\/interamerica.org\/es\/2025\/01\/ha-estado-en-un-congreso-de-la-asociacion-general\/","og_site_name":"Iglesia Adventista del S\u00e9ptimo D\u00eda - Divisi\u00f3n Interamericana","article_published_time":"2025-01-08T01:08:29+00:00","article_modified_time":"2025-01-08T13:44:47+00:00","og_image":[{"width":2560,"height":1768,"url":"https:\/\/interamerica.org\/wp-content\/uploads\/2025\/01\/mlf288rgd5-scaled.jpeg","type":"image\/jpeg"}],"author":"libna","twitter_card":"summary_large_image","twitter_misc":{"Escrito por":"libna","Tiempo de lectura":"5 minutos"},"schema":{"@context":"https:\/\/schema.org","@graph":[{"@type":"Article","@id":"https:\/\/interamerica.org\/es\/2025\/01\/ha-estado-en-un-congreso-de-la-asociacion-general\/#article","isPartOf":{"@id":"https:\/\/interamerica.org\/es\/2025\/01\/ha-estado-en-un-congreso-de-la-asociacion-general\/"},"author":{"name":"libna","@id":"https:\/\/interamerica.org\/es\/#\/schema\/person\/29998f2bc2d8bd0d38662909289b54f1"},"headline":"\u00bfHa estado en un Congreso de la Asociaci\u00f3n General?","datePublished":"2025-01-08T01:08:29+00:00","dateModified":"2025-01-08T13:44:47+00:00","mainEntityOfPage":{"@id":"https:\/\/interamerica.org\/es\/2025\/01\/ha-estado-en-un-congreso-de-la-asociacion-general\/"},"wordCount":1135,"image":{"@id":"https:\/\/interamerica.org\/es\/2025\/01\/ha-estado-en-un-congreso-de-la-asociacion-general\/#primaryimage"},"thumbnailUrl":"https:\/\/interamerica.org\/wp-content\/uploads\/2025\/01\/mlf288rgd5-scaled.jpeg","articleSection":["Desde la iglesia mundial","RSS Espa\u00f1ol"],"inLanguage":"es"},{"@type":"WebPage","@id":"https:\/\/interamerica.org\/es\/2025\/01\/ha-estado-en-un-congreso-de-la-asociacion-general\/","url":"https:\/\/interamerica.org\/es\/2025\/01\/ha-estado-en-un-congreso-de-la-asociacion-general\/","name":"\u00bfHa estado en un Congreso de la Asociaci\u00f3n General? - Iglesia Adventista del S\u00e9ptimo D\u00eda - Divisi\u00f3n Interamericana","isPartOf":{"@id":"https:\/\/interamerica.org\/es\/#website"},"primaryImageOfPage":{"@id":"https:\/\/interamerica.org\/es\/2025\/01\/ha-estado-en-un-congreso-de-la-asociacion-general\/#primaryimage"},"image":{"@id":"https:\/\/interamerica.org\/es\/2025\/01\/ha-estado-en-un-congreso-de-la-asociacion-general\/#primaryimage"},"thumbnailUrl":"https:\/\/interamerica.org\/wp-content\/uploads\/2025\/01\/mlf288rgd5-scaled.jpeg","datePublished":"2025-01-08T01:08:29+00:00","dateModified":"2025-01-08T13:44:47+00:00","author":{"@id":"https:\/\/interamerica.org\/es\/#\/schema\/person\/29998f2bc2d8bd0d38662909289b54f1"},"breadcrumb":{"@id":"https:\/\/interamerica.org\/es\/2025\/01\/ha-estado-en-un-congreso-de-la-asociacion-general\/#breadcrumb"},"inLanguage":"es","potentialAction":[{"@type":"ReadAction","target":["https:\/\/interamerica.org\/es\/2025\/01\/ha-estado-en-un-congreso-de-la-asociacion-general\/"]}]},{"@type":"ImageObject","inLanguage":"es","@id":"https:\/\/interamerica.org\/es\/2025\/01\/ha-estado-en-un-congreso-de-la-asociacion-general\/#primaryimage","url":"https:\/\/interamerica.org\/wp-content\/uploads\/2025\/01\/mlf288rgd5-scaled.jpeg","contentUrl":"https:\/\/interamerica.org\/wp-content\/uploads\/2025\/01\/mlf288rgd5-scaled.jpeg","width":2560,"height":1768,"caption":"[Photo: Adventist Review]"},{"@type":"BreadcrumbList","@id":"https:\/\/interamerica.org\/es\/2025\/01\/ha-estado-en-un-congreso-de-la-asociacion-general\/#breadcrumb","itemListElement":[{"@type":"ListItem","position":1,"name":"Home","item":"https:\/\/interamerica.org\/es\/"},{"@type":"ListItem","position":2,"name":"\u00bfHa estado en un Congreso de la Asociaci\u00f3n General?"}]},{"@type":"WebSite","@id":"https:\/\/interamerica.org\/es\/#website","url":"https:\/\/interamerica.org\/es\/","name":"Iglesia Adventista del S\u00e9ptimo D\u00eda - Divisi\u00f3n Interamericana","description":"","potentialAction":[{"@type":"SearchAction","target":{"@type":"EntryPoint","urlTemplate":"https:\/\/interamerica.org\/es\/?s={search_term_string}"},"query-input":{"@type":"PropertyValueSpecification","valueRequired":true,"valueName":"search_term_string"}}],"inLanguage":"es"},{"@type":"Person","@id":"https:\/\/interamerica.org\/es\/#\/schema\/person\/29998f2bc2d8bd0d38662909289b54f1","name":"libna","image":{"@type":"ImageObject","inLanguage":"es","@id":"https:\/\/secure.gravatar.com\/avatar\/7c5bd30ae4b47a9ba3c856590957fd1d96dc588bf3ac05719d247e126840331f?s=96&d=mm&r=g","url":"https:\/\/secure.gravatar.com\/avatar\/7c5bd30ae4b47a9ba3c856590957fd1d96dc588bf3ac05719d247e126840331f?s=96&d=mm&r=g","contentUrl":"https:\/\/secure.gravatar.com\/avatar\/7c5bd30ae4b47a9ba3c856590957fd1d96dc588bf3ac05719d247e126840331f?s=96&d=mm&r=g","caption":"libna"}}]}},"_links":{"self":[{"href":"https:\/\/interamerica.org\/es\/wp-json\/wp\/v2\/posts\/123628","targetHints":{"allow":["GET"]}}],"collection":[{"href":"https:\/\/interamerica.org\/es\/wp-json\/wp\/v2\/posts"}],"about":[{"href":"https:\/\/interamerica.org\/es\/wp-json\/wp\/v2\/types\/post"}],"author":[{"embeddable":true,"href":"https:\/\/interamerica.org\/es\/wp-json\/wp\/v2\/users\/3"}],"replies":[{"embeddable":true,"href":"https:\/\/interamerica.org\/es\/wp-json\/wp\/v2\/comments?post=123628"}],"version-history":[{"count":0,"href":"https:\/\/interamerica.org\/es\/wp-json\/wp\/v2\/posts\/123628\/revisions"}],"wp:featuredmedia":[{"embeddable":true,"href":"https:\/\/interamerica.org\/es\/wp-json\/wp\/v2\/media\/123624"}],"wp:attachment":[{"href":"https:\/\/interamerica.org\/es\/wp-json\/wp\/v2\/media?parent=123628"}],"wp:term":[{"taxonomy":"category","embeddable":true,"href":"https:\/\/interamerica.org\/es\/wp-json\/wp\/v2\/categories?post=123628"},{"taxonomy":"post_tag","embeddable":true,"href":"https:\/\/interamerica.org\/es\/wp-json\/wp\/v2\/tags?post=123628"}],"curies":[{"name":"wp","href":"https:\/\/api.w.org\/{rel}","templated":true}]}}