{"id":123793,"date":"2025-01-14T10:15:50","date_gmt":"2025-01-14T15:15:50","guid":{"rendered":"https:\/\/interamerica.org\/?p=123793"},"modified":"2025-01-15T13:36:02","modified_gmt":"2025-01-15T18:36:02","slug":"adra-y-acs-unen-esfuerzos-para-prestar-ayuda-urgente-tras-devastacion-causada-por-incendios-forestales","status":"publish","type":"post","link":"https:\/\/interamerica.org\/es\/2025\/01\/adra-y-acs-unen-esfuerzos-para-prestar-ayuda-urgente-tras-devastacion-causada-por-incendios-forestales\/","title":{"rendered":"ADRA y ACS unen esfuerzos para prestar ayuda urgente tras devastaci\u00f3n causada por incendios forestales"},"content":{"rendered":"<p class=\"c-post-header__subtitle\"><em>Colaboraci\u00f3n con Servicios Adventistas a la Comunidad beneficia a las comunidades californianas.<\/em><\/p>\n<p>14 de enero de 2025 | Silver Spring, Maryland, Estados Unidos | ADRA International<\/p>\n<p>La Agencia Adventista de Desarrollo y Recursos Asistenciales (ADRA) ha unido sus esfuerzos a los de Servicios Adventistas a la Comunidad (ACS, por sus siglas en ingl\u00e9s) a fin de apoyar a las comunidades en California que han sido severamente impactadas por los actuales incendios forestales en el Condado de Los \u00c1ngeles, en los Estados Unidos.<\/p>\n<p>El Incendio Pacific Palisades, que dio inicio el martes 7 de enero, se extendi\u00f3 vertiginosamente, encendiendo m\u00faltiples llamas a trav\u00e9s de varias comunidades en la gran regi\u00f3n de Los \u00c1ngeles, incluyendo Eaton, la regi\u00f3n Sunset\/Runyon Canyon de Hollywood Hills y la zona Kenneth de Woodland Hills. Estos incendios se han convertido ahora en los m\u00e1s destructivos en la historia de Los \u00c1ngeles.<\/p>\n<p><div id=\"attachment_123757\" style=\"width: 778px\" class=\"wp-caption aligncenter\"><img fetchpriority=\"high\" decoding=\"async\" aria-describedby=\"caption-attachment-123757\" class=\"size-full wp-image-123755\" src=\"https:\/\/interamerica.org\/wp-content\/uploads\/2025\/01\/adra-cali-1.jpg\" alt=\"\" width=\"768\" height=\"579\" srcset=\"https:\/\/interamerica.org\/wp-content\/uploads\/2025\/01\/adra-cali-1.jpg 768w, https:\/\/interamerica.org\/wp-content\/uploads\/2025\/01\/adra-cali-1-300x226.jpg 300w\" sizes=\"(max-width: 768px) 100vw, 768px\" \/><p id=\"caption-attachment-123757\" class=\"wp-caption-text\">La Agencia Adventista de Desarrollo y Recursos Asistenciales (ADRA) est\u00e1 uniendo sus esfuerzos a los de Servicios Adventistas a la Comunidad (ACS) para apoyar a las comunidades californianas severamente impactadas por los recientes incendios forestales en el Condado de Los \u00c1ngeles en los Estados Unidos. [Imagen: Pedro Orta]<\/p><\/div>De acuerdo con los \u00faltimos informes, los incendios contin\u00faan incontenidos, incendiando m\u00e1s de 15,800 hect\u00e1reas) a trav\u00e9s de m\u00faltiples zonas en llamas. M\u00e1s de 12,000 estructuras han quedado destruidas, incluyendo casas habitadas y negocios; y por los menos 25 personas han tr\u00e1gicamente perdido la vida. M\u00e1s de 180,000 residentes se han visto forzados a evacuar la zona y se ha informado la desaparici\u00f3n de muchas personas. Se espera una necesaria evacuaci\u00f3n adicional, as\u00ed como la posibilidad de un creciente n\u00famero de personas fallecidas al continuar la evaluaci\u00f3n del da\u00f1o ocurrido. (*La cantidad de v\u00edctimas est\u00e1 sujeta diariamente a cambios).<\/p>\n<p>Los incendios, impulsados por furiosos vientos que han excedido a la velocidad de 113 kil\u00f3metros por hora, est\u00e1n amenazando m\u00e1s casas residenciales, negocios y comunidades. De acuerdo con funcionarios del cuerpo de bomberos, los vientos han contribuido a la vertiginosa y amplia destrucci\u00f3n, al volver zonas no t\u00edpicamente afectadas por incendios forestales, en escenas de devastaci\u00f3n y causando cortes de energ\u00eda el\u00e9ctrica generalizados que afectan a casi medio mill\u00f3n de residentes.<\/p>\n<p><div id=\"attachment_123751\" style=\"width: 510px\" class=\"wp-caption aligncenter\"><img decoding=\"async\" aria-describedby=\"caption-attachment-123751\" class=\"size-full wp-image-123749\" src=\"https:\/\/interamerica.org\/wp-content\/uploads\/2025\/01\/adra-cali-2.jpg\" alt=\"\" width=\"500\" height=\"667\" srcset=\"https:\/\/interamerica.org\/wp-content\/uploads\/2025\/01\/adra-cali-2.jpg 500w, https:\/\/interamerica.org\/wp-content\/uploads\/2025\/01\/adra-cali-2-225x300.jpg 225w\" sizes=\"(max-width: 500px) 100vw, 500px\" \/><p id=\"caption-attachment-123751\" class=\"wp-caption-text\">\u201cEstamos orando por la gente en California mientras luchan por mantenerse a salvo y reconstruir su vida despu\u00e9s de este devastador desastre\u201d, dijo uno de los dirigentes de ADRA. [Imagen: Pedro Orta]<\/p><\/div>\u201cEstamos orando por la gente en California mientras luchas por mantenerse a salvo y reconstruir su vida despu\u00e9s de este devastador desastre\u201d, dijo Imad Madanat, vicepresidente de ADRA Internacional para asuntos humanitarios. \u201cAnte esta gran tragedia, es de importancia vital que permanezcamos unidos como comunidad mundial de la iglesia. ADRA se compromete a trabajar en estrecha colaboraci\u00f3n con los Servicios Adventistas a la Comunidad y nos sentimos agradecidos por la oportunidad de proveer ayuda inmediata, trayendo esperanza y alivio a aquellas personas que han perdido tanto. El enfoque de nuestra atenci\u00f3n est\u00e1 dirigido a asegurarnos de que las familias y personas afectadas tengan acceso a los recursos vitales necesarios para iniciar su jornada hacia la recuperaci\u00f3n\u201d.<\/p>\n<p>En una declaraci\u00f3n de la Divisi\u00f3n Norteamericana (NAD, por sus siglas en ingl\u00e9s) de la Iglesia Adventista del S\u00e9ptimo D\u00eda, W. Derrick Lea, director de los Servicios Adventistas a la comunidad de la NAD, puso de relieve los esfuerzos de colaboraci\u00f3n que se llevan a cabo para proveer apoyo esencial a las personas afectadas por la crisis.<br \/>\n\u201cEstamos trabajando en conjunto con el director de ACS de nuestra Uni\u00f3n del Pac\u00edfico, Leon Brown, para asegurarnos que reciben apoyo los esfuerzos en materia de refugio. Adicionalmente . . . nuestros amigos de ADRA Internacional unir\u00e1n financieramente sus fuerzas a las de ACS de la NAD, en apoyo a esta labor tan necesitada. La necesidad es grande y aumentar\u00e1 todav\u00eda m\u00e1s\u201d.<\/p>\n<div id=\"attachment_123748\" style=\"width: 836px\" class=\"wp-caption aligncenter\"><img decoding=\"async\" aria-describedby=\"caption-attachment-123748\" class=\" wp-image-123746\" src=\"https:\/\/interamerica.org\/wp-content\/uploads\/2025\/01\/adra-cali-water.jpg\" alt=\"\" width=\"826\" height=\"658\" srcset=\"https:\/\/interamerica.org\/wp-content\/uploads\/2025\/01\/adra-cali-water.jpg 900w, https:\/\/interamerica.org\/wp-content\/uploads\/2025\/01\/adra-cali-water-300x239.jpg 300w, https:\/\/interamerica.org\/wp-content\/uploads\/2025\/01\/adra-cali-water-768x612.jpg 768w\" sizes=\"(max-width: 826px) 100vw, 826px\" \/><p id=\"caption-attachment-123748\" class=\"wp-caption-text\">La Iglesia Adventista del S\u00e9ptimo D\u00eda White Memorial, en Los \u00c1ngeles ,se moviliza para ofrecer alojamiento y apoyar a las familias necesitadas. [Imagen: \u00c1ngel Pereira]<\/p><\/div>\n<h3 class=\"wp-block-heading\"><strong>Inmediato apoyo y actividades de socorro<\/strong><\/h3>\n<p>ADRA est\u00e1 proveyendo una subvenci\u00f3n a ACS de la Uni\u00f3n Asociaci\u00f3n del Pac\u00edfico para apoyar de inmediato los esfuerzos de socorro y la recuperaci\u00f3n a largo plazo. Los fondos financieros ser\u00e1n utilizados para lo siguiente:<\/p>\n<ul class=\"wp-block-list\">\n<li><strong>Albergue:<\/strong> Las iglesias adventistas en las zonas afectadas se han convertido en refugios de emergencia para familias desplazadas por los incendios. Estas iglesias servir\u00e1n como sitios seguros de refugio para aquellos que han perdido sus casas o que no pueden regresar por causa de los incendios en curso.<\/li>\n<li><strong>Suministros de emergencia:<\/strong> Suministros esenciales, incluyendo agua, cobijas, catres y art\u00edculos de alimentaci\u00f3n preenvasados, que ser\u00e1n distribuidos en esos albergues para garantizar que dichas familias tienen acceso a la satisfacci\u00f3n de las necesidades b\u00e1sicas durante esta crisis.<\/li>\n<li><strong>Tarjetas de regalo:<\/strong> ACS proveer\u00e1 tarjetas de regalo para ayudar a las personas afectadas a suplir necesidades adicionales, ofreci\u00e9ndoles una muy necesitada flexibilidad mientras enfrentan los desaf\u00edos de este desastre.<\/li>\n<\/ul>\n<p>Varias iglesias adventistas del s\u00e9ptimo d\u00eda han abierto sus puertas para proveer albergue y servicio el\u00e9ctrico a aquellos afectados por los incendios. \u00c1ngel Pereira, pastor asociado de la Iglesia Adventista del S\u00e9ptimo D\u00eda White Memorial, indica que su iglesia est\u00e1 lista para ayudar a las familias desplazadas. La iglesia ha abierto sus puertas al p\u00fablico para ser un sitio de refugio en la comunidad y tiene camas disponibles.<\/p>\n<p>Dijo el pastor Pereira: \u201cEstamos saliendo a las calles, a otros albergues y continuando en la labor de compartir con otros lo que se nos ha dado. Esta es la raz\u00f3n por la que estamos aqu\u00ed \u2014para un tiempo como este\u201d.<\/p>\n<p><em>La <\/em><a href=\"https:\/\/adra.org\/adra-joins-forces-with-adventist-community-services-acs-to-deliver-urgent-relief-to-california-communities-devastated-by-wildfires\" target=\"_blank\" rel=\"noopener\"><em>versi\u00f3n original<\/em><\/a><em> de este comunicado fue publicado por <\/em><a href=\"https:\/\/adra.org\/\" target=\"_blank\" rel=\"noopener\"><em>ADRA Internacional<\/em><\/a><em>.<\/em><br \/>\nTraducci\u00f3n \u2013 Gloria A. Castrej\u00f3n<\/p>\n","protected":false},"excerpt":{"rendered":"<p>Colaboraci\u00f3n con Servicios Adventistas a la Comunidad beneficia a las comunidades californianas. 14 de enero de 2025 | Silver Spring, Maryland, Estados Unidos | ADRA International La Agencia Adventista de&#8230;<\/p>\n","protected":false},"author":3,"featured_media":123757,"comment_status":"closed","ping_status":"closed","sticky":false,"template":"","format":"standard","meta":{"_acf_changed":false,"footnotes":""},"categories":[14,15],"tags":[],"class_list":["post-123793","post","type-post","status-publish","format-standard","has-post-thumbnail","hentry","category-de-la-iglesia-mundial","category-rss-espanol"],"acf":[],"yoast_head":"<!-- This site is optimized with the Yoast SEO plugin v27.3 - https:\/\/yoast.com\/product\/yoast-seo-wordpress\/ -->\n<title>ADRA y ACS unen esfuerzos para prestar ayuda urgente tras devastaci\u00f3n causada por incendios forestales - Iglesia Adventista del S\u00e9ptimo D\u00eda - Divisi\u00f3n Interamericana<\/title>\n<meta name=\"robots\" content=\"index, follow, max-snippet:-1, max-image-preview:large, max-video-preview:-1\" \/>\n<link rel=\"canonical\" href=\"https:\/\/interamerica.org\/es\/2025\/01\/adra-y-acs-unen-esfuerzos-para-prestar-ayuda-urgente-tras-devastacion-causada-por-incendios-forestales\/\" \/>\n<meta property=\"og:locale\" content=\"es_ES\" \/>\n<meta property=\"og:type\" content=\"article\" \/>\n<meta property=\"og:title\" content=\"ADRA y ACS unen esfuerzos para prestar ayuda urgente tras devastaci\u00f3n causada por incendios forestales - Iglesia Adventista del S\u00e9ptimo D\u00eda - Divisi\u00f3n Interamericana\" \/>\n<meta property=\"og:description\" content=\"Colaboraci\u00f3n con Servicios Adventistas a la Comunidad beneficia a las comunidades californianas. 14 de enero de 2025 | Silver Spring, Maryland, Estados Unidos | ADRA International La Agencia Adventista de...\" \/>\n<meta property=\"og:url\" content=\"https:\/\/interamerica.org\/es\/2025\/01\/adra-y-acs-unen-esfuerzos-para-prestar-ayuda-urgente-tras-devastacion-causada-por-incendios-forestales\/\" \/>\n<meta property=\"og:site_name\" content=\"Iglesia Adventista del S\u00e9ptimo D\u00eda - Divisi\u00f3n Interamericana\" \/>\n<meta property=\"article:published_time\" content=\"2025-01-14T15:15:50+00:00\" \/>\n<meta property=\"article:modified_time\" content=\"2025-01-15T18:36:02+00:00\" \/>\n<meta property=\"og:image\" content=\"https:\/\/interamerica.org\/wp-content\/uploads\/2025\/01\/adra-cali-1.jpg\" \/>\n\t<meta property=\"og:image:width\" content=\"768\" \/>\n\t<meta property=\"og:image:height\" content=\"579\" \/>\n\t<meta property=\"og:image:type\" content=\"image\/jpeg\" \/>\n<meta name=\"author\" content=\"libna\" \/>\n<meta name=\"twitter:card\" content=\"summary_large_image\" \/>\n<meta name=\"twitter:label1\" content=\"Escrito por\" \/>\n\t<meta name=\"twitter:data1\" content=\"libna\" \/>\n\t<meta name=\"twitter:label2\" content=\"Tiempo de lectura\" \/>\n\t<meta name=\"twitter:data2\" content=\"5 minutos\" \/>\n<script type=\"application\/ld+json\" class=\"yoast-schema-graph\">{\"@context\":\"https:\\\/\\\/schema.org\",\"@graph\":[{\"@type\":\"Article\",\"@id\":\"https:\\\/\\\/interamerica.org\\\/es\\\/2025\\\/01\\\/adra-y-acs-unen-esfuerzos-para-prestar-ayuda-urgente-tras-devastacion-causada-por-incendios-forestales\\\/#article\",\"isPartOf\":{\"@id\":\"https:\\\/\\\/interamerica.org\\\/es\\\/2025\\\/01\\\/adra-y-acs-unen-esfuerzos-para-prestar-ayuda-urgente-tras-devastacion-causada-por-incendios-forestales\\\/\"},\"author\":{\"name\":\"libna\",\"@id\":\"https:\\\/\\\/interamerica.org\\\/es\\\/#\\\/schema\\\/person\\\/29998f2bc2d8bd0d38662909289b54f1\"},\"headline\":\"ADRA y ACS unen esfuerzos para prestar ayuda urgente tras devastaci\u00f3n causada por incendios forestales\",\"datePublished\":\"2025-01-14T15:15:50+00:00\",\"dateModified\":\"2025-01-15T18:36:02+00:00\",\"mainEntityOfPage\":{\"@id\":\"https:\\\/\\\/interamerica.org\\\/es\\\/2025\\\/01\\\/adra-y-acs-unen-esfuerzos-para-prestar-ayuda-urgente-tras-devastacion-causada-por-incendios-forestales\\\/\"},\"wordCount\":1031,\"image\":{\"@id\":\"https:\\\/\\\/interamerica.org\\\/es\\\/2025\\\/01\\\/adra-y-acs-unen-esfuerzos-para-prestar-ayuda-urgente-tras-devastacion-causada-por-incendios-forestales\\\/#primaryimage\"},\"thumbnailUrl\":\"https:\\\/\\\/interamerica.org\\\/wp-content\\\/uploads\\\/2025\\\/01\\\/adra-cali-1.jpg\",\"articleSection\":[\"Desde la iglesia mundial\",\"RSS Espa\u00f1ol\"],\"inLanguage\":\"es\"},{\"@type\":\"WebPage\",\"@id\":\"https:\\\/\\\/interamerica.org\\\/es\\\/2025\\\/01\\\/adra-y-acs-unen-esfuerzos-para-prestar-ayuda-urgente-tras-devastacion-causada-por-incendios-forestales\\\/\",\"url\":\"https:\\\/\\\/interamerica.org\\\/es\\\/2025\\\/01\\\/adra-y-acs-unen-esfuerzos-para-prestar-ayuda-urgente-tras-devastacion-causada-por-incendios-forestales\\\/\",\"name\":\"ADRA y ACS unen esfuerzos para prestar ayuda urgente tras devastaci\u00f3n causada por incendios forestales - Iglesia Adventista del S\u00e9ptimo D\u00eda - Divisi\u00f3n Interamericana\",\"isPartOf\":{\"@id\":\"https:\\\/\\\/interamerica.org\\\/es\\\/#website\"},\"primaryImageOfPage\":{\"@id\":\"https:\\\/\\\/interamerica.org\\\/es\\\/2025\\\/01\\\/adra-y-acs-unen-esfuerzos-para-prestar-ayuda-urgente-tras-devastacion-causada-por-incendios-forestales\\\/#primaryimage\"},\"image\":{\"@id\":\"https:\\\/\\\/interamerica.org\\\/es\\\/2025\\\/01\\\/adra-y-acs-unen-esfuerzos-para-prestar-ayuda-urgente-tras-devastacion-causada-por-incendios-forestales\\\/#primaryimage\"},\"thumbnailUrl\":\"https:\\\/\\\/interamerica.org\\\/wp-content\\\/uploads\\\/2025\\\/01\\\/adra-cali-1.jpg\",\"datePublished\":\"2025-01-14T15:15:50+00:00\",\"dateModified\":\"2025-01-15T18:36:02+00:00\",\"author\":{\"@id\":\"https:\\\/\\\/interamerica.org\\\/es\\\/#\\\/schema\\\/person\\\/29998f2bc2d8bd0d38662909289b54f1\"},\"breadcrumb\":{\"@id\":\"https:\\\/\\\/interamerica.org\\\/es\\\/2025\\\/01\\\/adra-y-acs-unen-esfuerzos-para-prestar-ayuda-urgente-tras-devastacion-causada-por-incendios-forestales\\\/#breadcrumb\"},\"inLanguage\":\"es\",\"potentialAction\":[{\"@type\":\"ReadAction\",\"target\":[\"https:\\\/\\\/interamerica.org\\\/es\\\/2025\\\/01\\\/adra-y-acs-unen-esfuerzos-para-prestar-ayuda-urgente-tras-devastacion-causada-por-incendios-forestales\\\/\"]}]},{\"@type\":\"ImageObject\",\"inLanguage\":\"es\",\"@id\":\"https:\\\/\\\/interamerica.org\\\/es\\\/2025\\\/01\\\/adra-y-acs-unen-esfuerzos-para-prestar-ayuda-urgente-tras-devastacion-causada-por-incendios-forestales\\\/#primaryimage\",\"url\":\"https:\\\/\\\/interamerica.org\\\/wp-content\\\/uploads\\\/2025\\\/01\\\/adra-cali-1.jpg\",\"contentUrl\":\"https:\\\/\\\/interamerica.org\\\/wp-content\\\/uploads\\\/2025\\\/01\\\/adra-cali-1.jpg\",\"width\":768,\"height\":579,\"caption\":\"The Adventist Development and Relief Agency (ADRA) is partnering with Adventist Community Services (ACS) to support California communities severely impacted by the recent wildfires in Los Angeles County in the U.S. [Photo: Pedro Orta]\"},{\"@type\":\"BreadcrumbList\",\"@id\":\"https:\\\/\\\/interamerica.org\\\/es\\\/2025\\\/01\\\/adra-y-acs-unen-esfuerzos-para-prestar-ayuda-urgente-tras-devastacion-causada-por-incendios-forestales\\\/#breadcrumb\",\"itemListElement\":[{\"@type\":\"ListItem\",\"position\":1,\"name\":\"Home\",\"item\":\"https:\\\/\\\/interamerica.org\\\/es\\\/\"},{\"@type\":\"ListItem\",\"position\":2,\"name\":\"ADRA y ACS unen esfuerzos para prestar ayuda urgente tras devastaci\u00f3n causada por incendios forestales\"}]},{\"@type\":\"WebSite\",\"@id\":\"https:\\\/\\\/interamerica.org\\\/es\\\/#website\",\"url\":\"https:\\\/\\\/interamerica.org\\\/es\\\/\",\"name\":\"Iglesia Adventista del S\u00e9ptimo D\u00eda - Divisi\u00f3n Interamericana\",\"description\":\"\",\"potentialAction\":[{\"@type\":\"SearchAction\",\"target\":{\"@type\":\"EntryPoint\",\"urlTemplate\":\"https:\\\/\\\/interamerica.org\\\/es\\\/?s={search_term_string}\"},\"query-input\":{\"@type\":\"PropertyValueSpecification\",\"valueRequired\":true,\"valueName\":\"search_term_string\"}}],\"inLanguage\":\"es\"},{\"@type\":\"Person\",\"@id\":\"https:\\\/\\\/interamerica.org\\\/es\\\/#\\\/schema\\\/person\\\/29998f2bc2d8bd0d38662909289b54f1\",\"name\":\"libna\",\"image\":{\"@type\":\"ImageObject\",\"inLanguage\":\"es\",\"@id\":\"https:\\\/\\\/secure.gravatar.com\\\/avatar\\\/7c5bd30ae4b47a9ba3c856590957fd1d96dc588bf3ac05719d247e126840331f?s=96&d=mm&r=g\",\"url\":\"https:\\\/\\\/secure.gravatar.com\\\/avatar\\\/7c5bd30ae4b47a9ba3c856590957fd1d96dc588bf3ac05719d247e126840331f?s=96&d=mm&r=g\",\"contentUrl\":\"https:\\\/\\\/secure.gravatar.com\\\/avatar\\\/7c5bd30ae4b47a9ba3c856590957fd1d96dc588bf3ac05719d247e126840331f?s=96&d=mm&r=g\",\"caption\":\"libna\"}}]}<\/script>\n<!-- \/ Yoast SEO plugin. -->","yoast_head_json":{"title":"ADRA y ACS unen esfuerzos para prestar ayuda urgente tras devastaci\u00f3n causada por incendios forestales - Iglesia Adventista del S\u00e9ptimo D\u00eda - Divisi\u00f3n Interamericana","robots":{"index":"index","follow":"follow","max-snippet":"max-snippet:-1","max-image-preview":"max-image-preview:large","max-video-preview":"max-video-preview:-1"},"canonical":"https:\/\/interamerica.org\/es\/2025\/01\/adra-y-acs-unen-esfuerzos-para-prestar-ayuda-urgente-tras-devastacion-causada-por-incendios-forestales\/","og_locale":"es_ES","og_type":"article","og_title":"ADRA y ACS unen esfuerzos para prestar ayuda urgente tras devastaci\u00f3n causada por incendios forestales - Iglesia Adventista del S\u00e9ptimo D\u00eda - Divisi\u00f3n Interamericana","og_description":"Colaboraci\u00f3n con Servicios Adventistas a la Comunidad beneficia a las comunidades californianas. 14 de enero de 2025 | Silver Spring, Maryland, Estados Unidos | ADRA International La Agencia Adventista de...","og_url":"https:\/\/interamerica.org\/es\/2025\/01\/adra-y-acs-unen-esfuerzos-para-prestar-ayuda-urgente-tras-devastacion-causada-por-incendios-forestales\/","og_site_name":"Iglesia Adventista del S\u00e9ptimo D\u00eda - Divisi\u00f3n Interamericana","article_published_time":"2025-01-14T15:15:50+00:00","article_modified_time":"2025-01-15T18:36:02+00:00","og_image":[{"width":768,"height":579,"url":"https:\/\/interamerica.org\/wp-content\/uploads\/2025\/01\/adra-cali-1.jpg","type":"image\/jpeg"}],"author":"libna","twitter_card":"summary_large_image","twitter_misc":{"Escrito por":"libna","Tiempo de lectura":"5 minutos"},"schema":{"@context":"https:\/\/schema.org","@graph":[{"@type":"Article","@id":"https:\/\/interamerica.org\/es\/2025\/01\/adra-y-acs-unen-esfuerzos-para-prestar-ayuda-urgente-tras-devastacion-causada-por-incendios-forestales\/#article","isPartOf":{"@id":"https:\/\/interamerica.org\/es\/2025\/01\/adra-y-acs-unen-esfuerzos-para-prestar-ayuda-urgente-tras-devastacion-causada-por-incendios-forestales\/"},"author":{"name":"libna","@id":"https:\/\/interamerica.org\/es\/#\/schema\/person\/29998f2bc2d8bd0d38662909289b54f1"},"headline":"ADRA y ACS unen esfuerzos para prestar ayuda urgente tras devastaci\u00f3n causada por incendios forestales","datePublished":"2025-01-14T15:15:50+00:00","dateModified":"2025-01-15T18:36:02+00:00","mainEntityOfPage":{"@id":"https:\/\/interamerica.org\/es\/2025\/01\/adra-y-acs-unen-esfuerzos-para-prestar-ayuda-urgente-tras-devastacion-causada-por-incendios-forestales\/"},"wordCount":1031,"image":{"@id":"https:\/\/interamerica.org\/es\/2025\/01\/adra-y-acs-unen-esfuerzos-para-prestar-ayuda-urgente-tras-devastacion-causada-por-incendios-forestales\/#primaryimage"},"thumbnailUrl":"https:\/\/interamerica.org\/wp-content\/uploads\/2025\/01\/adra-cali-1.jpg","articleSection":["Desde la iglesia mundial","RSS Espa\u00f1ol"],"inLanguage":"es"},{"@type":"WebPage","@id":"https:\/\/interamerica.org\/es\/2025\/01\/adra-y-acs-unen-esfuerzos-para-prestar-ayuda-urgente-tras-devastacion-causada-por-incendios-forestales\/","url":"https:\/\/interamerica.org\/es\/2025\/01\/adra-y-acs-unen-esfuerzos-para-prestar-ayuda-urgente-tras-devastacion-causada-por-incendios-forestales\/","name":"ADRA y ACS unen esfuerzos para prestar ayuda urgente tras devastaci\u00f3n causada por incendios forestales - Iglesia Adventista del S\u00e9ptimo D\u00eda - Divisi\u00f3n Interamericana","isPartOf":{"@id":"https:\/\/interamerica.org\/es\/#website"},"primaryImageOfPage":{"@id":"https:\/\/interamerica.org\/es\/2025\/01\/adra-y-acs-unen-esfuerzos-para-prestar-ayuda-urgente-tras-devastacion-causada-por-incendios-forestales\/#primaryimage"},"image":{"@id":"https:\/\/interamerica.org\/es\/2025\/01\/adra-y-acs-unen-esfuerzos-para-prestar-ayuda-urgente-tras-devastacion-causada-por-incendios-forestales\/#primaryimage"},"thumbnailUrl":"https:\/\/interamerica.org\/wp-content\/uploads\/2025\/01\/adra-cali-1.jpg","datePublished":"2025-01-14T15:15:50+00:00","dateModified":"2025-01-15T18:36:02+00:00","author":{"@id":"https:\/\/interamerica.org\/es\/#\/schema\/person\/29998f2bc2d8bd0d38662909289b54f1"},"breadcrumb":{"@id":"https:\/\/interamerica.org\/es\/2025\/01\/adra-y-acs-unen-esfuerzos-para-prestar-ayuda-urgente-tras-devastacion-causada-por-incendios-forestales\/#breadcrumb"},"inLanguage":"es","potentialAction":[{"@type":"ReadAction","target":["https:\/\/interamerica.org\/es\/2025\/01\/adra-y-acs-unen-esfuerzos-para-prestar-ayuda-urgente-tras-devastacion-causada-por-incendios-forestales\/"]}]},{"@type":"ImageObject","inLanguage":"es","@id":"https:\/\/interamerica.org\/es\/2025\/01\/adra-y-acs-unen-esfuerzos-para-prestar-ayuda-urgente-tras-devastacion-causada-por-incendios-forestales\/#primaryimage","url":"https:\/\/interamerica.org\/wp-content\/uploads\/2025\/01\/adra-cali-1.jpg","contentUrl":"https:\/\/interamerica.org\/wp-content\/uploads\/2025\/01\/adra-cali-1.jpg","width":768,"height":579,"caption":"The Adventist Development and Relief Agency (ADRA) is partnering with Adventist Community Services (ACS) to support California communities severely impacted by the recent wildfires in Los Angeles County in the U.S. [Photo: Pedro Orta]"},{"@type":"BreadcrumbList","@id":"https:\/\/interamerica.org\/es\/2025\/01\/adra-y-acs-unen-esfuerzos-para-prestar-ayuda-urgente-tras-devastacion-causada-por-incendios-forestales\/#breadcrumb","itemListElement":[{"@type":"ListItem","position":1,"name":"Home","item":"https:\/\/interamerica.org\/es\/"},{"@type":"ListItem","position":2,"name":"ADRA y ACS unen esfuerzos para prestar ayuda urgente tras devastaci\u00f3n causada por incendios forestales"}]},{"@type":"WebSite","@id":"https:\/\/interamerica.org\/es\/#website","url":"https:\/\/interamerica.org\/es\/","name":"Iglesia Adventista del S\u00e9ptimo D\u00eda - Divisi\u00f3n Interamericana","description":"","potentialAction":[{"@type":"SearchAction","target":{"@type":"EntryPoint","urlTemplate":"https:\/\/interamerica.org\/es\/?s={search_term_string}"},"query-input":{"@type":"PropertyValueSpecification","valueRequired":true,"valueName":"search_term_string"}}],"inLanguage":"es"},{"@type":"Person","@id":"https:\/\/interamerica.org\/es\/#\/schema\/person\/29998f2bc2d8bd0d38662909289b54f1","name":"libna","image":{"@type":"ImageObject","inLanguage":"es","@id":"https:\/\/secure.gravatar.com\/avatar\/7c5bd30ae4b47a9ba3c856590957fd1d96dc588bf3ac05719d247e126840331f?s=96&d=mm&r=g","url":"https:\/\/secure.gravatar.com\/avatar\/7c5bd30ae4b47a9ba3c856590957fd1d96dc588bf3ac05719d247e126840331f?s=96&d=mm&r=g","contentUrl":"https:\/\/secure.gravatar.com\/avatar\/7c5bd30ae4b47a9ba3c856590957fd1d96dc588bf3ac05719d247e126840331f?s=96&d=mm&r=g","caption":"libna"}}]}},"_links":{"self":[{"href":"https:\/\/interamerica.org\/es\/wp-json\/wp\/v2\/posts\/123793","targetHints":{"allow":["GET"]}}],"collection":[{"href":"https:\/\/interamerica.org\/es\/wp-json\/wp\/v2\/posts"}],"about":[{"href":"https:\/\/interamerica.org\/es\/wp-json\/wp\/v2\/types\/post"}],"author":[{"embeddable":true,"href":"https:\/\/interamerica.org\/es\/wp-json\/wp\/v2\/users\/3"}],"replies":[{"embeddable":true,"href":"https:\/\/interamerica.org\/es\/wp-json\/wp\/v2\/comments?post=123793"}],"version-history":[{"count":0,"href":"https:\/\/interamerica.org\/es\/wp-json\/wp\/v2\/posts\/123793\/revisions"}],"wp:featuredmedia":[{"embeddable":true,"href":"https:\/\/interamerica.org\/es\/wp-json\/wp\/v2\/media\/123757"}],"wp:attachment":[{"href":"https:\/\/interamerica.org\/es\/wp-json\/wp\/v2\/media?parent=123793"}],"wp:term":[{"taxonomy":"category","embeddable":true,"href":"https:\/\/interamerica.org\/es\/wp-json\/wp\/v2\/categories?post=123793"},{"taxonomy":"post_tag","embeddable":true,"href":"https:\/\/interamerica.org\/es\/wp-json\/wp\/v2\/tags?post=123793"}],"curies":[{"name":"wp","href":"https:\/\/api.w.org\/{rel}","templated":true}]}}