{"id":123796,"date":"2025-01-14T14:31:59","date_gmt":"2025-01-14T19:31:59","guid":{"rendered":"https:\/\/interamerica.org\/?p=123796"},"modified":"2025-01-15T13:37:13","modified_gmt":"2025-01-15T18:37:13","slug":"iglesias-adventistas-de-los-angeles-se-unen-para-apoyar-a-las-victimas-de-los-incendios-en-palisades","status":"publish","type":"post","link":"https:\/\/interamerica.org\/es\/2025\/01\/iglesias-adventistas-de-los-angeles-se-unen-para-apoyar-a-las-victimas-de-los-incendios-en-palisades\/","title":{"rendered":"Iglesias adventistas de Los \u00c1ngeles se unen para apoyar a las v\u00edctimas de los incendios en Palisades"},"content":{"rendered":"<p class=\"mt-2 font-serif text-theme-900 dark:text-white\/75\"><em>Estamos en lo duro de la batalla, dice un pastor en la ciudad de Los Angeles, mientras las iglesias se movilizan para ayudar.<\/em><\/p>\n<div class=\"flex flex-wrap items-center font-sans md:flex-nowrap gap-2 text-xs md:gap-4 md:text-sm dark:text-theme-100 text-theme-500 mt-8\">\n<div class=\"font-medium\"><time class=\"flex items-center gap-2\" datetime=\"2025-01-13T16:04:00.000Z\">13 de enero de 2025 | Columbia, Maryland, Estados Unidos | <\/time>Lauren Davis y Ang\u00e9lica S\u00e1nchez, ANN<\/div>\n<div>\n<p class=\"text-start text-sm lg:text-base font-normal\">Despu\u00e9s de los devastadores incendios de Palisades, las iglesias adventistas de Los \u00c1ngeles, California, se est\u00e1n uniendo para brindar ayuda y apoyo a los que se han visto desplazados y afectados.<\/p>\n<p class=\"text-start text-sm lg:text-base font-normal\">\u201cEstoy viendo que esta ciudad se est\u00e1 uniendo de manera maravillosa\u201d, dijo Manuel Arteaga, pastor principal de la iglesia adventista White Memorial.<\/p>\n<p class=\"text-start text-sm lg:text-base font-normal\">Ubicada en el interior de la ciudad de Los \u00c1ngeles, la proximidad de White Memorial con los incendios ha hecho que las iglesias de las zonas suburbanas canalicen recursos por medio de ellas.<\/p>\n<div id=\"attachment_123762\" style=\"width: 842px\" class=\"wp-caption aligncenter\"><img fetchpriority=\"high\" decoding=\"async\" aria-describedby=\"caption-attachment-123762\" class=\" wp-image-123760\" src=\"https:\/\/interamerica.org\/wp-content\/uploads\/2025\/01\/nad-cali-fires-1pre1736782403354-1024x1024.webp\" alt=\"\" width=\"832\" height=\"832\" srcset=\"https:\/\/interamerica.org\/wp-content\/uploads\/2025\/01\/nad-cali-fires-1pre1736782403354-1024x1024.webp 1024w, https:\/\/interamerica.org\/wp-content\/uploads\/2025\/01\/nad-cali-fires-1pre1736782403354-300x300.webp 300w, https:\/\/interamerica.org\/wp-content\/uploads\/2025\/01\/nad-cali-fires-1pre1736782403354-150x150.webp 150w, https:\/\/interamerica.org\/wp-content\/uploads\/2025\/01\/nad-cali-fires-1pre1736782403354-768x768.webp 768w, https:\/\/interamerica.org\/wp-content\/uploads\/2025\/01\/nad-cali-fires-1pre1736782403354-1536x1536.webp 1536w, https:\/\/interamerica.org\/wp-content\/uploads\/2025\/01\/nad-cali-fires-1pre1736782403354.webp 1920w\" sizes=\"(max-width: 832px) 100vw, 832px\" \/><p id=\"caption-attachment-123762\" class=\"wp-caption-text\">La iglesia adventista Valley Crossroad brinda platos de comida a las personas desplazadas el pasado 11 de enero de 2025.<br \/>[Fotograf\u00eda: Iglesia adventista Roscoe Shields\/Valley Crossroads]<\/p><\/div>\n<p class=\"text-start text-sm lg:text-base font-normal\">\u201cEstamos viendo que miembros e iglesias de los suburbios est\u00e1n tray\u00e9ndonos recursos, la iglesia dentro de la misma ciudad\u201d, dijo Arteaga.<\/p>\n<p class=\"text-start text-sm lg:text-base font-normal\">Una de esas iglesias es la iglesia adventista Adonai ubicada en Norwalk, una ciudad del Condado de Los \u00c1ngeles. El 11 de enero de 2025, la iglesia cancel\u00f3 su culto de la noche para llevar los art\u00edculos recolectados a los voluntarios y a las v\u00edctimas de los incendios.<\/p>\n<p class=\"text-start text-sm lg:text-base font-normal\">\u201cUn gran n\u00famero de voluntarios se hizo presente y recibimos much\u00edsimos art\u00edculos donados que distribuir, lo que incluy\u00f3 mantas y medicamentos\u201d, dijo Daniel Castanaza, pastor de la iglesia adventista Adonai. \u201cPudimos dejar algunos voluntarios en el hip\u00f3dromo de Santa Anita, mientras que otro grupo de voluntarios fue a repartir el resto de los art\u00edculos en la iglesia White Memorial\u201d.<\/p>\n<p class=\"text-start text-sm lg:text-base font-normal\">El Incendio de Palisades, considerado el m\u00e1s letal en la historia de Los \u00c1ngeles, comenz\u00f3 el 7 de enero a mediados de la ma\u00f1ana, seg\u00fan el Departamento de Bomberos de Los \u00c1ngeles.<\/p>\n<p class=\"text-start text-sm lg:text-base font-normal\">Los \u00faltimos informes hablan de que los incendios no han sido contenidos, y que han quemado m\u00e1s de 39 mil acres en m\u00faltiples incendios. M\u00e1s de doce mil estructuras han sido destruidas, lo que incluye hogares y empresas, y al menos 13 personas han perdido tr\u00e1gicamente la vida. M\u00e1s de 180 mil residentes se han visto forzados a evacuar el lugar, y muchos figuran como desaparecidos. Dado que se esperan otras \u00f3rdenes de evacuaci\u00f3n, el n\u00famero de muertos puede seguir subiendo a medida que se eval\u00faan los da\u00f1os causados por el fuego.<\/p>\n<div id=\"attachment_123768\" style=\"width: 851px\" class=\"wp-caption aligncenter\"><img decoding=\"async\" aria-describedby=\"caption-attachment-123768\" class=\" wp-image-123766\" src=\"https:\/\/interamerica.org\/wp-content\/uploads\/2025\/01\/nad-califiresar81736783619199.avif\" alt=\"\" width=\"841\" height=\"631\" srcset=\"https:\/\/interamerica.org\/wp-content\/uploads\/2025\/01\/nad-califiresar81736783619199.avif 585w, https:\/\/interamerica.org\/wp-content\/uploads\/2025\/01\/nad-califiresar81736783619199-300x225.avif 300w\" sizes=\"(max-width: 841px) 100vw, 841px\" \/><p id=\"caption-attachment-123768\" class=\"wp-caption-text\">Un voluntario de la iglesia adventista White Memorial organiza las donaciones de prendas de vestir. [Fotograf\u00eda: Iglesia adventista White Memorial]<\/p><\/div>\n<p class=\"text-start text-sm lg:text-base font-normal\">Otra iglesia que ofrece ayuda y alojamiento es la iglesia adventista Valley Crossroads.<\/p>\n<p class=\"text-start text-sm lg:text-base font-normal\">\u201cEstamos cambiando nuestra experiencia de culto, de estar sentados en la iglesia a realmente ayudar a la gente de la comunidad\u201d, dijo Roscoe Shields, pastor de la iglesia adventista Valley Crossroads.<\/p>\n<p class=\"text-start text-sm lg:text-base font-normal\">En lugar del culto del s\u00e1bado, Valley Crossroads distribuy\u00f3 volantes en los que inst\u00f3 a los miembros de la iglesia y la comunidad a que se movilicen juntos.<\/p>\n<p class=\"text-start text-sm lg:text-base font-normal\">Cientos de miembros de iglesia se han movilizado para apoyar a los necesitados, pero no solo los adventistas respondieron a Valley Crossroads&#8217; call.<\/p>\n<p class=\"text-start text-sm lg:text-base font-normal\">\u201cHay gente que no est\u00e1 asociada con la Iglesia Adventista pero que se ha unido por el deseo que tienen de ayudar a otros\u201d, dijo Shields.<\/p>\n<div id=\"attachment_123772\" style=\"width: 858px\" class=\"wp-caption aligncenter\"><img decoding=\"async\" aria-describedby=\"caption-attachment-123772\" class=\" wp-image-123770\" src=\"https:\/\/interamerica.org\/wp-content\/uploads\/2025\/01\/nad-califires-3-1024x1024.webp\" alt=\"\" width=\"848\" height=\"848\" srcset=\"https:\/\/interamerica.org\/wp-content\/uploads\/2025\/01\/nad-califires-3-1024x1024.webp 1024w, https:\/\/interamerica.org\/wp-content\/uploads\/2025\/01\/nad-califires-3-300x300.webp 300w, https:\/\/interamerica.org\/wp-content\/uploads\/2025\/01\/nad-califires-3-150x150.webp 150w, https:\/\/interamerica.org\/wp-content\/uploads\/2025\/01\/nad-califires-3-768x768.webp 768w, https:\/\/interamerica.org\/wp-content\/uploads\/2025\/01\/nad-califires-3-1536x1536.webp 1536w, https:\/\/interamerica.org\/wp-content\/uploads\/2025\/01\/nad-califires-3.webp 1920w\" sizes=\"(max-width: 848px) 100vw, 848px\" \/><p id=\"caption-attachment-123772\" class=\"wp-caption-text\">La iglesia adventista Valley Crossroads junta diversos art\u00edculos y moviliza a los miembros para ayudar a las familias desplazadas del sur de California. [Fotograf\u00eda: iglesia adventista Valley Crossroads]<\/p><\/div>\n<p class=\"text-start text-sm lg:text-base font-normal\">Todas estas iglesias est\u00e1n distribuyendo art\u00edculos esenciales, lo que incluye pa\u00f1ales, medicamentos, botellas de agua, alimentos no perecederos y art\u00edculos higi\u00e9nicos\u201d. El 11 de enero, Valley Crossroads tambi\u00e9n sirvi\u00f3 m\u00e1s de quinientas comidas a individuos necesitados.<\/p>\n<p class=\"text-start text-sm lg:text-base font-normal\">Arteaga y Shields hablaron de c\u00f3mo los incendios est\u00e1n impactando a la comunidad adventista, destacando la unidad que han fomentado sin dejar de reconocer que ellos, tambi\u00e9n, son v\u00edctimas de la cat\u00e1strofe.<\/p>\n<p class=\"text-start text-sm lg:text-base font-normal\">\u201cSab\u00edamos que probablemente habr\u00eda miembros de iglesia entre los desplazados\u201d, dijo Shields.<\/p>\n<p class=\"text-start text-sm lg:text-base font-normal\">\u201cHay pastores y docentes que han perdido sus hogares y propiedades\u201d, dijo Arteaga.<\/p>\n<p class=\"text-start text-sm lg:text-base font-normal\">John Cress, presidente de la Asociaci\u00f3n Sur de California, es uno de los evacuados dentro de la poblaci\u00f3n adventista.<\/p>\n<p class=\"text-start text-sm lg:text-base font-normal\">\u201cSon momentos de grandes desaf\u00edos para todos nosotros en el sur de California\u201d, Cress dijo en un <a class=\"break-words text-theme-500 hover:text-theme-700 dark:text-theme-100 dark:hover:text-theme-300 hover:underline inline-flex items-center gap-[0.25em] text-theme-500 underline dark:text-theme-300\" href=\"https:\/\/www.instagram.com\/p\/DEoPae3v2fb\/\" target=\"_blank\" rel=\"noopener\">mensaje por Instagram<\/a> publicado el 9 de enero de 2025. \u201cYo tambi\u00e9n tuve que ser evacuado, por lo que entiendo profundamente la incertidumbre que muchos est\u00e1n enfrentando. Mi coraz\u00f3n se identifica con aquellos que han perdido sus hogares. S\u00e9 que es extremadamente dif\u00edcil para todos nosotros en este momento. Por favor, quiero que sepan que estoy orando por ustedes\u201d.<\/p>\n<div id=\"attachment_123775\" style=\"width: 837px\" class=\"wp-caption aligncenter\"><img loading=\"lazy\" decoding=\"async\" aria-describedby=\"caption-attachment-123775\" class=\" wp-image-123773\" src=\"https:\/\/interamerica.org\/wp-content\/uploads\/2025\/01\/nad-califires-4-1024x1024.webp\" alt=\"\" width=\"827\" height=\"827\" srcset=\"https:\/\/interamerica.org\/wp-content\/uploads\/2025\/01\/nad-califires-4-1024x1024.webp 1024w, https:\/\/interamerica.org\/wp-content\/uploads\/2025\/01\/nad-califires-4-300x300.webp 300w, https:\/\/interamerica.org\/wp-content\/uploads\/2025\/01\/nad-califires-4-150x150.webp 150w, https:\/\/interamerica.org\/wp-content\/uploads\/2025\/01\/nad-califires-4-768x768.webp 768w, https:\/\/interamerica.org\/wp-content\/uploads\/2025\/01\/nad-califires-4-1536x1536.webp 1536w, https:\/\/interamerica.org\/wp-content\/uploads\/2025\/01\/nad-califires-4.webp 1920w\" sizes=\"(max-width: 827px) 100vw, 827px\" \/><p id=\"caption-attachment-123775\" class=\"wp-caption-text\">El 11 de enero de 2025, la Iglesia Adventista Valley Crossroads distribuy\u00f3 platos de comida a los individuos necesitados.<\/p><\/div>\n<p class=\"text-start text-sm lg:text-base font-normal\">La iglesia adventista de Normandie Avenue, otra iglesia que ofrece albergue y acepta donaciones, est\u00e1 experimentando un gran apoyo por parte de la comunidad.<\/p>\n<p class=\"text-start text-sm lg:text-base font-normal\">\u201cHemos recibido una respuesta abrumadora\u201d, dijo Deon Chatman, pastor de la iglesia adventista de Normandie Avenue. \u201cEl tel\u00e9fono ha estado sonando sin parar, con personas de la comunidad que est\u00e1n dispuestas a ayudar\u201d.<\/p>\n<p>Ted Wilson, presidente de la Asociaci\u00f3n General, se refiri\u00f3 a los incendios en una reciente <a class=\"break-words text-theme-500 hover:text-theme-700 dark:text-theme-100 dark:hover:text-theme-300 hover:underline inline-flex items-center gap-[0.25em] text-theme-500 underline dark:text-theme-300\" href=\"https:\/\/www.facebook.com\/photo\/?fbid=1134213878164144&amp;set=pb.100047266264610.-2207520000\" target=\"_blank\" rel=\"noopener\">publicaci\u00f3n de Facebook.<\/a><\/p>\n<p class=\"text-start text-sm lg:text-base font-normal\">\u201cEstamos tan at\u00f3nitos como todos ante la devastaci\u00f3n casi surreal que se ha producido en la zona de Los \u00c1ngeles y el sur de California\u201d, escribi\u00f3 Wilson. \u201cNuestros corazones acompa\u00f1an a los que han perdido familiares y propiedades en esos terribles incendios. Nos sentimos agradecidos por el apoyo y la atenci\u00f3n que nos brindan las iglesias de la Asociaci\u00f3n Sur de California y Servicios Comunitarios Adventistas.<\/p>\n<p class=\"text-start text-sm lg:text-base font-normal\">Wilson continu\u00f3 dando un llamado a la acci\u00f3n de los miembros de la Iglesia Adventista.<\/p>\n<p class=\"text-start text-sm lg:text-base font-normal\">\u201cEste y otros recientes avances son se\u00f1ales de la urgencia que todos nosotros tenemos que sentir al ver lo que est\u00e1 sucediendo a nuestro alrededor, seg\u00fan lo predijeron la Biblia y el esp\u00edritu de profec\u00eda, que tendr\u00edan lugar antes de la segunda venida de Cristo, cuando el Se\u00f1or pondr\u00e1 fin a los resultados del pecado y sus fuerzas destructivas. Por favor, s\u00famese a nuestra familia de la iglesia mundial para orar por los que est\u00e1n atravesando esta terrible tragedia\u201d, escribi\u00f3 Wilson.<\/p>\n<div id=\"attachment_123781\" style=\"width: 651px\" class=\"wp-caption aligncenter\"><img loading=\"lazy\" decoding=\"async\" aria-describedby=\"caption-attachment-123781\" class=\" wp-image-123779\" src=\"https:\/\/interamerica.org\/wp-content\/uploads\/2025\/01\/nad-cali-fires-7-4xr1736783898084-1024x1024.jpeg\" alt=\"\" width=\"641\" height=\"641\" srcset=\"https:\/\/interamerica.org\/wp-content\/uploads\/2025\/01\/nad-cali-fires-7-4xr1736783898084-1024x1024.jpeg 1024w, https:\/\/interamerica.org\/wp-content\/uploads\/2025\/01\/nad-cali-fires-7-4xr1736783898084-300x300.jpeg 300w, https:\/\/interamerica.org\/wp-content\/uploads\/2025\/01\/nad-cali-fires-7-4xr1736783898084-150x150.jpeg 150w, https:\/\/interamerica.org\/wp-content\/uploads\/2025\/01\/nad-cali-fires-7-4xr1736783898084-768x768.jpeg 768w, https:\/\/interamerica.org\/wp-content\/uploads\/2025\/01\/nad-cali-fires-7-4xr1736783898084.jpeg 1496w\" sizes=\"(max-width: 641px) 100vw, 641px\" \/><p id=\"caption-attachment-123781\" class=\"wp-caption-text\">[Fotograf\u00eda: Iglesia adventista Valley Crossroads]<\/p><\/div>\n<p class=\"text-start text-sm lg:text-base font-normal\">Arteaga se mantiene positive, a pesar del dolor que esto le est\u00e1 causando.<\/p>\n<p class=\"text-start text-sm lg:text-base font-normal\">\u201cEl dolor unifica a las personas\u201d, dijo Arteaga. \u201cEstamos viendo un hermoso influjo de liderazgo, y creo que es un punto de inflexi\u00f3n para nuestra congregaci\u00f3n, en particular, porque estamos unidos en prop\u00f3sito y misi\u00f3n\u201d.<\/p>\n<p class=\"text-start text-sm lg:text-base font-normal\">En respuesta a los incendios, la Asociaci\u00f3n Sur de California ha creado en Fondo de Incendios de California en el sitio de <a class=\"break-words text-theme-500 hover:text-theme-700 dark:text-theme-100 dark:hover:text-theme-300 hover:underline inline-flex items-center gap-[0.25em] text-theme-500 underline dark:text-theme-300\" href=\"https:\/\/adventistgiving.org\/\" target=\"_blank\" rel=\"noopener\">AdventistGiving<\/a>, para que los adventistas ofrezcan donaciones financieras que apoyen la causa. Los fondos ser\u00e1n usados para albergue, art\u00edculos de emergencia y tarjetas de regalo.<\/p>\n<p class=\"text-start text-sm lg:text-base font-normal\"><a class=\"break-words text-theme-500 hover:text-theme-700 dark:text-theme-100 dark:hover:text-theme-300 hover:underline inline-flex items-center gap-[0.25em] text-theme-500 underline dark:text-theme-300\" href=\"https:\/\/www.communityservices.org\/\" target=\"_blank\" rel=\"noopener\">Servicios Comunitarios Adventistas<\/a> (ACS), el ministerio oficial de ayuda comunitaria de la Iglesia Adventista del S\u00e9ptimo D\u00eda en la Divisi\u00f3n Norteamericana (NAD) contin\u00faa monitorizando la situaci\u00f3n, trabajando para brindar apoyo en sociedad con la NAD. <a class=\"break-words text-theme-500 hover:text-theme-700 dark:text-theme-100 dark:hover:text-theme-300 hover:underline inline-flex items-center gap-[0.25em] text-theme-500 underline dark:text-theme-300\" href=\"https:\/\/adventist.news\/news\/adra-adventist-community-services-mobilize-support-pacific-palisades-fire\" target=\"_blank\" rel=\"noopener\">ADRA<\/a>, la Agencia Adventista de Desarrollo y Recursos Asistenciales, tambi\u00e9n est\u00e1 brindando una subvenci\u00f3n de emergencia a Servicios Comunitarios Adventistas en la Uni\u00f3n Asociaci\u00f3n del Pac\u00edfico para apoyar la asistencia inmediata y la recuperaci\u00f3n a largo plazo.<\/p>\n<\/div>\n<\/div>\n<p>Traducci\u00f3n de Marcos Paseggi<\/p>\n","protected":false},"excerpt":{"rendered":"<p>Estamos en lo duro de la batalla, dice un pastor en la ciudad de Los Angeles, mientras las iglesias se movilizan para ayudar. 13 de enero de 2025 | Columbia,&#8230;<\/p>\n","protected":false},"author":3,"featured_media":123762,"comment_status":"closed","ping_status":"closed","sticky":false,"template":"","format":"standard","meta":{"_acf_changed":false,"footnotes":""},"categories":[14,15],"tags":[],"class_list":["post-123796","post","type-post","status-publish","format-standard","has-post-thumbnail","hentry","category-de-la-iglesia-mundial","category-rss-espanol"],"acf":[],"yoast_head":"<!-- This site is optimized with the Yoast SEO plugin v27.3 - https:\/\/yoast.com\/product\/yoast-seo-wordpress\/ -->\n<title>Iglesias adventistas de Los \u00c1ngeles se unen para apoyar a las v\u00edctimas de los incendios en Palisades - Iglesia Adventista del S\u00e9ptimo D\u00eda - Divisi\u00f3n Interamericana<\/title>\n<meta name=\"robots\" content=\"index, follow, max-snippet:-1, max-image-preview:large, max-video-preview:-1\" \/>\n<link rel=\"canonical\" href=\"https:\/\/interamerica.org\/es\/2025\/01\/iglesias-adventistas-de-los-angeles-se-unen-para-apoyar-a-las-victimas-de-los-incendios-en-palisades\/\" \/>\n<meta property=\"og:locale\" content=\"es_ES\" \/>\n<meta property=\"og:type\" content=\"article\" \/>\n<meta property=\"og:title\" content=\"Iglesias adventistas de Los \u00c1ngeles se unen para apoyar a las v\u00edctimas de los incendios en Palisades - Iglesia Adventista del S\u00e9ptimo D\u00eda - Divisi\u00f3n Interamericana\" \/>\n<meta property=\"og:description\" content=\"Estamos en lo duro de la batalla, dice un pastor en la ciudad de Los Angeles, mientras las iglesias se movilizan para ayudar. 13 de enero de 2025 | Columbia,...\" \/>\n<meta property=\"og:url\" content=\"https:\/\/interamerica.org\/es\/2025\/01\/iglesias-adventistas-de-los-angeles-se-unen-para-apoyar-a-las-victimas-de-los-incendios-en-palisades\/\" \/>\n<meta property=\"og:site_name\" content=\"Iglesia Adventista del S\u00e9ptimo D\u00eda - Divisi\u00f3n Interamericana\" \/>\n<meta property=\"article:published_time\" content=\"2025-01-14T19:31:59+00:00\" \/>\n<meta property=\"article:modified_time\" content=\"2025-01-15T18:37:13+00:00\" \/>\n<meta property=\"og:image\" content=\"https:\/\/interamerica.org\/wp-content\/uploads\/2025\/01\/nad-cali-fires-1pre1736782403354.webp\" \/>\n\t<meta property=\"og:image:width\" content=\"1920\" \/>\n\t<meta property=\"og:image:height\" content=\"1920\" \/>\n\t<meta property=\"og:image:type\" content=\"image\/webp\" \/>\n<meta name=\"author\" content=\"libna\" \/>\n<meta name=\"twitter:card\" content=\"summary_large_image\" \/>\n<meta name=\"twitter:label1\" content=\"Escrito por\" \/>\n\t<meta name=\"twitter:data1\" content=\"libna\" \/>\n\t<meta name=\"twitter:label2\" content=\"Tiempo de lectura\" \/>\n\t<meta name=\"twitter:data2\" content=\"7 minutos\" \/>\n<script type=\"application\/ld+json\" class=\"yoast-schema-graph\">{\"@context\":\"https:\\\/\\\/schema.org\",\"@graph\":[{\"@type\":\"Article\",\"@id\":\"https:\\\/\\\/interamerica.org\\\/es\\\/2025\\\/01\\\/iglesias-adventistas-de-los-angeles-se-unen-para-apoyar-a-las-victimas-de-los-incendios-en-palisades\\\/#article\",\"isPartOf\":{\"@id\":\"https:\\\/\\\/interamerica.org\\\/es\\\/2025\\\/01\\\/iglesias-adventistas-de-los-angeles-se-unen-para-apoyar-a-las-victimas-de-los-incendios-en-palisades\\\/\"},\"author\":{\"name\":\"libna\",\"@id\":\"https:\\\/\\\/interamerica.org\\\/es\\\/#\\\/schema\\\/person\\\/29998f2bc2d8bd0d38662909289b54f1\"},\"headline\":\"Iglesias adventistas de Los \u00c1ngeles se unen para apoyar a las v\u00edctimas de los incendios en Palisades\",\"datePublished\":\"2025-01-14T19:31:59+00:00\",\"dateModified\":\"2025-01-15T18:37:13+00:00\",\"mainEntityOfPage\":{\"@id\":\"https:\\\/\\\/interamerica.org\\\/es\\\/2025\\\/01\\\/iglesias-adventistas-de-los-angeles-se-unen-para-apoyar-a-las-victimas-de-los-incendios-en-palisades\\\/\"},\"wordCount\":1319,\"image\":{\"@id\":\"https:\\\/\\\/interamerica.org\\\/es\\\/2025\\\/01\\\/iglesias-adventistas-de-los-angeles-se-unen-para-apoyar-a-las-victimas-de-los-incendios-en-palisades\\\/#primaryimage\"},\"thumbnailUrl\":\"https:\\\/\\\/interamerica.org\\\/wp-content\\\/uploads\\\/2025\\\/01\\\/nad-cali-fires-1pre1736782403354.webp\",\"articleSection\":[\"Desde la iglesia mundial\",\"RSS Espa\u00f1ol\"],\"inLanguage\":\"es\"},{\"@type\":\"WebPage\",\"@id\":\"https:\\\/\\\/interamerica.org\\\/es\\\/2025\\\/01\\\/iglesias-adventistas-de-los-angeles-se-unen-para-apoyar-a-las-victimas-de-los-incendios-en-palisades\\\/\",\"url\":\"https:\\\/\\\/interamerica.org\\\/es\\\/2025\\\/01\\\/iglesias-adventistas-de-los-angeles-se-unen-para-apoyar-a-las-victimas-de-los-incendios-en-palisades\\\/\",\"name\":\"Iglesias adventistas de Los \u00c1ngeles se unen para apoyar a las v\u00edctimas de los incendios en Palisades - Iglesia Adventista del S\u00e9ptimo D\u00eda - Divisi\u00f3n Interamericana\",\"isPartOf\":{\"@id\":\"https:\\\/\\\/interamerica.org\\\/es\\\/#website\"},\"primaryImageOfPage\":{\"@id\":\"https:\\\/\\\/interamerica.org\\\/es\\\/2025\\\/01\\\/iglesias-adventistas-de-los-angeles-se-unen-para-apoyar-a-las-victimas-de-los-incendios-en-palisades\\\/#primaryimage\"},\"image\":{\"@id\":\"https:\\\/\\\/interamerica.org\\\/es\\\/2025\\\/01\\\/iglesias-adventistas-de-los-angeles-se-unen-para-apoyar-a-las-victimas-de-los-incendios-en-palisades\\\/#primaryimage\"},\"thumbnailUrl\":\"https:\\\/\\\/interamerica.org\\\/wp-content\\\/uploads\\\/2025\\\/01\\\/nad-cali-fires-1pre1736782403354.webp\",\"datePublished\":\"2025-01-14T19:31:59+00:00\",\"dateModified\":\"2025-01-15T18:37:13+00:00\",\"author\":{\"@id\":\"https:\\\/\\\/interamerica.org\\\/es\\\/#\\\/schema\\\/person\\\/29998f2bc2d8bd0d38662909289b54f1\"},\"breadcrumb\":{\"@id\":\"https:\\\/\\\/interamerica.org\\\/es\\\/2025\\\/01\\\/iglesias-adventistas-de-los-angeles-se-unen-para-apoyar-a-las-victimas-de-los-incendios-en-palisades\\\/#breadcrumb\"},\"inLanguage\":\"es\",\"potentialAction\":[{\"@type\":\"ReadAction\",\"target\":[\"https:\\\/\\\/interamerica.org\\\/es\\\/2025\\\/01\\\/iglesias-adventistas-de-los-angeles-se-unen-para-apoyar-a-las-victimas-de-los-incendios-en-palisades\\\/\"]}]},{\"@type\":\"ImageObject\",\"inLanguage\":\"es\",\"@id\":\"https:\\\/\\\/interamerica.org\\\/es\\\/2025\\\/01\\\/iglesias-adventistas-de-los-angeles-se-unen-para-apoyar-a-las-victimas-de-los-incendios-en-palisades\\\/#primaryimage\",\"url\":\"https:\\\/\\\/interamerica.org\\\/wp-content\\\/uploads\\\/2025\\\/01\\\/nad-cali-fires-1pre1736782403354.webp\",\"contentUrl\":\"https:\\\/\\\/interamerica.org\\\/wp-content\\\/uploads\\\/2025\\\/01\\\/nad-cali-fires-1pre1736782403354.webp\",\"width\":1920,\"height\":1920,\"caption\":\"Valley Crossroad Seventh-day Adventist Church provides meals to displaced individuals on January 11, 2025. [Photo: Roscoe Shields\\\/Valley Crossroads Seventh-day Adventist Church]\"},{\"@type\":\"BreadcrumbList\",\"@id\":\"https:\\\/\\\/interamerica.org\\\/es\\\/2025\\\/01\\\/iglesias-adventistas-de-los-angeles-se-unen-para-apoyar-a-las-victimas-de-los-incendios-en-palisades\\\/#breadcrumb\",\"itemListElement\":[{\"@type\":\"ListItem\",\"position\":1,\"name\":\"Home\",\"item\":\"https:\\\/\\\/interamerica.org\\\/es\\\/\"},{\"@type\":\"ListItem\",\"position\":2,\"name\":\"Iglesias adventistas de Los \u00c1ngeles se unen para apoyar a las v\u00edctimas de los incendios en Palisades\"}]},{\"@type\":\"WebSite\",\"@id\":\"https:\\\/\\\/interamerica.org\\\/es\\\/#website\",\"url\":\"https:\\\/\\\/interamerica.org\\\/es\\\/\",\"name\":\"Iglesia Adventista del S\u00e9ptimo D\u00eda - Divisi\u00f3n Interamericana\",\"description\":\"\",\"potentialAction\":[{\"@type\":\"SearchAction\",\"target\":{\"@type\":\"EntryPoint\",\"urlTemplate\":\"https:\\\/\\\/interamerica.org\\\/es\\\/?s={search_term_string}\"},\"query-input\":{\"@type\":\"PropertyValueSpecification\",\"valueRequired\":true,\"valueName\":\"search_term_string\"}}],\"inLanguage\":\"es\"},{\"@type\":\"Person\",\"@id\":\"https:\\\/\\\/interamerica.org\\\/es\\\/#\\\/schema\\\/person\\\/29998f2bc2d8bd0d38662909289b54f1\",\"name\":\"libna\",\"image\":{\"@type\":\"ImageObject\",\"inLanguage\":\"es\",\"@id\":\"https:\\\/\\\/secure.gravatar.com\\\/avatar\\\/7c5bd30ae4b47a9ba3c856590957fd1d96dc588bf3ac05719d247e126840331f?s=96&d=mm&r=g\",\"url\":\"https:\\\/\\\/secure.gravatar.com\\\/avatar\\\/7c5bd30ae4b47a9ba3c856590957fd1d96dc588bf3ac05719d247e126840331f?s=96&d=mm&r=g\",\"contentUrl\":\"https:\\\/\\\/secure.gravatar.com\\\/avatar\\\/7c5bd30ae4b47a9ba3c856590957fd1d96dc588bf3ac05719d247e126840331f?s=96&d=mm&r=g\",\"caption\":\"libna\"}}]}<\/script>\n<!-- \/ Yoast SEO plugin. -->","yoast_head_json":{"title":"Iglesias adventistas de Los \u00c1ngeles se unen para apoyar a las v\u00edctimas de los incendios en Palisades - Iglesia Adventista del S\u00e9ptimo D\u00eda - Divisi\u00f3n Interamericana","robots":{"index":"index","follow":"follow","max-snippet":"max-snippet:-1","max-image-preview":"max-image-preview:large","max-video-preview":"max-video-preview:-1"},"canonical":"https:\/\/interamerica.org\/es\/2025\/01\/iglesias-adventistas-de-los-angeles-se-unen-para-apoyar-a-las-victimas-de-los-incendios-en-palisades\/","og_locale":"es_ES","og_type":"article","og_title":"Iglesias adventistas de Los \u00c1ngeles se unen para apoyar a las v\u00edctimas de los incendios en Palisades - Iglesia Adventista del S\u00e9ptimo D\u00eda - Divisi\u00f3n Interamericana","og_description":"Estamos en lo duro de la batalla, dice un pastor en la ciudad de Los Angeles, mientras las iglesias se movilizan para ayudar. 13 de enero de 2025 | Columbia,...","og_url":"https:\/\/interamerica.org\/es\/2025\/01\/iglesias-adventistas-de-los-angeles-se-unen-para-apoyar-a-las-victimas-de-los-incendios-en-palisades\/","og_site_name":"Iglesia Adventista del S\u00e9ptimo D\u00eda - Divisi\u00f3n Interamericana","article_published_time":"2025-01-14T19:31:59+00:00","article_modified_time":"2025-01-15T18:37:13+00:00","og_image":[{"width":1920,"height":1920,"url":"https:\/\/interamerica.org\/wp-content\/uploads\/2025\/01\/nad-cali-fires-1pre1736782403354.webp","type":"image\/webp"}],"author":"libna","twitter_card":"summary_large_image","twitter_misc":{"Escrito por":"libna","Tiempo de lectura":"7 minutos"},"schema":{"@context":"https:\/\/schema.org","@graph":[{"@type":"Article","@id":"https:\/\/interamerica.org\/es\/2025\/01\/iglesias-adventistas-de-los-angeles-se-unen-para-apoyar-a-las-victimas-de-los-incendios-en-palisades\/#article","isPartOf":{"@id":"https:\/\/interamerica.org\/es\/2025\/01\/iglesias-adventistas-de-los-angeles-se-unen-para-apoyar-a-las-victimas-de-los-incendios-en-palisades\/"},"author":{"name":"libna","@id":"https:\/\/interamerica.org\/es\/#\/schema\/person\/29998f2bc2d8bd0d38662909289b54f1"},"headline":"Iglesias adventistas de Los \u00c1ngeles se unen para apoyar a las v\u00edctimas de los incendios en Palisades","datePublished":"2025-01-14T19:31:59+00:00","dateModified":"2025-01-15T18:37:13+00:00","mainEntityOfPage":{"@id":"https:\/\/interamerica.org\/es\/2025\/01\/iglesias-adventistas-de-los-angeles-se-unen-para-apoyar-a-las-victimas-de-los-incendios-en-palisades\/"},"wordCount":1319,"image":{"@id":"https:\/\/interamerica.org\/es\/2025\/01\/iglesias-adventistas-de-los-angeles-se-unen-para-apoyar-a-las-victimas-de-los-incendios-en-palisades\/#primaryimage"},"thumbnailUrl":"https:\/\/interamerica.org\/wp-content\/uploads\/2025\/01\/nad-cali-fires-1pre1736782403354.webp","articleSection":["Desde la iglesia mundial","RSS Espa\u00f1ol"],"inLanguage":"es"},{"@type":"WebPage","@id":"https:\/\/interamerica.org\/es\/2025\/01\/iglesias-adventistas-de-los-angeles-se-unen-para-apoyar-a-las-victimas-de-los-incendios-en-palisades\/","url":"https:\/\/interamerica.org\/es\/2025\/01\/iglesias-adventistas-de-los-angeles-se-unen-para-apoyar-a-las-victimas-de-los-incendios-en-palisades\/","name":"Iglesias adventistas de Los \u00c1ngeles se unen para apoyar a las v\u00edctimas de los incendios en Palisades - Iglesia Adventista del S\u00e9ptimo D\u00eda - Divisi\u00f3n Interamericana","isPartOf":{"@id":"https:\/\/interamerica.org\/es\/#website"},"primaryImageOfPage":{"@id":"https:\/\/interamerica.org\/es\/2025\/01\/iglesias-adventistas-de-los-angeles-se-unen-para-apoyar-a-las-victimas-de-los-incendios-en-palisades\/#primaryimage"},"image":{"@id":"https:\/\/interamerica.org\/es\/2025\/01\/iglesias-adventistas-de-los-angeles-se-unen-para-apoyar-a-las-victimas-de-los-incendios-en-palisades\/#primaryimage"},"thumbnailUrl":"https:\/\/interamerica.org\/wp-content\/uploads\/2025\/01\/nad-cali-fires-1pre1736782403354.webp","datePublished":"2025-01-14T19:31:59+00:00","dateModified":"2025-01-15T18:37:13+00:00","author":{"@id":"https:\/\/interamerica.org\/es\/#\/schema\/person\/29998f2bc2d8bd0d38662909289b54f1"},"breadcrumb":{"@id":"https:\/\/interamerica.org\/es\/2025\/01\/iglesias-adventistas-de-los-angeles-se-unen-para-apoyar-a-las-victimas-de-los-incendios-en-palisades\/#breadcrumb"},"inLanguage":"es","potentialAction":[{"@type":"ReadAction","target":["https:\/\/interamerica.org\/es\/2025\/01\/iglesias-adventistas-de-los-angeles-se-unen-para-apoyar-a-las-victimas-de-los-incendios-en-palisades\/"]}]},{"@type":"ImageObject","inLanguage":"es","@id":"https:\/\/interamerica.org\/es\/2025\/01\/iglesias-adventistas-de-los-angeles-se-unen-para-apoyar-a-las-victimas-de-los-incendios-en-palisades\/#primaryimage","url":"https:\/\/interamerica.org\/wp-content\/uploads\/2025\/01\/nad-cali-fires-1pre1736782403354.webp","contentUrl":"https:\/\/interamerica.org\/wp-content\/uploads\/2025\/01\/nad-cali-fires-1pre1736782403354.webp","width":1920,"height":1920,"caption":"Valley Crossroad Seventh-day Adventist Church provides meals to displaced individuals on January 11, 2025. [Photo: Roscoe Shields\/Valley Crossroads Seventh-day Adventist Church]"},{"@type":"BreadcrumbList","@id":"https:\/\/interamerica.org\/es\/2025\/01\/iglesias-adventistas-de-los-angeles-se-unen-para-apoyar-a-las-victimas-de-los-incendios-en-palisades\/#breadcrumb","itemListElement":[{"@type":"ListItem","position":1,"name":"Home","item":"https:\/\/interamerica.org\/es\/"},{"@type":"ListItem","position":2,"name":"Iglesias adventistas de Los \u00c1ngeles se unen para apoyar a las v\u00edctimas de los incendios en Palisades"}]},{"@type":"WebSite","@id":"https:\/\/interamerica.org\/es\/#website","url":"https:\/\/interamerica.org\/es\/","name":"Iglesia Adventista del S\u00e9ptimo D\u00eda - Divisi\u00f3n Interamericana","description":"","potentialAction":[{"@type":"SearchAction","target":{"@type":"EntryPoint","urlTemplate":"https:\/\/interamerica.org\/es\/?s={search_term_string}"},"query-input":{"@type":"PropertyValueSpecification","valueRequired":true,"valueName":"search_term_string"}}],"inLanguage":"es"},{"@type":"Person","@id":"https:\/\/interamerica.org\/es\/#\/schema\/person\/29998f2bc2d8bd0d38662909289b54f1","name":"libna","image":{"@type":"ImageObject","inLanguage":"es","@id":"https:\/\/secure.gravatar.com\/avatar\/7c5bd30ae4b47a9ba3c856590957fd1d96dc588bf3ac05719d247e126840331f?s=96&d=mm&r=g","url":"https:\/\/secure.gravatar.com\/avatar\/7c5bd30ae4b47a9ba3c856590957fd1d96dc588bf3ac05719d247e126840331f?s=96&d=mm&r=g","contentUrl":"https:\/\/secure.gravatar.com\/avatar\/7c5bd30ae4b47a9ba3c856590957fd1d96dc588bf3ac05719d247e126840331f?s=96&d=mm&r=g","caption":"libna"}}]}},"_links":{"self":[{"href":"https:\/\/interamerica.org\/es\/wp-json\/wp\/v2\/posts\/123796","targetHints":{"allow":["GET"]}}],"collection":[{"href":"https:\/\/interamerica.org\/es\/wp-json\/wp\/v2\/posts"}],"about":[{"href":"https:\/\/interamerica.org\/es\/wp-json\/wp\/v2\/types\/post"}],"author":[{"embeddable":true,"href":"https:\/\/interamerica.org\/es\/wp-json\/wp\/v2\/users\/3"}],"replies":[{"embeddable":true,"href":"https:\/\/interamerica.org\/es\/wp-json\/wp\/v2\/comments?post=123796"}],"version-history":[{"count":0,"href":"https:\/\/interamerica.org\/es\/wp-json\/wp\/v2\/posts\/123796\/revisions"}],"wp:featuredmedia":[{"embeddable":true,"href":"https:\/\/interamerica.org\/es\/wp-json\/wp\/v2\/media\/123762"}],"wp:attachment":[{"href":"https:\/\/interamerica.org\/es\/wp-json\/wp\/v2\/media?parent=123796"}],"wp:term":[{"taxonomy":"category","embeddable":true,"href":"https:\/\/interamerica.org\/es\/wp-json\/wp\/v2\/categories?post=123796"},{"taxonomy":"post_tag","embeddable":true,"href":"https:\/\/interamerica.org\/es\/wp-json\/wp\/v2\/tags?post=123796"}],"curies":[{"name":"wp","href":"https:\/\/api.w.org\/{rel}","templated":true}]}}