{"id":123943,"date":"2025-01-16T12:40:12","date_gmt":"2025-01-16T17:40:12","guid":{"rendered":"https:\/\/interamerica.org\/?p=123943"},"modified":"2025-01-16T19:49:14","modified_gmt":"2025-01-17T00:49:14","slug":"hospital-andrews-memorial-fortalece-la-atencion-de-salud-en-jamaica-con-el-lanzamiento-de-nuevos-servicios","status":"publish","type":"post","link":"https:\/\/interamerica.org\/es\/2025\/01\/hospital-andrews-memorial-fortalece-la-atencion-de-salud-en-jamaica-con-el-lanzamiento-de-nuevos-servicios\/","title":{"rendered":"Hospital Andrews Memorial fortalece la atenci\u00f3n de salud en Jamaica con el lanzamiento de nuevos servicios"},"content":{"rendered":"<p><div id=\"attachment_123875\" style=\"width: 857px\" class=\"wp-caption aligncenter\"><img fetchpriority=\"high\" decoding=\"async\" aria-describedby=\"caption-attachment-123875\" class=\" wp-image-123873\" src=\"https:\/\/interamerica.org\/wp-content\/uploads\/2025\/01\/amh-cathlab-ribbon-cutting.jpg\" alt=\"\" width=\"847\" height=\"565\" srcset=\"https:\/\/interamerica.org\/wp-content\/uploads\/2025\/01\/amh-cathlab-ribbon-cutting.jpg 1000w, https:\/\/interamerica.org\/wp-content\/uploads\/2025\/01\/amh-cathlab-ribbon-cutting-300x200.jpg 300w, https:\/\/interamerica.org\/wp-content\/uploads\/2025\/01\/amh-cathlab-ribbon-cutting-768x512.jpg 768w\" sizes=\"(max-width: 847px) 100vw, 847px\" \/><p id=\"caption-attachment-123875\" class=\"wp-caption-text\">(De izquierda a derecha) N. Nick Perry, embajador de los Estados Unidos en Jamaica; Donmayne Gyles, director del Hospital Andrews Memorial; el doctor Audrey Gregory, presidente de la Divisi\u00f3n de Florida Oriental de AdventHealth; y el pastor Everett Brown, presidente de la Uni\u00f3n Jamaiquina; se alistan para cortar la cinta inaugural que marc\u00f3 el lanzamiento de los nuevos Servicios de Laboratorio de Cateterizaci\u00f3n Card\u00edaca, el pasado 8 de enero de 2025. Observan el doctor Patric Rutherford (izquierda), expresidente del Hospital Andrews Memorial; el se\u00f1or Gopal Kumar Bhagat, segundo secretario del Alto Comisionado de la India en Jamaica; la doctora Racquel Gordon-Adlam, cardi\u00f3loga intervencionista (al centro atr\u00e1s); y el doctor Adlai Blythe (extremo derecho), tesorero de la Uni\u00f3n Jamaiquina. [Fotogra\u00eda: Phillip Castell].<\/p><\/div><em>La instituci\u00f3n adventista alcanza un hito al lanzar Servicios de Resonancia Magn\u00e9tica y de Cateterizaci\u00f3n Card\u00edaca.<\/em><\/p>\n<p>16 de enero de 2025 | Kingston, Jamaica | Dyhann Buddoo-Fletcher, Kingston, Jamaica, y Noticias de la Divisi\u00f3n Interamericana<\/p>\n<p>El Hospital Andrews Memorial (AMH), una instituci\u00f3n de salud operada por la Iglesia Adventista del S\u00e9ptimo D\u00eda en Jamaica, lanz\u00f3 hace poco sus servicios de Resonancia Magn\u00e9tica y Laboratorio de Cateterizaci\u00f3n Card\u00edaca. Estos servicios adicionales marcan un paso significativo en el objetivo que tiene el hospital de ser una instituci\u00f3n de salud de alta confiabilidad, una medida que contribuir\u00e1 a brindar una atenci\u00f3n de calidad que se ocupe de las brechas cr\u00edticas en el diagn\u00f3stico y la atenci\u00f3n card\u00edaca en la naci\u00f3n.<\/p>\n<p>Su Excelencia N. Nick Perry, embajador de los Estados Unidos en Jamaica, destac\u00f3 la importancia de este logro durante la ceremonia inaugural del pasado 8 de enero de 2025. \u201cEl Hospital Andrews Memorial est\u00e1 fortaleciendo la infraestructura de salud en Jamaica\u201d, expres\u00f3. \u201cLa Embajada de los Estados Unidos en Kingston se complace en celebrar este hito con nuestro socio de larga data en servicios de salud e inmigraci\u00f3n, demostrando el poder de colaborar para construir una Jamaica m\u00e1s saludable\u201d.<\/p>\n<p><div id=\"attachment_123869\" style=\"width: 838px\" class=\"wp-caption aligncenter\"><img decoding=\"async\" aria-describedby=\"caption-attachment-123869\" class=\" wp-image-123867\" src=\"https:\/\/interamerica.org\/wp-content\/uploads\/2025\/01\/amh-donamyne-gyles-4.jpg\" alt=\"\" width=\"828\" height=\"552\" srcset=\"https:\/\/interamerica.org\/wp-content\/uploads\/2025\/01\/amh-donamyne-gyles-4.jpg 1000w, https:\/\/interamerica.org\/wp-content\/uploads\/2025\/01\/amh-donamyne-gyles-4-300x200.jpg 300w, https:\/\/interamerica.org\/wp-content\/uploads\/2025\/01\/amh-donamyne-gyles-4-768x512.jpg 768w\" sizes=\"(max-width: 828px) 100vw, 828px\" \/><p id=\"caption-attachment-123869\" class=\"wp-caption-text\">Donmayne Gyles, director del Hospital Andrews Memorial, destaca la importancia de los nuevos servicios que est\u00e1n disponibles en la instituci\u00f3n de salud operada por la Iglesia Adventista. [Fotograf\u00eda: Phillip Castell]<\/p><\/div>En el presente, el Hospital Andrews Memorial es la \u00fanica instituci\u00f3n en Jamaica que est\u00e1 autorizada a llevar a cabo ex\u00e1menes m\u00e9dicos para visas de inmigrantes. Como parte del proceso de solicitud, todos los solicitantes de visas de inmigrante tienen que ser sometidos a un examen m\u00e9dico, lo que convierte al hospital en un actor fundamental tanto en los servicios de salud como de inmigraci\u00f3n.<\/p>\n<p><strong>Un paso adelante en la atenci\u00f3n de salud comunitaria<\/strong><\/p>\n<p>\u201cEl lanzamiento del Laboratorio de Resonancia Magn\u00e9tica y Cateterizaci\u00f3n Card\u00edaca en el Hospital Andrews Memorial representa un paso vital en la atenci\u00f3n de salud comunitaria, mejorando el acceso a los diagn\u00f3sticos y tratamientos de emergencia para el pueblo de Jamaica\u201d, dijo el embajador Perry.<\/p>\n<p>Donmayne Gyles, director del Hospital Andrews Memorial, enfatiz\u00f3 el impacto transformador de estos nuevos servicios. \u201cAl responder a las brechas que existen en las im\u00e1genes diagn\u00f3sticas y la atenci\u00f3n card\u00edaca, estamos contribuyendo al fortalecimiento general del sistema de salud de Jamaica\u201d, expres\u00f3.<\/p>\n<p><div id=\"attachment_123866\" style=\"width: 847px\" class=\"wp-caption aligncenter\"><img decoding=\"async\" aria-describedby=\"caption-attachment-123866\" class=\" wp-image-123864\" src=\"https:\/\/interamerica.org\/wp-content\/uploads\/2025\/01\/ahm-cathlab.jpg\" alt=\"\" width=\"837\" height=\"558\" srcset=\"https:\/\/interamerica.org\/wp-content\/uploads\/2025\/01\/ahm-cathlab.jpg 1000w, https:\/\/interamerica.org\/wp-content\/uploads\/2025\/01\/ahm-cathlab-300x200.jpg 300w, https:\/\/interamerica.org\/wp-content\/uploads\/2025\/01\/ahm-cathlab-768x512.jpg 768w\" sizes=\"(max-width: 837px) 100vw, 837px\" \/><p id=\"caption-attachment-123866\" class=\"wp-caption-text\">El nuevo Laboratorio de Cateterizaci\u00f3n Card\u00edaca en el Hospital Andrews Memorial. [Fotograf\u00eda: Phillip Castell]<\/p><\/div>Con la adici\u00f3n de los Servicios de Resonancia Magn\u00e9tica y Cateterizaci\u00f3n Card\u00edaca, el Hospital Andrews Memorial ahora se suma a un grupo selecto de aproximadamente diez instituciones de salud de Jamaica que ofrecen servicios de resonancia magn\u00e9tica y de cinco instituciones de Kingston que ofrecen servicios de cateterizaci\u00f3n card\u00edaca.<\/p>\n<p>Ahora que ofrece escaneos de tomograf\u00eda computada, rayos X y ecograf\u00edas gracias a su departamento de radiolog\u00eda, el hospital ahora se ha expandido. Seg\u00fan Gyles, este hito refleja el compromiso del hospital de incrementar el acceso a servicios m\u00e9dicos de alta calidad e integrar la tecnolog\u00eda avanzada para mejorar los resultados de los pacientes.<\/p>\n<p>\u201cEl servicio de resonancia magn\u00e9tica mejorar\u00e1 significativamente nuestra capacidad diagn\u00f3stica, permitiendo un diagn\u00f3stico m\u00e1s temprano y exacto. Esto mejorar\u00e1 los resultados de los pacientes y reducir\u00e1 la necesidad de derivaciones externas, garantizando un experiencia de atenci\u00f3n sin problemas en el Hospital Andrews Memorial\u201d, a\u00f1adi\u00f3 Gyles.<\/p>\n<p><div id=\"attachment_123863\" style=\"width: 840px\" class=\"wp-caption aligncenter\"><img loading=\"lazy\" decoding=\"async\" aria-describedby=\"caption-attachment-123863\" class=\" wp-image-123861\" src=\"https:\/\/interamerica.org\/wp-content\/uploads\/2025\/01\/ahm-mri.jpg\" alt=\"\" width=\"830\" height=\"623\" srcset=\"https:\/\/interamerica.org\/wp-content\/uploads\/2025\/01\/ahm-mri.jpg 950w, https:\/\/interamerica.org\/wp-content\/uploads\/2025\/01\/ahm-mri-300x225.jpg 300w, https:\/\/interamerica.org\/wp-content\/uploads\/2025\/01\/ahm-mri-768x576.jpg 768w\" sizes=\"(max-width: 830px) 100vw, 830px\" \/><p id=\"caption-attachment-123863\" class=\"wp-caption-text\">El nuevo servicio de Resonancia Magn\u00e9tica que est\u00e1 disponible en el Hospital Andrews Memorial. [Fotograf\u00eda: Phillip Castell]<\/p><\/div>El Laboratorio de Cateterizaci\u00f3n Card\u00edaca cambia las cosas porque brinda un diagn\u00f3stico y los procedimientos de intervenci\u00f3n en el lugar, dijo Gyles. \u201cEstaremos mejor equipados para responder a las emergencias y brindar tratamientos de emergencia sin tardanza\u201d.<\/p>\n<p><strong>Colaboradores y socios claves en la expansi\u00f3n<\/strong><\/p>\n<p>Gyles agradeci\u00f3 a la cardi\u00f3loga intervencionista, la doctora Raquel Gordon-Adlam. \u201cElla es nuestra jefa de cardiolog\u00eda en la junta directiva m\u00e9dica, y ha sido fundamental para la implementaci\u00f3n del programa card\u00edaco aqu\u00ed en Andrews\u201d. All\u00ed tambi\u00e9n reconoci\u00f3 la contribuci\u00f3n de los exdirectores, los doctores Patric Rutherford y Marvin Rohoutas por su visi\u00f3n a la hora de iniciar la resonancia magn\u00e9tica y comenzar la conversaci\u00f3n sobre los proyectos de Laboratorio de Cateterizaci\u00f3n Card\u00edaca, respectivamente.<\/p>\n<p>AdventHealth, una organizaci\u00f3n adventista de atenci\u00f3n de la salud, se asoci\u00f3 con el Hospital Andrews Memorial durante treinta a\u00f1os. Durante esa sociedad, nos han donado diversos equipos, lo que incluye un Esc\u00e1ner de Resonancia Magn\u00e9tica GE Signa 1.5T y una m\u00e1quina de Cateterizaci\u00f3n Card\u00edaca GE Innova 2100.<\/p>\n<p><div id=\"attachment_123860\" style=\"width: 847px\" class=\"wp-caption aligncenter\"><img loading=\"lazy\" decoding=\"async\" aria-describedby=\"caption-attachment-123860\" class=\" wp-image-123858\" src=\"https:\/\/interamerica.org\/wp-content\/uploads\/2025\/01\/amh-catlabroom.jpg\" alt=\"\" width=\"837\" height=\"558\" srcset=\"https:\/\/interamerica.org\/wp-content\/uploads\/2025\/01\/amh-catlabroom.jpg 1000w, https:\/\/interamerica.org\/wp-content\/uploads\/2025\/01\/amh-catlabroom-300x200.jpg 300w, https:\/\/interamerica.org\/wp-content\/uploads\/2025\/01\/amh-catlabroom-768x512.jpg 768w\" sizes=\"(max-width: 837px) 100vw, 837px\" \/><p id=\"caption-attachment-123860\" class=\"wp-caption-text\">La doctora Racquel Gordon-Adlam (izquierda), cardi\u00f3logo intervencionista y jefe de cardiolog\u00eda del Hospital Andrews Memorial, explica las funcionalidades del Laboratorio de Cateterizaci\u00f3n Card\u00edaca a N. Nick Perry (izquierda), embajador de los Estados Unidos en Jamaica, junto a Donmayne Gyles (tercera desde la izquierda), director del Hospital Andrews Memorial, y la doctora Audrey Gregory (derecha), presidente de la Divisi\u00f3n de Florida Oriental de AdventHealth. [Fotograf\u00eda: Phillip Castell]<\/p><\/div>\u201cEsta donaci\u00f3n fue encabezada por la doctora Audrey Gregory, presidenta y gerenta general de la Divisi\u00f3n de Florida Oriental de AdventHealth, y su equipo. Gracias, doctora Gregory. Gracias, AdventHealth\u201d, a\u00f1adi\u00f3 Gyles.<\/p>\n<p><strong>Frente a una crisis nacional de salud<\/strong><\/p>\n<p>La doctora Gregory arroj\u00f3 luz sobre las alarmantes estad\u00edsticas sobre enfermedades cardiovasculares en Jamaica.<\/p>\n<p>\u201cEn 2024, se proyect\u00f3 que Jamaica tendr\u00eda aproximadamente doscientas mil muertes como resultado de las afecciones cardiovasculares. Esta colaboraci\u00f3n entre AdventHealth y el Hospital Andrews Memorial es una respuesta a estas impactantes cifras\u201d, dijo la doctora Gregory, que celebr\u00f3 los nuevos servicios como un hito del progreso de la atenci\u00f3n de salud en Jamaica y el Hospital Andrews Memorial hacia una organizaci\u00f3n de atenci\u00f3n de salud de alta confiabilidad.<\/p>\n<p><div id=\"attachment_123857\" style=\"width: 845px\" class=\"wp-caption aligncenter\"><img loading=\"lazy\" decoding=\"async\" aria-describedby=\"caption-attachment-123857\" class=\" wp-image-123855\" src=\"https:\/\/interamerica.org\/wp-content\/uploads\/2025\/01\/amh-audrey-gregory-adventhealth.jpg\" alt=\"\" width=\"835\" height=\"586\" srcset=\"https:\/\/interamerica.org\/wp-content\/uploads\/2025\/01\/amh-audrey-gregory-adventhealth.jpg 950w, https:\/\/interamerica.org\/wp-content\/uploads\/2025\/01\/amh-audrey-gregory-adventhealth-300x211.jpg 300w, https:\/\/interamerica.org\/wp-content\/uploads\/2025\/01\/amh-audrey-gregory-adventhealth-768x539.jpg 768w\" sizes=\"(max-width: 835px) 100vw, 835px\" \/><p id=\"caption-attachment-123857\" class=\"wp-caption-text\">La doctora Audrey Gregory, presidenta de la Divisi\u00f3n de Florida Oriental de AdventHealth, habla durante el reciente lanzamiento en el Hospital Andrews Memorial. [Fotograf\u00eda: Phillip Castell]<\/p><\/div>El doctor Geoffrey Liburd, neurocirujano y jefe de neurocirug\u00eda de la Junta Directiva M\u00e9dica del Hospital Andrews Memorial, se hizo eco de sentimientos similares, enfatizando el papel fundamental de la resonancia magn\u00e9tica en la neurocirug\u00eda moderna. \u201cLas capacidades detalladas de la resonancia magn\u00e9tica sirven mejor para las im\u00e1genes del cerebro y la m\u00e9dula espinal. Esta adici\u00f3n enfatiza el compromiso del Hospital Andrews Memorial para satisfacer las necesidades de atenci\u00f3n de salud de la poblaci\u00f3n, de alta prevalencia de las enfermedades no transmisibles\u201d, expres\u00f3.<\/p>\n<p><strong>Liderazgo y fuerza laboral dedicados<\/strong><\/p>\n<p>El pastor Everett Brown, presidente de la junta del Hospital Andrews Memorial de la Uni\u00f3n Asociaci\u00f3n de Jamaica, celebr\u00f3 el liderazgo y el personal de m\u00e1s de cuatrocientas personas del hospital por su dedicaci\u00f3n, vinculando el lanzamiento con las celebraciones del octog\u00e9simo aniversario de la instituci\u00f3n.<\/p>\n<p>\u201cEste es un testamento del compromiso del Hospital Andrews Memorial con la oferta de la mejor atenci\u00f3n de salud posible. Anhelamos seguir recibiendo un apoyo continuo, a medida que el hospital desarrolla su capacidad de ser el mejor de su clase\u201d, remarc\u00f3 Brown.<\/p>\n<p><div id=\"attachment_123882\" style=\"width: 839px\" class=\"wp-caption aligncenter\"><img loading=\"lazy\" decoding=\"async\" aria-describedby=\"caption-attachment-123882\" class=\" wp-image-123880\" src=\"https:\/\/interamerica.org\/wp-content\/uploads\/2025\/01\/everett-brown-jamu.jpg\" alt=\"\" width=\"829\" height=\"553\" srcset=\"https:\/\/interamerica.org\/wp-content\/uploads\/2025\/01\/everett-brown-jamu.jpg 1000w, https:\/\/interamerica.org\/wp-content\/uploads\/2025\/01\/everett-brown-jamu-300x200.jpg 300w, https:\/\/interamerica.org\/wp-content\/uploads\/2025\/01\/everett-brown-jamu-768x512.jpg 768w\" sizes=\"(max-width: 829px) 100vw, 829px\" \/><p id=\"caption-attachment-123882\" class=\"wp-caption-text\">El pastor Everett Brown, presidente de la junta del Hospital Andrews Memorial y presidente de la Uni\u00f3n Jamaiquina. [Fotograf\u00eda: Phillip Castell]<\/p><\/div>El sentimiento de optimismo se extendi\u00f3 a los asistentes, lo que incluy\u00f3 a la doctora Talianne Titus, obstetra y ginec\u00f3loga consultora, que felicit\u00f3 el enfoque progresista del hospital. \u201cEsto es fant\u00e1stico. La disponibilidad de estos servicios beneficiar\u00e1 a incontables pacientes. El Hospital Andrews Memorial es un l\u00edder en la atenci\u00f3n de salud\u201d, expres\u00f3.<\/p>\n<p>Enoch Penney-Laryea, consultor de seguridad regional de las Naciones Unidas, enfatiz\u00f3 las implicaciones m\u00e1s amplias del lanzamiento de la postura global de Jamaica. \u201cLas instalaciones avanzadas como estas mejoran nuestra confianza para clasificar a Jamaica como una estaci\u00f3n viable para profesionales internacionales. Esto es positivo para el pa\u00eds y su infraestructura de salud\u201d.<\/p>\n<p>Traducci\u00f3n de Marcos Paseggi<\/p>\n","protected":false},"excerpt":{"rendered":"<p>La instituci\u00f3n adventista alcanza un hito al lanzar Servicios de Resonancia Magn\u00e9tica y de Cateterizaci\u00f3n Card\u00edaca. 16 de enero de 2025 | Kingston, Jamaica | Dyhann Buddoo-Fletcher, Kingston, Jamaica, y&#8230;<\/p>\n","protected":false},"author":3,"featured_media":123875,"comment_status":"closed","ping_status":"closed","sticky":false,"template":"","format":"standard","meta":{"_acf_changed":false,"footnotes":""},"categories":[17,15],"tags":[],"class_list":["post-123943","post","type-post","status-publish","format-standard","has-post-thumbnail","hentry","category-desde-el-campo","category-rss-espanol"],"acf":[],"yoast_head":"<!-- This site is optimized with the Yoast SEO plugin v27.3 - https:\/\/yoast.com\/product\/yoast-seo-wordpress\/ -->\n<title>Hospital Andrews Memorial fortalece la atenci\u00f3n de salud en Jamaica con el lanzamiento de nuevos servicios - Iglesia Adventista del S\u00e9ptimo D\u00eda - Divisi\u00f3n Interamericana<\/title>\n<meta name=\"robots\" content=\"index, follow, max-snippet:-1, max-image-preview:large, max-video-preview:-1\" \/>\n<link rel=\"canonical\" href=\"https:\/\/interamerica.org\/es\/2025\/01\/hospital-andrews-memorial-fortalece-la-atencion-de-salud-en-jamaica-con-el-lanzamiento-de-nuevos-servicios\/\" \/>\n<meta property=\"og:locale\" content=\"es_ES\" \/>\n<meta property=\"og:type\" content=\"article\" \/>\n<meta property=\"og:title\" content=\"Hospital Andrews Memorial fortalece la atenci\u00f3n de salud en Jamaica con el lanzamiento de nuevos servicios - Iglesia Adventista del S\u00e9ptimo D\u00eda - Divisi\u00f3n Interamericana\" \/>\n<meta property=\"og:description\" content=\"La instituci\u00f3n adventista alcanza un hito al lanzar Servicios de Resonancia Magn\u00e9tica y de Cateterizaci\u00f3n Card\u00edaca. 16 de enero de 2025 | Kingston, Jamaica | Dyhann Buddoo-Fletcher, Kingston, Jamaica, y...\" \/>\n<meta property=\"og:url\" content=\"https:\/\/interamerica.org\/es\/2025\/01\/hospital-andrews-memorial-fortalece-la-atencion-de-salud-en-jamaica-con-el-lanzamiento-de-nuevos-servicios\/\" \/>\n<meta property=\"og:site_name\" content=\"Iglesia Adventista del S\u00e9ptimo D\u00eda - Divisi\u00f3n Interamericana\" \/>\n<meta property=\"article:published_time\" content=\"2025-01-16T17:40:12+00:00\" \/>\n<meta property=\"article:modified_time\" content=\"2025-01-17T00:49:14+00:00\" \/>\n<meta property=\"og:image\" content=\"https:\/\/interamerica.org\/wp-content\/uploads\/2025\/01\/amh-cathlab-ribbon-cutting.jpg\" \/>\n\t<meta property=\"og:image:width\" content=\"1000\" \/>\n\t<meta property=\"og:image:height\" content=\"667\" \/>\n\t<meta property=\"og:image:type\" content=\"image\/jpeg\" \/>\n<meta name=\"author\" content=\"libna\" \/>\n<meta name=\"twitter:card\" content=\"summary_large_image\" \/>\n<meta name=\"twitter:label1\" content=\"Escrito por\" \/>\n\t<meta name=\"twitter:data1\" content=\"libna\" \/>\n\t<meta name=\"twitter:label2\" content=\"Tiempo de lectura\" \/>\n\t<meta name=\"twitter:data2\" content=\"8 minutos\" \/>\n<script type=\"application\/ld+json\" class=\"yoast-schema-graph\">{\"@context\":\"https:\\\/\\\/schema.org\",\"@graph\":[{\"@type\":\"Article\",\"@id\":\"https:\\\/\\\/interamerica.org\\\/es\\\/2025\\\/01\\\/hospital-andrews-memorial-fortalece-la-atencion-de-salud-en-jamaica-con-el-lanzamiento-de-nuevos-servicios\\\/#article\",\"isPartOf\":{\"@id\":\"https:\\\/\\\/interamerica.org\\\/es\\\/2025\\\/01\\\/hospital-andrews-memorial-fortalece-la-atencion-de-salud-en-jamaica-con-el-lanzamiento-de-nuevos-servicios\\\/\"},\"author\":{\"name\":\"libna\",\"@id\":\"https:\\\/\\\/interamerica.org\\\/es\\\/#\\\/schema\\\/person\\\/29998f2bc2d8bd0d38662909289b54f1\"},\"headline\":\"Hospital Andrews Memorial fortalece la atenci\u00f3n de salud en Jamaica con el lanzamiento de nuevos servicios\",\"datePublished\":\"2025-01-16T17:40:12+00:00\",\"dateModified\":\"2025-01-17T00:49:14+00:00\",\"mainEntityOfPage\":{\"@id\":\"https:\\\/\\\/interamerica.org\\\/es\\\/2025\\\/01\\\/hospital-andrews-memorial-fortalece-la-atencion-de-salud-en-jamaica-con-el-lanzamiento-de-nuevos-servicios\\\/\"},\"wordCount\":1567,\"image\":{\"@id\":\"https:\\\/\\\/interamerica.org\\\/es\\\/2025\\\/01\\\/hospital-andrews-memorial-fortalece-la-atencion-de-salud-en-jamaica-con-el-lanzamiento-de-nuevos-servicios\\\/#primaryimage\"},\"thumbnailUrl\":\"https:\\\/\\\/interamerica.org\\\/wp-content\\\/uploads\\\/2025\\\/01\\\/amh-cathlab-ribbon-cutting.jpg\",\"articleSection\":[\"Desde el campo\",\"RSS Espa\u00f1ol\"],\"inLanguage\":\"es\"},{\"@type\":\"WebPage\",\"@id\":\"https:\\\/\\\/interamerica.org\\\/es\\\/2025\\\/01\\\/hospital-andrews-memorial-fortalece-la-atencion-de-salud-en-jamaica-con-el-lanzamiento-de-nuevos-servicios\\\/\",\"url\":\"https:\\\/\\\/interamerica.org\\\/es\\\/2025\\\/01\\\/hospital-andrews-memorial-fortalece-la-atencion-de-salud-en-jamaica-con-el-lanzamiento-de-nuevos-servicios\\\/\",\"name\":\"Hospital Andrews Memorial fortalece la atenci\u00f3n de salud en Jamaica con el lanzamiento de nuevos servicios - Iglesia Adventista del S\u00e9ptimo D\u00eda - Divisi\u00f3n Interamericana\",\"isPartOf\":{\"@id\":\"https:\\\/\\\/interamerica.org\\\/es\\\/#website\"},\"primaryImageOfPage\":{\"@id\":\"https:\\\/\\\/interamerica.org\\\/es\\\/2025\\\/01\\\/hospital-andrews-memorial-fortalece-la-atencion-de-salud-en-jamaica-con-el-lanzamiento-de-nuevos-servicios\\\/#primaryimage\"},\"image\":{\"@id\":\"https:\\\/\\\/interamerica.org\\\/es\\\/2025\\\/01\\\/hospital-andrews-memorial-fortalece-la-atencion-de-salud-en-jamaica-con-el-lanzamiento-de-nuevos-servicios\\\/#primaryimage\"},\"thumbnailUrl\":\"https:\\\/\\\/interamerica.org\\\/wp-content\\\/uploads\\\/2025\\\/01\\\/amh-cathlab-ribbon-cutting.jpg\",\"datePublished\":\"2025-01-16T17:40:12+00:00\",\"dateModified\":\"2025-01-17T00:49:14+00:00\",\"author\":{\"@id\":\"https:\\\/\\\/interamerica.org\\\/es\\\/#\\\/schema\\\/person\\\/29998f2bc2d8bd0d38662909289b54f1\"},\"breadcrumb\":{\"@id\":\"https:\\\/\\\/interamerica.org\\\/es\\\/2025\\\/01\\\/hospital-andrews-memorial-fortalece-la-atencion-de-salud-en-jamaica-con-el-lanzamiento-de-nuevos-servicios\\\/#breadcrumb\"},\"inLanguage\":\"es\",\"potentialAction\":[{\"@type\":\"ReadAction\",\"target\":[\"https:\\\/\\\/interamerica.org\\\/es\\\/2025\\\/01\\\/hospital-andrews-memorial-fortalece-la-atencion-de-salud-en-jamaica-con-el-lanzamiento-de-nuevos-servicios\\\/\"]}]},{\"@type\":\"ImageObject\",\"inLanguage\":\"es\",\"@id\":\"https:\\\/\\\/interamerica.org\\\/es\\\/2025\\\/01\\\/hospital-andrews-memorial-fortalece-la-atencion-de-salud-en-jamaica-con-el-lanzamiento-de-nuevos-servicios\\\/#primaryimage\",\"url\":\"https:\\\/\\\/interamerica.org\\\/wp-content\\\/uploads\\\/2025\\\/01\\\/amh-cathlab-ribbon-cutting.jpg\",\"contentUrl\":\"https:\\\/\\\/interamerica.org\\\/wp-content\\\/uploads\\\/2025\\\/01\\\/amh-cathlab-ribbon-cutting.jpg\",\"width\":1000,\"height\":667,\"caption\":\"His Excellency N. Nick Perry, the United States Ambassador to Jamaica, is standing left of Mr. Donmayne Gyles, President\\\/CEO of AMH (center) who is cutting the ribbon alongside Dr. Audrey Gregory, CEO\\\/President of the East Florida Division of AdventHealth and Pastor Everett Brown, AMH Board Chair to mark the launch of the AMH MRI and Cardiac Cath Lab Services, on Wednesday, January 8, 2025. Looking on from left: Dr. Patric Rutherford, former AMH President; Mr. Gopal Kumar Bhagat, Second Secretary at the Indian High Commission to Jamaica; Dr. Racquel Gordon-Adlam, Interventional Cardiologist, (center back) and Dr. Adlai Blythe, Treasurer, JAMU (far right). (Photo: Phillip Castell).\"},{\"@type\":\"BreadcrumbList\",\"@id\":\"https:\\\/\\\/interamerica.org\\\/es\\\/2025\\\/01\\\/hospital-andrews-memorial-fortalece-la-atencion-de-salud-en-jamaica-con-el-lanzamiento-de-nuevos-servicios\\\/#breadcrumb\",\"itemListElement\":[{\"@type\":\"ListItem\",\"position\":1,\"name\":\"Home\",\"item\":\"https:\\\/\\\/interamerica.org\\\/es\\\/\"},{\"@type\":\"ListItem\",\"position\":2,\"name\":\"Hospital Andrews Memorial fortalece la atenci\u00f3n de salud en Jamaica con el lanzamiento de nuevos servicios\"}]},{\"@type\":\"WebSite\",\"@id\":\"https:\\\/\\\/interamerica.org\\\/es\\\/#website\",\"url\":\"https:\\\/\\\/interamerica.org\\\/es\\\/\",\"name\":\"Iglesia Adventista del S\u00e9ptimo D\u00eda - Divisi\u00f3n Interamericana\",\"description\":\"\",\"potentialAction\":[{\"@type\":\"SearchAction\",\"target\":{\"@type\":\"EntryPoint\",\"urlTemplate\":\"https:\\\/\\\/interamerica.org\\\/es\\\/?s={search_term_string}\"},\"query-input\":{\"@type\":\"PropertyValueSpecification\",\"valueRequired\":true,\"valueName\":\"search_term_string\"}}],\"inLanguage\":\"es\"},{\"@type\":\"Person\",\"@id\":\"https:\\\/\\\/interamerica.org\\\/es\\\/#\\\/schema\\\/person\\\/29998f2bc2d8bd0d38662909289b54f1\",\"name\":\"libna\",\"image\":{\"@type\":\"ImageObject\",\"inLanguage\":\"es\",\"@id\":\"https:\\\/\\\/secure.gravatar.com\\\/avatar\\\/7c5bd30ae4b47a9ba3c856590957fd1d96dc588bf3ac05719d247e126840331f?s=96&d=mm&r=g\",\"url\":\"https:\\\/\\\/secure.gravatar.com\\\/avatar\\\/7c5bd30ae4b47a9ba3c856590957fd1d96dc588bf3ac05719d247e126840331f?s=96&d=mm&r=g\",\"contentUrl\":\"https:\\\/\\\/secure.gravatar.com\\\/avatar\\\/7c5bd30ae4b47a9ba3c856590957fd1d96dc588bf3ac05719d247e126840331f?s=96&d=mm&r=g\",\"caption\":\"libna\"}}]}<\/script>\n<!-- \/ Yoast SEO plugin. -->","yoast_head_json":{"title":"Hospital Andrews Memorial fortalece la atenci\u00f3n de salud en Jamaica con el lanzamiento de nuevos servicios - Iglesia Adventista del S\u00e9ptimo D\u00eda - Divisi\u00f3n Interamericana","robots":{"index":"index","follow":"follow","max-snippet":"max-snippet:-1","max-image-preview":"max-image-preview:large","max-video-preview":"max-video-preview:-1"},"canonical":"https:\/\/interamerica.org\/es\/2025\/01\/hospital-andrews-memorial-fortalece-la-atencion-de-salud-en-jamaica-con-el-lanzamiento-de-nuevos-servicios\/","og_locale":"es_ES","og_type":"article","og_title":"Hospital Andrews Memorial fortalece la atenci\u00f3n de salud en Jamaica con el lanzamiento de nuevos servicios - Iglesia Adventista del S\u00e9ptimo D\u00eda - Divisi\u00f3n Interamericana","og_description":"La instituci\u00f3n adventista alcanza un hito al lanzar Servicios de Resonancia Magn\u00e9tica y de Cateterizaci\u00f3n Card\u00edaca. 16 de enero de 2025 | Kingston, Jamaica | Dyhann Buddoo-Fletcher, Kingston, Jamaica, y...","og_url":"https:\/\/interamerica.org\/es\/2025\/01\/hospital-andrews-memorial-fortalece-la-atencion-de-salud-en-jamaica-con-el-lanzamiento-de-nuevos-servicios\/","og_site_name":"Iglesia Adventista del S\u00e9ptimo D\u00eda - Divisi\u00f3n Interamericana","article_published_time":"2025-01-16T17:40:12+00:00","article_modified_time":"2025-01-17T00:49:14+00:00","og_image":[{"width":1000,"height":667,"url":"https:\/\/interamerica.org\/wp-content\/uploads\/2025\/01\/amh-cathlab-ribbon-cutting.jpg","type":"image\/jpeg"}],"author":"libna","twitter_card":"summary_large_image","twitter_misc":{"Escrito por":"libna","Tiempo de lectura":"8 minutos"},"schema":{"@context":"https:\/\/schema.org","@graph":[{"@type":"Article","@id":"https:\/\/interamerica.org\/es\/2025\/01\/hospital-andrews-memorial-fortalece-la-atencion-de-salud-en-jamaica-con-el-lanzamiento-de-nuevos-servicios\/#article","isPartOf":{"@id":"https:\/\/interamerica.org\/es\/2025\/01\/hospital-andrews-memorial-fortalece-la-atencion-de-salud-en-jamaica-con-el-lanzamiento-de-nuevos-servicios\/"},"author":{"name":"libna","@id":"https:\/\/interamerica.org\/es\/#\/schema\/person\/29998f2bc2d8bd0d38662909289b54f1"},"headline":"Hospital Andrews Memorial fortalece la atenci\u00f3n de salud en Jamaica con el lanzamiento de nuevos servicios","datePublished":"2025-01-16T17:40:12+00:00","dateModified":"2025-01-17T00:49:14+00:00","mainEntityOfPage":{"@id":"https:\/\/interamerica.org\/es\/2025\/01\/hospital-andrews-memorial-fortalece-la-atencion-de-salud-en-jamaica-con-el-lanzamiento-de-nuevos-servicios\/"},"wordCount":1567,"image":{"@id":"https:\/\/interamerica.org\/es\/2025\/01\/hospital-andrews-memorial-fortalece-la-atencion-de-salud-en-jamaica-con-el-lanzamiento-de-nuevos-servicios\/#primaryimage"},"thumbnailUrl":"https:\/\/interamerica.org\/wp-content\/uploads\/2025\/01\/amh-cathlab-ribbon-cutting.jpg","articleSection":["Desde el campo","RSS Espa\u00f1ol"],"inLanguage":"es"},{"@type":"WebPage","@id":"https:\/\/interamerica.org\/es\/2025\/01\/hospital-andrews-memorial-fortalece-la-atencion-de-salud-en-jamaica-con-el-lanzamiento-de-nuevos-servicios\/","url":"https:\/\/interamerica.org\/es\/2025\/01\/hospital-andrews-memorial-fortalece-la-atencion-de-salud-en-jamaica-con-el-lanzamiento-de-nuevos-servicios\/","name":"Hospital Andrews Memorial fortalece la atenci\u00f3n de salud en Jamaica con el lanzamiento de nuevos servicios - Iglesia Adventista del S\u00e9ptimo D\u00eda - Divisi\u00f3n Interamericana","isPartOf":{"@id":"https:\/\/interamerica.org\/es\/#website"},"primaryImageOfPage":{"@id":"https:\/\/interamerica.org\/es\/2025\/01\/hospital-andrews-memorial-fortalece-la-atencion-de-salud-en-jamaica-con-el-lanzamiento-de-nuevos-servicios\/#primaryimage"},"image":{"@id":"https:\/\/interamerica.org\/es\/2025\/01\/hospital-andrews-memorial-fortalece-la-atencion-de-salud-en-jamaica-con-el-lanzamiento-de-nuevos-servicios\/#primaryimage"},"thumbnailUrl":"https:\/\/interamerica.org\/wp-content\/uploads\/2025\/01\/amh-cathlab-ribbon-cutting.jpg","datePublished":"2025-01-16T17:40:12+00:00","dateModified":"2025-01-17T00:49:14+00:00","author":{"@id":"https:\/\/interamerica.org\/es\/#\/schema\/person\/29998f2bc2d8bd0d38662909289b54f1"},"breadcrumb":{"@id":"https:\/\/interamerica.org\/es\/2025\/01\/hospital-andrews-memorial-fortalece-la-atencion-de-salud-en-jamaica-con-el-lanzamiento-de-nuevos-servicios\/#breadcrumb"},"inLanguage":"es","potentialAction":[{"@type":"ReadAction","target":["https:\/\/interamerica.org\/es\/2025\/01\/hospital-andrews-memorial-fortalece-la-atencion-de-salud-en-jamaica-con-el-lanzamiento-de-nuevos-servicios\/"]}]},{"@type":"ImageObject","inLanguage":"es","@id":"https:\/\/interamerica.org\/es\/2025\/01\/hospital-andrews-memorial-fortalece-la-atencion-de-salud-en-jamaica-con-el-lanzamiento-de-nuevos-servicios\/#primaryimage","url":"https:\/\/interamerica.org\/wp-content\/uploads\/2025\/01\/amh-cathlab-ribbon-cutting.jpg","contentUrl":"https:\/\/interamerica.org\/wp-content\/uploads\/2025\/01\/amh-cathlab-ribbon-cutting.jpg","width":1000,"height":667,"caption":"His Excellency N. Nick Perry, the United States Ambassador to Jamaica, is standing left of Mr. Donmayne Gyles, President\/CEO of AMH (center) who is cutting the ribbon alongside Dr. Audrey Gregory, CEO\/President of the East Florida Division of AdventHealth and Pastor Everett Brown, AMH Board Chair to mark the launch of the AMH MRI and Cardiac Cath Lab Services, on Wednesday, January 8, 2025. Looking on from left: Dr. Patric Rutherford, former AMH President; Mr. Gopal Kumar Bhagat, Second Secretary at the Indian High Commission to Jamaica; Dr. Racquel Gordon-Adlam, Interventional Cardiologist, (center back) and Dr. Adlai Blythe, Treasurer, JAMU (far right). (Photo: Phillip Castell)."},{"@type":"BreadcrumbList","@id":"https:\/\/interamerica.org\/es\/2025\/01\/hospital-andrews-memorial-fortalece-la-atencion-de-salud-en-jamaica-con-el-lanzamiento-de-nuevos-servicios\/#breadcrumb","itemListElement":[{"@type":"ListItem","position":1,"name":"Home","item":"https:\/\/interamerica.org\/es\/"},{"@type":"ListItem","position":2,"name":"Hospital Andrews Memorial fortalece la atenci\u00f3n de salud en Jamaica con el lanzamiento de nuevos servicios"}]},{"@type":"WebSite","@id":"https:\/\/interamerica.org\/es\/#website","url":"https:\/\/interamerica.org\/es\/","name":"Iglesia Adventista del S\u00e9ptimo D\u00eda - Divisi\u00f3n Interamericana","description":"","potentialAction":[{"@type":"SearchAction","target":{"@type":"EntryPoint","urlTemplate":"https:\/\/interamerica.org\/es\/?s={search_term_string}"},"query-input":{"@type":"PropertyValueSpecification","valueRequired":true,"valueName":"search_term_string"}}],"inLanguage":"es"},{"@type":"Person","@id":"https:\/\/interamerica.org\/es\/#\/schema\/person\/29998f2bc2d8bd0d38662909289b54f1","name":"libna","image":{"@type":"ImageObject","inLanguage":"es","@id":"https:\/\/secure.gravatar.com\/avatar\/7c5bd30ae4b47a9ba3c856590957fd1d96dc588bf3ac05719d247e126840331f?s=96&d=mm&r=g","url":"https:\/\/secure.gravatar.com\/avatar\/7c5bd30ae4b47a9ba3c856590957fd1d96dc588bf3ac05719d247e126840331f?s=96&d=mm&r=g","contentUrl":"https:\/\/secure.gravatar.com\/avatar\/7c5bd30ae4b47a9ba3c856590957fd1d96dc588bf3ac05719d247e126840331f?s=96&d=mm&r=g","caption":"libna"}}]}},"_links":{"self":[{"href":"https:\/\/interamerica.org\/es\/wp-json\/wp\/v2\/posts\/123943","targetHints":{"allow":["GET"]}}],"collection":[{"href":"https:\/\/interamerica.org\/es\/wp-json\/wp\/v2\/posts"}],"about":[{"href":"https:\/\/interamerica.org\/es\/wp-json\/wp\/v2\/types\/post"}],"author":[{"embeddable":true,"href":"https:\/\/interamerica.org\/es\/wp-json\/wp\/v2\/users\/3"}],"replies":[{"embeddable":true,"href":"https:\/\/interamerica.org\/es\/wp-json\/wp\/v2\/comments?post=123943"}],"version-history":[{"count":0,"href":"https:\/\/interamerica.org\/es\/wp-json\/wp\/v2\/posts\/123943\/revisions"}],"wp:featuredmedia":[{"embeddable":true,"href":"https:\/\/interamerica.org\/es\/wp-json\/wp\/v2\/media\/123875"}],"wp:attachment":[{"href":"https:\/\/interamerica.org\/es\/wp-json\/wp\/v2\/media?parent=123943"}],"wp:term":[{"taxonomy":"category","embeddable":true,"href":"https:\/\/interamerica.org\/es\/wp-json\/wp\/v2\/categories?post=123943"},{"taxonomy":"post_tag","embeddable":true,"href":"https:\/\/interamerica.org\/es\/wp-json\/wp\/v2\/tags?post=123943"}],"curies":[{"name":"wp","href":"https:\/\/api.w.org\/{rel}","templated":true}]}}