{"id":124033,"date":"2025-01-21T16:30:53","date_gmt":"2025-01-21T21:30:53","guid":{"rendered":"https:\/\/interamerica.org\/?p=124033"},"modified":"2025-01-22T10:18:11","modified_gmt":"2025-01-22T15:18:11","slug":"isla-de-papua-nueva-guinea-celebra-cien-anos-del-mensaje-adventista","status":"publish","type":"post","link":"https:\/\/interamerica.org\/es\/2025\/01\/isla-de-papua-nueva-guinea-celebra-cien-anos-del-mensaje-adventista\/","title":{"rendered":"Isla de Pap\u00faa Nueva Guinea celebra cien a\u00f1os del mensaje adventista"},"content":{"rendered":"<div id=\"attachment_124012\" style=\"width: 938px\" class=\"wp-caption aligncenter\"><img fetchpriority=\"high\" decoding=\"async\" aria-describedby=\"caption-attachment-124012\" class=\" wp-image-124010\" src=\"https:\/\/interamerica.org\/wp-content\/uploads\/2025\/01\/png1-1-1024x576.jpeg\" alt=\"\" width=\"928\" height=\"522\" srcset=\"https:\/\/interamerica.org\/wp-content\/uploads\/2025\/01\/png1-1-1024x576.jpeg 1024w, https:\/\/interamerica.org\/wp-content\/uploads\/2025\/01\/png1-1-300x169.jpeg 300w, https:\/\/interamerica.org\/wp-content\/uploads\/2025\/01\/png1-1-768x432.jpeg 768w, https:\/\/interamerica.org\/wp-content\/uploads\/2025\/01\/png1-1.jpeg 1200w\" sizes=\"(max-width: 928px) 100vw, 928px\" \/><p id=\"caption-attachment-124012\" class=\"wp-caption-text\">La antorcha del evangelio llega a Inivus, en el Distrito de Inus, desde Sirovai, Distrito de Buin, en Bougainville, Pap\u00faa Nueva Guinea. [Fotograf\u00eda: Adventist Record]<\/p><\/div>\n<p class=\"c-post-header__subtitle\"><em>Los primeros misioneros en el pa\u00eds llegaron en 1924 a Bougainville.<\/em><\/p>\n<p>21 de enero de 2025 | Pap\u00faa Nueva Guinea | Reeves Papaol, <em>Adventist Record<\/em>, and <em>Adventist Review<\/em><\/p>\n<p>Del 18 al 31 de diciembre de 2024, m\u00e1s de cuatro mil asistentes, incluidos l\u00edderes de la iglesia, funcionarios de gobierno y miembros de iglesia de Pap\u00faa Nueva Guinea y las Islas Salom\u00f3n se reunieron para conmemorar las celebraciones del centenario de la Misi\u00f3n Adventista del S\u00e9ptimo D\u00eda en Bougainville. La iglesia regional celebr\u00f3 cien a\u00f1os de fe, servicio e impacto comunitario. Bougainville pertenece a Pap\u00faa Nueva Guinea, pero el territorio es parte del archipi\u00e9lago que incluye a las Islas Salom\u00f3n.<\/p>\n<p>Los asistentes a la celebraci\u00f3n fueron desde un beb\u00e9 de cuatro meses hasta una tatarabuela de 94 a\u00f1os, bajo el lema \u201cCelebremos 100 a\u00f1os de la historia de Dios en Bougainville\u201d.<\/p>\n<img decoding=\"async\" class=\"aligncenter wp-image-124013\" src=\"https:\/\/interamerica.org\/wp-content\/uploads\/2025\/01\/png-2-4.jpg\" alt=\"\" width=\"901\" height=\"507\" srcset=\"https:\/\/interamerica.org\/wp-content\/uploads\/2025\/01\/png-2-4.jpg 1024w, https:\/\/interamerica.org\/wp-content\/uploads\/2025\/01\/png-2-4-300x169.jpg 300w, https:\/\/interamerica.org\/wp-content\/uploads\/2025\/01\/png-2-4-768x432.jpg 768w\" sizes=\"(max-width: 901px) 100vw, 901px\" \/>\n<p>Las celebraciones del centenario se llevaron a cabo en tres sitios hist\u00f3ricos, lo que incluy\u00f3 a Lavelai, donde llegaron los primeros misioneros en 1924. Tambi\u00e9n incluy\u00f3 a Kastorita, hasta donde viajaron los misioneros en bote y a pie en 1927, y Rumba, Arawa, donde se estableci\u00f3 la sede de la misi\u00f3n en 1929. Cada lugar llev\u00f3 a cabo dedicaciones, descubriendo monumentos, tres d\u00edas de reavivamiento, relatos hist\u00f3ricos de representantes de las familias pioneras, y representaciones culturales, lo que incluy\u00f3 dramas sobre la llegada de los misioneros. En total, se bautiz\u00f3 a m\u00e1s de doscientas personas.<\/p>\n<h3 class=\"wp-block-heading\"><strong>Liderazgo y visi\u00f3n<\/strong><\/h3>\n<p>L\u00edderes del gobierno y la iglesia asistieron a las celebraciones y compartieron mensajes de inspiraci\u00f3n y visi\u00f3n para el futuro. Entre ellos estuvo presente James Marape, primer ministro de Pap\u00faa Nueva Guinea. \u00c9l comparti\u00f3 su conexi\u00f3n personal con el legado de Misi\u00f3n Adventista.<\/p>\n<p><div id=\"attachment_124018\" style=\"width: 926px\" class=\"wp-caption aligncenter\"><img decoding=\"async\" aria-describedby=\"caption-attachment-124018\" class=\" wp-image-124016\" src=\"https:\/\/interamerica.org\/wp-content\/uploads\/2025\/01\/png-4-3.jpg\" alt=\"\" width=\"916\" height=\"515\" srcset=\"https:\/\/interamerica.org\/wp-content\/uploads\/2025\/01\/png-4-3.jpg 1024w, https:\/\/interamerica.org\/wp-content\/uploads\/2025\/01\/png-4-3-300x169.jpg 300w, https:\/\/interamerica.org\/wp-content\/uploads\/2025\/01\/png-4-3-768x432.jpg 768w\" sizes=\"(max-width: 916px) 100vw, 916px\" \/><p id=\"caption-attachment-124018\" class=\"wp-caption-text\">Monumento que conmemora los comienzos de la misi\u00f3n de 1924 en Lavelai. [Fotograf\u00eda: Adventist Record]<\/p><\/div>Marape expres\u00f3: \u201cSi no fuera por los misioneros pioneros de Bougainville que trajeron la misi\u00f3n a Tari en 1955, yo no ser\u00eda lo que soy ni estar\u00eda donde estoy\u201d. Al reflexionar en el impacto transformador de la misi\u00f3n, explic\u00f3 que su padre pastor, John Marape, fue un beneficiario directo de la obra de la Misi\u00f3n Adventista.<\/p>\n<p>El primer ministro enfatiz\u00f3: \u201cTodas las principales iglesias de Pap\u00faa Nueva Guinea deber\u00edan continuar relacion\u00e1ndose con las comunidades, aldeas y sociedades para promover la paz, la educaci\u00f3n, la salud y la vida plena. Esa es la real obra misionera de las iglesias\u201d.<\/p>\n<p><div id=\"attachment_124021\" style=\"width: 881px\" class=\"wp-caption aligncenter\"><img loading=\"lazy\" decoding=\"async\" aria-describedby=\"caption-attachment-124021\" class=\" wp-image-124019\" src=\"https:\/\/interamerica.org\/wp-content\/uploads\/2025\/01\/png-6-1.jpg\" alt=\"\" width=\"871\" height=\"490\" srcset=\"https:\/\/interamerica.org\/wp-content\/uploads\/2025\/01\/png-6-1.jpg 1024w, https:\/\/interamerica.org\/wp-content\/uploads\/2025\/01\/png-6-1-300x169.jpg 300w, https:\/\/interamerica.org\/wp-content\/uploads\/2025\/01\/png-6-1-768x432.jpg 768w\" sizes=\"(max-width: 871px) 100vw, 871px\" \/><p id=\"caption-attachment-124021\" class=\"wp-caption-text\">Ceremonia bautismal de la misi\u00f3n de Rumba en Awara. [Fotograf\u00eda: Adventist Record]<\/p><\/div>Peter Tsiamalili Jr., ministro de polic\u00eda y miembro regional de Bougainville, destac\u00f3 la unidad y el crecimiento espiritual que promueve la Iglesia Adventista del S\u00e9ptimo D\u00eda, reconociendo su contribuci\u00f3n significativa a la comunidad.<\/p>\n<div class=\"wp-block-jetpack-slideshow aligncenter\" data-effect=\"slide\" data-jetpack-block-initialized=\"true\">\n<div class=\"wp-block-jetpack-slideshow_container swiper-container swiper-container-initialized swiper-container-horizontal swiper-container-pointer-events wp-swiper-initialized\">\n<p>Francesca Semoso, miembro del parlamento de Pap\u00faa Nueva Guinea en representaci\u00f3n de Bougainville Norte, destac\u00f3 el papel fundamental de las mujeres y los ni\u00f1os en la obra misionera, expresando: \u201cLa disciplina comienza en el hogar, y nuestros hijos se convierten en la sociedad que queremos tener\u201d.<\/p>\n<p><div id=\"attachment_124024\" style=\"width: 892px\" class=\"wp-caption aligncenter\"><img loading=\"lazy\" decoding=\"async\" aria-describedby=\"caption-attachment-124024\" class=\" wp-image-124022\" src=\"https:\/\/interamerica.org\/wp-content\/uploads\/2025\/01\/png-5-2.jpg\" alt=\"\" width=\"882\" height=\"496\" srcset=\"https:\/\/interamerica.org\/wp-content\/uploads\/2025\/01\/png-5-2.jpg 1024w, https:\/\/interamerica.org\/wp-content\/uploads\/2025\/01\/png-5-2-300x169.jpg 300w, https:\/\/interamerica.org\/wp-content\/uploads\/2025\/01\/png-5-2-768x432.jpg 768w\" sizes=\"(max-width: 882px) 100vw, 882px\" \/><p id=\"caption-attachment-124024\" class=\"wp-caption-text\">Malachi Yani ofrece una oraci\u00f3n de dedicaci\u00f3n al descubrir el monumento en la misi\u00f3n de Rumba en Awara. [Fotograf\u00eda: Adventist Record]<\/p><\/div>Timothy Masiu, ministro de comunicaci\u00f3n y miembro representante de Bougainville Sur, pidi\u00f3 responsabilidad a los l\u00edderes de la iglesia, instando a los pastores a que se pongan al frente de la promoci\u00f3n de la paz y la buena voluntad a nivel comunitario.De parte de la iglesia, Malachi Yani, presidente de la Uni\u00f3n Misi\u00f3n de Pap\u00faa Nueva Guinea, anim\u00f3 a los locales a amplificar sus voces y hacerse cargo de su vida espiritual. De igual manera, Danny Philip, director de estrategia en discipulado de la Divisi\u00f3n del Pac\u00edfico Sur, desafi\u00f3 a la Iglesia Adventista en la regi\u00f3n del Pac\u00edfico para que est\u00e9 al frente de cambios transformadores doquiera les toque servir, en particular en Bougainville.<\/p>\n<p><div id=\"attachment_124027\" style=\"width: 910px\" class=\"wp-caption aligncenter\"><img loading=\"lazy\" decoding=\"async\" aria-describedby=\"caption-attachment-124027\" class=\" wp-image-124025\" src=\"https:\/\/interamerica.org\/wp-content\/uploads\/2025\/01\/png-10.jpg\" alt=\"\" width=\"900\" height=\"506\" srcset=\"https:\/\/interamerica.org\/wp-content\/uploads\/2025\/01\/png-10.jpg 1024w, https:\/\/interamerica.org\/wp-content\/uploads\/2025\/01\/png-10-300x169.jpg 300w, https:\/\/interamerica.org\/wp-content\/uploads\/2025\/01\/png-10-768x432.jpg 768w\" sizes=\"(max-width: 900px) 100vw, 900px\" \/><p id=\"caption-attachment-124027\" class=\"wp-caption-text\">Coro del Distrito de Buin en la ceremonia de apertura en Lavelai. [Fotograf\u00eda: Adventist Record]<\/p><\/div>El evento tambi\u00e9n revel\u00f3 objetivos ambiciosos, lo que incluye la construcci\u00f3n de la Escuela Secundaria Pionera Adventista de Green Valley en Buin para los grados s\u00e9ptimo al d\u00e9cimo, y la renovaci\u00f3n y transferencia de propiedad de los centros de salud en Kastorita, Wisai y Darupute, entre varios otros.<\/p>\n<h3 class=\"wp-block-heading\"><strong>Impacto espiritual y comunitario<\/strong><\/h3>\n<p>El centenario celebr\u00f3 la significaci\u00f3n espiritual de la iglesia y su impacto duradero sobre la comunidad, explicaron los l\u00edderes regionales de la iglesia. \u201cLa iglesia reafirm\u00f3 su compromiso con el servicio en Bougainville y otros lugares, garantizando que este legado de fe y servicio contin\u00fae durante generaciones\u201d, expresaron.<\/p>\n<p>La <a href=\"https:\/\/record.adventistchurch.com\/2025\/01\/10\/celebrating-100-years-of-adventism-on-bougainville-1924-2024\/\" target=\"_blank\" rel=\"noopener\">versi\u00f3n original<\/a> de esta noticia fue publicada en <a href=\"https:\/\/record.adventistchurch.com\/\" target=\"_blank\" rel=\"noopener\"><em>Adventist Record<\/em><\/a>.<\/p>\n<\/div>\n<\/div>\n<p>Traducci\u00f3n de Marcos Paseggi<\/p>\n","protected":false},"excerpt":{"rendered":"<p>Los primeros misioneros en el pa\u00eds llegaron en 1924 a Bougainville. 21 de enero de 2025 | Pap\u00faa Nueva Guinea | Reeves Papaol, Adventist Record, and Adventist Review Del 18&#8230;<\/p>\n","protected":false},"author":3,"featured_media":124012,"comment_status":"closed","ping_status":"closed","sticky":false,"template":"","format":"standard","meta":{"_acf_changed":false,"footnotes":""},"categories":[14,15],"tags":[],"class_list":["post-124033","post","type-post","status-publish","format-standard","has-post-thumbnail","hentry","category-de-la-iglesia-mundial","category-rss-espanol"],"acf":[],"yoast_head":"<!-- This site is optimized with the Yoast SEO plugin v27.3 - https:\/\/yoast.com\/product\/yoast-seo-wordpress\/ -->\n<title>Isla de Pap\u00faa Nueva Guinea celebra cien a\u00f1os del mensaje adventista - Iglesia Adventista del S\u00e9ptimo D\u00eda - Divisi\u00f3n Interamericana<\/title>\n<meta name=\"robots\" content=\"index, follow, max-snippet:-1, max-image-preview:large, max-video-preview:-1\" \/>\n<link rel=\"canonical\" href=\"https:\/\/interamerica.org\/es\/2025\/01\/isla-de-papua-nueva-guinea-celebra-cien-anos-del-mensaje-adventista\/\" \/>\n<meta property=\"og:locale\" content=\"es_ES\" \/>\n<meta property=\"og:type\" content=\"article\" \/>\n<meta property=\"og:title\" content=\"Isla de Pap\u00faa Nueva Guinea celebra cien a\u00f1os del mensaje adventista - Iglesia Adventista del S\u00e9ptimo D\u00eda - Divisi\u00f3n Interamericana\" \/>\n<meta property=\"og:description\" content=\"Los primeros misioneros en el pa\u00eds llegaron en 1924 a Bougainville. 21 de enero de 2025 | Pap\u00faa Nueva Guinea | Reeves Papaol, Adventist Record, and Adventist Review Del 18...\" \/>\n<meta property=\"og:url\" content=\"https:\/\/interamerica.org\/es\/2025\/01\/isla-de-papua-nueva-guinea-celebra-cien-anos-del-mensaje-adventista\/\" \/>\n<meta property=\"og:site_name\" content=\"Iglesia Adventista del S\u00e9ptimo D\u00eda - Divisi\u00f3n Interamericana\" \/>\n<meta property=\"article:published_time\" content=\"2025-01-21T21:30:53+00:00\" \/>\n<meta property=\"article:modified_time\" content=\"2025-01-22T15:18:11+00:00\" \/>\n<meta property=\"og:image\" content=\"https:\/\/interamerica.org\/wp-content\/uploads\/2025\/01\/png1-1.jpeg\" \/>\n\t<meta property=\"og:image:width\" content=\"1200\" \/>\n\t<meta property=\"og:image:height\" content=\"675\" \/>\n\t<meta property=\"og:image:type\" content=\"image\/jpeg\" \/>\n<meta name=\"author\" content=\"libna\" \/>\n<meta name=\"twitter:card\" content=\"summary_large_image\" \/>\n<meta name=\"twitter:label1\" content=\"Escrito por\" \/>\n\t<meta name=\"twitter:data1\" content=\"libna\" \/>\n\t<meta name=\"twitter:label2\" content=\"Tiempo de lectura\" \/>\n\t<meta name=\"twitter:data2\" content=\"5 minutos\" \/>\n<script type=\"application\/ld+json\" class=\"yoast-schema-graph\">{\"@context\":\"https:\\\/\\\/schema.org\",\"@graph\":[{\"@type\":\"Article\",\"@id\":\"https:\\\/\\\/interamerica.org\\\/es\\\/2025\\\/01\\\/isla-de-papua-nueva-guinea-celebra-cien-anos-del-mensaje-adventista\\\/#article\",\"isPartOf\":{\"@id\":\"https:\\\/\\\/interamerica.org\\\/es\\\/2025\\\/01\\\/isla-de-papua-nueva-guinea-celebra-cien-anos-del-mensaje-adventista\\\/\"},\"author\":{\"name\":\"libna\",\"@id\":\"https:\\\/\\\/interamerica.org\\\/es\\\/#\\\/schema\\\/person\\\/29998f2bc2d8bd0d38662909289b54f1\"},\"headline\":\"Isla de Pap\u00faa Nueva Guinea celebra cien a\u00f1os del mensaje adventista\",\"datePublished\":\"2025-01-21T21:30:53+00:00\",\"dateModified\":\"2025-01-22T15:18:11+00:00\",\"mainEntityOfPage\":{\"@id\":\"https:\\\/\\\/interamerica.org\\\/es\\\/2025\\\/01\\\/isla-de-papua-nueva-guinea-celebra-cien-anos-del-mensaje-adventista\\\/\"},\"wordCount\":885,\"image\":{\"@id\":\"https:\\\/\\\/interamerica.org\\\/es\\\/2025\\\/01\\\/isla-de-papua-nueva-guinea-celebra-cien-anos-del-mensaje-adventista\\\/#primaryimage\"},\"thumbnailUrl\":\"https:\\\/\\\/interamerica.org\\\/wp-content\\\/uploads\\\/2025\\\/01\\\/png1-1.jpeg\",\"articleSection\":[\"Desde la iglesia mundial\",\"RSS Espa\u00f1ol\"],\"inLanguage\":\"es\"},{\"@type\":\"WebPage\",\"@id\":\"https:\\\/\\\/interamerica.org\\\/es\\\/2025\\\/01\\\/isla-de-papua-nueva-guinea-celebra-cien-anos-del-mensaje-adventista\\\/\",\"url\":\"https:\\\/\\\/interamerica.org\\\/es\\\/2025\\\/01\\\/isla-de-papua-nueva-guinea-celebra-cien-anos-del-mensaje-adventista\\\/\",\"name\":\"Isla de Pap\u00faa Nueva Guinea celebra cien a\u00f1os del mensaje adventista - Iglesia Adventista del S\u00e9ptimo D\u00eda - Divisi\u00f3n Interamericana\",\"isPartOf\":{\"@id\":\"https:\\\/\\\/interamerica.org\\\/es\\\/#website\"},\"primaryImageOfPage\":{\"@id\":\"https:\\\/\\\/interamerica.org\\\/es\\\/2025\\\/01\\\/isla-de-papua-nueva-guinea-celebra-cien-anos-del-mensaje-adventista\\\/#primaryimage\"},\"image\":{\"@id\":\"https:\\\/\\\/interamerica.org\\\/es\\\/2025\\\/01\\\/isla-de-papua-nueva-guinea-celebra-cien-anos-del-mensaje-adventista\\\/#primaryimage\"},\"thumbnailUrl\":\"https:\\\/\\\/interamerica.org\\\/wp-content\\\/uploads\\\/2025\\\/01\\\/png1-1.jpeg\",\"datePublished\":\"2025-01-21T21:30:53+00:00\",\"dateModified\":\"2025-01-22T15:18:11+00:00\",\"author\":{\"@id\":\"https:\\\/\\\/interamerica.org\\\/es\\\/#\\\/schema\\\/person\\\/29998f2bc2d8bd0d38662909289b54f1\"},\"breadcrumb\":{\"@id\":\"https:\\\/\\\/interamerica.org\\\/es\\\/2025\\\/01\\\/isla-de-papua-nueva-guinea-celebra-cien-anos-del-mensaje-adventista\\\/#breadcrumb\"},\"inLanguage\":\"es\",\"potentialAction\":[{\"@type\":\"ReadAction\",\"target\":[\"https:\\\/\\\/interamerica.org\\\/es\\\/2025\\\/01\\\/isla-de-papua-nueva-guinea-celebra-cien-anos-del-mensaje-adventista\\\/\"]}]},{\"@type\":\"ImageObject\",\"inLanguage\":\"es\",\"@id\":\"https:\\\/\\\/interamerica.org\\\/es\\\/2025\\\/01\\\/isla-de-papua-nueva-guinea-celebra-cien-anos-del-mensaje-adventista\\\/#primaryimage\",\"url\":\"https:\\\/\\\/interamerica.org\\\/wp-content\\\/uploads\\\/2025\\\/01\\\/png1-1.jpeg\",\"contentUrl\":\"https:\\\/\\\/interamerica.org\\\/wp-content\\\/uploads\\\/2025\\\/01\\\/png1-1.jpeg\",\"width\":1200,\"height\":675,\"caption\":\"The gospel torch arrives at Inivus, Inus District, from Sirovai, Buin District, in Bougainville, Papua New Guinea. [Photo: Adventist Record]\"},{\"@type\":\"BreadcrumbList\",\"@id\":\"https:\\\/\\\/interamerica.org\\\/es\\\/2025\\\/01\\\/isla-de-papua-nueva-guinea-celebra-cien-anos-del-mensaje-adventista\\\/#breadcrumb\",\"itemListElement\":[{\"@type\":\"ListItem\",\"position\":1,\"name\":\"Home\",\"item\":\"https:\\\/\\\/interamerica.org\\\/es\\\/\"},{\"@type\":\"ListItem\",\"position\":2,\"name\":\"Isla de Pap\u00faa Nueva Guinea celebra cien a\u00f1os del mensaje adventista\"}]},{\"@type\":\"WebSite\",\"@id\":\"https:\\\/\\\/interamerica.org\\\/es\\\/#website\",\"url\":\"https:\\\/\\\/interamerica.org\\\/es\\\/\",\"name\":\"Iglesia Adventista del S\u00e9ptimo D\u00eda - Divisi\u00f3n Interamericana\",\"description\":\"\",\"potentialAction\":[{\"@type\":\"SearchAction\",\"target\":{\"@type\":\"EntryPoint\",\"urlTemplate\":\"https:\\\/\\\/interamerica.org\\\/es\\\/?s={search_term_string}\"},\"query-input\":{\"@type\":\"PropertyValueSpecification\",\"valueRequired\":true,\"valueName\":\"search_term_string\"}}],\"inLanguage\":\"es\"},{\"@type\":\"Person\",\"@id\":\"https:\\\/\\\/interamerica.org\\\/es\\\/#\\\/schema\\\/person\\\/29998f2bc2d8bd0d38662909289b54f1\",\"name\":\"libna\",\"image\":{\"@type\":\"ImageObject\",\"inLanguage\":\"es\",\"@id\":\"https:\\\/\\\/secure.gravatar.com\\\/avatar\\\/7c5bd30ae4b47a9ba3c856590957fd1d96dc588bf3ac05719d247e126840331f?s=96&d=mm&r=g\",\"url\":\"https:\\\/\\\/secure.gravatar.com\\\/avatar\\\/7c5bd30ae4b47a9ba3c856590957fd1d96dc588bf3ac05719d247e126840331f?s=96&d=mm&r=g\",\"contentUrl\":\"https:\\\/\\\/secure.gravatar.com\\\/avatar\\\/7c5bd30ae4b47a9ba3c856590957fd1d96dc588bf3ac05719d247e126840331f?s=96&d=mm&r=g\",\"caption\":\"libna\"}}]}<\/script>\n<!-- \/ Yoast SEO plugin. -->","yoast_head_json":{"title":"Isla de Pap\u00faa Nueva Guinea celebra cien a\u00f1os del mensaje adventista - Iglesia Adventista del S\u00e9ptimo D\u00eda - Divisi\u00f3n Interamericana","robots":{"index":"index","follow":"follow","max-snippet":"max-snippet:-1","max-image-preview":"max-image-preview:large","max-video-preview":"max-video-preview:-1"},"canonical":"https:\/\/interamerica.org\/es\/2025\/01\/isla-de-papua-nueva-guinea-celebra-cien-anos-del-mensaje-adventista\/","og_locale":"es_ES","og_type":"article","og_title":"Isla de Pap\u00faa Nueva Guinea celebra cien a\u00f1os del mensaje adventista - Iglesia Adventista del S\u00e9ptimo D\u00eda - Divisi\u00f3n Interamericana","og_description":"Los primeros misioneros en el pa\u00eds llegaron en 1924 a Bougainville. 21 de enero de 2025 | Pap\u00faa Nueva Guinea | Reeves Papaol, Adventist Record, and Adventist Review Del 18...","og_url":"https:\/\/interamerica.org\/es\/2025\/01\/isla-de-papua-nueva-guinea-celebra-cien-anos-del-mensaje-adventista\/","og_site_name":"Iglesia Adventista del S\u00e9ptimo D\u00eda - Divisi\u00f3n Interamericana","article_published_time":"2025-01-21T21:30:53+00:00","article_modified_time":"2025-01-22T15:18:11+00:00","og_image":[{"width":1200,"height":675,"url":"https:\/\/interamerica.org\/wp-content\/uploads\/2025\/01\/png1-1.jpeg","type":"image\/jpeg"}],"author":"libna","twitter_card":"summary_large_image","twitter_misc":{"Escrito por":"libna","Tiempo de lectura":"5 minutos"},"schema":{"@context":"https:\/\/schema.org","@graph":[{"@type":"Article","@id":"https:\/\/interamerica.org\/es\/2025\/01\/isla-de-papua-nueva-guinea-celebra-cien-anos-del-mensaje-adventista\/#article","isPartOf":{"@id":"https:\/\/interamerica.org\/es\/2025\/01\/isla-de-papua-nueva-guinea-celebra-cien-anos-del-mensaje-adventista\/"},"author":{"name":"libna","@id":"https:\/\/interamerica.org\/es\/#\/schema\/person\/29998f2bc2d8bd0d38662909289b54f1"},"headline":"Isla de Pap\u00faa Nueva Guinea celebra cien a\u00f1os del mensaje adventista","datePublished":"2025-01-21T21:30:53+00:00","dateModified":"2025-01-22T15:18:11+00:00","mainEntityOfPage":{"@id":"https:\/\/interamerica.org\/es\/2025\/01\/isla-de-papua-nueva-guinea-celebra-cien-anos-del-mensaje-adventista\/"},"wordCount":885,"image":{"@id":"https:\/\/interamerica.org\/es\/2025\/01\/isla-de-papua-nueva-guinea-celebra-cien-anos-del-mensaje-adventista\/#primaryimage"},"thumbnailUrl":"https:\/\/interamerica.org\/wp-content\/uploads\/2025\/01\/png1-1.jpeg","articleSection":["Desde la iglesia mundial","RSS Espa\u00f1ol"],"inLanguage":"es"},{"@type":"WebPage","@id":"https:\/\/interamerica.org\/es\/2025\/01\/isla-de-papua-nueva-guinea-celebra-cien-anos-del-mensaje-adventista\/","url":"https:\/\/interamerica.org\/es\/2025\/01\/isla-de-papua-nueva-guinea-celebra-cien-anos-del-mensaje-adventista\/","name":"Isla de Pap\u00faa Nueva Guinea celebra cien a\u00f1os del mensaje adventista - Iglesia Adventista del S\u00e9ptimo D\u00eda - Divisi\u00f3n Interamericana","isPartOf":{"@id":"https:\/\/interamerica.org\/es\/#website"},"primaryImageOfPage":{"@id":"https:\/\/interamerica.org\/es\/2025\/01\/isla-de-papua-nueva-guinea-celebra-cien-anos-del-mensaje-adventista\/#primaryimage"},"image":{"@id":"https:\/\/interamerica.org\/es\/2025\/01\/isla-de-papua-nueva-guinea-celebra-cien-anos-del-mensaje-adventista\/#primaryimage"},"thumbnailUrl":"https:\/\/interamerica.org\/wp-content\/uploads\/2025\/01\/png1-1.jpeg","datePublished":"2025-01-21T21:30:53+00:00","dateModified":"2025-01-22T15:18:11+00:00","author":{"@id":"https:\/\/interamerica.org\/es\/#\/schema\/person\/29998f2bc2d8bd0d38662909289b54f1"},"breadcrumb":{"@id":"https:\/\/interamerica.org\/es\/2025\/01\/isla-de-papua-nueva-guinea-celebra-cien-anos-del-mensaje-adventista\/#breadcrumb"},"inLanguage":"es","potentialAction":[{"@type":"ReadAction","target":["https:\/\/interamerica.org\/es\/2025\/01\/isla-de-papua-nueva-guinea-celebra-cien-anos-del-mensaje-adventista\/"]}]},{"@type":"ImageObject","inLanguage":"es","@id":"https:\/\/interamerica.org\/es\/2025\/01\/isla-de-papua-nueva-guinea-celebra-cien-anos-del-mensaje-adventista\/#primaryimage","url":"https:\/\/interamerica.org\/wp-content\/uploads\/2025\/01\/png1-1.jpeg","contentUrl":"https:\/\/interamerica.org\/wp-content\/uploads\/2025\/01\/png1-1.jpeg","width":1200,"height":675,"caption":"The gospel torch arrives at Inivus, Inus District, from Sirovai, Buin District, in Bougainville, Papua New Guinea. [Photo: Adventist Record]"},{"@type":"BreadcrumbList","@id":"https:\/\/interamerica.org\/es\/2025\/01\/isla-de-papua-nueva-guinea-celebra-cien-anos-del-mensaje-adventista\/#breadcrumb","itemListElement":[{"@type":"ListItem","position":1,"name":"Home","item":"https:\/\/interamerica.org\/es\/"},{"@type":"ListItem","position":2,"name":"Isla de Pap\u00faa Nueva Guinea celebra cien a\u00f1os del mensaje adventista"}]},{"@type":"WebSite","@id":"https:\/\/interamerica.org\/es\/#website","url":"https:\/\/interamerica.org\/es\/","name":"Iglesia Adventista del S\u00e9ptimo D\u00eda - Divisi\u00f3n Interamericana","description":"","potentialAction":[{"@type":"SearchAction","target":{"@type":"EntryPoint","urlTemplate":"https:\/\/interamerica.org\/es\/?s={search_term_string}"},"query-input":{"@type":"PropertyValueSpecification","valueRequired":true,"valueName":"search_term_string"}}],"inLanguage":"es"},{"@type":"Person","@id":"https:\/\/interamerica.org\/es\/#\/schema\/person\/29998f2bc2d8bd0d38662909289b54f1","name":"libna","image":{"@type":"ImageObject","inLanguage":"es","@id":"https:\/\/secure.gravatar.com\/avatar\/7c5bd30ae4b47a9ba3c856590957fd1d96dc588bf3ac05719d247e126840331f?s=96&d=mm&r=g","url":"https:\/\/secure.gravatar.com\/avatar\/7c5bd30ae4b47a9ba3c856590957fd1d96dc588bf3ac05719d247e126840331f?s=96&d=mm&r=g","contentUrl":"https:\/\/secure.gravatar.com\/avatar\/7c5bd30ae4b47a9ba3c856590957fd1d96dc588bf3ac05719d247e126840331f?s=96&d=mm&r=g","caption":"libna"}}]}},"_links":{"self":[{"href":"https:\/\/interamerica.org\/es\/wp-json\/wp\/v2\/posts\/124033","targetHints":{"allow":["GET"]}}],"collection":[{"href":"https:\/\/interamerica.org\/es\/wp-json\/wp\/v2\/posts"}],"about":[{"href":"https:\/\/interamerica.org\/es\/wp-json\/wp\/v2\/types\/post"}],"author":[{"embeddable":true,"href":"https:\/\/interamerica.org\/es\/wp-json\/wp\/v2\/users\/3"}],"replies":[{"embeddable":true,"href":"https:\/\/interamerica.org\/es\/wp-json\/wp\/v2\/comments?post=124033"}],"version-history":[{"count":0,"href":"https:\/\/interamerica.org\/es\/wp-json\/wp\/v2\/posts\/124033\/revisions"}],"wp:featuredmedia":[{"embeddable":true,"href":"https:\/\/interamerica.org\/es\/wp-json\/wp\/v2\/media\/124012"}],"wp:attachment":[{"href":"https:\/\/interamerica.org\/es\/wp-json\/wp\/v2\/media?parent=124033"}],"wp:term":[{"taxonomy":"category","embeddable":true,"href":"https:\/\/interamerica.org\/es\/wp-json\/wp\/v2\/categories?post=124033"},{"taxonomy":"post_tag","embeddable":true,"href":"https:\/\/interamerica.org\/es\/wp-json\/wp\/v2\/tags?post=124033"}],"curies":[{"name":"wp","href":"https:\/\/api.w.org\/{rel}","templated":true}]}}