{"id":124106,"date":"2025-01-23T10:49:03","date_gmt":"2025-01-23T15:49:03","guid":{"rendered":"https:\/\/interamerica.org\/?p=124106"},"modified":"2025-01-27T09:59:13","modified_gmt":"2025-01-27T14:59:13","slug":"entidades-colaborativas-adventistas-dan-prioridad-a-prestar-ayuda-a-residentes-del-sur-de-california","status":"publish","type":"post","link":"https:\/\/interamerica.org\/es\/2025\/01\/entidades-colaborativas-adventistas-dan-prioridad-a-prestar-ayuda-a-residentes-del-sur-de-california\/","title":{"rendered":"Entidades colaborativas adventistas dan prioridad a prestar ayuda a residentes del sur de California"},"content":{"rendered":"<p class=\"mt-2 font-serif text-theme-900 dark:text-white\/75\"><em>Se llevan a cabo conversaciones acerca de brindar apoyo de largo alcance para ayudar a proveer a los residentes alimentos, agua y medicamentos.<\/em><\/p>\n<div class=\"flex flex-wrap items-center font-sans md:flex-nowrap gap-2 text-xs md:gap-4 md:text-sm dark:text-theme-100 text-theme-500 mt-8\">\n<div class=\"font-medium\"><time class=\"flex items-center gap-2\" datetime=\"2025-01-20T07:00:00.000Z\">23 de enero de 2025 | <span class=\"pub_region font--secondary--s gray can-be--white\">Roseville, California, Estados Unidos<\/span> | Adventist Health<\/time><\/div>\n<\/div>\n<div>\n<p class=\"text-start text-sm lg:text-base font-normal\">Adventist Health Glendale y Adventist Health Global Mission se han asociado con la Asociaci\u00f3n del Sur de California y con la Iglesia Adventista del S\u00e9ptimo D\u00eda de Pasadena, a fin de comenzar a ofrecer ayuda (y esperanza) a los residentes de Altadena y Pasadena que se han visto afectados por los actuales incendios forestales. Las fases iniciales de respuesta dieron comienzo el 10 de enero y habr\u00e1n de continuar a trav\u00e9s de los meses venideros.<\/p>\n<p class=\"text-start text-sm lg:text-base font-normal\">Cinco camiones llenos de suministros donados fueron transportados desde Sacramento a la ciudad de Glendale por la compa\u00f1\u00eda HSD Trucking Inc., de Yuba City, bajo la organizaci\u00f3n de Kulwinder Lally, director de escaneo de Adventist Health Rideout. Los suministros, incluyendo purificadores de aire, Vitamin Water (marca de agua vitaminada), m\u00e1scaras N95 y fruta fresca, fueron distribuidos juntamente con otros suministros adicionales por parte de la Asociaci\u00f3n, incluyendo alimentos, agua, pa\u00f1ales y kits higi\u00e9nicos, en un evento llevado a cabo en el espacio del estacionamiento el 12 de enero.<\/p>\n<div id=\"attachment_124054\" style=\"width: 861px\" class=\"wp-caption aligncenter\"><img fetchpriority=\"high\" decoding=\"async\" aria-describedby=\"caption-attachment-124054\" class=\" wp-image-124052\" src=\"https:\/\/interamerica.org\/wp-content\/uploads\/2025\/01\/1-conference-distribution-area-1024x768.jpeg\" alt=\"\" width=\"851\" height=\"638\" srcset=\"https:\/\/interamerica.org\/wp-content\/uploads\/2025\/01\/1-conference-distribution-area-1024x768.jpeg 1024w, https:\/\/interamerica.org\/wp-content\/uploads\/2025\/01\/1-conference-distribution-area-300x225.jpeg 300w, https:\/\/interamerica.org\/wp-content\/uploads\/2025\/01\/1-conference-distribution-area-768x576.jpeg 768w, https:\/\/interamerica.org\/wp-content\/uploads\/2025\/01\/1-conference-distribution-area-1536x1152.jpeg 1536w, https:\/\/interamerica.org\/wp-content\/uploads\/2025\/01\/1-conference-distribution-area.jpeg 2048w\" sizes=\"(max-width: 851px) 100vw, 851px\" \/><p id=\"caption-attachment-124054\" class=\"wp-caption-text\">La Asociaci\u00f3n Sur de California reuni\u00f3 los suministros e invit\u00f3 a personas voluntarias de sus iglesias a distribuir los art\u00edculos el domingo 12 de enero de 2025. [Imagen provista por Adventist Health]<\/p><\/div>\n<p class=\"text-start text-sm lg:text-base font-normal\">La distribuci\u00f3n de art\u00edculos fue dirigida por Royal Harrison, vicepresidente ejecutivo y director de Servicios Adventistas a la Comunidad de dicha Asociaci\u00f3n. \u201cHa sido incre\u00edble el ver a nuestra comunidad reunirse en respuesta a esta crisis\u201d, dijo el director Harrison. \u201cNos sentimos profundamente agradecidos por el apoyo que han brindado y nosotros nos sentimos comprometidos a obtener los recursos para atender a las comunidades afectadas\u201d.<\/p>\n<p class=\"text-start text-sm lg:text-base font-normal\">Mark Witas, director de Misi\u00f3n y Cuidado Espiritual, de Adventist Health Glendale, encabez\u00f3 la labor de los capellanes del hospital en la prestaci\u00f3n de atenci\u00f3n emocional y espiritual en favor de las personas afectadas por los incendios. Dijo lo siguiente: \u201cAdventist Health Glendale se siente muy agradecido de poder estar aqu\u00ed para apoyar a nuestra comunidad. Cuando se nos presenta la oportunidad de hacernos presentes como lo estamos haciendo y ayudar a las personas que lo necesitan, es dif\u00edcil decir qui\u00e9nes en realidad son m\u00e1s bendecidos. Nuestra organizaci\u00f3n ha sido parte de la comunidad de Glendale por mucho tiempo y nos sentimos honrados en mostrar a aquellos que lo necesitan, que aqu\u00ed estamos cuando nos necesiten\u201d.<\/p>\n<div id=\"attachment_124057\" style=\"width: 843px\" class=\"wp-caption aligncenter\"><img decoding=\"async\" aria-describedby=\"caption-attachment-124057\" class=\" wp-image-124055\" src=\"https:\/\/interamerica.org\/wp-content\/uploads\/2025\/01\/tempimagem6a1kp-1024x768.jpg\" alt=\"\" width=\"833\" height=\"625\" srcset=\"https:\/\/interamerica.org\/wp-content\/uploads\/2025\/01\/tempimagem6a1kp-1024x768.jpg 1024w, https:\/\/interamerica.org\/wp-content\/uploads\/2025\/01\/tempimagem6a1kp-300x225.jpg 300w, https:\/\/interamerica.org\/wp-content\/uploads\/2025\/01\/tempimagem6a1kp-768x576.jpg 768w, https:\/\/interamerica.org\/wp-content\/uploads\/2025\/01\/tempimagem6a1kp-1536x1152.jpg 1536w, https:\/\/interamerica.org\/wp-content\/uploads\/2025\/01\/tempimagem6a1kp-2048x1536.jpg 2048w\" sizes=\"(max-width: 833px) 100vw, 833px\" \/><p id=\"caption-attachment-124057\" class=\"wp-caption-text\">Voluntarios en el evento patrocinado por la Asociaci\u00f3n, incluyen (de izquierda a derecha), Alex Lalin, asistente de administraci\u00f3n, Misi\u00f3n y Atenci\u00f3n Espiritual de Adventist Health White Memorial; Surisaday Almodovar-Belen, capell\u00e1n residente en Adventist Health Glendale; Jahdiel Matos, capell\u00e1n del personal en Adventist Health Glendale; Mark Witas, director de Misi\u00f3n y Atenci\u00f3n Espiritual en Adventist Health Glendale; Royal Harrison, vicepresidente ejecutivo y director de Servicios Adventistas a la Comunidad de la Asociaci\u00f3n del Sur de California de los Adventistas del S\u00e9ptimo D\u00eda; Danny Chan, secretario ejecutivo de la Asociaci\u00f3n del Sur de California y John Schroer, director de Global Mission System para Adventist Health. [Imagen provista por Adventist Health]<\/p><\/div>\n<p class=\"text-start text-sm lg:text-base font-normal\">Se llevan a cabo conversaciones acerca de brindar apoyo a largo plazo, con el plan de que voluntarios locales se desplacen hasta donde se encuentran los residentes que carecen de servicios y suministros, a fin de ayudarles proveyendo alimentos, agua y medicamentos. Un env\u00edo de ropa nueva, incluyendo calcetas, calcetines y sudaderas con capucha, est\u00e1 programado para arribar esta semana, el cual ser\u00e1 distribuido a trav\u00e9s de la Iglesia Adventista Pasadena, por raz\u00f3n de su cercana proximidad a las familias afectadas. En colaboraci\u00f3n con la iglesia, Adventist Health est\u00e1 apoyando con un centro m\u00e9dico que estar\u00e1 proveyendo servicios durante los siguientes 9 a 12 meses.<\/p>\n<p class=\"text-start text-sm lg:text-base font-normal\">Adem\u00e1s, Adventist Health Glendale ha provisto el uso de 10 apartamentos no amueblados, para personas que han sido evacuadas de sus residencias; y World Vision ha donado muebles nuevos para tales apartamentos. Las familias van a comenzar a mudarse a los tales durante la semana siguiente.<\/p>\n<div id=\"attachment_124060\" style=\"width: 840px\" class=\"wp-caption aligncenter\"><img decoding=\"async\" aria-describedby=\"caption-attachment-124060\" class=\" wp-image-124058\" src=\"https:\/\/interamerica.org\/wp-content\/uploads\/2025\/01\/tempimagep1d9fu-1024x768.jpg\" alt=\"\" width=\"830\" height=\"623\" srcset=\"https:\/\/interamerica.org\/wp-content\/uploads\/2025\/01\/tempimagep1d9fu-1024x768.jpg 1024w, https:\/\/interamerica.org\/wp-content\/uploads\/2025\/01\/tempimagep1d9fu-300x225.jpg 300w, https:\/\/interamerica.org\/wp-content\/uploads\/2025\/01\/tempimagep1d9fu-768x576.jpg 768w, https:\/\/interamerica.org\/wp-content\/uploads\/2025\/01\/tempimagep1d9fu-1536x1152.jpg 1536w, https:\/\/interamerica.org\/wp-content\/uploads\/2025\/01\/tempimagep1d9fu-2048x1536.jpg 2048w\" sizes=\"(max-width: 830px) 100vw, 830px\" \/><p id=\"caption-attachment-124060\" class=\"wp-caption-text\">John Schroer organiza art\u00edculos donados en la zona de distribuci\u00f3n. [Imagen provista por Adventist Health]<\/p><\/div>\n<p class=\"text-start text-sm lg:text-base font-normal\">\u201cEs alentador el poder hacer algo para ayudar a nuestros vecinos y, en el proceso, consolidar alianzas de colaboraci\u00f3n con nuestra incre\u00edble comunidad de Glendale\u201d, dijo Elizabeth LaBorde, presidenta de Adventist Health Glendale Foundation. \u201cGrandes cosas est\u00e1n ocurriendo en nuestra comunidad aun en medio de todo este dolor\u201d.<\/p>\n<p class=\"text-start text-sm lg:text-base font-normal\">\u201cUna enorme medida de esperanza y sanidad va a ser necesaria en el Sur de California durante los meses siguientes\u201d, dijo John Schroer, quien dirige Global Mission System en Adventist Health. \u201cPero en tiempos de desastre y desaliento, los seres humanos se hacen presentes para ayudarse unos a otros. Eso es lo que hacemos. Este desastre es una oportunidad para que nos conectemos en un plano humano y para darle a Dios la gloria por crear dentro de nosotros este deseo inherente de ayudarnos unos a otros. En momentos como este, cuando nos extendemos hacia los dem\u00e1s y damos de vuelta, descubrimos que necesitamos llenar nuestra copa y llenar la de aquellos que est\u00e1n sufriendo\u201d.<\/p>\n<p><em class=\"italic\">El <\/em><em class=\"italic\"><a class=\"break-words text-theme-500 hover:text-theme-700 dark:text-theme-100 dark:hover:text-theme-300 hover:underline inline-flex items-center gap-[0.25em] text-theme-500 underline dark:text-theme-300\" href=\"https:\/\/www.nadadventist.org\/news\/adventist-partnerships-prioritize-relief-southern-california-residents\" target=\"_blank\" rel=\"noopener\">art\u00edculo original <\/a><\/em><em class=\"italic\"> lo public\u00f3 la Divisi\u00f3n Norteamericana en su <\/em><em class=\"italic\"><a class=\"break-words text-theme-500 hover:text-theme-700 dark:text-theme-100 dark:hover:text-theme-300 hover:underline inline-flex items-center gap-[0.25em] text-theme-500 underline dark:text-theme-300\" href=\"https:\/\/www.nadadventist.org\/\" target=\"_blank\" rel=\"noopener\">sitio web<\/a><\/em><em class=\"italic\">.<\/em><\/p>\n<\/div>\n<p>Traducci\u00f3n \u2013 Gloria A. Castrej\u00f3n<\/p>\n","protected":false},"excerpt":{"rendered":"<p>Se llevan a cabo conversaciones acerca de brindar apoyo de largo alcance para ayudar a proveer a los residentes alimentos, agua y medicamentos. 23 de enero de 2025 | Roseville,&#8230;<\/p>\n","protected":false},"author":3,"featured_media":124054,"comment_status":"closed","ping_status":"closed","sticky":false,"template":"","format":"standard","meta":{"_acf_changed":false,"footnotes":""},"categories":[14,15],"tags":[],"class_list":["post-124106","post","type-post","status-publish","format-standard","has-post-thumbnail","hentry","category-de-la-iglesia-mundial","category-rss-espanol"],"acf":[],"yoast_head":"<!-- This site is optimized with the Yoast SEO plugin v27.3 - https:\/\/yoast.com\/product\/yoast-seo-wordpress\/ -->\n<title>Entidades colaborativas adventistas dan prioridad a prestar ayuda a residentes del sur de California - Iglesia Adventista del S\u00e9ptimo D\u00eda - Divisi\u00f3n Interamericana<\/title>\n<meta name=\"robots\" content=\"index, follow, max-snippet:-1, max-image-preview:large, max-video-preview:-1\" \/>\n<link rel=\"canonical\" href=\"https:\/\/interamerica.org\/es\/2025\/01\/entidades-colaborativas-adventistas-dan-prioridad-a-prestar-ayuda-a-residentes-del-sur-de-california\/\" \/>\n<meta property=\"og:locale\" content=\"es_ES\" \/>\n<meta property=\"og:type\" content=\"article\" \/>\n<meta property=\"og:title\" content=\"Entidades colaborativas adventistas dan prioridad a prestar ayuda a residentes del sur de California - Iglesia Adventista del S\u00e9ptimo D\u00eda - Divisi\u00f3n Interamericana\" \/>\n<meta property=\"og:description\" content=\"Se llevan a cabo conversaciones acerca de brindar apoyo de largo alcance para ayudar a proveer a los residentes alimentos, agua y medicamentos. 23 de enero de 2025 | Roseville,...\" \/>\n<meta property=\"og:url\" content=\"https:\/\/interamerica.org\/es\/2025\/01\/entidades-colaborativas-adventistas-dan-prioridad-a-prestar-ayuda-a-residentes-del-sur-de-california\/\" \/>\n<meta property=\"og:site_name\" content=\"Iglesia Adventista del S\u00e9ptimo D\u00eda - Divisi\u00f3n Interamericana\" \/>\n<meta property=\"article:published_time\" content=\"2025-01-23T15:49:03+00:00\" \/>\n<meta property=\"article:modified_time\" content=\"2025-01-27T14:59:13+00:00\" \/>\n<meta property=\"og:image\" content=\"https:\/\/interamerica.org\/wp-content\/uploads\/2025\/01\/1-conference-distribution-area.jpeg\" \/>\n\t<meta property=\"og:image:width\" content=\"2048\" \/>\n\t<meta property=\"og:image:height\" content=\"1536\" \/>\n\t<meta property=\"og:image:type\" content=\"image\/jpeg\" \/>\n<meta name=\"author\" content=\"libna\" \/>\n<meta name=\"twitter:card\" content=\"summary_large_image\" \/>\n<meta name=\"twitter:label1\" content=\"Escrito por\" \/>\n\t<meta name=\"twitter:data1\" content=\"libna\" \/>\n\t<meta name=\"twitter:label2\" content=\"Tiempo de lectura\" \/>\n\t<meta name=\"twitter:data2\" content=\"5 minutos\" \/>\n<script type=\"application\/ld+json\" class=\"yoast-schema-graph\">{\"@context\":\"https:\\\/\\\/schema.org\",\"@graph\":[{\"@type\":\"Article\",\"@id\":\"https:\\\/\\\/interamerica.org\\\/es\\\/2025\\\/01\\\/entidades-colaborativas-adventistas-dan-prioridad-a-prestar-ayuda-a-residentes-del-sur-de-california\\\/#article\",\"isPartOf\":{\"@id\":\"https:\\\/\\\/interamerica.org\\\/es\\\/2025\\\/01\\\/entidades-colaborativas-adventistas-dan-prioridad-a-prestar-ayuda-a-residentes-del-sur-de-california\\\/\"},\"author\":{\"name\":\"libna\",\"@id\":\"https:\\\/\\\/interamerica.org\\\/es\\\/#\\\/schema\\\/person\\\/29998f2bc2d8bd0d38662909289b54f1\"},\"headline\":\"Entidades colaborativas adventistas dan prioridad a prestar ayuda a residentes del sur de California\",\"datePublished\":\"2025-01-23T15:49:03+00:00\",\"dateModified\":\"2025-01-27T14:59:13+00:00\",\"mainEntityOfPage\":{\"@id\":\"https:\\\/\\\/interamerica.org\\\/es\\\/2025\\\/01\\\/entidades-colaborativas-adventistas-dan-prioridad-a-prestar-ayuda-a-residentes-del-sur-de-california\\\/\"},\"wordCount\":942,\"image\":{\"@id\":\"https:\\\/\\\/interamerica.org\\\/es\\\/2025\\\/01\\\/entidades-colaborativas-adventistas-dan-prioridad-a-prestar-ayuda-a-residentes-del-sur-de-california\\\/#primaryimage\"},\"thumbnailUrl\":\"https:\\\/\\\/interamerica.org\\\/wp-content\\\/uploads\\\/2025\\\/01\\\/1-conference-distribution-area.jpeg\",\"articleSection\":[\"Desde la iglesia mundial\",\"RSS Espa\u00f1ol\"],\"inLanguage\":\"es\"},{\"@type\":\"WebPage\",\"@id\":\"https:\\\/\\\/interamerica.org\\\/es\\\/2025\\\/01\\\/entidades-colaborativas-adventistas-dan-prioridad-a-prestar-ayuda-a-residentes-del-sur-de-california\\\/\",\"url\":\"https:\\\/\\\/interamerica.org\\\/es\\\/2025\\\/01\\\/entidades-colaborativas-adventistas-dan-prioridad-a-prestar-ayuda-a-residentes-del-sur-de-california\\\/\",\"name\":\"Entidades colaborativas adventistas dan prioridad a prestar ayuda a residentes del sur de California - Iglesia Adventista del S\u00e9ptimo D\u00eda - Divisi\u00f3n Interamericana\",\"isPartOf\":{\"@id\":\"https:\\\/\\\/interamerica.org\\\/es\\\/#website\"},\"primaryImageOfPage\":{\"@id\":\"https:\\\/\\\/interamerica.org\\\/es\\\/2025\\\/01\\\/entidades-colaborativas-adventistas-dan-prioridad-a-prestar-ayuda-a-residentes-del-sur-de-california\\\/#primaryimage\"},\"image\":{\"@id\":\"https:\\\/\\\/interamerica.org\\\/es\\\/2025\\\/01\\\/entidades-colaborativas-adventistas-dan-prioridad-a-prestar-ayuda-a-residentes-del-sur-de-california\\\/#primaryimage\"},\"thumbnailUrl\":\"https:\\\/\\\/interamerica.org\\\/wp-content\\\/uploads\\\/2025\\\/01\\\/1-conference-distribution-area.jpeg\",\"datePublished\":\"2025-01-23T15:49:03+00:00\",\"dateModified\":\"2025-01-27T14:59:13+00:00\",\"author\":{\"@id\":\"https:\\\/\\\/interamerica.org\\\/es\\\/#\\\/schema\\\/person\\\/29998f2bc2d8bd0d38662909289b54f1\"},\"breadcrumb\":{\"@id\":\"https:\\\/\\\/interamerica.org\\\/es\\\/2025\\\/01\\\/entidades-colaborativas-adventistas-dan-prioridad-a-prestar-ayuda-a-residentes-del-sur-de-california\\\/#breadcrumb\"},\"inLanguage\":\"es\",\"potentialAction\":[{\"@type\":\"ReadAction\",\"target\":[\"https:\\\/\\\/interamerica.org\\\/es\\\/2025\\\/01\\\/entidades-colaborativas-adventistas-dan-prioridad-a-prestar-ayuda-a-residentes-del-sur-de-california\\\/\"]}]},{\"@type\":\"ImageObject\",\"inLanguage\":\"es\",\"@id\":\"https:\\\/\\\/interamerica.org\\\/es\\\/2025\\\/01\\\/entidades-colaborativas-adventistas-dan-prioridad-a-prestar-ayuda-a-residentes-del-sur-de-california\\\/#primaryimage\",\"url\":\"https:\\\/\\\/interamerica.org\\\/wp-content\\\/uploads\\\/2025\\\/01\\\/1-conference-distribution-area.jpeg\",\"contentUrl\":\"https:\\\/\\\/interamerica.org\\\/wp-content\\\/uploads\\\/2025\\\/01\\\/1-conference-distribution-area.jpeg\",\"width\":2048,\"height\":1536,\"caption\":\"The Southern California Conference gathered supplies and invited volunteers from their churches to distribute items at an event on Sunday, Jan. 12, 2025. [Photo provided by Adventist Health]\"},{\"@type\":\"BreadcrumbList\",\"@id\":\"https:\\\/\\\/interamerica.org\\\/es\\\/2025\\\/01\\\/entidades-colaborativas-adventistas-dan-prioridad-a-prestar-ayuda-a-residentes-del-sur-de-california\\\/#breadcrumb\",\"itemListElement\":[{\"@type\":\"ListItem\",\"position\":1,\"name\":\"Home\",\"item\":\"https:\\\/\\\/interamerica.org\\\/es\\\/\"},{\"@type\":\"ListItem\",\"position\":2,\"name\":\"Entidades colaborativas adventistas dan prioridad a prestar ayuda a residentes del sur de California\"}]},{\"@type\":\"WebSite\",\"@id\":\"https:\\\/\\\/interamerica.org\\\/es\\\/#website\",\"url\":\"https:\\\/\\\/interamerica.org\\\/es\\\/\",\"name\":\"Iglesia Adventista del S\u00e9ptimo D\u00eda - Divisi\u00f3n Interamericana\",\"description\":\"\",\"potentialAction\":[{\"@type\":\"SearchAction\",\"target\":{\"@type\":\"EntryPoint\",\"urlTemplate\":\"https:\\\/\\\/interamerica.org\\\/es\\\/?s={search_term_string}\"},\"query-input\":{\"@type\":\"PropertyValueSpecification\",\"valueRequired\":true,\"valueName\":\"search_term_string\"}}],\"inLanguage\":\"es\"},{\"@type\":\"Person\",\"@id\":\"https:\\\/\\\/interamerica.org\\\/es\\\/#\\\/schema\\\/person\\\/29998f2bc2d8bd0d38662909289b54f1\",\"name\":\"libna\",\"image\":{\"@type\":\"ImageObject\",\"inLanguage\":\"es\",\"@id\":\"https:\\\/\\\/secure.gravatar.com\\\/avatar\\\/7c5bd30ae4b47a9ba3c856590957fd1d96dc588bf3ac05719d247e126840331f?s=96&d=mm&r=g\",\"url\":\"https:\\\/\\\/secure.gravatar.com\\\/avatar\\\/7c5bd30ae4b47a9ba3c856590957fd1d96dc588bf3ac05719d247e126840331f?s=96&d=mm&r=g\",\"contentUrl\":\"https:\\\/\\\/secure.gravatar.com\\\/avatar\\\/7c5bd30ae4b47a9ba3c856590957fd1d96dc588bf3ac05719d247e126840331f?s=96&d=mm&r=g\",\"caption\":\"libna\"}}]}<\/script>\n<!-- \/ Yoast SEO plugin. -->","yoast_head_json":{"title":"Entidades colaborativas adventistas dan prioridad a prestar ayuda a residentes del sur de California - Iglesia Adventista del S\u00e9ptimo D\u00eda - Divisi\u00f3n Interamericana","robots":{"index":"index","follow":"follow","max-snippet":"max-snippet:-1","max-image-preview":"max-image-preview:large","max-video-preview":"max-video-preview:-1"},"canonical":"https:\/\/interamerica.org\/es\/2025\/01\/entidades-colaborativas-adventistas-dan-prioridad-a-prestar-ayuda-a-residentes-del-sur-de-california\/","og_locale":"es_ES","og_type":"article","og_title":"Entidades colaborativas adventistas dan prioridad a prestar ayuda a residentes del sur de California - Iglesia Adventista del S\u00e9ptimo D\u00eda - Divisi\u00f3n Interamericana","og_description":"Se llevan a cabo conversaciones acerca de brindar apoyo de largo alcance para ayudar a proveer a los residentes alimentos, agua y medicamentos. 23 de enero de 2025 | Roseville,...","og_url":"https:\/\/interamerica.org\/es\/2025\/01\/entidades-colaborativas-adventistas-dan-prioridad-a-prestar-ayuda-a-residentes-del-sur-de-california\/","og_site_name":"Iglesia Adventista del S\u00e9ptimo D\u00eda - Divisi\u00f3n Interamericana","article_published_time":"2025-01-23T15:49:03+00:00","article_modified_time":"2025-01-27T14:59:13+00:00","og_image":[{"width":2048,"height":1536,"url":"https:\/\/interamerica.org\/wp-content\/uploads\/2025\/01\/1-conference-distribution-area.jpeg","type":"image\/jpeg"}],"author":"libna","twitter_card":"summary_large_image","twitter_misc":{"Escrito por":"libna","Tiempo de lectura":"5 minutos"},"schema":{"@context":"https:\/\/schema.org","@graph":[{"@type":"Article","@id":"https:\/\/interamerica.org\/es\/2025\/01\/entidades-colaborativas-adventistas-dan-prioridad-a-prestar-ayuda-a-residentes-del-sur-de-california\/#article","isPartOf":{"@id":"https:\/\/interamerica.org\/es\/2025\/01\/entidades-colaborativas-adventistas-dan-prioridad-a-prestar-ayuda-a-residentes-del-sur-de-california\/"},"author":{"name":"libna","@id":"https:\/\/interamerica.org\/es\/#\/schema\/person\/29998f2bc2d8bd0d38662909289b54f1"},"headline":"Entidades colaborativas adventistas dan prioridad a prestar ayuda a residentes del sur de California","datePublished":"2025-01-23T15:49:03+00:00","dateModified":"2025-01-27T14:59:13+00:00","mainEntityOfPage":{"@id":"https:\/\/interamerica.org\/es\/2025\/01\/entidades-colaborativas-adventistas-dan-prioridad-a-prestar-ayuda-a-residentes-del-sur-de-california\/"},"wordCount":942,"image":{"@id":"https:\/\/interamerica.org\/es\/2025\/01\/entidades-colaborativas-adventistas-dan-prioridad-a-prestar-ayuda-a-residentes-del-sur-de-california\/#primaryimage"},"thumbnailUrl":"https:\/\/interamerica.org\/wp-content\/uploads\/2025\/01\/1-conference-distribution-area.jpeg","articleSection":["Desde la iglesia mundial","RSS Espa\u00f1ol"],"inLanguage":"es"},{"@type":"WebPage","@id":"https:\/\/interamerica.org\/es\/2025\/01\/entidades-colaborativas-adventistas-dan-prioridad-a-prestar-ayuda-a-residentes-del-sur-de-california\/","url":"https:\/\/interamerica.org\/es\/2025\/01\/entidades-colaborativas-adventistas-dan-prioridad-a-prestar-ayuda-a-residentes-del-sur-de-california\/","name":"Entidades colaborativas adventistas dan prioridad a prestar ayuda a residentes del sur de California - Iglesia Adventista del S\u00e9ptimo D\u00eda - Divisi\u00f3n Interamericana","isPartOf":{"@id":"https:\/\/interamerica.org\/es\/#website"},"primaryImageOfPage":{"@id":"https:\/\/interamerica.org\/es\/2025\/01\/entidades-colaborativas-adventistas-dan-prioridad-a-prestar-ayuda-a-residentes-del-sur-de-california\/#primaryimage"},"image":{"@id":"https:\/\/interamerica.org\/es\/2025\/01\/entidades-colaborativas-adventistas-dan-prioridad-a-prestar-ayuda-a-residentes-del-sur-de-california\/#primaryimage"},"thumbnailUrl":"https:\/\/interamerica.org\/wp-content\/uploads\/2025\/01\/1-conference-distribution-area.jpeg","datePublished":"2025-01-23T15:49:03+00:00","dateModified":"2025-01-27T14:59:13+00:00","author":{"@id":"https:\/\/interamerica.org\/es\/#\/schema\/person\/29998f2bc2d8bd0d38662909289b54f1"},"breadcrumb":{"@id":"https:\/\/interamerica.org\/es\/2025\/01\/entidades-colaborativas-adventistas-dan-prioridad-a-prestar-ayuda-a-residentes-del-sur-de-california\/#breadcrumb"},"inLanguage":"es","potentialAction":[{"@type":"ReadAction","target":["https:\/\/interamerica.org\/es\/2025\/01\/entidades-colaborativas-adventistas-dan-prioridad-a-prestar-ayuda-a-residentes-del-sur-de-california\/"]}]},{"@type":"ImageObject","inLanguage":"es","@id":"https:\/\/interamerica.org\/es\/2025\/01\/entidades-colaborativas-adventistas-dan-prioridad-a-prestar-ayuda-a-residentes-del-sur-de-california\/#primaryimage","url":"https:\/\/interamerica.org\/wp-content\/uploads\/2025\/01\/1-conference-distribution-area.jpeg","contentUrl":"https:\/\/interamerica.org\/wp-content\/uploads\/2025\/01\/1-conference-distribution-area.jpeg","width":2048,"height":1536,"caption":"The Southern California Conference gathered supplies and invited volunteers from their churches to distribute items at an event on Sunday, Jan. 12, 2025. [Photo provided by Adventist Health]"},{"@type":"BreadcrumbList","@id":"https:\/\/interamerica.org\/es\/2025\/01\/entidades-colaborativas-adventistas-dan-prioridad-a-prestar-ayuda-a-residentes-del-sur-de-california\/#breadcrumb","itemListElement":[{"@type":"ListItem","position":1,"name":"Home","item":"https:\/\/interamerica.org\/es\/"},{"@type":"ListItem","position":2,"name":"Entidades colaborativas adventistas dan prioridad a prestar ayuda a residentes del sur de California"}]},{"@type":"WebSite","@id":"https:\/\/interamerica.org\/es\/#website","url":"https:\/\/interamerica.org\/es\/","name":"Iglesia Adventista del S\u00e9ptimo D\u00eda - Divisi\u00f3n Interamericana","description":"","potentialAction":[{"@type":"SearchAction","target":{"@type":"EntryPoint","urlTemplate":"https:\/\/interamerica.org\/es\/?s={search_term_string}"},"query-input":{"@type":"PropertyValueSpecification","valueRequired":true,"valueName":"search_term_string"}}],"inLanguage":"es"},{"@type":"Person","@id":"https:\/\/interamerica.org\/es\/#\/schema\/person\/29998f2bc2d8bd0d38662909289b54f1","name":"libna","image":{"@type":"ImageObject","inLanguage":"es","@id":"https:\/\/secure.gravatar.com\/avatar\/7c5bd30ae4b47a9ba3c856590957fd1d96dc588bf3ac05719d247e126840331f?s=96&d=mm&r=g","url":"https:\/\/secure.gravatar.com\/avatar\/7c5bd30ae4b47a9ba3c856590957fd1d96dc588bf3ac05719d247e126840331f?s=96&d=mm&r=g","contentUrl":"https:\/\/secure.gravatar.com\/avatar\/7c5bd30ae4b47a9ba3c856590957fd1d96dc588bf3ac05719d247e126840331f?s=96&d=mm&r=g","caption":"libna"}}]}},"_links":{"self":[{"href":"https:\/\/interamerica.org\/es\/wp-json\/wp\/v2\/posts\/124106","targetHints":{"allow":["GET"]}}],"collection":[{"href":"https:\/\/interamerica.org\/es\/wp-json\/wp\/v2\/posts"}],"about":[{"href":"https:\/\/interamerica.org\/es\/wp-json\/wp\/v2\/types\/post"}],"author":[{"embeddable":true,"href":"https:\/\/interamerica.org\/es\/wp-json\/wp\/v2\/users\/3"}],"replies":[{"embeddable":true,"href":"https:\/\/interamerica.org\/es\/wp-json\/wp\/v2\/comments?post=124106"}],"version-history":[{"count":0,"href":"https:\/\/interamerica.org\/es\/wp-json\/wp\/v2\/posts\/124106\/revisions"}],"wp:featuredmedia":[{"embeddable":true,"href":"https:\/\/interamerica.org\/es\/wp-json\/wp\/v2\/media\/124054"}],"wp:attachment":[{"href":"https:\/\/interamerica.org\/es\/wp-json\/wp\/v2\/media?parent=124106"}],"wp:term":[{"taxonomy":"category","embeddable":true,"href":"https:\/\/interamerica.org\/es\/wp-json\/wp\/v2\/categories?post=124106"},{"taxonomy":"post_tag","embeddable":true,"href":"https:\/\/interamerica.org\/es\/wp-json\/wp\/v2\/tags?post=124106"}],"curies":[{"name":"wp","href":"https:\/\/api.w.org\/{rel}","templated":true}]}}