{"id":124140,"date":"2025-01-26T19:32:02","date_gmt":"2025-01-27T00:32:02","guid":{"rendered":"https:\/\/interamerica.org\/?p=124140"},"modified":"2025-01-27T09:59:58","modified_gmt":"2025-01-27T14:59:58","slug":"despues-del-cese-al-fuego-adra-intensifica-su-ayuda-para-combatir-el-hambre-en-gaza","status":"publish","type":"post","link":"https:\/\/interamerica.org\/es\/2025\/01\/despues-del-cese-al-fuego-adra-intensifica-su-ayuda-para-combatir-el-hambre-en-gaza\/","title":{"rendered":"Despu\u00e9s del cese al fuego, ADRA intensifica su ayuda para combatir el hambre en Gaza"},"content":{"rendered":"<div id=\"attachment_124129\" style=\"width: 869px\" class=\"wp-caption aligncenter\"><img fetchpriority=\"high\" decoding=\"async\" aria-describedby=\"caption-attachment-124129\" class=\" wp-image-124127\" src=\"https:\/\/interamerica.org\/wp-content\/uploads\/2025\/01\/adra-1-3-1024x596.jpeg\" alt=\"\" width=\"859\" height=\"500\" srcset=\"https:\/\/interamerica.org\/wp-content\/uploads\/2025\/01\/adra-1-3-1024x596.jpeg 1024w, https:\/\/interamerica.org\/wp-content\/uploads\/2025\/01\/adra-1-3-300x175.jpeg 300w, https:\/\/interamerica.org\/wp-content\/uploads\/2025\/01\/adra-1-3-768x447.jpeg 768w, https:\/\/interamerica.org\/wp-content\/uploads\/2025\/01\/adra-1-3-1536x894.jpeg 1536w, https:\/\/interamerica.org\/wp-content\/uploads\/2025\/01\/adra-1-3.jpeg 1560w\" sizes=\"(max-width: 859px) 100vw, 859px\" \/><p id=\"caption-attachment-124129\" class=\"wp-caption-text\">ADRA est\u00e1 lanzando una campa\u00f1a de recaudaci\u00f3n de fondos monetarios y colaborando con socios confiables para proveer ayuda alimentaria inmediata en apoyo a tantas familias como sea posible. [Imagen: Anera]<\/p><\/div>\n<p class=\"c-post-header__subtitle\"><em>La agencia ha dado un paso adelante para ayudar a comunidades vulnerables. <\/em><\/p>\n<p>26 de enero de 2025 | Silver Spring, Maryland, Estados Unidos | Iris Argueta, Agencia Adventista de Desarrollo y Recursos Asistenciales<\/p>\n<p>La Agencia Adventista de Desarrollo y Recursos Asistenciales (ADRA) est\u00e1 poniendo en marcha programa de ayuda vital para apoyar a comunidades en Gaza, despu\u00e9s del reciente acuerdo entre Israel y Hamas de cese al fuego. La regi\u00f3n se ha visto devastada por largos meses de conflicto que han dado como resultado la p\u00e9rdida generalizada de vidas humanas, incontables lesiones y millones de personas desplazadas de su hogares.<\/p>\n<p>Aunque el cese al fuego ha abierto temporariamente el acceso de ayuda humanitaria a Gaza, los recursos m\u00e1s esenciales, tales como alimento, agua potable, art\u00edculos de higiene y alojamiento, siguen siendo muy escasos. De acuerdo con los informes de la ONU, m\u00e1s del 70 por ciento de la poblaci\u00f3n se enfrenta a la hambruna y m\u00e1s del 30 por ciento de los ni\u00f1os de menos de dos a\u00f1os sufren de malnutrici\u00f3n aguda. En respuesta, ADRA est\u00e1 lanzando una campa\u00f1a de recaudaci\u00f3n de fondos monetarios y colaborando con otros socios confiables a fin de proveer ayuda alimentaria inmediata y proporcionar alimento diario para combatir la escalada en la crisis de hambruna y apoyar a cuantas familias sea posible.<\/p>\n<p><div id=\"attachment_124132\" style=\"width: 858px\" class=\"wp-caption aligncenter\"><img decoding=\"async\" aria-describedby=\"caption-attachment-124132\" class=\" wp-image-124130\" src=\"https:\/\/interamerica.org\/wp-content\/uploads\/2025\/01\/adra-2-1-1024x592.jpeg\" alt=\"\" width=\"848\" height=\"490\" srcset=\"https:\/\/interamerica.org\/wp-content\/uploads\/2025\/01\/adra-2-1-1024x592.jpeg 1024w, https:\/\/interamerica.org\/wp-content\/uploads\/2025\/01\/adra-2-1-300x173.jpeg 300w, https:\/\/interamerica.org\/wp-content\/uploads\/2025\/01\/adra-2-1-768x444.jpeg 768w, https:\/\/interamerica.org\/wp-content\/uploads\/2025\/01\/adra-2-1.jpeg 1536w\" sizes=\"(max-width: 848px) 100vw, 848px\" \/><p id=\"caption-attachment-124132\" class=\"wp-caption-text\">En Gaza, los recursos esenciales, tales como alimentos, agua potable, art\u00edculos de higiene y alojamiento, siguen siendo muy escasos, dijeron los directivos de ADRA. [Imagen: Anera]<\/p><\/div>\u201cADRA se siente profundamente comprometida a apoyar a la gente de Gaza en su necesidad urgente. Con el cese al fuego ofreciendo un rayo de esperanza, nosotros permanecemos firmes en nuestra misi\u00f3n de proporcionar alivio y ayuda alimentaria de emergencia a las familias, ni\u00f1os y comunidades que luchan por su sobrevivencia. En este tiempo de inimaginable penuria, ADRA est\u00e1 aqu\u00ed para ofrecer esperanza e iniciar el proceso de reconstruir vidas. Mantengamos a la gente de Gaza y a esa regi\u00f3n en nuestro coraz\u00f3n y en nuestras oraciones\u201d, dijo el vicepresidente para asuntos humanitarios de ADRA Internacional, Imad Madanat. \u201cJuntos podemos restaurar el bienestar y la dignidad de aquellos que han perdido tanto\u201d.<\/p>\n<h3 class=\"wp-block-heading\"><strong> Respuesta de ADRA a Gaza en 2024 <\/strong><\/h3>\n<p>En 2024, ADRA se asoci\u00f3 con la organizaci\u00f3n sin fines de lucro, Anera, en el lanzamiento del Proyecto Alimentario de Emergencia en Gaza, proporcionando cr\u00edtica ayuda alimentaria a cerca de 30,000 personas en algunas de las zonas de conflicto m\u00e1s afectadas. Este esfuerzo proporcion\u00f3 m\u00e1s de 28,500 comidas calientes a trav\u00e9s de comedores colectivos en el norte de Gaza, distribuy\u00f3 kits de art\u00edculos esenciales de higiene, a fin de prevenir enfermedades y entreg\u00f3 m\u00e1s de 7,300 paquetes de alimentos conteniendo productos b\u00e1sicos, tales como aceite de cocina, papas y especias locales de condimentaci\u00f3n.<\/p>\n<p>A partir de este proyecto exitoso, la nueva campa\u00f1a de recopilaci\u00f3n de fondos para Gaza, de la agencia ADRA, intensificar\u00e1 sus esfuerzos para ampliar la ayuda humanitaria y para apoyar a todav\u00eda m\u00e1s familias que experimentan urgentes necesidades.<\/p>\n<div id=\"attachment_124135\" style=\"width: 864px\" class=\"wp-caption aligncenter\"><img decoding=\"async\" aria-describedby=\"caption-attachment-124135\" class=\" wp-image-124133\" src=\"https:\/\/interamerica.org\/wp-content\/uploads\/2025\/01\/adra-3-2.jpeg\" alt=\"\" width=\"854\" height=\"581\" srcset=\"https:\/\/interamerica.org\/wp-content\/uploads\/2025\/01\/adra-3-2.jpeg 952w, https:\/\/interamerica.org\/wp-content\/uploads\/2025\/01\/adra-3-2-300x204.jpeg 300w, https:\/\/interamerica.org\/wp-content\/uploads\/2025\/01\/adra-3-2-768x523.jpeg 768w\" sizes=\"(max-width: 854px) 100vw, 854px\" \/><p id=\"caption-attachment-124135\" class=\"wp-caption-text\">En 2024, a trav\u00e9s de los esfuerzos unidos de ADRA y Anera, los ni\u00f1os y familias desplazadas en Gaza, recibieron una comida diaria, proveyendo con ello una muy necesitada nutrici\u00f3n y alivio en medio del conflicto. [Imagen: Anera]<\/p><\/div>\n<h3 class=\"wp-block-heading\"><strong>Formas de ayudar<\/strong><\/h3>\n<p>La agencia ADRA est\u00e1 procurando reunir por lo menos US$ 100,000 para poder enviar sustento esencial a aquellos afectados por esta cat\u00e1strofe en curso, Cada comida representa un vislumbre de esperanza para las familias, ni\u00f1os e individuos que deben sufrir estas inimaginables penurias. Una donaci\u00f3n de cualquier cantidad puede tener un impacto vital en la vida de las personas: $40 d\u00f3lares puede ayudar a alimentar a 10 personas; $100 d\u00f3lares ayuda a alimentar a 25 personas y $400 d\u00f3lares ayuda a alimentar a 100, dijeron los dirigentes de la agencia.<\/p>\n<p>ADRA invita a las personas, comunidades, negocios y organizaciones, a prestar su apoyo a este urgente esfuerzo de ayuda humanitaria. \u201cDona hoy y ayuda a manifestar c\u00f3mo es el amor en acci\u00f3n\u201d, dijo la agencia.<\/p>\n<p><em>La <\/em><a href=\"https:\/\/adra.org\/gaza-ceasefire-adra-ramps-up-aid-to-combat-hunger-and-aid-vulnerable-communities\" target=\"_blank\" rel=\"noopener\"><em>versi\u00f3n original<\/em><\/a><em> de esta noticia la public\u00f3 la <\/em><a href=\"https:\/\/adra.org\/\" target=\"_blank\" rel=\"noopener\"><em>Agencia Adventista de Desarrollo y Recursos Asistenciales<\/em><\/a><em>.<\/em><\/p>\n<p>Traducci\u00f3n \u2013 Gloria A. Castrej\u00f3n<\/p>\n","protected":false},"excerpt":{"rendered":"<p>La agencia ha dado un paso adelante para ayudar a comunidades vulnerables. 26 de enero de 2025 | Silver Spring, Maryland, Estados Unidos | Iris Argueta, Agencia Adventista de Desarrollo&#8230;<\/p>\n","protected":false},"author":3,"featured_media":124129,"comment_status":"closed","ping_status":"closed","sticky":false,"template":"","format":"standard","meta":{"_acf_changed":false,"footnotes":""},"categories":[14,15],"tags":[],"class_list":["post-124140","post","type-post","status-publish","format-standard","has-post-thumbnail","hentry","category-de-la-iglesia-mundial","category-rss-espanol"],"acf":[],"yoast_head":"<!-- This site is optimized with the Yoast SEO plugin v27.3 - https:\/\/yoast.com\/product\/yoast-seo-wordpress\/ -->\n<title>Despu\u00e9s del cese al fuego, ADRA intensifica su ayuda para combatir el hambre en Gaza - Iglesia Adventista del S\u00e9ptimo D\u00eda - Divisi\u00f3n Interamericana<\/title>\n<meta name=\"robots\" content=\"index, follow, max-snippet:-1, max-image-preview:large, max-video-preview:-1\" \/>\n<link rel=\"canonical\" href=\"https:\/\/interamerica.org\/es\/2025\/01\/despues-del-cese-al-fuego-adra-intensifica-su-ayuda-para-combatir-el-hambre-en-gaza\/\" \/>\n<meta property=\"og:locale\" content=\"es_ES\" \/>\n<meta property=\"og:type\" content=\"article\" \/>\n<meta property=\"og:title\" content=\"Despu\u00e9s del cese al fuego, ADRA intensifica su ayuda para combatir el hambre en Gaza - Iglesia Adventista del S\u00e9ptimo D\u00eda - Divisi\u00f3n Interamericana\" \/>\n<meta property=\"og:description\" content=\"La agencia ha dado un paso adelante para ayudar a comunidades vulnerables. 26 de enero de 2025 | Silver Spring, Maryland, Estados Unidos | Iris Argueta, Agencia Adventista de Desarrollo...\" \/>\n<meta property=\"og:url\" content=\"https:\/\/interamerica.org\/es\/2025\/01\/despues-del-cese-al-fuego-adra-intensifica-su-ayuda-para-combatir-el-hambre-en-gaza\/\" \/>\n<meta property=\"og:site_name\" content=\"Iglesia Adventista del S\u00e9ptimo D\u00eda - Divisi\u00f3n Interamericana\" \/>\n<meta property=\"article:published_time\" content=\"2025-01-27T00:32:02+00:00\" \/>\n<meta property=\"article:modified_time\" content=\"2025-01-27T14:59:58+00:00\" \/>\n<meta property=\"og:image\" content=\"https:\/\/interamerica.org\/wp-content\/uploads\/2025\/01\/adra-1-3.jpeg\" \/>\n\t<meta property=\"og:image:width\" content=\"1560\" \/>\n\t<meta property=\"og:image:height\" content=\"908\" \/>\n\t<meta property=\"og:image:type\" content=\"image\/jpeg\" \/>\n<meta name=\"author\" content=\"libna\" \/>\n<meta name=\"twitter:card\" content=\"summary_large_image\" \/>\n<meta name=\"twitter:label1\" content=\"Escrito por\" \/>\n\t<meta name=\"twitter:data1\" content=\"libna\" \/>\n\t<meta name=\"twitter:label2\" content=\"Tiempo de lectura\" \/>\n\t<meta name=\"twitter:data2\" content=\"4 minutos\" \/>\n<script type=\"application\/ld+json\" class=\"yoast-schema-graph\">{\"@context\":\"https:\\\/\\\/schema.org\",\"@graph\":[{\"@type\":\"Article\",\"@id\":\"https:\\\/\\\/interamerica.org\\\/es\\\/2025\\\/01\\\/despues-del-cese-al-fuego-adra-intensifica-su-ayuda-para-combatir-el-hambre-en-gaza\\\/#article\",\"isPartOf\":{\"@id\":\"https:\\\/\\\/interamerica.org\\\/es\\\/2025\\\/01\\\/despues-del-cese-al-fuego-adra-intensifica-su-ayuda-para-combatir-el-hambre-en-gaza\\\/\"},\"author\":{\"name\":\"libna\",\"@id\":\"https:\\\/\\\/interamerica.org\\\/es\\\/#\\\/schema\\\/person\\\/29998f2bc2d8bd0d38662909289b54f1\"},\"headline\":\"Despu\u00e9s del cese al fuego, ADRA intensifica su ayuda para combatir el hambre en Gaza\",\"datePublished\":\"2025-01-27T00:32:02+00:00\",\"dateModified\":\"2025-01-27T14:59:58+00:00\",\"mainEntityOfPage\":{\"@id\":\"https:\\\/\\\/interamerica.org\\\/es\\\/2025\\\/01\\\/despues-del-cese-al-fuego-adra-intensifica-su-ayuda-para-combatir-el-hambre-en-gaza\\\/\"},\"wordCount\":774,\"image\":{\"@id\":\"https:\\\/\\\/interamerica.org\\\/es\\\/2025\\\/01\\\/despues-del-cese-al-fuego-adra-intensifica-su-ayuda-para-combatir-el-hambre-en-gaza\\\/#primaryimage\"},\"thumbnailUrl\":\"https:\\\/\\\/interamerica.org\\\/wp-content\\\/uploads\\\/2025\\\/01\\\/adra-1-3.jpeg\",\"articleSection\":[\"Desde la iglesia mundial\",\"RSS Espa\u00f1ol\"],\"inLanguage\":\"es\"},{\"@type\":\"WebPage\",\"@id\":\"https:\\\/\\\/interamerica.org\\\/es\\\/2025\\\/01\\\/despues-del-cese-al-fuego-adra-intensifica-su-ayuda-para-combatir-el-hambre-en-gaza\\\/\",\"url\":\"https:\\\/\\\/interamerica.org\\\/es\\\/2025\\\/01\\\/despues-del-cese-al-fuego-adra-intensifica-su-ayuda-para-combatir-el-hambre-en-gaza\\\/\",\"name\":\"Despu\u00e9s del cese al fuego, ADRA intensifica su ayuda para combatir el hambre en Gaza - Iglesia Adventista del S\u00e9ptimo D\u00eda - Divisi\u00f3n Interamericana\",\"isPartOf\":{\"@id\":\"https:\\\/\\\/interamerica.org\\\/es\\\/#website\"},\"primaryImageOfPage\":{\"@id\":\"https:\\\/\\\/interamerica.org\\\/es\\\/2025\\\/01\\\/despues-del-cese-al-fuego-adra-intensifica-su-ayuda-para-combatir-el-hambre-en-gaza\\\/#primaryimage\"},\"image\":{\"@id\":\"https:\\\/\\\/interamerica.org\\\/es\\\/2025\\\/01\\\/despues-del-cese-al-fuego-adra-intensifica-su-ayuda-para-combatir-el-hambre-en-gaza\\\/#primaryimage\"},\"thumbnailUrl\":\"https:\\\/\\\/interamerica.org\\\/wp-content\\\/uploads\\\/2025\\\/01\\\/adra-1-3.jpeg\",\"datePublished\":\"2025-01-27T00:32:02+00:00\",\"dateModified\":\"2025-01-27T14:59:58+00:00\",\"author\":{\"@id\":\"https:\\\/\\\/interamerica.org\\\/es\\\/#\\\/schema\\\/person\\\/29998f2bc2d8bd0d38662909289b54f1\"},\"breadcrumb\":{\"@id\":\"https:\\\/\\\/interamerica.org\\\/es\\\/2025\\\/01\\\/despues-del-cese-al-fuego-adra-intensifica-su-ayuda-para-combatir-el-hambre-en-gaza\\\/#breadcrumb\"},\"inLanguage\":\"es\",\"potentialAction\":[{\"@type\":\"ReadAction\",\"target\":[\"https:\\\/\\\/interamerica.org\\\/es\\\/2025\\\/01\\\/despues-del-cese-al-fuego-adra-intensifica-su-ayuda-para-combatir-el-hambre-en-gaza\\\/\"]}]},{\"@type\":\"ImageObject\",\"inLanguage\":\"es\",\"@id\":\"https:\\\/\\\/interamerica.org\\\/es\\\/2025\\\/01\\\/despues-del-cese-al-fuego-adra-intensifica-su-ayuda-para-combatir-el-hambre-en-gaza\\\/#primaryimage\",\"url\":\"https:\\\/\\\/interamerica.org\\\/wp-content\\\/uploads\\\/2025\\\/01\\\/adra-1-3.jpeg\",\"contentUrl\":\"https:\\\/\\\/interamerica.org\\\/wp-content\\\/uploads\\\/2025\\\/01\\\/adra-1-3.jpeg\",\"width\":1560,\"height\":908,\"caption\":\"ADRA is launching a fundraising campaign and collaborating with trusted partners to provide immediate food assistance to support as many families as possible. [Photo: Anera]\"},{\"@type\":\"BreadcrumbList\",\"@id\":\"https:\\\/\\\/interamerica.org\\\/es\\\/2025\\\/01\\\/despues-del-cese-al-fuego-adra-intensifica-su-ayuda-para-combatir-el-hambre-en-gaza\\\/#breadcrumb\",\"itemListElement\":[{\"@type\":\"ListItem\",\"position\":1,\"name\":\"Home\",\"item\":\"https:\\\/\\\/interamerica.org\\\/es\\\/\"},{\"@type\":\"ListItem\",\"position\":2,\"name\":\"Despu\u00e9s del cese al fuego, ADRA intensifica su ayuda para combatir el hambre en Gaza\"}]},{\"@type\":\"WebSite\",\"@id\":\"https:\\\/\\\/interamerica.org\\\/es\\\/#website\",\"url\":\"https:\\\/\\\/interamerica.org\\\/es\\\/\",\"name\":\"Iglesia Adventista del S\u00e9ptimo D\u00eda - Divisi\u00f3n Interamericana\",\"description\":\"\",\"potentialAction\":[{\"@type\":\"SearchAction\",\"target\":{\"@type\":\"EntryPoint\",\"urlTemplate\":\"https:\\\/\\\/interamerica.org\\\/es\\\/?s={search_term_string}\"},\"query-input\":{\"@type\":\"PropertyValueSpecification\",\"valueRequired\":true,\"valueName\":\"search_term_string\"}}],\"inLanguage\":\"es\"},{\"@type\":\"Person\",\"@id\":\"https:\\\/\\\/interamerica.org\\\/es\\\/#\\\/schema\\\/person\\\/29998f2bc2d8bd0d38662909289b54f1\",\"name\":\"libna\",\"image\":{\"@type\":\"ImageObject\",\"inLanguage\":\"es\",\"@id\":\"https:\\\/\\\/secure.gravatar.com\\\/avatar\\\/7c5bd30ae4b47a9ba3c856590957fd1d96dc588bf3ac05719d247e126840331f?s=96&d=mm&r=g\",\"url\":\"https:\\\/\\\/secure.gravatar.com\\\/avatar\\\/7c5bd30ae4b47a9ba3c856590957fd1d96dc588bf3ac05719d247e126840331f?s=96&d=mm&r=g\",\"contentUrl\":\"https:\\\/\\\/secure.gravatar.com\\\/avatar\\\/7c5bd30ae4b47a9ba3c856590957fd1d96dc588bf3ac05719d247e126840331f?s=96&d=mm&r=g\",\"caption\":\"libna\"}}]}<\/script>\n<!-- \/ Yoast SEO plugin. -->","yoast_head_json":{"title":"Despu\u00e9s del cese al fuego, ADRA intensifica su ayuda para combatir el hambre en Gaza - Iglesia Adventista del S\u00e9ptimo D\u00eda - Divisi\u00f3n Interamericana","robots":{"index":"index","follow":"follow","max-snippet":"max-snippet:-1","max-image-preview":"max-image-preview:large","max-video-preview":"max-video-preview:-1"},"canonical":"https:\/\/interamerica.org\/es\/2025\/01\/despues-del-cese-al-fuego-adra-intensifica-su-ayuda-para-combatir-el-hambre-en-gaza\/","og_locale":"es_ES","og_type":"article","og_title":"Despu\u00e9s del cese al fuego, ADRA intensifica su ayuda para combatir el hambre en Gaza - Iglesia Adventista del S\u00e9ptimo D\u00eda - Divisi\u00f3n Interamericana","og_description":"La agencia ha dado un paso adelante para ayudar a comunidades vulnerables. 26 de enero de 2025 | Silver Spring, Maryland, Estados Unidos | Iris Argueta, Agencia Adventista de Desarrollo...","og_url":"https:\/\/interamerica.org\/es\/2025\/01\/despues-del-cese-al-fuego-adra-intensifica-su-ayuda-para-combatir-el-hambre-en-gaza\/","og_site_name":"Iglesia Adventista del S\u00e9ptimo D\u00eda - Divisi\u00f3n Interamericana","article_published_time":"2025-01-27T00:32:02+00:00","article_modified_time":"2025-01-27T14:59:58+00:00","og_image":[{"width":1560,"height":908,"url":"https:\/\/interamerica.org\/wp-content\/uploads\/2025\/01\/adra-1-3.jpeg","type":"image\/jpeg"}],"author":"libna","twitter_card":"summary_large_image","twitter_misc":{"Escrito por":"libna","Tiempo de lectura":"4 minutos"},"schema":{"@context":"https:\/\/schema.org","@graph":[{"@type":"Article","@id":"https:\/\/interamerica.org\/es\/2025\/01\/despues-del-cese-al-fuego-adra-intensifica-su-ayuda-para-combatir-el-hambre-en-gaza\/#article","isPartOf":{"@id":"https:\/\/interamerica.org\/es\/2025\/01\/despues-del-cese-al-fuego-adra-intensifica-su-ayuda-para-combatir-el-hambre-en-gaza\/"},"author":{"name":"libna","@id":"https:\/\/interamerica.org\/es\/#\/schema\/person\/29998f2bc2d8bd0d38662909289b54f1"},"headline":"Despu\u00e9s del cese al fuego, ADRA intensifica su ayuda para combatir el hambre en Gaza","datePublished":"2025-01-27T00:32:02+00:00","dateModified":"2025-01-27T14:59:58+00:00","mainEntityOfPage":{"@id":"https:\/\/interamerica.org\/es\/2025\/01\/despues-del-cese-al-fuego-adra-intensifica-su-ayuda-para-combatir-el-hambre-en-gaza\/"},"wordCount":774,"image":{"@id":"https:\/\/interamerica.org\/es\/2025\/01\/despues-del-cese-al-fuego-adra-intensifica-su-ayuda-para-combatir-el-hambre-en-gaza\/#primaryimage"},"thumbnailUrl":"https:\/\/interamerica.org\/wp-content\/uploads\/2025\/01\/adra-1-3.jpeg","articleSection":["Desde la iglesia mundial","RSS Espa\u00f1ol"],"inLanguage":"es"},{"@type":"WebPage","@id":"https:\/\/interamerica.org\/es\/2025\/01\/despues-del-cese-al-fuego-adra-intensifica-su-ayuda-para-combatir-el-hambre-en-gaza\/","url":"https:\/\/interamerica.org\/es\/2025\/01\/despues-del-cese-al-fuego-adra-intensifica-su-ayuda-para-combatir-el-hambre-en-gaza\/","name":"Despu\u00e9s del cese al fuego, ADRA intensifica su ayuda para combatir el hambre en Gaza - Iglesia Adventista del S\u00e9ptimo D\u00eda - Divisi\u00f3n Interamericana","isPartOf":{"@id":"https:\/\/interamerica.org\/es\/#website"},"primaryImageOfPage":{"@id":"https:\/\/interamerica.org\/es\/2025\/01\/despues-del-cese-al-fuego-adra-intensifica-su-ayuda-para-combatir-el-hambre-en-gaza\/#primaryimage"},"image":{"@id":"https:\/\/interamerica.org\/es\/2025\/01\/despues-del-cese-al-fuego-adra-intensifica-su-ayuda-para-combatir-el-hambre-en-gaza\/#primaryimage"},"thumbnailUrl":"https:\/\/interamerica.org\/wp-content\/uploads\/2025\/01\/adra-1-3.jpeg","datePublished":"2025-01-27T00:32:02+00:00","dateModified":"2025-01-27T14:59:58+00:00","author":{"@id":"https:\/\/interamerica.org\/es\/#\/schema\/person\/29998f2bc2d8bd0d38662909289b54f1"},"breadcrumb":{"@id":"https:\/\/interamerica.org\/es\/2025\/01\/despues-del-cese-al-fuego-adra-intensifica-su-ayuda-para-combatir-el-hambre-en-gaza\/#breadcrumb"},"inLanguage":"es","potentialAction":[{"@type":"ReadAction","target":["https:\/\/interamerica.org\/es\/2025\/01\/despues-del-cese-al-fuego-adra-intensifica-su-ayuda-para-combatir-el-hambre-en-gaza\/"]}]},{"@type":"ImageObject","inLanguage":"es","@id":"https:\/\/interamerica.org\/es\/2025\/01\/despues-del-cese-al-fuego-adra-intensifica-su-ayuda-para-combatir-el-hambre-en-gaza\/#primaryimage","url":"https:\/\/interamerica.org\/wp-content\/uploads\/2025\/01\/adra-1-3.jpeg","contentUrl":"https:\/\/interamerica.org\/wp-content\/uploads\/2025\/01\/adra-1-3.jpeg","width":1560,"height":908,"caption":"ADRA is launching a fundraising campaign and collaborating with trusted partners to provide immediate food assistance to support as many families as possible. [Photo: Anera]"},{"@type":"BreadcrumbList","@id":"https:\/\/interamerica.org\/es\/2025\/01\/despues-del-cese-al-fuego-adra-intensifica-su-ayuda-para-combatir-el-hambre-en-gaza\/#breadcrumb","itemListElement":[{"@type":"ListItem","position":1,"name":"Home","item":"https:\/\/interamerica.org\/es\/"},{"@type":"ListItem","position":2,"name":"Despu\u00e9s del cese al fuego, ADRA intensifica su ayuda para combatir el hambre en Gaza"}]},{"@type":"WebSite","@id":"https:\/\/interamerica.org\/es\/#website","url":"https:\/\/interamerica.org\/es\/","name":"Iglesia Adventista del S\u00e9ptimo D\u00eda - Divisi\u00f3n Interamericana","description":"","potentialAction":[{"@type":"SearchAction","target":{"@type":"EntryPoint","urlTemplate":"https:\/\/interamerica.org\/es\/?s={search_term_string}"},"query-input":{"@type":"PropertyValueSpecification","valueRequired":true,"valueName":"search_term_string"}}],"inLanguage":"es"},{"@type":"Person","@id":"https:\/\/interamerica.org\/es\/#\/schema\/person\/29998f2bc2d8bd0d38662909289b54f1","name":"libna","image":{"@type":"ImageObject","inLanguage":"es","@id":"https:\/\/secure.gravatar.com\/avatar\/7c5bd30ae4b47a9ba3c856590957fd1d96dc588bf3ac05719d247e126840331f?s=96&d=mm&r=g","url":"https:\/\/secure.gravatar.com\/avatar\/7c5bd30ae4b47a9ba3c856590957fd1d96dc588bf3ac05719d247e126840331f?s=96&d=mm&r=g","contentUrl":"https:\/\/secure.gravatar.com\/avatar\/7c5bd30ae4b47a9ba3c856590957fd1d96dc588bf3ac05719d247e126840331f?s=96&d=mm&r=g","caption":"libna"}}]}},"_links":{"self":[{"href":"https:\/\/interamerica.org\/es\/wp-json\/wp\/v2\/posts\/124140","targetHints":{"allow":["GET"]}}],"collection":[{"href":"https:\/\/interamerica.org\/es\/wp-json\/wp\/v2\/posts"}],"about":[{"href":"https:\/\/interamerica.org\/es\/wp-json\/wp\/v2\/types\/post"}],"author":[{"embeddable":true,"href":"https:\/\/interamerica.org\/es\/wp-json\/wp\/v2\/users\/3"}],"replies":[{"embeddable":true,"href":"https:\/\/interamerica.org\/es\/wp-json\/wp\/v2\/comments?post=124140"}],"version-history":[{"count":0,"href":"https:\/\/interamerica.org\/es\/wp-json\/wp\/v2\/posts\/124140\/revisions"}],"wp:featuredmedia":[{"embeddable":true,"href":"https:\/\/interamerica.org\/es\/wp-json\/wp\/v2\/media\/124129"}],"wp:attachment":[{"href":"https:\/\/interamerica.org\/es\/wp-json\/wp\/v2\/media?parent=124140"}],"wp:term":[{"taxonomy":"category","embeddable":true,"href":"https:\/\/interamerica.org\/es\/wp-json\/wp\/v2\/categories?post=124140"},{"taxonomy":"post_tag","embeddable":true,"href":"https:\/\/interamerica.org\/es\/wp-json\/wp\/v2\/tags?post=124140"}],"curies":[{"name":"wp","href":"https:\/\/api.w.org\/{rel}","templated":true}]}}