{"id":124479,"date":"2025-01-28T20:06:57","date_gmt":"2025-01-29T01:06:57","guid":{"rendered":"https:\/\/interamerica.org\/?p=124479"},"modified":"2025-01-29T14:01:50","modified_gmt":"2025-01-29T19:01:50","slug":"reciente-libro-de-john-peckham-incluido-en-los-premios-a-libros-2024-de-christianity-today","status":"publish","type":"post","link":"https:\/\/interamerica.org\/es\/2025\/01\/reciente-libro-de-john-peckham-incluido-en-los-premios-a-libros-2024-de-christianity-today\/","title":{"rendered":"Reciente libro de John Peckham incluido en los Premios a Libros 2024 de Christianity Today"},"content":{"rendered":"<p class=\"c-post-header__subtitle\"><em>Why We Pray (Por qu\u00e9 oramos), un libro escrito por el profesor y editor asociado de Adventist Review, establece una conexi\u00f3n entre la oraci\u00f3n y el conflicto c\u00f3smico. <\/em><\/p>\n<p>28 de enero de 2025 | Silver Spring, Maryland, Estados Unidos | Andrew Francis, Andrews University News, <em>Adventist Review<\/em><\/p>\n<p>El libro <em>Why We Pray: Understanding Prayer in the Context of Cosmic Conflict<\/em> (Por qu\u00e9 oramos: Comprensi\u00f3n de la oraci\u00f3n en el contexto del conflicto c\u00f3smico), escrito por John Peckham, director asociado de la <em>Adventist Review <\/em>y profesor investigador de teolog\u00eda y filosof\u00eda cristiana en la Universidad Andrews, fue reconocido recientemente como una de las obras cumbre de teolog\u00eda acad\u00e9mica en los Libros Premiados 2024 de <em>Christianity Today <\/em>. En su libro, el profesor Peckham encara muchas de las complejas y complicadas interrogantes en torno a la oraci\u00f3n y la comunicaci\u00f3n con Dios. Aunque fue escrito para el entorno acad\u00e9mico, <em>Why We Pray<\/em> fue escrito intencionalmente para ser accesible a todos los que est\u00e1n interesados en asuntos de teolog\u00eda.<\/p>\n<p><em>Why We Pray<\/em> responde a varias interrogantes relacionadas con la oraci\u00f3n, desde una perspectiva b\u00edblica e incorpora algunas percepciones de su obra previa <em>Theodicy of Love: Cosmic Conflict and the Problem of Evil<\/em> Teodicea del amor: Conflicto c\u00f3smico y el problema del mal) <em>Why We Pray<\/em> se divide en seis secciones que se refieren a diferentes aspectos de la oraci\u00f3n. El autor Peckham discute la necesidad de la oraci\u00f3n de petici\u00f3n o s\u00faplica, comprendiendo al Dios al que las personas oran el Padrenuestro, las reglas y problemas potenciales que podr\u00edan encontrarse con tales oraciones de petici\u00f3n o s\u00faplica, las oraciones aparentemente no contestadas y el orar cuando Dios pareciera permanecer oculto.<\/p>\n<p><div id=\"attachment_124388\" style=\"width: 863px\" class=\"wp-caption aligncenter\"><img fetchpriority=\"high\" decoding=\"async\" aria-describedby=\"caption-attachment-124388\" class=\" wp-image-124386\" src=\"https:\/\/interamerica.org\/wp-content\/uploads\/2025\/01\/john-peckham.png\" alt=\"\" width=\"853\" height=\"568\" srcset=\"https:\/\/interamerica.org\/wp-content\/uploads\/2025\/01\/john-peckham.png 600w, https:\/\/interamerica.org\/wp-content\/uploads\/2025\/01\/john-peckham-300x200.png 300w\" sizes=\"(max-width: 853px) 100vw, 853px\" \/><p id=\"caption-attachment-124388\" class=\"wp-caption-text\">John Peckham es un editor asociado de la Adventist Review y profesor investigador de teolog\u00eda y filosof\u00eda cristiana en la Universidad Andrews. [Imagen cortes\u00eda de John Peckham]<\/p><\/div>El autor Peckham dio a conocer que aunque cubri\u00f3 brevemente algunos de estos temas en su libro previo,<em>Divine Attributes: Knowing the Covenantal God of Scripture<\/em> (Atributos divinos: Conociendo al Dios pactante de las Escrituras), algunos de sus estudiantes lo motivaron a explorar m\u00e1s profundamente el tema de la oraci\u00f3n. \u201cHabl\u00e9 un poquito acerca de ello en una clase y me vivieron algunas ideas\u201d, dijo el autor Peckham. \u201cMe gustar\u00eda hacer alg\u00fan trabajo sobre el as\u00ed llamado problema de la oraci\u00f3n de petici\u00f3n, porque hay muchas personas que tienen preguntas sobre c\u00f3mo obra la oraci\u00f3n\u201d.<\/p>\n<p>El autor Peckham a\u00f1ade que ha contemplado desde su infancia las complejidades de las oraciones. \u201cFui un \u201cPK\u201d, un hijo de pastor\u201d, dijo. \u201cPuedo recordar a personas orando porque Dios sanara a una persona enferma. \u2018Por favor, Se\u00f1or, sana a esta persona si es tu voluntad\u2019. Y recuerdo haber pensado,<em>Bueno, \u00bfpor qu\u00e9 no ser\u00eda la voluntad de Dios sanar a su siervo?<\/em><\/p>\n<p>Aunque tom\u00f3 alg\u00fan tiempo, el autor Peckham lleg\u00f3 a una mejor comprensi\u00f3n de la providencia de Dios y de la forma como se comunica con la gente. Esta comprensi\u00f3n lo motiv\u00f3 a compartir su conocimiento y consejo con los dem\u00e1s. Y aclara \u201cHa sido publicado [como un libro acad\u00e9mico]; pero trat\u00e9 de escribirlo en tal forma que cualquier estudiante o persona laica fuera capaz de leerlo, de entenderlo y de captar su contenido\u201d.<\/p>\n<p>El autor se funda en su carrera en teolog\u00eda y academia. Recibi\u00f3 su maestr\u00eda en divinidades y su doctorado en teolog\u00eda sistem\u00e1tica del Seminario Teol\u00f3gico Adventista del S\u00e9ptimo D\u00eda de la Universidad Andrews. Prest\u00f3 sus servicios como pastor en la Asociaci\u00f3n de Indiana y ense\u00f1\u00f3 en la Universidad Adventista Southwestern antes de incorporarse nuevamente a la Universidad Andrews como miembro de la facultad en el seminario, en 2013. Desde entonces, ha recibido muchos reconocimientos a la excelencia en su ense\u00f1anza e investigaci\u00f3n. El autor Peckham es adem\u00e1s el principal contribuidor este trimestre a la <em> Gu\u00eda de Estudio B\u00edblico para Adultos<\/em> de la iglesia mundial adventista del s\u00e9ptimo d\u00eda y presta sus servicios actualmente como editor asociado de la <em>Adventist Review<\/em>.<\/p>\n<p><div id=\"attachment_124391\" style=\"width: 1034px\" class=\"wp-caption aligncenter\"><img decoding=\"async\" aria-describedby=\"caption-attachment-124391\" class=\"size-large wp-image-124389\" src=\"https:\/\/interamerica.org\/wp-content\/uploads\/2025\/01\/john-peckham-untitled-2-1-1024x512.png\" alt=\"\" width=\"1024\" height=\"512\" srcset=\"https:\/\/interamerica.org\/wp-content\/uploads\/2025\/01\/john-peckham-untitled-2-1-1024x512.png 1024w, https:\/\/interamerica.org\/wp-content\/uploads\/2025\/01\/john-peckham-untitled-2-1-300x150.png 300w, https:\/\/interamerica.org\/wp-content\/uploads\/2025\/01\/john-peckham-untitled-2-1-768x384.png 768w, https:\/\/interamerica.org\/wp-content\/uploads\/2025\/01\/john-peckham-untitled-2-1.png 1500w\" sizes=\"(max-width: 1024px) 100vw, 1024px\" \/><p id=\"caption-attachment-124391\" class=\"wp-caption-text\">Why We Pray (Por qu\u00e9 oramos) fue reconocida como una de las obras cumbre en teolog\u00eda acad\u00e9mica en los Book Awards (Premios a libros) 2024 de Christianity Today. [Imagen: Baker Academic]<\/p><\/div>El autor Peckham se sorprendi\u00f3 cuando fueron anunciados los Premios a Libros de<em>Christianity Today <\/em>. \u201cLo supe el d\u00eda que se public\u00f3 la lista en su p\u00e1gina web\u201d, dijo. \u201cEs un gran honor y un privilegio. Los Premios a Libros de <em>Christianity Today <\/em> se encuentran entre los m\u00e1s, si no los m\u00e1s prestigiosos premios a libros que uno puede recibir en el \u00e1mbito de teolog\u00eda. As\u00ed que el hecho de que hayan nominado mi libro como finalista de libro acad\u00e9mico de teolog\u00eda, es algo que recibo con humildad, con mucho aprecio y es algo en gran medida alentador\u201d.<\/p>\n<p>El autor Peckham tiene ya planes para su pr\u00f3ximo libro con Baker Academic, que se publicar\u00e1 en 2026. \u201cEs acerca del ministerio de Jes\u00fas como nuestro sumo sacerdote y el contexto del conflicto c\u00f3smico\u201d, dijo. El autor tiene tambi\u00e9n planificados varios otros proyectos de trabajos m\u00e1s peque\u00f1os, adem\u00e1s de sus continuas responsabilidades de ense\u00f1anza.<\/p>\n<p>Para ver un extracto de<em>Why We Pray<\/em> y adquirir el libro completo, visite la p\u00e1gina web de Baker Academic <a href=\"https:\/\/bakeracademic.com\/p\/Why-We-Pray-John-C-Peckham\/553613\" target=\"_blank\" rel=\"noopener\">Para ver la lista de personas finalistas y para enterarse m\u00e1s acerca de los Book Awards de <em>Christianity Today <\/em>, lea en la revista <\/a><a href=\"https:\/\/www.christianitytoday.com\/2024\/12\/christianity-today-book-awards-2024\/\" target=\"_blank\" rel=\"noopener\">el art\u00edculo acerca de esto<\/a><a href=\"https:\/\/bakeracademic.com\/p\/Why-We-Pray-John-C-Peckham\/553613\" target=\"_blank\" rel=\"noopener\">.<\/a><\/p>\n<p>Fundada en 1874, la Universidad Andrews es una instituci\u00f3n de educaci\u00f3n superior de la Iglesia Adventista del S\u00e9ptimo D\u00eda. Su campus principal se encuentra en Berrien Springs, M\u00edchigan.<\/p>\n<p><em>La <\/em><a href=\"https:\/\/www.andrews.edu\/agenda\/66864\/\" target=\"_blank\" rel=\"noopener\"><em>versi\u00f3n original<\/em><\/a><em> de esta noticia la public\u00f3 la <\/em><a href=\"https:\/\/www.andrews.edu\/\" target=\"_blank\" rel=\"noopener\"><em>Universidad Andrews<\/em><\/a><em>.<\/em><\/p>\n<p>Traducci\u00f3n \u2013 Gloria A Castrej\u00f3n<\/p>\n","protected":false},"excerpt":{"rendered":"<p>Why We Pray (Por qu\u00e9 oramos), un libro escrito por el profesor y editor asociado de Adventist Review, establece una conexi\u00f3n entre la oraci\u00f3n y el conflicto c\u00f3smico. 28 de&#8230;<\/p>\n","protected":false},"author":3,"featured_media":124388,"comment_status":"closed","ping_status":"closed","sticky":false,"template":"","format":"standard","meta":{"_acf_changed":false,"footnotes":""},"categories":[14,15],"tags":[],"class_list":["post-124479","post","type-post","status-publish","format-standard","has-post-thumbnail","hentry","category-de-la-iglesia-mundial","category-rss-espanol"],"acf":[],"yoast_head":"<!-- This site is optimized with the Yoast SEO plugin v27.3 - https:\/\/yoast.com\/product\/yoast-seo-wordpress\/ -->\n<title>Reciente libro de John Peckham incluido en los Premios a Libros 2024 de Christianity Today - Iglesia Adventista del S\u00e9ptimo D\u00eda - Divisi\u00f3n Interamericana<\/title>\n<meta name=\"robots\" content=\"index, follow, max-snippet:-1, max-image-preview:large, max-video-preview:-1\" \/>\n<link rel=\"canonical\" href=\"https:\/\/interamerica.org\/es\/2025\/01\/reciente-libro-de-john-peckham-incluido-en-los-premios-a-libros-2024-de-christianity-today\/\" \/>\n<meta property=\"og:locale\" content=\"es_ES\" \/>\n<meta property=\"og:type\" content=\"article\" \/>\n<meta property=\"og:title\" content=\"Reciente libro de John Peckham incluido en los Premios a Libros 2024 de Christianity Today - Iglesia Adventista del S\u00e9ptimo D\u00eda - Divisi\u00f3n Interamericana\" \/>\n<meta property=\"og:description\" content=\"Why We Pray (Por qu\u00e9 oramos), un libro escrito por el profesor y editor asociado de Adventist Review, establece una conexi\u00f3n entre la oraci\u00f3n y el conflicto c\u00f3smico. 28 de...\" \/>\n<meta property=\"og:url\" content=\"https:\/\/interamerica.org\/es\/2025\/01\/reciente-libro-de-john-peckham-incluido-en-los-premios-a-libros-2024-de-christianity-today\/\" \/>\n<meta property=\"og:site_name\" content=\"Iglesia Adventista del S\u00e9ptimo D\u00eda - Divisi\u00f3n Interamericana\" \/>\n<meta property=\"article:published_time\" content=\"2025-01-29T01:06:57+00:00\" \/>\n<meta property=\"article:modified_time\" content=\"2025-01-29T19:01:50+00:00\" \/>\n<meta property=\"og:image\" content=\"https:\/\/interamerica.org\/wp-content\/uploads\/2025\/01\/john-peckham.png\" \/>\n\t<meta property=\"og:image:width\" content=\"600\" \/>\n\t<meta property=\"og:image:height\" content=\"400\" \/>\n\t<meta property=\"og:image:type\" content=\"image\/png\" \/>\n<meta name=\"author\" content=\"libna\" \/>\n<meta name=\"twitter:card\" content=\"summary_large_image\" \/>\n<meta name=\"twitter:label1\" content=\"Escrito por\" \/>\n\t<meta name=\"twitter:data1\" content=\"libna\" \/>\n\t<meta name=\"twitter:label2\" content=\"Tiempo de lectura\" \/>\n\t<meta name=\"twitter:data2\" content=\"5 minutos\" \/>\n<script type=\"application\/ld+json\" class=\"yoast-schema-graph\">{\"@context\":\"https:\\\/\\\/schema.org\",\"@graph\":[{\"@type\":\"Article\",\"@id\":\"https:\\\/\\\/interamerica.org\\\/es\\\/2025\\\/01\\\/reciente-libro-de-john-peckham-incluido-en-los-premios-a-libros-2024-de-christianity-today\\\/#article\",\"isPartOf\":{\"@id\":\"https:\\\/\\\/interamerica.org\\\/es\\\/2025\\\/01\\\/reciente-libro-de-john-peckham-incluido-en-los-premios-a-libros-2024-de-christianity-today\\\/\"},\"author\":{\"name\":\"libna\",\"@id\":\"https:\\\/\\\/interamerica.org\\\/es\\\/#\\\/schema\\\/person\\\/29998f2bc2d8bd0d38662909289b54f1\"},\"headline\":\"Reciente libro de John Peckham incluido en los Premios a Libros 2024 de Christianity Today\",\"datePublished\":\"2025-01-29T01:06:57+00:00\",\"dateModified\":\"2025-01-29T19:01:50+00:00\",\"mainEntityOfPage\":{\"@id\":\"https:\\\/\\\/interamerica.org\\\/es\\\/2025\\\/01\\\/reciente-libro-de-john-peckham-incluido-en-los-premios-a-libros-2024-de-christianity-today\\\/\"},\"wordCount\":1032,\"image\":{\"@id\":\"https:\\\/\\\/interamerica.org\\\/es\\\/2025\\\/01\\\/reciente-libro-de-john-peckham-incluido-en-los-premios-a-libros-2024-de-christianity-today\\\/#primaryimage\"},\"thumbnailUrl\":\"https:\\\/\\\/interamerica.org\\\/wp-content\\\/uploads\\\/2025\\\/01\\\/john-peckham.png\",\"articleSection\":[\"Desde la iglesia mundial\",\"RSS Espa\u00f1ol\"],\"inLanguage\":\"es\"},{\"@type\":\"WebPage\",\"@id\":\"https:\\\/\\\/interamerica.org\\\/es\\\/2025\\\/01\\\/reciente-libro-de-john-peckham-incluido-en-los-premios-a-libros-2024-de-christianity-today\\\/\",\"url\":\"https:\\\/\\\/interamerica.org\\\/es\\\/2025\\\/01\\\/reciente-libro-de-john-peckham-incluido-en-los-premios-a-libros-2024-de-christianity-today\\\/\",\"name\":\"Reciente libro de John Peckham incluido en los Premios a Libros 2024 de Christianity Today - Iglesia Adventista del S\u00e9ptimo D\u00eda - Divisi\u00f3n Interamericana\",\"isPartOf\":{\"@id\":\"https:\\\/\\\/interamerica.org\\\/es\\\/#website\"},\"primaryImageOfPage\":{\"@id\":\"https:\\\/\\\/interamerica.org\\\/es\\\/2025\\\/01\\\/reciente-libro-de-john-peckham-incluido-en-los-premios-a-libros-2024-de-christianity-today\\\/#primaryimage\"},\"image\":{\"@id\":\"https:\\\/\\\/interamerica.org\\\/es\\\/2025\\\/01\\\/reciente-libro-de-john-peckham-incluido-en-los-premios-a-libros-2024-de-christianity-today\\\/#primaryimage\"},\"thumbnailUrl\":\"https:\\\/\\\/interamerica.org\\\/wp-content\\\/uploads\\\/2025\\\/01\\\/john-peckham.png\",\"datePublished\":\"2025-01-29T01:06:57+00:00\",\"dateModified\":\"2025-01-29T19:01:50+00:00\",\"author\":{\"@id\":\"https:\\\/\\\/interamerica.org\\\/es\\\/#\\\/schema\\\/person\\\/29998f2bc2d8bd0d38662909289b54f1\"},\"breadcrumb\":{\"@id\":\"https:\\\/\\\/interamerica.org\\\/es\\\/2025\\\/01\\\/reciente-libro-de-john-peckham-incluido-en-los-premios-a-libros-2024-de-christianity-today\\\/#breadcrumb\"},\"inLanguage\":\"es\",\"potentialAction\":[{\"@type\":\"ReadAction\",\"target\":[\"https:\\\/\\\/interamerica.org\\\/es\\\/2025\\\/01\\\/reciente-libro-de-john-peckham-incluido-en-los-premios-a-libros-2024-de-christianity-today\\\/\"]}]},{\"@type\":\"ImageObject\",\"inLanguage\":\"es\",\"@id\":\"https:\\\/\\\/interamerica.org\\\/es\\\/2025\\\/01\\\/reciente-libro-de-john-peckham-incluido-en-los-premios-a-libros-2024-de-christianity-today\\\/#primaryimage\",\"url\":\"https:\\\/\\\/interamerica.org\\\/wp-content\\\/uploads\\\/2025\\\/01\\\/john-peckham.png\",\"contentUrl\":\"https:\\\/\\\/interamerica.org\\\/wp-content\\\/uploads\\\/2025\\\/01\\\/john-peckham.png\",\"width\":600,\"height\":400,\"caption\":\"John Peckham is an associate editor at the Adventist Review and research professor of theology and Christian philosophy at Andrews University. [Photo: courtesy of John Peckham]\"},{\"@type\":\"BreadcrumbList\",\"@id\":\"https:\\\/\\\/interamerica.org\\\/es\\\/2025\\\/01\\\/reciente-libro-de-john-peckham-incluido-en-los-premios-a-libros-2024-de-christianity-today\\\/#breadcrumb\",\"itemListElement\":[{\"@type\":\"ListItem\",\"position\":1,\"name\":\"Home\",\"item\":\"https:\\\/\\\/interamerica.org\\\/es\\\/\"},{\"@type\":\"ListItem\",\"position\":2,\"name\":\"Reciente libro de John Peckham incluido en los Premios a Libros 2024 de Christianity Today\"}]},{\"@type\":\"WebSite\",\"@id\":\"https:\\\/\\\/interamerica.org\\\/es\\\/#website\",\"url\":\"https:\\\/\\\/interamerica.org\\\/es\\\/\",\"name\":\"Iglesia Adventista del S\u00e9ptimo D\u00eda - Divisi\u00f3n Interamericana\",\"description\":\"\",\"potentialAction\":[{\"@type\":\"SearchAction\",\"target\":{\"@type\":\"EntryPoint\",\"urlTemplate\":\"https:\\\/\\\/interamerica.org\\\/es\\\/?s={search_term_string}\"},\"query-input\":{\"@type\":\"PropertyValueSpecification\",\"valueRequired\":true,\"valueName\":\"search_term_string\"}}],\"inLanguage\":\"es\"},{\"@type\":\"Person\",\"@id\":\"https:\\\/\\\/interamerica.org\\\/es\\\/#\\\/schema\\\/person\\\/29998f2bc2d8bd0d38662909289b54f1\",\"name\":\"libna\",\"image\":{\"@type\":\"ImageObject\",\"inLanguage\":\"es\",\"@id\":\"https:\\\/\\\/secure.gravatar.com\\\/avatar\\\/7c5bd30ae4b47a9ba3c856590957fd1d96dc588bf3ac05719d247e126840331f?s=96&d=mm&r=g\",\"url\":\"https:\\\/\\\/secure.gravatar.com\\\/avatar\\\/7c5bd30ae4b47a9ba3c856590957fd1d96dc588bf3ac05719d247e126840331f?s=96&d=mm&r=g\",\"contentUrl\":\"https:\\\/\\\/secure.gravatar.com\\\/avatar\\\/7c5bd30ae4b47a9ba3c856590957fd1d96dc588bf3ac05719d247e126840331f?s=96&d=mm&r=g\",\"caption\":\"libna\"}}]}<\/script>\n<!-- \/ Yoast SEO plugin. -->","yoast_head_json":{"title":"Reciente libro de John Peckham incluido en los Premios a Libros 2024 de Christianity Today - Iglesia Adventista del S\u00e9ptimo D\u00eda - Divisi\u00f3n Interamericana","robots":{"index":"index","follow":"follow","max-snippet":"max-snippet:-1","max-image-preview":"max-image-preview:large","max-video-preview":"max-video-preview:-1"},"canonical":"https:\/\/interamerica.org\/es\/2025\/01\/reciente-libro-de-john-peckham-incluido-en-los-premios-a-libros-2024-de-christianity-today\/","og_locale":"es_ES","og_type":"article","og_title":"Reciente libro de John Peckham incluido en los Premios a Libros 2024 de Christianity Today - Iglesia Adventista del S\u00e9ptimo D\u00eda - Divisi\u00f3n Interamericana","og_description":"Why We Pray (Por qu\u00e9 oramos), un libro escrito por el profesor y editor asociado de Adventist Review, establece una conexi\u00f3n entre la oraci\u00f3n y el conflicto c\u00f3smico. 28 de...","og_url":"https:\/\/interamerica.org\/es\/2025\/01\/reciente-libro-de-john-peckham-incluido-en-los-premios-a-libros-2024-de-christianity-today\/","og_site_name":"Iglesia Adventista del S\u00e9ptimo D\u00eda - Divisi\u00f3n Interamericana","article_published_time":"2025-01-29T01:06:57+00:00","article_modified_time":"2025-01-29T19:01:50+00:00","og_image":[{"width":600,"height":400,"url":"https:\/\/interamerica.org\/wp-content\/uploads\/2025\/01\/john-peckham.png","type":"image\/png"}],"author":"libna","twitter_card":"summary_large_image","twitter_misc":{"Escrito por":"libna","Tiempo de lectura":"5 minutos"},"schema":{"@context":"https:\/\/schema.org","@graph":[{"@type":"Article","@id":"https:\/\/interamerica.org\/es\/2025\/01\/reciente-libro-de-john-peckham-incluido-en-los-premios-a-libros-2024-de-christianity-today\/#article","isPartOf":{"@id":"https:\/\/interamerica.org\/es\/2025\/01\/reciente-libro-de-john-peckham-incluido-en-los-premios-a-libros-2024-de-christianity-today\/"},"author":{"name":"libna","@id":"https:\/\/interamerica.org\/es\/#\/schema\/person\/29998f2bc2d8bd0d38662909289b54f1"},"headline":"Reciente libro de John Peckham incluido en los Premios a Libros 2024 de Christianity Today","datePublished":"2025-01-29T01:06:57+00:00","dateModified":"2025-01-29T19:01:50+00:00","mainEntityOfPage":{"@id":"https:\/\/interamerica.org\/es\/2025\/01\/reciente-libro-de-john-peckham-incluido-en-los-premios-a-libros-2024-de-christianity-today\/"},"wordCount":1032,"image":{"@id":"https:\/\/interamerica.org\/es\/2025\/01\/reciente-libro-de-john-peckham-incluido-en-los-premios-a-libros-2024-de-christianity-today\/#primaryimage"},"thumbnailUrl":"https:\/\/interamerica.org\/wp-content\/uploads\/2025\/01\/john-peckham.png","articleSection":["Desde la iglesia mundial","RSS Espa\u00f1ol"],"inLanguage":"es"},{"@type":"WebPage","@id":"https:\/\/interamerica.org\/es\/2025\/01\/reciente-libro-de-john-peckham-incluido-en-los-premios-a-libros-2024-de-christianity-today\/","url":"https:\/\/interamerica.org\/es\/2025\/01\/reciente-libro-de-john-peckham-incluido-en-los-premios-a-libros-2024-de-christianity-today\/","name":"Reciente libro de John Peckham incluido en los Premios a Libros 2024 de Christianity Today - Iglesia Adventista del S\u00e9ptimo D\u00eda - Divisi\u00f3n Interamericana","isPartOf":{"@id":"https:\/\/interamerica.org\/es\/#website"},"primaryImageOfPage":{"@id":"https:\/\/interamerica.org\/es\/2025\/01\/reciente-libro-de-john-peckham-incluido-en-los-premios-a-libros-2024-de-christianity-today\/#primaryimage"},"image":{"@id":"https:\/\/interamerica.org\/es\/2025\/01\/reciente-libro-de-john-peckham-incluido-en-los-premios-a-libros-2024-de-christianity-today\/#primaryimage"},"thumbnailUrl":"https:\/\/interamerica.org\/wp-content\/uploads\/2025\/01\/john-peckham.png","datePublished":"2025-01-29T01:06:57+00:00","dateModified":"2025-01-29T19:01:50+00:00","author":{"@id":"https:\/\/interamerica.org\/es\/#\/schema\/person\/29998f2bc2d8bd0d38662909289b54f1"},"breadcrumb":{"@id":"https:\/\/interamerica.org\/es\/2025\/01\/reciente-libro-de-john-peckham-incluido-en-los-premios-a-libros-2024-de-christianity-today\/#breadcrumb"},"inLanguage":"es","potentialAction":[{"@type":"ReadAction","target":["https:\/\/interamerica.org\/es\/2025\/01\/reciente-libro-de-john-peckham-incluido-en-los-premios-a-libros-2024-de-christianity-today\/"]}]},{"@type":"ImageObject","inLanguage":"es","@id":"https:\/\/interamerica.org\/es\/2025\/01\/reciente-libro-de-john-peckham-incluido-en-los-premios-a-libros-2024-de-christianity-today\/#primaryimage","url":"https:\/\/interamerica.org\/wp-content\/uploads\/2025\/01\/john-peckham.png","contentUrl":"https:\/\/interamerica.org\/wp-content\/uploads\/2025\/01\/john-peckham.png","width":600,"height":400,"caption":"John Peckham is an associate editor at the Adventist Review and research professor of theology and Christian philosophy at Andrews University. [Photo: courtesy of John Peckham]"},{"@type":"BreadcrumbList","@id":"https:\/\/interamerica.org\/es\/2025\/01\/reciente-libro-de-john-peckham-incluido-en-los-premios-a-libros-2024-de-christianity-today\/#breadcrumb","itemListElement":[{"@type":"ListItem","position":1,"name":"Home","item":"https:\/\/interamerica.org\/es\/"},{"@type":"ListItem","position":2,"name":"Reciente libro de John Peckham incluido en los Premios a Libros 2024 de Christianity Today"}]},{"@type":"WebSite","@id":"https:\/\/interamerica.org\/es\/#website","url":"https:\/\/interamerica.org\/es\/","name":"Iglesia Adventista del S\u00e9ptimo D\u00eda - Divisi\u00f3n Interamericana","description":"","potentialAction":[{"@type":"SearchAction","target":{"@type":"EntryPoint","urlTemplate":"https:\/\/interamerica.org\/es\/?s={search_term_string}"},"query-input":{"@type":"PropertyValueSpecification","valueRequired":true,"valueName":"search_term_string"}}],"inLanguage":"es"},{"@type":"Person","@id":"https:\/\/interamerica.org\/es\/#\/schema\/person\/29998f2bc2d8bd0d38662909289b54f1","name":"libna","image":{"@type":"ImageObject","inLanguage":"es","@id":"https:\/\/secure.gravatar.com\/avatar\/7c5bd30ae4b47a9ba3c856590957fd1d96dc588bf3ac05719d247e126840331f?s=96&d=mm&r=g","url":"https:\/\/secure.gravatar.com\/avatar\/7c5bd30ae4b47a9ba3c856590957fd1d96dc588bf3ac05719d247e126840331f?s=96&d=mm&r=g","contentUrl":"https:\/\/secure.gravatar.com\/avatar\/7c5bd30ae4b47a9ba3c856590957fd1d96dc588bf3ac05719d247e126840331f?s=96&d=mm&r=g","caption":"libna"}}]}},"_links":{"self":[{"href":"https:\/\/interamerica.org\/es\/wp-json\/wp\/v2\/posts\/124479","targetHints":{"allow":["GET"]}}],"collection":[{"href":"https:\/\/interamerica.org\/es\/wp-json\/wp\/v2\/posts"}],"about":[{"href":"https:\/\/interamerica.org\/es\/wp-json\/wp\/v2\/types\/post"}],"author":[{"embeddable":true,"href":"https:\/\/interamerica.org\/es\/wp-json\/wp\/v2\/users\/3"}],"replies":[{"embeddable":true,"href":"https:\/\/interamerica.org\/es\/wp-json\/wp\/v2\/comments?post=124479"}],"version-history":[{"count":0,"href":"https:\/\/interamerica.org\/es\/wp-json\/wp\/v2\/posts\/124479\/revisions"}],"wp:featuredmedia":[{"embeddable":true,"href":"https:\/\/interamerica.org\/es\/wp-json\/wp\/v2\/media\/124388"}],"wp:attachment":[{"href":"https:\/\/interamerica.org\/es\/wp-json\/wp\/v2\/media?parent=124479"}],"wp:term":[{"taxonomy":"category","embeddable":true,"href":"https:\/\/interamerica.org\/es\/wp-json\/wp\/v2\/categories?post=124479"},{"taxonomy":"post_tag","embeddable":true,"href":"https:\/\/interamerica.org\/es\/wp-json\/wp\/v2\/tags?post=124479"}],"curies":[{"name":"wp","href":"https:\/\/api.w.org\/{rel}","templated":true}]}}