{"id":124544,"date":"2025-01-28T23:08:33","date_gmt":"2025-01-29T04:08:33","guid":{"rendered":"https:\/\/interamerica.org\/?p=124544"},"modified":"2025-01-31T08:26:53","modified_gmt":"2025-01-31T13:26:53","slug":"artista-adventista-combina-la-adoracion-y-la-creatividad-mediante-sus-cuadros","status":"publish","type":"post","link":"https:\/\/interamerica.org\/es\/2025\/01\/artista-adventista-combina-la-adoracion-y-la-creatividad-mediante-sus-cuadros\/","title":{"rendered":"Artista adventista combina la adoraci\u00f3n y la creatividad mediante sus cuadros"},"content":{"rendered":"<p><em>Donn\u00e9 Antonia Haynes, de Barbados, usa sus cuadros para conectar a los espectadores con la Palabra de Dios.<\/em><\/p>\n<p>28 de enero de 2025 | Bridgetown, Barbados | Royston Philbert y Uni\u00f3n del Caribe Atl\u00e1ntico<\/p>\n<p>En un tranquilo rinc\u00f3n del templo, en medio de himnos y oraciones, Donn\u00e9 Antonia Haynes se sienta con su caballete, captando el esp\u00edritu de adoraci\u00f3n en el lienzo. Para ella, pintar es m\u00e1s que un talento o profesi\u00f3n: es un acto de devoci\u00f3n. Mientras la congregaci\u00f3n canta y avanza el serm\u00f3n, su pincel se mueve en armon\u00eda, traduciendo la fe en vibrantes obras de arte. Su enfoque particular de la adoraci\u00f3n ha inspirado a muchos, combinando la creatividad y la espiritualidad en un poderoso testimonio de su relaci\u00f3n con Dios.<\/p>\n<p>\u201c\u00bfQu\u00e9 est\u00e1s haciendo aqu\u00ed?\u201d, suelen preguntar los curiosos. \u201c\u00bfDe qu\u00e9 se trata esto?\u201d<\/p>\n<p><div id=\"attachment_124400\" style=\"width: 877px\" class=\"wp-caption aligncenter\"><img fetchpriority=\"high\" decoding=\"async\" aria-describedby=\"caption-attachment-124400\" class=\" wp-image-124398\" src=\"https:\/\/interamerica.org\/wp-content\/uploads\/2025\/01\/donne-haynes-2.jpg\" alt=\"\" width=\"867\" height=\"618\" srcset=\"https:\/\/interamerica.org\/wp-content\/uploads\/2025\/01\/donne-haynes-2.jpg 950w, https:\/\/interamerica.org\/wp-content\/uploads\/2025\/01\/donne-haynes-2-300x214.jpg 300w, https:\/\/interamerica.org\/wp-content\/uploads\/2025\/01\/donne-haynes-2-768x547.jpg 768w\" sizes=\"(max-width: 867px) 100vw, 867px\" \/><p id=\"caption-attachment-124400\" class=\"wp-caption-text\">Donn\u00e9 Antonia Haynes captada en acci\u00f3n mientras pintaba durante el culto del s\u00e1bado. [Fotograf\u00eda: cortes\u00eda de Donn\u00e9 Antonia Haynes]<\/p><\/div>Durante muchos a\u00f1os, la artista adventista ha utilizado sus cuadros para ilustrar temas b\u00edblicos, conectando a las personas con la Palabra de Dios de una manera visual y atractiva. Los l\u00edderes adventistas que observan su trabajo se\u00f1alan su potencial como herramienta ministerial, especialmente en una sociedad en la que muchos se identifican como religiosos, pero pocos leen la Biblia con regularidad.<\/p>\n<p>\u201cSoy una artista conceptual de Barbados y profesora de arte\u201d, dijo Haynes. \u201cMi trabajo explora una variedad de temas\u201d. No solo ama el arte, sino que lo respira. \u201cDesde una edad temprana, supe que el arte era algo que quer\u00eda hacer por el resto de mi vida\u201d, dijo. A lo largo de los a\u00f1os, el arte ha hecho m\u00e1s profunda su experiencia personal con Dios y le ha proporcionado una forma significativa de ense\u00f1ar y conectarse con sus estudiantes.<\/p>\n<p>Haynes cree que el arte tiene un poder \u00fanico para iniciar conversaciones sobre el evangelio y ense\u00f1ar valores cristianos. \u201cLa arquitectura, la m\u00fasica, la literatura, incluso la ropa que usamos pueden servir como v\u00edas para la adoraci\u00f3n y los encuentros con Dios\u201d, explic\u00f3.<\/p>\n<p>\u201c\u00bfC\u00f3mo puedo usar mi talento para glorificar a Dios?\u201d es la pregunta que gu\u00eda a Haynes, miembro de la Asociaci\u00f3n del Caribe Oriental en Barbados. Hija del pastor Dale Haynes, director de servicios comunitarios y ministerios de las posibilidades de la Asociaci\u00f3n del Caribe Oriental, ella apoya el ministerio de su padre pintando en vivo durante los cultos sab\u00e1ticos y compartiendo sus creaciones con la congregaci\u00f3n.<\/p>\n<p><div id=\"attachment_124383\" style=\"width: 873px\" class=\"wp-caption aligncenter\"><img decoding=\"async\" aria-describedby=\"caption-attachment-124383\" class=\" wp-image-124381\" src=\"https:\/\/interamerica.org\/wp-content\/uploads\/2025\/01\/donne-haynes-1-1280-1024x640.jpg\" alt=\"\" width=\"863\" height=\"539\" srcset=\"https:\/\/interamerica.org\/wp-content\/uploads\/2025\/01\/donne-haynes-1-1280-1024x640.jpg 1024w, https:\/\/interamerica.org\/wp-content\/uploads\/2025\/01\/donne-haynes-1-1280-300x188.jpg 300w, https:\/\/interamerica.org\/wp-content\/uploads\/2025\/01\/donne-haynes-1-1280-768x480.jpg 768w, https:\/\/interamerica.org\/wp-content\/uploads\/2025\/01\/donne-haynes-1-1280.jpg 1280w\" sizes=\"(max-width: 863px) 100vw, 863px\" \/><p id=\"caption-attachment-124383\" class=\"wp-caption-text\">Donn\u00e9 Antonia Haynes trabaja en uno de sus cuadros durante el culto del s\u00e1bado 7 de diciembre de 2024. [Fotograf\u00eda: Medios de la Uni\u00f3n del Caribe Atl\u00e1ntico]<\/p><\/div>\u201cMis pinturas ayudan a que las personas aprendan de Dios de manera r\u00e1pida y din\u00e1mica\u201d, dijo Haynes. \u201cTambi\u00e9n fomentan un aprecio m\u00e1s profundo por Dios y la belleza del arte\u201d.<\/p>\n<p>Su proceso art\u00edstico es tan espiritual como creativo. Haynes comienza cada pieza con una oraci\u00f3n, pidi\u00e9ndole a Dios que la gu\u00ede e inspire. Sus obras a menudo muestran representaciones v\u00edvidas de narraciones b\u00edblicas, representaciones abstractas de temas divinos y escenas que reflejan la belleza de la creaci\u00f3n de Dios. Cada cuadro cuenta una historia, con el objetivo de conectarse con los espectadores a nivel personal y espiritual.<\/p>\n<p>El impacto de su trabajo se extiende m\u00e1s all\u00e1 de los muros de la iglesia. Con frecuencia, Haynes organiza talleres y exposiciones, invitando tanto a los adventistas como a los miembros de la comunidad en general a participar de su arte. Esos eventos crean oportunidades para el di\u00e1logo, ofreciendo una forma \u00fanica de compartir el evangelio con aquellos que no asisten a los servicios tradicionales de la iglesia.<\/p>\n<p>\u201cEl arte trasciende las barreras\u201d, dijo. \u201cLe habla al coraz\u00f3n de una manera que las palabras a veces no pueden. A trav\u00e9s de mi trabajo, he visto a personas conmovidas hasta las l\u00e1grimas, inspiradas a hacer preguntas sobre la fe e incluso motivadas a comenzar sus propias traves\u00edas espirituales\u201d.<\/p>\n<p><div id=\"attachment_124403\" style=\"width: 867px\" class=\"wp-caption aligncenter\"><img decoding=\"async\" aria-describedby=\"caption-attachment-124403\" class=\" wp-image-124401\" src=\"https:\/\/interamerica.org\/wp-content\/uploads\/2025\/01\/donne-haynes-3.jpg\" alt=\"\" width=\"857\" height=\"571\" srcset=\"https:\/\/interamerica.org\/wp-content\/uploads\/2025\/01\/donne-haynes-3.jpg 1000w, https:\/\/interamerica.org\/wp-content\/uploads\/2025\/01\/donne-haynes-3-300x200.jpg 300w, https:\/\/interamerica.org\/wp-content\/uploads\/2025\/01\/donne-haynes-3-768x511.jpg 768w\" sizes=\"(max-width: 857px) 100vw, 857px\" \/><p id=\"caption-attachment-124403\" class=\"wp-caption-text\">Donn\u00e9 Antonia Haynes pinta, durante un culto reciente en la iglesia en Barbados. [Fotograf\u00eda: Medios de la Uni\u00f3n del Caribe Atl\u00e1ntico]<\/p><\/div>La dedicaci\u00f3n de Haynes a su oficio y a su fe no ha pasado desapercibida. Ha sido invitada a mostrar su trabajo en varios eventos adventistas, lo que consolida a\u00fan m\u00e1s su reputaci\u00f3n como artista que combina a la perfecci\u00f3n la creatividad y el ministerio.<\/p>\n<p>De cara al futuro, Haynes sue\u00f1a con abrir un estudio de arte religioso en Barbados, donde los aspirantes a artistas puedan explorar sus talentos en un entorno de apoyo y enriquecimiento espiritual. \u201cQuiero crear un espacio donde la gente pueda encontrarse con Dios por medio del arte\u201d, dijo. \u201cYa sea que est\u00e9n pintando, dibujando o simplemente observando, espero que se vayan sinti\u00e9ndose inspirados y m\u00e1s cerca de Dios\u201d.<\/p>\n<p>Mientras su pincel contin\u00faa traduciendo la adoraci\u00f3n en color, Donn\u00e9 Antonia Haynes sigue siendo un v\u00edvido ejemplo de c\u00f3mo combinar la fe y la creatividad para crear algo en verdad divino. Su obra no solo decora espacios, sino que tambi\u00e9n transforma corazones, recordando a todos los que lo ven las formas ilimitadas en las que Dios puede ser glorificado.<\/p>\n<p>Traducci\u00f3n de Marcos Paseggi<\/p>\n","protected":false},"excerpt":{"rendered":"<p>Donn\u00e9 Antonia Haynes, de Barbados, usa sus cuadros para conectar a los espectadores con la Palabra de Dios. 28 de enero de 2025 | Bridgetown, Barbados | Royston Philbert y&#8230;<\/p>\n","protected":false},"author":3,"featured_media":124361,"comment_status":"closed","ping_status":"closed","sticky":false,"template":"","format":"standard","meta":{"_acf_changed":false,"footnotes":""},"categories":[17,15],"tags":[],"class_list":["post-124544","post","type-post","status-publish","format-standard","has-post-thumbnail","hentry","category-desde-el-campo","category-rss-espanol"],"acf":[],"yoast_head":"<!-- This site is optimized with the Yoast SEO plugin v27.3 - https:\/\/yoast.com\/product\/yoast-seo-wordpress\/ -->\n<title>Artista adventista combina la adoraci\u00f3n y la creatividad mediante sus cuadros - Iglesia Adventista del S\u00e9ptimo D\u00eda - Divisi\u00f3n Interamericana<\/title>\n<meta name=\"robots\" content=\"index, follow, max-snippet:-1, max-image-preview:large, max-video-preview:-1\" \/>\n<link rel=\"canonical\" href=\"https:\/\/interamerica.org\/es\/2025\/01\/artista-adventista-combina-la-adoracion-y-la-creatividad-mediante-sus-cuadros\/\" \/>\n<meta property=\"og:locale\" content=\"es_ES\" \/>\n<meta property=\"og:type\" content=\"article\" \/>\n<meta property=\"og:title\" content=\"Artista adventista combina la adoraci\u00f3n y la creatividad mediante sus cuadros - Iglesia Adventista del S\u00e9ptimo D\u00eda - Divisi\u00f3n Interamericana\" \/>\n<meta property=\"og:description\" content=\"Donn\u00e9 Antonia Haynes, de Barbados, usa sus cuadros para conectar a los espectadores con la Palabra de Dios. 28 de enero de 2025 | Bridgetown, Barbados | Royston Philbert y...\" \/>\n<meta property=\"og:url\" content=\"https:\/\/interamerica.org\/es\/2025\/01\/artista-adventista-combina-la-adoracion-y-la-creatividad-mediante-sus-cuadros\/\" \/>\n<meta property=\"og:site_name\" content=\"Iglesia Adventista del S\u00e9ptimo D\u00eda - Divisi\u00f3n Interamericana\" \/>\n<meta property=\"article:published_time\" content=\"2025-01-29T04:08:33+00:00\" \/>\n<meta property=\"article:modified_time\" content=\"2025-01-31T13:26:53+00:00\" \/>\n<meta property=\"og:image\" content=\"https:\/\/interamerica.org\/wp-content\/uploads\/2025\/01\/donne-haynes-1.png\" \/>\n\t<meta property=\"og:image:width\" content=\"950\" \/>\n\t<meta property=\"og:image:height\" content=\"713\" \/>\n\t<meta property=\"og:image:type\" content=\"image\/png\" \/>\n<meta name=\"author\" content=\"libna\" \/>\n<meta name=\"twitter:card\" content=\"summary_large_image\" \/>\n<meta name=\"twitter:label1\" content=\"Escrito por\" \/>\n\t<meta name=\"twitter:data1\" content=\"libna\" \/>\n\t<meta name=\"twitter:label2\" content=\"Tiempo de lectura\" \/>\n\t<meta name=\"twitter:data2\" content=\"5 minutos\" \/>\n<script type=\"application\/ld+json\" class=\"yoast-schema-graph\">{\"@context\":\"https:\\\/\\\/schema.org\",\"@graph\":[{\"@type\":\"Article\",\"@id\":\"https:\\\/\\\/interamerica.org\\\/es\\\/2025\\\/01\\\/artista-adventista-combina-la-adoracion-y-la-creatividad-mediante-sus-cuadros\\\/#article\",\"isPartOf\":{\"@id\":\"https:\\\/\\\/interamerica.org\\\/es\\\/2025\\\/01\\\/artista-adventista-combina-la-adoracion-y-la-creatividad-mediante-sus-cuadros\\\/\"},\"author\":{\"name\":\"libna\",\"@id\":\"https:\\\/\\\/interamerica.org\\\/es\\\/#\\\/schema\\\/person\\\/29998f2bc2d8bd0d38662909289b54f1\"},\"headline\":\"Artista adventista combina la adoraci\u00f3n y la creatividad mediante sus cuadros\",\"datePublished\":\"2025-01-29T04:08:33+00:00\",\"dateModified\":\"2025-01-31T13:26:53+00:00\",\"mainEntityOfPage\":{\"@id\":\"https:\\\/\\\/interamerica.org\\\/es\\\/2025\\\/01\\\/artista-adventista-combina-la-adoracion-y-la-creatividad-mediante-sus-cuadros\\\/\"},\"wordCount\":945,\"image\":{\"@id\":\"https:\\\/\\\/interamerica.org\\\/es\\\/2025\\\/01\\\/artista-adventista-combina-la-adoracion-y-la-creatividad-mediante-sus-cuadros\\\/#primaryimage\"},\"thumbnailUrl\":\"https:\\\/\\\/interamerica.org\\\/wp-content\\\/uploads\\\/2025\\\/01\\\/donne-haynes-1.png\",\"articleSection\":[\"Desde el campo\",\"RSS Espa\u00f1ol\"],\"inLanguage\":\"es\"},{\"@type\":\"WebPage\",\"@id\":\"https:\\\/\\\/interamerica.org\\\/es\\\/2025\\\/01\\\/artista-adventista-combina-la-adoracion-y-la-creatividad-mediante-sus-cuadros\\\/\",\"url\":\"https:\\\/\\\/interamerica.org\\\/es\\\/2025\\\/01\\\/artista-adventista-combina-la-adoracion-y-la-creatividad-mediante-sus-cuadros\\\/\",\"name\":\"Artista adventista combina la adoraci\u00f3n y la creatividad mediante sus cuadros - Iglesia Adventista del S\u00e9ptimo D\u00eda - Divisi\u00f3n Interamericana\",\"isPartOf\":{\"@id\":\"https:\\\/\\\/interamerica.org\\\/es\\\/#website\"},\"primaryImageOfPage\":{\"@id\":\"https:\\\/\\\/interamerica.org\\\/es\\\/2025\\\/01\\\/artista-adventista-combina-la-adoracion-y-la-creatividad-mediante-sus-cuadros\\\/#primaryimage\"},\"image\":{\"@id\":\"https:\\\/\\\/interamerica.org\\\/es\\\/2025\\\/01\\\/artista-adventista-combina-la-adoracion-y-la-creatividad-mediante-sus-cuadros\\\/#primaryimage\"},\"thumbnailUrl\":\"https:\\\/\\\/interamerica.org\\\/wp-content\\\/uploads\\\/2025\\\/01\\\/donne-haynes-1.png\",\"datePublished\":\"2025-01-29T04:08:33+00:00\",\"dateModified\":\"2025-01-31T13:26:53+00:00\",\"author\":{\"@id\":\"https:\\\/\\\/interamerica.org\\\/es\\\/#\\\/schema\\\/person\\\/29998f2bc2d8bd0d38662909289b54f1\"},\"breadcrumb\":{\"@id\":\"https:\\\/\\\/interamerica.org\\\/es\\\/2025\\\/01\\\/artista-adventista-combina-la-adoracion-y-la-creatividad-mediante-sus-cuadros\\\/#breadcrumb\"},\"inLanguage\":\"es\",\"potentialAction\":[{\"@type\":\"ReadAction\",\"target\":[\"https:\\\/\\\/interamerica.org\\\/es\\\/2025\\\/01\\\/artista-adventista-combina-la-adoracion-y-la-creatividad-mediante-sus-cuadros\\\/\"]}]},{\"@type\":\"ImageObject\",\"inLanguage\":\"es\",\"@id\":\"https:\\\/\\\/interamerica.org\\\/es\\\/2025\\\/01\\\/artista-adventista-combina-la-adoracion-y-la-creatividad-mediante-sus-cuadros\\\/#primaryimage\",\"url\":\"https:\\\/\\\/interamerica.org\\\/wp-content\\\/uploads\\\/2025\\\/01\\\/donne-haynes-1.png\",\"contentUrl\":\"https:\\\/\\\/interamerica.org\\\/wp-content\\\/uploads\\\/2025\\\/01\\\/donne-haynes-1.png\",\"width\":950,\"height\":713,\"caption\":\"[Photo: Courtesy of Donne Antonia Haynes]\"},{\"@type\":\"BreadcrumbList\",\"@id\":\"https:\\\/\\\/interamerica.org\\\/es\\\/2025\\\/01\\\/artista-adventista-combina-la-adoracion-y-la-creatividad-mediante-sus-cuadros\\\/#breadcrumb\",\"itemListElement\":[{\"@type\":\"ListItem\",\"position\":1,\"name\":\"Home\",\"item\":\"https:\\\/\\\/interamerica.org\\\/es\\\/\"},{\"@type\":\"ListItem\",\"position\":2,\"name\":\"Artista adventista combina la adoraci\u00f3n y la creatividad mediante sus cuadros\"}]},{\"@type\":\"WebSite\",\"@id\":\"https:\\\/\\\/interamerica.org\\\/es\\\/#website\",\"url\":\"https:\\\/\\\/interamerica.org\\\/es\\\/\",\"name\":\"Iglesia Adventista del S\u00e9ptimo D\u00eda - Divisi\u00f3n Interamericana\",\"description\":\"\",\"potentialAction\":[{\"@type\":\"SearchAction\",\"target\":{\"@type\":\"EntryPoint\",\"urlTemplate\":\"https:\\\/\\\/interamerica.org\\\/es\\\/?s={search_term_string}\"},\"query-input\":{\"@type\":\"PropertyValueSpecification\",\"valueRequired\":true,\"valueName\":\"search_term_string\"}}],\"inLanguage\":\"es\"},{\"@type\":\"Person\",\"@id\":\"https:\\\/\\\/interamerica.org\\\/es\\\/#\\\/schema\\\/person\\\/29998f2bc2d8bd0d38662909289b54f1\",\"name\":\"libna\",\"image\":{\"@type\":\"ImageObject\",\"inLanguage\":\"es\",\"@id\":\"https:\\\/\\\/secure.gravatar.com\\\/avatar\\\/7c5bd30ae4b47a9ba3c856590957fd1d96dc588bf3ac05719d247e126840331f?s=96&d=mm&r=g\",\"url\":\"https:\\\/\\\/secure.gravatar.com\\\/avatar\\\/7c5bd30ae4b47a9ba3c856590957fd1d96dc588bf3ac05719d247e126840331f?s=96&d=mm&r=g\",\"contentUrl\":\"https:\\\/\\\/secure.gravatar.com\\\/avatar\\\/7c5bd30ae4b47a9ba3c856590957fd1d96dc588bf3ac05719d247e126840331f?s=96&d=mm&r=g\",\"caption\":\"libna\"}}]}<\/script>\n<!-- \/ Yoast SEO plugin. -->","yoast_head_json":{"title":"Artista adventista combina la adoraci\u00f3n y la creatividad mediante sus cuadros - Iglesia Adventista del S\u00e9ptimo D\u00eda - Divisi\u00f3n Interamericana","robots":{"index":"index","follow":"follow","max-snippet":"max-snippet:-1","max-image-preview":"max-image-preview:large","max-video-preview":"max-video-preview:-1"},"canonical":"https:\/\/interamerica.org\/es\/2025\/01\/artista-adventista-combina-la-adoracion-y-la-creatividad-mediante-sus-cuadros\/","og_locale":"es_ES","og_type":"article","og_title":"Artista adventista combina la adoraci\u00f3n y la creatividad mediante sus cuadros - Iglesia Adventista del S\u00e9ptimo D\u00eda - Divisi\u00f3n Interamericana","og_description":"Donn\u00e9 Antonia Haynes, de Barbados, usa sus cuadros para conectar a los espectadores con la Palabra de Dios. 28 de enero de 2025 | Bridgetown, Barbados | Royston Philbert y...","og_url":"https:\/\/interamerica.org\/es\/2025\/01\/artista-adventista-combina-la-adoracion-y-la-creatividad-mediante-sus-cuadros\/","og_site_name":"Iglesia Adventista del S\u00e9ptimo D\u00eda - Divisi\u00f3n Interamericana","article_published_time":"2025-01-29T04:08:33+00:00","article_modified_time":"2025-01-31T13:26:53+00:00","og_image":[{"width":950,"height":713,"url":"https:\/\/interamerica.org\/wp-content\/uploads\/2025\/01\/donne-haynes-1.png","type":"image\/png"}],"author":"libna","twitter_card":"summary_large_image","twitter_misc":{"Escrito por":"libna","Tiempo de lectura":"5 minutos"},"schema":{"@context":"https:\/\/schema.org","@graph":[{"@type":"Article","@id":"https:\/\/interamerica.org\/es\/2025\/01\/artista-adventista-combina-la-adoracion-y-la-creatividad-mediante-sus-cuadros\/#article","isPartOf":{"@id":"https:\/\/interamerica.org\/es\/2025\/01\/artista-adventista-combina-la-adoracion-y-la-creatividad-mediante-sus-cuadros\/"},"author":{"name":"libna","@id":"https:\/\/interamerica.org\/es\/#\/schema\/person\/29998f2bc2d8bd0d38662909289b54f1"},"headline":"Artista adventista combina la adoraci\u00f3n y la creatividad mediante sus cuadros","datePublished":"2025-01-29T04:08:33+00:00","dateModified":"2025-01-31T13:26:53+00:00","mainEntityOfPage":{"@id":"https:\/\/interamerica.org\/es\/2025\/01\/artista-adventista-combina-la-adoracion-y-la-creatividad-mediante-sus-cuadros\/"},"wordCount":945,"image":{"@id":"https:\/\/interamerica.org\/es\/2025\/01\/artista-adventista-combina-la-adoracion-y-la-creatividad-mediante-sus-cuadros\/#primaryimage"},"thumbnailUrl":"https:\/\/interamerica.org\/wp-content\/uploads\/2025\/01\/donne-haynes-1.png","articleSection":["Desde el campo","RSS Espa\u00f1ol"],"inLanguage":"es"},{"@type":"WebPage","@id":"https:\/\/interamerica.org\/es\/2025\/01\/artista-adventista-combina-la-adoracion-y-la-creatividad-mediante-sus-cuadros\/","url":"https:\/\/interamerica.org\/es\/2025\/01\/artista-adventista-combina-la-adoracion-y-la-creatividad-mediante-sus-cuadros\/","name":"Artista adventista combina la adoraci\u00f3n y la creatividad mediante sus cuadros - Iglesia Adventista del S\u00e9ptimo D\u00eda - Divisi\u00f3n Interamericana","isPartOf":{"@id":"https:\/\/interamerica.org\/es\/#website"},"primaryImageOfPage":{"@id":"https:\/\/interamerica.org\/es\/2025\/01\/artista-adventista-combina-la-adoracion-y-la-creatividad-mediante-sus-cuadros\/#primaryimage"},"image":{"@id":"https:\/\/interamerica.org\/es\/2025\/01\/artista-adventista-combina-la-adoracion-y-la-creatividad-mediante-sus-cuadros\/#primaryimage"},"thumbnailUrl":"https:\/\/interamerica.org\/wp-content\/uploads\/2025\/01\/donne-haynes-1.png","datePublished":"2025-01-29T04:08:33+00:00","dateModified":"2025-01-31T13:26:53+00:00","author":{"@id":"https:\/\/interamerica.org\/es\/#\/schema\/person\/29998f2bc2d8bd0d38662909289b54f1"},"breadcrumb":{"@id":"https:\/\/interamerica.org\/es\/2025\/01\/artista-adventista-combina-la-adoracion-y-la-creatividad-mediante-sus-cuadros\/#breadcrumb"},"inLanguage":"es","potentialAction":[{"@type":"ReadAction","target":["https:\/\/interamerica.org\/es\/2025\/01\/artista-adventista-combina-la-adoracion-y-la-creatividad-mediante-sus-cuadros\/"]}]},{"@type":"ImageObject","inLanguage":"es","@id":"https:\/\/interamerica.org\/es\/2025\/01\/artista-adventista-combina-la-adoracion-y-la-creatividad-mediante-sus-cuadros\/#primaryimage","url":"https:\/\/interamerica.org\/wp-content\/uploads\/2025\/01\/donne-haynes-1.png","contentUrl":"https:\/\/interamerica.org\/wp-content\/uploads\/2025\/01\/donne-haynes-1.png","width":950,"height":713,"caption":"[Photo: Courtesy of Donne Antonia Haynes]"},{"@type":"BreadcrumbList","@id":"https:\/\/interamerica.org\/es\/2025\/01\/artista-adventista-combina-la-adoracion-y-la-creatividad-mediante-sus-cuadros\/#breadcrumb","itemListElement":[{"@type":"ListItem","position":1,"name":"Home","item":"https:\/\/interamerica.org\/es\/"},{"@type":"ListItem","position":2,"name":"Artista adventista combina la adoraci\u00f3n y la creatividad mediante sus cuadros"}]},{"@type":"WebSite","@id":"https:\/\/interamerica.org\/es\/#website","url":"https:\/\/interamerica.org\/es\/","name":"Iglesia Adventista del S\u00e9ptimo D\u00eda - Divisi\u00f3n Interamericana","description":"","potentialAction":[{"@type":"SearchAction","target":{"@type":"EntryPoint","urlTemplate":"https:\/\/interamerica.org\/es\/?s={search_term_string}"},"query-input":{"@type":"PropertyValueSpecification","valueRequired":true,"valueName":"search_term_string"}}],"inLanguage":"es"},{"@type":"Person","@id":"https:\/\/interamerica.org\/es\/#\/schema\/person\/29998f2bc2d8bd0d38662909289b54f1","name":"libna","image":{"@type":"ImageObject","inLanguage":"es","@id":"https:\/\/secure.gravatar.com\/avatar\/7c5bd30ae4b47a9ba3c856590957fd1d96dc588bf3ac05719d247e126840331f?s=96&d=mm&r=g","url":"https:\/\/secure.gravatar.com\/avatar\/7c5bd30ae4b47a9ba3c856590957fd1d96dc588bf3ac05719d247e126840331f?s=96&d=mm&r=g","contentUrl":"https:\/\/secure.gravatar.com\/avatar\/7c5bd30ae4b47a9ba3c856590957fd1d96dc588bf3ac05719d247e126840331f?s=96&d=mm&r=g","caption":"libna"}}]}},"_links":{"self":[{"href":"https:\/\/interamerica.org\/es\/wp-json\/wp\/v2\/posts\/124544","targetHints":{"allow":["GET"]}}],"collection":[{"href":"https:\/\/interamerica.org\/es\/wp-json\/wp\/v2\/posts"}],"about":[{"href":"https:\/\/interamerica.org\/es\/wp-json\/wp\/v2\/types\/post"}],"author":[{"embeddable":true,"href":"https:\/\/interamerica.org\/es\/wp-json\/wp\/v2\/users\/3"}],"replies":[{"embeddable":true,"href":"https:\/\/interamerica.org\/es\/wp-json\/wp\/v2\/comments?post=124544"}],"version-history":[{"count":0,"href":"https:\/\/interamerica.org\/es\/wp-json\/wp\/v2\/posts\/124544\/revisions"}],"wp:featuredmedia":[{"embeddable":true,"href":"https:\/\/interamerica.org\/es\/wp-json\/wp\/v2\/media\/124361"}],"wp:attachment":[{"href":"https:\/\/interamerica.org\/es\/wp-json\/wp\/v2\/media?parent=124544"}],"wp:term":[{"taxonomy":"category","embeddable":true,"href":"https:\/\/interamerica.org\/es\/wp-json\/wp\/v2\/categories?post=124544"},{"taxonomy":"post_tag","embeddable":true,"href":"https:\/\/interamerica.org\/es\/wp-json\/wp\/v2\/tags?post=124544"}],"curies":[{"name":"wp","href":"https:\/\/api.w.org\/{rel}","templated":true}]}}