{"id":124766,"date":"2025-02-01T22:31:48","date_gmt":"2025-02-02T03:31:48","guid":{"rendered":"https:\/\/interamerica.org\/?p=124766"},"modified":"2025-02-02T20:32:51","modified_gmt":"2025-02-03T01:32:51","slug":"el-sabado-y-la-escatologia","status":"publish","type":"post","link":"https:\/\/interamerica.org\/es\/2025\/02\/el-sabado-y-la-escatologia\/","title":{"rendered":"El s\u00e1bado y la escatolog\u00eda"},"content":{"rendered":"<p class=\"c-post-header__subtitle\"><em>\u00bfPor qu\u00e9 el s\u00e1bado es tan importante en los eventos de los \u00faltimos d\u00edas?<\/em><\/p>\n<p>31 de enero de 2025 | Silver Spring, Maryland, Estados Unidos | \u00c1ngel Manuel Rodr\u00edguez, para Adventist Review<\/p>\n<p>P: <strong>\u00bfPor qu\u00e9 el s\u00e1bado es tan importante en los eventos de los \u00faltimos d\u00edas?<\/strong><\/p>\n<p>Perm\u00edtame compartir con usted algunos pensamientos sobre el gran significado del s\u00e1bado en el fin del conflicto c\u00f3smico.<\/p>\n<p><strong>El s\u00e1bado y el amor de Dios<\/strong><\/p>\n<p>El s\u00e1bado es el \u00fanico mandamiento que identifica a Dios sobre la base de dos de sus actividades: La creaci\u00f3n (\u00c9xo. 20:8, 11) y la redenci\u00f3n (Deut. 5:15). Ambas son, al igual que el evangelio, el resultado de la obra del Hijo de Dios (Juan 1:1-3, 14; Rom. 3:23, 24). La creaci\u00f3n y redenci\u00f3n constituyen las dos manifestaciones p\u00fablicas del amor divino que conocemos. La creaci\u00f3n fue una expresi\u00f3n del amor y la sabidur\u00eda divinas (por ej., G\u00e9n. 1:31; Sal. 19:1; 8:3-6; 1 Juan 4:8, 16), y la redenci\u00f3n, la expresi\u00f3n m\u00e1s gloriosa del amor altruista divino (Juan 3:16; 10:17, 18). Dios tambi\u00e9n nos dio el s\u00e1bado para recordarnos que es un Creador amante. El querub\u00edn ca\u00eddo procurar\u00e1 silenciar el testimonio del s\u00e1bado a la creaci\u00f3n como el primer acto de amor divino y del evangelio de salvaci\u00f3n por medio del amor sacrificial de Cristo.<\/p>\n<p><strong>El s\u00e1bado y el car\u00e1cter de Dios<\/strong><\/p>\n<p>Dado que el dec\u00e1logo es una expresi\u00f3n verbal del car\u00e1cter de Dios y el s\u00e1bado es parte de \u00e9l, un cambio en la ley moral es, en efecto, un ataque contra la integridad y perfecci\u00f3n del car\u00e1cter de Dios. Cualquier modificaci\u00f3n de la ley moral de Dios implicar\u00eda claramente que la ley, y m\u00e1s espec\u00edfica el Dador de ella, son imperfectos. En consecuencia, ser\u00eda legal y moralmente justificable desobedecer esa ley imperfecta. Al cambiar del s\u00e1bado como d\u00eda de reposo al domingo, el querub\u00edn ca\u00eddo esperaba desacreditar el car\u00e1cter de Dios y manifestar su autoridad sobre la ley. Cuando los seres humanos reconocen su autoridad al aceptar el cambio y obedecer el nuevo mandamiento, se someten a \u00e9l como el verdadero legislador.<\/p>\n<p><strong>El s\u00e1bado y la adoraci\u00f3n<\/strong><\/p>\n<p>Un cambio del cuarto mandamiento significar\u00eda adorar a un Dios falso. El s\u00e1bado es un d\u00eda santo, durante el cual los humanos disfrutan de la comuni\u00f3n y adoran al Creador y Redentor (por ej., Isa. 66:23). El querub\u00edn ca\u00eddo modific\u00f3 la ley al cambiar el mandamiento en el cual la ley y la adoraci\u00f3n est\u00e1n interconectadas profundamente. Con un cambio (el del cuarto mandamiento), el querub\u00edn ca\u00eddo busc\u00f3 desacreditar el car\u00e1cter de Dios y volverse objeto de adoraci\u00f3n. La raza humana deber\u00eda recordar que el s\u00e1bado es se\u00f1al del poder creador de Dios, y que, como tal, \u00e9l es el \u00fanico objeto exclusivo de la verdadera adoraci\u00f3n. Los seres humanos deber\u00edan escuchar otra vez una proclamaci\u00f3n del evangelio de salvaci\u00f3n por la fe en Cristo que no se oponga a la ley de Dios. La perpetuidad de la ley tiene que ser proclamada como evidencia de salvaci\u00f3n por la fe en Cristo, que nos impulsa a inclinarnos ante el Creador y Redentor en adoraci\u00f3n sincera.<\/p>\n<p><strong>El s\u00e1bado como se\u00f1al de lealtad<\/strong><\/p>\n<p>La singularidad del s\u00e1bado lo transforma en una se\u00f1al de lealtad a Dios. En la lengua hebrea, el dec\u00e1logo consiste en 152 palabras (\u00c9x. 20:3-17). En el centro mismo hallamos la frase: \u00abPero el s\u00e9ptimo d\u00eda es un s\u00e1bado de Jehov\u00e1\u00bb. Esa frase se convirti\u00f3 en cuesti\u00f3n de debate sobre la historia del s\u00e1bado. La especificidad de \u00abel s\u00e9ptimo d\u00eda\u00bb perturb\u00f3 al mundo cristiano y finalmente fue quitado, sosteniendo que \u00abel s\u00e9ptimo d\u00eda\u00bb es un componente ritual en el cuarto mandamiento sin ning\u00fan valor para los cristianos. En el texto b\u00edblico, la especificidad del mandamiento es una se\u00f1al de lealtad a Dios (\u00c9x. 16:23-30). El querub\u00edn ca\u00eddo se opone a la se\u00f1al de lealtad a Dios para el tiempo del fin, pero ofrece parad\u00f3jicamente a todos un s\u00e1bado espec\u00edfico falso como se\u00f1al de lealtad a \u00e9l (Apoc. 13:16).<\/p>\n<p>El doctor <strong>\u00c1ngel Manuel Rodr\u00edguez<\/strong> se ha jubilado despu\u00e9s de ser pastor profesor y te\u00f3logo.<\/p>\n","protected":false},"excerpt":{"rendered":"<p>\u00bfPor qu\u00e9 el s\u00e1bado es tan importante en los eventos de los \u00faltimos d\u00edas? 31 de enero de 2025 | Silver Spring, Maryland, Estados Unidos | \u00c1ngel Manuel Rodr\u00edguez, para&#8230;<\/p>\n","protected":false},"author":3,"featured_media":124722,"comment_status":"closed","ping_status":"closed","sticky":false,"template":"","format":"standard","meta":{"_acf_changed":false,"footnotes":""},"categories":[14,15],"tags":[],"class_list":["post-124766","post","type-post","status-publish","format-standard","has-post-thumbnail","hentry","category-de-la-iglesia-mundial","category-rss-espanol"],"acf":[],"yoast_head":"<!-- This site is optimized with the Yoast SEO plugin v27.3 - https:\/\/yoast.com\/product\/yoast-seo-wordpress\/ -->\n<title>El s\u00e1bado y la escatolog\u00eda - Iglesia Adventista del S\u00e9ptimo D\u00eda - Divisi\u00f3n Interamericana<\/title>\n<meta name=\"robots\" content=\"index, follow, max-snippet:-1, max-image-preview:large, max-video-preview:-1\" \/>\n<link rel=\"canonical\" href=\"https:\/\/interamerica.org\/es\/2025\/02\/el-sabado-y-la-escatologia\/\" \/>\n<meta property=\"og:locale\" content=\"es_ES\" \/>\n<meta property=\"og:type\" content=\"article\" \/>\n<meta property=\"og:title\" content=\"El s\u00e1bado y la escatolog\u00eda - Iglesia Adventista del S\u00e9ptimo D\u00eda - Divisi\u00f3n Interamericana\" \/>\n<meta property=\"og:description\" content=\"\u00bfPor qu\u00e9 el s\u00e1bado es tan importante en los eventos de los \u00faltimos d\u00edas? 31 de enero de 2025 | Silver Spring, Maryland, Estados Unidos | \u00c1ngel Manuel Rodr\u00edguez, para...\" \/>\n<meta property=\"og:url\" content=\"https:\/\/interamerica.org\/es\/2025\/02\/el-sabado-y-la-escatologia\/\" \/>\n<meta property=\"og:site_name\" content=\"Iglesia Adventista del S\u00e9ptimo D\u00eda - Divisi\u00f3n Interamericana\" \/>\n<meta property=\"article:published_time\" content=\"2025-02-02T03:31:48+00:00\" \/>\n<meta property=\"article:modified_time\" content=\"2025-02-03T01:32:51+00:00\" \/>\n<meta property=\"og:image\" content=\"https:\/\/interamerica.org\/wp-content\/uploads\/2025\/01\/diego-ph-vtitvl4o2ke-unsplash.jpg\" \/>\n\t<meta property=\"og:image:width\" content=\"1000\" \/>\n\t<meta property=\"og:image:height\" content=\"667\" \/>\n\t<meta property=\"og:image:type\" content=\"image\/jpeg\" \/>\n<meta name=\"author\" content=\"libna\" \/>\n<meta name=\"twitter:card\" content=\"summary_large_image\" \/>\n<meta name=\"twitter:label1\" content=\"Escrito por\" \/>\n\t<meta name=\"twitter:data1\" content=\"libna\" \/>\n\t<meta name=\"twitter:label2\" content=\"Tiempo de lectura\" \/>\n\t<meta name=\"twitter:data2\" content=\"4 minutos\" \/>\n<script type=\"application\/ld+json\" class=\"yoast-schema-graph\">{\"@context\":\"https:\\\/\\\/schema.org\",\"@graph\":[{\"@type\":\"Article\",\"@id\":\"https:\\\/\\\/interamerica.org\\\/es\\\/2025\\\/02\\\/el-sabado-y-la-escatologia\\\/#article\",\"isPartOf\":{\"@id\":\"https:\\\/\\\/interamerica.org\\\/es\\\/2025\\\/02\\\/el-sabado-y-la-escatologia\\\/\"},\"author\":{\"name\":\"libna\",\"@id\":\"https:\\\/\\\/interamerica.org\\\/es\\\/#\\\/schema\\\/person\\\/29998f2bc2d8bd0d38662909289b54f1\"},\"headline\":\"El s\u00e1bado y la escatolog\u00eda\",\"datePublished\":\"2025-02-02T03:31:48+00:00\",\"dateModified\":\"2025-02-03T01:32:51+00:00\",\"mainEntityOfPage\":{\"@id\":\"https:\\\/\\\/interamerica.org\\\/es\\\/2025\\\/02\\\/el-sabado-y-la-escatologia\\\/\"},\"wordCount\":758,\"image\":{\"@id\":\"https:\\\/\\\/interamerica.org\\\/es\\\/2025\\\/02\\\/el-sabado-y-la-escatologia\\\/#primaryimage\"},\"thumbnailUrl\":\"https:\\\/\\\/interamerica.org\\\/wp-content\\\/uploads\\\/2025\\\/01\\\/diego-ph-vtitvl4o2ke-unsplash.jpg\",\"articleSection\":[\"Desde la iglesia mundial\",\"RSS Espa\u00f1ol\"],\"inLanguage\":\"es\"},{\"@type\":\"WebPage\",\"@id\":\"https:\\\/\\\/interamerica.org\\\/es\\\/2025\\\/02\\\/el-sabado-y-la-escatologia\\\/\",\"url\":\"https:\\\/\\\/interamerica.org\\\/es\\\/2025\\\/02\\\/el-sabado-y-la-escatologia\\\/\",\"name\":\"El s\u00e1bado y la escatolog\u00eda - Iglesia Adventista del S\u00e9ptimo D\u00eda - Divisi\u00f3n Interamericana\",\"isPartOf\":{\"@id\":\"https:\\\/\\\/interamerica.org\\\/es\\\/#website\"},\"primaryImageOfPage\":{\"@id\":\"https:\\\/\\\/interamerica.org\\\/es\\\/2025\\\/02\\\/el-sabado-y-la-escatologia\\\/#primaryimage\"},\"image\":{\"@id\":\"https:\\\/\\\/interamerica.org\\\/es\\\/2025\\\/02\\\/el-sabado-y-la-escatologia\\\/#primaryimage\"},\"thumbnailUrl\":\"https:\\\/\\\/interamerica.org\\\/wp-content\\\/uploads\\\/2025\\\/01\\\/diego-ph-vtitvl4o2ke-unsplash.jpg\",\"datePublished\":\"2025-02-02T03:31:48+00:00\",\"dateModified\":\"2025-02-03T01:32:51+00:00\",\"author\":{\"@id\":\"https:\\\/\\\/interamerica.org\\\/es\\\/#\\\/schema\\\/person\\\/29998f2bc2d8bd0d38662909289b54f1\"},\"breadcrumb\":{\"@id\":\"https:\\\/\\\/interamerica.org\\\/es\\\/2025\\\/02\\\/el-sabado-y-la-escatologia\\\/#breadcrumb\"},\"inLanguage\":\"es\",\"potentialAction\":[{\"@type\":\"ReadAction\",\"target\":[\"https:\\\/\\\/interamerica.org\\\/es\\\/2025\\\/02\\\/el-sabado-y-la-escatologia\\\/\"]}]},{\"@type\":\"ImageObject\",\"inLanguage\":\"es\",\"@id\":\"https:\\\/\\\/interamerica.org\\\/es\\\/2025\\\/02\\\/el-sabado-y-la-escatologia\\\/#primaryimage\",\"url\":\"https:\\\/\\\/interamerica.org\\\/wp-content\\\/uploads\\\/2025\\\/01\\\/diego-ph-vtitvl4o2ke-unsplash.jpg\",\"contentUrl\":\"https:\\\/\\\/interamerica.org\\\/wp-content\\\/uploads\\\/2025\\\/01\\\/diego-ph-vtitvl4o2ke-unsplash.jpg\",\"width\":1000,\"height\":667,\"caption\":\"[\"},{\"@type\":\"BreadcrumbList\",\"@id\":\"https:\\\/\\\/interamerica.org\\\/es\\\/2025\\\/02\\\/el-sabado-y-la-escatologia\\\/#breadcrumb\",\"itemListElement\":[{\"@type\":\"ListItem\",\"position\":1,\"name\":\"Home\",\"item\":\"https:\\\/\\\/interamerica.org\\\/es\\\/\"},{\"@type\":\"ListItem\",\"position\":2,\"name\":\"El s\u00e1bado y la escatolog\u00eda\"}]},{\"@type\":\"WebSite\",\"@id\":\"https:\\\/\\\/interamerica.org\\\/es\\\/#website\",\"url\":\"https:\\\/\\\/interamerica.org\\\/es\\\/\",\"name\":\"Iglesia Adventista del S\u00e9ptimo D\u00eda - Divisi\u00f3n Interamericana\",\"description\":\"\",\"potentialAction\":[{\"@type\":\"SearchAction\",\"target\":{\"@type\":\"EntryPoint\",\"urlTemplate\":\"https:\\\/\\\/interamerica.org\\\/es\\\/?s={search_term_string}\"},\"query-input\":{\"@type\":\"PropertyValueSpecification\",\"valueRequired\":true,\"valueName\":\"search_term_string\"}}],\"inLanguage\":\"es\"},{\"@type\":\"Person\",\"@id\":\"https:\\\/\\\/interamerica.org\\\/es\\\/#\\\/schema\\\/person\\\/29998f2bc2d8bd0d38662909289b54f1\",\"name\":\"libna\",\"image\":{\"@type\":\"ImageObject\",\"inLanguage\":\"es\",\"@id\":\"https:\\\/\\\/secure.gravatar.com\\\/avatar\\\/7c5bd30ae4b47a9ba3c856590957fd1d96dc588bf3ac05719d247e126840331f?s=96&d=mm&r=g\",\"url\":\"https:\\\/\\\/secure.gravatar.com\\\/avatar\\\/7c5bd30ae4b47a9ba3c856590957fd1d96dc588bf3ac05719d247e126840331f?s=96&d=mm&r=g\",\"contentUrl\":\"https:\\\/\\\/secure.gravatar.com\\\/avatar\\\/7c5bd30ae4b47a9ba3c856590957fd1d96dc588bf3ac05719d247e126840331f?s=96&d=mm&r=g\",\"caption\":\"libna\"}}]}<\/script>\n<!-- \/ Yoast SEO plugin. -->","yoast_head_json":{"title":"El s\u00e1bado y la escatolog\u00eda - Iglesia Adventista del S\u00e9ptimo D\u00eda - Divisi\u00f3n Interamericana","robots":{"index":"index","follow":"follow","max-snippet":"max-snippet:-1","max-image-preview":"max-image-preview:large","max-video-preview":"max-video-preview:-1"},"canonical":"https:\/\/interamerica.org\/es\/2025\/02\/el-sabado-y-la-escatologia\/","og_locale":"es_ES","og_type":"article","og_title":"El s\u00e1bado y la escatolog\u00eda - Iglesia Adventista del S\u00e9ptimo D\u00eda - Divisi\u00f3n Interamericana","og_description":"\u00bfPor qu\u00e9 el s\u00e1bado es tan importante en los eventos de los \u00faltimos d\u00edas? 31 de enero de 2025 | Silver Spring, Maryland, Estados Unidos | \u00c1ngel Manuel Rodr\u00edguez, para...","og_url":"https:\/\/interamerica.org\/es\/2025\/02\/el-sabado-y-la-escatologia\/","og_site_name":"Iglesia Adventista del S\u00e9ptimo D\u00eda - Divisi\u00f3n Interamericana","article_published_time":"2025-02-02T03:31:48+00:00","article_modified_time":"2025-02-03T01:32:51+00:00","og_image":[{"width":1000,"height":667,"url":"https:\/\/interamerica.org\/wp-content\/uploads\/2025\/01\/diego-ph-vtitvl4o2ke-unsplash.jpg","type":"image\/jpeg"}],"author":"libna","twitter_card":"summary_large_image","twitter_misc":{"Escrito por":"libna","Tiempo de lectura":"4 minutos"},"schema":{"@context":"https:\/\/schema.org","@graph":[{"@type":"Article","@id":"https:\/\/interamerica.org\/es\/2025\/02\/el-sabado-y-la-escatologia\/#article","isPartOf":{"@id":"https:\/\/interamerica.org\/es\/2025\/02\/el-sabado-y-la-escatologia\/"},"author":{"name":"libna","@id":"https:\/\/interamerica.org\/es\/#\/schema\/person\/29998f2bc2d8bd0d38662909289b54f1"},"headline":"El s\u00e1bado y la escatolog\u00eda","datePublished":"2025-02-02T03:31:48+00:00","dateModified":"2025-02-03T01:32:51+00:00","mainEntityOfPage":{"@id":"https:\/\/interamerica.org\/es\/2025\/02\/el-sabado-y-la-escatologia\/"},"wordCount":758,"image":{"@id":"https:\/\/interamerica.org\/es\/2025\/02\/el-sabado-y-la-escatologia\/#primaryimage"},"thumbnailUrl":"https:\/\/interamerica.org\/wp-content\/uploads\/2025\/01\/diego-ph-vtitvl4o2ke-unsplash.jpg","articleSection":["Desde la iglesia mundial","RSS Espa\u00f1ol"],"inLanguage":"es"},{"@type":"WebPage","@id":"https:\/\/interamerica.org\/es\/2025\/02\/el-sabado-y-la-escatologia\/","url":"https:\/\/interamerica.org\/es\/2025\/02\/el-sabado-y-la-escatologia\/","name":"El s\u00e1bado y la escatolog\u00eda - Iglesia Adventista del S\u00e9ptimo D\u00eda - Divisi\u00f3n Interamericana","isPartOf":{"@id":"https:\/\/interamerica.org\/es\/#website"},"primaryImageOfPage":{"@id":"https:\/\/interamerica.org\/es\/2025\/02\/el-sabado-y-la-escatologia\/#primaryimage"},"image":{"@id":"https:\/\/interamerica.org\/es\/2025\/02\/el-sabado-y-la-escatologia\/#primaryimage"},"thumbnailUrl":"https:\/\/interamerica.org\/wp-content\/uploads\/2025\/01\/diego-ph-vtitvl4o2ke-unsplash.jpg","datePublished":"2025-02-02T03:31:48+00:00","dateModified":"2025-02-03T01:32:51+00:00","author":{"@id":"https:\/\/interamerica.org\/es\/#\/schema\/person\/29998f2bc2d8bd0d38662909289b54f1"},"breadcrumb":{"@id":"https:\/\/interamerica.org\/es\/2025\/02\/el-sabado-y-la-escatologia\/#breadcrumb"},"inLanguage":"es","potentialAction":[{"@type":"ReadAction","target":["https:\/\/interamerica.org\/es\/2025\/02\/el-sabado-y-la-escatologia\/"]}]},{"@type":"ImageObject","inLanguage":"es","@id":"https:\/\/interamerica.org\/es\/2025\/02\/el-sabado-y-la-escatologia\/#primaryimage","url":"https:\/\/interamerica.org\/wp-content\/uploads\/2025\/01\/diego-ph-vtitvl4o2ke-unsplash.jpg","contentUrl":"https:\/\/interamerica.org\/wp-content\/uploads\/2025\/01\/diego-ph-vtitvl4o2ke-unsplash.jpg","width":1000,"height":667,"caption":"["},{"@type":"BreadcrumbList","@id":"https:\/\/interamerica.org\/es\/2025\/02\/el-sabado-y-la-escatologia\/#breadcrumb","itemListElement":[{"@type":"ListItem","position":1,"name":"Home","item":"https:\/\/interamerica.org\/es\/"},{"@type":"ListItem","position":2,"name":"El s\u00e1bado y la escatolog\u00eda"}]},{"@type":"WebSite","@id":"https:\/\/interamerica.org\/es\/#website","url":"https:\/\/interamerica.org\/es\/","name":"Iglesia Adventista del S\u00e9ptimo D\u00eda - Divisi\u00f3n Interamericana","description":"","potentialAction":[{"@type":"SearchAction","target":{"@type":"EntryPoint","urlTemplate":"https:\/\/interamerica.org\/es\/?s={search_term_string}"},"query-input":{"@type":"PropertyValueSpecification","valueRequired":true,"valueName":"search_term_string"}}],"inLanguage":"es"},{"@type":"Person","@id":"https:\/\/interamerica.org\/es\/#\/schema\/person\/29998f2bc2d8bd0d38662909289b54f1","name":"libna","image":{"@type":"ImageObject","inLanguage":"es","@id":"https:\/\/secure.gravatar.com\/avatar\/7c5bd30ae4b47a9ba3c856590957fd1d96dc588bf3ac05719d247e126840331f?s=96&d=mm&r=g","url":"https:\/\/secure.gravatar.com\/avatar\/7c5bd30ae4b47a9ba3c856590957fd1d96dc588bf3ac05719d247e126840331f?s=96&d=mm&r=g","contentUrl":"https:\/\/secure.gravatar.com\/avatar\/7c5bd30ae4b47a9ba3c856590957fd1d96dc588bf3ac05719d247e126840331f?s=96&d=mm&r=g","caption":"libna"}}]}},"_links":{"self":[{"href":"https:\/\/interamerica.org\/es\/wp-json\/wp\/v2\/posts\/124766","targetHints":{"allow":["GET"]}}],"collection":[{"href":"https:\/\/interamerica.org\/es\/wp-json\/wp\/v2\/posts"}],"about":[{"href":"https:\/\/interamerica.org\/es\/wp-json\/wp\/v2\/types\/post"}],"author":[{"embeddable":true,"href":"https:\/\/interamerica.org\/es\/wp-json\/wp\/v2\/users\/3"}],"replies":[{"embeddable":true,"href":"https:\/\/interamerica.org\/es\/wp-json\/wp\/v2\/comments?post=124766"}],"version-history":[{"count":0,"href":"https:\/\/interamerica.org\/es\/wp-json\/wp\/v2\/posts\/124766\/revisions"}],"wp:featuredmedia":[{"embeddable":true,"href":"https:\/\/interamerica.org\/es\/wp-json\/wp\/v2\/media\/124722"}],"wp:attachment":[{"href":"https:\/\/interamerica.org\/es\/wp-json\/wp\/v2\/media?parent=124766"}],"wp:term":[{"taxonomy":"category","embeddable":true,"href":"https:\/\/interamerica.org\/es\/wp-json\/wp\/v2\/categories?post=124766"},{"taxonomy":"post_tag","embeddable":true,"href":"https:\/\/interamerica.org\/es\/wp-json\/wp\/v2\/tags?post=124766"}],"curies":[{"name":"wp","href":"https:\/\/api.w.org\/{rel}","templated":true}]}}