{"id":125060,"date":"2025-02-07T05:18:42","date_gmt":"2025-02-07T10:18:42","guid":{"rendered":"https:\/\/interamerica.org\/?p=125060"},"modified":"2025-02-07T05:40:25","modified_gmt":"2025-02-07T10:40:25","slug":"la-presencia-de-dios-en-la-crisis-final","status":"publish","type":"post","link":"https:\/\/interamerica.org\/es\/2025\/02\/la-presencia-de-dios-en-la-crisis-final\/","title":{"rendered":"La presencia de Dios en la crisis final"},"content":{"rendered":"<p>7 de febrero del 2025 | Silver Spring, Maryland, Estados Unidos | Ted N.C. Wilson, Presidente de la Asociaci\u00f3n General de los Adventistas del S\u00e9ptimo D\u00eda<\/p>\n<p>Saludos, amigos. En nuestro viaje a trav\u00e9s de el conflicto de los siglos, hemos llegado ahora a lo que parece ser el momento m\u00e1s oscuro para el pueblo de Dios. Pero incluso aqu\u00ed, Dios derrama Su luz.<\/p>\n<p>Este tiempo se describe en Isa\u00edas 26:20, donde leemos: \u00abVen, pueblo m\u00edo, entra en tus c\u00e1maras y cierra tus puertas tras de ti. Esc\u00f3ndete un momento, hasta que pase la indignaci\u00f3n.\u00bb<\/p>\n<p>Aqu\u00ed vemos un tiempo en el que el pueblo de Dios est\u00e1 amenazado universalmente con encarcelamiento e incluso muerte si no se arrodillan ante el falso d\u00eda de adoraci\u00f3n, el domingo. Leemos en El Conflicto de los siglos:<\/p>\n<p>Como el decreto emitido por los diversos gobernantes de la cristiandad contra los que guardan los mandamientos retirar\u00e1 la protecci\u00f3n del gobierno y los abandonar\u00e1 a aquellos que desean su destrucci\u00f3n, el pueblo de Dios huir\u00e1 de las ciudades y pueblos y se asociar\u00e1 en compa\u00f1\u00edas, habitando en los lugares m\u00e1s desolados y solitarios&#8230;<\/p>\n<p>Pero, contin\u00faa el autor inspirado, muchos de todas las naciones y de todas las clases, altos y bajos, ricos y pobres, negros y blancos, ser\u00e1n arrojados a la m\u00e1s injusta y cruel esclavitud. Los amados de Dios pasan d\u00edas cansados, atados en cadenas, encerrados tras barrotes de prisi\u00f3n, condenados a ser asesinados, algunos aparentemente dejados a morir de hambre en oscuros y repugnantes calabozos. Ninguna oreja humana est\u00e1 abierta para escuchar sus gemidos; ninguna mano humana est\u00e1 lista para ofrecerles ayuda.<\/p>\n<p>Qu\u00e9 imagen tan horrible es esta. Si miramos a nuestra propia fuerza, nuestros corazones ciertamente nos fallar\u00edan de miedo. Pero aunque nadie en la tierra pueda ayudar, Dios no olvidar\u00e1 a los suyos.<\/p>\n<p>Tenemos muchos ejemplos alentadores en la Biblia, record\u00e1ndonos c\u00f3mo Dios cuida de los suyos\u2014piensa en No\u00e9 y su familia a quienes Dios preserv\u00f3 en el Arca; Jos\u00e9 en Egipto cuando fue encarcelado por ser fiel a Dios; El\u00edas, cuando Jezabel amenaz\u00f3 con matarlo; Jerem\u00edas en el oscuro y sombr\u00edo pozo. Estaban los tres hebreos fieles en Babilonia que no se inclinaron ante la imagen de oro de Nabucodonosor, y Jes\u00fas camin\u00f3 con ellos en el horno de fuego. Y, por supuesto, est\u00e1 Daniel en el foso de los leones que proclam\u00f3: \u00abMi Dios envi\u00f3 su \u00e1ngel y cerr\u00f3 la boca de los leones para que no me hicieran da\u00f1o, porque fui hallado inocente ante \u00c9l&#8230;\u00bb<\/p>\n<p>Y adem\u00e1s de estos y muchos otros ejemplos, tenemos las preciosas promesas de Dios. En Isa\u00edas 49:15-16, nos asegura: \u00bfPuede una mujer olvidar a su ni\u00f1o de pecho y no tener compasi\u00f3n del hijo de su vientre? Ciertamente, ellas pueden olvidar, pero yo no te olvidar\u00e9. He aqu\u00ed, te he grabado en las palmas de mis manos&#8230; Y en Zacar\u00edas 2:8, se nos dice: \u00abEl que te toca, toca la ni\u00f1a de su ojo.\u00bb<\/p>\n<p>No, mis amigos, no importa cu\u00e1n malas se pongan las cosas, Jes\u00fas nunca nos dejar\u00e1 ni nos abandonar\u00e1. Escuchen esta hermosa descripci\u00f3n de la presencia de Dios con su pueblo durante el tiempo de tribulaci\u00f3n:<\/p>\n<p>Aunque los enemigos puedan arrojarlos a la prisi\u00f3n, las paredes de la mazmorras no pueden cortar la comunicaci\u00f3n entre sus almas y Cristo. Aquel que ve cada una de sus debilidades, que conoce cada prueba, est\u00e1 por encima de todos los poderes terrenales; y los \u00e1ngeles vendr\u00e1n a ellos en celdas solitarias, trayendo luz y paz del cielo. La prisi\u00f3n ser\u00e1 como un palacio; porque los ricos en fe habitan all\u00ed, y las sombr\u00edas paredes se iluminar\u00e1n con luz celestial. . .<\/p>\n<p>Mis hermanos y hermanas, Jes\u00fas viene pronto. Cuando veamos que estas cosas suceden, podemos estar seguros de que est\u00e1 cerca, incluso a las puertas.<\/p>\n<p>Oremos juntos.<\/p>\n<p>Padre celestial, gracias por la seguridad de que estar\u00e1s con nosotros incluso en las situaciones m\u00e1s solitarias y desesperadas. Ay\u00fadanos a\u00a0 apoyarnos completamente en Cristo y Su poder para liberarnos. Se\u00f1or, ac\u00e9rcate a nosotros ahora. Danos el coraje, la fe, la esperanza para mirar hacia el futuro, cuando dependeremos completamente de la mano de Dios en tu mano para guiarnos en las situaciones m\u00e1s desesperadas. Esperamos la pronta venida de Jes\u00fas, y disfrutaremos de la preciosa experiencia de estar juntos con nuestro Salvador por siempre. En el nombre de Jes\u00fas lo pedimos. Am\u00e9n.<\/p>\n","protected":false},"excerpt":{"rendered":"<p>7 de febrero del 2025 | Silver Spring, Maryland, Estados Unidos | Ted N.C. Wilson, Presidente de la Asociaci\u00f3n General de los Adventistas del S\u00e9ptimo D\u00eda Saludos, amigos. En nuestro&#8230;<\/p>\n","protected":false},"author":3,"featured_media":125061,"comment_status":"closed","ping_status":"closed","sticky":false,"template":"","format":"standard","meta":{"_acf_changed":false,"footnotes":""},"categories":[14,15],"tags":[],"class_list":["post-125060","post","type-post","status-publish","format-standard","has-post-thumbnail","hentry","category-de-la-iglesia-mundial","category-rss-espanol"],"acf":[],"yoast_head":"<!-- This site is optimized with the Yoast SEO plugin v27.3 - https:\/\/yoast.com\/product\/yoast-seo-wordpress\/ -->\n<title>La presencia de Dios en la crisis final - Iglesia Adventista del S\u00e9ptimo D\u00eda - Divisi\u00f3n Interamericana<\/title>\n<meta name=\"robots\" content=\"index, follow, max-snippet:-1, max-image-preview:large, max-video-preview:-1\" \/>\n<link rel=\"canonical\" href=\"https:\/\/interamerica.org\/es\/2025\/02\/la-presencia-de-dios-en-la-crisis-final\/\" \/>\n<meta property=\"og:locale\" content=\"es_ES\" \/>\n<meta property=\"og:type\" content=\"article\" \/>\n<meta property=\"og:title\" content=\"La presencia de Dios en la crisis final - Iglesia Adventista del S\u00e9ptimo D\u00eda - Divisi\u00f3n Interamericana\" \/>\n<meta property=\"og:description\" content=\"7 de febrero del 2025 | Silver Spring, Maryland, Estados Unidos | Ted N.C. Wilson, Presidente de la Asociaci\u00f3n General de los Adventistas del S\u00e9ptimo D\u00eda Saludos, amigos. En nuestro...\" \/>\n<meta property=\"og:url\" content=\"https:\/\/interamerica.org\/es\/2025\/02\/la-presencia-de-dios-en-la-crisis-final\/\" \/>\n<meta property=\"og:site_name\" content=\"Iglesia Adventista del S\u00e9ptimo D\u00eda - Divisi\u00f3n Interamericana\" \/>\n<meta property=\"article:published_time\" content=\"2025-02-07T10:18:42+00:00\" \/>\n<meta property=\"article:modified_time\" content=\"2025-02-07T10:40:25+00:00\" \/>\n<meta property=\"og:image\" content=\"https:\/\/interamerica.org\/wp-content\/uploads\/2025\/02\/gods-presence-in-the-final-crisis-es-1024x576.jpg\" \/>\n\t<meta property=\"og:image:width\" content=\"1024\" \/>\n\t<meta property=\"og:image:height\" content=\"576\" \/>\n\t<meta property=\"og:image:type\" content=\"image\/jpeg\" \/>\n<meta name=\"author\" content=\"libna\" \/>\n<meta name=\"twitter:card\" content=\"summary_large_image\" \/>\n<meta name=\"twitter:label1\" content=\"Escrito por\" \/>\n\t<meta name=\"twitter:data1\" content=\"libna\" \/>\n\t<meta name=\"twitter:label2\" content=\"Tiempo de lectura\" \/>\n\t<meta name=\"twitter:data2\" content=\"4 minutos\" \/>\n<script type=\"application\/ld+json\" class=\"yoast-schema-graph\">{\"@context\":\"https:\\\/\\\/schema.org\",\"@graph\":[{\"@type\":\"Article\",\"@id\":\"https:\\\/\\\/interamerica.org\\\/es\\\/2025\\\/02\\\/la-presencia-de-dios-en-la-crisis-final\\\/#article\",\"isPartOf\":{\"@id\":\"https:\\\/\\\/interamerica.org\\\/es\\\/2025\\\/02\\\/la-presencia-de-dios-en-la-crisis-final\\\/\"},\"author\":{\"name\":\"libna\",\"@id\":\"https:\\\/\\\/interamerica.org\\\/es\\\/#\\\/schema\\\/person\\\/29998f2bc2d8bd0d38662909289b54f1\"},\"headline\":\"La presencia de Dios en la crisis final\",\"datePublished\":\"2025-02-07T10:18:42+00:00\",\"dateModified\":\"2025-02-07T10:40:25+00:00\",\"mainEntityOfPage\":{\"@id\":\"https:\\\/\\\/interamerica.org\\\/es\\\/2025\\\/02\\\/la-presencia-de-dios-en-la-crisis-final\\\/\"},\"wordCount\":782,\"image\":{\"@id\":\"https:\\\/\\\/interamerica.org\\\/es\\\/2025\\\/02\\\/la-presencia-de-dios-en-la-crisis-final\\\/#primaryimage\"},\"thumbnailUrl\":\"https:\\\/\\\/interamerica.org\\\/wp-content\\\/uploads\\\/2025\\\/02\\\/gods-presence-in-the-final-crisis-es.jpg\",\"articleSection\":[\"Desde la iglesia mundial\",\"RSS Espa\u00f1ol\"],\"inLanguage\":\"es\"},{\"@type\":\"WebPage\",\"@id\":\"https:\\\/\\\/interamerica.org\\\/es\\\/2025\\\/02\\\/la-presencia-de-dios-en-la-crisis-final\\\/\",\"url\":\"https:\\\/\\\/interamerica.org\\\/es\\\/2025\\\/02\\\/la-presencia-de-dios-en-la-crisis-final\\\/\",\"name\":\"La presencia de Dios en la crisis final - Iglesia Adventista del S\u00e9ptimo D\u00eda - Divisi\u00f3n Interamericana\",\"isPartOf\":{\"@id\":\"https:\\\/\\\/interamerica.org\\\/es\\\/#website\"},\"primaryImageOfPage\":{\"@id\":\"https:\\\/\\\/interamerica.org\\\/es\\\/2025\\\/02\\\/la-presencia-de-dios-en-la-crisis-final\\\/#primaryimage\"},\"image\":{\"@id\":\"https:\\\/\\\/interamerica.org\\\/es\\\/2025\\\/02\\\/la-presencia-de-dios-en-la-crisis-final\\\/#primaryimage\"},\"thumbnailUrl\":\"https:\\\/\\\/interamerica.org\\\/wp-content\\\/uploads\\\/2025\\\/02\\\/gods-presence-in-the-final-crisis-es.jpg\",\"datePublished\":\"2025-02-07T10:18:42+00:00\",\"dateModified\":\"2025-02-07T10:40:25+00:00\",\"author\":{\"@id\":\"https:\\\/\\\/interamerica.org\\\/es\\\/#\\\/schema\\\/person\\\/29998f2bc2d8bd0d38662909289b54f1\"},\"breadcrumb\":{\"@id\":\"https:\\\/\\\/interamerica.org\\\/es\\\/2025\\\/02\\\/la-presencia-de-dios-en-la-crisis-final\\\/#breadcrumb\"},\"inLanguage\":\"es\",\"potentialAction\":[{\"@type\":\"ReadAction\",\"target\":[\"https:\\\/\\\/interamerica.org\\\/es\\\/2025\\\/02\\\/la-presencia-de-dios-en-la-crisis-final\\\/\"]}]},{\"@type\":\"ImageObject\",\"inLanguage\":\"es\",\"@id\":\"https:\\\/\\\/interamerica.org\\\/es\\\/2025\\\/02\\\/la-presencia-de-dios-en-la-crisis-final\\\/#primaryimage\",\"url\":\"https:\\\/\\\/interamerica.org\\\/wp-content\\\/uploads\\\/2025\\\/02\\\/gods-presence-in-the-final-crisis-es.jpg\",\"contentUrl\":\"https:\\\/\\\/interamerica.org\\\/wp-content\\\/uploads\\\/2025\\\/02\\\/gods-presence-in-the-final-crisis-es.jpg\",\"width\":1921,\"height\":1080},{\"@type\":\"BreadcrumbList\",\"@id\":\"https:\\\/\\\/interamerica.org\\\/es\\\/2025\\\/02\\\/la-presencia-de-dios-en-la-crisis-final\\\/#breadcrumb\",\"itemListElement\":[{\"@type\":\"ListItem\",\"position\":1,\"name\":\"Home\",\"item\":\"https:\\\/\\\/interamerica.org\\\/es\\\/\"},{\"@type\":\"ListItem\",\"position\":2,\"name\":\"La presencia de Dios en la crisis final\"}]},{\"@type\":\"WebSite\",\"@id\":\"https:\\\/\\\/interamerica.org\\\/es\\\/#website\",\"url\":\"https:\\\/\\\/interamerica.org\\\/es\\\/\",\"name\":\"Iglesia Adventista del S\u00e9ptimo D\u00eda - Divisi\u00f3n Interamericana\",\"description\":\"\",\"potentialAction\":[{\"@type\":\"SearchAction\",\"target\":{\"@type\":\"EntryPoint\",\"urlTemplate\":\"https:\\\/\\\/interamerica.org\\\/es\\\/?s={search_term_string}\"},\"query-input\":{\"@type\":\"PropertyValueSpecification\",\"valueRequired\":true,\"valueName\":\"search_term_string\"}}],\"inLanguage\":\"es\"},{\"@type\":\"Person\",\"@id\":\"https:\\\/\\\/interamerica.org\\\/es\\\/#\\\/schema\\\/person\\\/29998f2bc2d8bd0d38662909289b54f1\",\"name\":\"libna\",\"image\":{\"@type\":\"ImageObject\",\"inLanguage\":\"es\",\"@id\":\"https:\\\/\\\/secure.gravatar.com\\\/avatar\\\/7c5bd30ae4b47a9ba3c856590957fd1d96dc588bf3ac05719d247e126840331f?s=96&d=mm&r=g\",\"url\":\"https:\\\/\\\/secure.gravatar.com\\\/avatar\\\/7c5bd30ae4b47a9ba3c856590957fd1d96dc588bf3ac05719d247e126840331f?s=96&d=mm&r=g\",\"contentUrl\":\"https:\\\/\\\/secure.gravatar.com\\\/avatar\\\/7c5bd30ae4b47a9ba3c856590957fd1d96dc588bf3ac05719d247e126840331f?s=96&d=mm&r=g\",\"caption\":\"libna\"}}]}<\/script>\n<!-- \/ Yoast SEO plugin. -->","yoast_head_json":{"title":"La presencia de Dios en la crisis final - Iglesia Adventista del S\u00e9ptimo D\u00eda - Divisi\u00f3n Interamericana","robots":{"index":"index","follow":"follow","max-snippet":"max-snippet:-1","max-image-preview":"max-image-preview:large","max-video-preview":"max-video-preview:-1"},"canonical":"https:\/\/interamerica.org\/es\/2025\/02\/la-presencia-de-dios-en-la-crisis-final\/","og_locale":"es_ES","og_type":"article","og_title":"La presencia de Dios en la crisis final - Iglesia Adventista del S\u00e9ptimo D\u00eda - Divisi\u00f3n Interamericana","og_description":"7 de febrero del 2025 | Silver Spring, Maryland, Estados Unidos | Ted N.C. Wilson, Presidente de la Asociaci\u00f3n General de los Adventistas del S\u00e9ptimo D\u00eda Saludos, amigos. En nuestro...","og_url":"https:\/\/interamerica.org\/es\/2025\/02\/la-presencia-de-dios-en-la-crisis-final\/","og_site_name":"Iglesia Adventista del S\u00e9ptimo D\u00eda - Divisi\u00f3n Interamericana","article_published_time":"2025-02-07T10:18:42+00:00","article_modified_time":"2025-02-07T10:40:25+00:00","og_image":[{"width":1024,"height":576,"url":"https:\/\/interamerica.org\/wp-content\/uploads\/2025\/02\/gods-presence-in-the-final-crisis-es-1024x576.jpg","type":"image\/jpeg"}],"author":"libna","twitter_card":"summary_large_image","twitter_misc":{"Escrito por":"libna","Tiempo de lectura":"4 minutos"},"schema":{"@context":"https:\/\/schema.org","@graph":[{"@type":"Article","@id":"https:\/\/interamerica.org\/es\/2025\/02\/la-presencia-de-dios-en-la-crisis-final\/#article","isPartOf":{"@id":"https:\/\/interamerica.org\/es\/2025\/02\/la-presencia-de-dios-en-la-crisis-final\/"},"author":{"name":"libna","@id":"https:\/\/interamerica.org\/es\/#\/schema\/person\/29998f2bc2d8bd0d38662909289b54f1"},"headline":"La presencia de Dios en la crisis final","datePublished":"2025-02-07T10:18:42+00:00","dateModified":"2025-02-07T10:40:25+00:00","mainEntityOfPage":{"@id":"https:\/\/interamerica.org\/es\/2025\/02\/la-presencia-de-dios-en-la-crisis-final\/"},"wordCount":782,"image":{"@id":"https:\/\/interamerica.org\/es\/2025\/02\/la-presencia-de-dios-en-la-crisis-final\/#primaryimage"},"thumbnailUrl":"https:\/\/interamerica.org\/wp-content\/uploads\/2025\/02\/gods-presence-in-the-final-crisis-es.jpg","articleSection":["Desde la iglesia mundial","RSS Espa\u00f1ol"],"inLanguage":"es"},{"@type":"WebPage","@id":"https:\/\/interamerica.org\/es\/2025\/02\/la-presencia-de-dios-en-la-crisis-final\/","url":"https:\/\/interamerica.org\/es\/2025\/02\/la-presencia-de-dios-en-la-crisis-final\/","name":"La presencia de Dios en la crisis final - Iglesia Adventista del S\u00e9ptimo D\u00eda - Divisi\u00f3n Interamericana","isPartOf":{"@id":"https:\/\/interamerica.org\/es\/#website"},"primaryImageOfPage":{"@id":"https:\/\/interamerica.org\/es\/2025\/02\/la-presencia-de-dios-en-la-crisis-final\/#primaryimage"},"image":{"@id":"https:\/\/interamerica.org\/es\/2025\/02\/la-presencia-de-dios-en-la-crisis-final\/#primaryimage"},"thumbnailUrl":"https:\/\/interamerica.org\/wp-content\/uploads\/2025\/02\/gods-presence-in-the-final-crisis-es.jpg","datePublished":"2025-02-07T10:18:42+00:00","dateModified":"2025-02-07T10:40:25+00:00","author":{"@id":"https:\/\/interamerica.org\/es\/#\/schema\/person\/29998f2bc2d8bd0d38662909289b54f1"},"breadcrumb":{"@id":"https:\/\/interamerica.org\/es\/2025\/02\/la-presencia-de-dios-en-la-crisis-final\/#breadcrumb"},"inLanguage":"es","potentialAction":[{"@type":"ReadAction","target":["https:\/\/interamerica.org\/es\/2025\/02\/la-presencia-de-dios-en-la-crisis-final\/"]}]},{"@type":"ImageObject","inLanguage":"es","@id":"https:\/\/interamerica.org\/es\/2025\/02\/la-presencia-de-dios-en-la-crisis-final\/#primaryimage","url":"https:\/\/interamerica.org\/wp-content\/uploads\/2025\/02\/gods-presence-in-the-final-crisis-es.jpg","contentUrl":"https:\/\/interamerica.org\/wp-content\/uploads\/2025\/02\/gods-presence-in-the-final-crisis-es.jpg","width":1921,"height":1080},{"@type":"BreadcrumbList","@id":"https:\/\/interamerica.org\/es\/2025\/02\/la-presencia-de-dios-en-la-crisis-final\/#breadcrumb","itemListElement":[{"@type":"ListItem","position":1,"name":"Home","item":"https:\/\/interamerica.org\/es\/"},{"@type":"ListItem","position":2,"name":"La presencia de Dios en la crisis final"}]},{"@type":"WebSite","@id":"https:\/\/interamerica.org\/es\/#website","url":"https:\/\/interamerica.org\/es\/","name":"Iglesia Adventista del S\u00e9ptimo D\u00eda - Divisi\u00f3n Interamericana","description":"","potentialAction":[{"@type":"SearchAction","target":{"@type":"EntryPoint","urlTemplate":"https:\/\/interamerica.org\/es\/?s={search_term_string}"},"query-input":{"@type":"PropertyValueSpecification","valueRequired":true,"valueName":"search_term_string"}}],"inLanguage":"es"},{"@type":"Person","@id":"https:\/\/interamerica.org\/es\/#\/schema\/person\/29998f2bc2d8bd0d38662909289b54f1","name":"libna","image":{"@type":"ImageObject","inLanguage":"es","@id":"https:\/\/secure.gravatar.com\/avatar\/7c5bd30ae4b47a9ba3c856590957fd1d96dc588bf3ac05719d247e126840331f?s=96&d=mm&r=g","url":"https:\/\/secure.gravatar.com\/avatar\/7c5bd30ae4b47a9ba3c856590957fd1d96dc588bf3ac05719d247e126840331f?s=96&d=mm&r=g","contentUrl":"https:\/\/secure.gravatar.com\/avatar\/7c5bd30ae4b47a9ba3c856590957fd1d96dc588bf3ac05719d247e126840331f?s=96&d=mm&r=g","caption":"libna"}}]}},"_links":{"self":[{"href":"https:\/\/interamerica.org\/es\/wp-json\/wp\/v2\/posts\/125060","targetHints":{"allow":["GET"]}}],"collection":[{"href":"https:\/\/interamerica.org\/es\/wp-json\/wp\/v2\/posts"}],"about":[{"href":"https:\/\/interamerica.org\/es\/wp-json\/wp\/v2\/types\/post"}],"author":[{"embeddable":true,"href":"https:\/\/interamerica.org\/es\/wp-json\/wp\/v2\/users\/3"}],"replies":[{"embeddable":true,"href":"https:\/\/interamerica.org\/es\/wp-json\/wp\/v2\/comments?post=125060"}],"version-history":[{"count":0,"href":"https:\/\/interamerica.org\/es\/wp-json\/wp\/v2\/posts\/125060\/revisions"}],"wp:featuredmedia":[{"embeddable":true,"href":"https:\/\/interamerica.org\/es\/wp-json\/wp\/v2\/media\/125061"}],"wp:attachment":[{"href":"https:\/\/interamerica.org\/es\/wp-json\/wp\/v2\/media?parent=125060"}],"wp:term":[{"taxonomy":"category","embeddable":true,"href":"https:\/\/interamerica.org\/es\/wp-json\/wp\/v2\/categories?post=125060"},{"taxonomy":"post_tag","embeddable":true,"href":"https:\/\/interamerica.org\/es\/wp-json\/wp\/v2\/tags?post=125060"}],"curies":[{"name":"wp","href":"https:\/\/api.w.org\/{rel}","templated":true}]}}