{"id":125406,"date":"2025-02-19T12:35:36","date_gmt":"2025-02-19T17:35:36","guid":{"rendered":"https:\/\/interamerica.org\/?p=125406"},"modified":"2025-02-19T16:11:34","modified_gmt":"2025-02-19T21:11:34","slug":"en-mexico-los-ancianos-de-iglesia-de-chiapas-se-preparan-para-grandes-esfuerzos-de-evangelizacion-y-record-de-bautismos","status":"publish","type":"post","link":"https:\/\/interamerica.org\/es\/2025\/02\/en-mexico-los-ancianos-de-iglesia-de-chiapas-se-preparan-para-grandes-esfuerzos-de-evangelizacion-y-record-de-bautismos\/","title":{"rendered":"En M\u00e9xico, los ancianos de iglesia de Chiapas se preparan para grandes esfuerzos de evangelizaci\u00f3n y r\u00e9cord de bautismos"},"content":{"rendered":"<p><div id=\"attachment_125360\" style=\"width: 1010px\" class=\"wp-caption aligncenter\"><img fetchpriority=\"high\" decoding=\"async\" aria-describedby=\"caption-attachment-125360\" class=\"size-full wp-image-125360\" src=\"https:\/\/interamerica.org\/wp-content\/uploads\/2025\/02\/cima-elders-praying-soconusco-jan2025.jpg\" alt=\"\" width=\"1000\" height=\"563\" srcset=\"https:\/\/interamerica.org\/wp-content\/uploads\/2025\/02\/cima-elders-praying-soconusco-jan2025.jpg 1000w, https:\/\/interamerica.org\/wp-content\/uploads\/2025\/02\/cima-elders-praying-soconusco-jan2025-300x169.jpg 300w, https:\/\/interamerica.org\/wp-content\/uploads\/2025\/02\/cima-elders-praying-soconusco-jan2025-768x432.jpg 768w\" sizes=\"(max-width: 1000px) 100vw, 1000px\" \/><p id=\"caption-attachment-125360\" class=\"wp-caption-text\">Los ancianos de iglesia de la Asociaci\u00f3n del Soconusco en Chiapas, M\u00e9xico, reciben oraciones durante un momento de dedicaci\u00f3n, durante una sesi\u00f3n especial de capacitaci\u00f3n en evangelismo el 11 de enero de 2025. Unos 8000 ancianos y l\u00edderes de iglesias en todo el territorio de la Uni\u00f3n Mexicana de Chiapas se reunieron del 10 al 18 de enero en auditorios, iglesias y centros para recibir inspiraci\u00f3n y capacitaci\u00f3n, y para comprometerse a duplicar los esfuerzos de difundir el evangelio con el objetivo de bautizar a m\u00e1s de 38.000 nuevos creyentes en los primeros cuatro meses del a\u00f1o. [Fotograf\u00eda: Medios de la Uni\u00f3n Mexicana de Chiapas]<\/p><\/div>Alrededor de 8000 ancianos de iglesia se comprometen a movilizar a sus miembros para recibir a los nuevos creyentes en los primeros cuatro meses del a\u00f1o<\/p>\n<p>18 de febrero de 2025 | Tuxtla Guti\u00e9rrez, Chiapas, M\u00e9xico | Yosainy Oyaga, Uriel Castellanos y Noticias de la Divisi\u00f3n Interamericana<\/p>\n<p>La Iglesia Adventista del S\u00e9ptimo D\u00eda en Chiapas, M\u00e9xico, ha comenzado a capacitar y preparar a los ancianos de las iglesias locales en sus m\u00e1s de 3000 iglesias, en preparaci\u00f3n para intensos esfuerzos de evangelizaci\u00f3n destinados a alcanzar un n\u00famero hist\u00f3rico de bautismos para fines de abril.<\/p>\n<p>Alrededor de 8000 ancianos ordenados se reunieron en varios lugares de los nueve campos regionales del 10 al 18 de enero de 2025 para recibir inspiraci\u00f3n y capacitaci\u00f3n, y para comprometerse a\u00fan m\u00e1s con la misi\u00f3n durante un impacto de evangelizaci\u00f3n sin precedentes, inform\u00f3 el pastor Ignacio Navarro, presidente de la Uni\u00f3n Mexicana de Chiapas.<\/p>\n<p><div id=\"attachment_125351\" style=\"width: 1010px\" class=\"wp-caption aligncenter\"><img decoding=\"async\" aria-describedby=\"caption-attachment-125351\" class=\"size-full wp-image-125351\" src=\"https:\/\/interamerica.org\/wp-content\/uploads\/2025\/02\/ignacio-navarro-cima-jan2025.jpg\" alt=\"\" width=\"1000\" height=\"676\" srcset=\"https:\/\/interamerica.org\/wp-content\/uploads\/2025\/02\/ignacio-navarro-cima-jan2025.jpg 1000w, https:\/\/interamerica.org\/wp-content\/uploads\/2025\/02\/ignacio-navarro-cima-jan2025-300x203.jpg 300w, https:\/\/interamerica.org\/wp-content\/uploads\/2025\/02\/ignacio-navarro-cima-jan2025-768x519.jpg 768w\" sizes=\"(max-width: 1000px) 100vw, 1000px\" \/><p id=\"caption-attachment-125351\" class=\"wp-caption-text\">El pastor Ignacio Navarro (segundo desde la derecha), presidente de la Uni\u00f3n Mexicana de Chiapas, habla a cientos de ancianos y l\u00edderes de las iglesias locales en el Campamento Las Sauces de la iglesia durante su visita y a los administradores de la Conferencia del Alto Chiapas. [Fotograf\u00eda: Medios de la Uni\u00f3n Mexicana de Chiapas]<\/p><\/div>Estas sesiones especiales de capacitaci\u00f3n en evangelizaci\u00f3n fueron parte de una agenda misionera en todo el territorio liderada por la Uni\u00f3n Mexicana de Chiapas, en coordinaci\u00f3n con la Divisi\u00f3n Interamericana, para incrementar la difusi\u00f3n del evangelio antes de una gran celebraci\u00f3n bautismal en Tuxtla Guti\u00e9rrez, Chiapas, el 26 de abril de 2025. Los l\u00edderes de la iglesia estiman que m\u00e1s de 38.000 nuevos creyentes se unir\u00e1n a la iglesia en los primeros cuatro meses del a\u00f1o.<\/p>\n<p>Durante su visita a Chiapas, el pastor Balvin Braham, vicepresidente de la Divisi\u00f3n Interamericana y a cargo de supervisar los esfuerzos de evangelizaci\u00f3n, anim\u00f3 a los ancianos de iglesia para que refuercen su compromiso. \u201cDios los est\u00e1 llamando a ser parte de esta maravillosa obra de preparar a otros para el reino de los cielos\u201d, dijo Braham. \u201cEstamos promoviendo \u2018Toda la Familia en Misi\u00f3n\u2019 y orando por el derramamiento del Esp\u00edritu Santo sobre este hermoso esfuerzo. La meta era bautizar a m\u00e1s de 20.000 personas en estos cuatro meses, pero la Uni\u00f3n de Chiapas se ha fijado la meta de llegar a 38.612\u201d. Braham comparti\u00f3 que, el 26 de abril, los l\u00edderes estimaron que m\u00e1s de 70.000 personas se bautizar\u00e1n en todo el territorio de la Divisi\u00f3n Interamericana.<\/p>\n<p><div id=\"attachment_125366\" style=\"width: 1010px\" class=\"wp-caption aligncenter\"><img decoding=\"async\" aria-describedby=\"caption-attachment-125366\" class=\"size-full wp-image-125364\" src=\"https:\/\/interamerica.org\/wp-content\/uploads\/2025\/02\/balvinbraham-cima-elders-evanelism-jan2025.jpg\" alt=\"\" width=\"1000\" height=\"610\" srcset=\"https:\/\/interamerica.org\/wp-content\/uploads\/2025\/02\/balvinbraham-cima-elders-evanelism-jan2025.jpg 1000w, https:\/\/interamerica.org\/wp-content\/uploads\/2025\/02\/balvinbraham-cima-elders-evanelism-jan2025-300x183.jpg 300w, https:\/\/interamerica.org\/wp-content\/uploads\/2025\/02\/balvinbraham-cima-elders-evanelism-jan2025-768x468.jpg 768w\" sizes=\"(max-width: 1000px) 100vw, 1000px\" \/><p id=\"caption-attachment-125366\" class=\"wp-caption-text\">El pastor Balvin Braham, vicepresidente de la Divisi\u00f3n Interamericana a cargo de supervisar la evangelizaci\u00f3n, se dirige a los l\u00edderes de la iglesia local para que incrementen su compromiso con la movilizaci\u00f3n de los miembros de iglesia en sus congregaciones, para que se involucren plenamente en la difusi\u00f3n del evangelio en sus comunidades. [Fotograf\u00eda: Medios de la Uni\u00f3n Mexicana de Chiapas]<\/p><\/div><strong>Movilizaci\u00f3n de l\u00edderes y miembros<\/strong><\/p>\n<p>Esta es la primera vez que la iglesia de la Uni\u00f3n Mexicana de Chiapas ha intentado movilizar a tantos de sus miembros para llevar a cabo un r\u00e9cord de bautismos en solo cuatro meses, dijeron los l\u00edderes de la uni\u00f3n. Tan solo el a\u00f1o pasado, se llevaron a cabo casi 23.000 bautismos en todas las iglesias de Chiapas, informaron.<\/p>\n<p>\u201cCada a\u00f1o, nuestra uni\u00f3n lleva a cabo una caravana especial enfocada en facultar a los l\u00edderes de la iglesia local, pero este a\u00f1o, se trat\u00f3 espec\u00edficamente de empoderar a los ancianos y l\u00edderes de la iglesia en el plan de evangelizaci\u00f3n que hemos denominado \u2018Esperanza Interamericana: El cielo te espera\u2019\u201d, explic\u00f3 Navarro.<\/p>\n<p><div id=\"attachment_125348\" style=\"width: 1010px\" class=\"wp-caption aligncenter\"><img loading=\"lazy\" decoding=\"async\" aria-describedby=\"caption-attachment-125348\" class=\"wp-image-125346 size-full\" src=\"https:\/\/interamerica.org\/wp-content\/uploads\/2025\/02\/cima-elders-bibles-high-jan2025.jpg\" alt=\"\" width=\"1000\" height=\"667\" srcset=\"https:\/\/interamerica.org\/wp-content\/uploads\/2025\/02\/cima-elders-bibles-high-jan2025.jpg 1000w, https:\/\/interamerica.org\/wp-content\/uploads\/2025\/02\/cima-elders-bibles-high-jan2025-300x200.jpg 300w, https:\/\/interamerica.org\/wp-content\/uploads\/2025\/02\/cima-elders-bibles-high-jan2025-768x512.jpg 768w\" sizes=\"(max-width: 1000px) 100vw, 1000px\" \/><p id=\"caption-attachment-125348\" class=\"wp-caption-text\">Los ancianos de iglesia ordenados sostienen sus nuevas Biblias especialmente dise\u00f1adas en una iglesia adventista de la Misi\u00f3n Bosques, el 14 de enero de 2025. Cada uno de los ancianos de iglesia ordenados recibi\u00f3 una mochila con la Biblia, lecciones de estudios b\u00edblicos y una nueva bata o t\u00fanica bautismal que podr\u00e1n usar al bautizar a los nuevos creyentes de la iglesia en las pr\u00f3ximas semanas. [Fotograf\u00eda: Medios de la Uni\u00f3n Mexicana de Chiapas]<\/p><\/div>Las sesiones de la caravana de evangelizaci\u00f3n contaron con un total de 160 bautismos, como resultado de intensos esfuerzos a principios de enero. El programa incluy\u00f3 conciertos musicales y presentaciones de directores de departamento de la Divisi\u00f3n Interamericana y administradores y l\u00edderes de departamento de la Uni\u00f3n Mexicana de Chiapas.<\/p>\n<p>Los participantes expresaron su alegr\u00eda por la oportunidad de ser parte de ese evento hist\u00f3rico.<\/p>\n<p><strong>Reacciones de los ancianos de iglesia ordenados<\/strong><\/p>\n<p>Orbin Guti\u00e9rrez, anciano de la iglesia adventista Copainal\u00e1 II durante 30 a\u00f1os, comparti\u00f3 su entusiasmo: \u201cPara m\u00ed, esta ha sido una hermosa experiencia, y doy gracias a Dios porque la iglesia nos da la oportunidad de participar en un evento tan especial donde podemos bautizar a nivel distrital. Es una gran alegr\u00eda y un gran privilegio\u201d.<\/p>\n<p><div id=\"attachment_125369\" style=\"width: 1010px\" class=\"wp-caption aligncenter\"><img loading=\"lazy\" decoding=\"async\" aria-describedby=\"caption-attachment-125369\" class=\"size-full wp-image-125367\" src=\"https:\/\/interamerica.org\/wp-content\/uploads\/2025\/02\/cima-baptism-elders-jan2025.jpg\" alt=\"\" width=\"1000\" height=\"667\" srcset=\"https:\/\/interamerica.org\/wp-content\/uploads\/2025\/02\/cima-baptism-elders-jan2025.jpg 1000w, https:\/\/interamerica.org\/wp-content\/uploads\/2025\/02\/cima-baptism-elders-jan2025-300x200.jpg 300w, https:\/\/interamerica.org\/wp-content\/uploads\/2025\/02\/cima-baptism-elders-jan2025-768x512.jpg 768w\" sizes=\"(max-width: 1000px) 100vw, 1000px\" \/><p id=\"caption-attachment-125369\" class=\"wp-caption-text\">Dos de los 14 nuevos creyentes se preparan para ser bautizados por ancianos de iglesia ordenados, durante la sesi\u00f3n de capacitaci\u00f3n celebrada en la Conferencia Grijalva, en una ceremonia especial en Tuxtla Guti\u00e9rrez, Chiapas, M\u00e9xico, el 16 de enero de 2025. [Fotograf\u00edas: Medios de la Uni\u00f3n Mexicana de Chiapas]<\/p><\/div>Levi Morales, de la iglesia adventista Las Nubes en la Asociaci\u00f3n del Soconusco, quien ha sido ordenado anciano hace un a\u00f1o, dijo que no puede explicar exactamente el gozo que siente al ser parte de este esfuerzo de evangelizaci\u00f3n a gran escala. \u201cEste primer evento me impact\u00f3 profundamente debido al empoderamiento que la asociaci\u00f3n y la uni\u00f3n nos est\u00e1n dando para bautizar y dar la bienvenida a aquellos con quienes hemos estado compartiendo estudios b\u00edblicos en la iglesia\u201d, dijo Morales.<\/p>\n<p>\u201cEste es un privilegio que la iglesia nos est\u00e1 dando, y estoy muy agradecido a Dios por esta oportunidad de bautizar y llevar a mi hija a los pies del Se\u00f1or\u201d, dijo Luis Alonso Jim\u00e9nez, anciano de la iglesia adventista Central en el Distrito Honduras de la Asociaci\u00f3n del Alto Chiapas.<\/p>\n<p><div id=\"attachment_125354\" style=\"width: 1010px\" class=\"wp-caption aligncenter\"><img loading=\"lazy\" decoding=\"async\" aria-describedby=\"caption-attachment-125354\" class=\"size-full wp-image-125352\" src=\"https:\/\/interamerica.org\/wp-content\/uploads\/2025\/02\/cima-choir-jan2025.jpg\" alt=\"\" width=\"1000\" height=\"601\" srcset=\"https:\/\/interamerica.org\/wp-content\/uploads\/2025\/02\/cima-choir-jan2025.jpg 1000w, https:\/\/interamerica.org\/wp-content\/uploads\/2025\/02\/cima-choir-jan2025-300x180.jpg 300w, https:\/\/interamerica.org\/wp-content\/uploads\/2025\/02\/cima-choir-jan2025-768x462.jpg 768w\" sizes=\"(max-width: 1000px) 100vw, 1000px\" \/><p id=\"caption-attachment-125354\" class=\"wp-caption-text\">Miembros del Coro de la Uni\u00f3n Mexicana de Chiapas entonan un cantico, durante un concierto que fue parte de las sesiones de capacitaci\u00f3n en evangelismo que se llevan a cabo en el Campamento Las Sauces de la iglesia en la Conferencia del Alto Chiapas, Chiapas, M\u00e9xico. El coro viaj\u00f3 por los nueve campos locales de Chiapas del 10 al 18 de enero de 2025. [Fotograf\u00eda: Medios de la Uni\u00f3n Mexicana de Chiapas]<\/p><\/div>Uziel Roblero, un anciano de iglesia ordenado en la iglesia de la Asociaci\u00f3n Central de Chiapas, dijo que experiment\u00f3 el gozo de bautizar a su hermana mayor, Emma Roblero: \u201cEs la primera vez que bautizo, y fue una experiencia muy especial\u201d, dijo. Doy gracias a Dios por ella y por la oportunidad de participar en esta ceremonia bautismal especial\u201d. Emma comparti\u00f3 que se sent\u00eda bendecida y feliz de haber sido bautizada por su hermano menor y por \u201centregar su vida a Dios\u201d.<\/p>\n<p>Cada anciano de iglesia capacitado en Chiapas recibi\u00f3 una mochila especial con una Biblia, juegos de lecciones de estudios b\u00edblicos, y los ancianos ordenados recibieron una tunica o bata bautismal.<\/p>\n<p>Cientos de pastores, evangelistas y estudiantes de teolog\u00eda de la Universidad de Montemorelos y Linda Vista dirigir\u00e1n campa\u00f1as de evangelizaci\u00f3n en las 3000 iglesias adventistas de Chiapas del 19 al 26 de abril, antes de los miles de bautismos que se llevar\u00e1n a cabo el 26 de abril de 2025.<\/p>\n<p>Traducci\u00f3n de Marcos Paseggi<\/p>\n","protected":false},"excerpt":{"rendered":"<p>Alrededor de 8000 ancianos de iglesia se comprometen a movilizar a sus miembros para recibir a los nuevos creyentes en los primeros cuatro meses del a\u00f1o 18 de febrero de&#8230;<\/p>\n","protected":false},"author":3,"featured_media":125360,"comment_status":"closed","ping_status":"closed","sticky":false,"template":"","format":"standard","meta":{"_acf_changed":false,"footnotes":""},"categories":[17,15],"tags":[],"class_list":["post-125406","post","type-post","status-publish","format-standard","has-post-thumbnail","hentry","category-desde-el-campo","category-rss-espanol"],"acf":[],"yoast_head":"<!-- This site is optimized with the Yoast SEO plugin v27.3 - https:\/\/yoast.com\/product\/yoast-seo-wordpress\/ -->\n<title>En M\u00e9xico, los ancianos de iglesia de Chiapas se preparan para grandes esfuerzos de evangelizaci\u00f3n y r\u00e9cord de bautismos - Iglesia Adventista del S\u00e9ptimo D\u00eda - Divisi\u00f3n Interamericana<\/title>\n<meta name=\"robots\" content=\"index, follow, max-snippet:-1, max-image-preview:large, max-video-preview:-1\" \/>\n<link rel=\"canonical\" href=\"https:\/\/interamerica.org\/es\/2025\/02\/en-mexico-los-ancianos-de-iglesia-de-chiapas-se-preparan-para-grandes-esfuerzos-de-evangelizacion-y-record-de-bautismos\/\" \/>\n<meta property=\"og:locale\" content=\"es_ES\" \/>\n<meta property=\"og:type\" content=\"article\" \/>\n<meta property=\"og:title\" content=\"En M\u00e9xico, los ancianos de iglesia de Chiapas se preparan para grandes esfuerzos de evangelizaci\u00f3n y r\u00e9cord de bautismos - Iglesia Adventista del S\u00e9ptimo D\u00eda - Divisi\u00f3n Interamericana\" \/>\n<meta property=\"og:description\" content=\"Alrededor de 8000 ancianos de iglesia se comprometen a movilizar a sus miembros para recibir a los nuevos creyentes en los primeros cuatro meses del a\u00f1o 18 de febrero de...\" \/>\n<meta property=\"og:url\" content=\"https:\/\/interamerica.org\/es\/2025\/02\/en-mexico-los-ancianos-de-iglesia-de-chiapas-se-preparan-para-grandes-esfuerzos-de-evangelizacion-y-record-de-bautismos\/\" \/>\n<meta property=\"og:site_name\" content=\"Iglesia Adventista del S\u00e9ptimo D\u00eda - Divisi\u00f3n Interamericana\" \/>\n<meta property=\"article:published_time\" content=\"2025-02-19T17:35:36+00:00\" \/>\n<meta property=\"article:modified_time\" content=\"2025-02-19T21:11:34+00:00\" \/>\n<meta property=\"og:image\" content=\"https:\/\/interamerica.org\/wp-content\/uploads\/2025\/02\/cima-elders-praying-soconusco-jan2025.jpg\" \/>\n\t<meta property=\"og:image:width\" content=\"1000\" \/>\n\t<meta property=\"og:image:height\" content=\"563\" \/>\n\t<meta property=\"og:image:type\" content=\"image\/jpeg\" \/>\n<meta name=\"author\" content=\"libna\" \/>\n<meta name=\"twitter:card\" content=\"summary_large_image\" \/>\n<meta name=\"twitter:label1\" content=\"Escrito por\" \/>\n\t<meta name=\"twitter:data1\" content=\"libna\" \/>\n\t<meta name=\"twitter:label2\" content=\"Tiempo de lectura\" \/>\n\t<meta name=\"twitter:data2\" content=\"8 minutos\" \/>\n<script type=\"application\/ld+json\" class=\"yoast-schema-graph\">{\"@context\":\"https:\\\/\\\/schema.org\",\"@graph\":[{\"@type\":\"Article\",\"@id\":\"https:\\\/\\\/interamerica.org\\\/es\\\/2025\\\/02\\\/en-mexico-los-ancianos-de-iglesia-de-chiapas-se-preparan-para-grandes-esfuerzos-de-evangelizacion-y-record-de-bautismos\\\/#article\",\"isPartOf\":{\"@id\":\"https:\\\/\\\/interamerica.org\\\/es\\\/2025\\\/02\\\/en-mexico-los-ancianos-de-iglesia-de-chiapas-se-preparan-para-grandes-esfuerzos-de-evangelizacion-y-record-de-bautismos\\\/\"},\"author\":{\"name\":\"libna\",\"@id\":\"https:\\\/\\\/interamerica.org\\\/es\\\/#\\\/schema\\\/person\\\/29998f2bc2d8bd0d38662909289b54f1\"},\"headline\":\"En M\u00e9xico, los ancianos de iglesia de Chiapas se preparan para grandes esfuerzos de evangelizaci\u00f3n y r\u00e9cord de bautismos\",\"datePublished\":\"2025-02-19T17:35:36+00:00\",\"dateModified\":\"2025-02-19T21:11:34+00:00\",\"mainEntityOfPage\":{\"@id\":\"https:\\\/\\\/interamerica.org\\\/es\\\/2025\\\/02\\\/en-mexico-los-ancianos-de-iglesia-de-chiapas-se-preparan-para-grandes-esfuerzos-de-evangelizacion-y-record-de-bautismos\\\/\"},\"wordCount\":1461,\"image\":{\"@id\":\"https:\\\/\\\/interamerica.org\\\/es\\\/2025\\\/02\\\/en-mexico-los-ancianos-de-iglesia-de-chiapas-se-preparan-para-grandes-esfuerzos-de-evangelizacion-y-record-de-bautismos\\\/#primaryimage\"},\"thumbnailUrl\":\"https:\\\/\\\/interamerica.org\\\/wp-content\\\/uploads\\\/2025\\\/02\\\/cima-elders-praying-soconusco-jan2025.jpg\",\"articleSection\":[\"Desde el campo\",\"RSS Espa\u00f1ol\"],\"inLanguage\":\"es\"},{\"@type\":\"WebPage\",\"@id\":\"https:\\\/\\\/interamerica.org\\\/es\\\/2025\\\/02\\\/en-mexico-los-ancianos-de-iglesia-de-chiapas-se-preparan-para-grandes-esfuerzos-de-evangelizacion-y-record-de-bautismos\\\/\",\"url\":\"https:\\\/\\\/interamerica.org\\\/es\\\/2025\\\/02\\\/en-mexico-los-ancianos-de-iglesia-de-chiapas-se-preparan-para-grandes-esfuerzos-de-evangelizacion-y-record-de-bautismos\\\/\",\"name\":\"En M\u00e9xico, los ancianos de iglesia de Chiapas se preparan para grandes esfuerzos de evangelizaci\u00f3n y r\u00e9cord de bautismos - Iglesia Adventista del S\u00e9ptimo D\u00eda - Divisi\u00f3n Interamericana\",\"isPartOf\":{\"@id\":\"https:\\\/\\\/interamerica.org\\\/es\\\/#website\"},\"primaryImageOfPage\":{\"@id\":\"https:\\\/\\\/interamerica.org\\\/es\\\/2025\\\/02\\\/en-mexico-los-ancianos-de-iglesia-de-chiapas-se-preparan-para-grandes-esfuerzos-de-evangelizacion-y-record-de-bautismos\\\/#primaryimage\"},\"image\":{\"@id\":\"https:\\\/\\\/interamerica.org\\\/es\\\/2025\\\/02\\\/en-mexico-los-ancianos-de-iglesia-de-chiapas-se-preparan-para-grandes-esfuerzos-de-evangelizacion-y-record-de-bautismos\\\/#primaryimage\"},\"thumbnailUrl\":\"https:\\\/\\\/interamerica.org\\\/wp-content\\\/uploads\\\/2025\\\/02\\\/cima-elders-praying-soconusco-jan2025.jpg\",\"datePublished\":\"2025-02-19T17:35:36+00:00\",\"dateModified\":\"2025-02-19T21:11:34+00:00\",\"author\":{\"@id\":\"https:\\\/\\\/interamerica.org\\\/es\\\/#\\\/schema\\\/person\\\/29998f2bc2d8bd0d38662909289b54f1\"},\"breadcrumb\":{\"@id\":\"https:\\\/\\\/interamerica.org\\\/es\\\/2025\\\/02\\\/en-mexico-los-ancianos-de-iglesia-de-chiapas-se-preparan-para-grandes-esfuerzos-de-evangelizacion-y-record-de-bautismos\\\/#breadcrumb\"},\"inLanguage\":\"es\",\"potentialAction\":[{\"@type\":\"ReadAction\",\"target\":[\"https:\\\/\\\/interamerica.org\\\/es\\\/2025\\\/02\\\/en-mexico-los-ancianos-de-iglesia-de-chiapas-se-preparan-para-grandes-esfuerzos-de-evangelizacion-y-record-de-bautismos\\\/\"]}]},{\"@type\":\"ImageObject\",\"inLanguage\":\"es\",\"@id\":\"https:\\\/\\\/interamerica.org\\\/es\\\/2025\\\/02\\\/en-mexico-los-ancianos-de-iglesia-de-chiapas-se-preparan-para-grandes-esfuerzos-de-evangelizacion-y-record-de-bautismos\\\/#primaryimage\",\"url\":\"https:\\\/\\\/interamerica.org\\\/wp-content\\\/uploads\\\/2025\\\/02\\\/cima-elders-praying-soconusco-jan2025.jpg\",\"contentUrl\":\"https:\\\/\\\/interamerica.org\\\/wp-content\\\/uploads\\\/2025\\\/02\\\/cima-elders-praying-soconusco-jan2025.jpg\",\"width\":1000,\"height\":563,\"caption\":\"[Photo: Chiapas Mexican Union Media]\"},{\"@type\":\"BreadcrumbList\",\"@id\":\"https:\\\/\\\/interamerica.org\\\/es\\\/2025\\\/02\\\/en-mexico-los-ancianos-de-iglesia-de-chiapas-se-preparan-para-grandes-esfuerzos-de-evangelizacion-y-record-de-bautismos\\\/#breadcrumb\",\"itemListElement\":[{\"@type\":\"ListItem\",\"position\":1,\"name\":\"Home\",\"item\":\"https:\\\/\\\/interamerica.org\\\/es\\\/\"},{\"@type\":\"ListItem\",\"position\":2,\"name\":\"En M\u00e9xico, los ancianos de iglesia de Chiapas se preparan para grandes esfuerzos de evangelizaci\u00f3n y r\u00e9cord de bautismos\"}]},{\"@type\":\"WebSite\",\"@id\":\"https:\\\/\\\/interamerica.org\\\/es\\\/#website\",\"url\":\"https:\\\/\\\/interamerica.org\\\/es\\\/\",\"name\":\"Iglesia Adventista del S\u00e9ptimo D\u00eda - Divisi\u00f3n Interamericana\",\"description\":\"\",\"potentialAction\":[{\"@type\":\"SearchAction\",\"target\":{\"@type\":\"EntryPoint\",\"urlTemplate\":\"https:\\\/\\\/interamerica.org\\\/es\\\/?s={search_term_string}\"},\"query-input\":{\"@type\":\"PropertyValueSpecification\",\"valueRequired\":true,\"valueName\":\"search_term_string\"}}],\"inLanguage\":\"es\"},{\"@type\":\"Person\",\"@id\":\"https:\\\/\\\/interamerica.org\\\/es\\\/#\\\/schema\\\/person\\\/29998f2bc2d8bd0d38662909289b54f1\",\"name\":\"libna\",\"image\":{\"@type\":\"ImageObject\",\"inLanguage\":\"es\",\"@id\":\"https:\\\/\\\/secure.gravatar.com\\\/avatar\\\/7c5bd30ae4b47a9ba3c856590957fd1d96dc588bf3ac05719d247e126840331f?s=96&d=mm&r=g\",\"url\":\"https:\\\/\\\/secure.gravatar.com\\\/avatar\\\/7c5bd30ae4b47a9ba3c856590957fd1d96dc588bf3ac05719d247e126840331f?s=96&d=mm&r=g\",\"contentUrl\":\"https:\\\/\\\/secure.gravatar.com\\\/avatar\\\/7c5bd30ae4b47a9ba3c856590957fd1d96dc588bf3ac05719d247e126840331f?s=96&d=mm&r=g\",\"caption\":\"libna\"}}]}<\/script>\n<!-- \/ Yoast SEO plugin. -->","yoast_head_json":{"title":"En M\u00e9xico, los ancianos de iglesia de Chiapas se preparan para grandes esfuerzos de evangelizaci\u00f3n y r\u00e9cord de bautismos - Iglesia Adventista del S\u00e9ptimo D\u00eda - Divisi\u00f3n Interamericana","robots":{"index":"index","follow":"follow","max-snippet":"max-snippet:-1","max-image-preview":"max-image-preview:large","max-video-preview":"max-video-preview:-1"},"canonical":"https:\/\/interamerica.org\/es\/2025\/02\/en-mexico-los-ancianos-de-iglesia-de-chiapas-se-preparan-para-grandes-esfuerzos-de-evangelizacion-y-record-de-bautismos\/","og_locale":"es_ES","og_type":"article","og_title":"En M\u00e9xico, los ancianos de iglesia de Chiapas se preparan para grandes esfuerzos de evangelizaci\u00f3n y r\u00e9cord de bautismos - Iglesia Adventista del S\u00e9ptimo D\u00eda - Divisi\u00f3n Interamericana","og_description":"Alrededor de 8000 ancianos de iglesia se comprometen a movilizar a sus miembros para recibir a los nuevos creyentes en los primeros cuatro meses del a\u00f1o 18 de febrero de...","og_url":"https:\/\/interamerica.org\/es\/2025\/02\/en-mexico-los-ancianos-de-iglesia-de-chiapas-se-preparan-para-grandes-esfuerzos-de-evangelizacion-y-record-de-bautismos\/","og_site_name":"Iglesia Adventista del S\u00e9ptimo D\u00eda - Divisi\u00f3n Interamericana","article_published_time":"2025-02-19T17:35:36+00:00","article_modified_time":"2025-02-19T21:11:34+00:00","og_image":[{"width":1000,"height":563,"url":"https:\/\/interamerica.org\/wp-content\/uploads\/2025\/02\/cima-elders-praying-soconusco-jan2025.jpg","type":"image\/jpeg"}],"author":"libna","twitter_card":"summary_large_image","twitter_misc":{"Escrito por":"libna","Tiempo de lectura":"8 minutos"},"schema":{"@context":"https:\/\/schema.org","@graph":[{"@type":"Article","@id":"https:\/\/interamerica.org\/es\/2025\/02\/en-mexico-los-ancianos-de-iglesia-de-chiapas-se-preparan-para-grandes-esfuerzos-de-evangelizacion-y-record-de-bautismos\/#article","isPartOf":{"@id":"https:\/\/interamerica.org\/es\/2025\/02\/en-mexico-los-ancianos-de-iglesia-de-chiapas-se-preparan-para-grandes-esfuerzos-de-evangelizacion-y-record-de-bautismos\/"},"author":{"name":"libna","@id":"https:\/\/interamerica.org\/es\/#\/schema\/person\/29998f2bc2d8bd0d38662909289b54f1"},"headline":"En M\u00e9xico, los ancianos de iglesia de Chiapas se preparan para grandes esfuerzos de evangelizaci\u00f3n y r\u00e9cord de bautismos","datePublished":"2025-02-19T17:35:36+00:00","dateModified":"2025-02-19T21:11:34+00:00","mainEntityOfPage":{"@id":"https:\/\/interamerica.org\/es\/2025\/02\/en-mexico-los-ancianos-de-iglesia-de-chiapas-se-preparan-para-grandes-esfuerzos-de-evangelizacion-y-record-de-bautismos\/"},"wordCount":1461,"image":{"@id":"https:\/\/interamerica.org\/es\/2025\/02\/en-mexico-los-ancianos-de-iglesia-de-chiapas-se-preparan-para-grandes-esfuerzos-de-evangelizacion-y-record-de-bautismos\/#primaryimage"},"thumbnailUrl":"https:\/\/interamerica.org\/wp-content\/uploads\/2025\/02\/cima-elders-praying-soconusco-jan2025.jpg","articleSection":["Desde el campo","RSS Espa\u00f1ol"],"inLanguage":"es"},{"@type":"WebPage","@id":"https:\/\/interamerica.org\/es\/2025\/02\/en-mexico-los-ancianos-de-iglesia-de-chiapas-se-preparan-para-grandes-esfuerzos-de-evangelizacion-y-record-de-bautismos\/","url":"https:\/\/interamerica.org\/es\/2025\/02\/en-mexico-los-ancianos-de-iglesia-de-chiapas-se-preparan-para-grandes-esfuerzos-de-evangelizacion-y-record-de-bautismos\/","name":"En M\u00e9xico, los ancianos de iglesia de Chiapas se preparan para grandes esfuerzos de evangelizaci\u00f3n y r\u00e9cord de bautismos - Iglesia Adventista del S\u00e9ptimo D\u00eda - Divisi\u00f3n Interamericana","isPartOf":{"@id":"https:\/\/interamerica.org\/es\/#website"},"primaryImageOfPage":{"@id":"https:\/\/interamerica.org\/es\/2025\/02\/en-mexico-los-ancianos-de-iglesia-de-chiapas-se-preparan-para-grandes-esfuerzos-de-evangelizacion-y-record-de-bautismos\/#primaryimage"},"image":{"@id":"https:\/\/interamerica.org\/es\/2025\/02\/en-mexico-los-ancianos-de-iglesia-de-chiapas-se-preparan-para-grandes-esfuerzos-de-evangelizacion-y-record-de-bautismos\/#primaryimage"},"thumbnailUrl":"https:\/\/interamerica.org\/wp-content\/uploads\/2025\/02\/cima-elders-praying-soconusco-jan2025.jpg","datePublished":"2025-02-19T17:35:36+00:00","dateModified":"2025-02-19T21:11:34+00:00","author":{"@id":"https:\/\/interamerica.org\/es\/#\/schema\/person\/29998f2bc2d8bd0d38662909289b54f1"},"breadcrumb":{"@id":"https:\/\/interamerica.org\/es\/2025\/02\/en-mexico-los-ancianos-de-iglesia-de-chiapas-se-preparan-para-grandes-esfuerzos-de-evangelizacion-y-record-de-bautismos\/#breadcrumb"},"inLanguage":"es","potentialAction":[{"@type":"ReadAction","target":["https:\/\/interamerica.org\/es\/2025\/02\/en-mexico-los-ancianos-de-iglesia-de-chiapas-se-preparan-para-grandes-esfuerzos-de-evangelizacion-y-record-de-bautismos\/"]}]},{"@type":"ImageObject","inLanguage":"es","@id":"https:\/\/interamerica.org\/es\/2025\/02\/en-mexico-los-ancianos-de-iglesia-de-chiapas-se-preparan-para-grandes-esfuerzos-de-evangelizacion-y-record-de-bautismos\/#primaryimage","url":"https:\/\/interamerica.org\/wp-content\/uploads\/2025\/02\/cima-elders-praying-soconusco-jan2025.jpg","contentUrl":"https:\/\/interamerica.org\/wp-content\/uploads\/2025\/02\/cima-elders-praying-soconusco-jan2025.jpg","width":1000,"height":563,"caption":"[Photo: Chiapas Mexican Union Media]"},{"@type":"BreadcrumbList","@id":"https:\/\/interamerica.org\/es\/2025\/02\/en-mexico-los-ancianos-de-iglesia-de-chiapas-se-preparan-para-grandes-esfuerzos-de-evangelizacion-y-record-de-bautismos\/#breadcrumb","itemListElement":[{"@type":"ListItem","position":1,"name":"Home","item":"https:\/\/interamerica.org\/es\/"},{"@type":"ListItem","position":2,"name":"En M\u00e9xico, los ancianos de iglesia de Chiapas se preparan para grandes esfuerzos de evangelizaci\u00f3n y r\u00e9cord de bautismos"}]},{"@type":"WebSite","@id":"https:\/\/interamerica.org\/es\/#website","url":"https:\/\/interamerica.org\/es\/","name":"Iglesia Adventista del S\u00e9ptimo D\u00eda - Divisi\u00f3n Interamericana","description":"","potentialAction":[{"@type":"SearchAction","target":{"@type":"EntryPoint","urlTemplate":"https:\/\/interamerica.org\/es\/?s={search_term_string}"},"query-input":{"@type":"PropertyValueSpecification","valueRequired":true,"valueName":"search_term_string"}}],"inLanguage":"es"},{"@type":"Person","@id":"https:\/\/interamerica.org\/es\/#\/schema\/person\/29998f2bc2d8bd0d38662909289b54f1","name":"libna","image":{"@type":"ImageObject","inLanguage":"es","@id":"https:\/\/secure.gravatar.com\/avatar\/7c5bd30ae4b47a9ba3c856590957fd1d96dc588bf3ac05719d247e126840331f?s=96&d=mm&r=g","url":"https:\/\/secure.gravatar.com\/avatar\/7c5bd30ae4b47a9ba3c856590957fd1d96dc588bf3ac05719d247e126840331f?s=96&d=mm&r=g","contentUrl":"https:\/\/secure.gravatar.com\/avatar\/7c5bd30ae4b47a9ba3c856590957fd1d96dc588bf3ac05719d247e126840331f?s=96&d=mm&r=g","caption":"libna"}}]}},"_links":{"self":[{"href":"https:\/\/interamerica.org\/es\/wp-json\/wp\/v2\/posts\/125406","targetHints":{"allow":["GET"]}}],"collection":[{"href":"https:\/\/interamerica.org\/es\/wp-json\/wp\/v2\/posts"}],"about":[{"href":"https:\/\/interamerica.org\/es\/wp-json\/wp\/v2\/types\/post"}],"author":[{"embeddable":true,"href":"https:\/\/interamerica.org\/es\/wp-json\/wp\/v2\/users\/3"}],"replies":[{"embeddable":true,"href":"https:\/\/interamerica.org\/es\/wp-json\/wp\/v2\/comments?post=125406"}],"version-history":[{"count":0,"href":"https:\/\/interamerica.org\/es\/wp-json\/wp\/v2\/posts\/125406\/revisions"}],"wp:featuredmedia":[{"embeddable":true,"href":"https:\/\/interamerica.org\/es\/wp-json\/wp\/v2\/media\/125360"}],"wp:attachment":[{"href":"https:\/\/interamerica.org\/es\/wp-json\/wp\/v2\/media?parent=125406"}],"wp:term":[{"taxonomy":"category","embeddable":true,"href":"https:\/\/interamerica.org\/es\/wp-json\/wp\/v2\/categories?post=125406"},{"taxonomy":"post_tag","embeddable":true,"href":"https:\/\/interamerica.org\/es\/wp-json\/wp\/v2\/tags?post=125406"}],"curies":[{"name":"wp","href":"https:\/\/api.w.org\/{rel}","templated":true}]}}