{"id":125408,"date":"2025-02-19T19:17:15","date_gmt":"2025-02-20T00:17:15","guid":{"rendered":"https:\/\/interamerica.org\/?p=125408"},"modified":"2025-02-19T21:29:19","modified_gmt":"2025-02-20T02:29:19","slug":"sorpresa-familiar-en-argentina-pone-de-relieve-el-costo-de-la-mision","status":"publish","type":"post","link":"https:\/\/interamerica.org\/es\/2025\/02\/sorpresa-familiar-en-argentina-pone-de-relieve-el-costo-de-la-mision\/","title":{"rendered":"Sorpresa familiar en Argentina pone de relieve el costo de la misi\u00f3n"},"content":{"rendered":"<div id=\"attachment_125385\" style=\"width: 1034px\" class=\"wp-caption aligncenter\"><img fetchpriority=\"high\" decoding=\"async\" aria-describedby=\"caption-attachment-125385\" class=\"size-large wp-image-125383\" src=\"https:\/\/interamerica.org\/wp-content\/uploads\/2025\/02\/argentina-5-2-1024x583.jpg\" alt=\"\" width=\"1024\" height=\"583\" srcset=\"https:\/\/interamerica.org\/wp-content\/uploads\/2025\/02\/argentina-5-2-1024x583.jpg 1024w, https:\/\/interamerica.org\/wp-content\/uploads\/2025\/02\/argentina-5-2-300x171.jpg 300w, https:\/\/interamerica.org\/wp-content\/uploads\/2025\/02\/argentina-5-2-768x437.jpg 768w, https:\/\/interamerica.org\/wp-content\/uploads\/2025\/02\/argentina-5-2-1536x874.jpg 1536w, https:\/\/interamerica.org\/wp-content\/uploads\/2025\/02\/argentina-5-2.jpg 2048w\" sizes=\"(max-width: 1024px) 100vw, 1024px\" \/><p id=\"caption-attachment-125385\" class=\"wp-caption-text\">Una delegaci\u00f3n dio la bienvenida a Ted N. C. Wilson y su esposa, Nancy, a la Argentina el 13 de febrero. Entre ellos estaban su hija menor y una nieta, que volaron all\u00ed para darles una sorpresa. [Fotograf\u00eda: Alexis Villar]<\/p><\/div>\n<p class=\"c-post-header__subtitle\"><em>El presidente de la Asociaci\u00f3n General, Ted N. C. Wilson, particip\u00f3 en eventos centrados en la misi\u00f3n, inauguraciones.<\/em><\/p>\n<p>19 de febrero de 2025 | Argentina | Marcos Paseggi, <em>Adventist Review<\/em><\/p>\n<p>Cuando el presidente de la Asociaci\u00f3n General, Ted N. C. Wilson, y su esposa, Nancy, visitaron iglesias e instituciones en Am\u00e9rica del Sur a principios de febrero, recibieron una sorpresa especial e inesperada al llegar a Argentina.<\/p>\n<p>\u201cNo ten\u00edamos idea cu\u00e1l ser\u00eda la sorpresa\u201d, dijo Wilson a los profesores, estudiantes y miembros de la comunidad de la Universidad Adventista del Plata (UAP) en Argentina, que se reunieron para escuchar su mensaje en el campus de la instituci\u00f3n en Libertador San Mart\u00edn, Entre R\u00edos, el 15 de febrero.<\/p>\n<p><div id=\"attachment_125388\" style=\"width: 1034px\" class=\"wp-caption aligncenter\"><img decoding=\"async\" aria-describedby=\"caption-attachment-125388\" class=\"size-large wp-image-125386\" src=\"https:\/\/interamerica.org\/wp-content\/uploads\/2025\/02\/argentina-6-2-1024x683.jpg\" alt=\"\" width=\"1024\" height=\"683\" srcset=\"https:\/\/interamerica.org\/wp-content\/uploads\/2025\/02\/argentina-6-2-1024x683.jpg 1024w, https:\/\/interamerica.org\/wp-content\/uploads\/2025\/02\/argentina-6-2-300x200.jpg 300w, https:\/\/interamerica.org\/wp-content\/uploads\/2025\/02\/argentina-6-2-768x512.jpg 768w, https:\/\/interamerica.org\/wp-content\/uploads\/2025\/02\/argentina-6-2.jpg 1065w\" sizes=\"(max-width: 1024px) 100vw, 1024px\" \/><p id=\"caption-attachment-125388\" class=\"wp-caption-text\">Ted N. C. Wilson y su esposa, Nancy, se sorprendieron al encontrarse con su hija menor, Catherine Wilson Renck, y a su hija Charlotte a su llegada a Argentina el 13 de febrero. [Fotograf\u00eda: Universidad Adventista del Plata]<\/p><\/div>Wilson cont\u00f3 que cuando llegaron al aeropuerto de Buenos Aires, el rector de la universidad, Horacio Rizzo, que recibi\u00f3 a la delegaci\u00f3n, les dijo que una exalumna y una futura alumna de la instituci\u00f3n les servir\u00edan de gu\u00edas durante su estad\u00eda. Segundos despu\u00e9s, los Wilson se sorprendieron al ver a su hija menor, Catherine Wilson Renck, y a su hija adolescente, Charlotte, que viven en Estados Unidos. \u201c\u00a1Fue una reuni\u00f3n familiar tan encantadora!\u201d dijo Wilson.<\/p>\n<p>Hace un par de d\u00e9cadas, Renck pas\u00f3 tiempo como voluntaria en la UAP durante varios meses. \u201cCatherine tiene muy buenos recuerdos de la UAP\u201d, reconoci\u00f3 Wilson. Cont\u00f3 que ella creci\u00f3 siguiendo a sus padres misioneros, que vivieron en lugares tales como \u00c1frica Occidental y Rusia y luego tambi\u00e9n fue misionera en Guyana. \u201cEs una hija muy misionera\u201d, dijo Wilson.<\/p>\n<div id=\"attachment_125391\" style=\"width: 1034px\" class=\"wp-caption aligncenter\"><img decoding=\"async\" aria-describedby=\"caption-attachment-125391\" class=\"size-large wp-image-125389\" src=\"https:\/\/interamerica.org\/wp-content\/uploads\/2025\/02\/argentina-7-1-1024x683.jpg\" alt=\"\" width=\"1024\" height=\"683\" srcset=\"https:\/\/interamerica.org\/wp-content\/uploads\/2025\/02\/argentina-7-1-1024x683.jpg 1024w, https:\/\/interamerica.org\/wp-content\/uploads\/2025\/02\/argentina-7-1-300x200.jpg 300w, https:\/\/interamerica.org\/wp-content\/uploads\/2025\/02\/argentina-7-1-768x512.jpg 768w, https:\/\/interamerica.org\/wp-content\/uploads\/2025\/02\/argentina-7-1-1536x1024.jpg 1536w, https:\/\/interamerica.org\/wp-content\/uploads\/2025\/02\/argentina-7-1.jpg 2048w\" sizes=\"(max-width: 1024px) 100vw, 1024px\" \/><p id=\"caption-attachment-125391\" class=\"wp-caption-text\">Ted N. C. Wilson particip\u00f3 de la inauguraci\u00f3n de la nueva sede de la Iglesia Adventista del S\u00e9ptimo D\u00eda en Argentina. [Fotograf\u00eda: Luis S\u00e1nchez]<\/p><\/div>\n<h3 class=\"wp-block-heading\"><strong>Crecer en una familia misionera<\/strong><\/h3>\n<p>El mensaje de Wilson coron\u00f3 un fin de semana con un claro enfoque en la misi\u00f3n, informaron los l\u00edderes de la instituci\u00f3n. Dos d\u00edas antes, Wilson hab\u00eda participado en <a href=\"https:\/\/noticias.adventistas.org\/es\/la-iglesia-adventista-reinaugura-su-sede-central-en-argentina-con-la-presencia-del-pastor-ted-wilson\/\" target=\"_blank\" rel=\"noopener\">la inauguraci\u00f3n de la nueva sede de la Iglesia Adventista en Argentina<\/a>. Y la noche anterior, en un programa especial, los Wilson hab\u00edan compartido algunas de sus experiencias como misioneros, mientras que los l\u00edderes de la instituci\u00f3n dedicaron a j\u00f3venes que se est\u00e1n preparando para servir a donde Dios los gu\u00ede.<\/p>\n<p>El 15 de febrero, Wilson llam\u00f3 a Renck al frente para que pudiera compartir algunas de sus experiencias como hija de una familia misionera.<\/p>\n<p>Renck dijo que para las familias misioneras, que suelen estar muy atareadas, el tiempo que pasan juntos en familia es clave. \u201cMi padre viajaba mucho cuando yo era chica\u201d, reconoci\u00f3. \u201cPero sab\u00eda que los viernes de noche, en las vacaciones y en ocasiones especiales pod\u00edamos estar juntos\u201d.<\/p>\n<p><div id=\"attachment_125394\" style=\"width: 1034px\" class=\"wp-caption aligncenter\"><img loading=\"lazy\" decoding=\"async\" aria-describedby=\"caption-attachment-125394\" class=\"size-large wp-image-125392\" src=\"https:\/\/interamerica.org\/wp-content\/uploads\/2025\/02\/argentina-2-3-1024x683.jpg\" alt=\"\" width=\"1024\" height=\"683\" srcset=\"https:\/\/interamerica.org\/wp-content\/uploads\/2025\/02\/argentina-2-3-1024x683.jpg 1024w, https:\/\/interamerica.org\/wp-content\/uploads\/2025\/02\/argentina-2-3-300x200.jpg 300w, https:\/\/interamerica.org\/wp-content\/uploads\/2025\/02\/argentina-2-3-768x512.jpg 768w, https:\/\/interamerica.org\/wp-content\/uploads\/2025\/02\/argentina-2-3.jpg 1440w\" sizes=\"(max-width: 1024px) 100vw, 1024px\" \/><p id=\"caption-attachment-125394\" class=\"wp-caption-text\">\u201cNo importa lo que hagamos, nuestro enfoque debe ser compartir a Jes\u00fas y su justicia\u00bb, dijo Ted N. C. Wilson a los l\u00edderes y miembros de la iglesia en Argentina. \u201cNo dejemos que nada ni nadie nos distraiga del objetivo\u201d. [Fotograf\u00eda: Universidad Adventista del Plata]<\/p><\/div>Entre las ventajas de crecer en el campo misionero, mencion\u00f3 el ver a la iglesia mundial y no solo a la comunidad de su iglesia local. \u201cSe puede ver todo conectado\u201d, dijo Renck. \u201cSiempre escuchaba que mi padre llamaba a todos \u2018mi hermano\u2019 o \u2018mi hermana\u2019, as\u00ed que cuando llegu\u00e9 aqu\u00ed, ya sab\u00eda que ustedes eran mis hermanos y hermanas. Estaba llegando a una familia, y ustedes me trataron como si fuera de la familia\u201d.<\/p>\n<p>Sin embargo, hay algunas desventajas de ser hijo de misioneros, reconoci\u00f3 Renck. Mencion\u00f3 que es dif\u00edcil saber de d\u00f3nde es uno. \u201cTienes un pa\u00eds de origen, pero tienes cosas que te gustan de cada pa\u00eds en el que has vivido\u201d, explic\u00f3. Renck agreg\u00f3 que Jes\u00fas entiende c\u00f3mo se sienten los ni\u00f1os misioneros, porque \u00e9l tambi\u00e9n vivi\u00f3 en diferentes lugares. \u201cAs\u00ed que si no sabes cu\u00e1l es tu lugar, d\u00e9jame decirte que tu lugar es junto a Cristo\u201d.<\/p>\n<div id=\"attachment_125397\" style=\"width: 1034px\" class=\"wp-caption aligncenter\"><img loading=\"lazy\" decoding=\"async\" aria-describedby=\"caption-attachment-125397\" class=\"size-large wp-image-125395\" src=\"https:\/\/interamerica.org\/wp-content\/uploads\/2025\/02\/argentina-3b-1024x683.png\" alt=\"\" width=\"1024\" height=\"683\" srcset=\"https:\/\/interamerica.org\/wp-content\/uploads\/2025\/02\/argentina-3b-1024x683.png 1024w, https:\/\/interamerica.org\/wp-content\/uploads\/2025\/02\/argentina-3b-300x200.png 300w, https:\/\/interamerica.org\/wp-content\/uploads\/2025\/02\/argentina-3b-768x512.png 768w, https:\/\/interamerica.org\/wp-content\/uploads\/2025\/02\/argentina-3b.png 1440w\" sizes=\"(max-width: 1024px) 100vw, 1024px\" \/><p id=\"caption-attachment-125397\" class=\"wp-caption-text\">Ted N. C. Wilson se dirige a los profesores, estudiantes y miembros de la comunidad de la Universidad Adventista del Plata en Argentina, en Libertador San Mart\u00edn, Entre R\u00edos, el 15 de febrero. [Foto: Universidad Adventista del Plata]<\/p><\/div>\n<h3 class=\"wp-block-heading\"><strong>El verdadero centro de la misi\u00f3n<\/strong><\/h3>\n<p>Wilson, haci\u00e9ndose eco de las palabras de su hija, dijo a los presentes: \u201cEspero que ese sea el mensaje que compartan todos los d\u00edas. Ese es el verdadero enfoque de la misi\u00f3n\u201d.<\/p>\n<p>Usando el ejemplo del ap\u00f3stol Pablo, Wilson llam\u00f3 a todos a \u201colvidar lo que queda atr\u00e1s\u201d y a \u201cextenderse hacia lo que est\u00e1 delante\u201d, \u201cavanzando hacia la meta\u201d, que es el llamado de Dios a cada uno de nosotros (v\u00e9ase Filipenses 3:13, 14). \u201cCuando estamos al lado de Jes\u00fas, nuestra vida se torna m\u00e1s dulce, nuestra visi\u00f3n se aclara y somos elevados hacia cosas de valor eterno\u201d.<\/p>\n<p><div id=\"attachment_125400\" style=\"width: 1034px\" class=\"wp-caption aligncenter\"><img loading=\"lazy\" decoding=\"async\" aria-describedby=\"caption-attachment-125400\" class=\"size-large wp-image-125398\" src=\"https:\/\/interamerica.org\/wp-content\/uploads\/2025\/02\/argentina-4-3-1024x683.jpg\" alt=\"\" width=\"1024\" height=\"683\" srcset=\"https:\/\/interamerica.org\/wp-content\/uploads\/2025\/02\/argentina-4-3-1024x683.jpg 1024w, https:\/\/interamerica.org\/wp-content\/uploads\/2025\/02\/argentina-4-3-300x200.jpg 300w, https:\/\/interamerica.org\/wp-content\/uploads\/2025\/02\/argentina-4-3-768x512.jpg 768w, https:\/\/interamerica.org\/wp-content\/uploads\/2025\/02\/argentina-4-3.jpg 1440w\" sizes=\"(max-width: 1024px) 100vw, 1024px\" \/><p id=\"caption-attachment-125400\" class=\"wp-caption-text\">Nancy Wilson (derecha) con su hija menor, Catherine Wilson Renck, y su nieta Charlotte. [Foto: Universidad Adventista del Plata]<\/p><\/div>En ese contexto, Wilson explic\u00f3 que Pablo nos est\u00e1 diciendo que evitemos las distracciones y nos concentremos en la meta. En lo que concierne a los adventistas del s\u00e9ptimo d\u00eda, esto implica compartir los mensajes de Cristo y sus tres \u00e1ngeles, o los \u00faltimos tres mensajes de advertencia al mundo, como se registra en Apocalipsis 14. Citando a la cofundadora de la Iglesia Adventista, Elena G. de White, dijo que \u201ctenemos una obra por hacer\u201d. E incluye a todos, sin importar si eres un jubilado o un ni\u00f1o. No importa lo que hagamos, nuestro enfoque debe ser compartir a Jes\u00fas y su justicia, dijo. \u201cNo dejes que nada ni nadie te distraiga de tu objetivo\u201d.<\/p>\n<p><em>Este art\u00edculo fue actualizado el martes 18 de febrero de 2025.<\/em><\/p>\n<p>Traducci\u00f3n de Marcos Paseggi<\/p>\n","protected":false},"excerpt":{"rendered":"<p>El presidente de la Asociaci\u00f3n General, Ted N. C. Wilson, particip\u00f3 en eventos centrados en la misi\u00f3n, inauguraciones. 19 de febrero de 2025 | Argentina | Marcos Paseggi, Adventist Review&#8230;<\/p>\n","protected":false},"author":3,"featured_media":125385,"comment_status":"closed","ping_status":"closed","sticky":false,"template":"","format":"standard","meta":{"_acf_changed":false,"footnotes":""},"categories":[14,15],"tags":[],"class_list":["post-125408","post","type-post","status-publish","format-standard","has-post-thumbnail","hentry","category-de-la-iglesia-mundial","category-rss-espanol"],"acf":[],"yoast_head":"<!-- This site is optimized with the Yoast SEO plugin v27.3 - https:\/\/yoast.com\/product\/yoast-seo-wordpress\/ -->\n<title>Sorpresa familiar en Argentina pone de relieve el costo de la misi\u00f3n - Iglesia Adventista del S\u00e9ptimo D\u00eda - Divisi\u00f3n Interamericana<\/title>\n<meta name=\"robots\" content=\"index, follow, max-snippet:-1, max-image-preview:large, max-video-preview:-1\" \/>\n<link rel=\"canonical\" href=\"https:\/\/interamerica.org\/es\/2025\/02\/sorpresa-familiar-en-argentina-pone-de-relieve-el-costo-de-la-mision\/\" \/>\n<meta property=\"og:locale\" content=\"es_ES\" \/>\n<meta property=\"og:type\" content=\"article\" \/>\n<meta property=\"og:title\" content=\"Sorpresa familiar en Argentina pone de relieve el costo de la misi\u00f3n - Iglesia Adventista del S\u00e9ptimo D\u00eda - Divisi\u00f3n Interamericana\" \/>\n<meta property=\"og:description\" content=\"El presidente de la Asociaci\u00f3n General, Ted N. C. Wilson, particip\u00f3 en eventos centrados en la misi\u00f3n, inauguraciones. 19 de febrero de 2025 | Argentina | Marcos Paseggi, Adventist Review...\" \/>\n<meta property=\"og:url\" content=\"https:\/\/interamerica.org\/es\/2025\/02\/sorpresa-familiar-en-argentina-pone-de-relieve-el-costo-de-la-mision\/\" \/>\n<meta property=\"og:site_name\" content=\"Iglesia Adventista del S\u00e9ptimo D\u00eda - Divisi\u00f3n Interamericana\" \/>\n<meta property=\"article:published_time\" content=\"2025-02-20T00:17:15+00:00\" \/>\n<meta property=\"article:modified_time\" content=\"2025-02-20T02:29:19+00:00\" \/>\n<meta property=\"og:image\" content=\"https:\/\/interamerica.org\/wp-content\/uploads\/2025\/02\/argentina-5-2.jpg\" \/>\n\t<meta property=\"og:image:width\" content=\"2048\" \/>\n\t<meta property=\"og:image:height\" content=\"1165\" \/>\n\t<meta property=\"og:image:type\" content=\"image\/jpeg\" \/>\n<meta name=\"author\" content=\"libna\" \/>\n<meta name=\"twitter:card\" content=\"summary_large_image\" \/>\n<meta name=\"twitter:label1\" content=\"Escrito por\" \/>\n\t<meta name=\"twitter:data1\" content=\"libna\" \/>\n\t<meta name=\"twitter:label2\" content=\"Tiempo de lectura\" \/>\n\t<meta name=\"twitter:data2\" content=\"6 minutos\" \/>\n<script type=\"application\/ld+json\" class=\"yoast-schema-graph\">{\"@context\":\"https:\\\/\\\/schema.org\",\"@graph\":[{\"@type\":\"Article\",\"@id\":\"https:\\\/\\\/interamerica.org\\\/es\\\/2025\\\/02\\\/sorpresa-familiar-en-argentina-pone-de-relieve-el-costo-de-la-mision\\\/#article\",\"isPartOf\":{\"@id\":\"https:\\\/\\\/interamerica.org\\\/es\\\/2025\\\/02\\\/sorpresa-familiar-en-argentina-pone-de-relieve-el-costo-de-la-mision\\\/\"},\"author\":{\"name\":\"libna\",\"@id\":\"https:\\\/\\\/interamerica.org\\\/es\\\/#\\\/schema\\\/person\\\/29998f2bc2d8bd0d38662909289b54f1\"},\"headline\":\"Sorpresa familiar en Argentina pone de relieve el costo de la misi\u00f3n\",\"datePublished\":\"2025-02-20T00:17:15+00:00\",\"dateModified\":\"2025-02-20T02:29:19+00:00\",\"mainEntityOfPage\":{\"@id\":\"https:\\\/\\\/interamerica.org\\\/es\\\/2025\\\/02\\\/sorpresa-familiar-en-argentina-pone-de-relieve-el-costo-de-la-mision\\\/\"},\"wordCount\":1112,\"image\":{\"@id\":\"https:\\\/\\\/interamerica.org\\\/es\\\/2025\\\/02\\\/sorpresa-familiar-en-argentina-pone-de-relieve-el-costo-de-la-mision\\\/#primaryimage\"},\"thumbnailUrl\":\"https:\\\/\\\/interamerica.org\\\/wp-content\\\/uploads\\\/2025\\\/02\\\/argentina-5-2.jpg\",\"articleSection\":[\"Desde la iglesia mundial\",\"RSS Espa\u00f1ol\"],\"inLanguage\":\"es\"},{\"@type\":\"WebPage\",\"@id\":\"https:\\\/\\\/interamerica.org\\\/es\\\/2025\\\/02\\\/sorpresa-familiar-en-argentina-pone-de-relieve-el-costo-de-la-mision\\\/\",\"url\":\"https:\\\/\\\/interamerica.org\\\/es\\\/2025\\\/02\\\/sorpresa-familiar-en-argentina-pone-de-relieve-el-costo-de-la-mision\\\/\",\"name\":\"Sorpresa familiar en Argentina pone de relieve el costo de la misi\u00f3n - Iglesia Adventista del S\u00e9ptimo D\u00eda - Divisi\u00f3n Interamericana\",\"isPartOf\":{\"@id\":\"https:\\\/\\\/interamerica.org\\\/es\\\/#website\"},\"primaryImageOfPage\":{\"@id\":\"https:\\\/\\\/interamerica.org\\\/es\\\/2025\\\/02\\\/sorpresa-familiar-en-argentina-pone-de-relieve-el-costo-de-la-mision\\\/#primaryimage\"},\"image\":{\"@id\":\"https:\\\/\\\/interamerica.org\\\/es\\\/2025\\\/02\\\/sorpresa-familiar-en-argentina-pone-de-relieve-el-costo-de-la-mision\\\/#primaryimage\"},\"thumbnailUrl\":\"https:\\\/\\\/interamerica.org\\\/wp-content\\\/uploads\\\/2025\\\/02\\\/argentina-5-2.jpg\",\"datePublished\":\"2025-02-20T00:17:15+00:00\",\"dateModified\":\"2025-02-20T02:29:19+00:00\",\"author\":{\"@id\":\"https:\\\/\\\/interamerica.org\\\/es\\\/#\\\/schema\\\/person\\\/29998f2bc2d8bd0d38662909289b54f1\"},\"breadcrumb\":{\"@id\":\"https:\\\/\\\/interamerica.org\\\/es\\\/2025\\\/02\\\/sorpresa-familiar-en-argentina-pone-de-relieve-el-costo-de-la-mision\\\/#breadcrumb\"},\"inLanguage\":\"es\",\"potentialAction\":[{\"@type\":\"ReadAction\",\"target\":[\"https:\\\/\\\/interamerica.org\\\/es\\\/2025\\\/02\\\/sorpresa-familiar-en-argentina-pone-de-relieve-el-costo-de-la-mision\\\/\"]}]},{\"@type\":\"ImageObject\",\"inLanguage\":\"es\",\"@id\":\"https:\\\/\\\/interamerica.org\\\/es\\\/2025\\\/02\\\/sorpresa-familiar-en-argentina-pone-de-relieve-el-costo-de-la-mision\\\/#primaryimage\",\"url\":\"https:\\\/\\\/interamerica.org\\\/wp-content\\\/uploads\\\/2025\\\/02\\\/argentina-5-2.jpg\",\"contentUrl\":\"https:\\\/\\\/interamerica.org\\\/wp-content\\\/uploads\\\/2025\\\/02\\\/argentina-5-2.jpg\",\"width\":2048,\"height\":1165,\"caption\":\"A delegation welcomed Ted N. C. Wilson and his wife, Nancy, to Argentina on February 13. It included their youngest daughter and a granddaughter, who flew there as a surprise. [Photo: Alexis Villar]\"},{\"@type\":\"BreadcrumbList\",\"@id\":\"https:\\\/\\\/interamerica.org\\\/es\\\/2025\\\/02\\\/sorpresa-familiar-en-argentina-pone-de-relieve-el-costo-de-la-mision\\\/#breadcrumb\",\"itemListElement\":[{\"@type\":\"ListItem\",\"position\":1,\"name\":\"Home\",\"item\":\"https:\\\/\\\/interamerica.org\\\/es\\\/\"},{\"@type\":\"ListItem\",\"position\":2,\"name\":\"Sorpresa familiar en Argentina pone de relieve el costo de la misi\u00f3n\"}]},{\"@type\":\"WebSite\",\"@id\":\"https:\\\/\\\/interamerica.org\\\/es\\\/#website\",\"url\":\"https:\\\/\\\/interamerica.org\\\/es\\\/\",\"name\":\"Iglesia Adventista del S\u00e9ptimo D\u00eda - Divisi\u00f3n Interamericana\",\"description\":\"\",\"potentialAction\":[{\"@type\":\"SearchAction\",\"target\":{\"@type\":\"EntryPoint\",\"urlTemplate\":\"https:\\\/\\\/interamerica.org\\\/es\\\/?s={search_term_string}\"},\"query-input\":{\"@type\":\"PropertyValueSpecification\",\"valueRequired\":true,\"valueName\":\"search_term_string\"}}],\"inLanguage\":\"es\"},{\"@type\":\"Person\",\"@id\":\"https:\\\/\\\/interamerica.org\\\/es\\\/#\\\/schema\\\/person\\\/29998f2bc2d8bd0d38662909289b54f1\",\"name\":\"libna\",\"image\":{\"@type\":\"ImageObject\",\"inLanguage\":\"es\",\"@id\":\"https:\\\/\\\/secure.gravatar.com\\\/avatar\\\/7c5bd30ae4b47a9ba3c856590957fd1d96dc588bf3ac05719d247e126840331f?s=96&d=mm&r=g\",\"url\":\"https:\\\/\\\/secure.gravatar.com\\\/avatar\\\/7c5bd30ae4b47a9ba3c856590957fd1d96dc588bf3ac05719d247e126840331f?s=96&d=mm&r=g\",\"contentUrl\":\"https:\\\/\\\/secure.gravatar.com\\\/avatar\\\/7c5bd30ae4b47a9ba3c856590957fd1d96dc588bf3ac05719d247e126840331f?s=96&d=mm&r=g\",\"caption\":\"libna\"}}]}<\/script>\n<!-- \/ Yoast SEO plugin. -->","yoast_head_json":{"title":"Sorpresa familiar en Argentina pone de relieve el costo de la misi\u00f3n - Iglesia Adventista del S\u00e9ptimo D\u00eda - Divisi\u00f3n Interamericana","robots":{"index":"index","follow":"follow","max-snippet":"max-snippet:-1","max-image-preview":"max-image-preview:large","max-video-preview":"max-video-preview:-1"},"canonical":"https:\/\/interamerica.org\/es\/2025\/02\/sorpresa-familiar-en-argentina-pone-de-relieve-el-costo-de-la-mision\/","og_locale":"es_ES","og_type":"article","og_title":"Sorpresa familiar en Argentina pone de relieve el costo de la misi\u00f3n - Iglesia Adventista del S\u00e9ptimo D\u00eda - Divisi\u00f3n Interamericana","og_description":"El presidente de la Asociaci\u00f3n General, Ted N. C. Wilson, particip\u00f3 en eventos centrados en la misi\u00f3n, inauguraciones. 19 de febrero de 2025 | Argentina | Marcos Paseggi, Adventist Review...","og_url":"https:\/\/interamerica.org\/es\/2025\/02\/sorpresa-familiar-en-argentina-pone-de-relieve-el-costo-de-la-mision\/","og_site_name":"Iglesia Adventista del S\u00e9ptimo D\u00eda - Divisi\u00f3n Interamericana","article_published_time":"2025-02-20T00:17:15+00:00","article_modified_time":"2025-02-20T02:29:19+00:00","og_image":[{"width":2048,"height":1165,"url":"https:\/\/interamerica.org\/wp-content\/uploads\/2025\/02\/argentina-5-2.jpg","type":"image\/jpeg"}],"author":"libna","twitter_card":"summary_large_image","twitter_misc":{"Escrito por":"libna","Tiempo de lectura":"6 minutos"},"schema":{"@context":"https:\/\/schema.org","@graph":[{"@type":"Article","@id":"https:\/\/interamerica.org\/es\/2025\/02\/sorpresa-familiar-en-argentina-pone-de-relieve-el-costo-de-la-mision\/#article","isPartOf":{"@id":"https:\/\/interamerica.org\/es\/2025\/02\/sorpresa-familiar-en-argentina-pone-de-relieve-el-costo-de-la-mision\/"},"author":{"name":"libna","@id":"https:\/\/interamerica.org\/es\/#\/schema\/person\/29998f2bc2d8bd0d38662909289b54f1"},"headline":"Sorpresa familiar en Argentina pone de relieve el costo de la misi\u00f3n","datePublished":"2025-02-20T00:17:15+00:00","dateModified":"2025-02-20T02:29:19+00:00","mainEntityOfPage":{"@id":"https:\/\/interamerica.org\/es\/2025\/02\/sorpresa-familiar-en-argentina-pone-de-relieve-el-costo-de-la-mision\/"},"wordCount":1112,"image":{"@id":"https:\/\/interamerica.org\/es\/2025\/02\/sorpresa-familiar-en-argentina-pone-de-relieve-el-costo-de-la-mision\/#primaryimage"},"thumbnailUrl":"https:\/\/interamerica.org\/wp-content\/uploads\/2025\/02\/argentina-5-2.jpg","articleSection":["Desde la iglesia mundial","RSS Espa\u00f1ol"],"inLanguage":"es"},{"@type":"WebPage","@id":"https:\/\/interamerica.org\/es\/2025\/02\/sorpresa-familiar-en-argentina-pone-de-relieve-el-costo-de-la-mision\/","url":"https:\/\/interamerica.org\/es\/2025\/02\/sorpresa-familiar-en-argentina-pone-de-relieve-el-costo-de-la-mision\/","name":"Sorpresa familiar en Argentina pone de relieve el costo de la misi\u00f3n - Iglesia Adventista del S\u00e9ptimo D\u00eda - Divisi\u00f3n Interamericana","isPartOf":{"@id":"https:\/\/interamerica.org\/es\/#website"},"primaryImageOfPage":{"@id":"https:\/\/interamerica.org\/es\/2025\/02\/sorpresa-familiar-en-argentina-pone-de-relieve-el-costo-de-la-mision\/#primaryimage"},"image":{"@id":"https:\/\/interamerica.org\/es\/2025\/02\/sorpresa-familiar-en-argentina-pone-de-relieve-el-costo-de-la-mision\/#primaryimage"},"thumbnailUrl":"https:\/\/interamerica.org\/wp-content\/uploads\/2025\/02\/argentina-5-2.jpg","datePublished":"2025-02-20T00:17:15+00:00","dateModified":"2025-02-20T02:29:19+00:00","author":{"@id":"https:\/\/interamerica.org\/es\/#\/schema\/person\/29998f2bc2d8bd0d38662909289b54f1"},"breadcrumb":{"@id":"https:\/\/interamerica.org\/es\/2025\/02\/sorpresa-familiar-en-argentina-pone-de-relieve-el-costo-de-la-mision\/#breadcrumb"},"inLanguage":"es","potentialAction":[{"@type":"ReadAction","target":["https:\/\/interamerica.org\/es\/2025\/02\/sorpresa-familiar-en-argentina-pone-de-relieve-el-costo-de-la-mision\/"]}]},{"@type":"ImageObject","inLanguage":"es","@id":"https:\/\/interamerica.org\/es\/2025\/02\/sorpresa-familiar-en-argentina-pone-de-relieve-el-costo-de-la-mision\/#primaryimage","url":"https:\/\/interamerica.org\/wp-content\/uploads\/2025\/02\/argentina-5-2.jpg","contentUrl":"https:\/\/interamerica.org\/wp-content\/uploads\/2025\/02\/argentina-5-2.jpg","width":2048,"height":1165,"caption":"A delegation welcomed Ted N. C. Wilson and his wife, Nancy, to Argentina on February 13. It included their youngest daughter and a granddaughter, who flew there as a surprise. [Photo: Alexis Villar]"},{"@type":"BreadcrumbList","@id":"https:\/\/interamerica.org\/es\/2025\/02\/sorpresa-familiar-en-argentina-pone-de-relieve-el-costo-de-la-mision\/#breadcrumb","itemListElement":[{"@type":"ListItem","position":1,"name":"Home","item":"https:\/\/interamerica.org\/es\/"},{"@type":"ListItem","position":2,"name":"Sorpresa familiar en Argentina pone de relieve el costo de la misi\u00f3n"}]},{"@type":"WebSite","@id":"https:\/\/interamerica.org\/es\/#website","url":"https:\/\/interamerica.org\/es\/","name":"Iglesia Adventista del S\u00e9ptimo D\u00eda - Divisi\u00f3n Interamericana","description":"","potentialAction":[{"@type":"SearchAction","target":{"@type":"EntryPoint","urlTemplate":"https:\/\/interamerica.org\/es\/?s={search_term_string}"},"query-input":{"@type":"PropertyValueSpecification","valueRequired":true,"valueName":"search_term_string"}}],"inLanguage":"es"},{"@type":"Person","@id":"https:\/\/interamerica.org\/es\/#\/schema\/person\/29998f2bc2d8bd0d38662909289b54f1","name":"libna","image":{"@type":"ImageObject","inLanguage":"es","@id":"https:\/\/secure.gravatar.com\/avatar\/7c5bd30ae4b47a9ba3c856590957fd1d96dc588bf3ac05719d247e126840331f?s=96&d=mm&r=g","url":"https:\/\/secure.gravatar.com\/avatar\/7c5bd30ae4b47a9ba3c856590957fd1d96dc588bf3ac05719d247e126840331f?s=96&d=mm&r=g","contentUrl":"https:\/\/secure.gravatar.com\/avatar\/7c5bd30ae4b47a9ba3c856590957fd1d96dc588bf3ac05719d247e126840331f?s=96&d=mm&r=g","caption":"libna"}}]}},"_links":{"self":[{"href":"https:\/\/interamerica.org\/es\/wp-json\/wp\/v2\/posts\/125408","targetHints":{"allow":["GET"]}}],"collection":[{"href":"https:\/\/interamerica.org\/es\/wp-json\/wp\/v2\/posts"}],"about":[{"href":"https:\/\/interamerica.org\/es\/wp-json\/wp\/v2\/types\/post"}],"author":[{"embeddable":true,"href":"https:\/\/interamerica.org\/es\/wp-json\/wp\/v2\/users\/3"}],"replies":[{"embeddable":true,"href":"https:\/\/interamerica.org\/es\/wp-json\/wp\/v2\/comments?post=125408"}],"version-history":[{"count":0,"href":"https:\/\/interamerica.org\/es\/wp-json\/wp\/v2\/posts\/125408\/revisions"}],"wp:featuredmedia":[{"embeddable":true,"href":"https:\/\/interamerica.org\/es\/wp-json\/wp\/v2\/media\/125385"}],"wp:attachment":[{"href":"https:\/\/interamerica.org\/es\/wp-json\/wp\/v2\/media?parent=125408"}],"wp:term":[{"taxonomy":"category","embeddable":true,"href":"https:\/\/interamerica.org\/es\/wp-json\/wp\/v2\/categories?post=125408"},{"taxonomy":"post_tag","embeddable":true,"href":"https:\/\/interamerica.org\/es\/wp-json\/wp\/v2\/tags?post=125408"}],"curies":[{"name":"wp","href":"https:\/\/api.w.org\/{rel}","templated":true}]}}