{"id":125476,"date":"2025-02-20T21:02:39","date_gmt":"2025-02-21T02:02:39","guid":{"rendered":"https:\/\/interamerica.org\/?p=125476"},"modified":"2025-02-21T07:43:30","modified_gmt":"2025-02-21T12:43:30","slug":"experimentando-la-paz","status":"publish","type":"post","link":"https:\/\/interamerica.org\/es\/2025\/02\/experimentando-la-paz\/","title":{"rendered":"Experimentando la paz"},"content":{"rendered":"<p>20 de febrero del 2025 | Silver Spring, Maryland, Estados Unidos | Ted N.C. Wilson, Presidente de la Asociaci\u00f3n General de los Adventistas del S\u00e9ptimo D\u00eda<\/p>\n<p>\u00a1Saludos, amigos! La Biblia nos dice que cuando Jes\u00fas venga no ser\u00e1 en silencio. En 2 Pedro 3:10 leemos: \u201cPero el d\u00eda del Se\u00f1or vendr\u00e1 como ladr\u00f3n en la noche. . .\u201d Esto no significa que ser\u00e1 en silencio, simplemente significa que ser\u00e1 inesperado. Al continuar leyendo en el vers\u00edculo, \u00a1vemos cu\u00e1n ruidoso ser\u00e1! \u201c\u2026los cielos pasar\u00e1n con gran estruendo, y los elementos se derretir\u00e1n con calor ferviente; tanto la tierra como las obras que en ella est\u00e1n ser\u00e1n quemadas.\u201d<\/p>\n<p>Esto es lo que El conflicto de los siglos describe en detalle en el cap\u00edtulo 40. En medio de la tierra tambale\u00e1ndose con truenos, rel\u00e1mpagos, terremotos y m\u00e1s, el pueblo de Dios est\u00e1 en perfecta paz. Saben que Jes\u00fas viene y sus voces resuenan triunfantes: \u201cDios es nuestro refugio y fortaleza, un muy presente auxilio en las tribulaciones. Por tanto, no temeremos, aunque la tierra sea removida, y los montes sean llevados al medio de la mar; aunque sus aguas bramen y se turben, aunque los montes tiemblen a causa de su hinchaz\u00f3n.\u201d<\/p>\n<p>Por otro lado, los malvados est\u00e1n aterrorizados. Mientras los redimidos cantan canciones de triunfo, \u201clas nubes se apartan, y los cielos estrellados se ven, indescriptiblemente gloriosos en contraste con el firmamento negro y enojado a ambos lados.\u201d<\/p>\n<p>La pluma inspirada contin\u00faa: \u201cEntonces aparece contra el cielo una mano sosteniendo dos tablas de piedra dobladas. . . . La mano abre las tablas, y se ven los preceptos del Dec\u00e1logo, trazados como con una pluma de fuego. Las palabras son tan claras que todos pueden leerlas. La memoria se despierta, la oscuridad de la superstici\u00f3n y la herej\u00eda se barre de cada mente, y las diez palabras de Dios, breves, comprensivas y autoritativas, se presentan a la vista de todos los habitantes de la tierra. Es imposible describir el horror y la desesperaci\u00f3n de aquellos que han pisoteado los santos requisitos de Dios.\u201d<\/p>\n<p>Mis hermanos y hermanas, d\u00e9jenme ser muy claro: no hay nada que podamos hacer para ganar nuestra salvaci\u00f3n. Somos salvos por la gracia y la sangre de Jesucristo, pero esto no significa que seamos libres de ignorar la ley de Dios.<\/p>\n<p>El ap\u00f3stol Pablo explica: \u201c\u00bfQu\u00e9 diremos entonces? \u00bfContinuaremos en el pecado para que la gracia abunde? \u00a1De ninguna manera! \u00bfC\u00f3mo viviremos nosotros que hemos muerto al pecado, a\u00fan en \u00e9l?\u201d. Y Jes\u00fas mismo dijo: \u201cSi me amas, guarda mis mandamientos\u201d.<\/p>\n<p>A medida que los malvados se dan cuenta de que eligieron obedecer a los seres humanos en lugar de a Dios y trataron de obligar al pueblo de Dios a profanar Su s\u00e1bado, \u201cson condenados por esa ley que han despreciado\u201d.<\/p>\n<p>Es en este momento que la voz de Dios se escucha desde el cielo, declarando el d\u00eda y la hora de la venida de Jes\u00fas&#8230; Como estruendos de los truenos m\u00e1s fuertes, Sus palabras resuenan por la tierra.<br \/>\nLas caras del pueblo de Dios se iluminan con Su gloria, y cuando \u201cse pronuncia la bendici\u00f3n sobre aquellos que han honrado a Dios al mantener Su s\u00e1bado santo, hay un poderoso grito de victoria\u201d.<\/p>\n<p>Oh, mis queridos amigos, \u00bfno quieren estar entre los redimidos? Yo s\u00ed. \u00bfNo quieren experimentar esa cercan\u00eda con Dios donde nada puede interponerse entre ustedes y el salvador? Yo s\u00ed. Pueden experimentar eso cuando entreguen su vida totalmente y sin reservas a \u00e9l.<\/p>\n<p>Oremos juntos ahora mismo.<\/p>\n<p>Padre celestial, venimos a ti de una manera muy especial, agradeci\u00e9ndote por la comprensi\u00f3n de los \u00faltimos d\u00edas de la historia de la Tierra y la venida de Jes\u00fas. Queremos esta relaci\u00f3n cercana contigo ahora para que estemos preparados para esos d\u00edas que se avecinan y apoy\u00e1ndonos completamente en ti. Verdaderamente podemos ser el pueblo que guarda los mandamientos de Dios y tiene la fe de Jesucristo. Ahora, Se\u00f1or, te pedimos que gu\u00edes a cada uno de nosotros en nuestra decisi\u00f3n de seguirte completamente y permitirte llenar nuestras vidas con el Esp\u00edritu Santo en preparaci\u00f3n para el pronto regreso de Jesucristo. En el nombre de Jes\u00fas, lo pedimos. Am\u00e9n.<\/p>\n<p><iframe title=\"El Conflicto de los Siglos, Cap. 40, p. 2: La ley de Dios revelada ante el mundo\" width=\"500\" height=\"281\" src=\"https:\/\/www.youtube.com\/embed\/uDbUbP1859g?feature=oembed\" frameborder=\"0\" allow=\"accelerometer; autoplay; clipboard-write; encrypted-media; gyroscope; picture-in-picture; web-share\" referrerpolicy=\"strict-origin-when-cross-origin\" allowfullscreen><\/iframe><\/p>\n","protected":false},"excerpt":{"rendered":"<p>20 de febrero del 2025 | Silver Spring, Maryland, Estados Unidos | Ted N.C. Wilson, Presidente de la Asociaci\u00f3n General de los Adventistas del S\u00e9ptimo D\u00eda \u00a1Saludos, amigos! La Biblia&#8230;<\/p>\n","protected":false},"author":3,"featured_media":125474,"comment_status":"closed","ping_status":"closed","sticky":false,"template":"","format":"standard","meta":{"_acf_changed":false,"footnotes":""},"categories":[14,15],"tags":[],"class_list":["post-125476","post","type-post","status-publish","format-standard","has-post-thumbnail","hentry","category-de-la-iglesia-mundial","category-rss-espanol"],"acf":[],"yoast_head":"<!-- This site is optimized with the Yoast SEO plugin v27.3 - https:\/\/yoast.com\/product\/yoast-seo-wordpress\/ -->\n<title>Experimentando la paz - Iglesia Adventista del S\u00e9ptimo D\u00eda - Divisi\u00f3n Interamericana<\/title>\n<meta name=\"robots\" content=\"index, follow, max-snippet:-1, max-image-preview:large, max-video-preview:-1\" \/>\n<link rel=\"canonical\" href=\"https:\/\/interamerica.org\/es\/2025\/02\/experimentando-la-paz\/\" \/>\n<meta property=\"og:locale\" content=\"es_ES\" \/>\n<meta property=\"og:type\" content=\"article\" \/>\n<meta property=\"og:title\" content=\"Experimentando la paz - Iglesia Adventista del S\u00e9ptimo D\u00eda - Divisi\u00f3n Interamericana\" \/>\n<meta property=\"og:description\" content=\"20 de febrero del 2025 | Silver Spring, Maryland, Estados Unidos | Ted N.C. Wilson, Presidente de la Asociaci\u00f3n General de los Adventistas del S\u00e9ptimo D\u00eda \u00a1Saludos, amigos! La Biblia...\" \/>\n<meta property=\"og:url\" content=\"https:\/\/interamerica.org\/es\/2025\/02\/experimentando-la-paz\/\" \/>\n<meta property=\"og:site_name\" content=\"Iglesia Adventista del S\u00e9ptimo D\u00eda - Divisi\u00f3n Interamericana\" \/>\n<meta property=\"article:published_time\" content=\"2025-02-21T02:02:39+00:00\" \/>\n<meta property=\"article:modified_time\" content=\"2025-02-21T12:43:30+00:00\" \/>\n<meta property=\"og:image\" content=\"https:\/\/interamerica.org\/wp-content\/uploads\/2025\/02\/experiencing-perfect-peace-es.jpg\" \/>\n\t<meta property=\"og:image:width\" content=\"1441\" \/>\n\t<meta property=\"og:image:height\" content=\"810\" \/>\n\t<meta property=\"og:image:type\" content=\"image\/jpeg\" \/>\n<meta name=\"author\" content=\"libna\" \/>\n<meta name=\"twitter:card\" content=\"summary_large_image\" \/>\n<meta name=\"twitter:label1\" content=\"Escrito por\" \/>\n\t<meta name=\"twitter:data1\" content=\"libna\" \/>\n\t<meta name=\"twitter:label2\" content=\"Tiempo de lectura\" \/>\n\t<meta name=\"twitter:data2\" content=\"4 minutos\" \/>\n<script type=\"application\/ld+json\" class=\"yoast-schema-graph\">{\"@context\":\"https:\\\/\\\/schema.org\",\"@graph\":[{\"@type\":\"Article\",\"@id\":\"https:\\\/\\\/interamerica.org\\\/es\\\/2025\\\/02\\\/experimentando-la-paz\\\/#article\",\"isPartOf\":{\"@id\":\"https:\\\/\\\/interamerica.org\\\/es\\\/2025\\\/02\\\/experimentando-la-paz\\\/\"},\"author\":{\"name\":\"libna\",\"@id\":\"https:\\\/\\\/interamerica.org\\\/es\\\/#\\\/schema\\\/person\\\/29998f2bc2d8bd0d38662909289b54f1\"},\"headline\":\"Experimentando la paz\",\"datePublished\":\"2025-02-21T02:02:39+00:00\",\"dateModified\":\"2025-02-21T12:43:30+00:00\",\"mainEntityOfPage\":{\"@id\":\"https:\\\/\\\/interamerica.org\\\/es\\\/2025\\\/02\\\/experimentando-la-paz\\\/\"},\"wordCount\":744,\"image\":{\"@id\":\"https:\\\/\\\/interamerica.org\\\/es\\\/2025\\\/02\\\/experimentando-la-paz\\\/#primaryimage\"},\"thumbnailUrl\":\"https:\\\/\\\/interamerica.org\\\/wp-content\\\/uploads\\\/2025\\\/02\\\/experiencing-perfect-peace-es.jpg\",\"articleSection\":[\"Desde la iglesia mundial\",\"RSS Espa\u00f1ol\"],\"inLanguage\":\"es\"},{\"@type\":\"WebPage\",\"@id\":\"https:\\\/\\\/interamerica.org\\\/es\\\/2025\\\/02\\\/experimentando-la-paz\\\/\",\"url\":\"https:\\\/\\\/interamerica.org\\\/es\\\/2025\\\/02\\\/experimentando-la-paz\\\/\",\"name\":\"Experimentando la paz - Iglesia Adventista del S\u00e9ptimo D\u00eda - Divisi\u00f3n Interamericana\",\"isPartOf\":{\"@id\":\"https:\\\/\\\/interamerica.org\\\/es\\\/#website\"},\"primaryImageOfPage\":{\"@id\":\"https:\\\/\\\/interamerica.org\\\/es\\\/2025\\\/02\\\/experimentando-la-paz\\\/#primaryimage\"},\"image\":{\"@id\":\"https:\\\/\\\/interamerica.org\\\/es\\\/2025\\\/02\\\/experimentando-la-paz\\\/#primaryimage\"},\"thumbnailUrl\":\"https:\\\/\\\/interamerica.org\\\/wp-content\\\/uploads\\\/2025\\\/02\\\/experiencing-perfect-peace-es.jpg\",\"datePublished\":\"2025-02-21T02:02:39+00:00\",\"dateModified\":\"2025-02-21T12:43:30+00:00\",\"author\":{\"@id\":\"https:\\\/\\\/interamerica.org\\\/es\\\/#\\\/schema\\\/person\\\/29998f2bc2d8bd0d38662909289b54f1\"},\"breadcrumb\":{\"@id\":\"https:\\\/\\\/interamerica.org\\\/es\\\/2025\\\/02\\\/experimentando-la-paz\\\/#breadcrumb\"},\"inLanguage\":\"es\",\"potentialAction\":[{\"@type\":\"ReadAction\",\"target\":[\"https:\\\/\\\/interamerica.org\\\/es\\\/2025\\\/02\\\/experimentando-la-paz\\\/\"]}]},{\"@type\":\"ImageObject\",\"inLanguage\":\"es\",\"@id\":\"https:\\\/\\\/interamerica.org\\\/es\\\/2025\\\/02\\\/experimentando-la-paz\\\/#primaryimage\",\"url\":\"https:\\\/\\\/interamerica.org\\\/wp-content\\\/uploads\\\/2025\\\/02\\\/experiencing-perfect-peace-es.jpg\",\"contentUrl\":\"https:\\\/\\\/interamerica.org\\\/wp-content\\\/uploads\\\/2025\\\/02\\\/experiencing-perfect-peace-es.jpg\",\"width\":1441,\"height\":810},{\"@type\":\"BreadcrumbList\",\"@id\":\"https:\\\/\\\/interamerica.org\\\/es\\\/2025\\\/02\\\/experimentando-la-paz\\\/#breadcrumb\",\"itemListElement\":[{\"@type\":\"ListItem\",\"position\":1,\"name\":\"Home\",\"item\":\"https:\\\/\\\/interamerica.org\\\/es\\\/\"},{\"@type\":\"ListItem\",\"position\":2,\"name\":\"Experimentando la paz\"}]},{\"@type\":\"WebSite\",\"@id\":\"https:\\\/\\\/interamerica.org\\\/es\\\/#website\",\"url\":\"https:\\\/\\\/interamerica.org\\\/es\\\/\",\"name\":\"Iglesia Adventista del S\u00e9ptimo D\u00eda - Divisi\u00f3n Interamericana\",\"description\":\"\",\"potentialAction\":[{\"@type\":\"SearchAction\",\"target\":{\"@type\":\"EntryPoint\",\"urlTemplate\":\"https:\\\/\\\/interamerica.org\\\/es\\\/?s={search_term_string}\"},\"query-input\":{\"@type\":\"PropertyValueSpecification\",\"valueRequired\":true,\"valueName\":\"search_term_string\"}}],\"inLanguage\":\"es\"},{\"@type\":\"Person\",\"@id\":\"https:\\\/\\\/interamerica.org\\\/es\\\/#\\\/schema\\\/person\\\/29998f2bc2d8bd0d38662909289b54f1\",\"name\":\"libna\",\"image\":{\"@type\":\"ImageObject\",\"inLanguage\":\"es\",\"@id\":\"https:\\\/\\\/secure.gravatar.com\\\/avatar\\\/7c5bd30ae4b47a9ba3c856590957fd1d96dc588bf3ac05719d247e126840331f?s=96&d=mm&r=g\",\"url\":\"https:\\\/\\\/secure.gravatar.com\\\/avatar\\\/7c5bd30ae4b47a9ba3c856590957fd1d96dc588bf3ac05719d247e126840331f?s=96&d=mm&r=g\",\"contentUrl\":\"https:\\\/\\\/secure.gravatar.com\\\/avatar\\\/7c5bd30ae4b47a9ba3c856590957fd1d96dc588bf3ac05719d247e126840331f?s=96&d=mm&r=g\",\"caption\":\"libna\"}}]}<\/script>\n<!-- \/ Yoast SEO plugin. -->","yoast_head_json":{"title":"Experimentando la paz - Iglesia Adventista del S\u00e9ptimo D\u00eda - Divisi\u00f3n Interamericana","robots":{"index":"index","follow":"follow","max-snippet":"max-snippet:-1","max-image-preview":"max-image-preview:large","max-video-preview":"max-video-preview:-1"},"canonical":"https:\/\/interamerica.org\/es\/2025\/02\/experimentando-la-paz\/","og_locale":"es_ES","og_type":"article","og_title":"Experimentando la paz - Iglesia Adventista del S\u00e9ptimo D\u00eda - Divisi\u00f3n Interamericana","og_description":"20 de febrero del 2025 | Silver Spring, Maryland, Estados Unidos | Ted N.C. Wilson, Presidente de la Asociaci\u00f3n General de los Adventistas del S\u00e9ptimo D\u00eda \u00a1Saludos, amigos! La Biblia...","og_url":"https:\/\/interamerica.org\/es\/2025\/02\/experimentando-la-paz\/","og_site_name":"Iglesia Adventista del S\u00e9ptimo D\u00eda - Divisi\u00f3n Interamericana","article_published_time":"2025-02-21T02:02:39+00:00","article_modified_time":"2025-02-21T12:43:30+00:00","og_image":[{"width":1441,"height":810,"url":"https:\/\/interamerica.org\/wp-content\/uploads\/2025\/02\/experiencing-perfect-peace-es.jpg","type":"image\/jpeg"}],"author":"libna","twitter_card":"summary_large_image","twitter_misc":{"Escrito por":"libna","Tiempo de lectura":"4 minutos"},"schema":{"@context":"https:\/\/schema.org","@graph":[{"@type":"Article","@id":"https:\/\/interamerica.org\/es\/2025\/02\/experimentando-la-paz\/#article","isPartOf":{"@id":"https:\/\/interamerica.org\/es\/2025\/02\/experimentando-la-paz\/"},"author":{"name":"libna","@id":"https:\/\/interamerica.org\/es\/#\/schema\/person\/29998f2bc2d8bd0d38662909289b54f1"},"headline":"Experimentando la paz","datePublished":"2025-02-21T02:02:39+00:00","dateModified":"2025-02-21T12:43:30+00:00","mainEntityOfPage":{"@id":"https:\/\/interamerica.org\/es\/2025\/02\/experimentando-la-paz\/"},"wordCount":744,"image":{"@id":"https:\/\/interamerica.org\/es\/2025\/02\/experimentando-la-paz\/#primaryimage"},"thumbnailUrl":"https:\/\/interamerica.org\/wp-content\/uploads\/2025\/02\/experiencing-perfect-peace-es.jpg","articleSection":["Desde la iglesia mundial","RSS Espa\u00f1ol"],"inLanguage":"es"},{"@type":"WebPage","@id":"https:\/\/interamerica.org\/es\/2025\/02\/experimentando-la-paz\/","url":"https:\/\/interamerica.org\/es\/2025\/02\/experimentando-la-paz\/","name":"Experimentando la paz - Iglesia Adventista del S\u00e9ptimo D\u00eda - Divisi\u00f3n Interamericana","isPartOf":{"@id":"https:\/\/interamerica.org\/es\/#website"},"primaryImageOfPage":{"@id":"https:\/\/interamerica.org\/es\/2025\/02\/experimentando-la-paz\/#primaryimage"},"image":{"@id":"https:\/\/interamerica.org\/es\/2025\/02\/experimentando-la-paz\/#primaryimage"},"thumbnailUrl":"https:\/\/interamerica.org\/wp-content\/uploads\/2025\/02\/experiencing-perfect-peace-es.jpg","datePublished":"2025-02-21T02:02:39+00:00","dateModified":"2025-02-21T12:43:30+00:00","author":{"@id":"https:\/\/interamerica.org\/es\/#\/schema\/person\/29998f2bc2d8bd0d38662909289b54f1"},"breadcrumb":{"@id":"https:\/\/interamerica.org\/es\/2025\/02\/experimentando-la-paz\/#breadcrumb"},"inLanguage":"es","potentialAction":[{"@type":"ReadAction","target":["https:\/\/interamerica.org\/es\/2025\/02\/experimentando-la-paz\/"]}]},{"@type":"ImageObject","inLanguage":"es","@id":"https:\/\/interamerica.org\/es\/2025\/02\/experimentando-la-paz\/#primaryimage","url":"https:\/\/interamerica.org\/wp-content\/uploads\/2025\/02\/experiencing-perfect-peace-es.jpg","contentUrl":"https:\/\/interamerica.org\/wp-content\/uploads\/2025\/02\/experiencing-perfect-peace-es.jpg","width":1441,"height":810},{"@type":"BreadcrumbList","@id":"https:\/\/interamerica.org\/es\/2025\/02\/experimentando-la-paz\/#breadcrumb","itemListElement":[{"@type":"ListItem","position":1,"name":"Home","item":"https:\/\/interamerica.org\/es\/"},{"@type":"ListItem","position":2,"name":"Experimentando la paz"}]},{"@type":"WebSite","@id":"https:\/\/interamerica.org\/es\/#website","url":"https:\/\/interamerica.org\/es\/","name":"Iglesia Adventista del S\u00e9ptimo D\u00eda - Divisi\u00f3n Interamericana","description":"","potentialAction":[{"@type":"SearchAction","target":{"@type":"EntryPoint","urlTemplate":"https:\/\/interamerica.org\/es\/?s={search_term_string}"},"query-input":{"@type":"PropertyValueSpecification","valueRequired":true,"valueName":"search_term_string"}}],"inLanguage":"es"},{"@type":"Person","@id":"https:\/\/interamerica.org\/es\/#\/schema\/person\/29998f2bc2d8bd0d38662909289b54f1","name":"libna","image":{"@type":"ImageObject","inLanguage":"es","@id":"https:\/\/secure.gravatar.com\/avatar\/7c5bd30ae4b47a9ba3c856590957fd1d96dc588bf3ac05719d247e126840331f?s=96&d=mm&r=g","url":"https:\/\/secure.gravatar.com\/avatar\/7c5bd30ae4b47a9ba3c856590957fd1d96dc588bf3ac05719d247e126840331f?s=96&d=mm&r=g","contentUrl":"https:\/\/secure.gravatar.com\/avatar\/7c5bd30ae4b47a9ba3c856590957fd1d96dc588bf3ac05719d247e126840331f?s=96&d=mm&r=g","caption":"libna"}}]}},"_links":{"self":[{"href":"https:\/\/interamerica.org\/es\/wp-json\/wp\/v2\/posts\/125476","targetHints":{"allow":["GET"]}}],"collection":[{"href":"https:\/\/interamerica.org\/es\/wp-json\/wp\/v2\/posts"}],"about":[{"href":"https:\/\/interamerica.org\/es\/wp-json\/wp\/v2\/types\/post"}],"author":[{"embeddable":true,"href":"https:\/\/interamerica.org\/es\/wp-json\/wp\/v2\/users\/3"}],"replies":[{"embeddable":true,"href":"https:\/\/interamerica.org\/es\/wp-json\/wp\/v2\/comments?post=125476"}],"version-history":[{"count":0,"href":"https:\/\/interamerica.org\/es\/wp-json\/wp\/v2\/posts\/125476\/revisions"}],"wp:featuredmedia":[{"embeddable":true,"href":"https:\/\/interamerica.org\/es\/wp-json\/wp\/v2\/media\/125474"}],"wp:attachment":[{"href":"https:\/\/interamerica.org\/es\/wp-json\/wp\/v2\/media?parent=125476"}],"wp:term":[{"taxonomy":"category","embeddable":true,"href":"https:\/\/interamerica.org\/es\/wp-json\/wp\/v2\/categories?post=125476"},{"taxonomy":"post_tag","embeddable":true,"href":"https:\/\/interamerica.org\/es\/wp-json\/wp\/v2\/tags?post=125476"}],"curies":[{"name":"wp","href":"https:\/\/api.w.org\/{rel}","templated":true}]}}