{"id":125484,"date":"2025-02-19T20:44:59","date_gmt":"2025-02-20T01:44:59","guid":{"rendered":"https:\/\/interamerica.org\/?p=125484"},"modified":"2025-02-21T23:18:26","modified_gmt":"2025-02-22T04:18:26","slug":"lideres-eclesiasticos-y-funcionarios-abordan-la-naturaleza-dual-de-la-tecnologia-y-el-estado-de-la-libertad-religiosa-en-jamaica","status":"publish","type":"post","link":"https:\/\/interamerica.org\/es\/2025\/02\/lideres-eclesiasticos-y-funcionarios-abordan-la-naturaleza-dual-de-la-tecnologia-y-el-estado-de-la-libertad-religiosa-en-jamaica\/","title":{"rendered":"L\u00edderes eclesi\u00e1sticos y funcionarios abordan la naturaleza dual de la tecnolog\u00eda y el estado de la libertad religiosa en Jamaica"},"content":{"rendered":"<p><em>En el evento de Jamaica, el panel analiza los desaf\u00edos y oportunidades del entorno actual.<\/em><\/p>\n<p>19 de febrero de 2025 | Kingston, Jamaica | Dyhann Buddoo-Fletcher y Noticias de la Divisi\u00f3n Interamericana<\/p>\n<p>Los l\u00edderes de la Iglesia Adventista del S\u00e9ptimo D\u00eda reflexionaron hace poco sobre la naturaleza parad\u00f3jica de los avances tecnol\u00f3gicos sobre la libertad religiosa, durante un panel de la Cumbre Religiosa de la Uni\u00f3n Asociaci\u00f3n de Jamaica en Kingston, Jamaica, el 30 de enero de 2025. Explicaron de qu\u00e9 manera las nuevas tecnolog\u00edas plantean amenazas significativas al tiempo que crean nuevas oportunidades. Al mismo tiempo, funcionarios del pa\u00eds, incluido el Primer Ministro, el Muy Honorable Andrew Holness, analizaron los logros y desaf\u00edos de la libertad religiosa en Jamaica.<\/p>\n<p><strong>La situaci\u00f3n en Jamaica<\/strong><\/p>\n<p>Holness se\u00f1al\u00f3 que la tolerancia hist\u00f3rica de Jamaica hacia las diversas religiones es el resultado de d\u00e9cadas de esfuerzo deliberado para honrar los derechos constitucionales y fomentar el respeto mutuo, una cultura que, seg\u00fan \u00e9l, no debe darse por sentada. Admiti\u00f3 que aunque la tolerancia religiosa es alta, todav\u00eda queda trabajo por hacer.<\/p>\n<p><div id=\"attachment_125490\" style=\"width: 1010px\" class=\"wp-caption aligncenter\"><img fetchpriority=\"high\" decoding=\"async\" aria-describedby=\"caption-attachment-125490\" class=\"size-full wp-image-125490\" src=\"https:\/\/interamerica.org\/wp-content\/uploads\/2025\/02\/jamu-rlsummit-pms.jpg\" alt=\"\" width=\"1000\" height=\"667\" srcset=\"https:\/\/interamerica.org\/wp-content\/uploads\/2025\/02\/jamu-rlsummit-pms.jpg 1000w, https:\/\/interamerica.org\/wp-content\/uploads\/2025\/02\/jamu-rlsummit-pms-300x200.jpg 300w, https:\/\/interamerica.org\/wp-content\/uploads\/2025\/02\/jamu-rlsummit-pms-768x512.jpg 768w\" sizes=\"(max-width: 1000px) 100vw, 1000px\" \/><p id=\"caption-attachment-125490\" class=\"wp-caption-text\">De izquierda a derecha: Mark Golding MP, L\u00edder de la Oposici\u00f3n, Nigel Coke, Director de Asuntos P\u00fablicos y Libertad Religiosa de la Uni\u00f3n de Jamaica y el Dr. el Honorable Andrew Holness ON, PC, MP escuchan atentamente una presentaci\u00f3n durante la Cumbre de Libertad Religiosa celebrada el 30 de enero de 2025 en el Centro de Conferencias de Jamaica en Kingston, Jamaica. [Fotograf\u00eda: Phillip Castell]<\/p><\/div>\u201cReconocemos que, a pesar de las garant\u00edas constitucionales, algunos de nuestros ciudadanos siguen enfrentando desaf\u00edos para practicar libremente su fe, particularmente en el lugar de trabajo y las instituciones educativas. Hemos escuchado las voces de aquellos que pueden sentir que sus observancias religiosas a veces son malinterpretadas o ignoradas. Esas preocupaciones son leg\u00edtimas y, como sociedad, debemos trabajar juntos para encontrar soluciones que respeten tanto los derechos individuales como las responsabilidades institucionales\u201d, dijo.<\/p>\n<p>El primer ministro agreg\u00f3 que las libertades deben perseguirse de manera equilibrada para mantener la estabilidad nacional. \u00abLa libertad conlleva responsabilidades. A menudo, el di\u00e1logo es unilateral en ese sentido. A medida que continuamos nuestro viaje hacia una sociedad basada en los derechos, hacia la que hemos dado muchos pasos, tambi\u00e9n tenemos que convertirnos en una sociedad responsable. El viaje hacia la libertad sin responsabilidad llega al destino del caos\u201d.<\/p>\n<p>Holness elogi\u00f3 a la Iglesia Adventista y a otras partes interesadas por el enfoque unificado, diciendo que las discusiones son m\u00e1s que una defensa; son un deber y un ejemplo para la naci\u00f3n.<\/p>\n<p>Otros ministros del gobierno siguieron su ejemplo y se comprometieron a defender la libertad religiosa y esbozaron las salvaguardas legales incorporadas en sus ministerios con ese fin.<\/p>\n<p><div id=\"attachment_125444\" style=\"width: 997px\" class=\"wp-caption aligncenter\"><img decoding=\"async\" aria-describedby=\"caption-attachment-125444\" class=\" wp-image-125442\" src=\"https:\/\/interamerica.org\/wp-content\/uploads\/2025\/02\/jamaica-pm-holness-rlsummit.jpg\" alt=\"\" width=\"987\" height=\"658\" srcset=\"https:\/\/interamerica.org\/wp-content\/uploads\/2025\/02\/jamaica-pm-holness-rlsummit.jpg 1000w, https:\/\/interamerica.org\/wp-content\/uploads\/2025\/02\/jamaica-pm-holness-rlsummit-300x200.jpg 300w, https:\/\/interamerica.org\/wp-content\/uploads\/2025\/02\/jamaica-pm-holness-rlsummit-768x512.jpg 768w\" sizes=\"(max-width: 987px) 100vw, 987px\" \/><p id=\"caption-attachment-125444\" class=\"wp-caption-text\">El Primer Ministro, el Muy Honorable Andrew Holness, discute los logros y desaf\u00edos de la libertad religiosa en Jamaica, durante su discurso en la Cumbre de Libertad Religiosa de la Iglesia Adventista en Kingston, Jamaica, el 30 de enero de 2025. [Fotograf\u00eda: Phillip Castell]<\/p><\/div><strong>Una espada de doble filo<\/strong><\/p>\n<p>El Dr. Nelu Burcea, director asociado de Asuntos P\u00fablicos y Libertad Religiosa de la Asociaci\u00f3n General y una de los cuatro panelistas, analiz\u00f3 el tema \u201cLa intersecci\u00f3n de la libertad religiosa y las nuevas tecnolog\u00edas\u201d, durante el segmento de la tarde.<\/p>\n<p>\u201cEn primer lugar, tenemos que ser conscientes de que vivimos en un mundo en el que la tecnolog\u00eda es un arma de doble filo\u201d, afirm\u00f3 Burcea. \u201cEn algunos pa\u00edses, los grupos religiosos pueden aprovechar la tecnolog\u00eda para difundir su fe. Sin embargo, hay casos en los que la tecnolog\u00eda se utiliza para suprimir las actividades religiosas. Los gobiernos monitorean el contenido religioso en l\u00ednea, restringen el acceso a las Biblias digitales e interrumpen las reuniones virtuales\u201d.<\/p>\n<p><strong> Vigilancia digital y libertad religiosa<\/strong><\/p>\n<p>Brendon Coleman, subdirector de comunicaciones de la Uni\u00f3n de Jamaica y anfitri\u00f3n del panel de discusi\u00f3n, profundiz\u00f3 en las crecientes preocupaciones de la vigilancia digital, se\u00f1alando que varios gobiernos utilizan la tecnolog\u00eda para monitorizar las pr\u00e1cticas religiosas y suprimir la libertad de expresi\u00f3n.<\/p>\n<p><div id=\"attachment_125447\" style=\"width: 1010px\" class=\"wp-caption aligncenter\"><img decoding=\"async\" aria-describedby=\"caption-attachment-125447\" class=\"size-full wp-image-125445\" src=\"https:\/\/interamerica.org\/wp-content\/uploads\/2025\/02\/jamu-rlsummit-panel-1.jpg\" alt=\"\" width=\"1000\" height=\"667\" srcset=\"https:\/\/interamerica.org\/wp-content\/uploads\/2025\/02\/jamu-rlsummit-panel-1.jpg 1000w, https:\/\/interamerica.org\/wp-content\/uploads\/2025\/02\/jamu-rlsummit-panel-1-300x200.jpg 300w, https:\/\/interamerica.org\/wp-content\/uploads\/2025\/02\/jamu-rlsummit-panel-1-768x512.jpg 768w\" sizes=\"(max-width: 1000px) 100vw, 1000px\" \/><p id=\"caption-attachment-125447\" class=\"wp-caption-text\">Brendon Coleman (derecha), subdirector de comunicaciones de la Uni\u00f3n de Jamaica, presenta un panel de discusi\u00f3n que incluye, de izquierda a derecha: el Dr. Nelu Burcea, director asociad de Asuntos P\u00fablicos y Libertad Religiosa de la Asociaci\u00f3n General, Stacey Mitchell (centro), presidenta del Consejo de Jamaica para la Fraternidad Interreligiosa, y el pastor Glen Samuels, presidente de la Asociaci\u00f3n de Jamaica Occidental en Kingston, Jamaica; y el pastor Dane Fletcher, director de ministerios juveniles y universitarios de la Uni\u00f3n de Jamaica, durante la Cumbre de Libertad Religiosa de la iglesia, el 30 de enero de 2025. [Fotograf\u00eda: Phillip Castell]<\/p><\/div>\u201cAlgunos pa\u00edses de Oriente Medio emplean ese tipo de herramientas para limitar las actividades de las comunidades religiosas. Esto plantea la pregunta cr\u00edtica: \u00bfc\u00f3mo pueden las comunidades religiosas proteger sus libertades en una era de vigilancia digital?\u00bb \u2014pregunt\u00f3 Coleman.<\/p>\n<p>\u00abEn algunos pa\u00edses, no se puede hacer nada\u201d, respondi\u00f3 Burcea. \u201cDado que [los funcionarios del gobierno] cierran Internet y se pierde acceso a la biblioteca digital, se vuelve casi imposible acceder a materiales religiosos digitales. En otros pa\u00edses, se pueden hacer muchas cosas para proteger los datos\u201d.<\/p>\n<p>M\u00e1s all\u00e1 de la vigilancia, Burcea habl\u00f3 de las amenazas de la ciberseguridad, que suponen otro riesgo para las instituciones religiosas. Por ejemplo, \u00abla recopilaci\u00f3n no autorizada de datos expone a los grupos religiosos a la discriminaci\u00f3n, el fraude financiero y las violaciones de la privacidad\u201d, dijo, y agreg\u00f3: \u201cLos datos biom\u00e9tricos se utilizan cada vez m\u00e1s indebidamente, y algunos gobiernos exigen escaneos de huellas dactilares y reconocimiento facial para ingresar a lugares de culto, lo que luego puede convertirse en un arma contra ciertos grupos\u201d.<\/p>\n<p>El Dr. Burcea invit\u00f3 a la audiencia a visitar la p\u00e1gina web del Alto Comisionado de las Naciones Unidas para los Derechos Humanos. \u201cLes sorprender\u00e1 ver todos esos detalles y m\u00e1s de lo que estoy diciendo ahora\u201d.<\/p>\n<p><div id=\"attachment_125438\" style=\"width: 1010px\" class=\"wp-caption aligncenter\"><img loading=\"lazy\" decoding=\"async\" aria-describedby=\"caption-attachment-125438\" class=\"size-full wp-image-125436\" src=\"https:\/\/interamerica.org\/wp-content\/uploads\/2025\/02\/jamu-carla-anne-roper-rlsummit.jpg\" alt=\"\" width=\"1000\" height=\"667\" srcset=\"https:\/\/interamerica.org\/wp-content\/uploads\/2025\/02\/jamu-carla-anne-roper-rlsummit.jpg 1000w, https:\/\/interamerica.org\/wp-content\/uploads\/2025\/02\/jamu-carla-anne-roper-rlsummit-300x200.jpg 300w, https:\/\/interamerica.org\/wp-content\/uploads\/2025\/02\/jamu-carla-anne-roper-rlsummit-768x512.jpg 768w\" sizes=\"(max-width: 1000px) 100vw, 1000px\" \/><p id=\"caption-attachment-125438\" class=\"wp-caption-text\">La abogada de Kingston, Carla-Anne Roper, aclara un punto durante la Cumbre de Libertad Religiosa celebrada en el Centro de Conferencias de Jamaica en Kingston, Jamaica, el 30 de enero de 2025. [Fotograf\u00eda: Phillip Castell]<\/p><\/div><strong>Una iglesia sin muros<\/strong><\/p>\n<p>El pastor Glen Samuels, presidente de la Asociaci\u00f3n de Jamaica Occidental, llam\u00f3 la atenci\u00f3n sobre el impacto transformador de la tecnolog\u00eda en la difusi\u00f3n de mensajes religiosos a nivel mundial. \u201cEl COVID-19 abri\u00f3 muchas oportunidades\u201d, dijo. \u201cLa tecnolog\u00eda ha creado una \u2018iglesia sin muros\u2019, permitiendo que las comunidades de fe lleguen a millones de personas m\u00e1s all\u00e1 de su espacio f\u00edsico\u201d.<\/p>\n<p>Sin embargo, tambi\u00e9n advirti\u00f3 de los peligros que conllevan ese tipo de avances. \u201cSi bien la tecnolog\u00eda permite la libre expresi\u00f3n de la fe, tambi\u00e9n presenta un desaf\u00edo, tal vez mayor que las restricciones tradicionales a la libertad religiosa\u201d, advirti\u00f3. El pastor Samuels hizo referencia a Pegasus, un software esp\u00eda desarrollado por Israel que, seg\u00fan se informa, ciertos gobiernos han utilizado para rastrear y reprimir a las minor\u00edas religiosas. \u201cSe puede conectar de forma remota a dispositivos, monitorear comunicaciones y grabar sin consentimiento. Esto representa una seria amenaza para las libertades religiosas\u201d.<\/p>\n<p><strong>Un llamado a la acci\u00f3n<\/strong><\/p>\n<p>Si bien existen restricciones religiosas en muchas regiones, Dane Fletcher, director de ministerios juveniles y universitarios de la Uni\u00f3n de Jamaica, enfatiz\u00f3 la importancia de las actividades para defender la libertad religiosa. \u201cAquellos que disfrutan de la libertad religiosa no deben darla por sentada\u201d, dijo. \u201cDebemos usar la tecnolog\u00eda para amplificar la conciencia y apoyar a quienes enfrentan la opresi\u00f3n\u201d.<\/p>\n<p><div id=\"attachment_125435\" style=\"width: 1010px\" class=\"wp-caption aligncenter\"><img loading=\"lazy\" decoding=\"async\" aria-describedby=\"caption-attachment-125435\" class=\"size-full wp-image-125433\" src=\"https:\/\/interamerica.org\/wp-content\/uploads\/2025\/02\/wendell-wilkins-jamu-rl2025.jpg\" alt=\"\" width=\"1000\" height=\"667\" srcset=\"https:\/\/interamerica.org\/wp-content\/uploads\/2025\/02\/wendell-wilkins-jamu-rl2025.jpg 1000w, https:\/\/interamerica.org\/wp-content\/uploads\/2025\/02\/wendell-wilkins-jamu-rl2025-300x200.jpg 300w, https:\/\/interamerica.org\/wp-content\/uploads\/2025\/02\/wendell-wilkins-jamu-rl2025-768x512.jpg 768w\" sizes=\"(max-width: 1000px) 100vw, 1000px\" \/><p id=\"caption-attachment-125435\" class=\"wp-caption-text\">El abogado de Kingston, el Sr. Wendell Wilkins y miembro de la Asociaci\u00f3n Nacional de Libertad Religiosa en Jamaica, formula una pregunta durante la Cumbre de Libertad Religiosa celebrada el 30 de enero de 2025. [Fotograf\u00eda: Phillip Castell]<\/p><\/div>Stacey Mitchell, presidenta del Consejo de Jamaica para la Fraternidad Interreligiosa, se hizo eco de su sentimiento. \u201cNo podemos esperar a que la persecuci\u00f3n religiosa nos afecte personalmente. Debemos abogar por otros ahora, asegur\u00e1ndonos de que se protejan las libertades religiosas globales\u201d, expres\u00f3.<\/p>\n<p>Samuels concluy\u00f3 haciendo hincapi\u00e9 en la necesidad de un compromiso proactivo. \u201cLa democracia depende de representantes informados que defiendan las libertades, pero sin conciencia, pueden suprimir involuntariamente los derechos religiosos. La tecnolog\u00eda debe usarse para educar y proteger las libertades religiosas en todo el mundo\u201d, dijo.<\/p>\n<p><em>Lawrie Henry contribuy\u00f3 con este art\u00edculo.<\/em><\/p>\n<p>Traducci\u00f3n de Marcos Paseggi<\/p>\n","protected":false},"excerpt":{"rendered":"<p>En el evento de Jamaica, el panel analiza los desaf\u00edos y oportunidades del entorno actual. 19 de febrero de 2025 | Kingston, Jamaica | Dyhann Buddoo-Fletcher y Noticias de la&#8230;<\/p>\n","protected":false},"author":3,"featured_media":125490,"comment_status":"closed","ping_status":"closed","sticky":false,"template":"","format":"standard","meta":{"_acf_changed":false,"footnotes":""},"categories":[17,15],"tags":[],"class_list":["post-125484","post","type-post","status-publish","format-standard","has-post-thumbnail","hentry","category-desde-el-campo","category-rss-espanol"],"acf":[],"yoast_head":"<!-- This site is optimized with the Yoast SEO plugin v27.3 - https:\/\/yoast.com\/product\/yoast-seo-wordpress\/ -->\n<title>L\u00edderes eclesi\u00e1sticos y funcionarios abordan la naturaleza dual de la tecnolog\u00eda y el estado de la libertad religiosa en Jamaica - Iglesia Adventista del S\u00e9ptimo D\u00eda - Divisi\u00f3n Interamericana<\/title>\n<meta name=\"robots\" content=\"index, follow, max-snippet:-1, max-image-preview:large, max-video-preview:-1\" \/>\n<link rel=\"canonical\" href=\"https:\/\/interamerica.org\/es\/2025\/02\/lideres-eclesiasticos-y-funcionarios-abordan-la-naturaleza-dual-de-la-tecnologia-y-el-estado-de-la-libertad-religiosa-en-jamaica\/\" \/>\n<meta property=\"og:locale\" content=\"es_ES\" \/>\n<meta property=\"og:type\" content=\"article\" \/>\n<meta property=\"og:title\" content=\"L\u00edderes eclesi\u00e1sticos y funcionarios abordan la naturaleza dual de la tecnolog\u00eda y el estado de la libertad religiosa en Jamaica - Iglesia Adventista del S\u00e9ptimo D\u00eda - Divisi\u00f3n Interamericana\" \/>\n<meta property=\"og:description\" content=\"En el evento de Jamaica, el panel analiza los desaf\u00edos y oportunidades del entorno actual. 19 de febrero de 2025 | Kingston, Jamaica | Dyhann Buddoo-Fletcher y Noticias de la...\" \/>\n<meta property=\"og:url\" content=\"https:\/\/interamerica.org\/es\/2025\/02\/lideres-eclesiasticos-y-funcionarios-abordan-la-naturaleza-dual-de-la-tecnologia-y-el-estado-de-la-libertad-religiosa-en-jamaica\/\" \/>\n<meta property=\"og:site_name\" content=\"Iglesia Adventista del S\u00e9ptimo D\u00eda - Divisi\u00f3n Interamericana\" \/>\n<meta property=\"article:published_time\" content=\"2025-02-20T01:44:59+00:00\" \/>\n<meta property=\"article:modified_time\" content=\"2025-02-22T04:18:26+00:00\" \/>\n<meta property=\"og:image\" content=\"https:\/\/interamerica.org\/wp-content\/uploads\/2025\/02\/jamu-rlsummit-pms.jpg\" \/>\n\t<meta property=\"og:image:width\" content=\"1000\" \/>\n\t<meta property=\"og:image:height\" content=\"667\" \/>\n\t<meta property=\"og:image:type\" content=\"image\/jpeg\" \/>\n<meta name=\"author\" content=\"libna\" \/>\n<meta name=\"twitter:card\" content=\"summary_large_image\" \/>\n<meta name=\"twitter:label1\" content=\"Escrito por\" \/>\n\t<meta name=\"twitter:data1\" content=\"libna\" \/>\n\t<meta name=\"twitter:label2\" content=\"Tiempo de lectura\" \/>\n\t<meta name=\"twitter:data2\" content=\"8 minutos\" \/>\n<script type=\"application\/ld+json\" class=\"yoast-schema-graph\">{\"@context\":\"https:\\\/\\\/schema.org\",\"@graph\":[{\"@type\":\"Article\",\"@id\":\"https:\\\/\\\/interamerica.org\\\/es\\\/2025\\\/02\\\/lideres-eclesiasticos-y-funcionarios-abordan-la-naturaleza-dual-de-la-tecnologia-y-el-estado-de-la-libertad-religiosa-en-jamaica\\\/#article\",\"isPartOf\":{\"@id\":\"https:\\\/\\\/interamerica.org\\\/es\\\/2025\\\/02\\\/lideres-eclesiasticos-y-funcionarios-abordan-la-naturaleza-dual-de-la-tecnologia-y-el-estado-de-la-libertad-religiosa-en-jamaica\\\/\"},\"author\":{\"name\":\"libna\",\"@id\":\"https:\\\/\\\/interamerica.org\\\/es\\\/#\\\/schema\\\/person\\\/29998f2bc2d8bd0d38662909289b54f1\"},\"headline\":\"L\u00edderes eclesi\u00e1sticos y funcionarios abordan la naturaleza dual de la tecnolog\u00eda y el estado de la libertad religiosa en Jamaica\",\"datePublished\":\"2025-02-20T01:44:59+00:00\",\"dateModified\":\"2025-02-22T04:18:26+00:00\",\"mainEntityOfPage\":{\"@id\":\"https:\\\/\\\/interamerica.org\\\/es\\\/2025\\\/02\\\/lideres-eclesiasticos-y-funcionarios-abordan-la-naturaleza-dual-de-la-tecnologia-y-el-estado-de-la-libertad-religiosa-en-jamaica\\\/\"},\"wordCount\":1498,\"image\":{\"@id\":\"https:\\\/\\\/interamerica.org\\\/es\\\/2025\\\/02\\\/lideres-eclesiasticos-y-funcionarios-abordan-la-naturaleza-dual-de-la-tecnologia-y-el-estado-de-la-libertad-religiosa-en-jamaica\\\/#primaryimage\"},\"thumbnailUrl\":\"https:\\\/\\\/interamerica.org\\\/wp-content\\\/uploads\\\/2025\\\/02\\\/jamu-rlsummit-pms.jpg\",\"articleSection\":[\"Desde el campo\",\"RSS Espa\u00f1ol\"],\"inLanguage\":\"es\"},{\"@type\":\"WebPage\",\"@id\":\"https:\\\/\\\/interamerica.org\\\/es\\\/2025\\\/02\\\/lideres-eclesiasticos-y-funcionarios-abordan-la-naturaleza-dual-de-la-tecnologia-y-el-estado-de-la-libertad-religiosa-en-jamaica\\\/\",\"url\":\"https:\\\/\\\/interamerica.org\\\/es\\\/2025\\\/02\\\/lideres-eclesiasticos-y-funcionarios-abordan-la-naturaleza-dual-de-la-tecnologia-y-el-estado-de-la-libertad-religiosa-en-jamaica\\\/\",\"name\":\"L\u00edderes eclesi\u00e1sticos y funcionarios abordan la naturaleza dual de la tecnolog\u00eda y el estado de la libertad religiosa en Jamaica - Iglesia Adventista del S\u00e9ptimo D\u00eda - Divisi\u00f3n Interamericana\",\"isPartOf\":{\"@id\":\"https:\\\/\\\/interamerica.org\\\/es\\\/#website\"},\"primaryImageOfPage\":{\"@id\":\"https:\\\/\\\/interamerica.org\\\/es\\\/2025\\\/02\\\/lideres-eclesiasticos-y-funcionarios-abordan-la-naturaleza-dual-de-la-tecnologia-y-el-estado-de-la-libertad-religiosa-en-jamaica\\\/#primaryimage\"},\"image\":{\"@id\":\"https:\\\/\\\/interamerica.org\\\/es\\\/2025\\\/02\\\/lideres-eclesiasticos-y-funcionarios-abordan-la-naturaleza-dual-de-la-tecnologia-y-el-estado-de-la-libertad-religiosa-en-jamaica\\\/#primaryimage\"},\"thumbnailUrl\":\"https:\\\/\\\/interamerica.org\\\/wp-content\\\/uploads\\\/2025\\\/02\\\/jamu-rlsummit-pms.jpg\",\"datePublished\":\"2025-02-20T01:44:59+00:00\",\"dateModified\":\"2025-02-22T04:18:26+00:00\",\"author\":{\"@id\":\"https:\\\/\\\/interamerica.org\\\/es\\\/#\\\/schema\\\/person\\\/29998f2bc2d8bd0d38662909289b54f1\"},\"breadcrumb\":{\"@id\":\"https:\\\/\\\/interamerica.org\\\/es\\\/2025\\\/02\\\/lideres-eclesiasticos-y-funcionarios-abordan-la-naturaleza-dual-de-la-tecnologia-y-el-estado-de-la-libertad-religiosa-en-jamaica\\\/#breadcrumb\"},\"inLanguage\":\"es\",\"potentialAction\":[{\"@type\":\"ReadAction\",\"target\":[\"https:\\\/\\\/interamerica.org\\\/es\\\/2025\\\/02\\\/lideres-eclesiasticos-y-funcionarios-abordan-la-naturaleza-dual-de-la-tecnologia-y-el-estado-de-la-libertad-religiosa-en-jamaica\\\/\"]}]},{\"@type\":\"ImageObject\",\"inLanguage\":\"es\",\"@id\":\"https:\\\/\\\/interamerica.org\\\/es\\\/2025\\\/02\\\/lideres-eclesiasticos-y-funcionarios-abordan-la-naturaleza-dual-de-la-tecnologia-y-el-estado-de-la-libertad-religiosa-en-jamaica\\\/#primaryimage\",\"url\":\"https:\\\/\\\/interamerica.org\\\/wp-content\\\/uploads\\\/2025\\\/02\\\/jamu-rlsummit-pms.jpg\",\"contentUrl\":\"https:\\\/\\\/interamerica.org\\\/wp-content\\\/uploads\\\/2025\\\/02\\\/jamu-rlsummit-pms.jpg\",\"width\":1000,\"height\":667,\"caption\":\"L-R: Mark Golding MP, Leader of the Opposition, Nigel Coke, Public Affairs and Religious Liberty director of the Jamaica Union and Dr. the Hon. Andrew Holness ON, PC, MP listen attentively to a presentation during the Religious Liberty Summit held on January 30, 2025 at the Jamaica Conference Centre in Kingston, Jamaica[Photo: Phillip Castell]\"},{\"@type\":\"BreadcrumbList\",\"@id\":\"https:\\\/\\\/interamerica.org\\\/es\\\/2025\\\/02\\\/lideres-eclesiasticos-y-funcionarios-abordan-la-naturaleza-dual-de-la-tecnologia-y-el-estado-de-la-libertad-religiosa-en-jamaica\\\/#breadcrumb\",\"itemListElement\":[{\"@type\":\"ListItem\",\"position\":1,\"name\":\"Home\",\"item\":\"https:\\\/\\\/interamerica.org\\\/es\\\/\"},{\"@type\":\"ListItem\",\"position\":2,\"name\":\"L\u00edderes eclesi\u00e1sticos y funcionarios abordan la naturaleza dual de la tecnolog\u00eda y el estado de la libertad religiosa en Jamaica\"}]},{\"@type\":\"WebSite\",\"@id\":\"https:\\\/\\\/interamerica.org\\\/es\\\/#website\",\"url\":\"https:\\\/\\\/interamerica.org\\\/es\\\/\",\"name\":\"Iglesia Adventista del S\u00e9ptimo D\u00eda - Divisi\u00f3n Interamericana\",\"description\":\"\",\"potentialAction\":[{\"@type\":\"SearchAction\",\"target\":{\"@type\":\"EntryPoint\",\"urlTemplate\":\"https:\\\/\\\/interamerica.org\\\/es\\\/?s={search_term_string}\"},\"query-input\":{\"@type\":\"PropertyValueSpecification\",\"valueRequired\":true,\"valueName\":\"search_term_string\"}}],\"inLanguage\":\"es\"},{\"@type\":\"Person\",\"@id\":\"https:\\\/\\\/interamerica.org\\\/es\\\/#\\\/schema\\\/person\\\/29998f2bc2d8bd0d38662909289b54f1\",\"name\":\"libna\",\"image\":{\"@type\":\"ImageObject\",\"inLanguage\":\"es\",\"@id\":\"https:\\\/\\\/secure.gravatar.com\\\/avatar\\\/7c5bd30ae4b47a9ba3c856590957fd1d96dc588bf3ac05719d247e126840331f?s=96&d=mm&r=g\",\"url\":\"https:\\\/\\\/secure.gravatar.com\\\/avatar\\\/7c5bd30ae4b47a9ba3c856590957fd1d96dc588bf3ac05719d247e126840331f?s=96&d=mm&r=g\",\"contentUrl\":\"https:\\\/\\\/secure.gravatar.com\\\/avatar\\\/7c5bd30ae4b47a9ba3c856590957fd1d96dc588bf3ac05719d247e126840331f?s=96&d=mm&r=g\",\"caption\":\"libna\"}}]}<\/script>\n<!-- \/ Yoast SEO plugin. -->","yoast_head_json":{"title":"L\u00edderes eclesi\u00e1sticos y funcionarios abordan la naturaleza dual de la tecnolog\u00eda y el estado de la libertad religiosa en Jamaica - Iglesia Adventista del S\u00e9ptimo D\u00eda - Divisi\u00f3n Interamericana","robots":{"index":"index","follow":"follow","max-snippet":"max-snippet:-1","max-image-preview":"max-image-preview:large","max-video-preview":"max-video-preview:-1"},"canonical":"https:\/\/interamerica.org\/es\/2025\/02\/lideres-eclesiasticos-y-funcionarios-abordan-la-naturaleza-dual-de-la-tecnologia-y-el-estado-de-la-libertad-religiosa-en-jamaica\/","og_locale":"es_ES","og_type":"article","og_title":"L\u00edderes eclesi\u00e1sticos y funcionarios abordan la naturaleza dual de la tecnolog\u00eda y el estado de la libertad religiosa en Jamaica - Iglesia Adventista del S\u00e9ptimo D\u00eda - Divisi\u00f3n Interamericana","og_description":"En el evento de Jamaica, el panel analiza los desaf\u00edos y oportunidades del entorno actual. 19 de febrero de 2025 | Kingston, Jamaica | Dyhann Buddoo-Fletcher y Noticias de la...","og_url":"https:\/\/interamerica.org\/es\/2025\/02\/lideres-eclesiasticos-y-funcionarios-abordan-la-naturaleza-dual-de-la-tecnologia-y-el-estado-de-la-libertad-religiosa-en-jamaica\/","og_site_name":"Iglesia Adventista del S\u00e9ptimo D\u00eda - Divisi\u00f3n Interamericana","article_published_time":"2025-02-20T01:44:59+00:00","article_modified_time":"2025-02-22T04:18:26+00:00","og_image":[{"width":1000,"height":667,"url":"https:\/\/interamerica.org\/wp-content\/uploads\/2025\/02\/jamu-rlsummit-pms.jpg","type":"image\/jpeg"}],"author":"libna","twitter_card":"summary_large_image","twitter_misc":{"Escrito por":"libna","Tiempo de lectura":"8 minutos"},"schema":{"@context":"https:\/\/schema.org","@graph":[{"@type":"Article","@id":"https:\/\/interamerica.org\/es\/2025\/02\/lideres-eclesiasticos-y-funcionarios-abordan-la-naturaleza-dual-de-la-tecnologia-y-el-estado-de-la-libertad-religiosa-en-jamaica\/#article","isPartOf":{"@id":"https:\/\/interamerica.org\/es\/2025\/02\/lideres-eclesiasticos-y-funcionarios-abordan-la-naturaleza-dual-de-la-tecnologia-y-el-estado-de-la-libertad-religiosa-en-jamaica\/"},"author":{"name":"libna","@id":"https:\/\/interamerica.org\/es\/#\/schema\/person\/29998f2bc2d8bd0d38662909289b54f1"},"headline":"L\u00edderes eclesi\u00e1sticos y funcionarios abordan la naturaleza dual de la tecnolog\u00eda y el estado de la libertad religiosa en Jamaica","datePublished":"2025-02-20T01:44:59+00:00","dateModified":"2025-02-22T04:18:26+00:00","mainEntityOfPage":{"@id":"https:\/\/interamerica.org\/es\/2025\/02\/lideres-eclesiasticos-y-funcionarios-abordan-la-naturaleza-dual-de-la-tecnologia-y-el-estado-de-la-libertad-religiosa-en-jamaica\/"},"wordCount":1498,"image":{"@id":"https:\/\/interamerica.org\/es\/2025\/02\/lideres-eclesiasticos-y-funcionarios-abordan-la-naturaleza-dual-de-la-tecnologia-y-el-estado-de-la-libertad-religiosa-en-jamaica\/#primaryimage"},"thumbnailUrl":"https:\/\/interamerica.org\/wp-content\/uploads\/2025\/02\/jamu-rlsummit-pms.jpg","articleSection":["Desde el campo","RSS Espa\u00f1ol"],"inLanguage":"es"},{"@type":"WebPage","@id":"https:\/\/interamerica.org\/es\/2025\/02\/lideres-eclesiasticos-y-funcionarios-abordan-la-naturaleza-dual-de-la-tecnologia-y-el-estado-de-la-libertad-religiosa-en-jamaica\/","url":"https:\/\/interamerica.org\/es\/2025\/02\/lideres-eclesiasticos-y-funcionarios-abordan-la-naturaleza-dual-de-la-tecnologia-y-el-estado-de-la-libertad-religiosa-en-jamaica\/","name":"L\u00edderes eclesi\u00e1sticos y funcionarios abordan la naturaleza dual de la tecnolog\u00eda y el estado de la libertad religiosa en Jamaica - Iglesia Adventista del S\u00e9ptimo D\u00eda - Divisi\u00f3n Interamericana","isPartOf":{"@id":"https:\/\/interamerica.org\/es\/#website"},"primaryImageOfPage":{"@id":"https:\/\/interamerica.org\/es\/2025\/02\/lideres-eclesiasticos-y-funcionarios-abordan-la-naturaleza-dual-de-la-tecnologia-y-el-estado-de-la-libertad-religiosa-en-jamaica\/#primaryimage"},"image":{"@id":"https:\/\/interamerica.org\/es\/2025\/02\/lideres-eclesiasticos-y-funcionarios-abordan-la-naturaleza-dual-de-la-tecnologia-y-el-estado-de-la-libertad-religiosa-en-jamaica\/#primaryimage"},"thumbnailUrl":"https:\/\/interamerica.org\/wp-content\/uploads\/2025\/02\/jamu-rlsummit-pms.jpg","datePublished":"2025-02-20T01:44:59+00:00","dateModified":"2025-02-22T04:18:26+00:00","author":{"@id":"https:\/\/interamerica.org\/es\/#\/schema\/person\/29998f2bc2d8bd0d38662909289b54f1"},"breadcrumb":{"@id":"https:\/\/interamerica.org\/es\/2025\/02\/lideres-eclesiasticos-y-funcionarios-abordan-la-naturaleza-dual-de-la-tecnologia-y-el-estado-de-la-libertad-religiosa-en-jamaica\/#breadcrumb"},"inLanguage":"es","potentialAction":[{"@type":"ReadAction","target":["https:\/\/interamerica.org\/es\/2025\/02\/lideres-eclesiasticos-y-funcionarios-abordan-la-naturaleza-dual-de-la-tecnologia-y-el-estado-de-la-libertad-religiosa-en-jamaica\/"]}]},{"@type":"ImageObject","inLanguage":"es","@id":"https:\/\/interamerica.org\/es\/2025\/02\/lideres-eclesiasticos-y-funcionarios-abordan-la-naturaleza-dual-de-la-tecnologia-y-el-estado-de-la-libertad-religiosa-en-jamaica\/#primaryimage","url":"https:\/\/interamerica.org\/wp-content\/uploads\/2025\/02\/jamu-rlsummit-pms.jpg","contentUrl":"https:\/\/interamerica.org\/wp-content\/uploads\/2025\/02\/jamu-rlsummit-pms.jpg","width":1000,"height":667,"caption":"L-R: Mark Golding MP, Leader of the Opposition, Nigel Coke, Public Affairs and Religious Liberty director of the Jamaica Union and Dr. the Hon. Andrew Holness ON, PC, MP listen attentively to a presentation during the Religious Liberty Summit held on January 30, 2025 at the Jamaica Conference Centre in Kingston, Jamaica[Photo: Phillip Castell]"},{"@type":"BreadcrumbList","@id":"https:\/\/interamerica.org\/es\/2025\/02\/lideres-eclesiasticos-y-funcionarios-abordan-la-naturaleza-dual-de-la-tecnologia-y-el-estado-de-la-libertad-religiosa-en-jamaica\/#breadcrumb","itemListElement":[{"@type":"ListItem","position":1,"name":"Home","item":"https:\/\/interamerica.org\/es\/"},{"@type":"ListItem","position":2,"name":"L\u00edderes eclesi\u00e1sticos y funcionarios abordan la naturaleza dual de la tecnolog\u00eda y el estado de la libertad religiosa en Jamaica"}]},{"@type":"WebSite","@id":"https:\/\/interamerica.org\/es\/#website","url":"https:\/\/interamerica.org\/es\/","name":"Iglesia Adventista del S\u00e9ptimo D\u00eda - Divisi\u00f3n Interamericana","description":"","potentialAction":[{"@type":"SearchAction","target":{"@type":"EntryPoint","urlTemplate":"https:\/\/interamerica.org\/es\/?s={search_term_string}"},"query-input":{"@type":"PropertyValueSpecification","valueRequired":true,"valueName":"search_term_string"}}],"inLanguage":"es"},{"@type":"Person","@id":"https:\/\/interamerica.org\/es\/#\/schema\/person\/29998f2bc2d8bd0d38662909289b54f1","name":"libna","image":{"@type":"ImageObject","inLanguage":"es","@id":"https:\/\/secure.gravatar.com\/avatar\/7c5bd30ae4b47a9ba3c856590957fd1d96dc588bf3ac05719d247e126840331f?s=96&d=mm&r=g","url":"https:\/\/secure.gravatar.com\/avatar\/7c5bd30ae4b47a9ba3c856590957fd1d96dc588bf3ac05719d247e126840331f?s=96&d=mm&r=g","contentUrl":"https:\/\/secure.gravatar.com\/avatar\/7c5bd30ae4b47a9ba3c856590957fd1d96dc588bf3ac05719d247e126840331f?s=96&d=mm&r=g","caption":"libna"}}]}},"_links":{"self":[{"href":"https:\/\/interamerica.org\/es\/wp-json\/wp\/v2\/posts\/125484","targetHints":{"allow":["GET"]}}],"collection":[{"href":"https:\/\/interamerica.org\/es\/wp-json\/wp\/v2\/posts"}],"about":[{"href":"https:\/\/interamerica.org\/es\/wp-json\/wp\/v2\/types\/post"}],"author":[{"embeddable":true,"href":"https:\/\/interamerica.org\/es\/wp-json\/wp\/v2\/users\/3"}],"replies":[{"embeddable":true,"href":"https:\/\/interamerica.org\/es\/wp-json\/wp\/v2\/comments?post=125484"}],"version-history":[{"count":0,"href":"https:\/\/interamerica.org\/es\/wp-json\/wp\/v2\/posts\/125484\/revisions"}],"wp:featuredmedia":[{"embeddable":true,"href":"https:\/\/interamerica.org\/es\/wp-json\/wp\/v2\/media\/125490"}],"wp:attachment":[{"href":"https:\/\/interamerica.org\/es\/wp-json\/wp\/v2\/media?parent=125484"}],"wp:term":[{"taxonomy":"category","embeddable":true,"href":"https:\/\/interamerica.org\/es\/wp-json\/wp\/v2\/categories?post=125484"},{"taxonomy":"post_tag","embeddable":true,"href":"https:\/\/interamerica.org\/es\/wp-json\/wp\/v2\/tags?post=125484"}],"curies":[{"name":"wp","href":"https:\/\/api.w.org\/{rel}","templated":true}]}}