{"id":125625,"date":"2025-02-24T14:34:31","date_gmt":"2025-02-24T19:34:31","guid":{"rendered":"https:\/\/interamerica.org\/?p=125625"},"modified":"2025-02-24T19:25:55","modified_gmt":"2025-02-25T00:25:55","slug":"adventistas-expanden-presencia-en-el-metaverso-gracias-a-evento-interactivo-de-oracion","status":"publish","type":"post","link":"https:\/\/interamerica.org\/es\/2025\/02\/adventistas-expanden-presencia-en-el-metaverso-gracias-a-evento-interactivo-de-oracion\/","title":{"rendered":"Adventistas expanden presencia en el metaverso gracias a evento interactivo de oraci\u00f3n"},"content":{"rendered":"<p class=\"c-post-header__subtitle\"><em>La gente se reuni\u00f3 en la plataforma digital para momentos de oraci\u00f3n y reflexi\u00f3n.<\/em><\/p>\n<p>24 de febrero de 2025 | Brasil | Cristina Levano, Divisi\u00f3n Sudamericana, y <em>Adventist Review<\/em><\/p>\n<p>La Iglesia Adventista del S\u00e9ptimo D\u00eda contin\u00faa expandiendo su presencia en el mundo digital al llegar a las personas a trav\u00e9s de diferentes plataformas. Durante los 10 D\u00edas de Oraci\u00f3n, celebrados en Brasil del 13 al 22 de febrero, el metaverso se convirti\u00f3 en una herramienta importante para compartir temas b\u00edblicos, con encuentros diarios a las 20:00 horas (hora de Brasilia) en el mundo digital.<\/p>\n<p>El evento tuvo lugar en la plataforma <a href=\"https:\/\/www.spatial.io\/s\/Adventist-VR-IASD-656de35e612c26973033bbba?share=978572846301270740\" target=\"_blank\" rel=\"noopener\">Spatial<\/a>, donde la Iglesia Adventista ya tiene un espacio bien establecido. Esta plataforma permiti\u00f3 a los participantes de todo el mundo conectarse y participar en reuniones en l\u00ednea, exposiciones de contenido, intercambios y gamificaci\u00f3n, todo dentro de una experiencia inmersiva \u00fanica.<\/p>\n<p>Este a\u00f1o el evento fue m\u00e1s interactivo. En lugar de tener un solo predicador, los participantes se turnaron para dirigir momentos de m\u00fasica, oraci\u00f3n, discusiones y reflexiones b\u00edblicas. Esto aument\u00f3 la interacci\u00f3n entre los asistentes en la plataforma y demostr\u00f3 de qu\u00e9 manera la naturaleza comunitaria de la Iglesia Adventista tambi\u00e9n se puede traducir al mundo digital.<\/p>\n<div id=\"attachment_125614\" style=\"width: 903px\" class=\"wp-caption aligncenter\"><img fetchpriority=\"high\" decoding=\"async\" aria-describedby=\"caption-attachment-125614\" class=\" wp-image-125612\" src=\"https:\/\/interamerica.org\/wp-content\/uploads\/2025\/02\/captura-de-pantalla-2025-02-23-a-las-110144pm-1024x460.png\" alt=\"\" width=\"893\" height=\"401\" srcset=\"https:\/\/interamerica.org\/wp-content\/uploads\/2025\/02\/captura-de-pantalla-2025-02-23-a-las-110144pm-1024x460.png 1024w, https:\/\/interamerica.org\/wp-content\/uploads\/2025\/02\/captura-de-pantalla-2025-02-23-a-las-110144pm-300x135.png 300w, https:\/\/interamerica.org\/wp-content\/uploads\/2025\/02\/captura-de-pantalla-2025-02-23-a-las-110144pm-768x345.png 768w, https:\/\/interamerica.org\/wp-content\/uploads\/2025\/02\/captura-de-pantalla-2025-02-23-a-las-110144pm-1536x691.png 1536w, https:\/\/interamerica.org\/wp-content\/uploads\/2025\/02\/captura-de-pantalla-2025-02-23-a-las-110144pm-2048x921.png 2048w\" sizes=\"(max-width: 893px) 100vw, 893px\" \/><p id=\"caption-attachment-125614\" class=\"wp-caption-text\">Uno de los objetivos de la iniciativa es involucrar a las personas en el evangelismo en l\u00ednea. [Fotograf\u00eda: Noticias de la Divisi\u00f3n Sudamericana]<\/p><\/div>\n<h3 class=\"wp-block-heading\"><strong>Una Iglesia Conectada<\/strong><\/h3>\n<p>La presencia de la Iglesia Adventista en el mundo en l\u00ednea no es reciente, y contin\u00faa adapt\u00e1ndose a las nuevas realidades tecnol\u00f3gicas, dijeron los l\u00edderes. El metaverso ya se ha utilizado para conectar a miembros e invitados en varios eventos espirituales y programas interactivos.<\/p>\n<p>\u201cEl uso de la tecnolog\u00eda se ha vuelto esencial para llegar a las nuevas generaciones, que est\u00e1n m\u00e1s conectadas al mundo digital\u201d, dijeron. \u201cEl metaverso se ha convertido en una forma eficaz de involucrar a los j\u00f3venes y a personas que de otro modo no participar\u00edan en los cultos de adoraci\u00f3n tradicionales\u201d.<\/p>\n<p>Carlos Magalh\u00e3es, director de estrategias digitales en la Divisi\u00f3n Sudamericana, explic\u00f3 que el objetivo de la iniciativa en l\u00ednea es crear un espacio donde las personas puedan experimentar la fe de manera interactiva e inmersiva.<\/p>\n<p>\u201cEn el metaverso podemos ofrecer servicios de adoraci\u00f3n, estudios b\u00edblicos, eventos interactivos e incluso iniciativas misioneras a una audiencia que a menudo no tiene acceso a una iglesia f\u00edsica\u201d, dijo. \u201cAdem\u00e1s, muchos j\u00f3venes y profesionales ya est\u00e1n inmersos en ese entorno digital, y queremos estar donde ellos est\u00e1n, llevando un mensaje de esperanza y transformaci\u00f3n\u201d.<\/p>\n<div id=\"attachment_125617\" style=\"width: 931px\" class=\"wp-caption aligncenter\"><img decoding=\"async\" aria-describedby=\"caption-attachment-125617\" class=\" wp-image-125615\" src=\"https:\/\/interamerica.org\/wp-content\/uploads\/2025\/02\/img-20250219-wa0235-1024x459.jpg\" alt=\"\" width=\"921\" height=\"413\" srcset=\"https:\/\/interamerica.org\/wp-content\/uploads\/2025\/02\/img-20250219-wa0235-1024x459.jpg 1024w, https:\/\/interamerica.org\/wp-content\/uploads\/2025\/02\/img-20250219-wa0235-300x134.jpg 300w, https:\/\/interamerica.org\/wp-content\/uploads\/2025\/02\/img-20250219-wa0235-768x344.jpg 768w, https:\/\/interamerica.org\/wp-content\/uploads\/2025\/02\/img-20250219-wa0235-1536x688.jpg 1536w, https:\/\/interamerica.org\/wp-content\/uploads\/2025\/02\/img-20250219-wa0235.jpg 1600w\" sizes=\"(max-width: 921px) 100vw, 921px\" \/><p id=\"caption-attachment-125617\" class=\"wp-caption-text\">Una de las reuniones realizadas en el entorno virtual durante los 10 D\u00edas de Oraci\u00f3n. [Fotograf\u00eda: Noticias de la Divisi\u00f3n Sudamericana]<\/p><\/div>\n<h3 class=\"wp-block-heading\"><strong>Los adventistas y el metaverso<\/strong><\/h3>\n<p>La Iglesia Adventista reconoce que el metaverso es una herramienta relevante para compartir el evangelio, lo que permite que los miembros de iglesia lleguen hasta personas que no pueden o no quieren participar en las reuniones presenciales. La plataforma digital busca fortalecer a la iglesia como una comunidad global, uniendo a personas de diferentes culturas y lugares.<\/p>\n<p>Adem\u00e1s de los 10 D\u00edas de Oraci\u00f3n, la iglesia est\u00e1 explorando el metaverso en otros proyectos innovadores, como lo es el juego <a href=\"https:\/\/www.spatial.io\/s\/1844-A-Jornada-65cd94e4936303189f72af1d?share=1767889947270061047\" target=\"_blank\" rel=\"noreferrer noopener\">1844<\/a>, que permite que los j\u00f3venes aprendan sobre la historia adventista de una manera divertida y educativa. Ese uso de la gamificaci\u00f3n proporciona una forma atractiva de aprendizaje, explicaron los l\u00edderes.<\/p>\n<p>\u201cCon el avance de las tecnolog\u00edas, la Iglesia Adventista ha utilizado nuevos recursos para expandir la evangelizaci\u00f3n, haciendo que el mensaje de Cristo est\u00e9 disponible en diferentes plataformas y llegando a audiencias que tienen acceso limitado a los medios tradicionales\u201d, dijeron.<\/p>\n<p><em>La <\/em><a href=\"https:\/\/noticias.adventistas.org\/pt\/adventistas-expandem-presenca-no-metaverso-com-evento-interativo-de-oracao\/\" target=\"_blank\" rel=\"noopener\"><em>versi\u00f3n original<\/em><\/a><em> de esta noticia fue publicada en el <\/em><a href=\"https:\/\/noticias.adventistas.org\/pt\" target=\"_blank\" rel=\"noopener\"><em>sitio de noticias en portugu\u00e9s<\/em> de la Divisi\u00f3n Sudamericana<\/a>.<\/p>\n<p>Traducci\u00f3n de Marcos Paseggi<\/p>\n","protected":false},"excerpt":{"rendered":"<p>La gente se reuni\u00f3 en la plataforma digital para momentos de oraci\u00f3n y reflexi\u00f3n. 24 de febrero de 2025 | Brasil | Cristina Levano, Divisi\u00f3n Sudamericana, y Adventist Review La&#8230;<\/p>\n","protected":false},"author":3,"featured_media":125617,"comment_status":"closed","ping_status":"closed","sticky":false,"template":"","format":"standard","meta":{"_acf_changed":false,"footnotes":""},"categories":[14,15],"tags":[],"class_list":["post-125625","post","type-post","status-publish","format-standard","has-post-thumbnail","hentry","category-de-la-iglesia-mundial","category-rss-espanol"],"acf":[],"yoast_head":"<!-- This site is optimized with the Yoast SEO plugin v27.3 - https:\/\/yoast.com\/product\/yoast-seo-wordpress\/ -->\n<title>Adventistas expanden presencia en el metaverso gracias a evento interactivo de oraci\u00f3n - Iglesia Adventista del S\u00e9ptimo D\u00eda - Divisi\u00f3n Interamericana<\/title>\n<meta name=\"robots\" content=\"index, follow, max-snippet:-1, max-image-preview:large, max-video-preview:-1\" \/>\n<link rel=\"canonical\" href=\"https:\/\/interamerica.org\/es\/2025\/02\/adventistas-expanden-presencia-en-el-metaverso-gracias-a-evento-interactivo-de-oracion\/\" \/>\n<meta property=\"og:locale\" content=\"es_ES\" \/>\n<meta property=\"og:type\" content=\"article\" \/>\n<meta property=\"og:title\" content=\"Adventistas expanden presencia en el metaverso gracias a evento interactivo de oraci\u00f3n - Iglesia Adventista del S\u00e9ptimo D\u00eda - Divisi\u00f3n Interamericana\" \/>\n<meta property=\"og:description\" content=\"La gente se reuni\u00f3 en la plataforma digital para momentos de oraci\u00f3n y reflexi\u00f3n. 24 de febrero de 2025 | Brasil | Cristina Levano, Divisi\u00f3n Sudamericana, y Adventist Review La...\" \/>\n<meta property=\"og:url\" content=\"https:\/\/interamerica.org\/es\/2025\/02\/adventistas-expanden-presencia-en-el-metaverso-gracias-a-evento-interactivo-de-oracion\/\" \/>\n<meta property=\"og:site_name\" content=\"Iglesia Adventista del S\u00e9ptimo D\u00eda - Divisi\u00f3n Interamericana\" \/>\n<meta property=\"article:published_time\" content=\"2025-02-24T19:34:31+00:00\" \/>\n<meta property=\"article:modified_time\" content=\"2025-02-25T00:25:55+00:00\" \/>\n<meta property=\"og:image\" content=\"https:\/\/interamerica.org\/wp-content\/uploads\/2025\/02\/img-20250219-wa0235.jpg\" \/>\n\t<meta property=\"og:image:width\" content=\"1600\" \/>\n\t<meta property=\"og:image:height\" content=\"717\" \/>\n\t<meta property=\"og:image:type\" content=\"image\/jpeg\" \/>\n<meta name=\"author\" content=\"libna\" \/>\n<meta name=\"twitter:card\" content=\"summary_large_image\" \/>\n<meta name=\"twitter:label1\" content=\"Escrito por\" \/>\n\t<meta name=\"twitter:data1\" content=\"libna\" \/>\n\t<meta name=\"twitter:label2\" content=\"Tiempo de lectura\" \/>\n\t<meta name=\"twitter:data2\" content=\"4 minutos\" \/>\n<script type=\"application\/ld+json\" class=\"yoast-schema-graph\">{\"@context\":\"https:\\\/\\\/schema.org\",\"@graph\":[{\"@type\":\"Article\",\"@id\":\"https:\\\/\\\/interamerica.org\\\/es\\\/2025\\\/02\\\/adventistas-expanden-presencia-en-el-metaverso-gracias-a-evento-interactivo-de-oracion\\\/#article\",\"isPartOf\":{\"@id\":\"https:\\\/\\\/interamerica.org\\\/es\\\/2025\\\/02\\\/adventistas-expanden-presencia-en-el-metaverso-gracias-a-evento-interactivo-de-oracion\\\/\"},\"author\":{\"name\":\"libna\",\"@id\":\"https:\\\/\\\/interamerica.org\\\/es\\\/#\\\/schema\\\/person\\\/29998f2bc2d8bd0d38662909289b54f1\"},\"headline\":\"Adventistas expanden presencia en el metaverso gracias a evento interactivo de oraci\u00f3n\",\"datePublished\":\"2025-02-24T19:34:31+00:00\",\"dateModified\":\"2025-02-25T00:25:55+00:00\",\"mainEntityOfPage\":{\"@id\":\"https:\\\/\\\/interamerica.org\\\/es\\\/2025\\\/02\\\/adventistas-expanden-presencia-en-el-metaverso-gracias-a-evento-interactivo-de-oracion\\\/\"},\"wordCount\":687,\"image\":{\"@id\":\"https:\\\/\\\/interamerica.org\\\/es\\\/2025\\\/02\\\/adventistas-expanden-presencia-en-el-metaverso-gracias-a-evento-interactivo-de-oracion\\\/#primaryimage\"},\"thumbnailUrl\":\"https:\\\/\\\/interamerica.org\\\/wp-content\\\/uploads\\\/2025\\\/02\\\/img-20250219-wa0235.jpg\",\"articleSection\":[\"Desde la iglesia mundial\",\"RSS Espa\u00f1ol\"],\"inLanguage\":\"es\"},{\"@type\":\"WebPage\",\"@id\":\"https:\\\/\\\/interamerica.org\\\/es\\\/2025\\\/02\\\/adventistas-expanden-presencia-en-el-metaverso-gracias-a-evento-interactivo-de-oracion\\\/\",\"url\":\"https:\\\/\\\/interamerica.org\\\/es\\\/2025\\\/02\\\/adventistas-expanden-presencia-en-el-metaverso-gracias-a-evento-interactivo-de-oracion\\\/\",\"name\":\"Adventistas expanden presencia en el metaverso gracias a evento interactivo de oraci\u00f3n - Iglesia Adventista del S\u00e9ptimo D\u00eda - Divisi\u00f3n Interamericana\",\"isPartOf\":{\"@id\":\"https:\\\/\\\/interamerica.org\\\/es\\\/#website\"},\"primaryImageOfPage\":{\"@id\":\"https:\\\/\\\/interamerica.org\\\/es\\\/2025\\\/02\\\/adventistas-expanden-presencia-en-el-metaverso-gracias-a-evento-interactivo-de-oracion\\\/#primaryimage\"},\"image\":{\"@id\":\"https:\\\/\\\/interamerica.org\\\/es\\\/2025\\\/02\\\/adventistas-expanden-presencia-en-el-metaverso-gracias-a-evento-interactivo-de-oracion\\\/#primaryimage\"},\"thumbnailUrl\":\"https:\\\/\\\/interamerica.org\\\/wp-content\\\/uploads\\\/2025\\\/02\\\/img-20250219-wa0235.jpg\",\"datePublished\":\"2025-02-24T19:34:31+00:00\",\"dateModified\":\"2025-02-25T00:25:55+00:00\",\"author\":{\"@id\":\"https:\\\/\\\/interamerica.org\\\/es\\\/#\\\/schema\\\/person\\\/29998f2bc2d8bd0d38662909289b54f1\"},\"breadcrumb\":{\"@id\":\"https:\\\/\\\/interamerica.org\\\/es\\\/2025\\\/02\\\/adventistas-expanden-presencia-en-el-metaverso-gracias-a-evento-interactivo-de-oracion\\\/#breadcrumb\"},\"inLanguage\":\"es\",\"potentialAction\":[{\"@type\":\"ReadAction\",\"target\":[\"https:\\\/\\\/interamerica.org\\\/es\\\/2025\\\/02\\\/adventistas-expanden-presencia-en-el-metaverso-gracias-a-evento-interactivo-de-oracion\\\/\"]}]},{\"@type\":\"ImageObject\",\"inLanguage\":\"es\",\"@id\":\"https:\\\/\\\/interamerica.org\\\/es\\\/2025\\\/02\\\/adventistas-expanden-presencia-en-el-metaverso-gracias-a-evento-interactivo-de-oracion\\\/#primaryimage\",\"url\":\"https:\\\/\\\/interamerica.org\\\/wp-content\\\/uploads\\\/2025\\\/02\\\/img-20250219-wa0235.jpg\",\"contentUrl\":\"https:\\\/\\\/interamerica.org\\\/wp-content\\\/uploads\\\/2025\\\/02\\\/img-20250219-wa0235.jpg\",\"width\":1600,\"height\":717,\"caption\":\"One of the meetings held in the virtual environment during the 10 Days of Prayer. [Photo: South American Division News]\"},{\"@type\":\"BreadcrumbList\",\"@id\":\"https:\\\/\\\/interamerica.org\\\/es\\\/2025\\\/02\\\/adventistas-expanden-presencia-en-el-metaverso-gracias-a-evento-interactivo-de-oracion\\\/#breadcrumb\",\"itemListElement\":[{\"@type\":\"ListItem\",\"position\":1,\"name\":\"Home\",\"item\":\"https:\\\/\\\/interamerica.org\\\/es\\\/\"},{\"@type\":\"ListItem\",\"position\":2,\"name\":\"Adventistas expanden presencia en el metaverso gracias a evento interactivo de oraci\u00f3n\"}]},{\"@type\":\"WebSite\",\"@id\":\"https:\\\/\\\/interamerica.org\\\/es\\\/#website\",\"url\":\"https:\\\/\\\/interamerica.org\\\/es\\\/\",\"name\":\"Iglesia Adventista del S\u00e9ptimo D\u00eda - Divisi\u00f3n Interamericana\",\"description\":\"\",\"potentialAction\":[{\"@type\":\"SearchAction\",\"target\":{\"@type\":\"EntryPoint\",\"urlTemplate\":\"https:\\\/\\\/interamerica.org\\\/es\\\/?s={search_term_string}\"},\"query-input\":{\"@type\":\"PropertyValueSpecification\",\"valueRequired\":true,\"valueName\":\"search_term_string\"}}],\"inLanguage\":\"es\"},{\"@type\":\"Person\",\"@id\":\"https:\\\/\\\/interamerica.org\\\/es\\\/#\\\/schema\\\/person\\\/29998f2bc2d8bd0d38662909289b54f1\",\"name\":\"libna\",\"image\":{\"@type\":\"ImageObject\",\"inLanguage\":\"es\",\"@id\":\"https:\\\/\\\/secure.gravatar.com\\\/avatar\\\/7c5bd30ae4b47a9ba3c856590957fd1d96dc588bf3ac05719d247e126840331f?s=96&d=mm&r=g\",\"url\":\"https:\\\/\\\/secure.gravatar.com\\\/avatar\\\/7c5bd30ae4b47a9ba3c856590957fd1d96dc588bf3ac05719d247e126840331f?s=96&d=mm&r=g\",\"contentUrl\":\"https:\\\/\\\/secure.gravatar.com\\\/avatar\\\/7c5bd30ae4b47a9ba3c856590957fd1d96dc588bf3ac05719d247e126840331f?s=96&d=mm&r=g\",\"caption\":\"libna\"}}]}<\/script>\n<!-- \/ Yoast SEO plugin. -->","yoast_head_json":{"title":"Adventistas expanden presencia en el metaverso gracias a evento interactivo de oraci\u00f3n - Iglesia Adventista del S\u00e9ptimo D\u00eda - Divisi\u00f3n Interamericana","robots":{"index":"index","follow":"follow","max-snippet":"max-snippet:-1","max-image-preview":"max-image-preview:large","max-video-preview":"max-video-preview:-1"},"canonical":"https:\/\/interamerica.org\/es\/2025\/02\/adventistas-expanden-presencia-en-el-metaverso-gracias-a-evento-interactivo-de-oracion\/","og_locale":"es_ES","og_type":"article","og_title":"Adventistas expanden presencia en el metaverso gracias a evento interactivo de oraci\u00f3n - Iglesia Adventista del S\u00e9ptimo D\u00eda - Divisi\u00f3n Interamericana","og_description":"La gente se reuni\u00f3 en la plataforma digital para momentos de oraci\u00f3n y reflexi\u00f3n. 24 de febrero de 2025 | Brasil | Cristina Levano, Divisi\u00f3n Sudamericana, y Adventist Review La...","og_url":"https:\/\/interamerica.org\/es\/2025\/02\/adventistas-expanden-presencia-en-el-metaverso-gracias-a-evento-interactivo-de-oracion\/","og_site_name":"Iglesia Adventista del S\u00e9ptimo D\u00eda - Divisi\u00f3n Interamericana","article_published_time":"2025-02-24T19:34:31+00:00","article_modified_time":"2025-02-25T00:25:55+00:00","og_image":[{"width":1600,"height":717,"url":"https:\/\/interamerica.org\/wp-content\/uploads\/2025\/02\/img-20250219-wa0235.jpg","type":"image\/jpeg"}],"author":"libna","twitter_card":"summary_large_image","twitter_misc":{"Escrito por":"libna","Tiempo de lectura":"4 minutos"},"schema":{"@context":"https:\/\/schema.org","@graph":[{"@type":"Article","@id":"https:\/\/interamerica.org\/es\/2025\/02\/adventistas-expanden-presencia-en-el-metaverso-gracias-a-evento-interactivo-de-oracion\/#article","isPartOf":{"@id":"https:\/\/interamerica.org\/es\/2025\/02\/adventistas-expanden-presencia-en-el-metaverso-gracias-a-evento-interactivo-de-oracion\/"},"author":{"name":"libna","@id":"https:\/\/interamerica.org\/es\/#\/schema\/person\/29998f2bc2d8bd0d38662909289b54f1"},"headline":"Adventistas expanden presencia en el metaverso gracias a evento interactivo de oraci\u00f3n","datePublished":"2025-02-24T19:34:31+00:00","dateModified":"2025-02-25T00:25:55+00:00","mainEntityOfPage":{"@id":"https:\/\/interamerica.org\/es\/2025\/02\/adventistas-expanden-presencia-en-el-metaverso-gracias-a-evento-interactivo-de-oracion\/"},"wordCount":687,"image":{"@id":"https:\/\/interamerica.org\/es\/2025\/02\/adventistas-expanden-presencia-en-el-metaverso-gracias-a-evento-interactivo-de-oracion\/#primaryimage"},"thumbnailUrl":"https:\/\/interamerica.org\/wp-content\/uploads\/2025\/02\/img-20250219-wa0235.jpg","articleSection":["Desde la iglesia mundial","RSS Espa\u00f1ol"],"inLanguage":"es"},{"@type":"WebPage","@id":"https:\/\/interamerica.org\/es\/2025\/02\/adventistas-expanden-presencia-en-el-metaverso-gracias-a-evento-interactivo-de-oracion\/","url":"https:\/\/interamerica.org\/es\/2025\/02\/adventistas-expanden-presencia-en-el-metaverso-gracias-a-evento-interactivo-de-oracion\/","name":"Adventistas expanden presencia en el metaverso gracias a evento interactivo de oraci\u00f3n - Iglesia Adventista del S\u00e9ptimo D\u00eda - Divisi\u00f3n Interamericana","isPartOf":{"@id":"https:\/\/interamerica.org\/es\/#website"},"primaryImageOfPage":{"@id":"https:\/\/interamerica.org\/es\/2025\/02\/adventistas-expanden-presencia-en-el-metaverso-gracias-a-evento-interactivo-de-oracion\/#primaryimage"},"image":{"@id":"https:\/\/interamerica.org\/es\/2025\/02\/adventistas-expanden-presencia-en-el-metaverso-gracias-a-evento-interactivo-de-oracion\/#primaryimage"},"thumbnailUrl":"https:\/\/interamerica.org\/wp-content\/uploads\/2025\/02\/img-20250219-wa0235.jpg","datePublished":"2025-02-24T19:34:31+00:00","dateModified":"2025-02-25T00:25:55+00:00","author":{"@id":"https:\/\/interamerica.org\/es\/#\/schema\/person\/29998f2bc2d8bd0d38662909289b54f1"},"breadcrumb":{"@id":"https:\/\/interamerica.org\/es\/2025\/02\/adventistas-expanden-presencia-en-el-metaverso-gracias-a-evento-interactivo-de-oracion\/#breadcrumb"},"inLanguage":"es","potentialAction":[{"@type":"ReadAction","target":["https:\/\/interamerica.org\/es\/2025\/02\/adventistas-expanden-presencia-en-el-metaverso-gracias-a-evento-interactivo-de-oracion\/"]}]},{"@type":"ImageObject","inLanguage":"es","@id":"https:\/\/interamerica.org\/es\/2025\/02\/adventistas-expanden-presencia-en-el-metaverso-gracias-a-evento-interactivo-de-oracion\/#primaryimage","url":"https:\/\/interamerica.org\/wp-content\/uploads\/2025\/02\/img-20250219-wa0235.jpg","contentUrl":"https:\/\/interamerica.org\/wp-content\/uploads\/2025\/02\/img-20250219-wa0235.jpg","width":1600,"height":717,"caption":"One of the meetings held in the virtual environment during the 10 Days of Prayer. [Photo: South American Division News]"},{"@type":"BreadcrumbList","@id":"https:\/\/interamerica.org\/es\/2025\/02\/adventistas-expanden-presencia-en-el-metaverso-gracias-a-evento-interactivo-de-oracion\/#breadcrumb","itemListElement":[{"@type":"ListItem","position":1,"name":"Home","item":"https:\/\/interamerica.org\/es\/"},{"@type":"ListItem","position":2,"name":"Adventistas expanden presencia en el metaverso gracias a evento interactivo de oraci\u00f3n"}]},{"@type":"WebSite","@id":"https:\/\/interamerica.org\/es\/#website","url":"https:\/\/interamerica.org\/es\/","name":"Iglesia Adventista del S\u00e9ptimo D\u00eda - Divisi\u00f3n Interamericana","description":"","potentialAction":[{"@type":"SearchAction","target":{"@type":"EntryPoint","urlTemplate":"https:\/\/interamerica.org\/es\/?s={search_term_string}"},"query-input":{"@type":"PropertyValueSpecification","valueRequired":true,"valueName":"search_term_string"}}],"inLanguage":"es"},{"@type":"Person","@id":"https:\/\/interamerica.org\/es\/#\/schema\/person\/29998f2bc2d8bd0d38662909289b54f1","name":"libna","image":{"@type":"ImageObject","inLanguage":"es","@id":"https:\/\/secure.gravatar.com\/avatar\/7c5bd30ae4b47a9ba3c856590957fd1d96dc588bf3ac05719d247e126840331f?s=96&d=mm&r=g","url":"https:\/\/secure.gravatar.com\/avatar\/7c5bd30ae4b47a9ba3c856590957fd1d96dc588bf3ac05719d247e126840331f?s=96&d=mm&r=g","contentUrl":"https:\/\/secure.gravatar.com\/avatar\/7c5bd30ae4b47a9ba3c856590957fd1d96dc588bf3ac05719d247e126840331f?s=96&d=mm&r=g","caption":"libna"}}]}},"_links":{"self":[{"href":"https:\/\/interamerica.org\/es\/wp-json\/wp\/v2\/posts\/125625","targetHints":{"allow":["GET"]}}],"collection":[{"href":"https:\/\/interamerica.org\/es\/wp-json\/wp\/v2\/posts"}],"about":[{"href":"https:\/\/interamerica.org\/es\/wp-json\/wp\/v2\/types\/post"}],"author":[{"embeddable":true,"href":"https:\/\/interamerica.org\/es\/wp-json\/wp\/v2\/users\/3"}],"replies":[{"embeddable":true,"href":"https:\/\/interamerica.org\/es\/wp-json\/wp\/v2\/comments?post=125625"}],"version-history":[{"count":0,"href":"https:\/\/interamerica.org\/es\/wp-json\/wp\/v2\/posts\/125625\/revisions"}],"wp:featuredmedia":[{"embeddable":true,"href":"https:\/\/interamerica.org\/es\/wp-json\/wp\/v2\/media\/125617"}],"wp:attachment":[{"href":"https:\/\/interamerica.org\/es\/wp-json\/wp\/v2\/media?parent=125625"}],"wp:term":[{"taxonomy":"category","embeddable":true,"href":"https:\/\/interamerica.org\/es\/wp-json\/wp\/v2\/categories?post=125625"},{"taxonomy":"post_tag","embeddable":true,"href":"https:\/\/interamerica.org\/es\/wp-json\/wp\/v2\/tags?post=125625"}],"curies":[{"name":"wp","href":"https:\/\/api.w.org\/{rel}","templated":true}]}}