{"id":125670,"date":"2025-02-23T11:34:42","date_gmt":"2025-02-23T16:34:42","guid":{"rendered":"https:\/\/interamerica.org\/?p=125670"},"modified":"2025-02-26T18:56:23","modified_gmt":"2025-02-26T23:56:23","slug":"unidas-la-iglesia-y-radio-mundial-adventista-ofrecen-esperanza-en-zona-arida-de-kenia","status":"publish","type":"post","link":"https:\/\/interamerica.org\/es\/2025\/02\/unidas-la-iglesia-y-radio-mundial-adventista-ofrecen-esperanza-en-zona-arida-de-kenia\/","title":{"rendered":"Unidas la iglesia y Radio Mundial Adventista ofrecen esperanza en zona \u00e1rida de Kenia"},"content":{"rendered":"<div id=\"attachment_125553\" style=\"width: 947px\" class=\"wp-caption aligncenter\"><img fetchpriority=\"high\" decoding=\"async\" aria-describedby=\"caption-attachment-125553\" class=\" wp-image-125551\" src=\"https:\/\/interamerica.org\/wp-content\/uploads\/2025\/02\/kenya-1-2-1024x768.jpeg\" alt=\"\" width=\"937\" height=\"703\" srcset=\"https:\/\/interamerica.org\/wp-content\/uploads\/2025\/02\/kenya-1-2-1024x768.jpeg 1024w, https:\/\/interamerica.org\/wp-content\/uploads\/2025\/02\/kenya-1-2-300x225.jpeg 300w, https:\/\/interamerica.org\/wp-content\/uploads\/2025\/02\/kenya-1-2-768x576.jpeg 768w, https:\/\/interamerica.org\/wp-content\/uploads\/2025\/02\/kenya-1-2.jpeg 1280w\" sizes=\"(max-width: 937px) 100vw, 937px\" \/><p id=\"caption-attachment-125553\" class=\"wp-caption-text\">Una mujer de Turkana es bautizada al t\u00e9rmino de reuniones de evangelizaci\u00f3n en esa regi\u00f3n de Kenia. [Imagen: Maureen Were]<\/p><\/div>\n<p class=\"c-post-header__subtitle\"><em> La iniciativa impulsada por los adventistas del s\u00e9ptimo d\u00eda es un salvavidas en el desierto, afirmaron los dirigentes.<br \/>\n<\/em><\/p>\n<p>23 de febrero de 2025 | Kenia | Maureen Were, Uni\u00f3n Asociaci\u00f3n del Occidente de Kenia, para Adventist Review<br \/>\nLa Uni\u00f3n Asociaci\u00f3n Occidental de Kenia (WKUC, por sus siglas en ingl\u00e9s), en conjunto con Radio Mundial Adventista (AWR), dio por concluida recientemente su iniciativa misionera y de evangelizaci\u00f3n Lipo Tumaini en esa regi\u00f3n.<\/p>\n<p>Fue una iniciativa transformadora que ten\u00eda por objetivo atender tanto las necesidades f\u00edsicas como las espirituales de las personas en Turkana, dijeron los dirigentes regionales de la iglesia. \u201cEsta campa\u00f1a logr\u00f3 avances significativos, al comprender varios esfuerzos, incluyendo distribuci\u00f3n de alimentos, bautismos y el establecimiento de un pozo de perforaci\u00f3n en Napeikar\u201d, afirmaron. \u201cEsas iniciativas han ejercido un impacto duradero en la regi\u00f3n y han tra\u00eddo alivio inmediato y esperanza a largo plazo\u201d.<\/p>\n<p>El 7 de febrero, la Agencia Adventista de Desarrollo y Recursos Asistenciales (ADRA) Kenia, en colaboraci\u00f3n con WKUC, organizaron un evento de distribuci\u00f3n de alimentos en las comunidades de Nabuin y Nawoitorong in Turkana. Esta iniciativa provey\u00f3 apoyo esencial a familias que luchan con el problema de inseguridad de alimentos en una regi\u00f3n en la que la sobrevivencia es con frecuencia un diario desaf\u00edo. El terreno duro y \u00e1rido de Turkana, caracterizado por \u00e1ridas sabanas y colinas rocosas, ha hecho por largo tiempo muy dif\u00edcil el acceso a los recursos b\u00e1sicos. Los alimentos distribuidos durante la campa\u00f1a trajeron sustento esencial a muchas personas y aliviaron algunas de las penurias enfrentadas por las familias locales.<\/p>\n<p><div id=\"attachment_125559\" style=\"width: 920px\" class=\"wp-caption aligncenter\"><img decoding=\"async\" aria-describedby=\"caption-attachment-125559\" class=\" wp-image-125557\" src=\"https:\/\/interamerica.org\/wp-content\/uploads\/2025\/02\/kenya-2-2-1024x768.jpeg\" alt=\"\" width=\"910\" height=\"683\" srcset=\"https:\/\/interamerica.org\/wp-content\/uploads\/2025\/02\/kenya-2-2-1024x768.jpeg 1024w, https:\/\/interamerica.org\/wp-content\/uploads\/2025\/02\/kenya-2-2-300x225.jpeg 300w, https:\/\/interamerica.org\/wp-content\/uploads\/2025\/02\/kenya-2-2-768x576.jpeg 768w, https:\/\/interamerica.org\/wp-content\/uploads\/2025\/02\/kenya-2-2-1536x1152.jpeg 1536w, https:\/\/interamerica.org\/wp-content\/uploads\/2025\/02\/kenya-2-2.jpeg 1600w\" sizes=\"(max-width: 910px) 100vw, 910px\" \/><p id=\"caption-attachment-125559\" class=\"wp-caption-text\">Asistentes se re\u00fanen para el programa de evangelizaci\u00f3n presentado en la noche. [Imagen: Maureen Were]<\/p><\/div>Los esfuerzos de ayuda fueron encabezados por el presidente de WKUC, Samuel Misiani. Las contribuciones de parte de asociaciones y campos dentro de la Uni\u00f3n Asociaci\u00f3n Occidental de Kenia jugaron un papel importante en la recolecci\u00f3n de los fondos financieros necesitados.<\/p>\n<div class=\"wp-block-jetpack-slideshow aligncenter\" data-effect=\"slide\" data-jetpack-block-initialized=\"true\">\n<div class=\"wp-block-jetpack-slideshow_container swiper-container swiper-container-initialized swiper-container-horizontal swiper-container-pointer-events wp-swiper-initialized\">\n<p>Aunque el atender las necesidades f\u00edsicas constituy\u00f3 una prioridad clave, el impacto espiritual de la campa\u00f1a Lipo Tumaini fue igualmente significativo. Una poderosa red de eventos de evangelizaci\u00f3n culmin\u00f3 con el bautismo de 484 personas, indicaron los dirigentes de iglesia regionales.<\/p>\n<p>\u201cEste bautismo masivo constituye un poderoso testimonio de la profunda hambre espiritual dentro de la comunidad y de su compromiso decidido hacia una renovada vida de fe\u201d, dijo el presidente. Y a\u00f1adi\u00f3: \u201cEn uno de los sitios de transmisi\u00f3n satelital en donde yo estaba predicando, nuestros servicios podr\u00edan comenzar a las 9:00 de la noche y alargarse con frecuencia hasta despu\u00e9s de la media noche. A pesar de las grandes distancias que los asistentes ten\u00edan que recorrer para llevar a sus cabras a pastar y para ir en busca de alimento, la gente todav\u00eda encontraba tiempo para reunirse, sent\u00e1ndose hasta muy noche para escuchar la Palabra\u201d.<\/p>\n<p><div id=\"attachment_125562\" style=\"width: 931px\" class=\"wp-caption aligncenter\"><img decoding=\"async\" aria-describedby=\"caption-attachment-125562\" class=\" wp-image-125560\" src=\"https:\/\/interamerica.org\/wp-content\/uploads\/2025\/02\/kenya-4-1-1024x768.jpeg\" alt=\"\" width=\"921\" height=\"691\" srcset=\"https:\/\/interamerica.org\/wp-content\/uploads\/2025\/02\/kenya-4-1-1024x768.jpeg 1024w, https:\/\/interamerica.org\/wp-content\/uploads\/2025\/02\/kenya-4-1-300x225.jpeg 300w, https:\/\/interamerica.org\/wp-content\/uploads\/2025\/02\/kenya-4-1-768x576.jpeg 768w, https:\/\/interamerica.org\/wp-content\/uploads\/2025\/02\/kenya-4-1.jpeg 1280w\" sizes=\"(max-width: 921px) 100vw, 921px\" \/><p id=\"caption-attachment-125562\" class=\"wp-caption-text\">Hombres de la localidad se re\u00fanen en el sitio de evangelizaci\u00f3n. [Imagen: Maureen Were]<\/p><\/div>Los dirigentes de North Rift Valley Field, estuvieron presentes para celebrar esta importante ocasi\u00f3n, subrayando la importancia de atender tanto el bienestar f\u00edsico, como el espiritual de las personas. \u201cNos sentimos felices por la decisi\u00f3n de WKUC de traer aqu\u00ed esta campa\u00f1a. Por causa del terreno duro y \u00e1rido de Turkana, muchas personas temen llegar aqu\u00ed, pero el presidente de WKUC, los oradores invitados y el equipo de medios de comunicaci\u00f3n, se atrevieron a hacerlo. Esta ha sido una gran cosecha y tenemos todav\u00eda la esperanza de que mucha gente m\u00e1s de esta regi\u00f3n le entregar\u00e1 su vida a Cristo\u201d, dijo el presidente de dicho campo, Jackson Soet.<\/p>\n<p>Otro importante logro de la campa\u00f1a fue el lanzamiento del pozo de perforaci\u00f3n en Napeikar, a fin de atender la cr\u00f3nica escasez de agua que por largo tiempo ha estado sufriendo la gente en Turkana. El establecimiento de este pozo de perforaci\u00f3n marca un paso esencial hacia el acceso sostenible de agua pura, explicaron los dirigentes. \u201cEste pozo no solamente provee una fuente confiable de agua, reduciendo el gran consumo de tiempo y la agobiante tarea en b\u00fasqueda del agua; sino representa tambi\u00e9n un s\u00edmbolo tangible de progreso y esperanza. Esta iniciativa va ciertamente a mejorar grandemente la vida diaria de los residentes al ofrecer tanto un alivio inmediato, como sustentabilidad a largo plazo\u201d, afirmaron.<\/p>\n<p><div id=\"attachment_125565\" style=\"width: 714px\" class=\"wp-caption aligncenter\"><img loading=\"lazy\" decoding=\"async\" aria-describedby=\"caption-attachment-125565\" class=\" wp-image-125563\" src=\"https:\/\/interamerica.org\/wp-content\/uploads\/2025\/02\/kenya-6-768x1024.jpeg\" alt=\"\" width=\"704\" height=\"939\" srcset=\"https:\/\/interamerica.org\/wp-content\/uploads\/2025\/02\/kenya-6-768x1024.jpeg 768w, https:\/\/interamerica.org\/wp-content\/uploads\/2025\/02\/kenya-6-225x300.jpeg 225w, https:\/\/interamerica.org\/wp-content\/uploads\/2025\/02\/kenya-6.jpeg 960w\" sizes=\"(max-width: 704px) 100vw, 704px\" \/><p id=\"caption-attachment-125565\" class=\"wp-caption-text\">Un nuevo converso recibe el bautismo. [Imagen: Maureen Were]<\/p><\/div>Adem\u00e1s de esas actividades, el presidente Misiani visit\u00f3 la Escuela Adventista Lokichogio, que actualmente opera en la Iglesia Adventista del S\u00e9ptimo D\u00eda Lokichogio. La escuela se encuentra en el proceso de mudarse a un nuevo sitio, con la construcci\u00f3n del nuevo edificio casi por terminar, gracias al apoyo generoso de un benefactor. El presidente Misiani aprovech\u00f3 la oportunidad para evaluar y discutir el mejor enfoque estrat\u00e9gico para el desarrollo de iglesias, escuelas y otros ramos potenciales de expansi\u00f3n en la regi\u00f3n.<\/p>\n<p>El presidente Misiani se reuni\u00f3 tambi\u00e9n con dirigentes y ancianos de iglesia de los distritos de Kakuma y Lokichogio de la Iglesia Central Adventista del S\u00e9ptimo D\u00eda de Kakuma. Durante esta visita brind\u00f3 \u00e1nimo y orientaci\u00f3n, particularmente para los muchos refugiados en esta zona.<br \/>\n\u201cNuestro enfoque es asegurar un crecimiento sostenible, al identificar oportunidades para futuras participaciones en la comunidad y dejar puestos los cimientos para el progreso continuo en este ramo crucial del ministerio\u201d, dijo.<\/p>\n<p>Traducci\u00f3n \u2013 Gloria A. Castrej\u00f3n<\/p>\n<\/div>\n<\/div>\n","protected":false},"excerpt":{"rendered":"<p>La iniciativa impulsada por los adventistas del s\u00e9ptimo d\u00eda es un salvavidas en el desierto, afirmaron los dirigentes. 23 de febrero de 2025 | Kenia | Maureen Were, Uni\u00f3n Asociaci\u00f3n&#8230;<\/p>\n","protected":false},"author":3,"featured_media":125553,"comment_status":"closed","ping_status":"closed","sticky":false,"template":"","format":"standard","meta":{"_acf_changed":false,"footnotes":""},"categories":[14,15],"tags":[],"class_list":["post-125670","post","type-post","status-publish","format-standard","has-post-thumbnail","hentry","category-de-la-iglesia-mundial","category-rss-espanol"],"acf":[],"yoast_head":"<!-- This site is optimized with the Yoast SEO plugin v27.3 - https:\/\/yoast.com\/product\/yoast-seo-wordpress\/ -->\n<title>Unidas la iglesia y Radio Mundial Adventista ofrecen esperanza en zona \u00e1rida de Kenia - Iglesia Adventista del S\u00e9ptimo D\u00eda - Divisi\u00f3n Interamericana<\/title>\n<meta name=\"robots\" content=\"index, follow, max-snippet:-1, max-image-preview:large, max-video-preview:-1\" \/>\n<link rel=\"canonical\" href=\"https:\/\/interamerica.org\/es\/2025\/02\/unidas-la-iglesia-y-radio-mundial-adventista-ofrecen-esperanza-en-zona-arida-de-kenia\/\" \/>\n<meta property=\"og:locale\" content=\"es_ES\" \/>\n<meta property=\"og:type\" content=\"article\" \/>\n<meta property=\"og:title\" content=\"Unidas la iglesia y Radio Mundial Adventista ofrecen esperanza en zona \u00e1rida de Kenia - Iglesia Adventista del S\u00e9ptimo D\u00eda - Divisi\u00f3n Interamericana\" \/>\n<meta property=\"og:description\" content=\"La iniciativa impulsada por los adventistas del s\u00e9ptimo d\u00eda es un salvavidas en el desierto, afirmaron los dirigentes. 23 de febrero de 2025 | Kenia | Maureen Were, Uni\u00f3n Asociaci\u00f3n...\" \/>\n<meta property=\"og:url\" content=\"https:\/\/interamerica.org\/es\/2025\/02\/unidas-la-iglesia-y-radio-mundial-adventista-ofrecen-esperanza-en-zona-arida-de-kenia\/\" \/>\n<meta property=\"og:site_name\" content=\"Iglesia Adventista del S\u00e9ptimo D\u00eda - Divisi\u00f3n Interamericana\" \/>\n<meta property=\"article:published_time\" content=\"2025-02-23T16:34:42+00:00\" \/>\n<meta property=\"article:modified_time\" content=\"2025-02-26T23:56:23+00:00\" \/>\n<meta property=\"og:image\" content=\"https:\/\/interamerica.org\/wp-content\/uploads\/2025\/02\/kenya-1-2.jpeg\" \/>\n\t<meta property=\"og:image:width\" content=\"1280\" \/>\n\t<meta property=\"og:image:height\" content=\"960\" \/>\n\t<meta property=\"og:image:type\" content=\"image\/jpeg\" \/>\n<meta name=\"author\" content=\"libna\" \/>\n<meta name=\"twitter:card\" content=\"summary_large_image\" \/>\n<meta name=\"twitter:label1\" content=\"Escrito por\" \/>\n\t<meta name=\"twitter:data1\" content=\"libna\" \/>\n\t<meta name=\"twitter:label2\" content=\"Tiempo de lectura\" \/>\n\t<meta name=\"twitter:data2\" content=\"5 minutos\" \/>\n<script type=\"application\/ld+json\" class=\"yoast-schema-graph\">{\"@context\":\"https:\\\/\\\/schema.org\",\"@graph\":[{\"@type\":\"Article\",\"@id\":\"https:\\\/\\\/interamerica.org\\\/es\\\/2025\\\/02\\\/unidas-la-iglesia-y-radio-mundial-adventista-ofrecen-esperanza-en-zona-arida-de-kenia\\\/#article\",\"isPartOf\":{\"@id\":\"https:\\\/\\\/interamerica.org\\\/es\\\/2025\\\/02\\\/unidas-la-iglesia-y-radio-mundial-adventista-ofrecen-esperanza-en-zona-arida-de-kenia\\\/\"},\"author\":{\"name\":\"libna\",\"@id\":\"https:\\\/\\\/interamerica.org\\\/es\\\/#\\\/schema\\\/person\\\/29998f2bc2d8bd0d38662909289b54f1\"},\"headline\":\"Unidas la iglesia y Radio Mundial Adventista ofrecen esperanza en zona \u00e1rida de Kenia\",\"datePublished\":\"2025-02-23T16:34:42+00:00\",\"dateModified\":\"2025-02-26T23:56:23+00:00\",\"mainEntityOfPage\":{\"@id\":\"https:\\\/\\\/interamerica.org\\\/es\\\/2025\\\/02\\\/unidas-la-iglesia-y-radio-mundial-adventista-ofrecen-esperanza-en-zona-arida-de-kenia\\\/\"},\"wordCount\":994,\"image\":{\"@id\":\"https:\\\/\\\/interamerica.org\\\/es\\\/2025\\\/02\\\/unidas-la-iglesia-y-radio-mundial-adventista-ofrecen-esperanza-en-zona-arida-de-kenia\\\/#primaryimage\"},\"thumbnailUrl\":\"https:\\\/\\\/interamerica.org\\\/wp-content\\\/uploads\\\/2025\\\/02\\\/kenya-1-2.jpeg\",\"articleSection\":[\"Desde la iglesia mundial\",\"RSS Espa\u00f1ol\"],\"inLanguage\":\"es\"},{\"@type\":\"WebPage\",\"@id\":\"https:\\\/\\\/interamerica.org\\\/es\\\/2025\\\/02\\\/unidas-la-iglesia-y-radio-mundial-adventista-ofrecen-esperanza-en-zona-arida-de-kenia\\\/\",\"url\":\"https:\\\/\\\/interamerica.org\\\/es\\\/2025\\\/02\\\/unidas-la-iglesia-y-radio-mundial-adventista-ofrecen-esperanza-en-zona-arida-de-kenia\\\/\",\"name\":\"Unidas la iglesia y Radio Mundial Adventista ofrecen esperanza en zona \u00e1rida de Kenia - Iglesia Adventista del S\u00e9ptimo D\u00eda - Divisi\u00f3n Interamericana\",\"isPartOf\":{\"@id\":\"https:\\\/\\\/interamerica.org\\\/es\\\/#website\"},\"primaryImageOfPage\":{\"@id\":\"https:\\\/\\\/interamerica.org\\\/es\\\/2025\\\/02\\\/unidas-la-iglesia-y-radio-mundial-adventista-ofrecen-esperanza-en-zona-arida-de-kenia\\\/#primaryimage\"},\"image\":{\"@id\":\"https:\\\/\\\/interamerica.org\\\/es\\\/2025\\\/02\\\/unidas-la-iglesia-y-radio-mundial-adventista-ofrecen-esperanza-en-zona-arida-de-kenia\\\/#primaryimage\"},\"thumbnailUrl\":\"https:\\\/\\\/interamerica.org\\\/wp-content\\\/uploads\\\/2025\\\/02\\\/kenya-1-2.jpeg\",\"datePublished\":\"2025-02-23T16:34:42+00:00\",\"dateModified\":\"2025-02-26T23:56:23+00:00\",\"author\":{\"@id\":\"https:\\\/\\\/interamerica.org\\\/es\\\/#\\\/schema\\\/person\\\/29998f2bc2d8bd0d38662909289b54f1\"},\"breadcrumb\":{\"@id\":\"https:\\\/\\\/interamerica.org\\\/es\\\/2025\\\/02\\\/unidas-la-iglesia-y-radio-mundial-adventista-ofrecen-esperanza-en-zona-arida-de-kenia\\\/#breadcrumb\"},\"inLanguage\":\"es\",\"potentialAction\":[{\"@type\":\"ReadAction\",\"target\":[\"https:\\\/\\\/interamerica.org\\\/es\\\/2025\\\/02\\\/unidas-la-iglesia-y-radio-mundial-adventista-ofrecen-esperanza-en-zona-arida-de-kenia\\\/\"]}]},{\"@type\":\"ImageObject\",\"inLanguage\":\"es\",\"@id\":\"https:\\\/\\\/interamerica.org\\\/es\\\/2025\\\/02\\\/unidas-la-iglesia-y-radio-mundial-adventista-ofrecen-esperanza-en-zona-arida-de-kenia\\\/#primaryimage\",\"url\":\"https:\\\/\\\/interamerica.org\\\/wp-content\\\/uploads\\\/2025\\\/02\\\/kenya-1-2.jpeg\",\"contentUrl\":\"https:\\\/\\\/interamerica.org\\\/wp-content\\\/uploads\\\/2025\\\/02\\\/kenya-1-2.jpeg\",\"width\":1280,\"height\":960,\"caption\":\"A Turkana woman is baptized after evangelistic meetings in that area of Kenya. [Photo: Maureen Were]\"},{\"@type\":\"BreadcrumbList\",\"@id\":\"https:\\\/\\\/interamerica.org\\\/es\\\/2025\\\/02\\\/unidas-la-iglesia-y-radio-mundial-adventista-ofrecen-esperanza-en-zona-arida-de-kenia\\\/#breadcrumb\",\"itemListElement\":[{\"@type\":\"ListItem\",\"position\":1,\"name\":\"Home\",\"item\":\"https:\\\/\\\/interamerica.org\\\/es\\\/\"},{\"@type\":\"ListItem\",\"position\":2,\"name\":\"Unidas la iglesia y Radio Mundial Adventista ofrecen esperanza en zona \u00e1rida de Kenia\"}]},{\"@type\":\"WebSite\",\"@id\":\"https:\\\/\\\/interamerica.org\\\/es\\\/#website\",\"url\":\"https:\\\/\\\/interamerica.org\\\/es\\\/\",\"name\":\"Iglesia Adventista del S\u00e9ptimo D\u00eda - Divisi\u00f3n Interamericana\",\"description\":\"\",\"potentialAction\":[{\"@type\":\"SearchAction\",\"target\":{\"@type\":\"EntryPoint\",\"urlTemplate\":\"https:\\\/\\\/interamerica.org\\\/es\\\/?s={search_term_string}\"},\"query-input\":{\"@type\":\"PropertyValueSpecification\",\"valueRequired\":true,\"valueName\":\"search_term_string\"}}],\"inLanguage\":\"es\"},{\"@type\":\"Person\",\"@id\":\"https:\\\/\\\/interamerica.org\\\/es\\\/#\\\/schema\\\/person\\\/29998f2bc2d8bd0d38662909289b54f1\",\"name\":\"libna\",\"image\":{\"@type\":\"ImageObject\",\"inLanguage\":\"es\",\"@id\":\"https:\\\/\\\/secure.gravatar.com\\\/avatar\\\/7c5bd30ae4b47a9ba3c856590957fd1d96dc588bf3ac05719d247e126840331f?s=96&d=mm&r=g\",\"url\":\"https:\\\/\\\/secure.gravatar.com\\\/avatar\\\/7c5bd30ae4b47a9ba3c856590957fd1d96dc588bf3ac05719d247e126840331f?s=96&d=mm&r=g\",\"contentUrl\":\"https:\\\/\\\/secure.gravatar.com\\\/avatar\\\/7c5bd30ae4b47a9ba3c856590957fd1d96dc588bf3ac05719d247e126840331f?s=96&d=mm&r=g\",\"caption\":\"libna\"}}]}<\/script>\n<!-- \/ Yoast SEO plugin. -->","yoast_head_json":{"title":"Unidas la iglesia y Radio Mundial Adventista ofrecen esperanza en zona \u00e1rida de Kenia - Iglesia Adventista del S\u00e9ptimo D\u00eda - Divisi\u00f3n Interamericana","robots":{"index":"index","follow":"follow","max-snippet":"max-snippet:-1","max-image-preview":"max-image-preview:large","max-video-preview":"max-video-preview:-1"},"canonical":"https:\/\/interamerica.org\/es\/2025\/02\/unidas-la-iglesia-y-radio-mundial-adventista-ofrecen-esperanza-en-zona-arida-de-kenia\/","og_locale":"es_ES","og_type":"article","og_title":"Unidas la iglesia y Radio Mundial Adventista ofrecen esperanza en zona \u00e1rida de Kenia - Iglesia Adventista del S\u00e9ptimo D\u00eda - Divisi\u00f3n Interamericana","og_description":"La iniciativa impulsada por los adventistas del s\u00e9ptimo d\u00eda es un salvavidas en el desierto, afirmaron los dirigentes. 23 de febrero de 2025 | Kenia | Maureen Were, Uni\u00f3n Asociaci\u00f3n...","og_url":"https:\/\/interamerica.org\/es\/2025\/02\/unidas-la-iglesia-y-radio-mundial-adventista-ofrecen-esperanza-en-zona-arida-de-kenia\/","og_site_name":"Iglesia Adventista del S\u00e9ptimo D\u00eda - Divisi\u00f3n Interamericana","article_published_time":"2025-02-23T16:34:42+00:00","article_modified_time":"2025-02-26T23:56:23+00:00","og_image":[{"width":1280,"height":960,"url":"https:\/\/interamerica.org\/wp-content\/uploads\/2025\/02\/kenya-1-2.jpeg","type":"image\/jpeg"}],"author":"libna","twitter_card":"summary_large_image","twitter_misc":{"Escrito por":"libna","Tiempo de lectura":"5 minutos"},"schema":{"@context":"https:\/\/schema.org","@graph":[{"@type":"Article","@id":"https:\/\/interamerica.org\/es\/2025\/02\/unidas-la-iglesia-y-radio-mundial-adventista-ofrecen-esperanza-en-zona-arida-de-kenia\/#article","isPartOf":{"@id":"https:\/\/interamerica.org\/es\/2025\/02\/unidas-la-iglesia-y-radio-mundial-adventista-ofrecen-esperanza-en-zona-arida-de-kenia\/"},"author":{"name":"libna","@id":"https:\/\/interamerica.org\/es\/#\/schema\/person\/29998f2bc2d8bd0d38662909289b54f1"},"headline":"Unidas la iglesia y Radio Mundial Adventista ofrecen esperanza en zona \u00e1rida de Kenia","datePublished":"2025-02-23T16:34:42+00:00","dateModified":"2025-02-26T23:56:23+00:00","mainEntityOfPage":{"@id":"https:\/\/interamerica.org\/es\/2025\/02\/unidas-la-iglesia-y-radio-mundial-adventista-ofrecen-esperanza-en-zona-arida-de-kenia\/"},"wordCount":994,"image":{"@id":"https:\/\/interamerica.org\/es\/2025\/02\/unidas-la-iglesia-y-radio-mundial-adventista-ofrecen-esperanza-en-zona-arida-de-kenia\/#primaryimage"},"thumbnailUrl":"https:\/\/interamerica.org\/wp-content\/uploads\/2025\/02\/kenya-1-2.jpeg","articleSection":["Desde la iglesia mundial","RSS Espa\u00f1ol"],"inLanguage":"es"},{"@type":"WebPage","@id":"https:\/\/interamerica.org\/es\/2025\/02\/unidas-la-iglesia-y-radio-mundial-adventista-ofrecen-esperanza-en-zona-arida-de-kenia\/","url":"https:\/\/interamerica.org\/es\/2025\/02\/unidas-la-iglesia-y-radio-mundial-adventista-ofrecen-esperanza-en-zona-arida-de-kenia\/","name":"Unidas la iglesia y Radio Mundial Adventista ofrecen esperanza en zona \u00e1rida de Kenia - Iglesia Adventista del S\u00e9ptimo D\u00eda - Divisi\u00f3n Interamericana","isPartOf":{"@id":"https:\/\/interamerica.org\/es\/#website"},"primaryImageOfPage":{"@id":"https:\/\/interamerica.org\/es\/2025\/02\/unidas-la-iglesia-y-radio-mundial-adventista-ofrecen-esperanza-en-zona-arida-de-kenia\/#primaryimage"},"image":{"@id":"https:\/\/interamerica.org\/es\/2025\/02\/unidas-la-iglesia-y-radio-mundial-adventista-ofrecen-esperanza-en-zona-arida-de-kenia\/#primaryimage"},"thumbnailUrl":"https:\/\/interamerica.org\/wp-content\/uploads\/2025\/02\/kenya-1-2.jpeg","datePublished":"2025-02-23T16:34:42+00:00","dateModified":"2025-02-26T23:56:23+00:00","author":{"@id":"https:\/\/interamerica.org\/es\/#\/schema\/person\/29998f2bc2d8bd0d38662909289b54f1"},"breadcrumb":{"@id":"https:\/\/interamerica.org\/es\/2025\/02\/unidas-la-iglesia-y-radio-mundial-adventista-ofrecen-esperanza-en-zona-arida-de-kenia\/#breadcrumb"},"inLanguage":"es","potentialAction":[{"@type":"ReadAction","target":["https:\/\/interamerica.org\/es\/2025\/02\/unidas-la-iglesia-y-radio-mundial-adventista-ofrecen-esperanza-en-zona-arida-de-kenia\/"]}]},{"@type":"ImageObject","inLanguage":"es","@id":"https:\/\/interamerica.org\/es\/2025\/02\/unidas-la-iglesia-y-radio-mundial-adventista-ofrecen-esperanza-en-zona-arida-de-kenia\/#primaryimage","url":"https:\/\/interamerica.org\/wp-content\/uploads\/2025\/02\/kenya-1-2.jpeg","contentUrl":"https:\/\/interamerica.org\/wp-content\/uploads\/2025\/02\/kenya-1-2.jpeg","width":1280,"height":960,"caption":"A Turkana woman is baptized after evangelistic meetings in that area of Kenya. [Photo: Maureen Were]"},{"@type":"BreadcrumbList","@id":"https:\/\/interamerica.org\/es\/2025\/02\/unidas-la-iglesia-y-radio-mundial-adventista-ofrecen-esperanza-en-zona-arida-de-kenia\/#breadcrumb","itemListElement":[{"@type":"ListItem","position":1,"name":"Home","item":"https:\/\/interamerica.org\/es\/"},{"@type":"ListItem","position":2,"name":"Unidas la iglesia y Radio Mundial Adventista ofrecen esperanza en zona \u00e1rida de Kenia"}]},{"@type":"WebSite","@id":"https:\/\/interamerica.org\/es\/#website","url":"https:\/\/interamerica.org\/es\/","name":"Iglesia Adventista del S\u00e9ptimo D\u00eda - Divisi\u00f3n Interamericana","description":"","potentialAction":[{"@type":"SearchAction","target":{"@type":"EntryPoint","urlTemplate":"https:\/\/interamerica.org\/es\/?s={search_term_string}"},"query-input":{"@type":"PropertyValueSpecification","valueRequired":true,"valueName":"search_term_string"}}],"inLanguage":"es"},{"@type":"Person","@id":"https:\/\/interamerica.org\/es\/#\/schema\/person\/29998f2bc2d8bd0d38662909289b54f1","name":"libna","image":{"@type":"ImageObject","inLanguage":"es","@id":"https:\/\/secure.gravatar.com\/avatar\/7c5bd30ae4b47a9ba3c856590957fd1d96dc588bf3ac05719d247e126840331f?s=96&d=mm&r=g","url":"https:\/\/secure.gravatar.com\/avatar\/7c5bd30ae4b47a9ba3c856590957fd1d96dc588bf3ac05719d247e126840331f?s=96&d=mm&r=g","contentUrl":"https:\/\/secure.gravatar.com\/avatar\/7c5bd30ae4b47a9ba3c856590957fd1d96dc588bf3ac05719d247e126840331f?s=96&d=mm&r=g","caption":"libna"}}]}},"_links":{"self":[{"href":"https:\/\/interamerica.org\/es\/wp-json\/wp\/v2\/posts\/125670","targetHints":{"allow":["GET"]}}],"collection":[{"href":"https:\/\/interamerica.org\/es\/wp-json\/wp\/v2\/posts"}],"about":[{"href":"https:\/\/interamerica.org\/es\/wp-json\/wp\/v2\/types\/post"}],"author":[{"embeddable":true,"href":"https:\/\/interamerica.org\/es\/wp-json\/wp\/v2\/users\/3"}],"replies":[{"embeddable":true,"href":"https:\/\/interamerica.org\/es\/wp-json\/wp\/v2\/comments?post=125670"}],"version-history":[{"count":0,"href":"https:\/\/interamerica.org\/es\/wp-json\/wp\/v2\/posts\/125670\/revisions"}],"wp:featuredmedia":[{"embeddable":true,"href":"https:\/\/interamerica.org\/es\/wp-json\/wp\/v2\/media\/125553"}],"wp:attachment":[{"href":"https:\/\/interamerica.org\/es\/wp-json\/wp\/v2\/media?parent=125670"}],"wp:term":[{"taxonomy":"category","embeddable":true,"href":"https:\/\/interamerica.org\/es\/wp-json\/wp\/v2\/categories?post=125670"},{"taxonomy":"post_tag","embeddable":true,"href":"https:\/\/interamerica.org\/es\/wp-json\/wp\/v2\/tags?post=125670"}],"curies":[{"name":"wp","href":"https:\/\/api.w.org\/{rel}","templated":true}]}}