{"id":125707,"date":"2025-02-26T20:12:23","date_gmt":"2025-02-27T01:12:23","guid":{"rendered":"https:\/\/interamerica.org\/?p=125707"},"modified":"2025-02-27T13:46:04","modified_gmt":"2025-02-27T18:46:04","slug":"como-es-mas-relevante-el-adventismo-para-la-sociedad-actual","status":"publish","type":"post","link":"https:\/\/interamerica.org\/es\/2025\/02\/como-es-mas-relevante-el-adventismo-para-la-sociedad-actual\/","title":{"rendered":"\u00bfC\u00f3mo es m\u00e1s relevante el adventismo para la sociedad actual?"},"content":{"rendered":"<p class=\"c-post-header__subtitle\">Cr\u00e9ase o no, hay algo m\u00e1s importante en el adventismo que su historia o sus Creencias Fundamentales.<\/p>\n<p>26 de febrero de 2025 | Greeneville, Tennessee, Estados Unidos | Dawson Stephens<\/p>\n<p><em>En la convenci\u00f3n Generaci\u00f3n. J\u00f3venes. Cristo. (GYC) 2024, la <\/em>Adventist Review<em> organiz\u00f3 un concurso de redacci\u00f3n. Se invit\u00f3 a los asistentes a contestar la pregunta siguiente: \u201c\u00bfQu\u00e9 es lo m\u00e1s relevante del adventismo en la sociedad actual?\u201d La cantidad de palabras utilizadas se limitaba a 500 y no se permit\u00eda el uso de inteligencia artificial (IA). Los editores de la <\/em>Review<em> evaluaron las propuestas y seleccionaron este art\u00edculo como el ganador. <\/em><em>\u2009<\/em><em>\u2014Editores<\/em><\/p>\n<p>Durante mi crecimiento, eran los libros de autoayuda. Para mis padres, era la m\u00fasica pop. A trav\u00e9s del tiempo, el flujo y reflujo de la sociedad trae y se lleva tambi\u00e9n ondas de inter\u00e9s relevante. Muchos dicen que necesitamos mantenernos al d\u00eda; pero, \u00bfde qu\u00e9 manera esto ejerce un impacto en nuestra fe? Despu\u00e9s de casi 200 a\u00f1os desde la primera proclamaci\u00f3n de nuestro distintivo mensaje, \u00bfmantiene todav\u00eda el adventismo la relevancia que ten\u00eda entonces? En una sociedad en la que la gente est\u00e1 perdiendo velozmente su identidad y en la cual el escapismo reina rampante, en la que aumenta el \u00edndice de suicidios, en la que el placer, la comodidad y el materialismo son los prop\u00f3sitos principales en la vida, en la que la verdad es relativa y las relaciones se han vuelto inestables, en la que todo mundo est\u00e1 siempre demasiado ocupado, estresado y distra\u00eddo, \u00bfqu\u00e9 tiene para ofrecer el adventismo, que sea \u00fanico y singular?<\/p>\n<p>Bien, algunos podr\u00e1n decir que tenemos para ofrecer el s\u00e1bado, el santuario o cualquiera otra de nuestras doctrinas distintivas. Otros podr\u00edan decir que tenemos el mensaje de salud y los escritos de Elena G. White. Y aun otros podr\u00edan a\u00f1adir que tenemos la correcta comprensi\u00f3n de la profec\u00eda de los 1260 d\u00edas. Y todo ello es verdadero y crucial. Pero tenemos algo m\u00e1s que ofrecer que simplemente doctrinas, reformas y profec\u00edas. Tenemos algo m\u00e1s que una clara comprensi\u00f3n, un mejor estilo de vida o una amistosa reuni\u00f3n en la iglesia en el d\u00eda correcto.<\/p>\n<p>El adventismo tiene sustancia qu\u00e9 ofrecer, la <em>\u00fanica <\/em> cosa de real sustancia. Para una sociedad llena de personas destrozadas, promesas vac\u00edas e ideales insatisfechos, el adventismo ofrece una verdadera cosmovisi\u00f3n b\u00edblica y una imagen m\u00e1s completa de Cristo. Para la persona atea, inmersa en el error, tenemos para ofrecer a Cristo como la verdad hecha manifiesta; al estudiante universitario luchando en contra de la depresi\u00f3n y en busca de un prop\u00f3sito, le ofrecemos a Cristo como el prop\u00f3sito de su existencia; a las familias rotas, les ofrecemos a Cristo, el amigo amante que sana los corazones heridos de la humanidad; a los millones de aquellos que luchan con adicciones, les ofrecemos a Cristo, Aquel que libera a los cautivos; a las personas que miran hacia el futuro con temor y desesperanza, les ofrecemos a Cristo, la Roca de refugio; al cansado y agobiado, le ofrecemos a Cristo, el Se\u00f1or del s\u00e1bado; a cada tembloroso pecador, le ofrecemos a Cristo, su Salvador personal. Ofrecemos ayuda al indefenso y desamparado, descanso al preocupado, esperanza al descorazonado, poder al impotente. El adventismo es tan relevante, porque nuestras distintivas doctrinas, nuestras reformas y nuestras profec\u00edas, todas ellas apuntan a Cristo y lo alzan no solamente como Aquel que muri\u00f3 por nosotros, sino como Aquel que vive siempre para interceder por nosotros; no solamente como Aquel que nos ofrece perd\u00f3n de la penalidad del pecado, sino como Aquel que nos provee libertad por su poder.<\/p>\n<p>Visto desde esta perspectiva, \u00bfqu\u00e9 podr\u00eda ser m\u00e1s relevante que el adventismo? Sin embargo, somos de relevancia para el mundo solamente en la proporci\u00f3n en que les ofrecemos el mensaje de Cristo. Si pareciera que estamos llegando a ser irrelevantes en nuestra sociedad, no es porque la sociedad est\u00e9 cambiando \u2014es porque nosotros estamos cambiando. Aunque todo lo dem\u00e1s que tenemos es importante, no podemos darnos el lujo de separar nuestras verdades distintivas del Camino, la Verdad y la Vida. No podemos perder de vista la Suma y Sustancia de nuestra fe: \u201cCristo en su abnegaci\u00f3n, Cristo en su humillaci\u00f3n, Cristo en su pureza y santidad, Cristo en su incomparable amor: tal es el tema que debe contemplar el alma\u201d. <sup>*<\/sup><\/p>\n<p><sup>*<\/sup> Elena G. White, <em>El Camino a Cristo<\/em>, p. 70.<\/p>\n<p>Traducci\u00f3n \u2013 Gloria A. Castrej\u00f3n<\/p>\n","protected":false},"excerpt":{"rendered":"<p>Cr\u00e9ase o no, hay algo m\u00e1s importante en el adventismo que su historia o sus Creencias Fundamentales. 26 de febrero de 2025 | Greeneville, Tennessee, Estados Unidos | Dawson Stephens&#8230;<\/p>\n","protected":false},"author":3,"featured_media":125702,"comment_status":"closed","ping_status":"closed","sticky":false,"template":"","format":"standard","meta":{"_acf_changed":false,"footnotes":""},"categories":[14,15],"tags":[],"class_list":["post-125707","post","type-post","status-publish","format-standard","has-post-thumbnail","hentry","category-de-la-iglesia-mundial","category-rss-espanol"],"acf":[],"yoast_head":"<!-- This site is optimized with the Yoast SEO plugin v27.3 - https:\/\/yoast.com\/product\/yoast-seo-wordpress\/ -->\n<title>\u00bfC\u00f3mo es m\u00e1s relevante el adventismo para la sociedad actual? - Iglesia Adventista del S\u00e9ptimo D\u00eda - Divisi\u00f3n Interamericana<\/title>\n<meta name=\"robots\" content=\"index, follow, max-snippet:-1, max-image-preview:large, max-video-preview:-1\" \/>\n<link rel=\"canonical\" href=\"https:\/\/interamerica.org\/es\/2025\/02\/como-es-mas-relevante-el-adventismo-para-la-sociedad-actual\/\" \/>\n<meta property=\"og:locale\" content=\"es_ES\" \/>\n<meta property=\"og:type\" content=\"article\" \/>\n<meta property=\"og:title\" content=\"\u00bfC\u00f3mo es m\u00e1s relevante el adventismo para la sociedad actual? - Iglesia Adventista del S\u00e9ptimo D\u00eda - Divisi\u00f3n Interamericana\" \/>\n<meta property=\"og:description\" content=\"Cr\u00e9ase o no, hay algo m\u00e1s importante en el adventismo que su historia o sus Creencias Fundamentales. 26 de febrero de 2025 | Greeneville, Tennessee, Estados Unidos | Dawson Stephens...\" \/>\n<meta property=\"og:url\" content=\"https:\/\/interamerica.org\/es\/2025\/02\/como-es-mas-relevante-el-adventismo-para-la-sociedad-actual\/\" \/>\n<meta property=\"og:site_name\" content=\"Iglesia Adventista del S\u00e9ptimo D\u00eda - Divisi\u00f3n Interamericana\" \/>\n<meta property=\"article:published_time\" content=\"2025-02-27T01:12:23+00:00\" \/>\n<meta property=\"article:modified_time\" content=\"2025-02-27T18:46:04+00:00\" \/>\n<meta property=\"og:image\" content=\"https:\/\/interamerica.org\/wp-content\/uploads\/2025\/02\/44-dewang-gupta-nii6eqjt1ps-unsplash.jpg\" \/>\n\t<meta property=\"og:image:width\" content=\"900\" \/>\n\t<meta property=\"og:image:height\" content=\"600\" \/>\n\t<meta property=\"og:image:type\" content=\"image\/jpeg\" \/>\n<meta name=\"author\" content=\"libna\" \/>\n<meta name=\"twitter:card\" content=\"summary_large_image\" \/>\n<meta name=\"twitter:label1\" content=\"Escrito por\" \/>\n\t<meta name=\"twitter:data1\" content=\"libna\" \/>\n\t<meta name=\"twitter:label2\" content=\"Tiempo de lectura\" \/>\n\t<meta name=\"twitter:data2\" content=\"4 minutos\" \/>\n<script type=\"application\/ld+json\" class=\"yoast-schema-graph\">{\"@context\":\"https:\\\/\\\/schema.org\",\"@graph\":[{\"@type\":\"Article\",\"@id\":\"https:\\\/\\\/interamerica.org\\\/es\\\/2025\\\/02\\\/como-es-mas-relevante-el-adventismo-para-la-sociedad-actual\\\/#article\",\"isPartOf\":{\"@id\":\"https:\\\/\\\/interamerica.org\\\/es\\\/2025\\\/02\\\/como-es-mas-relevante-el-adventismo-para-la-sociedad-actual\\\/\"},\"author\":{\"name\":\"libna\",\"@id\":\"https:\\\/\\\/interamerica.org\\\/es\\\/#\\\/schema\\\/person\\\/29998f2bc2d8bd0d38662909289b54f1\"},\"headline\":\"\u00bfC\u00f3mo es m\u00e1s relevante el adventismo para la sociedad actual?\",\"datePublished\":\"2025-02-27T01:12:23+00:00\",\"dateModified\":\"2025-02-27T18:46:04+00:00\",\"mainEntityOfPage\":{\"@id\":\"https:\\\/\\\/interamerica.org\\\/es\\\/2025\\\/02\\\/como-es-mas-relevante-el-adventismo-para-la-sociedad-actual\\\/\"},\"wordCount\":784,\"image\":{\"@id\":\"https:\\\/\\\/interamerica.org\\\/es\\\/2025\\\/02\\\/como-es-mas-relevante-el-adventismo-para-la-sociedad-actual\\\/#primaryimage\"},\"thumbnailUrl\":\"https:\\\/\\\/interamerica.org\\\/wp-content\\\/uploads\\\/2025\\\/02\\\/44-dewang-gupta-nii6eqjt1ps-unsplash.jpg\",\"articleSection\":[\"Desde la iglesia mundial\",\"RSS Espa\u00f1ol\"],\"inLanguage\":\"es\"},{\"@type\":\"WebPage\",\"@id\":\"https:\\\/\\\/interamerica.org\\\/es\\\/2025\\\/02\\\/como-es-mas-relevante-el-adventismo-para-la-sociedad-actual\\\/\",\"url\":\"https:\\\/\\\/interamerica.org\\\/es\\\/2025\\\/02\\\/como-es-mas-relevante-el-adventismo-para-la-sociedad-actual\\\/\",\"name\":\"\u00bfC\u00f3mo es m\u00e1s relevante el adventismo para la sociedad actual? - Iglesia Adventista del S\u00e9ptimo D\u00eda - Divisi\u00f3n Interamericana\",\"isPartOf\":{\"@id\":\"https:\\\/\\\/interamerica.org\\\/es\\\/#website\"},\"primaryImageOfPage\":{\"@id\":\"https:\\\/\\\/interamerica.org\\\/es\\\/2025\\\/02\\\/como-es-mas-relevante-el-adventismo-para-la-sociedad-actual\\\/#primaryimage\"},\"image\":{\"@id\":\"https:\\\/\\\/interamerica.org\\\/es\\\/2025\\\/02\\\/como-es-mas-relevante-el-adventismo-para-la-sociedad-actual\\\/#primaryimage\"},\"thumbnailUrl\":\"https:\\\/\\\/interamerica.org\\\/wp-content\\\/uploads\\\/2025\\\/02\\\/44-dewang-gupta-nii6eqjt1ps-unsplash.jpg\",\"datePublished\":\"2025-02-27T01:12:23+00:00\",\"dateModified\":\"2025-02-27T18:46:04+00:00\",\"author\":{\"@id\":\"https:\\\/\\\/interamerica.org\\\/es\\\/#\\\/schema\\\/person\\\/29998f2bc2d8bd0d38662909289b54f1\"},\"breadcrumb\":{\"@id\":\"https:\\\/\\\/interamerica.org\\\/es\\\/2025\\\/02\\\/como-es-mas-relevante-el-adventismo-para-la-sociedad-actual\\\/#breadcrumb\"},\"inLanguage\":\"es\",\"potentialAction\":[{\"@type\":\"ReadAction\",\"target\":[\"https:\\\/\\\/interamerica.org\\\/es\\\/2025\\\/02\\\/como-es-mas-relevante-el-adventismo-para-la-sociedad-actual\\\/\"]}]},{\"@type\":\"ImageObject\",\"inLanguage\":\"es\",\"@id\":\"https:\\\/\\\/interamerica.org\\\/es\\\/2025\\\/02\\\/como-es-mas-relevante-el-adventismo-para-la-sociedad-actual\\\/#primaryimage\",\"url\":\"https:\\\/\\\/interamerica.org\\\/wp-content\\\/uploads\\\/2025\\\/02\\\/44-dewang-gupta-nii6eqjt1ps-unsplash.jpg\",\"contentUrl\":\"https:\\\/\\\/interamerica.org\\\/wp-content\\\/uploads\\\/2025\\\/02\\\/44-dewang-gupta-nii6eqjt1ps-unsplash.jpg\",\"width\":900,\"height\":600,\"caption\":\"[Photo: Dewang Gupta\\\/ Unsplash]\"},{\"@type\":\"BreadcrumbList\",\"@id\":\"https:\\\/\\\/interamerica.org\\\/es\\\/2025\\\/02\\\/como-es-mas-relevante-el-adventismo-para-la-sociedad-actual\\\/#breadcrumb\",\"itemListElement\":[{\"@type\":\"ListItem\",\"position\":1,\"name\":\"Home\",\"item\":\"https:\\\/\\\/interamerica.org\\\/es\\\/\"},{\"@type\":\"ListItem\",\"position\":2,\"name\":\"\u00bfC\u00f3mo es m\u00e1s relevante el adventismo para la sociedad actual?\"}]},{\"@type\":\"WebSite\",\"@id\":\"https:\\\/\\\/interamerica.org\\\/es\\\/#website\",\"url\":\"https:\\\/\\\/interamerica.org\\\/es\\\/\",\"name\":\"Iglesia Adventista del S\u00e9ptimo D\u00eda - Divisi\u00f3n Interamericana\",\"description\":\"\",\"potentialAction\":[{\"@type\":\"SearchAction\",\"target\":{\"@type\":\"EntryPoint\",\"urlTemplate\":\"https:\\\/\\\/interamerica.org\\\/es\\\/?s={search_term_string}\"},\"query-input\":{\"@type\":\"PropertyValueSpecification\",\"valueRequired\":true,\"valueName\":\"search_term_string\"}}],\"inLanguage\":\"es\"},{\"@type\":\"Person\",\"@id\":\"https:\\\/\\\/interamerica.org\\\/es\\\/#\\\/schema\\\/person\\\/29998f2bc2d8bd0d38662909289b54f1\",\"name\":\"libna\",\"image\":{\"@type\":\"ImageObject\",\"inLanguage\":\"es\",\"@id\":\"https:\\\/\\\/secure.gravatar.com\\\/avatar\\\/7c5bd30ae4b47a9ba3c856590957fd1d96dc588bf3ac05719d247e126840331f?s=96&d=mm&r=g\",\"url\":\"https:\\\/\\\/secure.gravatar.com\\\/avatar\\\/7c5bd30ae4b47a9ba3c856590957fd1d96dc588bf3ac05719d247e126840331f?s=96&d=mm&r=g\",\"contentUrl\":\"https:\\\/\\\/secure.gravatar.com\\\/avatar\\\/7c5bd30ae4b47a9ba3c856590957fd1d96dc588bf3ac05719d247e126840331f?s=96&d=mm&r=g\",\"caption\":\"libna\"}}]}<\/script>\n<!-- \/ Yoast SEO plugin. -->","yoast_head_json":{"title":"\u00bfC\u00f3mo es m\u00e1s relevante el adventismo para la sociedad actual? - Iglesia Adventista del S\u00e9ptimo D\u00eda - Divisi\u00f3n Interamericana","robots":{"index":"index","follow":"follow","max-snippet":"max-snippet:-1","max-image-preview":"max-image-preview:large","max-video-preview":"max-video-preview:-1"},"canonical":"https:\/\/interamerica.org\/es\/2025\/02\/como-es-mas-relevante-el-adventismo-para-la-sociedad-actual\/","og_locale":"es_ES","og_type":"article","og_title":"\u00bfC\u00f3mo es m\u00e1s relevante el adventismo para la sociedad actual? - Iglesia Adventista del S\u00e9ptimo D\u00eda - Divisi\u00f3n Interamericana","og_description":"Cr\u00e9ase o no, hay algo m\u00e1s importante en el adventismo que su historia o sus Creencias Fundamentales. 26 de febrero de 2025 | Greeneville, Tennessee, Estados Unidos | Dawson Stephens...","og_url":"https:\/\/interamerica.org\/es\/2025\/02\/como-es-mas-relevante-el-adventismo-para-la-sociedad-actual\/","og_site_name":"Iglesia Adventista del S\u00e9ptimo D\u00eda - Divisi\u00f3n Interamericana","article_published_time":"2025-02-27T01:12:23+00:00","article_modified_time":"2025-02-27T18:46:04+00:00","og_image":[{"width":900,"height":600,"url":"https:\/\/interamerica.org\/wp-content\/uploads\/2025\/02\/44-dewang-gupta-nii6eqjt1ps-unsplash.jpg","type":"image\/jpeg"}],"author":"libna","twitter_card":"summary_large_image","twitter_misc":{"Escrito por":"libna","Tiempo de lectura":"4 minutos"},"schema":{"@context":"https:\/\/schema.org","@graph":[{"@type":"Article","@id":"https:\/\/interamerica.org\/es\/2025\/02\/como-es-mas-relevante-el-adventismo-para-la-sociedad-actual\/#article","isPartOf":{"@id":"https:\/\/interamerica.org\/es\/2025\/02\/como-es-mas-relevante-el-adventismo-para-la-sociedad-actual\/"},"author":{"name":"libna","@id":"https:\/\/interamerica.org\/es\/#\/schema\/person\/29998f2bc2d8bd0d38662909289b54f1"},"headline":"\u00bfC\u00f3mo es m\u00e1s relevante el adventismo para la sociedad actual?","datePublished":"2025-02-27T01:12:23+00:00","dateModified":"2025-02-27T18:46:04+00:00","mainEntityOfPage":{"@id":"https:\/\/interamerica.org\/es\/2025\/02\/como-es-mas-relevante-el-adventismo-para-la-sociedad-actual\/"},"wordCount":784,"image":{"@id":"https:\/\/interamerica.org\/es\/2025\/02\/como-es-mas-relevante-el-adventismo-para-la-sociedad-actual\/#primaryimage"},"thumbnailUrl":"https:\/\/interamerica.org\/wp-content\/uploads\/2025\/02\/44-dewang-gupta-nii6eqjt1ps-unsplash.jpg","articleSection":["Desde la iglesia mundial","RSS Espa\u00f1ol"],"inLanguage":"es"},{"@type":"WebPage","@id":"https:\/\/interamerica.org\/es\/2025\/02\/como-es-mas-relevante-el-adventismo-para-la-sociedad-actual\/","url":"https:\/\/interamerica.org\/es\/2025\/02\/como-es-mas-relevante-el-adventismo-para-la-sociedad-actual\/","name":"\u00bfC\u00f3mo es m\u00e1s relevante el adventismo para la sociedad actual? - Iglesia Adventista del S\u00e9ptimo D\u00eda - Divisi\u00f3n Interamericana","isPartOf":{"@id":"https:\/\/interamerica.org\/es\/#website"},"primaryImageOfPage":{"@id":"https:\/\/interamerica.org\/es\/2025\/02\/como-es-mas-relevante-el-adventismo-para-la-sociedad-actual\/#primaryimage"},"image":{"@id":"https:\/\/interamerica.org\/es\/2025\/02\/como-es-mas-relevante-el-adventismo-para-la-sociedad-actual\/#primaryimage"},"thumbnailUrl":"https:\/\/interamerica.org\/wp-content\/uploads\/2025\/02\/44-dewang-gupta-nii6eqjt1ps-unsplash.jpg","datePublished":"2025-02-27T01:12:23+00:00","dateModified":"2025-02-27T18:46:04+00:00","author":{"@id":"https:\/\/interamerica.org\/es\/#\/schema\/person\/29998f2bc2d8bd0d38662909289b54f1"},"breadcrumb":{"@id":"https:\/\/interamerica.org\/es\/2025\/02\/como-es-mas-relevante-el-adventismo-para-la-sociedad-actual\/#breadcrumb"},"inLanguage":"es","potentialAction":[{"@type":"ReadAction","target":["https:\/\/interamerica.org\/es\/2025\/02\/como-es-mas-relevante-el-adventismo-para-la-sociedad-actual\/"]}]},{"@type":"ImageObject","inLanguage":"es","@id":"https:\/\/interamerica.org\/es\/2025\/02\/como-es-mas-relevante-el-adventismo-para-la-sociedad-actual\/#primaryimage","url":"https:\/\/interamerica.org\/wp-content\/uploads\/2025\/02\/44-dewang-gupta-nii6eqjt1ps-unsplash.jpg","contentUrl":"https:\/\/interamerica.org\/wp-content\/uploads\/2025\/02\/44-dewang-gupta-nii6eqjt1ps-unsplash.jpg","width":900,"height":600,"caption":"[Photo: Dewang Gupta\/ Unsplash]"},{"@type":"BreadcrumbList","@id":"https:\/\/interamerica.org\/es\/2025\/02\/como-es-mas-relevante-el-adventismo-para-la-sociedad-actual\/#breadcrumb","itemListElement":[{"@type":"ListItem","position":1,"name":"Home","item":"https:\/\/interamerica.org\/es\/"},{"@type":"ListItem","position":2,"name":"\u00bfC\u00f3mo es m\u00e1s relevante el adventismo para la sociedad actual?"}]},{"@type":"WebSite","@id":"https:\/\/interamerica.org\/es\/#website","url":"https:\/\/interamerica.org\/es\/","name":"Iglesia Adventista del S\u00e9ptimo D\u00eda - Divisi\u00f3n Interamericana","description":"","potentialAction":[{"@type":"SearchAction","target":{"@type":"EntryPoint","urlTemplate":"https:\/\/interamerica.org\/es\/?s={search_term_string}"},"query-input":{"@type":"PropertyValueSpecification","valueRequired":true,"valueName":"search_term_string"}}],"inLanguage":"es"},{"@type":"Person","@id":"https:\/\/interamerica.org\/es\/#\/schema\/person\/29998f2bc2d8bd0d38662909289b54f1","name":"libna","image":{"@type":"ImageObject","inLanguage":"es","@id":"https:\/\/secure.gravatar.com\/avatar\/7c5bd30ae4b47a9ba3c856590957fd1d96dc588bf3ac05719d247e126840331f?s=96&d=mm&r=g","url":"https:\/\/secure.gravatar.com\/avatar\/7c5bd30ae4b47a9ba3c856590957fd1d96dc588bf3ac05719d247e126840331f?s=96&d=mm&r=g","contentUrl":"https:\/\/secure.gravatar.com\/avatar\/7c5bd30ae4b47a9ba3c856590957fd1d96dc588bf3ac05719d247e126840331f?s=96&d=mm&r=g","caption":"libna"}}]}},"_links":{"self":[{"href":"https:\/\/interamerica.org\/es\/wp-json\/wp\/v2\/posts\/125707","targetHints":{"allow":["GET"]}}],"collection":[{"href":"https:\/\/interamerica.org\/es\/wp-json\/wp\/v2\/posts"}],"about":[{"href":"https:\/\/interamerica.org\/es\/wp-json\/wp\/v2\/types\/post"}],"author":[{"embeddable":true,"href":"https:\/\/interamerica.org\/es\/wp-json\/wp\/v2\/users\/3"}],"replies":[{"embeddable":true,"href":"https:\/\/interamerica.org\/es\/wp-json\/wp\/v2\/comments?post=125707"}],"version-history":[{"count":0,"href":"https:\/\/interamerica.org\/es\/wp-json\/wp\/v2\/posts\/125707\/revisions"}],"wp:featuredmedia":[{"embeddable":true,"href":"https:\/\/interamerica.org\/es\/wp-json\/wp\/v2\/media\/125702"}],"wp:attachment":[{"href":"https:\/\/interamerica.org\/es\/wp-json\/wp\/v2\/media?parent=125707"}],"wp:term":[{"taxonomy":"category","embeddable":true,"href":"https:\/\/interamerica.org\/es\/wp-json\/wp\/v2\/categories?post=125707"},{"taxonomy":"post_tag","embeddable":true,"href":"https:\/\/interamerica.org\/es\/wp-json\/wp\/v2\/tags?post=125707"}],"curies":[{"name":"wp","href":"https:\/\/api.w.org\/{rel}","templated":true}]}}