{"id":125800,"date":"2025-03-02T20:47:02","date_gmt":"2025-03-03T01:47:02","guid":{"rendered":"https:\/\/interamerica.org\/?p=125800"},"modified":"2025-03-04T12:21:31","modified_gmt":"2025-03-04T17:21:31","slug":"la-iglesia-adventista-de-interamerica-lanza-vividfaith-para-fortalecer-el-servicio-misionero","status":"publish","type":"post","link":"https:\/\/interamerica.org\/es\/2025\/03\/la-iglesia-adventista-de-interamerica-lanza-vividfaith-para-fortalecer-el-servicio-misionero\/","title":{"rendered":"La Iglesia Adventista de Interam\u00e9rica lanza VividFaith para fortalecer el servicio misionero"},"content":{"rendered":"<p><div id=\"attachment_125743\" style=\"width: 1010px\" class=\"wp-caption aligncenter\"><img fetchpriority=\"high\" decoding=\"async\" aria-describedby=\"caption-attachment-125743\" class=\"size-full wp-image-125741\" src=\"https:\/\/interamerica.org\/wp-content\/uploads\/2025\/03\/samueltelemaque-vividfaith-2-2025.jpg\" alt=\"\" width=\"1000\" height=\"664\" srcset=\"https:\/\/interamerica.org\/wp-content\/uploads\/2025\/03\/samueltelemaque-vividfaith-2-2025.jpg 1000w, https:\/\/interamerica.org\/wp-content\/uploads\/2025\/03\/samueltelemaque-vividfaith-2-2025-300x199.jpg 300w, https:\/\/interamerica.org\/wp-content\/uploads\/2025\/03\/samueltelemaque-vividfaith-2-2025-768x510.jpg 768w\" sizes=\"(max-width: 1000px) 100vw, 1000px\" \/><p id=\"caption-attachment-125743\" class=\"wp-caption-text\">El pastor Samuel Telemaque (derecha), director de Escuela Sab\u00e1tica y Misi\u00f3n Adventista de la Divisi\u00f3n Interamericana, habla ante decenas de l\u00edderes de las uniones y personal durante la capacitaci\u00f3n avanzada de Reclutamiento de Misi\u00f3n VividFaith de la iglesia el pasado 5 y 6 de febrero de 2025, en Miami, Florida, Estados Unidos. El pastor Luis Trundle (izquierda), secretario ejecutivo de la Uni\u00f3n Hondure\u00f1a, traduce el mensaje del pastor Telemaque. [Fotograf\u00eda: Keila Trejo\/DIA]<\/p><\/div><em>Los l\u00edderes se interiorizan sobre una nueva plataforma para revitalizar las oportunidades misioneras en las 25 uniones de la DIA.<\/em><\/p>\n<p data-start=\"316\" data-end=\"415\">Miami, Florida, Estados Unidos | 28 de febrero de 2025 | Libna Stevens, Noticias de la Divisi\u00f3n Interamericana<\/p>\n<p>La Iglesia Adventista del S\u00e9ptimo D\u00eda de la Divisi\u00f3n Interamericana (DIA) dio firmes pasos para revitalizar las oportunidades misioneras en las 25 regiones principales de su territorio, durante una sesi\u00f3n de capacitaci\u00f3n avanzada celebrada hace poco en Miami, Florida, Estados Unidos. Los dos d\u00edas de capacitaci\u00f3n reunieron a l\u00edderes ejecutivos y personal de las uniones para enfocarse en mejorar las oportunidades misioneras utilizando la plataforma de reclutamiento\u00a0 en l\u00ednea de la iglesia llamada VividFaith.<\/p>\n<p>VividFaith es una herramienta en l\u00ednea dise\u00f1ada para conectar a posibles misioneros con oportunidades misioneras en todo el mundo. VividFaith es un componente clave de la estrategia de Reenfoque Misionero de la Asociaci\u00f3n General, que busca realinear las prioridades y la misi\u00f3n de la iglesia para servir mejor a sus miembros y comunidades en flujo.<\/p>\n<div id=\"attachment_125746\" style=\"width: 1010px\" class=\"wp-caption aligncenter\"><img decoding=\"async\" aria-describedby=\"caption-attachment-125746\" class=\"size-full wp-image-125744\" src=\"https:\/\/interamerica.org\/wp-content\/uploads\/2025\/03\/vividfaith-training2-2025.jpg\" alt=\"\" width=\"1000\" height=\"667\" srcset=\"https:\/\/interamerica.org\/wp-content\/uploads\/2025\/03\/vividfaith-training2-2025.jpg 1000w, https:\/\/interamerica.org\/wp-content\/uploads\/2025\/03\/vividfaith-training2-2025-300x200.jpg 300w, https:\/\/interamerica.org\/wp-content\/uploads\/2025\/03\/vividfaith-training2-2025-768x512.jpg 768w\" sizes=\"(max-width: 1000px) 100vw, 1000px\" \/><p id=\"caption-attachment-125746\" class=\"wp-caption-text\">Los l\u00edderes de la Divisi\u00f3n Interamericana participan de una formaci\u00f3n pr\u00e1ctica, aprendiendo a utilizar la plataforma VividFaith para ampliar las oportunidades misioneras. [Fotograf\u00eda: Keila Trejo\/DIA]<\/p><\/div>\n<p data-start=\"1256\" data-end=\"1647\">Es la primera vez que la Divisi\u00f3n Interamericana se ha asociado con VividFaith a escala tan grande durante un evento llamado \u201cReclutamiento Misionero\u201d, dijo el pastor Samuel Telemaque, director de Escuela Sab\u00e1tica y Misi\u00f3n Adventista de la Divisi\u00f3n Interamericana. Como resultado directo de la capacitaci\u00f3n, se publicaron 158 puestos misioneros en la plataforma VividFaith, y muchas respuestas llegaron de inmediato.<\/p>\n<p data-start=\"1649\" data-end=\"1926\">\u201cCon la formaci\u00f3n viene el empoderamiento\u00bb, dijo Telemaque, el principal organizador del evento. \u201cNuestro equipo de nuevos coordinadores de VividFaith contribuir\u00e1 al crecimiento de las misiones en la Divisi\u00f3n Interamericana, y esperamos dar la bienvenida y equipar a los misioneros para los muchos campos misioneros dentro de nuestra divisi\u00f3n\u201d.<\/p>\n<h3 data-start=\"1928\" data-end=\"1974\"><strong data-start=\"1932\" data-end=\"1974\">Un enfoque personalizado de la misi\u00f3n global<\/strong><\/h3>\n<p data-start=\"1976\" data-end=\"2559\">La preparaci\u00f3n para el evento de capacitaci\u00f3n comenz\u00f3 a finales de 2024 e implic\u00f3 una amplia coordinaci\u00f3n. Seg\u00fan Fylvia Fowler Kline, gerente de VividFaith, el \u00e9xito del evento se bas\u00f3 en una planificaci\u00f3n cuidadosa. Los l\u00edderes identificaron oportunidades de misi\u00f3n que requer\u00edan experiencia especializada, crearon descripciones detalladas de los puestos y se aseguraron el apoyo financiero necesario para cada puesto antes del evento. Kline explic\u00f3: \u201cLo que hace \u00fanico a VividFaith es su capacidad de adaptarse a las necesidades y reglamentos de una organizaci\u00f3n, reclutar voluntarios, empleados, trabajadores remotos, aut\u00f3nomos y otros\u201d.<\/p>\n<div id=\"attachment_125761\" style=\"width: 1010px\" class=\"wp-caption aligncenter\"><img decoding=\"async\" aria-describedby=\"caption-attachment-125761\" class=\"size-full wp-image-125759\" src=\"https:\/\/interamerica.org\/wp-content\/uploads\/2025\/03\/fylvia-kline-vividfaith-2025.jpg\" alt=\"\" width=\"1000\" height=\"667\" srcset=\"https:\/\/interamerica.org\/wp-content\/uploads\/2025\/03\/fylvia-kline-vividfaith-2025.jpg 1000w, https:\/\/interamerica.org\/wp-content\/uploads\/2025\/03\/fylvia-kline-vividfaith-2025-300x200.jpg 300w, https:\/\/interamerica.org\/wp-content\/uploads\/2025\/03\/fylvia-kline-vividfaith-2025-768x512.jpg 768w\" sizes=\"(max-width: 1000px) 100vw, 1000px\" \/><p id=\"caption-attachment-125761\" class=\"wp-caption-text\">Fylvia Fowler Kline, gerente de VividFaith, discute el potencial de la plataforma para conectar a los voluntarios con oportunidades misioneras durante la sesi\u00f3n de capacitaci\u00f3n de la la Divisi\u00f3n Interamericana en Miami. [Fotograf\u00eda: Keila Trejo\/DIA]<\/p><\/div>\n<p data-start=\"2561\" data-end=\"2820\">Kline tambi\u00e9n enfatiz\u00f3 la apertura de la plataforma a personas de todas las religiones, lo que permite que los adventistas colaboren junto a personas de otras denominaciones. Eso, dijo, fomenta un ambiente donde las personas pueden construir relaciones y plantar semillas de fe.<\/p>\n<h3 data-start=\"2822\" data-end=\"2871\"><strong data-start=\"2826\" data-end=\"2871\">Para satisfacer la creciente demanda de voluntarios<\/strong><\/h3>\n<p data-start=\"2873\" data-end=\"3387\">El innovador evento de capacitaci\u00f3n destac\u00f3 el compromiso de la DIA de expandir la misi\u00f3n del evangelio m\u00e1s all\u00e1 de sus fronteras, dijo Kline. Se\u00f1al\u00f3 que muchas personas est\u00e1n ansiosas por servir, pero que la demanda de oportunidades de servicio centradas en la misi\u00f3n a menudo supera los puestos disponibles. \u201cLa reciente adici\u00f3n de oportunidades misioneras de la Divisi\u00f3n Interamericana aumentar\u00e1 las vacantes de misi\u00f3n actuales en VividFaith en un 15 por ciento\u201d, explic\u00f3 Kline. Con casi veinte mil usuarios registrados, la plataforma conecta a personas capacitadas con organizaciones necesitadas.<\/p>\n<p data-start=\"3389\" data-end=\"3715\">Durante a\u00f1os, la Divisi\u00f3n Interamericana tuvo un n\u00famero limitado de vacantes de voluntarios en VividFaith, principalmente porque las uniones no hab\u00edan desempe\u00f1ado un papel central en el reclutamiento misionero ni ten\u00edan acceso a la plataforma, dijo Kline. La sesi\u00f3n de capacitaci\u00f3n tuvo como objetivo cambiar esa situaci\u00f3n, equipando a los l\u00edderes de las uniones con herramientas que les permitan promover VividFaith en todas las asociaciones y misiones.<\/p>\n<div id=\"attachment_125770\" style=\"width: 1010px\" class=\"wp-caption aligncenter\"><img loading=\"lazy\" decoding=\"async\" aria-describedby=\"caption-attachment-125770\" class=\"size-full wp-image-125768\" src=\"https:\/\/interamerica.org\/wp-content\/uploads\/2025\/03\/vividfaith-training3.jpg\" alt=\"\" width=\"1000\" height=\"667\" srcset=\"https:\/\/interamerica.org\/wp-content\/uploads\/2025\/03\/vividfaith-training3.jpg 1000w, https:\/\/interamerica.org\/wp-content\/uploads\/2025\/03\/vividfaith-training3-300x200.jpg 300w, https:\/\/interamerica.org\/wp-content\/uploads\/2025\/03\/vividfaith-training3-768x512.jpg 768w\" sizes=\"(max-width: 1000px) 100vw, 1000px\" \/><p id=\"caption-attachment-125770\" class=\"wp-caption-text\">Un participante interact\u00faa activamente con la plataforma VividFaith durante la sesi\u00f3n de capacitaci\u00f3n en Miami. [Fotograf\u00eda: Keila Trejo\/DIA]<\/p><\/div>\n<h3 data-start=\"3717\" data-end=\"3765\"><strong data-start=\"3721\" data-end=\"3765\">Una ampliaci\u00f3n de oportunidades para los j\u00f3venes<\/strong><\/h3>\n<p data-start=\"3767\" data-end=\"4199\">El pastor Telemaque se\u00f1al\u00f3 que la capacitaci\u00f3n avanzada tendr\u00e1 un impacto de gran alcance, lo que incluye la promoci\u00f3n de oportunidades de voluntariado entre estudiantes universitarios, en los eventos escolares e iglesias. \u201cLos j\u00f3venes estudiantes pueden tomarse un a\u00f1o sab\u00e1tico para servir en lugares como Costa Rica, Panam\u00e1, o incluso Hait\u00ed\u201d, dijo. Tan solo en Hait\u00ed, las oportunidades misioneras actuales incluyen cargos docentes, como por ejemplo maestros de matem\u00e1ticas e ingl\u00e9s, tanto a nivel local como regional en una oportunidad de servicio en l\u00ednea.<\/p>\n<p data-start=\"4201\" data-end=\"4409\">El objetivo de la Divisi\u00f3n Interamericana es reclutar a dos mil voluntarios para 2030<strong>, <\/strong>o al menos a 400 voluntarios por a\u00f1o<strong>.<\/strong> Ese ambicioso objetivo pone de relieve la dedicaci\u00f3n de la divisi\u00f3n de involucrar a m\u00e1s personas en la obra misionera.<\/p>\n<h3 data-start=\"4411\" data-end=\"4478\"><strong data-start=\"4415\" data-end=\"4478\">Ampliaci\u00f3n del alcance de la obra misionera<\/strong><\/h3>\n<p data-start=\"4480\" data-end=\"4975\">El evento de capacitaci\u00f3n tambi\u00e9n result\u00f3 significativo para los l\u00edderes de varias regiones. Gail Smith-Anthony, de la Uni\u00f3n del Caribe, expres\u00f3 su optimismo de que el evento crear\u00e1 m\u00e1s oportunidades misioneras en el Caribe. \u201cHay una pl\u00e9tora de j\u00f3venes en todo el Caribe listos para participar en actividades misioneras en el extranjero\u201d, dijo. Se\u00f1al\u00f3 que incluso los graduados de la Universidad Sure\u00f1a del Caribe en Trinidad tienen la oportunidad de participar en las oportunidades misioneras de VividFaith.<\/p>\n<div id=\"attachment_125767\" style=\"width: 1010px\" class=\"wp-caption aligncenter\"><img loading=\"lazy\" decoding=\"async\" aria-describedby=\"caption-attachment-125767\" class=\"size-full wp-image-125765\" src=\"https:\/\/interamerica.org\/wp-content\/uploads\/2025\/03\/gail-smith-anthony-usc-vividfaith.png\" alt=\"\" width=\"1000\" height=\"679\" srcset=\"https:\/\/interamerica.org\/wp-content\/uploads\/2025\/03\/gail-smith-anthony-usc-vividfaith.png 1000w, https:\/\/interamerica.org\/wp-content\/uploads\/2025\/03\/gail-smith-anthony-usc-vividfaith-300x204.png 300w, https:\/\/interamerica.org\/wp-content\/uploads\/2025\/03\/gail-smith-anthony-usc-vividfaith-768x521.png 768w\" sizes=\"(max-width: 1000px) 100vw, 1000px\" \/><p id=\"caption-attachment-125767\" class=\"wp-caption-text\">Gail Smith-Anthony, de la Uni\u00f3n del Caribe, que partici\u00f3 del encuentro de VividFaith, dijo que aprendi\u00f3 c\u00f3mo promover oportunidades misioneras en todo el Caribe. [Fotograf\u00eda: Libna Stevens\/DIA]<\/p><\/div>\n<p data-start=\"4977\" data-end=\"5416\">Para Jacques Bibrac, secretario ejecutivo de la Uni\u00f3n de las Antillas Francesas y Guyana, y su asistente Florine Melchior, la formaci\u00f3n result\u00f3 ser reveladora. \u00c9l cree que les ayudar\u00e1 a involucrar a m\u00e1s voluntarios, especialmente a j\u00f3venes profesionales, para oportunidades misioneras en Martinica, Guadalupe y Guayana Francesa. \u201cTodav\u00eda tenemos que examinar a fondo las necesidades en nuestro territorio\u201d, dijo Bibrac, \u201cpero tenemos vacantes para maestros extranjeros, los que establecen nuevas iglesias y para otros que est\u00e9n dispuestos a servir\u00bb.<\/p>\n<p>Misael Gonz\u00e1lez, director de ministerios juveniles de la Uni\u00f3n Paname\u00f1a y delegado a la sesi\u00f3n de capacitaci\u00f3n, qued\u00f3 impresionado por la facilidad de uso de la plataforma. Cont\u00f3 que de las cinco oportunidades que public\u00f3, dos personas solicitaron inmediatamente prestar servicios en Panam\u00e1. \u201cEsta herramienta es crucial para nosotros porque tenemos \u00e1reas donde los misioneros podr\u00edan ser una gran bendici\u00f3n. Abre una puerta que nos conecta aqu\u00ed en Panam\u00e1 con aquellos dispuestos a servir desde otros lugares\u201d, explic\u00f3 Gonz\u00e1lez. Tambi\u00e9n mencion\u00f3 que planea promover las oportunidades de servicio de VividFaith en un pr\u00f3ximo congreso de liderazgo juvenil, donde se espera reunir a m\u00e1s de 1800 j\u00f3venes hacia fines de mayo.<\/p>\n<p><div id=\"attachment_125752\" style=\"width: 1010px\" class=\"wp-caption aligncenter\"><img loading=\"lazy\" decoding=\"async\" aria-describedby=\"caption-attachment-125752\" class=\"size-full wp-image-125750\" src=\"https:\/\/interamerica.org\/wp-content\/uploads\/2025\/03\/misaelgonzalez-panu-vividfaith2025.jpg\" alt=\"\" width=\"1000\" height=\"667\" srcset=\"https:\/\/interamerica.org\/wp-content\/uploads\/2025\/03\/misaelgonzalez-panu-vividfaith2025.jpg 1000w, https:\/\/interamerica.org\/wp-content\/uploads\/2025\/03\/misaelgonzalez-panu-vividfaith2025-300x200.jpg 300w, https:\/\/interamerica.org\/wp-content\/uploads\/2025\/03\/misaelgonzalez-panu-vividfaith2025-768x512.jpg 768w\" sizes=\"(max-width: 1000px) 100vw, 1000px\" \/><p id=\"caption-attachment-125752\" class=\"wp-caption-text\">Misael Gonz\u00e1lez, director de ministerios juveniles de la Uni\u00f3n Paname\u00f1a, sonr\u00ede mientras participa de la sesi\u00f3n de capacitaci\u00f3n de VividFaith para explorar formas de expandir las oportunidades misioneras en Panam\u00e1. [Fotograf\u00eda: Keila Trejo\/DIA]<\/p><\/div>El pastor Leonard Johnson, secretario ejecutivo de la Divisi\u00f3n Interamericana, enfatiz\u00f3 la importancia de identificar las necesidades misioneras para cumplir con la misi\u00f3n del evangelio en toda la divisi\u00f3n. \u201cNo podemos guardar a Jes\u00fas para nosotros mismos\u201d, dijo Johnson. \u201cNuestra fe no deja lugar a la exclusividad; estamos llamados a compartirla con el mundo\u201d.<\/p>\n<h3 data-start=\"5762\" data-end=\"5801\"><strong data-start=\"5766\" data-end=\"5801\">Una Iglesia Unificada en la Misi\u00f3n<\/strong><\/h3>\n<p data-start=\"5803\" data-end=\"6210\">La asociaci\u00f3n entre la Divisi\u00f3n Interamericana y VividFaith refleja el enfoque integrado de la iglesia hacia el trabajo misionero. El pastor Erton K\u00f6hler, secretario ejecutivo de la Asociaci\u00f3n General, expres\u00f3 que a pesar de las divisiones administrativas y geogr\u00e1ficas, la iglesia permanece unida en su misi\u00f3n. \u201cPodemos estar divididos en divisiones y campos adjuntos, pero somos una sola iglesia, compartiendo la misma visi\u00f3n y metas\u201d, dijo Kohler.<\/p>\n<div id=\"attachment_125764\" style=\"width: 1010px\" class=\"wp-caption aligncenter\"><img loading=\"lazy\" decoding=\"async\" aria-describedby=\"caption-attachment-125764\" class=\"size-full wp-image-125762\" src=\"https:\/\/interamerica.org\/wp-content\/uploads\/2025\/03\/elie-henry-vivid-faith-2025.jpg\" alt=\"\" width=\"1000\" height=\"667\" srcset=\"https:\/\/interamerica.org\/wp-content\/uploads\/2025\/03\/elie-henry-vivid-faith-2025.jpg 1000w, https:\/\/interamerica.org\/wp-content\/uploads\/2025\/03\/elie-henry-vivid-faith-2025-300x200.jpg 300w, https:\/\/interamerica.org\/wp-content\/uploads\/2025\/03\/elie-henry-vivid-faith-2025-768x512.jpg 768w\" sizes=\"(max-width: 1000px) 100vw, 1000px\" \/><p id=\"caption-attachment-125764\" class=\"wp-caption-text\">El pastor Elie Henry, presidente de la Divisi\u00f3n Interamericana, enfatiza la importancia de la colaboraci\u00f3n misionera global al dirigirse a los l\u00edderes durante la sesi\u00f3n de capacitaci\u00f3n de VividFaith del 5 y 6 de febrero. [Fotograf\u00eda: Keila Trejo\/DIA]<\/p><\/div>\n<p data-start=\"6212\" data-end=\"6486\">Replicar tales eventos de capacitaci\u00f3n en otras divisiones probablemente llevar\u00e1 a un aumento significativo de las oportunidades de misi\u00f3n, seg\u00fan Kline. Elogi\u00f3 la excelente organizaci\u00f3n y el apoyo financiero de la DIA, calific\u00e1ndola de \u201cmodelo para el resto de las divisiones mundiales\u201d.<\/p>\n<p>Al final de la capacitaci\u00f3n, cada participante fue certificado como coordinador de VividFaith, equipado para capacitar a otros dentro de sus uniones y promover oportunidades misioneras en escuelas, iglesias, actividades y eventos, entre otros.<\/p>\n<p data-start=\"6759\" data-end=\"7156\">El pastor Elie Henry<strong>, <\/strong>presidente de la Divisi\u00f3n Interamericana, record\u00f3 a los asistentes la importancia de mirar m\u00e1s all\u00e1 de sus propios recursos y necesidades. \u201cComo parte de la iglesia mundial, necesitamos ser conscientes de la misi\u00f3n global\u201d, dijo. \u201cInteram\u00e9rica tiene que ser vista y sentida m\u00e1s all\u00e1 de nuestros pa\u00edses. El mundo necesita saber que nuestra diversidad de idiomas y culturas tiene mucho que ofrecer para acelerar la venida de nuestro Se\u00f1or\u201d.<\/p>\n<p><div id=\"attachment_125740\" style=\"width: 1010px\" class=\"wp-caption aligncenter\"><img loading=\"lazy\" decoding=\"async\" aria-describedby=\"caption-attachment-125740\" class=\"size-full wp-image-125738\" src=\"https:\/\/interamerica.org\/wp-content\/uploads\/2025\/03\/vividfaith-group-2025.jpg\" alt=\"\" width=\"1000\" height=\"667\" srcset=\"https:\/\/interamerica.org\/wp-content\/uploads\/2025\/03\/vividfaith-group-2025.jpg 1000w, https:\/\/interamerica.org\/wp-content\/uploads\/2025\/03\/vividfaith-group-2025-300x200.jpg 300w, https:\/\/interamerica.org\/wp-content\/uploads\/2025\/03\/vividfaith-group-2025-768x512.jpg 768w\" sizes=\"(max-width: 1000px) 100vw, 1000px\" \/><p id=\"caption-attachment-125740\" class=\"wp-caption-text\">Fotograf\u00eda grupal, durante la sesi\u00f3n de capacitaci\u00f3n de VividFaith en Miami, Florida, Estados Unidos, 5 y 6 de febrero de 2025. [Fotograf\u00eda: WIlmer Barboza\/DIA]<\/p><\/div>Para obtener m\u00e1s informaci\u00f3n sobre las oportunidades misioneras de VividFaith, visite <a href=\"https:\/\/vividfaith.com\/\">vividfaith.com<\/a><\/p>\n<p><em>Fylvia Fowler Kline colabor\u00f3 con informaci\u00f3n para este art\u00edculo.<\/em><\/p>\n<p>Traducci\u00f3n de Marcos Paseggi<\/p>\n","protected":false},"excerpt":{"rendered":"<p>Los l\u00edderes se interiorizan sobre una nueva plataforma para revitalizar las oportunidades misioneras en las 25 uniones de la DIA. Miami, Florida, Estados Unidos | 28 de febrero de 2025&#8230;<\/p>\n","protected":false},"author":3,"featured_media":125743,"comment_status":"closed","ping_status":"closed","sticky":false,"template":"","format":"standard","meta":{"_acf_changed":false,"footnotes":""},"categories":[16,15],"tags":[],"class_list":["post-125800","post","type-post","status-publish","format-standard","has-post-thumbnail","hentry","category-desde-la-sede","category-rss-espanol"],"acf":[],"yoast_head":"<!-- This site is optimized with the Yoast SEO plugin v27.3 - https:\/\/yoast.com\/product\/yoast-seo-wordpress\/ -->\n<title>La Iglesia Adventista de Interam\u00e9rica lanza VividFaith para fortalecer el servicio misionero - Iglesia Adventista del S\u00e9ptimo D\u00eda - Divisi\u00f3n Interamericana<\/title>\n<meta name=\"robots\" content=\"index, follow, max-snippet:-1, max-image-preview:large, max-video-preview:-1\" \/>\n<link rel=\"canonical\" href=\"https:\/\/interamerica.org\/es\/2025\/03\/la-iglesia-adventista-de-interamerica-lanza-vividfaith-para-fortalecer-el-servicio-misionero\/\" \/>\n<meta property=\"og:locale\" content=\"es_ES\" \/>\n<meta property=\"og:type\" content=\"article\" \/>\n<meta property=\"og:title\" content=\"La Iglesia Adventista de Interam\u00e9rica lanza VividFaith para fortalecer el servicio misionero - Iglesia Adventista del S\u00e9ptimo D\u00eda - Divisi\u00f3n Interamericana\" \/>\n<meta property=\"og:description\" content=\"Los l\u00edderes se interiorizan sobre una nueva plataforma para revitalizar las oportunidades misioneras en las 25 uniones de la DIA. Miami, Florida, Estados Unidos | 28 de febrero de 2025...\" \/>\n<meta property=\"og:url\" content=\"https:\/\/interamerica.org\/es\/2025\/03\/la-iglesia-adventista-de-interamerica-lanza-vividfaith-para-fortalecer-el-servicio-misionero\/\" \/>\n<meta property=\"og:site_name\" content=\"Iglesia Adventista del S\u00e9ptimo D\u00eda - Divisi\u00f3n Interamericana\" \/>\n<meta property=\"article:published_time\" content=\"2025-03-03T01:47:02+00:00\" \/>\n<meta property=\"article:modified_time\" content=\"2025-03-04T17:21:31+00:00\" \/>\n<meta property=\"og:image\" content=\"https:\/\/interamerica.org\/wp-content\/uploads\/2025\/03\/samueltelemaque-vividfaith-2-2025.jpg\" \/>\n\t<meta property=\"og:image:width\" content=\"1000\" \/>\n\t<meta property=\"og:image:height\" content=\"664\" \/>\n\t<meta property=\"og:image:type\" content=\"image\/jpeg\" \/>\n<meta name=\"author\" content=\"libna\" \/>\n<meta name=\"twitter:card\" content=\"summary_large_image\" \/>\n<meta name=\"twitter:label1\" content=\"Escrito por\" \/>\n\t<meta name=\"twitter:data1\" content=\"libna\" \/>\n\t<meta name=\"twitter:label2\" content=\"Tiempo de lectura\" \/>\n\t<meta name=\"twitter:data2\" content=\"9 minutos\" \/>\n<script type=\"application\/ld+json\" class=\"yoast-schema-graph\">{\"@context\":\"https:\\\/\\\/schema.org\",\"@graph\":[{\"@type\":\"Article\",\"@id\":\"https:\\\/\\\/interamerica.org\\\/es\\\/2025\\\/03\\\/la-iglesia-adventista-de-interamerica-lanza-vividfaith-para-fortalecer-el-servicio-misionero\\\/#article\",\"isPartOf\":{\"@id\":\"https:\\\/\\\/interamerica.org\\\/es\\\/2025\\\/03\\\/la-iglesia-adventista-de-interamerica-lanza-vividfaith-para-fortalecer-el-servicio-misionero\\\/\"},\"author\":{\"name\":\"libna\",\"@id\":\"https:\\\/\\\/interamerica.org\\\/es\\\/#\\\/schema\\\/person\\\/29998f2bc2d8bd0d38662909289b54f1\"},\"headline\":\"La Iglesia Adventista de Interam\u00e9rica lanza VividFaith para fortalecer el servicio misionero\",\"datePublished\":\"2025-03-03T01:47:02+00:00\",\"dateModified\":\"2025-03-04T17:21:31+00:00\",\"mainEntityOfPage\":{\"@id\":\"https:\\\/\\\/interamerica.org\\\/es\\\/2025\\\/03\\\/la-iglesia-adventista-de-interamerica-lanza-vividfaith-para-fortalecer-el-servicio-misionero\\\/\"},\"wordCount\":1789,\"image\":{\"@id\":\"https:\\\/\\\/interamerica.org\\\/es\\\/2025\\\/03\\\/la-iglesia-adventista-de-interamerica-lanza-vividfaith-para-fortalecer-el-servicio-misionero\\\/#primaryimage\"},\"thumbnailUrl\":\"https:\\\/\\\/interamerica.org\\\/wp-content\\\/uploads\\\/2025\\\/03\\\/samueltelemaque-vividfaith-2-2025.jpg\",\"articleSection\":[\"Desde la sede\",\"RSS Espa\u00f1ol\"],\"inLanguage\":\"es\"},{\"@type\":\"WebPage\",\"@id\":\"https:\\\/\\\/interamerica.org\\\/es\\\/2025\\\/03\\\/la-iglesia-adventista-de-interamerica-lanza-vividfaith-para-fortalecer-el-servicio-misionero\\\/\",\"url\":\"https:\\\/\\\/interamerica.org\\\/es\\\/2025\\\/03\\\/la-iglesia-adventista-de-interamerica-lanza-vividfaith-para-fortalecer-el-servicio-misionero\\\/\",\"name\":\"La Iglesia Adventista de Interam\u00e9rica lanza VividFaith para fortalecer el servicio misionero - Iglesia Adventista del S\u00e9ptimo D\u00eda - Divisi\u00f3n Interamericana\",\"isPartOf\":{\"@id\":\"https:\\\/\\\/interamerica.org\\\/es\\\/#website\"},\"primaryImageOfPage\":{\"@id\":\"https:\\\/\\\/interamerica.org\\\/es\\\/2025\\\/03\\\/la-iglesia-adventista-de-interamerica-lanza-vividfaith-para-fortalecer-el-servicio-misionero\\\/#primaryimage\"},\"image\":{\"@id\":\"https:\\\/\\\/interamerica.org\\\/es\\\/2025\\\/03\\\/la-iglesia-adventista-de-interamerica-lanza-vividfaith-para-fortalecer-el-servicio-misionero\\\/#primaryimage\"},\"thumbnailUrl\":\"https:\\\/\\\/interamerica.org\\\/wp-content\\\/uploads\\\/2025\\\/03\\\/samueltelemaque-vividfaith-2-2025.jpg\",\"datePublished\":\"2025-03-03T01:47:02+00:00\",\"dateModified\":\"2025-03-04T17:21:31+00:00\",\"author\":{\"@id\":\"https:\\\/\\\/interamerica.org\\\/es\\\/#\\\/schema\\\/person\\\/29998f2bc2d8bd0d38662909289b54f1\"},\"breadcrumb\":{\"@id\":\"https:\\\/\\\/interamerica.org\\\/es\\\/2025\\\/03\\\/la-iglesia-adventista-de-interamerica-lanza-vividfaith-para-fortalecer-el-servicio-misionero\\\/#breadcrumb\"},\"inLanguage\":\"es\",\"potentialAction\":[{\"@type\":\"ReadAction\",\"target\":[\"https:\\\/\\\/interamerica.org\\\/es\\\/2025\\\/03\\\/la-iglesia-adventista-de-interamerica-lanza-vividfaith-para-fortalecer-el-servicio-misionero\\\/\"]}]},{\"@type\":\"ImageObject\",\"inLanguage\":\"es\",\"@id\":\"https:\\\/\\\/interamerica.org\\\/es\\\/2025\\\/03\\\/la-iglesia-adventista-de-interamerica-lanza-vividfaith-para-fortalecer-el-servicio-misionero\\\/#primaryimage\",\"url\":\"https:\\\/\\\/interamerica.org\\\/wp-content\\\/uploads\\\/2025\\\/03\\\/samueltelemaque-vividfaith-2-2025.jpg\",\"contentUrl\":\"https:\\\/\\\/interamerica.org\\\/wp-content\\\/uploads\\\/2025\\\/03\\\/samueltelemaque-vividfaith-2-2025.jpg\",\"width\":1000,\"height\":664,\"caption\":\"[Photo: Keila Trejo\\\/IAD]\"},{\"@type\":\"BreadcrumbList\",\"@id\":\"https:\\\/\\\/interamerica.org\\\/es\\\/2025\\\/03\\\/la-iglesia-adventista-de-interamerica-lanza-vividfaith-para-fortalecer-el-servicio-misionero\\\/#breadcrumb\",\"itemListElement\":[{\"@type\":\"ListItem\",\"position\":1,\"name\":\"Home\",\"item\":\"https:\\\/\\\/interamerica.org\\\/es\\\/\"},{\"@type\":\"ListItem\",\"position\":2,\"name\":\"La Iglesia Adventista de Interam\u00e9rica lanza VividFaith para fortalecer el servicio misionero\"}]},{\"@type\":\"WebSite\",\"@id\":\"https:\\\/\\\/interamerica.org\\\/es\\\/#website\",\"url\":\"https:\\\/\\\/interamerica.org\\\/es\\\/\",\"name\":\"Iglesia Adventista del S\u00e9ptimo D\u00eda - Divisi\u00f3n Interamericana\",\"description\":\"\",\"potentialAction\":[{\"@type\":\"SearchAction\",\"target\":{\"@type\":\"EntryPoint\",\"urlTemplate\":\"https:\\\/\\\/interamerica.org\\\/es\\\/?s={search_term_string}\"},\"query-input\":{\"@type\":\"PropertyValueSpecification\",\"valueRequired\":true,\"valueName\":\"search_term_string\"}}],\"inLanguage\":\"es\"},{\"@type\":\"Person\",\"@id\":\"https:\\\/\\\/interamerica.org\\\/es\\\/#\\\/schema\\\/person\\\/29998f2bc2d8bd0d38662909289b54f1\",\"name\":\"libna\",\"image\":{\"@type\":\"ImageObject\",\"inLanguage\":\"es\",\"@id\":\"https:\\\/\\\/secure.gravatar.com\\\/avatar\\\/7c5bd30ae4b47a9ba3c856590957fd1d96dc588bf3ac05719d247e126840331f?s=96&d=mm&r=g\",\"url\":\"https:\\\/\\\/secure.gravatar.com\\\/avatar\\\/7c5bd30ae4b47a9ba3c856590957fd1d96dc588bf3ac05719d247e126840331f?s=96&d=mm&r=g\",\"contentUrl\":\"https:\\\/\\\/secure.gravatar.com\\\/avatar\\\/7c5bd30ae4b47a9ba3c856590957fd1d96dc588bf3ac05719d247e126840331f?s=96&d=mm&r=g\",\"caption\":\"libna\"}}]}<\/script>\n<!-- \/ Yoast SEO plugin. -->","yoast_head_json":{"title":"La Iglesia Adventista de Interam\u00e9rica lanza VividFaith para fortalecer el servicio misionero - Iglesia Adventista del S\u00e9ptimo D\u00eda - Divisi\u00f3n Interamericana","robots":{"index":"index","follow":"follow","max-snippet":"max-snippet:-1","max-image-preview":"max-image-preview:large","max-video-preview":"max-video-preview:-1"},"canonical":"https:\/\/interamerica.org\/es\/2025\/03\/la-iglesia-adventista-de-interamerica-lanza-vividfaith-para-fortalecer-el-servicio-misionero\/","og_locale":"es_ES","og_type":"article","og_title":"La Iglesia Adventista de Interam\u00e9rica lanza VividFaith para fortalecer el servicio misionero - Iglesia Adventista del S\u00e9ptimo D\u00eda - Divisi\u00f3n Interamericana","og_description":"Los l\u00edderes se interiorizan sobre una nueva plataforma para revitalizar las oportunidades misioneras en las 25 uniones de la DIA. Miami, Florida, Estados Unidos | 28 de febrero de 2025...","og_url":"https:\/\/interamerica.org\/es\/2025\/03\/la-iglesia-adventista-de-interamerica-lanza-vividfaith-para-fortalecer-el-servicio-misionero\/","og_site_name":"Iglesia Adventista del S\u00e9ptimo D\u00eda - Divisi\u00f3n Interamericana","article_published_time":"2025-03-03T01:47:02+00:00","article_modified_time":"2025-03-04T17:21:31+00:00","og_image":[{"width":1000,"height":664,"url":"https:\/\/interamerica.org\/wp-content\/uploads\/2025\/03\/samueltelemaque-vividfaith-2-2025.jpg","type":"image\/jpeg"}],"author":"libna","twitter_card":"summary_large_image","twitter_misc":{"Escrito por":"libna","Tiempo de lectura":"9 minutos"},"schema":{"@context":"https:\/\/schema.org","@graph":[{"@type":"Article","@id":"https:\/\/interamerica.org\/es\/2025\/03\/la-iglesia-adventista-de-interamerica-lanza-vividfaith-para-fortalecer-el-servicio-misionero\/#article","isPartOf":{"@id":"https:\/\/interamerica.org\/es\/2025\/03\/la-iglesia-adventista-de-interamerica-lanza-vividfaith-para-fortalecer-el-servicio-misionero\/"},"author":{"name":"libna","@id":"https:\/\/interamerica.org\/es\/#\/schema\/person\/29998f2bc2d8bd0d38662909289b54f1"},"headline":"La Iglesia Adventista de Interam\u00e9rica lanza VividFaith para fortalecer el servicio misionero","datePublished":"2025-03-03T01:47:02+00:00","dateModified":"2025-03-04T17:21:31+00:00","mainEntityOfPage":{"@id":"https:\/\/interamerica.org\/es\/2025\/03\/la-iglesia-adventista-de-interamerica-lanza-vividfaith-para-fortalecer-el-servicio-misionero\/"},"wordCount":1789,"image":{"@id":"https:\/\/interamerica.org\/es\/2025\/03\/la-iglesia-adventista-de-interamerica-lanza-vividfaith-para-fortalecer-el-servicio-misionero\/#primaryimage"},"thumbnailUrl":"https:\/\/interamerica.org\/wp-content\/uploads\/2025\/03\/samueltelemaque-vividfaith-2-2025.jpg","articleSection":["Desde la sede","RSS Espa\u00f1ol"],"inLanguage":"es"},{"@type":"WebPage","@id":"https:\/\/interamerica.org\/es\/2025\/03\/la-iglesia-adventista-de-interamerica-lanza-vividfaith-para-fortalecer-el-servicio-misionero\/","url":"https:\/\/interamerica.org\/es\/2025\/03\/la-iglesia-adventista-de-interamerica-lanza-vividfaith-para-fortalecer-el-servicio-misionero\/","name":"La Iglesia Adventista de Interam\u00e9rica lanza VividFaith para fortalecer el servicio misionero - Iglesia Adventista del S\u00e9ptimo D\u00eda - Divisi\u00f3n Interamericana","isPartOf":{"@id":"https:\/\/interamerica.org\/es\/#website"},"primaryImageOfPage":{"@id":"https:\/\/interamerica.org\/es\/2025\/03\/la-iglesia-adventista-de-interamerica-lanza-vividfaith-para-fortalecer-el-servicio-misionero\/#primaryimage"},"image":{"@id":"https:\/\/interamerica.org\/es\/2025\/03\/la-iglesia-adventista-de-interamerica-lanza-vividfaith-para-fortalecer-el-servicio-misionero\/#primaryimage"},"thumbnailUrl":"https:\/\/interamerica.org\/wp-content\/uploads\/2025\/03\/samueltelemaque-vividfaith-2-2025.jpg","datePublished":"2025-03-03T01:47:02+00:00","dateModified":"2025-03-04T17:21:31+00:00","author":{"@id":"https:\/\/interamerica.org\/es\/#\/schema\/person\/29998f2bc2d8bd0d38662909289b54f1"},"breadcrumb":{"@id":"https:\/\/interamerica.org\/es\/2025\/03\/la-iglesia-adventista-de-interamerica-lanza-vividfaith-para-fortalecer-el-servicio-misionero\/#breadcrumb"},"inLanguage":"es","potentialAction":[{"@type":"ReadAction","target":["https:\/\/interamerica.org\/es\/2025\/03\/la-iglesia-adventista-de-interamerica-lanza-vividfaith-para-fortalecer-el-servicio-misionero\/"]}]},{"@type":"ImageObject","inLanguage":"es","@id":"https:\/\/interamerica.org\/es\/2025\/03\/la-iglesia-adventista-de-interamerica-lanza-vividfaith-para-fortalecer-el-servicio-misionero\/#primaryimage","url":"https:\/\/interamerica.org\/wp-content\/uploads\/2025\/03\/samueltelemaque-vividfaith-2-2025.jpg","contentUrl":"https:\/\/interamerica.org\/wp-content\/uploads\/2025\/03\/samueltelemaque-vividfaith-2-2025.jpg","width":1000,"height":664,"caption":"[Photo: Keila Trejo\/IAD]"},{"@type":"BreadcrumbList","@id":"https:\/\/interamerica.org\/es\/2025\/03\/la-iglesia-adventista-de-interamerica-lanza-vividfaith-para-fortalecer-el-servicio-misionero\/#breadcrumb","itemListElement":[{"@type":"ListItem","position":1,"name":"Home","item":"https:\/\/interamerica.org\/es\/"},{"@type":"ListItem","position":2,"name":"La Iglesia Adventista de Interam\u00e9rica lanza VividFaith para fortalecer el servicio misionero"}]},{"@type":"WebSite","@id":"https:\/\/interamerica.org\/es\/#website","url":"https:\/\/interamerica.org\/es\/","name":"Iglesia Adventista del S\u00e9ptimo D\u00eda - Divisi\u00f3n Interamericana","description":"","potentialAction":[{"@type":"SearchAction","target":{"@type":"EntryPoint","urlTemplate":"https:\/\/interamerica.org\/es\/?s={search_term_string}"},"query-input":{"@type":"PropertyValueSpecification","valueRequired":true,"valueName":"search_term_string"}}],"inLanguage":"es"},{"@type":"Person","@id":"https:\/\/interamerica.org\/es\/#\/schema\/person\/29998f2bc2d8bd0d38662909289b54f1","name":"libna","image":{"@type":"ImageObject","inLanguage":"es","@id":"https:\/\/secure.gravatar.com\/avatar\/7c5bd30ae4b47a9ba3c856590957fd1d96dc588bf3ac05719d247e126840331f?s=96&d=mm&r=g","url":"https:\/\/secure.gravatar.com\/avatar\/7c5bd30ae4b47a9ba3c856590957fd1d96dc588bf3ac05719d247e126840331f?s=96&d=mm&r=g","contentUrl":"https:\/\/secure.gravatar.com\/avatar\/7c5bd30ae4b47a9ba3c856590957fd1d96dc588bf3ac05719d247e126840331f?s=96&d=mm&r=g","caption":"libna"}}]}},"_links":{"self":[{"href":"https:\/\/interamerica.org\/es\/wp-json\/wp\/v2\/posts\/125800","targetHints":{"allow":["GET"]}}],"collection":[{"href":"https:\/\/interamerica.org\/es\/wp-json\/wp\/v2\/posts"}],"about":[{"href":"https:\/\/interamerica.org\/es\/wp-json\/wp\/v2\/types\/post"}],"author":[{"embeddable":true,"href":"https:\/\/interamerica.org\/es\/wp-json\/wp\/v2\/users\/3"}],"replies":[{"embeddable":true,"href":"https:\/\/interamerica.org\/es\/wp-json\/wp\/v2\/comments?post=125800"}],"version-history":[{"count":0,"href":"https:\/\/interamerica.org\/es\/wp-json\/wp\/v2\/posts\/125800\/revisions"}],"wp:featuredmedia":[{"embeddable":true,"href":"https:\/\/interamerica.org\/es\/wp-json\/wp\/v2\/media\/125743"}],"wp:attachment":[{"href":"https:\/\/interamerica.org\/es\/wp-json\/wp\/v2\/media?parent=125800"}],"wp:term":[{"taxonomy":"category","embeddable":true,"href":"https:\/\/interamerica.org\/es\/wp-json\/wp\/v2\/categories?post=125800"},{"taxonomy":"post_tag","embeddable":true,"href":"https:\/\/interamerica.org\/es\/wp-json\/wp\/v2\/tags?post=125800"}],"curies":[{"name":"wp","href":"https:\/\/api.w.org\/{rel}","templated":true}]}}