{"id":125871,"date":"2025-03-07T08:34:25","date_gmt":"2025-03-07T13:34:25","guid":{"rendered":"https:\/\/interamerica.org\/?p=125871"},"modified":"2025-03-07T13:35:17","modified_gmt":"2025-03-07T18:35:17","slug":"quien-podra-mantenerse-en-pie","status":"publish","type":"post","link":"https:\/\/interamerica.org\/es\/2025\/03\/quien-podra-mantenerse-en-pie\/","title":{"rendered":"\u00bfQui\u00e9n podr\u00e1 mantenerse en pie?"},"content":{"rendered":"<p>7 de marzo del 2025 | Silver Spring, Maryland, Estados Unidos | Ted N.C. Wilson, Presidente de la Asociaci\u00f3n General de los Adventistas del S\u00e9ptimo D\u00eda<\/p>\n<p>\u00a1Saludos, amigos! En nuestro video anterior hablamos sobre c\u00f3mo ser\u00e1 cuando Jes\u00fas venga de nuevo. Nos centramos en la alegr\u00eda de los justos al ver a su Redentor venir en las nubes con miles y miles de \u00e1ngeles, tal como \u00c9l dijo que lo har\u00eda.<\/p>\n<p>Pero, \u00bfqu\u00e9 pasa con aquellos que no son salvos? \u00bfQu\u00e9 les suceder\u00e1? La respuesta se encuentra en Apocalipsis 6:15-17.<\/p>\n<p>Y los reyes de la tierra, los grandes hombres, los ricos, los comandantes, los poderosos, cada esclavo y cada hombre libre, se escondieron en las cuevas y en las rocas de los montes, y dijeron a los montes y a las rocas: \u2018\u00a1Caigan sobre nosotros y esc\u00f3ndannos de la cara de Aquel que est\u00e1 sentado en el trono y de la ira del Cordero! Porque ha llegado el gran d\u00eda de Su ira, y \u00bfqui\u00e9n podr\u00e1 mantenerse en pie?<\/p>\n<p>El d\u00eda que trae una alegr\u00eda inimaginable a los corazones de aquellos que han elegido seguir a Jes\u00fas ser\u00e1 un d\u00eda de terror abyecto para aquellos que han rechazado escuchar Su voz. En El conflicto de los siglos, Elena G. de White describe la terrible escena cuando los malvados reconocen la voz de Dios llamando a Sus santos dormidos de sus tumbas. Ella escribe:<\/p>\n<p>Cesaron las burlas. Callan los labios mentirosos. . . Conocen esa voz que penetra hasta el o\u00eddo de los muertos. \u00a1Cu\u00e1ntas veces sus tiernas y quejumbrosas modulaciones no los han llamado al arrepentimiento! \u00a1Cu\u00e1ntas veces no ha sido o\u00edda en las conmovedoras exhortaciones de un amigo, de un hermano, de un Redentor!<\/p>\n<p>Han o\u00eddo la voz del Salvador suplicando: \u201cVolveos, volveos de vuestros caminos malos, pues \u00bfpor qu\u00e9 morir\u00e9is?\u201d<\/p>\n<p>Esa voz, escribe Elena de White, despierta recuerdos que ellos desear\u00edan borrar\u2014advertencias despreciadas, invitaciones rechazadas, privilegios menospreciados.<\/p>\n<p>Y no solo los malvados vivos oir\u00e1n esa voz, sino que en esta resurrecci\u00f3n especial estar\u00e1n aquellos que se burlaron de Cristo durante Su juicio y mientras colgaba en la cruz. Leemos:<\/p>\n<p>Los que pusieron en rid\u00edculo su aserto de ser el Hijo de Dios enmudecen ahora. All\u00ed est\u00e1 el altivo Herodes que se burl\u00f3 de su t\u00edtulo real y mand\u00f3 a los soldados escarnecedores que le coronaran. . . . Los hombres que golpearon y escupieron al Pr\u00edncipe de la vida, tratan de evitar ahora su mirada penetrante. . . Los que atravesaron con clavos sus manos y sus pies, los soldados que le abrieron el costado, consideran esas se\u00f1ales con terror y remordimiento.<\/p>\n<p>Los sacerdotes y los escribas recuerdan los acontecimientos del Calvario con claridad aterradora. Llenos de horror recuerdan c\u00f3mo, moviendo sus cabezas con arrebato sat\u00e1nico, exclamaron: \u201cA otros salv\u00f3, a s\u00ed mismo no puede salvar\u201d.. . . Y entonces se levanta un grito de agon\u00eda mortal&#8230;estalla el clamor terrible y desesperado: \u201c\u00a1Es el Hijo de Dios! \u00a1Es el verdadero Mes\u00edas!\u201d<\/p>\n<p>Compara estos lamentos con el grito jubiloso de los salvados: \u201cHe aqu\u00ed, este es nuestro Dios; hemos esperado por \u00c9l, y \u00c9l nos salvar\u00e1!\u201d<\/p>\n<p>Oh, mis queridos amigos, en ese d\u00eda, habr\u00e1 solo dos grupos: los salvos y los perdidos. Aquellos que son salvos reclamaron la sangre del Cordero y decidieron, a trav\u00e9s de Su poder, seguir donde \u00c9l los llevara.<\/p>\n<p>Lamentablemente, los perdidos se han alejado repetidamente de esa voz suplicante, decididos a seguir su propio camino y rechazar al \u00fanico que puede salvarlos.<\/p>\n<p>Mis amigos, ahora es el d\u00eda de la salvaci\u00f3n. Si oyes Su voz, no te apartes. Di: \u201cS\u00ed, Se\u00f1or. Soy tuyo.\u201d \u201cToma mi coraz\u00f3n porque no puedo d\u00e1rtelo. . . Mantenlo puro, porque no puedo mantenerlo para Ti. S\u00e1lvame a pesar de m\u00ed mismo, de mi d\u00e9bil y poco cristiano yo. Moldeame, d\u00edmelo, lev\u00e1ntame en una atm\u00f3sfera pura y santa, donde la rica corriente de Tu amor pueda fluir a trav\u00e9s de mi alma.\u201d<\/p>\n<p>Amigos, oremos juntos en este momento.<\/p>\n<p>Padre celestial, gracias por proporcionar una voz constante, atray\u00e9ndonos y seduci\u00e9ndonos hacia la salvaci\u00f3n, llev\u00e1ndonos al pie de la cruz, llev\u00e1ndonos a Cristo, donde podemos encontrar gracia y salvaci\u00f3n. Gracias por el movimiento del Esp\u00edritu Santo en nuestros corazones para acercarnos m\u00e1s al Se\u00f1or y a la verdad completa. Ay\u00fadanos a nunca apartarnos. Porque un d\u00eda, Se\u00f1or, queremos estar contigo. Queremos estar contigo en la Ciudad Santa. Queremos estar contigo en el cielo y no afuera. Se\u00f1or, s\u00e1lvanos a trav\u00e9s de tu nombre en Jes\u00fas, Am\u00e9n.<\/p>\n<p><iframe title=\"El Conflicto de los Siglos cap.40: \u00bfQu\u00e9 pasar\u00e1 con los perdidos cuando Jes\u00fas regrese?\" width=\"500\" height=\"281\" src=\"https:\/\/www.youtube.com\/embed\/PUAZJtfkilY?feature=oembed\" frameborder=\"0\" allow=\"accelerometer; autoplay; clipboard-write; encrypted-media; gyroscope; picture-in-picture; web-share\" referrerpolicy=\"strict-origin-when-cross-origin\" allowfullscreen><\/iframe><\/p>\n","protected":false},"excerpt":{"rendered":"<p>7 de marzo del 2025 | Silver Spring, Maryland, Estados Unidos | Ted N.C. Wilson, Presidente de la Asociaci\u00f3n General de los Adventistas del S\u00e9ptimo D\u00eda \u00a1Saludos, amigos! En nuestro&#8230;<\/p>\n","protected":false},"author":3,"featured_media":125859,"comment_status":"closed","ping_status":"closed","sticky":false,"template":"","format":"standard","meta":{"_acf_changed":false,"footnotes":""},"categories":[14,15],"tags":[],"class_list":["post-125871","post","type-post","status-publish","format-standard","has-post-thumbnail","hentry","category-de-la-iglesia-mundial","category-rss-espanol"],"acf":[],"yoast_head":"<!-- This site is optimized with the Yoast SEO plugin v27.3 - https:\/\/yoast.com\/product\/yoast-seo-wordpress\/ -->\n<title>\u00bfQui\u00e9n podr\u00e1 mantenerse en pie? - Iglesia Adventista del S\u00e9ptimo D\u00eda - Divisi\u00f3n Interamericana<\/title>\n<meta name=\"robots\" content=\"index, follow, max-snippet:-1, max-image-preview:large, max-video-preview:-1\" \/>\n<link rel=\"canonical\" href=\"https:\/\/interamerica.org\/es\/2025\/03\/quien-podra-mantenerse-en-pie\/\" \/>\n<meta property=\"og:locale\" content=\"es_ES\" \/>\n<meta property=\"og:type\" content=\"article\" \/>\n<meta property=\"og:title\" content=\"\u00bfQui\u00e9n podr\u00e1 mantenerse en pie? - Iglesia Adventista del S\u00e9ptimo D\u00eda - Divisi\u00f3n Interamericana\" \/>\n<meta property=\"og:description\" content=\"7 de marzo del 2025 | Silver Spring, Maryland, Estados Unidos | Ted N.C. Wilson, Presidente de la Asociaci\u00f3n General de los Adventistas del S\u00e9ptimo D\u00eda \u00a1Saludos, amigos! En nuestro...\" \/>\n<meta property=\"og:url\" content=\"https:\/\/interamerica.org\/es\/2025\/03\/quien-podra-mantenerse-en-pie\/\" \/>\n<meta property=\"og:site_name\" content=\"Iglesia Adventista del S\u00e9ptimo D\u00eda - Divisi\u00f3n Interamericana\" \/>\n<meta property=\"article:published_time\" content=\"2025-03-07T13:34:25+00:00\" \/>\n<meta property=\"article:modified_time\" content=\"2025-03-07T18:35:17+00:00\" \/>\n<meta property=\"og:image\" content=\"https:\/\/interamerica.org\/wp-content\/uploads\/2025\/03\/who-will-be-able-to-stand-es.jpg\" \/>\n\t<meta property=\"og:image:width\" content=\"1441\" \/>\n\t<meta property=\"og:image:height\" content=\"810\" \/>\n\t<meta property=\"og:image:type\" content=\"image\/jpeg\" \/>\n<meta name=\"author\" content=\"libna\" \/>\n<meta name=\"twitter:card\" content=\"summary_large_image\" \/>\n<meta name=\"twitter:label1\" content=\"Escrito por\" \/>\n\t<meta name=\"twitter:data1\" content=\"libna\" \/>\n\t<meta name=\"twitter:label2\" content=\"Tiempo de lectura\" \/>\n\t<meta name=\"twitter:data2\" content=\"4 minutos\" \/>\n<script type=\"application\/ld+json\" class=\"yoast-schema-graph\">{\"@context\":\"https:\\\/\\\/schema.org\",\"@graph\":[{\"@type\":\"Article\",\"@id\":\"https:\\\/\\\/interamerica.org\\\/es\\\/2025\\\/03\\\/quien-podra-mantenerse-en-pie\\\/#article\",\"isPartOf\":{\"@id\":\"https:\\\/\\\/interamerica.org\\\/es\\\/2025\\\/03\\\/quien-podra-mantenerse-en-pie\\\/\"},\"author\":{\"name\":\"libna\",\"@id\":\"https:\\\/\\\/interamerica.org\\\/es\\\/#\\\/schema\\\/person\\\/29998f2bc2d8bd0d38662909289b54f1\"},\"headline\":\"\u00bfQui\u00e9n podr\u00e1 mantenerse en pie?\",\"datePublished\":\"2025-03-07T13:34:25+00:00\",\"dateModified\":\"2025-03-07T18:35:17+00:00\",\"mainEntityOfPage\":{\"@id\":\"https:\\\/\\\/interamerica.org\\\/es\\\/2025\\\/03\\\/quien-podra-mantenerse-en-pie\\\/\"},\"wordCount\":807,\"image\":{\"@id\":\"https:\\\/\\\/interamerica.org\\\/es\\\/2025\\\/03\\\/quien-podra-mantenerse-en-pie\\\/#primaryimage\"},\"thumbnailUrl\":\"https:\\\/\\\/interamerica.org\\\/wp-content\\\/uploads\\\/2025\\\/03\\\/who-will-be-able-to-stand-es.jpg\",\"articleSection\":[\"Desde la iglesia mundial\",\"RSS Espa\u00f1ol\"],\"inLanguage\":\"es\"},{\"@type\":\"WebPage\",\"@id\":\"https:\\\/\\\/interamerica.org\\\/es\\\/2025\\\/03\\\/quien-podra-mantenerse-en-pie\\\/\",\"url\":\"https:\\\/\\\/interamerica.org\\\/es\\\/2025\\\/03\\\/quien-podra-mantenerse-en-pie\\\/\",\"name\":\"\u00bfQui\u00e9n podr\u00e1 mantenerse en pie? - Iglesia Adventista del S\u00e9ptimo D\u00eda - Divisi\u00f3n Interamericana\",\"isPartOf\":{\"@id\":\"https:\\\/\\\/interamerica.org\\\/es\\\/#website\"},\"primaryImageOfPage\":{\"@id\":\"https:\\\/\\\/interamerica.org\\\/es\\\/2025\\\/03\\\/quien-podra-mantenerse-en-pie\\\/#primaryimage\"},\"image\":{\"@id\":\"https:\\\/\\\/interamerica.org\\\/es\\\/2025\\\/03\\\/quien-podra-mantenerse-en-pie\\\/#primaryimage\"},\"thumbnailUrl\":\"https:\\\/\\\/interamerica.org\\\/wp-content\\\/uploads\\\/2025\\\/03\\\/who-will-be-able-to-stand-es.jpg\",\"datePublished\":\"2025-03-07T13:34:25+00:00\",\"dateModified\":\"2025-03-07T18:35:17+00:00\",\"author\":{\"@id\":\"https:\\\/\\\/interamerica.org\\\/es\\\/#\\\/schema\\\/person\\\/29998f2bc2d8bd0d38662909289b54f1\"},\"breadcrumb\":{\"@id\":\"https:\\\/\\\/interamerica.org\\\/es\\\/2025\\\/03\\\/quien-podra-mantenerse-en-pie\\\/#breadcrumb\"},\"inLanguage\":\"es\",\"potentialAction\":[{\"@type\":\"ReadAction\",\"target\":[\"https:\\\/\\\/interamerica.org\\\/es\\\/2025\\\/03\\\/quien-podra-mantenerse-en-pie\\\/\"]}]},{\"@type\":\"ImageObject\",\"inLanguage\":\"es\",\"@id\":\"https:\\\/\\\/interamerica.org\\\/es\\\/2025\\\/03\\\/quien-podra-mantenerse-en-pie\\\/#primaryimage\",\"url\":\"https:\\\/\\\/interamerica.org\\\/wp-content\\\/uploads\\\/2025\\\/03\\\/who-will-be-able-to-stand-es.jpg\",\"contentUrl\":\"https:\\\/\\\/interamerica.org\\\/wp-content\\\/uploads\\\/2025\\\/03\\\/who-will-be-able-to-stand-es.jpg\",\"width\":1441,\"height\":810},{\"@type\":\"BreadcrumbList\",\"@id\":\"https:\\\/\\\/interamerica.org\\\/es\\\/2025\\\/03\\\/quien-podra-mantenerse-en-pie\\\/#breadcrumb\",\"itemListElement\":[{\"@type\":\"ListItem\",\"position\":1,\"name\":\"Home\",\"item\":\"https:\\\/\\\/interamerica.org\\\/es\\\/\"},{\"@type\":\"ListItem\",\"position\":2,\"name\":\"\u00bfQui\u00e9n podr\u00e1 mantenerse en pie?\"}]},{\"@type\":\"WebSite\",\"@id\":\"https:\\\/\\\/interamerica.org\\\/es\\\/#website\",\"url\":\"https:\\\/\\\/interamerica.org\\\/es\\\/\",\"name\":\"Iglesia Adventista del S\u00e9ptimo D\u00eda - Divisi\u00f3n Interamericana\",\"description\":\"\",\"potentialAction\":[{\"@type\":\"SearchAction\",\"target\":{\"@type\":\"EntryPoint\",\"urlTemplate\":\"https:\\\/\\\/interamerica.org\\\/es\\\/?s={search_term_string}\"},\"query-input\":{\"@type\":\"PropertyValueSpecification\",\"valueRequired\":true,\"valueName\":\"search_term_string\"}}],\"inLanguage\":\"es\"},{\"@type\":\"Person\",\"@id\":\"https:\\\/\\\/interamerica.org\\\/es\\\/#\\\/schema\\\/person\\\/29998f2bc2d8bd0d38662909289b54f1\",\"name\":\"libna\",\"image\":{\"@type\":\"ImageObject\",\"inLanguage\":\"es\",\"@id\":\"https:\\\/\\\/secure.gravatar.com\\\/avatar\\\/7c5bd30ae4b47a9ba3c856590957fd1d96dc588bf3ac05719d247e126840331f?s=96&d=mm&r=g\",\"url\":\"https:\\\/\\\/secure.gravatar.com\\\/avatar\\\/7c5bd30ae4b47a9ba3c856590957fd1d96dc588bf3ac05719d247e126840331f?s=96&d=mm&r=g\",\"contentUrl\":\"https:\\\/\\\/secure.gravatar.com\\\/avatar\\\/7c5bd30ae4b47a9ba3c856590957fd1d96dc588bf3ac05719d247e126840331f?s=96&d=mm&r=g\",\"caption\":\"libna\"}}]}<\/script>\n<!-- \/ Yoast SEO plugin. -->","yoast_head_json":{"title":"\u00bfQui\u00e9n podr\u00e1 mantenerse en pie? - Iglesia Adventista del S\u00e9ptimo D\u00eda - Divisi\u00f3n Interamericana","robots":{"index":"index","follow":"follow","max-snippet":"max-snippet:-1","max-image-preview":"max-image-preview:large","max-video-preview":"max-video-preview:-1"},"canonical":"https:\/\/interamerica.org\/es\/2025\/03\/quien-podra-mantenerse-en-pie\/","og_locale":"es_ES","og_type":"article","og_title":"\u00bfQui\u00e9n podr\u00e1 mantenerse en pie? - Iglesia Adventista del S\u00e9ptimo D\u00eda - Divisi\u00f3n Interamericana","og_description":"7 de marzo del 2025 | Silver Spring, Maryland, Estados Unidos | Ted N.C. Wilson, Presidente de la Asociaci\u00f3n General de los Adventistas del S\u00e9ptimo D\u00eda \u00a1Saludos, amigos! En nuestro...","og_url":"https:\/\/interamerica.org\/es\/2025\/03\/quien-podra-mantenerse-en-pie\/","og_site_name":"Iglesia Adventista del S\u00e9ptimo D\u00eda - Divisi\u00f3n Interamericana","article_published_time":"2025-03-07T13:34:25+00:00","article_modified_time":"2025-03-07T18:35:17+00:00","og_image":[{"width":1441,"height":810,"url":"https:\/\/interamerica.org\/wp-content\/uploads\/2025\/03\/who-will-be-able-to-stand-es.jpg","type":"image\/jpeg"}],"author":"libna","twitter_card":"summary_large_image","twitter_misc":{"Escrito por":"libna","Tiempo de lectura":"4 minutos"},"schema":{"@context":"https:\/\/schema.org","@graph":[{"@type":"Article","@id":"https:\/\/interamerica.org\/es\/2025\/03\/quien-podra-mantenerse-en-pie\/#article","isPartOf":{"@id":"https:\/\/interamerica.org\/es\/2025\/03\/quien-podra-mantenerse-en-pie\/"},"author":{"name":"libna","@id":"https:\/\/interamerica.org\/es\/#\/schema\/person\/29998f2bc2d8bd0d38662909289b54f1"},"headline":"\u00bfQui\u00e9n podr\u00e1 mantenerse en pie?","datePublished":"2025-03-07T13:34:25+00:00","dateModified":"2025-03-07T18:35:17+00:00","mainEntityOfPage":{"@id":"https:\/\/interamerica.org\/es\/2025\/03\/quien-podra-mantenerse-en-pie\/"},"wordCount":807,"image":{"@id":"https:\/\/interamerica.org\/es\/2025\/03\/quien-podra-mantenerse-en-pie\/#primaryimage"},"thumbnailUrl":"https:\/\/interamerica.org\/wp-content\/uploads\/2025\/03\/who-will-be-able-to-stand-es.jpg","articleSection":["Desde la iglesia mundial","RSS Espa\u00f1ol"],"inLanguage":"es"},{"@type":"WebPage","@id":"https:\/\/interamerica.org\/es\/2025\/03\/quien-podra-mantenerse-en-pie\/","url":"https:\/\/interamerica.org\/es\/2025\/03\/quien-podra-mantenerse-en-pie\/","name":"\u00bfQui\u00e9n podr\u00e1 mantenerse en pie? - Iglesia Adventista del S\u00e9ptimo D\u00eda - Divisi\u00f3n Interamericana","isPartOf":{"@id":"https:\/\/interamerica.org\/es\/#website"},"primaryImageOfPage":{"@id":"https:\/\/interamerica.org\/es\/2025\/03\/quien-podra-mantenerse-en-pie\/#primaryimage"},"image":{"@id":"https:\/\/interamerica.org\/es\/2025\/03\/quien-podra-mantenerse-en-pie\/#primaryimage"},"thumbnailUrl":"https:\/\/interamerica.org\/wp-content\/uploads\/2025\/03\/who-will-be-able-to-stand-es.jpg","datePublished":"2025-03-07T13:34:25+00:00","dateModified":"2025-03-07T18:35:17+00:00","author":{"@id":"https:\/\/interamerica.org\/es\/#\/schema\/person\/29998f2bc2d8bd0d38662909289b54f1"},"breadcrumb":{"@id":"https:\/\/interamerica.org\/es\/2025\/03\/quien-podra-mantenerse-en-pie\/#breadcrumb"},"inLanguage":"es","potentialAction":[{"@type":"ReadAction","target":["https:\/\/interamerica.org\/es\/2025\/03\/quien-podra-mantenerse-en-pie\/"]}]},{"@type":"ImageObject","inLanguage":"es","@id":"https:\/\/interamerica.org\/es\/2025\/03\/quien-podra-mantenerse-en-pie\/#primaryimage","url":"https:\/\/interamerica.org\/wp-content\/uploads\/2025\/03\/who-will-be-able-to-stand-es.jpg","contentUrl":"https:\/\/interamerica.org\/wp-content\/uploads\/2025\/03\/who-will-be-able-to-stand-es.jpg","width":1441,"height":810},{"@type":"BreadcrumbList","@id":"https:\/\/interamerica.org\/es\/2025\/03\/quien-podra-mantenerse-en-pie\/#breadcrumb","itemListElement":[{"@type":"ListItem","position":1,"name":"Home","item":"https:\/\/interamerica.org\/es\/"},{"@type":"ListItem","position":2,"name":"\u00bfQui\u00e9n podr\u00e1 mantenerse en pie?"}]},{"@type":"WebSite","@id":"https:\/\/interamerica.org\/es\/#website","url":"https:\/\/interamerica.org\/es\/","name":"Iglesia Adventista del S\u00e9ptimo D\u00eda - Divisi\u00f3n Interamericana","description":"","potentialAction":[{"@type":"SearchAction","target":{"@type":"EntryPoint","urlTemplate":"https:\/\/interamerica.org\/es\/?s={search_term_string}"},"query-input":{"@type":"PropertyValueSpecification","valueRequired":true,"valueName":"search_term_string"}}],"inLanguage":"es"},{"@type":"Person","@id":"https:\/\/interamerica.org\/es\/#\/schema\/person\/29998f2bc2d8bd0d38662909289b54f1","name":"libna","image":{"@type":"ImageObject","inLanguage":"es","@id":"https:\/\/secure.gravatar.com\/avatar\/7c5bd30ae4b47a9ba3c856590957fd1d96dc588bf3ac05719d247e126840331f?s=96&d=mm&r=g","url":"https:\/\/secure.gravatar.com\/avatar\/7c5bd30ae4b47a9ba3c856590957fd1d96dc588bf3ac05719d247e126840331f?s=96&d=mm&r=g","contentUrl":"https:\/\/secure.gravatar.com\/avatar\/7c5bd30ae4b47a9ba3c856590957fd1d96dc588bf3ac05719d247e126840331f?s=96&d=mm&r=g","caption":"libna"}}]}},"_links":{"self":[{"href":"https:\/\/interamerica.org\/es\/wp-json\/wp\/v2\/posts\/125871","targetHints":{"allow":["GET"]}}],"collection":[{"href":"https:\/\/interamerica.org\/es\/wp-json\/wp\/v2\/posts"}],"about":[{"href":"https:\/\/interamerica.org\/es\/wp-json\/wp\/v2\/types\/post"}],"author":[{"embeddable":true,"href":"https:\/\/interamerica.org\/es\/wp-json\/wp\/v2\/users\/3"}],"replies":[{"embeddable":true,"href":"https:\/\/interamerica.org\/es\/wp-json\/wp\/v2\/comments?post=125871"}],"version-history":[{"count":0,"href":"https:\/\/interamerica.org\/es\/wp-json\/wp\/v2\/posts\/125871\/revisions"}],"wp:featuredmedia":[{"embeddable":true,"href":"https:\/\/interamerica.org\/es\/wp-json\/wp\/v2\/media\/125859"}],"wp:attachment":[{"href":"https:\/\/interamerica.org\/es\/wp-json\/wp\/v2\/media?parent=125871"}],"wp:term":[{"taxonomy":"category","embeddable":true,"href":"https:\/\/interamerica.org\/es\/wp-json\/wp\/v2\/categories?post=125871"},{"taxonomy":"post_tag","embeddable":true,"href":"https:\/\/interamerica.org\/es\/wp-json\/wp\/v2\/tags?post=125871"}],"curies":[{"name":"wp","href":"https:\/\/api.w.org\/{rel}","templated":true}]}}