{"id":125994,"date":"2025-03-09T09:00:18","date_gmt":"2025-03-09T13:00:18","guid":{"rendered":"https:\/\/interamerica.org\/?p=125994"},"modified":"2025-03-10T09:39:06","modified_gmt":"2025-03-10T13:39:06","slug":"jovenes-adventistas-son-instados-a-transformar-sus-comunidades-en-el-dia-mundial-de-la-juventud-el-15-de-marzo","status":"publish","type":"post","link":"https:\/\/interamerica.org\/es\/2025\/03\/jovenes-adventistas-son-instados-a-transformar-sus-comunidades-en-el-dia-mundial-de-la-juventud-el-15-de-marzo\/","title":{"rendered":"J\u00f3venes adventistas son instados a transformar sus comunidades en el D\u00eda Mundial de la Juventud el 15 de marzo"},"content":{"rendered":"<p><em>El 15 de marzo, miles de j\u00f3venes prestar\u00e1n servicios y esparcir\u00e1n el amor de Cristo por medio de la obra comunitaria<\/em><\/p>\n<p data-start=\"168\" data-end=\"263\">9 de marzo de 2025 | Miami, Florida, Estados Unidos | Libna Stevens, Noticias de la Divisi\u00f3n Interamericana<\/p>\n<p data-start=\"265\" data-end=\"448\">Miles de j\u00f3venes adventistas de todo el mundo participar\u00e1n en proyectos de servicio en sus comunidades el pr\u00f3ximo 15 de marzo de 2025, como parte del D\u00eda Mundial de la Juventud (GYD) de este a\u00f1o.<\/p>\n<p data-start=\"450\" data-end=\"714\">La iniciativa anual, dirigida por el departamento de ministerios juveniles de la Asociaci\u00f3n General de los Adventistas del S\u00e9ptimo D\u00eda, inspira a los j\u00f3venes para que dejen de lado lo que resulta m\u00e1s c\u00f3modo y los llaman a \u201cser el serm\u00f3n\u201d, demostrando el amor de Jes\u00fas mediante actos de bondad dondequiera que vayan.<\/p>\n<p data-start=\"716\" data-end=\"1094\">El tema del GYD de este a\u00f1o es \u201cACT\u00daA: Una comunidad transformada\u201d, es un llamado a la acci\u00f3n que va m\u00e1s all\u00e1 de un simple eslogan. Seg\u00fan los l\u00edderes de ministerios juveniles de la Asociaci\u00f3n General, el tema representa la respuesta de la iglesia a la Gran Comisi\u00f3n de Dios, que enfatiza que el Se\u00f1or \u201cno quiere que ninguno perezca sino que todos procedan al arrepentimiento\u201d (2 Pedro 3:9)<\/p>\n<p data-start=\"1096\" data-end=\"1321\">\u201cLos j\u00f3venes de Interam\u00e9rica est\u00e1n entusiasmados de realizar un impacto significativo en sus comunidades y ciudades con prop\u00f3sito y entusiasmo\u201d, dijo el pastor Al Powell, director de ministerios juveniles de la Divisi\u00f3n Interamericana (DIA).<\/p>\n<p data-start=\"1096\" data-end=\"1321\"><img fetchpriority=\"high\" decoding=\"async\" class=\"aligncenter wp-image-124982\" src=\"https:\/\/interamerica.org\/wp-content\/uploads\/2025\/01\/retos-1.png\" alt=\"\" width=\"872\" height=\"731\" srcset=\"https:\/\/interamerica.org\/wp-content\/uploads\/2025\/01\/retos-1.png 940w, https:\/\/interamerica.org\/wp-content\/uploads\/2025\/01\/retos-1-300x251.png 300w, https:\/\/interamerica.org\/wp-content\/uploads\/2025\/01\/retos-1-768x644.png 768w\" sizes=\"(max-width: 872px) 100vw, 872px\" \/><\/p>\n<p>Las actividades del D\u00eda Mundial de la Juventud planificadas en las 25 uniones, o regiones eclesi\u00e1sticas, de la Divisi\u00f3n Interamericana, incluir\u00e1n alimentar y orar por las personas en hogares, ciudades y comunidades rurales; la limpieza y el acondicionamiento de parques; compartir mensajes de esperanza en las redes sociales y mensajes de texto grupales; visitar a los enfermos en hospitales, orfanatos y hogares de ancianos; tender la mano a los que est\u00e1n en prisi\u00f3n; y reconectarse con antiguos miembros de iglesia; entre otras actividades, explic\u00f3 Powell.<\/p>\n<p data-start=\"1762\" data-end=\"2006\">La Jornada Mundial de la Juventud tambi\u00e9n marca el inicio de la Semana de Oraci\u00f3n de la Juventud en m\u00e1s de 24 mil iglesias y congregaciones de la Divisi\u00f3n Interamericana. Durante esta semana, los j\u00f3venes tendr\u00e1n la oportunidad de predicar activamente desde p\u00falpitos y liderar ministerios de grupos peque\u00f1os, a\u00f1adi\u00f3 Powell.<\/p>\n<p data-start=\"318\" data-end=\"738\">\u201cEstamos encantados de que, una vez m\u00e1s, nuestros j\u00f3venes tengan la oportunidad de marcar una diferencia significativa en sus propias vidas y en las vidas de los dem\u00e1s\u201d, dijo Powell. \u201cEs su momento de ir y transformar a nuestras comunidades con el amor de Jes\u00fas\u201d. En un mensaje de video dirigido a los j\u00f3venes y publicado en las redes sociales, Powell los anim\u00f3 dici\u00e9ndoles: \u201cEncuentren a sus amigos, traigan toda su energ\u00eda y \u00fananse a nosotros este pr\u00f3ximo 15 de marzo. Trabajemos juntos para marcar una diferencia real\u201d.<\/p>\n<p>El D\u00eda Mundial de la Juventud, que fue lanzado en 2013, tiene por objetivo reafirmar a la juventud adventista como movimiento global movilizado para el servicio, que contribuye a la proclamaci\u00f3n del evangelio eterno y prepara al mundo para la segunda venida de Cristo.<\/p>\n<p>Para conocer el GYD de este a\u00f1o as\u00ed como tambi\u00e9n recursos para la Semana de Oraci\u00f3n Joven en ingl\u00e9s, espa\u00f1ol y franc\u00e9s, ingrese <a href=\"https:\/\/interamerica.org\/department\/youth-ministries\/\">AQU\u00cd<\/a><\/p>\n<p>Para la p\u00e1gina web de GYD, ingresa <a href=\"https:\/\/www.gcyouthministries.org\/events-and-projects\/global-youth-day-gyd\/\">AQU\u00cd<\/a><\/p>\n<p>Usa la etiqueta: #GYD25<\/p>\n<p>Traducci\u00f3n de Marcos Paseggi<\/p>\n<p><iframe title=\"\ud83c\uddea\ud83c\uddf8 GYD 2025 | ACT: Una Comunidad Transformada \ud83c\udf0d\ud83d\udd25 #GYD25\" width=\"500\" height=\"281\" src=\"https:\/\/www.youtube.com\/embed\/EQulxONLn8U?feature=oembed\" frameborder=\"0\" allow=\"accelerometer; autoplay; clipboard-write; encrypted-media; gyroscope; picture-in-picture; web-share\" referrerpolicy=\"strict-origin-when-cross-origin\" allowfullscreen><\/iframe><\/p>\n","protected":false},"excerpt":{"rendered":"<p>El 15 de marzo, miles de j\u00f3venes prestar\u00e1n servicios y esparcir\u00e1n el amor de Cristo por medio de la obra comunitaria 9 de marzo de 2025 | Miami, Florida, Estados&#8230;<\/p>\n","protected":false},"author":3,"featured_media":124968,"comment_status":"closed","ping_status":"closed","sticky":false,"template":"","format":"standard","meta":{"_acf_changed":false,"footnotes":""},"categories":[16,15],"tags":[],"class_list":["post-125994","post","type-post","status-publish","format-standard","has-post-thumbnail","hentry","category-desde-la-sede","category-rss-espanol"],"acf":[],"yoast_head":"<!-- This site is optimized with the Yoast SEO plugin v27.3 - https:\/\/yoast.com\/product\/yoast-seo-wordpress\/ -->\n<title>J\u00f3venes adventistas son instados a transformar sus comunidades en el D\u00eda Mundial de la Juventud el 15 de marzo - Iglesia Adventista del S\u00e9ptimo D\u00eda - Divisi\u00f3n Interamericana<\/title>\n<meta name=\"robots\" content=\"index, follow, max-snippet:-1, max-image-preview:large, max-video-preview:-1\" \/>\n<link rel=\"canonical\" href=\"https:\/\/interamerica.org\/es\/2025\/03\/jovenes-adventistas-son-instados-a-transformar-sus-comunidades-en-el-dia-mundial-de-la-juventud-el-15-de-marzo\/\" \/>\n<meta property=\"og:locale\" content=\"es_ES\" \/>\n<meta property=\"og:type\" content=\"article\" \/>\n<meta property=\"og:title\" content=\"J\u00f3venes adventistas son instados a transformar sus comunidades en el D\u00eda Mundial de la Juventud el 15 de marzo - Iglesia Adventista del S\u00e9ptimo D\u00eda - Divisi\u00f3n Interamericana\" \/>\n<meta property=\"og:description\" content=\"El 15 de marzo, miles de j\u00f3venes prestar\u00e1n servicios y esparcir\u00e1n el amor de Cristo por medio de la obra comunitaria 9 de marzo de 2025 | Miami, Florida, Estados...\" \/>\n<meta property=\"og:url\" content=\"https:\/\/interamerica.org\/es\/2025\/03\/jovenes-adventistas-son-instados-a-transformar-sus-comunidades-en-el-dia-mundial-de-la-juventud-el-15-de-marzo\/\" \/>\n<meta property=\"og:site_name\" content=\"Iglesia Adventista del S\u00e9ptimo D\u00eda - Divisi\u00f3n Interamericana\" \/>\n<meta property=\"article:published_time\" content=\"2025-03-09T13:00:18+00:00\" \/>\n<meta property=\"article:modified_time\" content=\"2025-03-10T13:39:06+00:00\" \/>\n<meta property=\"og:image\" content=\"https:\/\/interamerica.org\/wp-content\/uploads\/2025\/02\/gyd-portada.jpg\" \/>\n\t<meta property=\"og:image:width\" content=\"1280\" \/>\n\t<meta property=\"og:image:height\" content=\"800\" \/>\n\t<meta property=\"og:image:type\" content=\"image\/jpeg\" \/>\n<meta name=\"author\" content=\"libna\" \/>\n<meta name=\"twitter:card\" content=\"summary_large_image\" \/>\n<meta name=\"twitter:label1\" content=\"Escrito por\" \/>\n\t<meta name=\"twitter:data1\" content=\"libna\" \/>\n\t<meta name=\"twitter:label2\" content=\"Tiempo de lectura\" \/>\n\t<meta name=\"twitter:data2\" content=\"3 minutos\" \/>\n<script type=\"application\/ld+json\" class=\"yoast-schema-graph\">{\"@context\":\"https:\\\/\\\/schema.org\",\"@graph\":[{\"@type\":\"Article\",\"@id\":\"https:\\\/\\\/interamerica.org\\\/es\\\/2025\\\/03\\\/jovenes-adventistas-son-instados-a-transformar-sus-comunidades-en-el-dia-mundial-de-la-juventud-el-15-de-marzo\\\/#article\",\"isPartOf\":{\"@id\":\"https:\\\/\\\/interamerica.org\\\/es\\\/2025\\\/03\\\/jovenes-adventistas-son-instados-a-transformar-sus-comunidades-en-el-dia-mundial-de-la-juventud-el-15-de-marzo\\\/\"},\"author\":{\"name\":\"libna\",\"@id\":\"https:\\\/\\\/interamerica.org\\\/es\\\/#\\\/schema\\\/person\\\/29998f2bc2d8bd0d38662909289b54f1\"},\"headline\":\"J\u00f3venes adventistas son instados a transformar sus comunidades en el D\u00eda Mundial de la Juventud el 15 de marzo\",\"datePublished\":\"2025-03-09T13:00:18+00:00\",\"dateModified\":\"2025-03-10T13:39:06+00:00\",\"mainEntityOfPage\":{\"@id\":\"https:\\\/\\\/interamerica.org\\\/es\\\/2025\\\/03\\\/jovenes-adventistas-son-instados-a-transformar-sus-comunidades-en-el-dia-mundial-de-la-juventud-el-15-de-marzo\\\/\"},\"wordCount\":617,\"image\":{\"@id\":\"https:\\\/\\\/interamerica.org\\\/es\\\/2025\\\/03\\\/jovenes-adventistas-son-instados-a-transformar-sus-comunidades-en-el-dia-mundial-de-la-juventud-el-15-de-marzo\\\/#primaryimage\"},\"thumbnailUrl\":\"https:\\\/\\\/interamerica.org\\\/wp-content\\\/uploads\\\/2025\\\/02\\\/gyd-portada.jpg\",\"articleSection\":[\"Desde la sede\",\"RSS Espa\u00f1ol\"],\"inLanguage\":\"es\"},{\"@type\":\"WebPage\",\"@id\":\"https:\\\/\\\/interamerica.org\\\/es\\\/2025\\\/03\\\/jovenes-adventistas-son-instados-a-transformar-sus-comunidades-en-el-dia-mundial-de-la-juventud-el-15-de-marzo\\\/\",\"url\":\"https:\\\/\\\/interamerica.org\\\/es\\\/2025\\\/03\\\/jovenes-adventistas-son-instados-a-transformar-sus-comunidades-en-el-dia-mundial-de-la-juventud-el-15-de-marzo\\\/\",\"name\":\"J\u00f3venes adventistas son instados a transformar sus comunidades en el D\u00eda Mundial de la Juventud el 15 de marzo - Iglesia Adventista del S\u00e9ptimo D\u00eda - Divisi\u00f3n Interamericana\",\"isPartOf\":{\"@id\":\"https:\\\/\\\/interamerica.org\\\/es\\\/#website\"},\"primaryImageOfPage\":{\"@id\":\"https:\\\/\\\/interamerica.org\\\/es\\\/2025\\\/03\\\/jovenes-adventistas-son-instados-a-transformar-sus-comunidades-en-el-dia-mundial-de-la-juventud-el-15-de-marzo\\\/#primaryimage\"},\"image\":{\"@id\":\"https:\\\/\\\/interamerica.org\\\/es\\\/2025\\\/03\\\/jovenes-adventistas-son-instados-a-transformar-sus-comunidades-en-el-dia-mundial-de-la-juventud-el-15-de-marzo\\\/#primaryimage\"},\"thumbnailUrl\":\"https:\\\/\\\/interamerica.org\\\/wp-content\\\/uploads\\\/2025\\\/02\\\/gyd-portada.jpg\",\"datePublished\":\"2025-03-09T13:00:18+00:00\",\"dateModified\":\"2025-03-10T13:39:06+00:00\",\"author\":{\"@id\":\"https:\\\/\\\/interamerica.org\\\/es\\\/#\\\/schema\\\/person\\\/29998f2bc2d8bd0d38662909289b54f1\"},\"breadcrumb\":{\"@id\":\"https:\\\/\\\/interamerica.org\\\/es\\\/2025\\\/03\\\/jovenes-adventistas-son-instados-a-transformar-sus-comunidades-en-el-dia-mundial-de-la-juventud-el-15-de-marzo\\\/#breadcrumb\"},\"inLanguage\":\"es\",\"potentialAction\":[{\"@type\":\"ReadAction\",\"target\":[\"https:\\\/\\\/interamerica.org\\\/es\\\/2025\\\/03\\\/jovenes-adventistas-son-instados-a-transformar-sus-comunidades-en-el-dia-mundial-de-la-juventud-el-15-de-marzo\\\/\"]}]},{\"@type\":\"ImageObject\",\"inLanguage\":\"es\",\"@id\":\"https:\\\/\\\/interamerica.org\\\/es\\\/2025\\\/03\\\/jovenes-adventistas-son-instados-a-transformar-sus-comunidades-en-el-dia-mundial-de-la-juventud-el-15-de-marzo\\\/#primaryimage\",\"url\":\"https:\\\/\\\/interamerica.org\\\/wp-content\\\/uploads\\\/2025\\\/02\\\/gyd-portada.jpg\",\"contentUrl\":\"https:\\\/\\\/interamerica.org\\\/wp-content\\\/uploads\\\/2025\\\/02\\\/gyd-portada.jpg\",\"width\":1280,\"height\":800},{\"@type\":\"BreadcrumbList\",\"@id\":\"https:\\\/\\\/interamerica.org\\\/es\\\/2025\\\/03\\\/jovenes-adventistas-son-instados-a-transformar-sus-comunidades-en-el-dia-mundial-de-la-juventud-el-15-de-marzo\\\/#breadcrumb\",\"itemListElement\":[{\"@type\":\"ListItem\",\"position\":1,\"name\":\"Home\",\"item\":\"https:\\\/\\\/interamerica.org\\\/es\\\/\"},{\"@type\":\"ListItem\",\"position\":2,\"name\":\"J\u00f3venes adventistas son instados a transformar sus comunidades en el D\u00eda Mundial de la Juventud el 15 de marzo\"}]},{\"@type\":\"WebSite\",\"@id\":\"https:\\\/\\\/interamerica.org\\\/es\\\/#website\",\"url\":\"https:\\\/\\\/interamerica.org\\\/es\\\/\",\"name\":\"Iglesia Adventista del S\u00e9ptimo D\u00eda - Divisi\u00f3n Interamericana\",\"description\":\"\",\"potentialAction\":[{\"@type\":\"SearchAction\",\"target\":{\"@type\":\"EntryPoint\",\"urlTemplate\":\"https:\\\/\\\/interamerica.org\\\/es\\\/?s={search_term_string}\"},\"query-input\":{\"@type\":\"PropertyValueSpecification\",\"valueRequired\":true,\"valueName\":\"search_term_string\"}}],\"inLanguage\":\"es\"},{\"@type\":\"Person\",\"@id\":\"https:\\\/\\\/interamerica.org\\\/es\\\/#\\\/schema\\\/person\\\/29998f2bc2d8bd0d38662909289b54f1\",\"name\":\"libna\",\"image\":{\"@type\":\"ImageObject\",\"inLanguage\":\"es\",\"@id\":\"https:\\\/\\\/secure.gravatar.com\\\/avatar\\\/7c5bd30ae4b47a9ba3c856590957fd1d96dc588bf3ac05719d247e126840331f?s=96&d=mm&r=g\",\"url\":\"https:\\\/\\\/secure.gravatar.com\\\/avatar\\\/7c5bd30ae4b47a9ba3c856590957fd1d96dc588bf3ac05719d247e126840331f?s=96&d=mm&r=g\",\"contentUrl\":\"https:\\\/\\\/secure.gravatar.com\\\/avatar\\\/7c5bd30ae4b47a9ba3c856590957fd1d96dc588bf3ac05719d247e126840331f?s=96&d=mm&r=g\",\"caption\":\"libna\"}}]}<\/script>\n<!-- \/ Yoast SEO plugin. -->","yoast_head_json":{"title":"J\u00f3venes adventistas son instados a transformar sus comunidades en el D\u00eda Mundial de la Juventud el 15 de marzo - Iglesia Adventista del S\u00e9ptimo D\u00eda - Divisi\u00f3n Interamericana","robots":{"index":"index","follow":"follow","max-snippet":"max-snippet:-1","max-image-preview":"max-image-preview:large","max-video-preview":"max-video-preview:-1"},"canonical":"https:\/\/interamerica.org\/es\/2025\/03\/jovenes-adventistas-son-instados-a-transformar-sus-comunidades-en-el-dia-mundial-de-la-juventud-el-15-de-marzo\/","og_locale":"es_ES","og_type":"article","og_title":"J\u00f3venes adventistas son instados a transformar sus comunidades en el D\u00eda Mundial de la Juventud el 15 de marzo - Iglesia Adventista del S\u00e9ptimo D\u00eda - Divisi\u00f3n Interamericana","og_description":"El 15 de marzo, miles de j\u00f3venes prestar\u00e1n servicios y esparcir\u00e1n el amor de Cristo por medio de la obra comunitaria 9 de marzo de 2025 | Miami, Florida, Estados...","og_url":"https:\/\/interamerica.org\/es\/2025\/03\/jovenes-adventistas-son-instados-a-transformar-sus-comunidades-en-el-dia-mundial-de-la-juventud-el-15-de-marzo\/","og_site_name":"Iglesia Adventista del S\u00e9ptimo D\u00eda - Divisi\u00f3n Interamericana","article_published_time":"2025-03-09T13:00:18+00:00","article_modified_time":"2025-03-10T13:39:06+00:00","og_image":[{"width":1280,"height":800,"url":"https:\/\/interamerica.org\/wp-content\/uploads\/2025\/02\/gyd-portada.jpg","type":"image\/jpeg"}],"author":"libna","twitter_card":"summary_large_image","twitter_misc":{"Escrito por":"libna","Tiempo de lectura":"3 minutos"},"schema":{"@context":"https:\/\/schema.org","@graph":[{"@type":"Article","@id":"https:\/\/interamerica.org\/es\/2025\/03\/jovenes-adventistas-son-instados-a-transformar-sus-comunidades-en-el-dia-mundial-de-la-juventud-el-15-de-marzo\/#article","isPartOf":{"@id":"https:\/\/interamerica.org\/es\/2025\/03\/jovenes-adventistas-son-instados-a-transformar-sus-comunidades-en-el-dia-mundial-de-la-juventud-el-15-de-marzo\/"},"author":{"name":"libna","@id":"https:\/\/interamerica.org\/es\/#\/schema\/person\/29998f2bc2d8bd0d38662909289b54f1"},"headline":"J\u00f3venes adventistas son instados a transformar sus comunidades en el D\u00eda Mundial de la Juventud el 15 de marzo","datePublished":"2025-03-09T13:00:18+00:00","dateModified":"2025-03-10T13:39:06+00:00","mainEntityOfPage":{"@id":"https:\/\/interamerica.org\/es\/2025\/03\/jovenes-adventistas-son-instados-a-transformar-sus-comunidades-en-el-dia-mundial-de-la-juventud-el-15-de-marzo\/"},"wordCount":617,"image":{"@id":"https:\/\/interamerica.org\/es\/2025\/03\/jovenes-adventistas-son-instados-a-transformar-sus-comunidades-en-el-dia-mundial-de-la-juventud-el-15-de-marzo\/#primaryimage"},"thumbnailUrl":"https:\/\/interamerica.org\/wp-content\/uploads\/2025\/02\/gyd-portada.jpg","articleSection":["Desde la sede","RSS Espa\u00f1ol"],"inLanguage":"es"},{"@type":"WebPage","@id":"https:\/\/interamerica.org\/es\/2025\/03\/jovenes-adventistas-son-instados-a-transformar-sus-comunidades-en-el-dia-mundial-de-la-juventud-el-15-de-marzo\/","url":"https:\/\/interamerica.org\/es\/2025\/03\/jovenes-adventistas-son-instados-a-transformar-sus-comunidades-en-el-dia-mundial-de-la-juventud-el-15-de-marzo\/","name":"J\u00f3venes adventistas son instados a transformar sus comunidades en el D\u00eda Mundial de la Juventud el 15 de marzo - Iglesia Adventista del S\u00e9ptimo D\u00eda - Divisi\u00f3n Interamericana","isPartOf":{"@id":"https:\/\/interamerica.org\/es\/#website"},"primaryImageOfPage":{"@id":"https:\/\/interamerica.org\/es\/2025\/03\/jovenes-adventistas-son-instados-a-transformar-sus-comunidades-en-el-dia-mundial-de-la-juventud-el-15-de-marzo\/#primaryimage"},"image":{"@id":"https:\/\/interamerica.org\/es\/2025\/03\/jovenes-adventistas-son-instados-a-transformar-sus-comunidades-en-el-dia-mundial-de-la-juventud-el-15-de-marzo\/#primaryimage"},"thumbnailUrl":"https:\/\/interamerica.org\/wp-content\/uploads\/2025\/02\/gyd-portada.jpg","datePublished":"2025-03-09T13:00:18+00:00","dateModified":"2025-03-10T13:39:06+00:00","author":{"@id":"https:\/\/interamerica.org\/es\/#\/schema\/person\/29998f2bc2d8bd0d38662909289b54f1"},"breadcrumb":{"@id":"https:\/\/interamerica.org\/es\/2025\/03\/jovenes-adventistas-son-instados-a-transformar-sus-comunidades-en-el-dia-mundial-de-la-juventud-el-15-de-marzo\/#breadcrumb"},"inLanguage":"es","potentialAction":[{"@type":"ReadAction","target":["https:\/\/interamerica.org\/es\/2025\/03\/jovenes-adventistas-son-instados-a-transformar-sus-comunidades-en-el-dia-mundial-de-la-juventud-el-15-de-marzo\/"]}]},{"@type":"ImageObject","inLanguage":"es","@id":"https:\/\/interamerica.org\/es\/2025\/03\/jovenes-adventistas-son-instados-a-transformar-sus-comunidades-en-el-dia-mundial-de-la-juventud-el-15-de-marzo\/#primaryimage","url":"https:\/\/interamerica.org\/wp-content\/uploads\/2025\/02\/gyd-portada.jpg","contentUrl":"https:\/\/interamerica.org\/wp-content\/uploads\/2025\/02\/gyd-portada.jpg","width":1280,"height":800},{"@type":"BreadcrumbList","@id":"https:\/\/interamerica.org\/es\/2025\/03\/jovenes-adventistas-son-instados-a-transformar-sus-comunidades-en-el-dia-mundial-de-la-juventud-el-15-de-marzo\/#breadcrumb","itemListElement":[{"@type":"ListItem","position":1,"name":"Home","item":"https:\/\/interamerica.org\/es\/"},{"@type":"ListItem","position":2,"name":"J\u00f3venes adventistas son instados a transformar sus comunidades en el D\u00eda Mundial de la Juventud el 15 de marzo"}]},{"@type":"WebSite","@id":"https:\/\/interamerica.org\/es\/#website","url":"https:\/\/interamerica.org\/es\/","name":"Iglesia Adventista del S\u00e9ptimo D\u00eda - Divisi\u00f3n Interamericana","description":"","potentialAction":[{"@type":"SearchAction","target":{"@type":"EntryPoint","urlTemplate":"https:\/\/interamerica.org\/es\/?s={search_term_string}"},"query-input":{"@type":"PropertyValueSpecification","valueRequired":true,"valueName":"search_term_string"}}],"inLanguage":"es"},{"@type":"Person","@id":"https:\/\/interamerica.org\/es\/#\/schema\/person\/29998f2bc2d8bd0d38662909289b54f1","name":"libna","image":{"@type":"ImageObject","inLanguage":"es","@id":"https:\/\/secure.gravatar.com\/avatar\/7c5bd30ae4b47a9ba3c856590957fd1d96dc588bf3ac05719d247e126840331f?s=96&d=mm&r=g","url":"https:\/\/secure.gravatar.com\/avatar\/7c5bd30ae4b47a9ba3c856590957fd1d96dc588bf3ac05719d247e126840331f?s=96&d=mm&r=g","contentUrl":"https:\/\/secure.gravatar.com\/avatar\/7c5bd30ae4b47a9ba3c856590957fd1d96dc588bf3ac05719d247e126840331f?s=96&d=mm&r=g","caption":"libna"}}]}},"_links":{"self":[{"href":"https:\/\/interamerica.org\/es\/wp-json\/wp\/v2\/posts\/125994","targetHints":{"allow":["GET"]}}],"collection":[{"href":"https:\/\/interamerica.org\/es\/wp-json\/wp\/v2\/posts"}],"about":[{"href":"https:\/\/interamerica.org\/es\/wp-json\/wp\/v2\/types\/post"}],"author":[{"embeddable":true,"href":"https:\/\/interamerica.org\/es\/wp-json\/wp\/v2\/users\/3"}],"replies":[{"embeddable":true,"href":"https:\/\/interamerica.org\/es\/wp-json\/wp\/v2\/comments?post=125994"}],"version-history":[{"count":0,"href":"https:\/\/interamerica.org\/es\/wp-json\/wp\/v2\/posts\/125994\/revisions"}],"wp:featuredmedia":[{"embeddable":true,"href":"https:\/\/interamerica.org\/es\/wp-json\/wp\/v2\/media\/124968"}],"wp:attachment":[{"href":"https:\/\/interamerica.org\/es\/wp-json\/wp\/v2\/media?parent=125994"}],"wp:term":[{"taxonomy":"category","embeddable":true,"href":"https:\/\/interamerica.org\/es\/wp-json\/wp\/v2\/categories?post=125994"},{"taxonomy":"post_tag","embeddable":true,"href":"https:\/\/interamerica.org\/es\/wp-json\/wp\/v2\/tags?post=125994"}],"curies":[{"name":"wp","href":"https:\/\/api.w.org\/{rel}","templated":true}]}}