{"id":126066,"date":"2025-03-07T10:50:31","date_gmt":"2025-03-07T15:50:31","guid":{"rendered":"https:\/\/interamerica.org\/?p=126066"},"modified":"2025-03-10T09:38:32","modified_gmt":"2025-03-10T13:38:32","slug":"los-adventistas-se-conectan-con-las-personas-de-la-calle-en-surinam","status":"publish","type":"post","link":"https:\/\/interamerica.org\/es\/2025\/03\/los-adventistas-se-conectan-con-las-personas-de-la-calle-en-surinam\/","title":{"rendered":"Los adventistas se conectan con las personas de la calle en Surinam"},"content":{"rendered":"<p><em>La iniciativa brind\u00f3 asistencia inmediata a unas cien personas sin hogar y en estado de vulnerabilidad.<\/em><\/p>\n<p>7 de marzo de 2025 | Paramaribo, Surinam | Steven M. Tulp, Uni\u00f3n del Caribe Atl\u00e1ntico y Noticias de la Divisi\u00f3n Sudamericana<\/p>\n<p>Los adventistas del s\u00e9ptimo d\u00eda de la Misi\u00f3n de Surinam unieron fuerzas para servir a la poblaci\u00f3n sin hogar del pa\u00eds, estimada hace poco en 1200 personas. Los l\u00edderes de la iglesia y los j\u00f3venes de la iglesia adventista Si\u00f3n se asociaron para esta iniciativa comunitaria.<\/p>\n<p>M\u00e1s de cuarenta miembros de la iglesia en Paramaribo, la capital del pa\u00eds, se movilizaron para compartir un mensaje de esperanza, llevar alegr\u00eda y satisfacer las necesidades b\u00e1sicas de su comunidad. Sus esfuerzos brindaron paquetes de ayuda, ropa, platos de comidas, bebidas y ejemplares de la revista Priorities, que publican los adventistas, a unas cien personas sin hogar y en estado de vulnerabilidad.<\/p>\n<p><div id=\"attachment_126017\" style=\"width: 942px\" class=\"wp-caption aligncenter\"><img fetchpriority=\"high\" decoding=\"async\" aria-describedby=\"caption-attachment-126017\" class=\" wp-image-126015\" src=\"https:\/\/interamerica.org\/wp-content\/uploads\/2025\/03\/suriname1-homeless57-1024x768.jpg\" alt=\"\" width=\"932\" height=\"699\" srcset=\"https:\/\/interamerica.org\/wp-content\/uploads\/2025\/03\/suriname1-homeless57-1024x768.jpg 1024w, https:\/\/interamerica.org\/wp-content\/uploads\/2025\/03\/suriname1-homeless57-300x225.jpg 300w, https:\/\/interamerica.org\/wp-content\/uploads\/2025\/03\/suriname1-homeless57-768x576.jpg 768w, https:\/\/interamerica.org\/wp-content\/uploads\/2025\/03\/suriname1-homeless57.jpg 1200w\" sizes=\"(max-width: 932px) 100vw, 932px\" \/><p id=\"caption-attachment-126017\" class=\"wp-caption-text\">Varias personas sin hogar reciben platos de comida, paquetes de ayuda y art\u00edculos de primera necesidad, durante una iniciativa comunitaria organizada por la iglesia adventista Si\u00f3n en Paramaribo, Surinam. El evento, que se llev\u00f3 a cabo el 1 de diciembre de 2024, no solo brind\u00f3 asistencia f\u00edsica sino tambi\u00e9n un mensaje de esperanza y compasi\u00f3n a algunos de los miembros m\u00e1s vulnerables de la ciudad. [Fotograf\u00eda: Steven M. Tulp]<\/p><\/div>\u201cDamos gracias a Dios por la dedicaci\u00f3n del departamento de ministerios juveniles, que se asoci\u00f3 con los departamentos de servicios comunitarios y escuela sab\u00e1tica de la iglesia Si\u00f3n para hacer realidad este proyecto\u00bb, dijo el pastor Guno B. Emanuelson, presidente de la Misi\u00f3n de Surinam. \u201cEl compromiso de ellos es un reflejo del ministerio de Cristo\u201d.<\/p>\n<p><strong>Necesidad de soluciones a largo plazo para las personas sin hogar<\/strong><\/p>\n<p>Los voluntarios trabajaron diligentemente para preparar y distribuir los art\u00edculos, y el evento dej\u00f3 un impacto duradero en todos los involucrados, ya que fueron testigos de primera mano de las dif\u00edciles realidades que enfrentan algunos de los miembros m\u00e1s vulnerables de la capital de Surinam.<\/p>\n<p>\u201cEl objetivo era reafirmar el compromiso de nuestra iglesia con nuestros amigos y vecinos, demostrando que el amor de Dios, su palabra y su poder son reales\u201d, dijo Steven Tulp, tesorero de la Misi\u00f3n de Surinam y pastor de la iglesia adventista Si\u00f3n.<\/p>\n<p><div id=\"attachment_126008\" style=\"width: 888px\" class=\"wp-caption aligncenter\"><img decoding=\"async\" aria-describedby=\"caption-attachment-126008\" class=\" wp-image-126006\" src=\"https:\/\/interamerica.org\/wp-content\/uploads\/2025\/03\/suriname-homeless-3-packages59.jpg\" alt=\"\" width=\"878\" height=\"659\" srcset=\"https:\/\/interamerica.org\/wp-content\/uploads\/2025\/03\/suriname-homeless-3-packages59.jpg 950w, https:\/\/interamerica.org\/wp-content\/uploads\/2025\/03\/suriname-homeless-3-packages59-300x225.jpg 300w, https:\/\/interamerica.org\/wp-content\/uploads\/2025\/03\/suriname-homeless-3-packages59-768x576.jpg 768w\" sizes=\"(max-width: 878px) 100vw, 878px\" \/><p id=\"caption-attachment-126008\" class=\"wp-caption-text\">Los miembros de los departamentos de servicios comunitarios y j\u00f3venes de la iglesia adventista Si\u00f3n trabajan juntos, preparando paquetes de ayuda y organizando comidas para servir a los desamparados y vulnerables en Paramaribo, Surinam. [Photo: Steven M. Tulp]\u00bb<\/p><\/div>Seg\u00fan los voluntarios, la iniciativa fue especialmente conmovedora, ya que se encontraron con mujeres y ni\u00f1os entre la poblaci\u00f3n sin hogar. \u201cSu situaci\u00f3n pone de manifiesto la necesidad de soluciones sostenibles para prevenir la falta de vivienda y apoyar la reintegraci\u00f3n social\u201d, destac\u00f3 Tulp. Agreg\u00f3 que el evento fue la iniciativa m\u00e1s abarcadora, impactante y costosa a la comunidad de las personas sin hogar que haya llevado a cabo la Iglesia Adventista en Surinam.<\/p>\n<p><strong>Enfoque continuo en el evangelismo urbano<\/strong><\/p>\n<p>Los esfuerzos misioneros en Surinam, donde la evangelizaci\u00f3n urbana sigue teniendo un \u00e9nfasis clave, continuar\u00e1n, dijeron los l\u00edderes de la iglesia. El pa\u00eds, que cuenta con una poblaci\u00f3n de aproximadamente 241 mil habitantes, tiene unos unos 3487 adventistas del s\u00e9ptimo d\u00eda. Los l\u00edderes de la iglesia se sienten alentados por el impacto de esta iniciativa, ya que tres personas han expresado inter\u00e9s en aprender m\u00e1s sobre la iglesia.<\/p>\n<p>\u201cEstamos agradecidos por la presencia de Dios durante esta iniciativa comunitaria\u201d, dijo Esmeralda Hok-Ahin, directora interina de servicios comunitarios de la misi\u00f3n. \u201cNuestro objetivo era mostrar que las manos de Dios est\u00e1n abiertas para todos, que \u00e9l se preocupa por edificar comunidades m\u00e1s s\u00f3lidas, restaurar la salud y promover el bienestar de todos sus hijos. Es nuestra misi\u00f3n proclamar que Cristo vendr\u00e1 pronto, pero tambi\u00e9n se trata de demostrar nuestra fe mediante actos de inter\u00e9s por los dem\u00e1s y compasi\u00f3n\u201d.<\/p>\n<p><div id=\"attachment_126011\" style=\"width: 1010px\" class=\"wp-caption aligncenter\"><img decoding=\"async\" aria-describedby=\"caption-attachment-126011\" class=\"size-full wp-image-126009\" src=\"https:\/\/interamerica.org\/wp-content\/uploads\/2025\/03\/suriname-homeless-2-line58.jpg\" alt=\"\" width=\"1000\" height=\"711\" srcset=\"https:\/\/interamerica.org\/wp-content\/uploads\/2025\/03\/suriname-homeless-2-line58.jpg 1000w, https:\/\/interamerica.org\/wp-content\/uploads\/2025\/03\/suriname-homeless-2-line58-300x213.jpg 300w, https:\/\/interamerica.org\/wp-content\/uploads\/2025\/03\/suriname-homeless-2-line58-768x546.jpg 768w\" sizes=\"(max-width: 1000px) 100vw, 1000px\" \/><p id=\"caption-attachment-126011\" class=\"wp-caption-text\">Personas en situaci\u00f3n vulnerable hacen fila para recibir paquetes de ayuda, ropa, platos de comida, bebidas y ejemplares de la revista <em data-start=\"165\" data-end=\"175\">Prioridades<\/em>, durante el evento de divulgaci\u00f3n en Paramaribo. [Fotograf\u00eda: Steven M. Tulp]<\/p><\/div><strong>Acerca de la Misi\u00f3n de Surinam<\/strong><\/p>\n<p>La Misi\u00f3n de Surinam fue organizada en 1945, y cuenta con el n\u00famero de miembros m\u00e1s peque\u00f1o entre los diez campos de la Uni\u00f3n Asociaci\u00f3n del Caribe. Tiene 3487 miembros que se re\u00fanen en 17 congregaciones.<\/p>\n<p>Para saber m\u00e1s sobre la Iglesia Adventista del S\u00e9ptimo D\u00eda en Surinam y sus recientes esfuerzos comunitarios, ingrese a <a href=\"https:\/\/surinameadventists.org\/\">surinameadventists.org<\/a>.<\/p>\n<p>Traducci\u00f3n de Marcos Paseggi<\/p>\n","protected":false},"excerpt":{"rendered":"<p>La iniciativa brind\u00f3 asistencia inmediata a unas cien personas sin hogar y en estado de vulnerabilidad. 7 de marzo de 2025 | Paramaribo, Surinam | Steven M. Tulp, Uni\u00f3n del&#8230;<\/p>\n","protected":false},"author":3,"featured_media":126017,"comment_status":"closed","ping_status":"closed","sticky":false,"template":"","format":"standard","meta":{"_acf_changed":false,"footnotes":""},"categories":[17,15],"tags":[],"class_list":["post-126066","post","type-post","status-publish","format-standard","has-post-thumbnail","hentry","category-desde-el-campo","category-rss-espanol"],"acf":[],"yoast_head":"<!-- This site is optimized with the Yoast SEO plugin v27.3 - https:\/\/yoast.com\/product\/yoast-seo-wordpress\/ -->\n<title>Los adventistas se conectan con las personas de la calle en Surinam - Iglesia Adventista del S\u00e9ptimo D\u00eda - Divisi\u00f3n Interamericana<\/title>\n<meta name=\"robots\" content=\"index, follow, max-snippet:-1, max-image-preview:large, max-video-preview:-1\" \/>\n<link rel=\"canonical\" href=\"https:\/\/interamerica.org\/es\/2025\/03\/los-adventistas-se-conectan-con-las-personas-de-la-calle-en-surinam\/\" \/>\n<meta property=\"og:locale\" content=\"es_ES\" \/>\n<meta property=\"og:type\" content=\"article\" \/>\n<meta property=\"og:title\" content=\"Los adventistas se conectan con las personas de la calle en Surinam - Iglesia Adventista del S\u00e9ptimo D\u00eda - Divisi\u00f3n Interamericana\" \/>\n<meta property=\"og:description\" content=\"La iniciativa brind\u00f3 asistencia inmediata a unas cien personas sin hogar y en estado de vulnerabilidad. 7 de marzo de 2025 | Paramaribo, Surinam | Steven M. Tulp, Uni\u00f3n del...\" \/>\n<meta property=\"og:url\" content=\"https:\/\/interamerica.org\/es\/2025\/03\/los-adventistas-se-conectan-con-las-personas-de-la-calle-en-surinam\/\" \/>\n<meta property=\"og:site_name\" content=\"Iglesia Adventista del S\u00e9ptimo D\u00eda - Divisi\u00f3n Interamericana\" \/>\n<meta property=\"article:published_time\" content=\"2025-03-07T15:50:31+00:00\" \/>\n<meta property=\"article:modified_time\" content=\"2025-03-10T13:38:32+00:00\" \/>\n<meta property=\"og:image\" content=\"https:\/\/interamerica.org\/wp-content\/uploads\/2025\/03\/suriname1-homeless57.jpg\" \/>\n\t<meta property=\"og:image:width\" content=\"1200\" \/>\n\t<meta property=\"og:image:height\" content=\"900\" \/>\n\t<meta property=\"og:image:type\" content=\"image\/jpeg\" \/>\n<meta name=\"author\" content=\"libna\" \/>\n<meta name=\"twitter:card\" content=\"summary_large_image\" \/>\n<meta name=\"twitter:label1\" content=\"Escrito por\" \/>\n\t<meta name=\"twitter:data1\" content=\"libna\" \/>\n\t<meta name=\"twitter:label2\" content=\"Tiempo de lectura\" \/>\n\t<meta name=\"twitter:data2\" content=\"5 minutos\" \/>\n<script type=\"application\/ld+json\" class=\"yoast-schema-graph\">{\"@context\":\"https:\\\/\\\/schema.org\",\"@graph\":[{\"@type\":\"Article\",\"@id\":\"https:\\\/\\\/interamerica.org\\\/es\\\/2025\\\/03\\\/los-adventistas-se-conectan-con-las-personas-de-la-calle-en-surinam\\\/#article\",\"isPartOf\":{\"@id\":\"https:\\\/\\\/interamerica.org\\\/es\\\/2025\\\/03\\\/los-adventistas-se-conectan-con-las-personas-de-la-calle-en-surinam\\\/\"},\"author\":{\"name\":\"libna\",\"@id\":\"https:\\\/\\\/interamerica.org\\\/es\\\/#\\\/schema\\\/person\\\/29998f2bc2d8bd0d38662909289b54f1\"},\"headline\":\"Los adventistas se conectan con las personas de la calle en Surinam\",\"datePublished\":\"2025-03-07T15:50:31+00:00\",\"dateModified\":\"2025-03-10T13:38:32+00:00\",\"mainEntityOfPage\":{\"@id\":\"https:\\\/\\\/interamerica.org\\\/es\\\/2025\\\/03\\\/los-adventistas-se-conectan-con-las-personas-de-la-calle-en-surinam\\\/\"},\"wordCount\":831,\"image\":{\"@id\":\"https:\\\/\\\/interamerica.org\\\/es\\\/2025\\\/03\\\/los-adventistas-se-conectan-con-las-personas-de-la-calle-en-surinam\\\/#primaryimage\"},\"thumbnailUrl\":\"https:\\\/\\\/interamerica.org\\\/wp-content\\\/uploads\\\/2025\\\/03\\\/suriname1-homeless57.jpg\",\"articleSection\":[\"Desde el campo\",\"RSS Espa\u00f1ol\"],\"inLanguage\":\"es\"},{\"@type\":\"WebPage\",\"@id\":\"https:\\\/\\\/interamerica.org\\\/es\\\/2025\\\/03\\\/los-adventistas-se-conectan-con-las-personas-de-la-calle-en-surinam\\\/\",\"url\":\"https:\\\/\\\/interamerica.org\\\/es\\\/2025\\\/03\\\/los-adventistas-se-conectan-con-las-personas-de-la-calle-en-surinam\\\/\",\"name\":\"Los adventistas se conectan con las personas de la calle en Surinam - Iglesia Adventista del S\u00e9ptimo D\u00eda - Divisi\u00f3n Interamericana\",\"isPartOf\":{\"@id\":\"https:\\\/\\\/interamerica.org\\\/es\\\/#website\"},\"primaryImageOfPage\":{\"@id\":\"https:\\\/\\\/interamerica.org\\\/es\\\/2025\\\/03\\\/los-adventistas-se-conectan-con-las-personas-de-la-calle-en-surinam\\\/#primaryimage\"},\"image\":{\"@id\":\"https:\\\/\\\/interamerica.org\\\/es\\\/2025\\\/03\\\/los-adventistas-se-conectan-con-las-personas-de-la-calle-en-surinam\\\/#primaryimage\"},\"thumbnailUrl\":\"https:\\\/\\\/interamerica.org\\\/wp-content\\\/uploads\\\/2025\\\/03\\\/suriname1-homeless57.jpg\",\"datePublished\":\"2025-03-07T15:50:31+00:00\",\"dateModified\":\"2025-03-10T13:38:32+00:00\",\"author\":{\"@id\":\"https:\\\/\\\/interamerica.org\\\/es\\\/#\\\/schema\\\/person\\\/29998f2bc2d8bd0d38662909289b54f1\"},\"breadcrumb\":{\"@id\":\"https:\\\/\\\/interamerica.org\\\/es\\\/2025\\\/03\\\/los-adventistas-se-conectan-con-las-personas-de-la-calle-en-surinam\\\/#breadcrumb\"},\"inLanguage\":\"es\",\"potentialAction\":[{\"@type\":\"ReadAction\",\"target\":[\"https:\\\/\\\/interamerica.org\\\/es\\\/2025\\\/03\\\/los-adventistas-se-conectan-con-las-personas-de-la-calle-en-surinam\\\/\"]}]},{\"@type\":\"ImageObject\",\"inLanguage\":\"es\",\"@id\":\"https:\\\/\\\/interamerica.org\\\/es\\\/2025\\\/03\\\/los-adventistas-se-conectan-con-las-personas-de-la-calle-en-surinam\\\/#primaryimage\",\"url\":\"https:\\\/\\\/interamerica.org\\\/wp-content\\\/uploads\\\/2025\\\/03\\\/suriname1-homeless57.jpg\",\"contentUrl\":\"https:\\\/\\\/interamerica.org\\\/wp-content\\\/uploads\\\/2025\\\/03\\\/suriname1-homeless57.jpg\",\"width\":1200,\"height\":900,\"caption\":\"Several homeless individuals gratefully accepted the warm meal and care packages. [Photo: Steven M. Tulp]\"},{\"@type\":\"BreadcrumbList\",\"@id\":\"https:\\\/\\\/interamerica.org\\\/es\\\/2025\\\/03\\\/los-adventistas-se-conectan-con-las-personas-de-la-calle-en-surinam\\\/#breadcrumb\",\"itemListElement\":[{\"@type\":\"ListItem\",\"position\":1,\"name\":\"Home\",\"item\":\"https:\\\/\\\/interamerica.org\\\/es\\\/\"},{\"@type\":\"ListItem\",\"position\":2,\"name\":\"Los adventistas se conectan con las personas de la calle en Surinam\"}]},{\"@type\":\"WebSite\",\"@id\":\"https:\\\/\\\/interamerica.org\\\/es\\\/#website\",\"url\":\"https:\\\/\\\/interamerica.org\\\/es\\\/\",\"name\":\"Iglesia Adventista del S\u00e9ptimo D\u00eda - Divisi\u00f3n Interamericana\",\"description\":\"\",\"potentialAction\":[{\"@type\":\"SearchAction\",\"target\":{\"@type\":\"EntryPoint\",\"urlTemplate\":\"https:\\\/\\\/interamerica.org\\\/es\\\/?s={search_term_string}\"},\"query-input\":{\"@type\":\"PropertyValueSpecification\",\"valueRequired\":true,\"valueName\":\"search_term_string\"}}],\"inLanguage\":\"es\"},{\"@type\":\"Person\",\"@id\":\"https:\\\/\\\/interamerica.org\\\/es\\\/#\\\/schema\\\/person\\\/29998f2bc2d8bd0d38662909289b54f1\",\"name\":\"libna\",\"image\":{\"@type\":\"ImageObject\",\"inLanguage\":\"es\",\"@id\":\"https:\\\/\\\/secure.gravatar.com\\\/avatar\\\/7c5bd30ae4b47a9ba3c856590957fd1d96dc588bf3ac05719d247e126840331f?s=96&d=mm&r=g\",\"url\":\"https:\\\/\\\/secure.gravatar.com\\\/avatar\\\/7c5bd30ae4b47a9ba3c856590957fd1d96dc588bf3ac05719d247e126840331f?s=96&d=mm&r=g\",\"contentUrl\":\"https:\\\/\\\/secure.gravatar.com\\\/avatar\\\/7c5bd30ae4b47a9ba3c856590957fd1d96dc588bf3ac05719d247e126840331f?s=96&d=mm&r=g\",\"caption\":\"libna\"}}]}<\/script>\n<!-- \/ Yoast SEO plugin. -->","yoast_head_json":{"title":"Los adventistas se conectan con las personas de la calle en Surinam - Iglesia Adventista del S\u00e9ptimo D\u00eda - Divisi\u00f3n Interamericana","robots":{"index":"index","follow":"follow","max-snippet":"max-snippet:-1","max-image-preview":"max-image-preview:large","max-video-preview":"max-video-preview:-1"},"canonical":"https:\/\/interamerica.org\/es\/2025\/03\/los-adventistas-se-conectan-con-las-personas-de-la-calle-en-surinam\/","og_locale":"es_ES","og_type":"article","og_title":"Los adventistas se conectan con las personas de la calle en Surinam - Iglesia Adventista del S\u00e9ptimo D\u00eda - Divisi\u00f3n Interamericana","og_description":"La iniciativa brind\u00f3 asistencia inmediata a unas cien personas sin hogar y en estado de vulnerabilidad. 7 de marzo de 2025 | Paramaribo, Surinam | Steven M. Tulp, Uni\u00f3n del...","og_url":"https:\/\/interamerica.org\/es\/2025\/03\/los-adventistas-se-conectan-con-las-personas-de-la-calle-en-surinam\/","og_site_name":"Iglesia Adventista del S\u00e9ptimo D\u00eda - Divisi\u00f3n Interamericana","article_published_time":"2025-03-07T15:50:31+00:00","article_modified_time":"2025-03-10T13:38:32+00:00","og_image":[{"width":1200,"height":900,"url":"https:\/\/interamerica.org\/wp-content\/uploads\/2025\/03\/suriname1-homeless57.jpg","type":"image\/jpeg"}],"author":"libna","twitter_card":"summary_large_image","twitter_misc":{"Escrito por":"libna","Tiempo de lectura":"5 minutos"},"schema":{"@context":"https:\/\/schema.org","@graph":[{"@type":"Article","@id":"https:\/\/interamerica.org\/es\/2025\/03\/los-adventistas-se-conectan-con-las-personas-de-la-calle-en-surinam\/#article","isPartOf":{"@id":"https:\/\/interamerica.org\/es\/2025\/03\/los-adventistas-se-conectan-con-las-personas-de-la-calle-en-surinam\/"},"author":{"name":"libna","@id":"https:\/\/interamerica.org\/es\/#\/schema\/person\/29998f2bc2d8bd0d38662909289b54f1"},"headline":"Los adventistas se conectan con las personas de la calle en Surinam","datePublished":"2025-03-07T15:50:31+00:00","dateModified":"2025-03-10T13:38:32+00:00","mainEntityOfPage":{"@id":"https:\/\/interamerica.org\/es\/2025\/03\/los-adventistas-se-conectan-con-las-personas-de-la-calle-en-surinam\/"},"wordCount":831,"image":{"@id":"https:\/\/interamerica.org\/es\/2025\/03\/los-adventistas-se-conectan-con-las-personas-de-la-calle-en-surinam\/#primaryimage"},"thumbnailUrl":"https:\/\/interamerica.org\/wp-content\/uploads\/2025\/03\/suriname1-homeless57.jpg","articleSection":["Desde el campo","RSS Espa\u00f1ol"],"inLanguage":"es"},{"@type":"WebPage","@id":"https:\/\/interamerica.org\/es\/2025\/03\/los-adventistas-se-conectan-con-las-personas-de-la-calle-en-surinam\/","url":"https:\/\/interamerica.org\/es\/2025\/03\/los-adventistas-se-conectan-con-las-personas-de-la-calle-en-surinam\/","name":"Los adventistas se conectan con las personas de la calle en Surinam - Iglesia Adventista del S\u00e9ptimo D\u00eda - Divisi\u00f3n Interamericana","isPartOf":{"@id":"https:\/\/interamerica.org\/es\/#website"},"primaryImageOfPage":{"@id":"https:\/\/interamerica.org\/es\/2025\/03\/los-adventistas-se-conectan-con-las-personas-de-la-calle-en-surinam\/#primaryimage"},"image":{"@id":"https:\/\/interamerica.org\/es\/2025\/03\/los-adventistas-se-conectan-con-las-personas-de-la-calle-en-surinam\/#primaryimage"},"thumbnailUrl":"https:\/\/interamerica.org\/wp-content\/uploads\/2025\/03\/suriname1-homeless57.jpg","datePublished":"2025-03-07T15:50:31+00:00","dateModified":"2025-03-10T13:38:32+00:00","author":{"@id":"https:\/\/interamerica.org\/es\/#\/schema\/person\/29998f2bc2d8bd0d38662909289b54f1"},"breadcrumb":{"@id":"https:\/\/interamerica.org\/es\/2025\/03\/los-adventistas-se-conectan-con-las-personas-de-la-calle-en-surinam\/#breadcrumb"},"inLanguage":"es","potentialAction":[{"@type":"ReadAction","target":["https:\/\/interamerica.org\/es\/2025\/03\/los-adventistas-se-conectan-con-las-personas-de-la-calle-en-surinam\/"]}]},{"@type":"ImageObject","inLanguage":"es","@id":"https:\/\/interamerica.org\/es\/2025\/03\/los-adventistas-se-conectan-con-las-personas-de-la-calle-en-surinam\/#primaryimage","url":"https:\/\/interamerica.org\/wp-content\/uploads\/2025\/03\/suriname1-homeless57.jpg","contentUrl":"https:\/\/interamerica.org\/wp-content\/uploads\/2025\/03\/suriname1-homeless57.jpg","width":1200,"height":900,"caption":"Several homeless individuals gratefully accepted the warm meal and care packages. [Photo: Steven M. Tulp]"},{"@type":"BreadcrumbList","@id":"https:\/\/interamerica.org\/es\/2025\/03\/los-adventistas-se-conectan-con-las-personas-de-la-calle-en-surinam\/#breadcrumb","itemListElement":[{"@type":"ListItem","position":1,"name":"Home","item":"https:\/\/interamerica.org\/es\/"},{"@type":"ListItem","position":2,"name":"Los adventistas se conectan con las personas de la calle en Surinam"}]},{"@type":"WebSite","@id":"https:\/\/interamerica.org\/es\/#website","url":"https:\/\/interamerica.org\/es\/","name":"Iglesia Adventista del S\u00e9ptimo D\u00eda - Divisi\u00f3n Interamericana","description":"","potentialAction":[{"@type":"SearchAction","target":{"@type":"EntryPoint","urlTemplate":"https:\/\/interamerica.org\/es\/?s={search_term_string}"},"query-input":{"@type":"PropertyValueSpecification","valueRequired":true,"valueName":"search_term_string"}}],"inLanguage":"es"},{"@type":"Person","@id":"https:\/\/interamerica.org\/es\/#\/schema\/person\/29998f2bc2d8bd0d38662909289b54f1","name":"libna","image":{"@type":"ImageObject","inLanguage":"es","@id":"https:\/\/secure.gravatar.com\/avatar\/7c5bd30ae4b47a9ba3c856590957fd1d96dc588bf3ac05719d247e126840331f?s=96&d=mm&r=g","url":"https:\/\/secure.gravatar.com\/avatar\/7c5bd30ae4b47a9ba3c856590957fd1d96dc588bf3ac05719d247e126840331f?s=96&d=mm&r=g","contentUrl":"https:\/\/secure.gravatar.com\/avatar\/7c5bd30ae4b47a9ba3c856590957fd1d96dc588bf3ac05719d247e126840331f?s=96&d=mm&r=g","caption":"libna"}}]}},"_links":{"self":[{"href":"https:\/\/interamerica.org\/es\/wp-json\/wp\/v2\/posts\/126066","targetHints":{"allow":["GET"]}}],"collection":[{"href":"https:\/\/interamerica.org\/es\/wp-json\/wp\/v2\/posts"}],"about":[{"href":"https:\/\/interamerica.org\/es\/wp-json\/wp\/v2\/types\/post"}],"author":[{"embeddable":true,"href":"https:\/\/interamerica.org\/es\/wp-json\/wp\/v2\/users\/3"}],"replies":[{"embeddable":true,"href":"https:\/\/interamerica.org\/es\/wp-json\/wp\/v2\/comments?post=126066"}],"version-history":[{"count":0,"href":"https:\/\/interamerica.org\/es\/wp-json\/wp\/v2\/posts\/126066\/revisions"}],"wp:featuredmedia":[{"embeddable":true,"href":"https:\/\/interamerica.org\/es\/wp-json\/wp\/v2\/media\/126017"}],"wp:attachment":[{"href":"https:\/\/interamerica.org\/es\/wp-json\/wp\/v2\/media?parent=126066"}],"wp:term":[{"taxonomy":"category","embeddable":true,"href":"https:\/\/interamerica.org\/es\/wp-json\/wp\/v2\/categories?post=126066"},{"taxonomy":"post_tag","embeddable":true,"href":"https:\/\/interamerica.org\/es\/wp-json\/wp\/v2\/tags?post=126066"}],"curies":[{"name":"wp","href":"https:\/\/api.w.org\/{rel}","templated":true}]}}