{"id":126069,"date":"2025-03-09T08:34:04","date_gmt":"2025-03-09T12:34:04","guid":{"rendered":"https:\/\/interamerica.org\/?p=126069"},"modified":"2025-03-10T09:37:37","modified_gmt":"2025-03-10T13:37:37","slug":"adra-afronta-los-trastornos-causados-por-la-congelacion-de-fondos-de-usaid","status":"publish","type":"post","link":"https:\/\/interamerica.org\/es\/2025\/03\/adra-afronta-los-trastornos-causados-por-la-congelacion-de-fondos-de-usaid\/","title":{"rendered":"ADRA afronta los trastornos causados por la congelaci\u00f3n de fondos de USAID"},"content":{"rendered":"<div id=\"attachment_125965\" style=\"width: 987px\" class=\"wp-caption aligncenter\"><img fetchpriority=\"high\" decoding=\"async\" aria-describedby=\"caption-attachment-125965\" class=\" wp-image-125963\" src=\"https:\/\/interamerica.org\/wp-content\/uploads\/2025\/03\/adra-6-degustation-apres-dc-cr-amporoforo-district-vohipeno1027-1-1024x683.jpg\" alt=\"\" width=\"977\" height=\"651\" srcset=\"https:\/\/interamerica.org\/wp-content\/uploads\/2025\/03\/adra-6-degustation-apres-dc-cr-amporoforo-district-vohipeno1027-1-1024x683.jpg 1024w, https:\/\/interamerica.org\/wp-content\/uploads\/2025\/03\/adra-6-degustation-apres-dc-cr-amporoforo-district-vohipeno1027-1-300x200.jpg 300w, https:\/\/interamerica.org\/wp-content\/uploads\/2025\/03\/adra-6-degustation-apres-dc-cr-amporoforo-district-vohipeno1027-1-768x512.jpg 768w, https:\/\/interamerica.org\/wp-content\/uploads\/2025\/03\/adra-6-degustation-apres-dc-cr-amporoforo-district-vohipeno1027-1-1536x1024.jpg 1536w, https:\/\/interamerica.org\/wp-content\/uploads\/2025\/03\/adra-6-degustation-apres-dc-cr-amporoforo-district-vohipeno1027-1-2048x1365.jpg 2048w\" sizes=\"(max-width: 977px) 100vw, 977px\" \/><p id=\"caption-attachment-125965\" class=\"wp-caption-text\">La Agencia Adventista de Desarrollo y Recursos Asistenciales (ADRA) pone en ejecuci\u00f3n un proyecto USAID de abastecimiento de agua en el distrito de Amporoforo en Madagascar. [Cr\u00e9dito: ADRA]<\/p><\/div>\n<p class=\"c-post-header__subtitle\"><em>Esta organizaci\u00f3n mundial se vio forzada a reducir personal por causa de falta de fondos financieros de USAID.<\/em><\/p>\n<p>8 de marzo de 2025 | Silver Spring, Maryland, Estados Unidos | Iris Argueta, ADRA International<\/p>\n<p>La Agencia Adventista de Desarrollo y Recursos Asistenciales (ADRA) se est\u00e1 enfrentando a significativas contrariedades en sus operaciones mundiales a causa de una reciente pausa de financiaci\u00f3n impuesta por el gobierno de Estados Unidos el 20 de enero de 2025. Esta acci\u00f3n sin precedentes de congelar la financiaci\u00f3n de USAID para programas humanitarios, incluyendo proyectos operados por ADRA y otras organizaciones sin \u00e1nimo de lucro, ha forzado a la agencia ADRA a detener iniciativas de importancia crucial y a poner en riesgo a comunidades vulnerables de perder servicios esenciales.<\/p>\n<h3 class=\"wp-block-heading\"><strong>Pausa en la financiaci\u00f3n de USAID: Un desaf\u00edo mundial<\/strong><\/h3>\n<p>Los fondos financieros de USAID que apoyan la implementaci\u00f3n de programas mundiales se asignaban tanto a la base de ADRA Internacional en Estados Unidos, como tambi\u00e9n directamente a las oficinas de la red ADRA en \u00c1frica, el Oriente Medio y las Am\u00e9ricas.<\/p>\n<p><div id=\"attachment_125971\" style=\"width: 1034px\" class=\"wp-caption aligncenter\"><img decoding=\"async\" aria-describedby=\"caption-attachment-125971\" class=\"size-large wp-image-125969\" src=\"https:\/\/interamerica.org\/wp-content\/uploads\/2025\/03\/adra-1-5-1024x683.jpg\" alt=\"\" width=\"1024\" height=\"683\" srcset=\"https:\/\/interamerica.org\/wp-content\/uploads\/2025\/03\/adra-1-5-1024x683.jpg 1024w, https:\/\/interamerica.org\/wp-content\/uploads\/2025\/03\/adra-1-5-300x200.jpg 300w, https:\/\/interamerica.org\/wp-content\/uploads\/2025\/03\/adra-1-5-768x512.jpg 768w, https:\/\/interamerica.org\/wp-content\/uploads\/2025\/03\/adra-1-5-1536x1024.jpg 1536w, https:\/\/interamerica.org\/wp-content\/uploads\/2025\/03\/adra-1-5-2048x1365.jpg 2048w\" sizes=\"(max-width: 1024px) 100vw, 1024px\" \/><p id=\"caption-attachment-125971\" class=\"wp-caption-text\">Otro proyecto de dotaci\u00f3n de agua en el cual ADRA utiliza fondos financieros de USAID para apoyar una comunidad necesitada. [Cr\u00e9dito: ADRA]<\/p><\/div>La reducci\u00f3n de la financiaci\u00f3n ha afectado directamente a algunos sectores de importancia vital, incluyendo:<\/p>\n<ul class=\"wp-block-list\">\n<li><strong>Iniciativas de Seguridad Alimentaria:<\/strong> programas que atienden las causas fundamentales del hambre y que ayudan a las comunidades a volverse auto suficientes.<\/li>\n<li><strong>Programas de Salud:<\/strong> esfuerzos dirigidos a promover una vida m\u00e1s saludable en poblaciones en riesgo.<\/li>\n<li><strong>Intervenciones en Nutrici\u00f3n:<\/strong> programas de importancia vital para combatir la malnutrici\u00f3n, particularmente entre ni\u00f1os menores de 5 a\u00f1os.<\/li>\n<li><strong>WASH (Agua, Saneamiento e Higiene): <\/strong>esfuerzos por asegurar el acceso a agua potable y saneamiento, que son vitales para la supervivencia de muchas comunidades.<\/li>\n<li><strong>Ayuda en caso de Desastres y Respuesta de Emergencia: <\/strong>ayuda inmediata y apoyo para recuperaci\u00f3n a largo plazo despu\u00e9s de desastres naturales y de origen humano.<\/li>\n<\/ul>\n<h3 class=\"wp-block-heading\"><strong>Reducci\u00f3n de personal y ajustes operativos <\/strong><\/h3>\n<p>En respuesta a la reducci\u00f3n de financiaci\u00f3n, m\u00faltiples organizaciones, incluyendo ADRA, han iniciado una reducci\u00f3n de personal. Esta organizaci\u00f3n mundial se vio forzada a reducir en un 18 por ciento su personal de ADRA Internacional en los Estados Unidos, con otros despidos adicionales en las oficinas de otros pa\u00edses. Se espera que estas reducciones contin\u00faen ocurriendo durante los pocos meses siguientes mientras ADRA ajusta sus operaciones a las limitaciones financieras actuales, dando prioridad a usar sus recursos en los programas de importancia vital que permanecen en funci\u00f3n. A fin de ayudar a las personas afectadas por las reducciones, ADRA est\u00e1 proporcionando un amplio paquete de indemnizaci\u00f3n por despido que incluye apoyo salarial, cobertura de servicios de salud durante la transici\u00f3n y servicios de recolocaci\u00f3n, tales como orientaci\u00f3n profesional y asesoramiento.<\/p>\n<p><div id=\"attachment_125974\" style=\"width: 1034px\" class=\"wp-caption aligncenter\"><img decoding=\"async\" aria-describedby=\"caption-attachment-125974\" class=\"size-large wp-image-125972\" src=\"https:\/\/interamerica.org\/wp-content\/uploads\/2025\/03\/adra-2-1-1024x683.jpg\" alt=\"\" width=\"1024\" height=\"683\" srcset=\"https:\/\/interamerica.org\/wp-content\/uploads\/2025\/03\/adra-2-1-1024x683.jpg 1024w, https:\/\/interamerica.org\/wp-content\/uploads\/2025\/03\/adra-2-1-300x200.jpg 300w, https:\/\/interamerica.org\/wp-content\/uploads\/2025\/03\/adra-2-1-768x512.jpg 768w, https:\/\/interamerica.org\/wp-content\/uploads\/2025\/03\/adra-2-1-1536x1024.jpg 1536w, https:\/\/interamerica.org\/wp-content\/uploads\/2025\/03\/adra-2-1-2048x1365.jpg 2048w\" sizes=\"(max-width: 1024px) 100vw, 1024px\" \/><p id=\"caption-attachment-125974\" class=\"wp-caption-text\">A trav\u00e9s de financiaci\u00f3n de USAID, le es posible a ADRA esforzarse en proyectos mundiales y apoyar a comunidades necesitadas. [Cr\u00e9dito: ADRA]<\/p><\/div>\u201cADRA est\u00e1 afligida por la dif\u00edcil decisi\u00f3n de reducir su personal como resultado de los desaf\u00edos financieros que estamos enfrentando. Esta decisi\u00f3n ha afectado a muchos de nuestros dedicados miembros del equipo; y estamos profundamente agradecidos por sus a\u00f1os de servicio y su decidida entrega a nuestra misi\u00f3n. Sus contribuciones han sido esenciales al ayudarnos a prestar servicios a las comunidades m\u00e1s vulnerables en todo el mundo. Honramos su labor y mantenemos en pie nuestro compromiso de apoyarlos a trav\u00e9s de esta desafiante transici\u00f3n. Mientras afrontamos estos tiempos dif\u00edciles, contin\u00faa inquebrantable nuestra misi\u00f3n de servir a aquellos en mayor necesidad. Estamos explorando nuevas fuentes de financiaci\u00f3n y estableciendo alianzas a fin de continuar proporcionando apoyo vital\u201d, dijo Korey Dowling, vicepresidente de personas y excelencia, de ADRA Internacional.<\/p>\n<h3 class=\"wp-block-heading\"><strong>D\u00e9cadas de impacto: Un legado de apoyo de USAID<\/strong><\/h3>\n<p>Por m\u00e1s de cuatro d\u00e9cadas, la agencia ADRA ha sido afortunada en recibir apoyo sustancial de parte de USAID y otras agencias gubernamentales, haciendo posible que esta organizaci\u00f3n proporcione ayuda vital a millones de ni\u00f1os, mujeres, familias y comunidades necesitadas en cada continente. Esta colaboraci\u00f3n ha sido esencial en el avance de la misi\u00f3n de ADRA de servir a la humanidad con compasi\u00f3n, justicia y amor.<\/p>\n<p><div id=\"attachment_125977\" style=\"width: 1010px\" class=\"wp-caption aligncenter\"><img loading=\"lazy\" decoding=\"async\" aria-describedby=\"caption-attachment-125977\" class=\"size-full wp-image-125975\" src=\"https:\/\/interamerica.org\/wp-content\/uploads\/2025\/03\/adra-3-1.jpg\" alt=\"\" width=\"1000\" height=\"667\" srcset=\"https:\/\/interamerica.org\/wp-content\/uploads\/2025\/03\/adra-3-1.jpg 1000w, https:\/\/interamerica.org\/wp-content\/uploads\/2025\/03\/adra-3-1-300x200.jpg 300w, https:\/\/interamerica.org\/wp-content\/uploads\/2025\/03\/adra-3-1-768x512.jpg 768w\" sizes=\"(max-width: 1000px) 100vw, 1000px\" \/><p id=\"caption-attachment-125977\" class=\"wp-caption-text\">ADRA pone en ejecuci\u00f3n el proyecto Fiovana a trav\u00e9s de financiaci\u00f3n de USAID. Este proyecto se lleva a cabo en la regi\u00f3n sureste de Madagascar y provee salud, nutrici\u00f3n y WASH. El proyecto incluye tambi\u00e9n agricultura y ayuda en desastres. [Cr\u00e9dito: ADRA]<\/p><\/div>Seg\u00fan lo se\u00f1alan los reglamentos de ADRA, aprobados por la Junta Ejecutiva de la Asociaci\u00f3n General cuando se estableci\u00f3 dicha agencia en 1983, la organizaci\u00f3n ha tenido siempre el compromiso de establecer lazos de colaboraci\u00f3n con varias denominaciones, organizaciones filantr\u00f3picas, bancos de desarrollo y agencias gubernamentales que comparten con ella su misi\u00f3n de atender las necesidades humanas. Este enfoque estrat\u00e9gico le ha permitido a ADRA expandir su alcance e impacto, aun frente a incertidumbres de financiaci\u00f3n.<\/p>\n<p><strong>Entrega continua de ADRA al servicio<\/strong><\/p>\n<p>A pesar de estos contratiempos, la agencia ADRA contin\u00faa resuelta en su misi\u00f3n de servir a las comunidades m\u00e1s vulnerables del mundo. En colaboraci\u00f3n con su junta de directores, ADRA est\u00e1 evaluando la mejor forma de asignar fondos operativos para sostener programas de importancia vital. La organizaci\u00f3n continuar\u00e1 dependiendo de donaciones individuales, apoyo de parte de otros gobiernos y financiaci\u00f3n por parte de instituciones que otorgan subvenciones. a fin de llevar adelante sus iniciativas humanitarias. Con una red mundial de m\u00e1s de 117 oficinas, ADRA se esforzar\u00e1 diligentemente en ajustar sus proyectos para asegurarse de que permanecen eficaces y contin\u00faan supliendo las necesidades de aquellos que los necesitan.<\/p>\n<p><div id=\"attachment_125980\" style=\"width: 1003px\" class=\"wp-caption aligncenter\"><img loading=\"lazy\" decoding=\"async\" aria-describedby=\"caption-attachment-125980\" class=\" wp-image-125978\" src=\"https:\/\/interamerica.org\/wp-content\/uploads\/2025\/03\/adra-4-honduras-1024x683.jpg\" alt=\"\" width=\"993\" height=\"662\" srcset=\"https:\/\/interamerica.org\/wp-content\/uploads\/2025\/03\/adra-4-honduras-1024x683.jpg 1024w, https:\/\/interamerica.org\/wp-content\/uploads\/2025\/03\/adra-4-honduras-300x200.jpg 300w, https:\/\/interamerica.org\/wp-content\/uploads\/2025\/03\/adra-4-honduras-768x512.jpg 768w, https:\/\/interamerica.org\/wp-content\/uploads\/2025\/03\/adra-4-honduras-1536x1024.jpg 1536w, https:\/\/interamerica.org\/wp-content\/uploads\/2025\/03\/adra-4-honduras.jpg 1800w\" sizes=\"(max-width: 993px) 100vw, 993px\" \/><p id=\"caption-attachment-125980\" class=\"wp-caption-text\">ADRA lleva a cabo un proyecto financiado por USAID en Honduras. [Cr\u00e9dito: ADRA]<\/p><\/div>\u201cADRA est\u00e1 profundamente agradecida por el continuo apoyo de sus confiables socios, la Iglesia Adventista, donadores y voluntarios. A pesar de los desaf\u00edos de financiaci\u00f3n, nos mantenemos comprometidos hacia la continuaci\u00f3n de nuestros programas vitales que apoyan a mujeres, ni\u00f1os, personas desplazadas y familias en crisis. Aunque esos desaf\u00edos son significativos, la fuerza de nuestra comunidad mundial y la resiliencia de las personas a quienes servimos nos llena de esperanza. Juntos vamos a salir de este momento y a continuar llevando a cabo nuestra misi\u00f3n de crear un futuro m\u00e1s brillante y compasivo para todos. Solicitamos de ustedes sus continuas oraciones y apoyo al esforzarnos por adaptarnos a la situaci\u00f3n actual mientras mantenemos nuestra misi\u00f3n de mejorar vidas, asegurando con ello que todos puedan vivir como era la intenci\u00f3n de Dios que lo fuese\u201d, dijo Sonya Funna Evelyn, vicepresidenta de desarrollo sustentable de ADRA Internacional.<br \/>\n<em>Adventist Development and Relief Agency<\/em><em>La<\/em> <a href=\"https:\/\/adra.org\/adra-navigates-disruptions-caused-by-usaid-funding-freeze\" target=\"_blank\" rel=\"noreferrer noopener\"><em>versi\u00f3n original <\/em><\/a> <em>de<\/em> <em>esta<\/em> <em>noticia<\/em> <em>la<\/em> <em>public\u00f3 la<\/em> <em>on<\/em> <em>the<\/em> <em>Agencia Adventista de Desarrollo y Recursos Asistenciales Internacional<\/em><em><a href=\"https:\/\/adra.org\/\" target=\"_blank\" rel=\"noopener\">en su sitio web <\/a><\/em><em>.<\/em><\/p>\n<p>Traducci\u00f3n \u2013 Gloria A. Castrej\u00f3n<\/p>\n","protected":false},"excerpt":{"rendered":"<p>Esta organizaci\u00f3n mundial se vio forzada a reducir personal por causa de falta de fondos financieros de USAID. 8 de marzo de 2025 | Silver Spring, Maryland, Estados Unidos |&#8230;<\/p>\n","protected":false},"author":3,"featured_media":125965,"comment_status":"closed","ping_status":"closed","sticky":false,"template":"","format":"standard","meta":{"_acf_changed":false,"footnotes":""},"categories":[14,15],"tags":[],"class_list":["post-126069","post","type-post","status-publish","format-standard","has-post-thumbnail","hentry","category-de-la-iglesia-mundial","category-rss-espanol"],"acf":[],"yoast_head":"<!-- This site is optimized with the Yoast SEO plugin v27.3 - https:\/\/yoast.com\/product\/yoast-seo-wordpress\/ -->\n<title>ADRA afronta los trastornos causados por la congelaci\u00f3n de fondos de USAID - Iglesia Adventista del S\u00e9ptimo D\u00eda - Divisi\u00f3n Interamericana<\/title>\n<meta name=\"robots\" content=\"index, follow, max-snippet:-1, max-image-preview:large, max-video-preview:-1\" \/>\n<link rel=\"canonical\" href=\"https:\/\/interamerica.org\/es\/2025\/03\/adra-afronta-los-trastornos-causados-por-la-congelacion-de-fondos-de-usaid\/\" \/>\n<meta property=\"og:locale\" content=\"es_ES\" \/>\n<meta property=\"og:type\" content=\"article\" \/>\n<meta property=\"og:title\" content=\"ADRA afronta los trastornos causados por la congelaci\u00f3n de fondos de USAID - Iglesia Adventista del S\u00e9ptimo D\u00eda - Divisi\u00f3n Interamericana\" \/>\n<meta property=\"og:description\" content=\"Esta organizaci\u00f3n mundial se vio forzada a reducir personal por causa de falta de fondos financieros de USAID. 8 de marzo de 2025 | Silver Spring, Maryland, Estados Unidos |...\" \/>\n<meta property=\"og:url\" content=\"https:\/\/interamerica.org\/es\/2025\/03\/adra-afronta-los-trastornos-causados-por-la-congelacion-de-fondos-de-usaid\/\" \/>\n<meta property=\"og:site_name\" content=\"Iglesia Adventista del S\u00e9ptimo D\u00eda - Divisi\u00f3n Interamericana\" \/>\n<meta property=\"article:published_time\" content=\"2025-03-09T12:34:04+00:00\" \/>\n<meta property=\"article:modified_time\" content=\"2025-03-10T13:37:37+00:00\" \/>\n<meta property=\"og:image\" content=\"https:\/\/interamerica.org\/wp-content\/uploads\/2025\/03\/adra-6-degustation-apres-dc-cr-amporoforo-district-vohipeno1027-1-scaled.jpg\" \/>\n\t<meta property=\"og:image:width\" content=\"2560\" \/>\n\t<meta property=\"og:image:height\" content=\"1707\" \/>\n\t<meta property=\"og:image:type\" content=\"image\/jpeg\" \/>\n<meta name=\"author\" content=\"libna\" \/>\n<meta name=\"twitter:card\" content=\"summary_large_image\" \/>\n<meta name=\"twitter:label1\" content=\"Escrito por\" \/>\n\t<meta name=\"twitter:data1\" content=\"libna\" \/>\n\t<meta name=\"twitter:label2\" content=\"Tiempo de lectura\" \/>\n\t<meta name=\"twitter:data2\" content=\"7 minutos\" \/>\n<script type=\"application\/ld+json\" class=\"yoast-schema-graph\">{\"@context\":\"https:\\\/\\\/schema.org\",\"@graph\":[{\"@type\":\"Article\",\"@id\":\"https:\\\/\\\/interamerica.org\\\/es\\\/2025\\\/03\\\/adra-afronta-los-trastornos-causados-por-la-congelacion-de-fondos-de-usaid\\\/#article\",\"isPartOf\":{\"@id\":\"https:\\\/\\\/interamerica.org\\\/es\\\/2025\\\/03\\\/adra-afronta-los-trastornos-causados-por-la-congelacion-de-fondos-de-usaid\\\/\"},\"author\":{\"name\":\"libna\",\"@id\":\"https:\\\/\\\/interamerica.org\\\/es\\\/#\\\/schema\\\/person\\\/29998f2bc2d8bd0d38662909289b54f1\"},\"headline\":\"ADRA afronta los trastornos causados por la congelaci\u00f3n de fondos de USAID\",\"datePublished\":\"2025-03-09T12:34:04+00:00\",\"dateModified\":\"2025-03-10T13:37:37+00:00\",\"mainEntityOfPage\":{\"@id\":\"https:\\\/\\\/interamerica.org\\\/es\\\/2025\\\/03\\\/adra-afronta-los-trastornos-causados-por-la-congelacion-de-fondos-de-usaid\\\/\"},\"wordCount\":1261,\"image\":{\"@id\":\"https:\\\/\\\/interamerica.org\\\/es\\\/2025\\\/03\\\/adra-afronta-los-trastornos-causados-por-la-congelacion-de-fondos-de-usaid\\\/#primaryimage\"},\"thumbnailUrl\":\"https:\\\/\\\/interamerica.org\\\/wp-content\\\/uploads\\\/2025\\\/03\\\/adra-6-degustation-apres-dc-cr-amporoforo-district-vohipeno1027-1-scaled.jpg\",\"articleSection\":[\"Desde la iglesia mundial\",\"RSS Espa\u00f1ol\"],\"inLanguage\":\"es\"},{\"@type\":\"WebPage\",\"@id\":\"https:\\\/\\\/interamerica.org\\\/es\\\/2025\\\/03\\\/adra-afronta-los-trastornos-causados-por-la-congelacion-de-fondos-de-usaid\\\/\",\"url\":\"https:\\\/\\\/interamerica.org\\\/es\\\/2025\\\/03\\\/adra-afronta-los-trastornos-causados-por-la-congelacion-de-fondos-de-usaid\\\/\",\"name\":\"ADRA afronta los trastornos causados por la congelaci\u00f3n de fondos de USAID - Iglesia Adventista del S\u00e9ptimo D\u00eda - Divisi\u00f3n Interamericana\",\"isPartOf\":{\"@id\":\"https:\\\/\\\/interamerica.org\\\/es\\\/#website\"},\"primaryImageOfPage\":{\"@id\":\"https:\\\/\\\/interamerica.org\\\/es\\\/2025\\\/03\\\/adra-afronta-los-trastornos-causados-por-la-congelacion-de-fondos-de-usaid\\\/#primaryimage\"},\"image\":{\"@id\":\"https:\\\/\\\/interamerica.org\\\/es\\\/2025\\\/03\\\/adra-afronta-los-trastornos-causados-por-la-congelacion-de-fondos-de-usaid\\\/#primaryimage\"},\"thumbnailUrl\":\"https:\\\/\\\/interamerica.org\\\/wp-content\\\/uploads\\\/2025\\\/03\\\/adra-6-degustation-apres-dc-cr-amporoforo-district-vohipeno1027-1-scaled.jpg\",\"datePublished\":\"2025-03-09T12:34:04+00:00\",\"dateModified\":\"2025-03-10T13:37:37+00:00\",\"author\":{\"@id\":\"https:\\\/\\\/interamerica.org\\\/es\\\/#\\\/schema\\\/person\\\/29998f2bc2d8bd0d38662909289b54f1\"},\"breadcrumb\":{\"@id\":\"https:\\\/\\\/interamerica.org\\\/es\\\/2025\\\/03\\\/adra-afronta-los-trastornos-causados-por-la-congelacion-de-fondos-de-usaid\\\/#breadcrumb\"},\"inLanguage\":\"es\",\"potentialAction\":[{\"@type\":\"ReadAction\",\"target\":[\"https:\\\/\\\/interamerica.org\\\/es\\\/2025\\\/03\\\/adra-afronta-los-trastornos-causados-por-la-congelacion-de-fondos-de-usaid\\\/\"]}]},{\"@type\":\"ImageObject\",\"inLanguage\":\"es\",\"@id\":\"https:\\\/\\\/interamerica.org\\\/es\\\/2025\\\/03\\\/adra-afronta-los-trastornos-causados-por-la-congelacion-de-fondos-de-usaid\\\/#primaryimage\",\"url\":\"https:\\\/\\\/interamerica.org\\\/wp-content\\\/uploads\\\/2025\\\/03\\\/adra-6-degustation-apres-dc-cr-amporoforo-district-vohipeno1027-1-scaled.jpg\",\"contentUrl\":\"https:\\\/\\\/interamerica.org\\\/wp-content\\\/uploads\\\/2025\\\/03\\\/adra-6-degustation-apres-dc-cr-amporoforo-district-vohipeno1027-1-scaled.jpg\",\"width\":2560,\"height\":1707,\"caption\":\"The Adventist Development and Relief Agency (ADRA) implements a water USAID project in the Amporoforo district in Madagascar. [Credit: ADRA]\"},{\"@type\":\"BreadcrumbList\",\"@id\":\"https:\\\/\\\/interamerica.org\\\/es\\\/2025\\\/03\\\/adra-afronta-los-trastornos-causados-por-la-congelacion-de-fondos-de-usaid\\\/#breadcrumb\",\"itemListElement\":[{\"@type\":\"ListItem\",\"position\":1,\"name\":\"Home\",\"item\":\"https:\\\/\\\/interamerica.org\\\/es\\\/\"},{\"@type\":\"ListItem\",\"position\":2,\"name\":\"ADRA afronta los trastornos causados por la congelaci\u00f3n de fondos de USAID\"}]},{\"@type\":\"WebSite\",\"@id\":\"https:\\\/\\\/interamerica.org\\\/es\\\/#website\",\"url\":\"https:\\\/\\\/interamerica.org\\\/es\\\/\",\"name\":\"Iglesia Adventista del S\u00e9ptimo D\u00eda - Divisi\u00f3n Interamericana\",\"description\":\"\",\"potentialAction\":[{\"@type\":\"SearchAction\",\"target\":{\"@type\":\"EntryPoint\",\"urlTemplate\":\"https:\\\/\\\/interamerica.org\\\/es\\\/?s={search_term_string}\"},\"query-input\":{\"@type\":\"PropertyValueSpecification\",\"valueRequired\":true,\"valueName\":\"search_term_string\"}}],\"inLanguage\":\"es\"},{\"@type\":\"Person\",\"@id\":\"https:\\\/\\\/interamerica.org\\\/es\\\/#\\\/schema\\\/person\\\/29998f2bc2d8bd0d38662909289b54f1\",\"name\":\"libna\",\"image\":{\"@type\":\"ImageObject\",\"inLanguage\":\"es\",\"@id\":\"https:\\\/\\\/secure.gravatar.com\\\/avatar\\\/7c5bd30ae4b47a9ba3c856590957fd1d96dc588bf3ac05719d247e126840331f?s=96&d=mm&r=g\",\"url\":\"https:\\\/\\\/secure.gravatar.com\\\/avatar\\\/7c5bd30ae4b47a9ba3c856590957fd1d96dc588bf3ac05719d247e126840331f?s=96&d=mm&r=g\",\"contentUrl\":\"https:\\\/\\\/secure.gravatar.com\\\/avatar\\\/7c5bd30ae4b47a9ba3c856590957fd1d96dc588bf3ac05719d247e126840331f?s=96&d=mm&r=g\",\"caption\":\"libna\"}}]}<\/script>\n<!-- \/ Yoast SEO plugin. -->","yoast_head_json":{"title":"ADRA afronta los trastornos causados por la congelaci\u00f3n de fondos de USAID - Iglesia Adventista del S\u00e9ptimo D\u00eda - Divisi\u00f3n Interamericana","robots":{"index":"index","follow":"follow","max-snippet":"max-snippet:-1","max-image-preview":"max-image-preview:large","max-video-preview":"max-video-preview:-1"},"canonical":"https:\/\/interamerica.org\/es\/2025\/03\/adra-afronta-los-trastornos-causados-por-la-congelacion-de-fondos-de-usaid\/","og_locale":"es_ES","og_type":"article","og_title":"ADRA afronta los trastornos causados por la congelaci\u00f3n de fondos de USAID - Iglesia Adventista del S\u00e9ptimo D\u00eda - Divisi\u00f3n Interamericana","og_description":"Esta organizaci\u00f3n mundial se vio forzada a reducir personal por causa de falta de fondos financieros de USAID. 8 de marzo de 2025 | Silver Spring, Maryland, Estados Unidos |...","og_url":"https:\/\/interamerica.org\/es\/2025\/03\/adra-afronta-los-trastornos-causados-por-la-congelacion-de-fondos-de-usaid\/","og_site_name":"Iglesia Adventista del S\u00e9ptimo D\u00eda - Divisi\u00f3n Interamericana","article_published_time":"2025-03-09T12:34:04+00:00","article_modified_time":"2025-03-10T13:37:37+00:00","og_image":[{"width":2560,"height":1707,"url":"https:\/\/interamerica.org\/wp-content\/uploads\/2025\/03\/adra-6-degustation-apres-dc-cr-amporoforo-district-vohipeno1027-1-scaled.jpg","type":"image\/jpeg"}],"author":"libna","twitter_card":"summary_large_image","twitter_misc":{"Escrito por":"libna","Tiempo de lectura":"7 minutos"},"schema":{"@context":"https:\/\/schema.org","@graph":[{"@type":"Article","@id":"https:\/\/interamerica.org\/es\/2025\/03\/adra-afronta-los-trastornos-causados-por-la-congelacion-de-fondos-de-usaid\/#article","isPartOf":{"@id":"https:\/\/interamerica.org\/es\/2025\/03\/adra-afronta-los-trastornos-causados-por-la-congelacion-de-fondos-de-usaid\/"},"author":{"name":"libna","@id":"https:\/\/interamerica.org\/es\/#\/schema\/person\/29998f2bc2d8bd0d38662909289b54f1"},"headline":"ADRA afronta los trastornos causados por la congelaci\u00f3n de fondos de USAID","datePublished":"2025-03-09T12:34:04+00:00","dateModified":"2025-03-10T13:37:37+00:00","mainEntityOfPage":{"@id":"https:\/\/interamerica.org\/es\/2025\/03\/adra-afronta-los-trastornos-causados-por-la-congelacion-de-fondos-de-usaid\/"},"wordCount":1261,"image":{"@id":"https:\/\/interamerica.org\/es\/2025\/03\/adra-afronta-los-trastornos-causados-por-la-congelacion-de-fondos-de-usaid\/#primaryimage"},"thumbnailUrl":"https:\/\/interamerica.org\/wp-content\/uploads\/2025\/03\/adra-6-degustation-apres-dc-cr-amporoforo-district-vohipeno1027-1-scaled.jpg","articleSection":["Desde la iglesia mundial","RSS Espa\u00f1ol"],"inLanguage":"es"},{"@type":"WebPage","@id":"https:\/\/interamerica.org\/es\/2025\/03\/adra-afronta-los-trastornos-causados-por-la-congelacion-de-fondos-de-usaid\/","url":"https:\/\/interamerica.org\/es\/2025\/03\/adra-afronta-los-trastornos-causados-por-la-congelacion-de-fondos-de-usaid\/","name":"ADRA afronta los trastornos causados por la congelaci\u00f3n de fondos de USAID - Iglesia Adventista del S\u00e9ptimo D\u00eda - Divisi\u00f3n Interamericana","isPartOf":{"@id":"https:\/\/interamerica.org\/es\/#website"},"primaryImageOfPage":{"@id":"https:\/\/interamerica.org\/es\/2025\/03\/adra-afronta-los-trastornos-causados-por-la-congelacion-de-fondos-de-usaid\/#primaryimage"},"image":{"@id":"https:\/\/interamerica.org\/es\/2025\/03\/adra-afronta-los-trastornos-causados-por-la-congelacion-de-fondos-de-usaid\/#primaryimage"},"thumbnailUrl":"https:\/\/interamerica.org\/wp-content\/uploads\/2025\/03\/adra-6-degustation-apres-dc-cr-amporoforo-district-vohipeno1027-1-scaled.jpg","datePublished":"2025-03-09T12:34:04+00:00","dateModified":"2025-03-10T13:37:37+00:00","author":{"@id":"https:\/\/interamerica.org\/es\/#\/schema\/person\/29998f2bc2d8bd0d38662909289b54f1"},"breadcrumb":{"@id":"https:\/\/interamerica.org\/es\/2025\/03\/adra-afronta-los-trastornos-causados-por-la-congelacion-de-fondos-de-usaid\/#breadcrumb"},"inLanguage":"es","potentialAction":[{"@type":"ReadAction","target":["https:\/\/interamerica.org\/es\/2025\/03\/adra-afronta-los-trastornos-causados-por-la-congelacion-de-fondos-de-usaid\/"]}]},{"@type":"ImageObject","inLanguage":"es","@id":"https:\/\/interamerica.org\/es\/2025\/03\/adra-afronta-los-trastornos-causados-por-la-congelacion-de-fondos-de-usaid\/#primaryimage","url":"https:\/\/interamerica.org\/wp-content\/uploads\/2025\/03\/adra-6-degustation-apres-dc-cr-amporoforo-district-vohipeno1027-1-scaled.jpg","contentUrl":"https:\/\/interamerica.org\/wp-content\/uploads\/2025\/03\/adra-6-degustation-apres-dc-cr-amporoforo-district-vohipeno1027-1-scaled.jpg","width":2560,"height":1707,"caption":"The Adventist Development and Relief Agency (ADRA) implements a water USAID project in the Amporoforo district in Madagascar. [Credit: ADRA]"},{"@type":"BreadcrumbList","@id":"https:\/\/interamerica.org\/es\/2025\/03\/adra-afronta-los-trastornos-causados-por-la-congelacion-de-fondos-de-usaid\/#breadcrumb","itemListElement":[{"@type":"ListItem","position":1,"name":"Home","item":"https:\/\/interamerica.org\/es\/"},{"@type":"ListItem","position":2,"name":"ADRA afronta los trastornos causados por la congelaci\u00f3n de fondos de USAID"}]},{"@type":"WebSite","@id":"https:\/\/interamerica.org\/es\/#website","url":"https:\/\/interamerica.org\/es\/","name":"Iglesia Adventista del S\u00e9ptimo D\u00eda - Divisi\u00f3n Interamericana","description":"","potentialAction":[{"@type":"SearchAction","target":{"@type":"EntryPoint","urlTemplate":"https:\/\/interamerica.org\/es\/?s={search_term_string}"},"query-input":{"@type":"PropertyValueSpecification","valueRequired":true,"valueName":"search_term_string"}}],"inLanguage":"es"},{"@type":"Person","@id":"https:\/\/interamerica.org\/es\/#\/schema\/person\/29998f2bc2d8bd0d38662909289b54f1","name":"libna","image":{"@type":"ImageObject","inLanguage":"es","@id":"https:\/\/secure.gravatar.com\/avatar\/7c5bd30ae4b47a9ba3c856590957fd1d96dc588bf3ac05719d247e126840331f?s=96&d=mm&r=g","url":"https:\/\/secure.gravatar.com\/avatar\/7c5bd30ae4b47a9ba3c856590957fd1d96dc588bf3ac05719d247e126840331f?s=96&d=mm&r=g","contentUrl":"https:\/\/secure.gravatar.com\/avatar\/7c5bd30ae4b47a9ba3c856590957fd1d96dc588bf3ac05719d247e126840331f?s=96&d=mm&r=g","caption":"libna"}}]}},"_links":{"self":[{"href":"https:\/\/interamerica.org\/es\/wp-json\/wp\/v2\/posts\/126069","targetHints":{"allow":["GET"]}}],"collection":[{"href":"https:\/\/interamerica.org\/es\/wp-json\/wp\/v2\/posts"}],"about":[{"href":"https:\/\/interamerica.org\/es\/wp-json\/wp\/v2\/types\/post"}],"author":[{"embeddable":true,"href":"https:\/\/interamerica.org\/es\/wp-json\/wp\/v2\/users\/3"}],"replies":[{"embeddable":true,"href":"https:\/\/interamerica.org\/es\/wp-json\/wp\/v2\/comments?post=126069"}],"version-history":[{"count":0,"href":"https:\/\/interamerica.org\/es\/wp-json\/wp\/v2\/posts\/126069\/revisions"}],"wp:featuredmedia":[{"embeddable":true,"href":"https:\/\/interamerica.org\/es\/wp-json\/wp\/v2\/media\/125965"}],"wp:attachment":[{"href":"https:\/\/interamerica.org\/es\/wp-json\/wp\/v2\/media?parent=126069"}],"wp:term":[{"taxonomy":"category","embeddable":true,"href":"https:\/\/interamerica.org\/es\/wp-json\/wp\/v2\/categories?post=126069"},{"taxonomy":"post_tag","embeddable":true,"href":"https:\/\/interamerica.org\/es\/wp-json\/wp\/v2\/tags?post=126069"}],"curies":[{"name":"wp","href":"https:\/\/api.w.org\/{rel}","templated":true}]}}