{"id":126474,"date":"2025-03-20T08:10:35","date_gmt":"2025-03-20T12:10:35","guid":{"rendered":"https:\/\/interamerica.org\/?p=126474"},"modified":"2025-03-20T13:04:17","modified_gmt":"2025-03-20T17:04:17","slug":"cultive-la-confianza-sea-autentico-y-cree-microcomunidades-dicen-los-expertos","status":"publish","type":"post","link":"https:\/\/interamerica.org\/es\/2025\/03\/cultive-la-confianza-sea-autentico-y-cree-microcomunidades-dicen-los-expertos\/","title":{"rendered":"Cultive la confianza, sea aut\u00e9ntico y cree microcomunidades, dicen los expertos"},"content":{"rendered":"<div id=\"attachment_126386\" style=\"width: 970px\" class=\"wp-caption aligncenter\"><img fetchpriority=\"high\" decoding=\"async\" aria-describedby=\"caption-attachment-126386\" class=\" wp-image-126384\" src=\"https:\/\/interamerica.org\/wp-content\/uploads\/2025\/03\/astralia-1-3-1024x577.jpg\" alt=\"\" width=\"960\" height=\"541\" srcset=\"https:\/\/interamerica.org\/wp-content\/uploads\/2025\/03\/astralia-1-3-1024x577.jpg 1024w, https:\/\/interamerica.org\/wp-content\/uploads\/2025\/03\/astralia-1-3-300x169.jpg 300w, https:\/\/interamerica.org\/wp-content\/uploads\/2025\/03\/astralia-1-3-768x433.jpg 768w, https:\/\/interamerica.org\/wp-content\/uploads\/2025\/03\/astralia-1-3.jpg 1536w\" sizes=\"(max-width: 960px) 100vw, 960px\" \/><p id=\"caption-attachment-126386\" class=\"wp-caption-text\">Comunicadores adventistas de medios compartieron ideas sobre podcasting, durante la Conferencia de Discipulado Digital de la Divisi\u00f3n del Pac\u00edfico Sur 2025 en Gold Coast, Queensland, Australia, el 15 de marzo. [Fotograf\u00eda: Charmaine Patel, Adventist Record]<\/p><\/div>\n<p class=\"c-post-header__subtitle\"><em>La Conferencia de Discipulado Digital llama a los comunicadores adventistas al compromiso y a incrementar sus esfuerzos.<\/em><\/p>\n<p>20 de marzo de 2025 | Queensland, Australia | Marcos Paseggi, <em>Adventist Review<\/em><\/p>\n<p>Entre los m\u00faltiples preparativos para la Conferencia de Discipulado Digital de la Divisi\u00f3n del Pac\u00edfico Sur (SPD) de 2025 que se llev\u00f3 a cabo en Gold Coast, Queensland, Australia, el equipo organizador agreg\u00f3 uno que ni siquiera ellos hab\u00edan anticipado: verificar diariamente el pron\u00f3stico del tiempo. Apenas unos d\u00edas antes del comienzo del evento programado del 14 al 16 de marzo, el cicl\u00f3n tropical Alfred toc\u00f3 tierra en la costa cercana de Surfer&#8217;s Paradise, lo que provoc\u00f3 cortes de energ\u00eda, inundaciones y evacuaciones.<\/p>\n<p>\u201cRevis\u00e1bamos el pron\u00f3stico todas las ma\u00f1anas\u201d, reconoci\u00f3 Jarrod Stackelroth, escritor y editor de la revista de la iglesia regional <em>Adventist Record<\/em>. \u201cAs\u00ed que estamos agradecidos de estar aqu\u00ed\u201d.<\/p>\n<p><div id=\"attachment_126389\" style=\"width: 944px\" class=\"wp-caption aligncenter\"><img decoding=\"async\" aria-describedby=\"caption-attachment-126389\" class=\" wp-image-126387\" src=\"https:\/\/interamerica.org\/wp-content\/uploads\/2025\/03\/australia-3b-1.jpg\" alt=\"\" width=\"934\" height=\"623\" srcset=\"https:\/\/interamerica.org\/wp-content\/uploads\/2025\/03\/australia-3b-1.jpg 1024w, https:\/\/interamerica.org\/wp-content\/uploads\/2025\/03\/australia-3b-1-300x200.jpg 300w, https:\/\/interamerica.org\/wp-content\/uploads\/2025\/03\/australia-3b-1-768x512.jpg 768w\" sizes=\"(max-width: 934px) 100vw, 934px\" \/><p id=\"caption-attachment-126389\" class=\"wp-caption-text\">Durante la Conferencia de Discipulado Digital celebrada del 14 al 16 de marzo, los participantes se encontraron con otros colegas y establecieron nuevas amistades. [Fotograf\u00eda: Charmaine Patel, Adventist Record]<\/p><\/div>Los principales desaf\u00edos incluyeron un cambio de lugar de \u00faltima hora debido a un corte de energ\u00eda. Pero a pesar de todo, unos 110 comunicadores adventistas de nueve pa\u00edses del Pac\u00edfico Sur y m\u00e1s all\u00e1 se reunieron para aprender c\u00f3mo aprovechar el poder de las \u00faltimas herramientas digitales para tener un impacto para Cristo.<\/p>\n<h3 class=\"wp-block-heading\"><strong>Un campo de entrenamiento<\/strong><\/h3>\n<p>La lista de oradores de 2025 incluy\u00f3 expertos en medios digitales y promoci\u00f3n, dise\u00f1o y fotograf\u00eda, escritura y edici\u00f3n, podcasts y entrenamiento para el discipulado. Varios oradores coincidieron en destacar el r\u00e1pido ritmo de los cambios en la comunicaci\u00f3n, haciendo hincapi\u00e9 en la importancia de eventos como esa conferencia para aprender a ser mejores comunicadores.<\/p>\n<p><div id=\"attachment_126392\" style=\"width: 952px\" class=\"wp-caption aligncenter\"><img decoding=\"async\" aria-describedby=\"caption-attachment-126392\" class=\" wp-image-126390\" src=\"https:\/\/interamerica.org\/wp-content\/uploads\/2025\/03\/australia-3-2-1.jpg\" alt=\"\" width=\"942\" height=\"628\" srcset=\"https:\/\/interamerica.org\/wp-content\/uploads\/2025\/03\/australia-3-2-1.jpg 1024w, https:\/\/interamerica.org\/wp-content\/uploads\/2025\/03\/australia-3-2-1-300x200.jpg 300w, https:\/\/interamerica.org\/wp-content\/uploads\/2025\/03\/australia-3-2-1-768x512.jpg 768w\" sizes=\"(max-width: 942px) 100vw, 942px\" \/><p id=\"caption-attachment-126392\" class=\"wp-caption-text\">Los seminarios especializados y las sesiones plenarias fueron grabados, y estar\u00e1n disponibles para todos los asistentes. [Fotograf\u00eda: Charmaine Patel, Adventist Record]<\/p><\/div>\u00abLa [Conferencia] de Discipulado Digital es un campo de entrenamiento, un lugar para aprender lo que est\u00e1 sucediendo en el espacio digital, porque ahora est\u00e1 cambiando muy r\u00e1pidamente\u00bb, dijo Jared Madden, gerente digital, de promoci\u00f3n y ventas de Medios Adventistas de la SPD y pionero de los podcasts en Australia. \u201cLa gente est\u00e1 discutiendo lo que est\u00e1 funcionando y lo que no, y aprendiendo unos de otros, de modo que cuando volvamos a nuestras interacciones y proyectos digitales, podamos llegar a las personas de manera m\u00e1s efectiva y estar m\u00e1s informados sobre c\u00f3mo lo hacemos\u201d, explic\u00f3.<\/p>\n<h3 class=\"wp-block-heading\"><strong>Una repetici\u00f3n de t\u00e9rminos<\/strong><\/h3>\n<p>Al mismo tiempo, en todos los campos relacionados con la comunicaci\u00f3n, la mayor\u00eda de los oradores enfatizaron la importancia de trabajar para generar confianza y mostrar autenticidad en un mundo que se ha vuelto cada vez m\u00e1s desconfiado.<\/p>\n<p><div id=\"attachment_126393\" style=\"width: 952px\" class=\"wp-caption aligncenter\"><img loading=\"lazy\" decoding=\"async\" aria-describedby=\"caption-attachment-126393\" class=\"wp-image-126393\" src=\"https:\/\/interamerica.org\/wp-content\/uploads\/2025\/03\/australia-4-1-1.jpg\" alt=\"\" width=\"942\" height=\"628\" srcset=\"https:\/\/interamerica.org\/wp-content\/uploads\/2025\/03\/australia-4-1-1.jpg 1024w, https:\/\/interamerica.org\/wp-content\/uploads\/2025\/03\/australia-4-1-1-300x200.jpg 300w, https:\/\/interamerica.org\/wp-content\/uploads\/2025\/03\/australia-4-1-1-768x512.jpg 768w\" sizes=\"(max-width: 942px) 100vw, 942px\" \/><p id=\"caption-attachment-126393\" class=\"wp-caption-text\">Maryellen Hacko dirige una sesi\u00f3n plenaria sobre c\u00f3mo desarrollar una estrategia sobre contenidos creativos. [Fotograf\u00eda: Charmaine Patel, Adventist Record]<\/p><\/div>\u201cSe trata de generar confianza y ser aut\u00e9ntico\u201d, enfatizaron varios presentadores. \u201cCuando las personas conf\u00edan en nosotros, recibir\u00e1n de buena gana nuestra amistad y estar\u00e1n abiertas a escuchar lo que tengamos que decirles\u201d.<\/p>\n<p>Los expertos en comunicaci\u00f3n tambi\u00e9n explicaron que el crecimiento exponencial de voces en competencia y \u201cla falsedad\u201d que a menudo est\u00e1 presente en la comunicaci\u00f3n contempor\u00e1nea significa que no es tan f\u00e1cil como antes encontrar un nicho para impactar a otros. En ese contexto, la soluci\u00f3n es trabajar para crear microcomunidades, grupos de tama\u00f1o limitado con personas que comparten un inter\u00e9s, sugirieron. Es algo que podr\u00eda permitir la creaci\u00f3n de \u201cespacios seguros\u201d de interacci\u00f3n, construyendo as\u00ed amistades confiables, dijeron los expertos.<\/p>\n<p><div id=\"attachment_126398\" style=\"width: 962px\" class=\"wp-caption aligncenter\"><img loading=\"lazy\" decoding=\"async\" aria-describedby=\"caption-attachment-126398\" class=\" wp-image-126396\" src=\"https:\/\/interamerica.org\/wp-content\/uploads\/2025\/03\/australia-2-6-3.jpg\" alt=\"\" width=\"952\" height=\"635\" srcset=\"https:\/\/interamerica.org\/wp-content\/uploads\/2025\/03\/australia-2-6-3.jpg 1024w, https:\/\/interamerica.org\/wp-content\/uploads\/2025\/03\/australia-2-6-3-300x200.jpg 300w, https:\/\/interamerica.org\/wp-content\/uploads\/2025\/03\/australia-2-6-3-768x512.jpg 768w\" sizes=\"(max-width: 952px) 100vw, 952px\" \/><p id=\"caption-attachment-126398\" class=\"wp-caption-text\">Una fotograf\u00eda grupal de los asistentes a la Conferencia de Discipulado Digital de la Divisi\u00f3n del Pac\u00edfico Sur 2025 en Gold Coast, Queensland, Australia. [Fotograf\u00eda: Charmaine Patel, Adventist Record]<\/p><\/div>Seg\u00fan Madden, quien es miembro habitual de una de estas microcomunidades de personas con ideas afines, esos espacios seguros son fundamentales como primer paso para conectarse con los dem\u00e1s, especialmente en una sociedad tan secular como la australiana. \u201cLa clave es crear esos espacios seguros dentro de una microcomunidad, para con el tiempo pasar de una comunidad digital a una comunidad f\u00edsica de personas que se cuidan entre s\u00ed\u201d, dijo.<\/p>\n<p>Ese enfoque tiene implicaciones para la misi\u00f3n adventista, enfatiz\u00f3 Madden. \u201cCreo que la siguiente etapa del evangelismo efectivo, especialmente del discipulado digital, es la construcci\u00f3n de microcomunidades aut\u00e9nticas\u201d, expres\u00f3.<\/p>\n<div id=\"attachment_126401\" style=\"width: 955px\" class=\"wp-caption aligncenter\"><img loading=\"lazy\" decoding=\"async\" aria-describedby=\"caption-attachment-126401\" class=\" wp-image-126399\" src=\"https:\/\/interamerica.org\/wp-content\/uploads\/2025\/03\/australia-7-4.jpg\" alt=\"\" width=\"945\" height=\"630\" srcset=\"https:\/\/interamerica.org\/wp-content\/uploads\/2025\/03\/australia-7-4.jpg 1024w, https:\/\/interamerica.org\/wp-content\/uploads\/2025\/03\/australia-7-4-300x200.jpg 300w, https:\/\/interamerica.org\/wp-content\/uploads\/2025\/03\/australia-7-4-768x512.jpg 768w\" sizes=\"(max-width: 945px) 100vw, 945px\" \/><p id=\"caption-attachment-126401\" class=\"wp-caption-text\">Los participantes mencionaron que valoraban la oportunidad de compartir un mensaje de esperanza con los dem\u00e1s. [Fotograf\u00eda: Charmaine Patel, Adventist Record]<\/p><\/div>\n<h3 class=\"wp-block-heading\"><strong>Comprometidos con el servicio<\/strong><\/h3>\n<p>Varios asistentes destacaron lo valiosas que les hab\u00edan resultado las presentaciones y discusiones durante la conferencia. \u201cAprend\u00ed mucho\u201d, dijo Sonny Situmorang, creador digital y gerente de Radio Mundial Adventista en Indonesia. \u201cMe recordaron que tenemos que abrazar las redes sociales y maximizar el discipulado digital en nuestro ministerio. A pesar de nuestras diferencias culturales, sin duda implementar\u00e9 algunas de esas ideas en Indonesia\u201d.<\/p>\n<p>\u201cEste evento me record\u00f3 que ahora es el momento de conectarnos con las personas a trav\u00e9s de medios digitales\u201d, dijo Loanne Liligeto, gerente de las cuentas oficiales de redes sociales de la Iglesia Adventista en las Islas Salom\u00f3n. \u201cMi oraci\u00f3n es que mi tel\u00e9fono celular pueda ser una bendici\u00f3n. Y estoy orando para que, como escuch\u00e9 este fin de semana, pueda sentir la necesidad de conectarme con Dios para convertirme en una persona aut\u00e9ntica al tratar de alcanzar a otros para Cristo\u201d.<\/p>\n<p><div id=\"attachment_126404\" style=\"width: 965px\" class=\"wp-caption aligncenter\"><img loading=\"lazy\" decoding=\"async\" aria-describedby=\"caption-attachment-126404\" class=\" wp-image-126402\" src=\"https:\/\/interamerica.org\/wp-content\/uploads\/2025\/03\/australia-8-3.jpg\" alt=\"\" width=\"955\" height=\"637\" srcset=\"https:\/\/interamerica.org\/wp-content\/uploads\/2025\/03\/australia-8-3.jpg 1024w, https:\/\/interamerica.org\/wp-content\/uploads\/2025\/03\/australia-8-3-300x200.jpg 300w, https:\/\/interamerica.org\/wp-content\/uploads\/2025\/03\/australia-8-3-768x512.jpg 768w\" sizes=\"(max-width: 955px) 100vw, 955px\" \/><p id=\"caption-attachment-126404\" class=\"wp-caption-text\">Jarrod Stackelroth, que es escritor y editor, habla sobre el poder que tiene contar nuestra historia personal. [Fotograf\u00eda: Charmaine Patel, Adventist Record]<\/p><\/div>Antes de la clausura de la conferencia del pasado 16 de marzo, los l\u00edderes invitaron a los asistentes a una ceremonia de dedicaci\u00f3n, donde los participantes se impusieron las manos unos a otros y se or\u00f3 como una forma de confirmar el llamado de Dios y su compromiso resultante de compartir esperanza con quienes los rodean.<\/p>\n<p>\u201cPedimos inspiraci\u00f3n para responder al llamado que nos has hecho\u201d, or\u00f3 Jesse Herford, que es pastor, editor y podcaster. \u201cTe pedimos que nos env\u00edes tal como enviaste a los primeros disc\u00edpulos. Ay\u00fadanos a escuchar tu voz y seguir tus pasos, y que, cuando nos volvamos a encontrar, podamos compartir historias de los milagros que has hecho por nuestro medio\u201d.<\/p>\n<p>Traducci\u00f3n de Marcos Paseggi<\/p>\n","protected":false},"excerpt":{"rendered":"<p>La Conferencia de Discipulado Digital llama a los comunicadores adventistas al compromiso y a incrementar sus esfuerzos. 20 de marzo de 2025 | Queensland, Australia | Marcos Paseggi, Adventist Review&#8230;<\/p>\n","protected":false},"author":3,"featured_media":126386,"comment_status":"closed","ping_status":"closed","sticky":false,"template":"","format":"standard","meta":{"_acf_changed":false,"footnotes":""},"categories":[14,15],"tags":[],"class_list":["post-126474","post","type-post","status-publish","format-standard","has-post-thumbnail","hentry","category-de-la-iglesia-mundial","category-rss-espanol"],"acf":[],"yoast_head":"<!-- This site is optimized with the Yoast SEO plugin v27.3 - https:\/\/yoast.com\/product\/yoast-seo-wordpress\/ -->\n<title>Cultive la confianza, sea aut\u00e9ntico y cree microcomunidades, dicen los expertos - Iglesia Adventista del S\u00e9ptimo D\u00eda - Divisi\u00f3n Interamericana<\/title>\n<meta name=\"robots\" content=\"index, follow, max-snippet:-1, max-image-preview:large, max-video-preview:-1\" \/>\n<link rel=\"canonical\" href=\"https:\/\/interamerica.org\/es\/2025\/03\/cultive-la-confianza-sea-autentico-y-cree-microcomunidades-dicen-los-expertos\/\" \/>\n<meta property=\"og:locale\" content=\"es_ES\" \/>\n<meta property=\"og:type\" content=\"article\" \/>\n<meta property=\"og:title\" content=\"Cultive la confianza, sea aut\u00e9ntico y cree microcomunidades, dicen los expertos - Iglesia Adventista del S\u00e9ptimo D\u00eda - Divisi\u00f3n Interamericana\" \/>\n<meta property=\"og:description\" content=\"La Conferencia de Discipulado Digital llama a los comunicadores adventistas al compromiso y a incrementar sus esfuerzos. 20 de marzo de 2025 | Queensland, Australia | Marcos Paseggi, Adventist Review...\" \/>\n<meta property=\"og:url\" content=\"https:\/\/interamerica.org\/es\/2025\/03\/cultive-la-confianza-sea-autentico-y-cree-microcomunidades-dicen-los-expertos\/\" \/>\n<meta property=\"og:site_name\" content=\"Iglesia Adventista del S\u00e9ptimo D\u00eda - Divisi\u00f3n Interamericana\" \/>\n<meta property=\"article:published_time\" content=\"2025-03-20T12:10:35+00:00\" \/>\n<meta property=\"article:modified_time\" content=\"2025-03-20T17:04:17+00:00\" \/>\n<meta property=\"og:image\" content=\"https:\/\/interamerica.org\/wp-content\/uploads\/2025\/03\/astralia-1-3.jpg\" \/>\n\t<meta property=\"og:image:width\" content=\"1536\" \/>\n\t<meta property=\"og:image:height\" content=\"866\" \/>\n\t<meta property=\"og:image:type\" content=\"image\/jpeg\" \/>\n<meta name=\"author\" content=\"libna\" \/>\n<meta name=\"twitter:card\" content=\"summary_large_image\" \/>\n<meta name=\"twitter:label1\" content=\"Escrito por\" \/>\n\t<meta name=\"twitter:data1\" content=\"libna\" \/>\n\t<meta name=\"twitter:label2\" content=\"Tiempo de lectura\" \/>\n\t<meta name=\"twitter:data2\" content=\"7 minutos\" \/>\n<script type=\"application\/ld+json\" class=\"yoast-schema-graph\">{\"@context\":\"https:\\\/\\\/schema.org\",\"@graph\":[{\"@type\":\"Article\",\"@id\":\"https:\\\/\\\/interamerica.org\\\/es\\\/2025\\\/03\\\/cultive-la-confianza-sea-autentico-y-cree-microcomunidades-dicen-los-expertos\\\/#article\",\"isPartOf\":{\"@id\":\"https:\\\/\\\/interamerica.org\\\/es\\\/2025\\\/03\\\/cultive-la-confianza-sea-autentico-y-cree-microcomunidades-dicen-los-expertos\\\/\"},\"author\":{\"name\":\"libna\",\"@id\":\"https:\\\/\\\/interamerica.org\\\/es\\\/#\\\/schema\\\/person\\\/29998f2bc2d8bd0d38662909289b54f1\"},\"headline\":\"Cultive la confianza, sea aut\u00e9ntico y cree microcomunidades, dicen los expertos\",\"datePublished\":\"2025-03-20T12:10:35+00:00\",\"dateModified\":\"2025-03-20T17:04:17+00:00\",\"mainEntityOfPage\":{\"@id\":\"https:\\\/\\\/interamerica.org\\\/es\\\/2025\\\/03\\\/cultive-la-confianza-sea-autentico-y-cree-microcomunidades-dicen-los-expertos\\\/\"},\"wordCount\":1180,\"image\":{\"@id\":\"https:\\\/\\\/interamerica.org\\\/es\\\/2025\\\/03\\\/cultive-la-confianza-sea-autentico-y-cree-microcomunidades-dicen-los-expertos\\\/#primaryimage\"},\"thumbnailUrl\":\"https:\\\/\\\/interamerica.org\\\/wp-content\\\/uploads\\\/2025\\\/03\\\/astralia-1-3.jpg\",\"articleSection\":[\"Desde la iglesia mundial\",\"RSS Espa\u00f1ol\"],\"inLanguage\":\"es\"},{\"@type\":\"WebPage\",\"@id\":\"https:\\\/\\\/interamerica.org\\\/es\\\/2025\\\/03\\\/cultive-la-confianza-sea-autentico-y-cree-microcomunidades-dicen-los-expertos\\\/\",\"url\":\"https:\\\/\\\/interamerica.org\\\/es\\\/2025\\\/03\\\/cultive-la-confianza-sea-autentico-y-cree-microcomunidades-dicen-los-expertos\\\/\",\"name\":\"Cultive la confianza, sea aut\u00e9ntico y cree microcomunidades, dicen los expertos - Iglesia Adventista del S\u00e9ptimo D\u00eda - Divisi\u00f3n Interamericana\",\"isPartOf\":{\"@id\":\"https:\\\/\\\/interamerica.org\\\/es\\\/#website\"},\"primaryImageOfPage\":{\"@id\":\"https:\\\/\\\/interamerica.org\\\/es\\\/2025\\\/03\\\/cultive-la-confianza-sea-autentico-y-cree-microcomunidades-dicen-los-expertos\\\/#primaryimage\"},\"image\":{\"@id\":\"https:\\\/\\\/interamerica.org\\\/es\\\/2025\\\/03\\\/cultive-la-confianza-sea-autentico-y-cree-microcomunidades-dicen-los-expertos\\\/#primaryimage\"},\"thumbnailUrl\":\"https:\\\/\\\/interamerica.org\\\/wp-content\\\/uploads\\\/2025\\\/03\\\/astralia-1-3.jpg\",\"datePublished\":\"2025-03-20T12:10:35+00:00\",\"dateModified\":\"2025-03-20T17:04:17+00:00\",\"author\":{\"@id\":\"https:\\\/\\\/interamerica.org\\\/es\\\/#\\\/schema\\\/person\\\/29998f2bc2d8bd0d38662909289b54f1\"},\"breadcrumb\":{\"@id\":\"https:\\\/\\\/interamerica.org\\\/es\\\/2025\\\/03\\\/cultive-la-confianza-sea-autentico-y-cree-microcomunidades-dicen-los-expertos\\\/#breadcrumb\"},\"inLanguage\":\"es\",\"potentialAction\":[{\"@type\":\"ReadAction\",\"target\":[\"https:\\\/\\\/interamerica.org\\\/es\\\/2025\\\/03\\\/cultive-la-confianza-sea-autentico-y-cree-microcomunidades-dicen-los-expertos\\\/\"]}]},{\"@type\":\"ImageObject\",\"inLanguage\":\"es\",\"@id\":\"https:\\\/\\\/interamerica.org\\\/es\\\/2025\\\/03\\\/cultive-la-confianza-sea-autentico-y-cree-microcomunidades-dicen-los-expertos\\\/#primaryimage\",\"url\":\"https:\\\/\\\/interamerica.org\\\/wp-content\\\/uploads\\\/2025\\\/03\\\/astralia-1-3.jpg\",\"contentUrl\":\"https:\\\/\\\/interamerica.org\\\/wp-content\\\/uploads\\\/2025\\\/03\\\/astralia-1-3.jpg\",\"width\":1536,\"height\":866,\"caption\":\"Adventist media communicators shared insights about podcasting during the 2025 South Pacific Division Digital Discipleship Conference in Gold Coast, Queensland, Australia, March 15. [Photo: Charmaine Patel, Adventist Record]\"},{\"@type\":\"BreadcrumbList\",\"@id\":\"https:\\\/\\\/interamerica.org\\\/es\\\/2025\\\/03\\\/cultive-la-confianza-sea-autentico-y-cree-microcomunidades-dicen-los-expertos\\\/#breadcrumb\",\"itemListElement\":[{\"@type\":\"ListItem\",\"position\":1,\"name\":\"Home\",\"item\":\"https:\\\/\\\/interamerica.org\\\/es\\\/\"},{\"@type\":\"ListItem\",\"position\":2,\"name\":\"Cultive la confianza, sea aut\u00e9ntico y cree microcomunidades, dicen los expertos\"}]},{\"@type\":\"WebSite\",\"@id\":\"https:\\\/\\\/interamerica.org\\\/es\\\/#website\",\"url\":\"https:\\\/\\\/interamerica.org\\\/es\\\/\",\"name\":\"Iglesia Adventista del S\u00e9ptimo D\u00eda - Divisi\u00f3n Interamericana\",\"description\":\"\",\"potentialAction\":[{\"@type\":\"SearchAction\",\"target\":{\"@type\":\"EntryPoint\",\"urlTemplate\":\"https:\\\/\\\/interamerica.org\\\/es\\\/?s={search_term_string}\"},\"query-input\":{\"@type\":\"PropertyValueSpecification\",\"valueRequired\":true,\"valueName\":\"search_term_string\"}}],\"inLanguage\":\"es\"},{\"@type\":\"Person\",\"@id\":\"https:\\\/\\\/interamerica.org\\\/es\\\/#\\\/schema\\\/person\\\/29998f2bc2d8bd0d38662909289b54f1\",\"name\":\"libna\",\"image\":{\"@type\":\"ImageObject\",\"inLanguage\":\"es\",\"@id\":\"https:\\\/\\\/secure.gravatar.com\\\/avatar\\\/7c5bd30ae4b47a9ba3c856590957fd1d96dc588bf3ac05719d247e126840331f?s=96&d=mm&r=g\",\"url\":\"https:\\\/\\\/secure.gravatar.com\\\/avatar\\\/7c5bd30ae4b47a9ba3c856590957fd1d96dc588bf3ac05719d247e126840331f?s=96&d=mm&r=g\",\"contentUrl\":\"https:\\\/\\\/secure.gravatar.com\\\/avatar\\\/7c5bd30ae4b47a9ba3c856590957fd1d96dc588bf3ac05719d247e126840331f?s=96&d=mm&r=g\",\"caption\":\"libna\"}}]}<\/script>\n<!-- \/ Yoast SEO plugin. -->","yoast_head_json":{"title":"Cultive la confianza, sea aut\u00e9ntico y cree microcomunidades, dicen los expertos - Iglesia Adventista del S\u00e9ptimo D\u00eda - Divisi\u00f3n Interamericana","robots":{"index":"index","follow":"follow","max-snippet":"max-snippet:-1","max-image-preview":"max-image-preview:large","max-video-preview":"max-video-preview:-1"},"canonical":"https:\/\/interamerica.org\/es\/2025\/03\/cultive-la-confianza-sea-autentico-y-cree-microcomunidades-dicen-los-expertos\/","og_locale":"es_ES","og_type":"article","og_title":"Cultive la confianza, sea aut\u00e9ntico y cree microcomunidades, dicen los expertos - Iglesia Adventista del S\u00e9ptimo D\u00eda - Divisi\u00f3n Interamericana","og_description":"La Conferencia de Discipulado Digital llama a los comunicadores adventistas al compromiso y a incrementar sus esfuerzos. 20 de marzo de 2025 | Queensland, Australia | Marcos Paseggi, Adventist Review...","og_url":"https:\/\/interamerica.org\/es\/2025\/03\/cultive-la-confianza-sea-autentico-y-cree-microcomunidades-dicen-los-expertos\/","og_site_name":"Iglesia Adventista del S\u00e9ptimo D\u00eda - Divisi\u00f3n Interamericana","article_published_time":"2025-03-20T12:10:35+00:00","article_modified_time":"2025-03-20T17:04:17+00:00","og_image":[{"width":1536,"height":866,"url":"https:\/\/interamerica.org\/wp-content\/uploads\/2025\/03\/astralia-1-3.jpg","type":"image\/jpeg"}],"author":"libna","twitter_card":"summary_large_image","twitter_misc":{"Escrito por":"libna","Tiempo de lectura":"7 minutos"},"schema":{"@context":"https:\/\/schema.org","@graph":[{"@type":"Article","@id":"https:\/\/interamerica.org\/es\/2025\/03\/cultive-la-confianza-sea-autentico-y-cree-microcomunidades-dicen-los-expertos\/#article","isPartOf":{"@id":"https:\/\/interamerica.org\/es\/2025\/03\/cultive-la-confianza-sea-autentico-y-cree-microcomunidades-dicen-los-expertos\/"},"author":{"name":"libna","@id":"https:\/\/interamerica.org\/es\/#\/schema\/person\/29998f2bc2d8bd0d38662909289b54f1"},"headline":"Cultive la confianza, sea aut\u00e9ntico y cree microcomunidades, dicen los expertos","datePublished":"2025-03-20T12:10:35+00:00","dateModified":"2025-03-20T17:04:17+00:00","mainEntityOfPage":{"@id":"https:\/\/interamerica.org\/es\/2025\/03\/cultive-la-confianza-sea-autentico-y-cree-microcomunidades-dicen-los-expertos\/"},"wordCount":1180,"image":{"@id":"https:\/\/interamerica.org\/es\/2025\/03\/cultive-la-confianza-sea-autentico-y-cree-microcomunidades-dicen-los-expertos\/#primaryimage"},"thumbnailUrl":"https:\/\/interamerica.org\/wp-content\/uploads\/2025\/03\/astralia-1-3.jpg","articleSection":["Desde la iglesia mundial","RSS Espa\u00f1ol"],"inLanguage":"es"},{"@type":"WebPage","@id":"https:\/\/interamerica.org\/es\/2025\/03\/cultive-la-confianza-sea-autentico-y-cree-microcomunidades-dicen-los-expertos\/","url":"https:\/\/interamerica.org\/es\/2025\/03\/cultive-la-confianza-sea-autentico-y-cree-microcomunidades-dicen-los-expertos\/","name":"Cultive la confianza, sea aut\u00e9ntico y cree microcomunidades, dicen los expertos - Iglesia Adventista del S\u00e9ptimo D\u00eda - Divisi\u00f3n Interamericana","isPartOf":{"@id":"https:\/\/interamerica.org\/es\/#website"},"primaryImageOfPage":{"@id":"https:\/\/interamerica.org\/es\/2025\/03\/cultive-la-confianza-sea-autentico-y-cree-microcomunidades-dicen-los-expertos\/#primaryimage"},"image":{"@id":"https:\/\/interamerica.org\/es\/2025\/03\/cultive-la-confianza-sea-autentico-y-cree-microcomunidades-dicen-los-expertos\/#primaryimage"},"thumbnailUrl":"https:\/\/interamerica.org\/wp-content\/uploads\/2025\/03\/astralia-1-3.jpg","datePublished":"2025-03-20T12:10:35+00:00","dateModified":"2025-03-20T17:04:17+00:00","author":{"@id":"https:\/\/interamerica.org\/es\/#\/schema\/person\/29998f2bc2d8bd0d38662909289b54f1"},"breadcrumb":{"@id":"https:\/\/interamerica.org\/es\/2025\/03\/cultive-la-confianza-sea-autentico-y-cree-microcomunidades-dicen-los-expertos\/#breadcrumb"},"inLanguage":"es","potentialAction":[{"@type":"ReadAction","target":["https:\/\/interamerica.org\/es\/2025\/03\/cultive-la-confianza-sea-autentico-y-cree-microcomunidades-dicen-los-expertos\/"]}]},{"@type":"ImageObject","inLanguage":"es","@id":"https:\/\/interamerica.org\/es\/2025\/03\/cultive-la-confianza-sea-autentico-y-cree-microcomunidades-dicen-los-expertos\/#primaryimage","url":"https:\/\/interamerica.org\/wp-content\/uploads\/2025\/03\/astralia-1-3.jpg","contentUrl":"https:\/\/interamerica.org\/wp-content\/uploads\/2025\/03\/astralia-1-3.jpg","width":1536,"height":866,"caption":"Adventist media communicators shared insights about podcasting during the 2025 South Pacific Division Digital Discipleship Conference in Gold Coast, Queensland, Australia, March 15. [Photo: Charmaine Patel, Adventist Record]"},{"@type":"BreadcrumbList","@id":"https:\/\/interamerica.org\/es\/2025\/03\/cultive-la-confianza-sea-autentico-y-cree-microcomunidades-dicen-los-expertos\/#breadcrumb","itemListElement":[{"@type":"ListItem","position":1,"name":"Home","item":"https:\/\/interamerica.org\/es\/"},{"@type":"ListItem","position":2,"name":"Cultive la confianza, sea aut\u00e9ntico y cree microcomunidades, dicen los expertos"}]},{"@type":"WebSite","@id":"https:\/\/interamerica.org\/es\/#website","url":"https:\/\/interamerica.org\/es\/","name":"Iglesia Adventista del S\u00e9ptimo D\u00eda - Divisi\u00f3n Interamericana","description":"","potentialAction":[{"@type":"SearchAction","target":{"@type":"EntryPoint","urlTemplate":"https:\/\/interamerica.org\/es\/?s={search_term_string}"},"query-input":{"@type":"PropertyValueSpecification","valueRequired":true,"valueName":"search_term_string"}}],"inLanguage":"es"},{"@type":"Person","@id":"https:\/\/interamerica.org\/es\/#\/schema\/person\/29998f2bc2d8bd0d38662909289b54f1","name":"libna","image":{"@type":"ImageObject","inLanguage":"es","@id":"https:\/\/secure.gravatar.com\/avatar\/7c5bd30ae4b47a9ba3c856590957fd1d96dc588bf3ac05719d247e126840331f?s=96&d=mm&r=g","url":"https:\/\/secure.gravatar.com\/avatar\/7c5bd30ae4b47a9ba3c856590957fd1d96dc588bf3ac05719d247e126840331f?s=96&d=mm&r=g","contentUrl":"https:\/\/secure.gravatar.com\/avatar\/7c5bd30ae4b47a9ba3c856590957fd1d96dc588bf3ac05719d247e126840331f?s=96&d=mm&r=g","caption":"libna"}}]}},"_links":{"self":[{"href":"https:\/\/interamerica.org\/es\/wp-json\/wp\/v2\/posts\/126474","targetHints":{"allow":["GET"]}}],"collection":[{"href":"https:\/\/interamerica.org\/es\/wp-json\/wp\/v2\/posts"}],"about":[{"href":"https:\/\/interamerica.org\/es\/wp-json\/wp\/v2\/types\/post"}],"author":[{"embeddable":true,"href":"https:\/\/interamerica.org\/es\/wp-json\/wp\/v2\/users\/3"}],"replies":[{"embeddable":true,"href":"https:\/\/interamerica.org\/es\/wp-json\/wp\/v2\/comments?post=126474"}],"version-history":[{"count":0,"href":"https:\/\/interamerica.org\/es\/wp-json\/wp\/v2\/posts\/126474\/revisions"}],"wp:featuredmedia":[{"embeddable":true,"href":"https:\/\/interamerica.org\/es\/wp-json\/wp\/v2\/media\/126386"}],"wp:attachment":[{"href":"https:\/\/interamerica.org\/es\/wp-json\/wp\/v2\/media?parent=126474"}],"wp:term":[{"taxonomy":"category","embeddable":true,"href":"https:\/\/interamerica.org\/es\/wp-json\/wp\/v2\/categories?post=126474"},{"taxonomy":"post_tag","embeddable":true,"href":"https:\/\/interamerica.org\/es\/wp-json\/wp\/v2\/tags?post=126474"}],"curies":[{"name":"wp","href":"https:\/\/api.w.org\/{rel}","templated":true}]}}