{"id":126487,"date":"2025-03-19T16:25:07","date_gmt":"2025-03-19T20:25:07","guid":{"rendered":"https:\/\/interamerica.org\/?p=126487"},"modified":"2025-03-21T06:03:32","modified_gmt":"2025-03-21T10:03:32","slug":"hope-channel-international-elige-nuevo-vicepresidente-para-global-media-e-interaccion","status":"publish","type":"post","link":"https:\/\/interamerica.org\/es\/2025\/03\/hope-channel-international-elige-nuevo-vicepresidente-para-global-media-e-interaccion\/","title":{"rendered":"Hope Channel International elige nuevo vicepresidente para Global Media e Interacci\u00f3n"},"content":{"rendered":"<p class=\"mt-2 font-serif text-theme-900 dark:text-white\/75\"><em>Robbie Berghan cuenta con amplia experiencia en los medios y la evangelizaci\u00f3n, mientras la organizaci\u00f3n se esfuerza por expandir su impacto en todo el mundo. <\/em><\/p>\n<div class=\"flex flex-wrap items-center font-sans md:flex-nowrap gap-2 text-xs md:gap-4 md:text-sm dark:text-theme-100 text-theme-500 mt-8\">\n<div class=\"font-medium\"><time class=\"flex items-center gap-2\" datetime=\"2025-03-19T18:12:00.000Z\">19 de marzo de 2025 | Silver Spring, Maryland, Estados Unidos | Hope Channel International<\/time><\/div>\n<\/div>\n<div>\n<p class=\"text-start text-sm lg:text-base font-normal\">La Junta de Regentes de Hope Channel International ha nombrado a Robbie Berghan como nuevo vicepresidente electo para las funciones de medios globales y de interacci\u00f3n. El liderazgo del nuevo vicepresidente Berghan se abre en un momento significativo en que Hope Channel International expande sus esfuerzos para llegar hasta grupos de personas que todav\u00eda no han sido alcanzados con el evangelio.<\/p>\n<p class=\"text-start text-sm lg:text-base font-normal\">El pastor Berghan trae consigo una peculiar mezcla de experiencia en los medios, en la evangelizaci\u00f3n y la tecnolog\u00eda, lo cual lo convierte en un elemento bien equipado en la tarea de tomar aprovechar los medios de comunicaci\u00f3n en la misi\u00f3n, expandir estrategias de evangelizaci\u00f3n digital y fortalecer la colaboraci\u00f3n a trav\u00e9s de la Red Mundial de Hope Channel.<\/p>\n<div id=\"attachment_126380\" style=\"width: 959px\" class=\"wp-caption aligncenter\"><img fetchpriority=\"high\" decoding=\"async\" aria-describedby=\"caption-attachment-126380\" class=\" wp-image-126378\" src=\"https:\/\/interamerica.org\/wp-content\/uploads\/2025\/03\/hci-newvicepresident-1280-1024x640.jpg\" alt=\"\" width=\"949\" height=\"593\" srcset=\"https:\/\/interamerica.org\/wp-content\/uploads\/2025\/03\/hci-newvicepresident-1280-1024x640.jpg 1024w, https:\/\/interamerica.org\/wp-content\/uploads\/2025\/03\/hci-newvicepresident-1280-300x188.jpg 300w, https:\/\/interamerica.org\/wp-content\/uploads\/2025\/03\/hci-newvicepresident-1280-768x480.jpg 768w, https:\/\/interamerica.org\/wp-content\/uploads\/2025\/03\/hci-newvicepresident-1280.jpg 1280w\" sizes=\"(max-width: 949px) 100vw, 949px\" \/><p id=\"caption-attachment-126380\" class=\"wp-caption-text\">Robbie Berghan, el vicepresidente electo para Medios de Comunicaci\u00f3n Mundiales e Interacci\u00f3n, acompa\u00f1ado de su esposa, Rebeka, su hijo Arris y su hija Ariella, de 9 y 4 a\u00f1os respectivamente. [Imagen: Hope Channel International]<\/p><\/div>\n<p class=\"text-start text-sm lg:text-base font-normal\">Robbie Berghan presta actualmente sus servicios en la Uni\u00f3n Asociaci\u00f3n Australiana como encargado de contenido nacional y promociones de Faith FM, un ministerio radial nacional en Australia. Desde el 2020 ha transformado con \u00e9xito dicha plataforma en una din\u00e1mica herramienta de evangelizaci\u00f3n, poniendo en ejecuci\u00f3n el modelo \u201cde la transmisi\u00f3n al bautismo\u201d, estrategias de interacci\u00f3n con la audiencia y herramientas para obra misionera digital. Su liderazgo ha contribuido a un aumento significativo de interacci\u00f3n con la audiencia y un mayor impacto espiritual en todo Australia.<\/p>\n<p class=\"text-start text-sm lg:text-base font-normal\">Con un trasfondo que incluye liderazgo pastoral, establecimiento de nuevas iglesias, evangelizaci\u00f3n digital e innovaci\u00f3n de contenido, Robbie Berghan ha prestado sus servicios en diferentes capacidades ministeriales en varios continentes. Ha ocupado posiciones en los niveles de iglesia local, de asociaci\u00f3n, uni\u00f3n y divisi\u00f3n, enfocando siempre su atenci\u00f3n en el uso de los medios de comunicaci\u00f3n para dar a conocer eficazmente el evangelio.<\/p>\n<p class=\"text-start text-sm lg:text-base font-normal\">La elecci\u00f3n del vicepresidente Berghan contin\u00faa el <strong class=\"bold\"><a class=\"break-words text-theme-500 hover:text-theme-700 dark:text-theme-100 dark:hover:text-theme-300 hover:underline inline-flex items-center gap-[0.25em] text-theme-500 underline dark:text-theme-300\" href=\"https:\/\/adventist.news\/news\/pastor-with-rich-cross-cultural-background-joins-adventist-mission\">liderazgo de Chanmin Chung<\/a><\/strong>, que ha rendido un dedicado servicio en esta posici\u00f3n. Como parte del proceso de empleo en la denominaci\u00f3n, se est\u00e1 llevando a cabo el llamado formal al servicio, despu\u00e9s del cual ocupar\u00e1 su posici\u00f3n al t\u00e9rmino del proceso y tras los necesarios arreglos de log\u00edstica correspondientes.<\/p>\n<p class=\"text-start text-sm lg:text-base font-normal\">\u201cMe siento honrado y agradecido por la oportunidad de prestar mis servicios a Hope Channel International, dijo el pastor Berghan. \u201cEn estos tiempos tan desafiantes, el mundo necesita las buenas nuevas del Reino de los Cielos; y Hope Channel est\u00e1 en una posici\u00f3n \u00fanica de darlo a conocer mundialmente. La oraci\u00f3n y la orientaci\u00f3n del Esp\u00edritu Santo va a ser la clave de nuestro \u00e9xito\u201d.<\/p>\n<p class=\"text-start text-sm lg:text-base font-normal\">El presidente de Hope Channel International, Vyacheslav Demyan, acogi\u00f3 con satisfacci\u00f3n la elecci\u00f3n del Berghan, al declarar: \u00abRobbie trae consigo pasi\u00f3n por la misi\u00f3n, importante experiencia en la comunicaci\u00f3n transcultural y una profunda comprensi\u00f3n de la forma como los medios de comunicaci\u00f3n pueden servir como una poderosa herramienta para la evangelizaci\u00f3n. Espero con inter\u00e9s ver la forma como Dios va a utilizar su liderazgo para expandir el impacto de Hope Channel y llevar el mensaje de esperanza eterna a todav\u00eda m\u00e1s personas en todo el mundo\u201d.<\/p>\n<p class=\"text-start text-sm lg:text-base font-normal\">Robbie Berghan no est\u00e1 asumiendo esta funci\u00f3n \u00e9l solo. Lo acompa\u00f1an en esta misi\u00f3n su esposa Rebeka, su hijo Arris, de nueve a\u00f1os y su hija Ariella, de cuatro. Su amor y apoyo han sido esenciales en su ministerio y, al prepararse para esta transici\u00f3n, Hope Channel International invita a la Iglesia Adventista mundial a mantener a toda la familia Berghan en sus oraciones.<\/p>\n<p class=\"text-start text-sm lg:text-base font-normal\">\u201cCuando Dios llama a alguien al ministerio, llama a la familia complete\u201d, a\u00f1adi\u00f3 el director Demyan. \u201cLa jornada de Robbie en la misi\u00f3n evang\u00e9lica no ha sido nunca solamente suya. Ha sido un compromiso compartido con su esposa Rebeka y sus hijos, Arris y Ariella. Deseo expresar mi m\u00e1s sentida gratitud a toda la familia por su disposici\u00f3n a responder juntos al llamado de Dios. Mi deseo es que Dios los bendiga al dar por fe el siguiente paso\u201d.<\/p>\n<p class=\"text-start text-sm lg:text-base font-normal\">Gideon Mutero, vicepresidente de finanzas de Hope Channel International, asinti\u00f3 a esta elecci\u00f3n, al declarar: \u201cLe doy la bienvenida a Robbie a esta nueva funci\u00f3n. Trae consigo una tremenda experiencia en la interacci\u00f3n con las audiencias de los medios de comunicaci\u00f3n, en su trabajo en Faith FM. Le deseo a \u00e9l y a su familia las bendiciones de Dios durante esta transici\u00f3n\u201d.<\/p>\n<p class=\"text-start text-sm lg:text-base font-normal\">Al avanzar Hope Channel International tras su visi\u00f3n de llegar hasta un bill\u00f3n de personas para el a\u00f1o 2030, el liderazgo de Robbie Berghan jugar\u00e1 un papel de importancia vital en la expansi\u00f3n y alcance de los medios de comunicaci\u00f3n globales y los esfuerzos de interacci\u00f3n de Hope Channel.<\/p>\n<p class=\"text-start text-sm lg:text-base font-normal\"><strong class=\"bold\">Acerca de Hope Channel International<\/strong><\/p>\n<p class=\"text-start text-sm lg:text-base font-normal\">Hope Channel es una marca de medio de comunicaci\u00f3n visual de la Iglesia Adventista del S\u00e9ptimo D\u00eda, dedicada a la labor misionera. La Red Hope Channel, con operaciones repartidas, consiste en entidades con licencia bajo la marca Hope Channel, siendo Hope Channel International la entidad coordinadora.<\/p>\n<p class=\"text-start text-sm lg:text-base font-normal\">La Red Hope Channel produce y distribuye contenido en m\u00e1s de 100 idiomas en m\u00e1s de 80 pa\u00edses en todo el mundo, con cada entidad de comunicaci\u00f3n operada localmente, creando materiales dise\u00f1ados seg\u00fan las necesidades espirituales de sus comunidades.<\/p>\n<p>&lt; p class=\u00bbtext-start text-sm lg:text-base font-normal\u00bb&gt;<em class=\"italic\">El <\/em><em class=\"italic\"><a class=\"break-words text-theme-500 hover:text-theme-700 dark:text-theme-100 dark:hover:text-theme-300 hover:underline inline-flex items-center gap-[0.25em] text-theme-500 underline dark:text-theme-300\" href=\"https:\/\/hopechannelinternational.org\/global-news\/hope-channel-international-elects-new-vice-president-for-global-media-and-engagement\" target=\"_blank\" rel=\"noopener\">art\u00edculo original<\/a><\/em><em class=\"italic\"> fue publicado por Hope Channel International <\/em><em class=\"italic\"><a class=\"break-words text-theme-500 hover:text-theme-700 dark:text-theme-100 dark:hover:text-theme-300 hover:underline inline-flex items-center gap-[0.25em] text-theme-500 underline dark:text-theme-300\" href=\"https:\/\/hopechannelinternational.org\/\" target=\"_blank\" rel=\"noopener\">en su sitio web<\/a><\/em><em class=\"italic\">.<\/em><\/p>\n<\/div>\n<p>Traducci\u00f3n \u2013 Gloria A. Castrej\u00f3n<\/p>\n","protected":false},"excerpt":{"rendered":"<p>Robbie Berghan cuenta con amplia experiencia en los medios y la evangelizaci\u00f3n, mientras la organizaci\u00f3n se esfuerza por expandir su impacto en todo el mundo. 19 de marzo de 2025&#8230;<\/p>\n","protected":false},"author":3,"featured_media":126380,"comment_status":"closed","ping_status":"closed","sticky":false,"template":"","format":"standard","meta":{"_acf_changed":false,"footnotes":""},"categories":[14,15],"tags":[],"class_list":["post-126487","post","type-post","status-publish","format-standard","has-post-thumbnail","hentry","category-de-la-iglesia-mundial","category-rss-espanol"],"acf":[],"yoast_head":"<!-- This site is optimized with the Yoast SEO plugin v27.3 - https:\/\/yoast.com\/product\/yoast-seo-wordpress\/ -->\n<title>Hope Channel International elige nuevo vicepresidente para Global Media e Interacci\u00f3n - Iglesia Adventista del S\u00e9ptimo D\u00eda - Divisi\u00f3n Interamericana<\/title>\n<meta name=\"robots\" content=\"index, follow, max-snippet:-1, max-image-preview:large, max-video-preview:-1\" \/>\n<link rel=\"canonical\" href=\"https:\/\/interamerica.org\/es\/2025\/03\/hope-channel-international-elige-nuevo-vicepresidente-para-global-media-e-interaccion\/\" \/>\n<meta property=\"og:locale\" content=\"es_ES\" \/>\n<meta property=\"og:type\" content=\"article\" \/>\n<meta property=\"og:title\" content=\"Hope Channel International elige nuevo vicepresidente para Global Media e Interacci\u00f3n - Iglesia Adventista del S\u00e9ptimo D\u00eda - Divisi\u00f3n Interamericana\" \/>\n<meta property=\"og:description\" content=\"Robbie Berghan cuenta con amplia experiencia en los medios y la evangelizaci\u00f3n, mientras la organizaci\u00f3n se esfuerza por expandir su impacto en todo el mundo. 19 de marzo de 2025...\" \/>\n<meta property=\"og:url\" content=\"https:\/\/interamerica.org\/es\/2025\/03\/hope-channel-international-elige-nuevo-vicepresidente-para-global-media-e-interaccion\/\" \/>\n<meta property=\"og:site_name\" content=\"Iglesia Adventista del S\u00e9ptimo D\u00eda - Divisi\u00f3n Interamericana\" \/>\n<meta property=\"article:published_time\" content=\"2025-03-19T20:25:07+00:00\" \/>\n<meta property=\"article:modified_time\" content=\"2025-03-21T10:03:32+00:00\" \/>\n<meta property=\"og:image\" content=\"https:\/\/interamerica.org\/wp-content\/uploads\/2025\/03\/hci-newvicepresident-1280.jpg\" \/>\n\t<meta property=\"og:image:width\" content=\"1280\" \/>\n\t<meta property=\"og:image:height\" content=\"800\" \/>\n\t<meta property=\"og:image:type\" content=\"image\/jpeg\" \/>\n<meta name=\"author\" content=\"libna\" \/>\n<meta name=\"twitter:card\" content=\"summary_large_image\" \/>\n<meta name=\"twitter:label1\" content=\"Escrito por\" \/>\n\t<meta name=\"twitter:data1\" content=\"libna\" \/>\n\t<meta name=\"twitter:label2\" content=\"Tiempo de lectura\" \/>\n\t<meta name=\"twitter:data2\" content=\"5 minutos\" \/>\n<script type=\"application\/ld+json\" class=\"yoast-schema-graph\">{\"@context\":\"https:\\\/\\\/schema.org\",\"@graph\":[{\"@type\":\"Article\",\"@id\":\"https:\\\/\\\/interamerica.org\\\/es\\\/2025\\\/03\\\/hope-channel-international-elige-nuevo-vicepresidente-para-global-media-e-interaccion\\\/#article\",\"isPartOf\":{\"@id\":\"https:\\\/\\\/interamerica.org\\\/es\\\/2025\\\/03\\\/hope-channel-international-elige-nuevo-vicepresidente-para-global-media-e-interaccion\\\/\"},\"author\":{\"name\":\"libna\",\"@id\":\"https:\\\/\\\/interamerica.org\\\/es\\\/#\\\/schema\\\/person\\\/29998f2bc2d8bd0d38662909289b54f1\"},\"headline\":\"Hope Channel International elige nuevo vicepresidente para Global Media e Interacci\u00f3n\",\"datePublished\":\"2025-03-19T20:25:07+00:00\",\"dateModified\":\"2025-03-21T10:03:32+00:00\",\"mainEntityOfPage\":{\"@id\":\"https:\\\/\\\/interamerica.org\\\/es\\\/2025\\\/03\\\/hope-channel-international-elige-nuevo-vicepresidente-para-global-media-e-interaccion\\\/\"},\"wordCount\":1015,\"image\":{\"@id\":\"https:\\\/\\\/interamerica.org\\\/es\\\/2025\\\/03\\\/hope-channel-international-elige-nuevo-vicepresidente-para-global-media-e-interaccion\\\/#primaryimage\"},\"thumbnailUrl\":\"https:\\\/\\\/interamerica.org\\\/wp-content\\\/uploads\\\/2025\\\/03\\\/hci-newvicepresident-1280.jpg\",\"articleSection\":[\"Desde la iglesia mundial\",\"RSS Espa\u00f1ol\"],\"inLanguage\":\"es\"},{\"@type\":\"WebPage\",\"@id\":\"https:\\\/\\\/interamerica.org\\\/es\\\/2025\\\/03\\\/hope-channel-international-elige-nuevo-vicepresidente-para-global-media-e-interaccion\\\/\",\"url\":\"https:\\\/\\\/interamerica.org\\\/es\\\/2025\\\/03\\\/hope-channel-international-elige-nuevo-vicepresidente-para-global-media-e-interaccion\\\/\",\"name\":\"Hope Channel International elige nuevo vicepresidente para Global Media e Interacci\u00f3n - Iglesia Adventista del S\u00e9ptimo D\u00eda - Divisi\u00f3n Interamericana\",\"isPartOf\":{\"@id\":\"https:\\\/\\\/interamerica.org\\\/es\\\/#website\"},\"primaryImageOfPage\":{\"@id\":\"https:\\\/\\\/interamerica.org\\\/es\\\/2025\\\/03\\\/hope-channel-international-elige-nuevo-vicepresidente-para-global-media-e-interaccion\\\/#primaryimage\"},\"image\":{\"@id\":\"https:\\\/\\\/interamerica.org\\\/es\\\/2025\\\/03\\\/hope-channel-international-elige-nuevo-vicepresidente-para-global-media-e-interaccion\\\/#primaryimage\"},\"thumbnailUrl\":\"https:\\\/\\\/interamerica.org\\\/wp-content\\\/uploads\\\/2025\\\/03\\\/hci-newvicepresident-1280.jpg\",\"datePublished\":\"2025-03-19T20:25:07+00:00\",\"dateModified\":\"2025-03-21T10:03:32+00:00\",\"author\":{\"@id\":\"https:\\\/\\\/interamerica.org\\\/es\\\/#\\\/schema\\\/person\\\/29998f2bc2d8bd0d38662909289b54f1\"},\"breadcrumb\":{\"@id\":\"https:\\\/\\\/interamerica.org\\\/es\\\/2025\\\/03\\\/hope-channel-international-elige-nuevo-vicepresidente-para-global-media-e-interaccion\\\/#breadcrumb\"},\"inLanguage\":\"es\",\"potentialAction\":[{\"@type\":\"ReadAction\",\"target\":[\"https:\\\/\\\/interamerica.org\\\/es\\\/2025\\\/03\\\/hope-channel-international-elige-nuevo-vicepresidente-para-global-media-e-interaccion\\\/\"]}]},{\"@type\":\"ImageObject\",\"inLanguage\":\"es\",\"@id\":\"https:\\\/\\\/interamerica.org\\\/es\\\/2025\\\/03\\\/hope-channel-international-elige-nuevo-vicepresidente-para-global-media-e-interaccion\\\/#primaryimage\",\"url\":\"https:\\\/\\\/interamerica.org\\\/wp-content\\\/uploads\\\/2025\\\/03\\\/hci-newvicepresident-1280.jpg\",\"contentUrl\":\"https:\\\/\\\/interamerica.org\\\/wp-content\\\/uploads\\\/2025\\\/03\\\/hci-newvicepresident-1280.jpg\",\"width\":1280,\"height\":800,\"caption\":\"Robbie Berghan, the vice president-elect for Global Media and Engagement, is joined by his wife, Rebeka, their 9-year-old son, Arris, and their 4-year-old daughter, Ariella. [Photo: Hope Channel International]\"},{\"@type\":\"BreadcrumbList\",\"@id\":\"https:\\\/\\\/interamerica.org\\\/es\\\/2025\\\/03\\\/hope-channel-international-elige-nuevo-vicepresidente-para-global-media-e-interaccion\\\/#breadcrumb\",\"itemListElement\":[{\"@type\":\"ListItem\",\"position\":1,\"name\":\"Home\",\"item\":\"https:\\\/\\\/interamerica.org\\\/es\\\/\"},{\"@type\":\"ListItem\",\"position\":2,\"name\":\"Hope Channel International elige nuevo vicepresidente para Global Media e Interacci\u00f3n\"}]},{\"@type\":\"WebSite\",\"@id\":\"https:\\\/\\\/interamerica.org\\\/es\\\/#website\",\"url\":\"https:\\\/\\\/interamerica.org\\\/es\\\/\",\"name\":\"Iglesia Adventista del S\u00e9ptimo D\u00eda - Divisi\u00f3n Interamericana\",\"description\":\"\",\"potentialAction\":[{\"@type\":\"SearchAction\",\"target\":{\"@type\":\"EntryPoint\",\"urlTemplate\":\"https:\\\/\\\/interamerica.org\\\/es\\\/?s={search_term_string}\"},\"query-input\":{\"@type\":\"PropertyValueSpecification\",\"valueRequired\":true,\"valueName\":\"search_term_string\"}}],\"inLanguage\":\"es\"},{\"@type\":\"Person\",\"@id\":\"https:\\\/\\\/interamerica.org\\\/es\\\/#\\\/schema\\\/person\\\/29998f2bc2d8bd0d38662909289b54f1\",\"name\":\"libna\",\"image\":{\"@type\":\"ImageObject\",\"inLanguage\":\"es\",\"@id\":\"https:\\\/\\\/secure.gravatar.com\\\/avatar\\\/7c5bd30ae4b47a9ba3c856590957fd1d96dc588bf3ac05719d247e126840331f?s=96&d=mm&r=g\",\"url\":\"https:\\\/\\\/secure.gravatar.com\\\/avatar\\\/7c5bd30ae4b47a9ba3c856590957fd1d96dc588bf3ac05719d247e126840331f?s=96&d=mm&r=g\",\"contentUrl\":\"https:\\\/\\\/secure.gravatar.com\\\/avatar\\\/7c5bd30ae4b47a9ba3c856590957fd1d96dc588bf3ac05719d247e126840331f?s=96&d=mm&r=g\",\"caption\":\"libna\"}}]}<\/script>\n<!-- \/ Yoast SEO plugin. -->","yoast_head_json":{"title":"Hope Channel International elige nuevo vicepresidente para Global Media e Interacci\u00f3n - Iglesia Adventista del S\u00e9ptimo D\u00eda - Divisi\u00f3n Interamericana","robots":{"index":"index","follow":"follow","max-snippet":"max-snippet:-1","max-image-preview":"max-image-preview:large","max-video-preview":"max-video-preview:-1"},"canonical":"https:\/\/interamerica.org\/es\/2025\/03\/hope-channel-international-elige-nuevo-vicepresidente-para-global-media-e-interaccion\/","og_locale":"es_ES","og_type":"article","og_title":"Hope Channel International elige nuevo vicepresidente para Global Media e Interacci\u00f3n - Iglesia Adventista del S\u00e9ptimo D\u00eda - Divisi\u00f3n Interamericana","og_description":"Robbie Berghan cuenta con amplia experiencia en los medios y la evangelizaci\u00f3n, mientras la organizaci\u00f3n se esfuerza por expandir su impacto en todo el mundo. 19 de marzo de 2025...","og_url":"https:\/\/interamerica.org\/es\/2025\/03\/hope-channel-international-elige-nuevo-vicepresidente-para-global-media-e-interaccion\/","og_site_name":"Iglesia Adventista del S\u00e9ptimo D\u00eda - Divisi\u00f3n Interamericana","article_published_time":"2025-03-19T20:25:07+00:00","article_modified_time":"2025-03-21T10:03:32+00:00","og_image":[{"width":1280,"height":800,"url":"https:\/\/interamerica.org\/wp-content\/uploads\/2025\/03\/hci-newvicepresident-1280.jpg","type":"image\/jpeg"}],"author":"libna","twitter_card":"summary_large_image","twitter_misc":{"Escrito por":"libna","Tiempo de lectura":"5 minutos"},"schema":{"@context":"https:\/\/schema.org","@graph":[{"@type":"Article","@id":"https:\/\/interamerica.org\/es\/2025\/03\/hope-channel-international-elige-nuevo-vicepresidente-para-global-media-e-interaccion\/#article","isPartOf":{"@id":"https:\/\/interamerica.org\/es\/2025\/03\/hope-channel-international-elige-nuevo-vicepresidente-para-global-media-e-interaccion\/"},"author":{"name":"libna","@id":"https:\/\/interamerica.org\/es\/#\/schema\/person\/29998f2bc2d8bd0d38662909289b54f1"},"headline":"Hope Channel International elige nuevo vicepresidente para Global Media e Interacci\u00f3n","datePublished":"2025-03-19T20:25:07+00:00","dateModified":"2025-03-21T10:03:32+00:00","mainEntityOfPage":{"@id":"https:\/\/interamerica.org\/es\/2025\/03\/hope-channel-international-elige-nuevo-vicepresidente-para-global-media-e-interaccion\/"},"wordCount":1015,"image":{"@id":"https:\/\/interamerica.org\/es\/2025\/03\/hope-channel-international-elige-nuevo-vicepresidente-para-global-media-e-interaccion\/#primaryimage"},"thumbnailUrl":"https:\/\/interamerica.org\/wp-content\/uploads\/2025\/03\/hci-newvicepresident-1280.jpg","articleSection":["Desde la iglesia mundial","RSS Espa\u00f1ol"],"inLanguage":"es"},{"@type":"WebPage","@id":"https:\/\/interamerica.org\/es\/2025\/03\/hope-channel-international-elige-nuevo-vicepresidente-para-global-media-e-interaccion\/","url":"https:\/\/interamerica.org\/es\/2025\/03\/hope-channel-international-elige-nuevo-vicepresidente-para-global-media-e-interaccion\/","name":"Hope Channel International elige nuevo vicepresidente para Global Media e Interacci\u00f3n - Iglesia Adventista del S\u00e9ptimo D\u00eda - Divisi\u00f3n Interamericana","isPartOf":{"@id":"https:\/\/interamerica.org\/es\/#website"},"primaryImageOfPage":{"@id":"https:\/\/interamerica.org\/es\/2025\/03\/hope-channel-international-elige-nuevo-vicepresidente-para-global-media-e-interaccion\/#primaryimage"},"image":{"@id":"https:\/\/interamerica.org\/es\/2025\/03\/hope-channel-international-elige-nuevo-vicepresidente-para-global-media-e-interaccion\/#primaryimage"},"thumbnailUrl":"https:\/\/interamerica.org\/wp-content\/uploads\/2025\/03\/hci-newvicepresident-1280.jpg","datePublished":"2025-03-19T20:25:07+00:00","dateModified":"2025-03-21T10:03:32+00:00","author":{"@id":"https:\/\/interamerica.org\/es\/#\/schema\/person\/29998f2bc2d8bd0d38662909289b54f1"},"breadcrumb":{"@id":"https:\/\/interamerica.org\/es\/2025\/03\/hope-channel-international-elige-nuevo-vicepresidente-para-global-media-e-interaccion\/#breadcrumb"},"inLanguage":"es","potentialAction":[{"@type":"ReadAction","target":["https:\/\/interamerica.org\/es\/2025\/03\/hope-channel-international-elige-nuevo-vicepresidente-para-global-media-e-interaccion\/"]}]},{"@type":"ImageObject","inLanguage":"es","@id":"https:\/\/interamerica.org\/es\/2025\/03\/hope-channel-international-elige-nuevo-vicepresidente-para-global-media-e-interaccion\/#primaryimage","url":"https:\/\/interamerica.org\/wp-content\/uploads\/2025\/03\/hci-newvicepresident-1280.jpg","contentUrl":"https:\/\/interamerica.org\/wp-content\/uploads\/2025\/03\/hci-newvicepresident-1280.jpg","width":1280,"height":800,"caption":"Robbie Berghan, the vice president-elect for Global Media and Engagement, is joined by his wife, Rebeka, their 9-year-old son, Arris, and their 4-year-old daughter, Ariella. [Photo: Hope Channel International]"},{"@type":"BreadcrumbList","@id":"https:\/\/interamerica.org\/es\/2025\/03\/hope-channel-international-elige-nuevo-vicepresidente-para-global-media-e-interaccion\/#breadcrumb","itemListElement":[{"@type":"ListItem","position":1,"name":"Home","item":"https:\/\/interamerica.org\/es\/"},{"@type":"ListItem","position":2,"name":"Hope Channel International elige nuevo vicepresidente para Global Media e Interacci\u00f3n"}]},{"@type":"WebSite","@id":"https:\/\/interamerica.org\/es\/#website","url":"https:\/\/interamerica.org\/es\/","name":"Iglesia Adventista del S\u00e9ptimo D\u00eda - Divisi\u00f3n Interamericana","description":"","potentialAction":[{"@type":"SearchAction","target":{"@type":"EntryPoint","urlTemplate":"https:\/\/interamerica.org\/es\/?s={search_term_string}"},"query-input":{"@type":"PropertyValueSpecification","valueRequired":true,"valueName":"search_term_string"}}],"inLanguage":"es"},{"@type":"Person","@id":"https:\/\/interamerica.org\/es\/#\/schema\/person\/29998f2bc2d8bd0d38662909289b54f1","name":"libna","image":{"@type":"ImageObject","inLanguage":"es","@id":"https:\/\/secure.gravatar.com\/avatar\/7c5bd30ae4b47a9ba3c856590957fd1d96dc588bf3ac05719d247e126840331f?s=96&d=mm&r=g","url":"https:\/\/secure.gravatar.com\/avatar\/7c5bd30ae4b47a9ba3c856590957fd1d96dc588bf3ac05719d247e126840331f?s=96&d=mm&r=g","contentUrl":"https:\/\/secure.gravatar.com\/avatar\/7c5bd30ae4b47a9ba3c856590957fd1d96dc588bf3ac05719d247e126840331f?s=96&d=mm&r=g","caption":"libna"}}]}},"_links":{"self":[{"href":"https:\/\/interamerica.org\/es\/wp-json\/wp\/v2\/posts\/126487","targetHints":{"allow":["GET"]}}],"collection":[{"href":"https:\/\/interamerica.org\/es\/wp-json\/wp\/v2\/posts"}],"about":[{"href":"https:\/\/interamerica.org\/es\/wp-json\/wp\/v2\/types\/post"}],"author":[{"embeddable":true,"href":"https:\/\/interamerica.org\/es\/wp-json\/wp\/v2\/users\/3"}],"replies":[{"embeddable":true,"href":"https:\/\/interamerica.org\/es\/wp-json\/wp\/v2\/comments?post=126487"}],"version-history":[{"count":0,"href":"https:\/\/interamerica.org\/es\/wp-json\/wp\/v2\/posts\/126487\/revisions"}],"wp:featuredmedia":[{"embeddable":true,"href":"https:\/\/interamerica.org\/es\/wp-json\/wp\/v2\/media\/126380"}],"wp:attachment":[{"href":"https:\/\/interamerica.org\/es\/wp-json\/wp\/v2\/media?parent=126487"}],"wp:term":[{"taxonomy":"category","embeddable":true,"href":"https:\/\/interamerica.org\/es\/wp-json\/wp\/v2\/categories?post=126487"},{"taxonomy":"post_tag","embeddable":true,"href":"https:\/\/interamerica.org\/es\/wp-json\/wp\/v2\/tags?post=126487"}],"curies":[{"name":"wp","href":"https:\/\/api.w.org\/{rel}","templated":true}]}}