{"id":126709,"date":"2025-03-29T05:23:16","date_gmt":"2025-03-29T09:23:16","guid":{"rendered":"https:\/\/interamerica.org\/?p=126709"},"modified":"2025-03-30T11:22:21","modified_gmt":"2025-03-30T15:22:21","slug":"adra-moviliza-respuesta-de-emergencia-despues-de-terremoto-de-77-en-birmania-y-tailandia","status":"publish","type":"post","link":"https:\/\/interamerica.org\/es\/2025\/03\/adra-moviliza-respuesta-de-emergencia-despues-de-terremoto-de-77-en-birmania-y-tailandia\/","title":{"rendered":"ADRA moviliza respuesta de emergencia despu\u00e9s de terremoto de 7,7 en Birmania y Tailandia"},"content":{"rendered":"<p><em>Se activan los equipos de respuesta a emergencias para brindar apoyo a las comunidades afectadas por la cat\u00e1strofe.<\/em><\/p>\n<p>29 de marzo de 2025 | Silver Spring, Maryland, Estados Unidos | ADRA Internacional<\/p>\n<p>La Agencia Adventista de Desarrollo y Recursos Asistenciales (ADRA) est\u00e1 respondiendo a las secuelas de un poderoso terremoto de magnitud 7,7 que azot\u00f3 Birmania el viernes 28 de marzo, aproximadamente a las 12:50 hora local. El epicentro del terremoto estuvo localizado cerca de la ciudad de Sagaing, en el centro del pa\u00eds, y afect\u00f3 a varias regiones, incluidas Mandalay, Naypitaw, Sagaing, Magway y Shan del Sur.<\/p>\n<p>Los expertos en emergencias de ADRA ya se encuentran en el lugar, evaluando el alcance de los da\u00f1os, que abarcan aproximadamente 600 kil\u00f3metros. Birmania ha declarado el estado de emergencia en seis regiones afectadas por la cat\u00e1strofe. Seg\u00fan las autoridades locales, se espera que el n\u00famero de muertos aumente a medida que los equipos de rescate contin\u00faan buscando entre los escombros. Al menos 153 personas han perdido la vida, m\u00e1s de 730 han resultado heridas y cientos siguen desaparecidas. Muchos de los heridos est\u00e1n esperando para recibir tratamiento en atestados hospitales o espacios p\u00fablicos, ya que varias instalaciones m\u00e9dicas han sufrido graves da\u00f1os. El poderoso terremoto, el m\u00e1s fuerte que ha azotado la regi\u00f3n en m\u00e1s de 100 a\u00f1os, ha desplazado a innumerables familias, con padres que buscan con desesperaci\u00f3n a sus hijos desaparecidos entre los escombros.<\/p>\n<p>Los temblores tambi\u00e9n se sintieron en naciones vecinas, incluida Tailandia, donde un edificio en construcci\u00f3n se derrumb\u00f3, provocando la muerte de al menos diez personas y enterrando a decenas m\u00e1s bajo los escombros. Tras el terremoto y las r\u00e9plicas, las autoridades declararon la capital tailandesa como zona de emergencia, cerrando escuelas y evacuando a los residentes de los edificios de gran altura.<\/p>\n<p>Los equipos de emergencia de ADRA est\u00e1n trabajando r\u00e1pidamente para evaluar la situaci\u00f3n y determinar las formas m\u00e1s efectivas de ayudar a los afectados en Birmania y Tailandia.<\/p>\n<p>\u201cEstamos profundamente entristecidos por la p\u00e9rdida de vidas y la destrucci\u00f3n generalizada causada por el terremoto\u201d, declar\u00f3 el Director de Gesti\u00f3n de Emergencias de ADRA International, Mario Oliveira. \u201cNuestros equipos de respuesta est\u00e1n monitorizando de cerca la situaci\u00f3n y viajando a las comunidades afectadas para determinar la mejor estrategia para nuestras operaciones de socorro. Tenemos informes de numerosos cierres de carreteras, as\u00ed como de edificios y puentes derrumbados, lo que podr\u00eda impedir el acceso a las zonas da\u00f1adas y retrasar las labores de socorro. A pesar de estas limitaciones, ADRA sigue dedicada a garantizar que la crucial asistencia llegue a los m\u00e1s necesitados. Por favor, tengan presente a Brimania y a los dem\u00e1s pa\u00edses afectados en sus oraciones\u201d.<\/p>\n<p>ADRA espera brindar ayuda inmediata y a largo plazo, lo que incluye alimentos, agua y conjuntos de art\u00edculos de socorro de emergencia, junto con sus socios locales, lo que incluye a la Iglesia Adventista, para abordar las necesidades de las comunidades afectadas.<\/p>\n<p>Con m\u00e1s de 40 a\u00f1os de experiencia en Birmania y Tailandia, ADRA tiene una larga historia a la hora de brindar apoyo humanitario y respuesta ante cat\u00e1strofes naturales. La agencia humanitaria mundial ha colaborado con la Iglesia Adventista del S\u00e9ptimo D\u00eda a nivel local y los departamentos de salud de estas regiones para ayudar a las comunidades vulnerables.<\/p>\n<p class=\"has-medium-font-size\"><strong>Llamado a la acci\u00f3n<\/strong><\/p>\n<p>S\u00famese a ADRA para llevar esperanza y alivio a las comunidades afectadas por el terremoto apoyando los esfuerzos de emergencia de la agencia.<\/p>\n<p>Done hoy a <a href=\"https:\/\/give.adra.org\/site\/Donation2?df_id=4980&amp;4980.donation=form1&amp;mfc_pref=T&amp;utm_content=restricted-Emergency-Appeal-Earthquake&amp;s_src=MEDAPL250302EMR&amp;s_subsrc=1875_media\">give.adra.org<\/a> para ayudar a transformar vidas despu\u00e9s de esta cat\u00e1strofe y otras emergencias globales.<\/p>\n<p>Traducci\u00f3n de Marcos Paseggi<\/p>\n","protected":false},"excerpt":{"rendered":"<p>Se activan los equipos de respuesta a emergencias para brindar apoyo a las comunidades afectadas por la cat\u00e1strofe. 29 de marzo de 2025 | Silver Spring, Maryland, Estados Unidos |&#8230;<\/p>\n","protected":false},"author":3,"featured_media":126704,"comment_status":"closed","ping_status":"closed","sticky":false,"template":"","format":"standard","meta":{"_acf_changed":false,"footnotes":""},"categories":[14,15],"tags":[],"class_list":["post-126709","post","type-post","status-publish","format-standard","has-post-thumbnail","hentry","category-de-la-iglesia-mundial","category-rss-espanol"],"acf":[],"yoast_head":"<!-- This site is optimized with the Yoast SEO plugin v27.3 - https:\/\/yoast.com\/product\/yoast-seo-wordpress\/ -->\n<title>ADRA moviliza respuesta de emergencia despu\u00e9s de terremoto de 7,7 en Birmania y Tailandia - Iglesia Adventista del S\u00e9ptimo D\u00eda - Divisi\u00f3n Interamericana<\/title>\n<meta name=\"robots\" content=\"index, follow, max-snippet:-1, max-image-preview:large, max-video-preview:-1\" \/>\n<link rel=\"canonical\" href=\"https:\/\/interamerica.org\/es\/2025\/03\/adra-moviliza-respuesta-de-emergencia-despues-de-terremoto-de-77-en-birmania-y-tailandia\/\" \/>\n<meta property=\"og:locale\" content=\"es_ES\" \/>\n<meta property=\"og:type\" content=\"article\" \/>\n<meta property=\"og:title\" content=\"ADRA moviliza respuesta de emergencia despu\u00e9s de terremoto de 7,7 en Birmania y Tailandia - Iglesia Adventista del S\u00e9ptimo D\u00eda - Divisi\u00f3n Interamericana\" \/>\n<meta property=\"og:description\" content=\"Se activan los equipos de respuesta a emergencias para brindar apoyo a las comunidades afectadas por la cat\u00e1strofe. 29 de marzo de 2025 | Silver Spring, Maryland, Estados Unidos |...\" \/>\n<meta property=\"og:url\" content=\"https:\/\/interamerica.org\/es\/2025\/03\/adra-moviliza-respuesta-de-emergencia-despues-de-terremoto-de-77-en-birmania-y-tailandia\/\" \/>\n<meta property=\"og:site_name\" content=\"Iglesia Adventista del S\u00e9ptimo D\u00eda - Divisi\u00f3n Interamericana\" \/>\n<meta property=\"article:published_time\" content=\"2025-03-29T09:23:16+00:00\" \/>\n<meta property=\"article:modified_time\" content=\"2025-03-30T15:22:21+00:00\" \/>\n<meta property=\"og:image\" content=\"https:\/\/interamerica.org\/wp-content\/uploads\/2025\/03\/anika-de-klerk-amde42cqeek-unsplash-scaled.jpg\" \/>\n\t<meta property=\"og:image:width\" content=\"2560\" \/>\n\t<meta property=\"og:image:height\" content=\"1920\" \/>\n\t<meta property=\"og:image:type\" content=\"image\/jpeg\" \/>\n<meta name=\"author\" content=\"libna\" \/>\n<meta name=\"twitter:card\" content=\"summary_large_image\" \/>\n<meta name=\"twitter:label1\" content=\"Escrito por\" \/>\n\t<meta name=\"twitter:data1\" content=\"libna\" \/>\n\t<meta name=\"twitter:label2\" content=\"Tiempo de lectura\" \/>\n\t<meta name=\"twitter:data2\" content=\"3 minutos\" \/>\n<script type=\"application\/ld+json\" class=\"yoast-schema-graph\">{\"@context\":\"https:\\\/\\\/schema.org\",\"@graph\":[{\"@type\":\"Article\",\"@id\":\"https:\\\/\\\/interamerica.org\\\/es\\\/2025\\\/03\\\/adra-moviliza-respuesta-de-emergencia-despues-de-terremoto-de-77-en-birmania-y-tailandia\\\/#article\",\"isPartOf\":{\"@id\":\"https:\\\/\\\/interamerica.org\\\/es\\\/2025\\\/03\\\/adra-moviliza-respuesta-de-emergencia-despues-de-terremoto-de-77-en-birmania-y-tailandia\\\/\"},\"author\":{\"name\":\"libna\",\"@id\":\"https:\\\/\\\/interamerica.org\\\/es\\\/#\\\/schema\\\/person\\\/29998f2bc2d8bd0d38662909289b54f1\"},\"headline\":\"ADRA moviliza respuesta de emergencia despu\u00e9s de terremoto de 7,7 en Birmania y Tailandia\",\"datePublished\":\"2025-03-29T09:23:16+00:00\",\"dateModified\":\"2025-03-30T15:22:21+00:00\",\"mainEntityOfPage\":{\"@id\":\"https:\\\/\\\/interamerica.org\\\/es\\\/2025\\\/03\\\/adra-moviliza-respuesta-de-emergencia-despues-de-terremoto-de-77-en-birmania-y-tailandia\\\/\"},\"wordCount\":642,\"image\":{\"@id\":\"https:\\\/\\\/interamerica.org\\\/es\\\/2025\\\/03\\\/adra-moviliza-respuesta-de-emergencia-despues-de-terremoto-de-77-en-birmania-y-tailandia\\\/#primaryimage\"},\"thumbnailUrl\":\"https:\\\/\\\/interamerica.org\\\/wp-content\\\/uploads\\\/2025\\\/03\\\/anika-de-klerk-amde42cqeek-unsplash-scaled.jpg\",\"articleSection\":[\"Desde la iglesia mundial\",\"RSS Espa\u00f1ol\"],\"inLanguage\":\"es\"},{\"@type\":\"WebPage\",\"@id\":\"https:\\\/\\\/interamerica.org\\\/es\\\/2025\\\/03\\\/adra-moviliza-respuesta-de-emergencia-despues-de-terremoto-de-77-en-birmania-y-tailandia\\\/\",\"url\":\"https:\\\/\\\/interamerica.org\\\/es\\\/2025\\\/03\\\/adra-moviliza-respuesta-de-emergencia-despues-de-terremoto-de-77-en-birmania-y-tailandia\\\/\",\"name\":\"ADRA moviliza respuesta de emergencia despu\u00e9s de terremoto de 7,7 en Birmania y Tailandia - Iglesia Adventista del S\u00e9ptimo D\u00eda - Divisi\u00f3n Interamericana\",\"isPartOf\":{\"@id\":\"https:\\\/\\\/interamerica.org\\\/es\\\/#website\"},\"primaryImageOfPage\":{\"@id\":\"https:\\\/\\\/interamerica.org\\\/es\\\/2025\\\/03\\\/adra-moviliza-respuesta-de-emergencia-despues-de-terremoto-de-77-en-birmania-y-tailandia\\\/#primaryimage\"},\"image\":{\"@id\":\"https:\\\/\\\/interamerica.org\\\/es\\\/2025\\\/03\\\/adra-moviliza-respuesta-de-emergencia-despues-de-terremoto-de-77-en-birmania-y-tailandia\\\/#primaryimage\"},\"thumbnailUrl\":\"https:\\\/\\\/interamerica.org\\\/wp-content\\\/uploads\\\/2025\\\/03\\\/anika-de-klerk-amde42cqeek-unsplash-scaled.jpg\",\"datePublished\":\"2025-03-29T09:23:16+00:00\",\"dateModified\":\"2025-03-30T15:22:21+00:00\",\"author\":{\"@id\":\"https:\\\/\\\/interamerica.org\\\/es\\\/#\\\/schema\\\/person\\\/29998f2bc2d8bd0d38662909289b54f1\"},\"breadcrumb\":{\"@id\":\"https:\\\/\\\/interamerica.org\\\/es\\\/2025\\\/03\\\/adra-moviliza-respuesta-de-emergencia-despues-de-terremoto-de-77-en-birmania-y-tailandia\\\/#breadcrumb\"},\"inLanguage\":\"es\",\"potentialAction\":[{\"@type\":\"ReadAction\",\"target\":[\"https:\\\/\\\/interamerica.org\\\/es\\\/2025\\\/03\\\/adra-moviliza-respuesta-de-emergencia-despues-de-terremoto-de-77-en-birmania-y-tailandia\\\/\"]}]},{\"@type\":\"ImageObject\",\"inLanguage\":\"es\",\"@id\":\"https:\\\/\\\/interamerica.org\\\/es\\\/2025\\\/03\\\/adra-moviliza-respuesta-de-emergencia-despues-de-terremoto-de-77-en-birmania-y-tailandia\\\/#primaryimage\",\"url\":\"https:\\\/\\\/interamerica.org\\\/wp-content\\\/uploads\\\/2025\\\/03\\\/anika-de-klerk-amde42cqeek-unsplash-scaled.jpg\",\"contentUrl\":\"https:\\\/\\\/interamerica.org\\\/wp-content\\\/uploads\\\/2025\\\/03\\\/anika-de-klerk-amde42cqeek-unsplash-scaled.jpg\",\"width\":2560,\"height\":1920,\"caption\":\"[Photo: Anika de Klerk\\\/Unsplash]\"},{\"@type\":\"BreadcrumbList\",\"@id\":\"https:\\\/\\\/interamerica.org\\\/es\\\/2025\\\/03\\\/adra-moviliza-respuesta-de-emergencia-despues-de-terremoto-de-77-en-birmania-y-tailandia\\\/#breadcrumb\",\"itemListElement\":[{\"@type\":\"ListItem\",\"position\":1,\"name\":\"Home\",\"item\":\"https:\\\/\\\/interamerica.org\\\/es\\\/\"},{\"@type\":\"ListItem\",\"position\":2,\"name\":\"ADRA moviliza respuesta de emergencia despu\u00e9s de terremoto de 7,7 en Birmania y Tailandia\"}]},{\"@type\":\"WebSite\",\"@id\":\"https:\\\/\\\/interamerica.org\\\/es\\\/#website\",\"url\":\"https:\\\/\\\/interamerica.org\\\/es\\\/\",\"name\":\"Iglesia Adventista del S\u00e9ptimo D\u00eda - Divisi\u00f3n Interamericana\",\"description\":\"\",\"potentialAction\":[{\"@type\":\"SearchAction\",\"target\":{\"@type\":\"EntryPoint\",\"urlTemplate\":\"https:\\\/\\\/interamerica.org\\\/es\\\/?s={search_term_string}\"},\"query-input\":{\"@type\":\"PropertyValueSpecification\",\"valueRequired\":true,\"valueName\":\"search_term_string\"}}],\"inLanguage\":\"es\"},{\"@type\":\"Person\",\"@id\":\"https:\\\/\\\/interamerica.org\\\/es\\\/#\\\/schema\\\/person\\\/29998f2bc2d8bd0d38662909289b54f1\",\"name\":\"libna\",\"image\":{\"@type\":\"ImageObject\",\"inLanguage\":\"es\",\"@id\":\"https:\\\/\\\/secure.gravatar.com\\\/avatar\\\/7c5bd30ae4b47a9ba3c856590957fd1d96dc588bf3ac05719d247e126840331f?s=96&d=mm&r=g\",\"url\":\"https:\\\/\\\/secure.gravatar.com\\\/avatar\\\/7c5bd30ae4b47a9ba3c856590957fd1d96dc588bf3ac05719d247e126840331f?s=96&d=mm&r=g\",\"contentUrl\":\"https:\\\/\\\/secure.gravatar.com\\\/avatar\\\/7c5bd30ae4b47a9ba3c856590957fd1d96dc588bf3ac05719d247e126840331f?s=96&d=mm&r=g\",\"caption\":\"libna\"}}]}<\/script>\n<!-- \/ Yoast SEO plugin. -->","yoast_head_json":{"title":"ADRA moviliza respuesta de emergencia despu\u00e9s de terremoto de 7,7 en Birmania y Tailandia - Iglesia Adventista del S\u00e9ptimo D\u00eda - Divisi\u00f3n Interamericana","robots":{"index":"index","follow":"follow","max-snippet":"max-snippet:-1","max-image-preview":"max-image-preview:large","max-video-preview":"max-video-preview:-1"},"canonical":"https:\/\/interamerica.org\/es\/2025\/03\/adra-moviliza-respuesta-de-emergencia-despues-de-terremoto-de-77-en-birmania-y-tailandia\/","og_locale":"es_ES","og_type":"article","og_title":"ADRA moviliza respuesta de emergencia despu\u00e9s de terremoto de 7,7 en Birmania y Tailandia - Iglesia Adventista del S\u00e9ptimo D\u00eda - Divisi\u00f3n Interamericana","og_description":"Se activan los equipos de respuesta a emergencias para brindar apoyo a las comunidades afectadas por la cat\u00e1strofe. 29 de marzo de 2025 | Silver Spring, Maryland, Estados Unidos |...","og_url":"https:\/\/interamerica.org\/es\/2025\/03\/adra-moviliza-respuesta-de-emergencia-despues-de-terremoto-de-77-en-birmania-y-tailandia\/","og_site_name":"Iglesia Adventista del S\u00e9ptimo D\u00eda - Divisi\u00f3n Interamericana","article_published_time":"2025-03-29T09:23:16+00:00","article_modified_time":"2025-03-30T15:22:21+00:00","og_image":[{"width":2560,"height":1920,"url":"https:\/\/interamerica.org\/wp-content\/uploads\/2025\/03\/anika-de-klerk-amde42cqeek-unsplash-scaled.jpg","type":"image\/jpeg"}],"author":"libna","twitter_card":"summary_large_image","twitter_misc":{"Escrito por":"libna","Tiempo de lectura":"3 minutos"},"schema":{"@context":"https:\/\/schema.org","@graph":[{"@type":"Article","@id":"https:\/\/interamerica.org\/es\/2025\/03\/adra-moviliza-respuesta-de-emergencia-despues-de-terremoto-de-77-en-birmania-y-tailandia\/#article","isPartOf":{"@id":"https:\/\/interamerica.org\/es\/2025\/03\/adra-moviliza-respuesta-de-emergencia-despues-de-terremoto-de-77-en-birmania-y-tailandia\/"},"author":{"name":"libna","@id":"https:\/\/interamerica.org\/es\/#\/schema\/person\/29998f2bc2d8bd0d38662909289b54f1"},"headline":"ADRA moviliza respuesta de emergencia despu\u00e9s de terremoto de 7,7 en Birmania y Tailandia","datePublished":"2025-03-29T09:23:16+00:00","dateModified":"2025-03-30T15:22:21+00:00","mainEntityOfPage":{"@id":"https:\/\/interamerica.org\/es\/2025\/03\/adra-moviliza-respuesta-de-emergencia-despues-de-terremoto-de-77-en-birmania-y-tailandia\/"},"wordCount":642,"image":{"@id":"https:\/\/interamerica.org\/es\/2025\/03\/adra-moviliza-respuesta-de-emergencia-despues-de-terremoto-de-77-en-birmania-y-tailandia\/#primaryimage"},"thumbnailUrl":"https:\/\/interamerica.org\/wp-content\/uploads\/2025\/03\/anika-de-klerk-amde42cqeek-unsplash-scaled.jpg","articleSection":["Desde la iglesia mundial","RSS Espa\u00f1ol"],"inLanguage":"es"},{"@type":"WebPage","@id":"https:\/\/interamerica.org\/es\/2025\/03\/adra-moviliza-respuesta-de-emergencia-despues-de-terremoto-de-77-en-birmania-y-tailandia\/","url":"https:\/\/interamerica.org\/es\/2025\/03\/adra-moviliza-respuesta-de-emergencia-despues-de-terremoto-de-77-en-birmania-y-tailandia\/","name":"ADRA moviliza respuesta de emergencia despu\u00e9s de terremoto de 7,7 en Birmania y Tailandia - Iglesia Adventista del S\u00e9ptimo D\u00eda - Divisi\u00f3n Interamericana","isPartOf":{"@id":"https:\/\/interamerica.org\/es\/#website"},"primaryImageOfPage":{"@id":"https:\/\/interamerica.org\/es\/2025\/03\/adra-moviliza-respuesta-de-emergencia-despues-de-terremoto-de-77-en-birmania-y-tailandia\/#primaryimage"},"image":{"@id":"https:\/\/interamerica.org\/es\/2025\/03\/adra-moviliza-respuesta-de-emergencia-despues-de-terremoto-de-77-en-birmania-y-tailandia\/#primaryimage"},"thumbnailUrl":"https:\/\/interamerica.org\/wp-content\/uploads\/2025\/03\/anika-de-klerk-amde42cqeek-unsplash-scaled.jpg","datePublished":"2025-03-29T09:23:16+00:00","dateModified":"2025-03-30T15:22:21+00:00","author":{"@id":"https:\/\/interamerica.org\/es\/#\/schema\/person\/29998f2bc2d8bd0d38662909289b54f1"},"breadcrumb":{"@id":"https:\/\/interamerica.org\/es\/2025\/03\/adra-moviliza-respuesta-de-emergencia-despues-de-terremoto-de-77-en-birmania-y-tailandia\/#breadcrumb"},"inLanguage":"es","potentialAction":[{"@type":"ReadAction","target":["https:\/\/interamerica.org\/es\/2025\/03\/adra-moviliza-respuesta-de-emergencia-despues-de-terremoto-de-77-en-birmania-y-tailandia\/"]}]},{"@type":"ImageObject","inLanguage":"es","@id":"https:\/\/interamerica.org\/es\/2025\/03\/adra-moviliza-respuesta-de-emergencia-despues-de-terremoto-de-77-en-birmania-y-tailandia\/#primaryimage","url":"https:\/\/interamerica.org\/wp-content\/uploads\/2025\/03\/anika-de-klerk-amde42cqeek-unsplash-scaled.jpg","contentUrl":"https:\/\/interamerica.org\/wp-content\/uploads\/2025\/03\/anika-de-klerk-amde42cqeek-unsplash-scaled.jpg","width":2560,"height":1920,"caption":"[Photo: Anika de Klerk\/Unsplash]"},{"@type":"BreadcrumbList","@id":"https:\/\/interamerica.org\/es\/2025\/03\/adra-moviliza-respuesta-de-emergencia-despues-de-terremoto-de-77-en-birmania-y-tailandia\/#breadcrumb","itemListElement":[{"@type":"ListItem","position":1,"name":"Home","item":"https:\/\/interamerica.org\/es\/"},{"@type":"ListItem","position":2,"name":"ADRA moviliza respuesta de emergencia despu\u00e9s de terremoto de 7,7 en Birmania y Tailandia"}]},{"@type":"WebSite","@id":"https:\/\/interamerica.org\/es\/#website","url":"https:\/\/interamerica.org\/es\/","name":"Iglesia Adventista del S\u00e9ptimo D\u00eda - Divisi\u00f3n Interamericana","description":"","potentialAction":[{"@type":"SearchAction","target":{"@type":"EntryPoint","urlTemplate":"https:\/\/interamerica.org\/es\/?s={search_term_string}"},"query-input":{"@type":"PropertyValueSpecification","valueRequired":true,"valueName":"search_term_string"}}],"inLanguage":"es"},{"@type":"Person","@id":"https:\/\/interamerica.org\/es\/#\/schema\/person\/29998f2bc2d8bd0d38662909289b54f1","name":"libna","image":{"@type":"ImageObject","inLanguage":"es","@id":"https:\/\/secure.gravatar.com\/avatar\/7c5bd30ae4b47a9ba3c856590957fd1d96dc588bf3ac05719d247e126840331f?s=96&d=mm&r=g","url":"https:\/\/secure.gravatar.com\/avatar\/7c5bd30ae4b47a9ba3c856590957fd1d96dc588bf3ac05719d247e126840331f?s=96&d=mm&r=g","contentUrl":"https:\/\/secure.gravatar.com\/avatar\/7c5bd30ae4b47a9ba3c856590957fd1d96dc588bf3ac05719d247e126840331f?s=96&d=mm&r=g","caption":"libna"}}]}},"_links":{"self":[{"href":"https:\/\/interamerica.org\/es\/wp-json\/wp\/v2\/posts\/126709","targetHints":{"allow":["GET"]}}],"collection":[{"href":"https:\/\/interamerica.org\/es\/wp-json\/wp\/v2\/posts"}],"about":[{"href":"https:\/\/interamerica.org\/es\/wp-json\/wp\/v2\/types\/post"}],"author":[{"embeddable":true,"href":"https:\/\/interamerica.org\/es\/wp-json\/wp\/v2\/users\/3"}],"replies":[{"embeddable":true,"href":"https:\/\/interamerica.org\/es\/wp-json\/wp\/v2\/comments?post=126709"}],"version-history":[{"count":0,"href":"https:\/\/interamerica.org\/es\/wp-json\/wp\/v2\/posts\/126709\/revisions"}],"wp:featuredmedia":[{"embeddable":true,"href":"https:\/\/interamerica.org\/es\/wp-json\/wp\/v2\/media\/126704"}],"wp:attachment":[{"href":"https:\/\/interamerica.org\/es\/wp-json\/wp\/v2\/media?parent=126709"}],"wp:term":[{"taxonomy":"category","embeddable":true,"href":"https:\/\/interamerica.org\/es\/wp-json\/wp\/v2\/categories?post=126709"},{"taxonomy":"post_tag","embeddable":true,"href":"https:\/\/interamerica.org\/es\/wp-json\/wp\/v2\/tags?post=126709"}],"curies":[{"name":"wp","href":"https:\/\/api.w.org\/{rel}","templated":true}]}}