{"id":126813,"date":"2025-04-01T13:28:33","date_gmt":"2025-04-01T17:28:33","guid":{"rendered":"https:\/\/interamerica.org\/?p=126813"},"modified":"2025-04-03T14:00:51","modified_gmt":"2025-04-03T18:00:51","slug":"convencion-de-laicos-destaca-el-evangelismo-enfocado-a-grupos-de-personas-y-el-discipulado","status":"publish","type":"post","link":"https:\/\/interamerica.org\/es\/2025\/04\/convencion-de-laicos-destaca-el-evangelismo-enfocado-a-grupos-de-personas-y-el-discipulado\/","title":{"rendered":"Convenci\u00f3n de laicos destaca el evangelismo enfocado a grupos de personas y el discipulado"},"content":{"rendered":"<div id=\"attachment_126779\" style=\"width: 1034px\" class=\"wp-caption aligncenter\"><img fetchpriority=\"high\" decoding=\"async\" aria-describedby=\"caption-attachment-126779\" class=\"size-large wp-image-126777\" src=\"https:\/\/interamerica.org\/wp-content\/uploads\/2025\/04\/lay-convention-dsc-0688-1024x683.jpg\" alt=\"\" width=\"1024\" height=\"683\" srcset=\"https:\/\/interamerica.org\/wp-content\/uploads\/2025\/04\/lay-convention-dsc-0688-1024x683.jpg 1024w, https:\/\/interamerica.org\/wp-content\/uploads\/2025\/04\/lay-convention-dsc-0688-300x200.jpg 300w, https:\/\/interamerica.org\/wp-content\/uploads\/2025\/04\/lay-convention-dsc-0688-768x512.jpg 768w, https:\/\/interamerica.org\/wp-content\/uploads\/2025\/04\/lay-convention-dsc-0688-1536x1025.jpg 1536w, https:\/\/interamerica.org\/wp-content\/uploads\/2025\/04\/lay-convention-dsc-0688-2048x1367.jpg 2048w\" sizes=\"(max-width: 1024px) 100vw, 1024px\" \/><p id=\"caption-attachment-126779\" class=\"wp-caption-text\">Asistentes al Festival SEEDS de los Laicos de Uni\u00f3n Asociaci\u00f3n del Atl\u00e1ntico de Estados Unidos participan de un momento de oraci\u00f3n en la noche de apertura del evento en Stamford, Connecticut, el 28 de marzo. [Fotograf\u00eda: Marcos Paseggi, Adventist Review]<\/p><\/div>\n<p class=\"c-post-header__subtitle\"><em>En los EE.UU., los miembros de la Uni\u00f3n Asociaci\u00f3n del Atl\u00e1ntico se movilizan como parte de Pentecost\u00e9s 2025.<\/em><\/p>\n<p>1 de abril de 2025 | Marcos Paseggi, Adventist Review<\/p>\n<p>C\u00e1nticos de adoraci\u00f3n en espa\u00f1ol dieron la bienvenida a m\u00e1s de 400 participantes al Festival SEEDS de los Laicos de Uni\u00f3n Asociaci\u00f3n del Atl\u00e1ntico (AUC) de Estados Unidos el pasado 28 de marzo. El evento de tres d\u00edas en Stamford, Connecticut, reuni\u00f3 a miembros laicos regionales de la Iglesia Adventista del S\u00e9ptimo D\u00eda y a l\u00edderes ministeriales en busca de conexi\u00f3n, capacitaci\u00f3n e inspiraci\u00f3n para alcanzar a m\u00e1s personas para Jes\u00fas, dijeron los l\u00edderes de la iglesia.<\/p>\n<p>\u201cEstamos aqu\u00ed para ser facultados para el servicio\u201d, reconoci\u00f3 el director de Ministerios Personales de la AUC Trevor Forbes. Ted A. Huskins, secretario ejecutivo de la AUC, coincidi\u00f3 con \u00e9l a la vez que destac\u00f3 la motivaci\u00f3n de la iniciativa. \u201cEstamos aqu\u00ed para pensar juntos, para participar juntos de una lluvia de ideas sobre c\u00f3mo llevar a m\u00e1s personas al reino [de Dios]\u201d.<\/p>\n<div class=\"mceTemp\"><\/div>\n<div id=\"attachment_126785\" style=\"width: 1034px\" class=\"wp-caption aligncenter\"><img decoding=\"async\" aria-describedby=\"caption-attachment-126785\" class=\"size-large wp-image-126783\" src=\"https:\/\/interamerica.org\/wp-content\/uploads\/2025\/04\/layconvention-dsc-0661-1024x683.jpg\" alt=\"\" width=\"1024\" height=\"683\" srcset=\"https:\/\/interamerica.org\/wp-content\/uploads\/2025\/04\/layconvention-dsc-0661-1024x683.jpg 1024w, https:\/\/interamerica.org\/wp-content\/uploads\/2025\/04\/layconvention-dsc-0661-300x200.jpg 300w, https:\/\/interamerica.org\/wp-content\/uploads\/2025\/04\/layconvention-dsc-0661-768x512.jpg 768w, https:\/\/interamerica.org\/wp-content\/uploads\/2025\/04\/layconvention-dsc-0661-1536x1025.jpg 1536w, https:\/\/interamerica.org\/wp-content\/uploads\/2025\/04\/layconvention-dsc-0661-2048x1367.jpg 2048w\" sizes=\"(max-width: 1024px) 100vw, 1024px\" \/><p id=\"caption-attachment-126785\" class=\"wp-caption-text\">Los participantes entonaron c\u00e1nticos en ingl\u00e9s, espa\u00f1ol y franc\u00e9s. [Fotograf\u00eda: Marcos Paseggi, Adventist Review]<\/p><\/div>\n<h3 class=\"wp-block-heading\"><strong>Una regi\u00f3n eclesi\u00e1stica multicultural y multiling\u00fce<\/strong><\/h3>\n<p>El evento regional tuvo lugar en el contexto de <a href=\"https:\/\/pentecost2025.com\/\" target=\"_blank\" rel=\"noopener\">Pentecost 2025<\/a>, una iniciativa de la Divisi\u00f3n Norteamericana que invita a que los adventistas de toda la regi\u00f3n lleven colectivamente a cabo miles de eventos de proclamaci\u00f3n de evangelismo durante todo el a\u00f1o. Para apoyar esas iniciativas, la Divisi\u00f3n Norteamericana est\u00e1 llevando a cabo esfuerzos deliberados para equipar a los miembros y l\u00edderes con las herramientas, el conocimiento y los recursos necesarios para realizar un evangelismo efectivo, dijeron los l\u00edderes regionales de la iglesia.<\/p>\n<p>Como parte de esos esfuerzos, los l\u00edderes regionales de evangelismo est\u00e1n fortaleciendo a los m\u00faltiples grupos de personas que conforman una denominaci\u00f3n sumamente diversa, explicaron. Algunos c\u00e1nticos congregacionales y partes especiales musicales incluyeron presentaciones en ingl\u00e9s, espa\u00f1ol y franc\u00e9s, los tres idiomas m\u00e1s utilizados en las congregaciones de la AUC. Los l\u00edderes y pastores tambi\u00e9n destacaron los esfuerzos que est\u00e1n haciendo para llegar a otros grupos de personas en todo el territorio.<\/p>\n<p><div id=\"attachment_126788\" style=\"width: 1034px\" class=\"wp-caption aligncenter\"><img decoding=\"async\" aria-describedby=\"caption-attachment-126788\" class=\"size-large wp-image-126786\" src=\"https:\/\/interamerica.org\/wp-content\/uploads\/2025\/04\/layconvention-dsc-0654-1024x683.jpg\" alt=\"\" width=\"1024\" height=\"683\" srcset=\"https:\/\/interamerica.org\/wp-content\/uploads\/2025\/04\/layconvention-dsc-0654-1024x683.jpg 1024w, https:\/\/interamerica.org\/wp-content\/uploads\/2025\/04\/layconvention-dsc-0654-300x200.jpg 300w, https:\/\/interamerica.org\/wp-content\/uploads\/2025\/04\/layconvention-dsc-0654-768x512.jpg 768w, https:\/\/interamerica.org\/wp-content\/uploads\/2025\/04\/layconvention-dsc-0654-1536x1025.jpg 1536w, https:\/\/interamerica.org\/wp-content\/uploads\/2025\/04\/layconvention-dsc-0654-2048x1367.jpg 2048w\" sizes=\"(max-width: 1024px) 100vw, 1024px\" \/><p id=\"caption-attachment-126788\" class=\"wp-caption-text\">Los m\u00fasicos apoyaron el c\u00e1ntico congregacional durante el fin de semana. [Fotograf\u00eda: Marcos Paseggi, Adventist Review]<\/p><\/div>Samuel Nzoikorera pastorea dos iglesias y un nuevo grupo en el estado de Maine. Nzoikorera, que es originario de Burundi, ahora pastorea en una zona que cuenta con varios grupos ling\u00fc\u00edsticos. \u201cDonde soy pastor, hay grupos de personas que hablan ki\u00f1aruanda, portugu\u00e9s, suajili y otros [idiomas]\u201d, cont\u00f3. \u201cEs la raz\u00f3n por la que, en 2025, estamos desarrollando [intencionalmente] formas de hacer evangelismo en todos esos idiomas\u201d.<\/p>\n<p>Terry Saelee, coordinadora de Ministerios Adventistas a Refugiados e Inmigrantes de la Divisi\u00f3n Norteamericana y una de los presentadores del evento, concord\u00f3 con \u00e9l. \u201cSi se quieren superar las barreras ling\u00fc\u00edsticas y culturales, el mejor curso de acci\u00f3n es a menudo conectar los intereses de los miembros adventistas dentro de su propia cultura para darles estudios b\u00edblicos. Por lo general, esos miembros pueden llegar a las personas de una manera que los de otra cultura probablemente nunca podr\u00edan hacer\u201d, explic\u00f3.<\/p>\n<div id=\"attachment_126791\" style=\"width: 1034px\" class=\"wp-caption aligncenter\"><img loading=\"lazy\" decoding=\"async\" aria-describedby=\"caption-attachment-126791\" class=\"size-large wp-image-126789\" src=\"https:\/\/interamerica.org\/wp-content\/uploads\/2025\/04\/layconvention-dsc-0652-1024x683.jpg\" alt=\"\" width=\"1024\" height=\"683\" srcset=\"https:\/\/interamerica.org\/wp-content\/uploads\/2025\/04\/layconvention-dsc-0652-1024x683.jpg 1024w, https:\/\/interamerica.org\/wp-content\/uploads\/2025\/04\/layconvention-dsc-0652-300x200.jpg 300w, https:\/\/interamerica.org\/wp-content\/uploads\/2025\/04\/layconvention-dsc-0652-768x512.jpg 768w, https:\/\/interamerica.org\/wp-content\/uploads\/2025\/04\/layconvention-dsc-0652-1536x1025.jpg 1536w, https:\/\/interamerica.org\/wp-content\/uploads\/2025\/04\/layconvention-dsc-0652-2048x1367.jpg 2048w\" sizes=\"(max-width: 1024px) 100vw, 1024px\" \/><p id=\"caption-attachment-126791\" class=\"wp-caption-text\">Kenneth Simons, director de Escuela Sab\u00e1tica y Ministerios Personales de la Asociaci\u00f3n de Bermuda, saluda a los asistentes al Festival de Laicos SEEDS de la Uni\u00f3n Asociaci\u00f3n del Atl\u00e1ntico el pasado 28 de marzo. [Fotograf\u00eda: Marcos Paseggi, Adventist Review]<\/p><\/div>\n<h3 class=\"wp-block-heading\"><strong>La raz\u00f3n de existir de la iglesia<\/strong><\/h3>\n<p>Tim Madding, director del Instituto de Evangelismo de la Divisi\u00f3n Norteamericana, fue el orador principal en la noche de apertura del Festival de Laicos SEEDS. Madding hizo un llamado para que los adventistas intensifiquen sus esfuerzos misioneros y se enfoquen en la misi\u00f3n en el tiempo del fin. \u201cNo es que la iglesia tenga una misi\u00f3n\u201d, enfatiz\u00f3. \u201cLa misi\u00f3n tiene una iglesia. Es la raz\u00f3n por la que existe la iglesia: para ser enviada, para llevar a otros hacia una relaci\u00f3n de salvaci\u00f3n en Jesucristo\u201d.<\/p>\n<p>En ese contexto, Madding enfatiz\u00f3 que nuestro trabajo es alcanzar, no convertir. Ese es el papel del Esp\u00edritu de Dios, dijo, refiri\u00e9ndose al ejemplo b\u00edblico del ap\u00f3stol Pablo. \u201cNo hay nadie que est\u00e9 m\u00e1s all\u00e1 de la capacidad del Esp\u00edritu de Dios para convertir a una persona\u201d.<\/p>\n<div id=\"attachment_126794\" style=\"width: 1034px\" class=\"wp-caption aligncenter\"><img loading=\"lazy\" decoding=\"async\" aria-describedby=\"caption-attachment-126794\" class=\"size-large wp-image-126792\" src=\"https:\/\/interamerica.org\/wp-content\/uploads\/2025\/04\/lay-convention-dsc-0650-1024x683.jpg\" alt=\"\" width=\"1024\" height=\"683\" srcset=\"https:\/\/interamerica.org\/wp-content\/uploads\/2025\/04\/lay-convention-dsc-0650-1024x683.jpg 1024w, https:\/\/interamerica.org\/wp-content\/uploads\/2025\/04\/lay-convention-dsc-0650-300x200.jpg 300w, https:\/\/interamerica.org\/wp-content\/uploads\/2025\/04\/lay-convention-dsc-0650-768x512.jpg 768w, https:\/\/interamerica.org\/wp-content\/uploads\/2025\/04\/lay-convention-dsc-0650-1536x1025.jpg 1536w, https:\/\/interamerica.org\/wp-content\/uploads\/2025\/04\/lay-convention-dsc-0650-2048x1367.jpg 2048w\" sizes=\"(max-width: 1024px) 100vw, 1024px\" \/><p id=\"caption-attachment-126794\" class=\"wp-caption-text\">El evento de tres d\u00edas centrado en los laicos brind\u00f3 amplia oportunidad para momentos de compa\u00f1erismo. [Fotograf\u00eda: Marcos Paseggi, Adventist Review]<\/p><\/div>\n<h3 class=\"wp-block-heading\"><strong>Brillemos all\u00ed donde estamos<\/strong><\/h3>\n<p>Guiar a otros hacia Dios es la raz\u00f3n por la que la iglesia\u2014cada hijo e hija de Dios\u2014tiene que brillar, brille, dijo Madding. \u201cCada persona que es bautizada en Cristo ha sido ordenada como ministro del evangelio, para compartir las buenas nuevas de Jes\u00fas con los dem\u00e1s\u201d, expres\u00f3.<\/p>\n<p>Cuando los miembros aceptan el llamado, el Esp\u00edritu de Dios comienza a obrar en ellos y a usarlos como luces all\u00ed donde est\u00e1n. \u201cDe manera que, cuando la gente ve al creyente que es enviado, ve a Cristo en ellos\u201d, dijo Madding. \u201cEntonces pueden ver brillar mi luz, que es el car\u00e1cter de Cristo en m\u00ed\u201d.<\/p>\n<p><div id=\"attachment_126797\" style=\"width: 1034px\" class=\"wp-caption aligncenter\"><img loading=\"lazy\" decoding=\"async\" aria-describedby=\"caption-attachment-126797\" class=\"size-large wp-image-126795\" src=\"https:\/\/interamerica.org\/wp-content\/uploads\/2025\/04\/layconvention-dsc-0668b-1024x683.jpg\" alt=\"\" width=\"1024\" height=\"683\" srcset=\"https:\/\/interamerica.org\/wp-content\/uploads\/2025\/04\/layconvention-dsc-0668b-1024x683.jpg 1024w, https:\/\/interamerica.org\/wp-content\/uploads\/2025\/04\/layconvention-dsc-0668b-300x200.jpg 300w, https:\/\/interamerica.org\/wp-content\/uploads\/2025\/04\/layconvention-dsc-0668b-768x512.jpg 768w, https:\/\/interamerica.org\/wp-content\/uploads\/2025\/04\/layconvention-dsc-0668b.jpg 1124w\" sizes=\"(max-width: 1024px) 100vw, 1024px\" \/><p id=\"caption-attachment-126797\" class=\"wp-caption-text\">Una mujer responde durante los momentos de adoraci\u00f3n, en la noche de apertura del Festival de Laicos SEEDS en Stamford, Connecticut. [Fotograf\u00eda: Marcos Paseggi, Adventist Review]<\/p><\/div>Para lograr esto, la iglesia tiene que dejar de hacer de su adoraci\u00f3n y sus iniciativas fines en s\u00ed mismos. \u201c[Debemos] ingresar en la comunidad y cultivar relaciones con los perdidos<ins>, <\/ins> para que estos puedan ver a Cristo en cada uno de nosotros. . . . Y cuando las personas vean a Cristo en m\u00ed, \u00e9l ser\u00e1 glorificado y ellas ser\u00e1n atra\u00eddas a \u00e9l\u201d.<\/p>\n<p>Traducci\u00f3n de Marcos Paseggi<\/p>\n","protected":false},"excerpt":{"rendered":"<p>En los EE.UU., los miembros de la Uni\u00f3n Asociaci\u00f3n del Atl\u00e1ntico se movilizan como parte de Pentecost\u00e9s 2025. 1 de abril de 2025 | Marcos Paseggi, Adventist Review C\u00e1nticos de&#8230;<\/p>\n","protected":false},"author":3,"featured_media":126779,"comment_status":"closed","ping_status":"closed","sticky":false,"template":"","format":"standard","meta":{"_acf_changed":false,"footnotes":""},"categories":[14,15],"tags":[],"class_list":["post-126813","post","type-post","status-publish","format-standard","has-post-thumbnail","hentry","category-de-la-iglesia-mundial","category-rss-espanol"],"acf":[],"yoast_head":"<!-- This site is optimized with the Yoast SEO plugin v27.3 - https:\/\/yoast.com\/product\/yoast-seo-wordpress\/ -->\n<title>Convenci\u00f3n de laicos destaca el evangelismo enfocado a grupos de personas y el discipulado - Iglesia Adventista del S\u00e9ptimo D\u00eda - Divisi\u00f3n Interamericana<\/title>\n<meta name=\"robots\" content=\"index, follow, max-snippet:-1, max-image-preview:large, max-video-preview:-1\" \/>\n<link rel=\"canonical\" href=\"https:\/\/interamerica.org\/es\/2025\/04\/convencion-de-laicos-destaca-el-evangelismo-enfocado-a-grupos-de-personas-y-el-discipulado\/\" \/>\n<meta property=\"og:locale\" content=\"es_ES\" \/>\n<meta property=\"og:type\" content=\"article\" \/>\n<meta property=\"og:title\" content=\"Convenci\u00f3n de laicos destaca el evangelismo enfocado a grupos de personas y el discipulado - Iglesia Adventista del S\u00e9ptimo D\u00eda - Divisi\u00f3n Interamericana\" \/>\n<meta property=\"og:description\" content=\"En los EE.UU., los miembros de la Uni\u00f3n Asociaci\u00f3n del Atl\u00e1ntico se movilizan como parte de Pentecost\u00e9s 2025. 1 de abril de 2025 | Marcos Paseggi, Adventist Review C\u00e1nticos de...\" \/>\n<meta property=\"og:url\" content=\"https:\/\/interamerica.org\/es\/2025\/04\/convencion-de-laicos-destaca-el-evangelismo-enfocado-a-grupos-de-personas-y-el-discipulado\/\" \/>\n<meta property=\"og:site_name\" content=\"Iglesia Adventista del S\u00e9ptimo D\u00eda - Divisi\u00f3n Interamericana\" \/>\n<meta property=\"article:published_time\" content=\"2025-04-01T17:28:33+00:00\" \/>\n<meta property=\"article:modified_time\" content=\"2025-04-03T18:00:51+00:00\" \/>\n<meta property=\"og:image\" content=\"https:\/\/interamerica.org\/wp-content\/uploads\/2025\/04\/lay-convention-dsc-0688-scaled.jpg\" \/>\n\t<meta property=\"og:image:width\" content=\"2560\" \/>\n\t<meta property=\"og:image:height\" content=\"1708\" \/>\n\t<meta property=\"og:image:type\" content=\"image\/jpeg\" \/>\n<meta name=\"author\" content=\"libna\" \/>\n<meta name=\"twitter:card\" content=\"summary_large_image\" \/>\n<meta name=\"twitter:label1\" content=\"Escrito por\" \/>\n\t<meta name=\"twitter:data1\" content=\"libna\" \/>\n\t<meta name=\"twitter:label2\" content=\"Tiempo de lectura\" \/>\n\t<meta name=\"twitter:data2\" content=\"6 minutos\" \/>\n<script type=\"application\/ld+json\" class=\"yoast-schema-graph\">{\"@context\":\"https:\\\/\\\/schema.org\",\"@graph\":[{\"@type\":\"Article\",\"@id\":\"https:\\\/\\\/interamerica.org\\\/es\\\/2025\\\/04\\\/convencion-de-laicos-destaca-el-evangelismo-enfocado-a-grupos-de-personas-y-el-discipulado\\\/#article\",\"isPartOf\":{\"@id\":\"https:\\\/\\\/interamerica.org\\\/es\\\/2025\\\/04\\\/convencion-de-laicos-destaca-el-evangelismo-enfocado-a-grupos-de-personas-y-el-discipulado\\\/\"},\"author\":{\"name\":\"libna\",\"@id\":\"https:\\\/\\\/interamerica.org\\\/es\\\/#\\\/schema\\\/person\\\/29998f2bc2d8bd0d38662909289b54f1\"},\"headline\":\"Convenci\u00f3n de laicos destaca el evangelismo enfocado a grupos de personas y el discipulado\",\"datePublished\":\"2025-04-01T17:28:33+00:00\",\"dateModified\":\"2025-04-03T18:00:51+00:00\",\"mainEntityOfPage\":{\"@id\":\"https:\\\/\\\/interamerica.org\\\/es\\\/2025\\\/04\\\/convencion-de-laicos-destaca-el-evangelismo-enfocado-a-grupos-de-personas-y-el-discipulado\\\/\"},\"wordCount\":1096,\"image\":{\"@id\":\"https:\\\/\\\/interamerica.org\\\/es\\\/2025\\\/04\\\/convencion-de-laicos-destaca-el-evangelismo-enfocado-a-grupos-de-personas-y-el-discipulado\\\/#primaryimage\"},\"thumbnailUrl\":\"https:\\\/\\\/interamerica.org\\\/wp-content\\\/uploads\\\/2025\\\/04\\\/lay-convention-dsc-0688-scaled.jpg\",\"articleSection\":[\"Desde la iglesia mundial\",\"RSS Espa\u00f1ol\"],\"inLanguage\":\"es\"},{\"@type\":\"WebPage\",\"@id\":\"https:\\\/\\\/interamerica.org\\\/es\\\/2025\\\/04\\\/convencion-de-laicos-destaca-el-evangelismo-enfocado-a-grupos-de-personas-y-el-discipulado\\\/\",\"url\":\"https:\\\/\\\/interamerica.org\\\/es\\\/2025\\\/04\\\/convencion-de-laicos-destaca-el-evangelismo-enfocado-a-grupos-de-personas-y-el-discipulado\\\/\",\"name\":\"Convenci\u00f3n de laicos destaca el evangelismo enfocado a grupos de personas y el discipulado - Iglesia Adventista del S\u00e9ptimo D\u00eda - Divisi\u00f3n Interamericana\",\"isPartOf\":{\"@id\":\"https:\\\/\\\/interamerica.org\\\/es\\\/#website\"},\"primaryImageOfPage\":{\"@id\":\"https:\\\/\\\/interamerica.org\\\/es\\\/2025\\\/04\\\/convencion-de-laicos-destaca-el-evangelismo-enfocado-a-grupos-de-personas-y-el-discipulado\\\/#primaryimage\"},\"image\":{\"@id\":\"https:\\\/\\\/interamerica.org\\\/es\\\/2025\\\/04\\\/convencion-de-laicos-destaca-el-evangelismo-enfocado-a-grupos-de-personas-y-el-discipulado\\\/#primaryimage\"},\"thumbnailUrl\":\"https:\\\/\\\/interamerica.org\\\/wp-content\\\/uploads\\\/2025\\\/04\\\/lay-convention-dsc-0688-scaled.jpg\",\"datePublished\":\"2025-04-01T17:28:33+00:00\",\"dateModified\":\"2025-04-03T18:00:51+00:00\",\"author\":{\"@id\":\"https:\\\/\\\/interamerica.org\\\/es\\\/#\\\/schema\\\/person\\\/29998f2bc2d8bd0d38662909289b54f1\"},\"breadcrumb\":{\"@id\":\"https:\\\/\\\/interamerica.org\\\/es\\\/2025\\\/04\\\/convencion-de-laicos-destaca-el-evangelismo-enfocado-a-grupos-de-personas-y-el-discipulado\\\/#breadcrumb\"},\"inLanguage\":\"es\",\"potentialAction\":[{\"@type\":\"ReadAction\",\"target\":[\"https:\\\/\\\/interamerica.org\\\/es\\\/2025\\\/04\\\/convencion-de-laicos-destaca-el-evangelismo-enfocado-a-grupos-de-personas-y-el-discipulado\\\/\"]}]},{\"@type\":\"ImageObject\",\"inLanguage\":\"es\",\"@id\":\"https:\\\/\\\/interamerica.org\\\/es\\\/2025\\\/04\\\/convencion-de-laicos-destaca-el-evangelismo-enfocado-a-grupos-de-personas-y-el-discipulado\\\/#primaryimage\",\"url\":\"https:\\\/\\\/interamerica.org\\\/wp-content\\\/uploads\\\/2025\\\/04\\\/lay-convention-dsc-0688-scaled.jpg\",\"contentUrl\":\"https:\\\/\\\/interamerica.org\\\/wp-content\\\/uploads\\\/2025\\\/04\\\/lay-convention-dsc-0688-scaled.jpg\",\"width\":2560,\"height\":1708,\"caption\":\"Attendees to the U.S. Atlantic Union Conference SEEDS Festival of the Laity participate in a moment of prayer on the opening night of the event in Stamford, Connecticut, on March 28. [Photo: Marcos Paseggi, Adventist Review]\"},{\"@type\":\"BreadcrumbList\",\"@id\":\"https:\\\/\\\/interamerica.org\\\/es\\\/2025\\\/04\\\/convencion-de-laicos-destaca-el-evangelismo-enfocado-a-grupos-de-personas-y-el-discipulado\\\/#breadcrumb\",\"itemListElement\":[{\"@type\":\"ListItem\",\"position\":1,\"name\":\"Home\",\"item\":\"https:\\\/\\\/interamerica.org\\\/es\\\/\"},{\"@type\":\"ListItem\",\"position\":2,\"name\":\"Convenci\u00f3n de laicos destaca el evangelismo enfocado a grupos de personas y el discipulado\"}]},{\"@type\":\"WebSite\",\"@id\":\"https:\\\/\\\/interamerica.org\\\/es\\\/#website\",\"url\":\"https:\\\/\\\/interamerica.org\\\/es\\\/\",\"name\":\"Iglesia Adventista del S\u00e9ptimo D\u00eda - Divisi\u00f3n Interamericana\",\"description\":\"\",\"potentialAction\":[{\"@type\":\"SearchAction\",\"target\":{\"@type\":\"EntryPoint\",\"urlTemplate\":\"https:\\\/\\\/interamerica.org\\\/es\\\/?s={search_term_string}\"},\"query-input\":{\"@type\":\"PropertyValueSpecification\",\"valueRequired\":true,\"valueName\":\"search_term_string\"}}],\"inLanguage\":\"es\"},{\"@type\":\"Person\",\"@id\":\"https:\\\/\\\/interamerica.org\\\/es\\\/#\\\/schema\\\/person\\\/29998f2bc2d8bd0d38662909289b54f1\",\"name\":\"libna\",\"image\":{\"@type\":\"ImageObject\",\"inLanguage\":\"es\",\"@id\":\"https:\\\/\\\/secure.gravatar.com\\\/avatar\\\/7c5bd30ae4b47a9ba3c856590957fd1d96dc588bf3ac05719d247e126840331f?s=96&d=mm&r=g\",\"url\":\"https:\\\/\\\/secure.gravatar.com\\\/avatar\\\/7c5bd30ae4b47a9ba3c856590957fd1d96dc588bf3ac05719d247e126840331f?s=96&d=mm&r=g\",\"contentUrl\":\"https:\\\/\\\/secure.gravatar.com\\\/avatar\\\/7c5bd30ae4b47a9ba3c856590957fd1d96dc588bf3ac05719d247e126840331f?s=96&d=mm&r=g\",\"caption\":\"libna\"}}]}<\/script>\n<!-- \/ Yoast SEO plugin. -->","yoast_head_json":{"title":"Convenci\u00f3n de laicos destaca el evangelismo enfocado a grupos de personas y el discipulado - Iglesia Adventista del S\u00e9ptimo D\u00eda - Divisi\u00f3n Interamericana","robots":{"index":"index","follow":"follow","max-snippet":"max-snippet:-1","max-image-preview":"max-image-preview:large","max-video-preview":"max-video-preview:-1"},"canonical":"https:\/\/interamerica.org\/es\/2025\/04\/convencion-de-laicos-destaca-el-evangelismo-enfocado-a-grupos-de-personas-y-el-discipulado\/","og_locale":"es_ES","og_type":"article","og_title":"Convenci\u00f3n de laicos destaca el evangelismo enfocado a grupos de personas y el discipulado - Iglesia Adventista del S\u00e9ptimo D\u00eda - Divisi\u00f3n Interamericana","og_description":"En los EE.UU., los miembros de la Uni\u00f3n Asociaci\u00f3n del Atl\u00e1ntico se movilizan como parte de Pentecost\u00e9s 2025. 1 de abril de 2025 | Marcos Paseggi, Adventist Review C\u00e1nticos de...","og_url":"https:\/\/interamerica.org\/es\/2025\/04\/convencion-de-laicos-destaca-el-evangelismo-enfocado-a-grupos-de-personas-y-el-discipulado\/","og_site_name":"Iglesia Adventista del S\u00e9ptimo D\u00eda - Divisi\u00f3n Interamericana","article_published_time":"2025-04-01T17:28:33+00:00","article_modified_time":"2025-04-03T18:00:51+00:00","og_image":[{"width":2560,"height":1708,"url":"https:\/\/interamerica.org\/wp-content\/uploads\/2025\/04\/lay-convention-dsc-0688-scaled.jpg","type":"image\/jpeg"}],"author":"libna","twitter_card":"summary_large_image","twitter_misc":{"Escrito por":"libna","Tiempo de lectura":"6 minutos"},"schema":{"@context":"https:\/\/schema.org","@graph":[{"@type":"Article","@id":"https:\/\/interamerica.org\/es\/2025\/04\/convencion-de-laicos-destaca-el-evangelismo-enfocado-a-grupos-de-personas-y-el-discipulado\/#article","isPartOf":{"@id":"https:\/\/interamerica.org\/es\/2025\/04\/convencion-de-laicos-destaca-el-evangelismo-enfocado-a-grupos-de-personas-y-el-discipulado\/"},"author":{"name":"libna","@id":"https:\/\/interamerica.org\/es\/#\/schema\/person\/29998f2bc2d8bd0d38662909289b54f1"},"headline":"Convenci\u00f3n de laicos destaca el evangelismo enfocado a grupos de personas y el discipulado","datePublished":"2025-04-01T17:28:33+00:00","dateModified":"2025-04-03T18:00:51+00:00","mainEntityOfPage":{"@id":"https:\/\/interamerica.org\/es\/2025\/04\/convencion-de-laicos-destaca-el-evangelismo-enfocado-a-grupos-de-personas-y-el-discipulado\/"},"wordCount":1096,"image":{"@id":"https:\/\/interamerica.org\/es\/2025\/04\/convencion-de-laicos-destaca-el-evangelismo-enfocado-a-grupos-de-personas-y-el-discipulado\/#primaryimage"},"thumbnailUrl":"https:\/\/interamerica.org\/wp-content\/uploads\/2025\/04\/lay-convention-dsc-0688-scaled.jpg","articleSection":["Desde la iglesia mundial","RSS Espa\u00f1ol"],"inLanguage":"es"},{"@type":"WebPage","@id":"https:\/\/interamerica.org\/es\/2025\/04\/convencion-de-laicos-destaca-el-evangelismo-enfocado-a-grupos-de-personas-y-el-discipulado\/","url":"https:\/\/interamerica.org\/es\/2025\/04\/convencion-de-laicos-destaca-el-evangelismo-enfocado-a-grupos-de-personas-y-el-discipulado\/","name":"Convenci\u00f3n de laicos destaca el evangelismo enfocado a grupos de personas y el discipulado - Iglesia Adventista del S\u00e9ptimo D\u00eda - Divisi\u00f3n Interamericana","isPartOf":{"@id":"https:\/\/interamerica.org\/es\/#website"},"primaryImageOfPage":{"@id":"https:\/\/interamerica.org\/es\/2025\/04\/convencion-de-laicos-destaca-el-evangelismo-enfocado-a-grupos-de-personas-y-el-discipulado\/#primaryimage"},"image":{"@id":"https:\/\/interamerica.org\/es\/2025\/04\/convencion-de-laicos-destaca-el-evangelismo-enfocado-a-grupos-de-personas-y-el-discipulado\/#primaryimage"},"thumbnailUrl":"https:\/\/interamerica.org\/wp-content\/uploads\/2025\/04\/lay-convention-dsc-0688-scaled.jpg","datePublished":"2025-04-01T17:28:33+00:00","dateModified":"2025-04-03T18:00:51+00:00","author":{"@id":"https:\/\/interamerica.org\/es\/#\/schema\/person\/29998f2bc2d8bd0d38662909289b54f1"},"breadcrumb":{"@id":"https:\/\/interamerica.org\/es\/2025\/04\/convencion-de-laicos-destaca-el-evangelismo-enfocado-a-grupos-de-personas-y-el-discipulado\/#breadcrumb"},"inLanguage":"es","potentialAction":[{"@type":"ReadAction","target":["https:\/\/interamerica.org\/es\/2025\/04\/convencion-de-laicos-destaca-el-evangelismo-enfocado-a-grupos-de-personas-y-el-discipulado\/"]}]},{"@type":"ImageObject","inLanguage":"es","@id":"https:\/\/interamerica.org\/es\/2025\/04\/convencion-de-laicos-destaca-el-evangelismo-enfocado-a-grupos-de-personas-y-el-discipulado\/#primaryimage","url":"https:\/\/interamerica.org\/wp-content\/uploads\/2025\/04\/lay-convention-dsc-0688-scaled.jpg","contentUrl":"https:\/\/interamerica.org\/wp-content\/uploads\/2025\/04\/lay-convention-dsc-0688-scaled.jpg","width":2560,"height":1708,"caption":"Attendees to the U.S. Atlantic Union Conference SEEDS Festival of the Laity participate in a moment of prayer on the opening night of the event in Stamford, Connecticut, on March 28. [Photo: Marcos Paseggi, Adventist Review]"},{"@type":"BreadcrumbList","@id":"https:\/\/interamerica.org\/es\/2025\/04\/convencion-de-laicos-destaca-el-evangelismo-enfocado-a-grupos-de-personas-y-el-discipulado\/#breadcrumb","itemListElement":[{"@type":"ListItem","position":1,"name":"Home","item":"https:\/\/interamerica.org\/es\/"},{"@type":"ListItem","position":2,"name":"Convenci\u00f3n de laicos destaca el evangelismo enfocado a grupos de personas y el discipulado"}]},{"@type":"WebSite","@id":"https:\/\/interamerica.org\/es\/#website","url":"https:\/\/interamerica.org\/es\/","name":"Iglesia Adventista del S\u00e9ptimo D\u00eda - Divisi\u00f3n Interamericana","description":"","potentialAction":[{"@type":"SearchAction","target":{"@type":"EntryPoint","urlTemplate":"https:\/\/interamerica.org\/es\/?s={search_term_string}"},"query-input":{"@type":"PropertyValueSpecification","valueRequired":true,"valueName":"search_term_string"}}],"inLanguage":"es"},{"@type":"Person","@id":"https:\/\/interamerica.org\/es\/#\/schema\/person\/29998f2bc2d8bd0d38662909289b54f1","name":"libna","image":{"@type":"ImageObject","inLanguage":"es","@id":"https:\/\/secure.gravatar.com\/avatar\/7c5bd30ae4b47a9ba3c856590957fd1d96dc588bf3ac05719d247e126840331f?s=96&d=mm&r=g","url":"https:\/\/secure.gravatar.com\/avatar\/7c5bd30ae4b47a9ba3c856590957fd1d96dc588bf3ac05719d247e126840331f?s=96&d=mm&r=g","contentUrl":"https:\/\/secure.gravatar.com\/avatar\/7c5bd30ae4b47a9ba3c856590957fd1d96dc588bf3ac05719d247e126840331f?s=96&d=mm&r=g","caption":"libna"}}]}},"_links":{"self":[{"href":"https:\/\/interamerica.org\/es\/wp-json\/wp\/v2\/posts\/126813","targetHints":{"allow":["GET"]}}],"collection":[{"href":"https:\/\/interamerica.org\/es\/wp-json\/wp\/v2\/posts"}],"about":[{"href":"https:\/\/interamerica.org\/es\/wp-json\/wp\/v2\/types\/post"}],"author":[{"embeddable":true,"href":"https:\/\/interamerica.org\/es\/wp-json\/wp\/v2\/users\/3"}],"replies":[{"embeddable":true,"href":"https:\/\/interamerica.org\/es\/wp-json\/wp\/v2\/comments?post=126813"}],"version-history":[{"count":0,"href":"https:\/\/interamerica.org\/es\/wp-json\/wp\/v2\/posts\/126813\/revisions"}],"wp:featuredmedia":[{"embeddable":true,"href":"https:\/\/interamerica.org\/es\/wp-json\/wp\/v2\/media\/126779"}],"wp:attachment":[{"href":"https:\/\/interamerica.org\/es\/wp-json\/wp\/v2\/media?parent=126813"}],"wp:term":[{"taxonomy":"category","embeddable":true,"href":"https:\/\/interamerica.org\/es\/wp-json\/wp\/v2\/categories?post=126813"},{"taxonomy":"post_tag","embeddable":true,"href":"https:\/\/interamerica.org\/es\/wp-json\/wp\/v2\/tags?post=126813"}],"curies":[{"name":"wp","href":"https:\/\/api.w.org\/{rel}","templated":true}]}}