{"id":126968,"date":"2025-04-07T15:09:57","date_gmt":"2025-04-07T19:09:57","guid":{"rendered":"https:\/\/interamerica.org\/?p=126968"},"modified":"2025-04-08T21:18:01","modified_gmt":"2025-04-09T01:18:01","slug":"universidad-oakwood-anuncia-la-seleccion-de-su-doceava-persona-al-mando-de-rectoria","status":"publish","type":"post","link":"https:\/\/interamerica.org\/es\/2025\/04\/universidad-oakwood-anuncia-la-seleccion-de-su-doceava-persona-al-mando-de-rectoria\/","title":{"rendered":"Universidad Oakwood anuncia la selecci\u00f3n de su doceava persona al mando de rector\u00eda"},"content":{"rendered":"<p class=\"c-post-header__subtitle\"><em>Gina Spivey-Brown ser\u00e1 la primera rectora de la escuela adventista en Alabama.<\/em><\/p>\n<p>April 7, 2025 | Huntsville, Alabama, Estados Unidos | Oakwood University News, Noticias de la Divisi\u00f3n Norteamericana<\/p>\n<p>La Junta de Regentes de la Universidad Oakwood se complace en anunciar el nombramiento de Gina Spivey-Brown como doceava persona rectora de esta instituci\u00f3n. El anuncio pone fin a un amplio y ferviente proceso de b\u00fasqueda, afirmaron los dirigentes de esa instituci\u00f3n. La Dra. Spivey-Brown asumir\u00e1 oficialmente su liderazgo el 1 de julio del presente, sustituyendo a Leslie N. Pollard, quien llev\u00f3 las riendas de la instituci\u00f3n por los \u00faltimos 15 a\u00f1os.<\/p>\n<p>La Dra. Spivey-Brown, quien llega a convertirse en la primera persona de g\u00e9nero femenino que ocupa este cargo en los 129 a\u00f1os de historia de dicha universidad, trae consigo una amplia experiencia en el ramo de educaci\u00f3n superior, liderazgo y un profundo compromiso hacia la misi\u00f3n de la Universidad Oakwood de preparar estudiantes para el servicio, a trav\u00e9s de la excelencia en la fe, en estudios y liderazgo. Al poseer un impresionante trasfondo en administraci\u00f3n, academia y ministerio, la Dra. Spivey-Brown se encuentra en una posici\u00f3n \u00fanica para dirigir el derrotero de la Universidad Oakwood University hacia su siguiente cap\u00edtulo de crecimiento e innovaci\u00f3n.<\/p>\n<div id=\"attachment_126950\" style=\"width: 582px\" class=\"wp-caption aligncenter\"><img fetchpriority=\"high\" decoding=\"async\" aria-describedby=\"caption-attachment-126950\" class=\" wp-image-126948\" src=\"https:\/\/interamerica.org\/wp-content\/uploads\/2025\/04\/gina-spivey-brown-img-4501-1024x1024.jpg\" alt=\"\" width=\"572\" height=\"572\" srcset=\"https:\/\/interamerica.org\/wp-content\/uploads\/2025\/04\/gina-spivey-brown-img-4501-1024x1024.jpg 1024w, https:\/\/interamerica.org\/wp-content\/uploads\/2025\/04\/gina-spivey-brown-img-4501-300x300.jpg 300w, https:\/\/interamerica.org\/wp-content\/uploads\/2025\/04\/gina-spivey-brown-img-4501-150x150.jpg 150w, https:\/\/interamerica.org\/wp-content\/uploads\/2025\/04\/gina-spivey-brown-img-4501-768x768.jpg 768w, https:\/\/interamerica.org\/wp-content\/uploads\/2025\/04\/gina-spivey-brown-img-4501.jpg 1200w\" sizes=\"(max-width: 572px) 100vw, 572px\" \/><p id=\"caption-attachment-126950\" class=\"wp-caption-text\">Fotograf\u00eda de Gina Spivey-Brown proporcionada por la Universidad Oakwood.<\/p><\/div>\n<p>\u201cEstamos encantados de dar la bienvenida a la Dra. Gina Spivey-Brown a la familia Oakwood\u201d, dijo G. Alexander Bryant, presidente de la Junta de Regentes de la Universidad Oakwood. \u201cLa Dra. Spivey-Brown es una l\u00edder administrativa de educaci\u00f3n superior din\u00e1mica y llena del esp\u00edritu, con r\u00e9cord impresionante en cuanto a crecimiento en la matr\u00edcula y en excelencia acad\u00e9mica. Durante este momento cr\u00edtico en la historia de esta universidad, la junta ha orado y ayunado en busca de la direcci\u00f3n de Dios en este proceso de selecci\u00f3n\u201d.<\/p>\n<p>M\u00e1s recientemente, la Dra. Spivey-Brown ha prestado sus servicios por los \u00faltimos 10 a\u00f1os en la Universidad Howard, como decana del Colegio de Enfermer\u00eda y Ciencias Aliadas de la Salud. Con m\u00e1s de dos d\u00e9cadas de experiencia en la administraci\u00f3n de la educaci\u00f3n superior, ha jugado un papel fundamental en el desarrollo de programas acad\u00e9micos, acreditaci\u00f3n y liderazgo estrat\u00e9gico.<\/p>\n<p>Antes de su funci\u00f3n en la Universidad Howard, la Dra. Spivey-Brown ha ocupado posiciones claves de liderazgo en la Universidad Loma Linda y en la Universidad Adventista Washington, en donde encabez\u00f3 la expansi\u00f3n del programa de licenciatura y posgrado, consigui\u00f3 subvenciones multimillonarias y fortaleci\u00f3 las normas de acreditaci\u00f3n. Como reconocida consultora y experta en la materia, ha aconsejado instituciones en relaci\u00f3n a disparidades en acreditaci\u00f3n de programas y atenci\u00f3n de salud. Como miembro de la Academia Americana de Enfermer\u00eda, la Dra. Spivey-Brown contin\u00faa moldeando el futuro de la educaci\u00f3n en enfermer\u00eda a trav\u00e9s de investigaci\u00f3n, labor de orientaci\u00f3n y defensa de la diversidad en el sector de servicios de salud. La Dra. Spivey-Brown fue la ganadora del codiciado Galard\u00f3n de Oro 2023 de la Fundaci\u00f3n Arnold P. Gold, un honor que concede reconocimiento nacional en medicina y atenci\u00f3n de salud.<\/p>\n<p>\u201cMe siento profundamente honrada porque Dios me haya elegido para ser la doceava persona en ocupar la rector\u00eda de la Universidad Oakwood en un tiempo como este\u201d, dijo la Dra. Spivey-Brown. \u201cEspero con impaciencia el poder colaborar con la facultad, estudiantes, exalumnos y partes interesadas, para seguir edificando sobre la rica historia de la Universidad Oakwood y llevar adelante su misi\u00f3n y visi\u00f3n\u201d.<\/p>\n<p>Como campeona de excelencia acad\u00e9mica, diversidad y crecimiento espiritual, la Dra. Spivey-Brown se siente comprometida a fortalecer el legado de Oakwood como instituci\u00f3n de ense\u00f1anza superior de primer orden y a llevar adelante su misi\u00f3n en bien de las generaciones futuras, en espera de la pronta venida de Jes\u00fas.<\/p>\n<p><em>La <\/em><a href=\"https:\/\/www.nadadventist.org\/news\/oakwood-university-announces-selection-its-12th-president\" target=\"_blank\" rel=\"noopener\"><em>versi\u00f3n original <\/em><\/a><em> de esta noticia la public\u00f3 la Divisi\u00f3n Norteamericana en su <\/em><a href=\"https:\/\/www.nadadventist.org\/news\" target=\"_blank\" rel=\"noopener\"><em>sitio de noticias<\/em><\/a><em>.<\/em><\/p>\n<p>Traducci\u00f3n \u2013 Gloria A. Castrej\u00f3n<\/p>\n","protected":false},"excerpt":{"rendered":"<p>Gina Spivey-Brown ser\u00e1 la primera rectora de la escuela adventista en Alabama. April 7, 2025 | Huntsville, Alabama, Estados Unidos | Oakwood University News, Noticias de la Divisi\u00f3n Norteamericana La&#8230;<\/p>\n","protected":false},"author":3,"featured_media":126966,"comment_status":"closed","ping_status":"closed","sticky":false,"template":"","format":"standard","meta":{"_acf_changed":false,"footnotes":""},"categories":[14,15],"tags":[],"class_list":["post-126968","post","type-post","status-publish","format-standard","has-post-thumbnail","hentry","category-de-la-iglesia-mundial","category-rss-espanol"],"acf":[],"yoast_head":"<!-- This site is optimized with the Yoast SEO plugin v27.3 - https:\/\/yoast.com\/product\/yoast-seo-wordpress\/ -->\n<title>Universidad Oakwood anuncia la selecci\u00f3n de su doceava persona al mando de rector\u00eda - Iglesia Adventista del S\u00e9ptimo D\u00eda - Divisi\u00f3n Interamericana<\/title>\n<meta name=\"robots\" content=\"index, follow, max-snippet:-1, max-image-preview:large, max-video-preview:-1\" \/>\n<link rel=\"canonical\" href=\"https:\/\/interamerica.org\/es\/2025\/04\/universidad-oakwood-anuncia-la-seleccion-de-su-doceava-persona-al-mando-de-rectoria\/\" \/>\n<meta property=\"og:locale\" content=\"es_ES\" \/>\n<meta property=\"og:type\" content=\"article\" \/>\n<meta property=\"og:title\" content=\"Universidad Oakwood anuncia la selecci\u00f3n de su doceava persona al mando de rector\u00eda - Iglesia Adventista del S\u00e9ptimo D\u00eda - Divisi\u00f3n Interamericana\" \/>\n<meta property=\"og:description\" content=\"Gina Spivey-Brown ser\u00e1 la primera rectora de la escuela adventista en Alabama. April 7, 2025 | Huntsville, Alabama, Estados Unidos | Oakwood University News, Noticias de la Divisi\u00f3n Norteamericana La...\" \/>\n<meta property=\"og:url\" content=\"https:\/\/interamerica.org\/es\/2025\/04\/universidad-oakwood-anuncia-la-seleccion-de-su-doceava-persona-al-mando-de-rectoria\/\" \/>\n<meta property=\"og:site_name\" content=\"Iglesia Adventista del S\u00e9ptimo D\u00eda - Divisi\u00f3n Interamericana\" \/>\n<meta property=\"article:published_time\" content=\"2025-04-07T19:09:57+00:00\" \/>\n<meta property=\"article:modified_time\" content=\"2025-04-09T01:18:01+00:00\" \/>\n<meta property=\"og:image\" content=\"https:\/\/interamerica.org\/wp-content\/uploads\/2025\/04\/oakwood-newprez-fb.jpg\" \/>\n\t<meta property=\"og:image:width\" content=\"900\" \/>\n\t<meta property=\"og:image:height\" content=\"563\" \/>\n\t<meta property=\"og:image:type\" content=\"image\/jpeg\" \/>\n<meta name=\"author\" content=\"libna\" \/>\n<meta name=\"twitter:card\" content=\"summary_large_image\" \/>\n<meta name=\"twitter:label1\" content=\"Escrito por\" \/>\n\t<meta name=\"twitter:data1\" content=\"libna\" \/>\n\t<meta name=\"twitter:label2\" content=\"Tiempo de lectura\" \/>\n\t<meta name=\"twitter:data2\" content=\"4 minutos\" \/>\n<script type=\"application\/ld+json\" class=\"yoast-schema-graph\">{\"@context\":\"https:\\\/\\\/schema.org\",\"@graph\":[{\"@type\":\"Article\",\"@id\":\"https:\\\/\\\/interamerica.org\\\/es\\\/2025\\\/04\\\/universidad-oakwood-anuncia-la-seleccion-de-su-doceava-persona-al-mando-de-rectoria\\\/#article\",\"isPartOf\":{\"@id\":\"https:\\\/\\\/interamerica.org\\\/es\\\/2025\\\/04\\\/universidad-oakwood-anuncia-la-seleccion-de-su-doceava-persona-al-mando-de-rectoria\\\/\"},\"author\":{\"name\":\"libna\",\"@id\":\"https:\\\/\\\/interamerica.org\\\/es\\\/#\\\/schema\\\/person\\\/29998f2bc2d8bd0d38662909289b54f1\"},\"headline\":\"Universidad Oakwood anuncia la selecci\u00f3n de su doceava persona al mando de rector\u00eda\",\"datePublished\":\"2025-04-07T19:09:57+00:00\",\"dateModified\":\"2025-04-09T01:18:01+00:00\",\"mainEntityOfPage\":{\"@id\":\"https:\\\/\\\/interamerica.org\\\/es\\\/2025\\\/04\\\/universidad-oakwood-anuncia-la-seleccion-de-su-doceava-persona-al-mando-de-rectoria\\\/\"},\"wordCount\":708,\"image\":{\"@id\":\"https:\\\/\\\/interamerica.org\\\/es\\\/2025\\\/04\\\/universidad-oakwood-anuncia-la-seleccion-de-su-doceava-persona-al-mando-de-rectoria\\\/#primaryimage\"},\"thumbnailUrl\":\"https:\\\/\\\/interamerica.org\\\/wp-content\\\/uploads\\\/2025\\\/04\\\/oakwood-newprez-fb.jpg\",\"articleSection\":[\"Desde la iglesia mundial\",\"RSS Espa\u00f1ol\"],\"inLanguage\":\"es\"},{\"@type\":\"WebPage\",\"@id\":\"https:\\\/\\\/interamerica.org\\\/es\\\/2025\\\/04\\\/universidad-oakwood-anuncia-la-seleccion-de-su-doceava-persona-al-mando-de-rectoria\\\/\",\"url\":\"https:\\\/\\\/interamerica.org\\\/es\\\/2025\\\/04\\\/universidad-oakwood-anuncia-la-seleccion-de-su-doceava-persona-al-mando-de-rectoria\\\/\",\"name\":\"Universidad Oakwood anuncia la selecci\u00f3n de su doceava persona al mando de rector\u00eda - Iglesia Adventista del S\u00e9ptimo D\u00eda - Divisi\u00f3n Interamericana\",\"isPartOf\":{\"@id\":\"https:\\\/\\\/interamerica.org\\\/es\\\/#website\"},\"primaryImageOfPage\":{\"@id\":\"https:\\\/\\\/interamerica.org\\\/es\\\/2025\\\/04\\\/universidad-oakwood-anuncia-la-seleccion-de-su-doceava-persona-al-mando-de-rectoria\\\/#primaryimage\"},\"image\":{\"@id\":\"https:\\\/\\\/interamerica.org\\\/es\\\/2025\\\/04\\\/universidad-oakwood-anuncia-la-seleccion-de-su-doceava-persona-al-mando-de-rectoria\\\/#primaryimage\"},\"thumbnailUrl\":\"https:\\\/\\\/interamerica.org\\\/wp-content\\\/uploads\\\/2025\\\/04\\\/oakwood-newprez-fb.jpg\",\"datePublished\":\"2025-04-07T19:09:57+00:00\",\"dateModified\":\"2025-04-09T01:18:01+00:00\",\"author\":{\"@id\":\"https:\\\/\\\/interamerica.org\\\/es\\\/#\\\/schema\\\/person\\\/29998f2bc2d8bd0d38662909289b54f1\"},\"breadcrumb\":{\"@id\":\"https:\\\/\\\/interamerica.org\\\/es\\\/2025\\\/04\\\/universidad-oakwood-anuncia-la-seleccion-de-su-doceava-persona-al-mando-de-rectoria\\\/#breadcrumb\"},\"inLanguage\":\"es\",\"potentialAction\":[{\"@type\":\"ReadAction\",\"target\":[\"https:\\\/\\\/interamerica.org\\\/es\\\/2025\\\/04\\\/universidad-oakwood-anuncia-la-seleccion-de-su-doceava-persona-al-mando-de-rectoria\\\/\"]}]},{\"@type\":\"ImageObject\",\"inLanguage\":\"es\",\"@id\":\"https:\\\/\\\/interamerica.org\\\/es\\\/2025\\\/04\\\/universidad-oakwood-anuncia-la-seleccion-de-su-doceava-persona-al-mando-de-rectoria\\\/#primaryimage\",\"url\":\"https:\\\/\\\/interamerica.org\\\/wp-content\\\/uploads\\\/2025\\\/04\\\/oakwood-newprez-fb.jpg\",\"contentUrl\":\"https:\\\/\\\/interamerica.org\\\/wp-content\\\/uploads\\\/2025\\\/04\\\/oakwood-newprez-fb.jpg\",\"width\":900,\"height\":563,\"caption\":\"[Photo: NAD Facebook]\"},{\"@type\":\"BreadcrumbList\",\"@id\":\"https:\\\/\\\/interamerica.org\\\/es\\\/2025\\\/04\\\/universidad-oakwood-anuncia-la-seleccion-de-su-doceava-persona-al-mando-de-rectoria\\\/#breadcrumb\",\"itemListElement\":[{\"@type\":\"ListItem\",\"position\":1,\"name\":\"Home\",\"item\":\"https:\\\/\\\/interamerica.org\\\/es\\\/\"},{\"@type\":\"ListItem\",\"position\":2,\"name\":\"Universidad Oakwood anuncia la selecci\u00f3n de su doceava persona al mando de rector\u00eda\"}]},{\"@type\":\"WebSite\",\"@id\":\"https:\\\/\\\/interamerica.org\\\/es\\\/#website\",\"url\":\"https:\\\/\\\/interamerica.org\\\/es\\\/\",\"name\":\"Iglesia Adventista del S\u00e9ptimo D\u00eda - Divisi\u00f3n Interamericana\",\"description\":\"\",\"potentialAction\":[{\"@type\":\"SearchAction\",\"target\":{\"@type\":\"EntryPoint\",\"urlTemplate\":\"https:\\\/\\\/interamerica.org\\\/es\\\/?s={search_term_string}\"},\"query-input\":{\"@type\":\"PropertyValueSpecification\",\"valueRequired\":true,\"valueName\":\"search_term_string\"}}],\"inLanguage\":\"es\"},{\"@type\":\"Person\",\"@id\":\"https:\\\/\\\/interamerica.org\\\/es\\\/#\\\/schema\\\/person\\\/29998f2bc2d8bd0d38662909289b54f1\",\"name\":\"libna\",\"image\":{\"@type\":\"ImageObject\",\"inLanguage\":\"es\",\"@id\":\"https:\\\/\\\/secure.gravatar.com\\\/avatar\\\/7c5bd30ae4b47a9ba3c856590957fd1d96dc588bf3ac05719d247e126840331f?s=96&d=mm&r=g\",\"url\":\"https:\\\/\\\/secure.gravatar.com\\\/avatar\\\/7c5bd30ae4b47a9ba3c856590957fd1d96dc588bf3ac05719d247e126840331f?s=96&d=mm&r=g\",\"contentUrl\":\"https:\\\/\\\/secure.gravatar.com\\\/avatar\\\/7c5bd30ae4b47a9ba3c856590957fd1d96dc588bf3ac05719d247e126840331f?s=96&d=mm&r=g\",\"caption\":\"libna\"}}]}<\/script>\n<!-- \/ Yoast SEO plugin. -->","yoast_head_json":{"title":"Universidad Oakwood anuncia la selecci\u00f3n de su doceava persona al mando de rector\u00eda - Iglesia Adventista del S\u00e9ptimo D\u00eda - Divisi\u00f3n Interamericana","robots":{"index":"index","follow":"follow","max-snippet":"max-snippet:-1","max-image-preview":"max-image-preview:large","max-video-preview":"max-video-preview:-1"},"canonical":"https:\/\/interamerica.org\/es\/2025\/04\/universidad-oakwood-anuncia-la-seleccion-de-su-doceava-persona-al-mando-de-rectoria\/","og_locale":"es_ES","og_type":"article","og_title":"Universidad Oakwood anuncia la selecci\u00f3n de su doceava persona al mando de rector\u00eda - Iglesia Adventista del S\u00e9ptimo D\u00eda - Divisi\u00f3n Interamericana","og_description":"Gina Spivey-Brown ser\u00e1 la primera rectora de la escuela adventista en Alabama. April 7, 2025 | Huntsville, Alabama, Estados Unidos | Oakwood University News, Noticias de la Divisi\u00f3n Norteamericana La...","og_url":"https:\/\/interamerica.org\/es\/2025\/04\/universidad-oakwood-anuncia-la-seleccion-de-su-doceava-persona-al-mando-de-rectoria\/","og_site_name":"Iglesia Adventista del S\u00e9ptimo D\u00eda - Divisi\u00f3n Interamericana","article_published_time":"2025-04-07T19:09:57+00:00","article_modified_time":"2025-04-09T01:18:01+00:00","og_image":[{"width":900,"height":563,"url":"https:\/\/interamerica.org\/wp-content\/uploads\/2025\/04\/oakwood-newprez-fb.jpg","type":"image\/jpeg"}],"author":"libna","twitter_card":"summary_large_image","twitter_misc":{"Escrito por":"libna","Tiempo de lectura":"4 minutos"},"schema":{"@context":"https:\/\/schema.org","@graph":[{"@type":"Article","@id":"https:\/\/interamerica.org\/es\/2025\/04\/universidad-oakwood-anuncia-la-seleccion-de-su-doceava-persona-al-mando-de-rectoria\/#article","isPartOf":{"@id":"https:\/\/interamerica.org\/es\/2025\/04\/universidad-oakwood-anuncia-la-seleccion-de-su-doceava-persona-al-mando-de-rectoria\/"},"author":{"name":"libna","@id":"https:\/\/interamerica.org\/es\/#\/schema\/person\/29998f2bc2d8bd0d38662909289b54f1"},"headline":"Universidad Oakwood anuncia la selecci\u00f3n de su doceava persona al mando de rector\u00eda","datePublished":"2025-04-07T19:09:57+00:00","dateModified":"2025-04-09T01:18:01+00:00","mainEntityOfPage":{"@id":"https:\/\/interamerica.org\/es\/2025\/04\/universidad-oakwood-anuncia-la-seleccion-de-su-doceava-persona-al-mando-de-rectoria\/"},"wordCount":708,"image":{"@id":"https:\/\/interamerica.org\/es\/2025\/04\/universidad-oakwood-anuncia-la-seleccion-de-su-doceava-persona-al-mando-de-rectoria\/#primaryimage"},"thumbnailUrl":"https:\/\/interamerica.org\/wp-content\/uploads\/2025\/04\/oakwood-newprez-fb.jpg","articleSection":["Desde la iglesia mundial","RSS Espa\u00f1ol"],"inLanguage":"es"},{"@type":"WebPage","@id":"https:\/\/interamerica.org\/es\/2025\/04\/universidad-oakwood-anuncia-la-seleccion-de-su-doceava-persona-al-mando-de-rectoria\/","url":"https:\/\/interamerica.org\/es\/2025\/04\/universidad-oakwood-anuncia-la-seleccion-de-su-doceava-persona-al-mando-de-rectoria\/","name":"Universidad Oakwood anuncia la selecci\u00f3n de su doceava persona al mando de rector\u00eda - Iglesia Adventista del S\u00e9ptimo D\u00eda - Divisi\u00f3n Interamericana","isPartOf":{"@id":"https:\/\/interamerica.org\/es\/#website"},"primaryImageOfPage":{"@id":"https:\/\/interamerica.org\/es\/2025\/04\/universidad-oakwood-anuncia-la-seleccion-de-su-doceava-persona-al-mando-de-rectoria\/#primaryimage"},"image":{"@id":"https:\/\/interamerica.org\/es\/2025\/04\/universidad-oakwood-anuncia-la-seleccion-de-su-doceava-persona-al-mando-de-rectoria\/#primaryimage"},"thumbnailUrl":"https:\/\/interamerica.org\/wp-content\/uploads\/2025\/04\/oakwood-newprez-fb.jpg","datePublished":"2025-04-07T19:09:57+00:00","dateModified":"2025-04-09T01:18:01+00:00","author":{"@id":"https:\/\/interamerica.org\/es\/#\/schema\/person\/29998f2bc2d8bd0d38662909289b54f1"},"breadcrumb":{"@id":"https:\/\/interamerica.org\/es\/2025\/04\/universidad-oakwood-anuncia-la-seleccion-de-su-doceava-persona-al-mando-de-rectoria\/#breadcrumb"},"inLanguage":"es","potentialAction":[{"@type":"ReadAction","target":["https:\/\/interamerica.org\/es\/2025\/04\/universidad-oakwood-anuncia-la-seleccion-de-su-doceava-persona-al-mando-de-rectoria\/"]}]},{"@type":"ImageObject","inLanguage":"es","@id":"https:\/\/interamerica.org\/es\/2025\/04\/universidad-oakwood-anuncia-la-seleccion-de-su-doceava-persona-al-mando-de-rectoria\/#primaryimage","url":"https:\/\/interamerica.org\/wp-content\/uploads\/2025\/04\/oakwood-newprez-fb.jpg","contentUrl":"https:\/\/interamerica.org\/wp-content\/uploads\/2025\/04\/oakwood-newprez-fb.jpg","width":900,"height":563,"caption":"[Photo: NAD Facebook]"},{"@type":"BreadcrumbList","@id":"https:\/\/interamerica.org\/es\/2025\/04\/universidad-oakwood-anuncia-la-seleccion-de-su-doceava-persona-al-mando-de-rectoria\/#breadcrumb","itemListElement":[{"@type":"ListItem","position":1,"name":"Home","item":"https:\/\/interamerica.org\/es\/"},{"@type":"ListItem","position":2,"name":"Universidad Oakwood anuncia la selecci\u00f3n de su doceava persona al mando de rector\u00eda"}]},{"@type":"WebSite","@id":"https:\/\/interamerica.org\/es\/#website","url":"https:\/\/interamerica.org\/es\/","name":"Iglesia Adventista del S\u00e9ptimo D\u00eda - Divisi\u00f3n Interamericana","description":"","potentialAction":[{"@type":"SearchAction","target":{"@type":"EntryPoint","urlTemplate":"https:\/\/interamerica.org\/es\/?s={search_term_string}"},"query-input":{"@type":"PropertyValueSpecification","valueRequired":true,"valueName":"search_term_string"}}],"inLanguage":"es"},{"@type":"Person","@id":"https:\/\/interamerica.org\/es\/#\/schema\/person\/29998f2bc2d8bd0d38662909289b54f1","name":"libna","image":{"@type":"ImageObject","inLanguage":"es","@id":"https:\/\/secure.gravatar.com\/avatar\/7c5bd30ae4b47a9ba3c856590957fd1d96dc588bf3ac05719d247e126840331f?s=96&d=mm&r=g","url":"https:\/\/secure.gravatar.com\/avatar\/7c5bd30ae4b47a9ba3c856590957fd1d96dc588bf3ac05719d247e126840331f?s=96&d=mm&r=g","contentUrl":"https:\/\/secure.gravatar.com\/avatar\/7c5bd30ae4b47a9ba3c856590957fd1d96dc588bf3ac05719d247e126840331f?s=96&d=mm&r=g","caption":"libna"}}]}},"_links":{"self":[{"href":"https:\/\/interamerica.org\/es\/wp-json\/wp\/v2\/posts\/126968","targetHints":{"allow":["GET"]}}],"collection":[{"href":"https:\/\/interamerica.org\/es\/wp-json\/wp\/v2\/posts"}],"about":[{"href":"https:\/\/interamerica.org\/es\/wp-json\/wp\/v2\/types\/post"}],"author":[{"embeddable":true,"href":"https:\/\/interamerica.org\/es\/wp-json\/wp\/v2\/users\/3"}],"replies":[{"embeddable":true,"href":"https:\/\/interamerica.org\/es\/wp-json\/wp\/v2\/comments?post=126968"}],"version-history":[{"count":0,"href":"https:\/\/interamerica.org\/es\/wp-json\/wp\/v2\/posts\/126968\/revisions"}],"wp:featuredmedia":[{"embeddable":true,"href":"https:\/\/interamerica.org\/es\/wp-json\/wp\/v2\/media\/126966"}],"wp:attachment":[{"href":"https:\/\/interamerica.org\/es\/wp-json\/wp\/v2\/media?parent=126968"}],"wp:term":[{"taxonomy":"category","embeddable":true,"href":"https:\/\/interamerica.org\/es\/wp-json\/wp\/v2\/categories?post=126968"},{"taxonomy":"post_tag","embeddable":true,"href":"https:\/\/interamerica.org\/es\/wp-json\/wp\/v2\/tags?post=126968"}],"curies":[{"name":"wp","href":"https:\/\/api.w.org\/{rel}","templated":true}]}}