{"id":127358,"date":"2025-04-16T18:03:14","date_gmt":"2025-04-16T22:03:14","guid":{"rendered":"https:\/\/interamerica.org\/?p=127358"},"modified":"2025-04-17T15:29:46","modified_gmt":"2025-04-17T19:29:46","slug":"el-presidente-de-la-iglesia-adventista-desafia-a-los-jovenes-para-que-impacten-la-sociedad-para-jesus","status":"publish","type":"post","link":"https:\/\/interamerica.org\/es\/2025\/04\/el-presidente-de-la-iglesia-adventista-desafia-a-los-jovenes-para-que-impacten-la-sociedad-para-jesus\/","title":{"rendered":"El presidente de la Iglesia Adventista desaf\u00eda a los j\u00f3venes para que impacten la sociedad para Jes\u00fas"},"content":{"rendered":"<p><div id=\"attachment_127321\" style=\"width: 1010px\" class=\"wp-caption aligncenter\"><img fetchpriority=\"high\" decoding=\"async\" aria-describedby=\"caption-attachment-127321\" class=\"size-full wp-image-127319\" src=\"https:\/\/interamerica.org\/wp-content\/uploads\/2025\/04\/tedwilson-amu-ambassadors.jpg\" alt=\"\" width=\"1000\" height=\"668\" srcset=\"https:\/\/interamerica.org\/wp-content\/uploads\/2025\/04\/tedwilson-amu-ambassadors.jpg 1000w, https:\/\/interamerica.org\/wp-content\/uploads\/2025\/04\/tedwilson-amu-ambassadors-300x200.jpg 300w, https:\/\/interamerica.org\/wp-content\/uploads\/2025\/04\/tedwilson-amu-ambassadors-768x513.jpg 768w\" sizes=\"(max-width: 1000px) 100vw, 1000px\" \/><p id=\"caption-attachment-127321\" class=\"wp-caption-text\">El presidente de la Iglesia Adventista del S\u00e9ptimo D\u00eda, el pastor Ted N. C. Wilson, pronuncia el mensaje del s\u00e1bado en la primera Convenci\u00f3n de Embajadores de la Uni\u00f3n Asociaci\u00f3n Jamaiquina, desafiando a los j\u00f3venes a que \u201ctengan un impacto\u201d para Cristo, el pasado 12 de abril de 2025. [Fotograf\u00eda: Brendon Coleman]<\/p><\/div><em>Ted N. C. Wilson se dirige a miles de personas en una Convenci\u00f3n del Ministerio de Embajadores en Jamaica.<\/em><\/p>\n<p>16 de abril de 2025 | Montego Bay, Jamaica | Brendon Coleman, Uni\u00f3n Asociaci\u00f3n Jamaiquina y Noticias de la Divisi\u00f3n Interamericana<\/p>\n<p>Dios est\u00e1 llamando a los j\u00f3venes para que sean transformados por \u00e9l para entonces convertirse en embajadores de Cristo, dijo el pastor Ted N. C. Wilson, presidente de la Asociaci\u00f3n General de los Adventistas del S\u00e9ptimo D\u00eda, durante su mensaje de apertura en una Convenci\u00f3n del Ministerio de Embajadores en Jamaica el pasado 12 de abril de 2025. \u201cAbracen el llamado divino, porque ustedes no son simplemente la iglesia del ma\u00f1ana, sino participantes vitales de la misi\u00f3n actual\u201d, dijo, dirigi\u00e9ndose a un grupo diverso de m\u00e1s de 3500 j\u00f3venes y l\u00edderes.<\/p>\n<p>El pastor Wilson celebr\u00f3 la fuerte presencia adventista en Jamaica, donde se estima que una de cada 10 a 12 personas es adventista del s\u00e9ptimo d\u00eda, y expres\u00f3 su alegr\u00eda por la influencia de la iglesia, denominando a Jamaica como una parte \u201cabsolutamente vital\u201d de la misi\u00f3n global de Dios. \u201cCada uno de ustedes, como embajadores de Cristo en Jamaica, es una parte vital de este movimiento mundial. Ustedes son esenciales, son importantes y son fundamentales para el gran plan de Dios de proclamar los mensajes de los tres \u00e1ngeles\u00bb, dijo, refiri\u00e9ndose a tres mensajes especiales para el fin del tiempo que la Biblia detalla en Apocalipsis 14. Adem\u00e1s, anim\u00f3 a los embajadores a basarse en la Palabra de Dios y comprometerse a vivir su fe, lo que incluye compartir el mensaje de Jes\u00fas con los dem\u00e1s.<\/p>\n<p><div id=\"attachment_127332\" style=\"width: 1010px\" class=\"wp-caption aligncenter\"><img decoding=\"async\" aria-describedby=\"caption-attachment-127332\" class=\"size-full wp-image-127330\" src=\"https:\/\/interamerica.org\/wp-content\/uploads\/2025\/04\/jamu-ambassador-youth-singing.jpg\" alt=\"\" width=\"1000\" height=\"668\" srcset=\"https:\/\/interamerica.org\/wp-content\/uploads\/2025\/04\/jamu-ambassador-youth-singing.jpg 1000w, https:\/\/interamerica.org\/wp-content\/uploads\/2025\/04\/jamu-ambassador-youth-singing-300x200.jpg 300w, https:\/\/interamerica.org\/wp-content\/uploads\/2025\/04\/jamu-ambassador-youth-singing-768x513.jpg 768w\" sizes=\"(max-width: 1000px) 100vw, 1000px\" \/><p id=\"caption-attachment-127332\" class=\"wp-caption-text\">Un grupo de Embajadores presenta una pieza musical en la Convenci\u00f3n de Embajadores celebrada en el Centro de Conferencias de Jamaica Occidental el pasado 12 de abril de 2025. [Fotograf\u00eda: Brendan Coleman]<\/p><\/div><strong>Marcar una diferencia all\u00ed donde est\u00e1n<\/strong><\/p>\n<p>Durante su mensaje a los Embajadores, un programa de la iglesia que atiende espec\u00edficamente a j\u00f3venes de 16 a 21 a\u00f1os, el pastor Wilson destac\u00f3 la naturaleza global de la misi\u00f3n de la iglesia e inst\u00f3 a la unidad en los esfuerzos de alcanzar a otros. Invit\u00f3 a que todos los miembros, especialmente los j\u00f3venes, participen en la evangelizaci\u00f3n.<\/p>\n<p>El pastor Wilson tambi\u00e9n destac\u00f3 la necesidad de que los j\u00f3venes adventistas mantengan fuertes conexiones con Jes\u00fas. Cada Embajador, dijo, posee el poder de marcar la diferencia en sus comunidades, utilizando sus fortalezas y talentos \u00fanicos para la gloria de Dios. \u201cLos j\u00f3venes de Jamaica son algunos de los mejores j\u00f3venes&#8230; Quiero desafiarlos a todos ustedes&#8230; para mantener esa norma maravillosa. No permitan que Dios o su iglesia se decepcionen con ustedes; mant\u00e9nganse firmes, en conexi\u00f3n con Jes\u00fas y con su Palabra todos los d\u00edas\u201d, expres\u00f3.<\/p>\n<p><div id=\"attachment_127328\" style=\"width: 1010px\" class=\"wp-caption aligncenter\"><img decoding=\"async\" aria-describedby=\"caption-attachment-127328\" class=\"size-full wp-image-127326\" src=\"https:\/\/interamerica.org\/wp-content\/uploads\/2025\/04\/dane-fletcher-jamu.jpg\" alt=\"\" width=\"1000\" height=\"668\" srcset=\"https:\/\/interamerica.org\/wp-content\/uploads\/2025\/04\/dane-fletcher-jamu.jpg 1000w, https:\/\/interamerica.org\/wp-content\/uploads\/2025\/04\/dane-fletcher-jamu-300x200.jpg 300w, https:\/\/interamerica.org\/wp-content\/uploads\/2025\/04\/dane-fletcher-jamu-768x513.jpg 768w\" sizes=\"(max-width: 1000px) 100vw, 1000px\" \/><p id=\"caption-attachment-127328\" class=\"wp-caption-text\">El pastor Dane Fletcher, director de ministerios juveniles de la Uni\u00f3n Jamaiquina, da la bienvenida a los asistentes a la Convenci\u00f3n de Embajadores en el Centro de Conferencias de Jamaica Occidental y expresa gratitud a los l\u00edderes de la iglesia mundial por su apoyo al Ministerio de Embajadores. [Fotograf\u00eda: Brendon Coleman]<\/p><\/div><strong>Una alta prioridad<\/strong><\/p>\n<p>El pastor Dane Fletcher, director de ministerios juveniles de la Uni\u00f3n Jamaiquina, inform\u00f3 que m\u00e1s de 900 personas ya han expresado inter\u00e9s en capacitarse como l\u00edderes de Embajadores en toda la uni\u00f3n. Se\u00f1al\u00f3 que esa respuesta abrumadora y el apoyo de los l\u00edderes de la iglesia mundial son poderosos catalizadores para el avance del programa. \u201cLa visita del pastor Ted Wilson, junto con el apoyo de [el presidente de la Divisi\u00f3n Interamericana] el pastor Elie Henry y [el director de ministerios juveniles de la Divisi\u00f3n Interamericana] el pastor Al Powell, subraya la importancia global de este ministerio\u201d, expres\u00f3 Fletcher. \u201cLa presencia del pastor Wilson hoy indica que esta es una alta prioridad para la Iglesia Adventista, no solo en Jamaica, sino en todo el mundo\u201d.<\/p>\n<p>El presidente de la Uni\u00f3n Jamaiquina, el pastor Everett Brown, tambi\u00e9n anim\u00f3 a los asistentes y dio palabras de afirmaci\u00f3n a los j\u00f3venes presentes. Les record\u00f3 que \u201cel cielo es el l\u00edmite\u201d cuando una vida est\u00e1 totalmente comprometida con Cristo y los llam\u00f3 a destacarse. \u201cLleven su uniforme con orgullo, pero lo m\u00e1s importante, lleven su cristianismo con orgullo. Que su vida impacte a los dem\u00e1s, en momentos en que preparamos a otros para la segunda venida de Jesucristo\u201d, dijo Brown.<\/p>\n<p><div id=\"attachment_127325\" style=\"width: 1010px\" class=\"wp-caption aligncenter\"><img loading=\"lazy\" decoding=\"async\" aria-describedby=\"caption-attachment-127325\" class=\"size-full wp-image-127323\" src=\"https:\/\/interamerica.org\/wp-content\/uploads\/2025\/04\/jamu-ambassador-rally.jpg\" alt=\"\" width=\"1000\" height=\"669\" srcset=\"https:\/\/interamerica.org\/wp-content\/uploads\/2025\/04\/jamu-ambassador-rally.jpg 1000w, https:\/\/interamerica.org\/wp-content\/uploads\/2025\/04\/jamu-ambassador-rally-300x201.jpg 300w, https:\/\/interamerica.org\/wp-content\/uploads\/2025\/04\/jamu-ambassador-rally-768x514.jpg 768w\" sizes=\"(max-width: 1000px) 100vw, 1000px\" \/><p id=\"caption-attachment-127325\" class=\"wp-caption-text\">Jaedon Clarke, una joven de 19 a\u00f1os de la Asociaci\u00f3n Norte de Jamaica, anuncia la lectura b\u00edblica, durante el culto divino de la Convenci\u00f3n de Embajadores en el Centro de Conferencias de Jamaica Occidental. [Fotograf\u00eda: Brendon Coleman]<\/p><\/div><strong>Un programa para una edad especial<\/strong><\/p>\n<p>Mucho antes del lanzamiento del Ministerio de Embajadores, la Iglesia Adventista hab\u00eda establecido una base firme para la participaci\u00f3n juvenil durante tres etapas clave: el Club de Aventureros, que alimenta a ni\u00f1os de 4 a 9 a\u00f1os; el Club de Conquistadores, que gu\u00eda a preadolescentes y adolescentes de 10 a 15 a\u00f1os; y los ministerios juveniles y de adultos j\u00f3venes, que incluye a los j\u00f3venes de 16 a 30 a\u00f1os o aun mayores. Sin embargo, paulatinamente, se fue tomando conciencia de que faltaba algo. La transici\u00f3n de la adolescencia a la adultez temprana, particularmente entre los 16 y los 21 a\u00f1os, requer\u00eda m\u00e1s que una transici\u00f3n pasiva. Exig\u00eda un espacio intencional que proporcionara estructura y un sentido de pertenencia m\u00e1s profundo, dijeron los l\u00edderes de la iglesia.<\/p>\n<p>En respuesta, naci\u00f3 el Ministerio de Embajadores, no como un remplazo sino como un puente dise\u00f1ado para involucrar espec\u00edficamente a los j\u00f3venes en ese rango de edad fundamental de entre 16 a 21 a\u00f1os. Seg\u00fan los l\u00edderes de la iglesia, el ministerio busca descubrir un nicho din\u00e1mico dentro del departamento de ministerios juveniles. \u201cSu objetivo es proporcionar un programa enfocado que promueva el desarrollo del liderazgo, la madurez espiritual y la participaci\u00f3n activa en la misi\u00f3n para aquellos que se encuentran en el umbral de la edad adulta\u201d, dijeron.<\/p>\n<p><div id=\"attachment_127350\" style=\"width: 989px\" class=\"wp-caption aligncenter\"><img loading=\"lazy\" decoding=\"async\" aria-describedby=\"caption-attachment-127350\" class=\" wp-image-127348\" src=\"https:\/\/interamerica.org\/wp-content\/uploads\/2025\/04\/jamu-ambassador-youth-message.jpg\" alt=\"\" width=\"979\" height=\"654\" srcset=\"https:\/\/interamerica.org\/wp-content\/uploads\/2025\/04\/jamu-ambassador-youth-message.jpg 1000w, https:\/\/interamerica.org\/wp-content\/uploads\/2025\/04\/jamu-ambassador-youth-message-300x200.jpg 300w, https:\/\/interamerica.org\/wp-content\/uploads\/2025\/04\/jamu-ambassador-youth-message-768x513.jpg 768w\" sizes=\"(max-width: 979px) 100vw, 979px\" \/><p id=\"caption-attachment-127350\" class=\"wp-caption-text\">Los j\u00f3venes participan con entusiasmo de la experiencia de adoraci\u00f3n, durante la Convenci\u00f3n inaugural de Embajadores en el Centro de Conferencias de Jamaica Occidental en Montego Bay, Jamaica. [Fotograf\u00eda: Brendon Coleman]<\/p><\/div><strong>Comentarios positivos<\/strong><\/p>\n<p>Jadeon Clarke, una asistente de 19 a\u00f1os y participante de la Asociaci\u00f3n Norte de Jamaica, expres\u00f3 su entusiasmo y optimismo sobre el Ministerio de Embajadores. \u201cEspero desarrollar mis habilidades de liderazgo, hablar en p\u00fablico, planificar y participar en la comunidad\u201d, dijo. \u201cPero m\u00e1s que eso, quiero fortalecer mi relaci\u00f3n con Dios y vivir mi fe de una manera m\u00e1s intencional\u201d.<\/p>\n<p>Otros embajadores se hicieron eco de sus sentimientos, viendo el ministerio como un pr\u00f3ximo paso crucial en su crecimiento espiritual y personal.<\/p>\n<p>\u201cCreo que el programa de Embajadores es una muy buena iniciativa para cerrar la brecha entre los Conquistadores y los J\u00f3venes Mayores\u201d, dijo Kezia Hewit, una joven de 18 a\u00f1os de la Asociaci\u00f3n Central de Jamaica (CJC). \u201cEstoy emocionada de conocer a nuevas personas que tambi\u00e9n forman parte del programa, y espero seguir construyendo sobre lo que he aprendido en el Club de Conquistadores y crecer a\u00fan m\u00e1s\u201d.<\/p>\n<p><div id=\"attachment_127353\" style=\"width: 964px\" class=\"wp-caption aligncenter\"><img loading=\"lazy\" decoding=\"async\" aria-describedby=\"caption-attachment-127353\" class=\" wp-image-127351\" src=\"https:\/\/interamerica.org\/wp-content\/uploads\/2025\/04\/jamu-ambassadors-crowd-2025.jpg\" alt=\"\" width=\"954\" height=\"637\" srcset=\"https:\/\/interamerica.org\/wp-content\/uploads\/2025\/04\/jamu-ambassadors-crowd-2025.jpg 1000w, https:\/\/interamerica.org\/wp-content\/uploads\/2025\/04\/jamu-ambassadors-crowd-2025-300x200.jpg 300w, https:\/\/interamerica.org\/wp-content\/uploads\/2025\/04\/jamu-ambassadors-crowd-2025-768x513.jpg 768w\" sizes=\"(max-width: 954px) 100vw, 954px\" \/><p id=\"caption-attachment-127353\" class=\"wp-caption-text\">Una secci\u00f3n de la audiencia, compuesta en su mayor\u00eda por j\u00f3venes entusiastas, participa de la experiencia de adoraci\u00f3n durante la primera Convenci\u00f3n de Embajadores en el Centro de Conferencias de Jamaica Occidental en Montego Bay, Jamaica. [Fotograf\u00eda: Brendon Coleman]<\/p><\/div>\u201cEs un buen programa\u201d, coincidi\u00f3 Jeavaunie Nembhard, una joven de 18 a\u00f1os de CJC. \u201cPermitir\u00e1 que los j\u00f3venes de 16 a 21 a\u00f1os aprendan a testificar adecuadamente a los de su edad\u201d.<\/p>\n<p><strong>En defensa de la libertad religiosa<\/strong><\/p>\n<p>Durante su visita, el pastor Wilson expres\u00f3 su sincera gratitud al gobierno y al pueblo de Jamaica por defender el principio de la libertad religiosa. \u201cQuiero agradecer al pa\u00eds y al Gobierno de Jamaica por la libertad religiosa en este pa\u00eds&#8230; Quiero agradecer al Primer Ministro [Andrew Holness], al Parlamento y a todos los que est\u00e1n en el gobierno por proteger y sostener la libertad religiosa, ya que es una base de prosperidad para este pa\u00eds\u201d, dijo el pastor Wilson, antes de ofrecer una oraci\u00f3n especial por los l\u00edderes nacionales.<\/p>\n<p>La Uni\u00f3n Asociaci\u00f3n Jamaiquina tiene m\u00e1s de 348.000 miembros bautizados que se re\u00fanen en 740 congregaciones, con 4280 Aventureros en 239 clubes, 8412 Conquistadores en 245 clubes y 238 Embajadores en 21 clubes.<\/p>\n<p>Traducci\u00f3n de Marcos Paseggi<\/p>\n","protected":false},"excerpt":{"rendered":"<p>Ted N. C. Wilson se dirige a miles de personas en una Convenci\u00f3n del Ministerio de Embajadores en Jamaica. 16 de abril de 2025 | Montego Bay, Jamaica | Brendon&#8230;<\/p>\n","protected":false},"author":3,"featured_media":127321,"comment_status":"closed","ping_status":"closed","sticky":false,"template":"","format":"standard","meta":{"_acf_changed":false,"footnotes":""},"categories":[17,15],"tags":[],"class_list":["post-127358","post","type-post","status-publish","format-standard","has-post-thumbnail","hentry","category-desde-el-campo","category-rss-espanol"],"acf":[],"yoast_head":"<!-- This site is optimized with the Yoast SEO plugin v27.3 - https:\/\/yoast.com\/product\/yoast-seo-wordpress\/ -->\n<title>El presidente de la Iglesia Adventista desaf\u00eda a los j\u00f3venes para que impacten la sociedad para Jes\u00fas - Iglesia Adventista del S\u00e9ptimo D\u00eda - Divisi\u00f3n Interamericana<\/title>\n<meta name=\"robots\" content=\"index, follow, max-snippet:-1, max-image-preview:large, max-video-preview:-1\" \/>\n<link rel=\"canonical\" href=\"https:\/\/interamerica.org\/es\/2025\/04\/el-presidente-de-la-iglesia-adventista-desafia-a-los-jovenes-para-que-impacten-la-sociedad-para-jesus\/\" \/>\n<meta property=\"og:locale\" content=\"es_ES\" \/>\n<meta property=\"og:type\" content=\"article\" \/>\n<meta property=\"og:title\" content=\"El presidente de la Iglesia Adventista desaf\u00eda a los j\u00f3venes para que impacten la sociedad para Jes\u00fas - Iglesia Adventista del S\u00e9ptimo D\u00eda - Divisi\u00f3n Interamericana\" \/>\n<meta property=\"og:description\" content=\"Ted N. C. Wilson se dirige a miles de personas en una Convenci\u00f3n del Ministerio de Embajadores en Jamaica. 16 de abril de 2025 | Montego Bay, Jamaica | Brendon...\" \/>\n<meta property=\"og:url\" content=\"https:\/\/interamerica.org\/es\/2025\/04\/el-presidente-de-la-iglesia-adventista-desafia-a-los-jovenes-para-que-impacten-la-sociedad-para-jesus\/\" \/>\n<meta property=\"og:site_name\" content=\"Iglesia Adventista del S\u00e9ptimo D\u00eda - Divisi\u00f3n Interamericana\" \/>\n<meta property=\"article:published_time\" content=\"2025-04-16T22:03:14+00:00\" \/>\n<meta property=\"article:modified_time\" content=\"2025-04-17T19:29:46+00:00\" \/>\n<meta property=\"og:image\" content=\"https:\/\/interamerica.org\/wp-content\/uploads\/2025\/04\/tedwilson-amu-ambassadors.jpg\" \/>\n\t<meta property=\"og:image:width\" content=\"1000\" \/>\n\t<meta property=\"og:image:height\" content=\"668\" \/>\n\t<meta property=\"og:image:type\" content=\"image\/jpeg\" \/>\n<meta name=\"author\" content=\"libna\" \/>\n<meta name=\"twitter:card\" content=\"summary_large_image\" \/>\n<meta name=\"twitter:label1\" content=\"Escrito por\" \/>\n\t<meta name=\"twitter:data1\" content=\"libna\" \/>\n\t<meta name=\"twitter:label2\" content=\"Tiempo de lectura\" \/>\n\t<meta name=\"twitter:data2\" content=\"8 minutos\" \/>\n<script type=\"application\/ld+json\" class=\"yoast-schema-graph\">{\"@context\":\"https:\\\/\\\/schema.org\",\"@graph\":[{\"@type\":\"Article\",\"@id\":\"https:\\\/\\\/interamerica.org\\\/es\\\/2025\\\/04\\\/el-presidente-de-la-iglesia-adventista-desafia-a-los-jovenes-para-que-impacten-la-sociedad-para-jesus\\\/#article\",\"isPartOf\":{\"@id\":\"https:\\\/\\\/interamerica.org\\\/es\\\/2025\\\/04\\\/el-presidente-de-la-iglesia-adventista-desafia-a-los-jovenes-para-que-impacten-la-sociedad-para-jesus\\\/\"},\"author\":{\"name\":\"libna\",\"@id\":\"https:\\\/\\\/interamerica.org\\\/es\\\/#\\\/schema\\\/person\\\/29998f2bc2d8bd0d38662909289b54f1\"},\"headline\":\"El presidente de la Iglesia Adventista desaf\u00eda a los j\u00f3venes para que impacten la sociedad para Jes\u00fas\",\"datePublished\":\"2025-04-16T22:03:14+00:00\",\"dateModified\":\"2025-04-17T19:29:46+00:00\",\"mainEntityOfPage\":{\"@id\":\"https:\\\/\\\/interamerica.org\\\/es\\\/2025\\\/04\\\/el-presidente-de-la-iglesia-adventista-desafia-a-los-jovenes-para-que-impacten-la-sociedad-para-jesus\\\/\"},\"wordCount\":1567,\"image\":{\"@id\":\"https:\\\/\\\/interamerica.org\\\/es\\\/2025\\\/04\\\/el-presidente-de-la-iglesia-adventista-desafia-a-los-jovenes-para-que-impacten-la-sociedad-para-jesus\\\/#primaryimage\"},\"thumbnailUrl\":\"https:\\\/\\\/interamerica.org\\\/wp-content\\\/uploads\\\/2025\\\/04\\\/tedwilson-amu-ambassadors.jpg\",\"articleSection\":[\"Desde el campo\",\"RSS Espa\u00f1ol\"],\"inLanguage\":\"es\"},{\"@type\":\"WebPage\",\"@id\":\"https:\\\/\\\/interamerica.org\\\/es\\\/2025\\\/04\\\/el-presidente-de-la-iglesia-adventista-desafia-a-los-jovenes-para-que-impacten-la-sociedad-para-jesus\\\/\",\"url\":\"https:\\\/\\\/interamerica.org\\\/es\\\/2025\\\/04\\\/el-presidente-de-la-iglesia-adventista-desafia-a-los-jovenes-para-que-impacten-la-sociedad-para-jesus\\\/\",\"name\":\"El presidente de la Iglesia Adventista desaf\u00eda a los j\u00f3venes para que impacten la sociedad para Jes\u00fas - Iglesia Adventista del S\u00e9ptimo D\u00eda - Divisi\u00f3n Interamericana\",\"isPartOf\":{\"@id\":\"https:\\\/\\\/interamerica.org\\\/es\\\/#website\"},\"primaryImageOfPage\":{\"@id\":\"https:\\\/\\\/interamerica.org\\\/es\\\/2025\\\/04\\\/el-presidente-de-la-iglesia-adventista-desafia-a-los-jovenes-para-que-impacten-la-sociedad-para-jesus\\\/#primaryimage\"},\"image\":{\"@id\":\"https:\\\/\\\/interamerica.org\\\/es\\\/2025\\\/04\\\/el-presidente-de-la-iglesia-adventista-desafia-a-los-jovenes-para-que-impacten-la-sociedad-para-jesus\\\/#primaryimage\"},\"thumbnailUrl\":\"https:\\\/\\\/interamerica.org\\\/wp-content\\\/uploads\\\/2025\\\/04\\\/tedwilson-amu-ambassadors.jpg\",\"datePublished\":\"2025-04-16T22:03:14+00:00\",\"dateModified\":\"2025-04-17T19:29:46+00:00\",\"author\":{\"@id\":\"https:\\\/\\\/interamerica.org\\\/es\\\/#\\\/schema\\\/person\\\/29998f2bc2d8bd0d38662909289b54f1\"},\"breadcrumb\":{\"@id\":\"https:\\\/\\\/interamerica.org\\\/es\\\/2025\\\/04\\\/el-presidente-de-la-iglesia-adventista-desafia-a-los-jovenes-para-que-impacten-la-sociedad-para-jesus\\\/#breadcrumb\"},\"inLanguage\":\"es\",\"potentialAction\":[{\"@type\":\"ReadAction\",\"target\":[\"https:\\\/\\\/interamerica.org\\\/es\\\/2025\\\/04\\\/el-presidente-de-la-iglesia-adventista-desafia-a-los-jovenes-para-que-impacten-la-sociedad-para-jesus\\\/\"]}]},{\"@type\":\"ImageObject\",\"inLanguage\":\"es\",\"@id\":\"https:\\\/\\\/interamerica.org\\\/es\\\/2025\\\/04\\\/el-presidente-de-la-iglesia-adventista-desafia-a-los-jovenes-para-que-impacten-la-sociedad-para-jesus\\\/#primaryimage\",\"url\":\"https:\\\/\\\/interamerica.org\\\/wp-content\\\/uploads\\\/2025\\\/04\\\/tedwilson-amu-ambassadors.jpg\",\"contentUrl\":\"https:\\\/\\\/interamerica.org\\\/wp-content\\\/uploads\\\/2025\\\/04\\\/tedwilson-amu-ambassadors.jpg\",\"width\":1000,\"height\":668,\"caption\":\"President of the Seventh-day Adventist Church, Pastor Ted N.C. Wilson, delivers the Sabbath message at Jamaica Union Conference\u2019s inaugural Ambassador Convention, challenging young people to \u2018make an impact\u2019 for Christ on Apr. 13, 2025. [Photo: Brendon\"},{\"@type\":\"BreadcrumbList\",\"@id\":\"https:\\\/\\\/interamerica.org\\\/es\\\/2025\\\/04\\\/el-presidente-de-la-iglesia-adventista-desafia-a-los-jovenes-para-que-impacten-la-sociedad-para-jesus\\\/#breadcrumb\",\"itemListElement\":[{\"@type\":\"ListItem\",\"position\":1,\"name\":\"Home\",\"item\":\"https:\\\/\\\/interamerica.org\\\/es\\\/\"},{\"@type\":\"ListItem\",\"position\":2,\"name\":\"El presidente de la Iglesia Adventista desaf\u00eda a los j\u00f3venes para que impacten la sociedad para Jes\u00fas\"}]},{\"@type\":\"WebSite\",\"@id\":\"https:\\\/\\\/interamerica.org\\\/es\\\/#website\",\"url\":\"https:\\\/\\\/interamerica.org\\\/es\\\/\",\"name\":\"Iglesia Adventista del S\u00e9ptimo D\u00eda - Divisi\u00f3n Interamericana\",\"description\":\"\",\"potentialAction\":[{\"@type\":\"SearchAction\",\"target\":{\"@type\":\"EntryPoint\",\"urlTemplate\":\"https:\\\/\\\/interamerica.org\\\/es\\\/?s={search_term_string}\"},\"query-input\":{\"@type\":\"PropertyValueSpecification\",\"valueRequired\":true,\"valueName\":\"search_term_string\"}}],\"inLanguage\":\"es\"},{\"@type\":\"Person\",\"@id\":\"https:\\\/\\\/interamerica.org\\\/es\\\/#\\\/schema\\\/person\\\/29998f2bc2d8bd0d38662909289b54f1\",\"name\":\"libna\",\"image\":{\"@type\":\"ImageObject\",\"inLanguage\":\"es\",\"@id\":\"https:\\\/\\\/secure.gravatar.com\\\/avatar\\\/7c5bd30ae4b47a9ba3c856590957fd1d96dc588bf3ac05719d247e126840331f?s=96&d=mm&r=g\",\"url\":\"https:\\\/\\\/secure.gravatar.com\\\/avatar\\\/7c5bd30ae4b47a9ba3c856590957fd1d96dc588bf3ac05719d247e126840331f?s=96&d=mm&r=g\",\"contentUrl\":\"https:\\\/\\\/secure.gravatar.com\\\/avatar\\\/7c5bd30ae4b47a9ba3c856590957fd1d96dc588bf3ac05719d247e126840331f?s=96&d=mm&r=g\",\"caption\":\"libna\"}}]}<\/script>\n<!-- \/ Yoast SEO plugin. -->","yoast_head_json":{"title":"El presidente de la Iglesia Adventista desaf\u00eda a los j\u00f3venes para que impacten la sociedad para Jes\u00fas - Iglesia Adventista del S\u00e9ptimo D\u00eda - Divisi\u00f3n Interamericana","robots":{"index":"index","follow":"follow","max-snippet":"max-snippet:-1","max-image-preview":"max-image-preview:large","max-video-preview":"max-video-preview:-1"},"canonical":"https:\/\/interamerica.org\/es\/2025\/04\/el-presidente-de-la-iglesia-adventista-desafia-a-los-jovenes-para-que-impacten-la-sociedad-para-jesus\/","og_locale":"es_ES","og_type":"article","og_title":"El presidente de la Iglesia Adventista desaf\u00eda a los j\u00f3venes para que impacten la sociedad para Jes\u00fas - Iglesia Adventista del S\u00e9ptimo D\u00eda - Divisi\u00f3n Interamericana","og_description":"Ted N. C. Wilson se dirige a miles de personas en una Convenci\u00f3n del Ministerio de Embajadores en Jamaica. 16 de abril de 2025 | Montego Bay, Jamaica | Brendon...","og_url":"https:\/\/interamerica.org\/es\/2025\/04\/el-presidente-de-la-iglesia-adventista-desafia-a-los-jovenes-para-que-impacten-la-sociedad-para-jesus\/","og_site_name":"Iglesia Adventista del S\u00e9ptimo D\u00eda - Divisi\u00f3n Interamericana","article_published_time":"2025-04-16T22:03:14+00:00","article_modified_time":"2025-04-17T19:29:46+00:00","og_image":[{"width":1000,"height":668,"url":"https:\/\/interamerica.org\/wp-content\/uploads\/2025\/04\/tedwilson-amu-ambassadors.jpg","type":"image\/jpeg"}],"author":"libna","twitter_card":"summary_large_image","twitter_misc":{"Escrito por":"libna","Tiempo de lectura":"8 minutos"},"schema":{"@context":"https:\/\/schema.org","@graph":[{"@type":"Article","@id":"https:\/\/interamerica.org\/es\/2025\/04\/el-presidente-de-la-iglesia-adventista-desafia-a-los-jovenes-para-que-impacten-la-sociedad-para-jesus\/#article","isPartOf":{"@id":"https:\/\/interamerica.org\/es\/2025\/04\/el-presidente-de-la-iglesia-adventista-desafia-a-los-jovenes-para-que-impacten-la-sociedad-para-jesus\/"},"author":{"name":"libna","@id":"https:\/\/interamerica.org\/es\/#\/schema\/person\/29998f2bc2d8bd0d38662909289b54f1"},"headline":"El presidente de la Iglesia Adventista desaf\u00eda a los j\u00f3venes para que impacten la sociedad para Jes\u00fas","datePublished":"2025-04-16T22:03:14+00:00","dateModified":"2025-04-17T19:29:46+00:00","mainEntityOfPage":{"@id":"https:\/\/interamerica.org\/es\/2025\/04\/el-presidente-de-la-iglesia-adventista-desafia-a-los-jovenes-para-que-impacten-la-sociedad-para-jesus\/"},"wordCount":1567,"image":{"@id":"https:\/\/interamerica.org\/es\/2025\/04\/el-presidente-de-la-iglesia-adventista-desafia-a-los-jovenes-para-que-impacten-la-sociedad-para-jesus\/#primaryimage"},"thumbnailUrl":"https:\/\/interamerica.org\/wp-content\/uploads\/2025\/04\/tedwilson-amu-ambassadors.jpg","articleSection":["Desde el campo","RSS Espa\u00f1ol"],"inLanguage":"es"},{"@type":"WebPage","@id":"https:\/\/interamerica.org\/es\/2025\/04\/el-presidente-de-la-iglesia-adventista-desafia-a-los-jovenes-para-que-impacten-la-sociedad-para-jesus\/","url":"https:\/\/interamerica.org\/es\/2025\/04\/el-presidente-de-la-iglesia-adventista-desafia-a-los-jovenes-para-que-impacten-la-sociedad-para-jesus\/","name":"El presidente de la Iglesia Adventista desaf\u00eda a los j\u00f3venes para que impacten la sociedad para Jes\u00fas - Iglesia Adventista del S\u00e9ptimo D\u00eda - Divisi\u00f3n Interamericana","isPartOf":{"@id":"https:\/\/interamerica.org\/es\/#website"},"primaryImageOfPage":{"@id":"https:\/\/interamerica.org\/es\/2025\/04\/el-presidente-de-la-iglesia-adventista-desafia-a-los-jovenes-para-que-impacten-la-sociedad-para-jesus\/#primaryimage"},"image":{"@id":"https:\/\/interamerica.org\/es\/2025\/04\/el-presidente-de-la-iglesia-adventista-desafia-a-los-jovenes-para-que-impacten-la-sociedad-para-jesus\/#primaryimage"},"thumbnailUrl":"https:\/\/interamerica.org\/wp-content\/uploads\/2025\/04\/tedwilson-amu-ambassadors.jpg","datePublished":"2025-04-16T22:03:14+00:00","dateModified":"2025-04-17T19:29:46+00:00","author":{"@id":"https:\/\/interamerica.org\/es\/#\/schema\/person\/29998f2bc2d8bd0d38662909289b54f1"},"breadcrumb":{"@id":"https:\/\/interamerica.org\/es\/2025\/04\/el-presidente-de-la-iglesia-adventista-desafia-a-los-jovenes-para-que-impacten-la-sociedad-para-jesus\/#breadcrumb"},"inLanguage":"es","potentialAction":[{"@type":"ReadAction","target":["https:\/\/interamerica.org\/es\/2025\/04\/el-presidente-de-la-iglesia-adventista-desafia-a-los-jovenes-para-que-impacten-la-sociedad-para-jesus\/"]}]},{"@type":"ImageObject","inLanguage":"es","@id":"https:\/\/interamerica.org\/es\/2025\/04\/el-presidente-de-la-iglesia-adventista-desafia-a-los-jovenes-para-que-impacten-la-sociedad-para-jesus\/#primaryimage","url":"https:\/\/interamerica.org\/wp-content\/uploads\/2025\/04\/tedwilson-amu-ambassadors.jpg","contentUrl":"https:\/\/interamerica.org\/wp-content\/uploads\/2025\/04\/tedwilson-amu-ambassadors.jpg","width":1000,"height":668,"caption":"President of the Seventh-day Adventist Church, Pastor Ted N.C. Wilson, delivers the Sabbath message at Jamaica Union Conference\u2019s inaugural Ambassador Convention, challenging young people to \u2018make an impact\u2019 for Christ on Apr. 13, 2025. [Photo: Brendon"},{"@type":"BreadcrumbList","@id":"https:\/\/interamerica.org\/es\/2025\/04\/el-presidente-de-la-iglesia-adventista-desafia-a-los-jovenes-para-que-impacten-la-sociedad-para-jesus\/#breadcrumb","itemListElement":[{"@type":"ListItem","position":1,"name":"Home","item":"https:\/\/interamerica.org\/es\/"},{"@type":"ListItem","position":2,"name":"El presidente de la Iglesia Adventista desaf\u00eda a los j\u00f3venes para que impacten la sociedad para Jes\u00fas"}]},{"@type":"WebSite","@id":"https:\/\/interamerica.org\/es\/#website","url":"https:\/\/interamerica.org\/es\/","name":"Iglesia Adventista del S\u00e9ptimo D\u00eda - Divisi\u00f3n Interamericana","description":"","potentialAction":[{"@type":"SearchAction","target":{"@type":"EntryPoint","urlTemplate":"https:\/\/interamerica.org\/es\/?s={search_term_string}"},"query-input":{"@type":"PropertyValueSpecification","valueRequired":true,"valueName":"search_term_string"}}],"inLanguage":"es"},{"@type":"Person","@id":"https:\/\/interamerica.org\/es\/#\/schema\/person\/29998f2bc2d8bd0d38662909289b54f1","name":"libna","image":{"@type":"ImageObject","inLanguage":"es","@id":"https:\/\/secure.gravatar.com\/avatar\/7c5bd30ae4b47a9ba3c856590957fd1d96dc588bf3ac05719d247e126840331f?s=96&d=mm&r=g","url":"https:\/\/secure.gravatar.com\/avatar\/7c5bd30ae4b47a9ba3c856590957fd1d96dc588bf3ac05719d247e126840331f?s=96&d=mm&r=g","contentUrl":"https:\/\/secure.gravatar.com\/avatar\/7c5bd30ae4b47a9ba3c856590957fd1d96dc588bf3ac05719d247e126840331f?s=96&d=mm&r=g","caption":"libna"}}]}},"_links":{"self":[{"href":"https:\/\/interamerica.org\/es\/wp-json\/wp\/v2\/posts\/127358","targetHints":{"allow":["GET"]}}],"collection":[{"href":"https:\/\/interamerica.org\/es\/wp-json\/wp\/v2\/posts"}],"about":[{"href":"https:\/\/interamerica.org\/es\/wp-json\/wp\/v2\/types\/post"}],"author":[{"embeddable":true,"href":"https:\/\/interamerica.org\/es\/wp-json\/wp\/v2\/users\/3"}],"replies":[{"embeddable":true,"href":"https:\/\/interamerica.org\/es\/wp-json\/wp\/v2\/comments?post=127358"}],"version-history":[{"count":0,"href":"https:\/\/interamerica.org\/es\/wp-json\/wp\/v2\/posts\/127358\/revisions"}],"wp:featuredmedia":[{"embeddable":true,"href":"https:\/\/interamerica.org\/es\/wp-json\/wp\/v2\/media\/127321"}],"wp:attachment":[{"href":"https:\/\/interamerica.org\/es\/wp-json\/wp\/v2\/media?parent=127358"}],"wp:term":[{"taxonomy":"category","embeddable":true,"href":"https:\/\/interamerica.org\/es\/wp-json\/wp\/v2\/categories?post=127358"},{"taxonomy":"post_tag","embeddable":true,"href":"https:\/\/interamerica.org\/es\/wp-json\/wp\/v2\/tags?post=127358"}],"curies":[{"name":"wp","href":"https:\/\/api.w.org\/{rel}","templated":true}]}}