{"id":128058,"date":"2025-05-02T16:02:56","date_gmt":"2025-05-02T20:02:56","guid":{"rendered":"https:\/\/interamerica.org\/?p=128058"},"modified":"2025-05-05T08:43:47","modified_gmt":"2025-05-05T12:43:47","slug":"retiro-virtual-en-la-division-interamericana-conecta-a-los-adventistas-relacionados-con-las-necesidades-especiales","status":"publish","type":"post","link":"https:\/\/interamerica.org\/es\/2025\/05\/retiro-virtual-en-la-division-interamericana-conecta-a-los-adventistas-relacionados-con-las-necesidades-especiales\/","title":{"rendered":"Retiro virtual en la Divisi\u00f3n Interamericana conecta a los adventistas relacionados con las necesidades especiales"},"content":{"rendered":"<p><em>Evento del Ministerio Adventista de las Posibilidades apela a l\u00edderes y miembros para que demuestren mayor conciencia y apoyo.<\/em><\/p>\n<p>2 de mayo de 2025 | Miami, Florida, Estados Unidos | Noticias de la Divisi\u00f3n Interamericana<\/p>\n<p>La Divisi\u00f3n Interamericana celebr\u00f3 hace poco el d\u00e9cimo aniversario del Ministerio Adventista de las Posibilidades, que se centra en la inclusi\u00f3n y la sanaci\u00f3n espiritual, emocional y f\u00edsica de las personas con discapacidades. Organizado por el director del Ministerio Adventista de las Posibilidades en la Divisi\u00f3n Interamericana Samuel Telemaque, el retiro virtual celebrado en toda la regi\u00f3n del 9 al 13 de abril de 2025 conect\u00f3 a m\u00e1s de 600 l\u00edderes de iglesias, directores del ministerio y miembros de iglesia involucrados en ministrar a quienes sufren discapacidades. El evento virtual tambi\u00e9n cont\u00f3 con oradores que discutieron temas c\u00f3mo sobrevivir a la p\u00e9rdida, brindar cuidados, conocer las discapacidades mentales y ministrar a los sordos, a la vez que alent\u00f3 la participaci\u00f3n de las iglesias y comunidades locales.<\/p>\n<p><strong>Aceptemos las cicatrices<\/strong><\/p>\n<p>En un devocional de apertura, Ernesto \u201cDouglas\u201d Venn, actual asistente del presidente de la Asociaci\u00f3n General para el Ministerio Adventista de las Posibilidades inst\u00f3 a los participantes a que vean las cicatrices y las discapacidades no como fuentes de verg\u00fcenza, sino como oportunidades para gloria de Dios. \u201cJes\u00fas tambi\u00e9n tiene cicatrices\u201d, record\u00f3 Venn a su audiencia. \u201cY sus cicatrices pueden ser usadas para contar la historia de Dios por medio de sus vidas\u201d.<\/p>\n<p><div id=\"attachment_128049\" style=\"width: 1010px\" class=\"wp-caption aligncenter\"><img fetchpriority=\"high\" decoding=\"async\" aria-describedby=\"caption-attachment-128049\" class=\"size-full wp-image-128047\" src=\"https:\/\/interamerica.org\/wp-content\/uploads\/2025\/05\/iad-apm-group-photo.png\" alt=\"\" width=\"1000\" height=\"603\" srcset=\"https:\/\/interamerica.org\/wp-content\/uploads\/2025\/05\/iad-apm-group-photo.png 1000w, https:\/\/interamerica.org\/wp-content\/uploads\/2025\/05\/iad-apm-group-photo-300x181.png 300w, https:\/\/interamerica.org\/wp-content\/uploads\/2025\/05\/iad-apm-group-photo-768x463.png 768w\" sizes=\"(max-width: 1000px) 100vw, 1000px\" \/><p id=\"caption-attachment-128049\" class=\"wp-caption-text\">Parte de las m\u00e1s de 600 personas que participaron durante el evento virtual del Retiro de los Ministerios Adventistas de las Posibilidades de la Divisi\u00f3n Interamericana, del 9 al 13 de abril de 2025. El evento marc\u00f3 el d\u00e9cimo aniversario del ministerio en todo el territorio. [Fotograf\u00eda: captura de pantalla de la Divisi\u00f3n Interamericana]<\/p><\/div>Venn tambi\u00e9n enfatiz\u00f3 que Dios ve las discapacidades de manera diferente de lo que lo hace el mundo. A los ojos de Dios, \u201cson formas de probar a la iglesia y hacer que esta crezca en amor\u201d, enfatiz\u00f3. Cit\u00f3 entonces 2 Corintios 12:9, y anim\u00f3 a los participantes a ver sus propias cicatrices y debilidades como oportunidades para que la fuerza de Dios se perfeccione. \u201cMi poder se perfecciona en la debilidad\u201d, ley\u00f3.<\/p>\n<p><strong>Frente al duelo y la p\u00e9rdida<\/strong><\/p>\n<p>En el siguiente segmento, el Dr. Efra\u00edn Vel\u00e1zquez, presidente del Seminario Teol\u00f3gico Adventista Interamericano (SETAI) habl\u00f3 sobre c\u00f3mo hacer frente al duelo y la p\u00e9rdida. Vel\u00e1squez comparti\u00f3 la experiencia de su familia con Ben, uno de sus hijos, quien era neurodivergente y sufr\u00eda depresi\u00f3n desde la infancia. Ben creci\u00f3 y complet\u00f3 sus estudios universitarios, pero finalmente no pudo superar la depresi\u00f3n cr\u00f3nica y se suicid\u00f3. \u201c\u00bfC\u00f3mo se enfrenta una p\u00e9rdida como esa?\u201d, pregunt\u00f3 el Dr. Vel\u00e1zquez. \u201cMi papel no es explicar todo lo relacionado con la neurodivergencia y la depresi\u00f3n, sino crear conciencia al respecto\u201d, expres\u00f3.<\/p>\n<p>Al hablar sobre el duelo, el Dr. Vel\u00e1zquez tambi\u00e9n enfatiz\u00f3 que los expertos coinciden en que no todos procesan la aflicci\u00f3n y el duelo de la misma manera. \u201cCada p\u00e9rdida es \u00fanica y no tiene por qu\u00e9 compararse con otra\u201d, dijo, citando al Dr. Carlos Fayard. Tambi\u00e9n explic\u00f3 que el duelo es un proceso, no un evento, y es c\u00edclico y no lineal.<\/p>\n<p>El Dr. Vel\u00e1zquez anim\u00f3 a las personas que sufren una p\u00e9rdida a buscar ayuda en la medida que sea necesario. \u201cEl duelo es normal, pero es complicado\u201d, record\u00f3 a los participantes, y sugiri\u00f3: \u201cT\u00f3mense en serio las p\u00e9rdidas peque\u00f1as (que los preparar\u00e1n para las m\u00e1s grandes); t\u00f3mense el tiempo para sanar y liberen el estr\u00e9s de una manera saludable\u201d. Entre otras cosas, tambi\u00e9n sugiri\u00f3 dar sentido a una p\u00e9rdida, confiar en otra persona \u2014un amigo, por ejemplo\u2014 y hallar renovaci\u00f3n espiritual.<\/p>\n<p><div id=\"attachment_128040\" style=\"width: 1010px\" class=\"wp-caption aligncenter\"><img decoding=\"async\" aria-describedby=\"caption-attachment-128040\" class=\"size-full wp-image-128038\" src=\"https:\/\/interamerica.org\/wp-content\/uploads\/2025\/05\/iad-apm-telemaque.png\" alt=\"\" width=\"1000\" height=\"420\" srcset=\"https:\/\/interamerica.org\/wp-content\/uploads\/2025\/05\/iad-apm-telemaque.png 1000w, https:\/\/interamerica.org\/wp-content\/uploads\/2025\/05\/iad-apm-telemaque-300x126.png 300w, https:\/\/interamerica.org\/wp-content\/uploads\/2025\/05\/iad-apm-telemaque-768x323.png 768w\" sizes=\"(max-width: 1000px) 100vw, 1000px\" \/><p id=\"caption-attachment-128040\" class=\"wp-caption-text\"><em data-start=\"125\" data-end=\"412\">El pastor Samuel Telemaque (izquierda), director del Ministerio Adventista de las Posibilidades en la Divisi\u00f3n Interamericana, habla durante el evento virtual junto al pastor Jeff Jordan (derecha), coordinador asociado de Ministerios de Sordos de la Asociaci\u00f3n General, mientras que los int\u00e9rpretes (arriba) transmiten los mensajes hablados.<\/em> [Fotograf\u00eda: captura de pantalla de la Divisi\u00f3n Interamericana]<\/p><\/div><strong>C\u00f3mo cuidar a los cuidadores<\/strong><\/p>\n<p>Despu\u00e9s de Vel\u00e1zquez, la profesora Linda James habl\u00f3 sobre c\u00f3mo cuidar a los cuidadores, es decir, a aquellas personas que brindan cuidado directo a otra persona. Tambi\u00e9n comparti\u00f3 su experiencia personal cuidando a un hijo adulto con necesidades especiales. En su caso, brindar esa atenci\u00f3n incluye ser responsable de su medicaci\u00f3n, transporte y apoyo emocional.<\/p>\n<p>La profesora James enfatiz\u00f3 la importancia del apoyo de la iglesia y la necesidad de contar con m\u00e1s recursos y comprensi\u00f3n de las personas con necesidades especiales. Tambi\u00e9n llam\u00f3 la atenci\u00f3n de su audiencia sobre el costo emocional y f\u00edsico de cuidar a otros, incluida su propia experiencia con su hijo, que sufri\u00f3 tendencias homicidas durante la pandemia del COVID-19.<\/p>\n<p>Al mismo tiempo, y a pesar de todos los desaf\u00edos que enfrenta como cuidadora, la profesora James dijo que est\u00e1 agradecida. \u201cMe negu\u00e9 a creer que estoy maldita; aparte del hecho de que a veces me desanimo, estoy feliz de saber que soy bendecida\u201d. En ese sentido, la profesora James llam\u00f3 a todos, especialmente a los cuidadores, a seguir confiando en Dios. \u201cSigan confiando en el plan de Dios mientras cuidan de sus seres queridos\u201d, dijo, \u201cporque Dios tiene un plan para [nuestra] vida y tambi\u00e9n para [nuestros hijos], y nadie puede perturbar ese plan\u201d.<\/p>\n<p>Al cierre de la sesi\u00f3n del 9 de abril, el pastor Telemaque anim\u00f3 a los asistentes para que extiendan invitaciones a las personas con discapacidades y a aquellos que no son adventistas para conectarse con el ministerio. Enfatiz\u00f3 la importancia de la inclusi\u00f3n en el ministerio y anim\u00f3 a los asistentes a que inviten a amigos al evento.<\/p>\n<p><div id=\"attachment_128046\" style=\"width: 1010px\" class=\"wp-caption aligncenter\"><img decoding=\"async\" aria-describedby=\"caption-attachment-128046\" class=\"size-full wp-image-128044\" src=\"https:\/\/interamerica.org\/wp-content\/uploads\/2025\/05\/iad-apm-seminar.png\" alt=\"\" width=\"1000\" height=\"540\" srcset=\"https:\/\/interamerica.org\/wp-content\/uploads\/2025\/05\/iad-apm-seminar.png 1000w, https:\/\/interamerica.org\/wp-content\/uploads\/2025\/05\/iad-apm-seminar-300x162.png 300w, https:\/\/interamerica.org\/wp-content\/uploads\/2025\/05\/iad-apm-seminar-768x415.png 768w\" sizes=\"(max-width: 1000px) 100vw, 1000px\" \/><p id=\"caption-attachment-128046\" class=\"wp-caption-text\">El pastor Jeff Jordan (arriba a la derecha), coordinador asociado de los Ministerios de Sordos de la Asociaci\u00f3n General, habla durante una presentaci\u00f3n que form\u00f3 parte del evento virtual. [Fotograf\u00eda: captura de pantalla de la Divisi\u00f3n Interamericana]<\/p><\/div><strong>Acerca del Ministerio Adventista de las Posibilidades<\/strong><\/p>\n<p>El Ministerio Adventista de las Posibilidades se basa en la creencia de que \u201ctodos estamos dotados, somos necesarios y valiosos\u201d. Se basa en la convicci\u00f3n de que el evangelio transforma la forma en que nos vemos a nosotros mismos, a los dem\u00e1s y a Dios.<\/p>\n<p>Seg\u00fan los l\u00edderes del ministerio, el trabajo del Ministerio Adventista de las Posibilidades ha sido definido no como un programa, sino como un movimiento que nos ayuda a ver a trav\u00e9s de los ojos de un Dios amoroso las fortalezas y posibilidades en siete grupos espec\u00edficos. Entre ellos se encuentran los sordos, los ciegos, los que sufren discapacidades f\u00edsicas, los que tienen problemas de salud mental, los hu\u00e9rfanos y los ni\u00f1os vulnerables, los que lloran una p\u00e9rdida y los cuidadores de otras personas.<\/p>\n<p>En la Divisi\u00f3n Interamericana, la \u00faltima d\u00e9cada se centr\u00f3 en la creaci\u00f3n de conciencia, la aceptaci\u00f3n y la acci\u00f3n: \u201cEl objetivo ha sido integrar este ministerio en la cultura de cada iglesia local\u201d, informaron los l\u00edderes. \u201cEstamos felices de ver avances en todo el territorio con muchos programas que han sido implementados de manera efectiva\u201d.<\/p>\n<p>Telemaque enfatiz\u00f3 que cada persona es valiosa a los ojos de Dios. \u201cTodos estamos quebrantados, y encontramos la plenitud al ayudar a que otros reparen su quebrantamiento\u201d, dijo. Identificar los dones espirituales de las personas con discapacidades y alentarlos a servir es fundamental para el crecimiento del Ministerio Adventista de las Posibilidades.<\/p>\n<p>En Jamaica, la Iglesia Adventista de Sordos en Portmore se est\u00e1 expandiendo. En la Rep\u00fablica Dominicana, un gran grupo de j\u00f3venes voluntarios ministra semanalmente a los sordos. En M\u00e9xico, int\u00e9rpretes voluntarios capacitados atienden a la poblaci\u00f3n sorda en todo el pa\u00eds.<\/p>\n<p><div id=\"attachment_128043\" style=\"width: 1010px\" class=\"wp-caption aligncenter\"><img loading=\"lazy\" decoding=\"async\" aria-describedby=\"caption-attachment-128043\" class=\"size-full wp-image-128041\" src=\"https:\/\/interamerica.org\/wp-content\/uploads\/2025\/05\/iad-amp-2.png\" alt=\"\" width=\"1000\" height=\"536\" srcset=\"https:\/\/interamerica.org\/wp-content\/uploads\/2025\/05\/iad-amp-2.png 1000w, https:\/\/interamerica.org\/wp-content\/uploads\/2025\/05\/iad-amp-2-300x161.png 300w, https:\/\/interamerica.org\/wp-content\/uploads\/2025\/05\/iad-amp-2-768x412.png 768w\" sizes=\"(max-width: 1000px) 100vw, 1000px\" \/><p id=\"caption-attachment-128043\" class=\"wp-caption-text\">El pastor Jeff Jordan (arriba a la derecha), coordinador asociado de los Ministerios de Sordos de la Asociaci\u00f3n General, destaca el desaf\u00edo que enfrenta la Iglesia Adventista a la hora de alcanzar a los setenta millones de personas sordas en todo el mundo. [Fotograf\u00eda: captura de pantalla de la Divisi\u00f3n Interamericana]<\/p><\/div>Las iniciativas del Ministerio Adventista de las Posibilidades requieren de financiamiento, y existen oportunidades a trav\u00e9s de los proyectos de Misi\u00f3n Global de la Asociaci\u00f3n General, dijo Telemaque. Resta un gran desaf\u00edo: la necesidad de pastores sordos. \u201cLos sordos prefieren comunicarse con otros sordos\u201d, explic\u00f3.<\/p>\n<p><strong>Nueva estrategia para expandir el Ministerio Adventista de las Posibilidades <\/strong><\/p>\n<p>El d\u00e9cimo aniversario marc\u00f3 el lanzamiento de una nueva estrategia centrada en la empat\u00eda, la integridad, la conexi\u00f3n social y la curaci\u00f3n espiritual para apoyar varios niveles de recuperaci\u00f3n f\u00edsica.<\/p>\n<p>Los l\u00edderes enfatizaron que el ministerio a las personas con discapacidades es, de hecho, un ministerio para todos. \u201cNo tenemos tiempo que perder\u201d, dijo Telemaque. \u201cTenemos que reconocer a las personas con discapacidades como un grupo \u00e9tnico, como los musulmanes o los hind\u00faes, y construir ministerios en las comunidades para mostrar a la sociedad, incluidos a los funcionarios del gobierno, que la iglesia se preocupa y busca ministrarles de manera integral\u201d.<\/p>\n<p><em>Jeovanny contribuy\u00f3 con informaci\u00f3n a este reporte.<\/em><\/p>\n<p>Traducci\u00f3n de Marcos Paseggi<\/p>\n","protected":false},"excerpt":{"rendered":"<p>Evento del Ministerio Adventista de las Posibilidades apela a l\u00edderes y miembros para que demuestren mayor conciencia y apoyo. 2 de mayo de 2025 | Miami, Florida, Estados Unidos |&#8230;<\/p>\n","protected":false},"author":3,"featured_media":128049,"comment_status":"closed","ping_status":"closed","sticky":false,"template":"","format":"standard","meta":{"_acf_changed":false,"footnotes":""},"categories":[16,15],"tags":[],"class_list":["post-128058","post","type-post","status-publish","format-standard","has-post-thumbnail","hentry","category-desde-la-sede","category-rss-espanol"],"acf":[],"yoast_head":"<!-- This site is optimized with the Yoast SEO plugin v27.3 - https:\/\/yoast.com\/product\/yoast-seo-wordpress\/ -->\n<title>Retiro virtual en la Divisi\u00f3n Interamericana conecta a los adventistas relacionados con las necesidades especiales - Iglesia Adventista del S\u00e9ptimo D\u00eda - Divisi\u00f3n Interamericana<\/title>\n<meta name=\"robots\" content=\"index, follow, max-snippet:-1, max-image-preview:large, max-video-preview:-1\" \/>\n<link rel=\"canonical\" href=\"https:\/\/interamerica.org\/es\/2025\/05\/retiro-virtual-en-la-division-interamericana-conecta-a-los-adventistas-relacionados-con-las-necesidades-especiales\/\" \/>\n<meta property=\"og:locale\" content=\"es_ES\" \/>\n<meta property=\"og:type\" content=\"article\" \/>\n<meta property=\"og:title\" content=\"Retiro virtual en la Divisi\u00f3n Interamericana conecta a los adventistas relacionados con las necesidades especiales - Iglesia Adventista del S\u00e9ptimo D\u00eda - Divisi\u00f3n Interamericana\" \/>\n<meta property=\"og:description\" content=\"Evento del Ministerio Adventista de las Posibilidades apela a l\u00edderes y miembros para que demuestren mayor conciencia y apoyo. 2 de mayo de 2025 | Miami, Florida, Estados Unidos |...\" \/>\n<meta property=\"og:url\" content=\"https:\/\/interamerica.org\/es\/2025\/05\/retiro-virtual-en-la-division-interamericana-conecta-a-los-adventistas-relacionados-con-las-necesidades-especiales\/\" \/>\n<meta property=\"og:site_name\" content=\"Iglesia Adventista del S\u00e9ptimo D\u00eda - Divisi\u00f3n Interamericana\" \/>\n<meta property=\"article:published_time\" content=\"2025-05-02T20:02:56+00:00\" \/>\n<meta property=\"article:modified_time\" content=\"2025-05-05T12:43:47+00:00\" \/>\n<meta property=\"og:image\" content=\"https:\/\/interamerica.org\/wp-content\/uploads\/2025\/05\/iad-apm-group-photo.png\" \/>\n\t<meta property=\"og:image:width\" content=\"1000\" \/>\n\t<meta property=\"og:image:height\" content=\"603\" \/>\n\t<meta property=\"og:image:type\" content=\"image\/png\" \/>\n<meta name=\"author\" content=\"libna\" \/>\n<meta name=\"twitter:card\" content=\"summary_large_image\" \/>\n<meta name=\"twitter:label1\" content=\"Escrito por\" \/>\n\t<meta name=\"twitter:data1\" content=\"libna\" \/>\n\t<meta name=\"twitter:label2\" content=\"Tiempo de lectura\" \/>\n\t<meta name=\"twitter:data2\" content=\"8 minutos\" \/>\n<script type=\"application\/ld+json\" class=\"yoast-schema-graph\">{\"@context\":\"https:\\\/\\\/schema.org\",\"@graph\":[{\"@type\":\"Article\",\"@id\":\"https:\\\/\\\/interamerica.org\\\/es\\\/2025\\\/05\\\/retiro-virtual-en-la-division-interamericana-conecta-a-los-adventistas-relacionados-con-las-necesidades-especiales\\\/#article\",\"isPartOf\":{\"@id\":\"https:\\\/\\\/interamerica.org\\\/es\\\/2025\\\/05\\\/retiro-virtual-en-la-division-interamericana-conecta-a-los-adventistas-relacionados-con-las-necesidades-especiales\\\/\"},\"author\":{\"name\":\"libna\",\"@id\":\"https:\\\/\\\/interamerica.org\\\/es\\\/#\\\/schema\\\/person\\\/29998f2bc2d8bd0d38662909289b54f1\"},\"headline\":\"Retiro virtual en la Divisi\u00f3n Interamericana conecta a los adventistas relacionados con las necesidades especiales\",\"datePublished\":\"2025-05-02T20:02:56+00:00\",\"dateModified\":\"2025-05-05T12:43:47+00:00\",\"mainEntityOfPage\":{\"@id\":\"https:\\\/\\\/interamerica.org\\\/es\\\/2025\\\/05\\\/retiro-virtual-en-la-division-interamericana-conecta-a-los-adventistas-relacionados-con-las-necesidades-especiales\\\/\"},\"wordCount\":1627,\"image\":{\"@id\":\"https:\\\/\\\/interamerica.org\\\/es\\\/2025\\\/05\\\/retiro-virtual-en-la-division-interamericana-conecta-a-los-adventistas-relacionados-con-las-necesidades-especiales\\\/#primaryimage\"},\"thumbnailUrl\":\"https:\\\/\\\/interamerica.org\\\/wp-content\\\/uploads\\\/2025\\\/05\\\/iad-apm-group-photo.png\",\"articleSection\":[\"Desde la sede\",\"RSS Espa\u00f1ol\"],\"inLanguage\":\"es\"},{\"@type\":\"WebPage\",\"@id\":\"https:\\\/\\\/interamerica.org\\\/es\\\/2025\\\/05\\\/retiro-virtual-en-la-division-interamericana-conecta-a-los-adventistas-relacionados-con-las-necesidades-especiales\\\/\",\"url\":\"https:\\\/\\\/interamerica.org\\\/es\\\/2025\\\/05\\\/retiro-virtual-en-la-division-interamericana-conecta-a-los-adventistas-relacionados-con-las-necesidades-especiales\\\/\",\"name\":\"Retiro virtual en la Divisi\u00f3n Interamericana conecta a los adventistas relacionados con las necesidades especiales - Iglesia Adventista del S\u00e9ptimo D\u00eda - Divisi\u00f3n Interamericana\",\"isPartOf\":{\"@id\":\"https:\\\/\\\/interamerica.org\\\/es\\\/#website\"},\"primaryImageOfPage\":{\"@id\":\"https:\\\/\\\/interamerica.org\\\/es\\\/2025\\\/05\\\/retiro-virtual-en-la-division-interamericana-conecta-a-los-adventistas-relacionados-con-las-necesidades-especiales\\\/#primaryimage\"},\"image\":{\"@id\":\"https:\\\/\\\/interamerica.org\\\/es\\\/2025\\\/05\\\/retiro-virtual-en-la-division-interamericana-conecta-a-los-adventistas-relacionados-con-las-necesidades-especiales\\\/#primaryimage\"},\"thumbnailUrl\":\"https:\\\/\\\/interamerica.org\\\/wp-content\\\/uploads\\\/2025\\\/05\\\/iad-apm-group-photo.png\",\"datePublished\":\"2025-05-02T20:02:56+00:00\",\"dateModified\":\"2025-05-05T12:43:47+00:00\",\"author\":{\"@id\":\"https:\\\/\\\/interamerica.org\\\/es\\\/#\\\/schema\\\/person\\\/29998f2bc2d8bd0d38662909289b54f1\"},\"breadcrumb\":{\"@id\":\"https:\\\/\\\/interamerica.org\\\/es\\\/2025\\\/05\\\/retiro-virtual-en-la-division-interamericana-conecta-a-los-adventistas-relacionados-con-las-necesidades-especiales\\\/#breadcrumb\"},\"inLanguage\":\"es\",\"potentialAction\":[{\"@type\":\"ReadAction\",\"target\":[\"https:\\\/\\\/interamerica.org\\\/es\\\/2025\\\/05\\\/retiro-virtual-en-la-division-interamericana-conecta-a-los-adventistas-relacionados-con-las-necesidades-especiales\\\/\"]}]},{\"@type\":\"ImageObject\",\"inLanguage\":\"es\",\"@id\":\"https:\\\/\\\/interamerica.org\\\/es\\\/2025\\\/05\\\/retiro-virtual-en-la-division-interamericana-conecta-a-los-adventistas-relacionados-con-las-necesidades-especiales\\\/#primaryimage\",\"url\":\"https:\\\/\\\/interamerica.org\\\/wp-content\\\/uploads\\\/2025\\\/05\\\/iad-apm-group-photo.png\",\"contentUrl\":\"https:\\\/\\\/interamerica.org\\\/wp-content\\\/uploads\\\/2025\\\/05\\\/iad-apm-group-photo.png\",\"width\":1000,\"height\":603,\"caption\":\"[Photo: IAD Screenshot]\"},{\"@type\":\"BreadcrumbList\",\"@id\":\"https:\\\/\\\/interamerica.org\\\/es\\\/2025\\\/05\\\/retiro-virtual-en-la-division-interamericana-conecta-a-los-adventistas-relacionados-con-las-necesidades-especiales\\\/#breadcrumb\",\"itemListElement\":[{\"@type\":\"ListItem\",\"position\":1,\"name\":\"Home\",\"item\":\"https:\\\/\\\/interamerica.org\\\/es\\\/\"},{\"@type\":\"ListItem\",\"position\":2,\"name\":\"Retiro virtual en la Divisi\u00f3n Interamericana conecta a los adventistas relacionados con las necesidades especiales\"}]},{\"@type\":\"WebSite\",\"@id\":\"https:\\\/\\\/interamerica.org\\\/es\\\/#website\",\"url\":\"https:\\\/\\\/interamerica.org\\\/es\\\/\",\"name\":\"Iglesia Adventista del S\u00e9ptimo D\u00eda - Divisi\u00f3n Interamericana\",\"description\":\"\",\"potentialAction\":[{\"@type\":\"SearchAction\",\"target\":{\"@type\":\"EntryPoint\",\"urlTemplate\":\"https:\\\/\\\/interamerica.org\\\/es\\\/?s={search_term_string}\"},\"query-input\":{\"@type\":\"PropertyValueSpecification\",\"valueRequired\":true,\"valueName\":\"search_term_string\"}}],\"inLanguage\":\"es\"},{\"@type\":\"Person\",\"@id\":\"https:\\\/\\\/interamerica.org\\\/es\\\/#\\\/schema\\\/person\\\/29998f2bc2d8bd0d38662909289b54f1\",\"name\":\"libna\",\"image\":{\"@type\":\"ImageObject\",\"inLanguage\":\"es\",\"@id\":\"https:\\\/\\\/secure.gravatar.com\\\/avatar\\\/7c5bd30ae4b47a9ba3c856590957fd1d96dc588bf3ac05719d247e126840331f?s=96&d=mm&r=g\",\"url\":\"https:\\\/\\\/secure.gravatar.com\\\/avatar\\\/7c5bd30ae4b47a9ba3c856590957fd1d96dc588bf3ac05719d247e126840331f?s=96&d=mm&r=g\",\"contentUrl\":\"https:\\\/\\\/secure.gravatar.com\\\/avatar\\\/7c5bd30ae4b47a9ba3c856590957fd1d96dc588bf3ac05719d247e126840331f?s=96&d=mm&r=g\",\"caption\":\"libna\"}}]}<\/script>\n<!-- \/ Yoast SEO plugin. -->","yoast_head_json":{"title":"Retiro virtual en la Divisi\u00f3n Interamericana conecta a los adventistas relacionados con las necesidades especiales - Iglesia Adventista del S\u00e9ptimo D\u00eda - Divisi\u00f3n Interamericana","robots":{"index":"index","follow":"follow","max-snippet":"max-snippet:-1","max-image-preview":"max-image-preview:large","max-video-preview":"max-video-preview:-1"},"canonical":"https:\/\/interamerica.org\/es\/2025\/05\/retiro-virtual-en-la-division-interamericana-conecta-a-los-adventistas-relacionados-con-las-necesidades-especiales\/","og_locale":"es_ES","og_type":"article","og_title":"Retiro virtual en la Divisi\u00f3n Interamericana conecta a los adventistas relacionados con las necesidades especiales - Iglesia Adventista del S\u00e9ptimo D\u00eda - Divisi\u00f3n Interamericana","og_description":"Evento del Ministerio Adventista de las Posibilidades apela a l\u00edderes y miembros para que demuestren mayor conciencia y apoyo. 2 de mayo de 2025 | Miami, Florida, Estados Unidos |...","og_url":"https:\/\/interamerica.org\/es\/2025\/05\/retiro-virtual-en-la-division-interamericana-conecta-a-los-adventistas-relacionados-con-las-necesidades-especiales\/","og_site_name":"Iglesia Adventista del S\u00e9ptimo D\u00eda - Divisi\u00f3n Interamericana","article_published_time":"2025-05-02T20:02:56+00:00","article_modified_time":"2025-05-05T12:43:47+00:00","og_image":[{"width":1000,"height":603,"url":"https:\/\/interamerica.org\/wp-content\/uploads\/2025\/05\/iad-apm-group-photo.png","type":"image\/png"}],"author":"libna","twitter_card":"summary_large_image","twitter_misc":{"Escrito por":"libna","Tiempo de lectura":"8 minutos"},"schema":{"@context":"https:\/\/schema.org","@graph":[{"@type":"Article","@id":"https:\/\/interamerica.org\/es\/2025\/05\/retiro-virtual-en-la-division-interamericana-conecta-a-los-adventistas-relacionados-con-las-necesidades-especiales\/#article","isPartOf":{"@id":"https:\/\/interamerica.org\/es\/2025\/05\/retiro-virtual-en-la-division-interamericana-conecta-a-los-adventistas-relacionados-con-las-necesidades-especiales\/"},"author":{"name":"libna","@id":"https:\/\/interamerica.org\/es\/#\/schema\/person\/29998f2bc2d8bd0d38662909289b54f1"},"headline":"Retiro virtual en la Divisi\u00f3n Interamericana conecta a los adventistas relacionados con las necesidades especiales","datePublished":"2025-05-02T20:02:56+00:00","dateModified":"2025-05-05T12:43:47+00:00","mainEntityOfPage":{"@id":"https:\/\/interamerica.org\/es\/2025\/05\/retiro-virtual-en-la-division-interamericana-conecta-a-los-adventistas-relacionados-con-las-necesidades-especiales\/"},"wordCount":1627,"image":{"@id":"https:\/\/interamerica.org\/es\/2025\/05\/retiro-virtual-en-la-division-interamericana-conecta-a-los-adventistas-relacionados-con-las-necesidades-especiales\/#primaryimage"},"thumbnailUrl":"https:\/\/interamerica.org\/wp-content\/uploads\/2025\/05\/iad-apm-group-photo.png","articleSection":["Desde la sede","RSS Espa\u00f1ol"],"inLanguage":"es"},{"@type":"WebPage","@id":"https:\/\/interamerica.org\/es\/2025\/05\/retiro-virtual-en-la-division-interamericana-conecta-a-los-adventistas-relacionados-con-las-necesidades-especiales\/","url":"https:\/\/interamerica.org\/es\/2025\/05\/retiro-virtual-en-la-division-interamericana-conecta-a-los-adventistas-relacionados-con-las-necesidades-especiales\/","name":"Retiro virtual en la Divisi\u00f3n Interamericana conecta a los adventistas relacionados con las necesidades especiales - Iglesia Adventista del S\u00e9ptimo D\u00eda - Divisi\u00f3n Interamericana","isPartOf":{"@id":"https:\/\/interamerica.org\/es\/#website"},"primaryImageOfPage":{"@id":"https:\/\/interamerica.org\/es\/2025\/05\/retiro-virtual-en-la-division-interamericana-conecta-a-los-adventistas-relacionados-con-las-necesidades-especiales\/#primaryimage"},"image":{"@id":"https:\/\/interamerica.org\/es\/2025\/05\/retiro-virtual-en-la-division-interamericana-conecta-a-los-adventistas-relacionados-con-las-necesidades-especiales\/#primaryimage"},"thumbnailUrl":"https:\/\/interamerica.org\/wp-content\/uploads\/2025\/05\/iad-apm-group-photo.png","datePublished":"2025-05-02T20:02:56+00:00","dateModified":"2025-05-05T12:43:47+00:00","author":{"@id":"https:\/\/interamerica.org\/es\/#\/schema\/person\/29998f2bc2d8bd0d38662909289b54f1"},"breadcrumb":{"@id":"https:\/\/interamerica.org\/es\/2025\/05\/retiro-virtual-en-la-division-interamericana-conecta-a-los-adventistas-relacionados-con-las-necesidades-especiales\/#breadcrumb"},"inLanguage":"es","potentialAction":[{"@type":"ReadAction","target":["https:\/\/interamerica.org\/es\/2025\/05\/retiro-virtual-en-la-division-interamericana-conecta-a-los-adventistas-relacionados-con-las-necesidades-especiales\/"]}]},{"@type":"ImageObject","inLanguage":"es","@id":"https:\/\/interamerica.org\/es\/2025\/05\/retiro-virtual-en-la-division-interamericana-conecta-a-los-adventistas-relacionados-con-las-necesidades-especiales\/#primaryimage","url":"https:\/\/interamerica.org\/wp-content\/uploads\/2025\/05\/iad-apm-group-photo.png","contentUrl":"https:\/\/interamerica.org\/wp-content\/uploads\/2025\/05\/iad-apm-group-photo.png","width":1000,"height":603,"caption":"[Photo: IAD Screenshot]"},{"@type":"BreadcrumbList","@id":"https:\/\/interamerica.org\/es\/2025\/05\/retiro-virtual-en-la-division-interamericana-conecta-a-los-adventistas-relacionados-con-las-necesidades-especiales\/#breadcrumb","itemListElement":[{"@type":"ListItem","position":1,"name":"Home","item":"https:\/\/interamerica.org\/es\/"},{"@type":"ListItem","position":2,"name":"Retiro virtual en la Divisi\u00f3n Interamericana conecta a los adventistas relacionados con las necesidades especiales"}]},{"@type":"WebSite","@id":"https:\/\/interamerica.org\/es\/#website","url":"https:\/\/interamerica.org\/es\/","name":"Iglesia Adventista del S\u00e9ptimo D\u00eda - Divisi\u00f3n Interamericana","description":"","potentialAction":[{"@type":"SearchAction","target":{"@type":"EntryPoint","urlTemplate":"https:\/\/interamerica.org\/es\/?s={search_term_string}"},"query-input":{"@type":"PropertyValueSpecification","valueRequired":true,"valueName":"search_term_string"}}],"inLanguage":"es"},{"@type":"Person","@id":"https:\/\/interamerica.org\/es\/#\/schema\/person\/29998f2bc2d8bd0d38662909289b54f1","name":"libna","image":{"@type":"ImageObject","inLanguage":"es","@id":"https:\/\/secure.gravatar.com\/avatar\/7c5bd30ae4b47a9ba3c856590957fd1d96dc588bf3ac05719d247e126840331f?s=96&d=mm&r=g","url":"https:\/\/secure.gravatar.com\/avatar\/7c5bd30ae4b47a9ba3c856590957fd1d96dc588bf3ac05719d247e126840331f?s=96&d=mm&r=g","contentUrl":"https:\/\/secure.gravatar.com\/avatar\/7c5bd30ae4b47a9ba3c856590957fd1d96dc588bf3ac05719d247e126840331f?s=96&d=mm&r=g","caption":"libna"}}]}},"_links":{"self":[{"href":"https:\/\/interamerica.org\/es\/wp-json\/wp\/v2\/posts\/128058","targetHints":{"allow":["GET"]}}],"collection":[{"href":"https:\/\/interamerica.org\/es\/wp-json\/wp\/v2\/posts"}],"about":[{"href":"https:\/\/interamerica.org\/es\/wp-json\/wp\/v2\/types\/post"}],"author":[{"embeddable":true,"href":"https:\/\/interamerica.org\/es\/wp-json\/wp\/v2\/users\/3"}],"replies":[{"embeddable":true,"href":"https:\/\/interamerica.org\/es\/wp-json\/wp\/v2\/comments?post=128058"}],"version-history":[{"count":0,"href":"https:\/\/interamerica.org\/es\/wp-json\/wp\/v2\/posts\/128058\/revisions"}],"wp:featuredmedia":[{"embeddable":true,"href":"https:\/\/interamerica.org\/es\/wp-json\/wp\/v2\/media\/128049"}],"wp:attachment":[{"href":"https:\/\/interamerica.org\/es\/wp-json\/wp\/v2\/media?parent=128058"}],"wp:term":[{"taxonomy":"category","embeddable":true,"href":"https:\/\/interamerica.org\/es\/wp-json\/wp\/v2\/categories?post=128058"},{"taxonomy":"post_tag","embeddable":true,"href":"https:\/\/interamerica.org\/es\/wp-json\/wp\/v2\/tags?post=128058"}],"curies":[{"name":"wp","href":"https:\/\/api.w.org\/{rel}","templated":true}]}}