{"id":128416,"date":"2025-05-13T23:59:14","date_gmt":"2025-05-14T03:59:14","guid":{"rendered":"https:\/\/interamerica.org\/?p=128416"},"modified":"2025-05-14T09:59:28","modified_gmt":"2025-05-14T13:59:28","slug":"se-activa-respuesta-de-emergencia-en-medio-de-conflicto-entre-india-y-pakistan","status":"publish","type":"post","link":"https:\/\/interamerica.org\/es\/2025\/05\/se-activa-respuesta-de-emergencia-en-medio-de-conflicto-entre-india-y-pakistan\/","title":{"rendered":"Se activa respuesta de emergencia en medio de conflicto entre india y Pakist\u00e1n"},"content":{"rendered":"<p class=\"c-post-header__subtitle\"><em>Presidente regional de la iglesia pide a los miembros en todo el mundo orar por la paz. <\/em><\/p>\n<p>12 de mayo de 2025 | Divisi\u00f3n Asia-Pac\u00edfico Norte y <em>Adventist Review<\/em><\/p>\n<p>Mientras las tensiones entre India y Pakist\u00e1n escalaban hasta convertirse en conflicto armado, la Divisi\u00f3n Asia-Pac\u00edfico Norte (NSD por sus siglas en ingl\u00e9s) y la Uni\u00f3n de Pakist\u00e1n (PKU por sus siglas en ingl\u00e9s) pusieron en ejecuci\u00f3n medidas de emergencia para proteger misioneros, miembros de iglesia y personal institucional en Pakist\u00e1n.<\/p>\n<p>Los recientes ataques con drones en Lahore y apagones generalizados en ciudades tales como Gujranwala, Sialkot y Muridke, hicieron aumentar la ansiedad p\u00fablica e impulsaron al gobierno a intensificar la vigilancia en la regi\u00f3n del Punjab \u2014sito de instituciones adventistas clave, incluyendo las oficinas de la PKU y el Colegio y Seminario Adventista de Pakist\u00e1n. (PASC).<\/p>\n<p><div id=\"attachment_128406\" style=\"width: 959px\" class=\"wp-caption aligncenter\"><img fetchpriority=\"high\" decoding=\"async\" aria-describedby=\"caption-attachment-128406\" class=\" wp-image-128404\" src=\"https:\/\/interamerica.org\/wp-content\/uploads\/2025\/05\/nsd-2-2-1024x576.jpg\" alt=\"\" width=\"949\" height=\"534\" srcset=\"https:\/\/interamerica.org\/wp-content\/uploads\/2025\/05\/nsd-2-2-1024x576.jpg 1024w, https:\/\/interamerica.org\/wp-content\/uploads\/2025\/05\/nsd-2-2-300x169.jpg 300w, https:\/\/interamerica.org\/wp-content\/uploads\/2025\/05\/nsd-2-2-768x432.jpg 768w, https:\/\/interamerica.org\/wp-content\/uploads\/2025\/05\/nsd-2-2-1536x864.jpg 1536w, https:\/\/interamerica.org\/wp-content\/uploads\/2025\/05\/nsd-2-2.jpg 1920w\" sizes=\"(max-width: 949px) 100vw, 949px\" \/><p id=\"caption-attachment-128406\" class=\"wp-caption-text\">Oficinas de la Divisi\u00f3n Asia-Pac\u00edfico Norte en Corea del Sur. [Imagen: Divisi\u00f3n Asia-Pac\u00edfico Norte]<\/p><\/div>A ra\u00edz de esos acontecimientos, la PKU celebr\u00f3 una reuni\u00f3n de emergencia a fin de evaluar los riesgos de seguridad y fortalecer la preparaci\u00f3n ante la crisis. La reuni\u00f3n confirm\u00f3 que, aunque todav\u00eda algunos viajes a\u00e9reos continuaban funcionando a trav\u00e9s de Multan y Quetta, las compa\u00f1\u00edas a\u00e9reas internacionales han limitado o desviado rutas a\u00e9reas, lo cual hace cada vez m\u00e1s dif\u00edcil la log\u00edstica de evacuaci\u00f3n. Preocupados por la creciente inestabilidad, los dirigentes de la iglesia reforzaron los protocolos de seguridad y elaboraron planes de contingencia.<\/p>\n<p>Cada plantel est\u00e1 formando un equipo de respuesta a emergencias en tiempo de guerra compuesto por cuatro o cinco miembros, siguiendo el modelo de los grupos operativos COVID-19. El personal est\u00e1 estableciendo un sistema de 24 horas de comunicaci\u00f3n de emergencia para asegurar un contacto fiable en caso de acontecimientos urgentes. Las instituciones han tambi\u00e9n dado pasos para reducir la visibilidad nocturna, fortalecer la seguridad en el plantel y verificar las rutas de evacuaci\u00f3n. Los dirigentes est\u00e1n revisando el uso potencial de refugios subterr\u00e1neos o espacios ocultos en zonas boscosas como refugios temporales si las condiciones empeoran.<\/p>\n<p>La PKU tiene preparada una reserva de 15 a 30 d\u00edas de duraci\u00f3n de recursos esenciales tales como alimentos, agua y medicinas, con el fin de apoyar la resiliencia a largo plazo. Los equipos est\u00e1n inspeccionando equipos de emergencia, incluyendo bombas de agua manuales, sistemas de filtraci\u00f3n y generadores de reserva. Mientras tanto, se han identificado rutas de evacuaci\u00f3n a trav\u00e9s de Emiratos \u00c1rabes Unidos, Dub\u00e1i y Bangkok y se mantiene contacto regular con la embajada coreana y bases a\u00e9reas locales a fin de monitorear estrategias de salida.<\/p>\n<p>El territorio ha extendido protecci\u00f3n especial a misioneros que prestan sus servicios en zonas de alto riesgo, tales como Sialkot, Marine K, Bahawalpur y Rahim Yar Khan. Tanto la PKU como el PASC contin\u00faan coordin\u00e1ndose muy de cerca. La PKU est\u00e1 considerando tambi\u00e9n una distribuci\u00f3n temprana de salario para pastores y personal a fin de facilitar compras de emergencia, al mismo tiempo que est\u00e1 solicitando apoyo financiero por parte de la NSD para necesidades urgentes de aprovisionamiento.<\/p>\n<p><div id=\"attachment_128409\" style=\"width: 975px\" class=\"wp-caption aligncenter\"><img decoding=\"async\" aria-describedby=\"caption-attachment-128409\" class=\" wp-image-128407\" src=\"https:\/\/interamerica.org\/wp-content\/uploads\/2025\/05\/dsc01226-2048x1365-1-1024x683.jpg\" alt=\"\" width=\"965\" height=\"644\" srcset=\"https:\/\/interamerica.org\/wp-content\/uploads\/2025\/05\/dsc01226-2048x1365-1-1024x683.jpg 1024w, https:\/\/interamerica.org\/wp-content\/uploads\/2025\/05\/dsc01226-2048x1365-1-300x200.jpg 300w, https:\/\/interamerica.org\/wp-content\/uploads\/2025\/05\/dsc01226-2048x1365-1-768x512.jpg 768w, https:\/\/interamerica.org\/wp-content\/uploads\/2025\/05\/dsc01226-2048x1365-1-1536x1024.jpg 1536w, https:\/\/interamerica.org\/wp-content\/uploads\/2025\/05\/dsc01226-2048x1365-1.jpg 2048w\" sizes=\"(max-width: 965px) 100vw, 965px\" \/><p id=\"caption-attachment-128409\" class=\"wp-caption-text\">El presidente de la Divisi\u00f3n Asia-Pac\u00edfico Norte, Kim YoHan (derecha), pidi\u00f3 a los miembros de Iglesia de todo el mundo que oraran por la paz entre India y Pakist\u00e1n. [Imagen: Divisi\u00f3n Asia-Pac\u00edfico Norte]<\/p><\/div><br \/>\nMientras se desenvuelven las noticias regionales e internacionales, la NSD y la PKU colaboran activamente con las autoridades aeroportuarias, asignan papeles a desempe\u00f1ar a directivos de departamentos y distribuyen gu\u00edas de seguridad a miembros de la iglesia y familias en toda la naci\u00f3n. Est\u00e1n conduciendo controles peri\u00f3dicos para asegurarse de que se cumple con las medidas institucionales de seguridad.<\/p>\n<p>En estos momentos cr\u00edticos, la NSD hace un llamado a la comunidad adventista mundial a orar por la paz entre las dos naciones, por la protecci\u00f3n de los misioneros y miembros y por sabidur\u00eda y fortaleza mientras que la Iglesia contin\u00faa su misi\u00f3n bajo estas desafiantes condiciones.<\/p>\n<h3 class=\"wp-block-heading\"><strong>El presidente de la Iglesia regional solicita las oraciones de la iglesia <\/strong><\/h3>\n<p>Mientras surgen las noticias de que India y Pakist\u00e1n han llegado al acuerdo de un total e inmediato cese al fuego, Kim YoHan, presidente de la NSD, pidi\u00f3 a la Iglesia Adventista mundial orar por un r\u00e1pido fin al conflicto y por una paz duradera. En un llamado oficial, lanzado el 19 de mayo, el presidente YoHan pidi\u00f3 a los creyentes \u201corar porque Dios ponga un r\u00e1pido fin a esta guerra y restaure la paz en el coraz\u00f3n de todas las personas en Pakist\u00e1n e India\u201d. Inst\u00f3 adem\u00e1s con el siguiente mensaje: \u201cOren por favor especialmente porque nuestros miembros adventistas del s\u00e9ptimo d\u00eda que viven en la regi\u00f3n no pierdan su fe y sean protegidos de todo da\u00f1o y peligro\u201d.<\/p>\n<p>Repiti\u00f3 adem\u00e1s su sentida s\u00faplica por oraciones \u201cen favor de los misioneros, pastores y estudiantes de las diferentes instituciones de la regi\u00f3n\u201d. El mensaje completo es el siguiente:<\/p>\n<p><em>A nuestros amados hermanos y hermanas adventistas del s\u00e9ptimo d\u00eda de todo el mundo.<\/em><\/p>\n<p><em>Como presidente de la Divisi\u00f3n Asia-Pac\u00edfico Norte de la Iglesia Adventista del S\u00e9ptimo D\u00eda, responsable por la obra de la misi\u00f3n en nueve pa\u00edses, incluyendo Pakist\u00e1n, Ies escribo con el coraz\u00f3n apesadumbrado y un llamamiento urgente a la oraci\u00f3n unida. <\/em><\/p>\n<p><em>En este tiempo se ha desatado el conflicto armado entre Pakist\u00e1n e India, poniendo en peligro innumerables vidas y hundiendo a nuestros queridos miembros y comunidades locales en profundo temor y sufrimiento. La guerra no beneficia a nadie; deja atr\u00e1s solamente destrucci\u00f3n, heridas, muerte y dolor. <\/em><\/p>\n<p><em>En este grave momento hago un llamado ferviente a todos los creyentes adventistas en Corea y en todo el mundo a unirse en oraci\u00f3n por lo siguiente:<\/em><\/p>\n<ol class=\"wp-block-list\" start=\"1\">\n<li><strong><em>Orar porque Dios ponga un r\u00e1pido fin a este conflicto <\/em><\/strong><em>y que la gente de Pakist\u00e1n e India encuentre paz y calma en su coraz\u00f3n.<\/em><\/li>\n<li><strong><em>Oren en favor de nuestros miembros adventistas del s\u00e9ptimo d\u00eda que viven en esa regi\u00f3n <\/em><\/strong><em>, porque puedan aferrarse firmemente a su fe y sean protegidos de todo da\u00f1o y peligro. Que Dios los conforte y quiera rodearlos con su divina protecci\u00f3n.<\/em><\/li>\n<li><strong><em>Por favor recuerden en sus oraciones a los misioneros que prestan sus servicios en esta regi\u00f3n<\/em><\/strong><em>, a los pastores y los empleados en nuestras instituciones y a los estudiantes que asisten a nuestras escuelas, porque puedan estar seguros bajo el cuidado de Dios.<\/em><\/li>\n<\/ol>\n<p><em>Ahora es el tiempo para elevar nuestras oraciones colectivas de manera que nuestro Se\u00f1or Jesucristo, el Pr\u00edncipe de Paz, pueda mover el coraz\u00f3n de los dirigentes de ambas naciones y abra el camino para una real reconciliaci\u00f3n y una paz duradera.<\/em><\/p>\n<p><em>Creo con todo mi coraz\u00f3n que sus oraciones unidas llegar\u00e1n a ser un poderoso instrumento en favor de la milagrosa obra de Dios en esta regi\u00f3n. Una vez m\u00e1s, pido sinceramente a nuestra familia adventista mundial que ore fervientemente por esta cr\u00edtica situaci\u00f3n.<\/em><\/p>\n<p><em>Gracias.<\/em><\/p>\n<p><em>Sinceramente,<\/em><\/p>\n<p><em>Kim YoHan<\/em><\/p>\n<p><em>Presidente de la Divisi\u00f3n Asia-Pac\u00edfico Norte<\/em><\/p>\n<p><em>La <\/em><a href=\"https:\/\/www.nsdadventist.org\/nsd-mobilizes-emergency-response-amid-india-pakistan-conflict\/\" target=\"_blank\" rel=\"noopener\"><em>versi\u00f3n original<\/em><\/a><em> de este comunicado la public\u00f3 la Divisi\u00f3n Asia-Pac\u00edfico Norte en su<\/em><a href=\"https:\/\/www.nsdadventist.org\/\" target=\"_blank\" rel=\"noopener\"><em>sitio de noticias<\/em><\/a><em>.<\/em><\/p>\n<p>Traducci\u00f3n \u2013 Gloria A. Castrej\u00f3n<\/p>\n","protected":false},"excerpt":{"rendered":"<p>Presidente regional de la iglesia pide a los miembros en todo el mundo orar por la paz. 12 de mayo de 2025 | Divisi\u00f3n Asia-Pac\u00edfico Norte y Adventist Review Mientras&#8230;<\/p>\n","protected":false},"author":3,"featured_media":128406,"comment_status":"closed","ping_status":"closed","sticky":false,"template":"","format":"standard","meta":{"_acf_changed":false,"footnotes":""},"categories":[14,15],"tags":[],"class_list":["post-128416","post","type-post","status-publish","format-standard","has-post-thumbnail","hentry","category-de-la-iglesia-mundial","category-rss-espanol"],"acf":[],"yoast_head":"<!-- This site is optimized with the Yoast SEO plugin v27.3 - https:\/\/yoast.com\/product\/yoast-seo-wordpress\/ -->\n<title>Se activa respuesta de emergencia en medio de conflicto entre india y Pakist\u00e1n - Iglesia Adventista del S\u00e9ptimo D\u00eda - Divisi\u00f3n Interamericana<\/title>\n<meta name=\"robots\" content=\"index, follow, max-snippet:-1, max-image-preview:large, max-video-preview:-1\" \/>\n<link rel=\"canonical\" href=\"https:\/\/interamerica.org\/es\/2025\/05\/se-activa-respuesta-de-emergencia-en-medio-de-conflicto-entre-india-y-pakistan\/\" \/>\n<meta property=\"og:locale\" content=\"es_ES\" \/>\n<meta property=\"og:type\" content=\"article\" \/>\n<meta property=\"og:title\" content=\"Se activa respuesta de emergencia en medio de conflicto entre india y Pakist\u00e1n - Iglesia Adventista del S\u00e9ptimo D\u00eda - Divisi\u00f3n Interamericana\" \/>\n<meta property=\"og:description\" content=\"Presidente regional de la iglesia pide a los miembros en todo el mundo orar por la paz. 12 de mayo de 2025 | Divisi\u00f3n Asia-Pac\u00edfico Norte y Adventist Review Mientras...\" \/>\n<meta property=\"og:url\" content=\"https:\/\/interamerica.org\/es\/2025\/05\/se-activa-respuesta-de-emergencia-en-medio-de-conflicto-entre-india-y-pakistan\/\" \/>\n<meta property=\"og:site_name\" content=\"Iglesia Adventista del S\u00e9ptimo D\u00eda - Divisi\u00f3n Interamericana\" \/>\n<meta property=\"article:published_time\" content=\"2025-05-14T03:59:14+00:00\" \/>\n<meta property=\"article:modified_time\" content=\"2025-05-14T13:59:28+00:00\" \/>\n<meta property=\"og:image\" content=\"https:\/\/interamerica.org\/wp-content\/uploads\/2025\/05\/nsd-2-2.jpg\" \/>\n\t<meta property=\"og:image:width\" content=\"1920\" \/>\n\t<meta property=\"og:image:height\" content=\"1080\" \/>\n\t<meta property=\"og:image:type\" content=\"image\/jpeg\" \/>\n<meta name=\"author\" content=\"libna\" \/>\n<meta name=\"twitter:card\" content=\"summary_large_image\" \/>\n<meta name=\"twitter:label1\" content=\"Escrito por\" \/>\n\t<meta name=\"twitter:data1\" content=\"libna\" \/>\n\t<meta name=\"twitter:label2\" content=\"Tiempo de lectura\" \/>\n\t<meta name=\"twitter:data2\" content=\"6 minutos\" \/>\n<script type=\"application\/ld+json\" class=\"yoast-schema-graph\">{\"@context\":\"https:\\\/\\\/schema.org\",\"@graph\":[{\"@type\":\"Article\",\"@id\":\"https:\\\/\\\/interamerica.org\\\/es\\\/2025\\\/05\\\/se-activa-respuesta-de-emergencia-en-medio-de-conflicto-entre-india-y-pakistan\\\/#article\",\"isPartOf\":{\"@id\":\"https:\\\/\\\/interamerica.org\\\/es\\\/2025\\\/05\\\/se-activa-respuesta-de-emergencia-en-medio-de-conflicto-entre-india-y-pakistan\\\/\"},\"author\":{\"name\":\"libna\",\"@id\":\"https:\\\/\\\/interamerica.org\\\/es\\\/#\\\/schema\\\/person\\\/29998f2bc2d8bd0d38662909289b54f1\"},\"headline\":\"Se activa respuesta de emergencia en medio de conflicto entre india y Pakist\u00e1n\",\"datePublished\":\"2025-05-14T03:59:14+00:00\",\"dateModified\":\"2025-05-14T13:59:28+00:00\",\"mainEntityOfPage\":{\"@id\":\"https:\\\/\\\/interamerica.org\\\/es\\\/2025\\\/05\\\/se-activa-respuesta-de-emergencia-en-medio-de-conflicto-entre-india-y-pakistan\\\/\"},\"wordCount\":1287,\"image\":{\"@id\":\"https:\\\/\\\/interamerica.org\\\/es\\\/2025\\\/05\\\/se-activa-respuesta-de-emergencia-en-medio-de-conflicto-entre-india-y-pakistan\\\/#primaryimage\"},\"thumbnailUrl\":\"https:\\\/\\\/interamerica.org\\\/wp-content\\\/uploads\\\/2025\\\/05\\\/nsd-2-2.jpg\",\"articleSection\":[\"Desde la iglesia mundial\",\"RSS Espa\u00f1ol\"],\"inLanguage\":\"es\"},{\"@type\":\"WebPage\",\"@id\":\"https:\\\/\\\/interamerica.org\\\/es\\\/2025\\\/05\\\/se-activa-respuesta-de-emergencia-en-medio-de-conflicto-entre-india-y-pakistan\\\/\",\"url\":\"https:\\\/\\\/interamerica.org\\\/es\\\/2025\\\/05\\\/se-activa-respuesta-de-emergencia-en-medio-de-conflicto-entre-india-y-pakistan\\\/\",\"name\":\"Se activa respuesta de emergencia en medio de conflicto entre india y Pakist\u00e1n - Iglesia Adventista del S\u00e9ptimo D\u00eda - Divisi\u00f3n Interamericana\",\"isPartOf\":{\"@id\":\"https:\\\/\\\/interamerica.org\\\/es\\\/#website\"},\"primaryImageOfPage\":{\"@id\":\"https:\\\/\\\/interamerica.org\\\/es\\\/2025\\\/05\\\/se-activa-respuesta-de-emergencia-en-medio-de-conflicto-entre-india-y-pakistan\\\/#primaryimage\"},\"image\":{\"@id\":\"https:\\\/\\\/interamerica.org\\\/es\\\/2025\\\/05\\\/se-activa-respuesta-de-emergencia-en-medio-de-conflicto-entre-india-y-pakistan\\\/#primaryimage\"},\"thumbnailUrl\":\"https:\\\/\\\/interamerica.org\\\/wp-content\\\/uploads\\\/2025\\\/05\\\/nsd-2-2.jpg\",\"datePublished\":\"2025-05-14T03:59:14+00:00\",\"dateModified\":\"2025-05-14T13:59:28+00:00\",\"author\":{\"@id\":\"https:\\\/\\\/interamerica.org\\\/es\\\/#\\\/schema\\\/person\\\/29998f2bc2d8bd0d38662909289b54f1\"},\"breadcrumb\":{\"@id\":\"https:\\\/\\\/interamerica.org\\\/es\\\/2025\\\/05\\\/se-activa-respuesta-de-emergencia-en-medio-de-conflicto-entre-india-y-pakistan\\\/#breadcrumb\"},\"inLanguage\":\"es\",\"potentialAction\":[{\"@type\":\"ReadAction\",\"target\":[\"https:\\\/\\\/interamerica.org\\\/es\\\/2025\\\/05\\\/se-activa-respuesta-de-emergencia-en-medio-de-conflicto-entre-india-y-pakistan\\\/\"]}]},{\"@type\":\"ImageObject\",\"inLanguage\":\"es\",\"@id\":\"https:\\\/\\\/interamerica.org\\\/es\\\/2025\\\/05\\\/se-activa-respuesta-de-emergencia-en-medio-de-conflicto-entre-india-y-pakistan\\\/#primaryimage\",\"url\":\"https:\\\/\\\/interamerica.org\\\/wp-content\\\/uploads\\\/2025\\\/05\\\/nsd-2-2.jpg\",\"contentUrl\":\"https:\\\/\\\/interamerica.org\\\/wp-content\\\/uploads\\\/2025\\\/05\\\/nsd-2-2.jpg\",\"width\":1920,\"height\":1080,\"caption\":\"Headquarters of the Northern Asia-Pacific Division in South Korea. [Photo: Northern Asia-Pacific Division]\"},{\"@type\":\"BreadcrumbList\",\"@id\":\"https:\\\/\\\/interamerica.org\\\/es\\\/2025\\\/05\\\/se-activa-respuesta-de-emergencia-en-medio-de-conflicto-entre-india-y-pakistan\\\/#breadcrumb\",\"itemListElement\":[{\"@type\":\"ListItem\",\"position\":1,\"name\":\"Home\",\"item\":\"https:\\\/\\\/interamerica.org\\\/es\\\/\"},{\"@type\":\"ListItem\",\"position\":2,\"name\":\"Se activa respuesta de emergencia en medio de conflicto entre india y Pakist\u00e1n\"}]},{\"@type\":\"WebSite\",\"@id\":\"https:\\\/\\\/interamerica.org\\\/es\\\/#website\",\"url\":\"https:\\\/\\\/interamerica.org\\\/es\\\/\",\"name\":\"Iglesia Adventista del S\u00e9ptimo D\u00eda - Divisi\u00f3n Interamericana\",\"description\":\"\",\"potentialAction\":[{\"@type\":\"SearchAction\",\"target\":{\"@type\":\"EntryPoint\",\"urlTemplate\":\"https:\\\/\\\/interamerica.org\\\/es\\\/?s={search_term_string}\"},\"query-input\":{\"@type\":\"PropertyValueSpecification\",\"valueRequired\":true,\"valueName\":\"search_term_string\"}}],\"inLanguage\":\"es\"},{\"@type\":\"Person\",\"@id\":\"https:\\\/\\\/interamerica.org\\\/es\\\/#\\\/schema\\\/person\\\/29998f2bc2d8bd0d38662909289b54f1\",\"name\":\"libna\",\"image\":{\"@type\":\"ImageObject\",\"inLanguage\":\"es\",\"@id\":\"https:\\\/\\\/secure.gravatar.com\\\/avatar\\\/7c5bd30ae4b47a9ba3c856590957fd1d96dc588bf3ac05719d247e126840331f?s=96&d=mm&r=g\",\"url\":\"https:\\\/\\\/secure.gravatar.com\\\/avatar\\\/7c5bd30ae4b47a9ba3c856590957fd1d96dc588bf3ac05719d247e126840331f?s=96&d=mm&r=g\",\"contentUrl\":\"https:\\\/\\\/secure.gravatar.com\\\/avatar\\\/7c5bd30ae4b47a9ba3c856590957fd1d96dc588bf3ac05719d247e126840331f?s=96&d=mm&r=g\",\"caption\":\"libna\"}}]}<\/script>\n<!-- \/ Yoast SEO plugin. -->","yoast_head_json":{"title":"Se activa respuesta de emergencia en medio de conflicto entre india y Pakist\u00e1n - Iglesia Adventista del S\u00e9ptimo D\u00eda - Divisi\u00f3n Interamericana","robots":{"index":"index","follow":"follow","max-snippet":"max-snippet:-1","max-image-preview":"max-image-preview:large","max-video-preview":"max-video-preview:-1"},"canonical":"https:\/\/interamerica.org\/es\/2025\/05\/se-activa-respuesta-de-emergencia-en-medio-de-conflicto-entre-india-y-pakistan\/","og_locale":"es_ES","og_type":"article","og_title":"Se activa respuesta de emergencia en medio de conflicto entre india y Pakist\u00e1n - Iglesia Adventista del S\u00e9ptimo D\u00eda - Divisi\u00f3n Interamericana","og_description":"Presidente regional de la iglesia pide a los miembros en todo el mundo orar por la paz. 12 de mayo de 2025 | Divisi\u00f3n Asia-Pac\u00edfico Norte y Adventist Review Mientras...","og_url":"https:\/\/interamerica.org\/es\/2025\/05\/se-activa-respuesta-de-emergencia-en-medio-de-conflicto-entre-india-y-pakistan\/","og_site_name":"Iglesia Adventista del S\u00e9ptimo D\u00eda - Divisi\u00f3n Interamericana","article_published_time":"2025-05-14T03:59:14+00:00","article_modified_time":"2025-05-14T13:59:28+00:00","og_image":[{"width":1920,"height":1080,"url":"https:\/\/interamerica.org\/wp-content\/uploads\/2025\/05\/nsd-2-2.jpg","type":"image\/jpeg"}],"author":"libna","twitter_card":"summary_large_image","twitter_misc":{"Escrito por":"libna","Tiempo de lectura":"6 minutos"},"schema":{"@context":"https:\/\/schema.org","@graph":[{"@type":"Article","@id":"https:\/\/interamerica.org\/es\/2025\/05\/se-activa-respuesta-de-emergencia-en-medio-de-conflicto-entre-india-y-pakistan\/#article","isPartOf":{"@id":"https:\/\/interamerica.org\/es\/2025\/05\/se-activa-respuesta-de-emergencia-en-medio-de-conflicto-entre-india-y-pakistan\/"},"author":{"name":"libna","@id":"https:\/\/interamerica.org\/es\/#\/schema\/person\/29998f2bc2d8bd0d38662909289b54f1"},"headline":"Se activa respuesta de emergencia en medio de conflicto entre india y Pakist\u00e1n","datePublished":"2025-05-14T03:59:14+00:00","dateModified":"2025-05-14T13:59:28+00:00","mainEntityOfPage":{"@id":"https:\/\/interamerica.org\/es\/2025\/05\/se-activa-respuesta-de-emergencia-en-medio-de-conflicto-entre-india-y-pakistan\/"},"wordCount":1287,"image":{"@id":"https:\/\/interamerica.org\/es\/2025\/05\/se-activa-respuesta-de-emergencia-en-medio-de-conflicto-entre-india-y-pakistan\/#primaryimage"},"thumbnailUrl":"https:\/\/interamerica.org\/wp-content\/uploads\/2025\/05\/nsd-2-2.jpg","articleSection":["Desde la iglesia mundial","RSS Espa\u00f1ol"],"inLanguage":"es"},{"@type":"WebPage","@id":"https:\/\/interamerica.org\/es\/2025\/05\/se-activa-respuesta-de-emergencia-en-medio-de-conflicto-entre-india-y-pakistan\/","url":"https:\/\/interamerica.org\/es\/2025\/05\/se-activa-respuesta-de-emergencia-en-medio-de-conflicto-entre-india-y-pakistan\/","name":"Se activa respuesta de emergencia en medio de conflicto entre india y Pakist\u00e1n - Iglesia Adventista del S\u00e9ptimo D\u00eda - Divisi\u00f3n Interamericana","isPartOf":{"@id":"https:\/\/interamerica.org\/es\/#website"},"primaryImageOfPage":{"@id":"https:\/\/interamerica.org\/es\/2025\/05\/se-activa-respuesta-de-emergencia-en-medio-de-conflicto-entre-india-y-pakistan\/#primaryimage"},"image":{"@id":"https:\/\/interamerica.org\/es\/2025\/05\/se-activa-respuesta-de-emergencia-en-medio-de-conflicto-entre-india-y-pakistan\/#primaryimage"},"thumbnailUrl":"https:\/\/interamerica.org\/wp-content\/uploads\/2025\/05\/nsd-2-2.jpg","datePublished":"2025-05-14T03:59:14+00:00","dateModified":"2025-05-14T13:59:28+00:00","author":{"@id":"https:\/\/interamerica.org\/es\/#\/schema\/person\/29998f2bc2d8bd0d38662909289b54f1"},"breadcrumb":{"@id":"https:\/\/interamerica.org\/es\/2025\/05\/se-activa-respuesta-de-emergencia-en-medio-de-conflicto-entre-india-y-pakistan\/#breadcrumb"},"inLanguage":"es","potentialAction":[{"@type":"ReadAction","target":["https:\/\/interamerica.org\/es\/2025\/05\/se-activa-respuesta-de-emergencia-en-medio-de-conflicto-entre-india-y-pakistan\/"]}]},{"@type":"ImageObject","inLanguage":"es","@id":"https:\/\/interamerica.org\/es\/2025\/05\/se-activa-respuesta-de-emergencia-en-medio-de-conflicto-entre-india-y-pakistan\/#primaryimage","url":"https:\/\/interamerica.org\/wp-content\/uploads\/2025\/05\/nsd-2-2.jpg","contentUrl":"https:\/\/interamerica.org\/wp-content\/uploads\/2025\/05\/nsd-2-2.jpg","width":1920,"height":1080,"caption":"Headquarters of the Northern Asia-Pacific Division in South Korea. [Photo: Northern Asia-Pacific Division]"},{"@type":"BreadcrumbList","@id":"https:\/\/interamerica.org\/es\/2025\/05\/se-activa-respuesta-de-emergencia-en-medio-de-conflicto-entre-india-y-pakistan\/#breadcrumb","itemListElement":[{"@type":"ListItem","position":1,"name":"Home","item":"https:\/\/interamerica.org\/es\/"},{"@type":"ListItem","position":2,"name":"Se activa respuesta de emergencia en medio de conflicto entre india y Pakist\u00e1n"}]},{"@type":"WebSite","@id":"https:\/\/interamerica.org\/es\/#website","url":"https:\/\/interamerica.org\/es\/","name":"Iglesia Adventista del S\u00e9ptimo D\u00eda - Divisi\u00f3n Interamericana","description":"","potentialAction":[{"@type":"SearchAction","target":{"@type":"EntryPoint","urlTemplate":"https:\/\/interamerica.org\/es\/?s={search_term_string}"},"query-input":{"@type":"PropertyValueSpecification","valueRequired":true,"valueName":"search_term_string"}}],"inLanguage":"es"},{"@type":"Person","@id":"https:\/\/interamerica.org\/es\/#\/schema\/person\/29998f2bc2d8bd0d38662909289b54f1","name":"libna","image":{"@type":"ImageObject","inLanguage":"es","@id":"https:\/\/secure.gravatar.com\/avatar\/7c5bd30ae4b47a9ba3c856590957fd1d96dc588bf3ac05719d247e126840331f?s=96&d=mm&r=g","url":"https:\/\/secure.gravatar.com\/avatar\/7c5bd30ae4b47a9ba3c856590957fd1d96dc588bf3ac05719d247e126840331f?s=96&d=mm&r=g","contentUrl":"https:\/\/secure.gravatar.com\/avatar\/7c5bd30ae4b47a9ba3c856590957fd1d96dc588bf3ac05719d247e126840331f?s=96&d=mm&r=g","caption":"libna"}}]}},"_links":{"self":[{"href":"https:\/\/interamerica.org\/es\/wp-json\/wp\/v2\/posts\/128416","targetHints":{"allow":["GET"]}}],"collection":[{"href":"https:\/\/interamerica.org\/es\/wp-json\/wp\/v2\/posts"}],"about":[{"href":"https:\/\/interamerica.org\/es\/wp-json\/wp\/v2\/types\/post"}],"author":[{"embeddable":true,"href":"https:\/\/interamerica.org\/es\/wp-json\/wp\/v2\/users\/3"}],"replies":[{"embeddable":true,"href":"https:\/\/interamerica.org\/es\/wp-json\/wp\/v2\/comments?post=128416"}],"version-history":[{"count":0,"href":"https:\/\/interamerica.org\/es\/wp-json\/wp\/v2\/posts\/128416\/revisions"}],"wp:featuredmedia":[{"embeddable":true,"href":"https:\/\/interamerica.org\/es\/wp-json\/wp\/v2\/media\/128406"}],"wp:attachment":[{"href":"https:\/\/interamerica.org\/es\/wp-json\/wp\/v2\/media?parent=128416"}],"wp:term":[{"taxonomy":"category","embeddable":true,"href":"https:\/\/interamerica.org\/es\/wp-json\/wp\/v2\/categories?post=128416"},{"taxonomy":"post_tag","embeddable":true,"href":"https:\/\/interamerica.org\/es\/wp-json\/wp\/v2\/tags?post=128416"}],"curies":[{"name":"wp","href":"https:\/\/api.w.org\/{rel}","templated":true}]}}