{"id":128915,"date":"2025-05-28T22:12:46","date_gmt":"2025-05-29T02:12:46","guid":{"rendered":"https:\/\/interamerica.org\/?p=128915"},"modified":"2025-05-29T11:13:57","modified_gmt":"2025-05-29T15:13:57","slug":"culto-especial-destaca-el-legado-de-la-educacion-adventista-en-dominica-antes-de-la-visita-del-presidente-de-la-asociacion-general","status":"publish","type":"post","link":"https:\/\/interamerica.org\/es\/2025\/05\/culto-especial-destaca-el-legado-de-la-educacion-adventista-en-dominica-antes-de-la-visita-del-presidente-de-la-asociacion-general\/","title":{"rendered":"Culto especial destaca el legado de la educaci\u00f3n adventista en Dominica antes de la visita del presidente de la Asociaci\u00f3n General"},"content":{"rendered":"<p><div id=\"attachment_128896\" style=\"width: 1010px\" class=\"wp-caption aligncenter\"><img fetchpriority=\"high\" decoding=\"async\" aria-describedby=\"caption-attachment-128896\" class=\"size-full wp-image-128894\" src=\"https:\/\/interamerica.org\/wp-content\/uploads\/2025\/05\/ebenezer-school-kids-dominica.jpg\" alt=\"\" width=\"1000\" height=\"672\" srcset=\"https:\/\/interamerica.org\/wp-content\/uploads\/2025\/05\/ebenezer-school-kids-dominica.jpg 1000w, https:\/\/interamerica.org\/wp-content\/uploads\/2025\/05\/ebenezer-school-kids-dominica-300x202.jpg 300w, https:\/\/interamerica.org\/wp-content\/uploads\/2025\/05\/ebenezer-school-kids-dominica-768x516.jpg 768w\" sizes=\"(max-width: 1000px) 100vw, 1000px\" \/><p id=\"caption-attachment-128896\" class=\"wp-caption-text\">Los estudiantes de la Escuela Adventista del S\u00e9ptimo D\u00eda Ebenezer dramatizan una historia b\u00edblica durante un programa especial el 23 de mayo de 2025 en la Iglesia Adventista Roseau en Dominica, celebrado para los l\u00edderes y educadores de la iglesia antes de la visita del presidente de la Asociaci\u00f3n General. [Fotograf\u00eda: Medios de la Asociaci\u00f3n del Caribe Oriental]<\/p><\/div><em> Los l\u00edderes de la iglesia regional reflexionan sobre el papel de la educaci\u00f3n en el discipulado y la construcci\u00f3n de la naci\u00f3n.<\/em><\/p>\n<p>28 de mayo de 2025 | Roseau, Dominica | Jeannette Barry y Noticias de la Divisi\u00f3n Interamericana<\/p>\n<p>Solo unas horas antes de la llegada del presidente de la Asociaci\u00f3n General, el pastor Ted N. C. Wilson, a la isla caribe\u00f1a de Dominica el 23 de mayo de 2025, la Dra. Faye Patterson, directora de educaci\u00f3n de la Divisi\u00f3n Interamericana, se reuni\u00f3 con maestros y estudiantes de la Escuela Primaria Adventista Ebenezer. Juntos, celebraron un culto especial de adoraci\u00f3n y dedicaci\u00f3n en la iglesia adventista de Roseau.<\/p>\n<p>La reuni\u00f3n de la ma\u00f1ana sirvi\u00f3 como pr\u00f3logo espiritual a un fin de semana de eventos centrados en la misi\u00f3n que enfatizaron el papel de la educaci\u00f3n adventista en el discipulado y la construcci\u00f3n de la naci\u00f3n, dijeron los l\u00edderes de la iglesia local. Bajo el lema \u201cDiscipulado en acci\u00f3n: avanzar la misi\u00f3n mediante la educaci\u00f3n\u201d, los l\u00edderes de la iglesia destacaron la importancia de comenzar con oraci\u00f3n, alabanza y un prop\u00f3sito renovado.<\/p>\n<p><div id=\"attachment_128902\" style=\"width: 1003px\" class=\"wp-caption aligncenter\"><img decoding=\"async\" aria-describedby=\"caption-attachment-128902\" class=\" wp-image-128900\" src=\"https:\/\/interamerica.org\/wp-content\/uploads\/2025\/05\/faye-patterson-dominica.jpg\" alt=\"\" width=\"993\" height=\"662\" srcset=\"https:\/\/interamerica.org\/wp-content\/uploads\/2025\/05\/faye-patterson-dominica.jpg 1000w, https:\/\/interamerica.org\/wp-content\/uploads\/2025\/05\/faye-patterson-dominica-300x200.jpg 300w, https:\/\/interamerica.org\/wp-content\/uploads\/2025\/05\/faye-patterson-dominica-768x512.jpg 768w\" sizes=\"(max-width: 993px) 100vw, 993px\" \/><p id=\"caption-attachment-128902\" class=\"wp-caption-text\">La Dra. Faye Patterson, directora de educaci\u00f3n de la Divisi\u00f3n Interamericana, enfatiza el papel de las escuelas adventistas en Dominica como centros vitales para la misi\u00f3n, el discipulado y el mejoramiento de la comunidad, mientras se dirige a los l\u00edderes de la iglesia, educadores y estudiantes en Roseau, Dominica, el 23 de mayo de 2025. [Fotograf\u00eda: Medios de la Asociaci\u00f3n del Caribe Oriental]<\/p><\/div>\u201cNuestras escuelas han enfrentado muchos desaf\u00edos, y parte de lo que estamos experimentando en Dominica refleja una necesidad m\u00e1s profunda\u201d, dijo Patterson al cuerpo escolar al comienzo del culto. \u201cTenemos que asegurarnos de que nuestra escuela se convierta en un centro de misi\u00f3n y discipulado\u201d.<\/p>\n<p>Adem\u00e1s de Patterson, otros l\u00edderes regionales de la iglesia asistieron al culto especial, lo que incluy\u00f3 al director de la Escuela Sab\u00e1tica de la Divisi\u00f3n Interamericana, el Dr. Samuel Telemaque, nativo de Dominica; el presidente de la Uni\u00f3n Asociaci\u00f3n del Caribe, el Dr. Kern Tobias, y otros representantes de la uni\u00f3n, la asociaci\u00f3n y la isla.<\/p>\n<p><strong>Un faro en la isla<\/strong><\/p>\n<p>Seg\u00fan las estad\u00edsticas del gobierno, el Commonwealth de Dominica administra 53 escuelas primarias, incluidas cinco instituciones p\u00fablicas y cinco privadas. Entre ellas hay tres escuelas primarias adventistas y una escuela secundaria adventista, que en conjunto atienden a m\u00e1s de 600 estudiantes. Con el aumento constante de la matr\u00edcula, el crecimiento refleja un creciente deseo de educaci\u00f3n basado en la fe en toda la isla, dijeron los l\u00edderes de la iglesia.<\/p>\n<p><div id=\"attachment_128906\" style=\"width: 1010px\" class=\"wp-caption aligncenter\"><img decoding=\"async\" aria-describedby=\"caption-attachment-128906\" class=\"size-full wp-image-128904\" src=\"https:\/\/interamerica.org\/wp-content\/uploads\/2025\/05\/kerntobias-dominica-school.jpg\" alt=\"\" width=\"1000\" height=\"667\" srcset=\"https:\/\/interamerica.org\/wp-content\/uploads\/2025\/05\/kerntobias-dominica-school.jpg 1000w, https:\/\/interamerica.org\/wp-content\/uploads\/2025\/05\/kerntobias-dominica-school-300x200.jpg 300w, https:\/\/interamerica.org\/wp-content\/uploads\/2025\/05\/kerntobias-dominica-school-768x512.jpg 768w\" sizes=\"(max-width: 1000px) 100vw, 1000px\" \/><p id=\"caption-attachment-128906\" class=\"wp-caption-text\">El Dr. Kern Tobias, presidente de la Uni\u00f3n Asociaci\u00f3n del Caribe, se dirige a los estudiantes durante un programa especial el pasado 23 de mayo de 2025 en Roseau, Dominica. [Fotograf\u00eda: Medios de la Asociaci\u00f3n del Caribe Oriental]<\/p><\/div>La Escuela Primaria Adventista Ebenezer comenz\u00f3 a funcionar en 1976. Desde sus inicios, la instituci\u00f3n ha funcionado en el s\u00f3tano de la iglesia adventista de Roseau, brindando educaci\u00f3n a estudiantes desde el jard\u00edn de infantes hasta el sexto grado. Con una matr\u00edcula de 228 estudiantes, la escuela ha tenido que alquilar aulas adicionales para satisfacer la demanda. Ahora, con el apoyo de la Ofrenda del Decimotercer S\u00e1bado de la iglesia mundial y otros donantes, se planea edificar un nuevo edificio escolar que albergar\u00e1 a todos los estudiantes en un solo lugar, informaron los l\u00edderes de la iglesia. \u201cLas nuevas instalaciones tienen como objetivo proporcionar recursos de \u00faltima generaci\u00f3n, lo que refleja el compromiso de la escuela de brindar una educaci\u00f3n cristiana de calidad en Dominica\u201d, dijeron.<\/p>\n<p><strong>Preparativos para la visita del presidente<\/strong><\/p>\n<p>La directora de la escuela, Ursula Leslie, expres\u00f3 gratitud y determinaci\u00f3n horas antes de la llegada del pastor Wilson. \u201cEsto es m\u00e1s que un proyecto de construcci\u00f3n; es una respuesta impulsada por la misi\u00f3n a una necesidad creciente\u201d, dijo a los asistentes al culto matutino. \u201cNos estamos preparando con esp\u00edritu de oraci\u00f3n para recibir al l\u00edder de la iglesia mundial y para demostrar nuestro compromiso inquebrantable con la educaci\u00f3n adventista\u201d.<\/p>\n<p><div id=\"attachment_128893\" style=\"width: 1010px\" class=\"wp-caption aligncenter\"><img loading=\"lazy\" decoding=\"async\" aria-describedby=\"caption-attachment-128893\" class=\"size-full wp-image-128891\" src=\"https:\/\/interamerica.org\/wp-content\/uploads\/2025\/05\/dominica-school-ebenezer.jpg\" alt=\"\" width=\"1000\" height=\"674\" srcset=\"https:\/\/interamerica.org\/wp-content\/uploads\/2025\/05\/dominica-school-ebenezer.jpg 1000w, https:\/\/interamerica.org\/wp-content\/uploads\/2025\/05\/dominica-school-ebenezer-300x202.jpg 300w, https:\/\/interamerica.org\/wp-content\/uploads\/2025\/05\/dominica-school-ebenezer-768x518.jpg 768w\" sizes=\"(max-width: 1000px) 100vw, 1000px\" \/><p id=\"caption-attachment-128893\" class=\"wp-caption-text\">La directora de la escuela, Ursula Leslie (quinta desde la izquierda en la primera fila) junto a los maestros y el personal de la Escuela Primaria Adventista Ebenezer, durante el programa especial del 23 de mayo de 2025. [Fotograf\u00eda: Medios de la Asociaci\u00f3n del Caribe Oriental]<\/p><\/div>La visi\u00f3n de la educaci\u00f3n adventista en Dominica comenz\u00f3 con pioneros como Arthur Waldron, quien reconoci\u00f3 la importancia de fomentar el desarrollo espiritual y acad\u00e9mico de los j\u00f3venes. Inspirados por la fe y la pasi\u00f3n por elevar a la comunidad, Waldron y otros l\u00edderes pioneros sentaron las bases de lo que se convertir\u00eda en un pilar clave de la misi\u00f3n de la iglesia en Dominica.<\/p>\n<p>La iglesia local y los l\u00edderes educativos creen que la visi\u00f3n de los pioneros perdura. \u201cHoy d\u00eda, la Iglesia Adventista contin\u00faa defendiendo un sistema educativo din\u00e1mico que est\u00e1 moldeando generaciones de estudiantes mediante una instrucci\u00f3n basada en valores y un fuerte \u00e9nfasis en el servicio\u201d, dijeron.<\/p>\n<p><div id=\"attachment_128899\" style=\"width: 1034px\" class=\"wp-caption aligncenter\"><img loading=\"lazy\" decoding=\"async\" aria-describedby=\"caption-attachment-128899\" class=\"size-large wp-image-128897\" src=\"https:\/\/interamerica.org\/wp-content\/uploads\/2025\/05\/rosea-church-ebenezer-1024x576.jpg\" alt=\"\" width=\"1024\" height=\"576\" srcset=\"https:\/\/interamerica.org\/wp-content\/uploads\/2025\/05\/rosea-church-ebenezer-1024x576.jpg 1024w, https:\/\/interamerica.org\/wp-content\/uploads\/2025\/05\/rosea-church-ebenezer-300x169.jpg 300w, https:\/\/interamerica.org\/wp-content\/uploads\/2025\/05\/rosea-church-ebenezer-768x432.jpg 768w, https:\/\/interamerica.org\/wp-content\/uploads\/2025\/05\/rosea-church-ebenezer.jpg 1200w\" sizes=\"(max-width: 1024px) 100vw, 1024px\" \/><p id=\"caption-attachment-128899\" class=\"wp-caption-text\">Iglesia adventista Roseau en Roseau, Dominica, sede de la Escuela Primaria Adventista Ebenezer. [Medios de la Asociaci\u00f3n del Caribe Oriental]<\/p><\/div><strong>Un legado espiritual y acad\u00e9mico<\/strong><\/p>\n<p>Aunque la mayor\u00eda de los estudiantes matriculados en la Escuela Adventista Ebenezer no son miembros de la Iglesia Adventista, la instituci\u00f3n sigue arraigada en su misi\u00f3n espiritual, informaron los l\u00edderes de la instituci\u00f3n. \u201cProgramas como la Semana de Oraci\u00f3n, los conciertos dirigidos por los estudiantes y el D\u00eda del Car\u00e1cter B\u00edblico ejemplifican el compromiso de la escuela de fomentar una relaci\u00f3n personal entre cada estudiante y Dios\u201d, dijeron.<\/p>\n<p>La escuela se ha ganado una reputaci\u00f3n de excelencia acad\u00e9mica e intencionalidad espiritual, informaron los l\u00edderes. \u201cCada a\u00f1o, cuando los estudiantes de mejor desempe\u00f1o son reconocidos en los medios locales, eso se convierte en un momento de gratitud y testimonio compartidos, un reconocimiento de la mano divina que gu\u00eda el \u00e9xito de la instituci\u00f3n\u201d, dijeron.<\/p>\n<p>Traducci\u00f3n de Marcos Paseggi<\/p>\n","protected":false},"excerpt":{"rendered":"<p>Los l\u00edderes de la iglesia regional reflexionan sobre el papel de la educaci\u00f3n en el discipulado y la construcci\u00f3n de la naci\u00f3n. 28 de mayo de 2025 | Roseau, Dominica&#8230;<\/p>\n","protected":false},"author":3,"featured_media":128896,"comment_status":"closed","ping_status":"closed","sticky":false,"template":"","format":"standard","meta":{"_acf_changed":false,"footnotes":""},"categories":[17,15],"tags":[],"class_list":["post-128915","post","type-post","status-publish","format-standard","has-post-thumbnail","hentry","category-desde-el-campo","category-rss-espanol"],"acf":[],"yoast_head":"<!-- This site is optimized with the Yoast SEO plugin v27.3 - https:\/\/yoast.com\/product\/yoast-seo-wordpress\/ -->\n<title>Culto especial destaca el legado de la educaci\u00f3n adventista en Dominica antes de la visita del presidente de la Asociaci\u00f3n General - Iglesia Adventista del S\u00e9ptimo D\u00eda - Divisi\u00f3n Interamericana<\/title>\n<meta name=\"robots\" content=\"index, follow, max-snippet:-1, max-image-preview:large, max-video-preview:-1\" \/>\n<link rel=\"canonical\" href=\"https:\/\/interamerica.org\/es\/2025\/05\/culto-especial-destaca-el-legado-de-la-educacion-adventista-en-dominica-antes-de-la-visita-del-presidente-de-la-asociacion-general\/\" \/>\n<meta property=\"og:locale\" content=\"es_ES\" \/>\n<meta property=\"og:type\" content=\"article\" \/>\n<meta property=\"og:title\" content=\"Culto especial destaca el legado de la educaci\u00f3n adventista en Dominica antes de la visita del presidente de la Asociaci\u00f3n General - Iglesia Adventista del S\u00e9ptimo D\u00eda - Divisi\u00f3n Interamericana\" \/>\n<meta property=\"og:description\" content=\"Los l\u00edderes de la iglesia regional reflexionan sobre el papel de la educaci\u00f3n en el discipulado y la construcci\u00f3n de la naci\u00f3n. 28 de mayo de 2025 | Roseau, Dominica...\" \/>\n<meta property=\"og:url\" content=\"https:\/\/interamerica.org\/es\/2025\/05\/culto-especial-destaca-el-legado-de-la-educacion-adventista-en-dominica-antes-de-la-visita-del-presidente-de-la-asociacion-general\/\" \/>\n<meta property=\"og:site_name\" content=\"Iglesia Adventista del S\u00e9ptimo D\u00eda - Divisi\u00f3n Interamericana\" \/>\n<meta property=\"article:published_time\" content=\"2025-05-29T02:12:46+00:00\" \/>\n<meta property=\"article:modified_time\" content=\"2025-05-29T15:13:57+00:00\" \/>\n<meta property=\"og:image\" content=\"https:\/\/interamerica.org\/wp-content\/uploads\/2025\/05\/ebenezer-school-kids-dominica.jpg\" \/>\n\t<meta property=\"og:image:width\" content=\"1000\" \/>\n\t<meta property=\"og:image:height\" content=\"672\" \/>\n\t<meta property=\"og:image:type\" content=\"image\/jpeg\" \/>\n<meta name=\"author\" content=\"libna\" \/>\n<meta name=\"twitter:card\" content=\"summary_large_image\" \/>\n<meta name=\"twitter:label1\" content=\"Escrito por\" \/>\n\t<meta name=\"twitter:data1\" content=\"libna\" \/>\n\t<meta name=\"twitter:label2\" content=\"Tiempo de lectura\" \/>\n\t<meta name=\"twitter:data2\" content=\"6 minutos\" \/>\n<script type=\"application\/ld+json\" class=\"yoast-schema-graph\">{\"@context\":\"https:\\\/\\\/schema.org\",\"@graph\":[{\"@type\":\"Article\",\"@id\":\"https:\\\/\\\/interamerica.org\\\/es\\\/2025\\\/05\\\/culto-especial-destaca-el-legado-de-la-educacion-adventista-en-dominica-antes-de-la-visita-del-presidente-de-la-asociacion-general\\\/#article\",\"isPartOf\":{\"@id\":\"https:\\\/\\\/interamerica.org\\\/es\\\/2025\\\/05\\\/culto-especial-destaca-el-legado-de-la-educacion-adventista-en-dominica-antes-de-la-visita-del-presidente-de-la-asociacion-general\\\/\"},\"author\":{\"name\":\"libna\",\"@id\":\"https:\\\/\\\/interamerica.org\\\/es\\\/#\\\/schema\\\/person\\\/29998f2bc2d8bd0d38662909289b54f1\"},\"headline\":\"Culto especial destaca el legado de la educaci\u00f3n adventista en Dominica antes de la visita del presidente de la Asociaci\u00f3n General\",\"datePublished\":\"2025-05-29T02:12:46+00:00\",\"dateModified\":\"2025-05-29T15:13:57+00:00\",\"mainEntityOfPage\":{\"@id\":\"https:\\\/\\\/interamerica.org\\\/es\\\/2025\\\/05\\\/culto-especial-destaca-el-legado-de-la-educacion-adventista-en-dominica-antes-de-la-visita-del-presidente-de-la-asociacion-general\\\/\"},\"wordCount\":1180,\"image\":{\"@id\":\"https:\\\/\\\/interamerica.org\\\/es\\\/2025\\\/05\\\/culto-especial-destaca-el-legado-de-la-educacion-adventista-en-dominica-antes-de-la-visita-del-presidente-de-la-asociacion-general\\\/#primaryimage\"},\"thumbnailUrl\":\"https:\\\/\\\/interamerica.org\\\/wp-content\\\/uploads\\\/2025\\\/05\\\/ebenezer-school-kids-dominica.jpg\",\"articleSection\":[\"Desde el campo\",\"RSS Espa\u00f1ol\"],\"inLanguage\":\"es\"},{\"@type\":\"WebPage\",\"@id\":\"https:\\\/\\\/interamerica.org\\\/es\\\/2025\\\/05\\\/culto-especial-destaca-el-legado-de-la-educacion-adventista-en-dominica-antes-de-la-visita-del-presidente-de-la-asociacion-general\\\/\",\"url\":\"https:\\\/\\\/interamerica.org\\\/es\\\/2025\\\/05\\\/culto-especial-destaca-el-legado-de-la-educacion-adventista-en-dominica-antes-de-la-visita-del-presidente-de-la-asociacion-general\\\/\",\"name\":\"Culto especial destaca el legado de la educaci\u00f3n adventista en Dominica antes de la visita del presidente de la Asociaci\u00f3n General - Iglesia Adventista del S\u00e9ptimo D\u00eda - Divisi\u00f3n Interamericana\",\"isPartOf\":{\"@id\":\"https:\\\/\\\/interamerica.org\\\/es\\\/#website\"},\"primaryImageOfPage\":{\"@id\":\"https:\\\/\\\/interamerica.org\\\/es\\\/2025\\\/05\\\/culto-especial-destaca-el-legado-de-la-educacion-adventista-en-dominica-antes-de-la-visita-del-presidente-de-la-asociacion-general\\\/#primaryimage\"},\"image\":{\"@id\":\"https:\\\/\\\/interamerica.org\\\/es\\\/2025\\\/05\\\/culto-especial-destaca-el-legado-de-la-educacion-adventista-en-dominica-antes-de-la-visita-del-presidente-de-la-asociacion-general\\\/#primaryimage\"},\"thumbnailUrl\":\"https:\\\/\\\/interamerica.org\\\/wp-content\\\/uploads\\\/2025\\\/05\\\/ebenezer-school-kids-dominica.jpg\",\"datePublished\":\"2025-05-29T02:12:46+00:00\",\"dateModified\":\"2025-05-29T15:13:57+00:00\",\"author\":{\"@id\":\"https:\\\/\\\/interamerica.org\\\/es\\\/#\\\/schema\\\/person\\\/29998f2bc2d8bd0d38662909289b54f1\"},\"breadcrumb\":{\"@id\":\"https:\\\/\\\/interamerica.org\\\/es\\\/2025\\\/05\\\/culto-especial-destaca-el-legado-de-la-educacion-adventista-en-dominica-antes-de-la-visita-del-presidente-de-la-asociacion-general\\\/#breadcrumb\"},\"inLanguage\":\"es\",\"potentialAction\":[{\"@type\":\"ReadAction\",\"target\":[\"https:\\\/\\\/interamerica.org\\\/es\\\/2025\\\/05\\\/culto-especial-destaca-el-legado-de-la-educacion-adventista-en-dominica-antes-de-la-visita-del-presidente-de-la-asociacion-general\\\/\"]}]},{\"@type\":\"ImageObject\",\"inLanguage\":\"es\",\"@id\":\"https:\\\/\\\/interamerica.org\\\/es\\\/2025\\\/05\\\/culto-especial-destaca-el-legado-de-la-educacion-adventista-en-dominica-antes-de-la-visita-del-presidente-de-la-asociacion-general\\\/#primaryimage\",\"url\":\"https:\\\/\\\/interamerica.org\\\/wp-content\\\/uploads\\\/2025\\\/05\\\/ebenezer-school-kids-dominica.jpg\",\"contentUrl\":\"https:\\\/\\\/interamerica.org\\\/wp-content\\\/uploads\\\/2025\\\/05\\\/ebenezer-school-kids-dominica.jpg\",\"width\":1000,\"height\":672,\"caption\":\"[Photo: East Caribbean Conference]\"},{\"@type\":\"BreadcrumbList\",\"@id\":\"https:\\\/\\\/interamerica.org\\\/es\\\/2025\\\/05\\\/culto-especial-destaca-el-legado-de-la-educacion-adventista-en-dominica-antes-de-la-visita-del-presidente-de-la-asociacion-general\\\/#breadcrumb\",\"itemListElement\":[{\"@type\":\"ListItem\",\"position\":1,\"name\":\"Home\",\"item\":\"https:\\\/\\\/interamerica.org\\\/es\\\/\"},{\"@type\":\"ListItem\",\"position\":2,\"name\":\"Culto especial destaca el legado de la educaci\u00f3n adventista en Dominica antes de la visita del presidente de la Asociaci\u00f3n General\"}]},{\"@type\":\"WebSite\",\"@id\":\"https:\\\/\\\/interamerica.org\\\/es\\\/#website\",\"url\":\"https:\\\/\\\/interamerica.org\\\/es\\\/\",\"name\":\"Iglesia Adventista del S\u00e9ptimo D\u00eda - Divisi\u00f3n Interamericana\",\"description\":\"\",\"potentialAction\":[{\"@type\":\"SearchAction\",\"target\":{\"@type\":\"EntryPoint\",\"urlTemplate\":\"https:\\\/\\\/interamerica.org\\\/es\\\/?s={search_term_string}\"},\"query-input\":{\"@type\":\"PropertyValueSpecification\",\"valueRequired\":true,\"valueName\":\"search_term_string\"}}],\"inLanguage\":\"es\"},{\"@type\":\"Person\",\"@id\":\"https:\\\/\\\/interamerica.org\\\/es\\\/#\\\/schema\\\/person\\\/29998f2bc2d8bd0d38662909289b54f1\",\"name\":\"libna\",\"image\":{\"@type\":\"ImageObject\",\"inLanguage\":\"es\",\"@id\":\"https:\\\/\\\/secure.gravatar.com\\\/avatar\\\/7c5bd30ae4b47a9ba3c856590957fd1d96dc588bf3ac05719d247e126840331f?s=96&d=mm&r=g\",\"url\":\"https:\\\/\\\/secure.gravatar.com\\\/avatar\\\/7c5bd30ae4b47a9ba3c856590957fd1d96dc588bf3ac05719d247e126840331f?s=96&d=mm&r=g\",\"contentUrl\":\"https:\\\/\\\/secure.gravatar.com\\\/avatar\\\/7c5bd30ae4b47a9ba3c856590957fd1d96dc588bf3ac05719d247e126840331f?s=96&d=mm&r=g\",\"caption\":\"libna\"}}]}<\/script>\n<!-- \/ Yoast SEO plugin. -->","yoast_head_json":{"title":"Culto especial destaca el legado de la educaci\u00f3n adventista en Dominica antes de la visita del presidente de la Asociaci\u00f3n General - Iglesia Adventista del S\u00e9ptimo D\u00eda - Divisi\u00f3n Interamericana","robots":{"index":"index","follow":"follow","max-snippet":"max-snippet:-1","max-image-preview":"max-image-preview:large","max-video-preview":"max-video-preview:-1"},"canonical":"https:\/\/interamerica.org\/es\/2025\/05\/culto-especial-destaca-el-legado-de-la-educacion-adventista-en-dominica-antes-de-la-visita-del-presidente-de-la-asociacion-general\/","og_locale":"es_ES","og_type":"article","og_title":"Culto especial destaca el legado de la educaci\u00f3n adventista en Dominica antes de la visita del presidente de la Asociaci\u00f3n General - Iglesia Adventista del S\u00e9ptimo D\u00eda - Divisi\u00f3n Interamericana","og_description":"Los l\u00edderes de la iglesia regional reflexionan sobre el papel de la educaci\u00f3n en el discipulado y la construcci\u00f3n de la naci\u00f3n. 28 de mayo de 2025 | Roseau, Dominica...","og_url":"https:\/\/interamerica.org\/es\/2025\/05\/culto-especial-destaca-el-legado-de-la-educacion-adventista-en-dominica-antes-de-la-visita-del-presidente-de-la-asociacion-general\/","og_site_name":"Iglesia Adventista del S\u00e9ptimo D\u00eda - Divisi\u00f3n Interamericana","article_published_time":"2025-05-29T02:12:46+00:00","article_modified_time":"2025-05-29T15:13:57+00:00","og_image":[{"width":1000,"height":672,"url":"https:\/\/interamerica.org\/wp-content\/uploads\/2025\/05\/ebenezer-school-kids-dominica.jpg","type":"image\/jpeg"}],"author":"libna","twitter_card":"summary_large_image","twitter_misc":{"Escrito por":"libna","Tiempo de lectura":"6 minutos"},"schema":{"@context":"https:\/\/schema.org","@graph":[{"@type":"Article","@id":"https:\/\/interamerica.org\/es\/2025\/05\/culto-especial-destaca-el-legado-de-la-educacion-adventista-en-dominica-antes-de-la-visita-del-presidente-de-la-asociacion-general\/#article","isPartOf":{"@id":"https:\/\/interamerica.org\/es\/2025\/05\/culto-especial-destaca-el-legado-de-la-educacion-adventista-en-dominica-antes-de-la-visita-del-presidente-de-la-asociacion-general\/"},"author":{"name":"libna","@id":"https:\/\/interamerica.org\/es\/#\/schema\/person\/29998f2bc2d8bd0d38662909289b54f1"},"headline":"Culto especial destaca el legado de la educaci\u00f3n adventista en Dominica antes de la visita del presidente de la Asociaci\u00f3n General","datePublished":"2025-05-29T02:12:46+00:00","dateModified":"2025-05-29T15:13:57+00:00","mainEntityOfPage":{"@id":"https:\/\/interamerica.org\/es\/2025\/05\/culto-especial-destaca-el-legado-de-la-educacion-adventista-en-dominica-antes-de-la-visita-del-presidente-de-la-asociacion-general\/"},"wordCount":1180,"image":{"@id":"https:\/\/interamerica.org\/es\/2025\/05\/culto-especial-destaca-el-legado-de-la-educacion-adventista-en-dominica-antes-de-la-visita-del-presidente-de-la-asociacion-general\/#primaryimage"},"thumbnailUrl":"https:\/\/interamerica.org\/wp-content\/uploads\/2025\/05\/ebenezer-school-kids-dominica.jpg","articleSection":["Desde el campo","RSS Espa\u00f1ol"],"inLanguage":"es"},{"@type":"WebPage","@id":"https:\/\/interamerica.org\/es\/2025\/05\/culto-especial-destaca-el-legado-de-la-educacion-adventista-en-dominica-antes-de-la-visita-del-presidente-de-la-asociacion-general\/","url":"https:\/\/interamerica.org\/es\/2025\/05\/culto-especial-destaca-el-legado-de-la-educacion-adventista-en-dominica-antes-de-la-visita-del-presidente-de-la-asociacion-general\/","name":"Culto especial destaca el legado de la educaci\u00f3n adventista en Dominica antes de la visita del presidente de la Asociaci\u00f3n General - Iglesia Adventista del S\u00e9ptimo D\u00eda - Divisi\u00f3n Interamericana","isPartOf":{"@id":"https:\/\/interamerica.org\/es\/#website"},"primaryImageOfPage":{"@id":"https:\/\/interamerica.org\/es\/2025\/05\/culto-especial-destaca-el-legado-de-la-educacion-adventista-en-dominica-antes-de-la-visita-del-presidente-de-la-asociacion-general\/#primaryimage"},"image":{"@id":"https:\/\/interamerica.org\/es\/2025\/05\/culto-especial-destaca-el-legado-de-la-educacion-adventista-en-dominica-antes-de-la-visita-del-presidente-de-la-asociacion-general\/#primaryimage"},"thumbnailUrl":"https:\/\/interamerica.org\/wp-content\/uploads\/2025\/05\/ebenezer-school-kids-dominica.jpg","datePublished":"2025-05-29T02:12:46+00:00","dateModified":"2025-05-29T15:13:57+00:00","author":{"@id":"https:\/\/interamerica.org\/es\/#\/schema\/person\/29998f2bc2d8bd0d38662909289b54f1"},"breadcrumb":{"@id":"https:\/\/interamerica.org\/es\/2025\/05\/culto-especial-destaca-el-legado-de-la-educacion-adventista-en-dominica-antes-de-la-visita-del-presidente-de-la-asociacion-general\/#breadcrumb"},"inLanguage":"es","potentialAction":[{"@type":"ReadAction","target":["https:\/\/interamerica.org\/es\/2025\/05\/culto-especial-destaca-el-legado-de-la-educacion-adventista-en-dominica-antes-de-la-visita-del-presidente-de-la-asociacion-general\/"]}]},{"@type":"ImageObject","inLanguage":"es","@id":"https:\/\/interamerica.org\/es\/2025\/05\/culto-especial-destaca-el-legado-de-la-educacion-adventista-en-dominica-antes-de-la-visita-del-presidente-de-la-asociacion-general\/#primaryimage","url":"https:\/\/interamerica.org\/wp-content\/uploads\/2025\/05\/ebenezer-school-kids-dominica.jpg","contentUrl":"https:\/\/interamerica.org\/wp-content\/uploads\/2025\/05\/ebenezer-school-kids-dominica.jpg","width":1000,"height":672,"caption":"[Photo: East Caribbean Conference]"},{"@type":"BreadcrumbList","@id":"https:\/\/interamerica.org\/es\/2025\/05\/culto-especial-destaca-el-legado-de-la-educacion-adventista-en-dominica-antes-de-la-visita-del-presidente-de-la-asociacion-general\/#breadcrumb","itemListElement":[{"@type":"ListItem","position":1,"name":"Home","item":"https:\/\/interamerica.org\/es\/"},{"@type":"ListItem","position":2,"name":"Culto especial destaca el legado de la educaci\u00f3n adventista en Dominica antes de la visita del presidente de la Asociaci\u00f3n General"}]},{"@type":"WebSite","@id":"https:\/\/interamerica.org\/es\/#website","url":"https:\/\/interamerica.org\/es\/","name":"Iglesia Adventista del S\u00e9ptimo D\u00eda - Divisi\u00f3n Interamericana","description":"","potentialAction":[{"@type":"SearchAction","target":{"@type":"EntryPoint","urlTemplate":"https:\/\/interamerica.org\/es\/?s={search_term_string}"},"query-input":{"@type":"PropertyValueSpecification","valueRequired":true,"valueName":"search_term_string"}}],"inLanguage":"es"},{"@type":"Person","@id":"https:\/\/interamerica.org\/es\/#\/schema\/person\/29998f2bc2d8bd0d38662909289b54f1","name":"libna","image":{"@type":"ImageObject","inLanguage":"es","@id":"https:\/\/secure.gravatar.com\/avatar\/7c5bd30ae4b47a9ba3c856590957fd1d96dc588bf3ac05719d247e126840331f?s=96&d=mm&r=g","url":"https:\/\/secure.gravatar.com\/avatar\/7c5bd30ae4b47a9ba3c856590957fd1d96dc588bf3ac05719d247e126840331f?s=96&d=mm&r=g","contentUrl":"https:\/\/secure.gravatar.com\/avatar\/7c5bd30ae4b47a9ba3c856590957fd1d96dc588bf3ac05719d247e126840331f?s=96&d=mm&r=g","caption":"libna"}}]}},"_links":{"self":[{"href":"https:\/\/interamerica.org\/es\/wp-json\/wp\/v2\/posts\/128915","targetHints":{"allow":["GET"]}}],"collection":[{"href":"https:\/\/interamerica.org\/es\/wp-json\/wp\/v2\/posts"}],"about":[{"href":"https:\/\/interamerica.org\/es\/wp-json\/wp\/v2\/types\/post"}],"author":[{"embeddable":true,"href":"https:\/\/interamerica.org\/es\/wp-json\/wp\/v2\/users\/3"}],"replies":[{"embeddable":true,"href":"https:\/\/interamerica.org\/es\/wp-json\/wp\/v2\/comments?post=128915"}],"version-history":[{"count":0,"href":"https:\/\/interamerica.org\/es\/wp-json\/wp\/v2\/posts\/128915\/revisions"}],"wp:featuredmedia":[{"embeddable":true,"href":"https:\/\/interamerica.org\/es\/wp-json\/wp\/v2\/media\/128896"}],"wp:attachment":[{"href":"https:\/\/interamerica.org\/es\/wp-json\/wp\/v2\/media?parent=128915"}],"wp:term":[{"taxonomy":"category","embeddable":true,"href":"https:\/\/interamerica.org\/es\/wp-json\/wp\/v2\/categories?post=128915"},{"taxonomy":"post_tag","embeddable":true,"href":"https:\/\/interamerica.org\/es\/wp-json\/wp\/v2\/tags?post=128915"}],"curies":[{"name":"wp","href":"https:\/\/api.w.org\/{rel}","templated":true}]}}