{"id":129491,"date":"2025-06-17T10:24:23","date_gmt":"2025-06-17T14:24:23","guid":{"rendered":"https:\/\/interamerica.org\/?p=129491"},"modified":"2025-06-19T21:49:28","modified_gmt":"2025-06-20T01:49:28","slug":"presidente-de-palaos-pronuncia-discurso-de-graduacion-en-la-sierra","status":"publish","type":"post","link":"https:\/\/interamerica.org\/es\/2025\/06\/presidente-de-palaos-pronuncia-discurso-de-graduacion-en-la-sierra\/","title":{"rendered":"Presidente de Palaos pronuncia discurso de graduaci\u00f3n en La Sierra"},"content":{"rendered":"<p class=\"c-post-header__subtitle\"><em>Surangel S. Whipps, Jr., recibi\u00f3 un doctorado honor\u00edfico.<\/em><\/p>\n<p>16 de junio de 2025 | La Sierra, California, Estados Unidos, Darla Martin Tucker, Universidad La Sierra y <em>Adventist Review<\/em><\/p>\n<p>El domingo 15 de junio, aproximadamente 380 graduandos de la Universidad La Sierra, en Riverside, California, Estados Unidos, abordaron la siguiente fase en la jornada de su existencia con visi\u00f3n y consejo por parte del l\u00edder de la Rep\u00fablica de Palaos, una naci\u00f3n de Micronesia en el Oc\u00e9ano Pac\u00edfico occidental.<\/p>\n<p>Surangel S. Whipps, Jr., presidente de Palaos, tuvo a su cargo el discurso de graduaci\u00f3n titulado \u201cNavegando el futuro sabiendo que Dios est\u00e1 al control\u201d, dirigido a la clase 2025 en la ceremonia de entrega de t\u00edtulos. Este evento de culminaci\u00f3n de los ejercicios de graduaci\u00f3n se llev\u00f3 a cabo a las 8:00 a.m. en Founders\u2019 Green, en el campus de la universidad, concluyendo con ello un fin de semana de actos de graduaci\u00f3n.<\/p>\n<p><div id=\"attachment_129433\" style=\"width: 904px\" class=\"wp-caption aligncenter\"><img fetchpriority=\"high\" decoding=\"async\" aria-describedby=\"caption-attachment-129433\" class=\" wp-image-129431\" src=\"https:\/\/interamerica.org\/wp-content\/uploads\/2025\/06\/la-sierrauntitled-1-2-1024x512.png\" alt=\"\" width=\"894\" height=\"447\" srcset=\"https:\/\/interamerica.org\/wp-content\/uploads\/2025\/06\/la-sierrauntitled-1-2-1024x512.png 1024w, https:\/\/interamerica.org\/wp-content\/uploads\/2025\/06\/la-sierrauntitled-1-2-300x150.png 300w, https:\/\/interamerica.org\/wp-content\/uploads\/2025\/06\/la-sierrauntitled-1-2-768x384.png 768w, https:\/\/interamerica.org\/wp-content\/uploads\/2025\/06\/la-sierrauntitled-1-2.png 1500w\" sizes=\"(max-width: 894px) 100vw, 894px\" \/><p id=\"caption-attachment-129433\" class=\"wp-caption-text\">Surangel S. Whipps, Jr., presidente de la Rep\u00fablica de Palaos, tuvo a su cargo el discurso de graduaci\u00f3n el 15 de junio. [Imagen cortes\u00eda de la Rep\u00fablica de Palaos]<\/p><\/div>En reconocimiento a su liderazgo y entrega al servicio p\u00fablico, el presidente Whipps recibi\u00f3 tambi\u00e9n un doctorado honoris causa en leyes (LL.D.) por parte de la universidad, el cual fue presentado por el rector de La Sierra, Christon Arthur, quien estuvo presidiendo su primer ceremonia de graduaci\u00f3n desde que asumi\u00f3 su papel de liderazgo en La Sierra, el 1 de julio de 2024.<\/p>\n<p>La hija del presidente Whipps, Moded Samantha Surangel, se gradu\u00f3 magna cum laude con un t\u00edtulo en Econom\u00eda Pol\u00edtica y Contabilidad, de la Escuela de Administraci\u00f3n y Negocios Zapara. hab\u00eda recibido un reconocimiento por parte de la escuela el 3 de junio de 2025; el de S\u00e9nior Sobresaliente 2025 en Contabilidad, Econom\u00eda y Finanzas.<\/p>\n<p>El presidente Whipps, un adventista del s\u00e9ptimo d\u00eda, es el d\u00e9cimo presidente de la Rep\u00fablica de Palaos, un pa\u00eds de aproximadamente 340 islas, isletas y atolones. Hasta 1994, Palaos depend\u00eda del Territorio en Fideicomiso de las Islas del Pac\u00edfico (TTPI), administrado previamente por los Estados Unidos a nombre de las Naciones Unidas. El presidente Whipps fue un senador durante dos t\u00e9rminos, el cual prest\u00f3 sus servicios en los Congresos Nacionales octavo y noveno de Palaos, antes de aspirar a la presidencia en 2016. Actualmente presta sus servicios en el Doceavo Gobierno Constitucional despu\u00e9s de haber sido reelecto para un segundo t\u00e9rmino en la elecci\u00f3n general llevada a cabo el 5 de noviembre de 2024. Asumi\u00f3 por primera vez la presidencia en 2021.<\/p>\n<p>Antes de su mandato presidencial, el presidente Whipps prest\u00f3 sus servicios como funcionario ejecutivo de Surangel &amp; Sons Company, transform\u00e1ndola de una peque\u00f1a tienda minorista, a una empresa diversificada empleando a m\u00e1s de 600 personas. El presidente opera desde una plataforma que contempla una mejora de la calidad de vida para los palauanos, con esfuerzos alineados con el lema \u201cPalauan People First\u201d (Los palauanos primero), cuyo enfoque es el compromiso de poner en primer plano el bienestar de los habitantes de Palaos. Su prioridad ha sido la salud p\u00fablica y la recuperaci\u00f3n econ\u00f3mica despu\u00e9s de la pandemia de COVID-19 y ha enfocado su atenci\u00f3n en restaurar el sector tur\u00edstico, protegiendo el medio y llamado la atenci\u00f3n internacional a las amenazas resultado del cambio clim\u00e1tico y la contaminaci\u00f3n oce\u00e1nica. Ha guiado tambi\u00e9n esfuerzos para diversificar la econom\u00eda de Palaos a trav\u00e9s de tecnolog\u00eda y negociado disposiciones clave del componente de asistencia econ\u00f3mica de los Acuerdos de Libre Asociaci\u00f3n con los Estados Unidos.<\/p>\n<p>Su administraci\u00f3n est\u00e1 expandiendo el mercado tur\u00edstico de Palaos y sus principales proyectos de mejora de capital incluyen la construcci\u00f3n y renovaci\u00f3n de instalaciones educativas, el desarrollo de un nuevo hospital nacional, la terminaci\u00f3n de la construcci\u00f3n del Centro de la Divisi\u00f3n Correccional, la construcci\u00f3n de un nuevo puerto pesquero y mejora de la capacidad de almacenamiento de energ\u00eda solar de Palaos a fin de proveer energ\u00eda limpia m\u00e1s confiable.<\/p>\n<p>El presidente tiene una licenciatura en Administraci\u00f3n de Negocios, con enfoque en Econom\u00eda, otorgada por la Universidad Andrews, en M\u00edchigan, Estados Unidos, una instituci\u00f3n adventista del s\u00e9ptimo d\u00eda; adem\u00e1s de una maestr\u00eda otorgada por la Escuela de Administraci\u00f3n Anderson de la Universidad de California (UCLA), Los \u00c1ngeles, Estados Unidos. \u00c9l y su esposa Valerie Esang Remengesau, tienen cuatro hijos.<\/p>\n<p><em>La <\/em><a href=\"https:\/\/lasierra.edu\/article\/palaus-president-to-deliver-la-sierra-graduation-address-receive-honorary-doctorate\/\" target=\"_blank\" rel=\"noopener\"><em>versi\u00f3n original <\/em><\/a><em> de esta noticia la public\u00f3 la <\/em><a href=\"https:\/\/lasierra.edu\/\" target=\"_blank\" rel=\"noopener\"><em>Universidad La Sierra <\/em><\/a><em>.<\/em><\/p>\n<p>Traducci\u00f3n \u2013 Gloria A. Castrej\u00f3n<\/p>\n","protected":false},"excerpt":{"rendered":"<p>Surangel S. Whipps, Jr., recibi\u00f3 un doctorado honor\u00edfico. 16 de junio de 2025 | La Sierra, California, Estados Unidos, Darla Martin Tucker, Universidad La Sierra y Adventist Review El domingo&#8230;<\/p>\n","protected":false},"author":3,"featured_media":129433,"comment_status":"closed","ping_status":"closed","sticky":false,"template":"","format":"standard","meta":{"_acf_changed":false,"footnotes":""},"categories":[14,15],"tags":[],"class_list":["post-129491","post","type-post","status-publish","format-standard","has-post-thumbnail","hentry","category-de-la-iglesia-mundial","category-rss-espanol"],"acf":[],"yoast_head":"<!-- This site is optimized with the Yoast SEO plugin v27.3 - https:\/\/yoast.com\/product\/yoast-seo-wordpress\/ -->\n<title>Presidente de Palaos pronuncia discurso de graduaci\u00f3n en La Sierra - Iglesia Adventista del S\u00e9ptimo D\u00eda - Divisi\u00f3n Interamericana<\/title>\n<meta name=\"robots\" content=\"index, follow, max-snippet:-1, max-image-preview:large, max-video-preview:-1\" \/>\n<link rel=\"canonical\" href=\"https:\/\/interamerica.org\/es\/2025\/06\/presidente-de-palaos-pronuncia-discurso-de-graduacion-en-la-sierra\/\" \/>\n<meta property=\"og:locale\" content=\"es_ES\" \/>\n<meta property=\"og:type\" content=\"article\" \/>\n<meta property=\"og:title\" content=\"Presidente de Palaos pronuncia discurso de graduaci\u00f3n en La Sierra - Iglesia Adventista del S\u00e9ptimo D\u00eda - Divisi\u00f3n Interamericana\" \/>\n<meta property=\"og:description\" content=\"Surangel S. Whipps, Jr., recibi\u00f3 un doctorado honor\u00edfico. 16 de junio de 2025 | La Sierra, California, Estados Unidos, Darla Martin Tucker, Universidad La Sierra y Adventist Review El domingo...\" \/>\n<meta property=\"og:url\" content=\"https:\/\/interamerica.org\/es\/2025\/06\/presidente-de-palaos-pronuncia-discurso-de-graduacion-en-la-sierra\/\" \/>\n<meta property=\"og:site_name\" content=\"Iglesia Adventista del S\u00e9ptimo D\u00eda - Divisi\u00f3n Interamericana\" \/>\n<meta property=\"article:published_time\" content=\"2025-06-17T14:24:23+00:00\" \/>\n<meta property=\"article:modified_time\" content=\"2025-06-20T01:49:28+00:00\" \/>\n<meta property=\"og:image\" content=\"https:\/\/interamerica.org\/wp-content\/uploads\/2025\/06\/la-sierrauntitled-1-2.png\" \/>\n\t<meta property=\"og:image:width\" content=\"1500\" \/>\n\t<meta property=\"og:image:height\" content=\"750\" \/>\n\t<meta property=\"og:image:type\" content=\"image\/png\" \/>\n<meta name=\"author\" content=\"libna\" \/>\n<meta name=\"twitter:card\" content=\"summary_large_image\" \/>\n<meta name=\"twitter:label1\" content=\"Escrito por\" \/>\n\t<meta name=\"twitter:data1\" content=\"libna\" \/>\n\t<meta name=\"twitter:label2\" content=\"Tiempo de lectura\" \/>\n\t<meta name=\"twitter:data2\" content=\"4 minutos\" \/>\n<script type=\"application\/ld+json\" class=\"yoast-schema-graph\">{\"@context\":\"https:\\\/\\\/schema.org\",\"@graph\":[{\"@type\":\"Article\",\"@id\":\"https:\\\/\\\/interamerica.org\\\/es\\\/2025\\\/06\\\/presidente-de-palaos-pronuncia-discurso-de-graduacion-en-la-sierra\\\/#article\",\"isPartOf\":{\"@id\":\"https:\\\/\\\/interamerica.org\\\/es\\\/2025\\\/06\\\/presidente-de-palaos-pronuncia-discurso-de-graduacion-en-la-sierra\\\/\"},\"author\":{\"name\":\"libna\",\"@id\":\"https:\\\/\\\/interamerica.org\\\/es\\\/#\\\/schema\\\/person\\\/29998f2bc2d8bd0d38662909289b54f1\"},\"headline\":\"Presidente de Palaos pronuncia discurso de graduaci\u00f3n en La Sierra\",\"datePublished\":\"2025-06-17T14:24:23+00:00\",\"dateModified\":\"2025-06-20T01:49:28+00:00\",\"mainEntityOfPage\":{\"@id\":\"https:\\\/\\\/interamerica.org\\\/es\\\/2025\\\/06\\\/presidente-de-palaos-pronuncia-discurso-de-graduacion-en-la-sierra\\\/\"},\"wordCount\":805,\"image\":{\"@id\":\"https:\\\/\\\/interamerica.org\\\/es\\\/2025\\\/06\\\/presidente-de-palaos-pronuncia-discurso-de-graduacion-en-la-sierra\\\/#primaryimage\"},\"thumbnailUrl\":\"https:\\\/\\\/interamerica.org\\\/wp-content\\\/uploads\\\/2025\\\/06\\\/la-sierrauntitled-1-2.png\",\"articleSection\":[\"Desde la iglesia mundial\",\"RSS Espa\u00f1ol\"],\"inLanguage\":\"es\"},{\"@type\":\"WebPage\",\"@id\":\"https:\\\/\\\/interamerica.org\\\/es\\\/2025\\\/06\\\/presidente-de-palaos-pronuncia-discurso-de-graduacion-en-la-sierra\\\/\",\"url\":\"https:\\\/\\\/interamerica.org\\\/es\\\/2025\\\/06\\\/presidente-de-palaos-pronuncia-discurso-de-graduacion-en-la-sierra\\\/\",\"name\":\"Presidente de Palaos pronuncia discurso de graduaci\u00f3n en La Sierra - Iglesia Adventista del S\u00e9ptimo D\u00eda - Divisi\u00f3n Interamericana\",\"isPartOf\":{\"@id\":\"https:\\\/\\\/interamerica.org\\\/es\\\/#website\"},\"primaryImageOfPage\":{\"@id\":\"https:\\\/\\\/interamerica.org\\\/es\\\/2025\\\/06\\\/presidente-de-palaos-pronuncia-discurso-de-graduacion-en-la-sierra\\\/#primaryimage\"},\"image\":{\"@id\":\"https:\\\/\\\/interamerica.org\\\/es\\\/2025\\\/06\\\/presidente-de-palaos-pronuncia-discurso-de-graduacion-en-la-sierra\\\/#primaryimage\"},\"thumbnailUrl\":\"https:\\\/\\\/interamerica.org\\\/wp-content\\\/uploads\\\/2025\\\/06\\\/la-sierrauntitled-1-2.png\",\"datePublished\":\"2025-06-17T14:24:23+00:00\",\"dateModified\":\"2025-06-20T01:49:28+00:00\",\"author\":{\"@id\":\"https:\\\/\\\/interamerica.org\\\/es\\\/#\\\/schema\\\/person\\\/29998f2bc2d8bd0d38662909289b54f1\"},\"breadcrumb\":{\"@id\":\"https:\\\/\\\/interamerica.org\\\/es\\\/2025\\\/06\\\/presidente-de-palaos-pronuncia-discurso-de-graduacion-en-la-sierra\\\/#breadcrumb\"},\"inLanguage\":\"es\",\"potentialAction\":[{\"@type\":\"ReadAction\",\"target\":[\"https:\\\/\\\/interamerica.org\\\/es\\\/2025\\\/06\\\/presidente-de-palaos-pronuncia-discurso-de-graduacion-en-la-sierra\\\/\"]}]},{\"@type\":\"ImageObject\",\"inLanguage\":\"es\",\"@id\":\"https:\\\/\\\/interamerica.org\\\/es\\\/2025\\\/06\\\/presidente-de-palaos-pronuncia-discurso-de-graduacion-en-la-sierra\\\/#primaryimage\",\"url\":\"https:\\\/\\\/interamerica.org\\\/wp-content\\\/uploads\\\/2025\\\/06\\\/la-sierrauntitled-1-2.png\",\"contentUrl\":\"https:\\\/\\\/interamerica.org\\\/wp-content\\\/uploads\\\/2025\\\/06\\\/la-sierrauntitled-1-2.png\",\"width\":1500,\"height\":750,\"caption\":\"Surangel S. Whipps, Jr., president of the Republic of Palau, delivered the commencement address on June 15. [Photo: courtesy of the Republic of Palau]\"},{\"@type\":\"BreadcrumbList\",\"@id\":\"https:\\\/\\\/interamerica.org\\\/es\\\/2025\\\/06\\\/presidente-de-palaos-pronuncia-discurso-de-graduacion-en-la-sierra\\\/#breadcrumb\",\"itemListElement\":[{\"@type\":\"ListItem\",\"position\":1,\"name\":\"Home\",\"item\":\"https:\\\/\\\/interamerica.org\\\/es\\\/\"},{\"@type\":\"ListItem\",\"position\":2,\"name\":\"Presidente de Palaos pronuncia discurso de graduaci\u00f3n en La Sierra\"}]},{\"@type\":\"WebSite\",\"@id\":\"https:\\\/\\\/interamerica.org\\\/es\\\/#website\",\"url\":\"https:\\\/\\\/interamerica.org\\\/es\\\/\",\"name\":\"Iglesia Adventista del S\u00e9ptimo D\u00eda - Divisi\u00f3n Interamericana\",\"description\":\"\",\"potentialAction\":[{\"@type\":\"SearchAction\",\"target\":{\"@type\":\"EntryPoint\",\"urlTemplate\":\"https:\\\/\\\/interamerica.org\\\/es\\\/?s={search_term_string}\"},\"query-input\":{\"@type\":\"PropertyValueSpecification\",\"valueRequired\":true,\"valueName\":\"search_term_string\"}}],\"inLanguage\":\"es\"},{\"@type\":\"Person\",\"@id\":\"https:\\\/\\\/interamerica.org\\\/es\\\/#\\\/schema\\\/person\\\/29998f2bc2d8bd0d38662909289b54f1\",\"name\":\"libna\",\"image\":{\"@type\":\"ImageObject\",\"inLanguage\":\"es\",\"@id\":\"https:\\\/\\\/secure.gravatar.com\\\/avatar\\\/7c5bd30ae4b47a9ba3c856590957fd1d96dc588bf3ac05719d247e126840331f?s=96&d=mm&r=g\",\"url\":\"https:\\\/\\\/secure.gravatar.com\\\/avatar\\\/7c5bd30ae4b47a9ba3c856590957fd1d96dc588bf3ac05719d247e126840331f?s=96&d=mm&r=g\",\"contentUrl\":\"https:\\\/\\\/secure.gravatar.com\\\/avatar\\\/7c5bd30ae4b47a9ba3c856590957fd1d96dc588bf3ac05719d247e126840331f?s=96&d=mm&r=g\",\"caption\":\"libna\"}}]}<\/script>\n<!-- \/ Yoast SEO plugin. -->","yoast_head_json":{"title":"Presidente de Palaos pronuncia discurso de graduaci\u00f3n en La Sierra - Iglesia Adventista del S\u00e9ptimo D\u00eda - Divisi\u00f3n Interamericana","robots":{"index":"index","follow":"follow","max-snippet":"max-snippet:-1","max-image-preview":"max-image-preview:large","max-video-preview":"max-video-preview:-1"},"canonical":"https:\/\/interamerica.org\/es\/2025\/06\/presidente-de-palaos-pronuncia-discurso-de-graduacion-en-la-sierra\/","og_locale":"es_ES","og_type":"article","og_title":"Presidente de Palaos pronuncia discurso de graduaci\u00f3n en La Sierra - Iglesia Adventista del S\u00e9ptimo D\u00eda - Divisi\u00f3n Interamericana","og_description":"Surangel S. Whipps, Jr., recibi\u00f3 un doctorado honor\u00edfico. 16 de junio de 2025 | La Sierra, California, Estados Unidos, Darla Martin Tucker, Universidad La Sierra y Adventist Review El domingo...","og_url":"https:\/\/interamerica.org\/es\/2025\/06\/presidente-de-palaos-pronuncia-discurso-de-graduacion-en-la-sierra\/","og_site_name":"Iglesia Adventista del S\u00e9ptimo D\u00eda - Divisi\u00f3n Interamericana","article_published_time":"2025-06-17T14:24:23+00:00","article_modified_time":"2025-06-20T01:49:28+00:00","og_image":[{"width":1500,"height":750,"url":"https:\/\/interamerica.org\/wp-content\/uploads\/2025\/06\/la-sierrauntitled-1-2.png","type":"image\/png"}],"author":"libna","twitter_card":"summary_large_image","twitter_misc":{"Escrito por":"libna","Tiempo de lectura":"4 minutos"},"schema":{"@context":"https:\/\/schema.org","@graph":[{"@type":"Article","@id":"https:\/\/interamerica.org\/es\/2025\/06\/presidente-de-palaos-pronuncia-discurso-de-graduacion-en-la-sierra\/#article","isPartOf":{"@id":"https:\/\/interamerica.org\/es\/2025\/06\/presidente-de-palaos-pronuncia-discurso-de-graduacion-en-la-sierra\/"},"author":{"name":"libna","@id":"https:\/\/interamerica.org\/es\/#\/schema\/person\/29998f2bc2d8bd0d38662909289b54f1"},"headline":"Presidente de Palaos pronuncia discurso de graduaci\u00f3n en La Sierra","datePublished":"2025-06-17T14:24:23+00:00","dateModified":"2025-06-20T01:49:28+00:00","mainEntityOfPage":{"@id":"https:\/\/interamerica.org\/es\/2025\/06\/presidente-de-palaos-pronuncia-discurso-de-graduacion-en-la-sierra\/"},"wordCount":805,"image":{"@id":"https:\/\/interamerica.org\/es\/2025\/06\/presidente-de-palaos-pronuncia-discurso-de-graduacion-en-la-sierra\/#primaryimage"},"thumbnailUrl":"https:\/\/interamerica.org\/wp-content\/uploads\/2025\/06\/la-sierrauntitled-1-2.png","articleSection":["Desde la iglesia mundial","RSS Espa\u00f1ol"],"inLanguage":"es"},{"@type":"WebPage","@id":"https:\/\/interamerica.org\/es\/2025\/06\/presidente-de-palaos-pronuncia-discurso-de-graduacion-en-la-sierra\/","url":"https:\/\/interamerica.org\/es\/2025\/06\/presidente-de-palaos-pronuncia-discurso-de-graduacion-en-la-sierra\/","name":"Presidente de Palaos pronuncia discurso de graduaci\u00f3n en La Sierra - Iglesia Adventista del S\u00e9ptimo D\u00eda - Divisi\u00f3n Interamericana","isPartOf":{"@id":"https:\/\/interamerica.org\/es\/#website"},"primaryImageOfPage":{"@id":"https:\/\/interamerica.org\/es\/2025\/06\/presidente-de-palaos-pronuncia-discurso-de-graduacion-en-la-sierra\/#primaryimage"},"image":{"@id":"https:\/\/interamerica.org\/es\/2025\/06\/presidente-de-palaos-pronuncia-discurso-de-graduacion-en-la-sierra\/#primaryimage"},"thumbnailUrl":"https:\/\/interamerica.org\/wp-content\/uploads\/2025\/06\/la-sierrauntitled-1-2.png","datePublished":"2025-06-17T14:24:23+00:00","dateModified":"2025-06-20T01:49:28+00:00","author":{"@id":"https:\/\/interamerica.org\/es\/#\/schema\/person\/29998f2bc2d8bd0d38662909289b54f1"},"breadcrumb":{"@id":"https:\/\/interamerica.org\/es\/2025\/06\/presidente-de-palaos-pronuncia-discurso-de-graduacion-en-la-sierra\/#breadcrumb"},"inLanguage":"es","potentialAction":[{"@type":"ReadAction","target":["https:\/\/interamerica.org\/es\/2025\/06\/presidente-de-palaos-pronuncia-discurso-de-graduacion-en-la-sierra\/"]}]},{"@type":"ImageObject","inLanguage":"es","@id":"https:\/\/interamerica.org\/es\/2025\/06\/presidente-de-palaos-pronuncia-discurso-de-graduacion-en-la-sierra\/#primaryimage","url":"https:\/\/interamerica.org\/wp-content\/uploads\/2025\/06\/la-sierrauntitled-1-2.png","contentUrl":"https:\/\/interamerica.org\/wp-content\/uploads\/2025\/06\/la-sierrauntitled-1-2.png","width":1500,"height":750,"caption":"Surangel S. Whipps, Jr., president of the Republic of Palau, delivered the commencement address on June 15. [Photo: courtesy of the Republic of Palau]"},{"@type":"BreadcrumbList","@id":"https:\/\/interamerica.org\/es\/2025\/06\/presidente-de-palaos-pronuncia-discurso-de-graduacion-en-la-sierra\/#breadcrumb","itemListElement":[{"@type":"ListItem","position":1,"name":"Home","item":"https:\/\/interamerica.org\/es\/"},{"@type":"ListItem","position":2,"name":"Presidente de Palaos pronuncia discurso de graduaci\u00f3n en La Sierra"}]},{"@type":"WebSite","@id":"https:\/\/interamerica.org\/es\/#website","url":"https:\/\/interamerica.org\/es\/","name":"Iglesia Adventista del S\u00e9ptimo D\u00eda - Divisi\u00f3n Interamericana","description":"","potentialAction":[{"@type":"SearchAction","target":{"@type":"EntryPoint","urlTemplate":"https:\/\/interamerica.org\/es\/?s={search_term_string}"},"query-input":{"@type":"PropertyValueSpecification","valueRequired":true,"valueName":"search_term_string"}}],"inLanguage":"es"},{"@type":"Person","@id":"https:\/\/interamerica.org\/es\/#\/schema\/person\/29998f2bc2d8bd0d38662909289b54f1","name":"libna","image":{"@type":"ImageObject","inLanguage":"es","@id":"https:\/\/secure.gravatar.com\/avatar\/7c5bd30ae4b47a9ba3c856590957fd1d96dc588bf3ac05719d247e126840331f?s=96&d=mm&r=g","url":"https:\/\/secure.gravatar.com\/avatar\/7c5bd30ae4b47a9ba3c856590957fd1d96dc588bf3ac05719d247e126840331f?s=96&d=mm&r=g","contentUrl":"https:\/\/secure.gravatar.com\/avatar\/7c5bd30ae4b47a9ba3c856590957fd1d96dc588bf3ac05719d247e126840331f?s=96&d=mm&r=g","caption":"libna"}}]}},"_links":{"self":[{"href":"https:\/\/interamerica.org\/es\/wp-json\/wp\/v2\/posts\/129491","targetHints":{"allow":["GET"]}}],"collection":[{"href":"https:\/\/interamerica.org\/es\/wp-json\/wp\/v2\/posts"}],"about":[{"href":"https:\/\/interamerica.org\/es\/wp-json\/wp\/v2\/types\/post"}],"author":[{"embeddable":true,"href":"https:\/\/interamerica.org\/es\/wp-json\/wp\/v2\/users\/3"}],"replies":[{"embeddable":true,"href":"https:\/\/interamerica.org\/es\/wp-json\/wp\/v2\/comments?post=129491"}],"version-history":[{"count":0,"href":"https:\/\/interamerica.org\/es\/wp-json\/wp\/v2\/posts\/129491\/revisions"}],"wp:featuredmedia":[{"embeddable":true,"href":"https:\/\/interamerica.org\/es\/wp-json\/wp\/v2\/media\/129433"}],"wp:attachment":[{"href":"https:\/\/interamerica.org\/es\/wp-json\/wp\/v2\/media?parent=129491"}],"wp:term":[{"taxonomy":"category","embeddable":true,"href":"https:\/\/interamerica.org\/es\/wp-json\/wp\/v2\/categories?post=129491"},{"taxonomy":"post_tag","embeddable":true,"href":"https:\/\/interamerica.org\/es\/wp-json\/wp\/v2\/tags?post=129491"}],"curies":[{"name":"wp","href":"https:\/\/api.w.org\/{rel}","templated":true}]}}