{"id":129508,"date":"2025-06-20T09:56:10","date_gmt":"2025-06-20T13:56:10","guid":{"rendered":"https:\/\/interamerica.org\/?p=129508"},"modified":"2025-06-20T22:34:18","modified_gmt":"2025-06-21T02:34:18","slug":"vivir-el-mensaje-de-un-bocado-a-la-vez","status":"publish","type":"post","link":"https:\/\/interamerica.org\/es\/2025\/06\/vivir-el-mensaje-de-un-bocado-a-la-vez\/","title":{"rendered":"Vivir el mensaje, de un bocado a la vez"},"content":{"rendered":"<p>20 de junio de 2025 | Silver Spring, Maryland, Estados Unidos | Naiyah Van Why, para Adventist Review<\/p>\n<p>Hace un par de a\u00f1os, sent\u00ed el convencimiento de comenzar un grupo de salud en mi iglesia en Albuquerque, en Nuevo M\u00e9xico, Estados Unidos. A medida que comenc\u00e9 a aprender m\u00e1s sobre nutrici\u00f3n, me desanim\u00e9 por el aparente desinter\u00e9s que hab\u00eda mi iglesia. Recuerdo que pens\u00e9: <em> \u00ab\u00a1La iglesia necesita saber de esto!\u00bb <\/em> Me llam\u00f3 la atenci\u00f3n que a nuestra iglesia se le diera el mensaje de salud, pero parec\u00eda que nadie estaba practicando esos principios que salvan vidas. Deseaba que alguien diera un paso al frente y comenzara un ministerio de salud. \u00a1Entonces me di cuenta de que yo pod\u00eda ser esa persona! Puede que no lo supiera todo, pero estaba dispuesta y era capaz, y eso es todo lo que Dios pide.<\/p>\n<p>Ten\u00eda mucho miedo de comenzar. No ten\u00eda idea por d\u00f3nde empezar o qu\u00e9 hacer, as\u00ed que le pregunt\u00e9 a la iglesia qu\u00e9 quer\u00edan. Cre\u00e9 una encuesta para determinar las necesidades el estado de salud de los miembros y qu\u00e9 tipo de consejo de salud sent\u00edan que era mejor para la iglesia local. Hubo una respuesta abrumadora solicitando una clase de cocina vegetariana, as\u00ed que eso fue lo primero que hicimos.<\/p>\n<p>Comenc\u00e9 con una presentaci\u00f3n sobre nutrici\u00f3n vegetariana y aprendimos a cocinar varios platos saludables, como pan de ma\u00edz y pur\u00e9 de calabazas. Despu\u00e9s de esa reuni\u00f3n, comenc\u00e9 una serie sobre ocho leyes de la salud, que cubre los principios de salud individuales, seguida de momentos de camarader\u00eda y alimentos nutritivos.<\/p>\n<p>Mi objetivo para el grupo era inspirar a las personas a que cuidaran de los \u00abtemplos\u00bb que Dios nos dio para as\u00ed estar listos y ser capaces de hacer su obra. Aunque la clase era peque\u00f1a, su impacto fue real. Varios miembros de iglesia comenzaron a hacer cambios en el estilo de vida, implementando lo que hab\u00edan aprendido y encontrando grandes recompensas al hacerlo. Lo que comenz\u00f3 como un peque\u00f1o ministerio se ha convertido en una oportunidad continua de servir a los dem\u00e1s mediante la salud y la educaci\u00f3n.<\/p>\n<p>Si no lo ha considerado, lo animo a comenzar su propio ministerio de salud en su ciudad. Necesitamos compartir el mensaje de salud con el mundo, pero \u00bfc\u00f3mo podemos hacerlo si nuestra propia iglesia no sabe nada al respecto? No se necesitan tener grandes calificaciones o habilidades. Por cierto, ese no fue mi caso. \u00a1Dios est\u00e1 dispuesto a usar a todo el que lo permite! Si tiene preguntas e inquietudes, preg\u00fantele a Dios. \u00c9l est\u00e1 m\u00e1s que dispuesto a escuchar sus oraciones e intereses.<\/p>\n<p>Naiyah Van Why estudi\u00f3 nutrici\u00f3n y diet\u00e9tica en la Universidad de Nuevo M\u00e9xico. Actualmente trabaja para el Colegio Adventista Castle Valley cerca de Moab, Utah, Estados Unidos.<\/p>\n<p>Traducci\u00f3n de Marcos Paseggi<\/p>\n","protected":false},"excerpt":{"rendered":"<p>20 de junio de 2025 | Silver Spring, Maryland, Estados Unidos | Naiyah Van Why, para Adventist Review Hace un par de a\u00f1os, sent\u00ed el convencimiento de comenzar un grupo&#8230;<\/p>\n","protected":false},"author":3,"featured_media":129506,"comment_status":"closed","ping_status":"closed","sticky":false,"template":"","format":"standard","meta":{"_acf_changed":false,"footnotes":""},"categories":[14,15],"tags":[],"class_list":["post-129508","post","type-post","status-publish","format-standard","has-post-thumbnail","hentry","category-de-la-iglesia-mundial","category-rss-espanol"],"acf":[],"yoast_head":"<!-- This site is optimized with the Yoast SEO plugin v27.3 - https:\/\/yoast.com\/product\/yoast-seo-wordpress\/ -->\n<title>Vivir el mensaje, de un bocado a la vez - Iglesia Adventista del S\u00e9ptimo D\u00eda - Divisi\u00f3n Interamericana<\/title>\n<meta name=\"robots\" content=\"index, follow, max-snippet:-1, max-image-preview:large, max-video-preview:-1\" \/>\n<link rel=\"canonical\" href=\"https:\/\/interamerica.org\/es\/2025\/06\/vivir-el-mensaje-de-un-bocado-a-la-vez\/\" \/>\n<meta property=\"og:locale\" content=\"es_ES\" \/>\n<meta property=\"og:type\" content=\"article\" \/>\n<meta property=\"og:title\" content=\"Vivir el mensaje, de un bocado a la vez - Iglesia Adventista del S\u00e9ptimo D\u00eda - Divisi\u00f3n Interamericana\" \/>\n<meta property=\"og:description\" content=\"20 de junio de 2025 | Silver Spring, Maryland, Estados Unidos | Naiyah Van Why, para Adventist Review Hace un par de a\u00f1os, sent\u00ed el convencimiento de comenzar un grupo...\" \/>\n<meta property=\"og:url\" content=\"https:\/\/interamerica.org\/es\/2025\/06\/vivir-el-mensaje-de-un-bocado-a-la-vez\/\" \/>\n<meta property=\"og:site_name\" content=\"Iglesia Adventista del S\u00e9ptimo D\u00eda - Divisi\u00f3n Interamericana\" \/>\n<meta property=\"article:published_time\" content=\"2025-06-20T13:56:10+00:00\" \/>\n<meta property=\"article:modified_time\" content=\"2025-06-21T02:34:18+00:00\" \/>\n<meta property=\"og:image\" content=\"https:\/\/interamerica.org\/wp-content\/uploads\/2025\/06\/brooke-lark-08boynh-r-e-unsplash.jpg\" \/>\n\t<meta property=\"og:image:width\" content=\"1280\" \/>\n\t<meta property=\"og:image:height\" content=\"800\" \/>\n\t<meta property=\"og:image:type\" content=\"image\/jpeg\" \/>\n<meta name=\"author\" content=\"libna\" \/>\n<meta name=\"twitter:card\" content=\"summary_large_image\" \/>\n<meta name=\"twitter:label1\" content=\"Escrito por\" \/>\n\t<meta name=\"twitter:data1\" content=\"libna\" \/>\n\t<meta name=\"twitter:label2\" content=\"Tiempo de lectura\" \/>\n\t<meta name=\"twitter:data2\" content=\"3 minutos\" \/>\n<script type=\"application\/ld+json\" class=\"yoast-schema-graph\">{\"@context\":\"https:\\\/\\\/schema.org\",\"@graph\":[{\"@type\":\"Article\",\"@id\":\"https:\\\/\\\/interamerica.org\\\/es\\\/2025\\\/06\\\/vivir-el-mensaje-de-un-bocado-a-la-vez\\\/#article\",\"isPartOf\":{\"@id\":\"https:\\\/\\\/interamerica.org\\\/es\\\/2025\\\/06\\\/vivir-el-mensaje-de-un-bocado-a-la-vez\\\/\"},\"author\":{\"name\":\"libna\",\"@id\":\"https:\\\/\\\/interamerica.org\\\/es\\\/#\\\/schema\\\/person\\\/29998f2bc2d8bd0d38662909289b54f1\"},\"headline\":\"Vivir el mensaje, de un bocado a la vez\",\"datePublished\":\"2025-06-20T13:56:10+00:00\",\"dateModified\":\"2025-06-21T02:34:18+00:00\",\"mainEntityOfPage\":{\"@id\":\"https:\\\/\\\/interamerica.org\\\/es\\\/2025\\\/06\\\/vivir-el-mensaje-de-un-bocado-a-la-vez\\\/\"},\"wordCount\":502,\"image\":{\"@id\":\"https:\\\/\\\/interamerica.org\\\/es\\\/2025\\\/06\\\/vivir-el-mensaje-de-un-bocado-a-la-vez\\\/#primaryimage\"},\"thumbnailUrl\":\"https:\\\/\\\/interamerica.org\\\/wp-content\\\/uploads\\\/2025\\\/06\\\/brooke-lark-08boynh-r-e-unsplash.jpg\",\"articleSection\":[\"Desde la iglesia mundial\",\"RSS Espa\u00f1ol\"],\"inLanguage\":\"es\"},{\"@type\":\"WebPage\",\"@id\":\"https:\\\/\\\/interamerica.org\\\/es\\\/2025\\\/06\\\/vivir-el-mensaje-de-un-bocado-a-la-vez\\\/\",\"url\":\"https:\\\/\\\/interamerica.org\\\/es\\\/2025\\\/06\\\/vivir-el-mensaje-de-un-bocado-a-la-vez\\\/\",\"name\":\"Vivir el mensaje, de un bocado a la vez - Iglesia Adventista del S\u00e9ptimo D\u00eda - Divisi\u00f3n Interamericana\",\"isPartOf\":{\"@id\":\"https:\\\/\\\/interamerica.org\\\/es\\\/#website\"},\"primaryImageOfPage\":{\"@id\":\"https:\\\/\\\/interamerica.org\\\/es\\\/2025\\\/06\\\/vivir-el-mensaje-de-un-bocado-a-la-vez\\\/#primaryimage\"},\"image\":{\"@id\":\"https:\\\/\\\/interamerica.org\\\/es\\\/2025\\\/06\\\/vivir-el-mensaje-de-un-bocado-a-la-vez\\\/#primaryimage\"},\"thumbnailUrl\":\"https:\\\/\\\/interamerica.org\\\/wp-content\\\/uploads\\\/2025\\\/06\\\/brooke-lark-08boynh-r-e-unsplash.jpg\",\"datePublished\":\"2025-06-20T13:56:10+00:00\",\"dateModified\":\"2025-06-21T02:34:18+00:00\",\"author\":{\"@id\":\"https:\\\/\\\/interamerica.org\\\/es\\\/#\\\/schema\\\/person\\\/29998f2bc2d8bd0d38662909289b54f1\"},\"breadcrumb\":{\"@id\":\"https:\\\/\\\/interamerica.org\\\/es\\\/2025\\\/06\\\/vivir-el-mensaje-de-un-bocado-a-la-vez\\\/#breadcrumb\"},\"inLanguage\":\"es\",\"potentialAction\":[{\"@type\":\"ReadAction\",\"target\":[\"https:\\\/\\\/interamerica.org\\\/es\\\/2025\\\/06\\\/vivir-el-mensaje-de-un-bocado-a-la-vez\\\/\"]}]},{\"@type\":\"ImageObject\",\"inLanguage\":\"es\",\"@id\":\"https:\\\/\\\/interamerica.org\\\/es\\\/2025\\\/06\\\/vivir-el-mensaje-de-un-bocado-a-la-vez\\\/#primaryimage\",\"url\":\"https:\\\/\\\/interamerica.org\\\/wp-content\\\/uploads\\\/2025\\\/06\\\/brooke-lark-08boynh-r-e-unsplash.jpg\",\"contentUrl\":\"https:\\\/\\\/interamerica.org\\\/wp-content\\\/uploads\\\/2025\\\/06\\\/brooke-lark-08boynh-r-e-unsplash.jpg\",\"width\":1280,\"height\":800,\"caption\":\"[Photo: Brooke Lark \\\/ Unsplash]\"},{\"@type\":\"BreadcrumbList\",\"@id\":\"https:\\\/\\\/interamerica.org\\\/es\\\/2025\\\/06\\\/vivir-el-mensaje-de-un-bocado-a-la-vez\\\/#breadcrumb\",\"itemListElement\":[{\"@type\":\"ListItem\",\"position\":1,\"name\":\"Home\",\"item\":\"https:\\\/\\\/interamerica.org\\\/es\\\/\"},{\"@type\":\"ListItem\",\"position\":2,\"name\":\"Vivir el mensaje, de un bocado a la vez\"}]},{\"@type\":\"WebSite\",\"@id\":\"https:\\\/\\\/interamerica.org\\\/es\\\/#website\",\"url\":\"https:\\\/\\\/interamerica.org\\\/es\\\/\",\"name\":\"Iglesia Adventista del S\u00e9ptimo D\u00eda - Divisi\u00f3n Interamericana\",\"description\":\"\",\"potentialAction\":[{\"@type\":\"SearchAction\",\"target\":{\"@type\":\"EntryPoint\",\"urlTemplate\":\"https:\\\/\\\/interamerica.org\\\/es\\\/?s={search_term_string}\"},\"query-input\":{\"@type\":\"PropertyValueSpecification\",\"valueRequired\":true,\"valueName\":\"search_term_string\"}}],\"inLanguage\":\"es\"},{\"@type\":\"Person\",\"@id\":\"https:\\\/\\\/interamerica.org\\\/es\\\/#\\\/schema\\\/person\\\/29998f2bc2d8bd0d38662909289b54f1\",\"name\":\"libna\",\"image\":{\"@type\":\"ImageObject\",\"inLanguage\":\"es\",\"@id\":\"https:\\\/\\\/secure.gravatar.com\\\/avatar\\\/7c5bd30ae4b47a9ba3c856590957fd1d96dc588bf3ac05719d247e126840331f?s=96&d=mm&r=g\",\"url\":\"https:\\\/\\\/secure.gravatar.com\\\/avatar\\\/7c5bd30ae4b47a9ba3c856590957fd1d96dc588bf3ac05719d247e126840331f?s=96&d=mm&r=g\",\"contentUrl\":\"https:\\\/\\\/secure.gravatar.com\\\/avatar\\\/7c5bd30ae4b47a9ba3c856590957fd1d96dc588bf3ac05719d247e126840331f?s=96&d=mm&r=g\",\"caption\":\"libna\"}}]}<\/script>\n<!-- \/ Yoast SEO plugin. -->","yoast_head_json":{"title":"Vivir el mensaje, de un bocado a la vez - Iglesia Adventista del S\u00e9ptimo D\u00eda - Divisi\u00f3n Interamericana","robots":{"index":"index","follow":"follow","max-snippet":"max-snippet:-1","max-image-preview":"max-image-preview:large","max-video-preview":"max-video-preview:-1"},"canonical":"https:\/\/interamerica.org\/es\/2025\/06\/vivir-el-mensaje-de-un-bocado-a-la-vez\/","og_locale":"es_ES","og_type":"article","og_title":"Vivir el mensaje, de un bocado a la vez - Iglesia Adventista del S\u00e9ptimo D\u00eda - Divisi\u00f3n Interamericana","og_description":"20 de junio de 2025 | Silver Spring, Maryland, Estados Unidos | Naiyah Van Why, para Adventist Review Hace un par de a\u00f1os, sent\u00ed el convencimiento de comenzar un grupo...","og_url":"https:\/\/interamerica.org\/es\/2025\/06\/vivir-el-mensaje-de-un-bocado-a-la-vez\/","og_site_name":"Iglesia Adventista del S\u00e9ptimo D\u00eda - Divisi\u00f3n Interamericana","article_published_time":"2025-06-20T13:56:10+00:00","article_modified_time":"2025-06-21T02:34:18+00:00","og_image":[{"width":1280,"height":800,"url":"https:\/\/interamerica.org\/wp-content\/uploads\/2025\/06\/brooke-lark-08boynh-r-e-unsplash.jpg","type":"image\/jpeg"}],"author":"libna","twitter_card":"summary_large_image","twitter_misc":{"Escrito por":"libna","Tiempo de lectura":"3 minutos"},"schema":{"@context":"https:\/\/schema.org","@graph":[{"@type":"Article","@id":"https:\/\/interamerica.org\/es\/2025\/06\/vivir-el-mensaje-de-un-bocado-a-la-vez\/#article","isPartOf":{"@id":"https:\/\/interamerica.org\/es\/2025\/06\/vivir-el-mensaje-de-un-bocado-a-la-vez\/"},"author":{"name":"libna","@id":"https:\/\/interamerica.org\/es\/#\/schema\/person\/29998f2bc2d8bd0d38662909289b54f1"},"headline":"Vivir el mensaje, de un bocado a la vez","datePublished":"2025-06-20T13:56:10+00:00","dateModified":"2025-06-21T02:34:18+00:00","mainEntityOfPage":{"@id":"https:\/\/interamerica.org\/es\/2025\/06\/vivir-el-mensaje-de-un-bocado-a-la-vez\/"},"wordCount":502,"image":{"@id":"https:\/\/interamerica.org\/es\/2025\/06\/vivir-el-mensaje-de-un-bocado-a-la-vez\/#primaryimage"},"thumbnailUrl":"https:\/\/interamerica.org\/wp-content\/uploads\/2025\/06\/brooke-lark-08boynh-r-e-unsplash.jpg","articleSection":["Desde la iglesia mundial","RSS Espa\u00f1ol"],"inLanguage":"es"},{"@type":"WebPage","@id":"https:\/\/interamerica.org\/es\/2025\/06\/vivir-el-mensaje-de-un-bocado-a-la-vez\/","url":"https:\/\/interamerica.org\/es\/2025\/06\/vivir-el-mensaje-de-un-bocado-a-la-vez\/","name":"Vivir el mensaje, de un bocado a la vez - Iglesia Adventista del S\u00e9ptimo D\u00eda - Divisi\u00f3n Interamericana","isPartOf":{"@id":"https:\/\/interamerica.org\/es\/#website"},"primaryImageOfPage":{"@id":"https:\/\/interamerica.org\/es\/2025\/06\/vivir-el-mensaje-de-un-bocado-a-la-vez\/#primaryimage"},"image":{"@id":"https:\/\/interamerica.org\/es\/2025\/06\/vivir-el-mensaje-de-un-bocado-a-la-vez\/#primaryimage"},"thumbnailUrl":"https:\/\/interamerica.org\/wp-content\/uploads\/2025\/06\/brooke-lark-08boynh-r-e-unsplash.jpg","datePublished":"2025-06-20T13:56:10+00:00","dateModified":"2025-06-21T02:34:18+00:00","author":{"@id":"https:\/\/interamerica.org\/es\/#\/schema\/person\/29998f2bc2d8bd0d38662909289b54f1"},"breadcrumb":{"@id":"https:\/\/interamerica.org\/es\/2025\/06\/vivir-el-mensaje-de-un-bocado-a-la-vez\/#breadcrumb"},"inLanguage":"es","potentialAction":[{"@type":"ReadAction","target":["https:\/\/interamerica.org\/es\/2025\/06\/vivir-el-mensaje-de-un-bocado-a-la-vez\/"]}]},{"@type":"ImageObject","inLanguage":"es","@id":"https:\/\/interamerica.org\/es\/2025\/06\/vivir-el-mensaje-de-un-bocado-a-la-vez\/#primaryimage","url":"https:\/\/interamerica.org\/wp-content\/uploads\/2025\/06\/brooke-lark-08boynh-r-e-unsplash.jpg","contentUrl":"https:\/\/interamerica.org\/wp-content\/uploads\/2025\/06\/brooke-lark-08boynh-r-e-unsplash.jpg","width":1280,"height":800,"caption":"[Photo: Brooke Lark \/ Unsplash]"},{"@type":"BreadcrumbList","@id":"https:\/\/interamerica.org\/es\/2025\/06\/vivir-el-mensaje-de-un-bocado-a-la-vez\/#breadcrumb","itemListElement":[{"@type":"ListItem","position":1,"name":"Home","item":"https:\/\/interamerica.org\/es\/"},{"@type":"ListItem","position":2,"name":"Vivir el mensaje, de un bocado a la vez"}]},{"@type":"WebSite","@id":"https:\/\/interamerica.org\/es\/#website","url":"https:\/\/interamerica.org\/es\/","name":"Iglesia Adventista del S\u00e9ptimo D\u00eda - Divisi\u00f3n Interamericana","description":"","potentialAction":[{"@type":"SearchAction","target":{"@type":"EntryPoint","urlTemplate":"https:\/\/interamerica.org\/es\/?s={search_term_string}"},"query-input":{"@type":"PropertyValueSpecification","valueRequired":true,"valueName":"search_term_string"}}],"inLanguage":"es"},{"@type":"Person","@id":"https:\/\/interamerica.org\/es\/#\/schema\/person\/29998f2bc2d8bd0d38662909289b54f1","name":"libna","image":{"@type":"ImageObject","inLanguage":"es","@id":"https:\/\/secure.gravatar.com\/avatar\/7c5bd30ae4b47a9ba3c856590957fd1d96dc588bf3ac05719d247e126840331f?s=96&d=mm&r=g","url":"https:\/\/secure.gravatar.com\/avatar\/7c5bd30ae4b47a9ba3c856590957fd1d96dc588bf3ac05719d247e126840331f?s=96&d=mm&r=g","contentUrl":"https:\/\/secure.gravatar.com\/avatar\/7c5bd30ae4b47a9ba3c856590957fd1d96dc588bf3ac05719d247e126840331f?s=96&d=mm&r=g","caption":"libna"}}]}},"_links":{"self":[{"href":"https:\/\/interamerica.org\/es\/wp-json\/wp\/v2\/posts\/129508","targetHints":{"allow":["GET"]}}],"collection":[{"href":"https:\/\/interamerica.org\/es\/wp-json\/wp\/v2\/posts"}],"about":[{"href":"https:\/\/interamerica.org\/es\/wp-json\/wp\/v2\/types\/post"}],"author":[{"embeddable":true,"href":"https:\/\/interamerica.org\/es\/wp-json\/wp\/v2\/users\/3"}],"replies":[{"embeddable":true,"href":"https:\/\/interamerica.org\/es\/wp-json\/wp\/v2\/comments?post=129508"}],"version-history":[{"count":0,"href":"https:\/\/interamerica.org\/es\/wp-json\/wp\/v2\/posts\/129508\/revisions"}],"wp:featuredmedia":[{"embeddable":true,"href":"https:\/\/interamerica.org\/es\/wp-json\/wp\/v2\/media\/129506"}],"wp:attachment":[{"href":"https:\/\/interamerica.org\/es\/wp-json\/wp\/v2\/media?parent=129508"}],"wp:term":[{"taxonomy":"category","embeddable":true,"href":"https:\/\/interamerica.org\/es\/wp-json\/wp\/v2\/categories?post=129508"},{"taxonomy":"post_tag","embeddable":true,"href":"https:\/\/interamerica.org\/es\/wp-json\/wp\/v2\/tags?post=129508"}],"curies":[{"name":"wp","href":"https:\/\/api.w.org\/{rel}","templated":true}]}}