{"id":130216,"date":"2025-07-04T22:37:20","date_gmt":"2025-07-05T02:37:20","guid":{"rendered":"https:\/\/interamerica.org\/?p=130216"},"modified":"2025-07-05T11:58:27","modified_gmt":"2025-07-05T15:58:27","slug":"erton-c-kohler-es-elegido-presidente-de-la-iglesia-adventista-mundial","status":"publish","type":"post","link":"https:\/\/interamerica.org\/es\/2025\/07\/erton-c-kohler-es-elegido-presidente-de-la-iglesia-adventista-mundial\/","title":{"rendered":"Erton C. K\u00f6hler es elegido presidente de la Iglesia Adventista mundial"},"content":{"rendered":"<p><div id=\"attachment_130226\" style=\"width: 950px\" class=\"wp-caption aligncenter\"><img fetchpriority=\"high\" decoding=\"async\" aria-describedby=\"caption-attachment-130226\" class=\" wp-image-130226\" src=\"https:\/\/interamerica.org\/wp-content\/uploads\/2025\/07\/ertonkohler-daniel-gallardo.jpg\" alt=\"\" width=\"940\" height=\"627\" srcset=\"https:\/\/interamerica.org\/wp-content\/uploads\/2025\/07\/ertonkohler-daniel-gallardo.jpg 1000w, https:\/\/interamerica.org\/wp-content\/uploads\/2025\/07\/ertonkohler-daniel-gallardo-300x200.jpg 300w, https:\/\/interamerica.org\/wp-content\/uploads\/2025\/07\/ertonkohler-daniel-gallardo-768x512.jpg 768w\" sizes=\"(max-width: 940px) 100vw, 940px\" \/><p id=\"caption-attachment-130226\" class=\"wp-caption-text\">Erton K\u00f6hler se dirige a la delegaci\u00f3n momentos despu\u00e9s de ser elegido presidente de la Iglesia Adventista del S\u00e9ptimo D\u00eda durante la Sesi\u00f3n de la Conferencia General de 2025, en San Luis, Misuri, Estados Unidos, el 4 de julio de 2025. [Foto: Daniel Gallardo\/DIA]<\/p><\/div><div id=\"attachment_130238\" style=\"width: 1010px\" class=\"wp-caption aligncenter\"><img decoding=\"async\" aria-describedby=\"caption-attachment-130238\" class=\"size-full wp-image-130238\" src=\"https:\/\/interamerica.org\/wp-content\/uploads\/2025\/07\/ertonk-family.jpg\" alt=\"\" width=\"1000\" height=\"667\" srcset=\"https:\/\/interamerica.org\/wp-content\/uploads\/2025\/07\/ertonk-family.jpg 1000w, https:\/\/interamerica.org\/wp-content\/uploads\/2025\/07\/ertonk-family-300x200.jpg 300w, https:\/\/interamerica.org\/wp-content\/uploads\/2025\/07\/ertonk-family-768x512.jpg 768w\" sizes=\"(max-width: 1000px) 100vw, 1000px\" \/><p id=\"caption-attachment-130238\" class=\"wp-caption-text\">Erton K\u00f6hler se dirige a la delegaci\u00f3n momentos despu\u00e9s de ser elegido presidente de la Iglesia Adventista del S\u00e9ptimo D\u00eda durante la Sesi\u00f3n de la Conferencia General de 2025, en San Luis, Misuri, Estados Unidos, el 4 de julio de 2025. Detr\u00e1s de \u00e9l est\u00e1n su esposa Adriene, su hija, su nuera y su hijo. [Foto: Daniel Gallardo\/DIA]<\/p><\/div><\/p>\n<p class=\"mt-2 font-serif text-theme-900 dark:text-white\/75\"><em>Los delegados globales afirman el liderazgo centrado en la misi\u00f3n de K\u00f6hler durante el 62\u00b0 Congreso de la Asociaci\u00f3n General.<\/em><\/p>\n<div class=\"flex flex-wrap items-center font-sans md:flex-nowrap gap-2 text-xs md:gap-4 md:text-sm dark:text-theme-100 text-theme-500 mt-8\">\n<div class=\"font-medium\"><time class=\"flex items-center gap-2\" datetime=\"2025-07-04T20:49:49.776Z\">4 de julio de 2025 | St. Louis, Missouri, Estados Unidos | Adventist News Network<\/time><\/div>\n<\/div>\n<div>\n<p class=\"text-start font-normal text-sm lg:text-base w-full\">Erton C. K\u00f6hler fue elegido para el cargo de presidente de la Asociaci\u00f3n General el 4 de julio de 2025, durante el 62\u00b0 Congreso de la Asociaci\u00f3n General en St. Louis, Missouri.<\/p>\n<p class=\"text-start font-normal text-sm lg:text-base w-full\">La elecci\u00f3n de K\u00f6hler marca el comienzo de su primer mandato como l\u00edder espiritual y administrativo de un movimiento mundial que abarca m\u00e1s de 200 pa\u00edses e incluye a m\u00e1s de 23 millones de miembros.<\/p>\n<p class=\"text-start font-normal text-sm lg:text-base w-full\">\u201cAntes de cualquier otra cosa, me gustar\u00eda decirles que avanzo renovando mi confianza en el Se\u00f1or y en la iglesia\u201d, dijo K\u00f6hler.<\/p>\n<div id=\"attachment_130192\" style=\"width: 940px\" class=\"wp-caption aligncenter\"><img decoding=\"async\" aria-describedby=\"caption-attachment-130192\" class=\"wp-image-130190\" src=\"https:\/\/interamerica.org\/wp-content\/uploads\/2025\/07\/ek-sh61751663355588.avif\" alt=\"\" width=\"930\" height=\"620\" \/><p id=\"caption-attachment-130192\" class=\"wp-caption-text\">Erton K\u00f6hler, reci\u00e9n elegido presidente de la Asociaci\u00f3n General, y su esposa Adriene, se ubican detr\u00e1s del escenario durante la presentaci\u00f3n de la Comisi\u00f3n de Nombramientos, durante la sesi\u00f3n administrativa de la tarde del 4 de julio de 2025.<\/p><\/div>\n<p class=\"text-start font-normal text-sm lg:text-base w-full\">La nominaci\u00f3n lleg\u00f3 a todo el cuerpo despu\u00e9s de una deliberaci\u00f3n con oraci\u00f3n por parte de la Comisi\u00f3n de Nombramientos, compuesta por delegados de cada una de las divisiones globales de la iglesia y campos adjuntos. La recomendaci\u00f3n de la comisi\u00f3n fue presentada a los delegados presentes, quienes votaron para confirmar la nominaci\u00f3n de K\u00f6hler durante la sesi\u00f3n administrativa en el Dome del America&#8217;s Center.<\/p>\n<h3 id=\"movilizando-la-iglesia-para-los-inalcanzados\" class=\"font-sans text-start font-normal text-2xl w-full\"><strong class=\"bold\">Movilizar la iglesia en pro de los no alcanzados<\/strong><\/h3>\n<p class=\"text-start font-normal text-sm lg:text-base w-full\">Desde su elecci\u00f3n para el cargo de secretario de la Asociaci\u00f3n General durante el Concilio de Primavera de 2021 celebrada en la sede de la iglesia en Silver Spring, Maryland, K\u00f6hler ha defendido un llamado audaz y prof\u00e9tico para que la iglesia global reenfoque su misi\u00f3n. Bajo su liderazgo, la iglesia lanz\u00f3 la iniciativa <a class=\"break-words hover:text-theme-700 dark:hover:text-theme-300 hover:underline text-theme-500 underline dark:text-theme-100\" href=\"https:\/\/am.adventistmission.org\/m360v12n4-10\" target=\"_blank\" rel=\"noopener\">Reenfoque Misionero<\/a>.<\/p>\n<p class=\"text-start font-normal text-sm lg:text-base w-full\">\u201cReenfoque Misionero es un proyecto &#8230; una iniciativa, un movimiento\u201d, dijo K\u00f6hler. \u201cPero m\u00e1s que todo, Reenfoque Misionero es un llamado a la integraci\u00f3n\u201d.<\/p>\n<div id=\"attachment_130195\" style=\"width: 904px\" class=\"wp-caption aligncenter\"><img loading=\"lazy\" decoding=\"async\" aria-describedby=\"caption-attachment-130195\" class=\"wp-image-130193\" src=\"https:\/\/interamerica.org\/wp-content\/uploads\/2025\/07\/ek-qay1751657832635.avif\" alt=\"\" width=\"894\" height=\"596\" \/><p id=\"caption-attachment-130195\" class=\"wp-caption-text\">Erton K\u00f6hler, secretario de la Asociaci\u00f3n General, destaca el viaje misionero \u201cEsperanza para Cuba\u201d, durante el Concilio Anual 2024 en Silver Spring, Maryland.<\/p><\/div>\n<p class=\"text-start font-normal text-sm lg:text-base w-full\">En su nuevo papel como presidente de la Asociaci\u00f3n General, se espera que K\u00f6hler contin\u00fae avanzando en ese marco impulsado por la misi\u00f3n, movilizando a los miembros para que se conviertan en formadores de disc\u00edpulos, alineando las operaciones de la iglesia con el ministerio de vanguardia, y fortaleciendo la voz prof\u00e9tica de la iglesia en un mundo que experimenta cambios veloces.<\/p>\n<h3 id=\"una-vida-anclada-en-el-ministerio\" class=\"fuente-sans texto-inicio font-normal texto-2xl w-full\"><strong class=\"negrita\">Una vida anclada en el ministerio<\/strong><\/h3>\n<p>De 1990 a 1994, K\u00f6hler se desempe\u00f1\u00f3 como pastor de una iglesia local en S\u00e3o Paulo. En 1995 fue elegido director de Ministerios Juveniles de la Asociaci\u00f3n de Rio Grande do Sul, y en 1998 se convirti\u00f3 en director de Ministerios Juveniles de la Uni\u00f3n del Nordeste Brasile\u00f1o. En julio de 2002, K\u00f6hler regres\u00f3 a la Asociaci\u00f3n de Rio Grande do Sul para desempe\u00f1arse como secretario de la conferencia. Al a\u00f1o siguiente fue elegido director de Ministerios Juveniles para los ocho pa\u00edses que componen la Divisi\u00f3n Sudamericana (SAD). Despu\u00e9s de prestar servicios durante cuatro a\u00f1os como director de j\u00f3venes, se convirti\u00f3 en presidente de la Divisi\u00f3n Sudamericana en 2007.<\/p>\n<p class=\"text-start font-normal text-sm lg:text-base w-full\">Nacido en el sur de Brasil, K\u00f6hler creci\u00f3 con el deseo de seguir los pasos de su padre, quien sirvi\u00f3 como pastor adventista. Complet\u00f3 una licenciatura en teolog\u00eda en el Instituto Adventista de Ense\u00f1anza (ahora Centro Universitario Adventista de San Pablo) en 1989 y se gradu\u00f3 de la misma instituci\u00f3n en 2008 con una maestr\u00eda en teolog\u00eda pastoral. Actualmente est\u00e1 cursando un Doctorado en Ministerio de la Universidad Andrews.<\/p>\n<div id=\"attachment_130198\" style=\"width: 880px\" class=\"wp-caption aligncenter\"><img loading=\"lazy\" decoding=\"async\" aria-describedby=\"caption-attachment-130198\" class=\"wp-image-130196\" src=\"https:\/\/interamerica.org\/wp-content\/uploads\/2025\/07\/ek-3to1751658582448.avif\" alt=\"\" width=\"870\" height=\"580\" \/><p id=\"caption-attachment-130198\" class=\"wp-caption-text\">Erton K\u00f6hler, secretario de la Asociaci\u00f3n General, habla durante el Concilio Europeo de Pastores 2024 en Belgrado, Serbia.<\/p><\/div>\n<p class=\"text-start font-normal text-sm lg:text-base w-full\">En abril de 2021, K\u00f6hler fue elegido secretario de la Asociaci\u00f3n General, uno de los tres funcionarios ejecutivos de la iglesia. En ese cargo, asesor\u00f3 a la Secretar\u00eda de Misi\u00f3n Adventista, la Secretar\u00eda de Archivos, Estad\u00edsticas e Investigaci\u00f3n y el Instituto de Misi\u00f3n Mundial. Su oficina es responsable de preparar los puntos de la agenda para las principales reuniones administrativas y comisiones, registrar las actas de las reuniones y coordinar el desarrollo y la revisi\u00f3n de los reglamentos laborales de la iglesia y el Manual de la Iglesia<\/p>\n<p class=\"text-start font-normal text-sm lg:text-base w-full\">K\u00f6hler est\u00e1 casado con Adriene Marques, que es enfermera, y la pareja tiene dos hijos. Juntos, han participado activamente en el ministerio, apoy\u00e1ndose y sirviendo juntos al visitar a los miembros de todo el mundo.<\/p>\n<img loading=\"lazy\" decoding=\"async\" class=\"aligncenter wp-image-130199\" src=\"https:\/\/interamerica.org\/wp-content\/uploads\/2025\/07\/ek-z0k1751658806664.avif\" alt=\"Erton K\u00f6hler, secretario de la Asociaci\u00f3n General, posa frente al globo terr\u00e1queo en la sede de la Asociaci\u00f3n General Adventista.\" width=\"953\" height=\"635\" \/>\n<h3 id=\"el-papel-del-presidente-de-GC\" class=\"fuente-sans texto-inicio font-normal texto-2xl w-full\"><strong class=\"negrita\">El papel del presidente de la Asociaci\u00f3n General<\/strong><\/h3>\n<p class=\"text-start font-normal text-sm lg:text-base w-full\">Como presidente de la Asociaci\u00f3n General, K\u00f6hler se desempe\u00f1a como l\u00edder administrativo de la Iglesia Adventista del S\u00e9ptimo D\u00eda, ayudando a dar forma a la visi\u00f3n estrat\u00e9gica, proporcionar claridad doctrinal y unificar diversas regiones en torno a una misi\u00f3n compartida. Preside la Junta Directiva de la Asociaci\u00f3n General, varias juntas directivas y colabora estrechamente con el liderazgo regional, representando a la iglesia en los principales eventos internacionales.<\/p>\n<p class=\"text-start font-normal text-sm lg:text-base w-full\">El presidente tambi\u00e9n desempe\u00f1a un papel clave en el fomento de las iniciativas misioneras globales, asegurando la consistencia de la ense\u00f1anza adventista y fortaleciendo las instituciones de educaci\u00f3n, salud y medios de comunicaci\u00f3n de la iglesia.<\/p>\n<div id=\"attachment_130204\" style=\"width: 945px\" class=\"wp-caption aligncenter\"><img loading=\"lazy\" decoding=\"async\" aria-describedby=\"caption-attachment-130204\" class=\"wp-image-130202\" src=\"https:\/\/interamerica.org\/wp-content\/uploads\/2025\/07\/ek-2yt1751659003940ek.avif\" alt=\"\" width=\"935\" height=\"623\" \/><p id=\"caption-attachment-130204\" class=\"wp-caption-text\">Paul H. Douglas, tesorero de la Asociaci\u00f3n General; Nancy Wilson, Ted N. C. Wilson, presidente de la GC; Adriene Marques, Erton K\u00f6hler, secretario de la Asociaci\u00f3n General; Magdiel E. P\u00e9rez Schulz, asistente del presidente de la Asociaci\u00f3n General.<\/p><\/div>\n<h3 id=\"Acerca de la iglesia adventista del s\u00e9ptimo d\u00eda\" class=\"font-sans text-start font-normal text-2xl w-full\"><strong class=\"bold\">Acerca de la Iglesia Adventista del S\u00e9ptimo D\u00eda<\/strong><\/h3>\n<p class=\"text-start font-normal text-sm lg:text-base w-full\">La Iglesia Adventista del S\u00e9ptimo D\u00eda ha sido una denominaci\u00f3n protestante global desde 1863, con m\u00e1s de 23 millones de miembros en todo el mundo. La iglesia sostiene la Biblia como su m\u00e1xima autoridad y busca ayudar a las personas a encontrar libertad, sanaci\u00f3n y esperanza en Jes\u00fas.<\/p>\n<\/div>\n<p>Traducci\u00f3n de Marcos Paseggi<\/p>\n","protected":false},"excerpt":{"rendered":"<p>Los delegados globales afirman el liderazgo centrado en la misi\u00f3n de K\u00f6hler durante el 62\u00b0 Congreso de la Asociaci\u00f3n General. 4 de julio de 2025 | St. Louis, Missouri, Estados&#8230;<\/p>\n","protected":false},"author":3,"featured_media":130238,"comment_status":"closed","ping_status":"closed","sticky":false,"template":"","format":"standard","meta":{"_acf_changed":false,"footnotes":""},"categories":[14,15],"tags":[],"class_list":["post-130216","post","type-post","status-publish","format-standard","has-post-thumbnail","hentry","category-de-la-iglesia-mundial","category-rss-espanol"],"acf":[],"yoast_head":"<!-- This site is optimized with the Yoast SEO plugin v27.3 - https:\/\/yoast.com\/product\/yoast-seo-wordpress\/ -->\n<title>Erton C. K\u00f6hler es elegido presidente de la Iglesia Adventista mundial - Iglesia Adventista del S\u00e9ptimo D\u00eda - Divisi\u00f3n Interamericana<\/title>\n<meta name=\"robots\" content=\"index, follow, max-snippet:-1, max-image-preview:large, max-video-preview:-1\" \/>\n<link rel=\"canonical\" href=\"https:\/\/interamerica.org\/es\/2025\/07\/erton-c-kohler-es-elegido-presidente-de-la-iglesia-adventista-mundial\/\" \/>\n<meta property=\"og:locale\" content=\"es_ES\" \/>\n<meta property=\"og:type\" content=\"article\" \/>\n<meta property=\"og:title\" content=\"Erton C. K\u00f6hler es elegido presidente de la Iglesia Adventista mundial - Iglesia Adventista del S\u00e9ptimo D\u00eda - Divisi\u00f3n Interamericana\" \/>\n<meta property=\"og:description\" content=\"Los delegados globales afirman el liderazgo centrado en la misi\u00f3n de K\u00f6hler durante el 62\u00b0 Congreso de la Asociaci\u00f3n General. 4 de julio de 2025 | St. Louis, Missouri, Estados...\" \/>\n<meta property=\"og:url\" content=\"https:\/\/interamerica.org\/es\/2025\/07\/erton-c-kohler-es-elegido-presidente-de-la-iglesia-adventista-mundial\/\" \/>\n<meta property=\"og:site_name\" content=\"Iglesia Adventista del S\u00e9ptimo D\u00eda - Divisi\u00f3n Interamericana\" \/>\n<meta property=\"article:published_time\" content=\"2025-07-05T02:37:20+00:00\" \/>\n<meta property=\"article:modified_time\" content=\"2025-07-05T15:58:27+00:00\" \/>\n<meta property=\"og:image\" content=\"https:\/\/interamerica.org\/wp-content\/uploads\/2025\/07\/ertonk-family.jpg\" \/>\n\t<meta property=\"og:image:width\" content=\"1000\" \/>\n\t<meta property=\"og:image:height\" content=\"667\" \/>\n\t<meta property=\"og:image:type\" content=\"image\/jpeg\" \/>\n<meta name=\"author\" content=\"libna\" \/>\n<meta name=\"twitter:card\" content=\"summary_large_image\" \/>\n<meta name=\"twitter:label1\" content=\"Escrito por\" \/>\n\t<meta name=\"twitter:data1\" content=\"libna\" \/>\n\t<meta name=\"twitter:label2\" content=\"Tiempo de lectura\" \/>\n\t<meta name=\"twitter:data2\" content=\"7 minutos\" \/>\n<script type=\"application\/ld+json\" class=\"yoast-schema-graph\">{\"@context\":\"https:\\\/\\\/schema.org\",\"@graph\":[{\"@type\":\"Article\",\"@id\":\"https:\\\/\\\/interamerica.org\\\/es\\\/2025\\\/07\\\/erton-c-kohler-es-elegido-presidente-de-la-iglesia-adventista-mundial\\\/#article\",\"isPartOf\":{\"@id\":\"https:\\\/\\\/interamerica.org\\\/es\\\/2025\\\/07\\\/erton-c-kohler-es-elegido-presidente-de-la-iglesia-adventista-mundial\\\/\"},\"author\":{\"name\":\"libna\",\"@id\":\"https:\\\/\\\/interamerica.org\\\/es\\\/#\\\/schema\\\/person\\\/29998f2bc2d8bd0d38662909289b54f1\"},\"headline\":\"Erton C. K\u00f6hler es elegido presidente de la Iglesia Adventista mundial\",\"datePublished\":\"2025-07-05T02:37:20+00:00\",\"dateModified\":\"2025-07-05T15:58:27+00:00\",\"mainEntityOfPage\":{\"@id\":\"https:\\\/\\\/interamerica.org\\\/es\\\/2025\\\/07\\\/erton-c-kohler-es-elegido-presidente-de-la-iglesia-adventista-mundial\\\/\"},\"wordCount\":1188,\"image\":{\"@id\":\"https:\\\/\\\/interamerica.org\\\/es\\\/2025\\\/07\\\/erton-c-kohler-es-elegido-presidente-de-la-iglesia-adventista-mundial\\\/#primaryimage\"},\"thumbnailUrl\":\"https:\\\/\\\/interamerica.org\\\/wp-content\\\/uploads\\\/2025\\\/07\\\/ertonk-family.jpg\",\"articleSection\":[\"Desde la iglesia mundial\",\"RSS Espa\u00f1ol\"],\"inLanguage\":\"es\"},{\"@type\":\"WebPage\",\"@id\":\"https:\\\/\\\/interamerica.org\\\/es\\\/2025\\\/07\\\/erton-c-kohler-es-elegido-presidente-de-la-iglesia-adventista-mundial\\\/\",\"url\":\"https:\\\/\\\/interamerica.org\\\/es\\\/2025\\\/07\\\/erton-c-kohler-es-elegido-presidente-de-la-iglesia-adventista-mundial\\\/\",\"name\":\"Erton C. K\u00f6hler es elegido presidente de la Iglesia Adventista mundial - Iglesia Adventista del S\u00e9ptimo D\u00eda - Divisi\u00f3n Interamericana\",\"isPartOf\":{\"@id\":\"https:\\\/\\\/interamerica.org\\\/es\\\/#website\"},\"primaryImageOfPage\":{\"@id\":\"https:\\\/\\\/interamerica.org\\\/es\\\/2025\\\/07\\\/erton-c-kohler-es-elegido-presidente-de-la-iglesia-adventista-mundial\\\/#primaryimage\"},\"image\":{\"@id\":\"https:\\\/\\\/interamerica.org\\\/es\\\/2025\\\/07\\\/erton-c-kohler-es-elegido-presidente-de-la-iglesia-adventista-mundial\\\/#primaryimage\"},\"thumbnailUrl\":\"https:\\\/\\\/interamerica.org\\\/wp-content\\\/uploads\\\/2025\\\/07\\\/ertonk-family.jpg\",\"datePublished\":\"2025-07-05T02:37:20+00:00\",\"dateModified\":\"2025-07-05T15:58:27+00:00\",\"author\":{\"@id\":\"https:\\\/\\\/interamerica.org\\\/es\\\/#\\\/schema\\\/person\\\/29998f2bc2d8bd0d38662909289b54f1\"},\"breadcrumb\":{\"@id\":\"https:\\\/\\\/interamerica.org\\\/es\\\/2025\\\/07\\\/erton-c-kohler-es-elegido-presidente-de-la-iglesia-adventista-mundial\\\/#breadcrumb\"},\"inLanguage\":\"es\",\"potentialAction\":[{\"@type\":\"ReadAction\",\"target\":[\"https:\\\/\\\/interamerica.org\\\/es\\\/2025\\\/07\\\/erton-c-kohler-es-elegido-presidente-de-la-iglesia-adventista-mundial\\\/\"]}]},{\"@type\":\"ImageObject\",\"inLanguage\":\"es\",\"@id\":\"https:\\\/\\\/interamerica.org\\\/es\\\/2025\\\/07\\\/erton-c-kohler-es-elegido-presidente-de-la-iglesia-adventista-mundial\\\/#primaryimage\",\"url\":\"https:\\\/\\\/interamerica.org\\\/wp-content\\\/uploads\\\/2025\\\/07\\\/ertonk-family.jpg\",\"contentUrl\":\"https:\\\/\\\/interamerica.org\\\/wp-content\\\/uploads\\\/2025\\\/07\\\/ertonk-family.jpg\",\"width\":1000,\"height\":667,\"caption\":\"[Photo: Daniel Gallardo\\\/IAD]\"},{\"@type\":\"BreadcrumbList\",\"@id\":\"https:\\\/\\\/interamerica.org\\\/es\\\/2025\\\/07\\\/erton-c-kohler-es-elegido-presidente-de-la-iglesia-adventista-mundial\\\/#breadcrumb\",\"itemListElement\":[{\"@type\":\"ListItem\",\"position\":1,\"name\":\"Home\",\"item\":\"https:\\\/\\\/interamerica.org\\\/es\\\/\"},{\"@type\":\"ListItem\",\"position\":2,\"name\":\"Erton C. K\u00f6hler es elegido presidente de la Iglesia Adventista mundial\"}]},{\"@type\":\"WebSite\",\"@id\":\"https:\\\/\\\/interamerica.org\\\/es\\\/#website\",\"url\":\"https:\\\/\\\/interamerica.org\\\/es\\\/\",\"name\":\"Iglesia Adventista del S\u00e9ptimo D\u00eda - Divisi\u00f3n Interamericana\",\"description\":\"\",\"potentialAction\":[{\"@type\":\"SearchAction\",\"target\":{\"@type\":\"EntryPoint\",\"urlTemplate\":\"https:\\\/\\\/interamerica.org\\\/es\\\/?s={search_term_string}\"},\"query-input\":{\"@type\":\"PropertyValueSpecification\",\"valueRequired\":true,\"valueName\":\"search_term_string\"}}],\"inLanguage\":\"es\"},{\"@type\":\"Person\",\"@id\":\"https:\\\/\\\/interamerica.org\\\/es\\\/#\\\/schema\\\/person\\\/29998f2bc2d8bd0d38662909289b54f1\",\"name\":\"libna\",\"image\":{\"@type\":\"ImageObject\",\"inLanguage\":\"es\",\"@id\":\"https:\\\/\\\/secure.gravatar.com\\\/avatar\\\/7c5bd30ae4b47a9ba3c856590957fd1d96dc588bf3ac05719d247e126840331f?s=96&d=mm&r=g\",\"url\":\"https:\\\/\\\/secure.gravatar.com\\\/avatar\\\/7c5bd30ae4b47a9ba3c856590957fd1d96dc588bf3ac05719d247e126840331f?s=96&d=mm&r=g\",\"contentUrl\":\"https:\\\/\\\/secure.gravatar.com\\\/avatar\\\/7c5bd30ae4b47a9ba3c856590957fd1d96dc588bf3ac05719d247e126840331f?s=96&d=mm&r=g\",\"caption\":\"libna\"}}]}<\/script>\n<!-- \/ Yoast SEO plugin. -->","yoast_head_json":{"title":"Erton C. K\u00f6hler es elegido presidente de la Iglesia Adventista mundial - Iglesia Adventista del S\u00e9ptimo D\u00eda - Divisi\u00f3n Interamericana","robots":{"index":"index","follow":"follow","max-snippet":"max-snippet:-1","max-image-preview":"max-image-preview:large","max-video-preview":"max-video-preview:-1"},"canonical":"https:\/\/interamerica.org\/es\/2025\/07\/erton-c-kohler-es-elegido-presidente-de-la-iglesia-adventista-mundial\/","og_locale":"es_ES","og_type":"article","og_title":"Erton C. K\u00f6hler es elegido presidente de la Iglesia Adventista mundial - Iglesia Adventista del S\u00e9ptimo D\u00eda - Divisi\u00f3n Interamericana","og_description":"Los delegados globales afirman el liderazgo centrado en la misi\u00f3n de K\u00f6hler durante el 62\u00b0 Congreso de la Asociaci\u00f3n General. 4 de julio de 2025 | St. Louis, Missouri, Estados...","og_url":"https:\/\/interamerica.org\/es\/2025\/07\/erton-c-kohler-es-elegido-presidente-de-la-iglesia-adventista-mundial\/","og_site_name":"Iglesia Adventista del S\u00e9ptimo D\u00eda - Divisi\u00f3n Interamericana","article_published_time":"2025-07-05T02:37:20+00:00","article_modified_time":"2025-07-05T15:58:27+00:00","og_image":[{"width":1000,"height":667,"url":"https:\/\/interamerica.org\/wp-content\/uploads\/2025\/07\/ertonk-family.jpg","type":"image\/jpeg"}],"author":"libna","twitter_card":"summary_large_image","twitter_misc":{"Escrito por":"libna","Tiempo de lectura":"7 minutos"},"schema":{"@context":"https:\/\/schema.org","@graph":[{"@type":"Article","@id":"https:\/\/interamerica.org\/es\/2025\/07\/erton-c-kohler-es-elegido-presidente-de-la-iglesia-adventista-mundial\/#article","isPartOf":{"@id":"https:\/\/interamerica.org\/es\/2025\/07\/erton-c-kohler-es-elegido-presidente-de-la-iglesia-adventista-mundial\/"},"author":{"name":"libna","@id":"https:\/\/interamerica.org\/es\/#\/schema\/person\/29998f2bc2d8bd0d38662909289b54f1"},"headline":"Erton C. K\u00f6hler es elegido presidente de la Iglesia Adventista mundial","datePublished":"2025-07-05T02:37:20+00:00","dateModified":"2025-07-05T15:58:27+00:00","mainEntityOfPage":{"@id":"https:\/\/interamerica.org\/es\/2025\/07\/erton-c-kohler-es-elegido-presidente-de-la-iglesia-adventista-mundial\/"},"wordCount":1188,"image":{"@id":"https:\/\/interamerica.org\/es\/2025\/07\/erton-c-kohler-es-elegido-presidente-de-la-iglesia-adventista-mundial\/#primaryimage"},"thumbnailUrl":"https:\/\/interamerica.org\/wp-content\/uploads\/2025\/07\/ertonk-family.jpg","articleSection":["Desde la iglesia mundial","RSS Espa\u00f1ol"],"inLanguage":"es"},{"@type":"WebPage","@id":"https:\/\/interamerica.org\/es\/2025\/07\/erton-c-kohler-es-elegido-presidente-de-la-iglesia-adventista-mundial\/","url":"https:\/\/interamerica.org\/es\/2025\/07\/erton-c-kohler-es-elegido-presidente-de-la-iglesia-adventista-mundial\/","name":"Erton C. K\u00f6hler es elegido presidente de la Iglesia Adventista mundial - Iglesia Adventista del S\u00e9ptimo D\u00eda - Divisi\u00f3n Interamericana","isPartOf":{"@id":"https:\/\/interamerica.org\/es\/#website"},"primaryImageOfPage":{"@id":"https:\/\/interamerica.org\/es\/2025\/07\/erton-c-kohler-es-elegido-presidente-de-la-iglesia-adventista-mundial\/#primaryimage"},"image":{"@id":"https:\/\/interamerica.org\/es\/2025\/07\/erton-c-kohler-es-elegido-presidente-de-la-iglesia-adventista-mundial\/#primaryimage"},"thumbnailUrl":"https:\/\/interamerica.org\/wp-content\/uploads\/2025\/07\/ertonk-family.jpg","datePublished":"2025-07-05T02:37:20+00:00","dateModified":"2025-07-05T15:58:27+00:00","author":{"@id":"https:\/\/interamerica.org\/es\/#\/schema\/person\/29998f2bc2d8bd0d38662909289b54f1"},"breadcrumb":{"@id":"https:\/\/interamerica.org\/es\/2025\/07\/erton-c-kohler-es-elegido-presidente-de-la-iglesia-adventista-mundial\/#breadcrumb"},"inLanguage":"es","potentialAction":[{"@type":"ReadAction","target":["https:\/\/interamerica.org\/es\/2025\/07\/erton-c-kohler-es-elegido-presidente-de-la-iglesia-adventista-mundial\/"]}]},{"@type":"ImageObject","inLanguage":"es","@id":"https:\/\/interamerica.org\/es\/2025\/07\/erton-c-kohler-es-elegido-presidente-de-la-iglesia-adventista-mundial\/#primaryimage","url":"https:\/\/interamerica.org\/wp-content\/uploads\/2025\/07\/ertonk-family.jpg","contentUrl":"https:\/\/interamerica.org\/wp-content\/uploads\/2025\/07\/ertonk-family.jpg","width":1000,"height":667,"caption":"[Photo: Daniel Gallardo\/IAD]"},{"@type":"BreadcrumbList","@id":"https:\/\/interamerica.org\/es\/2025\/07\/erton-c-kohler-es-elegido-presidente-de-la-iglesia-adventista-mundial\/#breadcrumb","itemListElement":[{"@type":"ListItem","position":1,"name":"Home","item":"https:\/\/interamerica.org\/es\/"},{"@type":"ListItem","position":2,"name":"Erton C. K\u00f6hler es elegido presidente de la Iglesia Adventista mundial"}]},{"@type":"WebSite","@id":"https:\/\/interamerica.org\/es\/#website","url":"https:\/\/interamerica.org\/es\/","name":"Iglesia Adventista del S\u00e9ptimo D\u00eda - Divisi\u00f3n Interamericana","description":"","potentialAction":[{"@type":"SearchAction","target":{"@type":"EntryPoint","urlTemplate":"https:\/\/interamerica.org\/es\/?s={search_term_string}"},"query-input":{"@type":"PropertyValueSpecification","valueRequired":true,"valueName":"search_term_string"}}],"inLanguage":"es"},{"@type":"Person","@id":"https:\/\/interamerica.org\/es\/#\/schema\/person\/29998f2bc2d8bd0d38662909289b54f1","name":"libna","image":{"@type":"ImageObject","inLanguage":"es","@id":"https:\/\/secure.gravatar.com\/avatar\/7c5bd30ae4b47a9ba3c856590957fd1d96dc588bf3ac05719d247e126840331f?s=96&d=mm&r=g","url":"https:\/\/secure.gravatar.com\/avatar\/7c5bd30ae4b47a9ba3c856590957fd1d96dc588bf3ac05719d247e126840331f?s=96&d=mm&r=g","contentUrl":"https:\/\/secure.gravatar.com\/avatar\/7c5bd30ae4b47a9ba3c856590957fd1d96dc588bf3ac05719d247e126840331f?s=96&d=mm&r=g","caption":"libna"}}]}},"_links":{"self":[{"href":"https:\/\/interamerica.org\/es\/wp-json\/wp\/v2\/posts\/130216","targetHints":{"allow":["GET"]}}],"collection":[{"href":"https:\/\/interamerica.org\/es\/wp-json\/wp\/v2\/posts"}],"about":[{"href":"https:\/\/interamerica.org\/es\/wp-json\/wp\/v2\/types\/post"}],"author":[{"embeddable":true,"href":"https:\/\/interamerica.org\/es\/wp-json\/wp\/v2\/users\/3"}],"replies":[{"embeddable":true,"href":"https:\/\/interamerica.org\/es\/wp-json\/wp\/v2\/comments?post=130216"}],"version-history":[{"count":0,"href":"https:\/\/interamerica.org\/es\/wp-json\/wp\/v2\/posts\/130216\/revisions"}],"wp:featuredmedia":[{"embeddable":true,"href":"https:\/\/interamerica.org\/es\/wp-json\/wp\/v2\/media\/130238"}],"wp:attachment":[{"href":"https:\/\/interamerica.org\/es\/wp-json\/wp\/v2\/media?parent=130216"}],"wp:term":[{"taxonomy":"category","embeddable":true,"href":"https:\/\/interamerica.org\/es\/wp-json\/wp\/v2\/categories?post=130216"},{"taxonomy":"post_tag","embeddable":true,"href":"https:\/\/interamerica.org\/es\/wp-json\/wp\/v2\/tags?post=130216"}],"curies":[{"name":"wp","href":"https:\/\/api.w.org\/{rel}","templated":true}]}}