{"id":130645,"date":"2025-07-10T20:39:56","date_gmt":"2025-07-11T00:39:56","guid":{"rendered":"https:\/\/interamerica.org\/?p=130645"},"modified":"2025-07-14T20:43:05","modified_gmt":"2025-07-15T00:43:05","slug":"viviendo-la-mision","status":"publish","type":"post","link":"https:\/\/interamerica.org\/es\/2025\/07\/viviendo-la-mision\/","title":{"rendered":"Viviendo la misi\u00f3n"},"content":{"rendered":"<p><em>A continuaci\u00f3n se presenta el informe quinquenal del presidente de la Divisi\u00f3n Interamericana durante el 62\u00b0 Congreso de la Asociaci\u00f3n General. Durante la sesi\u00f3n vespertina del 10 de julio se present\u00f3 un reporte en video basado en este informe. <\/em><\/p>\n<p>10 de julio de 2025 | Miami, Florida, Estados Unidos | Elie Henry, Noticias de la Divisi\u00f3n Interamericana y Adventist Review<\/p>\n<p>Cada respiraci\u00f3n que damos es evidencia de que nuestro Creador hace provisi\u00f3n para que podamos vivir. Y vivir no es solo respirar, sino experimentar el compa\u00f1erismo, disfrutar, regocijarse y estar agradecido.<\/p>\n<p>Viviendo la Misi\u00f3n es un concepto que adquiere un significado mucho m\u00e1s amplio. Ya no se trata solo de hacer o sentir, sino de integrar la voluntad de Dios a nuestra vida cotidiana. Cada estrategia, evento, esfuerzo e iniciativa en el territorio de la Divisi\u00f3n Interamericana cobra m\u00e1s sentido cuando vivimos la misi\u00f3n.<\/p>\n<p><div id=\"attachment_128190\" style=\"width: 966px\" class=\"wp-caption aligncenter\"><img fetchpriority=\"high\" decoding=\"async\" aria-describedby=\"caption-attachment-128190\" class=\" wp-image-128188\" src=\"https:\/\/interamerica.org\/wp-content\/uploads\/2025\/05\/baut-chiap122b-2.jpg\" alt=\"\" width=\"956\" height=\"659\" srcset=\"https:\/\/interamerica.org\/wp-content\/uploads\/2025\/05\/baut-chiap122b-2.jpg 1000w, https:\/\/interamerica.org\/wp-content\/uploads\/2025\/05\/baut-chiap122b-2-300x207.jpg 300w, https:\/\/interamerica.org\/wp-content\/uploads\/2025\/05\/baut-chiap122b-2-768x529.jpg 768w\" sizes=\"(max-width: 956px) 100vw, 956px\" \/><p id=\"caption-attachment-128190\" class=\"wp-caption-text\">Cientos de personas fueron bautizadas el 26 de abril de 2025 en Tuxtla Guti\u00e9rrez, Chiapas, como parte de los esfuerzos de evangelizaci\u00f3n que dieron la bienvenida a m\u00e1s de 23 mil nuevos miembros de enero a abril en toda la Uni\u00f3n Mexicana de Chiapas. Las 25 uniones de la Divisi\u00f3n Interamericana tambi\u00e9n se unieron en una campa\u00f1a sin precedentes. [Fotograf\u00eda: Daniel Gallardo\/DIA]<\/p><\/div><strong>Respondamos al llamado<\/strong><\/p>\n<p>Los miembros de iglesia en nuestras 25 uniones, habiendo respondido al llamado \u201cI Will Go\u201d (\u201cYo ir\u00e9\u201d), viajan desde edificios imponentes hasta los lugares m\u00e1s remotos para servir a los dem\u00e1s con amor. Est\u00e1n comprometidos a ense\u00f1ar y compartir las buenas nuevas de la salvaci\u00f3n, siempre esforz\u00e1ndose por reflejar el car\u00e1cter de Cristo y hacer realidad la promesa de Joel 2:28: \u201cDespu\u00e9s de esto, derramar\u00e9 mi Esp\u00edritu sobre todo ser humano.<br \/>\nLos hijos y las hijas de ustedes profetizar\u00e1n\u201d (NVI).<\/p>\n<p>Al vivir la misi\u00f3n en el hermoso territorio de Interam\u00e9rica, somos testigos de c\u00f3mo el Se\u00f1or ha bendecido a su iglesia. Hoy alabamos su nombre por el crecimiento, no solo en n\u00fameros, sino en vidas transformadas.<\/p>\n<p>Actualmente, la Divisi\u00f3n Interamericana cuenta con 157 campos locales, organizados en m\u00e1s de 25 mil iglesias y grupos, con un total de 3,7 millones de miembros. Este crecimiento es el resultado de la obra unida de pastores, laicos y aquellos que trabajan en instituciones y otros ministerios mientras responden con pasi\u00f3n al llamado de Dios.<\/p>\n<p><div id=\"attachment_130611\" style=\"width: 637px\" class=\"wp-caption aligncenter\"><img decoding=\"async\" aria-describedby=\"caption-attachment-130611\" class=\" wp-image-130609\" src=\"https:\/\/interamerica.org\/wp-content\/uploads\/2025\/07\/logo-living-orange-1.png\" alt=\"\" width=\"627\" height=\"620\" \/><p id=\"caption-attachment-130611\" class=\"wp-caption-text\">[Imagen: Divisi\u00f3n Interamericana]<\/p><\/div><strong>Un esp\u00edritu de generosidad<\/strong><\/p>\n<p>La actual situaci\u00f3n mundial, con sus tensiones pol\u00edticas y econ\u00f3micas, no ha detenido la fidelidad de nuestros hermanos y hermanas de Interam\u00e9rica. A trav\u00e9s de ellos, Dios realiza un milagro semanal de generosidad, permitiendo que la iglesia se convierta en un poderoso instrumento para bendecir al mundo.<\/p>\n<p>Vemos el amor y el compromiso con el que los miembros de la iglesia expresan su completa confianza en el proveedor divino al devolver sus diezmos y ofrendas. Este es un reflejo tangible de una comunidad de fe que no solo proclama el mensaje, sino que vive activamente la misi\u00f3n.<\/p>\n<p>Desde los confines del norte de Am\u00e9rica del Sur, en pa\u00edses como Colombia, Venezuela, Guyana, Surinam y la Guayana Francesa, hasta Am\u00e9rica Central, M\u00e9xico y las hermosas islas del Caribe, hombres y mujeres han respondido al llamado \u201cYo ir\u00e9\u201d, viviendo la misi\u00f3n con profundo compromiso y amor.<\/p>\n<p><div id=\"attachment_120429\" style=\"width: 880px\" class=\"wp-caption aligncenter\"><img decoding=\"async\" aria-describedby=\"caption-attachment-120429\" class=\" wp-image-120427\" src=\"https:\/\/interamerica.org\/wp-content\/uploads\/2024\/10\/allfamily-jamaica-header-1280-1024x640.jpg\" alt=\"\" width=\"870\" height=\"544\" srcset=\"https:\/\/interamerica.org\/wp-content\/uploads\/2024\/10\/allfamily-jamaica-header-1280-1024x640.jpg 1024w, https:\/\/interamerica.org\/wp-content\/uploads\/2024\/10\/allfamily-jamaica-header-1280-300x188.jpg 300w, https:\/\/interamerica.org\/wp-content\/uploads\/2024\/10\/allfamily-jamaica-header-1280-768x480.jpg 768w, https:\/\/interamerica.org\/wp-content\/uploads\/2024\/10\/allfamily-jamaica-header-1280.jpg 1280w\" sizes=\"(max-width: 870px) 100vw, 870px\" \/><p id=\"caption-attachment-120429\" class=\"wp-caption-text\">Los l\u00edderes de adoraci\u00f3n comienzan la celebraci\u00f3n de evangelismo \u201cToda la Familia en Misi\u00f3n\u201d en la iglesia adventista de Portmore en Portmore, St. Catherine, Jamaica el 28 de septiembre de 2024. El evento, transmitido en vivo y dirigido por la Divisi\u00f3n Interamericana, cont\u00f3 con cientos de bautismos en Jamaica y otras partes del territorio gracias a los esfuerzos dedicados de los miembros de la iglesia que han difundido el evangelio en sus comunidades durante ese a\u00f1o. [Fotograf\u00eda: Libna Stevens\/DIA]<\/p><\/div><strong>Toda la familia en misi\u00f3n<\/strong><\/p>\n<p>Este compromiso ha quedado claramente demostrado a medida que m\u00e1s miembros de iglesia y familias han adoptado el evangelismo personal y p\u00fablico en todos los niveles de la iglesia. Cada departamento y ministerio se ha unido bajo la iniciativa Toda la Familia en Misi\u00f3n, trabajando juntos para compartir el evangelio e involucrar a otros en la misi\u00f3n.<\/p>\n<p>Gracias a la notable participaci\u00f3n en este movimiento, m\u00e1s de un mill\u00f3n de laicos han prestado servicios como instructores b\u00edblicos, m\u00e1s de 250 mil familias han testificado a por lo menos otra familia, y 100 mil grupos peque\u00f1os han participado en la obra de evangelizaci\u00f3n. Miles m\u00e1s han contribuido a proyectos comunitarios, establecimiento de iglesias y esfuerzos sostenidos del ministerio de salud.<\/p>\n<p>Estas iniciativas, llevadas a cabo durante los dos \u00faltimos a\u00f1os, han culminado en importantes campa\u00f1as de cosecha, incluidas ceremonias bautismales coordinadas en todo el territorio. M\u00e1s de 800 mil nuevos miembros se han unido a la Iglesia Adventista del S\u00e9ptimo D\u00eda en la Divisi\u00f3n Interamericana durante el per\u00edodo 2020-2025.<\/p>\n<p>Desde su creaci\u00f3n en 1922, la Divisi\u00f3n Interamericana ha sido impulsada por un objetivo claro: ver que los miembros de la iglesia viven de manera activa la misi\u00f3n que Dios nos ha confiado. Este llamado est\u00e1 entretejido en el tejido mismo de lo que somos, como el aire que respiramos en los 42 pa\u00edses que forman nuestro mosaico de culturas din\u00e1micas, de r\u00e1pido crecimiento y profundamente conectadas. Lo que nos une es una vocaci\u00f3n colectiva: compartir el amor de Jes\u00fas y la esperanza de su pronto regreso.<\/p>\n<p><div id=\"attachment_129764\" style=\"width: 859px\" class=\"wp-caption aligncenter\"><img loading=\"lazy\" decoding=\"async\" aria-describedby=\"caption-attachment-129764\" class=\" wp-image-129762\" src=\"https:\/\/interamerica.org\/wp-content\/uploads\/2025\/07\/misael-artuanduaga-preaching-socu-2025.jpg\" alt=\"\" width=\"849\" height=\"583\" srcset=\"https:\/\/interamerica.org\/wp-content\/uploads\/2025\/07\/misael-artuanduaga-preaching-socu-2025.jpg 900w, https:\/\/interamerica.org\/wp-content\/uploads\/2025\/07\/misael-artuanduaga-preaching-socu-2025-300x206.jpg 300w, https:\/\/interamerica.org\/wp-content\/uploads\/2025\/07\/misael-artuanduaga-preaching-socu-2025-768x527.jpg 768w\" sizes=\"(max-width: 849px) 100vw, 849px\" \/><p id=\"caption-attachment-129764\" class=\"wp-caption-text\">Los creyentes se re\u00fanen en una iglesia adventista de madera mientras Misael Artunduaga dirige un estudio b\u00edblico. [Fotograf\u00eda: Libna Stevens\/DIA]<\/p><\/div><strong>Alcanzar \u00e1reas remotas<\/strong><\/p>\n<p>En las regiones m\u00e1s remotas de nuestro territorio, como las llanuras orientales del sur de Colombia, donde los caminos de tierra conducen a decenas de comunidades ind\u00edgenas, Misael Artunduaga, instructor b\u00edblico laico, ha estado viviendo la misi\u00f3n escuch\u00e1ndolos, conect\u00e1ndose y formando amistades con ellos. Misael conoci\u00f3 al l\u00edder de una de las comunidades ind\u00edgenas y le regal\u00f3 una Biblia, que pronto se convirti\u00f3 en un estudio de la Palabra de Dios.<\/p>\n<p>Viaja en su motocicleta dos, tres y a veces 13 horas a las muchas comunidades remotas, socializando e integr\u00e1ndose en su cultura, pescando con ellos, plantando yuca en sus peque\u00f1os jardines y cont\u00e1ndoles sobre Jes\u00fas mientras vive en sus comunidades durante semanas. Misael considera que su trabajo con las comunidades ind\u00edgenas es una de las experiencias m\u00e1s significativas y satisfactorias de su vida. Para \u00e9l, vivir la misi\u00f3n significa involucrarse con estos hermanos ind\u00edgenas, pasar tiempo con ellos, prepararlos para la segunda venida de Jes\u00fas.<\/p>\n<p>Gracias a la iniciativa de Misael, el evangelio ha llegado a 11 de las 67 comunidades ind\u00edgenas de la regi\u00f3n, y cerca de 700 personas han sido bautizadas all\u00ed. La iglesia ahora ha nombrado a un pastor local para ayudar a ministrar a las nuevas congregaciones formadas en la regi\u00f3n.<\/p>\n<p><div id=\"attachment_129780\" style=\"width: 1010px\" class=\"wp-caption aligncenter\"><img loading=\"lazy\" decoding=\"async\" aria-describedby=\"caption-attachment-129780\" class=\"size-full wp-image-129778\" src=\"https:\/\/interamerica.org\/wp-content\/uploads\/2025\/07\/misael-colombia-ethnic-group.jpg\" alt=\"\" width=\"1000\" height=\"696\" srcset=\"https:\/\/interamerica.org\/wp-content\/uploads\/2025\/07\/misael-colombia-ethnic-group.jpg 1000w, https:\/\/interamerica.org\/wp-content\/uploads\/2025\/07\/misael-colombia-ethnic-group-300x209.jpg 300w, https:\/\/interamerica.org\/wp-content\/uploads\/2025\/07\/misael-colombia-ethnic-group-768x535.jpg 768w\" sizes=\"(max-width: 1000px) 100vw, 1000px\" \/><p id=\"caption-attachment-129780\" class=\"wp-caption-text\">El instructor b\u00edblico laico Misael Artunduaga con una de las 11 comunidades \u00e9tnicas en las llanuras orientales del sur de Colombia a las que tambi\u00e9n ha estado ministrando con el evangelio durante seis a\u00f1os. [Fotograf\u00eda: Libna Stevens\/DIA]<\/p><\/div><strong>Un claro llamado<\/strong><\/p>\n<p>Roger Alleyne, un evangelista laico nacido y criado en la isla de Tobago, encontr\u00f3 un prop\u00f3sito claro al vivir la misi\u00f3n cuando era joven despu\u00e9s de experimentar la alegr\u00eda de una vida transformada en Cristo. Dej\u00f3 sus caminos imp\u00edos despu\u00e9s de escuchar a su abuela, quien lo crio, inst\u00e1ndolo a ir a la iglesia, a cualquier iglesia. Roger se encontr\u00f3 con una iglesia adventista, y fue all\u00ed donde comprendi\u00f3 de la segunda venida de Cristo y sinti\u00f3 un profundo compromiso de compartir esas buenas nuevas con todos los que lo rodeaban.<\/p>\n<p>Al darse cuenta de que ten\u00eda un claro llamado de Dios y al desear prepararse mejor como evangelista laico, Roger decidi\u00f3 estudiar teolog\u00eda mientras continuaba trabajando como t\u00e9cnico en una compa\u00f1\u00eda el\u00e9ctrica. Mientras visita hogares para su trabajo, encuentra personas que buscan la verdad, que anhelan algo que los satisfaga.<\/p>\n<p>Roger ha aprovechado cada oportunidad para compartir esperanza. Gracias a su amor por Cristo, ha llevado a cabo decenas de campa\u00f1as de evangelizaci\u00f3n en todo el Caribe y otras partes de la Divisi\u00f3n Interamericana, lo que ha hecho que m\u00e1s de 600 personas hayan entregado sus vidas a Cristo.<\/p>\n<p><div id=\"attachment_129792\" style=\"width: 938px\" class=\"wp-caption aligncenter\"><img loading=\"lazy\" decoding=\"async\" aria-describedby=\"caption-attachment-129792\" class=\" wp-image-129790\" src=\"https:\/\/interamerica.org\/wp-content\/uploads\/2025\/06\/roger-alleyne-goodnewssda-mar2025.jpg\" alt=\"\" width=\"928\" height=\"696\" srcset=\"https:\/\/interamerica.org\/wp-content\/uploads\/2025\/06\/roger-alleyne-goodnewssda-mar2025.jpg 950w, https:\/\/interamerica.org\/wp-content\/uploads\/2025\/06\/roger-alleyne-goodnewssda-mar2025-300x225.jpg 300w, https:\/\/interamerica.org\/wp-content\/uploads\/2025\/06\/roger-alleyne-goodnewssda-mar2025-768x576.jpg 768w\" sizes=\"(max-width: 928px) 100vw, 928px\" \/><p id=\"caption-attachment-129792\" class=\"wp-caption-text\">El evangelista laico Roger Alleyne hace un llamado al altar durante el final de un mensaje de campa\u00f1a de evangelizaci\u00f3n en la iglesia adventista Good News en Scarborough, Tobago, el 15 de marzo de 2025. [Fotograf\u00eda: Libna Stevens\/DIA]<\/p><\/div><strong>Expansi\u00f3n de las Iglesias Misioneras Urbanas<\/strong><\/p>\n<p>Al otro lado del Mar Caribe, en la Ciudad de Panam\u00e1, Panam\u00e1, se encuentra Jonathan Pacheco, un radi\u00f3logo que se crio en la Iglesia Adventista pero que por un tiempo la abandon\u00f3. Alg\u00fan tiempo despu\u00e9s, \u00e9l y su familia comenzaron a asistir a la iglesia espor\u00e1dicamente y pasaron por una dolorosa crisis matrimonial durante ese per\u00edodo.<\/p>\n<p>Todo cambi\u00f3 cuando un amigo los invit\u00f3 a una nueva iglesia misionera urbana llamada Conexi\u00f3n 7. \u00c9l y su esposa sintieron la calidez de los miembros y les encant\u00f3 la visi\u00f3n de presentar el evangelio de una manera diferente e innovadora y decidieron ser parte de \u00e9l.<\/p>\n<p>Poco despu\u00e9s, Jonathan y su familia convirtieron su hogar en un espacio para el discipulado, donde la misi\u00f3n se vive a trav\u00e9s de conversaciones, risas, actividades sociales, estudio de la Biblia y mucha oraci\u00f3n.<\/p>\n<p><div id=\"attachment_129819\" style=\"width: 929px\" class=\"wp-caption aligncenter\"><img loading=\"lazy\" decoding=\"async\" aria-describedby=\"caption-attachment-129819\" class=\" wp-image-129817\" src=\"https:\/\/interamerica.org\/wp-content\/uploads\/2025\/06\/jonathan-pacheco-conexion7-study.jpg\" alt=\"\" width=\"919\" height=\"585\" srcset=\"https:\/\/interamerica.org\/wp-content\/uploads\/2025\/06\/jonathan-pacheco-conexion7-study.jpg 1000w, https:\/\/interamerica.org\/wp-content\/uploads\/2025\/06\/jonathan-pacheco-conexion7-study-300x191.jpg 300w, https:\/\/interamerica.org\/wp-content\/uploads\/2025\/06\/jonathan-pacheco-conexion7-study-768x489.jpg 768w\" sizes=\"(max-width: 919px) 100vw, 919px\" \/><p id=\"caption-attachment-129819\" class=\"wp-caption-text\">Jonathan Pacheco dirige una lecci\u00f3n de estudio b\u00edblico en la iglesia misionera urbana Conexi\u00f3n 7 en la ciudad de Panam\u00e1, Panam\u00e1, el 22 de marzo de 2025. [Fotograf\u00eda: Libna Stevens\/DIA]<\/p><\/div>Hoy d\u00eda, la familia Pacheco est\u00e1 participando activamente en la misi\u00f3n, compartiendo el evangelio con profesionales, vecinos y amigos en su grupo peque\u00f1o. Varios ya han sido bautizados, y el grupo se ha expandido para convertirse en una segunda iglesia misionera urbana en Panam\u00e1 este a\u00f1o.<\/p>\n<p>Para Jonathan y su familia, vivir la misi\u00f3n significa que otros pueden aprender por medio de \u00e9l y su familia qu\u00e9 es realmente el amor de Dios.<\/p>\n<p><strong>Ayuda a las comunidades vulnerables<\/strong><\/p>\n<p>En la ciudad de Tapachula, en Chiapas, M\u00e9xico, por donde miles de migrantes pasan enfrentando la incertidumbre, el peligro y el dolor, Tanya L\u00f3pez, una joven m\u00e9dica, ha estado compartiendo compasi\u00f3n y servicio a trav\u00e9s de un proyecto de ADRA M\u00e9xico durante tres a\u00f1os. Su traves\u00eda en busca de c\u00f3mo vivir la misi\u00f3n comenz\u00f3 despu\u00e9s de que un colega m\u00e9dico la invitara a un grupo peque\u00f1o de j\u00f3venes en Guadalajara, en el norte de M\u00e9xico.<\/p>\n<p><div id=\"attachment_129816\" style=\"width: 949px\" class=\"wp-caption aligncenter\"><img loading=\"lazy\" decoding=\"async\" aria-describedby=\"caption-attachment-129816\" class=\" wp-image-129814\" src=\"https:\/\/interamerica.org\/wp-content\/uploads\/2025\/06\/jonathan-pachecho-home-group-meetng.jpg\" alt=\"\" width=\"939\" height=\"614\" srcset=\"https:\/\/interamerica.org\/wp-content\/uploads\/2025\/06\/jonathan-pachecho-home-group-meetng.jpg 1000w, https:\/\/interamerica.org\/wp-content\/uploads\/2025\/06\/jonathan-pachecho-home-group-meetng-300x196.jpg 300w, https:\/\/interamerica.org\/wp-content\/uploads\/2025\/06\/jonathan-pachecho-home-group-meetng-768x502.jpg 768w\" sizes=\"(max-width: 939px) 100vw, 939px\" \/><p id=\"caption-attachment-129816\" class=\"wp-caption-text\">El grupo peque\u00f1o se re\u00fane el 21 de marzo en el patio trasero de la casa de Jonathan y Tatiana Pacheco para confraternizar, estudiar la Biblia y orar, como parte de la obra misionera continua en el contexto urbano de Ciudad de Panam\u00e1, Panam\u00e1. [Fotograf\u00eda: Equipo de Comunicaci\u00f3n de la DIA]<\/p><\/div>Como cat\u00f3lica devota, qued\u00f3 impresionada con la amabilidad y la conexi\u00f3n pac\u00edfica en ese grupo peque\u00f1o. Poco despu\u00e9s, comenz\u00f3 a participar en los proyectos comunitarios de la Iglesia Adventista para llegar a las comunidades necesitadas donde se contaban historias b\u00edblicas, se entonaban c\u00e1nticos para los ni\u00f1os, y los voluntarios de ADRA ofrec\u00edan servicios m\u00e9dicos gratuitos. Pronto comenz\u00f3 a participar en las brigadas m\u00e9dicas de ADRA, donde se desempe\u00f1\u00f3 como m\u00e9dica. La c\u00e1lida bienvenida de los j\u00f3venes y su ejemplo de implicaci\u00f3n en la misi\u00f3n fortalecieron la incipiente fe de Tanya y despertaron dos de sus sue\u00f1os de infancia: trabajar con ni\u00f1os y servir a las comunidades vulnerables.<\/p>\n<p>All\u00ed, en medio del servicio, no solo se involucr\u00f3 en la obra a trav\u00e9s de ADRA, sino que tambi\u00e9n entreg\u00f3 su vida a Jes\u00fas. Tanya ha visto llegar a familias: ni\u00f1os, adolescentes que viajan solos, mujeres embarazadas, mujeres que han sufrido abusos durante su viaje, solo por ser migrantes.<\/p>\n<p><div id=\"attachment_129942\" style=\"width: 929px\" class=\"wp-caption aligncenter\"><img loading=\"lazy\" decoding=\"async\" aria-describedby=\"caption-attachment-129942\" class=\" wp-image-129940\" src=\"https:\/\/interamerica.org\/wp-content\/uploads\/2025\/07\/tanya-lopez-consultation.png\" alt=\"\" width=\"919\" height=\"562\" srcset=\"https:\/\/interamerica.org\/wp-content\/uploads\/2025\/07\/tanya-lopez-consultation.png 1000w, https:\/\/interamerica.org\/wp-content\/uploads\/2025\/07\/tanya-lopez-consultation-300x183.png 300w, https:\/\/interamerica.org\/wp-content\/uploads\/2025\/07\/tanya-lopez-consultation-768x469.png 768w\" sizes=\"(max-width: 919px) 100vw, 919px\" \/><p id=\"caption-attachment-129942\" class=\"wp-caption-text\">La Dra. Tanya L\u00f3pez sonr\u00ede mientras se relaciona con un ni\u00f1o durante una consulta m\u00e9dica en una cl\u00ednica de ADRA en Tapachula, M\u00e9xico, mostrando as\u00ed su compromiso con el cuidado de las familias migrantes. [Fotograf\u00eda: Comunicaci\u00f3n de la DIA]<\/p><\/div>Hay casos que la hacen llorar, pero recuerda lo que Jes\u00fas hizo por las personas, independientemente de su procedencia o de lo que hubieran hecho. Ella sabe que Dios traz\u00f3 su camino para compartir la compasi\u00f3n y el amor con cada encuentro, con cada paciente que cuida.<\/p>\n<p>Para Tanya, vivir la misi\u00f3n significa responder al llamado de Jes\u00fas a servir a las personas y vivir con amor y compromiso. Cuando j\u00f3venes profesionales como Tanya integran su vocaci\u00f3n con un llamado espiritual, la misi\u00f3n se mantiene viva.<\/p>\n<p>Cada una de estas historias representa solo un vistazo de lo que los miembros del gran ej\u00e9rcito de Dios de Interam\u00e9rica est\u00e1n haciendo, comprometi\u00e9ndose profundamente y siendo utilizados como instrumentos valiosos en las manos del Se\u00f1or.<\/p>\n<p><div id=\"attachment_129945\" style=\"width: 953px\" class=\"wp-caption aligncenter\"><img loading=\"lazy\" decoding=\"async\" aria-describedby=\"caption-attachment-129945\" class=\" wp-image-129943\" src=\"https:\/\/interamerica.org\/wp-content\/uploads\/2025\/07\/tanya-lopez-kid-playing.png\" alt=\"\" width=\"943\" height=\"531\" srcset=\"https:\/\/interamerica.org\/wp-content\/uploads\/2025\/07\/tanya-lopez-kid-playing.png 1000w, https:\/\/interamerica.org\/wp-content\/uploads\/2025\/07\/tanya-lopez-kid-playing-300x169.png 300w, https:\/\/interamerica.org\/wp-content\/uploads\/2025\/07\/tanya-lopez-kid-playing-768x432.png 768w\" sizes=\"(max-width: 943px) 100vw, 943px\" \/><p id=\"caption-attachment-129945\" class=\"wp-caption-text\">La Dra. Tanya L\u00f3pez comparte un momento de juego con un ni\u00f1o peque\u00f1o durante una consulta m\u00e9dica en Tapachula, M\u00e9xico. [Fotograf\u00eda: Comunicaci\u00f3n de la DIA]<\/p><\/div><strong>Compromiso de todo coraz\u00f3n<\/strong><\/p>\n<p>Esa es la pasi\u00f3n de nuestros miembros mientras viven la misi\u00f3n, llenos de esperanza y compromiso incondicional.<\/p>\n<p>Hay familias e individuos cuya fe activa los impulsa a comprometerse con la innovaci\u00f3n y la creatividad, utilizando todos los medios disponibles a su disposici\u00f3n. Apoyan a instituciones como editoriales, hospitales, f\u00e1bricas de alimentos saludables, el sistema educativo, la radio, la televisi\u00f3n y el evangelismo digital, llegando a m\u00e1s personas cada d\u00eda.<\/p>\n<p>Desde los cientos de ciclistas adventistas en Colombia que involucran a otros ciclistas y miembros de la comunidad mediante la iniciativa \u201cQuiero vivir sano\u201d hasta los muchos miembros de la iglesia en todo M\u00e9xico que participan en caminatas y carreras de 5 kil\u00f3metros, el movimiento por una vida m\u00e1s saludable se hace m\u00e1s fuerte cada d\u00eda. Esta misma pasi\u00f3n impulsa una red de f\u00e1bricas de alimentos saludables que producen cientos de productos alimentarios saludables en toda la Divisi\u00f3n Interamericana.<\/p>\n<p><div id=\"attachment_130616\" style=\"width: 967px\" class=\"wp-caption aligncenter\"><img loading=\"lazy\" decoding=\"async\" aria-describedby=\"caption-attachment-130616\" class=\" wp-image-130614\" src=\"https:\/\/interamerica.org\/wp-content\/uploads\/2025\/07\/cyclists-south-colombia-1024x640.jpg\" alt=\"\" width=\"957\" height=\"598\" srcset=\"https:\/\/interamerica.org\/wp-content\/uploads\/2025\/07\/cyclists-south-colombia-1024x640.jpg 1024w, https:\/\/interamerica.org\/wp-content\/uploads\/2025\/07\/cyclists-south-colombia-300x188.jpg 300w, https:\/\/interamerica.org\/wp-content\/uploads\/2025\/07\/cyclists-south-colombia-768x480.jpg 768w, https:\/\/interamerica.org\/wp-content\/uploads\/2025\/07\/cyclists-south-colombia.jpg 1280w\" sizes=\"(max-width: 957px) 100vw, 957px\" \/><p id=\"caption-attachment-130616\" class=\"wp-caption-text\">Un equipo de ciclistas adventistas recorri\u00f3 Colombia del 11 al 15 de octubre de 2023, cubriendo 420 kilom\u00e9tros como parte de la iniciativa \u201cEsperanza sobre ruedas\u201d, compartiendo libros, agua y aliento. [Fotograf\u00eda: Uni\u00f3n Colombiana del Sur]<\/p><\/div>La misi\u00f3n contin\u00faa prosperando por medio de decenas de vibrantes iglesias misioneras urbanas, centros de influencia que sirven a diversos grupos de personas, m\u00e1s de 900 escuelas primarias y secundarias, 14 universidades y 12 hospitales. Tambi\u00e9n llega a los corazones mediante decenas de estaciones de radio y la red de televisi\u00f3n Hope Channel Interam\u00e9rica, junto con sus 19 centros de medios de comunicaci\u00f3n en todo el territorio, todos trabajando juntos para inculcar la esperanza del evangelio e invitar a otros para que participen en Vivir la Misi\u00f3n.<\/p>\n<p>Para fortalecer a\u00fan m\u00e1s este esfuerzo misionero en curso, la Divisi\u00f3n Interamericana y sus 25 uniones se han comprometido con la iniciativa de Reenfoque Misionero de la iglesia en este trienio en colaboraci\u00f3n con l\u00edderes de ocho divisiones de la iglesia mundial. Se han destinado recursos para apoyar a los obreros locales en el evangelismo, patrocinar parejas misioneras, financiar equipos de plantaci\u00f3n de iglesias, construir iglesias, proporcionar Biblias y literatura, apoyar la infraestructura escolar y ofrecer estipendios estudiantiles y m\u00e1s.<\/p>\n<p><div id=\"attachment_130621\" style=\"width: 984px\" class=\"wp-caption aligncenter\"><img loading=\"lazy\" decoding=\"async\" aria-describedby=\"caption-attachment-130621\" class=\" wp-image-130619\" src=\"https:\/\/interamerica.org\/wp-content\/uploads\/2025\/07\/mission-refocus-um2024-1024x682.jpg\" alt=\"\" width=\"974\" height=\"649\" srcset=\"https:\/\/interamerica.org\/wp-content\/uploads\/2025\/07\/mission-refocus-um2024-1024x682.jpg 1024w, https:\/\/interamerica.org\/wp-content\/uploads\/2025\/07\/mission-refocus-um2024-300x200.jpg 300w, https:\/\/interamerica.org\/wp-content\/uploads\/2025\/07\/mission-refocus-um2024-768x512.jpg 768w, https:\/\/interamerica.org\/wp-content\/uploads\/2025\/07\/mission-refocus-um2024-1536x1024.jpg 1536w, https:\/\/interamerica.org\/wp-content\/uploads\/2025\/07\/mission-refocus-um2024.jpg 2000w\" sizes=\"(max-width: 974px) 100vw, 974px\" \/><p id=\"caption-attachment-130621\" class=\"wp-caption-text\">Los administradores de la Divisi\u00f3n Interamericana expresan su compromiso de financiar iniciativas de Reenfoque Misionero en todo el mundo durante el Festival de Reenfoque Misionero en la Universidad de Montemorelos en M\u00e9xico, el 9 de noviembre de 2024, como parte de las reuniones de la Junta Directiva de Fin de A\u00f1o. [Fotograf\u00eda: Libna Stevens\/DIA]<\/p><\/div>Esta colaboraci\u00f3n en la estrategia de Reenfoque de la Misi\u00f3n ha profundizado el compromiso de la Divisi\u00f3n Interamericana con la misi\u00f3n, impulsando los esfuerzos para duplicar el apoyo financiero para las iniciativas globales de misi\u00f3n y evangelismo durante los pr\u00f3ximos cinco a\u00f1os.<\/p>\n<p><strong>Abrazar la Gran Comisi\u00f3n<\/strong><\/p>\n<p>La Divisi\u00f3n Interamericana abraza la identidad descrita en 1 Pedro 2:9: como un pueblo elegido, un sacerdocio real, una naci\u00f3n santa, la posesi\u00f3n especial de Dios llamada a declarar las alabanzas de Aquel que nos sac\u00f3 de las tinieblas a su luz maravillosa. Ese llamado divino modela nuestra misi\u00f3n, que es la de reflejar la gloria de Dios, llegar a todos los rincones de nuestro territorio y guiar a otros a la luz de Cristo por medio de la educaci\u00f3n, el servicio y la evangelizaci\u00f3n.<\/p>\n<p>El tiempo apremia, y muchos a\u00fan no han o\u00eddo hablar de Jes\u00fas. \u00a1\u00c9l quiere que se salven! Con gran humildad y profunda gratitud le ofrecemos nuestras alabanzas por invitarnos a ser parte de su misi\u00f3n.<\/p>\n<p>Continuamos predicando esperanza, sirviendo con dedicaci\u00f3n y educando con fe, manteniendo nuestros ojos en la cruz y nuestros corazones enfocados en la misi\u00f3n, hasta que Cristo regrese y toda lengua confiese que Jesucristo es el Se\u00f1or.<\/p>\n<p>\u00a1Maranata!<\/p>\n<p>Para ver el Informe Quinquenal de la Divisi\u00f3n Interamericana de 2020-2025, ingrese<\/p>\n<p><a href=\"https:\/\/www.youtube.com\/watch?v=arJ28HrOgxI\">AQU\u00cd<\/a> para ingl\u00e9s<\/p>\n<p><a href=\"https:\/\/www.youtube.com\/watch?v=d7SRzQKbsV4\">AQU\u00cd<\/a> para espa\u00f1ol<\/p>\n<p><a href=\"https:\/\/www.youtube.com\/watch?v=3TgZjKqG_as\">AQU\u00cd<\/a> para franc\u00e9s<\/p>\n<p>Traducci\u00f3n de Marcos Paseggi<\/p>\n","protected":false},"excerpt":{"rendered":"<p>A continuaci\u00f3n se presenta el informe quinquenal del presidente de la Divisi\u00f3n Interamericana durante el 62\u00b0 Congreso de la Asociaci\u00f3n General. Durante la sesi\u00f3n vespertina del 10 de julio se&#8230;<\/p>\n","protected":false},"author":3,"featured_media":130640,"comment_status":"closed","ping_status":"closed","sticky":false,"template":"","format":"standard","meta":{"_acf_changed":false,"footnotes":""},"categories":[16,15],"tags":[],"class_list":["post-130645","post","type-post","status-publish","format-standard","has-post-thumbnail","hentry","category-desde-la-sede","category-rss-espanol"],"acf":[],"yoast_head":"<!-- This site is optimized with the Yoast SEO plugin v27.3 - https:\/\/yoast.com\/product\/yoast-seo-wordpress\/ -->\n<title>Viviendo la misi\u00f3n - Iglesia Adventista del S\u00e9ptimo D\u00eda - Divisi\u00f3n Interamericana<\/title>\n<meta name=\"robots\" content=\"index, follow, max-snippet:-1, max-image-preview:large, max-video-preview:-1\" \/>\n<link rel=\"canonical\" href=\"https:\/\/interamerica.org\/es\/2025\/07\/viviendo-la-mision\/\" \/>\n<meta property=\"og:locale\" content=\"es_ES\" \/>\n<meta property=\"og:type\" content=\"article\" \/>\n<meta property=\"og:title\" content=\"Viviendo la misi\u00f3n - Iglesia Adventista del S\u00e9ptimo D\u00eda - Divisi\u00f3n Interamericana\" \/>\n<meta property=\"og:description\" content=\"A continuaci\u00f3n se presenta el informe quinquenal del presidente de la Divisi\u00f3n Interamericana durante el 62\u00b0 Congreso de la Asociaci\u00f3n General. Durante la sesi\u00f3n vespertina del 10 de julio se...\" \/>\n<meta property=\"og:url\" content=\"https:\/\/interamerica.org\/es\/2025\/07\/viviendo-la-mision\/\" \/>\n<meta property=\"og:site_name\" content=\"Iglesia Adventista del S\u00e9ptimo D\u00eda - Divisi\u00f3n Interamericana\" \/>\n<meta property=\"article:published_time\" content=\"2025-07-11T00:39:56+00:00\" \/>\n<meta property=\"article:modified_time\" content=\"2025-07-15T00:43:05+00:00\" \/>\n<meta property=\"og:image\" content=\"https:\/\/interamerica.org\/wp-content\/uploads\/2025\/07\/captura-de-pantalla-2025-07-10-a-las-53042pm-1024x563.png\" \/>\n\t<meta property=\"og:image:width\" content=\"1024\" \/>\n\t<meta property=\"og:image:height\" content=\"563\" \/>\n\t<meta property=\"og:image:type\" content=\"image\/png\" \/>\n<meta name=\"author\" content=\"libna\" \/>\n<meta name=\"twitter:card\" content=\"summary_large_image\" \/>\n<meta name=\"twitter:label1\" content=\"Escrito por\" \/>\n\t<meta name=\"twitter:data1\" content=\"libna\" \/>\n\t<meta name=\"twitter:label2\" content=\"Tiempo de lectura\" \/>\n\t<meta name=\"twitter:data2\" content=\"15 minutos\" \/>\n<script type=\"application\/ld+json\" class=\"yoast-schema-graph\">{\"@context\":\"https:\\\/\\\/schema.org\",\"@graph\":[{\"@type\":\"Article\",\"@id\":\"https:\\\/\\\/interamerica.org\\\/es\\\/2025\\\/07\\\/viviendo-la-mision\\\/#article\",\"isPartOf\":{\"@id\":\"https:\\\/\\\/interamerica.org\\\/es\\\/2025\\\/07\\\/viviendo-la-mision\\\/\"},\"author\":{\"name\":\"libna\",\"@id\":\"https:\\\/\\\/interamerica.org\\\/es\\\/#\\\/schema\\\/person\\\/29998f2bc2d8bd0d38662909289b54f1\"},\"headline\":\"Viviendo la misi\u00f3n\",\"datePublished\":\"2025-07-11T00:39:56+00:00\",\"dateModified\":\"2025-07-15T00:43:05+00:00\",\"mainEntityOfPage\":{\"@id\":\"https:\\\/\\\/interamerica.org\\\/es\\\/2025\\\/07\\\/viviendo-la-mision\\\/\"},\"wordCount\":3056,\"image\":{\"@id\":\"https:\\\/\\\/interamerica.org\\\/es\\\/2025\\\/07\\\/viviendo-la-mision\\\/#primaryimage\"},\"thumbnailUrl\":\"https:\\\/\\\/interamerica.org\\\/wp-content\\\/uploads\\\/2025\\\/07\\\/captura-de-pantalla-2025-07-10-a-las-53042pm-scaled.png\",\"articleSection\":[\"Desde la sede\",\"RSS Espa\u00f1ol\"],\"inLanguage\":\"es\"},{\"@type\":\"WebPage\",\"@id\":\"https:\\\/\\\/interamerica.org\\\/es\\\/2025\\\/07\\\/viviendo-la-mision\\\/\",\"url\":\"https:\\\/\\\/interamerica.org\\\/es\\\/2025\\\/07\\\/viviendo-la-mision\\\/\",\"name\":\"Viviendo la misi\u00f3n - Iglesia Adventista del S\u00e9ptimo D\u00eda - Divisi\u00f3n Interamericana\",\"isPartOf\":{\"@id\":\"https:\\\/\\\/interamerica.org\\\/es\\\/#website\"},\"primaryImageOfPage\":{\"@id\":\"https:\\\/\\\/interamerica.org\\\/es\\\/2025\\\/07\\\/viviendo-la-mision\\\/#primaryimage\"},\"image\":{\"@id\":\"https:\\\/\\\/interamerica.org\\\/es\\\/2025\\\/07\\\/viviendo-la-mision\\\/#primaryimage\"},\"thumbnailUrl\":\"https:\\\/\\\/interamerica.org\\\/wp-content\\\/uploads\\\/2025\\\/07\\\/captura-de-pantalla-2025-07-10-a-las-53042pm-scaled.png\",\"datePublished\":\"2025-07-11T00:39:56+00:00\",\"dateModified\":\"2025-07-15T00:43:05+00:00\",\"author\":{\"@id\":\"https:\\\/\\\/interamerica.org\\\/es\\\/#\\\/schema\\\/person\\\/29998f2bc2d8bd0d38662909289b54f1\"},\"breadcrumb\":{\"@id\":\"https:\\\/\\\/interamerica.org\\\/es\\\/2025\\\/07\\\/viviendo-la-mision\\\/#breadcrumb\"},\"inLanguage\":\"es\",\"potentialAction\":[{\"@type\":\"ReadAction\",\"target\":[\"https:\\\/\\\/interamerica.org\\\/es\\\/2025\\\/07\\\/viviendo-la-mision\\\/\"]}]},{\"@type\":\"ImageObject\",\"inLanguage\":\"es\",\"@id\":\"https:\\\/\\\/interamerica.org\\\/es\\\/2025\\\/07\\\/viviendo-la-mision\\\/#primaryimage\",\"url\":\"https:\\\/\\\/interamerica.org\\\/wp-content\\\/uploads\\\/2025\\\/07\\\/captura-de-pantalla-2025-07-10-a-las-53042pm-scaled.png\",\"contentUrl\":\"https:\\\/\\\/interamerica.org\\\/wp-content\\\/uploads\\\/2025\\\/07\\\/captura-de-pantalla-2025-07-10-a-las-53042pm-scaled.png\",\"width\":2560,\"height\":1408},{\"@type\":\"BreadcrumbList\",\"@id\":\"https:\\\/\\\/interamerica.org\\\/es\\\/2025\\\/07\\\/viviendo-la-mision\\\/#breadcrumb\",\"itemListElement\":[{\"@type\":\"ListItem\",\"position\":1,\"name\":\"Home\",\"item\":\"https:\\\/\\\/interamerica.org\\\/es\\\/\"},{\"@type\":\"ListItem\",\"position\":2,\"name\":\"Viviendo la misi\u00f3n\"}]},{\"@type\":\"WebSite\",\"@id\":\"https:\\\/\\\/interamerica.org\\\/es\\\/#website\",\"url\":\"https:\\\/\\\/interamerica.org\\\/es\\\/\",\"name\":\"Iglesia Adventista del S\u00e9ptimo D\u00eda - Divisi\u00f3n Interamericana\",\"description\":\"\",\"potentialAction\":[{\"@type\":\"SearchAction\",\"target\":{\"@type\":\"EntryPoint\",\"urlTemplate\":\"https:\\\/\\\/interamerica.org\\\/es\\\/?s={search_term_string}\"},\"query-input\":{\"@type\":\"PropertyValueSpecification\",\"valueRequired\":true,\"valueName\":\"search_term_string\"}}],\"inLanguage\":\"es\"},{\"@type\":\"Person\",\"@id\":\"https:\\\/\\\/interamerica.org\\\/es\\\/#\\\/schema\\\/person\\\/29998f2bc2d8bd0d38662909289b54f1\",\"name\":\"libna\",\"image\":{\"@type\":\"ImageObject\",\"inLanguage\":\"es\",\"@id\":\"https:\\\/\\\/secure.gravatar.com\\\/avatar\\\/7c5bd30ae4b47a9ba3c856590957fd1d96dc588bf3ac05719d247e126840331f?s=96&d=mm&r=g\",\"url\":\"https:\\\/\\\/secure.gravatar.com\\\/avatar\\\/7c5bd30ae4b47a9ba3c856590957fd1d96dc588bf3ac05719d247e126840331f?s=96&d=mm&r=g\",\"contentUrl\":\"https:\\\/\\\/secure.gravatar.com\\\/avatar\\\/7c5bd30ae4b47a9ba3c856590957fd1d96dc588bf3ac05719d247e126840331f?s=96&d=mm&r=g\",\"caption\":\"libna\"}}]}<\/script>\n<!-- \/ Yoast SEO plugin. -->","yoast_head_json":{"title":"Viviendo la misi\u00f3n - Iglesia Adventista del S\u00e9ptimo D\u00eda - Divisi\u00f3n Interamericana","robots":{"index":"index","follow":"follow","max-snippet":"max-snippet:-1","max-image-preview":"max-image-preview:large","max-video-preview":"max-video-preview:-1"},"canonical":"https:\/\/interamerica.org\/es\/2025\/07\/viviendo-la-mision\/","og_locale":"es_ES","og_type":"article","og_title":"Viviendo la misi\u00f3n - Iglesia Adventista del S\u00e9ptimo D\u00eda - Divisi\u00f3n Interamericana","og_description":"A continuaci\u00f3n se presenta el informe quinquenal del presidente de la Divisi\u00f3n Interamericana durante el 62\u00b0 Congreso de la Asociaci\u00f3n General. Durante la sesi\u00f3n vespertina del 10 de julio se...","og_url":"https:\/\/interamerica.org\/es\/2025\/07\/viviendo-la-mision\/","og_site_name":"Iglesia Adventista del S\u00e9ptimo D\u00eda - Divisi\u00f3n Interamericana","article_published_time":"2025-07-11T00:39:56+00:00","article_modified_time":"2025-07-15T00:43:05+00:00","og_image":[{"width":1024,"height":563,"url":"https:\/\/interamerica.org\/wp-content\/uploads\/2025\/07\/captura-de-pantalla-2025-07-10-a-las-53042pm-1024x563.png","type":"image\/png"}],"author":"libna","twitter_card":"summary_large_image","twitter_misc":{"Escrito por":"libna","Tiempo de lectura":"15 minutos"},"schema":{"@context":"https:\/\/schema.org","@graph":[{"@type":"Article","@id":"https:\/\/interamerica.org\/es\/2025\/07\/viviendo-la-mision\/#article","isPartOf":{"@id":"https:\/\/interamerica.org\/es\/2025\/07\/viviendo-la-mision\/"},"author":{"name":"libna","@id":"https:\/\/interamerica.org\/es\/#\/schema\/person\/29998f2bc2d8bd0d38662909289b54f1"},"headline":"Viviendo la misi\u00f3n","datePublished":"2025-07-11T00:39:56+00:00","dateModified":"2025-07-15T00:43:05+00:00","mainEntityOfPage":{"@id":"https:\/\/interamerica.org\/es\/2025\/07\/viviendo-la-mision\/"},"wordCount":3056,"image":{"@id":"https:\/\/interamerica.org\/es\/2025\/07\/viviendo-la-mision\/#primaryimage"},"thumbnailUrl":"https:\/\/interamerica.org\/wp-content\/uploads\/2025\/07\/captura-de-pantalla-2025-07-10-a-las-53042pm-scaled.png","articleSection":["Desde la sede","RSS Espa\u00f1ol"],"inLanguage":"es"},{"@type":"WebPage","@id":"https:\/\/interamerica.org\/es\/2025\/07\/viviendo-la-mision\/","url":"https:\/\/interamerica.org\/es\/2025\/07\/viviendo-la-mision\/","name":"Viviendo la misi\u00f3n - Iglesia Adventista del S\u00e9ptimo D\u00eda - Divisi\u00f3n Interamericana","isPartOf":{"@id":"https:\/\/interamerica.org\/es\/#website"},"primaryImageOfPage":{"@id":"https:\/\/interamerica.org\/es\/2025\/07\/viviendo-la-mision\/#primaryimage"},"image":{"@id":"https:\/\/interamerica.org\/es\/2025\/07\/viviendo-la-mision\/#primaryimage"},"thumbnailUrl":"https:\/\/interamerica.org\/wp-content\/uploads\/2025\/07\/captura-de-pantalla-2025-07-10-a-las-53042pm-scaled.png","datePublished":"2025-07-11T00:39:56+00:00","dateModified":"2025-07-15T00:43:05+00:00","author":{"@id":"https:\/\/interamerica.org\/es\/#\/schema\/person\/29998f2bc2d8bd0d38662909289b54f1"},"breadcrumb":{"@id":"https:\/\/interamerica.org\/es\/2025\/07\/viviendo-la-mision\/#breadcrumb"},"inLanguage":"es","potentialAction":[{"@type":"ReadAction","target":["https:\/\/interamerica.org\/es\/2025\/07\/viviendo-la-mision\/"]}]},{"@type":"ImageObject","inLanguage":"es","@id":"https:\/\/interamerica.org\/es\/2025\/07\/viviendo-la-mision\/#primaryimage","url":"https:\/\/interamerica.org\/wp-content\/uploads\/2025\/07\/captura-de-pantalla-2025-07-10-a-las-53042pm-scaled.png","contentUrl":"https:\/\/interamerica.org\/wp-content\/uploads\/2025\/07\/captura-de-pantalla-2025-07-10-a-las-53042pm-scaled.png","width":2560,"height":1408},{"@type":"BreadcrumbList","@id":"https:\/\/interamerica.org\/es\/2025\/07\/viviendo-la-mision\/#breadcrumb","itemListElement":[{"@type":"ListItem","position":1,"name":"Home","item":"https:\/\/interamerica.org\/es\/"},{"@type":"ListItem","position":2,"name":"Viviendo la misi\u00f3n"}]},{"@type":"WebSite","@id":"https:\/\/interamerica.org\/es\/#website","url":"https:\/\/interamerica.org\/es\/","name":"Iglesia Adventista del S\u00e9ptimo D\u00eda - Divisi\u00f3n Interamericana","description":"","potentialAction":[{"@type":"SearchAction","target":{"@type":"EntryPoint","urlTemplate":"https:\/\/interamerica.org\/es\/?s={search_term_string}"},"query-input":{"@type":"PropertyValueSpecification","valueRequired":true,"valueName":"search_term_string"}}],"inLanguage":"es"},{"@type":"Person","@id":"https:\/\/interamerica.org\/es\/#\/schema\/person\/29998f2bc2d8bd0d38662909289b54f1","name":"libna","image":{"@type":"ImageObject","inLanguage":"es","@id":"https:\/\/secure.gravatar.com\/avatar\/7c5bd30ae4b47a9ba3c856590957fd1d96dc588bf3ac05719d247e126840331f?s=96&d=mm&r=g","url":"https:\/\/secure.gravatar.com\/avatar\/7c5bd30ae4b47a9ba3c856590957fd1d96dc588bf3ac05719d247e126840331f?s=96&d=mm&r=g","contentUrl":"https:\/\/secure.gravatar.com\/avatar\/7c5bd30ae4b47a9ba3c856590957fd1d96dc588bf3ac05719d247e126840331f?s=96&d=mm&r=g","caption":"libna"}}]}},"_links":{"self":[{"href":"https:\/\/interamerica.org\/es\/wp-json\/wp\/v2\/posts\/130645","targetHints":{"allow":["GET"]}}],"collection":[{"href":"https:\/\/interamerica.org\/es\/wp-json\/wp\/v2\/posts"}],"about":[{"href":"https:\/\/interamerica.org\/es\/wp-json\/wp\/v2\/types\/post"}],"author":[{"embeddable":true,"href":"https:\/\/interamerica.org\/es\/wp-json\/wp\/v2\/users\/3"}],"replies":[{"embeddable":true,"href":"https:\/\/interamerica.org\/es\/wp-json\/wp\/v2\/comments?post=130645"}],"version-history":[{"count":0,"href":"https:\/\/interamerica.org\/es\/wp-json\/wp\/v2\/posts\/130645\/revisions"}],"wp:featuredmedia":[{"embeddable":true,"href":"https:\/\/interamerica.org\/es\/wp-json\/wp\/v2\/media\/130640"}],"wp:attachment":[{"href":"https:\/\/interamerica.org\/es\/wp-json\/wp\/v2\/media?parent=130645"}],"wp:term":[{"taxonomy":"category","embeddable":true,"href":"https:\/\/interamerica.org\/es\/wp-json\/wp\/v2\/categories?post=130645"},{"taxonomy":"post_tag","embeddable":true,"href":"https:\/\/interamerica.org\/es\/wp-json\/wp\/v2\/tags?post=130645"}],"curies":[{"name":"wp","href":"https:\/\/api.w.org\/{rel}","templated":true}]}}