{"id":130697,"date":"2025-07-12T00:01:39","date_gmt":"2025-07-12T04:01:39","guid":{"rendered":"https:\/\/interamerica.org\/?p=130697"},"modified":"2025-07-24T09:52:13","modified_gmt":"2025-07-24T13:52:13","slug":"interamerica-afirma-a-nuevos-lideres-para-los-proximos-cinco-anos-durante-el-congreso-de-la-asociacion-general","status":"publish","type":"post","link":"https:\/\/interamerica.org\/es\/2025\/07\/interamerica-afirma-a-nuevos-lideres-para-los-proximos-cinco-anos-durante-el-congreso-de-la-asociacion-general\/","title":{"rendered":"Interam\u00e9rica afirma a nuevos l\u00edderes para los pr\u00f3ximos cinco a\u00f1os durante el Congreso de la Asociaci\u00f3n General"},"content":{"rendered":"<div id=\"attachment_130671\" style=\"width: 1053px\" class=\"wp-caption aligncenter\"><img fetchpriority=\"high\" decoding=\"async\" aria-describedby=\"caption-attachment-130671\" class=\" wp-image-130669\" src=\"https:\/\/interamerica.org\/wp-content\/uploads\/2025\/07\/abnerdelossantos-iadcaucus-july10-gcs2025.jpg\" alt=\"\" width=\"1043\" height=\"696\" srcset=\"https:\/\/interamerica.org\/wp-content\/uploads\/2025\/07\/abnerdelossantos-iadcaucus-july10-gcs2025.jpg 1000w, https:\/\/interamerica.org\/wp-content\/uploads\/2025\/07\/abnerdelossantos-iadcaucus-july10-gcs2025-300x200.jpg 300w, https:\/\/interamerica.org\/wp-content\/uploads\/2025\/07\/abnerdelossantos-iadcaucus-july10-gcs2025-768x512.jpg 768w\" sizes=\"(max-width: 1043px) 100vw, 1043px\" \/><p id=\"caption-attachment-130671\" class=\"wp-caption-text\">El presidente de la Divisi\u00f3n Interamericana, el pastor Abner De Los Santos, lidera la Asamblea de Delegados de la Divisi\u00f3n Interamericana el 10 de julio de 2025 en St. Louis, Missouri, para presentar la primera lista de l\u00edderes votados para el per\u00edodo 2025-2030. El pastor Pierre Caporal, secretario ejecutivo de la Divisi\u00f3n Interamericana, aparece junto al pastor De los Santos durante la reuni\u00f3n de la asamblea de delegados en el Congreso de la Asociaci\u00f3n General. [Fotograf\u00eda: Daniel Gallardo\/DIA]<\/p><\/div>\n<p data-start=\"159\" data-end=\"307\"><em>Asamblea de Delegados de la Divisi\u00f3n Interamericana vota vicepresidentes y directores de departamento para liderar el crecimiento centrado en la misi\u00f3n hasta 2030.<\/em><\/p>\n<p>11 de julio de 2025 | St. Louis, Missouri, Estados Unidos | Libna Stevens, Noticias de la Divisi\u00f3n Interamericana<\/p>\n<p>Los delegados al 62\u00b0 Congreso de la Asociaci\u00f3n General de la Divisi\u00f3n Interamericana eligieron una nueva lista de vicepresidentes y directores de departamento para guiar a los 3,7 millones de miembros de la iglesia durante los pr\u00f3ximos cinco a\u00f1os. La reuni\u00f3n del 10 y 11 de julio reuni\u00f3 a 453 delegados de la Divisi\u00f3n Interamericana en St. Louis, Missouri, Estados Unidos, para afirmar el liderazgo para el per\u00edodo 2025-2030.<\/p>\n<p data-start=\"487\" data-end=\"854\">\u201cEstamos aqu\u00ed para comenzar un nuevo quinquenio y seguir avanzando en la misi\u00f3n\u201d, dijo el pastor Abner De los Santos, reci\u00e9n elegido presidente de la Divisi\u00f3n Interamericana. \u201cEstoy profundamente agradecido por la forma en que ha trabajado la comisi\u00f3n de nombramientos. Estoy seguro de que el Esp\u00edritu Santo se est\u00e1 moviendo\u201d.<\/p>\n<div id=\"attachment_130674\" style=\"width: 1049px\" class=\"wp-caption aligncenter\"><img decoding=\"async\" aria-describedby=\"caption-attachment-130674\" class=\" wp-image-130672\" src=\"https:\/\/interamerica.org\/wp-content\/uploads\/2025\/07\/iad-admin-july10-caucus-gcs2025.jpg\" alt=\"\" width=\"1039\" height=\"693\" srcset=\"https:\/\/interamerica.org\/wp-content\/uploads\/2025\/07\/iad-admin-july10-caucus-gcs2025.jpg 1000w, https:\/\/interamerica.org\/wp-content\/uploads\/2025\/07\/iad-admin-july10-caucus-gcs2025-300x200.jpg 300w, https:\/\/interamerica.org\/wp-content\/uploads\/2025\/07\/iad-admin-july10-caucus-gcs2025-768x512.jpg 768w\" sizes=\"(max-width: 1039px) 100vw, 1039px\" \/><p id=\"caption-attachment-130674\" class=\"wp-caption-text\">Administradores de la Divisi\u00f3n Interamericana (de izquierda a derecha): Ivelisse Herrera, tesorera; Abner De Los Santos, presidente; y Pierre Caporal, secretario ejecutivo, encabezaron la delegaci\u00f3n de la Divisi\u00f3n Interamericana durante una sesi\u00f3n especial el pasado 10 de julio de 2025. [Fotograf\u00eda: Daniel Gallardo\/DIA]<\/p><\/div>\n<p data-start=\"856\" data-end=\"1102\">De los Santos tambi\u00e9n expres\u00f3 su agradecimiento por las contribuciones de la administraci\u00f3n anterior. \u201cAgradecemos sinceramente a los l\u00edderes anteriores por su dedicaci\u00f3n y servicio\u201d, dijo. \u201cSu fiel trabajo ha sentado una base s\u00f3lida para el camino que tenemos por delante\u201d.<\/p>\n<p>El pastor Pierre Caporal, secretario ejecutivo, e Ivelisse Herrera, tesorera de la Divisi\u00f3n Interamericana, se comprometieron en servir a Dios y a su iglesia con dedicaci\u00f3n, pasi\u00f3n y compromiso inquebrantable durante los pr\u00f3ximos cinco a\u00f1os.<\/p>\n<div id=\"attachment_130691\" style=\"width: 1034px\" class=\"wp-caption aligncenter\"><img decoding=\"async\" aria-describedby=\"caption-attachment-130691\" class=\"size-large wp-image-130689\" src=\"https:\/\/interamerica.org\/wp-content\/uploads\/2025\/07\/iadcaucus-voting-july11-gcs2025-b-1024x640.jpg\" alt=\"\" width=\"1024\" height=\"640\" srcset=\"https:\/\/interamerica.org\/wp-content\/uploads\/2025\/07\/iadcaucus-voting-july11-gcs2025-b-1024x640.jpg 1024w, https:\/\/interamerica.org\/wp-content\/uploads\/2025\/07\/iadcaucus-voting-july11-gcs2025-b-300x188.jpg 300w, https:\/\/interamerica.org\/wp-content\/uploads\/2025\/07\/iadcaucus-voting-july11-gcs2025-b-768x480.jpg 768w, https:\/\/interamerica.org\/wp-content\/uploads\/2025\/07\/iadcaucus-voting-july11-gcs2025-b.jpg 1280w\" sizes=\"(max-width: 1024px) 100vw, 1024px\" \/><p id=\"caption-attachment-130691\" class=\"wp-caption-text\">Los delegados de la Divisi\u00f3n Interamericana levantan sus manos en aprobaci\u00f3n del liderazgo reci\u00e9n elegido para el per\u00edodo 2025-2030, el 11 de julio de 2025. [Fotograf\u00eda: Daniel Gallardo\/DIA]<\/p><\/div>\n<p data-start=\"487\" data-end=\"854\">Despu\u00e9s de una revisi\u00f3n exhaustiva, la comisi\u00f3n de nombramientos, compuesta por miembros de la asamblea de delegados de la Divisi\u00f3n Interamericana, present\u00f3 los nombres recomendados, que fueron votados por la delegaci\u00f3n. Los l\u00edderes electos servir\u00e1n en departamentos, ministerios y roles administrativos clave en la sede de la Divisi\u00f3n Interamericana durante los pr\u00f3ximos cinco a\u00f1os:<\/p>\n<ul>\n<li><strong>Vicepresidente:<\/strong> Balvin Braham, <em>en funciones<\/em><\/li>\n<li><strong>Vicepresidente:<\/strong> Tom\u00e1s Torres, <em>en funciones<\/em><\/li>\n<\/ul>\n<ul>\n<li><strong>Subsecretario:<\/strong> Alvaro Ni\u00f1o<\/li>\n<li><strong>Secretario asociado:<\/strong> Janelle Scantlebury<\/li>\n<\/ul>\n<ul>\n<li><strong>Subtesorero,<\/strong> Abilio Cima, <em>en ejercicio<\/em><\/li>\n<li><strong>Tesorero asociado:<\/strong>Juan Jos\u00e9 Mor\u00e1n, <em>en ejercicio<\/em><\/li>\n<li><strong>Tesorero asociado:<\/strong> Florencio Su\u00e1rez, <em>en ejercicio<\/em><\/li>\n<li><strong>Tesorero asociado:<\/strong> Daniel Zu\u00f1iga<\/li>\n<\/ul>\n<ul>\n<li><strong>Ministerios Personales\/Escuela Sab\u00e1tica<\/strong>: William Barrero<\/li>\n<li><strong>Ni\u00f1os y Adolescentes\/Ministerios de la Mujer<\/strong>: Sandra Pinto<\/li>\n<li><strong>Director de Comunicaci\u00f3n: <\/strong>Abel M\u00e1rquez, <em>en ejercicio<\/em><\/li>\n<li><strong>Directora de Educaci\u00f3n<\/strong>: Faye Patterson, <em>en ejercicio<\/em><\/li>\n<li><strong>Director de Ministerios de Salud:<\/strong> Franck Geneus, <em>en ejercicio<\/em><\/li>\n<li><strong>Secretario de la Asociaci\u00f3n Ministerial<\/strong>: Josney Rodr\u00edguez, <em>en ejercicio<\/em><\/li>\n<li><strong>Ministerio de las Posibilidades y Misi\u00f3n Adventista: <\/strong>Samuel Telemaque, <em>en ejercicio<\/em><\/li>\n<li><strong>Director del Ministerio de las Publicaciones<\/strong>: Isa\u00edas Espinoza, <em>en ejercicio<\/em><\/li>\n<li><strong>Director de Mayordom\u00eda: <\/strong>Roberto Herrera, <em>en ejercicio<\/em><\/li>\n<li><strong>Director de J\u00f3venes, Ministerio en Campus P\u00fablicos<\/strong>: Daniel Torreblanca<\/li>\n<\/ul>\n<p>&nbsp;<\/p>\n<p><div id=\"attachment_130677\" style=\"width: 1010px\" class=\"wp-caption aligncenter\"><img loading=\"lazy\" decoding=\"async\" aria-describedby=\"caption-attachment-130677\" class=\"size-full wp-image-130675\" src=\"https:\/\/interamerica.org\/wp-content\/uploads\/2025\/07\/iadnew-leaders-gcs2025.jpg\" alt=\"\" width=\"1000\" height=\"594\" srcset=\"https:\/\/interamerica.org\/wp-content\/uploads\/2025\/07\/iadnew-leaders-gcs2025.jpg 1000w, https:\/\/interamerica.org\/wp-content\/uploads\/2025\/07\/iadnew-leaders-gcs2025-300x178.jpg 300w, https:\/\/interamerica.org\/wp-content\/uploads\/2025\/07\/iadnew-leaders-gcs2025-768x456.jpg 768w\" sizes=\"(max-width: 1000px) 100vw, 1000px\" \/><p id=\"caption-attachment-130677\" class=\"wp-caption-text\">Los l\u00edderes reci\u00e9n elegidos posan junto a los administradores de la Divisi\u00f3n Interamericana el 11 de julio de 2025, despu\u00e9s de la segunda ronda de votaciones de l\u00edderes. [Fotograf\u00eda: Daniel Gallardo\/DIA]<\/p><\/div>Los administradores de la Divisi\u00f3n Interamericana anunciaron que m\u00e1s adelante en el a\u00f1o se cubrir\u00e1n varios cargos adicionales de ministerios y departamentos.<\/p>\n<p>Por las \u00faltimas actualizaciones sobre el Congreso de la Asociaci\u00f3n General de este a\u00f1o y las iniciativas de la Divisi\u00f3n Interamericana, vis\u00edtenos en <a href=\"https:\/\/interamerica.org\/es\/\">interamerica.org<\/a><\/p>\n<p>Traducci\u00f3n de Marcos Paseggi<\/p>\n","protected":false},"excerpt":{"rendered":"<p>Asamblea de Delegados de la Divisi\u00f3n Interamericana vota vicepresidentes y directores de departamento para liderar el crecimiento centrado en la misi\u00f3n hasta 2030. 11 de julio de 2025 | St&#8230;.<\/p>\n","protected":false},"author":3,"featured_media":130671,"comment_status":"closed","ping_status":"closed","sticky":false,"template":"","format":"standard","meta":{"_acf_changed":false,"footnotes":""},"categories":[16,15],"tags":[],"class_list":["post-130697","post","type-post","status-publish","format-standard","has-post-thumbnail","hentry","category-desde-la-sede","category-rss-espanol"],"acf":[],"yoast_head":"<!-- This site is optimized with the Yoast SEO plugin v27.3 - https:\/\/yoast.com\/product\/yoast-seo-wordpress\/ -->\n<title>Interam\u00e9rica afirma a nuevos l\u00edderes para los pr\u00f3ximos cinco a\u00f1os durante el Congreso de la Asociaci\u00f3n General - Iglesia Adventista del S\u00e9ptimo D\u00eda - Divisi\u00f3n Interamericana<\/title>\n<meta name=\"robots\" content=\"index, follow, max-snippet:-1, max-image-preview:large, max-video-preview:-1\" \/>\n<link rel=\"canonical\" href=\"https:\/\/interamerica.org\/es\/2025\/07\/interamerica-afirma-a-nuevos-lideres-para-los-proximos-cinco-anos-durante-el-congreso-de-la-asociacion-general\/\" \/>\n<meta property=\"og:locale\" content=\"es_ES\" \/>\n<meta property=\"og:type\" content=\"article\" \/>\n<meta property=\"og:title\" content=\"Interam\u00e9rica afirma a nuevos l\u00edderes para los pr\u00f3ximos cinco a\u00f1os durante el Congreso de la Asociaci\u00f3n General - Iglesia Adventista del S\u00e9ptimo D\u00eda - Divisi\u00f3n Interamericana\" \/>\n<meta property=\"og:description\" content=\"Asamblea de Delegados de la Divisi\u00f3n Interamericana vota vicepresidentes y directores de departamento para liderar el crecimiento centrado en la misi\u00f3n hasta 2030. 11 de julio de 2025 | St....\" \/>\n<meta property=\"og:url\" content=\"https:\/\/interamerica.org\/es\/2025\/07\/interamerica-afirma-a-nuevos-lideres-para-los-proximos-cinco-anos-durante-el-congreso-de-la-asociacion-general\/\" \/>\n<meta property=\"og:site_name\" content=\"Iglesia Adventista del S\u00e9ptimo D\u00eda - Divisi\u00f3n Interamericana\" \/>\n<meta property=\"article:published_time\" content=\"2025-07-12T04:01:39+00:00\" \/>\n<meta property=\"article:modified_time\" content=\"2025-07-24T13:52:13+00:00\" \/>\n<meta property=\"og:image\" content=\"https:\/\/interamerica.org\/wp-content\/uploads\/2025\/07\/abnerdelossantos-iadcaucus-july10-gcs2025.jpg\" \/>\n\t<meta property=\"og:image:width\" content=\"1000\" \/>\n\t<meta property=\"og:image:height\" content=\"667\" \/>\n\t<meta property=\"og:image:type\" content=\"image\/jpeg\" \/>\n<meta name=\"author\" content=\"libna\" \/>\n<meta name=\"twitter:card\" content=\"summary_large_image\" \/>\n<meta name=\"twitter:label1\" content=\"Escrito por\" \/>\n\t<meta name=\"twitter:data1\" content=\"libna\" \/>\n\t<meta name=\"twitter:label2\" content=\"Tiempo de lectura\" \/>\n\t<meta name=\"twitter:data2\" content=\"4 minutos\" \/>\n<script type=\"application\/ld+json\" class=\"yoast-schema-graph\">{\"@context\":\"https:\\\/\\\/schema.org\",\"@graph\":[{\"@type\":\"Article\",\"@id\":\"https:\\\/\\\/interamerica.org\\\/es\\\/2025\\\/07\\\/interamerica-afirma-a-nuevos-lideres-para-los-proximos-cinco-anos-durante-el-congreso-de-la-asociacion-general\\\/#article\",\"isPartOf\":{\"@id\":\"https:\\\/\\\/interamerica.org\\\/es\\\/2025\\\/07\\\/interamerica-afirma-a-nuevos-lideres-para-los-proximos-cinco-anos-durante-el-congreso-de-la-asociacion-general\\\/\"},\"author\":{\"name\":\"libna\",\"@id\":\"https:\\\/\\\/interamerica.org\\\/es\\\/#\\\/schema\\\/person\\\/29998f2bc2d8bd0d38662909289b54f1\"},\"headline\":\"Interam\u00e9rica afirma a nuevos l\u00edderes para los pr\u00f3ximos cinco a\u00f1os durante el Congreso de la Asociaci\u00f3n General\",\"datePublished\":\"2025-07-12T04:01:39+00:00\",\"dateModified\":\"2025-07-24T13:52:13+00:00\",\"mainEntityOfPage\":{\"@id\":\"https:\\\/\\\/interamerica.org\\\/es\\\/2025\\\/07\\\/interamerica-afirma-a-nuevos-lideres-para-los-proximos-cinco-anos-durante-el-congreso-de-la-asociacion-general\\\/\"},\"wordCount\":768,\"image\":{\"@id\":\"https:\\\/\\\/interamerica.org\\\/es\\\/2025\\\/07\\\/interamerica-afirma-a-nuevos-lideres-para-los-proximos-cinco-anos-durante-el-congreso-de-la-asociacion-general\\\/#primaryimage\"},\"thumbnailUrl\":\"https:\\\/\\\/interamerica.org\\\/wp-content\\\/uploads\\\/2025\\\/07\\\/abnerdelossantos-iadcaucus-july10-gcs2025.jpg\",\"articleSection\":[\"Desde la sede\",\"RSS Espa\u00f1ol\"],\"inLanguage\":\"es\"},{\"@type\":\"WebPage\",\"@id\":\"https:\\\/\\\/interamerica.org\\\/es\\\/2025\\\/07\\\/interamerica-afirma-a-nuevos-lideres-para-los-proximos-cinco-anos-durante-el-congreso-de-la-asociacion-general\\\/\",\"url\":\"https:\\\/\\\/interamerica.org\\\/es\\\/2025\\\/07\\\/interamerica-afirma-a-nuevos-lideres-para-los-proximos-cinco-anos-durante-el-congreso-de-la-asociacion-general\\\/\",\"name\":\"Interam\u00e9rica afirma a nuevos l\u00edderes para los pr\u00f3ximos cinco a\u00f1os durante el Congreso de la Asociaci\u00f3n General - Iglesia Adventista del S\u00e9ptimo D\u00eda - Divisi\u00f3n Interamericana\",\"isPartOf\":{\"@id\":\"https:\\\/\\\/interamerica.org\\\/es\\\/#website\"},\"primaryImageOfPage\":{\"@id\":\"https:\\\/\\\/interamerica.org\\\/es\\\/2025\\\/07\\\/interamerica-afirma-a-nuevos-lideres-para-los-proximos-cinco-anos-durante-el-congreso-de-la-asociacion-general\\\/#primaryimage\"},\"image\":{\"@id\":\"https:\\\/\\\/interamerica.org\\\/es\\\/2025\\\/07\\\/interamerica-afirma-a-nuevos-lideres-para-los-proximos-cinco-anos-durante-el-congreso-de-la-asociacion-general\\\/#primaryimage\"},\"thumbnailUrl\":\"https:\\\/\\\/interamerica.org\\\/wp-content\\\/uploads\\\/2025\\\/07\\\/abnerdelossantos-iadcaucus-july10-gcs2025.jpg\",\"datePublished\":\"2025-07-12T04:01:39+00:00\",\"dateModified\":\"2025-07-24T13:52:13+00:00\",\"author\":{\"@id\":\"https:\\\/\\\/interamerica.org\\\/es\\\/#\\\/schema\\\/person\\\/29998f2bc2d8bd0d38662909289b54f1\"},\"breadcrumb\":{\"@id\":\"https:\\\/\\\/interamerica.org\\\/es\\\/2025\\\/07\\\/interamerica-afirma-a-nuevos-lideres-para-los-proximos-cinco-anos-durante-el-congreso-de-la-asociacion-general\\\/#breadcrumb\"},\"inLanguage\":\"es\",\"potentialAction\":[{\"@type\":\"ReadAction\",\"target\":[\"https:\\\/\\\/interamerica.org\\\/es\\\/2025\\\/07\\\/interamerica-afirma-a-nuevos-lideres-para-los-proximos-cinco-anos-durante-el-congreso-de-la-asociacion-general\\\/\"]}]},{\"@type\":\"ImageObject\",\"inLanguage\":\"es\",\"@id\":\"https:\\\/\\\/interamerica.org\\\/es\\\/2025\\\/07\\\/interamerica-afirma-a-nuevos-lideres-para-los-proximos-cinco-anos-durante-el-congreso-de-la-asociacion-general\\\/#primaryimage\",\"url\":\"https:\\\/\\\/interamerica.org\\\/wp-content\\\/uploads\\\/2025\\\/07\\\/abnerdelossantos-iadcaucus-july10-gcs2025.jpg\",\"contentUrl\":\"https:\\\/\\\/interamerica.org\\\/wp-content\\\/uploads\\\/2025\\\/07\\\/abnerdelossantos-iadcaucus-july10-gcs2025.jpg\",\"width\":1000,\"height\":667,\"caption\":\"IAD President Pastor Abner De Los Santos leads the Inter-American Division Caucus on July 10, 2025, in St. Louis, Missouri, to present the first slate of leaders to be voted in for the 2025\u20132030 term. Pastor Pierre Caporal, executive secretary of the IAD stands next to Pastor De los Santos during the caucus meeting during GC Session. [Photo: Daniel Gallardo\\\/IAD]\"},{\"@type\":\"BreadcrumbList\",\"@id\":\"https:\\\/\\\/interamerica.org\\\/es\\\/2025\\\/07\\\/interamerica-afirma-a-nuevos-lideres-para-los-proximos-cinco-anos-durante-el-congreso-de-la-asociacion-general\\\/#breadcrumb\",\"itemListElement\":[{\"@type\":\"ListItem\",\"position\":1,\"name\":\"Home\",\"item\":\"https:\\\/\\\/interamerica.org\\\/es\\\/\"},{\"@type\":\"ListItem\",\"position\":2,\"name\":\"Interam\u00e9rica afirma a nuevos l\u00edderes para los pr\u00f3ximos cinco a\u00f1os durante el Congreso de la Asociaci\u00f3n General\"}]},{\"@type\":\"WebSite\",\"@id\":\"https:\\\/\\\/interamerica.org\\\/es\\\/#website\",\"url\":\"https:\\\/\\\/interamerica.org\\\/es\\\/\",\"name\":\"Iglesia Adventista del S\u00e9ptimo D\u00eda - Divisi\u00f3n Interamericana\",\"description\":\"\",\"potentialAction\":[{\"@type\":\"SearchAction\",\"target\":{\"@type\":\"EntryPoint\",\"urlTemplate\":\"https:\\\/\\\/interamerica.org\\\/es\\\/?s={search_term_string}\"},\"query-input\":{\"@type\":\"PropertyValueSpecification\",\"valueRequired\":true,\"valueName\":\"search_term_string\"}}],\"inLanguage\":\"es\"},{\"@type\":\"Person\",\"@id\":\"https:\\\/\\\/interamerica.org\\\/es\\\/#\\\/schema\\\/person\\\/29998f2bc2d8bd0d38662909289b54f1\",\"name\":\"libna\",\"image\":{\"@type\":\"ImageObject\",\"inLanguage\":\"es\",\"@id\":\"https:\\\/\\\/secure.gravatar.com\\\/avatar\\\/7c5bd30ae4b47a9ba3c856590957fd1d96dc588bf3ac05719d247e126840331f?s=96&d=mm&r=g\",\"url\":\"https:\\\/\\\/secure.gravatar.com\\\/avatar\\\/7c5bd30ae4b47a9ba3c856590957fd1d96dc588bf3ac05719d247e126840331f?s=96&d=mm&r=g\",\"contentUrl\":\"https:\\\/\\\/secure.gravatar.com\\\/avatar\\\/7c5bd30ae4b47a9ba3c856590957fd1d96dc588bf3ac05719d247e126840331f?s=96&d=mm&r=g\",\"caption\":\"libna\"}}]}<\/script>\n<!-- \/ Yoast SEO plugin. -->","yoast_head_json":{"title":"Interam\u00e9rica afirma a nuevos l\u00edderes para los pr\u00f3ximos cinco a\u00f1os durante el Congreso de la Asociaci\u00f3n General - Iglesia Adventista del S\u00e9ptimo D\u00eda - Divisi\u00f3n Interamericana","robots":{"index":"index","follow":"follow","max-snippet":"max-snippet:-1","max-image-preview":"max-image-preview:large","max-video-preview":"max-video-preview:-1"},"canonical":"https:\/\/interamerica.org\/es\/2025\/07\/interamerica-afirma-a-nuevos-lideres-para-los-proximos-cinco-anos-durante-el-congreso-de-la-asociacion-general\/","og_locale":"es_ES","og_type":"article","og_title":"Interam\u00e9rica afirma a nuevos l\u00edderes para los pr\u00f3ximos cinco a\u00f1os durante el Congreso de la Asociaci\u00f3n General - Iglesia Adventista del S\u00e9ptimo D\u00eda - Divisi\u00f3n Interamericana","og_description":"Asamblea de Delegados de la Divisi\u00f3n Interamericana vota vicepresidentes y directores de departamento para liderar el crecimiento centrado en la misi\u00f3n hasta 2030. 11 de julio de 2025 | St....","og_url":"https:\/\/interamerica.org\/es\/2025\/07\/interamerica-afirma-a-nuevos-lideres-para-los-proximos-cinco-anos-durante-el-congreso-de-la-asociacion-general\/","og_site_name":"Iglesia Adventista del S\u00e9ptimo D\u00eda - Divisi\u00f3n Interamericana","article_published_time":"2025-07-12T04:01:39+00:00","article_modified_time":"2025-07-24T13:52:13+00:00","og_image":[{"width":1000,"height":667,"url":"https:\/\/interamerica.org\/wp-content\/uploads\/2025\/07\/abnerdelossantos-iadcaucus-july10-gcs2025.jpg","type":"image\/jpeg"}],"author":"libna","twitter_card":"summary_large_image","twitter_misc":{"Escrito por":"libna","Tiempo de lectura":"4 minutos"},"schema":{"@context":"https:\/\/schema.org","@graph":[{"@type":"Article","@id":"https:\/\/interamerica.org\/es\/2025\/07\/interamerica-afirma-a-nuevos-lideres-para-los-proximos-cinco-anos-durante-el-congreso-de-la-asociacion-general\/#article","isPartOf":{"@id":"https:\/\/interamerica.org\/es\/2025\/07\/interamerica-afirma-a-nuevos-lideres-para-los-proximos-cinco-anos-durante-el-congreso-de-la-asociacion-general\/"},"author":{"name":"libna","@id":"https:\/\/interamerica.org\/es\/#\/schema\/person\/29998f2bc2d8bd0d38662909289b54f1"},"headline":"Interam\u00e9rica afirma a nuevos l\u00edderes para los pr\u00f3ximos cinco a\u00f1os durante el Congreso de la Asociaci\u00f3n General","datePublished":"2025-07-12T04:01:39+00:00","dateModified":"2025-07-24T13:52:13+00:00","mainEntityOfPage":{"@id":"https:\/\/interamerica.org\/es\/2025\/07\/interamerica-afirma-a-nuevos-lideres-para-los-proximos-cinco-anos-durante-el-congreso-de-la-asociacion-general\/"},"wordCount":768,"image":{"@id":"https:\/\/interamerica.org\/es\/2025\/07\/interamerica-afirma-a-nuevos-lideres-para-los-proximos-cinco-anos-durante-el-congreso-de-la-asociacion-general\/#primaryimage"},"thumbnailUrl":"https:\/\/interamerica.org\/wp-content\/uploads\/2025\/07\/abnerdelossantos-iadcaucus-july10-gcs2025.jpg","articleSection":["Desde la sede","RSS Espa\u00f1ol"],"inLanguage":"es"},{"@type":"WebPage","@id":"https:\/\/interamerica.org\/es\/2025\/07\/interamerica-afirma-a-nuevos-lideres-para-los-proximos-cinco-anos-durante-el-congreso-de-la-asociacion-general\/","url":"https:\/\/interamerica.org\/es\/2025\/07\/interamerica-afirma-a-nuevos-lideres-para-los-proximos-cinco-anos-durante-el-congreso-de-la-asociacion-general\/","name":"Interam\u00e9rica afirma a nuevos l\u00edderes para los pr\u00f3ximos cinco a\u00f1os durante el Congreso de la Asociaci\u00f3n General - Iglesia Adventista del S\u00e9ptimo D\u00eda - Divisi\u00f3n Interamericana","isPartOf":{"@id":"https:\/\/interamerica.org\/es\/#website"},"primaryImageOfPage":{"@id":"https:\/\/interamerica.org\/es\/2025\/07\/interamerica-afirma-a-nuevos-lideres-para-los-proximos-cinco-anos-durante-el-congreso-de-la-asociacion-general\/#primaryimage"},"image":{"@id":"https:\/\/interamerica.org\/es\/2025\/07\/interamerica-afirma-a-nuevos-lideres-para-los-proximos-cinco-anos-durante-el-congreso-de-la-asociacion-general\/#primaryimage"},"thumbnailUrl":"https:\/\/interamerica.org\/wp-content\/uploads\/2025\/07\/abnerdelossantos-iadcaucus-july10-gcs2025.jpg","datePublished":"2025-07-12T04:01:39+00:00","dateModified":"2025-07-24T13:52:13+00:00","author":{"@id":"https:\/\/interamerica.org\/es\/#\/schema\/person\/29998f2bc2d8bd0d38662909289b54f1"},"breadcrumb":{"@id":"https:\/\/interamerica.org\/es\/2025\/07\/interamerica-afirma-a-nuevos-lideres-para-los-proximos-cinco-anos-durante-el-congreso-de-la-asociacion-general\/#breadcrumb"},"inLanguage":"es","potentialAction":[{"@type":"ReadAction","target":["https:\/\/interamerica.org\/es\/2025\/07\/interamerica-afirma-a-nuevos-lideres-para-los-proximos-cinco-anos-durante-el-congreso-de-la-asociacion-general\/"]}]},{"@type":"ImageObject","inLanguage":"es","@id":"https:\/\/interamerica.org\/es\/2025\/07\/interamerica-afirma-a-nuevos-lideres-para-los-proximos-cinco-anos-durante-el-congreso-de-la-asociacion-general\/#primaryimage","url":"https:\/\/interamerica.org\/wp-content\/uploads\/2025\/07\/abnerdelossantos-iadcaucus-july10-gcs2025.jpg","contentUrl":"https:\/\/interamerica.org\/wp-content\/uploads\/2025\/07\/abnerdelossantos-iadcaucus-july10-gcs2025.jpg","width":1000,"height":667,"caption":"IAD President Pastor Abner De Los Santos leads the Inter-American Division Caucus on July 10, 2025, in St. Louis, Missouri, to present the first slate of leaders to be voted in for the 2025\u20132030 term. Pastor Pierre Caporal, executive secretary of the IAD stands next to Pastor De los Santos during the caucus meeting during GC Session. [Photo: Daniel Gallardo\/IAD]"},{"@type":"BreadcrumbList","@id":"https:\/\/interamerica.org\/es\/2025\/07\/interamerica-afirma-a-nuevos-lideres-para-los-proximos-cinco-anos-durante-el-congreso-de-la-asociacion-general\/#breadcrumb","itemListElement":[{"@type":"ListItem","position":1,"name":"Home","item":"https:\/\/interamerica.org\/es\/"},{"@type":"ListItem","position":2,"name":"Interam\u00e9rica afirma a nuevos l\u00edderes para los pr\u00f3ximos cinco a\u00f1os durante el Congreso de la Asociaci\u00f3n General"}]},{"@type":"WebSite","@id":"https:\/\/interamerica.org\/es\/#website","url":"https:\/\/interamerica.org\/es\/","name":"Iglesia Adventista del S\u00e9ptimo D\u00eda - Divisi\u00f3n Interamericana","description":"","potentialAction":[{"@type":"SearchAction","target":{"@type":"EntryPoint","urlTemplate":"https:\/\/interamerica.org\/es\/?s={search_term_string}"},"query-input":{"@type":"PropertyValueSpecification","valueRequired":true,"valueName":"search_term_string"}}],"inLanguage":"es"},{"@type":"Person","@id":"https:\/\/interamerica.org\/es\/#\/schema\/person\/29998f2bc2d8bd0d38662909289b54f1","name":"libna","image":{"@type":"ImageObject","inLanguage":"es","@id":"https:\/\/secure.gravatar.com\/avatar\/7c5bd30ae4b47a9ba3c856590957fd1d96dc588bf3ac05719d247e126840331f?s=96&d=mm&r=g","url":"https:\/\/secure.gravatar.com\/avatar\/7c5bd30ae4b47a9ba3c856590957fd1d96dc588bf3ac05719d247e126840331f?s=96&d=mm&r=g","contentUrl":"https:\/\/secure.gravatar.com\/avatar\/7c5bd30ae4b47a9ba3c856590957fd1d96dc588bf3ac05719d247e126840331f?s=96&d=mm&r=g","caption":"libna"}}]}},"_links":{"self":[{"href":"https:\/\/interamerica.org\/es\/wp-json\/wp\/v2\/posts\/130697","targetHints":{"allow":["GET"]}}],"collection":[{"href":"https:\/\/interamerica.org\/es\/wp-json\/wp\/v2\/posts"}],"about":[{"href":"https:\/\/interamerica.org\/es\/wp-json\/wp\/v2\/types\/post"}],"author":[{"embeddable":true,"href":"https:\/\/interamerica.org\/es\/wp-json\/wp\/v2\/users\/3"}],"replies":[{"embeddable":true,"href":"https:\/\/interamerica.org\/es\/wp-json\/wp\/v2\/comments?post=130697"}],"version-history":[{"count":0,"href":"https:\/\/interamerica.org\/es\/wp-json\/wp\/v2\/posts\/130697\/revisions"}],"wp:featuredmedia":[{"embeddable":true,"href":"https:\/\/interamerica.org\/es\/wp-json\/wp\/v2\/media\/130671"}],"wp:attachment":[{"href":"https:\/\/interamerica.org\/es\/wp-json\/wp\/v2\/media?parent=130697"}],"wp:term":[{"taxonomy":"category","embeddable":true,"href":"https:\/\/interamerica.org\/es\/wp-json\/wp\/v2\/categories?post=130697"},{"taxonomy":"post_tag","embeddable":true,"href":"https:\/\/interamerica.org\/es\/wp-json\/wp\/v2\/tags?post=130697"}],"curies":[{"name":"wp","href":"https:\/\/api.w.org\/{rel}","templated":true}]}}