{"id":131229,"date":"2025-07-22T12:28:30","date_gmt":"2025-07-22T16:28:30","guid":{"rendered":"https:\/\/interamerica.org\/?p=131229"},"modified":"2025-07-24T21:12:48","modified_gmt":"2025-07-25T01:12:48","slug":"hospital-adventista-kendu-celebra-100-anos-de-sanidad-y-esperanza","status":"publish","type":"post","link":"https:\/\/interamerica.org\/es\/2025\/07\/hospital-adventista-kendu-celebra-100-anos-de-sanidad-y-esperanza\/","title":{"rendered":"Hospital Adventista Kendu celebra 100 a\u00f1os de sanidad y esperanza"},"content":{"rendered":"<div id=\"attachment_131135\" style=\"width: 917px\" class=\"wp-caption aligncenter\"><img fetchpriority=\"high\" decoding=\"async\" aria-describedby=\"caption-attachment-131135\" class=\" wp-image-131133\" src=\"https:\/\/interamerica.org\/wp-content\/uploads\/2025\/07\/kenya-llu1-2-1024x683.jpg\" alt=\"\" width=\"907\" height=\"605\" srcset=\"https:\/\/interamerica.org\/wp-content\/uploads\/2025\/07\/kenya-llu1-2-1024x683.jpg 1024w, https:\/\/interamerica.org\/wp-content\/uploads\/2025\/07\/kenya-llu1-2-300x200.jpg 300w, https:\/\/interamerica.org\/wp-content\/uploads\/2025\/07\/kenya-llu1-2-768x512.jpg 768w, https:\/\/interamerica.org\/wp-content\/uploads\/2025\/07\/kenya-llu1-2-1536x1024.jpg 1536w, https:\/\/interamerica.org\/wp-content\/uploads\/2025\/07\/kenya-llu1-2-2048x1365.jpg 2048w\" sizes=\"(max-width: 907px) 100vw, 907px\" \/><p id=\"caption-attachment-131135\" class=\"wp-caption-text\">Dirigentes de la iglesia e invitados especiales participan en la ceremonia de colocaci\u00f3n de la primera piedra de un nuevo edificio como parte de las celebraciones del Centenario del Hospital Adventista Kendu. [Imagen: Uni\u00f3n Asociaci\u00f3n de Kenia Occidental]<\/p><\/div>\n<p class=\"c-post-header__subtitle\"><em>Un campo de servicios m\u00e9dicos gratuitos coron\u00f3 una semana de celebraciones con invitados especiales. <\/em><\/p>\n<p>22 de julio de 2025 | Kenia | Maureen Were, Uni\u00f3n Asociaci\u00f3n de Kenia Occidental y <em>Adventist Review<\/em><\/p>\n<p>El Hospital Adventista Kendu (KAH, por sus siglas en ingl\u00e9s) celebr\u00f3 recientemente un memorable hito: 100 a\u00f1os de servicios de atenci\u00f3n a la salud encaminados hacia la misi\u00f3n en Kenia occidental, dijeron dirigentes regionales de la iglesia. La celebraci\u00f3n de su centenario llevada a llev\u00f3 a cabo el 22 de junio, reuni\u00f3 en su medio a miles de asistentes, incluyendo dirigentes de la iglesia, funcionarios de gobierno, equipos m\u00e9dicos internacionales y miembros de la comunidad local. Su objetivo era honrar a una instituci\u00f3n de atenci\u00f3n m\u00e9dica que ha permanecido como un faro de sanidad y esperanza desde 1925.<\/p>\n<p>Fundado en un principio como una peque\u00f1a estaci\u00f3n misionera, KAH se ha desarrollado hasta convertirse en una instituci\u00f3n de atenci\u00f3n a la salud que ha prestado sus servicios a decenas de miles de pacientes anualmente, informaron los dirigentes de la instituci\u00f3n. \u201cA trav\u00e9s de d\u00e9cadas, el hospital ha atravesado por transiciones pol\u00edticas, cambios econ\u00f3micos y necesidades cambiantes de salud, permaneciendo todo el tiempo dedicado al cuidado compasivo de la salud basado en los valores cristianos. El centenario de esta instituci\u00f3n contempl\u00f3 este rico legado en tanto extend\u00eda su mirada hacia su futuro de servicio y crecimiento\u201d, dijeron.<\/p>\n<p><div id=\"attachment_131138\" style=\"width: 899px\" class=\"wp-caption aligncenter\"><img decoding=\"async\" aria-describedby=\"caption-attachment-131138\" class=\" wp-image-131136\" src=\"https:\/\/interamerica.org\/wp-content\/uploads\/2025\/07\/kenya-2-3-1024x683.jpg\" alt=\"\" width=\"889\" height=\"593\" srcset=\"https:\/\/interamerica.org\/wp-content\/uploads\/2025\/07\/kenya-2-3-1024x683.jpg 1024w, https:\/\/interamerica.org\/wp-content\/uploads\/2025\/07\/kenya-2-3-300x200.jpg 300w, https:\/\/interamerica.org\/wp-content\/uploads\/2025\/07\/kenya-2-3-768x512.jpg 768w, https:\/\/interamerica.org\/wp-content\/uploads\/2025\/07\/kenya-2-3-1536x1024.jpg 1536w, https:\/\/interamerica.org\/wp-content\/uploads\/2025\/07\/kenya-2-3.jpg 2048w\" sizes=\"(max-width: 889px) 100vw, 889px\" \/><p id=\"caption-attachment-131138\" class=\"wp-caption-text\">Los asistentes siguieron el desarrollo de las celebraciones del centenario del Hospital Adventista Kendu del 22 de junio. [Imagen: Uni\u00f3n Asociaci\u00f3n de Kenia Occidental]<\/p><\/div>Entre los distinguidos invitados a la celebraci\u00f3n se encontraba Raymond Omollo, secretario principal del Departamento de Estado para la Administraci\u00f3n Nacional de Seguridad Interna de Kenia, quien fue el invitado principal. El secretario Omollo inst\u00f3 a los residentes a utilizar en su totalidad los amplios servicios que ofrece KAH y enfatiz\u00f3 la colaboraci\u00f3n entre el hospital, los promotores de salud de la comunidad y el gobierno, a fin de que nadie quede fuera de estos servicios. \u201cEl Hospital Adventista Kendu ha resistido la prueba del tiempo, sirviendo a esta regi\u00f3n con dedicaci\u00f3n a trav\u00e9s de cien a\u00f1os\u201d, se\u00f1al\u00f3.<\/p>\n<p>El secretario Omollo estuvo acompa\u00f1ado de otros secretarios principales, miembros del Parlamento y dirigentes locales, quienes alabaron el impacto ejercido por el hospital y abogaron por relaciones m\u00e1s s\u00f3lidas entre instituciones de base religiosa e iniciativas de salud gubernamentales.<\/p>\n<p><div id=\"attachment_131144\" style=\"width: 902px\" class=\"wp-caption aligncenter\"><img decoding=\"async\" aria-describedby=\"caption-attachment-131144\" class=\" wp-image-131142\" src=\"https:\/\/interamerica.org\/wp-content\/uploads\/2025\/07\/kenya-3-4-1024x683.jpg\" alt=\"\" width=\"892\" height=\"595\" srcset=\"https:\/\/interamerica.org\/wp-content\/uploads\/2025\/07\/kenya-3-4-1024x683.jpg 1024w, https:\/\/interamerica.org\/wp-content\/uploads\/2025\/07\/kenya-3-4-300x200.jpg 300w, https:\/\/interamerica.org\/wp-content\/uploads\/2025\/07\/kenya-3-4-768x512.jpg 768w, https:\/\/interamerica.org\/wp-content\/uploads\/2025\/07\/kenya-3-4-1536x1024.jpg 1536w, https:\/\/interamerica.org\/wp-content\/uploads\/2025\/07\/kenya-3-4.jpg 2048w\" sizes=\"(max-width: 892px) 100vw, 892px\" \/><p id=\"caption-attachment-131144\" class=\"wp-caption-text\">Richart Hart, rector de Loma Linda University Health (derecha), saluda a otros invitados especiales y funcionarios. [Imagen: Uni\u00f3n Asociaci\u00f3n de Kenia Occidental]<\/p><\/div>Los dirigentes de la iglesia informaron que uno de los hechos de relieve dentro de la semana de celebraci\u00f3n del centenario fue un campo de servicios m\u00e9dicos llevado a cabo del 23 al 27 de junio, en colaboraci\u00f3n con Loma Linda University Health (LLUH) en los Estados Unidos. Dirigido por Richard Hart, presidente de LLUH y apoyado por m\u00e9dicos, dentistas y estudiantes de medicina voluntarios, este campo proporcion\u00f3 atenci\u00f3n m\u00e9dica cr\u00edtica a m\u00e1s de 3,000 pacientes, se\u00f1alaron los dirigentes. \u201cLos servicios incluyeron 109 cirug\u00edas, 1,200 tratamientos oculares especializados y 250 procedimientos dentales\u201d, informaron.<\/p>\n<p>Los pacientes se colocaban en fila tan temprano como las 3:00 a.m., algunos de ellos pasando la noche afuera de las puertas del hospital. \u201cLes prestamos servicios dentales, incluyendo limpieza, extracciones y empastes\u201d, dijo Mervin Moya, un dentista de Yucaipa, California, Estados Unidos. \u201cLa gente se siente feliz y se va con sonrisas en su rostro. Lo \u00fanico que desear\u00edamos es poder hacer m\u00e1s y ejercer un impacto todav\u00eda mayor\u201d.<\/p>\n<p><div id=\"attachment_131147\" style=\"width: 910px\" class=\"wp-caption aligncenter\"><img loading=\"lazy\" decoding=\"async\" aria-describedby=\"caption-attachment-131147\" class=\" wp-image-131145\" src=\"https:\/\/interamerica.org\/wp-content\/uploads\/2025\/07\/kenya-4-3-2048x1367-1-1024x684.jpg\" alt=\"\" width=\"900\" height=\"601\" srcset=\"https:\/\/interamerica.org\/wp-content\/uploads\/2025\/07\/kenya-4-3-2048x1367-1-1024x684.jpg 1024w, https:\/\/interamerica.org\/wp-content\/uploads\/2025\/07\/kenya-4-3-2048x1367-1-300x200.jpg 300w, https:\/\/interamerica.org\/wp-content\/uploads\/2025\/07\/kenya-4-3-2048x1367-1-768x513.jpg 768w, https:\/\/interamerica.org\/wp-content\/uploads\/2025\/07\/kenya-4-3-2048x1367-1-1536x1025.jpg 1536w, https:\/\/interamerica.org\/wp-content\/uploads\/2025\/07\/kenya-4-3-2048x1367-1.jpg 2048w\" sizes=\"(max-width: 900px) 100vw, 900px\" \/><p id=\"caption-attachment-131147\" class=\"wp-caption-text\">Los pacientes esperan recibir atenci\u00f3n en el campo de servicios m\u00e9dicos gratuito, llevado a cabo del 23 al 27 de junio. [Imagen: Uni\u00f3n Asociaci\u00f3n de Kenia Occidental]<\/p><\/div>El liderazgo de la iglesia ocup\u00f3 tambi\u00e9n un lugar central en esta celebraci\u00f3n. Samuel Misiani, presidente de la Uni\u00f3n Asociaci\u00f3n de Kenia Occidental y Samuel Makori, presidente de la Uni\u00f3n Asociaci\u00f3n de Kenia Oriental, encabezaron delegaciones de pastores y administradores. Juntamente con Philip Gai, director general ejecutivo de KAH, reafirmaron el compromiso de la Iglesia Adventista del S\u00e9ptimo D\u00eda hacia el ministerio integral que atiende el bienestar f\u00edsico, mental y espiritual.<\/p>\n<div class=\"o-rich-text c-content-single__body\">\n<p>La celebraci\u00f3n incluy\u00f3 m\u00fasica animada, sentidos discursos y emotivos testimonios de pacientes y personal del hospital. Los dirigentes regionales ofrecieron tambi\u00e9n apoyo financiero para el futuro crecimiento y alcance misionero del hospital.<\/p>\n<\/div>\n<p>Traducci\u00f3n \u2013 Gloria A, Castrej\u00f3n<\/p>\n","protected":false},"excerpt":{"rendered":"<p>Un campo de servicios m\u00e9dicos gratuitos coron\u00f3 una semana de celebraciones con invitados especiales. 22 de julio de 2025 | Kenia | Maureen Were, Uni\u00f3n Asociaci\u00f3n de Kenia Occidental y&#8230;<\/p>\n","protected":false},"author":3,"featured_media":131135,"comment_status":"closed","ping_status":"closed","sticky":false,"template":"","format":"standard","meta":{"_acf_changed":false,"footnotes":""},"categories":[14,15],"tags":[],"class_list":["post-131229","post","type-post","status-publish","format-standard","has-post-thumbnail","hentry","category-de-la-iglesia-mundial","category-rss-espanol"],"acf":[],"yoast_head":"<!-- This site is optimized with the Yoast SEO plugin v27.3 - https:\/\/yoast.com\/product\/yoast-seo-wordpress\/ -->\n<title>Hospital Adventista Kendu celebra 100 a\u00f1os de sanidad y esperanza - Iglesia Adventista del S\u00e9ptimo D\u00eda - Divisi\u00f3n Interamericana<\/title>\n<meta name=\"robots\" content=\"index, follow, max-snippet:-1, max-image-preview:large, max-video-preview:-1\" \/>\n<link rel=\"canonical\" href=\"https:\/\/interamerica.org\/es\/2025\/07\/hospital-adventista-kendu-celebra-100-anos-de-sanidad-y-esperanza\/\" \/>\n<meta property=\"og:locale\" content=\"es_ES\" \/>\n<meta property=\"og:type\" content=\"article\" \/>\n<meta property=\"og:title\" content=\"Hospital Adventista Kendu celebra 100 a\u00f1os de sanidad y esperanza - Iglesia Adventista del S\u00e9ptimo D\u00eda - Divisi\u00f3n Interamericana\" \/>\n<meta property=\"og:description\" content=\"Un campo de servicios m\u00e9dicos gratuitos coron\u00f3 una semana de celebraciones con invitados especiales. 22 de julio de 2025 | Kenia | Maureen Were, Uni\u00f3n Asociaci\u00f3n de Kenia Occidental y...\" \/>\n<meta property=\"og:url\" content=\"https:\/\/interamerica.org\/es\/2025\/07\/hospital-adventista-kendu-celebra-100-anos-de-sanidad-y-esperanza\/\" \/>\n<meta property=\"og:site_name\" content=\"Iglesia Adventista del S\u00e9ptimo D\u00eda - Divisi\u00f3n Interamericana\" \/>\n<meta property=\"article:published_time\" content=\"2025-07-22T16:28:30+00:00\" \/>\n<meta property=\"article:modified_time\" content=\"2025-07-25T01:12:48+00:00\" \/>\n<meta property=\"og:image\" content=\"https:\/\/interamerica.org\/wp-content\/uploads\/2025\/07\/kenya-llu1-2-scaled.jpg\" \/>\n\t<meta property=\"og:image:width\" content=\"2560\" \/>\n\t<meta property=\"og:image:height\" content=\"1707\" \/>\n\t<meta property=\"og:image:type\" content=\"image\/jpeg\" \/>\n<meta name=\"author\" content=\"libna\" \/>\n<meta name=\"twitter:card\" content=\"summary_large_image\" \/>\n<meta name=\"twitter:label1\" content=\"Escrito por\" \/>\n\t<meta name=\"twitter:data1\" content=\"libna\" \/>\n\t<meta name=\"twitter:label2\" content=\"Tiempo de lectura\" \/>\n\t<meta name=\"twitter:data2\" content=\"5 minutos\" \/>\n<script type=\"application\/ld+json\" class=\"yoast-schema-graph\">{\"@context\":\"https:\\\/\\\/schema.org\",\"@graph\":[{\"@type\":\"Article\",\"@id\":\"https:\\\/\\\/interamerica.org\\\/es\\\/2025\\\/07\\\/hospital-adventista-kendu-celebra-100-anos-de-sanidad-y-esperanza\\\/#article\",\"isPartOf\":{\"@id\":\"https:\\\/\\\/interamerica.org\\\/es\\\/2025\\\/07\\\/hospital-adventista-kendu-celebra-100-anos-de-sanidad-y-esperanza\\\/\"},\"author\":{\"name\":\"libna\",\"@id\":\"https:\\\/\\\/interamerica.org\\\/es\\\/#\\\/schema\\\/person\\\/29998f2bc2d8bd0d38662909289b54f1\"},\"headline\":\"Hospital Adventista Kendu celebra 100 a\u00f1os de sanidad y esperanza\",\"datePublished\":\"2025-07-22T16:28:30+00:00\",\"dateModified\":\"2025-07-25T01:12:48+00:00\",\"mainEntityOfPage\":{\"@id\":\"https:\\\/\\\/interamerica.org\\\/es\\\/2025\\\/07\\\/hospital-adventista-kendu-celebra-100-anos-de-sanidad-y-esperanza\\\/\"},\"wordCount\":839,\"image\":{\"@id\":\"https:\\\/\\\/interamerica.org\\\/es\\\/2025\\\/07\\\/hospital-adventista-kendu-celebra-100-anos-de-sanidad-y-esperanza\\\/#primaryimage\"},\"thumbnailUrl\":\"https:\\\/\\\/interamerica.org\\\/wp-content\\\/uploads\\\/2025\\\/07\\\/kenya-llu1-2-scaled.jpg\",\"articleSection\":[\"Desde la iglesia mundial\",\"RSS Espa\u00f1ol\"],\"inLanguage\":\"es\"},{\"@type\":\"WebPage\",\"@id\":\"https:\\\/\\\/interamerica.org\\\/es\\\/2025\\\/07\\\/hospital-adventista-kendu-celebra-100-anos-de-sanidad-y-esperanza\\\/\",\"url\":\"https:\\\/\\\/interamerica.org\\\/es\\\/2025\\\/07\\\/hospital-adventista-kendu-celebra-100-anos-de-sanidad-y-esperanza\\\/\",\"name\":\"Hospital Adventista Kendu celebra 100 a\u00f1os de sanidad y esperanza - Iglesia Adventista del S\u00e9ptimo D\u00eda - Divisi\u00f3n Interamericana\",\"isPartOf\":{\"@id\":\"https:\\\/\\\/interamerica.org\\\/es\\\/#website\"},\"primaryImageOfPage\":{\"@id\":\"https:\\\/\\\/interamerica.org\\\/es\\\/2025\\\/07\\\/hospital-adventista-kendu-celebra-100-anos-de-sanidad-y-esperanza\\\/#primaryimage\"},\"image\":{\"@id\":\"https:\\\/\\\/interamerica.org\\\/es\\\/2025\\\/07\\\/hospital-adventista-kendu-celebra-100-anos-de-sanidad-y-esperanza\\\/#primaryimage\"},\"thumbnailUrl\":\"https:\\\/\\\/interamerica.org\\\/wp-content\\\/uploads\\\/2025\\\/07\\\/kenya-llu1-2-scaled.jpg\",\"datePublished\":\"2025-07-22T16:28:30+00:00\",\"dateModified\":\"2025-07-25T01:12:48+00:00\",\"author\":{\"@id\":\"https:\\\/\\\/interamerica.org\\\/es\\\/#\\\/schema\\\/person\\\/29998f2bc2d8bd0d38662909289b54f1\"},\"breadcrumb\":{\"@id\":\"https:\\\/\\\/interamerica.org\\\/es\\\/2025\\\/07\\\/hospital-adventista-kendu-celebra-100-anos-de-sanidad-y-esperanza\\\/#breadcrumb\"},\"inLanguage\":\"es\",\"potentialAction\":[{\"@type\":\"ReadAction\",\"target\":[\"https:\\\/\\\/interamerica.org\\\/es\\\/2025\\\/07\\\/hospital-adventista-kendu-celebra-100-anos-de-sanidad-y-esperanza\\\/\"]}]},{\"@type\":\"ImageObject\",\"inLanguage\":\"es\",\"@id\":\"https:\\\/\\\/interamerica.org\\\/es\\\/2025\\\/07\\\/hospital-adventista-kendu-celebra-100-anos-de-sanidad-y-esperanza\\\/#primaryimage\",\"url\":\"https:\\\/\\\/interamerica.org\\\/wp-content\\\/uploads\\\/2025\\\/07\\\/kenya-llu1-2-scaled.jpg\",\"contentUrl\":\"https:\\\/\\\/interamerica.org\\\/wp-content\\\/uploads\\\/2025\\\/07\\\/kenya-llu1-2-scaled.jpg\",\"width\":2560,\"height\":1707,\"caption\":\"Church leaders and special guests participate in the groundbreaking ceremony of a new building as part of Kendu Adventist Hospital\u2019s centennial celebrations. [Photo: West Kenya Union Conference]\"},{\"@type\":\"BreadcrumbList\",\"@id\":\"https:\\\/\\\/interamerica.org\\\/es\\\/2025\\\/07\\\/hospital-adventista-kendu-celebra-100-anos-de-sanidad-y-esperanza\\\/#breadcrumb\",\"itemListElement\":[{\"@type\":\"ListItem\",\"position\":1,\"name\":\"Home\",\"item\":\"https:\\\/\\\/interamerica.org\\\/es\\\/\"},{\"@type\":\"ListItem\",\"position\":2,\"name\":\"Hospital Adventista Kendu celebra 100 a\u00f1os de sanidad y esperanza\"}]},{\"@type\":\"WebSite\",\"@id\":\"https:\\\/\\\/interamerica.org\\\/es\\\/#website\",\"url\":\"https:\\\/\\\/interamerica.org\\\/es\\\/\",\"name\":\"Iglesia Adventista del S\u00e9ptimo D\u00eda - Divisi\u00f3n Interamericana\",\"description\":\"\",\"potentialAction\":[{\"@type\":\"SearchAction\",\"target\":{\"@type\":\"EntryPoint\",\"urlTemplate\":\"https:\\\/\\\/interamerica.org\\\/es\\\/?s={search_term_string}\"},\"query-input\":{\"@type\":\"PropertyValueSpecification\",\"valueRequired\":true,\"valueName\":\"search_term_string\"}}],\"inLanguage\":\"es\"},{\"@type\":\"Person\",\"@id\":\"https:\\\/\\\/interamerica.org\\\/es\\\/#\\\/schema\\\/person\\\/29998f2bc2d8bd0d38662909289b54f1\",\"name\":\"libna\",\"image\":{\"@type\":\"ImageObject\",\"inLanguage\":\"es\",\"@id\":\"https:\\\/\\\/secure.gravatar.com\\\/avatar\\\/7c5bd30ae4b47a9ba3c856590957fd1d96dc588bf3ac05719d247e126840331f?s=96&d=mm&r=g\",\"url\":\"https:\\\/\\\/secure.gravatar.com\\\/avatar\\\/7c5bd30ae4b47a9ba3c856590957fd1d96dc588bf3ac05719d247e126840331f?s=96&d=mm&r=g\",\"contentUrl\":\"https:\\\/\\\/secure.gravatar.com\\\/avatar\\\/7c5bd30ae4b47a9ba3c856590957fd1d96dc588bf3ac05719d247e126840331f?s=96&d=mm&r=g\",\"caption\":\"libna\"}}]}<\/script>\n<!-- \/ Yoast SEO plugin. -->","yoast_head_json":{"title":"Hospital Adventista Kendu celebra 100 a\u00f1os de sanidad y esperanza - Iglesia Adventista del S\u00e9ptimo D\u00eda - Divisi\u00f3n Interamericana","robots":{"index":"index","follow":"follow","max-snippet":"max-snippet:-1","max-image-preview":"max-image-preview:large","max-video-preview":"max-video-preview:-1"},"canonical":"https:\/\/interamerica.org\/es\/2025\/07\/hospital-adventista-kendu-celebra-100-anos-de-sanidad-y-esperanza\/","og_locale":"es_ES","og_type":"article","og_title":"Hospital Adventista Kendu celebra 100 a\u00f1os de sanidad y esperanza - Iglesia Adventista del S\u00e9ptimo D\u00eda - Divisi\u00f3n Interamericana","og_description":"Un campo de servicios m\u00e9dicos gratuitos coron\u00f3 una semana de celebraciones con invitados especiales. 22 de julio de 2025 | Kenia | Maureen Were, Uni\u00f3n Asociaci\u00f3n de Kenia Occidental y...","og_url":"https:\/\/interamerica.org\/es\/2025\/07\/hospital-adventista-kendu-celebra-100-anos-de-sanidad-y-esperanza\/","og_site_name":"Iglesia Adventista del S\u00e9ptimo D\u00eda - Divisi\u00f3n Interamericana","article_published_time":"2025-07-22T16:28:30+00:00","article_modified_time":"2025-07-25T01:12:48+00:00","og_image":[{"width":2560,"height":1707,"url":"https:\/\/interamerica.org\/wp-content\/uploads\/2025\/07\/kenya-llu1-2-scaled.jpg","type":"image\/jpeg"}],"author":"libna","twitter_card":"summary_large_image","twitter_misc":{"Escrito por":"libna","Tiempo de lectura":"5 minutos"},"schema":{"@context":"https:\/\/schema.org","@graph":[{"@type":"Article","@id":"https:\/\/interamerica.org\/es\/2025\/07\/hospital-adventista-kendu-celebra-100-anos-de-sanidad-y-esperanza\/#article","isPartOf":{"@id":"https:\/\/interamerica.org\/es\/2025\/07\/hospital-adventista-kendu-celebra-100-anos-de-sanidad-y-esperanza\/"},"author":{"name":"libna","@id":"https:\/\/interamerica.org\/es\/#\/schema\/person\/29998f2bc2d8bd0d38662909289b54f1"},"headline":"Hospital Adventista Kendu celebra 100 a\u00f1os de sanidad y esperanza","datePublished":"2025-07-22T16:28:30+00:00","dateModified":"2025-07-25T01:12:48+00:00","mainEntityOfPage":{"@id":"https:\/\/interamerica.org\/es\/2025\/07\/hospital-adventista-kendu-celebra-100-anos-de-sanidad-y-esperanza\/"},"wordCount":839,"image":{"@id":"https:\/\/interamerica.org\/es\/2025\/07\/hospital-adventista-kendu-celebra-100-anos-de-sanidad-y-esperanza\/#primaryimage"},"thumbnailUrl":"https:\/\/interamerica.org\/wp-content\/uploads\/2025\/07\/kenya-llu1-2-scaled.jpg","articleSection":["Desde la iglesia mundial","RSS Espa\u00f1ol"],"inLanguage":"es"},{"@type":"WebPage","@id":"https:\/\/interamerica.org\/es\/2025\/07\/hospital-adventista-kendu-celebra-100-anos-de-sanidad-y-esperanza\/","url":"https:\/\/interamerica.org\/es\/2025\/07\/hospital-adventista-kendu-celebra-100-anos-de-sanidad-y-esperanza\/","name":"Hospital Adventista Kendu celebra 100 a\u00f1os de sanidad y esperanza - Iglesia Adventista del S\u00e9ptimo D\u00eda - Divisi\u00f3n Interamericana","isPartOf":{"@id":"https:\/\/interamerica.org\/es\/#website"},"primaryImageOfPage":{"@id":"https:\/\/interamerica.org\/es\/2025\/07\/hospital-adventista-kendu-celebra-100-anos-de-sanidad-y-esperanza\/#primaryimage"},"image":{"@id":"https:\/\/interamerica.org\/es\/2025\/07\/hospital-adventista-kendu-celebra-100-anos-de-sanidad-y-esperanza\/#primaryimage"},"thumbnailUrl":"https:\/\/interamerica.org\/wp-content\/uploads\/2025\/07\/kenya-llu1-2-scaled.jpg","datePublished":"2025-07-22T16:28:30+00:00","dateModified":"2025-07-25T01:12:48+00:00","author":{"@id":"https:\/\/interamerica.org\/es\/#\/schema\/person\/29998f2bc2d8bd0d38662909289b54f1"},"breadcrumb":{"@id":"https:\/\/interamerica.org\/es\/2025\/07\/hospital-adventista-kendu-celebra-100-anos-de-sanidad-y-esperanza\/#breadcrumb"},"inLanguage":"es","potentialAction":[{"@type":"ReadAction","target":["https:\/\/interamerica.org\/es\/2025\/07\/hospital-adventista-kendu-celebra-100-anos-de-sanidad-y-esperanza\/"]}]},{"@type":"ImageObject","inLanguage":"es","@id":"https:\/\/interamerica.org\/es\/2025\/07\/hospital-adventista-kendu-celebra-100-anos-de-sanidad-y-esperanza\/#primaryimage","url":"https:\/\/interamerica.org\/wp-content\/uploads\/2025\/07\/kenya-llu1-2-scaled.jpg","contentUrl":"https:\/\/interamerica.org\/wp-content\/uploads\/2025\/07\/kenya-llu1-2-scaled.jpg","width":2560,"height":1707,"caption":"Church leaders and special guests participate in the groundbreaking ceremony of a new building as part of Kendu Adventist Hospital\u2019s centennial celebrations. [Photo: West Kenya Union Conference]"},{"@type":"BreadcrumbList","@id":"https:\/\/interamerica.org\/es\/2025\/07\/hospital-adventista-kendu-celebra-100-anos-de-sanidad-y-esperanza\/#breadcrumb","itemListElement":[{"@type":"ListItem","position":1,"name":"Home","item":"https:\/\/interamerica.org\/es\/"},{"@type":"ListItem","position":2,"name":"Hospital Adventista Kendu celebra 100 a\u00f1os de sanidad y esperanza"}]},{"@type":"WebSite","@id":"https:\/\/interamerica.org\/es\/#website","url":"https:\/\/interamerica.org\/es\/","name":"Iglesia Adventista del S\u00e9ptimo D\u00eda - Divisi\u00f3n Interamericana","description":"","potentialAction":[{"@type":"SearchAction","target":{"@type":"EntryPoint","urlTemplate":"https:\/\/interamerica.org\/es\/?s={search_term_string}"},"query-input":{"@type":"PropertyValueSpecification","valueRequired":true,"valueName":"search_term_string"}}],"inLanguage":"es"},{"@type":"Person","@id":"https:\/\/interamerica.org\/es\/#\/schema\/person\/29998f2bc2d8bd0d38662909289b54f1","name":"libna","image":{"@type":"ImageObject","inLanguage":"es","@id":"https:\/\/secure.gravatar.com\/avatar\/7c5bd30ae4b47a9ba3c856590957fd1d96dc588bf3ac05719d247e126840331f?s=96&d=mm&r=g","url":"https:\/\/secure.gravatar.com\/avatar\/7c5bd30ae4b47a9ba3c856590957fd1d96dc588bf3ac05719d247e126840331f?s=96&d=mm&r=g","contentUrl":"https:\/\/secure.gravatar.com\/avatar\/7c5bd30ae4b47a9ba3c856590957fd1d96dc588bf3ac05719d247e126840331f?s=96&d=mm&r=g","caption":"libna"}}]}},"_links":{"self":[{"href":"https:\/\/interamerica.org\/es\/wp-json\/wp\/v2\/posts\/131229","targetHints":{"allow":["GET"]}}],"collection":[{"href":"https:\/\/interamerica.org\/es\/wp-json\/wp\/v2\/posts"}],"about":[{"href":"https:\/\/interamerica.org\/es\/wp-json\/wp\/v2\/types\/post"}],"author":[{"embeddable":true,"href":"https:\/\/interamerica.org\/es\/wp-json\/wp\/v2\/users\/3"}],"replies":[{"embeddable":true,"href":"https:\/\/interamerica.org\/es\/wp-json\/wp\/v2\/comments?post=131229"}],"version-history":[{"count":0,"href":"https:\/\/interamerica.org\/es\/wp-json\/wp\/v2\/posts\/131229\/revisions"}],"wp:featuredmedia":[{"embeddable":true,"href":"https:\/\/interamerica.org\/es\/wp-json\/wp\/v2\/media\/131135"}],"wp:attachment":[{"href":"https:\/\/interamerica.org\/es\/wp-json\/wp\/v2\/media?parent=131229"}],"wp:term":[{"taxonomy":"category","embeddable":true,"href":"https:\/\/interamerica.org\/es\/wp-json\/wp\/v2\/categories?post=131229"},{"taxonomy":"post_tag","embeddable":true,"href":"https:\/\/interamerica.org\/es\/wp-json\/wp\/v2\/tags?post=131229"}],"curies":[{"name":"wp","href":"https:\/\/api.w.org\/{rel}","templated":true}]}}