{"id":131968,"date":"2025-08-07T15:03:56","date_gmt":"2025-08-07T19:03:56","guid":{"rendered":"https:\/\/interamerica.org\/?p=131968"},"modified":"2025-11-05T03:51:04","modified_gmt":"2025-11-05T08:51:04","slug":"nuevo-documental-revela-historias-de-sanacion-y-esperanza","status":"publish","type":"post","link":"https:\/\/interamerica.org\/es\/2025\/08\/nuevo-documental-revela-historias-de-sanacion-y-esperanza\/","title":{"rendered":"Nuevo documental revela historias de sanaci\u00f3n y esperanza"},"content":{"rendered":"<p><em>El nuevo filme de Hope Channel Interam\u00e9rica capta vidas reales, impactos reales sobre la salud, la fe y el servicio.<\/em><\/p>\n<p>7 de agosto de 2025 | Miami, Florida, Estados Unidos | Libna Stevens, Noticias de la Divisi\u00f3n Interamericana<\/p>\n<p>Un nuevo documental de Hope Channel Interam\u00e9rica est\u00e1 arrojando luz sobre c\u00f3mo los ministerios de salud est\u00e1n transformando vidas en todo el territorio de la Divisi\u00f3n Interamericana, presentando historias de sanaci\u00f3n, esperanza y misi\u00f3n en acci\u00f3n.<\/p>\n<p data-start=\"437\" data-end=\"921\">La pel\u00edcula, que fue estrenada hace poco y se llama <em data-start=\"509\" data-end=\"522\">A prueba de vida<\/em>, muestra el compromiso del departamento de ministerios de salud de la Divisi\u00f3n Interamericana por impactar un mill\u00f3n de vidas cada a\u00f1o mediante un enfoque integral de la salud impulsado por la fe. En lugar de simplemente informar estad\u00edsticas o esbozar iniciativas, el documental pone un rostro humano a la misi\u00f3n de la iglesia, narrando cuatro historias convincentes de lucha, resiliencia y esperanza en M\u00e9xico, Cuba, Venezuela y Hait\u00ed, dijeron los l\u00edderes de la iglesia.<\/p>\n<p><div id=\"attachment_131863\" style=\"width: 1022px\" class=\"wp-caption aligncenter\"><img fetchpriority=\"high\" decoding=\"async\" aria-describedby=\"caption-attachment-131863\" class=\"wp-image-131863 \" src=\"https:\/\/interamerica.org\/wp-content\/uploads\/2025\/08\/aprueba-de-vida-mz51752002990395.avif\" alt=\"\" width=\"1012\" height=\"567\" \/><p id=\"caption-attachment-131863\" class=\"wp-caption-text\">\u00abA prueba de vida\u00bb es un nuevo documental que narra cuatro historias convincentes de lucha, resiliencia y esperanza, y ahora est\u00e1 disponible en Hope Channel Interam\u00e9rica. [Imagen: Hope Channel Interam\u00e9rica]<\/p><\/div><strong>Mostrar lo que realmente implica el impacto<\/strong><\/p>\n<p>\u201cCuando decimos que estamos impactando vidas, no significa nada a menos que realmente podamos verlo\u201d, dijo el Dr. Franck G\u00e9n\u00e9us, director de ministerios de salud de la Divisi\u00f3n Interamericana. \u201cEste documental cuenta la historia de c\u00f3mo puede verse en la pr\u00e1ctica esa transformaci\u00f3n\u201d.<\/p>\n<p>El filme de 33 minutos capta los viajes personales de un dentista que atiende a comunidades remotas en el Amazonas, un joven que enfrenta una experiencia cercana a la muerte, un m\u00e9dico inspirado por un milagro para dedicar su vida al servicio y un conductor de ambulancia que diariamente arriesga su vida con una fe inquebrantable. Juntas, sus historias representan lo que los l\u00edderes de salud de la regi\u00f3n llaman \u201cesperanza validada\u201d, enfatiz\u00f3 el Dr. G\u00e9n\u00e9us.<\/p>\n<p>\u201cEstas no son solo historias de sanaci\u00f3n\u201d, dijo. \u201cSon historias de fe, resiliencia y compromiso total con el servicio, incluso en circunstancias que amenazan la vida\u00bb.<\/p>\n<p>El director ejecutivo de Hope Channel Interam\u00e9rica, Abel M\u00e1rquez, enfatiz\u00f3 que el prop\u00f3sito del documental va m\u00e1s all\u00e1 de mostrar proyectos.<\/p>\n<p><div id=\"attachment_131860\" style=\"width: 907px\" class=\"wp-caption aligncenter\"><img decoding=\"async\" aria-describedby=\"caption-attachment-131860\" class=\" wp-image-131858\" src=\"https:\/\/interamerica.org\/wp-content\/uploads\/2025\/08\/franck-geneus-gcsession-life-tested.jpg\" alt=\"\" width=\"897\" height=\"590\" srcset=\"https:\/\/interamerica.org\/wp-content\/uploads\/2025\/08\/franck-geneus-gcsession-life-tested.jpg 1024w, https:\/\/interamerica.org\/wp-content\/uploads\/2025\/08\/franck-geneus-gcsession-life-tested-300x197.jpg 300w, https:\/\/interamerica.org\/wp-content\/uploads\/2025\/08\/franck-geneus-gcsession-life-tested-768x506.jpg 768w\" sizes=\"(max-width: 897px) 100vw, 897px\" \/><p id=\"caption-attachment-131860\" class=\"wp-caption-text\">El doctor Franck G\u00e9n\u00e9us, director de Ministerios de Salud de la Divisi\u00f3n Interamericana, habla sobre el documental momentos antes de su estreno en St. Louis, Missouri, Estados Unidos, el 8 de julio de 2025. [Foto: cortes\u00eda de Franck G\u00e9n\u00e9us]<\/p><\/div>\u201cNuestro objetivo no es solo capturar la dedicaci\u00f3n con la que diferentes grupos e individuos comparten esperanza y sanaci\u00f3n, sino tambi\u00e9n contar las historias de personas en \u00e1reas remotas, donde se vive la fe, a pesar de cualquier otra necesidad\u201d, dijo M\u00e1rquez.<\/p>\n<p><strong>Captar la humanidad, la fe y las segundas oportunidades<\/strong><\/p>\n<p>Seg\u00fan la productora de <em>A prueba de vida<\/em> Lizbeth Elejalde, el poder de la pel\u00edcula radica en su autenticidad y resonancia emocional. \u201cCuando todo parece detenerse, hay algo que sigue latiendo: la esperanza\u201d, dijo. M\u00e1s que un documental sobre salud, es un testimonio vibrante de humanidad, valor y segundas oportunidades. Invita a los espectadores a creer en lo imposible. Es una puerta abierta, una puerta a lo que realmente nos sostiene\u201d.<\/p>\n<p>En el transcurso de un a\u00f1o, el personal de cinco de los centros de medios del canal, ubicados en Chiapas, Venezuela, Cuba, Montemorelos y Miami, trabajaron juntos para viajar desde los rincones m\u00e1s remotos de la Amazonia hasta los silenciosos pasillos de un hospital, dijo Elejalde.<\/p>\n<p>\u201cTodo esto se hizo con el objetivo de captar, a trav\u00e9s de im\u00e1genes y testimonios, c\u00f3mo la fe, el servicio y la compasi\u00f3n se entrelazan en lugares donde la necesidad humana es profunda\u201d, agreg\u00f3. \u201cEl resultado coloca al espectador como testigo del trabajo de las misiones m\u00e9dicas, centradas no solo en la salud f\u00edsica, sino en la restauraci\u00f3n completa del ser humano\u201d.<\/p>\n<p><div id=\"attachment_131854\" style=\"width: 939px\" class=\"wp-caption aligncenter\"><img decoding=\"async\" aria-describedby=\"caption-attachment-131854\" class=\" wp-image-131852\" src=\"https:\/\/interamerica.org\/wp-content\/uploads\/2025\/08\/lie-tested-gcs2025-screen.jpg\" alt=\"\" width=\"929\" height=\"642\" srcset=\"https:\/\/interamerica.org\/wp-content\/uploads\/2025\/08\/lie-tested-gcs2025-screen.jpg 1000w, https:\/\/interamerica.org\/wp-content\/uploads\/2025\/08\/lie-tested-gcs2025-screen-300x207.jpg 300w, https:\/\/interamerica.org\/wp-content\/uploads\/2025\/08\/lie-tested-gcs2025-screen-768x531.jpg 768w\" sizes=\"(max-width: 929px) 100vw, 929px\" \/><p id=\"caption-attachment-131854\" class=\"wp-caption-text\">Un extracto de <em data-start=\"110\" data-end=\"123\">A prueba de vida<\/em>, durante su proyecci\u00f3n inaugural en el 62\u00ba Congreso de la Asociaci\u00f3n General en St. Louis, Missouri, el 8 de julio de 2025. [Fotograf\u00eda: Lizbeth Elejalde\/DIA]<\/p><\/div>M\u00e1rquez destac\u00f3 que la pel\u00edcula fue posible gracias a una red colaborativa de centros de producci\u00f3n en toda la regi\u00f3n.<\/p>\n<p>\u201cUn aspecto clave a destacar es que en Hope Channel Interam\u00e9rica trabajamos en una red de colaboraci\u00f3n con los centros de producci\u00f3n de las uniones\u201d, dijo M\u00e1rquez. \u201cEn este caso, trabajar con los diferentes centros en varios pa\u00edses, extendi\u00e9ndose hasta la iglesia local, enriquece no solo la producci\u00f3n, sino tambi\u00e9n la colaboraci\u00f3n, como la gran red que somos\u201d.<\/p>\n<p><strong>Una visi\u00f3n de participaci\u00f3n total en la salud<\/strong><\/p>\n<p>El documental tambi\u00e9n sirve como una representaci\u00f3n visual de la creciente iniciativa \u201cParticipaci\u00f3n total de salud\u201d de la divisi\u00f3n, un modelo que alienta a que todos los miembros de la iglesia participen en los ministerios de salud, y no solo a los profesionales capacitados.<\/p>\n<p>\u201cNo estamos construyendo un grupo de \u00e9lite de expertos en salud\u201d, dijo G\u00e9n\u00e9us. \u201cIncluso visitar a alguien u orar con los enfermos es un ministerio de salud. Todos tienen algo que aportar\u201d.<\/p>\n<p><div id=\"attachment_131851\" style=\"width: 928px\" class=\"wp-caption aligncenter\"><img loading=\"lazy\" decoding=\"async\" aria-describedby=\"caption-attachment-131851\" class=\" wp-image-131849\" src=\"https:\/\/interamerica.org\/wp-content\/uploads\/2025\/08\/life-tested-hcia-gcs2025.jpg\" alt=\"\" width=\"918\" height=\"614\" srcset=\"https:\/\/interamerica.org\/wp-content\/uploads\/2025\/08\/life-tested-hcia-gcs2025.jpg 1000w, https:\/\/interamerica.org\/wp-content\/uploads\/2025\/08\/life-tested-hcia-gcs2025-300x201.jpg 300w, https:\/\/interamerica.org\/wp-content\/uploads\/2025\/08\/life-tested-hcia-gcs2025-768x514.jpg 768w\" sizes=\"(max-width: 918px) 100vw, 918px\" \/><p id=\"caption-attachment-131851\" class=\"wp-caption-text\">Lizbeth Elejalde (centro), productora de <em data-start=\"134\" data-end=\"147\">A prueba de vida<\/em>, y Abel M\u00e1rquez (derecha), director ejecutivo de Hope Channel Interam\u00e9rica, presentan el nuevo documental junto al Dr. Franck G\u00e9n\u00e9us, durante una proyecci\u00f3n en St. Louis, Missouri, en julio. [Fotograf\u00eda: Roel Cea]<\/p><\/div>Esta visi\u00f3n, dijo, es organizada mediante un marco estrat\u00e9gico conocido como DREAM, que significa Detecci\u00f3n, Restauraci\u00f3n, Educaci\u00f3n, Acompa\u00f1amiento y Mantenimiento. \u201cGracias a ese modelo, las iglesias e instituciones de la Divisi\u00f3n Interamericana participan en actividades que van desde exposiciones de salud y misiones m\u00e9dicas hasta la educaci\u00f3n sobre el estilo de vida y el apoyo emocional y espiritual\u201d, dijo.<\/p>\n<p><strong>Un marco de referencia con impacto mensurable<\/strong><\/p>\n<p>Para medir la efectividad de estos esfuerzos, la divisi\u00f3n ha implementado una nueva aplicaci\u00f3n de datos en tiempo real, <a href=\"http:\/\/www.onemillon.org\/\">www.onemillon.org<\/a>, que permite a los l\u00edderes rastrear el impacto e identificar \u00e1reas de necesidad en todo el territorio.<\/p>\n<p>El lanzamiento oficial de <em>A prueba de vida<\/em> tuvo lugar el 8 de julio de 2025, durante una presentaci\u00f3n especial en el 62\u00b0 Congreso de la Asociaci\u00f3n General en St. Louis, Missouri. La pel\u00edcula est\u00e1 disponible en Hope Channel Interam\u00e9rica en espa\u00f1ol e ingl\u00e9s.<\/p>\n<p>\u201cQueremos que todo el mundo sepa que la Divisi\u00f3n Interamericana est\u00e1 avanzando, con fuerza, con una visi\u00f3n unida para la salud\u201d, dijo el Dr. G\u00e9n\u00e9us.<\/p>\n<p>Para ver el filme a pedido (on demand) y ver otros recursos, ingrese a <a href=\"https:\/\/hopechannelinteramerica.org\/\">hopechannelinteramerica.org<\/a><\/p>\n<p>Traducci\u00f3n de Marcos Paseggi<\/p>\n","protected":false},"excerpt":{"rendered":"<p>El nuevo filme de Hope Channel Interam\u00e9rica capta vidas reales, impactos reales sobre la salud, la fe y el servicio. 7 de agosto de 2025 | Miami, Florida, Estados Unidos&#8230;<\/p>\n","protected":false},"author":3,"featured_media":131863,"comment_status":"closed","ping_status":"closed","sticky":false,"template":"","format":"standard","meta":{"_acf_changed":false,"footnotes":""},"categories":[16,15],"tags":[],"class_list":["post-131968","post","type-post","status-publish","format-standard","has-post-thumbnail","hentry","category-desde-la-sede","category-rss-espanol"],"acf":[],"yoast_head":"<!-- This site is optimized with the Yoast SEO plugin v27.3 - https:\/\/yoast.com\/product\/yoast-seo-wordpress\/ -->\n<title>Nuevo documental revela historias de sanaci\u00f3n y esperanza - Iglesia Adventista del S\u00e9ptimo D\u00eda - Divisi\u00f3n Interamericana<\/title>\n<meta name=\"robots\" content=\"index, follow, max-snippet:-1, max-image-preview:large, max-video-preview:-1\" \/>\n<link rel=\"canonical\" href=\"https:\/\/interamerica.org\/es\/2025\/08\/nuevo-documental-revela-historias-de-sanacion-y-esperanza\/\" \/>\n<meta property=\"og:locale\" content=\"es_ES\" \/>\n<meta property=\"og:type\" content=\"article\" \/>\n<meta property=\"og:title\" content=\"Nuevo documental revela historias de sanaci\u00f3n y esperanza - Iglesia Adventista del S\u00e9ptimo D\u00eda - Divisi\u00f3n Interamericana\" \/>\n<meta property=\"og:description\" content=\"El nuevo filme de Hope Channel Interam\u00e9rica capta vidas reales, impactos reales sobre la salud, la fe y el servicio. 7 de agosto de 2025 | Miami, Florida, Estados Unidos...\" \/>\n<meta property=\"og:url\" content=\"https:\/\/interamerica.org\/es\/2025\/08\/nuevo-documental-revela-historias-de-sanacion-y-esperanza\/\" \/>\n<meta property=\"og:site_name\" content=\"Iglesia Adventista del S\u00e9ptimo D\u00eda - Divisi\u00f3n Interamericana\" \/>\n<meta property=\"article:published_time\" content=\"2025-08-07T19:03:56+00:00\" \/>\n<meta property=\"article:modified_time\" content=\"2025-11-05T08:51:04+00:00\" \/>\n<meta name=\"author\" content=\"libna\" \/>\n<meta name=\"twitter:card\" content=\"summary_large_image\" \/>\n<meta name=\"twitter:label1\" content=\"Escrito por\" \/>\n\t<meta name=\"twitter:data1\" content=\"libna\" \/>\n\t<meta name=\"twitter:label2\" content=\"Tiempo de lectura\" \/>\n\t<meta name=\"twitter:data2\" content=\"6 minutos\" \/>\n<script type=\"application\/ld+json\" class=\"yoast-schema-graph\">{\"@context\":\"https:\\\/\\\/schema.org\",\"@graph\":[{\"@type\":\"Article\",\"@id\":\"https:\\\/\\\/interamerica.org\\\/es\\\/2025\\\/08\\\/nuevo-documental-revela-historias-de-sanacion-y-esperanza\\\/#article\",\"isPartOf\":{\"@id\":\"https:\\\/\\\/interamerica.org\\\/es\\\/2025\\\/08\\\/nuevo-documental-revela-historias-de-sanacion-y-esperanza\\\/\"},\"author\":{\"name\":\"libna\",\"@id\":\"https:\\\/\\\/interamerica.org\\\/es\\\/#\\\/schema\\\/person\\\/29998f2bc2d8bd0d38662909289b54f1\"},\"headline\":\"Nuevo documental revela historias de sanaci\u00f3n y esperanza\",\"datePublished\":\"2025-08-07T19:03:56+00:00\",\"dateModified\":\"2025-11-05T08:51:04+00:00\",\"mainEntityOfPage\":{\"@id\":\"https:\\\/\\\/interamerica.org\\\/es\\\/2025\\\/08\\\/nuevo-documental-revela-historias-de-sanacion-y-esperanza\\\/\"},\"wordCount\":1197,\"image\":{\"@id\":\"https:\\\/\\\/interamerica.org\\\/es\\\/2025\\\/08\\\/nuevo-documental-revela-historias-de-sanacion-y-esperanza\\\/#primaryimage\"},\"thumbnailUrl\":\"https:\\\/\\\/interamerica.org\\\/wp-content\\\/uploads\\\/2025\\\/08\\\/aprueba-de-vida-mz51752002990395.avif\",\"articleSection\":[\"Desde la sede\",\"RSS Espa\u00f1ol\"],\"inLanguage\":\"es\"},{\"@type\":\"WebPage\",\"@id\":\"https:\\\/\\\/interamerica.org\\\/es\\\/2025\\\/08\\\/nuevo-documental-revela-historias-de-sanacion-y-esperanza\\\/\",\"url\":\"https:\\\/\\\/interamerica.org\\\/es\\\/2025\\\/08\\\/nuevo-documental-revela-historias-de-sanacion-y-esperanza\\\/\",\"name\":\"Nuevo documental revela historias de sanaci\u00f3n y esperanza - Iglesia Adventista del S\u00e9ptimo D\u00eda - Divisi\u00f3n Interamericana\",\"isPartOf\":{\"@id\":\"https:\\\/\\\/interamerica.org\\\/es\\\/#website\"},\"primaryImageOfPage\":{\"@id\":\"https:\\\/\\\/interamerica.org\\\/es\\\/2025\\\/08\\\/nuevo-documental-revela-historias-de-sanacion-y-esperanza\\\/#primaryimage\"},\"image\":{\"@id\":\"https:\\\/\\\/interamerica.org\\\/es\\\/2025\\\/08\\\/nuevo-documental-revela-historias-de-sanacion-y-esperanza\\\/#primaryimage\"},\"thumbnailUrl\":\"https:\\\/\\\/interamerica.org\\\/wp-content\\\/uploads\\\/2025\\\/08\\\/aprueba-de-vida-mz51752002990395.avif\",\"datePublished\":\"2025-08-07T19:03:56+00:00\",\"dateModified\":\"2025-11-05T08:51:04+00:00\",\"author\":{\"@id\":\"https:\\\/\\\/interamerica.org\\\/es\\\/#\\\/schema\\\/person\\\/29998f2bc2d8bd0d38662909289b54f1\"},\"breadcrumb\":{\"@id\":\"https:\\\/\\\/interamerica.org\\\/es\\\/2025\\\/08\\\/nuevo-documental-revela-historias-de-sanacion-y-esperanza\\\/#breadcrumb\"},\"inLanguage\":\"es\",\"potentialAction\":[{\"@type\":\"ReadAction\",\"target\":[\"https:\\\/\\\/interamerica.org\\\/es\\\/2025\\\/08\\\/nuevo-documental-revela-historias-de-sanacion-y-esperanza\\\/\"]}]},{\"@type\":\"ImageObject\",\"inLanguage\":\"es\",\"@id\":\"https:\\\/\\\/interamerica.org\\\/es\\\/2025\\\/08\\\/nuevo-documental-revela-historias-de-sanacion-y-esperanza\\\/#primaryimage\",\"url\":\"https:\\\/\\\/interamerica.org\\\/wp-content\\\/uploads\\\/2025\\\/08\\\/aprueba-de-vida-mz51752002990395.avif\",\"contentUrl\":\"https:\\\/\\\/interamerica.org\\\/wp-content\\\/uploads\\\/2025\\\/08\\\/aprueba-de-vida-mz51752002990395.avif\"},{\"@type\":\"BreadcrumbList\",\"@id\":\"https:\\\/\\\/interamerica.org\\\/es\\\/2025\\\/08\\\/nuevo-documental-revela-historias-de-sanacion-y-esperanza\\\/#breadcrumb\",\"itemListElement\":[{\"@type\":\"ListItem\",\"position\":1,\"name\":\"Home\",\"item\":\"https:\\\/\\\/interamerica.org\\\/es\\\/\"},{\"@type\":\"ListItem\",\"position\":2,\"name\":\"Nuevo documental revela historias de sanaci\u00f3n y esperanza\"}]},{\"@type\":\"WebSite\",\"@id\":\"https:\\\/\\\/interamerica.org\\\/es\\\/#website\",\"url\":\"https:\\\/\\\/interamerica.org\\\/es\\\/\",\"name\":\"Iglesia Adventista del S\u00e9ptimo D\u00eda - Divisi\u00f3n Interamericana\",\"description\":\"\",\"potentialAction\":[{\"@type\":\"SearchAction\",\"target\":{\"@type\":\"EntryPoint\",\"urlTemplate\":\"https:\\\/\\\/interamerica.org\\\/es\\\/?s={search_term_string}\"},\"query-input\":{\"@type\":\"PropertyValueSpecification\",\"valueRequired\":true,\"valueName\":\"search_term_string\"}}],\"inLanguage\":\"es\"},{\"@type\":\"Person\",\"@id\":\"https:\\\/\\\/interamerica.org\\\/es\\\/#\\\/schema\\\/person\\\/29998f2bc2d8bd0d38662909289b54f1\",\"name\":\"libna\",\"image\":{\"@type\":\"ImageObject\",\"inLanguage\":\"es\",\"@id\":\"https:\\\/\\\/secure.gravatar.com\\\/avatar\\\/7c5bd30ae4b47a9ba3c856590957fd1d96dc588bf3ac05719d247e126840331f?s=96&d=mm&r=g\",\"url\":\"https:\\\/\\\/secure.gravatar.com\\\/avatar\\\/7c5bd30ae4b47a9ba3c856590957fd1d96dc588bf3ac05719d247e126840331f?s=96&d=mm&r=g\",\"contentUrl\":\"https:\\\/\\\/secure.gravatar.com\\\/avatar\\\/7c5bd30ae4b47a9ba3c856590957fd1d96dc588bf3ac05719d247e126840331f?s=96&d=mm&r=g\",\"caption\":\"libna\"}}]}<\/script>\n<!-- \/ Yoast SEO plugin. -->","yoast_head_json":{"title":"Nuevo documental revela historias de sanaci\u00f3n y esperanza - Iglesia Adventista del S\u00e9ptimo D\u00eda - Divisi\u00f3n Interamericana","robots":{"index":"index","follow":"follow","max-snippet":"max-snippet:-1","max-image-preview":"max-image-preview:large","max-video-preview":"max-video-preview:-1"},"canonical":"https:\/\/interamerica.org\/es\/2025\/08\/nuevo-documental-revela-historias-de-sanacion-y-esperanza\/","og_locale":"es_ES","og_type":"article","og_title":"Nuevo documental revela historias de sanaci\u00f3n y esperanza - Iglesia Adventista del S\u00e9ptimo D\u00eda - Divisi\u00f3n Interamericana","og_description":"El nuevo filme de Hope Channel Interam\u00e9rica capta vidas reales, impactos reales sobre la salud, la fe y el servicio. 7 de agosto de 2025 | Miami, Florida, Estados Unidos...","og_url":"https:\/\/interamerica.org\/es\/2025\/08\/nuevo-documental-revela-historias-de-sanacion-y-esperanza\/","og_site_name":"Iglesia Adventista del S\u00e9ptimo D\u00eda - Divisi\u00f3n Interamericana","article_published_time":"2025-08-07T19:03:56+00:00","article_modified_time":"2025-11-05T08:51:04+00:00","author":"libna","twitter_card":"summary_large_image","twitter_misc":{"Escrito por":"libna","Tiempo de lectura":"6 minutos"},"schema":{"@context":"https:\/\/schema.org","@graph":[{"@type":"Article","@id":"https:\/\/interamerica.org\/es\/2025\/08\/nuevo-documental-revela-historias-de-sanacion-y-esperanza\/#article","isPartOf":{"@id":"https:\/\/interamerica.org\/es\/2025\/08\/nuevo-documental-revela-historias-de-sanacion-y-esperanza\/"},"author":{"name":"libna","@id":"https:\/\/interamerica.org\/es\/#\/schema\/person\/29998f2bc2d8bd0d38662909289b54f1"},"headline":"Nuevo documental revela historias de sanaci\u00f3n y esperanza","datePublished":"2025-08-07T19:03:56+00:00","dateModified":"2025-11-05T08:51:04+00:00","mainEntityOfPage":{"@id":"https:\/\/interamerica.org\/es\/2025\/08\/nuevo-documental-revela-historias-de-sanacion-y-esperanza\/"},"wordCount":1197,"image":{"@id":"https:\/\/interamerica.org\/es\/2025\/08\/nuevo-documental-revela-historias-de-sanacion-y-esperanza\/#primaryimage"},"thumbnailUrl":"https:\/\/interamerica.org\/wp-content\/uploads\/2025\/08\/aprueba-de-vida-mz51752002990395.avif","articleSection":["Desde la sede","RSS Espa\u00f1ol"],"inLanguage":"es"},{"@type":"WebPage","@id":"https:\/\/interamerica.org\/es\/2025\/08\/nuevo-documental-revela-historias-de-sanacion-y-esperanza\/","url":"https:\/\/interamerica.org\/es\/2025\/08\/nuevo-documental-revela-historias-de-sanacion-y-esperanza\/","name":"Nuevo documental revela historias de sanaci\u00f3n y esperanza - Iglesia Adventista del S\u00e9ptimo D\u00eda - Divisi\u00f3n Interamericana","isPartOf":{"@id":"https:\/\/interamerica.org\/es\/#website"},"primaryImageOfPage":{"@id":"https:\/\/interamerica.org\/es\/2025\/08\/nuevo-documental-revela-historias-de-sanacion-y-esperanza\/#primaryimage"},"image":{"@id":"https:\/\/interamerica.org\/es\/2025\/08\/nuevo-documental-revela-historias-de-sanacion-y-esperanza\/#primaryimage"},"thumbnailUrl":"https:\/\/interamerica.org\/wp-content\/uploads\/2025\/08\/aprueba-de-vida-mz51752002990395.avif","datePublished":"2025-08-07T19:03:56+00:00","dateModified":"2025-11-05T08:51:04+00:00","author":{"@id":"https:\/\/interamerica.org\/es\/#\/schema\/person\/29998f2bc2d8bd0d38662909289b54f1"},"breadcrumb":{"@id":"https:\/\/interamerica.org\/es\/2025\/08\/nuevo-documental-revela-historias-de-sanacion-y-esperanza\/#breadcrumb"},"inLanguage":"es","potentialAction":[{"@type":"ReadAction","target":["https:\/\/interamerica.org\/es\/2025\/08\/nuevo-documental-revela-historias-de-sanacion-y-esperanza\/"]}]},{"@type":"ImageObject","inLanguage":"es","@id":"https:\/\/interamerica.org\/es\/2025\/08\/nuevo-documental-revela-historias-de-sanacion-y-esperanza\/#primaryimage","url":"https:\/\/interamerica.org\/wp-content\/uploads\/2025\/08\/aprueba-de-vida-mz51752002990395.avif","contentUrl":"https:\/\/interamerica.org\/wp-content\/uploads\/2025\/08\/aprueba-de-vida-mz51752002990395.avif"},{"@type":"BreadcrumbList","@id":"https:\/\/interamerica.org\/es\/2025\/08\/nuevo-documental-revela-historias-de-sanacion-y-esperanza\/#breadcrumb","itemListElement":[{"@type":"ListItem","position":1,"name":"Home","item":"https:\/\/interamerica.org\/es\/"},{"@type":"ListItem","position":2,"name":"Nuevo documental revela historias de sanaci\u00f3n y esperanza"}]},{"@type":"WebSite","@id":"https:\/\/interamerica.org\/es\/#website","url":"https:\/\/interamerica.org\/es\/","name":"Iglesia Adventista del S\u00e9ptimo D\u00eda - Divisi\u00f3n Interamericana","description":"","potentialAction":[{"@type":"SearchAction","target":{"@type":"EntryPoint","urlTemplate":"https:\/\/interamerica.org\/es\/?s={search_term_string}"},"query-input":{"@type":"PropertyValueSpecification","valueRequired":true,"valueName":"search_term_string"}}],"inLanguage":"es"},{"@type":"Person","@id":"https:\/\/interamerica.org\/es\/#\/schema\/person\/29998f2bc2d8bd0d38662909289b54f1","name":"libna","image":{"@type":"ImageObject","inLanguage":"es","@id":"https:\/\/secure.gravatar.com\/avatar\/7c5bd30ae4b47a9ba3c856590957fd1d96dc588bf3ac05719d247e126840331f?s=96&d=mm&r=g","url":"https:\/\/secure.gravatar.com\/avatar\/7c5bd30ae4b47a9ba3c856590957fd1d96dc588bf3ac05719d247e126840331f?s=96&d=mm&r=g","contentUrl":"https:\/\/secure.gravatar.com\/avatar\/7c5bd30ae4b47a9ba3c856590957fd1d96dc588bf3ac05719d247e126840331f?s=96&d=mm&r=g","caption":"libna"}}]}},"_links":{"self":[{"href":"https:\/\/interamerica.org\/es\/wp-json\/wp\/v2\/posts\/131968","targetHints":{"allow":["GET"]}}],"collection":[{"href":"https:\/\/interamerica.org\/es\/wp-json\/wp\/v2\/posts"}],"about":[{"href":"https:\/\/interamerica.org\/es\/wp-json\/wp\/v2\/types\/post"}],"author":[{"embeddable":true,"href":"https:\/\/interamerica.org\/es\/wp-json\/wp\/v2\/users\/3"}],"replies":[{"embeddable":true,"href":"https:\/\/interamerica.org\/es\/wp-json\/wp\/v2\/comments?post=131968"}],"version-history":[{"count":3,"href":"https:\/\/interamerica.org\/es\/wp-json\/wp\/v2\/posts\/131968\/revisions"}],"predecessor-version":[{"id":131995,"href":"https:\/\/interamerica.org\/es\/wp-json\/wp\/v2\/posts\/131968\/revisions\/131995"}],"wp:featuredmedia":[{"embeddable":true,"href":"https:\/\/interamerica.org\/es\/wp-json\/wp\/v2\/media\/131863"}],"wp:attachment":[{"href":"https:\/\/interamerica.org\/es\/wp-json\/wp\/v2\/media?parent=131968"}],"wp:term":[{"taxonomy":"category","embeddable":true,"href":"https:\/\/interamerica.org\/es\/wp-json\/wp\/v2\/categories?post=131968"},{"taxonomy":"post_tag","embeddable":true,"href":"https:\/\/interamerica.org\/es\/wp-json\/wp\/v2\/tags?post=131968"}],"curies":[{"name":"wp","href":"https:\/\/api.w.org\/{rel}","templated":true}]}}