{"id":133136,"date":"2025-09-11T18:09:28","date_gmt":"2025-09-11T22:09:28","guid":{"rendered":"https:\/\/interamerica.org\/?p=133136"},"modified":"2025-09-12T00:15:40","modified_gmt":"2025-09-12T04:15:40","slug":"mision","status":"publish","type":"post","link":"https:\/\/interamerica.org\/es\/2025\/09\/mision\/","title":{"rendered":"Misi\u00f3n"},"content":{"rendered":"<p data-start=\"40\" data-end=\"237\"><em>El siguiente mensaje est\u00e1 dirigido a la Iglesia Adventista del S\u00e9ptimo D\u00eda en Interam\u00e9rica por Abner De los Santos, presidente de la Divisi\u00f3n Interamericana. \u2014 Redacci\u00f3n de Noticias de la DIA<\/em><\/p>\n<p data-start=\"239\" data-end=\"407\" data-is-last-node=\"\" data-is-only-node=\"\">11 de septiembre de 2025 | Miami, Florida, Estados Unidos | Por Abner De los Santos, presidente de la Iglesia Adventista del S\u00e9ptimo D\u00eda en la Divisi\u00f3n Interamericana<\/p>\n<p><span style=\"font-weight: 400;\">Hola, querida familia de Interam\u00e9rica, les invito a abrir su biblia junto conmigo.<\/span><\/p>\n<p><span style=\"font-weight: 400;\">Hoy, en el evangelio de Marcos cap\u00edtulo 6, vers\u00edculo 34.<\/span><\/p>\n<p><em>Dice as\u00ed: \u201cY sali\u00f3 Jes\u00fas y vio una gran multitud, y tuvo compasi\u00f3n de ellos, porque eran como ovejas que no ten\u00edan pastor; y comenz\u00f3 a ense\u00f1arles muchas cosas\u201d.<\/em><\/p>\n<p><span style=\"font-weight: 400;\">En la Divisi\u00f3n Interamericana, contamos con planes y estrategias para cumplir la misi\u00f3n que Dios nos ha encomendado. Las estrategias son una proyecci\u00f3n vital para seguir avanzando unidos, pero \u00bfsaben? la misi\u00f3n no comienza con esos programas o documentos; la misi\u00f3n comienza en un coraz\u00f3n dispuesto. Jes\u00fas ense\u00f1\u00f3 y san\u00f3, porque entend\u00eda que las personas necesitaban esperanza y restauraci\u00f3n.\u00a0<\/span><\/p>\n<p><span style=\"font-weight: 400;\">Siguiendo su ejemplo, nosotros tambi\u00e9n somos llamados a servir, por un lado, con nuestro brazo de la educaci\u00f3n, pero tambi\u00e9n con el brazo de la sanaci\u00f3n.<\/span><\/p>\n<p><span style=\"font-weight: 400;\">Todos tenemos dones y talentos: Algunos predican, otros cantan, declaman, visitan a enfermos, apoyan a sus vecinos; cualquier acto de bondad, es una pieza clave en la misi\u00f3n.<\/span><\/p>\n<p><span style=\"font-weight: 400;\">\u201cA cada uno se le ha asignado una obra\u2026 (Review and Herald, 12 de diciembre de 1893)<\/span><\/p>\n<p><span style=\"font-weight: 400;\">Hoy, como miembros de esta linda familia Interamericana, les hago una invitaci\u00f3n clara: Que cada persona, incluyendo ni\u00f1os, j\u00f3venes y adultos, se involucren en el servicio. Que cada familia participe en la misi\u00f3n, que cada iglesia sea un faro de luz y\u00a0 que cada instituci\u00f3n desarrolle sus planes para ser relevantes en la comunidad. Digamos al mundo: \u2018Cristo vive, y te ama\u2019.<\/span><\/p>\n<p><span style=\"font-weight: 400;\">Sigamos avanzando juntos viviendo la misi\u00f3n, unidos bajo la direcci\u00f3n del Esp\u00edritu Santo, para que el mundo sepa que \u00c9l nos ha enviado.<\/span><\/p>\n<p><iframe title=\"MISI\u00d3N | Pastor Abner De los Santos | Divisi\u00f3n Interamericana\" width=\"500\" height=\"281\" src=\"https:\/\/www.youtube.com\/embed\/ocvACnQJzS0?feature=oembed\" frameborder=\"0\" allow=\"accelerometer; autoplay; clipboard-write; encrypted-media; gyroscope; picture-in-picture; web-share\" referrerpolicy=\"strict-origin-when-cross-origin\" allowfullscreen><\/iframe><\/p>\n<p>&nbsp;<\/p>\n","protected":false},"excerpt":{"rendered":"<p>El siguiente mensaje est\u00e1 dirigido a la Iglesia Adventista del S\u00e9ptimo D\u00eda en Interam\u00e9rica por Abner De los Santos, presidente de la Divisi\u00f3n Interamericana. \u2014 Redacci\u00f3n de Noticias de la&#8230;<\/p>\n","protected":false},"author":3,"featured_media":133133,"comment_status":"closed","ping_status":"closed","sticky":false,"template":"","format":"standard","meta":{"_acf_changed":false,"footnotes":""},"categories":[16,15],"tags":[],"class_list":["post-133136","post","type-post","status-publish","format-standard","has-post-thumbnail","hentry","category-desde-la-sede","category-rss-espanol"],"acf":[],"yoast_head":"<!-- This site is optimized with the Yoast SEO plugin v27.3 - https:\/\/yoast.com\/product\/yoast-seo-wordpress\/ -->\n<title>Misi\u00f3n - Iglesia Adventista del S\u00e9ptimo D\u00eda - Divisi\u00f3n Interamericana<\/title>\n<meta name=\"robots\" content=\"index, follow, max-snippet:-1, max-image-preview:large, max-video-preview:-1\" \/>\n<link rel=\"canonical\" href=\"https:\/\/interamerica.org\/es\/2025\/09\/mision\/\" \/>\n<meta property=\"og:locale\" content=\"es_ES\" \/>\n<meta property=\"og:type\" content=\"article\" \/>\n<meta property=\"og:title\" content=\"Misi\u00f3n - Iglesia Adventista del S\u00e9ptimo D\u00eda - Divisi\u00f3n Interamericana\" \/>\n<meta property=\"og:description\" content=\"El siguiente mensaje est\u00e1 dirigido a la Iglesia Adventista del S\u00e9ptimo D\u00eda en Interam\u00e9rica por Abner De los Santos, presidente de la Divisi\u00f3n Interamericana. \u2014 Redacci\u00f3n de Noticias de la...\" \/>\n<meta property=\"og:url\" content=\"https:\/\/interamerica.org\/es\/2025\/09\/mision\/\" \/>\n<meta property=\"og:site_name\" content=\"Iglesia Adventista del S\u00e9ptimo D\u00eda - Divisi\u00f3n Interamericana\" \/>\n<meta property=\"article:published_time\" content=\"2025-09-11T22:09:28+00:00\" \/>\n<meta property=\"article:modified_time\" content=\"2025-09-12T04:15:40+00:00\" \/>\n<meta property=\"og:image\" content=\"https:\/\/interamerica.org\/wp-content\/uploads\/2025\/09\/thumb-adls-sep25-esp-1024x574.png\" \/>\n\t<meta property=\"og:image:width\" content=\"1024\" \/>\n\t<meta property=\"og:image:height\" content=\"574\" \/>\n\t<meta property=\"og:image:type\" content=\"image\/png\" \/>\n<meta name=\"author\" content=\"libna\" \/>\n<meta name=\"twitter:card\" content=\"summary_large_image\" \/>\n<meta name=\"twitter:label1\" content=\"Escrito por\" \/>\n\t<meta name=\"twitter:data1\" content=\"libna\" \/>\n\t<meta name=\"twitter:label2\" content=\"Tiempo de lectura\" \/>\n\t<meta name=\"twitter:data2\" content=\"2 minutos\" \/>\n<script type=\"application\/ld+json\" class=\"yoast-schema-graph\">{\"@context\":\"https:\\\/\\\/schema.org\",\"@graph\":[{\"@type\":\"Article\",\"@id\":\"https:\\\/\\\/interamerica.org\\\/es\\\/2025\\\/09\\\/mision\\\/#article\",\"isPartOf\":{\"@id\":\"https:\\\/\\\/interamerica.org\\\/es\\\/2025\\\/09\\\/mision\\\/\"},\"author\":{\"name\":\"libna\",\"@id\":\"https:\\\/\\\/interamerica.org\\\/es\\\/#\\\/schema\\\/person\\\/29998f2bc2d8bd0d38662909289b54f1\"},\"headline\":\"Misi\u00f3n\",\"datePublished\":\"2025-09-11T22:09:28+00:00\",\"dateModified\":\"2025-09-12T04:15:40+00:00\",\"mainEntityOfPage\":{\"@id\":\"https:\\\/\\\/interamerica.org\\\/es\\\/2025\\\/09\\\/mision\\\/\"},\"wordCount\":364,\"image\":{\"@id\":\"https:\\\/\\\/interamerica.org\\\/es\\\/2025\\\/09\\\/mision\\\/#primaryimage\"},\"thumbnailUrl\":\"https:\\\/\\\/interamerica.org\\\/wp-content\\\/uploads\\\/2025\\\/09\\\/thumb-adls-sep25-esp.png\",\"articleSection\":[\"Desde la sede\",\"RSS Espa\u00f1ol\"],\"inLanguage\":\"es\"},{\"@type\":\"WebPage\",\"@id\":\"https:\\\/\\\/interamerica.org\\\/es\\\/2025\\\/09\\\/mision\\\/\",\"url\":\"https:\\\/\\\/interamerica.org\\\/es\\\/2025\\\/09\\\/mision\\\/\",\"name\":\"Misi\u00f3n - Iglesia Adventista del S\u00e9ptimo D\u00eda - Divisi\u00f3n Interamericana\",\"isPartOf\":{\"@id\":\"https:\\\/\\\/interamerica.org\\\/es\\\/#website\"},\"primaryImageOfPage\":{\"@id\":\"https:\\\/\\\/interamerica.org\\\/es\\\/2025\\\/09\\\/mision\\\/#primaryimage\"},\"image\":{\"@id\":\"https:\\\/\\\/interamerica.org\\\/es\\\/2025\\\/09\\\/mision\\\/#primaryimage\"},\"thumbnailUrl\":\"https:\\\/\\\/interamerica.org\\\/wp-content\\\/uploads\\\/2025\\\/09\\\/thumb-adls-sep25-esp.png\",\"datePublished\":\"2025-09-11T22:09:28+00:00\",\"dateModified\":\"2025-09-12T04:15:40+00:00\",\"author\":{\"@id\":\"https:\\\/\\\/interamerica.org\\\/es\\\/#\\\/schema\\\/person\\\/29998f2bc2d8bd0d38662909289b54f1\"},\"breadcrumb\":{\"@id\":\"https:\\\/\\\/interamerica.org\\\/es\\\/2025\\\/09\\\/mision\\\/#breadcrumb\"},\"inLanguage\":\"es\",\"potentialAction\":[{\"@type\":\"ReadAction\",\"target\":[\"https:\\\/\\\/interamerica.org\\\/es\\\/2025\\\/09\\\/mision\\\/\"]}]},{\"@type\":\"ImageObject\",\"inLanguage\":\"es\",\"@id\":\"https:\\\/\\\/interamerica.org\\\/es\\\/2025\\\/09\\\/mision\\\/#primaryimage\",\"url\":\"https:\\\/\\\/interamerica.org\\\/wp-content\\\/uploads\\\/2025\\\/09\\\/thumb-adls-sep25-esp.png\",\"contentUrl\":\"https:\\\/\\\/interamerica.org\\\/wp-content\\\/uploads\\\/2025\\\/09\\\/thumb-adls-sep25-esp.png\",\"width\":2555,\"height\":1433},{\"@type\":\"BreadcrumbList\",\"@id\":\"https:\\\/\\\/interamerica.org\\\/es\\\/2025\\\/09\\\/mision\\\/#breadcrumb\",\"itemListElement\":[{\"@type\":\"ListItem\",\"position\":1,\"name\":\"Home\",\"item\":\"https:\\\/\\\/interamerica.org\\\/es\\\/\"},{\"@type\":\"ListItem\",\"position\":2,\"name\":\"Misi\u00f3n\"}]},{\"@type\":\"WebSite\",\"@id\":\"https:\\\/\\\/interamerica.org\\\/es\\\/#website\",\"url\":\"https:\\\/\\\/interamerica.org\\\/es\\\/\",\"name\":\"Iglesia Adventista del S\u00e9ptimo D\u00eda - Divisi\u00f3n Interamericana\",\"description\":\"\",\"potentialAction\":[{\"@type\":\"SearchAction\",\"target\":{\"@type\":\"EntryPoint\",\"urlTemplate\":\"https:\\\/\\\/interamerica.org\\\/es\\\/?s={search_term_string}\"},\"query-input\":{\"@type\":\"PropertyValueSpecification\",\"valueRequired\":true,\"valueName\":\"search_term_string\"}}],\"inLanguage\":\"es\"},{\"@type\":\"Person\",\"@id\":\"https:\\\/\\\/interamerica.org\\\/es\\\/#\\\/schema\\\/person\\\/29998f2bc2d8bd0d38662909289b54f1\",\"name\":\"libna\",\"image\":{\"@type\":\"ImageObject\",\"inLanguage\":\"es\",\"@id\":\"https:\\\/\\\/secure.gravatar.com\\\/avatar\\\/7c5bd30ae4b47a9ba3c856590957fd1d96dc588bf3ac05719d247e126840331f?s=96&d=mm&r=g\",\"url\":\"https:\\\/\\\/secure.gravatar.com\\\/avatar\\\/7c5bd30ae4b47a9ba3c856590957fd1d96dc588bf3ac05719d247e126840331f?s=96&d=mm&r=g\",\"contentUrl\":\"https:\\\/\\\/secure.gravatar.com\\\/avatar\\\/7c5bd30ae4b47a9ba3c856590957fd1d96dc588bf3ac05719d247e126840331f?s=96&d=mm&r=g\",\"caption\":\"libna\"}}]}<\/script>\n<!-- \/ Yoast SEO plugin. -->","yoast_head_json":{"title":"Misi\u00f3n - Iglesia Adventista del S\u00e9ptimo D\u00eda - Divisi\u00f3n Interamericana","robots":{"index":"index","follow":"follow","max-snippet":"max-snippet:-1","max-image-preview":"max-image-preview:large","max-video-preview":"max-video-preview:-1"},"canonical":"https:\/\/interamerica.org\/es\/2025\/09\/mision\/","og_locale":"es_ES","og_type":"article","og_title":"Misi\u00f3n - Iglesia Adventista del S\u00e9ptimo D\u00eda - Divisi\u00f3n Interamericana","og_description":"El siguiente mensaje est\u00e1 dirigido a la Iglesia Adventista del S\u00e9ptimo D\u00eda en Interam\u00e9rica por Abner De los Santos, presidente de la Divisi\u00f3n Interamericana. \u2014 Redacci\u00f3n de Noticias de la...","og_url":"https:\/\/interamerica.org\/es\/2025\/09\/mision\/","og_site_name":"Iglesia Adventista del S\u00e9ptimo D\u00eda - Divisi\u00f3n Interamericana","article_published_time":"2025-09-11T22:09:28+00:00","article_modified_time":"2025-09-12T04:15:40+00:00","og_image":[{"width":1024,"height":574,"url":"https:\/\/interamerica.org\/wp-content\/uploads\/2025\/09\/thumb-adls-sep25-esp-1024x574.png","type":"image\/png"}],"author":"libna","twitter_card":"summary_large_image","twitter_misc":{"Escrito por":"libna","Tiempo de lectura":"2 minutos"},"schema":{"@context":"https:\/\/schema.org","@graph":[{"@type":"Article","@id":"https:\/\/interamerica.org\/es\/2025\/09\/mision\/#article","isPartOf":{"@id":"https:\/\/interamerica.org\/es\/2025\/09\/mision\/"},"author":{"name":"libna","@id":"https:\/\/interamerica.org\/es\/#\/schema\/person\/29998f2bc2d8bd0d38662909289b54f1"},"headline":"Misi\u00f3n","datePublished":"2025-09-11T22:09:28+00:00","dateModified":"2025-09-12T04:15:40+00:00","mainEntityOfPage":{"@id":"https:\/\/interamerica.org\/es\/2025\/09\/mision\/"},"wordCount":364,"image":{"@id":"https:\/\/interamerica.org\/es\/2025\/09\/mision\/#primaryimage"},"thumbnailUrl":"https:\/\/interamerica.org\/wp-content\/uploads\/2025\/09\/thumb-adls-sep25-esp.png","articleSection":["Desde la sede","RSS Espa\u00f1ol"],"inLanguage":"es"},{"@type":"WebPage","@id":"https:\/\/interamerica.org\/es\/2025\/09\/mision\/","url":"https:\/\/interamerica.org\/es\/2025\/09\/mision\/","name":"Misi\u00f3n - Iglesia Adventista del S\u00e9ptimo D\u00eda - Divisi\u00f3n Interamericana","isPartOf":{"@id":"https:\/\/interamerica.org\/es\/#website"},"primaryImageOfPage":{"@id":"https:\/\/interamerica.org\/es\/2025\/09\/mision\/#primaryimage"},"image":{"@id":"https:\/\/interamerica.org\/es\/2025\/09\/mision\/#primaryimage"},"thumbnailUrl":"https:\/\/interamerica.org\/wp-content\/uploads\/2025\/09\/thumb-adls-sep25-esp.png","datePublished":"2025-09-11T22:09:28+00:00","dateModified":"2025-09-12T04:15:40+00:00","author":{"@id":"https:\/\/interamerica.org\/es\/#\/schema\/person\/29998f2bc2d8bd0d38662909289b54f1"},"breadcrumb":{"@id":"https:\/\/interamerica.org\/es\/2025\/09\/mision\/#breadcrumb"},"inLanguage":"es","potentialAction":[{"@type":"ReadAction","target":["https:\/\/interamerica.org\/es\/2025\/09\/mision\/"]}]},{"@type":"ImageObject","inLanguage":"es","@id":"https:\/\/interamerica.org\/es\/2025\/09\/mision\/#primaryimage","url":"https:\/\/interamerica.org\/wp-content\/uploads\/2025\/09\/thumb-adls-sep25-esp.png","contentUrl":"https:\/\/interamerica.org\/wp-content\/uploads\/2025\/09\/thumb-adls-sep25-esp.png","width":2555,"height":1433},{"@type":"BreadcrumbList","@id":"https:\/\/interamerica.org\/es\/2025\/09\/mision\/#breadcrumb","itemListElement":[{"@type":"ListItem","position":1,"name":"Home","item":"https:\/\/interamerica.org\/es\/"},{"@type":"ListItem","position":2,"name":"Misi\u00f3n"}]},{"@type":"WebSite","@id":"https:\/\/interamerica.org\/es\/#website","url":"https:\/\/interamerica.org\/es\/","name":"Iglesia Adventista del S\u00e9ptimo D\u00eda - Divisi\u00f3n Interamericana","description":"","potentialAction":[{"@type":"SearchAction","target":{"@type":"EntryPoint","urlTemplate":"https:\/\/interamerica.org\/es\/?s={search_term_string}"},"query-input":{"@type":"PropertyValueSpecification","valueRequired":true,"valueName":"search_term_string"}}],"inLanguage":"es"},{"@type":"Person","@id":"https:\/\/interamerica.org\/es\/#\/schema\/person\/29998f2bc2d8bd0d38662909289b54f1","name":"libna","image":{"@type":"ImageObject","inLanguage":"es","@id":"https:\/\/secure.gravatar.com\/avatar\/7c5bd30ae4b47a9ba3c856590957fd1d96dc588bf3ac05719d247e126840331f?s=96&d=mm&r=g","url":"https:\/\/secure.gravatar.com\/avatar\/7c5bd30ae4b47a9ba3c856590957fd1d96dc588bf3ac05719d247e126840331f?s=96&d=mm&r=g","contentUrl":"https:\/\/secure.gravatar.com\/avatar\/7c5bd30ae4b47a9ba3c856590957fd1d96dc588bf3ac05719d247e126840331f?s=96&d=mm&r=g","caption":"libna"}}]}},"_links":{"self":[{"href":"https:\/\/interamerica.org\/es\/wp-json\/wp\/v2\/posts\/133136","targetHints":{"allow":["GET"]}}],"collection":[{"href":"https:\/\/interamerica.org\/es\/wp-json\/wp\/v2\/posts"}],"about":[{"href":"https:\/\/interamerica.org\/es\/wp-json\/wp\/v2\/types\/post"}],"author":[{"embeddable":true,"href":"https:\/\/interamerica.org\/es\/wp-json\/wp\/v2\/users\/3"}],"replies":[{"embeddable":true,"href":"https:\/\/interamerica.org\/es\/wp-json\/wp\/v2\/comments?post=133136"}],"version-history":[{"count":1,"href":"https:\/\/interamerica.org\/es\/wp-json\/wp\/v2\/posts\/133136\/revisions"}],"predecessor-version":[{"id":133137,"href":"https:\/\/interamerica.org\/es\/wp-json\/wp\/v2\/posts\/133136\/revisions\/133137"}],"wp:featuredmedia":[{"embeddable":true,"href":"https:\/\/interamerica.org\/es\/wp-json\/wp\/v2\/media\/133133"}],"wp:attachment":[{"href":"https:\/\/interamerica.org\/es\/wp-json\/wp\/v2\/media?parent=133136"}],"wp:term":[{"taxonomy":"category","embeddable":true,"href":"https:\/\/interamerica.org\/es\/wp-json\/wp\/v2\/categories?post=133136"},{"taxonomy":"post_tag","embeddable":true,"href":"https:\/\/interamerica.org\/es\/wp-json\/wp\/v2\/tags?post=133136"}],"curies":[{"name":"wp","href":"https:\/\/api.w.org\/{rel}","templated":true}]}}