{"id":133653,"date":"2025-09-23T11:43:42","date_gmt":"2025-09-23T15:43:42","guid":{"rendered":"https:\/\/interamerica.org\/?p=133653"},"modified":"2025-09-23T11:50:32","modified_gmt":"2025-09-23T15:50:32","slug":"cientos-de-hispanos-adventistas-de-toda-europa-se-reunen-en-belgica","status":"publish","type":"post","link":"https:\/\/interamerica.org\/es\/2025\/09\/cientos-de-hispanos-adventistas-de-toda-europa-se-reunen-en-belgica\/","title":{"rendered":"Cientos de hispanos adventistas de toda Europa se re\u00fanen en B\u00e9lgica"},"content":{"rendered":"<div id=\"attachment_133633\" style=\"width: 931px\" class=\"wp-caption aligncenter\"><img fetchpriority=\"high\" decoding=\"async\" aria-describedby=\"caption-attachment-133633\" class=\" wp-image-133631\" src=\"https:\/\/interamerica.org\/wp-content\/uploads\/2025\/09\/belgium-10-1024x683.jpg\" alt=\"\" width=\"921\" height=\"614\" srcset=\"https:\/\/interamerica.org\/wp-content\/uploads\/2025\/09\/belgium-10-1024x683.jpg 1024w, https:\/\/interamerica.org\/wp-content\/uploads\/2025\/09\/belgium-10-300x200.jpg 300w, https:\/\/interamerica.org\/wp-content\/uploads\/2025\/09\/belgium-10-768x512.jpg 768w, https:\/\/interamerica.org\/wp-content\/uploads\/2025\/09\/belgium-10-1536x1025.jpg 1536w, https:\/\/interamerica.org\/wp-content\/uploads\/2025\/09\/belgium-10-2048x1367.jpg 2048w\" sizes=\"(max-width: 921px) 100vw, 921px\" \/><p id=\"caption-attachment-133633\" class=\"wp-caption-text\">Eliasib S\u00e1nchez Jim\u00e9nez, presidente saliente de la Asociaci\u00f3n de Iglesias Adventistas Latinoamericanas en Europa, da un mensaje de bienvenida a los asistentes a la convenci\u00f3n 2025 el pasado 12 de septiembre. Originario de M\u00e9xico, ha prestado servicios durante d\u00e9cadas como pastor y l\u00edder en Espa\u00f1a. [Fotograf\u00eda: Marcos Paseggi, Adventist Review]<\/p><\/div>\n<p class=\"c-post-header__subtitle\"><em>Los miembros de habla hispana son una parte importante de la iglesia en Europa, dicen los l\u00edderes.<\/em><\/p>\n<p>23 de septiembre de 2025 | B\u00e9lgica | Marcos Paseggi, <em>Adventist Review<\/em><\/p>\n<p>Cientos de l\u00edderes, miembros e invitados especiales de la Iglesia Adventista del S\u00e9ptimo D\u00eda en toda Europa viajaron al norte de B\u00e9lgica para la Convenci\u00f3n 2025 de la Asociaci\u00f3n de Iglesias Adventistas Latinoamericanas en Europa (AIALE). El evento del 12 al 14 de septiembre, que tuvo lugar en el Vormingscentrum en Malle, Amberes, reuni\u00f3 a miembros adventistas que viven en varios pa\u00edses europeos para tres d\u00edas de cultos de adoraci\u00f3n, camarader\u00eda y capacitaci\u00f3n bajo el lema \u201cMisi\u00f3n posible\u201d.<\/p>\n<div id=\"attachment_133642\" style=\"width: 941px\" class=\"wp-caption aligncenter\"><img decoding=\"async\" aria-describedby=\"caption-attachment-133642\" class=\" wp-image-133640\" src=\"https:\/\/interamerica.org\/wp-content\/uploads\/2025\/09\/belgium1-12-1024x695.jpg\" alt=\"\" width=\"931\" height=\"632\" srcset=\"https:\/\/interamerica.org\/wp-content\/uploads\/2025\/09\/belgium1-12-1024x695.jpg 1024w, https:\/\/interamerica.org\/wp-content\/uploads\/2025\/09\/belgium1-12-300x204.jpg 300w, https:\/\/interamerica.org\/wp-content\/uploads\/2025\/09\/belgium1-12-768x522.jpg 768w, https:\/\/interamerica.org\/wp-content\/uploads\/2025\/09\/belgium1-12-1536x1043.jpg 1536w, https:\/\/interamerica.org\/wp-content\/uploads\/2025\/09\/belgium1-12-2048x1391.jpg 2048w\" sizes=\"(max-width: 931px) 100vw, 931px\" \/><p id=\"caption-attachment-133642\" class=\"wp-caption-text\">Dos colombianos adventistas del s\u00e9ptimo d\u00eda que viven y trabajan en Mil\u00e1n, Italia, alzan sus voces en alabanza durante la noche de apertura de la Convenci\u00f3n 2025 de la Asociaci\u00f3n de Iglesias Adventistas Latinoamericanas en Europa en Malle, Amberes, B\u00e9lgica, el 12 de septiembre. [Fotograf\u00eda: Marcos Paseggi, Adventist Review]<\/p><\/div>\n<h4 class=\"wp-block-heading\"><strong>Una parte importante de la iglesia regional<\/strong><\/h4>\n<p>Al inicio del evento del 12 de septiembre, David Carballo, un pastor en B\u00e9lgica que fue coordinador de j\u00f3venes de AIALE y ahora ha sido elegido presidente de la organizaci\u00f3n, record\u00f3 a los participantes que la creciente organizaci\u00f3n es un ministerio de apoyo de la Divisi\u00f3n Intereuropea. \u201cTambi\u00e9n queremos convertirnos en una entidad oficial en la Divisi\u00f3n Transeuropea en un futuro cercano\u201d, dijo, refiri\u00e9ndose a la otra regi\u00f3n importante de la Iglesia Adventista en el continente.<\/p>\n<p>Despu\u00e9s de Carballo, Yves Pierre, presidente de la Asociaci\u00f3n Belga-Luxemburguesa de la Iglesia Adventista, dio la bienvenida a los 330 miembros registrados y a las decenas de invitados al evento con un mensaje en espa\u00f1ol. \u201cLos adventistas de habla hispana son una parte muy importante de la iglesia en esta regi\u00f3n\u201d, les record\u00f3. \u201cEspero que esta convenci\u00f3n sea un momento para profundizar su compromiso con Dios, intercambiar experiencias y regresar con un impulso renovado en pro del mensaje del evangelio\u201d.<\/p>\n<p><div id=\"attachment_133648\" style=\"width: 963px\" class=\"wp-caption aligncenter\"><img decoding=\"async\" aria-describedby=\"caption-attachment-133648\" class=\" wp-image-133646\" src=\"https:\/\/interamerica.org\/wp-content\/uploads\/2025\/09\/belgium-4-8-1024x683.jpg\" alt=\"\" width=\"953\" height=\"635\" srcset=\"https:\/\/interamerica.org\/wp-content\/uploads\/2025\/09\/belgium-4-8-1024x683.jpg 1024w, https:\/\/interamerica.org\/wp-content\/uploads\/2025\/09\/belgium-4-8-300x200.jpg 300w, https:\/\/interamerica.org\/wp-content\/uploads\/2025\/09\/belgium-4-8-768x512.jpg 768w, https:\/\/interamerica.org\/wp-content\/uploads\/2025\/09\/belgium-4-8-1536x1025.jpg 1536w, https:\/\/interamerica.org\/wp-content\/uploads\/2025\/09\/belgium-4-8-2048x1367.jpg 2048w\" sizes=\"(max-width: 953px) 100vw, 953px\" \/><p id=\"caption-attachment-133648\" class=\"wp-caption-text\">El grupo coral EMAD viaj\u00f3 desde Monterrey, M\u00e9xico, para compartir sus c\u00e1nticos de adoraci\u00f3n y dirigir el canto congregacional durante la convenci\u00f3n. [Fotograf\u00eda: Marcos Paseggi, Adventist Review]<\/p><\/div>Pierre tambi\u00e9n llam\u00f3 a que cada miembro de la iglesia hispana \u201crefleje el amor y la gracia de Dios\u201d dondequiera que vivan y trabajen. \u201cQue puedan vivir el amor de Dios a cada paso, y que su Esp\u00edritu los gu\u00ede a una unidad cada vez m\u00e1s fuerte y a una misi\u00f3n cada vez m\u00e1s viva\u201d, expres\u00f3.<\/p>\n<h4 class=\"wp-block-heading\"><strong>Objetivo \u00faltimo de la AIALE<\/strong><\/h4>\n<p>Eliasib S\u00e1nchez Jim\u00e9nez, presidente saliente de la AIALE, celebr\u00f3 el esfuerzo de quienes viajaron en avi\u00f3n, tren, autob\u00fas o autom\u00f3viles para asistir a la convenci\u00f3n. \u201cAlgunos de ustedes han pasado 17 horas en un autob\u00fas para llegar aqu\u00ed\u201d, reconoci\u00f3 S\u00e1nchez Jim\u00e9nez, un nativo mexicano que se ha desempe\u00f1ado como pastor y l\u00edder en Espa\u00f1a durante d\u00e9cadas. \u201cQue Dios recompense todos sus esfuerzos para hacer que AIALE sea m\u00e1s s\u00f3lida y m\u00e1s efectiva\u201d.<\/p>\n<p><div id=\"attachment_133651\" style=\"width: 981px\" class=\"wp-caption aligncenter\"><img loading=\"lazy\" decoding=\"async\" aria-describedby=\"caption-attachment-133651\" class=\" wp-image-133649\" src=\"https:\/\/interamerica.org\/wp-content\/uploads\/2025\/09\/belgium-1024x683.jpg\" alt=\"\" width=\"971\" height=\"647\" srcset=\"https:\/\/interamerica.org\/wp-content\/uploads\/2025\/09\/belgium-1024x683.jpg 1024w, https:\/\/interamerica.org\/wp-content\/uploads\/2025\/09\/belgium-300x200.jpg 300w, https:\/\/interamerica.org\/wp-content\/uploads\/2025\/09\/belgium-768x512.jpg 768w, https:\/\/interamerica.org\/wp-content\/uploads\/2025\/09\/belgium-1536x1025.jpg 1536w, https:\/\/interamerica.org\/wp-content\/uploads\/2025\/09\/belgium-2048x1367.jpg 2048w\" sizes=\"(max-width: 971px) 100vw, 971px\" \/><p id=\"caption-attachment-133651\" class=\"wp-caption-text\">David Carballo, un pastor en B\u00e9lgica que fue coordinador de j\u00f3venes de la Asociaci\u00f3n de Iglesias Adventistas Latinoamericanas en Europa y ahora fue elegido presidente, da la bienvenida a los participantes del evento a Malle, Amberes, B\u00e9lgica, el 12 de septiembre. [Fotograf\u00eda: Marcos Paseggi, Adventist Review]<\/p><\/div>Tambi\u00e9n record\u00f3 a los asistentes a la convenci\u00f3n sobre el objetivo final de la AIALE, que es el de \u201ccumplir la misi\u00f3n de Dios de predicar el evangelio a aquellos hispanos que dejaron sus pa\u00edses en busca de una vida mejor\u201d, dijo S\u00e1nchez Jim\u00e9nez. \u201cPara que no solo encuentren una casa mejor, un autom\u00f3vil mejor y m\u00e1s dinero, sino que tambi\u00e9n encuentren a Jes\u00fas y vivan juntos con todos nosotros por la eternidad\u201d.<\/p>\n<h4 class=\"wp-block-heading\"><strong>Un testimonio vivo<\/strong><\/h4>\n<p>El programa de apertura del 12 de septiembre incluy\u00f3 momentos de oraci\u00f3n y adoraci\u00f3n. El grupo coral EMAD viaj\u00f3 desde Monterrey, M\u00e9xico, para compartir sus c\u00e1nticos de adoraci\u00f3n y dirigir el c\u00e1ntico congregacional durante la convenci\u00f3n. Los participantes disfrutaron cantando juntos antes de escuchar el devocional de apertura de Henry Barrios, asociado de Ministerios en Espa\u00f1ol en la Asociaci\u00f3n de Florida en los Estados Unidos.<\/p>\n<p><div id=\"attachment_133645\" style=\"width: 994px\" class=\"wp-caption aligncenter\"><img loading=\"lazy\" decoding=\"async\" aria-describedby=\"caption-attachment-133645\" class=\" wp-image-133643\" src=\"https:\/\/interamerica.org\/wp-content\/uploads\/2025\/09\/belgium-8-2-1-1024x683.jpg\" alt=\"\" width=\"984\" height=\"656\" srcset=\"https:\/\/interamerica.org\/wp-content\/uploads\/2025\/09\/belgium-8-2-1-1024x683.jpg 1024w, https:\/\/interamerica.org\/wp-content\/uploads\/2025\/09\/belgium-8-2-1-300x200.jpg 300w, https:\/\/interamerica.org\/wp-content\/uploads\/2025\/09\/belgium-8-2-1-768x512.jpg 768w, https:\/\/interamerica.org\/wp-content\/uploads\/2025\/09\/belgium-8-2-1-1536x1025.jpg 1536w, https:\/\/interamerica.org\/wp-content\/uploads\/2025\/09\/belgium-8-2-1-2048x1367.jpg 2048w\" sizes=\"(max-width: 984px) 100vw, 984px\" \/><p id=\"caption-attachment-133645\" class=\"wp-caption-text\">Los asistentes a la Convenci\u00f3n 2025 de la Asociaci\u00f3n de Iglesias Adventistas Latinoamericanas en Europa entonan el c\u00e1ntico lema \u201cMisi\u00f3n posible\u201d, en Malle, Amberes, B\u00e9lgica, el 12 de septiembre. [Fotograf\u00eda: Marcos Paseggi, Adventist Review]<\/p><\/div>En su mensaje, Barrios llam\u00f3 a los asistentes a la convenci\u00f3n AIALE 2025 para que sean parte de \u201ceslabones de cadena de fe\u201d, de manera de impactar a sus familias, iglesias y comunidades. \u201cSe trata de ser testimonios vivos y testigos de Dios\u201d, dijo. \u201cNo se trata de palabras, sino de personas que viven su fe\u201d. Explic\u00f3: \u201cSi solo hablamos, nos faltar\u00e1 poder, y la gente nos sigue solo cuando ve que hay poder, el poder del evangelio\u201d.<\/p>\n<p>Basado en el ejemplo de la joven sirvienta cautiva en Siria que aparece en 2 Reyes 5, Barrios llam\u00f3 a todos los adventistas hispanos en Europa para que participen activamente de la misi\u00f3n. \u201cNo es nuestra misi\u00f3n; es la misi\u00f3n de Dios\u201d, enfatiz\u00f3. \u201cY Dios quiere usarnos porque su misi\u00f3n es salvar a todos\u201d.<\/p>\n<p>Traducci\u00f3n de Marcos Paseggi<\/p>\n","protected":false},"excerpt":{"rendered":"<p>Los miembros de habla hispana son una parte importante de la iglesia en Europa, dicen los l\u00edderes. 23 de septiembre de 2025 | B\u00e9lgica | Marcos Paseggi, Adventist Review Cientos&#8230;<\/p>\n","protected":false},"author":3,"featured_media":133633,"comment_status":"closed","ping_status":"closed","sticky":false,"template":"","format":"standard","meta":{"_acf_changed":false,"footnotes":""},"categories":[14,15],"tags":[],"class_list":["post-133653","post","type-post","status-publish","format-standard","has-post-thumbnail","hentry","category-de-la-iglesia-mundial","category-rss-espanol"],"acf":[],"yoast_head":"<!-- This site is optimized with the Yoast SEO plugin v27.3 - https:\/\/yoast.com\/product\/yoast-seo-wordpress\/ -->\n<title>Cientos de hispanos adventistas de toda Europa se re\u00fanen en B\u00e9lgica - Iglesia Adventista del S\u00e9ptimo D\u00eda - Divisi\u00f3n Interamericana<\/title>\n<meta name=\"robots\" content=\"index, follow, max-snippet:-1, max-image-preview:large, max-video-preview:-1\" \/>\n<link rel=\"canonical\" href=\"https:\/\/interamerica.org\/es\/2025\/09\/cientos-de-hispanos-adventistas-de-toda-europa-se-reunen-en-belgica\/\" \/>\n<meta property=\"og:locale\" content=\"es_ES\" \/>\n<meta property=\"og:type\" content=\"article\" \/>\n<meta property=\"og:title\" content=\"Cientos de hispanos adventistas de toda Europa se re\u00fanen en B\u00e9lgica - Iglesia Adventista del S\u00e9ptimo D\u00eda - Divisi\u00f3n Interamericana\" \/>\n<meta property=\"og:description\" content=\"Los miembros de habla hispana son una parte importante de la iglesia en Europa, dicen los l\u00edderes. 23 de septiembre de 2025 | B\u00e9lgica | Marcos Paseggi, Adventist Review Cientos...\" \/>\n<meta property=\"og:url\" content=\"https:\/\/interamerica.org\/es\/2025\/09\/cientos-de-hispanos-adventistas-de-toda-europa-se-reunen-en-belgica\/\" \/>\n<meta property=\"og:site_name\" content=\"Iglesia Adventista del S\u00e9ptimo D\u00eda - Divisi\u00f3n Interamericana\" \/>\n<meta property=\"article:published_time\" content=\"2025-09-23T15:43:42+00:00\" \/>\n<meta property=\"article:modified_time\" content=\"2025-09-23T15:50:32+00:00\" \/>\n<meta property=\"og:image\" content=\"https:\/\/interamerica.org\/wp-content\/uploads\/2025\/09\/belgium-10-scaled.jpg\" \/>\n\t<meta property=\"og:image:width\" content=\"2560\" \/>\n\t<meta property=\"og:image:height\" content=\"1708\" \/>\n\t<meta property=\"og:image:type\" content=\"image\/jpeg\" \/>\n<meta name=\"author\" content=\"libna\" \/>\n<meta name=\"twitter:card\" content=\"summary_large_image\" \/>\n<meta name=\"twitter:label1\" content=\"Escrito por\" \/>\n\t<meta name=\"twitter:data1\" content=\"libna\" \/>\n\t<meta name=\"twitter:label2\" content=\"Tiempo de lectura\" \/>\n\t<meta name=\"twitter:data2\" content=\"6 minutos\" \/>\n<script type=\"application\/ld+json\" class=\"yoast-schema-graph\">{\"@context\":\"https:\\\/\\\/schema.org\",\"@graph\":[{\"@type\":\"Article\",\"@id\":\"https:\\\/\\\/interamerica.org\\\/es\\\/2025\\\/09\\\/cientos-de-hispanos-adventistas-de-toda-europa-se-reunen-en-belgica\\\/#article\",\"isPartOf\":{\"@id\":\"https:\\\/\\\/interamerica.org\\\/es\\\/2025\\\/09\\\/cientos-de-hispanos-adventistas-de-toda-europa-se-reunen-en-belgica\\\/\"},\"author\":{\"name\":\"libna\",\"@id\":\"https:\\\/\\\/interamerica.org\\\/es\\\/#\\\/schema\\\/person\\\/29998f2bc2d8bd0d38662909289b54f1\"},\"headline\":\"Cientos de hispanos adventistas de toda Europa se re\u00fanen en B\u00e9lgica\",\"datePublished\":\"2025-09-23T15:43:42+00:00\",\"dateModified\":\"2025-09-23T15:50:32+00:00\",\"mainEntityOfPage\":{\"@id\":\"https:\\\/\\\/interamerica.org\\\/es\\\/2025\\\/09\\\/cientos-de-hispanos-adventistas-de-toda-europa-se-reunen-en-belgica\\\/\"},\"wordCount\":1020,\"image\":{\"@id\":\"https:\\\/\\\/interamerica.org\\\/es\\\/2025\\\/09\\\/cientos-de-hispanos-adventistas-de-toda-europa-se-reunen-en-belgica\\\/#primaryimage\"},\"thumbnailUrl\":\"https:\\\/\\\/interamerica.org\\\/wp-content\\\/uploads\\\/2025\\\/09\\\/belgium-10-scaled.jpg\",\"articleSection\":[\"Desde la iglesia mundial\",\"RSS Espa\u00f1ol\"],\"inLanguage\":\"es\"},{\"@type\":\"WebPage\",\"@id\":\"https:\\\/\\\/interamerica.org\\\/es\\\/2025\\\/09\\\/cientos-de-hispanos-adventistas-de-toda-europa-se-reunen-en-belgica\\\/\",\"url\":\"https:\\\/\\\/interamerica.org\\\/es\\\/2025\\\/09\\\/cientos-de-hispanos-adventistas-de-toda-europa-se-reunen-en-belgica\\\/\",\"name\":\"Cientos de hispanos adventistas de toda Europa se re\u00fanen en B\u00e9lgica - Iglesia Adventista del S\u00e9ptimo D\u00eda - Divisi\u00f3n Interamericana\",\"isPartOf\":{\"@id\":\"https:\\\/\\\/interamerica.org\\\/es\\\/#website\"},\"primaryImageOfPage\":{\"@id\":\"https:\\\/\\\/interamerica.org\\\/es\\\/2025\\\/09\\\/cientos-de-hispanos-adventistas-de-toda-europa-se-reunen-en-belgica\\\/#primaryimage\"},\"image\":{\"@id\":\"https:\\\/\\\/interamerica.org\\\/es\\\/2025\\\/09\\\/cientos-de-hispanos-adventistas-de-toda-europa-se-reunen-en-belgica\\\/#primaryimage\"},\"thumbnailUrl\":\"https:\\\/\\\/interamerica.org\\\/wp-content\\\/uploads\\\/2025\\\/09\\\/belgium-10-scaled.jpg\",\"datePublished\":\"2025-09-23T15:43:42+00:00\",\"dateModified\":\"2025-09-23T15:50:32+00:00\",\"author\":{\"@id\":\"https:\\\/\\\/interamerica.org\\\/es\\\/#\\\/schema\\\/person\\\/29998f2bc2d8bd0d38662909289b54f1\"},\"breadcrumb\":{\"@id\":\"https:\\\/\\\/interamerica.org\\\/es\\\/2025\\\/09\\\/cientos-de-hispanos-adventistas-de-toda-europa-se-reunen-en-belgica\\\/#breadcrumb\"},\"inLanguage\":\"es\",\"potentialAction\":[{\"@type\":\"ReadAction\",\"target\":[\"https:\\\/\\\/interamerica.org\\\/es\\\/2025\\\/09\\\/cientos-de-hispanos-adventistas-de-toda-europa-se-reunen-en-belgica\\\/\"]}]},{\"@type\":\"ImageObject\",\"inLanguage\":\"es\",\"@id\":\"https:\\\/\\\/interamerica.org\\\/es\\\/2025\\\/09\\\/cientos-de-hispanos-adventistas-de-toda-europa-se-reunen-en-belgica\\\/#primaryimage\",\"url\":\"https:\\\/\\\/interamerica.org\\\/wp-content\\\/uploads\\\/2025\\\/09\\\/belgium-10-scaled.jpg\",\"contentUrl\":\"https:\\\/\\\/interamerica.org\\\/wp-content\\\/uploads\\\/2025\\\/09\\\/belgium-10-scaled.jpg\",\"width\":2560,\"height\":1708,\"caption\":\"Eliasib S\u00e1nchez Jim\u00e9nez, outgoing president of the Association of Hispanic Seventh-day Adventist Churches in Europe, delivers a welcoming message to attendees to the 2025 convention on September 12. Originally from Mexico, he has served for decades as a pastor and a leader in Spain. [Photo: Marcos Paseggi, Adventist Review]\"},{\"@type\":\"BreadcrumbList\",\"@id\":\"https:\\\/\\\/interamerica.org\\\/es\\\/2025\\\/09\\\/cientos-de-hispanos-adventistas-de-toda-europa-se-reunen-en-belgica\\\/#breadcrumb\",\"itemListElement\":[{\"@type\":\"ListItem\",\"position\":1,\"name\":\"Home\",\"item\":\"https:\\\/\\\/interamerica.org\\\/es\\\/\"},{\"@type\":\"ListItem\",\"position\":2,\"name\":\"Cientos de hispanos adventistas de toda Europa se re\u00fanen en B\u00e9lgica\"}]},{\"@type\":\"WebSite\",\"@id\":\"https:\\\/\\\/interamerica.org\\\/es\\\/#website\",\"url\":\"https:\\\/\\\/interamerica.org\\\/es\\\/\",\"name\":\"Iglesia Adventista del S\u00e9ptimo D\u00eda - Divisi\u00f3n Interamericana\",\"description\":\"\",\"potentialAction\":[{\"@type\":\"SearchAction\",\"target\":{\"@type\":\"EntryPoint\",\"urlTemplate\":\"https:\\\/\\\/interamerica.org\\\/es\\\/?s={search_term_string}\"},\"query-input\":{\"@type\":\"PropertyValueSpecification\",\"valueRequired\":true,\"valueName\":\"search_term_string\"}}],\"inLanguage\":\"es\"},{\"@type\":\"Person\",\"@id\":\"https:\\\/\\\/interamerica.org\\\/es\\\/#\\\/schema\\\/person\\\/29998f2bc2d8bd0d38662909289b54f1\",\"name\":\"libna\",\"image\":{\"@type\":\"ImageObject\",\"inLanguage\":\"es\",\"@id\":\"https:\\\/\\\/secure.gravatar.com\\\/avatar\\\/7c5bd30ae4b47a9ba3c856590957fd1d96dc588bf3ac05719d247e126840331f?s=96&d=mm&r=g\",\"url\":\"https:\\\/\\\/secure.gravatar.com\\\/avatar\\\/7c5bd30ae4b47a9ba3c856590957fd1d96dc588bf3ac05719d247e126840331f?s=96&d=mm&r=g\",\"contentUrl\":\"https:\\\/\\\/secure.gravatar.com\\\/avatar\\\/7c5bd30ae4b47a9ba3c856590957fd1d96dc588bf3ac05719d247e126840331f?s=96&d=mm&r=g\",\"caption\":\"libna\"}}]}<\/script>\n<!-- \/ Yoast SEO plugin. -->","yoast_head_json":{"title":"Cientos de hispanos adventistas de toda Europa se re\u00fanen en B\u00e9lgica - Iglesia Adventista del S\u00e9ptimo D\u00eda - Divisi\u00f3n Interamericana","robots":{"index":"index","follow":"follow","max-snippet":"max-snippet:-1","max-image-preview":"max-image-preview:large","max-video-preview":"max-video-preview:-1"},"canonical":"https:\/\/interamerica.org\/es\/2025\/09\/cientos-de-hispanos-adventistas-de-toda-europa-se-reunen-en-belgica\/","og_locale":"es_ES","og_type":"article","og_title":"Cientos de hispanos adventistas de toda Europa se re\u00fanen en B\u00e9lgica - Iglesia Adventista del S\u00e9ptimo D\u00eda - Divisi\u00f3n Interamericana","og_description":"Los miembros de habla hispana son una parte importante de la iglesia en Europa, dicen los l\u00edderes. 23 de septiembre de 2025 | B\u00e9lgica | Marcos Paseggi, Adventist Review Cientos...","og_url":"https:\/\/interamerica.org\/es\/2025\/09\/cientos-de-hispanos-adventistas-de-toda-europa-se-reunen-en-belgica\/","og_site_name":"Iglesia Adventista del S\u00e9ptimo D\u00eda - Divisi\u00f3n Interamericana","article_published_time":"2025-09-23T15:43:42+00:00","article_modified_time":"2025-09-23T15:50:32+00:00","og_image":[{"width":2560,"height":1708,"url":"https:\/\/interamerica.org\/wp-content\/uploads\/2025\/09\/belgium-10-scaled.jpg","type":"image\/jpeg"}],"author":"libna","twitter_card":"summary_large_image","twitter_misc":{"Escrito por":"libna","Tiempo de lectura":"6 minutos"},"schema":{"@context":"https:\/\/schema.org","@graph":[{"@type":"Article","@id":"https:\/\/interamerica.org\/es\/2025\/09\/cientos-de-hispanos-adventistas-de-toda-europa-se-reunen-en-belgica\/#article","isPartOf":{"@id":"https:\/\/interamerica.org\/es\/2025\/09\/cientos-de-hispanos-adventistas-de-toda-europa-se-reunen-en-belgica\/"},"author":{"name":"libna","@id":"https:\/\/interamerica.org\/es\/#\/schema\/person\/29998f2bc2d8bd0d38662909289b54f1"},"headline":"Cientos de hispanos adventistas de toda Europa se re\u00fanen en B\u00e9lgica","datePublished":"2025-09-23T15:43:42+00:00","dateModified":"2025-09-23T15:50:32+00:00","mainEntityOfPage":{"@id":"https:\/\/interamerica.org\/es\/2025\/09\/cientos-de-hispanos-adventistas-de-toda-europa-se-reunen-en-belgica\/"},"wordCount":1020,"image":{"@id":"https:\/\/interamerica.org\/es\/2025\/09\/cientos-de-hispanos-adventistas-de-toda-europa-se-reunen-en-belgica\/#primaryimage"},"thumbnailUrl":"https:\/\/interamerica.org\/wp-content\/uploads\/2025\/09\/belgium-10-scaled.jpg","articleSection":["Desde la iglesia mundial","RSS Espa\u00f1ol"],"inLanguage":"es"},{"@type":"WebPage","@id":"https:\/\/interamerica.org\/es\/2025\/09\/cientos-de-hispanos-adventistas-de-toda-europa-se-reunen-en-belgica\/","url":"https:\/\/interamerica.org\/es\/2025\/09\/cientos-de-hispanos-adventistas-de-toda-europa-se-reunen-en-belgica\/","name":"Cientos de hispanos adventistas de toda Europa se re\u00fanen en B\u00e9lgica - Iglesia Adventista del S\u00e9ptimo D\u00eda - Divisi\u00f3n Interamericana","isPartOf":{"@id":"https:\/\/interamerica.org\/es\/#website"},"primaryImageOfPage":{"@id":"https:\/\/interamerica.org\/es\/2025\/09\/cientos-de-hispanos-adventistas-de-toda-europa-se-reunen-en-belgica\/#primaryimage"},"image":{"@id":"https:\/\/interamerica.org\/es\/2025\/09\/cientos-de-hispanos-adventistas-de-toda-europa-se-reunen-en-belgica\/#primaryimage"},"thumbnailUrl":"https:\/\/interamerica.org\/wp-content\/uploads\/2025\/09\/belgium-10-scaled.jpg","datePublished":"2025-09-23T15:43:42+00:00","dateModified":"2025-09-23T15:50:32+00:00","author":{"@id":"https:\/\/interamerica.org\/es\/#\/schema\/person\/29998f2bc2d8bd0d38662909289b54f1"},"breadcrumb":{"@id":"https:\/\/interamerica.org\/es\/2025\/09\/cientos-de-hispanos-adventistas-de-toda-europa-se-reunen-en-belgica\/#breadcrumb"},"inLanguage":"es","potentialAction":[{"@type":"ReadAction","target":["https:\/\/interamerica.org\/es\/2025\/09\/cientos-de-hispanos-adventistas-de-toda-europa-se-reunen-en-belgica\/"]}]},{"@type":"ImageObject","inLanguage":"es","@id":"https:\/\/interamerica.org\/es\/2025\/09\/cientos-de-hispanos-adventistas-de-toda-europa-se-reunen-en-belgica\/#primaryimage","url":"https:\/\/interamerica.org\/wp-content\/uploads\/2025\/09\/belgium-10-scaled.jpg","contentUrl":"https:\/\/interamerica.org\/wp-content\/uploads\/2025\/09\/belgium-10-scaled.jpg","width":2560,"height":1708,"caption":"Eliasib S\u00e1nchez Jim\u00e9nez, outgoing president of the Association of Hispanic Seventh-day Adventist Churches in Europe, delivers a welcoming message to attendees to the 2025 convention on September 12. Originally from Mexico, he has served for decades as a pastor and a leader in Spain. [Photo: Marcos Paseggi, Adventist Review]"},{"@type":"BreadcrumbList","@id":"https:\/\/interamerica.org\/es\/2025\/09\/cientos-de-hispanos-adventistas-de-toda-europa-se-reunen-en-belgica\/#breadcrumb","itemListElement":[{"@type":"ListItem","position":1,"name":"Home","item":"https:\/\/interamerica.org\/es\/"},{"@type":"ListItem","position":2,"name":"Cientos de hispanos adventistas de toda Europa se re\u00fanen en B\u00e9lgica"}]},{"@type":"WebSite","@id":"https:\/\/interamerica.org\/es\/#website","url":"https:\/\/interamerica.org\/es\/","name":"Iglesia Adventista del S\u00e9ptimo D\u00eda - Divisi\u00f3n Interamericana","description":"","potentialAction":[{"@type":"SearchAction","target":{"@type":"EntryPoint","urlTemplate":"https:\/\/interamerica.org\/es\/?s={search_term_string}"},"query-input":{"@type":"PropertyValueSpecification","valueRequired":true,"valueName":"search_term_string"}}],"inLanguage":"es"},{"@type":"Person","@id":"https:\/\/interamerica.org\/es\/#\/schema\/person\/29998f2bc2d8bd0d38662909289b54f1","name":"libna","image":{"@type":"ImageObject","inLanguage":"es","@id":"https:\/\/secure.gravatar.com\/avatar\/7c5bd30ae4b47a9ba3c856590957fd1d96dc588bf3ac05719d247e126840331f?s=96&d=mm&r=g","url":"https:\/\/secure.gravatar.com\/avatar\/7c5bd30ae4b47a9ba3c856590957fd1d96dc588bf3ac05719d247e126840331f?s=96&d=mm&r=g","contentUrl":"https:\/\/secure.gravatar.com\/avatar\/7c5bd30ae4b47a9ba3c856590957fd1d96dc588bf3ac05719d247e126840331f?s=96&d=mm&r=g","caption":"libna"}}]}},"_links":{"self":[{"href":"https:\/\/interamerica.org\/es\/wp-json\/wp\/v2\/posts\/133653","targetHints":{"allow":["GET"]}}],"collection":[{"href":"https:\/\/interamerica.org\/es\/wp-json\/wp\/v2\/posts"}],"about":[{"href":"https:\/\/interamerica.org\/es\/wp-json\/wp\/v2\/types\/post"}],"author":[{"embeddable":true,"href":"https:\/\/interamerica.org\/es\/wp-json\/wp\/v2\/users\/3"}],"replies":[{"embeddable":true,"href":"https:\/\/interamerica.org\/es\/wp-json\/wp\/v2\/comments?post=133653"}],"version-history":[{"count":1,"href":"https:\/\/interamerica.org\/es\/wp-json\/wp\/v2\/posts\/133653\/revisions"}],"predecessor-version":[{"id":133656,"href":"https:\/\/interamerica.org\/es\/wp-json\/wp\/v2\/posts\/133653\/revisions\/133656"}],"wp:featuredmedia":[{"embeddable":true,"href":"https:\/\/interamerica.org\/es\/wp-json\/wp\/v2\/media\/133633"}],"wp:attachment":[{"href":"https:\/\/interamerica.org\/es\/wp-json\/wp\/v2\/media?parent=133653"}],"wp:term":[{"taxonomy":"category","embeddable":true,"href":"https:\/\/interamerica.org\/es\/wp-json\/wp\/v2\/categories?post=133653"},{"taxonomy":"post_tag","embeddable":true,"href":"https:\/\/interamerica.org\/es\/wp-json\/wp\/v2\/tags?post=133653"}],"curies":[{"name":"wp","href":"https:\/\/api.w.org\/{rel}","templated":true}]}}