{"id":133728,"date":"2025-09-24T17:26:57","date_gmt":"2025-09-24T21:26:57","guid":{"rendered":"https:\/\/interamerica.org\/?p=133728"},"modified":"2025-09-24T22:26:15","modified_gmt":"2025-09-25T02:26:15","slug":"voluntariado-resulta-en-fe-y-transformacion-para-joven-participante","status":"publish","type":"post","link":"https:\/\/interamerica.org\/es\/2025\/09\/voluntariado-resulta-en-fe-y-transformacion-para-joven-participante\/","title":{"rendered":"Voluntariado resulta en fe y transformaci\u00f3n para joven participante"},"content":{"rendered":"<p><div id=\"attachment_133706\" style=\"width: 1015px\" class=\"wp-caption aligncenter\"><img fetchpriority=\"high\" decoding=\"async\" aria-describedby=\"caption-attachment-133706\" class=\" wp-image-133704\" src=\"https:\/\/interamerica.org\/wp-content\/uploads\/2025\/09\/nocu-1dsc00952-1024x683.jpeg\" alt=\"\" width=\"1005\" height=\"670\" srcset=\"https:\/\/interamerica.org\/wp-content\/uploads\/2025\/09\/nocu-1dsc00952-1024x683.jpeg 1024w, https:\/\/interamerica.org\/wp-content\/uploads\/2025\/09\/nocu-1dsc00952-300x200.jpeg 300w, https:\/\/interamerica.org\/wp-content\/uploads\/2025\/09\/nocu-1dsc00952-768x512.jpeg 768w, https:\/\/interamerica.org\/wp-content\/uploads\/2025\/09\/nocu-1dsc00952-1536x1024.jpeg 1536w, https:\/\/interamerica.org\/wp-content\/uploads\/2025\/09\/nocu-1dsc00952-2048x1365.jpeg 2048w\" sizes=\"(max-width: 1005px) 100vw, 1005px\" \/><p id=\"caption-attachment-133706\" class=\"wp-caption-text\">Lemis G\u00f3mez Mendoza (tercera desde la izquierda) con su pareja y sus suegros. La joven de 20 a\u00f1os, no adventista, particip\u00f3 en \u201cMisi\u00f3n Transforma Arauca\u201d y experiment\u00f3 una transformaci\u00f3n espiritual por medio de la misi\u00f3n. [Fotograf\u00eda: Uni\u00f3n Colombiana del Norte]<\/p><\/div><em>Una semana de servicio y adoraci\u00f3n ayud\u00f3 a que una persona que no era miembro de iglesia descubriera una conexi\u00f3n con Dios.<\/em><\/p>\n<p>24 de septiembre de 2025 | Medell\u00edn, Antioqu\u00eda | Cristin Serrano y noticias de la Divisi\u00f3n Interamericana<\/p>\n<p data-start=\"394\" data-end=\"613\">Acampar por primera vez, servir a los dem\u00e1s y participar en el culto diario dej\u00f3 una huella duradera en Lemis G\u00f3mez Mendoza, una joven de 20 a\u00f1os que descubri\u00f3 un camino de fe y esperanza gracias al proyecto <em>Misi\u00f3n Transforma<\/em>.<\/p>\n<p data-start=\"615\" data-end=\"948\">La d\u00e9cima edici\u00f3n de <em data-start=\"636\" data-end=\"655\">Misi\u00f3n Transforma<\/em>, llevada a cabo en el departamento de Arauca en el norte de Colombia, dej\u00f3 un profundo impacto en la vida de Lemis. Hab\u00eda aceptado la invitaci\u00f3n de sus suegros de unirse al proyecto, sin saber lo que significar\u00eda para ella. Aunque no es adventista del s\u00e9ptimo d\u00eda, r\u00e1pidamente descubri\u00f3 una comunidad diferente a cualquier otra que hab\u00eda conocido.<\/p>\n<div id=\"attachment_133712\" style=\"width: 1034px\" class=\"wp-caption aligncenter\"><img decoding=\"async\" aria-describedby=\"caption-attachment-133712\" class=\"size-large wp-image-133710\" src=\"https:\/\/interamerica.org\/wp-content\/uploads\/2025\/09\/nocu-dsc00548-1024x683.jpeg\" alt=\"\" width=\"1024\" height=\"683\" srcset=\"https:\/\/interamerica.org\/wp-content\/uploads\/2025\/09\/nocu-dsc00548-1024x683.jpeg 1024w, https:\/\/interamerica.org\/wp-content\/uploads\/2025\/09\/nocu-dsc00548-300x200.jpeg 300w, https:\/\/interamerica.org\/wp-content\/uploads\/2025\/09\/nocu-dsc00548-768x512.jpeg 768w, https:\/\/interamerica.org\/wp-content\/uploads\/2025\/09\/nocu-dsc00548-1536x1024.jpeg 1536w, https:\/\/interamerica.org\/wp-content\/uploads\/2025\/09\/nocu-dsc00548-2048x1365.jpeg 2048w\" sizes=\"(max-width: 1024px) 100vw, 1024px\" \/><p id=\"caption-attachment-133712\" class=\"wp-caption-text\">Marta en su casa de madera, antes de la intervenci\u00f3n de Misi\u00f3n Transforma en Saravena, Arauca. La casa se inundaba con cada lluvia y corr\u00eda el riesgo de derrumbarse. [Fotograf\u00eda: Uni\u00f3n Colombiana del Norte]<\/p><\/div>\n<p data-start=\"950\" data-end=\"1138\">\u201cSent\u00ed paz, calma y un ambiente completamente diferente al que suelo experimentar\u201d, cont\u00f3. \u201cIncluso imagin\u00e9 c\u00f3mo ser\u00eda entregar mi vida a Cristo\u201d.<\/p>\n<p data-start=\"1140\" data-end=\"1407\">Para Lemis, la experiencia de servir a los dem\u00e1s, acampar por primera vez y participar en el culto diario dej\u00f3 una impresi\u00f3n indeleble. \u201cSientes una cercan\u00eda con Dios, algo que quiero compartir con mis amigos y animarlos a experimentar\u201d, agreg\u00f3 con entusiasmo.<\/p>\n<p>Mientras Lemis se embarcaba en su traves\u00eda espiritual, otra historia toc\u00f3 los corazones de otras personas en la comunidad.<\/p>\n<div id=\"attachment_133715\" style=\"width: 999px\" class=\"wp-caption aligncenter\"><img decoding=\"async\" aria-describedby=\"caption-attachment-133715\" class=\" wp-image-133713\" src=\"https:\/\/interamerica.org\/wp-content\/uploads\/2025\/09\/nocu-dsc00528-1024x683.jpeg\" alt=\"\" width=\"989\" height=\"660\" srcset=\"https:\/\/interamerica.org\/wp-content\/uploads\/2025\/09\/nocu-dsc00528-1024x683.jpeg 1024w, https:\/\/interamerica.org\/wp-content\/uploads\/2025\/09\/nocu-dsc00528-300x200.jpeg 300w, https:\/\/interamerica.org\/wp-content\/uploads\/2025\/09\/nocu-dsc00528-768x512.jpeg 768w, https:\/\/interamerica.org\/wp-content\/uploads\/2025\/09\/nocu-dsc00528-1536x1024.jpeg 1536w, https:\/\/interamerica.org\/wp-content\/uploads\/2025\/09\/nocu-dsc00528-2048x1365.jpeg 2048w\" sizes=\"(max-width: 989px) 100vw, 989px\" \/><p id=\"caption-attachment-133715\" class=\"wp-caption-text\">Voluntarios de Misi\u00f3n Transforma Arauca mezclan cemento, como parte de los trabajos de construcci\u00f3n que beneficiaron a la comunidad local [Fotograf\u00eda: Uni\u00f3n Colombiana del Norte]<\/p><\/div>\n<p data-start=\"1510\" data-end=\"2100\">Marta P\u00e9rez (nombre cambiado por privacidad), adventista del s\u00e9ptimo d\u00eda, vive con su hija en una peque\u00f1a casa de madera que alguna vez se inundaba cada vez que llov\u00eda, haciendo que la estructura corriera riesgo de colapsar. Conmovidos por la situaci\u00f3n, los voluntarios intervinieron para ayudar: reconstruyeron las paredes, aseguraron una nueva puerta y repararon el techo.<\/p>\n<p>Con l\u00e1grimas en los ojos, P\u00e9rez, que vive en la comunidad de Saravena, expres\u00f3: \u201cAhora puedo dejar a mi hija en casa con confianza, porque es seguro. Ya no nos mojaremos, gracias a mi precioso Se\u00f1or\u201d.<\/p>\n<p>Agradecido por el apoyo, P\u00e9rez agreg\u00f3: \u201cEsos j\u00f3venes tienen un coraz\u00f3n tan grande. Renunciaron a su propia comodidad para venir a ayudar sin esperar nada a cambio. Solo Dios podr\u00eda inspirar algo as\u00ed en ellos\u201d.<\/p>\n<p><div id=\"attachment_133718\" style=\"width: 1015px\" class=\"wp-caption aligncenter\"><img loading=\"lazy\" decoding=\"async\" aria-describedby=\"caption-attachment-133718\" class=\" wp-image-133716\" src=\"https:\/\/interamerica.org\/wp-content\/uploads\/2025\/09\/nocu-dsc00258-1024x683.jpeg\" alt=\"\" width=\"1005\" height=\"670\" srcset=\"https:\/\/interamerica.org\/wp-content\/uploads\/2025\/09\/nocu-dsc00258-1024x683.jpeg 1024w, https:\/\/interamerica.org\/wp-content\/uploads\/2025\/09\/nocu-dsc00258-300x200.jpeg 300w, https:\/\/interamerica.org\/wp-content\/uploads\/2025\/09\/nocu-dsc00258-768x512.jpeg 768w, https:\/\/interamerica.org\/wp-content\/uploads\/2025\/09\/nocu-dsc00258-1536x1024.jpeg 1536w, https:\/\/interamerica.org\/wp-content\/uploads\/2025\/09\/nocu-dsc00258-2048x1365.jpeg 2048w\" sizes=\"(max-width: 1005px) 100vw, 1005px\" \/><p id=\"caption-attachment-133718\" class=\"wp-caption-text\">Un voluntario mayor contribuye con su experiencia y esfuerzo al trabajo de pintura durante Misi\u00f3n Transforma Arauca. [Fotograf\u00eda: Uni\u00f3n Colombiana del Norte]<\/p><\/div>Las experiencias de Lemis y la esperanza restaurada a la familia de P\u00e9rez fueron parte de un esfuerzo mayor que moviliz\u00f3 a m\u00e1s de 150 voluntarios en todo Arauca. En el transcurso de una semana, cuatro proyectos cobraron vida: la construcci\u00f3n de un auditorio con espacio para mil personas, la renovaci\u00f3n de una escuela adventista, la construcci\u00f3n de un sal\u00f3n juvenil y la expansi\u00f3n de la casa de P\u00e9rez.<\/p>\n<p data-start=\"2495\" data-end=\"2731\">Los voluntarios compartieron que, m\u00e1s all\u00e1 de la fatiga f\u00edsica, la misi\u00f3n fortaleci\u00f3 su fe. \u201cNo importa qu\u00e9 profesi\u00f3n tengamos; todos podemos trabajar para Dios y dar lo mejor de nosotros por los dem\u00e1s\u201d, dijo Milton Due\u00f1as, un agricultor de 40 a\u00f1os. Para Miriam Acevedo, de 64 a\u00f1os, la experiencia fue un regalo. \u201cMe siento muy agradecida con Dios por darme la oportunidad de contribuir a su obra\u201d, expres\u00f3. \u201cFue una experiencia excelente, llena de compa\u00f1erismo y servicio\u201d.<\/p>\n<p><div id=\"attachment_133721\" style=\"width: 1034px\" class=\"wp-caption aligncenter\"><img loading=\"lazy\" decoding=\"async\" aria-describedby=\"caption-attachment-133721\" class=\"size-large wp-image-133719\" src=\"https:\/\/interamerica.org\/wp-content\/uploads\/2025\/09\/nocu-dsc00047-1024x683.jpeg\" alt=\"\" width=\"1024\" height=\"683\" srcset=\"https:\/\/interamerica.org\/wp-content\/uploads\/2025\/09\/nocu-dsc00047-1024x683.jpeg 1024w, https:\/\/interamerica.org\/wp-content\/uploads\/2025\/09\/nocu-dsc00047-300x200.jpeg 300w, https:\/\/interamerica.org\/wp-content\/uploads\/2025\/09\/nocu-dsc00047-768x512.jpeg 768w, https:\/\/interamerica.org\/wp-content\/uploads\/2025\/09\/nocu-dsc00047-1536x1024.jpeg 1536w, https:\/\/interamerica.org\/wp-content\/uploads\/2025\/09\/nocu-dsc00047-2048x1365.jpeg 2048w\" sizes=\"(max-width: 1024px) 100vw, 1024px\" \/><p id=\"caption-attachment-133721\" class=\"wp-caption-text\">El pastor Mauricio Buitrago (izquierda), director de ministerios juveniles de la Uni\u00f3n Colombiana del Norte, habla con el pastor Omar Pi\u00f1a (derecha), director de ministerios juveniles de la Asociaci\u00f3n Noreste, durante la Misi\u00f3n Transforma Arauca. [Fotograf\u00eda: Uni\u00f3n Colombiana del Norte]<\/p><\/div>El pastor Mauricio Buitrago, director de ministerios juveniles de la Uni\u00f3n Colombiana del Norte y principal organizador de la iniciativa, capt\u00f3 el esp\u00edritu de la misi\u00f3n cuando comparti\u00f3 que Jes\u00fas \u201cnos ense\u00f1\u00f3 a mezclarnos con las personas, empatizar con ellas y satisfacer sus necesidades. Eso es lo que hace Misi\u00f3n Transforma\u201d.<\/p>\n<p>Haci\u00e9ndose eco de ese sentimiento, el pastor Omar Pi\u00f1a, director de ministerios juveniles de la Asociaci\u00f3n Noreste, reflexion\u00f3 sobre la experiencia de los voluntarios y dijo que \u201cvieron la mano de Dios presente en cada detalle. Dondequiera nos falt\u00f3 algo, \u00e9l abri\u00f3 un camino\u201d.<\/p>\n<p>Al concluir el proyecto misionero, el pastor Ra\u00fal Torra, secretario ejecutivo de la Asociaci\u00f3n Noreste, enfatiz\u00f3 el impacto duradero de la iniciativa, se\u00f1alando que \u201ceste proyecto no solo construy\u00f3 paredes sino tambi\u00e9n discipulado. Los j\u00f3venes aprendieron que la iglesia es una familia que sirve y comparte\u201d.<\/p>\n<p>Traducci\u00f3n de Marcos Paseggi<\/p>\n","protected":false},"excerpt":{"rendered":"<p>Una semana de servicio y adoraci\u00f3n ayud\u00f3 a que una persona que no era miembro de iglesia descubriera una conexi\u00f3n con Dios. 24 de septiembre de 2025 | Medell\u00edn, Antioqu\u00eda&#8230;<\/p>\n","protected":false},"author":3,"featured_media":133706,"comment_status":"closed","ping_status":"closed","sticky":false,"template":"","format":"standard","meta":{"_acf_changed":false,"footnotes":""},"categories":[17,15],"tags":[],"class_list":["post-133728","post","type-post","status-publish","format-standard","has-post-thumbnail","hentry","category-desde-el-campo","category-rss-espanol"],"acf":[],"yoast_head":"<!-- This site is optimized with the Yoast SEO plugin v27.3 - https:\/\/yoast.com\/product\/yoast-seo-wordpress\/ -->\n<title>Voluntariado resulta en fe y transformaci\u00f3n para joven participante - Iglesia Adventista del S\u00e9ptimo D\u00eda - Divisi\u00f3n Interamericana<\/title>\n<meta name=\"robots\" content=\"index, follow, max-snippet:-1, max-image-preview:large, max-video-preview:-1\" \/>\n<link rel=\"canonical\" href=\"https:\/\/interamerica.org\/es\/2025\/09\/voluntariado-resulta-en-fe-y-transformacion-para-joven-participante\/\" \/>\n<meta property=\"og:locale\" content=\"es_ES\" \/>\n<meta property=\"og:type\" content=\"article\" \/>\n<meta property=\"og:title\" content=\"Voluntariado resulta en fe y transformaci\u00f3n para joven participante - Iglesia Adventista del S\u00e9ptimo D\u00eda - Divisi\u00f3n Interamericana\" \/>\n<meta property=\"og:description\" content=\"Una semana de servicio y adoraci\u00f3n ayud\u00f3 a que una persona que no era miembro de iglesia descubriera una conexi\u00f3n con Dios. 24 de septiembre de 2025 | Medell\u00edn, Antioqu\u00eda...\" \/>\n<meta property=\"og:url\" content=\"https:\/\/interamerica.org\/es\/2025\/09\/voluntariado-resulta-en-fe-y-transformacion-para-joven-participante\/\" \/>\n<meta property=\"og:site_name\" content=\"Iglesia Adventista del S\u00e9ptimo D\u00eda - Divisi\u00f3n Interamericana\" \/>\n<meta property=\"article:published_time\" content=\"2025-09-24T21:26:57+00:00\" \/>\n<meta property=\"article:modified_time\" content=\"2025-09-25T02:26:15+00:00\" \/>\n<meta property=\"og:image\" content=\"https:\/\/interamerica.org\/wp-content\/uploads\/2025\/09\/nocu-1dsc00952-scaled.jpeg\" \/>\n\t<meta property=\"og:image:width\" content=\"2560\" \/>\n\t<meta property=\"og:image:height\" content=\"1707\" \/>\n\t<meta property=\"og:image:type\" content=\"image\/jpeg\" \/>\n<meta name=\"author\" content=\"libna\" \/>\n<meta name=\"twitter:card\" content=\"summary_large_image\" \/>\n<meta name=\"twitter:label1\" content=\"Escrito por\" \/>\n\t<meta name=\"twitter:data1\" content=\"libna\" \/>\n\t<meta name=\"twitter:label2\" content=\"Tiempo de lectura\" \/>\n\t<meta name=\"twitter:data2\" content=\"5 minutos\" \/>\n<script type=\"application\/ld+json\" class=\"yoast-schema-graph\">{\"@context\":\"https:\\\/\\\/schema.org\",\"@graph\":[{\"@type\":\"Article\",\"@id\":\"https:\\\/\\\/interamerica.org\\\/es\\\/2025\\\/09\\\/voluntariado-resulta-en-fe-y-transformacion-para-joven-participante\\\/#article\",\"isPartOf\":{\"@id\":\"https:\\\/\\\/interamerica.org\\\/es\\\/2025\\\/09\\\/voluntariado-resulta-en-fe-y-transformacion-para-joven-participante\\\/\"},\"author\":{\"name\":\"libna\",\"@id\":\"https:\\\/\\\/interamerica.org\\\/es\\\/#\\\/schema\\\/person\\\/29998f2bc2d8bd0d38662909289b54f1\"},\"headline\":\"Voluntariado resulta en fe y transformaci\u00f3n para joven participante\",\"datePublished\":\"2025-09-24T21:26:57+00:00\",\"dateModified\":\"2025-09-25T02:26:15+00:00\",\"mainEntityOfPage\":{\"@id\":\"https:\\\/\\\/interamerica.org\\\/es\\\/2025\\\/09\\\/voluntariado-resulta-en-fe-y-transformacion-para-joven-participante\\\/\"},\"wordCount\":937,\"image\":{\"@id\":\"https:\\\/\\\/interamerica.org\\\/es\\\/2025\\\/09\\\/voluntariado-resulta-en-fe-y-transformacion-para-joven-participante\\\/#primaryimage\"},\"thumbnailUrl\":\"https:\\\/\\\/interamerica.org\\\/wp-content\\\/uploads\\\/2025\\\/09\\\/nocu-1dsc00952-scaled.jpeg\",\"articleSection\":[\"Desde el campo\",\"RSS Espa\u00f1ol\"],\"inLanguage\":\"es\"},{\"@type\":\"WebPage\",\"@id\":\"https:\\\/\\\/interamerica.org\\\/es\\\/2025\\\/09\\\/voluntariado-resulta-en-fe-y-transformacion-para-joven-participante\\\/\",\"url\":\"https:\\\/\\\/interamerica.org\\\/es\\\/2025\\\/09\\\/voluntariado-resulta-en-fe-y-transformacion-para-joven-participante\\\/\",\"name\":\"Voluntariado resulta en fe y transformaci\u00f3n para joven participante - Iglesia Adventista del S\u00e9ptimo D\u00eda - Divisi\u00f3n Interamericana\",\"isPartOf\":{\"@id\":\"https:\\\/\\\/interamerica.org\\\/es\\\/#website\"},\"primaryImageOfPage\":{\"@id\":\"https:\\\/\\\/interamerica.org\\\/es\\\/2025\\\/09\\\/voluntariado-resulta-en-fe-y-transformacion-para-joven-participante\\\/#primaryimage\"},\"image\":{\"@id\":\"https:\\\/\\\/interamerica.org\\\/es\\\/2025\\\/09\\\/voluntariado-resulta-en-fe-y-transformacion-para-joven-participante\\\/#primaryimage\"},\"thumbnailUrl\":\"https:\\\/\\\/interamerica.org\\\/wp-content\\\/uploads\\\/2025\\\/09\\\/nocu-1dsc00952-scaled.jpeg\",\"datePublished\":\"2025-09-24T21:26:57+00:00\",\"dateModified\":\"2025-09-25T02:26:15+00:00\",\"author\":{\"@id\":\"https:\\\/\\\/interamerica.org\\\/es\\\/#\\\/schema\\\/person\\\/29998f2bc2d8bd0d38662909289b54f1\"},\"breadcrumb\":{\"@id\":\"https:\\\/\\\/interamerica.org\\\/es\\\/2025\\\/09\\\/voluntariado-resulta-en-fe-y-transformacion-para-joven-participante\\\/#breadcrumb\"},\"inLanguage\":\"es\",\"potentialAction\":[{\"@type\":\"ReadAction\",\"target\":[\"https:\\\/\\\/interamerica.org\\\/es\\\/2025\\\/09\\\/voluntariado-resulta-en-fe-y-transformacion-para-joven-participante\\\/\"]}]},{\"@type\":\"ImageObject\",\"inLanguage\":\"es\",\"@id\":\"https:\\\/\\\/interamerica.org\\\/es\\\/2025\\\/09\\\/voluntariado-resulta-en-fe-y-transformacion-para-joven-participante\\\/#primaryimage\",\"url\":\"https:\\\/\\\/interamerica.org\\\/wp-content\\\/uploads\\\/2025\\\/09\\\/nocu-1dsc00952-scaled.jpeg\",\"contentUrl\":\"https:\\\/\\\/interamerica.org\\\/wp-content\\\/uploads\\\/2025\\\/09\\\/nocu-1dsc00952-scaled.jpeg\",\"width\":2560,\"height\":1707,\"caption\":\"Lemis G\u00f3mez Mendoza (third from let) with her partner and in-laws. The 20-year-old, a non-Adventist, participated in Mission Transform Arauca and experienced a spiritual transformation through the mission. [Credit: UCN Press Team]\"},{\"@type\":\"BreadcrumbList\",\"@id\":\"https:\\\/\\\/interamerica.org\\\/es\\\/2025\\\/09\\\/voluntariado-resulta-en-fe-y-transformacion-para-joven-participante\\\/#breadcrumb\",\"itemListElement\":[{\"@type\":\"ListItem\",\"position\":1,\"name\":\"Home\",\"item\":\"https:\\\/\\\/interamerica.org\\\/es\\\/\"},{\"@type\":\"ListItem\",\"position\":2,\"name\":\"Voluntariado resulta en fe y transformaci\u00f3n para joven participante\"}]},{\"@type\":\"WebSite\",\"@id\":\"https:\\\/\\\/interamerica.org\\\/es\\\/#website\",\"url\":\"https:\\\/\\\/interamerica.org\\\/es\\\/\",\"name\":\"Iglesia Adventista del S\u00e9ptimo D\u00eda - Divisi\u00f3n Interamericana\",\"description\":\"\",\"potentialAction\":[{\"@type\":\"SearchAction\",\"target\":{\"@type\":\"EntryPoint\",\"urlTemplate\":\"https:\\\/\\\/interamerica.org\\\/es\\\/?s={search_term_string}\"},\"query-input\":{\"@type\":\"PropertyValueSpecification\",\"valueRequired\":true,\"valueName\":\"search_term_string\"}}],\"inLanguage\":\"es\"},{\"@type\":\"Person\",\"@id\":\"https:\\\/\\\/interamerica.org\\\/es\\\/#\\\/schema\\\/person\\\/29998f2bc2d8bd0d38662909289b54f1\",\"name\":\"libna\",\"image\":{\"@type\":\"ImageObject\",\"inLanguage\":\"es\",\"@id\":\"https:\\\/\\\/secure.gravatar.com\\\/avatar\\\/7c5bd30ae4b47a9ba3c856590957fd1d96dc588bf3ac05719d247e126840331f?s=96&d=mm&r=g\",\"url\":\"https:\\\/\\\/secure.gravatar.com\\\/avatar\\\/7c5bd30ae4b47a9ba3c856590957fd1d96dc588bf3ac05719d247e126840331f?s=96&d=mm&r=g\",\"contentUrl\":\"https:\\\/\\\/secure.gravatar.com\\\/avatar\\\/7c5bd30ae4b47a9ba3c856590957fd1d96dc588bf3ac05719d247e126840331f?s=96&d=mm&r=g\",\"caption\":\"libna\"}}]}<\/script>\n<!-- \/ Yoast SEO plugin. -->","yoast_head_json":{"title":"Voluntariado resulta en fe y transformaci\u00f3n para joven participante - Iglesia Adventista del S\u00e9ptimo D\u00eda - Divisi\u00f3n Interamericana","robots":{"index":"index","follow":"follow","max-snippet":"max-snippet:-1","max-image-preview":"max-image-preview:large","max-video-preview":"max-video-preview:-1"},"canonical":"https:\/\/interamerica.org\/es\/2025\/09\/voluntariado-resulta-en-fe-y-transformacion-para-joven-participante\/","og_locale":"es_ES","og_type":"article","og_title":"Voluntariado resulta en fe y transformaci\u00f3n para joven participante - Iglesia Adventista del S\u00e9ptimo D\u00eda - Divisi\u00f3n Interamericana","og_description":"Una semana de servicio y adoraci\u00f3n ayud\u00f3 a que una persona que no era miembro de iglesia descubriera una conexi\u00f3n con Dios. 24 de septiembre de 2025 | Medell\u00edn, Antioqu\u00eda...","og_url":"https:\/\/interamerica.org\/es\/2025\/09\/voluntariado-resulta-en-fe-y-transformacion-para-joven-participante\/","og_site_name":"Iglesia Adventista del S\u00e9ptimo D\u00eda - Divisi\u00f3n Interamericana","article_published_time":"2025-09-24T21:26:57+00:00","article_modified_time":"2025-09-25T02:26:15+00:00","og_image":[{"width":2560,"height":1707,"url":"https:\/\/interamerica.org\/wp-content\/uploads\/2025\/09\/nocu-1dsc00952-scaled.jpeg","type":"image\/jpeg"}],"author":"libna","twitter_card":"summary_large_image","twitter_misc":{"Escrito por":"libna","Tiempo de lectura":"5 minutos"},"schema":{"@context":"https:\/\/schema.org","@graph":[{"@type":"Article","@id":"https:\/\/interamerica.org\/es\/2025\/09\/voluntariado-resulta-en-fe-y-transformacion-para-joven-participante\/#article","isPartOf":{"@id":"https:\/\/interamerica.org\/es\/2025\/09\/voluntariado-resulta-en-fe-y-transformacion-para-joven-participante\/"},"author":{"name":"libna","@id":"https:\/\/interamerica.org\/es\/#\/schema\/person\/29998f2bc2d8bd0d38662909289b54f1"},"headline":"Voluntariado resulta en fe y transformaci\u00f3n para joven participante","datePublished":"2025-09-24T21:26:57+00:00","dateModified":"2025-09-25T02:26:15+00:00","mainEntityOfPage":{"@id":"https:\/\/interamerica.org\/es\/2025\/09\/voluntariado-resulta-en-fe-y-transformacion-para-joven-participante\/"},"wordCount":937,"image":{"@id":"https:\/\/interamerica.org\/es\/2025\/09\/voluntariado-resulta-en-fe-y-transformacion-para-joven-participante\/#primaryimage"},"thumbnailUrl":"https:\/\/interamerica.org\/wp-content\/uploads\/2025\/09\/nocu-1dsc00952-scaled.jpeg","articleSection":["Desde el campo","RSS Espa\u00f1ol"],"inLanguage":"es"},{"@type":"WebPage","@id":"https:\/\/interamerica.org\/es\/2025\/09\/voluntariado-resulta-en-fe-y-transformacion-para-joven-participante\/","url":"https:\/\/interamerica.org\/es\/2025\/09\/voluntariado-resulta-en-fe-y-transformacion-para-joven-participante\/","name":"Voluntariado resulta en fe y transformaci\u00f3n para joven participante - Iglesia Adventista del S\u00e9ptimo D\u00eda - Divisi\u00f3n Interamericana","isPartOf":{"@id":"https:\/\/interamerica.org\/es\/#website"},"primaryImageOfPage":{"@id":"https:\/\/interamerica.org\/es\/2025\/09\/voluntariado-resulta-en-fe-y-transformacion-para-joven-participante\/#primaryimage"},"image":{"@id":"https:\/\/interamerica.org\/es\/2025\/09\/voluntariado-resulta-en-fe-y-transformacion-para-joven-participante\/#primaryimage"},"thumbnailUrl":"https:\/\/interamerica.org\/wp-content\/uploads\/2025\/09\/nocu-1dsc00952-scaled.jpeg","datePublished":"2025-09-24T21:26:57+00:00","dateModified":"2025-09-25T02:26:15+00:00","author":{"@id":"https:\/\/interamerica.org\/es\/#\/schema\/person\/29998f2bc2d8bd0d38662909289b54f1"},"breadcrumb":{"@id":"https:\/\/interamerica.org\/es\/2025\/09\/voluntariado-resulta-en-fe-y-transformacion-para-joven-participante\/#breadcrumb"},"inLanguage":"es","potentialAction":[{"@type":"ReadAction","target":["https:\/\/interamerica.org\/es\/2025\/09\/voluntariado-resulta-en-fe-y-transformacion-para-joven-participante\/"]}]},{"@type":"ImageObject","inLanguage":"es","@id":"https:\/\/interamerica.org\/es\/2025\/09\/voluntariado-resulta-en-fe-y-transformacion-para-joven-participante\/#primaryimage","url":"https:\/\/interamerica.org\/wp-content\/uploads\/2025\/09\/nocu-1dsc00952-scaled.jpeg","contentUrl":"https:\/\/interamerica.org\/wp-content\/uploads\/2025\/09\/nocu-1dsc00952-scaled.jpeg","width":2560,"height":1707,"caption":"Lemis G\u00f3mez Mendoza (third from let) with her partner and in-laws. The 20-year-old, a non-Adventist, participated in Mission Transform Arauca and experienced a spiritual transformation through the mission. [Credit: UCN Press Team]"},{"@type":"BreadcrumbList","@id":"https:\/\/interamerica.org\/es\/2025\/09\/voluntariado-resulta-en-fe-y-transformacion-para-joven-participante\/#breadcrumb","itemListElement":[{"@type":"ListItem","position":1,"name":"Home","item":"https:\/\/interamerica.org\/es\/"},{"@type":"ListItem","position":2,"name":"Voluntariado resulta en fe y transformaci\u00f3n para joven participante"}]},{"@type":"WebSite","@id":"https:\/\/interamerica.org\/es\/#website","url":"https:\/\/interamerica.org\/es\/","name":"Iglesia Adventista del S\u00e9ptimo D\u00eda - Divisi\u00f3n Interamericana","description":"","potentialAction":[{"@type":"SearchAction","target":{"@type":"EntryPoint","urlTemplate":"https:\/\/interamerica.org\/es\/?s={search_term_string}"},"query-input":{"@type":"PropertyValueSpecification","valueRequired":true,"valueName":"search_term_string"}}],"inLanguage":"es"},{"@type":"Person","@id":"https:\/\/interamerica.org\/es\/#\/schema\/person\/29998f2bc2d8bd0d38662909289b54f1","name":"libna","image":{"@type":"ImageObject","inLanguage":"es","@id":"https:\/\/secure.gravatar.com\/avatar\/7c5bd30ae4b47a9ba3c856590957fd1d96dc588bf3ac05719d247e126840331f?s=96&d=mm&r=g","url":"https:\/\/secure.gravatar.com\/avatar\/7c5bd30ae4b47a9ba3c856590957fd1d96dc588bf3ac05719d247e126840331f?s=96&d=mm&r=g","contentUrl":"https:\/\/secure.gravatar.com\/avatar\/7c5bd30ae4b47a9ba3c856590957fd1d96dc588bf3ac05719d247e126840331f?s=96&d=mm&r=g","caption":"libna"}}]}},"_links":{"self":[{"href":"https:\/\/interamerica.org\/es\/wp-json\/wp\/v2\/posts\/133728","targetHints":{"allow":["GET"]}}],"collection":[{"href":"https:\/\/interamerica.org\/es\/wp-json\/wp\/v2\/posts"}],"about":[{"href":"https:\/\/interamerica.org\/es\/wp-json\/wp\/v2\/types\/post"}],"author":[{"embeddable":true,"href":"https:\/\/interamerica.org\/es\/wp-json\/wp\/v2\/users\/3"}],"replies":[{"embeddable":true,"href":"https:\/\/interamerica.org\/es\/wp-json\/wp\/v2\/comments?post=133728"}],"version-history":[{"count":3,"href":"https:\/\/interamerica.org\/es\/wp-json\/wp\/v2\/posts\/133728\/revisions"}],"predecessor-version":[{"id":133742,"href":"https:\/\/interamerica.org\/es\/wp-json\/wp\/v2\/posts\/133728\/revisions\/133742"}],"wp:featuredmedia":[{"embeddable":true,"href":"https:\/\/interamerica.org\/es\/wp-json\/wp\/v2\/media\/133706"}],"wp:attachment":[{"href":"https:\/\/interamerica.org\/es\/wp-json\/wp\/v2\/media?parent=133728"}],"wp:term":[{"taxonomy":"category","embeddable":true,"href":"https:\/\/interamerica.org\/es\/wp-json\/wp\/v2\/categories?post=133728"},{"taxonomy":"post_tag","embeddable":true,"href":"https:\/\/interamerica.org\/es\/wp-json\/wp\/v2\/tags?post=133728"}],"curies":[{"name":"wp","href":"https:\/\/api.w.org\/{rel}","templated":true}]}}