{"id":133847,"date":"2025-09-25T20:14:01","date_gmt":"2025-09-26T00:14:01","guid":{"rendered":"https:\/\/interamerica.org\/?p=133847"},"modified":"2025-10-13T15:38:59","modified_gmt":"2025-10-13T19:38:59","slug":"campana-de-evangelizacion-en-linea-en-mexico-bate-records-al-llegar-a-casi-dos-millones-de-personas","status":"publish","type":"post","link":"https:\/\/interamerica.org\/es\/2025\/09\/campana-de-evangelizacion-en-linea-en-mexico-bate-records-al-llegar-a-casi-dos-millones-de-personas\/","title":{"rendered":"Campa\u00f1a de evangelismo en l\u00ednea en M\u00e9xico bate r\u00e9cords al llegar a casi dos millones de personas"},"content":{"rendered":"<p><div id=\"attachment_133813\" style=\"width: 1010px\" class=\"wp-caption aligncenter\"><img fetchpriority=\"high\" decoding=\"async\" aria-describedby=\"caption-attachment-133813\" class=\"size-full wp-image-133811\" src=\"https:\/\/interamerica.org\/wp-content\/uploads\/2025\/09\/mexcampaign-audience2025.jpg\" alt=\"\" width=\"1000\" height=\"667\" srcset=\"https:\/\/interamerica.org\/wp-content\/uploads\/2025\/09\/mexcampaign-audience2025.jpg 1000w, https:\/\/interamerica.org\/wp-content\/uploads\/2025\/09\/mexcampaign-audience2025-300x200.jpg 300w, https:\/\/interamerica.org\/wp-content\/uploads\/2025\/09\/mexcampaign-audience2025-768x512.jpg 768w\" sizes=\"(max-width: 1000px) 100vw, 1000px\" \/><p id=\"caption-attachment-133813\" class=\"wp-caption-text\">La Iglesia Adventista del S\u00e9ptimo D\u00eda en M\u00e9xico transmiti\u00f3 su quinta campa\u00f1a anual de evangelismo nacional en l\u00ednea desde la iglesia adventista Las Lomas en Monterrey el 13 de septiembre de 2025, ante una audiencia en vivo. La campa\u00f1a de una semana de duraci\u00f3n titulada <em data-start=\"304\" data-end=\"324\">Decide Vivir Feliz<\/em> atrajo a casi dos millones de espectadores en todo el pa\u00eds por medio de las redes sociales, la radio y miles de Casas de Esperanza. [Fotograf\u00eda: Daniel Gallardo]<\/p><\/div><em>Los esfuerzos de la iglesia unida, las plataformas de radio y digitales, y las Casas de Esperanza impulsan resultados sin precedentes.<\/em><\/p>\n<p>25 de septiembre de 2025 | Monterrey, Nuevo Le\u00f3n, M\u00e9xico | Libna Stevens, Noticias de la Divisi\u00f3n Interamericana<\/p>\n<p>La Iglesia Adventista del S\u00e9ptimo D\u00eda en M\u00e9xico concluy\u00f3 hace poco su campa\u00f1a nacional anual de evangelismo en l\u00ednea, culminando meses de esfuerzos coordinados de l\u00edderes y miembros para difundir el evangelio a trav\u00e9s de vecindarios, ciudades y comunidades digitales en todo el pa\u00eds. Transmitida en vivo del 6 al 13 de septiembre de 2025 desde la Iglesia Adventista Las Lomas en Monterrey, la serie marc\u00f3 la quinta campa\u00f1a consecutiva en l\u00ednea de la iglesia, organizada en colaboraci\u00f3n con las cinco uniones, o regiones principales de la iglesia, en M\u00e9xico.<\/p>\n<p>La campa\u00f1a, con el tema \u00abDecide Vivir Feliz\u00bb, fue dirigida por el pastor Luis Orozco, director de ministerio juvenil de la Uni\u00f3n Mexicana del Norte. Cada noche, Orozco invit\u00f3 a los espectadores a que descubran la felicidad aut\u00e9ntica en Jes\u00fas y las Escrituras.<\/p>\n<p><div id=\"attachment_133819\" style=\"width: 973px\" class=\"wp-caption aligncenter\"><img decoding=\"async\" aria-describedby=\"caption-attachment-133819\" class=\" wp-image-133817\" src=\"https:\/\/interamerica.org\/wp-content\/uploads\/2025\/09\/mexcampaigh2025-singers.jpg\" alt=\"\" width=\"963\" height=\"631\" srcset=\"https:\/\/interamerica.org\/wp-content\/uploads\/2025\/09\/mexcampaigh2025-singers.jpg 920w, https:\/\/interamerica.org\/wp-content\/uploads\/2025\/09\/mexcampaigh2025-singers-300x197.jpg 300w, https:\/\/interamerica.org\/wp-content\/uploads\/2025\/09\/mexcampaigh2025-singers-768x503.jpg 768w\" sizes=\"(max-width: 963px) 100vw, 963px\" \/><p id=\"caption-attachment-133819\" class=\"wp-caption-text\">Ismir Mu\u00f1oz (izquierda), de la Uni\u00f3n Mexicana de Chiapas, compositor del tema principal de la campa\u00f1a, dirige la adoraci\u00f3n con VoxLaude, de la Universidad de Montemorelos, dirigida por Arnel Pierre (derecha, quien supervis\u00f3 la m\u00fasica de la campa\u00f1a).[Fotograf\u00eda: Daniel Gallardo\/DIA]<\/p><\/div>\u201cLa felicidad se encuentra cuando nuestro car\u00e1cter refleja el car\u00e1cter de Cristo\u201d, dijo Orozco, se\u00f1alando al p\u00fablico que la alegr\u00eda est\u00e1 m\u00e1s all\u00e1 de las emociones o las circunstancias. \u201cJes\u00fas pudo encontrar alegr\u00eda incluso frente a la derrota. En Dios hay compa\u00f1erismo, fuerza y verdadera identidad\u201d.<\/p>\n<p>Sobre la base de experiencias personales de tragedia, p\u00e9rdida y desaf\u00edos f\u00edsicos, Orozco record\u00f3 a los espectadores que la fe en Cristo hace posible la superaci\u00f3n del dolor. \u201cCuanto m\u00e1s se parezca nuestro car\u00e1cter al de Jes\u00fas, m\u00e1s feliz seremos\u201d, enfatiz\u00f3, mientras compartieron testimonios de creyentes que superaron el dolor y las dificultades a lo largo de la semana.<\/p>\n<p><div id=\"attachment_133825\" style=\"width: 991px\" class=\"wp-caption aligncenter\"><img decoding=\"async\" aria-describedby=\"caption-attachment-133825\" class=\" wp-image-133823\" src=\"https:\/\/interamerica.org\/wp-content\/uploads\/2025\/09\/luisorozco-mexcampaign-2025.jpg\" alt=\"\" width=\"981\" height=\"654\" srcset=\"https:\/\/interamerica.org\/wp-content\/uploads\/2025\/09\/luisorozco-mexcampaign-2025.jpg 1000w, https:\/\/interamerica.org\/wp-content\/uploads\/2025\/09\/luisorozco-mexcampaign-2025-300x200.jpg 300w, https:\/\/interamerica.org\/wp-content\/uploads\/2025\/09\/luisorozco-mexcampaign-2025-768x512.jpg 768w\" sizes=\"(max-width: 981px) 100vw, 981px\" \/><p id=\"caption-attachment-133825\" class=\"wp-caption-text\">El pastor Luis Orozco, director de ministerio juvenil de la Uni\u00f3n Mexicana del Norte, habla durante la campa\u00f1a de evangelizaci\u00f3n en l\u00ednea del 10 de septiembre de 2025 titulada <em data-start=\"168\" data-end=\"188\">Decide Vivir Feliz<\/em>, que fue transmitida desde Monterrey, M\u00e9xico. [Fotograf\u00eda: Daniel Gallardo\/DIA]<\/p><\/div><strong>Historias de transformaci\u00f3n<\/strong><\/p>\n<p>Al final de la campa\u00f1a se bautiz\u00f3 a m\u00e1s de 3,500 nuevos creyentes, mientras que otros miles siguen involucrados en estudios b\u00edblicos que producir\u00e1n bautismos adicionales en las pr\u00f3ximas semanas.<\/p>\n<p>Entre ellos estuvo Alan Cedillo, de 19 a\u00f1os, estudiante de comunicaci\u00f3n en la universidad p\u00fablica de Monterrey. Despu\u00e9s de luchar contra el estr\u00e9s y la ansiedad social, Alan sinti\u00f3 el llamado de Dios en la s\u00e9ptima noche de la campa\u00f1a y eligi\u00f3 bautizarse. \u201cEn medio de luchas personales, encontr\u00e9 paz y sent\u00ed que Jes\u00fas me transformaba\u201d, dijo. \u201cSent\u00ed calma, entendiendo mucho de mi ansiedad social, y poco a poco comenc\u00e9 a sentirlo como mi amigo, mi proveedor y mi gu\u00eda\u201d.<\/p>\n<p><div id=\"attachment_133786\" style=\"width: 997px\" class=\"wp-caption aligncenter\"><img loading=\"lazy\" decoding=\"async\" aria-describedby=\"caption-attachment-133786\" class=\" wp-image-133784\" src=\"https:\/\/interamerica.org\/wp-content\/uploads\/2025\/09\/mex-campaign2025-alan-baptism.jpg\" alt=\"\" width=\"987\" height=\"658\" srcset=\"https:\/\/interamerica.org\/wp-content\/uploads\/2025\/09\/mex-campaign2025-alan-baptism.jpg 1000w, https:\/\/interamerica.org\/wp-content\/uploads\/2025\/09\/mex-campaign2025-alan-baptism-300x200.jpg 300w, https:\/\/interamerica.org\/wp-content\/uploads\/2025\/09\/mex-campaign2025-alan-baptism-768x512.jpg 768w\" sizes=\"(max-width: 987px) 100vw, 987px\" \/><p id=\"caption-attachment-133786\" class=\"wp-caption-text\">Alan Cedillo sonr\u00ede al salir de las aguas bautismales, asistido por el pastor Iovanny Garc\u00eda de la iglesia adventista Alfa y Omega en Monterrey, M\u00e9xico, el 13 de septiembre de 2025, durante la campa\u00f1a de evangelismo en l\u00ednea titulada <em data-start=\"232\" data-end=\"252\">Decide Vivir Feliz<\/em>. [Fotograf\u00eda: Daniel Gallardo\/DIA]<\/p><\/div>Esa transformaci\u00f3n lo empuj\u00f3 a testificar en su campus universitario. Junto con amigos de la iglesia, comenz\u00f3 a producir entrevistas creativas en video que invitaron a sus compa\u00f1eros a pensar en la vida despu\u00e9s de la muerte, el juicio y la esperanza que se encuentra en Cristo. Durante la campa\u00f1a, sell\u00f3 su compromiso por medio del bautismo.<\/p>\n<p>Elsi De Jes\u00fas Hern\u00e1ndez, una estudiante de secundaria de 15 a\u00f1os, tambi\u00e9n fue bautizada junto con su madre. Primero hab\u00eda asistido a una campa\u00f1a en el vecindario cerca de la casa de su abuela, y en mayo ambas estaban tomando estudios b\u00edblicos juntas. \u201cEn esta semana de Decide Vivir Feliz, supe que quer\u00eda tener a Jes\u00fas en mi vida; \u00e9l ha sido mi gu\u00eda\u201d, dijo Elsi.<\/p>\n<p><div id=\"attachment_133783\" style=\"width: 997px\" class=\"wp-caption aligncenter\"><img loading=\"lazy\" decoding=\"async\" aria-describedby=\"caption-attachment-133783\" class=\" wp-image-133781\" src=\"https:\/\/interamerica.org\/wp-content\/uploads\/2025\/09\/mexcamp2025-elsi-de-jesus-hernandez.jpg\" alt=\"\" width=\"987\" height=\"658\" srcset=\"https:\/\/interamerica.org\/wp-content\/uploads\/2025\/09\/mexcamp2025-elsi-de-jesus-hernandez.jpg 1000w, https:\/\/interamerica.org\/wp-content\/uploads\/2025\/09\/mexcamp2025-elsi-de-jesus-hernandez-300x200.jpg 300w, https:\/\/interamerica.org\/wp-content\/uploads\/2025\/09\/mexcamp2025-elsi-de-jesus-hernandez-768x512.jpg 768w\" sizes=\"(max-width: 987px) 100vw, 987px\" \/><p id=\"caption-attachment-133783\" class=\"wp-caption-text\">Elsi De Jes\u00fas Hern\u00e1ndez abraza a su madre mientras se sientan juntas despu\u00e9s de su bautismo en la iglesia adventista Alfa y Omega en Monterrey, M\u00e9xico, el 13 de septiembre de 2025, durante la campa\u00f1a de evangelismo en l\u00ednea <em data-start=\"229\" data-end=\"249\">Decide Vivir Feliz<\/em>. [Fotograf\u00eda: Daniel Gallardo\/DIA]<\/p><\/div>Historias como la de Elsi y Alan reflejan el impacto m\u00e1s amplio de la campa\u00f1a. Miles de personas se conectaron por medio de proyectos de obra comunitaria, esfuerzos de evangelizaci\u00f3n en el vecindario y la participaci\u00f3n digital con decenas de personas adventistas influyentes y disc\u00edpulos creativos en las principales ciudades y estados de M\u00e9xico, informaron los l\u00edderes de la iglesia.<\/p>\n<p><strong>Las Casas de Esperanza se multiplican en todo el pa\u00eds<\/strong><\/p>\n<p>La campa\u00f1a en vivo lleg\u00f3 a casi dos millones de personas, un hito hist\u00f3rico, por medio de YouTube, Facebook, Hope Channel Interam\u00e9rica, 3ABN Latino, 33 estaciones de radio (incluidas las redes seculares) y miles de reuniones presenciales. M\u00e1s de 25 mil grupos peque\u00f1os y \u201cCasas de Esperanza\u201d dieron la bienvenida a amigos y vecinos para que los vieran juntos.<\/p>\n<p><div id=\"attachment_133828\" style=\"width: 977px\" class=\"wp-caption aligncenter\"><img loading=\"lazy\" decoding=\"async\" aria-describedby=\"caption-attachment-133828\" class=\" wp-image-133826\" src=\"https:\/\/interamerica.org\/wp-content\/uploads\/2025\/09\/nomu-monterrey-alfayomega.jpg\" alt=\"\" width=\"967\" height=\"645\" srcset=\"https:\/\/interamerica.org\/wp-content\/uploads\/2025\/09\/nomu-monterrey-alfayomega.jpg 1000w, https:\/\/interamerica.org\/wp-content\/uploads\/2025\/09\/nomu-monterrey-alfayomega-300x200.jpg 300w, https:\/\/interamerica.org\/wp-content\/uploads\/2025\/09\/nomu-monterrey-alfayomega-768x512.jpg 768w\" sizes=\"(max-width: 967px) 100vw, 967px\" \/><p id=\"caption-attachment-133828\" class=\"wp-caption-text\">Miembros de seis congregaciones se reunieron en un parque frente a la iglesia adventista Alfa y Omega en Monterrey, M\u00e9xico, el 13 de septiembre de 2025, para celebrar los bautismos y el programa de clausura de la campa\u00f1a de evangelismo en l\u00ednea <em data-start=\"238\" data-end=\"258\">Decide Vivir Feliz<\/em>. [Fotograf\u00eda: Daniel Gallardo\/DIA]<\/p><\/div>En la iglesia adventista Alfa y Omega en Monterrey, 25 de sus 150 miembros abrieron sus hogares, mientras que cuatro grupos peque\u00f1os transmitieron la campa\u00f1a juntos. En las seis congregaciones del distrito, la iniciativa sum\u00f3 80 Casas de Esperanza y 20 grupos peque\u00f1os, con 54 visitas que participaron durante el evento de una semana de duraci\u00f3n.<\/p>\n<p>\u201cLo que m\u00e1s me llena es ver c\u00f3mo los miembros est\u00e1n adoptando esta nueva modalidad de evangelismo, combinando m\u00e9todos tradicionales y no tradicionales y utilizando todos los canales de comunicaci\u00f3n disponibles de la mejor manera posible\u201d, dijo el pastor Arturo King, presidente de la Uni\u00f3n Mexicana del Norte.<\/p>\n<p><div id=\"attachment_133801\" style=\"width: 974px\" class=\"wp-caption aligncenter\"><img loading=\"lazy\" decoding=\"async\" aria-describedby=\"caption-attachment-133801\" class=\" wp-image-133799\" src=\"https:\/\/interamerica.org\/wp-content\/uploads\/2025\/09\/arturoking-radio-mexcamp2025.jpg\" alt=\"\" width=\"964\" height=\"643\" srcset=\"https:\/\/interamerica.org\/wp-content\/uploads\/2025\/09\/arturoking-radio-mexcamp2025.jpg 1000w, https:\/\/interamerica.org\/wp-content\/uploads\/2025\/09\/arturoking-radio-mexcamp2025-300x200.jpg 300w, https:\/\/interamerica.org\/wp-content\/uploads\/2025\/09\/arturoking-radio-mexcamp2025-768x512.jpg 768w\" sizes=\"(max-width: 964px) 100vw, 964px\" \/><p id=\"caption-attachment-133801\" class=\"wp-caption-text\">El pastor Arturo King (derecha) es entrevistado por Jaime Armas, director de la <em data-start=\"124\" data-end=\"148\">Radio Esperanza M\u00e9xico<\/em>. Treinta y tres estaciones, incluidos algunos medios seculares, transmitieron la campa\u00f1a <em data-start=\"210\" data-end=\"230\">Decide Vivir Feliz<\/em> en vivo cada noche. [Fotograf\u00eda: Daniel Gallardo\/DIA]<\/p><\/div>La uni\u00f3n, que supervisa a m\u00e1s de 138 mil miembros en 1193 congregaciones, vio un aumento de liderazgo y participaci\u00f3n de los miembros en sus nueve asociaciones y dos campos misioneros. \u201cPara nosotros, esta campa\u00f1a no se trata solo de lo que estamos experimentando ahora, sino de generar un gran impulso para el futuro\u201d, dijo King. \u201cEl mayor impacto es que los miembros est\u00e1n llegando a m\u00e1s personas que nunca\u201d.<\/p>\n<p><strong>Desde salas de estar hasta los espacios p\u00fablicos<\/strong><\/p>\n<p>El esfuerzo se vio impulsado por meses de preparaci\u00f3n en el norte de M\u00e9xico, lo que incluy\u00f3 una caravana prof\u00e9tica que ilustr\u00f3 Daniel 2, Escuelas B\u00edblicas de Vacaciones en parques y plazas, y actividades dirigidas por Conquistadores en los vecindarios. \u201cHemos estado llevando la iglesia a las calles, llevando a cabo programas y al mismo tiempo promoviendo nuestra iniciativa Quiero Vivir Sano y otros proyectos en la comunidad\u201d, dijo King. Tambi\u00e9n se llevaron a cabo m\u00e1s de 70 campa\u00f1as de evangelizaci\u00f3n en Monterrey en mayo con el apoyo de Radio Mundial Adventista.<\/p>\n<p><div id=\"attachment_133822\" style=\"width: 973px\" class=\"wp-caption aligncenter\"><img loading=\"lazy\" decoding=\"async\" aria-describedby=\"caption-attachment-133822\" class=\" wp-image-133820\" src=\"https:\/\/interamerica.org\/wp-content\/uploads\/2025\/09\/mexcamp-2025-tania-orozco.jpg\" alt=\"\" width=\"963\" height=\"642\" srcset=\"https:\/\/interamerica.org\/wp-content\/uploads\/2025\/09\/mexcamp-2025-tania-orozco.jpg 1000w, https:\/\/interamerica.org\/wp-content\/uploads\/2025\/09\/mexcamp-2025-tania-orozco-300x200.jpg 300w, https:\/\/interamerica.org\/wp-content\/uploads\/2025\/09\/mexcamp-2025-tania-orozco-768x512.jpg 768w\" sizes=\"(max-width: 963px) 100vw, 963px\" \/><p id=\"caption-attachment-133822\" class=\"wp-caption-text\">La cantante Tania Orozco dirige una parte musical especial antes del mensaje principal de cada noche, durante la campa\u00f1a de evangelismo en l\u00ednea <em data-start=\"186\" data-end=\"206\">Decide Vivir Feliz<\/em>, que se llev\u00f3 a cabo en Monterrey, M\u00e9xico, del 6 al 13 de septiembre de 2025. [Fotograf\u00eda: Daniel Gallardo\/DIA]<\/p><\/div>Un factor central en el \u00e9xito de la campa\u00f1a, explic\u00f3 King, han sido las miles de Casas de Esperanza en todo el pa\u00eds. \u201cEs un concepto simple: un hogar abierto para presentar la campa\u00f1a de evangelizaci\u00f3n donde las personas pueden conectarse, confraternizar y experimentar la comunidad\u201d, dijo. Muchas personas que no iban a una iglesia disfrutaron de reunirse en un hogar. En algunos distritos, hubo cuatro o cinco veces m\u00e1s Casas de Esperanza que grupos peque\u00f1os\u201d.<\/p>\n<p>Para King, las Casas de la Esperanza representan tanto una oportunidad como una responsabilidad. \u201cEs una ventana de oportunidad que tenemos en este momento\u201d, dijo. \u201cLas cosas pueden cambiar r\u00e1pidamente, pero debemos usar todos los medios y todos los entornos disponibles para llegar a aquellos que a\u00fan necesitan escuchar el mensaje de salvaci\u00f3n\u201d.<\/p>\n<p><div id=\"attachment_133831\" style=\"width: 960px\" class=\"wp-caption aligncenter\"><img loading=\"lazy\" decoding=\"async\" aria-describedby=\"caption-attachment-133831\" class=\"wp-image-133829 size-full\" src=\"https:\/\/interamerica.org\/wp-content\/uploads\/2025\/09\/rehabcenter-xoxocotlan-oaxaca-mexcamp2025.jpg\" alt=\"\" width=\"950\" height=\"678\" srcset=\"https:\/\/interamerica.org\/wp-content\/uploads\/2025\/09\/rehabcenter-xoxocotlan-oaxaca-mexcamp2025.jpg 950w, https:\/\/interamerica.org\/wp-content\/uploads\/2025\/09\/rehabcenter-xoxocotlan-oaxaca-mexcamp2025-300x214.jpg 300w, https:\/\/interamerica.org\/wp-content\/uploads\/2025\/09\/rehabcenter-xoxocotlan-oaxaca-mexcamp2025-768x548.jpg 768w\" sizes=\"(max-width: 950px) 100vw, 950px\" \/><p id=\"caption-attachment-133831\" class=\"wp-caption-text\">Un grupo en un centro de rehabilitaci\u00f3n en Xoxocotl\u00e1n, Oaxaca, ve la campa\u00f1a vespertina. [Fotograf\u00eda: cortes\u00eda de C\u00e9sar Mart\u00ednez]<\/p><\/div><strong>Vidas transformadas en todo M\u00e9xico<\/strong><\/p>\n<p>En las afueras de Monterrey, Mar\u00eda del Carmen Cortez y su esposo, Rafael Gonz\u00e1lez, abrieron su hogar para la serie despu\u00e9s de recibir una invitaci\u00f3n de Carolina Torres, l\u00edder de un peque\u00f1o grupo, quien se hab\u00eda convertido en su amiga. Para la cuarta noche, los vecinos llenaron las calles, cantando, viendo el programa y compartiendo cenas de tamales y tortillas. \u201cLos testimonios tocaron problemas reales que las personas enfrentan todos los d\u00edas y provocaron conversaciones que abrieron la puerta al discipulado\u201d, dijo Torres.<\/p>\n<p>Seg\u00fan el pastor Sergio Ar\u00e9valo Delgado, quien dirige el distrito de Ju\u00e1rez Norte donde vive Cortez, el grupo ahora se organizar\u00e1 como un grupo peque\u00f1o, con varios ya involucrados en estudios b\u00edblicos. Hay planes en marcha para conectar a los ni\u00f1os con los clubes de Aventureros y Conquistadores en una iglesia cercana.<\/p>\n<p><div id=\"attachment_133795\" style=\"width: 1010px\" class=\"wp-caption aligncenter\"><img loading=\"lazy\" decoding=\"async\" aria-describedby=\"caption-attachment-133795\" class=\"size-full wp-image-133793\" src=\"https:\/\/interamerica.org\/wp-content\/uploads\/2025\/09\/mex-camp2025-casaesperanza-monterrey.jpg\" alt=\"\" width=\"1000\" height=\"667\" srcset=\"https:\/\/interamerica.org\/wp-content\/uploads\/2025\/09\/mex-camp2025-casaesperanza-monterrey.jpg 1000w, https:\/\/interamerica.org\/wp-content\/uploads\/2025\/09\/mex-camp2025-casaesperanza-monterrey-300x200.jpg 300w, https:\/\/interamerica.org\/wp-content\/uploads\/2025\/09\/mex-camp2025-casaesperanza-monterrey-768x512.jpg 768w\" sizes=\"(max-width: 1000px) 100vw, 1000px\" \/><p id=\"caption-attachment-133795\" class=\"wp-caption-text\">Mar\u00eda del Carmen Cortez y su esposo, Rafael Gonz\u00e1lez, se sientan con m\u00e1s de 25 vecinos viendo una proyecci\u00f3n en su casa durante la campa\u00f1a de evangelismo en l\u00ednea en Monterrey, M\u00e9xico, el viernes 12 de septiembre de 2025. [Fotograf\u00eda: Daniel Gallardo\/DIA]<\/p><\/div>En Catemaco, Veracruz, Carmen Prados, que alguna vez practic\u00f3 la brujer\u00eda, organiz\u00f3 una Casa de Esperanza con su esposo, Salom\u00f3n. Desde que se bautiz\u00f3 hace tres a\u00f1os, se ha convertido en un miembro activo de su iglesia local, dando estudios b\u00edblicos y dirigiendo estudios b\u00edblicos en varios grupos peque\u00f1os. Es una de los m\u00e1s de 9200 l\u00edderes de grupos peque\u00f1os y 4700 anfitriones de Casas de Esperanza en todo el territorio de la Uni\u00f3n Mexicana Interoce\u00e1nica que est\u00e1n comprometidos con el discipulado continuo durante todo el a\u00f1o.<\/p>\n<p>\u201cEsta campa\u00f1a nos record\u00f3 que no tenemos que perder el tiempo\u201d, dijo. \u201cDebemos difundir la buena noticia de que es posible vivir con felicidad en Jes\u00fas, sin importar las luchas o los desaf\u00edos que nos presente el enemigo\u201d.<\/p>\n<div id=\"attachment_133792\" style=\"width: 646px\" class=\"wp-caption aligncenter\"><img loading=\"lazy\" decoding=\"async\" aria-describedby=\"caption-attachment-133792\" class=\" wp-image-133790\" src=\"https:\/\/interamerica.org\/wp-content\/uploads\/2025\/09\/mex-camp2025-darnelly-chable.jpg\" alt=\"\" width=\"636\" height=\"816\" srcset=\"https:\/\/interamerica.org\/wp-content\/uploads\/2025\/09\/mex-camp2025-darnelly-chable.jpg 700w, https:\/\/interamerica.org\/wp-content\/uploads\/2025\/09\/mex-camp2025-darnelly-chable-234x300.jpg 234w\" sizes=\"(max-width: 636px) 100vw, 636px\" \/><p id=\"caption-attachment-133792\" class=\"wp-caption-text\">Darnelly Chabl\u00e9 con su esposo, Luis, y su hijo, Dylan, durante la Casa de la Esperanza que organiz\u00f3 en la Ciudad de M\u00e9xico, donde las familias se reunieron todas las noches para ver la reciente campa\u00f1a de evangelismo en l\u00ednea. [Fotograf\u00eda: cortes\u00eda de Darnelly Chabl\u00e9]<\/p><\/div>\n<p data-start=\"1013\" data-end=\"1400\"><span style=\"font-size: 16px;\">Para Darnelly Chabl\u00e9 de la Ciudad de M\u00e9xico, la campa\u00f1a profundiz\u00f3 su compromiso con el ministerio despu\u00e9s de que ella, su esposo y su hijo con necesidades especiales se bautizaran a principios de este a\u00f1o. A medida que aprendi\u00f3 m\u00e1s sobre la campa\u00f1a nacional en l\u00ednea, comenz\u00f3 a promocionarla en sus cuentas de redes sociales y las de su hijo, y finalmente decidi\u00f3 organizar una Casa de Esperanza en una sala grande donde casi una docena de familias con ni\u00f1os con necesidades especiales se reunieron todas las noches para seguir la campa\u00f1a.<\/span><\/p>\n<p data-start=\"1013\" data-end=\"1400\">\u201cLas personas que me siguen han venido todas las noches, muchas con profundas necesidades emocionales\u201d, dijo. \u201cEl testimonio de c\u00f3mo Dios restaur\u00f3 mi matrimonio ha fortalecido mi determinaci\u00f3n de seguir alcanzando a los dem\u00e1s\u201d. Con el apoyo de su iglesia local, se ha comprometido a continuar alcanzando nuevos contactos en la Casa de la Esperanza que ella organiz\u00f3.<\/p>\n<p><div id=\"attachment_133789\" style=\"width: 917px\" class=\"wp-caption aligncenter\"><img loading=\"lazy\" decoding=\"async\" aria-describedby=\"caption-attachment-133789\" class=\"wp-image-133787\" src=\"https:\/\/interamerica.org\/wp-content\/uploads\/2025\/09\/mex-campaign-2025chiapas-patio.jpg\" alt=\"\" width=\"907\" height=\"681\" srcset=\"https:\/\/interamerica.org\/wp-content\/uploads\/2025\/09\/mex-campaign-2025chiapas-patio.jpg 950w, https:\/\/interamerica.org\/wp-content\/uploads\/2025\/09\/mex-campaign-2025chiapas-patio-300x225.jpg 300w, https:\/\/interamerica.org\/wp-content\/uploads\/2025\/09\/mex-campaign-2025chiapas-patio-768x576.jpg 768w\" sizes=\"(max-width: 907px) 100vw, 907px\" \/><p id=\"caption-attachment-133789\" class=\"wp-caption-text\">Vecinos se re\u00fanen en el patio de la casa de Delfino Grajales y su familia en Tuxtla Guti\u00e9rrez, Chiapas, durante la campa\u00f1a en l\u00ednea. La Casa de la Esperanza atrajo a unas 30 personas cada noche, lo que incluy\u00f3 a 17 visitas. [Fotograf\u00eda: Uni\u00f3n Mexicana de Chiapas]<\/p><\/div>En Tuxtla Guti\u00e9rrez, Chiapas, Delfino Grajales y su familia recibieron a 30 personas \u2014m\u00e1s de la mitad visitas\u2014 en el patio de su casa cada noche. Despu\u00e9s de cada reuni\u00f3n, el grupo comparti\u00f3 comida y compa\u00f1erismo, fortaleciendo las amistades y la fe. Incluso el alcalde de la ciudad, Enrique N\u00e1jera Reyes, asisti\u00f3 con su esposa. \u201cMe siento muy feliz de volver a los caminos del Se\u00f1or junto con mi familia\u201d, dijo N\u00e1jera. \u201cEs un privilegio participar en estos encuentros, donde uno se siente parte de una familia y puede compartir con hermanos y amigos, al mismo tiempo que cumple la misi\u00f3n de Jes\u00fas\u201d.<\/p>\n<p><strong>Detr\u00e1s de escena y a\u00fan m\u00e1s all\u00e1<\/strong><\/p>\n<p>El programa vespertino diario de una hora cont\u00f3 con partes musicales originales, oraci\u00f3n, actividades para ni\u00f1os y segmentos cortos que destacaron la salud, las posibilidades, la juventud, las publicaciones y los ministerios de la mujer. M\u00e1s de 60 personas trabajaron en la producci\u00f3n junto con cientos de voluntarios que trabajaron en centros de llamadas, administraron campa\u00f1as de promoci\u00f3n y coordinaron el alcance digital.<\/p>\n<p><div id=\"attachment_133835\" style=\"width: 967px\" class=\"wp-caption aligncenter\"><img loading=\"lazy\" decoding=\"async\" aria-describedby=\"caption-attachment-133835\" class=\" wp-image-133833\" src=\"https:\/\/interamerica.org\/wp-content\/uploads\/2025\/09\/mex-camp2025-interpreter.jpg\" alt=\"\" width=\"957\" height=\"638\" srcset=\"https:\/\/interamerica.org\/wp-content\/uploads\/2025\/09\/mex-camp2025-interpreter.jpg 1000w, https:\/\/interamerica.org\/wp-content\/uploads\/2025\/09\/mex-camp2025-interpreter-300x200.jpg 300w, https:\/\/interamerica.org\/wp-content\/uploads\/2025\/09\/mex-camp2025-interpreter-768x512.jpg 768w\" sizes=\"(max-width: 957px) 100vw, 957px\" \/><p id=\"caption-attachment-133835\" class=\"wp-caption-text\">Un int\u00e9rprete interpreta por se\u00f1as para la comunidad sorda, durante la noche de apertura de la campa\u00f1a de evangelizaci\u00f3n en l\u00ednea <em data-start=\"120\" data-end=\"140\">Decide Vivir Feliz<\/em> el pasado 6 de septiembre de 2025. [Fotograf\u00eda: Daniel Gallardo\/DIA]<\/p><\/div>Los resultados fueron notables, dijeron los l\u00edderes: se recibieron 900 mensajes, hubo 145 inscripciones a estudios b\u00edblicos, casi 500 solicitudes de oraci\u00f3n y decenas de llamadas de seguimiento. Treinta y tres frecuencias de radio, incluidas seis estaciones comerciales, transmitieron la serie sin costo alguno, mientras que 12 cuentas de redes sociales amplificaron su alcance en todo el pa\u00eds. La aplicaci\u00f3n de Radio Esperanza M\u00e9xico promedi\u00f3 150 conexiones en vivo cada noche y ya ha superado las 17 mil descargas.<\/p>\n<p>Ahora en su quinto a\u00f1o, la campa\u00f1a en l\u00ednea ha duplicado con creces los resultados bautismales desde 2021, superando los 55.400 bautismos para el 13 de septiembre, y se esperan a\u00fan m\u00e1s.<\/p>\n<p><div id=\"attachment_133804\" style=\"width: 960px\" class=\"wp-caption aligncenter\"><img loading=\"lazy\" decoding=\"async\" aria-describedby=\"caption-attachment-133804\" class=\"size-full wp-image-133802\" src=\"https:\/\/interamerica.org\/wp-content\/uploads\/2025\/09\/abdielpatraca-nomu-mexcamp2025.jpg\" alt=\"\" width=\"950\" height=\"665\" srcset=\"https:\/\/interamerica.org\/wp-content\/uploads\/2025\/09\/abdielpatraca-nomu-mexcamp2025.jpg 950w, https:\/\/interamerica.org\/wp-content\/uploads\/2025\/09\/abdielpatraca-nomu-mexcamp2025-300x210.jpg 300w, https:\/\/interamerica.org\/wp-content\/uploads\/2025\/09\/abdielpatraca-nomu-mexcamp2025-768x538.jpg 768w\" sizes=\"(max-width: 950px) 100vw, 950px\" \/><p id=\"caption-attachment-133804\" class=\"wp-caption-text\">Abdiel Patraca, director de comunicaci\u00f3n de la Uni\u00f3n Mexicana del Norte y productor de la campa\u00f1a en l\u00ednea <em data-start=\"133\" data-end=\"153\">Decide Vivir Feliz<\/em>, explica los an\u00e1lisis detr\u00e1s de las estrategias de medios digitales a los l\u00edderes de la iglesia de las cinco uniones de M\u00e9xico el 13 de septiembre de 2025. [Fotograf\u00eda: Daniel Gallardo\/DIA]<\/p><\/div>Los l\u00edderes de la iglesia elogiaron los resultados y la nueva visi\u00f3n de evangelismo. \u201cQueremos dar un fuerte impulso al evangelismo digital, especialmente a la radio por Internet\u201d, dijo el pastor King. \u201cEl liderazgo en M\u00e9xico est\u00e1 unido, y creemos que es obra del Esp\u00edritu Santo. No estamos aqu\u00ed para competir sino para sumar\u201d.<\/p>\n<p>El pastor Abraham Sandoval, presidente de la Uni\u00f3n Interoce\u00e1nica, estuvo de acuerdo: \u201cA veces, en nuestras iglesias dudamos del impacto de las redes sociales, pero este informe muestra el gran alcance que tienen y sus resultados. Estamos agradecidos por lo que se ha hecho\u201d.<\/p>\n<div class=\"mceTemp\"><\/div>\n<p><div id=\"attachment_133780\" style=\"width: 1034px\" class=\"wp-caption aligncenter\"><img loading=\"lazy\" decoding=\"async\" aria-describedby=\"caption-attachment-133780\" class=\"size-large wp-image-133778\" src=\"https:\/\/interamerica.org\/wp-content\/uploads\/2025\/09\/mexcampa-2025-influencers-1024x459.jpg\" alt=\"\" width=\"1024\" height=\"459\" srcset=\"https:\/\/interamerica.org\/wp-content\/uploads\/2025\/09\/mexcampa-2025-influencers-1024x459.jpg 1024w, https:\/\/interamerica.org\/wp-content\/uploads\/2025\/09\/mexcampa-2025-influencers-300x134.jpg 300w, https:\/\/interamerica.org\/wp-content\/uploads\/2025\/09\/mexcampa-2025-influencers-768x344.jpg 768w, https:\/\/interamerica.org\/wp-content\/uploads\/2025\/09\/mexcampa-2025-influencers-1536x688.jpg 1536w, https:\/\/interamerica.org\/wp-content\/uploads\/2025\/09\/mexcampa-2025-influencers.jpg 1600w\" sizes=\"(max-width: 1024px) 100vw, 1024px\" \/><p id=\"caption-attachment-133780\" class=\"wp-caption-text\">Un grupo de 300 <em>influencers<\/em> de redes sociales y creadores de contenido que promovieron la campa\u00f1a de evangelizaci\u00f3n en l\u00ednea <em data-start=\"163\" data-end=\"183\">Decide Vivir Feliz<\/em> en todo M\u00e9xico en septiembre de 2025. [Fotograf\u00eda: Uni\u00f3n Mexicana del Norte]<\/p><\/div>El pastor Ignacio Navarro, presidente de la Uni\u00f3n de Chiapas, dijo que el potencial es enorme: \u201cM\u00e9xico tiene 850 mil miembros, que representan a 200 mil familias. Si cada familia se convierte en una Casa de Esperanza, pronto podemos alcanzar esa meta. Le doy gloria a Dios por este tremendo trabajo, y creo que seremos a\u00fan m\u00e1s fuertes en el futuro\u201d.<\/p>\n<p>Desde las ondas de radio hasta las salas de estar, desde las vallas publicitarias en Monterrey hasta las invitaciones de WhatsApp en pueblos peque\u00f1os, los l\u00edderes dijeron que la campa\u00f1a refleja una nueva era de misi\u00f3n. \u201cCreemos que Dios est\u00e1 moviendo a su iglesia en M\u00e9xico hacia algo muy grande\u201d, dijo King.<\/p>\n<p>Ya est\u00e1n en marcha los planes para la campa\u00f1a nacional de evangelizaci\u00f3n en l\u00ednea del pr\u00f3ximo a\u00f1o, programada para ser organizada desde la Uni\u00f3n Mexicana del Sureste en agosto de 2026.<\/p>\n<p><div id=\"attachment_133798\" style=\"width: 1010px\" class=\"wp-caption aligncenter\"><img loading=\"lazy\" decoding=\"async\" aria-describedby=\"caption-attachment-133798\" class=\"size-full wp-image-133796\" src=\"https:\/\/interamerica.org\/wp-content\/uploads\/2025\/09\/production-staff-mex-camp-2025.jpg\" alt=\"\" width=\"1000\" height=\"611\" srcset=\"https:\/\/interamerica.org\/wp-content\/uploads\/2025\/09\/production-staff-mex-camp-2025.jpg 1000w, https:\/\/interamerica.org\/wp-content\/uploads\/2025\/09\/production-staff-mex-camp-2025-300x183.jpg 300w, https:\/\/interamerica.org\/wp-content\/uploads\/2025\/09\/production-staff-mex-camp-2025-768x469.jpg 768w\" sizes=\"(max-width: 1000px) 100vw, 1000px\" \/><p id=\"caption-attachment-133798\" class=\"wp-caption-text\">El equipo de producci\u00f3n de la campa\u00f1a de evangelismo en l\u00ednea <em data-start=\"85\" data-end=\"105\">Decide Vivir Feliz<\/em> se re\u00fane para una fotograf\u00eda grupal despu\u00e9s de la conclusi\u00f3n del programa el 13 de septiembre de 2025, en Monterrey, M\u00e9xico. [Fotograf\u00eda: Daniel Gallardo\/DIA]<\/p><\/div><em>Helena Corona, Gaby Chagolla, Mart\u00edn Olvera, C\u00e9sar Mart\u00ednez y Yosainy Colina colaboraron con informaci\u00f3n para este informe.<\/em><\/p>\n<p>Para ver una galer\u00eda de fotograf\u00edas de la producci\u00f3n de la campa\u00f1a, ingrese <a href=\"https:\/\/flickr.com\/photos\/interamerica\/albums\/72177720329282933\">AQU\u00cd<\/a>.<\/p>\n<p>Para mirar la campa\u00f1a de evangelismo en l\u00ednea que se llev\u00f3 a cabo del 6-13 de septiembre de 2025 desde Monterrey, M\u00e9xico en el canal de YouTube de Hope Channel Inter-America, ingrese <a href=\"https:\/\/www.youtube.com\/watch?v=H_mLWBis5Rk&amp;list=PLEKDxuu7su2oVFhFrAOZsVeqaQHkFWVKb\">AQU\u00cd<\/a><\/p>\n<p>Para saber m\u00e1s sobre la campa\u00f1a Decide Vivir Feliz y las iniciativas de evangelismo en todo M\u00e9xico, ingrese a <a href=\"https:\/\/esperanzamexico.com\/\">esperanzamexico.com<\/a><\/p>\n<p>Para ver una galer\u00eda de fotograf\u00edas de la producci\u00f3n de la campa\u00f1a, ingrese <a href=\"https:\/\/flickr.com\/photos\/interamerica\/albums\/72177720329282933\">AQU\u00cd<\/a>.<\/p>\n<p>Traducci\u00f3n de Marcos Paseggi<\/p>\n","protected":false},"excerpt":{"rendered":"<p>Los esfuerzos de la iglesia unida, las plataformas de radio y digitales, y las Casas de Esperanza impulsan resultados sin precedentes. 25 de septiembre de 2025 | Monterrey, Nuevo Le\u00f3n,&#8230;<\/p>\n","protected":false},"author":3,"featured_media":133813,"comment_status":"closed","ping_status":"closed","sticky":false,"template":"","format":"standard","meta":{"_acf_changed":false,"footnotes":""},"categories":[17,15],"tags":[],"class_list":["post-133847","post","type-post","status-publish","format-standard","has-post-thumbnail","hentry","category-desde-el-campo","category-rss-espanol"],"acf":[],"yoast_head":"<!-- This site is optimized with the Yoast SEO plugin v27.3 - https:\/\/yoast.com\/product\/yoast-seo-wordpress\/ -->\n<title>Campa\u00f1a de evangelismo en l\u00ednea en M\u00e9xico bate r\u00e9cords al llegar a casi dos millones de personas - Iglesia Adventista del S\u00e9ptimo D\u00eda - Divisi\u00f3n Interamericana<\/title>\n<meta name=\"robots\" content=\"index, follow, max-snippet:-1, max-image-preview:large, max-video-preview:-1\" \/>\n<link rel=\"canonical\" href=\"https:\/\/interamerica.org\/es\/2025\/09\/campana-de-evangelizacion-en-linea-en-mexico-bate-records-al-llegar-a-casi-dos-millones-de-personas\/\" \/>\n<meta property=\"og:locale\" content=\"es_ES\" \/>\n<meta property=\"og:type\" content=\"article\" \/>\n<meta property=\"og:title\" content=\"Campa\u00f1a de evangelismo en l\u00ednea en M\u00e9xico bate r\u00e9cords al llegar a casi dos millones de personas - Iglesia Adventista del S\u00e9ptimo D\u00eda - Divisi\u00f3n Interamericana\" \/>\n<meta property=\"og:description\" content=\"Los esfuerzos de la iglesia unida, las plataformas de radio y digitales, y las Casas de Esperanza impulsan resultados sin precedentes. 25 de septiembre de 2025 | Monterrey, Nuevo Le\u00f3n,...\" \/>\n<meta property=\"og:url\" content=\"https:\/\/interamerica.org\/es\/2025\/09\/campana-de-evangelizacion-en-linea-en-mexico-bate-records-al-llegar-a-casi-dos-millones-de-personas\/\" \/>\n<meta property=\"og:site_name\" content=\"Iglesia Adventista del S\u00e9ptimo D\u00eda - Divisi\u00f3n Interamericana\" \/>\n<meta property=\"article:published_time\" content=\"2025-09-26T00:14:01+00:00\" \/>\n<meta property=\"article:modified_time\" content=\"2025-10-13T19:38:59+00:00\" \/>\n<meta property=\"og:image\" content=\"https:\/\/interamerica.org\/wp-content\/uploads\/2025\/09\/mexcampaign-audience2025.jpg\" \/>\n\t<meta property=\"og:image:width\" content=\"1000\" \/>\n\t<meta property=\"og:image:height\" content=\"667\" \/>\n\t<meta property=\"og:image:type\" content=\"image\/jpeg\" \/>\n<meta name=\"author\" content=\"libna\" \/>\n<meta name=\"twitter:card\" content=\"summary_large_image\" \/>\n<meta name=\"twitter:label1\" content=\"Escrito por\" \/>\n\t<meta name=\"twitter:data1\" content=\"libna\" \/>\n\t<meta name=\"twitter:label2\" content=\"Tiempo de lectura\" \/>\n\t<meta name=\"twitter:data2\" content=\"16 minutos\" \/>\n<script type=\"application\/ld+json\" class=\"yoast-schema-graph\">{\"@context\":\"https:\\\/\\\/schema.org\",\"@graph\":[{\"@type\":\"Article\",\"@id\":\"https:\\\/\\\/interamerica.org\\\/es\\\/2025\\\/09\\\/campana-de-evangelizacion-en-linea-en-mexico-bate-records-al-llegar-a-casi-dos-millones-de-personas\\\/#article\",\"isPartOf\":{\"@id\":\"https:\\\/\\\/interamerica.org\\\/es\\\/2025\\\/09\\\/campana-de-evangelizacion-en-linea-en-mexico-bate-records-al-llegar-a-casi-dos-millones-de-personas\\\/\"},\"author\":{\"name\":\"libna\",\"@id\":\"https:\\\/\\\/interamerica.org\\\/es\\\/#\\\/schema\\\/person\\\/29998f2bc2d8bd0d38662909289b54f1\"},\"headline\":\"Campa\u00f1a de evangelismo en l\u00ednea en M\u00e9xico bate r\u00e9cords al llegar a casi dos millones de personas\",\"datePublished\":\"2025-09-26T00:14:01+00:00\",\"dateModified\":\"2025-10-13T19:38:59+00:00\",\"mainEntityOfPage\":{\"@id\":\"https:\\\/\\\/interamerica.org\\\/es\\\/2025\\\/09\\\/campana-de-evangelizacion-en-linea-en-mexico-bate-records-al-llegar-a-casi-dos-millones-de-personas\\\/\"},\"wordCount\":3187,\"image\":{\"@id\":\"https:\\\/\\\/interamerica.org\\\/es\\\/2025\\\/09\\\/campana-de-evangelizacion-en-linea-en-mexico-bate-records-al-llegar-a-casi-dos-millones-de-personas\\\/#primaryimage\"},\"thumbnailUrl\":\"https:\\\/\\\/interamerica.org\\\/wp-content\\\/uploads\\\/2025\\\/09\\\/mexcampaign-audience2025.jpg\",\"articleSection\":[\"Desde el campo\",\"RSS Espa\u00f1ol\"],\"inLanguage\":\"es\"},{\"@type\":\"WebPage\",\"@id\":\"https:\\\/\\\/interamerica.org\\\/es\\\/2025\\\/09\\\/campana-de-evangelizacion-en-linea-en-mexico-bate-records-al-llegar-a-casi-dos-millones-de-personas\\\/\",\"url\":\"https:\\\/\\\/interamerica.org\\\/es\\\/2025\\\/09\\\/campana-de-evangelizacion-en-linea-en-mexico-bate-records-al-llegar-a-casi-dos-millones-de-personas\\\/\",\"name\":\"Campa\u00f1a de evangelismo en l\u00ednea en M\u00e9xico bate r\u00e9cords al llegar a casi dos millones de personas - Iglesia Adventista del S\u00e9ptimo D\u00eda - Divisi\u00f3n Interamericana\",\"isPartOf\":{\"@id\":\"https:\\\/\\\/interamerica.org\\\/es\\\/#website\"},\"primaryImageOfPage\":{\"@id\":\"https:\\\/\\\/interamerica.org\\\/es\\\/2025\\\/09\\\/campana-de-evangelizacion-en-linea-en-mexico-bate-records-al-llegar-a-casi-dos-millones-de-personas\\\/#primaryimage\"},\"image\":{\"@id\":\"https:\\\/\\\/interamerica.org\\\/es\\\/2025\\\/09\\\/campana-de-evangelizacion-en-linea-en-mexico-bate-records-al-llegar-a-casi-dos-millones-de-personas\\\/#primaryimage\"},\"thumbnailUrl\":\"https:\\\/\\\/interamerica.org\\\/wp-content\\\/uploads\\\/2025\\\/09\\\/mexcampaign-audience2025.jpg\",\"datePublished\":\"2025-09-26T00:14:01+00:00\",\"dateModified\":\"2025-10-13T19:38:59+00:00\",\"author\":{\"@id\":\"https:\\\/\\\/interamerica.org\\\/es\\\/#\\\/schema\\\/person\\\/29998f2bc2d8bd0d38662909289b54f1\"},\"breadcrumb\":{\"@id\":\"https:\\\/\\\/interamerica.org\\\/es\\\/2025\\\/09\\\/campana-de-evangelizacion-en-linea-en-mexico-bate-records-al-llegar-a-casi-dos-millones-de-personas\\\/#breadcrumb\"},\"inLanguage\":\"es\",\"potentialAction\":[{\"@type\":\"ReadAction\",\"target\":[\"https:\\\/\\\/interamerica.org\\\/es\\\/2025\\\/09\\\/campana-de-evangelizacion-en-linea-en-mexico-bate-records-al-llegar-a-casi-dos-millones-de-personas\\\/\"]}]},{\"@type\":\"ImageObject\",\"inLanguage\":\"es\",\"@id\":\"https:\\\/\\\/interamerica.org\\\/es\\\/2025\\\/09\\\/campana-de-evangelizacion-en-linea-en-mexico-bate-records-al-llegar-a-casi-dos-millones-de-personas\\\/#primaryimage\",\"url\":\"https:\\\/\\\/interamerica.org\\\/wp-content\\\/uploads\\\/2025\\\/09\\\/mexcampaign-audience2025.jpg\",\"contentUrl\":\"https:\\\/\\\/interamerica.org\\\/wp-content\\\/uploads\\\/2025\\\/09\\\/mexcampaign-audience2025.jpg\",\"width\":1000,\"height\":667,\"caption\":\"[Photo: Daniel Gallardo\\\/IAD]\"},{\"@type\":\"BreadcrumbList\",\"@id\":\"https:\\\/\\\/interamerica.org\\\/es\\\/2025\\\/09\\\/campana-de-evangelizacion-en-linea-en-mexico-bate-records-al-llegar-a-casi-dos-millones-de-personas\\\/#breadcrumb\",\"itemListElement\":[{\"@type\":\"ListItem\",\"position\":1,\"name\":\"Home\",\"item\":\"https:\\\/\\\/interamerica.org\\\/es\\\/\"},{\"@type\":\"ListItem\",\"position\":2,\"name\":\"Campa\u00f1a de evangelismo en l\u00ednea en M\u00e9xico bate r\u00e9cords al llegar a casi dos millones de personas\"}]},{\"@type\":\"WebSite\",\"@id\":\"https:\\\/\\\/interamerica.org\\\/es\\\/#website\",\"url\":\"https:\\\/\\\/interamerica.org\\\/es\\\/\",\"name\":\"Iglesia Adventista del S\u00e9ptimo D\u00eda - Divisi\u00f3n Interamericana\",\"description\":\"\",\"potentialAction\":[{\"@type\":\"SearchAction\",\"target\":{\"@type\":\"EntryPoint\",\"urlTemplate\":\"https:\\\/\\\/interamerica.org\\\/es\\\/?s={search_term_string}\"},\"query-input\":{\"@type\":\"PropertyValueSpecification\",\"valueRequired\":true,\"valueName\":\"search_term_string\"}}],\"inLanguage\":\"es\"},{\"@type\":\"Person\",\"@id\":\"https:\\\/\\\/interamerica.org\\\/es\\\/#\\\/schema\\\/person\\\/29998f2bc2d8bd0d38662909289b54f1\",\"name\":\"libna\",\"image\":{\"@type\":\"ImageObject\",\"inLanguage\":\"es\",\"@id\":\"https:\\\/\\\/secure.gravatar.com\\\/avatar\\\/7c5bd30ae4b47a9ba3c856590957fd1d96dc588bf3ac05719d247e126840331f?s=96&d=mm&r=g\",\"url\":\"https:\\\/\\\/secure.gravatar.com\\\/avatar\\\/7c5bd30ae4b47a9ba3c856590957fd1d96dc588bf3ac05719d247e126840331f?s=96&d=mm&r=g\",\"contentUrl\":\"https:\\\/\\\/secure.gravatar.com\\\/avatar\\\/7c5bd30ae4b47a9ba3c856590957fd1d96dc588bf3ac05719d247e126840331f?s=96&d=mm&r=g\",\"caption\":\"libna\"}}]}<\/script>\n<!-- \/ Yoast SEO plugin. -->","yoast_head_json":{"title":"Campa\u00f1a de evangelismo en l\u00ednea en M\u00e9xico bate r\u00e9cords al llegar a casi dos millones de personas - Iglesia Adventista del S\u00e9ptimo D\u00eda - Divisi\u00f3n Interamericana","robots":{"index":"index","follow":"follow","max-snippet":"max-snippet:-1","max-image-preview":"max-image-preview:large","max-video-preview":"max-video-preview:-1"},"canonical":"https:\/\/interamerica.org\/es\/2025\/09\/campana-de-evangelizacion-en-linea-en-mexico-bate-records-al-llegar-a-casi-dos-millones-de-personas\/","og_locale":"es_ES","og_type":"article","og_title":"Campa\u00f1a de evangelismo en l\u00ednea en M\u00e9xico bate r\u00e9cords al llegar a casi dos millones de personas - Iglesia Adventista del S\u00e9ptimo D\u00eda - Divisi\u00f3n Interamericana","og_description":"Los esfuerzos de la iglesia unida, las plataformas de radio y digitales, y las Casas de Esperanza impulsan resultados sin precedentes. 25 de septiembre de 2025 | Monterrey, Nuevo Le\u00f3n,...","og_url":"https:\/\/interamerica.org\/es\/2025\/09\/campana-de-evangelizacion-en-linea-en-mexico-bate-records-al-llegar-a-casi-dos-millones-de-personas\/","og_site_name":"Iglesia Adventista del S\u00e9ptimo D\u00eda - Divisi\u00f3n Interamericana","article_published_time":"2025-09-26T00:14:01+00:00","article_modified_time":"2025-10-13T19:38:59+00:00","og_image":[{"width":1000,"height":667,"url":"https:\/\/interamerica.org\/wp-content\/uploads\/2025\/09\/mexcampaign-audience2025.jpg","type":"image\/jpeg"}],"author":"libna","twitter_card":"summary_large_image","twitter_misc":{"Escrito por":"libna","Tiempo de lectura":"16 minutos"},"schema":{"@context":"https:\/\/schema.org","@graph":[{"@type":"Article","@id":"https:\/\/interamerica.org\/es\/2025\/09\/campana-de-evangelizacion-en-linea-en-mexico-bate-records-al-llegar-a-casi-dos-millones-de-personas\/#article","isPartOf":{"@id":"https:\/\/interamerica.org\/es\/2025\/09\/campana-de-evangelizacion-en-linea-en-mexico-bate-records-al-llegar-a-casi-dos-millones-de-personas\/"},"author":{"name":"libna","@id":"https:\/\/interamerica.org\/es\/#\/schema\/person\/29998f2bc2d8bd0d38662909289b54f1"},"headline":"Campa\u00f1a de evangelismo en l\u00ednea en M\u00e9xico bate r\u00e9cords al llegar a casi dos millones de personas","datePublished":"2025-09-26T00:14:01+00:00","dateModified":"2025-10-13T19:38:59+00:00","mainEntityOfPage":{"@id":"https:\/\/interamerica.org\/es\/2025\/09\/campana-de-evangelizacion-en-linea-en-mexico-bate-records-al-llegar-a-casi-dos-millones-de-personas\/"},"wordCount":3187,"image":{"@id":"https:\/\/interamerica.org\/es\/2025\/09\/campana-de-evangelizacion-en-linea-en-mexico-bate-records-al-llegar-a-casi-dos-millones-de-personas\/#primaryimage"},"thumbnailUrl":"https:\/\/interamerica.org\/wp-content\/uploads\/2025\/09\/mexcampaign-audience2025.jpg","articleSection":["Desde el campo","RSS Espa\u00f1ol"],"inLanguage":"es"},{"@type":"WebPage","@id":"https:\/\/interamerica.org\/es\/2025\/09\/campana-de-evangelizacion-en-linea-en-mexico-bate-records-al-llegar-a-casi-dos-millones-de-personas\/","url":"https:\/\/interamerica.org\/es\/2025\/09\/campana-de-evangelizacion-en-linea-en-mexico-bate-records-al-llegar-a-casi-dos-millones-de-personas\/","name":"Campa\u00f1a de evangelismo en l\u00ednea en M\u00e9xico bate r\u00e9cords al llegar a casi dos millones de personas - Iglesia Adventista del S\u00e9ptimo D\u00eda - Divisi\u00f3n Interamericana","isPartOf":{"@id":"https:\/\/interamerica.org\/es\/#website"},"primaryImageOfPage":{"@id":"https:\/\/interamerica.org\/es\/2025\/09\/campana-de-evangelizacion-en-linea-en-mexico-bate-records-al-llegar-a-casi-dos-millones-de-personas\/#primaryimage"},"image":{"@id":"https:\/\/interamerica.org\/es\/2025\/09\/campana-de-evangelizacion-en-linea-en-mexico-bate-records-al-llegar-a-casi-dos-millones-de-personas\/#primaryimage"},"thumbnailUrl":"https:\/\/interamerica.org\/wp-content\/uploads\/2025\/09\/mexcampaign-audience2025.jpg","datePublished":"2025-09-26T00:14:01+00:00","dateModified":"2025-10-13T19:38:59+00:00","author":{"@id":"https:\/\/interamerica.org\/es\/#\/schema\/person\/29998f2bc2d8bd0d38662909289b54f1"},"breadcrumb":{"@id":"https:\/\/interamerica.org\/es\/2025\/09\/campana-de-evangelizacion-en-linea-en-mexico-bate-records-al-llegar-a-casi-dos-millones-de-personas\/#breadcrumb"},"inLanguage":"es","potentialAction":[{"@type":"ReadAction","target":["https:\/\/interamerica.org\/es\/2025\/09\/campana-de-evangelizacion-en-linea-en-mexico-bate-records-al-llegar-a-casi-dos-millones-de-personas\/"]}]},{"@type":"ImageObject","inLanguage":"es","@id":"https:\/\/interamerica.org\/es\/2025\/09\/campana-de-evangelizacion-en-linea-en-mexico-bate-records-al-llegar-a-casi-dos-millones-de-personas\/#primaryimage","url":"https:\/\/interamerica.org\/wp-content\/uploads\/2025\/09\/mexcampaign-audience2025.jpg","contentUrl":"https:\/\/interamerica.org\/wp-content\/uploads\/2025\/09\/mexcampaign-audience2025.jpg","width":1000,"height":667,"caption":"[Photo: Daniel Gallardo\/IAD]"},{"@type":"BreadcrumbList","@id":"https:\/\/interamerica.org\/es\/2025\/09\/campana-de-evangelizacion-en-linea-en-mexico-bate-records-al-llegar-a-casi-dos-millones-de-personas\/#breadcrumb","itemListElement":[{"@type":"ListItem","position":1,"name":"Home","item":"https:\/\/interamerica.org\/es\/"},{"@type":"ListItem","position":2,"name":"Campa\u00f1a de evangelismo en l\u00ednea en M\u00e9xico bate r\u00e9cords al llegar a casi dos millones de personas"}]},{"@type":"WebSite","@id":"https:\/\/interamerica.org\/es\/#website","url":"https:\/\/interamerica.org\/es\/","name":"Iglesia Adventista del S\u00e9ptimo D\u00eda - Divisi\u00f3n Interamericana","description":"","potentialAction":[{"@type":"SearchAction","target":{"@type":"EntryPoint","urlTemplate":"https:\/\/interamerica.org\/es\/?s={search_term_string}"},"query-input":{"@type":"PropertyValueSpecification","valueRequired":true,"valueName":"search_term_string"}}],"inLanguage":"es"},{"@type":"Person","@id":"https:\/\/interamerica.org\/es\/#\/schema\/person\/29998f2bc2d8bd0d38662909289b54f1","name":"libna","image":{"@type":"ImageObject","inLanguage":"es","@id":"https:\/\/secure.gravatar.com\/avatar\/7c5bd30ae4b47a9ba3c856590957fd1d96dc588bf3ac05719d247e126840331f?s=96&d=mm&r=g","url":"https:\/\/secure.gravatar.com\/avatar\/7c5bd30ae4b47a9ba3c856590957fd1d96dc588bf3ac05719d247e126840331f?s=96&d=mm&r=g","contentUrl":"https:\/\/secure.gravatar.com\/avatar\/7c5bd30ae4b47a9ba3c856590957fd1d96dc588bf3ac05719d247e126840331f?s=96&d=mm&r=g","caption":"libna"}}]}},"_links":{"self":[{"href":"https:\/\/interamerica.org\/es\/wp-json\/wp\/v2\/posts\/133847","targetHints":{"allow":["GET"]}}],"collection":[{"href":"https:\/\/interamerica.org\/es\/wp-json\/wp\/v2\/posts"}],"about":[{"href":"https:\/\/interamerica.org\/es\/wp-json\/wp\/v2\/types\/post"}],"author":[{"embeddable":true,"href":"https:\/\/interamerica.org\/es\/wp-json\/wp\/v2\/users\/3"}],"replies":[{"embeddable":true,"href":"https:\/\/interamerica.org\/es\/wp-json\/wp\/v2\/comments?post=133847"}],"version-history":[{"count":4,"href":"https:\/\/interamerica.org\/es\/wp-json\/wp\/v2\/posts\/133847\/revisions"}],"predecessor-version":[{"id":134511,"href":"https:\/\/interamerica.org\/es\/wp-json\/wp\/v2\/posts\/133847\/revisions\/134511"}],"wp:featuredmedia":[{"embeddable":true,"href":"https:\/\/interamerica.org\/es\/wp-json\/wp\/v2\/media\/133813"}],"wp:attachment":[{"href":"https:\/\/interamerica.org\/es\/wp-json\/wp\/v2\/media?parent=133847"}],"wp:term":[{"taxonomy":"category","embeddable":true,"href":"https:\/\/interamerica.org\/es\/wp-json\/wp\/v2\/categories?post=133847"},{"taxonomy":"post_tag","embeddable":true,"href":"https:\/\/interamerica.org\/es\/wp-json\/wp\/v2\/tags?post=133847"}],"curies":[{"name":"wp","href":"https:\/\/api.w.org\/{rel}","templated":true}]}}