{"id":134021,"date":"2025-09-30T18:09:09","date_gmt":"2025-09-30T22:09:09","guid":{"rendered":"https:\/\/interamerica.org\/?p=134021"},"modified":"2025-10-01T18:49:07","modified_gmt":"2025-10-01T22:49:07","slug":"conquistadores-de-haiti-celebran-el-dia-mundial-de-los-conquistadores-con-un-culto-en-la-calle-y-bautismos","status":"publish","type":"post","link":"https:\/\/interamerica.org\/es\/2025\/09\/conquistadores-de-haiti-celebran-el-dia-mundial-de-los-conquistadores-con-un-culto-en-la-calle-y-bautismos\/","title":{"rendered":"Conquistadores de Hait\u00ed celebran el D\u00eda Mundial de los Conquistadores con un culto en la calle y bautismos"},"content":{"rendered":"<p><div id=\"attachment_133990\" style=\"width: 979px\" class=\"wp-caption aligncenter\"><img fetchpriority=\"high\" decoding=\"async\" aria-describedby=\"caption-attachment-133990\" class=\" wp-image-133988\" src=\"https:\/\/interamerica.org\/wp-content\/uploads\/2025\/09\/haiti-scarfweek-2025-img-9415.jpg\" alt=\"\" width=\"969\" height=\"646\" srcset=\"https:\/\/interamerica.org\/wp-content\/uploads\/2025\/09\/haiti-scarfweek-2025-img-9415.jpg 1000w, https:\/\/interamerica.org\/wp-content\/uploads\/2025\/09\/haiti-scarfweek-2025-img-9415-300x200.jpg 300w, https:\/\/interamerica.org\/wp-content\/uploads\/2025\/09\/haiti-scarfweek-2025-img-9415-768x512.jpg 768w\" sizes=\"(max-width: 969px) 100vw, 969px\" \/><p id=\"caption-attachment-133990\" class=\"wp-caption-text\">Conquistadores marchan por las calles de P\u00e9tion-Ville, Carrefour, Hait\u00ed, durante el D\u00eda Mundial de los Conquistadores, el 20 de septiembre de 2025. [Fotograf\u00eda: Uni\u00f3n Haitiana]<\/p><\/div><em>A pesar de las crisis actuales en el pa\u00eds, los j\u00f3venes participan de la Semana del Pa\u00f1uelo, las limpiezas, la distribuci\u00f3n de ayuda y el testimonio p\u00fablico.<\/em><\/p>\n<p>30 de septiembre de 2025 | Carrefour, Hait\u00ed | Jean Carmy F\u00e9lixon<\/p>\n<p>En medio de la continua inestabilidad que hay en Hait\u00ed, los Conquistadores Adventistas del S\u00e9ptimo D\u00eda llenaron las calles y vecindarios de Hait\u00ed para el D\u00eda Mundial de los Conquistadores el s\u00e1bado 20 de septiembre, combinando la celebraci\u00f3n con el servicio comunitario. La Semana del Pa\u00f1uelo en todo el mundo moviliz\u00f3 a los clubes con desaf\u00edos diarios y espec\u00edficos: limpiezas, servicios a los vecinos y distribuci\u00f3n de \u00fatiles escolares y kits de alimentos.<\/p>\n<p>\u201cEl objetivo es involucrar a los Conquistadores de manera tangible en la misi\u00f3n de la iglesia y mostrar amor por los dem\u00e1s por medio del ejemplo\u201d, dijo el pastor G\u00e9rald Jean, director de ministerios juveniles de la Uni\u00f3n Haitiana. Agreg\u00f3 que el servicio pr\u00e1ctico profundiza el sentido de llamado y la conexi\u00f3n de los j\u00f3venes con sus congregaciones.<\/p>\n<p><div id=\"attachment_133981\" style=\"width: 610px\" class=\"wp-caption aligncenter\"><img decoding=\"async\" aria-describedby=\"caption-attachment-133981\" class=\"size-full wp-image-133979\" src=\"https:\/\/interamerica.org\/wp-content\/uploads\/2025\/09\/haitian-march-scarfweek2025-vertical.jpg\" alt=\"\" width=\"600\" height=\"900\" srcset=\"https:\/\/interamerica.org\/wp-content\/uploads\/2025\/09\/haitian-march-scarfweek2025-vertical.jpg 600w, https:\/\/interamerica.org\/wp-content\/uploads\/2025\/09\/haitian-march-scarfweek2025-vertical-200x300.jpg 200w\" sizes=\"(max-width: 600px) 100vw, 600px\" \/><p id=\"caption-attachment-133981\" class=\"wp-caption-text\">Cientos de Conquistadores en uniforme llenaron las calles de P\u00e9tion-Ville, Carrefour, Hait\u00ed, durante una marcha del D\u00eda Mundial de los Conquistadores el 20 de septiembre de 2025. [Fotograf\u00eda: Uni\u00f3n Haitiana]<\/p><\/div>Las celebraciones culminaron con m\u00e1s de 50 bautismos ese d\u00eda s\u00e1bado, mientras que miles marcharon por las calles de la ciudad llevando mensajes de esperanza. La Uni\u00f3n Haitiana tambi\u00e9n organiz\u00f3 la final de Conexi\u00f3n B\u00edblica del campo ese mismo d\u00eda, reforzando el estudio de las Escrituras como un n\u00facleo en la vida de los Conquistadores.<\/p>\n<p>En la Iglesia Adventista Hermon en Carrefour, los l\u00edderes estrenaron un cortometraje que retrata a los Conquistadores que enfrentan los desaf\u00edos actuales con fe y servicio. La directora Kelly Leconte dijo que el proyecto tiene por objetivo dejar una impresi\u00f3n duradera de que el testimonio tiene que ser vivido, mediante el amor, la hospitalidad, la fe y la bondad, m\u00e1s all\u00e1 de las meras palabras.<\/p>\n<p><div id=\"attachment_133984\" style=\"width: 941px\" class=\"wp-caption aligncenter\"><img decoding=\"async\" aria-describedby=\"caption-attachment-133984\" class=\" wp-image-133982\" src=\"https:\/\/interamerica.org\/wp-content\/uploads\/2025\/09\/haiti-union-inattention2-25.jpg\" alt=\"\" width=\"931\" height=\"621\" srcset=\"https:\/\/interamerica.org\/wp-content\/uploads\/2025\/09\/haiti-union-inattention2-25.jpg 1000w, https:\/\/interamerica.org\/wp-content\/uploads\/2025\/09\/haiti-union-inattention2-25-300x200.jpg 300w, https:\/\/interamerica.org\/wp-content\/uploads\/2025\/09\/haiti-union-inattention2-25-768x512.jpg 768w\" sizes=\"(max-width: 931px) 100vw, 931px\" \/><p id=\"caption-attachment-133984\" class=\"wp-caption-text\">Los Conquistadores posan en posici\u00f3n de firmes durante las ceremonias del D\u00eda Mundial de los Conquistadores en el Lyc\u00e9e National de P\u00e9tion-Ville en P\u00e9tion-Ville, Hait\u00ed, el 20 de septiembre de 2025. [Fotograf\u00eda: Uni\u00f3n Haitiana]<\/p><\/div>Pierre Caporal, expresidente de la Uni\u00f3n Haitiana y ahora secretario ejecutivo de la Divisi\u00f3n Interamericana, se\u00f1al\u00f3 que la participaci\u00f3n subray\u00f3 la resiliencia de los j\u00f3venes de Hait\u00ed. Dijo que la voluntad de los Conquistadores de ponerse sus pa\u00f1uelos, organizar proyectos de servicio y marchar p\u00fablicamente, incluso ahora, habla de una fe firme y una presencia constructiva en sus comunidades.<\/p>\n<p>Los l\u00edderes de toda la uni\u00f3n esperan que el impulso contin\u00fae, reviviendo el esp\u00edritu del club, alimentando el evangelismo de grupos peque\u00f1os y manteniendo a las congregaciones estrechamente comprometidas con sus vecindarios en las pr\u00f3ximas semanas.<\/p>\n<p><div id=\"attachment_133997\" style=\"width: 610px\" class=\"wp-caption aligncenter\"><img loading=\"lazy\" decoding=\"async\" aria-describedby=\"caption-attachment-133997\" class=\"size-full wp-image-133995\" src=\"https:\/\/interamerica.org\/wp-content\/uploads\/2025\/09\/temple-adventiste-horeb-de-port-au-prince.jpg\" alt=\"\" width=\"600\" height=\"857\" srcset=\"https:\/\/interamerica.org\/wp-content\/uploads\/2025\/09\/temple-adventiste-horeb-de-port-au-prince.jpg 600w, https:\/\/interamerica.org\/wp-content\/uploads\/2025\/09\/temple-adventiste-horeb-de-port-au-prince-210x300.jpg 210w\" sizes=\"(max-width: 600px) 100vw, 600px\" \/><p id=\"caption-attachment-133997\" class=\"wp-caption-text\">Algunos conquistadores del Templo Adventista Horeb en Puerto Pr\u00edncipe son bautizados el 20 de septiembre de 2025. [Fotograf\u00eda: Templo Adventista Horeb]<\/p><\/div>Las actividades de seguimiento incluyen d\u00edas adicionales de servicio comunitario, estudio b\u00edblico continuo para nuevos creyentes y la tutor\u00eda del club que los j\u00f3venes se mantengan activos y sigan creciendo de manera segura.<\/p>\n<p>Traducci\u00f3n de Marcos Paseggi<\/p>\n","protected":false},"excerpt":{"rendered":"<p>A pesar de las crisis actuales en el pa\u00eds, los j\u00f3venes participan de la Semana del Pa\u00f1uelo, las limpiezas, la distribuci\u00f3n de ayuda y el testimonio p\u00fablico. 30 de septiembre&#8230;<\/p>\n","protected":false},"author":3,"featured_media":133990,"comment_status":"closed","ping_status":"closed","sticky":false,"template":"","format":"standard","meta":{"_acf_changed":false,"footnotes":""},"categories":[17,15],"tags":[],"class_list":["post-134021","post","type-post","status-publish","format-standard","has-post-thumbnail","hentry","category-desde-el-campo","category-rss-espanol"],"acf":[],"yoast_head":"<!-- This site is optimized with the Yoast SEO plugin v27.3 - https:\/\/yoast.com\/product\/yoast-seo-wordpress\/ -->\n<title>Conquistadores de Hait\u00ed celebran el D\u00eda Mundial de los Conquistadores con un culto en la calle y bautismos - Iglesia Adventista del S\u00e9ptimo D\u00eda - Divisi\u00f3n Interamericana<\/title>\n<meta name=\"robots\" content=\"index, follow, max-snippet:-1, max-image-preview:large, max-video-preview:-1\" \/>\n<link rel=\"canonical\" href=\"https:\/\/interamerica.org\/es\/2025\/09\/conquistadores-de-haiti-celebran-el-dia-mundial-de-los-conquistadores-con-un-culto-en-la-calle-y-bautismos\/\" \/>\n<meta property=\"og:locale\" content=\"es_ES\" \/>\n<meta property=\"og:type\" content=\"article\" \/>\n<meta property=\"og:title\" content=\"Conquistadores de Hait\u00ed celebran el D\u00eda Mundial de los Conquistadores con un culto en la calle y bautismos - Iglesia Adventista del S\u00e9ptimo D\u00eda - Divisi\u00f3n Interamericana\" \/>\n<meta property=\"og:description\" content=\"A pesar de las crisis actuales en el pa\u00eds, los j\u00f3venes participan de la Semana del Pa\u00f1uelo, las limpiezas, la distribuci\u00f3n de ayuda y el testimonio p\u00fablico. 30 de septiembre...\" \/>\n<meta property=\"og:url\" content=\"https:\/\/interamerica.org\/es\/2025\/09\/conquistadores-de-haiti-celebran-el-dia-mundial-de-los-conquistadores-con-un-culto-en-la-calle-y-bautismos\/\" \/>\n<meta property=\"og:site_name\" content=\"Iglesia Adventista del S\u00e9ptimo D\u00eda - Divisi\u00f3n Interamericana\" \/>\n<meta property=\"article:published_time\" content=\"2025-09-30T22:09:09+00:00\" \/>\n<meta property=\"article:modified_time\" content=\"2025-10-01T22:49:07+00:00\" \/>\n<meta property=\"og:image\" content=\"https:\/\/interamerica.org\/wp-content\/uploads\/2025\/09\/haiti-scarfweek-2025-img-9415.jpg\" \/>\n\t<meta property=\"og:image:width\" content=\"1000\" \/>\n\t<meta property=\"og:image:height\" content=\"667\" \/>\n\t<meta property=\"og:image:type\" content=\"image\/jpeg\" \/>\n<meta name=\"author\" content=\"libna\" \/>\n<meta name=\"twitter:card\" content=\"summary_large_image\" \/>\n<meta name=\"twitter:label1\" content=\"Escrito por\" \/>\n\t<meta name=\"twitter:data1\" content=\"libna\" \/>\n\t<meta name=\"twitter:label2\" content=\"Tiempo de lectura\" \/>\n\t<meta name=\"twitter:data2\" content=\"4 minutos\" \/>\n<script type=\"application\/ld+json\" class=\"yoast-schema-graph\">{\"@context\":\"https:\\\/\\\/schema.org\",\"@graph\":[{\"@type\":\"Article\",\"@id\":\"https:\\\/\\\/interamerica.org\\\/es\\\/2025\\\/09\\\/conquistadores-de-haiti-celebran-el-dia-mundial-de-los-conquistadores-con-un-culto-en-la-calle-y-bautismos\\\/#article\",\"isPartOf\":{\"@id\":\"https:\\\/\\\/interamerica.org\\\/es\\\/2025\\\/09\\\/conquistadores-de-haiti-celebran-el-dia-mundial-de-los-conquistadores-con-un-culto-en-la-calle-y-bautismos\\\/\"},\"author\":{\"name\":\"libna\",\"@id\":\"https:\\\/\\\/interamerica.org\\\/es\\\/#\\\/schema\\\/person\\\/29998f2bc2d8bd0d38662909289b54f1\"},\"headline\":\"Conquistadores de Hait\u00ed celebran el D\u00eda Mundial de los Conquistadores con un culto en la calle y bautismos\",\"datePublished\":\"2025-09-30T22:09:09+00:00\",\"dateModified\":\"2025-10-01T22:49:07+00:00\",\"mainEntityOfPage\":{\"@id\":\"https:\\\/\\\/interamerica.org\\\/es\\\/2025\\\/09\\\/conquistadores-de-haiti-celebran-el-dia-mundial-de-los-conquistadores-con-un-culto-en-la-calle-y-bautismos\\\/\"},\"wordCount\":635,\"image\":{\"@id\":\"https:\\\/\\\/interamerica.org\\\/es\\\/2025\\\/09\\\/conquistadores-de-haiti-celebran-el-dia-mundial-de-los-conquistadores-con-un-culto-en-la-calle-y-bautismos\\\/#primaryimage\"},\"thumbnailUrl\":\"https:\\\/\\\/interamerica.org\\\/wp-content\\\/uploads\\\/2025\\\/09\\\/haiti-scarfweek-2025-img-9415.jpg\",\"articleSection\":[\"Desde el campo\",\"RSS Espa\u00f1ol\"],\"inLanguage\":\"es\"},{\"@type\":\"WebPage\",\"@id\":\"https:\\\/\\\/interamerica.org\\\/es\\\/2025\\\/09\\\/conquistadores-de-haiti-celebran-el-dia-mundial-de-los-conquistadores-con-un-culto-en-la-calle-y-bautismos\\\/\",\"url\":\"https:\\\/\\\/interamerica.org\\\/es\\\/2025\\\/09\\\/conquistadores-de-haiti-celebran-el-dia-mundial-de-los-conquistadores-con-un-culto-en-la-calle-y-bautismos\\\/\",\"name\":\"Conquistadores de Hait\u00ed celebran el D\u00eda Mundial de los Conquistadores con un culto en la calle y bautismos - Iglesia Adventista del S\u00e9ptimo D\u00eda - Divisi\u00f3n Interamericana\",\"isPartOf\":{\"@id\":\"https:\\\/\\\/interamerica.org\\\/es\\\/#website\"},\"primaryImageOfPage\":{\"@id\":\"https:\\\/\\\/interamerica.org\\\/es\\\/2025\\\/09\\\/conquistadores-de-haiti-celebran-el-dia-mundial-de-los-conquistadores-con-un-culto-en-la-calle-y-bautismos\\\/#primaryimage\"},\"image\":{\"@id\":\"https:\\\/\\\/interamerica.org\\\/es\\\/2025\\\/09\\\/conquistadores-de-haiti-celebran-el-dia-mundial-de-los-conquistadores-con-un-culto-en-la-calle-y-bautismos\\\/#primaryimage\"},\"thumbnailUrl\":\"https:\\\/\\\/interamerica.org\\\/wp-content\\\/uploads\\\/2025\\\/09\\\/haiti-scarfweek-2025-img-9415.jpg\",\"datePublished\":\"2025-09-30T22:09:09+00:00\",\"dateModified\":\"2025-10-01T22:49:07+00:00\",\"author\":{\"@id\":\"https:\\\/\\\/interamerica.org\\\/es\\\/#\\\/schema\\\/person\\\/29998f2bc2d8bd0d38662909289b54f1\"},\"breadcrumb\":{\"@id\":\"https:\\\/\\\/interamerica.org\\\/es\\\/2025\\\/09\\\/conquistadores-de-haiti-celebran-el-dia-mundial-de-los-conquistadores-con-un-culto-en-la-calle-y-bautismos\\\/#breadcrumb\"},\"inLanguage\":\"es\",\"potentialAction\":[{\"@type\":\"ReadAction\",\"target\":[\"https:\\\/\\\/interamerica.org\\\/es\\\/2025\\\/09\\\/conquistadores-de-haiti-celebran-el-dia-mundial-de-los-conquistadores-con-un-culto-en-la-calle-y-bautismos\\\/\"]}]},{\"@type\":\"ImageObject\",\"inLanguage\":\"es\",\"@id\":\"https:\\\/\\\/interamerica.org\\\/es\\\/2025\\\/09\\\/conquistadores-de-haiti-celebran-el-dia-mundial-de-los-conquistadores-con-un-culto-en-la-calle-y-bautismos\\\/#primaryimage\",\"url\":\"https:\\\/\\\/interamerica.org\\\/wp-content\\\/uploads\\\/2025\\\/09\\\/haiti-scarfweek-2025-img-9415.jpg\",\"contentUrl\":\"https:\\\/\\\/interamerica.org\\\/wp-content\\\/uploads\\\/2025\\\/09\\\/haiti-scarfweek-2025-img-9415.jpg\",\"width\":1000,\"height\":667,\"caption\":\"[Photo: Haitian Union]\"},{\"@type\":\"BreadcrumbList\",\"@id\":\"https:\\\/\\\/interamerica.org\\\/es\\\/2025\\\/09\\\/conquistadores-de-haiti-celebran-el-dia-mundial-de-los-conquistadores-con-un-culto-en-la-calle-y-bautismos\\\/#breadcrumb\",\"itemListElement\":[{\"@type\":\"ListItem\",\"position\":1,\"name\":\"Home\",\"item\":\"https:\\\/\\\/interamerica.org\\\/es\\\/\"},{\"@type\":\"ListItem\",\"position\":2,\"name\":\"Conquistadores de Hait\u00ed celebran el D\u00eda Mundial de los Conquistadores con un culto en la calle y bautismos\"}]},{\"@type\":\"WebSite\",\"@id\":\"https:\\\/\\\/interamerica.org\\\/es\\\/#website\",\"url\":\"https:\\\/\\\/interamerica.org\\\/es\\\/\",\"name\":\"Iglesia Adventista del S\u00e9ptimo D\u00eda - Divisi\u00f3n Interamericana\",\"description\":\"\",\"potentialAction\":[{\"@type\":\"SearchAction\",\"target\":{\"@type\":\"EntryPoint\",\"urlTemplate\":\"https:\\\/\\\/interamerica.org\\\/es\\\/?s={search_term_string}\"},\"query-input\":{\"@type\":\"PropertyValueSpecification\",\"valueRequired\":true,\"valueName\":\"search_term_string\"}}],\"inLanguage\":\"es\"},{\"@type\":\"Person\",\"@id\":\"https:\\\/\\\/interamerica.org\\\/es\\\/#\\\/schema\\\/person\\\/29998f2bc2d8bd0d38662909289b54f1\",\"name\":\"libna\",\"image\":{\"@type\":\"ImageObject\",\"inLanguage\":\"es\",\"@id\":\"https:\\\/\\\/secure.gravatar.com\\\/avatar\\\/7c5bd30ae4b47a9ba3c856590957fd1d96dc588bf3ac05719d247e126840331f?s=96&d=mm&r=g\",\"url\":\"https:\\\/\\\/secure.gravatar.com\\\/avatar\\\/7c5bd30ae4b47a9ba3c856590957fd1d96dc588bf3ac05719d247e126840331f?s=96&d=mm&r=g\",\"contentUrl\":\"https:\\\/\\\/secure.gravatar.com\\\/avatar\\\/7c5bd30ae4b47a9ba3c856590957fd1d96dc588bf3ac05719d247e126840331f?s=96&d=mm&r=g\",\"caption\":\"libna\"}}]}<\/script>\n<!-- \/ Yoast SEO plugin. -->","yoast_head_json":{"title":"Conquistadores de Hait\u00ed celebran el D\u00eda Mundial de los Conquistadores con un culto en la calle y bautismos - Iglesia Adventista del S\u00e9ptimo D\u00eda - Divisi\u00f3n Interamericana","robots":{"index":"index","follow":"follow","max-snippet":"max-snippet:-1","max-image-preview":"max-image-preview:large","max-video-preview":"max-video-preview:-1"},"canonical":"https:\/\/interamerica.org\/es\/2025\/09\/conquistadores-de-haiti-celebran-el-dia-mundial-de-los-conquistadores-con-un-culto-en-la-calle-y-bautismos\/","og_locale":"es_ES","og_type":"article","og_title":"Conquistadores de Hait\u00ed celebran el D\u00eda Mundial de los Conquistadores con un culto en la calle y bautismos - Iglesia Adventista del S\u00e9ptimo D\u00eda - Divisi\u00f3n Interamericana","og_description":"A pesar de las crisis actuales en el pa\u00eds, los j\u00f3venes participan de la Semana del Pa\u00f1uelo, las limpiezas, la distribuci\u00f3n de ayuda y el testimonio p\u00fablico. 30 de septiembre...","og_url":"https:\/\/interamerica.org\/es\/2025\/09\/conquistadores-de-haiti-celebran-el-dia-mundial-de-los-conquistadores-con-un-culto-en-la-calle-y-bautismos\/","og_site_name":"Iglesia Adventista del S\u00e9ptimo D\u00eda - Divisi\u00f3n Interamericana","article_published_time":"2025-09-30T22:09:09+00:00","article_modified_time":"2025-10-01T22:49:07+00:00","og_image":[{"width":1000,"height":667,"url":"https:\/\/interamerica.org\/wp-content\/uploads\/2025\/09\/haiti-scarfweek-2025-img-9415.jpg","type":"image\/jpeg"}],"author":"libna","twitter_card":"summary_large_image","twitter_misc":{"Escrito por":"libna","Tiempo de lectura":"4 minutos"},"schema":{"@context":"https:\/\/schema.org","@graph":[{"@type":"Article","@id":"https:\/\/interamerica.org\/es\/2025\/09\/conquistadores-de-haiti-celebran-el-dia-mundial-de-los-conquistadores-con-un-culto-en-la-calle-y-bautismos\/#article","isPartOf":{"@id":"https:\/\/interamerica.org\/es\/2025\/09\/conquistadores-de-haiti-celebran-el-dia-mundial-de-los-conquistadores-con-un-culto-en-la-calle-y-bautismos\/"},"author":{"name":"libna","@id":"https:\/\/interamerica.org\/es\/#\/schema\/person\/29998f2bc2d8bd0d38662909289b54f1"},"headline":"Conquistadores de Hait\u00ed celebran el D\u00eda Mundial de los Conquistadores con un culto en la calle y bautismos","datePublished":"2025-09-30T22:09:09+00:00","dateModified":"2025-10-01T22:49:07+00:00","mainEntityOfPage":{"@id":"https:\/\/interamerica.org\/es\/2025\/09\/conquistadores-de-haiti-celebran-el-dia-mundial-de-los-conquistadores-con-un-culto-en-la-calle-y-bautismos\/"},"wordCount":635,"image":{"@id":"https:\/\/interamerica.org\/es\/2025\/09\/conquistadores-de-haiti-celebran-el-dia-mundial-de-los-conquistadores-con-un-culto-en-la-calle-y-bautismos\/#primaryimage"},"thumbnailUrl":"https:\/\/interamerica.org\/wp-content\/uploads\/2025\/09\/haiti-scarfweek-2025-img-9415.jpg","articleSection":["Desde el campo","RSS Espa\u00f1ol"],"inLanguage":"es"},{"@type":"WebPage","@id":"https:\/\/interamerica.org\/es\/2025\/09\/conquistadores-de-haiti-celebran-el-dia-mundial-de-los-conquistadores-con-un-culto-en-la-calle-y-bautismos\/","url":"https:\/\/interamerica.org\/es\/2025\/09\/conquistadores-de-haiti-celebran-el-dia-mundial-de-los-conquistadores-con-un-culto-en-la-calle-y-bautismos\/","name":"Conquistadores de Hait\u00ed celebran el D\u00eda Mundial de los Conquistadores con un culto en la calle y bautismos - Iglesia Adventista del S\u00e9ptimo D\u00eda - Divisi\u00f3n Interamericana","isPartOf":{"@id":"https:\/\/interamerica.org\/es\/#website"},"primaryImageOfPage":{"@id":"https:\/\/interamerica.org\/es\/2025\/09\/conquistadores-de-haiti-celebran-el-dia-mundial-de-los-conquistadores-con-un-culto-en-la-calle-y-bautismos\/#primaryimage"},"image":{"@id":"https:\/\/interamerica.org\/es\/2025\/09\/conquistadores-de-haiti-celebran-el-dia-mundial-de-los-conquistadores-con-un-culto-en-la-calle-y-bautismos\/#primaryimage"},"thumbnailUrl":"https:\/\/interamerica.org\/wp-content\/uploads\/2025\/09\/haiti-scarfweek-2025-img-9415.jpg","datePublished":"2025-09-30T22:09:09+00:00","dateModified":"2025-10-01T22:49:07+00:00","author":{"@id":"https:\/\/interamerica.org\/es\/#\/schema\/person\/29998f2bc2d8bd0d38662909289b54f1"},"breadcrumb":{"@id":"https:\/\/interamerica.org\/es\/2025\/09\/conquistadores-de-haiti-celebran-el-dia-mundial-de-los-conquistadores-con-un-culto-en-la-calle-y-bautismos\/#breadcrumb"},"inLanguage":"es","potentialAction":[{"@type":"ReadAction","target":["https:\/\/interamerica.org\/es\/2025\/09\/conquistadores-de-haiti-celebran-el-dia-mundial-de-los-conquistadores-con-un-culto-en-la-calle-y-bautismos\/"]}]},{"@type":"ImageObject","inLanguage":"es","@id":"https:\/\/interamerica.org\/es\/2025\/09\/conquistadores-de-haiti-celebran-el-dia-mundial-de-los-conquistadores-con-un-culto-en-la-calle-y-bautismos\/#primaryimage","url":"https:\/\/interamerica.org\/wp-content\/uploads\/2025\/09\/haiti-scarfweek-2025-img-9415.jpg","contentUrl":"https:\/\/interamerica.org\/wp-content\/uploads\/2025\/09\/haiti-scarfweek-2025-img-9415.jpg","width":1000,"height":667,"caption":"[Photo: Haitian Union]"},{"@type":"BreadcrumbList","@id":"https:\/\/interamerica.org\/es\/2025\/09\/conquistadores-de-haiti-celebran-el-dia-mundial-de-los-conquistadores-con-un-culto-en-la-calle-y-bautismos\/#breadcrumb","itemListElement":[{"@type":"ListItem","position":1,"name":"Home","item":"https:\/\/interamerica.org\/es\/"},{"@type":"ListItem","position":2,"name":"Conquistadores de Hait\u00ed celebran el D\u00eda Mundial de los Conquistadores con un culto en la calle y bautismos"}]},{"@type":"WebSite","@id":"https:\/\/interamerica.org\/es\/#website","url":"https:\/\/interamerica.org\/es\/","name":"Iglesia Adventista del S\u00e9ptimo D\u00eda - Divisi\u00f3n Interamericana","description":"","potentialAction":[{"@type":"SearchAction","target":{"@type":"EntryPoint","urlTemplate":"https:\/\/interamerica.org\/es\/?s={search_term_string}"},"query-input":{"@type":"PropertyValueSpecification","valueRequired":true,"valueName":"search_term_string"}}],"inLanguage":"es"},{"@type":"Person","@id":"https:\/\/interamerica.org\/es\/#\/schema\/person\/29998f2bc2d8bd0d38662909289b54f1","name":"libna","image":{"@type":"ImageObject","inLanguage":"es","@id":"https:\/\/secure.gravatar.com\/avatar\/7c5bd30ae4b47a9ba3c856590957fd1d96dc588bf3ac05719d247e126840331f?s=96&d=mm&r=g","url":"https:\/\/secure.gravatar.com\/avatar\/7c5bd30ae4b47a9ba3c856590957fd1d96dc588bf3ac05719d247e126840331f?s=96&d=mm&r=g","contentUrl":"https:\/\/secure.gravatar.com\/avatar\/7c5bd30ae4b47a9ba3c856590957fd1d96dc588bf3ac05719d247e126840331f?s=96&d=mm&r=g","caption":"libna"}}]}},"_links":{"self":[{"href":"https:\/\/interamerica.org\/es\/wp-json\/wp\/v2\/posts\/134021","targetHints":{"allow":["GET"]}}],"collection":[{"href":"https:\/\/interamerica.org\/es\/wp-json\/wp\/v2\/posts"}],"about":[{"href":"https:\/\/interamerica.org\/es\/wp-json\/wp\/v2\/types\/post"}],"author":[{"embeddable":true,"href":"https:\/\/interamerica.org\/es\/wp-json\/wp\/v2\/users\/3"}],"replies":[{"embeddable":true,"href":"https:\/\/interamerica.org\/es\/wp-json\/wp\/v2\/comments?post=134021"}],"version-history":[{"count":1,"href":"https:\/\/interamerica.org\/es\/wp-json\/wp\/v2\/posts\/134021\/revisions"}],"predecessor-version":[{"id":134064,"href":"https:\/\/interamerica.org\/es\/wp-json\/wp\/v2\/posts\/134021\/revisions\/134064"}],"wp:featuredmedia":[{"embeddable":true,"href":"https:\/\/interamerica.org\/es\/wp-json\/wp\/v2\/media\/133990"}],"wp:attachment":[{"href":"https:\/\/interamerica.org\/es\/wp-json\/wp\/v2\/media?parent=134021"}],"wp:term":[{"taxonomy":"category","embeddable":true,"href":"https:\/\/interamerica.org\/es\/wp-json\/wp\/v2\/categories?post=134021"},{"taxonomy":"post_tag","embeddable":true,"href":"https:\/\/interamerica.org\/es\/wp-json\/wp\/v2\/tags?post=134021"}],"curies":[{"name":"wp","href":"https:\/\/api.w.org\/{rel}","templated":true}]}}